{"id":45106,"date":"2022-12-29T09:35:25","date_gmt":"2022-12-29T12:35:25","guid":{"rendered":"https:\/\/noticiasemdestaque.com\/cd\/?p=45106"},"modified":"2022-12-29T09:35:25","modified_gmt":"2022-12-29T12:35:25","slug":"reveillon-deve-ser-debaixo-de-chuva-em-joao-pessoa-e-no-restante-do-pais","status":"publish","type":"post","link":"https:\/\/noticiasemdestaque.com\/cd\/?p=45106","title":{"rendered":"R\u00e9veillon deve ser debaixo de chuva em Jo\u00e3o Pessoa e no restante do pa\u00eds"},"content":{"rendered":"<p><a href=\"https:\/\/noticiasemdestaque.com\/cd\/wp-content\/uploads\/2022\/12\/Reveillon-deve-ser-debaixo-de-chuva-em-Joao-Pessoa-e-no-restante-do-pais.jpg\"><img fetchpriority=\"high\" decoding=\"async\" class=\"alignnone  wp-image-45107\" src=\"https:\/\/noticiasemdestaque.com\/cd\/wp-content\/uploads\/2022\/12\/Reveillon-deve-ser-debaixo-de-chuva-em-Joao-Pessoa-e-no-restante-do-pais-300x200.jpg\" alt=\"\" width=\"1056\" height=\"704\" srcset=\"https:\/\/noticiasemdestaque.com\/cd\/wp-content\/uploads\/2022\/12\/Reveillon-deve-ser-debaixo-de-chuva-em-Joao-Pessoa-e-no-restante-do-pais-300x200.jpg 300w, https:\/\/noticiasemdestaque.com\/cd\/wp-content\/uploads\/2022\/12\/Reveillon-deve-ser-debaixo-de-chuva-em-Joao-Pessoa-e-no-restante-do-pais-768x512.jpg 768w, https:\/\/noticiasemdestaque.com\/cd\/wp-content\/uploads\/2022\/12\/Reveillon-deve-ser-debaixo-de-chuva-em-Joao-Pessoa-e-no-restante-do-pais-18x12.jpg 18w, https:\/\/noticiasemdestaque.com\/cd\/wp-content\/uploads\/2022\/12\/Reveillon-deve-ser-debaixo-de-chuva-em-Joao-Pessoa-e-no-restante-do-pais.jpg 800w\" sizes=\"(max-width: 1056px) 100vw, 1056px\" \/><\/a><\/p>\n<p>As festas de R\u00e9veillon devem ser realizadas com muita chuva na maior parte do pa\u00eds. As condi\u00e7\u00f5es clim\u00e1ticas para essa \u00faltima semana do ano propiciam a forma\u00e7\u00e3o de nuvens carregadas e pancadas de chuva em quase todo o Brasil, de acordo com dados analisados pelo Climatempo. No Nordeste, a previs\u00e3o \u00e9 de precipita\u00e7\u00e3o fraca em alguns estados, junto com muito calor e umidade, fazendo o momento da virada em Aracaju, Jo\u00e3o Pessoa, Natal, Recife e Salvador ser debaixo de chuva.<\/p>\n<p>Isso deve ocorrer por conta de um fen\u00f4meno chamado Zona de Converg\u00eancia do Atl\u00e2ntico Sul, um momento na atmosfera onde h\u00e1 uma combina\u00e7\u00e3o de circula\u00e7\u00e3o de ventos em v\u00e1rios n\u00edveis que for\u00e7a uma concentra\u00e7\u00e3o de ar \u00famido em uma determinada regi\u00e3o.<\/p>\n<p>A partir desta quarta-feira (28), deve haver concentra\u00e7\u00e3o de nuvens no norte e leste de S\u00e3o Paulo, sul e centro-oeste de Minas Gerais e em todo o estado do Rio de Janeiro.<\/p>\n<p>A previs\u00e3o para os estados da regi\u00e3o Centro-Oeste \u00e9 de temperatura elevada e ventos \u00famidos, mas com pouca chance de chuva na madrugada. Os temporais devem ocorrer durante a tarde nos pr\u00f3ximos dias. No Norte, tamb\u00e9m tem previs\u00e3o de muito calor, mas com chuvas mais frequentes e de alto volume, principalmente no Acre, no Amazonas e em Rond\u00f4nia, por causa da forma\u00e7\u00e3o de um corredor de umidade.<\/p>\n<p>J\u00e1 no Sul, a passagem de uma frente fria deixa as temperaturas mais amenas no Paran\u00e1 e em Santa Catarina durante toda a semana. Perto da virada, deve haver chuvas mais fortes e h\u00e1 risco de alagamentos. O Rio Grande do Sul n\u00e3o deve ser atingido pela umidade e pode ter um r\u00e9veillon seco e quente.<\/p>\n<p><strong>Noticias em Destaque<\/strong><\/p>\n<p style=\"text-align: right;\"><em>Fonte: Politica JP<\/em><\/p>\n","protected":false},"excerpt":{"rendered":"<p>As festas de R\u00e9veillon devem ser realizadas com muita chuva na maior parte do pa\u00eds. As condi\u00e7\u00f5es clim\u00e1ticas para essa \u00faltima semana do ano propiciam a forma\u00e7\u00e3o de nuvens carregadas e pancadas de chuva em quase todo o Brasil, de acordo com dados analisados pelo Climatempo. No Nordeste, a previs\u00e3o \u00e9 de precipita\u00e7\u00e3o fraca em alguns estados, junto com muito calor e umidade, fazendo o momento da virada em Aracaju, Jo\u00e3o Pessoa, Natal, Recife e Salvador ser debaixo de chuva. Isso deve ocorrer por conta de um fen\u00f4meno chamado Zona de Converg\u00eancia do Atl\u00e2ntico Sul, um momento na atmosfera onde h\u00e1 uma combina\u00e7\u00e3o de circula\u00e7\u00e3o de ventos em v\u00e1rios n\u00edveis que for\u00e7a uma concentra\u00e7\u00e3o de ar \u00famido em uma determinada regi\u00e3o. A partir desta quarta-feira (28), deve haver concentra\u00e7\u00e3o de nuvens no norte e leste de S\u00e3o Paulo, sul e centro-oeste de Minas Gerais e em todo o estado do Rio de Janeiro. A previs\u00e3o para os estados da regi\u00e3o Centro-Oeste \u00e9 de temperatura elevada e ventos \u00famidos, mas com pouca chance de chuva na madrugada. Os temporais devem ocorrer durante a tarde nos pr\u00f3ximos dias. No Norte, tamb\u00e9m tem previs\u00e3o de muito calor, mas com chuvas mais frequentes e de alto volume, principalmente no Acre, no Amazonas e em Rond\u00f4nia, por causa da forma\u00e7\u00e3o de um corredor de umidade. J\u00e1 no Sul, a passagem de uma frente fria deixa as temperaturas mais amenas no Paran\u00e1 e em Santa Catarina durante toda a semana. Perto da virada, deve haver chuvas mais fortes e h\u00e1 risco de alagamentos. O Rio Grande do Sul n\u00e3o deve ser atingido pela umidade e pode ter um r\u00e9veillon seco e quente. Noticias em Destaque Fonte: Politica JP<\/p>\n","protected":false},"author":2,"featured_media":45107,"comment_status":"closed","ping_status":"open","sticky":false,"template":"","format":"standard","meta":{"_eb_attr":"","_jetpack_memberships_contains_paid_content":false,"footnotes":""},"categories":[12],"tags":[],"class_list":["post-45106","post","type-post","status-publish","format-standard","has-post-thumbnail","hentry","category-geral"],"yoast_head":"<!-- This site is optimized with the Yoast SEO plugin v26.5 - https:\/\/yoast.com\/wordpress\/plugins\/seo\/ -->\n<title>R\u00e9veillon deve ser debaixo de chuva em Jo\u00e3o Pessoa e no restante do pa\u00eds - Not&iacute;cias em Destaque<\/title>\n<meta name=\"robots\" content=\"index, follow, max-snippet:-1, max-image-preview:large, max-video-preview:-1\" \/>\n<link rel=\"canonical\" href=\"https:\/\/noticiasemdestaque.com\/cd\/?p=45106\" \/>\n<meta property=\"og:locale\" content=\"pt_BR\" \/>\n<meta property=\"og:type\" content=\"article\" \/>\n<meta property=\"og:title\" content=\"R\u00e9veillon deve ser debaixo de chuva em Jo\u00e3o Pessoa e no restante do pa\u00eds - Not&iacute;cias em Destaque\" \/>\n<meta property=\"og:description\" content=\"As festas de R\u00e9veillon devem ser realizadas com muita chuva na maior parte do pa\u00eds. As condi\u00e7\u00f5es clim\u00e1ticas para essa \u00faltima semana do ano propiciam a forma\u00e7\u00e3o de nuvens carregadas e pancadas de chuva em quase todo o Brasil, de acordo com dados analisados pelo Climatempo. No Nordeste, a previs\u00e3o \u00e9 de precipita\u00e7\u00e3o fraca em alguns estados, junto com muito calor e umidade, fazendo o momento da virada em Aracaju, Jo\u00e3o Pessoa, Natal, Recife e Salvador ser debaixo de chuva. Isso deve ocorrer por conta de um fen\u00f4meno chamado Zona de Converg\u00eancia do Atl\u00e2ntico Sul, um momento na atmosfera onde h\u00e1 uma combina\u00e7\u00e3o de circula\u00e7\u00e3o de ventos em v\u00e1rios n\u00edveis que for\u00e7a uma concentra\u00e7\u00e3o de ar \u00famido em uma determinada regi\u00e3o. A partir desta quarta-feira (28), deve haver concentra\u00e7\u00e3o de nuvens no norte e leste de S\u00e3o Paulo, sul e centro-oeste de Minas Gerais e em todo o estado do Rio de Janeiro. A previs\u00e3o para os estados da regi\u00e3o Centro-Oeste \u00e9 de temperatura elevada e ventos \u00famidos, mas com pouca chance de chuva na madrugada. Os temporais devem ocorrer durante a tarde nos pr\u00f3ximos dias. No Norte, tamb\u00e9m tem previs\u00e3o de muito calor, mas com chuvas mais frequentes e de alto volume, principalmente no Acre, no Amazonas e em Rond\u00f4nia, por causa da forma\u00e7\u00e3o de um corredor de umidade. J\u00e1 no Sul, a passagem de uma frente fria deixa as temperaturas mais amenas no Paran\u00e1 e em Santa Catarina durante toda a semana. Perto da virada, deve haver chuvas mais fortes e h\u00e1 risco de alagamentos. O Rio Grande do Sul n\u00e3o deve ser atingido pela umidade e pode ter um r\u00e9veillon seco e quente. Noticias em Destaque Fonte: Politica JP\" \/>\n<meta property=\"og:url\" content=\"https:\/\/noticiasemdestaque.com\/cd\/?p=45106\" \/>\n<meta property=\"og:site_name\" content=\"Not&iacute;cias em Destaque\" \/>\n<meta property=\"article:published_time\" content=\"2022-12-29T12:35:25+00:00\" \/>\n<meta property=\"og:image\" content=\"https:\/\/noticiasemdestaque.com\/cd\/wp-content\/uploads\/2022\/12\/Reveillon-deve-ser-debaixo-de-chuva-em-Joao-Pessoa-e-no-restante-do-pais.jpg\" \/>\n\t<meta property=\"og:image:width\" content=\"800\" \/>\n\t<meta property=\"og:image:height\" content=\"533\" \/>\n\t<meta property=\"og:image:type\" content=\"image\/jpeg\" \/>\n<meta name=\"author\" content=\"Not\u00edcias em Destaque\" \/>\n<meta name=\"twitter:card\" content=\"summary_large_image\" \/>\n<meta name=\"twitter:label1\" content=\"Escrito por\" \/>\n\t<meta name=\"twitter:data1\" content=\"Not\u00edcias em Destaque\" \/>\n\t<meta name=\"twitter:label2\" content=\"Est. tempo de leitura\" \/>\n\t<meta name=\"twitter:data2\" content=\"2 minutos\" \/>\n<script type=\"application\/ld+json\" class=\"yoast-schema-graph\">{\"@context\":\"https:\/\/schema.org\",\"@graph\":[{\"@type\":\"Article\",\"@id\":\"https:\/\/noticiasemdestaque.com\/cd\/?p=45106#article\",\"isPartOf\":{\"@id\":\"https:\/\/noticiasemdestaque.com\/cd\/?p=45106\"},\"author\":{\"name\":\"Not\u00edcias em Destaque\",\"@id\":\"https:\/\/noticiasemdestaque.com\/cd\/#\/schema\/person\/4a81fb71f77579d059c3045891fa1786\"},\"headline\":\"R\u00e9veillon deve ser debaixo de chuva em Jo\u00e3o Pessoa e no restante do pa\u00eds\",\"datePublished\":\"2022-12-29T12:35:25+00:00\",\"mainEntityOfPage\":{\"@id\":\"https:\/\/noticiasemdestaque.com\/cd\/?p=45106\"},\"wordCount\":325,\"publisher\":{\"@id\":\"https:\/\/noticiasemdestaque.com\/cd\/#organization\"},\"image\":{\"@id\":\"https:\/\/noticiasemdestaque.com\/cd\/?p=45106#primaryimage\"},\"thumbnailUrl\":\"https:\/\/noticiasemdestaque.com\/cd\/wp-content\/uploads\/2022\/12\/Reveillon-deve-ser-debaixo-de-chuva-em-Joao-Pessoa-e-no-restante-do-pais.jpg\",\"articleSection\":[\"Geral\"],\"inLanguage\":\"pt-BR\"},{\"@type\":\"WebPage\",\"@id\":\"https:\/\/noticiasemdestaque.com\/cd\/?p=45106\",\"url\":\"https:\/\/noticiasemdestaque.com\/cd\/?p=45106\",\"name\":\"R\u00e9veillon deve ser debaixo de chuva em Jo\u00e3o Pessoa e no restante do pa\u00eds - Not&iacute;cias em Destaque\",\"isPartOf\":{\"@id\":\"https:\/\/noticiasemdestaque.com\/cd\/#website\"},\"primaryImageOfPage\":{\"@id\":\"https:\/\/noticiasemdestaque.com\/cd\/?p=45106#primaryimage\"},\"image\":{\"@id\":\"https:\/\/noticiasemdestaque.com\/cd\/?p=45106#primaryimage\"},\"thumbnailUrl\":\"https:\/\/noticiasemdestaque.com\/cd\/wp-content\/uploads\/2022\/12\/Reveillon-deve-ser-debaixo-de-chuva-em-Joao-Pessoa-e-no-restante-do-pais.jpg\",\"datePublished\":\"2022-12-29T12:35:25+00:00\",\"breadcrumb\":{\"@id\":\"https:\/\/noticiasemdestaque.com\/cd\/?p=45106#breadcrumb\"},\"inLanguage\":\"pt-BR\",\"potentialAction\":[{\"@type\":\"ReadAction\",\"target\":[\"https:\/\/noticiasemdestaque.com\/cd\/?p=45106\"]}]},{\"@type\":\"ImageObject\",\"inLanguage\":\"pt-BR\",\"@id\":\"https:\/\/noticiasemdestaque.com\/cd\/?p=45106#primaryimage\",\"url\":\"https:\/\/noticiasemdestaque.com\/cd\/wp-content\/uploads\/2022\/12\/Reveillon-deve-ser-debaixo-de-chuva-em-Joao-Pessoa-e-no-restante-do-pais.jpg\",\"contentUrl\":\"https:\/\/noticiasemdestaque.com\/cd\/wp-content\/uploads\/2022\/12\/Reveillon-deve-ser-debaixo-de-chuva-em-Joao-Pessoa-e-no-restante-do-pais.jpg\",\"width\":800,\"height\":533},{\"@type\":\"BreadcrumbList\",\"@id\":\"https:\/\/noticiasemdestaque.com\/cd\/?p=45106#breadcrumb\",\"itemListElement\":[{\"@type\":\"ListItem\",\"position\":1,\"name\":\"In\u00edcio\",\"item\":\"https:\/\/noticiasemdestaque.com\/cd\/\"},{\"@type\":\"ListItem\",\"position\":2,\"name\":\"R\u00e9veillon deve ser debaixo de chuva em Jo\u00e3o Pessoa e no restante do pa\u00eds\"}]},{\"@type\":\"WebSite\",\"@id\":\"https:\/\/noticiasemdestaque.com\/cd\/#website\",\"url\":\"https:\/\/noticiasemdestaque.com\/cd\/\",\"name\":\"Not&iacute;cias em Destaque\",\"description\":\"\",\"publisher\":{\"@id\":\"https:\/\/noticiasemdestaque.com\/cd\/#organization\"},\"potentialAction\":[{\"@type\":\"SearchAction\",\"target\":{\"@type\":\"EntryPoint\",\"urlTemplate\":\"https:\/\/noticiasemdestaque.com\/cd\/?s={search_term_string}\"},\"query-input\":{\"@type\":\"PropertyValueSpecification\",\"valueRequired\":true,\"valueName\":\"search_term_string\"}}],\"inLanguage\":\"pt-BR\"},{\"@type\":\"Organization\",\"@id\":\"https:\/\/noticiasemdestaque.com\/cd\/#organization\",\"name\":\"Not\u00edcias em Destaque\",\"url\":\"https:\/\/noticiasemdestaque.com\/cd\/\",\"logo\":{\"@type\":\"ImageObject\",\"inLanguage\":\"pt-BR\",\"@id\":\"https:\/\/noticiasemdestaque.com\/cd\/#\/schema\/logo\/image\/\",\"url\":\"https:\/\/noticiasemdestaque.com\/cd\/wp-content\/uploads\/2022\/05\/imagem-base-noticiasemdestaque.png\",\"contentUrl\":\"https:\/\/noticiasemdestaque.com\/cd\/wp-content\/uploads\/2022\/05\/imagem-base-noticiasemdestaque.png\",\"width\":1200,\"height\":630,\"caption\":\"Not\u00edcias em Destaque\"},\"image\":{\"@id\":\"https:\/\/noticiasemdestaque.com\/cd\/#\/schema\/logo\/image\/\"}},{\"@type\":\"Person\",\"@id\":\"https:\/\/noticiasemdestaque.com\/cd\/#\/schema\/person\/4a81fb71f77579d059c3045891fa1786\",\"name\":\"Not\u00edcias em Destaque\",\"url\":\"https:\/\/noticiasemdestaque.com\/cd\/?author=2\"}]}<\/script>\n<!-- \/ Yoast SEO plugin. -->","yoast_head_json":{"title":"R\u00e9veillon deve ser debaixo de chuva em Jo\u00e3o Pessoa e no restante do pa\u00eds - Not&iacute;cias em Destaque","robots":{"index":"index","follow":"follow","max-snippet":"max-snippet:-1","max-image-preview":"max-image-preview:large","max-video-preview":"max-video-preview:-1"},"canonical":"https:\/\/noticiasemdestaque.com\/cd\/?p=45106","og_locale":"pt_BR","og_type":"article","og_title":"R\u00e9veillon deve ser debaixo de chuva em Jo\u00e3o Pessoa e no restante do pa\u00eds - Not&iacute;cias em Destaque","og_description":"As festas de R\u00e9veillon devem ser realizadas com muita chuva na maior parte do pa\u00eds. As condi\u00e7\u00f5es clim\u00e1ticas para essa \u00faltima semana do ano propiciam a forma\u00e7\u00e3o de nuvens carregadas e pancadas de chuva em quase todo o Brasil, de acordo com dados analisados pelo Climatempo. No Nordeste, a previs\u00e3o \u00e9 de precipita\u00e7\u00e3o fraca em alguns estados, junto com muito calor e umidade, fazendo o momento da virada em Aracaju, Jo\u00e3o Pessoa, Natal, Recife e Salvador ser debaixo de chuva. Isso deve ocorrer por conta de um fen\u00f4meno chamado Zona de Converg\u00eancia do Atl\u00e2ntico Sul, um momento na atmosfera onde h\u00e1 uma combina\u00e7\u00e3o de circula\u00e7\u00e3o de ventos em v\u00e1rios n\u00edveis que for\u00e7a uma concentra\u00e7\u00e3o de ar \u00famido em uma determinada regi\u00e3o. A partir desta quarta-feira (28), deve haver concentra\u00e7\u00e3o de nuvens no norte e leste de S\u00e3o Paulo, sul e centro-oeste de Minas Gerais e em todo o estado do Rio de Janeiro. A previs\u00e3o para os estados da regi\u00e3o Centro-Oeste \u00e9 de temperatura elevada e ventos \u00famidos, mas com pouca chance de chuva na madrugada. Os temporais devem ocorrer durante a tarde nos pr\u00f3ximos dias. No Norte, tamb\u00e9m tem previs\u00e3o de muito calor, mas com chuvas mais frequentes e de alto volume, principalmente no Acre, no Amazonas e em Rond\u00f4nia, por causa da forma\u00e7\u00e3o de um corredor de umidade. J\u00e1 no Sul, a passagem de uma frente fria deixa as temperaturas mais amenas no Paran\u00e1 e em Santa Catarina durante toda a semana. Perto da virada, deve haver chuvas mais fortes e h\u00e1 risco de alagamentos. O Rio Grande do Sul n\u00e3o deve ser atingido pela umidade e pode ter um r\u00e9veillon seco e quente. Noticias em Destaque Fonte: Politica JP","og_url":"https:\/\/noticiasemdestaque.com\/cd\/?p=45106","og_site_name":"Not&iacute;cias em Destaque","article_published_time":"2022-12-29T12:35:25+00:00","og_image":[{"width":800,"height":533,"url":"https:\/\/noticiasemdestaque.com\/cd\/wp-content\/uploads\/2022\/12\/Reveillon-deve-ser-debaixo-de-chuva-em-Joao-Pessoa-e-no-restante-do-pais.jpg","type":"image\/jpeg"}],"author":"Not\u00edcias em Destaque","twitter_card":"summary_large_image","twitter_misc":{"Escrito por":"Not\u00edcias em Destaque","Est. tempo de leitura":"2 minutos"},"schema":{"@context":"https:\/\/schema.org","@graph":[{"@type":"Article","@id":"https:\/\/noticiasemdestaque.com\/cd\/?p=45106#article","isPartOf":{"@id":"https:\/\/noticiasemdestaque.com\/cd\/?p=45106"},"author":{"name":"Not\u00edcias em Destaque","@id":"https:\/\/noticiasemdestaque.com\/cd\/#\/schema\/person\/4a81fb71f77579d059c3045891fa1786"},"headline":"R\u00e9veillon deve ser debaixo de chuva em Jo\u00e3o Pessoa e no restante do pa\u00eds","datePublished":"2022-12-29T12:35:25+00:00","mainEntityOfPage":{"@id":"https:\/\/noticiasemdestaque.com\/cd\/?p=45106"},"wordCount":325,"publisher":{"@id":"https:\/\/noticiasemdestaque.com\/cd\/#organization"},"image":{"@id":"https:\/\/noticiasemdestaque.com\/cd\/?p=45106#primaryimage"},"thumbnailUrl":"https:\/\/noticiasemdestaque.com\/cd\/wp-content\/uploads\/2022\/12\/Reveillon-deve-ser-debaixo-de-chuva-em-Joao-Pessoa-e-no-restante-do-pais.jpg","articleSection":["Geral"],"inLanguage":"pt-BR"},{"@type":"WebPage","@id":"https:\/\/noticiasemdestaque.com\/cd\/?p=45106","url":"https:\/\/noticiasemdestaque.com\/cd\/?p=45106","name":"R\u00e9veillon deve ser debaixo de chuva em Jo\u00e3o Pessoa e no restante do pa\u00eds - Not&iacute;cias em Destaque","isPartOf":{"@id":"https:\/\/noticiasemdestaque.com\/cd\/#website"},"primaryImageOfPage":{"@id":"https:\/\/noticiasemdestaque.com\/cd\/?p=45106#primaryimage"},"image":{"@id":"https:\/\/noticiasemdestaque.com\/cd\/?p=45106#primaryimage"},"thumbnailUrl":"https:\/\/noticiasemdestaque.com\/cd\/wp-content\/uploads\/2022\/12\/Reveillon-deve-ser-debaixo-de-chuva-em-Joao-Pessoa-e-no-restante-do-pais.jpg","datePublished":"2022-12-29T12:35:25+00:00","breadcrumb":{"@id":"https:\/\/noticiasemdestaque.com\/cd\/?p=45106#breadcrumb"},"inLanguage":"pt-BR","potentialAction":[{"@type":"ReadAction","target":["https:\/\/noticiasemdestaque.com\/cd\/?p=45106"]}]},{"@type":"ImageObject","inLanguage":"pt-BR","@id":"https:\/\/noticiasemdestaque.com\/cd\/?p=45106#primaryimage","url":"https:\/\/noticiasemdestaque.com\/cd\/wp-content\/uploads\/2022\/12\/Reveillon-deve-ser-debaixo-de-chuva-em-Joao-Pessoa-e-no-restante-do-pais.jpg","contentUrl":"https:\/\/noticiasemdestaque.com\/cd\/wp-content\/uploads\/2022\/12\/Reveillon-deve-ser-debaixo-de-chuva-em-Joao-Pessoa-e-no-restante-do-pais.jpg","width":800,"height":533},{"@type":"BreadcrumbList","@id":"https:\/\/noticiasemdestaque.com\/cd\/?p=45106#breadcrumb","itemListElement":[{"@type":"ListItem","position":1,"name":"In\u00edcio","item":"https:\/\/noticiasemdestaque.com\/cd\/"},{"@type":"ListItem","position":2,"name":"R\u00e9veillon deve ser debaixo de chuva em Jo\u00e3o Pessoa e no restante do pa\u00eds"}]},{"@type":"WebSite","@id":"https:\/\/noticiasemdestaque.com\/cd\/#website","url":"https:\/\/noticiasemdestaque.com\/cd\/","name":"Not&iacute;cias em Destaque","description":"","publisher":{"@id":"https:\/\/noticiasemdestaque.com\/cd\/#organization"},"potentialAction":[{"@type":"SearchAction","target":{"@type":"EntryPoint","urlTemplate":"https:\/\/noticiasemdestaque.com\/cd\/?s={search_term_string}"},"query-input":{"@type":"PropertyValueSpecification","valueRequired":true,"valueName":"search_term_string"}}],"inLanguage":"pt-BR"},{"@type":"Organization","@id":"https:\/\/noticiasemdestaque.com\/cd\/#organization","name":"Not\u00edcias em Destaque","url":"https:\/\/noticiasemdestaque.com\/cd\/","logo":{"@type":"ImageObject","inLanguage":"pt-BR","@id":"https:\/\/noticiasemdestaque.com\/cd\/#\/schema\/logo\/image\/","url":"https:\/\/noticiasemdestaque.com\/cd\/wp-content\/uploads\/2022\/05\/imagem-base-noticiasemdestaque.png","contentUrl":"https:\/\/noticiasemdestaque.com\/cd\/wp-content\/uploads\/2022\/05\/imagem-base-noticiasemdestaque.png","width":1200,"height":630,"caption":"Not\u00edcias em Destaque"},"image":{"@id":"https:\/\/noticiasemdestaque.com\/cd\/#\/schema\/logo\/image\/"}},{"@type":"Person","@id":"https:\/\/noticiasemdestaque.com\/cd\/#\/schema\/person\/4a81fb71f77579d059c3045891fa1786","name":"Not\u00edcias em Destaque","url":"https:\/\/noticiasemdestaque.com\/cd\/?author=2"}]}},"jetpack_featured_media_url":"https:\/\/noticiasemdestaque.com\/cd\/wp-content\/uploads\/2022\/12\/Reveillon-deve-ser-debaixo-de-chuva-em-Joao-Pessoa-e-no-restante-do-pais.jpg","jetpack_sharing_enabled":true,"_links":{"self":[{"href":"https:\/\/noticiasemdestaque.com\/cd\/index.php?rest_route=\/wp\/v2\/posts\/45106","targetHints":{"allow":["GET"]}}],"collection":[{"href":"https:\/\/noticiasemdestaque.com\/cd\/index.php?rest_route=\/wp\/v2\/posts"}],"about":[{"href":"https:\/\/noticiasemdestaque.com\/cd\/index.php?rest_route=\/wp\/v2\/types\/post"}],"author":[{"embeddable":true,"href":"https:\/\/noticiasemdestaque.com\/cd\/index.php?rest_route=\/wp\/v2\/users\/2"}],"replies":[{"embeddable":true,"href":"https:\/\/noticiasemdestaque.com\/cd\/index.php?rest_route=%2Fwp%2Fv2%2Fcomments&post=45106"}],"version-history":[{"count":1,"href":"https:\/\/noticiasemdestaque.com\/cd\/index.php?rest_route=\/wp\/v2\/posts\/45106\/revisions"}],"predecessor-version":[{"id":45108,"href":"https:\/\/noticiasemdestaque.com\/cd\/index.php?rest_route=\/wp\/v2\/posts\/45106\/revisions\/45108"}],"wp:featuredmedia":[{"embeddable":true,"href":"https:\/\/noticiasemdestaque.com\/cd\/index.php?rest_route=\/wp\/v2\/media\/45107"}],"wp:attachment":[{"href":"https:\/\/noticiasemdestaque.com\/cd\/index.php?rest_route=%2Fwp%2Fv2%2Fmedia&parent=45106"}],"wp:term":[{"taxonomy":"category","embeddable":true,"href":"https:\/\/noticiasemdestaque.com\/cd\/index.php?rest_route=%2Fwp%2Fv2%2Fcategories&post=45106"},{"taxonomy":"post_tag","embeddable":true,"href":"https:\/\/noticiasemdestaque.com\/cd\/index.php?rest_route=%2Fwp%2Fv2%2Ftags&post=45106"}],"curies":[{"name":"wp","href":"https:\/\/api.w.org\/{rel}","templated":true}]}}