{"id":45094,"date":"2022-12-28T19:22:14","date_gmt":"2022-12-28T22:22:14","guid":{"rendered":"https:\/\/noticiasemdestaque.com\/cd\/?p=45094"},"modified":"2022-12-28T19:22:14","modified_gmt":"2022-12-28T22:22:14","slug":"sao-jose-dos-cordeiros-prefeito-felicio-queiroz-participa-de-solenidade-de-entrega-de-certificados-para-alunos-do-ceja","status":"publish","type":"post","link":"https:\/\/noticiasemdestaque.com\/cd\/?p=45094","title":{"rendered":"S\u00e3o Jos\u00e9 dos Cordeiros: Prefeito Felicio Queiroz participa de solenidade de entrega de certificados para alunos do CEJA"},"content":{"rendered":"<p><a href=\"https:\/\/noticiasemdestaque.com\/cd\/wp-content\/uploads\/2022\/12\/sao-jose-dos-cordeiros.jpg\"><img fetchpriority=\"high\" decoding=\"async\" class=\"wp-image-45095 size-large aligncenter\" src=\"https:\/\/noticiasemdestaque.com\/cd\/wp-content\/uploads\/2022\/12\/sao-jose-dos-cordeiros-1024x683.jpg\" alt=\"\" width=\"640\" height=\"427\" srcset=\"https:\/\/noticiasemdestaque.com\/cd\/wp-content\/uploads\/2022\/12\/sao-jose-dos-cordeiros-1024x683.jpg 1024w, https:\/\/noticiasemdestaque.com\/cd\/wp-content\/uploads\/2022\/12\/sao-jose-dos-cordeiros-300x200.jpg 300w, https:\/\/noticiasemdestaque.com\/cd\/wp-content\/uploads\/2022\/12\/sao-jose-dos-cordeiros-768x512.jpg 768w, https:\/\/noticiasemdestaque.com\/cd\/wp-content\/uploads\/2022\/12\/sao-jose-dos-cordeiros-18x12.jpg 18w, https:\/\/noticiasemdestaque.com\/cd\/wp-content\/uploads\/2022\/12\/sao-jose-dos-cordeiros.jpg 1440w\" sizes=\"(max-width: 640px) 100vw, 640px\" \/><\/a><\/p>\n<p style=\"font-weight: 400;\">Na \u00faltima semana, aconteceu a solenidade de entrega dos certificados de conclus\u00e3o do ensino m\u00e9dio para alunos do CEJA &#8211; (Centro de Jovens e Adultos).<\/p>\n<p style=\"font-weight: 400;\">Na oportunidade o prefeito Fel\u00edcio Queiroz, a primeira-dama Milena Albuquerque e a vice-prefeita Lourdes Dantas, estiveram participando do evento que simbolicamente entregou os certificados para os estudantes.<\/p>\n<p style=\"font-weight: 400;\">\u201cEncerra-se uma etapa de muita aprendizagem e ensinamentos, para dar in\u00edcio a um novo ciclo repleto de sucesso e felicidade, tra\u00e7ando novos caminhos e possibilidades para a vida profissional e acad\u00eamica\u201d, comemorou a coordena\u00e7\u00e3o do CEJA, Inacia Wenia.<\/p>\n","protected":false},"excerpt":{"rendered":"<p>Na \u00faltima semana, aconteceu a solenidade de entrega dos certificados de conclus\u00e3o do ensino m\u00e9dio para alunos do CEJA &#8211; (Centro de Jovens e Adultos). Na oportunidade o prefeito Fel\u00edcio Queiroz, a primeira-dama Milena Albuquerque e a vice-prefeita Lourdes Dantas, estiveram participando do evento que simbolicamente entregou os certificados para os estudantes. \u201cEncerra-se uma etapa de muita aprendizagem e ensinamentos, para dar in\u00edcio a um novo ciclo repleto de sucesso e felicidade, tra\u00e7ando novos caminhos e possibilidades para a vida profissional e acad\u00eamica\u201d, comemorou a coordena\u00e7\u00e3o do CEJA, Inacia Wenia.<\/p>\n","protected":false},"author":2,"featured_media":45095,"comment_status":"closed","ping_status":"open","sticky":false,"template":"","format":"standard","meta":{"_eb_attr":"","_jetpack_memberships_contains_paid_content":false,"footnotes":""},"categories":[3],"tags":[],"class_list":["post-45094","post","type-post","status-publish","format-standard","has-post-thumbnail","hentry","category-cidades"],"yoast_head":"<!-- This site is optimized with the Yoast SEO plugin v26.5 - https:\/\/yoast.com\/wordpress\/plugins\/seo\/ -->\n<title>S\u00e3o Jos\u00e9 dos Cordeiros: Prefeito Felicio Queiroz participa de solenidade de entrega de certificados para alunos do CEJA - Not&iacute;cias em Destaque<\/title>\n<meta name=\"robots\" content=\"index, follow, max-snippet:-1, max-image-preview:large, max-video-preview:-1\" \/>\n<link rel=\"canonical\" href=\"https:\/\/noticiasemdestaque.com\/cd\/?p=45094\" \/>\n<meta property=\"og:locale\" content=\"pt_BR\" \/>\n<meta property=\"og:type\" content=\"article\" \/>\n<meta property=\"og:title\" content=\"S\u00e3o Jos\u00e9 dos Cordeiros: Prefeito Felicio Queiroz participa de solenidade de entrega de certificados para alunos do CEJA - Not&iacute;cias em Destaque\" \/>\n<meta property=\"og:description\" content=\"Na \u00faltima semana, aconteceu a solenidade de entrega dos certificados de conclus\u00e3o do ensino m\u00e9dio para alunos do CEJA &#8211; (Centro de Jovens e Adultos). Na oportunidade o prefeito Fel\u00edcio Queiroz, a primeira-dama Milena Albuquerque e a vice-prefeita Lourdes Dantas, estiveram participando do evento que simbolicamente entregou os certificados para os estudantes. \u201cEncerra-se uma etapa de muita aprendizagem e ensinamentos, para dar in\u00edcio a um novo ciclo repleto de sucesso e felicidade, tra\u00e7ando novos caminhos e possibilidades para a vida profissional e acad\u00eamica\u201d, comemorou a coordena\u00e7\u00e3o do CEJA, Inacia Wenia.\" \/>\n<meta property=\"og:url\" content=\"https:\/\/noticiasemdestaque.com\/cd\/?p=45094\" \/>\n<meta property=\"og:site_name\" content=\"Not&iacute;cias em Destaque\" \/>\n<meta property=\"article:published_time\" content=\"2022-12-28T22:22:14+00:00\" \/>\n<meta property=\"og:image\" content=\"https:\/\/noticiasemdestaque.com\/cd\/wp-content\/uploads\/2022\/12\/sao-jose-dos-cordeiros.jpg\" \/>\n\t<meta property=\"og:image:width\" content=\"1440\" \/>\n\t<meta property=\"og:image:height\" content=\"960\" \/>\n\t<meta property=\"og:image:type\" content=\"image\/jpeg\" \/>\n<meta name=\"author\" content=\"Not\u00edcias em Destaque\" \/>\n<meta name=\"twitter:card\" content=\"summary_large_image\" \/>\n<meta name=\"twitter:label1\" content=\"Escrito por\" \/>\n\t<meta name=\"twitter:data1\" content=\"Not\u00edcias em Destaque\" \/>\n\t<meta name=\"twitter:label2\" content=\"Est. tempo de leitura\" \/>\n\t<meta name=\"twitter:data2\" content=\"1 minuto\" \/>\n<script type=\"application\/ld+json\" class=\"yoast-schema-graph\">{\"@context\":\"https:\/\/schema.org\",\"@graph\":[{\"@type\":\"Article\",\"@id\":\"https:\/\/noticiasemdestaque.com\/cd\/?p=45094#article\",\"isPartOf\":{\"@id\":\"https:\/\/noticiasemdestaque.com\/cd\/?p=45094\"},\"author\":{\"name\":\"Not\u00edcias em Destaque\",\"@id\":\"https:\/\/noticiasemdestaque.com\/cd\/#\/schema\/person\/21320b03a7e8bb90128938dafc9b908a\"},\"headline\":\"S\u00e3o Jos\u00e9 dos Cordeiros: Prefeito Felicio Queiroz participa de solenidade de entrega de certificados para alunos do CEJA\",\"datePublished\":\"2022-12-28T22:22:14+00:00\",\"mainEntityOfPage\":{\"@id\":\"https:\/\/noticiasemdestaque.com\/cd\/?p=45094\"},\"wordCount\":116,\"publisher\":{\"@id\":\"https:\/\/noticiasemdestaque.com\/cd\/#organization\"},\"image\":{\"@id\":\"https:\/\/noticiasemdestaque.com\/cd\/?p=45094#primaryimage\"},\"thumbnailUrl\":\"https:\/\/noticiasemdestaque.com\/cd\/wp-content\/uploads\/2022\/12\/sao-jose-dos-cordeiros.jpg\",\"articleSection\":[\"Cidades\"],\"inLanguage\":\"pt-BR\"},{\"@type\":\"WebPage\",\"@id\":\"https:\/\/noticiasemdestaque.com\/cd\/?p=45094\",\"url\":\"https:\/\/noticiasemdestaque.com\/cd\/?p=45094\",\"name\":\"S\u00e3o Jos\u00e9 dos Cordeiros: Prefeito Felicio Queiroz participa de solenidade de entrega de certificados para alunos do CEJA - Not&iacute;cias em Destaque\",\"isPartOf\":{\"@id\":\"https:\/\/noticiasemdestaque.com\/cd\/#website\"},\"primaryImageOfPage\":{\"@id\":\"https:\/\/noticiasemdestaque.com\/cd\/?p=45094#primaryimage\"},\"image\":{\"@id\":\"https:\/\/noticiasemdestaque.com\/cd\/?p=45094#primaryimage\"},\"thumbnailUrl\":\"https:\/\/noticiasemdestaque.com\/cd\/wp-content\/uploads\/2022\/12\/sao-jose-dos-cordeiros.jpg\",\"datePublished\":\"2022-12-28T22:22:14+00:00\",\"breadcrumb\":{\"@id\":\"https:\/\/noticiasemdestaque.com\/cd\/?p=45094#breadcrumb\"},\"inLanguage\":\"pt-BR\",\"potentialAction\":[{\"@type\":\"ReadAction\",\"target\":[\"https:\/\/noticiasemdestaque.com\/cd\/?p=45094\"]}]},{\"@type\":\"ImageObject\",\"inLanguage\":\"pt-BR\",\"@id\":\"https:\/\/noticiasemdestaque.com\/cd\/?p=45094#primaryimage\",\"url\":\"https:\/\/noticiasemdestaque.com\/cd\/wp-content\/uploads\/2022\/12\/sao-jose-dos-cordeiros.jpg\",\"contentUrl\":\"https:\/\/noticiasemdestaque.com\/cd\/wp-content\/uploads\/2022\/12\/sao-jose-dos-cordeiros.jpg\",\"width\":1440,\"height\":960},{\"@type\":\"BreadcrumbList\",\"@id\":\"https:\/\/noticiasemdestaque.com\/cd\/?p=45094#breadcrumb\",\"itemListElement\":[{\"@type\":\"ListItem\",\"position\":1,\"name\":\"In\u00edcio\",\"item\":\"https:\/\/noticiasemdestaque.com\/cd\/\"},{\"@type\":\"ListItem\",\"position\":2,\"name\":\"S\u00e3o Jos\u00e9 dos Cordeiros: Prefeito Felicio Queiroz participa de solenidade de entrega de certificados para alunos do CEJA\"}]},{\"@type\":\"WebSite\",\"@id\":\"https:\/\/noticiasemdestaque.com\/cd\/#website\",\"url\":\"https:\/\/noticiasemdestaque.com\/cd\/\",\"name\":\"Not&iacute;cias em Destaque\",\"description\":\"\",\"publisher\":{\"@id\":\"https:\/\/noticiasemdestaque.com\/cd\/#organization\"},\"potentialAction\":[{\"@type\":\"SearchAction\",\"target\":{\"@type\":\"EntryPoint\",\"urlTemplate\":\"https:\/\/noticiasemdestaque.com\/cd\/?s={search_term_string}\"},\"query-input\":{\"@type\":\"PropertyValueSpecification\",\"valueRequired\":true,\"valueName\":\"search_term_string\"}}],\"inLanguage\":\"pt-BR\"},{\"@type\":\"Organization\",\"@id\":\"https:\/\/noticiasemdestaque.com\/cd\/#organization\",\"name\":\"Not\u00edcias em Destaque\",\"url\":\"https:\/\/noticiasemdestaque.com\/cd\/\",\"logo\":{\"@type\":\"ImageObject\",\"inLanguage\":\"pt-BR\",\"@id\":\"https:\/\/noticiasemdestaque.com\/cd\/#\/schema\/logo\/image\/\",\"url\":\"https:\/\/noticiasemdestaque.com\/cd\/wp-content\/uploads\/2022\/05\/imagem-base-noticiasemdestaque.png\",\"contentUrl\":\"https:\/\/noticiasemdestaque.com\/cd\/wp-content\/uploads\/2022\/05\/imagem-base-noticiasemdestaque.png\",\"width\":1200,\"height\":630,\"caption\":\"Not\u00edcias em Destaque\"},\"image\":{\"@id\":\"https:\/\/noticiasemdestaque.com\/cd\/#\/schema\/logo\/image\/\"}},{\"@type\":\"Person\",\"@id\":\"https:\/\/noticiasemdestaque.com\/cd\/#\/schema\/person\/21320b03a7e8bb90128938dafc9b908a\",\"name\":\"Not\u00edcias em Destaque\",\"url\":\"https:\/\/noticiasemdestaque.com\/cd\/?author=2\"}]}<\/script>\n<!-- \/ Yoast SEO plugin. -->","yoast_head_json":{"title":"S\u00e3o Jos\u00e9 dos Cordeiros: Prefeito Felicio Queiroz participa de solenidade de entrega de certificados para alunos do CEJA - Not&iacute;cias em Destaque","robots":{"index":"index","follow":"follow","max-snippet":"max-snippet:-1","max-image-preview":"max-image-preview:large","max-video-preview":"max-video-preview:-1"},"canonical":"https:\/\/noticiasemdestaque.com\/cd\/?p=45094","og_locale":"pt_BR","og_type":"article","og_title":"S\u00e3o Jos\u00e9 dos Cordeiros: Prefeito Felicio Queiroz participa de solenidade de entrega de certificados para alunos do CEJA - Not&iacute;cias em Destaque","og_description":"Na \u00faltima semana, aconteceu a solenidade de entrega dos certificados de conclus\u00e3o do ensino m\u00e9dio para alunos do CEJA &#8211; (Centro de Jovens e Adultos). Na oportunidade o prefeito Fel\u00edcio Queiroz, a primeira-dama Milena Albuquerque e a vice-prefeita Lourdes Dantas, estiveram participando do evento que simbolicamente entregou os certificados para os estudantes. \u201cEncerra-se uma etapa de muita aprendizagem e ensinamentos, para dar in\u00edcio a um novo ciclo repleto de sucesso e felicidade, tra\u00e7ando novos caminhos e possibilidades para a vida profissional e acad\u00eamica\u201d, comemorou a coordena\u00e7\u00e3o do CEJA, Inacia Wenia.","og_url":"https:\/\/noticiasemdestaque.com\/cd\/?p=45094","og_site_name":"Not&iacute;cias em Destaque","article_published_time":"2022-12-28T22:22:14+00:00","og_image":[{"width":1440,"height":960,"url":"https:\/\/noticiasemdestaque.com\/cd\/wp-content\/uploads\/2022\/12\/sao-jose-dos-cordeiros.jpg","type":"image\/jpeg"}],"author":"Not\u00edcias em Destaque","twitter_card":"summary_large_image","twitter_misc":{"Escrito por":"Not\u00edcias em Destaque","Est. tempo de leitura":"1 minuto"},"schema":{"@context":"https:\/\/schema.org","@graph":[{"@type":"Article","@id":"https:\/\/noticiasemdestaque.com\/cd\/?p=45094#article","isPartOf":{"@id":"https:\/\/noticiasemdestaque.com\/cd\/?p=45094"},"author":{"name":"Not\u00edcias em Destaque","@id":"https:\/\/noticiasemdestaque.com\/cd\/#\/schema\/person\/21320b03a7e8bb90128938dafc9b908a"},"headline":"S\u00e3o Jos\u00e9 dos Cordeiros: Prefeito Felicio Queiroz participa de solenidade de entrega de certificados para alunos do CEJA","datePublished":"2022-12-28T22:22:14+00:00","mainEntityOfPage":{"@id":"https:\/\/noticiasemdestaque.com\/cd\/?p=45094"},"wordCount":116,"publisher":{"@id":"https:\/\/noticiasemdestaque.com\/cd\/#organization"},"image":{"@id":"https:\/\/noticiasemdestaque.com\/cd\/?p=45094#primaryimage"},"thumbnailUrl":"https:\/\/noticiasemdestaque.com\/cd\/wp-content\/uploads\/2022\/12\/sao-jose-dos-cordeiros.jpg","articleSection":["Cidades"],"inLanguage":"pt-BR"},{"@type":"WebPage","@id":"https:\/\/noticiasemdestaque.com\/cd\/?p=45094","url":"https:\/\/noticiasemdestaque.com\/cd\/?p=45094","name":"S\u00e3o Jos\u00e9 dos Cordeiros: Prefeito Felicio Queiroz participa de solenidade de entrega de certificados para alunos do CEJA - Not&iacute;cias em Destaque","isPartOf":{"@id":"https:\/\/noticiasemdestaque.com\/cd\/#website"},"primaryImageOfPage":{"@id":"https:\/\/noticiasemdestaque.com\/cd\/?p=45094#primaryimage"},"image":{"@id":"https:\/\/noticiasemdestaque.com\/cd\/?p=45094#primaryimage"},"thumbnailUrl":"https:\/\/noticiasemdestaque.com\/cd\/wp-content\/uploads\/2022\/12\/sao-jose-dos-cordeiros.jpg","datePublished":"2022-12-28T22:22:14+00:00","breadcrumb":{"@id":"https:\/\/noticiasemdestaque.com\/cd\/?p=45094#breadcrumb"},"inLanguage":"pt-BR","potentialAction":[{"@type":"ReadAction","target":["https:\/\/noticiasemdestaque.com\/cd\/?p=45094"]}]},{"@type":"ImageObject","inLanguage":"pt-BR","@id":"https:\/\/noticiasemdestaque.com\/cd\/?p=45094#primaryimage","url":"https:\/\/noticiasemdestaque.com\/cd\/wp-content\/uploads\/2022\/12\/sao-jose-dos-cordeiros.jpg","contentUrl":"https:\/\/noticiasemdestaque.com\/cd\/wp-content\/uploads\/2022\/12\/sao-jose-dos-cordeiros.jpg","width":1440,"height":960},{"@type":"BreadcrumbList","@id":"https:\/\/noticiasemdestaque.com\/cd\/?p=45094#breadcrumb","itemListElement":[{"@type":"ListItem","position":1,"name":"In\u00edcio","item":"https:\/\/noticiasemdestaque.com\/cd\/"},{"@type":"ListItem","position":2,"name":"S\u00e3o Jos\u00e9 dos Cordeiros: Prefeito Felicio Queiroz participa de solenidade de entrega de certificados para alunos do CEJA"}]},{"@type":"WebSite","@id":"https:\/\/noticiasemdestaque.com\/cd\/#website","url":"https:\/\/noticiasemdestaque.com\/cd\/","name":"Not&iacute;cias em Destaque","description":"","publisher":{"@id":"https:\/\/noticiasemdestaque.com\/cd\/#organization"},"potentialAction":[{"@type":"SearchAction","target":{"@type":"EntryPoint","urlTemplate":"https:\/\/noticiasemdestaque.com\/cd\/?s={search_term_string}"},"query-input":{"@type":"PropertyValueSpecification","valueRequired":true,"valueName":"search_term_string"}}],"inLanguage":"pt-BR"},{"@type":"Organization","@id":"https:\/\/noticiasemdestaque.com\/cd\/#organization","name":"Not\u00edcias em Destaque","url":"https:\/\/noticiasemdestaque.com\/cd\/","logo":{"@type":"ImageObject","inLanguage":"pt-BR","@id":"https:\/\/noticiasemdestaque.com\/cd\/#\/schema\/logo\/image\/","url":"https:\/\/noticiasemdestaque.com\/cd\/wp-content\/uploads\/2022\/05\/imagem-base-noticiasemdestaque.png","contentUrl":"https:\/\/noticiasemdestaque.com\/cd\/wp-content\/uploads\/2022\/05\/imagem-base-noticiasemdestaque.png","width":1200,"height":630,"caption":"Not\u00edcias em Destaque"},"image":{"@id":"https:\/\/noticiasemdestaque.com\/cd\/#\/schema\/logo\/image\/"}},{"@type":"Person","@id":"https:\/\/noticiasemdestaque.com\/cd\/#\/schema\/person\/21320b03a7e8bb90128938dafc9b908a","name":"Not\u00edcias em Destaque","url":"https:\/\/noticiasemdestaque.com\/cd\/?author=2"}]}},"jetpack_featured_media_url":"https:\/\/noticiasemdestaque.com\/cd\/wp-content\/uploads\/2022\/12\/sao-jose-dos-cordeiros.jpg","jetpack_sharing_enabled":true,"_links":{"self":[{"href":"https:\/\/noticiasemdestaque.com\/cd\/index.php?rest_route=\/wp\/v2\/posts\/45094","targetHints":{"allow":["GET"]}}],"collection":[{"href":"https:\/\/noticiasemdestaque.com\/cd\/index.php?rest_route=\/wp\/v2\/posts"}],"about":[{"href":"https:\/\/noticiasemdestaque.com\/cd\/index.php?rest_route=\/wp\/v2\/types\/post"}],"author":[{"embeddable":true,"href":"https:\/\/noticiasemdestaque.com\/cd\/index.php?rest_route=\/wp\/v2\/users\/2"}],"replies":[{"embeddable":true,"href":"https:\/\/noticiasemdestaque.com\/cd\/index.php?rest_route=%2Fwp%2Fv2%2Fcomments&post=45094"}],"version-history":[{"count":2,"href":"https:\/\/noticiasemdestaque.com\/cd\/index.php?rest_route=\/wp\/v2\/posts\/45094\/revisions"}],"predecessor-version":[{"id":45099,"href":"https:\/\/noticiasemdestaque.com\/cd\/index.php?rest_route=\/wp\/v2\/posts\/45094\/revisions\/45099"}],"wp:featuredmedia":[{"embeddable":true,"href":"https:\/\/noticiasemdestaque.com\/cd\/index.php?rest_route=\/wp\/v2\/media\/45095"}],"wp:attachment":[{"href":"https:\/\/noticiasemdestaque.com\/cd\/index.php?rest_route=%2Fwp%2Fv2%2Fmedia&parent=45094"}],"wp:term":[{"taxonomy":"category","embeddable":true,"href":"https:\/\/noticiasemdestaque.com\/cd\/index.php?rest_route=%2Fwp%2Fv2%2Fcategories&post=45094"},{"taxonomy":"post_tag","embeddable":true,"href":"https:\/\/noticiasemdestaque.com\/cd\/index.php?rest_route=%2Fwp%2Fv2%2Ftags&post=45094"}],"curies":[{"name":"wp","href":"https:\/\/api.w.org\/{rel}","templated":true}]}}