{"id":4509,"date":"2017-09-21T08:29:05","date_gmt":"2017-09-21T11:29:05","guid":{"rendered":"http:\/\/caririemdestaque.com\/cd\/?p=4509"},"modified":"2017-09-21T08:29:05","modified_gmt":"2017-09-21T11:29:05","slug":"anvisa-proibe-comercializacao-de-herbicida-associado-a-doenca-de-parkinson","status":"publish","type":"post","link":"https:\/\/noticiasemdestaque.com\/cd\/?p=4509","title":{"rendered":"Anvisa pro\u00edbe comercializa\u00e7\u00e3o de herbicida associado \u00e0 doen\u00e7a de Parkinson"},"content":{"rendered":"<p><a href=\"http:\/\/caririemdestaque.com\/cd\/wp-content\/uploads\/2017\/09\/plantacao_de_soja-300x188.png\"><img fetchpriority=\"high\" decoding=\"async\" class=\"wp-image-4510 size-medium alignleft\" src=\"http:\/\/caririemdestaque.com\/cd\/wp-content\/uploads\/2017\/09\/plantacao_de_soja-300x188-300x188.png\" alt=\"\" width=\"300\" height=\"188\" \/><\/a>Ap\u00f3s an\u00e1lise de nove anos, a Anvisa (Ag\u00eancia Nacional de Vigil\u00e2ncia Sanit\u00e1ria) decidiu pela proibi\u00e7\u00e3o da comercializa\u00e7\u00e3o e uso do herbicida \u2018Paraquate\u2019.<\/p>\n<p>O Paraquate \u00e9 utilizado na agricultura no Brasil para o combate de ervas daninhas em culturas como a do milho, algod\u00e3o, soja, feij\u00e3o e cana-de-a\u00e7\u00facar.<\/p>\n<p>An\u00e1lise de evid\u00eancias cient\u00edficas concluiu que o produto est\u00e1 associado ao desenvolvimento da doen\u00e7a de Parkinson \u2014 condi\u00e7\u00e3o neurol\u00f3gica degenerativa que leva ao tremor, rigidez, dist\u00farbios na fala e problemas de equil\u00edbrio.<\/p>\n<p>Segundo relat\u00f3rio do GGTOX, grupo de trabalho de toxicidade da Anvisa, o produto tem qualifica\u00e7\u00e3o toxicol\u00f3gica I, considerado extremante t\u00f3xico. A ag\u00eancia come\u00e7ou a analisar o produto em 2008.<\/p>\n<p>De acordo com a an\u00e1lise das evid\u00eancias cient\u00edficas, o grupo considerou haver peso suficiente para comprovar o potencial do herbicida de induzir aberra\u00e7\u00f5es cromoss\u00f4micas em c\u00e9lulas som\u00e1ticas in vitro e in vivo, em diferentes esp\u00e9cies, e por diferentes vias de exposi\u00e7\u00e3o, inclusive d\u00e9rmica.<\/p>\n<p>Ainda, em an\u00e1lise conjunta com a Fiocruz, que entregou nota t\u00e9cnica \u00e0 ag\u00eancia em outubro de 2009, a Fiocruz considerou suficientes as evid\u00eancias da literatura cient\u00edfica relacionadas \u00e0 intoxica\u00e7\u00e3o aguda, mutagenicidade, desregula\u00e7\u00e3o end\u00f3crina, carcinog\u00eanese, toxicidade reprodutiva, teratog\u00eanese e doen\u00e7a de Parkinson.<\/p>\n<p>No entanto, as evid\u00eancias mais consistentes foram relacionadas \u00e0 doen\u00e7a de Parkinson, o que levou o relat\u00f3rio da Anvisa a concluir que:<\/p>\n<p>\u201cH\u00e1 um peso de evid\u00eancia forte em estudos em animais e epidemiol\u00f3gicos indicando que o Paraquate est\u00e1 associado ao desencadeamento da doen\u00e7a de Parkinson em humanos.\u201d<\/p>\n<p>A ag\u00eancia diz, no entanto, que as evid\u00eancias apontam para o risco do Paraquate em trabalhadores que entram em contato diretamente com o produto. N\u00e3o h\u00e1 evid\u00eancias apresentadas que o herbicida deixe res\u00edduo nos alimentos.<\/p>\n<p>A decis\u00e3o da diretoria colegiada da Anvisa foi feita no fim da tarde de ter\u00e7a-feira (19). O prazo concedido para o total banimento do produto \u00e9 de tr\u00eas anos.<\/p>\n<p>Com G1<\/p>\n","protected":false},"excerpt":{"rendered":"<p>Ap\u00f3s an\u00e1lise de nove anos, a Anvisa (Ag\u00eancia Nacional de Vigil\u00e2ncia Sanit\u00e1ria) decidiu pela proibi\u00e7\u00e3o da comercializa\u00e7\u00e3o e uso do herbicida \u2018Paraquate\u2019. O Paraquate \u00e9 utilizado na agricultura no Brasil para o combate de ervas daninhas em culturas como a do milho, algod\u00e3o, soja, feij\u00e3o e cana-de-a\u00e7\u00facar. An\u00e1lise de evid\u00eancias cient\u00edficas concluiu que o produto est\u00e1 associado ao desenvolvimento da doen\u00e7a de Parkinson \u2014 condi\u00e7\u00e3o neurol\u00f3gica degenerativa que leva ao tremor, rigidez, dist\u00farbios na fala e problemas de equil\u00edbrio. Segundo relat\u00f3rio do GGTOX, grupo de trabalho de toxicidade da Anvisa, o produto tem qualifica\u00e7\u00e3o toxicol\u00f3gica I, considerado extremante t\u00f3xico. A ag\u00eancia come\u00e7ou a analisar o produto em 2008. De acordo com a an\u00e1lise das evid\u00eancias cient\u00edficas, o grupo considerou haver peso suficiente para comprovar o potencial do herbicida de induzir aberra\u00e7\u00f5es cromoss\u00f4micas em c\u00e9lulas som\u00e1ticas in vitro e in vivo, em diferentes esp\u00e9cies, e por diferentes vias de exposi\u00e7\u00e3o, inclusive d\u00e9rmica. Ainda, em an\u00e1lise conjunta com a Fiocruz, que entregou nota t\u00e9cnica \u00e0 ag\u00eancia em outubro de 2009, a Fiocruz considerou suficientes as evid\u00eancias da literatura cient\u00edfica relacionadas \u00e0 intoxica\u00e7\u00e3o aguda, mutagenicidade, desregula\u00e7\u00e3o end\u00f3crina, carcinog\u00eanese, toxicidade reprodutiva, teratog\u00eanese e doen\u00e7a de Parkinson. No entanto, as evid\u00eancias mais consistentes foram relacionadas \u00e0 doen\u00e7a de Parkinson, o que levou o relat\u00f3rio da Anvisa a concluir que: \u201cH\u00e1 um peso de evid\u00eancia forte em estudos em animais e epidemiol\u00f3gicos indicando que o Paraquate est\u00e1 associado ao desencadeamento da doen\u00e7a de Parkinson em humanos.\u201d A ag\u00eancia diz, no entanto, que as evid\u00eancias apontam para o risco do Paraquate em trabalhadores que entram em contato diretamente com o produto. N\u00e3o h\u00e1 evid\u00eancias apresentadas que o herbicida deixe res\u00edduo nos alimentos. A decis\u00e3o da diretoria colegiada da Anvisa foi feita no fim da tarde de ter\u00e7a-feira (19). O prazo concedido para o total banimento do produto \u00e9 de tr\u00eas anos. Com G1<\/p>\n","protected":false},"author":2,"featured_media":4510,"comment_status":"closed","ping_status":"open","sticky":false,"template":"","format":"standard","meta":{"_eb_attr":"","_jetpack_memberships_contains_paid_content":false,"footnotes":""},"categories":[8],"tags":[],"class_list":["post-4509","post","type-post","status-publish","format-standard","has-post-thumbnail","hentry","category-saude"],"yoast_head":"<!-- This site is optimized with the Yoast SEO plugin v26.5 - https:\/\/yoast.com\/wordpress\/plugins\/seo\/ -->\n<title>Anvisa pro\u00edbe comercializa\u00e7\u00e3o de herbicida associado \u00e0 doen\u00e7a de Parkinson - Not&iacute;cias em Destaque<\/title>\n<meta name=\"robots\" content=\"index, follow, max-snippet:-1, max-image-preview:large, max-video-preview:-1\" \/>\n<link rel=\"canonical\" href=\"https:\/\/noticiasemdestaque.com\/cd\/?p=4509\" \/>\n<meta property=\"og:locale\" content=\"pt_BR\" \/>\n<meta property=\"og:type\" content=\"article\" \/>\n<meta property=\"og:title\" content=\"Anvisa pro\u00edbe comercializa\u00e7\u00e3o de herbicida associado \u00e0 doen\u00e7a de Parkinson - Not&iacute;cias em Destaque\" \/>\n<meta property=\"og:description\" content=\"Ap\u00f3s an\u00e1lise de nove anos, a Anvisa (Ag\u00eancia Nacional de Vigil\u00e2ncia Sanit\u00e1ria) decidiu pela proibi\u00e7\u00e3o da comercializa\u00e7\u00e3o e uso do herbicida \u2018Paraquate\u2019. O Paraquate \u00e9 utilizado na agricultura no Brasil para o combate de ervas daninhas em culturas como a do milho, algod\u00e3o, soja, feij\u00e3o e cana-de-a\u00e7\u00facar. An\u00e1lise de evid\u00eancias cient\u00edficas concluiu que o produto est\u00e1 associado ao desenvolvimento da doen\u00e7a de Parkinson \u2014 condi\u00e7\u00e3o neurol\u00f3gica degenerativa que leva ao tremor, rigidez, dist\u00farbios na fala e problemas de equil\u00edbrio. Segundo relat\u00f3rio do GGTOX, grupo de trabalho de toxicidade da Anvisa, o produto tem qualifica\u00e7\u00e3o toxicol\u00f3gica I, considerado extremante t\u00f3xico. A ag\u00eancia come\u00e7ou a analisar o produto em 2008. De acordo com a an\u00e1lise das evid\u00eancias cient\u00edficas, o grupo considerou haver peso suficiente para comprovar o potencial do herbicida de induzir aberra\u00e7\u00f5es cromoss\u00f4micas em c\u00e9lulas som\u00e1ticas in vitro e in vivo, em diferentes esp\u00e9cies, e por diferentes vias de exposi\u00e7\u00e3o, inclusive d\u00e9rmica. Ainda, em an\u00e1lise conjunta com a Fiocruz, que entregou nota t\u00e9cnica \u00e0 ag\u00eancia em outubro de 2009, a Fiocruz considerou suficientes as evid\u00eancias da literatura cient\u00edfica relacionadas \u00e0 intoxica\u00e7\u00e3o aguda, mutagenicidade, desregula\u00e7\u00e3o end\u00f3crina, carcinog\u00eanese, toxicidade reprodutiva, teratog\u00eanese e doen\u00e7a de Parkinson. No entanto, as evid\u00eancias mais consistentes foram relacionadas \u00e0 doen\u00e7a de Parkinson, o que levou o relat\u00f3rio da Anvisa a concluir que: \u201cH\u00e1 um peso de evid\u00eancia forte em estudos em animais e epidemiol\u00f3gicos indicando que o Paraquate est\u00e1 associado ao desencadeamento da doen\u00e7a de Parkinson em humanos.\u201d A ag\u00eancia diz, no entanto, que as evid\u00eancias apontam para o risco do Paraquate em trabalhadores que entram em contato diretamente com o produto. N\u00e3o h\u00e1 evid\u00eancias apresentadas que o herbicida deixe res\u00edduo nos alimentos. A decis\u00e3o da diretoria colegiada da Anvisa foi feita no fim da tarde de ter\u00e7a-feira (19). O prazo concedido para o total banimento do produto \u00e9 de tr\u00eas anos. Com G1\" \/>\n<meta property=\"og:url\" content=\"https:\/\/noticiasemdestaque.com\/cd\/?p=4509\" \/>\n<meta property=\"og:site_name\" content=\"Not&iacute;cias em Destaque\" \/>\n<meta property=\"article:published_time\" content=\"2017-09-21T11:29:05+00:00\" \/>\n<meta property=\"og:image\" content=\"https:\/\/noticiasemdestaque.com\/cd\/wp-content\/uploads\/2017\/09\/plantacao_de_soja-300x188.png\" \/>\n\t<meta property=\"og:image:width\" content=\"300\" \/>\n\t<meta property=\"og:image:height\" content=\"188\" \/>\n\t<meta property=\"og:image:type\" content=\"image\/png\" \/>\n<meta name=\"author\" content=\"Not\u00edcias em Destaque\" \/>\n<meta name=\"twitter:card\" content=\"summary_large_image\" \/>\n<meta name=\"twitter:label1\" content=\"Escrito por\" \/>\n\t<meta name=\"twitter:data1\" content=\"Not\u00edcias em Destaque\" \/>\n\t<meta name=\"twitter:label2\" content=\"Est. tempo de leitura\" \/>\n\t<meta name=\"twitter:data2\" content=\"2 minutos\" \/>\n<script type=\"application\/ld+json\" class=\"yoast-schema-graph\">{\"@context\":\"https:\/\/schema.org\",\"@graph\":[{\"@type\":\"Article\",\"@id\":\"https:\/\/noticiasemdestaque.com\/cd\/?p=4509#article\",\"isPartOf\":{\"@id\":\"https:\/\/noticiasemdestaque.com\/cd\/?p=4509\"},\"author\":{\"name\":\"Not\u00edcias em Destaque\",\"@id\":\"https:\/\/noticiasemdestaque.com\/cd\/#\/schema\/person\/21320b03a7e8bb90128938dafc9b908a\"},\"headline\":\"Anvisa pro\u00edbe comercializa\u00e7\u00e3o de herbicida associado \u00e0 doen\u00e7a de Parkinson\",\"datePublished\":\"2017-09-21T11:29:05+00:00\",\"mainEntityOfPage\":{\"@id\":\"https:\/\/noticiasemdestaque.com\/cd\/?p=4509\"},\"wordCount\":368,\"publisher\":{\"@id\":\"https:\/\/noticiasemdestaque.com\/cd\/#organization\"},\"image\":{\"@id\":\"https:\/\/noticiasemdestaque.com\/cd\/?p=4509#primaryimage\"},\"thumbnailUrl\":\"https:\/\/noticiasemdestaque.com\/cd\/wp-content\/uploads\/2017\/09\/plantacao_de_soja-300x188.png\",\"articleSection\":[\"Sa\u00fade\"],\"inLanguage\":\"pt-BR\"},{\"@type\":\"WebPage\",\"@id\":\"https:\/\/noticiasemdestaque.com\/cd\/?p=4509\",\"url\":\"https:\/\/noticiasemdestaque.com\/cd\/?p=4509\",\"name\":\"Anvisa pro\u00edbe comercializa\u00e7\u00e3o de herbicida associado \u00e0 doen\u00e7a de Parkinson - Not&iacute;cias em Destaque\",\"isPartOf\":{\"@id\":\"https:\/\/noticiasemdestaque.com\/cd\/#website\"},\"primaryImageOfPage\":{\"@id\":\"https:\/\/noticiasemdestaque.com\/cd\/?p=4509#primaryimage\"},\"image\":{\"@id\":\"https:\/\/noticiasemdestaque.com\/cd\/?p=4509#primaryimage\"},\"thumbnailUrl\":\"https:\/\/noticiasemdestaque.com\/cd\/wp-content\/uploads\/2017\/09\/plantacao_de_soja-300x188.png\",\"datePublished\":\"2017-09-21T11:29:05+00:00\",\"breadcrumb\":{\"@id\":\"https:\/\/noticiasemdestaque.com\/cd\/?p=4509#breadcrumb\"},\"inLanguage\":\"pt-BR\",\"potentialAction\":[{\"@type\":\"ReadAction\",\"target\":[\"https:\/\/noticiasemdestaque.com\/cd\/?p=4509\"]}]},{\"@type\":\"ImageObject\",\"inLanguage\":\"pt-BR\",\"@id\":\"https:\/\/noticiasemdestaque.com\/cd\/?p=4509#primaryimage\",\"url\":\"https:\/\/noticiasemdestaque.com\/cd\/wp-content\/uploads\/2017\/09\/plantacao_de_soja-300x188.png\",\"contentUrl\":\"https:\/\/noticiasemdestaque.com\/cd\/wp-content\/uploads\/2017\/09\/plantacao_de_soja-300x188.png\",\"width\":300,\"height\":188},{\"@type\":\"BreadcrumbList\",\"@id\":\"https:\/\/noticiasemdestaque.com\/cd\/?p=4509#breadcrumb\",\"itemListElement\":[{\"@type\":\"ListItem\",\"position\":1,\"name\":\"In\u00edcio\",\"item\":\"https:\/\/noticiasemdestaque.com\/cd\/\"},{\"@type\":\"ListItem\",\"position\":2,\"name\":\"Anvisa pro\u00edbe comercializa\u00e7\u00e3o de herbicida associado \u00e0 doen\u00e7a de Parkinson\"}]},{\"@type\":\"WebSite\",\"@id\":\"https:\/\/noticiasemdestaque.com\/cd\/#website\",\"url\":\"https:\/\/noticiasemdestaque.com\/cd\/\",\"name\":\"Not&iacute;cias em Destaque\",\"description\":\"\",\"publisher\":{\"@id\":\"https:\/\/noticiasemdestaque.com\/cd\/#organization\"},\"potentialAction\":[{\"@type\":\"SearchAction\",\"target\":{\"@type\":\"EntryPoint\",\"urlTemplate\":\"https:\/\/noticiasemdestaque.com\/cd\/?s={search_term_string}\"},\"query-input\":{\"@type\":\"PropertyValueSpecification\",\"valueRequired\":true,\"valueName\":\"search_term_string\"}}],\"inLanguage\":\"pt-BR\"},{\"@type\":\"Organization\",\"@id\":\"https:\/\/noticiasemdestaque.com\/cd\/#organization\",\"name\":\"Not\u00edcias em Destaque\",\"url\":\"https:\/\/noticiasemdestaque.com\/cd\/\",\"logo\":{\"@type\":\"ImageObject\",\"inLanguage\":\"pt-BR\",\"@id\":\"https:\/\/noticiasemdestaque.com\/cd\/#\/schema\/logo\/image\/\",\"url\":\"https:\/\/noticiasemdestaque.com\/cd\/wp-content\/uploads\/2022\/05\/imagem-base-noticiasemdestaque.png\",\"contentUrl\":\"https:\/\/noticiasemdestaque.com\/cd\/wp-content\/uploads\/2022\/05\/imagem-base-noticiasemdestaque.png\",\"width\":1200,\"height\":630,\"caption\":\"Not\u00edcias em Destaque\"},\"image\":{\"@id\":\"https:\/\/noticiasemdestaque.com\/cd\/#\/schema\/logo\/image\/\"}},{\"@type\":\"Person\",\"@id\":\"https:\/\/noticiasemdestaque.com\/cd\/#\/schema\/person\/21320b03a7e8bb90128938dafc9b908a\",\"name\":\"Not\u00edcias em Destaque\",\"url\":\"https:\/\/noticiasemdestaque.com\/cd\/?author=2\"}]}<\/script>\n<!-- \/ Yoast SEO plugin. -->","yoast_head_json":{"title":"Anvisa pro\u00edbe comercializa\u00e7\u00e3o de herbicida associado \u00e0 doen\u00e7a de Parkinson - Not&iacute;cias em Destaque","robots":{"index":"index","follow":"follow","max-snippet":"max-snippet:-1","max-image-preview":"max-image-preview:large","max-video-preview":"max-video-preview:-1"},"canonical":"https:\/\/noticiasemdestaque.com\/cd\/?p=4509","og_locale":"pt_BR","og_type":"article","og_title":"Anvisa pro\u00edbe comercializa\u00e7\u00e3o de herbicida associado \u00e0 doen\u00e7a de Parkinson - Not&iacute;cias em Destaque","og_description":"Ap\u00f3s an\u00e1lise de nove anos, a Anvisa (Ag\u00eancia Nacional de Vigil\u00e2ncia Sanit\u00e1ria) decidiu pela proibi\u00e7\u00e3o da comercializa\u00e7\u00e3o e uso do herbicida \u2018Paraquate\u2019. O Paraquate \u00e9 utilizado na agricultura no Brasil para o combate de ervas daninhas em culturas como a do milho, algod\u00e3o, soja, feij\u00e3o e cana-de-a\u00e7\u00facar. An\u00e1lise de evid\u00eancias cient\u00edficas concluiu que o produto est\u00e1 associado ao desenvolvimento da doen\u00e7a de Parkinson \u2014 condi\u00e7\u00e3o neurol\u00f3gica degenerativa que leva ao tremor, rigidez, dist\u00farbios na fala e problemas de equil\u00edbrio. Segundo relat\u00f3rio do GGTOX, grupo de trabalho de toxicidade da Anvisa, o produto tem qualifica\u00e7\u00e3o toxicol\u00f3gica I, considerado extremante t\u00f3xico. A ag\u00eancia come\u00e7ou a analisar o produto em 2008. De acordo com a an\u00e1lise das evid\u00eancias cient\u00edficas, o grupo considerou haver peso suficiente para comprovar o potencial do herbicida de induzir aberra\u00e7\u00f5es cromoss\u00f4micas em c\u00e9lulas som\u00e1ticas in vitro e in vivo, em diferentes esp\u00e9cies, e por diferentes vias de exposi\u00e7\u00e3o, inclusive d\u00e9rmica. Ainda, em an\u00e1lise conjunta com a Fiocruz, que entregou nota t\u00e9cnica \u00e0 ag\u00eancia em outubro de 2009, a Fiocruz considerou suficientes as evid\u00eancias da literatura cient\u00edfica relacionadas \u00e0 intoxica\u00e7\u00e3o aguda, mutagenicidade, desregula\u00e7\u00e3o end\u00f3crina, carcinog\u00eanese, toxicidade reprodutiva, teratog\u00eanese e doen\u00e7a de Parkinson. No entanto, as evid\u00eancias mais consistentes foram relacionadas \u00e0 doen\u00e7a de Parkinson, o que levou o relat\u00f3rio da Anvisa a concluir que: \u201cH\u00e1 um peso de evid\u00eancia forte em estudos em animais e epidemiol\u00f3gicos indicando que o Paraquate est\u00e1 associado ao desencadeamento da doen\u00e7a de Parkinson em humanos.\u201d A ag\u00eancia diz, no entanto, que as evid\u00eancias apontam para o risco do Paraquate em trabalhadores que entram em contato diretamente com o produto. N\u00e3o h\u00e1 evid\u00eancias apresentadas que o herbicida deixe res\u00edduo nos alimentos. A decis\u00e3o da diretoria colegiada da Anvisa foi feita no fim da tarde de ter\u00e7a-feira (19). O prazo concedido para o total banimento do produto \u00e9 de tr\u00eas anos. Com G1","og_url":"https:\/\/noticiasemdestaque.com\/cd\/?p=4509","og_site_name":"Not&iacute;cias em Destaque","article_published_time":"2017-09-21T11:29:05+00:00","og_image":[{"width":300,"height":188,"url":"https:\/\/noticiasemdestaque.com\/cd\/wp-content\/uploads\/2017\/09\/plantacao_de_soja-300x188.png","type":"image\/png"}],"author":"Not\u00edcias em Destaque","twitter_card":"summary_large_image","twitter_misc":{"Escrito por":"Not\u00edcias em Destaque","Est. tempo de leitura":"2 minutos"},"schema":{"@context":"https:\/\/schema.org","@graph":[{"@type":"Article","@id":"https:\/\/noticiasemdestaque.com\/cd\/?p=4509#article","isPartOf":{"@id":"https:\/\/noticiasemdestaque.com\/cd\/?p=4509"},"author":{"name":"Not\u00edcias em Destaque","@id":"https:\/\/noticiasemdestaque.com\/cd\/#\/schema\/person\/21320b03a7e8bb90128938dafc9b908a"},"headline":"Anvisa pro\u00edbe comercializa\u00e7\u00e3o de herbicida associado \u00e0 doen\u00e7a de Parkinson","datePublished":"2017-09-21T11:29:05+00:00","mainEntityOfPage":{"@id":"https:\/\/noticiasemdestaque.com\/cd\/?p=4509"},"wordCount":368,"publisher":{"@id":"https:\/\/noticiasemdestaque.com\/cd\/#organization"},"image":{"@id":"https:\/\/noticiasemdestaque.com\/cd\/?p=4509#primaryimage"},"thumbnailUrl":"https:\/\/noticiasemdestaque.com\/cd\/wp-content\/uploads\/2017\/09\/plantacao_de_soja-300x188.png","articleSection":["Sa\u00fade"],"inLanguage":"pt-BR"},{"@type":"WebPage","@id":"https:\/\/noticiasemdestaque.com\/cd\/?p=4509","url":"https:\/\/noticiasemdestaque.com\/cd\/?p=4509","name":"Anvisa pro\u00edbe comercializa\u00e7\u00e3o de herbicida associado \u00e0 doen\u00e7a de Parkinson - Not&iacute;cias em Destaque","isPartOf":{"@id":"https:\/\/noticiasemdestaque.com\/cd\/#website"},"primaryImageOfPage":{"@id":"https:\/\/noticiasemdestaque.com\/cd\/?p=4509#primaryimage"},"image":{"@id":"https:\/\/noticiasemdestaque.com\/cd\/?p=4509#primaryimage"},"thumbnailUrl":"https:\/\/noticiasemdestaque.com\/cd\/wp-content\/uploads\/2017\/09\/plantacao_de_soja-300x188.png","datePublished":"2017-09-21T11:29:05+00:00","breadcrumb":{"@id":"https:\/\/noticiasemdestaque.com\/cd\/?p=4509#breadcrumb"},"inLanguage":"pt-BR","potentialAction":[{"@type":"ReadAction","target":["https:\/\/noticiasemdestaque.com\/cd\/?p=4509"]}]},{"@type":"ImageObject","inLanguage":"pt-BR","@id":"https:\/\/noticiasemdestaque.com\/cd\/?p=4509#primaryimage","url":"https:\/\/noticiasemdestaque.com\/cd\/wp-content\/uploads\/2017\/09\/plantacao_de_soja-300x188.png","contentUrl":"https:\/\/noticiasemdestaque.com\/cd\/wp-content\/uploads\/2017\/09\/plantacao_de_soja-300x188.png","width":300,"height":188},{"@type":"BreadcrumbList","@id":"https:\/\/noticiasemdestaque.com\/cd\/?p=4509#breadcrumb","itemListElement":[{"@type":"ListItem","position":1,"name":"In\u00edcio","item":"https:\/\/noticiasemdestaque.com\/cd\/"},{"@type":"ListItem","position":2,"name":"Anvisa pro\u00edbe comercializa\u00e7\u00e3o de herbicida associado \u00e0 doen\u00e7a de Parkinson"}]},{"@type":"WebSite","@id":"https:\/\/noticiasemdestaque.com\/cd\/#website","url":"https:\/\/noticiasemdestaque.com\/cd\/","name":"Not&iacute;cias em Destaque","description":"","publisher":{"@id":"https:\/\/noticiasemdestaque.com\/cd\/#organization"},"potentialAction":[{"@type":"SearchAction","target":{"@type":"EntryPoint","urlTemplate":"https:\/\/noticiasemdestaque.com\/cd\/?s={search_term_string}"},"query-input":{"@type":"PropertyValueSpecification","valueRequired":true,"valueName":"search_term_string"}}],"inLanguage":"pt-BR"},{"@type":"Organization","@id":"https:\/\/noticiasemdestaque.com\/cd\/#organization","name":"Not\u00edcias em Destaque","url":"https:\/\/noticiasemdestaque.com\/cd\/","logo":{"@type":"ImageObject","inLanguage":"pt-BR","@id":"https:\/\/noticiasemdestaque.com\/cd\/#\/schema\/logo\/image\/","url":"https:\/\/noticiasemdestaque.com\/cd\/wp-content\/uploads\/2022\/05\/imagem-base-noticiasemdestaque.png","contentUrl":"https:\/\/noticiasemdestaque.com\/cd\/wp-content\/uploads\/2022\/05\/imagem-base-noticiasemdestaque.png","width":1200,"height":630,"caption":"Not\u00edcias em Destaque"},"image":{"@id":"https:\/\/noticiasemdestaque.com\/cd\/#\/schema\/logo\/image\/"}},{"@type":"Person","@id":"https:\/\/noticiasemdestaque.com\/cd\/#\/schema\/person\/21320b03a7e8bb90128938dafc9b908a","name":"Not\u00edcias em Destaque","url":"https:\/\/noticiasemdestaque.com\/cd\/?author=2"}]}},"jetpack_featured_media_url":"https:\/\/noticiasemdestaque.com\/cd\/wp-content\/uploads\/2017\/09\/plantacao_de_soja-300x188.png","jetpack_sharing_enabled":true,"_links":{"self":[{"href":"https:\/\/noticiasemdestaque.com\/cd\/index.php?rest_route=\/wp\/v2\/posts\/4509","targetHints":{"allow":["GET"]}}],"collection":[{"href":"https:\/\/noticiasemdestaque.com\/cd\/index.php?rest_route=\/wp\/v2\/posts"}],"about":[{"href":"https:\/\/noticiasemdestaque.com\/cd\/index.php?rest_route=\/wp\/v2\/types\/post"}],"author":[{"embeddable":true,"href":"https:\/\/noticiasemdestaque.com\/cd\/index.php?rest_route=\/wp\/v2\/users\/2"}],"replies":[{"embeddable":true,"href":"https:\/\/noticiasemdestaque.com\/cd\/index.php?rest_route=%2Fwp%2Fv2%2Fcomments&post=4509"}],"version-history":[{"count":1,"href":"https:\/\/noticiasemdestaque.com\/cd\/index.php?rest_route=\/wp\/v2\/posts\/4509\/revisions"}],"predecessor-version":[{"id":4511,"href":"https:\/\/noticiasemdestaque.com\/cd\/index.php?rest_route=\/wp\/v2\/posts\/4509\/revisions\/4511"}],"wp:featuredmedia":[{"embeddable":true,"href":"https:\/\/noticiasemdestaque.com\/cd\/index.php?rest_route=\/wp\/v2\/media\/4510"}],"wp:attachment":[{"href":"https:\/\/noticiasemdestaque.com\/cd\/index.php?rest_route=%2Fwp%2Fv2%2Fmedia&parent=4509"}],"wp:term":[{"taxonomy":"category","embeddable":true,"href":"https:\/\/noticiasemdestaque.com\/cd\/index.php?rest_route=%2Fwp%2Fv2%2Fcategories&post=4509"},{"taxonomy":"post_tag","embeddable":true,"href":"https:\/\/noticiasemdestaque.com\/cd\/index.php?rest_route=%2Fwp%2Fv2%2Ftags&post=4509"}],"curies":[{"name":"wp","href":"https:\/\/api.w.org\/{rel}","templated":true}]}}