{"id":4483,"date":"2017-09-20T15:48:39","date_gmt":"2017-09-20T18:48:39","guid":{"rendered":"http:\/\/caririemdestaque.com\/cd\/?p=4483"},"modified":"2017-09-20T15:48:39","modified_gmt":"2017-09-20T18:48:39","slug":"monteiro-sedia-iii-encontro-de-bandas-e-fanfarras-maestro-ronaldo-simoes-domingo","status":"publish","type":"post","link":"https:\/\/noticiasemdestaque.com\/cd\/?p=4483","title":{"rendered":"Monteiro sedia III Encontro de Bandas e Fanfarras Maestro Ronaldo Sim\u00f5es domingo"},"content":{"rendered":"<p><a href=\"http:\/\/caririemdestaque.com\/cd\/wp-content\/uploads\/2017\/09\/banda_fanfarra.jpeg\"><img fetchpriority=\"high\" decoding=\"async\" class=\"alignleft wp-image-4484 size-medium\" src=\"http:\/\/caririemdestaque.com\/cd\/wp-content\/uploads\/2017\/09\/banda_fanfarra-300x218.jpeg\" alt=\"\" width=\"300\" height=\"218\" srcset=\"https:\/\/noticiasemdestaque.com\/cd\/wp-content\/uploads\/2017\/09\/banda_fanfarra-300x218.jpeg 300w, https:\/\/noticiasemdestaque.com\/cd\/wp-content\/uploads\/2017\/09\/banda_fanfarra.jpeg 547w\" sizes=\"(max-width: 300px) 100vw, 300px\" \/><\/a>Mais que uma confraterniza\u00e7\u00e3o e troca de conhecimentos, o III Encontro de Bandas e Fanfarras que acontecer\u00e1 no pr\u00f3ximo domingo, 24, em Monteiro, \u00e9 uma mostra de beleza e talentos, um grande espet\u00e1culo. Participantes e expectadores j\u00e1 classificam o evento como um dos melhores a n\u00edvel nordeste.<\/p>\n<p>O local oficial da apresenta\u00e7\u00e3o ser\u00e1 na Pra\u00e7a Jo\u00e3o Pessoa, tradicional por receber grandes eventos culturais, e come\u00e7ar\u00e1 por volta das 15h:30, contando com a presen\u00e7a de autoridades, personalidades e m\u00fasicos da regi\u00e3o.<\/p>\n<p>J\u00e1 est\u00e3o confirmadas tamb\u00e9m as presen\u00e7as de v\u00e1rias escolas que ter\u00e3o tamb\u00e9m a oportunidade de apresentar seus programas e projetos na \u00e1rea da educa\u00e7\u00e3o e inclus\u00e3o social para a juventude.<\/p>\n<p>Ao final das apresenta\u00e7\u00f5es as Bandas e Fanfarras participantes receber\u00e3o um trof\u00e9u. O Evento conta com total apoio da Prefeitura Municipal por meio da Secretaria de Cultura e Turismo, que oferece toda estrutura necess\u00e1ria para este que j\u00e1 \u00e9 um evento de sucesso j\u00e1 consolidado em Monteiro.<\/p>\n<p>\u201cJ\u00e1 sabemos do grande amor dos monteirenses pelas Fanfarras da cidade, este \u00e9 mais um momento de brilho das bandas de nossa cidade e uma grande oportunidade tamb\u00e9m para as cidades vizinhas. Tenho certeza que ser\u00e1 um grande espet\u00e1culo e conto com a presen\u00e7a de todos na cidade neste domingo\u201d, disse a prefeita Anna Lorena.<\/p>\n<p>A coordena\u00e7\u00e3o do evento est\u00e1 sob a coordena\u00e7\u00e3o de Mois\u00e9s Nascimento e Rony Wesley, que acreditam no sucesso absoluto deste terceiro encontro.<\/p>\n<p>Segundo os organizadores, as bandas se concentrar\u00e3o nas imedia\u00e7\u00f5es do Col\u00e9gio Estadual Jos\u00e9 Leite de Sousa e da Escola Municipal Tiradentes e percorrer\u00e3o toda a avenida principal da cidade de Monteiro at\u00e9 a Pra\u00e7a Jo\u00e3o Pessoa.<\/p>\n<p><em><strong>Cariri em Destaque<\/strong><\/em><\/p>\n<p>Com Ascom<\/p>\n","protected":false},"excerpt":{"rendered":"<p>Mais que uma confraterniza\u00e7\u00e3o e troca de conhecimentos, o III Encontro de Bandas e Fanfarras que acontecer\u00e1 no pr\u00f3ximo domingo, 24, em Monteiro, \u00e9 uma mostra de beleza e talentos, um grande espet\u00e1culo. Participantes e expectadores j\u00e1 classificam o evento como um dos melhores a n\u00edvel nordeste. O local oficial da apresenta\u00e7\u00e3o ser\u00e1 na Pra\u00e7a Jo\u00e3o Pessoa, tradicional por receber grandes eventos culturais, e come\u00e7ar\u00e1 por volta das 15h:30, contando com a presen\u00e7a de autoridades, personalidades e m\u00fasicos da regi\u00e3o. J\u00e1 est\u00e3o confirmadas tamb\u00e9m as presen\u00e7as de v\u00e1rias escolas que ter\u00e3o tamb\u00e9m a oportunidade de apresentar seus programas e projetos na \u00e1rea da educa\u00e7\u00e3o e inclus\u00e3o social para a juventude. Ao final das apresenta\u00e7\u00f5es as Bandas e Fanfarras participantes receber\u00e3o um trof\u00e9u. O Evento conta com total apoio da Prefeitura Municipal por meio da Secretaria de Cultura e Turismo, que oferece toda estrutura necess\u00e1ria para este que j\u00e1 \u00e9 um evento de sucesso j\u00e1 consolidado em Monteiro. \u201cJ\u00e1 sabemos do grande amor dos monteirenses pelas Fanfarras da cidade, este \u00e9 mais um momento de brilho das bandas de nossa cidade e uma grande oportunidade tamb\u00e9m para as cidades vizinhas. Tenho certeza que ser\u00e1 um grande espet\u00e1culo e conto com a presen\u00e7a de todos na cidade neste domingo\u201d, disse a prefeita Anna Lorena. A coordena\u00e7\u00e3o do evento est\u00e1 sob a coordena\u00e7\u00e3o de Mois\u00e9s Nascimento e Rony Wesley, que acreditam no sucesso absoluto deste terceiro encontro. Segundo os organizadores, as bandas se concentrar\u00e3o nas imedia\u00e7\u00f5es do Col\u00e9gio Estadual Jos\u00e9 Leite de Sousa e da Escola Municipal Tiradentes e percorrer\u00e3o toda a avenida principal da cidade de Monteiro at\u00e9 a Pra\u00e7a Jo\u00e3o Pessoa. Cariri em Destaque Com Ascom<\/p>\n","protected":false},"author":2,"featured_media":4484,"comment_status":"closed","ping_status":"open","sticky":false,"template":"","format":"standard","meta":{"_eb_attr":"","_jetpack_memberships_contains_paid_content":false,"footnotes":""},"categories":[4],"tags":[],"class_list":["post-4483","post","type-post","status-publish","format-standard","has-post-thumbnail","hentry","category-politica"],"yoast_head":"<!-- This site is optimized with the Yoast SEO plugin v26.5 - https:\/\/yoast.com\/wordpress\/plugins\/seo\/ -->\n<title>Monteiro sedia III Encontro de Bandas e Fanfarras Maestro Ronaldo Sim\u00f5es domingo - Not&iacute;cias em Destaque<\/title>\n<meta name=\"robots\" content=\"index, follow, max-snippet:-1, max-image-preview:large, max-video-preview:-1\" \/>\n<link rel=\"canonical\" href=\"https:\/\/noticiasemdestaque.com\/cd\/?p=4483\" \/>\n<meta property=\"og:locale\" content=\"pt_BR\" \/>\n<meta property=\"og:type\" content=\"article\" \/>\n<meta property=\"og:title\" content=\"Monteiro sedia III Encontro de Bandas e Fanfarras Maestro Ronaldo Sim\u00f5es domingo - Not&iacute;cias em Destaque\" \/>\n<meta property=\"og:description\" content=\"Mais que uma confraterniza\u00e7\u00e3o e troca de conhecimentos, o III Encontro de Bandas e Fanfarras que acontecer\u00e1 no pr\u00f3ximo domingo, 24, em Monteiro, \u00e9 uma mostra de beleza e talentos, um grande espet\u00e1culo. Participantes e expectadores j\u00e1 classificam o evento como um dos melhores a n\u00edvel nordeste. O local oficial da apresenta\u00e7\u00e3o ser\u00e1 na Pra\u00e7a Jo\u00e3o Pessoa, tradicional por receber grandes eventos culturais, e come\u00e7ar\u00e1 por volta das 15h:30, contando com a presen\u00e7a de autoridades, personalidades e m\u00fasicos da regi\u00e3o. J\u00e1 est\u00e3o confirmadas tamb\u00e9m as presen\u00e7as de v\u00e1rias escolas que ter\u00e3o tamb\u00e9m a oportunidade de apresentar seus programas e projetos na \u00e1rea da educa\u00e7\u00e3o e inclus\u00e3o social para a juventude. Ao final das apresenta\u00e7\u00f5es as Bandas e Fanfarras participantes receber\u00e3o um trof\u00e9u. O Evento conta com total apoio da Prefeitura Municipal por meio da Secretaria de Cultura e Turismo, que oferece toda estrutura necess\u00e1ria para este que j\u00e1 \u00e9 um evento de sucesso j\u00e1 consolidado em Monteiro. \u201cJ\u00e1 sabemos do grande amor dos monteirenses pelas Fanfarras da cidade, este \u00e9 mais um momento de brilho das bandas de nossa cidade e uma grande oportunidade tamb\u00e9m para as cidades vizinhas. Tenho certeza que ser\u00e1 um grande espet\u00e1culo e conto com a presen\u00e7a de todos na cidade neste domingo\u201d, disse a prefeita Anna Lorena. A coordena\u00e7\u00e3o do evento est\u00e1 sob a coordena\u00e7\u00e3o de Mois\u00e9s Nascimento e Rony Wesley, que acreditam no sucesso absoluto deste terceiro encontro. Segundo os organizadores, as bandas se concentrar\u00e3o nas imedia\u00e7\u00f5es do Col\u00e9gio Estadual Jos\u00e9 Leite de Sousa e da Escola Municipal Tiradentes e percorrer\u00e3o toda a avenida principal da cidade de Monteiro at\u00e9 a Pra\u00e7a Jo\u00e3o Pessoa. Cariri em Destaque Com Ascom\" \/>\n<meta property=\"og:url\" content=\"https:\/\/noticiasemdestaque.com\/cd\/?p=4483\" \/>\n<meta property=\"og:site_name\" content=\"Not&iacute;cias em Destaque\" \/>\n<meta property=\"article:published_time\" content=\"2017-09-20T18:48:39+00:00\" \/>\n<meta property=\"og:image\" content=\"https:\/\/noticiasemdestaque.com\/cd\/wp-content\/uploads\/2017\/09\/banda_fanfarra.jpeg\" \/>\n\t<meta property=\"og:image:width\" content=\"547\" \/>\n\t<meta property=\"og:image:height\" content=\"398\" \/>\n\t<meta property=\"og:image:type\" content=\"image\/jpeg\" \/>\n<meta name=\"author\" content=\"Not\u00edcias em Destaque\" \/>\n<meta name=\"twitter:card\" content=\"summary_large_image\" \/>\n<meta name=\"twitter:label1\" content=\"Escrito por\" \/>\n\t<meta name=\"twitter:data1\" content=\"Not\u00edcias em Destaque\" \/>\n\t<meta name=\"twitter:label2\" content=\"Est. tempo de leitura\" \/>\n\t<meta name=\"twitter:data2\" content=\"2 minutos\" \/>\n<script type=\"application\/ld+json\" class=\"yoast-schema-graph\">{\"@context\":\"https:\/\/schema.org\",\"@graph\":[{\"@type\":\"Article\",\"@id\":\"https:\/\/noticiasemdestaque.com\/cd\/?p=4483#article\",\"isPartOf\":{\"@id\":\"https:\/\/noticiasemdestaque.com\/cd\/?p=4483\"},\"author\":{\"name\":\"Not\u00edcias em Destaque\",\"@id\":\"https:\/\/noticiasemdestaque.com\/cd\/#\/schema\/person\/21320b03a7e8bb90128938dafc9b908a\"},\"headline\":\"Monteiro sedia III Encontro de Bandas e Fanfarras Maestro Ronaldo Sim\u00f5es domingo\",\"datePublished\":\"2017-09-20T18:48:39+00:00\",\"mainEntityOfPage\":{\"@id\":\"https:\/\/noticiasemdestaque.com\/cd\/?p=4483\"},\"wordCount\":319,\"publisher\":{\"@id\":\"https:\/\/noticiasemdestaque.com\/cd\/#organization\"},\"image\":{\"@id\":\"https:\/\/noticiasemdestaque.com\/cd\/?p=4483#primaryimage\"},\"thumbnailUrl\":\"https:\/\/noticiasemdestaque.com\/cd\/wp-content\/uploads\/2017\/09\/banda_fanfarra.jpeg\",\"articleSection\":[\"Pol\u00edtica\"],\"inLanguage\":\"pt-BR\"},{\"@type\":\"WebPage\",\"@id\":\"https:\/\/noticiasemdestaque.com\/cd\/?p=4483\",\"url\":\"https:\/\/noticiasemdestaque.com\/cd\/?p=4483\",\"name\":\"Monteiro sedia III Encontro de Bandas e Fanfarras Maestro Ronaldo Sim\u00f5es domingo - Not&iacute;cias em Destaque\",\"isPartOf\":{\"@id\":\"https:\/\/noticiasemdestaque.com\/cd\/#website\"},\"primaryImageOfPage\":{\"@id\":\"https:\/\/noticiasemdestaque.com\/cd\/?p=4483#primaryimage\"},\"image\":{\"@id\":\"https:\/\/noticiasemdestaque.com\/cd\/?p=4483#primaryimage\"},\"thumbnailUrl\":\"https:\/\/noticiasemdestaque.com\/cd\/wp-content\/uploads\/2017\/09\/banda_fanfarra.jpeg\",\"datePublished\":\"2017-09-20T18:48:39+00:00\",\"breadcrumb\":{\"@id\":\"https:\/\/noticiasemdestaque.com\/cd\/?p=4483#breadcrumb\"},\"inLanguage\":\"pt-BR\",\"potentialAction\":[{\"@type\":\"ReadAction\",\"target\":[\"https:\/\/noticiasemdestaque.com\/cd\/?p=4483\"]}]},{\"@type\":\"ImageObject\",\"inLanguage\":\"pt-BR\",\"@id\":\"https:\/\/noticiasemdestaque.com\/cd\/?p=4483#primaryimage\",\"url\":\"https:\/\/noticiasemdestaque.com\/cd\/wp-content\/uploads\/2017\/09\/banda_fanfarra.jpeg\",\"contentUrl\":\"https:\/\/noticiasemdestaque.com\/cd\/wp-content\/uploads\/2017\/09\/banda_fanfarra.jpeg\",\"width\":547,\"height\":398},{\"@type\":\"BreadcrumbList\",\"@id\":\"https:\/\/noticiasemdestaque.com\/cd\/?p=4483#breadcrumb\",\"itemListElement\":[{\"@type\":\"ListItem\",\"position\":1,\"name\":\"In\u00edcio\",\"item\":\"https:\/\/noticiasemdestaque.com\/cd\/\"},{\"@type\":\"ListItem\",\"position\":2,\"name\":\"Monteiro sedia III Encontro de Bandas e Fanfarras Maestro Ronaldo Sim\u00f5es domingo\"}]},{\"@type\":\"WebSite\",\"@id\":\"https:\/\/noticiasemdestaque.com\/cd\/#website\",\"url\":\"https:\/\/noticiasemdestaque.com\/cd\/\",\"name\":\"Not&iacute;cias em Destaque\",\"description\":\"\",\"publisher\":{\"@id\":\"https:\/\/noticiasemdestaque.com\/cd\/#organization\"},\"potentialAction\":[{\"@type\":\"SearchAction\",\"target\":{\"@type\":\"EntryPoint\",\"urlTemplate\":\"https:\/\/noticiasemdestaque.com\/cd\/?s={search_term_string}\"},\"query-input\":{\"@type\":\"PropertyValueSpecification\",\"valueRequired\":true,\"valueName\":\"search_term_string\"}}],\"inLanguage\":\"pt-BR\"},{\"@type\":\"Organization\",\"@id\":\"https:\/\/noticiasemdestaque.com\/cd\/#organization\",\"name\":\"Not\u00edcias em Destaque\",\"url\":\"https:\/\/noticiasemdestaque.com\/cd\/\",\"logo\":{\"@type\":\"ImageObject\",\"inLanguage\":\"pt-BR\",\"@id\":\"https:\/\/noticiasemdestaque.com\/cd\/#\/schema\/logo\/image\/\",\"url\":\"https:\/\/noticiasemdestaque.com\/cd\/wp-content\/uploads\/2022\/05\/imagem-base-noticiasemdestaque.png\",\"contentUrl\":\"https:\/\/noticiasemdestaque.com\/cd\/wp-content\/uploads\/2022\/05\/imagem-base-noticiasemdestaque.png\",\"width\":1200,\"height\":630,\"caption\":\"Not\u00edcias em Destaque\"},\"image\":{\"@id\":\"https:\/\/noticiasemdestaque.com\/cd\/#\/schema\/logo\/image\/\"}},{\"@type\":\"Person\",\"@id\":\"https:\/\/noticiasemdestaque.com\/cd\/#\/schema\/person\/21320b03a7e8bb90128938dafc9b908a\",\"name\":\"Not\u00edcias em Destaque\",\"url\":\"https:\/\/noticiasemdestaque.com\/cd\/?author=2\"}]}<\/script>\n<!-- \/ Yoast SEO plugin. -->","yoast_head_json":{"title":"Monteiro sedia III Encontro de Bandas e Fanfarras Maestro Ronaldo Sim\u00f5es domingo - Not&iacute;cias em Destaque","robots":{"index":"index","follow":"follow","max-snippet":"max-snippet:-1","max-image-preview":"max-image-preview:large","max-video-preview":"max-video-preview:-1"},"canonical":"https:\/\/noticiasemdestaque.com\/cd\/?p=4483","og_locale":"pt_BR","og_type":"article","og_title":"Monteiro sedia III Encontro de Bandas e Fanfarras Maestro Ronaldo Sim\u00f5es domingo - Not&iacute;cias em Destaque","og_description":"Mais que uma confraterniza\u00e7\u00e3o e troca de conhecimentos, o III Encontro de Bandas e Fanfarras que acontecer\u00e1 no pr\u00f3ximo domingo, 24, em Monteiro, \u00e9 uma mostra de beleza e talentos, um grande espet\u00e1culo. Participantes e expectadores j\u00e1 classificam o evento como um dos melhores a n\u00edvel nordeste. O local oficial da apresenta\u00e7\u00e3o ser\u00e1 na Pra\u00e7a Jo\u00e3o Pessoa, tradicional por receber grandes eventos culturais, e come\u00e7ar\u00e1 por volta das 15h:30, contando com a presen\u00e7a de autoridades, personalidades e m\u00fasicos da regi\u00e3o. J\u00e1 est\u00e3o confirmadas tamb\u00e9m as presen\u00e7as de v\u00e1rias escolas que ter\u00e3o tamb\u00e9m a oportunidade de apresentar seus programas e projetos na \u00e1rea da educa\u00e7\u00e3o e inclus\u00e3o social para a juventude. Ao final das apresenta\u00e7\u00f5es as Bandas e Fanfarras participantes receber\u00e3o um trof\u00e9u. O Evento conta com total apoio da Prefeitura Municipal por meio da Secretaria de Cultura e Turismo, que oferece toda estrutura necess\u00e1ria para este que j\u00e1 \u00e9 um evento de sucesso j\u00e1 consolidado em Monteiro. \u201cJ\u00e1 sabemos do grande amor dos monteirenses pelas Fanfarras da cidade, este \u00e9 mais um momento de brilho das bandas de nossa cidade e uma grande oportunidade tamb\u00e9m para as cidades vizinhas. Tenho certeza que ser\u00e1 um grande espet\u00e1culo e conto com a presen\u00e7a de todos na cidade neste domingo\u201d, disse a prefeita Anna Lorena. A coordena\u00e7\u00e3o do evento est\u00e1 sob a coordena\u00e7\u00e3o de Mois\u00e9s Nascimento e Rony Wesley, que acreditam no sucesso absoluto deste terceiro encontro. Segundo os organizadores, as bandas se concentrar\u00e3o nas imedia\u00e7\u00f5es do Col\u00e9gio Estadual Jos\u00e9 Leite de Sousa e da Escola Municipal Tiradentes e percorrer\u00e3o toda a avenida principal da cidade de Monteiro at\u00e9 a Pra\u00e7a Jo\u00e3o Pessoa. Cariri em Destaque Com Ascom","og_url":"https:\/\/noticiasemdestaque.com\/cd\/?p=4483","og_site_name":"Not&iacute;cias em Destaque","article_published_time":"2017-09-20T18:48:39+00:00","og_image":[{"width":547,"height":398,"url":"https:\/\/noticiasemdestaque.com\/cd\/wp-content\/uploads\/2017\/09\/banda_fanfarra.jpeg","type":"image\/jpeg"}],"author":"Not\u00edcias em Destaque","twitter_card":"summary_large_image","twitter_misc":{"Escrito por":"Not\u00edcias em Destaque","Est. tempo de leitura":"2 minutos"},"schema":{"@context":"https:\/\/schema.org","@graph":[{"@type":"Article","@id":"https:\/\/noticiasemdestaque.com\/cd\/?p=4483#article","isPartOf":{"@id":"https:\/\/noticiasemdestaque.com\/cd\/?p=4483"},"author":{"name":"Not\u00edcias em Destaque","@id":"https:\/\/noticiasemdestaque.com\/cd\/#\/schema\/person\/21320b03a7e8bb90128938dafc9b908a"},"headline":"Monteiro sedia III Encontro de Bandas e Fanfarras Maestro Ronaldo Sim\u00f5es domingo","datePublished":"2017-09-20T18:48:39+00:00","mainEntityOfPage":{"@id":"https:\/\/noticiasemdestaque.com\/cd\/?p=4483"},"wordCount":319,"publisher":{"@id":"https:\/\/noticiasemdestaque.com\/cd\/#organization"},"image":{"@id":"https:\/\/noticiasemdestaque.com\/cd\/?p=4483#primaryimage"},"thumbnailUrl":"https:\/\/noticiasemdestaque.com\/cd\/wp-content\/uploads\/2017\/09\/banda_fanfarra.jpeg","articleSection":["Pol\u00edtica"],"inLanguage":"pt-BR"},{"@type":"WebPage","@id":"https:\/\/noticiasemdestaque.com\/cd\/?p=4483","url":"https:\/\/noticiasemdestaque.com\/cd\/?p=4483","name":"Monteiro sedia III Encontro de Bandas e Fanfarras Maestro Ronaldo Sim\u00f5es domingo - Not&iacute;cias em Destaque","isPartOf":{"@id":"https:\/\/noticiasemdestaque.com\/cd\/#website"},"primaryImageOfPage":{"@id":"https:\/\/noticiasemdestaque.com\/cd\/?p=4483#primaryimage"},"image":{"@id":"https:\/\/noticiasemdestaque.com\/cd\/?p=4483#primaryimage"},"thumbnailUrl":"https:\/\/noticiasemdestaque.com\/cd\/wp-content\/uploads\/2017\/09\/banda_fanfarra.jpeg","datePublished":"2017-09-20T18:48:39+00:00","breadcrumb":{"@id":"https:\/\/noticiasemdestaque.com\/cd\/?p=4483#breadcrumb"},"inLanguage":"pt-BR","potentialAction":[{"@type":"ReadAction","target":["https:\/\/noticiasemdestaque.com\/cd\/?p=4483"]}]},{"@type":"ImageObject","inLanguage":"pt-BR","@id":"https:\/\/noticiasemdestaque.com\/cd\/?p=4483#primaryimage","url":"https:\/\/noticiasemdestaque.com\/cd\/wp-content\/uploads\/2017\/09\/banda_fanfarra.jpeg","contentUrl":"https:\/\/noticiasemdestaque.com\/cd\/wp-content\/uploads\/2017\/09\/banda_fanfarra.jpeg","width":547,"height":398},{"@type":"BreadcrumbList","@id":"https:\/\/noticiasemdestaque.com\/cd\/?p=4483#breadcrumb","itemListElement":[{"@type":"ListItem","position":1,"name":"In\u00edcio","item":"https:\/\/noticiasemdestaque.com\/cd\/"},{"@type":"ListItem","position":2,"name":"Monteiro sedia III Encontro de Bandas e Fanfarras Maestro Ronaldo Sim\u00f5es domingo"}]},{"@type":"WebSite","@id":"https:\/\/noticiasemdestaque.com\/cd\/#website","url":"https:\/\/noticiasemdestaque.com\/cd\/","name":"Not&iacute;cias em Destaque","description":"","publisher":{"@id":"https:\/\/noticiasemdestaque.com\/cd\/#organization"},"potentialAction":[{"@type":"SearchAction","target":{"@type":"EntryPoint","urlTemplate":"https:\/\/noticiasemdestaque.com\/cd\/?s={search_term_string}"},"query-input":{"@type":"PropertyValueSpecification","valueRequired":true,"valueName":"search_term_string"}}],"inLanguage":"pt-BR"},{"@type":"Organization","@id":"https:\/\/noticiasemdestaque.com\/cd\/#organization","name":"Not\u00edcias em Destaque","url":"https:\/\/noticiasemdestaque.com\/cd\/","logo":{"@type":"ImageObject","inLanguage":"pt-BR","@id":"https:\/\/noticiasemdestaque.com\/cd\/#\/schema\/logo\/image\/","url":"https:\/\/noticiasemdestaque.com\/cd\/wp-content\/uploads\/2022\/05\/imagem-base-noticiasemdestaque.png","contentUrl":"https:\/\/noticiasemdestaque.com\/cd\/wp-content\/uploads\/2022\/05\/imagem-base-noticiasemdestaque.png","width":1200,"height":630,"caption":"Not\u00edcias em Destaque"},"image":{"@id":"https:\/\/noticiasemdestaque.com\/cd\/#\/schema\/logo\/image\/"}},{"@type":"Person","@id":"https:\/\/noticiasemdestaque.com\/cd\/#\/schema\/person\/21320b03a7e8bb90128938dafc9b908a","name":"Not\u00edcias em Destaque","url":"https:\/\/noticiasemdestaque.com\/cd\/?author=2"}]}},"jetpack_featured_media_url":"https:\/\/noticiasemdestaque.com\/cd\/wp-content\/uploads\/2017\/09\/banda_fanfarra.jpeg","jetpack_sharing_enabled":true,"_links":{"self":[{"href":"https:\/\/noticiasemdestaque.com\/cd\/index.php?rest_route=\/wp\/v2\/posts\/4483","targetHints":{"allow":["GET"]}}],"collection":[{"href":"https:\/\/noticiasemdestaque.com\/cd\/index.php?rest_route=\/wp\/v2\/posts"}],"about":[{"href":"https:\/\/noticiasemdestaque.com\/cd\/index.php?rest_route=\/wp\/v2\/types\/post"}],"author":[{"embeddable":true,"href":"https:\/\/noticiasemdestaque.com\/cd\/index.php?rest_route=\/wp\/v2\/users\/2"}],"replies":[{"embeddable":true,"href":"https:\/\/noticiasemdestaque.com\/cd\/index.php?rest_route=%2Fwp%2Fv2%2Fcomments&post=4483"}],"version-history":[{"count":1,"href":"https:\/\/noticiasemdestaque.com\/cd\/index.php?rest_route=\/wp\/v2\/posts\/4483\/revisions"}],"predecessor-version":[{"id":4485,"href":"https:\/\/noticiasemdestaque.com\/cd\/index.php?rest_route=\/wp\/v2\/posts\/4483\/revisions\/4485"}],"wp:featuredmedia":[{"embeddable":true,"href":"https:\/\/noticiasemdestaque.com\/cd\/index.php?rest_route=\/wp\/v2\/media\/4484"}],"wp:attachment":[{"href":"https:\/\/noticiasemdestaque.com\/cd\/index.php?rest_route=%2Fwp%2Fv2%2Fmedia&parent=4483"}],"wp:term":[{"taxonomy":"category","embeddable":true,"href":"https:\/\/noticiasemdestaque.com\/cd\/index.php?rest_route=%2Fwp%2Fv2%2Fcategories&post=4483"},{"taxonomy":"post_tag","embeddable":true,"href":"https:\/\/noticiasemdestaque.com\/cd\/index.php?rest_route=%2Fwp%2Fv2%2Ftags&post=4483"}],"curies":[{"name":"wp","href":"https:\/\/api.w.org\/{rel}","templated":true}]}}