{"id":44749,"date":"2022-12-15T16:47:30","date_gmt":"2022-12-15T19:47:30","guid":{"rendered":"https:\/\/noticiasemdestaque.com\/cd\/?p=44749"},"modified":"2022-12-15T16:47:30","modified_gmt":"2022-12-15T19:47:30","slug":"policia-efetua-prisao-de-mais-dois-suspeitos-envolvidos-na-morte-do-comerciante-de-sao-joao-do-cariri","status":"publish","type":"post","link":"https:\/\/noticiasemdestaque.com\/cd\/?p=44749","title":{"rendered":"Pol\u00edcia efetua pris\u00e3o de mais dois suspeitos envolvidos na morte do comerciante de S\u00e3o Jo\u00e3o do Cariri"},"content":{"rendered":"<p><a href=\"https:\/\/noticiasemdestaque.com\/cd\/wp-content\/uploads\/2022\/12\/Policia-efetua-prisao-de-mais-dois-suspeitos-envolvidos-na-morte-do-comerciante-de-Sao-Joao-do-Cariri.jpg\"><img fetchpriority=\"high\" decoding=\"async\" class=\"alignnone  wp-image-44750\" src=\"https:\/\/noticiasemdestaque.com\/cd\/wp-content\/uploads\/2022\/12\/Policia-efetua-prisao-de-mais-dois-suspeitos-envolvidos-na-morte-do-comerciante-de-Sao-Joao-do-Cariri-300x225.jpg\" alt=\"\" width=\"1071\" height=\"803\" srcset=\"https:\/\/noticiasemdestaque.com\/cd\/wp-content\/uploads\/2022\/12\/Policia-efetua-prisao-de-mais-dois-suspeitos-envolvidos-na-morte-do-comerciante-de-Sao-Joao-do-Cariri-300x225.jpg 300w, https:\/\/noticiasemdestaque.com\/cd\/wp-content\/uploads\/2022\/12\/Policia-efetua-prisao-de-mais-dois-suspeitos-envolvidos-na-morte-do-comerciante-de-Sao-Joao-do-Cariri-768x576.jpg 768w, https:\/\/noticiasemdestaque.com\/cd\/wp-content\/uploads\/2022\/12\/Policia-efetua-prisao-de-mais-dois-suspeitos-envolvidos-na-morte-do-comerciante-de-Sao-Joao-do-Cariri-16x12.jpg 16w, https:\/\/noticiasemdestaque.com\/cd\/wp-content\/uploads\/2022\/12\/Policia-efetua-prisao-de-mais-dois-suspeitos-envolvidos-na-morte-do-comerciante-de-Sao-Joao-do-Cariri.jpg 1000w\" sizes=\"(max-width: 1071px) 100vw, 1071px\" \/><\/a><\/p>\n<p><strong>EXCLUSIVO:<\/strong>\u00a0Em uma opera\u00e7\u00e3o conjunta das policiais Militar e Civil, foram presos no final da manh\u00e3 desta quinta-feira(15), mais dois homens suspeitos de integrarem o grupo criminoso pelo assassinato do comerciante Ant\u00f4nio Bilro da Silva J\u00fanior (Juninho), ocorrido na tarde desta \u00faltima quarta-feira, na cidade de S\u00e3o Jo\u00e3o do Cariri.<\/p>\n<p>Atrav\u00e9s de uma opera\u00e7\u00e3o policial que desde o dia de ontem realizava rondas pela regi\u00e3o de Serra Branca, as for\u00e7as policiais conseguiram prender os meliantes nesta manh\u00e3, no Bairro do Odonz\u00e3o, na zona urbana de Serra Branca.<\/p>\n<figure class=\"wp-block-image aligncenter size-full is-resized\"><img decoding=\"async\" class=\"wp-image-116617\" src=\"https:\/\/deolhonocariri.com.br\/wp-content\/uploads\/2022\/12\/esse.jpg\" alt=\"\" width=\"513\" height=\"513\" \/><\/figure>\n<p>Segundo informa\u00e7\u00f5es repassadas com exclusividade ao portal De Olho no Cariri pelo Delegado de Pol\u00edcia Civil, Dr. Edson Vasconcelos, os dois meliantes presos estavam residindo atualmente na cidade de Serra Branca.<\/p>\n<p>J\u00e1 na noite desta \u00faltima quarta-feira, a Pol\u00edcia Civil conseguiu identificar e prender o primeiro suspeito, na qual era o propriet\u00e1rio do ve\u00edculo usado na a\u00e7\u00e3o criminosa, que durante interrogat\u00f3rio, confessou a participa\u00e7\u00e3o no crime.<\/p>\n<p>Ainda de acordo com o Delegado Edson Vasconcelos, as investiga\u00e7\u00f5es prosseguem e n\u00e3o est\u00e1 descartada a hip\u00f3tese de mais pessoas estarem envolvidas no crime ao comerciante s\u00e3ojo\u00e3oense.<\/p>\n<p><strong>Noticias em Destaque<\/strong><\/p>\n<p style=\"text-align: right;\"><em>Fonte: De Olho no Cariri<\/em><\/p>\n","protected":false},"excerpt":{"rendered":"<p>EXCLUSIVO:\u00a0Em uma opera\u00e7\u00e3o conjunta das policiais Militar e Civil, foram presos no final da manh\u00e3 desta quinta-feira(15), mais dois homens suspeitos de integrarem o grupo criminoso pelo assassinato do comerciante Ant\u00f4nio Bilro da Silva J\u00fanior (Juninho), ocorrido na tarde desta \u00faltima quarta-feira, na cidade de S\u00e3o Jo\u00e3o do Cariri. Atrav\u00e9s de uma opera\u00e7\u00e3o policial que desde o dia de ontem realizava rondas pela regi\u00e3o de Serra Branca, as for\u00e7as policiais conseguiram prender os meliantes nesta manh\u00e3, no Bairro do Odonz\u00e3o, na zona urbana de Serra Branca. Segundo informa\u00e7\u00f5es repassadas com exclusividade ao portal De Olho no Cariri pelo Delegado de Pol\u00edcia Civil, Dr. Edson Vasconcelos, os dois meliantes presos estavam residindo atualmente na cidade de Serra Branca. J\u00e1 na noite desta \u00faltima quarta-feira, a Pol\u00edcia Civil conseguiu identificar e prender o primeiro suspeito, na qual era o propriet\u00e1rio do ve\u00edculo usado na a\u00e7\u00e3o criminosa, que durante interrogat\u00f3rio, confessou a participa\u00e7\u00e3o no crime. Ainda de acordo com o Delegado Edson Vasconcelos, as investiga\u00e7\u00f5es prosseguem e n\u00e3o est\u00e1 descartada a hip\u00f3tese de mais pessoas estarem envolvidas no crime ao comerciante s\u00e3ojo\u00e3oense. Noticias em Destaque Fonte: De Olho no Cariri<\/p>\n","protected":false},"author":2,"featured_media":44750,"comment_status":"closed","ping_status":"open","sticky":false,"template":"","format":"standard","meta":{"_eb_attr":"","_jetpack_memberships_contains_paid_content":false,"footnotes":""},"categories":[20],"tags":[],"class_list":["post-44749","post","type-post","status-publish","format-standard","has-post-thumbnail","hentry","category-policia"],"yoast_head":"<!-- This site is optimized with the Yoast SEO plugin v26.5 - https:\/\/yoast.com\/wordpress\/plugins\/seo\/ -->\n<title>Pol\u00edcia efetua pris\u00e3o de mais dois suspeitos envolvidos na morte do comerciante de S\u00e3o Jo\u00e3o do Cariri - Not&iacute;cias em Destaque<\/title>\n<meta name=\"robots\" content=\"index, follow, max-snippet:-1, max-image-preview:large, max-video-preview:-1\" \/>\n<link rel=\"canonical\" href=\"https:\/\/noticiasemdestaque.com\/cd\/?p=44749\" \/>\n<meta property=\"og:locale\" content=\"pt_BR\" \/>\n<meta property=\"og:type\" content=\"article\" \/>\n<meta property=\"og:title\" content=\"Pol\u00edcia efetua pris\u00e3o de mais dois suspeitos envolvidos na morte do comerciante de S\u00e3o Jo\u00e3o do Cariri - Not&iacute;cias em Destaque\" \/>\n<meta property=\"og:description\" content=\"EXCLUSIVO:\u00a0Em uma opera\u00e7\u00e3o conjunta das policiais Militar e Civil, foram presos no final da manh\u00e3 desta quinta-feira(15), mais dois homens suspeitos de integrarem o grupo criminoso pelo assassinato do comerciante Ant\u00f4nio Bilro da Silva J\u00fanior (Juninho), ocorrido na tarde desta \u00faltima quarta-feira, na cidade de S\u00e3o Jo\u00e3o do Cariri. Atrav\u00e9s de uma opera\u00e7\u00e3o policial que desde o dia de ontem realizava rondas pela regi\u00e3o de Serra Branca, as for\u00e7as policiais conseguiram prender os meliantes nesta manh\u00e3, no Bairro do Odonz\u00e3o, na zona urbana de Serra Branca. Segundo informa\u00e7\u00f5es repassadas com exclusividade ao portal De Olho no Cariri pelo Delegado de Pol\u00edcia Civil, Dr. Edson Vasconcelos, os dois meliantes presos estavam residindo atualmente na cidade de Serra Branca. J\u00e1 na noite desta \u00faltima quarta-feira, a Pol\u00edcia Civil conseguiu identificar e prender o primeiro suspeito, na qual era o propriet\u00e1rio do ve\u00edculo usado na a\u00e7\u00e3o criminosa, que durante interrogat\u00f3rio, confessou a participa\u00e7\u00e3o no crime. Ainda de acordo com o Delegado Edson Vasconcelos, as investiga\u00e7\u00f5es prosseguem e n\u00e3o est\u00e1 descartada a hip\u00f3tese de mais pessoas estarem envolvidas no crime ao comerciante s\u00e3ojo\u00e3oense. Noticias em Destaque Fonte: De Olho no Cariri\" \/>\n<meta property=\"og:url\" content=\"https:\/\/noticiasemdestaque.com\/cd\/?p=44749\" \/>\n<meta property=\"og:site_name\" content=\"Not&iacute;cias em Destaque\" \/>\n<meta property=\"article:published_time\" content=\"2022-12-15T19:47:30+00:00\" \/>\n<meta property=\"og:image\" content=\"https:\/\/noticiasemdestaque.com\/cd\/wp-content\/uploads\/2022\/12\/Policia-efetua-prisao-de-mais-dois-suspeitos-envolvidos-na-morte-do-comerciante-de-Sao-Joao-do-Cariri.jpg\" \/>\n\t<meta property=\"og:image:width\" content=\"1000\" \/>\n\t<meta property=\"og:image:height\" content=\"750\" \/>\n\t<meta property=\"og:image:type\" content=\"image\/jpeg\" \/>\n<meta name=\"author\" content=\"Not\u00edcias em Destaque\" \/>\n<meta name=\"twitter:card\" content=\"summary_large_image\" \/>\n<meta name=\"twitter:label1\" content=\"Escrito por\" \/>\n\t<meta name=\"twitter:data1\" content=\"Not\u00edcias em Destaque\" \/>\n\t<meta name=\"twitter:label2\" content=\"Est. tempo de leitura\" \/>\n\t<meta name=\"twitter:data2\" content=\"2 minutos\" \/>\n<script type=\"application\/ld+json\" class=\"yoast-schema-graph\">{\"@context\":\"https:\/\/schema.org\",\"@graph\":[{\"@type\":\"Article\",\"@id\":\"https:\/\/noticiasemdestaque.com\/cd\/?p=44749#article\",\"isPartOf\":{\"@id\":\"https:\/\/noticiasemdestaque.com\/cd\/?p=44749\"},\"author\":{\"name\":\"Not\u00edcias em Destaque\",\"@id\":\"https:\/\/noticiasemdestaque.com\/cd\/#\/schema\/person\/4a81fb71f77579d059c3045891fa1786\"},\"headline\":\"Pol\u00edcia efetua pris\u00e3o de mais dois suspeitos envolvidos na morte do comerciante de S\u00e3o Jo\u00e3o do Cariri\",\"datePublished\":\"2022-12-15T19:47:30+00:00\",\"mainEntityOfPage\":{\"@id\":\"https:\/\/noticiasemdestaque.com\/cd\/?p=44749\"},\"wordCount\":232,\"publisher\":{\"@id\":\"https:\/\/noticiasemdestaque.com\/cd\/#organization\"},\"image\":{\"@id\":\"https:\/\/noticiasemdestaque.com\/cd\/?p=44749#primaryimage\"},\"thumbnailUrl\":\"https:\/\/noticiasemdestaque.com\/cd\/wp-content\/uploads\/2022\/12\/Policia-efetua-prisao-de-mais-dois-suspeitos-envolvidos-na-morte-do-comerciante-de-Sao-Joao-do-Cariri.jpg\",\"articleSection\":[\"Pol\u00edcia\"],\"inLanguage\":\"pt-BR\"},{\"@type\":\"WebPage\",\"@id\":\"https:\/\/noticiasemdestaque.com\/cd\/?p=44749\",\"url\":\"https:\/\/noticiasemdestaque.com\/cd\/?p=44749\",\"name\":\"Pol\u00edcia efetua pris\u00e3o de mais dois suspeitos envolvidos na morte do comerciante de S\u00e3o Jo\u00e3o do Cariri - Not&iacute;cias em Destaque\",\"isPartOf\":{\"@id\":\"https:\/\/noticiasemdestaque.com\/cd\/#website\"},\"primaryImageOfPage\":{\"@id\":\"https:\/\/noticiasemdestaque.com\/cd\/?p=44749#primaryimage\"},\"image\":{\"@id\":\"https:\/\/noticiasemdestaque.com\/cd\/?p=44749#primaryimage\"},\"thumbnailUrl\":\"https:\/\/noticiasemdestaque.com\/cd\/wp-content\/uploads\/2022\/12\/Policia-efetua-prisao-de-mais-dois-suspeitos-envolvidos-na-morte-do-comerciante-de-Sao-Joao-do-Cariri.jpg\",\"datePublished\":\"2022-12-15T19:47:30+00:00\",\"breadcrumb\":{\"@id\":\"https:\/\/noticiasemdestaque.com\/cd\/?p=44749#breadcrumb\"},\"inLanguage\":\"pt-BR\",\"potentialAction\":[{\"@type\":\"ReadAction\",\"target\":[\"https:\/\/noticiasemdestaque.com\/cd\/?p=44749\"]}]},{\"@type\":\"ImageObject\",\"inLanguage\":\"pt-BR\",\"@id\":\"https:\/\/noticiasemdestaque.com\/cd\/?p=44749#primaryimage\",\"url\":\"https:\/\/noticiasemdestaque.com\/cd\/wp-content\/uploads\/2022\/12\/Policia-efetua-prisao-de-mais-dois-suspeitos-envolvidos-na-morte-do-comerciante-de-Sao-Joao-do-Cariri.jpg\",\"contentUrl\":\"https:\/\/noticiasemdestaque.com\/cd\/wp-content\/uploads\/2022\/12\/Policia-efetua-prisao-de-mais-dois-suspeitos-envolvidos-na-morte-do-comerciante-de-Sao-Joao-do-Cariri.jpg\",\"width\":1000,\"height\":750},{\"@type\":\"BreadcrumbList\",\"@id\":\"https:\/\/noticiasemdestaque.com\/cd\/?p=44749#breadcrumb\",\"itemListElement\":[{\"@type\":\"ListItem\",\"position\":1,\"name\":\"In\u00edcio\",\"item\":\"https:\/\/noticiasemdestaque.com\/cd\/\"},{\"@type\":\"ListItem\",\"position\":2,\"name\":\"Pol\u00edcia efetua pris\u00e3o de mais dois suspeitos envolvidos na morte do comerciante de S\u00e3o Jo\u00e3o do Cariri\"}]},{\"@type\":\"WebSite\",\"@id\":\"https:\/\/noticiasemdestaque.com\/cd\/#website\",\"url\":\"https:\/\/noticiasemdestaque.com\/cd\/\",\"name\":\"Not&iacute;cias em Destaque\",\"description\":\"\",\"publisher\":{\"@id\":\"https:\/\/noticiasemdestaque.com\/cd\/#organization\"},\"potentialAction\":[{\"@type\":\"SearchAction\",\"target\":{\"@type\":\"EntryPoint\",\"urlTemplate\":\"https:\/\/noticiasemdestaque.com\/cd\/?s={search_term_string}\"},\"query-input\":{\"@type\":\"PropertyValueSpecification\",\"valueRequired\":true,\"valueName\":\"search_term_string\"}}],\"inLanguage\":\"pt-BR\"},{\"@type\":\"Organization\",\"@id\":\"https:\/\/noticiasemdestaque.com\/cd\/#organization\",\"name\":\"Not\u00edcias em Destaque\",\"url\":\"https:\/\/noticiasemdestaque.com\/cd\/\",\"logo\":{\"@type\":\"ImageObject\",\"inLanguage\":\"pt-BR\",\"@id\":\"https:\/\/noticiasemdestaque.com\/cd\/#\/schema\/logo\/image\/\",\"url\":\"https:\/\/noticiasemdestaque.com\/cd\/wp-content\/uploads\/2022\/05\/imagem-base-noticiasemdestaque.png\",\"contentUrl\":\"https:\/\/noticiasemdestaque.com\/cd\/wp-content\/uploads\/2022\/05\/imagem-base-noticiasemdestaque.png\",\"width\":1200,\"height\":630,\"caption\":\"Not\u00edcias em Destaque\"},\"image\":{\"@id\":\"https:\/\/noticiasemdestaque.com\/cd\/#\/schema\/logo\/image\/\"}},{\"@type\":\"Person\",\"@id\":\"https:\/\/noticiasemdestaque.com\/cd\/#\/schema\/person\/4a81fb71f77579d059c3045891fa1786\",\"name\":\"Not\u00edcias em Destaque\",\"url\":\"https:\/\/noticiasemdestaque.com\/cd\/?author=2\"}]}<\/script>\n<!-- \/ Yoast SEO plugin. -->","yoast_head_json":{"title":"Pol\u00edcia efetua pris\u00e3o de mais dois suspeitos envolvidos na morte do comerciante de S\u00e3o Jo\u00e3o do Cariri - Not&iacute;cias em Destaque","robots":{"index":"index","follow":"follow","max-snippet":"max-snippet:-1","max-image-preview":"max-image-preview:large","max-video-preview":"max-video-preview:-1"},"canonical":"https:\/\/noticiasemdestaque.com\/cd\/?p=44749","og_locale":"pt_BR","og_type":"article","og_title":"Pol\u00edcia efetua pris\u00e3o de mais dois suspeitos envolvidos na morte do comerciante de S\u00e3o Jo\u00e3o do Cariri - Not&iacute;cias em Destaque","og_description":"EXCLUSIVO:\u00a0Em uma opera\u00e7\u00e3o conjunta das policiais Militar e Civil, foram presos no final da manh\u00e3 desta quinta-feira(15), mais dois homens suspeitos de integrarem o grupo criminoso pelo assassinato do comerciante Ant\u00f4nio Bilro da Silva J\u00fanior (Juninho), ocorrido na tarde desta \u00faltima quarta-feira, na cidade de S\u00e3o Jo\u00e3o do Cariri. Atrav\u00e9s de uma opera\u00e7\u00e3o policial que desde o dia de ontem realizava rondas pela regi\u00e3o de Serra Branca, as for\u00e7as policiais conseguiram prender os meliantes nesta manh\u00e3, no Bairro do Odonz\u00e3o, na zona urbana de Serra Branca. Segundo informa\u00e7\u00f5es repassadas com exclusividade ao portal De Olho no Cariri pelo Delegado de Pol\u00edcia Civil, Dr. Edson Vasconcelos, os dois meliantes presos estavam residindo atualmente na cidade de Serra Branca. J\u00e1 na noite desta \u00faltima quarta-feira, a Pol\u00edcia Civil conseguiu identificar e prender o primeiro suspeito, na qual era o propriet\u00e1rio do ve\u00edculo usado na a\u00e7\u00e3o criminosa, que durante interrogat\u00f3rio, confessou a participa\u00e7\u00e3o no crime. Ainda de acordo com o Delegado Edson Vasconcelos, as investiga\u00e7\u00f5es prosseguem e n\u00e3o est\u00e1 descartada a hip\u00f3tese de mais pessoas estarem envolvidas no crime ao comerciante s\u00e3ojo\u00e3oense. Noticias em Destaque Fonte: De Olho no Cariri","og_url":"https:\/\/noticiasemdestaque.com\/cd\/?p=44749","og_site_name":"Not&iacute;cias em Destaque","article_published_time":"2022-12-15T19:47:30+00:00","og_image":[{"width":1000,"height":750,"url":"https:\/\/noticiasemdestaque.com\/cd\/wp-content\/uploads\/2022\/12\/Policia-efetua-prisao-de-mais-dois-suspeitos-envolvidos-na-morte-do-comerciante-de-Sao-Joao-do-Cariri.jpg","type":"image\/jpeg"}],"author":"Not\u00edcias em Destaque","twitter_card":"summary_large_image","twitter_misc":{"Escrito por":"Not\u00edcias em Destaque","Est. tempo de leitura":"2 minutos"},"schema":{"@context":"https:\/\/schema.org","@graph":[{"@type":"Article","@id":"https:\/\/noticiasemdestaque.com\/cd\/?p=44749#article","isPartOf":{"@id":"https:\/\/noticiasemdestaque.com\/cd\/?p=44749"},"author":{"name":"Not\u00edcias em Destaque","@id":"https:\/\/noticiasemdestaque.com\/cd\/#\/schema\/person\/4a81fb71f77579d059c3045891fa1786"},"headline":"Pol\u00edcia efetua pris\u00e3o de mais dois suspeitos envolvidos na morte do comerciante de S\u00e3o Jo\u00e3o do Cariri","datePublished":"2022-12-15T19:47:30+00:00","mainEntityOfPage":{"@id":"https:\/\/noticiasemdestaque.com\/cd\/?p=44749"},"wordCount":232,"publisher":{"@id":"https:\/\/noticiasemdestaque.com\/cd\/#organization"},"image":{"@id":"https:\/\/noticiasemdestaque.com\/cd\/?p=44749#primaryimage"},"thumbnailUrl":"https:\/\/noticiasemdestaque.com\/cd\/wp-content\/uploads\/2022\/12\/Policia-efetua-prisao-de-mais-dois-suspeitos-envolvidos-na-morte-do-comerciante-de-Sao-Joao-do-Cariri.jpg","articleSection":["Pol\u00edcia"],"inLanguage":"pt-BR"},{"@type":"WebPage","@id":"https:\/\/noticiasemdestaque.com\/cd\/?p=44749","url":"https:\/\/noticiasemdestaque.com\/cd\/?p=44749","name":"Pol\u00edcia efetua pris\u00e3o de mais dois suspeitos envolvidos na morte do comerciante de S\u00e3o Jo\u00e3o do Cariri - Not&iacute;cias em Destaque","isPartOf":{"@id":"https:\/\/noticiasemdestaque.com\/cd\/#website"},"primaryImageOfPage":{"@id":"https:\/\/noticiasemdestaque.com\/cd\/?p=44749#primaryimage"},"image":{"@id":"https:\/\/noticiasemdestaque.com\/cd\/?p=44749#primaryimage"},"thumbnailUrl":"https:\/\/noticiasemdestaque.com\/cd\/wp-content\/uploads\/2022\/12\/Policia-efetua-prisao-de-mais-dois-suspeitos-envolvidos-na-morte-do-comerciante-de-Sao-Joao-do-Cariri.jpg","datePublished":"2022-12-15T19:47:30+00:00","breadcrumb":{"@id":"https:\/\/noticiasemdestaque.com\/cd\/?p=44749#breadcrumb"},"inLanguage":"pt-BR","potentialAction":[{"@type":"ReadAction","target":["https:\/\/noticiasemdestaque.com\/cd\/?p=44749"]}]},{"@type":"ImageObject","inLanguage":"pt-BR","@id":"https:\/\/noticiasemdestaque.com\/cd\/?p=44749#primaryimage","url":"https:\/\/noticiasemdestaque.com\/cd\/wp-content\/uploads\/2022\/12\/Policia-efetua-prisao-de-mais-dois-suspeitos-envolvidos-na-morte-do-comerciante-de-Sao-Joao-do-Cariri.jpg","contentUrl":"https:\/\/noticiasemdestaque.com\/cd\/wp-content\/uploads\/2022\/12\/Policia-efetua-prisao-de-mais-dois-suspeitos-envolvidos-na-morte-do-comerciante-de-Sao-Joao-do-Cariri.jpg","width":1000,"height":750},{"@type":"BreadcrumbList","@id":"https:\/\/noticiasemdestaque.com\/cd\/?p=44749#breadcrumb","itemListElement":[{"@type":"ListItem","position":1,"name":"In\u00edcio","item":"https:\/\/noticiasemdestaque.com\/cd\/"},{"@type":"ListItem","position":2,"name":"Pol\u00edcia efetua pris\u00e3o de mais dois suspeitos envolvidos na morte do comerciante de S\u00e3o Jo\u00e3o do Cariri"}]},{"@type":"WebSite","@id":"https:\/\/noticiasemdestaque.com\/cd\/#website","url":"https:\/\/noticiasemdestaque.com\/cd\/","name":"Not&iacute;cias em Destaque","description":"","publisher":{"@id":"https:\/\/noticiasemdestaque.com\/cd\/#organization"},"potentialAction":[{"@type":"SearchAction","target":{"@type":"EntryPoint","urlTemplate":"https:\/\/noticiasemdestaque.com\/cd\/?s={search_term_string}"},"query-input":{"@type":"PropertyValueSpecification","valueRequired":true,"valueName":"search_term_string"}}],"inLanguage":"pt-BR"},{"@type":"Organization","@id":"https:\/\/noticiasemdestaque.com\/cd\/#organization","name":"Not\u00edcias em Destaque","url":"https:\/\/noticiasemdestaque.com\/cd\/","logo":{"@type":"ImageObject","inLanguage":"pt-BR","@id":"https:\/\/noticiasemdestaque.com\/cd\/#\/schema\/logo\/image\/","url":"https:\/\/noticiasemdestaque.com\/cd\/wp-content\/uploads\/2022\/05\/imagem-base-noticiasemdestaque.png","contentUrl":"https:\/\/noticiasemdestaque.com\/cd\/wp-content\/uploads\/2022\/05\/imagem-base-noticiasemdestaque.png","width":1200,"height":630,"caption":"Not\u00edcias em Destaque"},"image":{"@id":"https:\/\/noticiasemdestaque.com\/cd\/#\/schema\/logo\/image\/"}},{"@type":"Person","@id":"https:\/\/noticiasemdestaque.com\/cd\/#\/schema\/person\/4a81fb71f77579d059c3045891fa1786","name":"Not\u00edcias em Destaque","url":"https:\/\/noticiasemdestaque.com\/cd\/?author=2"}]}},"jetpack_featured_media_url":"https:\/\/noticiasemdestaque.com\/cd\/wp-content\/uploads\/2022\/12\/Policia-efetua-prisao-de-mais-dois-suspeitos-envolvidos-na-morte-do-comerciante-de-Sao-Joao-do-Cariri.jpg","jetpack_sharing_enabled":true,"_links":{"self":[{"href":"https:\/\/noticiasemdestaque.com\/cd\/index.php?rest_route=\/wp\/v2\/posts\/44749","targetHints":{"allow":["GET"]}}],"collection":[{"href":"https:\/\/noticiasemdestaque.com\/cd\/index.php?rest_route=\/wp\/v2\/posts"}],"about":[{"href":"https:\/\/noticiasemdestaque.com\/cd\/index.php?rest_route=\/wp\/v2\/types\/post"}],"author":[{"embeddable":true,"href":"https:\/\/noticiasemdestaque.com\/cd\/index.php?rest_route=\/wp\/v2\/users\/2"}],"replies":[{"embeddable":true,"href":"https:\/\/noticiasemdestaque.com\/cd\/index.php?rest_route=%2Fwp%2Fv2%2Fcomments&post=44749"}],"version-history":[{"count":1,"href":"https:\/\/noticiasemdestaque.com\/cd\/index.php?rest_route=\/wp\/v2\/posts\/44749\/revisions"}],"predecessor-version":[{"id":44751,"href":"https:\/\/noticiasemdestaque.com\/cd\/index.php?rest_route=\/wp\/v2\/posts\/44749\/revisions\/44751"}],"wp:featuredmedia":[{"embeddable":true,"href":"https:\/\/noticiasemdestaque.com\/cd\/index.php?rest_route=\/wp\/v2\/media\/44750"}],"wp:attachment":[{"href":"https:\/\/noticiasemdestaque.com\/cd\/index.php?rest_route=%2Fwp%2Fv2%2Fmedia&parent=44749"}],"wp:term":[{"taxonomy":"category","embeddable":true,"href":"https:\/\/noticiasemdestaque.com\/cd\/index.php?rest_route=%2Fwp%2Fv2%2Fcategories&post=44749"},{"taxonomy":"post_tag","embeddable":true,"href":"https:\/\/noticiasemdestaque.com\/cd\/index.php?rest_route=%2Fwp%2Fv2%2Ftags&post=44749"}],"curies":[{"name":"wp","href":"https:\/\/api.w.org\/{rel}","templated":true}]}}