{"id":44739,"date":"2022-12-15T09:10:26","date_gmt":"2022-12-15T12:10:26","guid":{"rendered":"https:\/\/noticiasemdestaque.com\/cd\/?p=44739"},"modified":"2022-12-15T09:10:26","modified_gmt":"2022-12-15T12:10:26","slug":"policia-civil-apreende-veiculo-e-efetua-prisao-do-primeiro-suspeito-pelo-assassinato-de-comerciante-de-sao-joao-do-cariri","status":"publish","type":"post","link":"https:\/\/noticiasemdestaque.com\/cd\/?p=44739","title":{"rendered":"Pol\u00edcia Civil apreende ve\u00edculo e efetua pris\u00e3o do primeiro suspeito pelo assassinato de comerciante de S\u00e3o Jo\u00e3o do Cariri"},"content":{"rendered":"<p><a href=\"https:\/\/noticiasemdestaque.com\/cd\/wp-content\/uploads\/2022\/12\/318956224_872134484141525_8785634325681196098_n.jpg\"><img fetchpriority=\"high\" decoding=\"async\" class=\"wp-image-44740 aligncenter\" src=\"https:\/\/noticiasemdestaque.com\/cd\/wp-content\/uploads\/2022\/12\/318956224_872134484141525_8785634325681196098_n-300x300.jpg\" alt=\"\" width=\"501\" height=\"501\" srcset=\"https:\/\/noticiasemdestaque.com\/cd\/wp-content\/uploads\/2022\/12\/318956224_872134484141525_8785634325681196098_n-300x300.jpg 300w, https:\/\/noticiasemdestaque.com\/cd\/wp-content\/uploads\/2022\/12\/318956224_872134484141525_8785634325681196098_n-1024x1024.jpg 1024w, https:\/\/noticiasemdestaque.com\/cd\/wp-content\/uploads\/2022\/12\/318956224_872134484141525_8785634325681196098_n-150x150.jpg 150w, https:\/\/noticiasemdestaque.com\/cd\/wp-content\/uploads\/2022\/12\/318956224_872134484141525_8785634325681196098_n-768x768.jpg 768w, https:\/\/noticiasemdestaque.com\/cd\/wp-content\/uploads\/2022\/12\/318956224_872134484141525_8785634325681196098_n-12x12.jpg 12w, https:\/\/noticiasemdestaque.com\/cd\/wp-content\/uploads\/2022\/12\/318956224_872134484141525_8785634325681196098_n.jpg 1512w\" sizes=\"(max-width: 501px) 100vw, 501px\" \/><\/a><\/p>\n<p>No in\u00edcio da tarde desta \u00faltima quarta-feira(14), um estabelecimento comercial (mercadinho) foi alvo da a\u00e7\u00e3o dos bandidos no centro de S\u00e3o Jo\u00e3o do Cariri.<\/p>\n<p>Segundo informa\u00e7\u00f5es chegadas com exclusividade ao portal De Olho no Cariri, tr\u00eas homens em um ve\u00edculo Fiat Uno chegaram ao estabelecimento comercial, denominado Marcadinho do Boy, e anunciaram o assalto.<\/p>\n<p>O filho do propriet\u00e1rio, conhecido popularmente por Juninho, acabou sendo atingindo por tr\u00eas tiros a queima roupa. Logo ap\u00f3s a a\u00e7\u00e3o, os criminosos fugiram em destino ignorado.<\/p>\n<p>A Pol\u00edcia Civil da Para\u00edba, por meio das delegacias de S\u00e3o Jo\u00e3o do Cariri e de Serra Branca, efetuou dilig\u00eancias e conseguiu elucidar com rapidez a a\u00e7\u00e3o delituosa, que tirou a vida de um comerciante, na tarde da \u00faltima quarta-feira (14), em S\u00e3o Jo\u00e3o do Cariri.<\/p>\n<p>Al\u00e9m de apreender o ve\u00edculo utilizado no crime, a Pol\u00edcia Civil conseguiu identificar o propriet\u00e1rio, que durante interrogat\u00f3rio, confessou a participa\u00e7\u00e3o no crime.<\/p>\n<p>Foi solicitada a per\u00edcia para coleta de eventuais mat\u00e9rias probat\u00f3rios que levem a identifica\u00e7\u00e3o dos demais autores.<\/p>\n<p>O trabalho Investigativo, apesar da resposta imediata, segue e conta com a colabora\u00e7\u00e3o da popula\u00e7\u00e3o para elucida\u00e7\u00e3o integral do crime, e consequentemente a responsabiliza\u00e7\u00e3o de todos os envolvidos nesse b\u00e1rbaro evento.<\/p>\n<p>As unidades disponibilizam telefones uteis 197 (disk Den\u00fancia), 3354-2931 (Delegacia Serra Branca) 3355-1136 (Delegacia de S\u00e3o Jo\u00e3o do Cariri) para que informa\u00e7\u00f5es possam ser repassadas, sendo assegurado o sigilo.<\/p>\n<p><strong>Noticias em Destaque<\/strong><\/p>\n<p style=\"text-align: right;\"><em>Fonte: De Olho no Cariri<\/em><\/p>\n","protected":false},"excerpt":{"rendered":"<p>No in\u00edcio da tarde desta \u00faltima quarta-feira(14), um estabelecimento comercial (mercadinho) foi alvo da a\u00e7\u00e3o dos bandidos no centro de S\u00e3o Jo\u00e3o do Cariri. Segundo informa\u00e7\u00f5es chegadas com exclusividade ao portal De Olho no Cariri, tr\u00eas homens em um ve\u00edculo Fiat Uno chegaram ao estabelecimento comercial, denominado Marcadinho do Boy, e anunciaram o assalto. O filho do propriet\u00e1rio, conhecido popularmente por Juninho, acabou sendo atingindo por tr\u00eas tiros a queima roupa. Logo ap\u00f3s a a\u00e7\u00e3o, os criminosos fugiram em destino ignorado. A Pol\u00edcia Civil da Para\u00edba, por meio das delegacias de S\u00e3o Jo\u00e3o do Cariri e de Serra Branca, efetuou dilig\u00eancias e conseguiu elucidar com rapidez a a\u00e7\u00e3o delituosa, que tirou a vida de um comerciante, na tarde da \u00faltima quarta-feira (14), em S\u00e3o Jo\u00e3o do Cariri. Al\u00e9m de apreender o ve\u00edculo utilizado no crime, a Pol\u00edcia Civil conseguiu identificar o propriet\u00e1rio, que durante interrogat\u00f3rio, confessou a participa\u00e7\u00e3o no crime. Foi solicitada a per\u00edcia para coleta de eventuais mat\u00e9rias probat\u00f3rios que levem a identifica\u00e7\u00e3o dos demais autores. O trabalho Investigativo, apesar da resposta imediata, segue e conta com a colabora\u00e7\u00e3o da popula\u00e7\u00e3o para elucida\u00e7\u00e3o integral do crime, e consequentemente a responsabiliza\u00e7\u00e3o de todos os envolvidos nesse b\u00e1rbaro evento. As unidades disponibilizam telefones uteis 197 (disk Den\u00fancia), 3354-2931 (Delegacia Serra Branca) 3355-1136 (Delegacia de S\u00e3o Jo\u00e3o do Cariri) para que informa\u00e7\u00f5es possam ser repassadas, sendo assegurado o sigilo. Noticias em Destaque Fonte: De Olho no Cariri<\/p>\n","protected":false},"author":2,"featured_media":44740,"comment_status":"closed","ping_status":"open","sticky":false,"template":"","format":"standard","meta":{"_eb_attr":"","_jetpack_memberships_contains_paid_content":false,"footnotes":""},"categories":[20],"tags":[],"class_list":["post-44739","post","type-post","status-publish","format-standard","has-post-thumbnail","hentry","category-policia"],"yoast_head":"<!-- This site is optimized with the Yoast SEO plugin v26.5 - https:\/\/yoast.com\/wordpress\/plugins\/seo\/ -->\n<title>Pol\u00edcia Civil apreende ve\u00edculo e efetua pris\u00e3o do primeiro suspeito pelo assassinato de comerciante de S\u00e3o Jo\u00e3o do Cariri - Not&iacute;cias em Destaque<\/title>\n<meta name=\"robots\" content=\"index, follow, max-snippet:-1, max-image-preview:large, max-video-preview:-1\" \/>\n<link rel=\"canonical\" href=\"https:\/\/noticiasemdestaque.com\/cd\/?p=44739\" \/>\n<meta property=\"og:locale\" content=\"pt_BR\" \/>\n<meta property=\"og:type\" content=\"article\" \/>\n<meta property=\"og:title\" content=\"Pol\u00edcia Civil apreende ve\u00edculo e efetua pris\u00e3o do primeiro suspeito pelo assassinato de comerciante de S\u00e3o Jo\u00e3o do Cariri - Not&iacute;cias em Destaque\" \/>\n<meta property=\"og:description\" content=\"No in\u00edcio da tarde desta \u00faltima quarta-feira(14), um estabelecimento comercial (mercadinho) foi alvo da a\u00e7\u00e3o dos bandidos no centro de S\u00e3o Jo\u00e3o do Cariri. Segundo informa\u00e7\u00f5es chegadas com exclusividade ao portal De Olho no Cariri, tr\u00eas homens em um ve\u00edculo Fiat Uno chegaram ao estabelecimento comercial, denominado Marcadinho do Boy, e anunciaram o assalto. O filho do propriet\u00e1rio, conhecido popularmente por Juninho, acabou sendo atingindo por tr\u00eas tiros a queima roupa. Logo ap\u00f3s a a\u00e7\u00e3o, os criminosos fugiram em destino ignorado. A Pol\u00edcia Civil da Para\u00edba, por meio das delegacias de S\u00e3o Jo\u00e3o do Cariri e de Serra Branca, efetuou dilig\u00eancias e conseguiu elucidar com rapidez a a\u00e7\u00e3o delituosa, que tirou a vida de um comerciante, na tarde da \u00faltima quarta-feira (14), em S\u00e3o Jo\u00e3o do Cariri. Al\u00e9m de apreender o ve\u00edculo utilizado no crime, a Pol\u00edcia Civil conseguiu identificar o propriet\u00e1rio, que durante interrogat\u00f3rio, confessou a participa\u00e7\u00e3o no crime. Foi solicitada a per\u00edcia para coleta de eventuais mat\u00e9rias probat\u00f3rios que levem a identifica\u00e7\u00e3o dos demais autores. O trabalho Investigativo, apesar da resposta imediata, segue e conta com a colabora\u00e7\u00e3o da popula\u00e7\u00e3o para elucida\u00e7\u00e3o integral do crime, e consequentemente a responsabiliza\u00e7\u00e3o de todos os envolvidos nesse b\u00e1rbaro evento. As unidades disponibilizam telefones uteis 197 (disk Den\u00fancia), 3354-2931 (Delegacia Serra Branca) 3355-1136 (Delegacia de S\u00e3o Jo\u00e3o do Cariri) para que informa\u00e7\u00f5es possam ser repassadas, sendo assegurado o sigilo. Noticias em Destaque Fonte: De Olho no Cariri\" \/>\n<meta property=\"og:url\" content=\"https:\/\/noticiasemdestaque.com\/cd\/?p=44739\" \/>\n<meta property=\"og:site_name\" content=\"Not&iacute;cias em Destaque\" \/>\n<meta property=\"article:published_time\" content=\"2022-12-15T12:10:26+00:00\" \/>\n<meta property=\"og:image\" content=\"https:\/\/noticiasemdestaque.com\/cd\/wp-content\/uploads\/2022\/12\/318956224_872134484141525_8785634325681196098_n.jpg\" \/>\n\t<meta property=\"og:image:width\" content=\"1512\" \/>\n\t<meta property=\"og:image:height\" content=\"1512\" \/>\n\t<meta property=\"og:image:type\" content=\"image\/jpeg\" \/>\n<meta name=\"author\" content=\"Not\u00edcias em Destaque\" \/>\n<meta name=\"twitter:card\" content=\"summary_large_image\" \/>\n<meta name=\"twitter:label1\" content=\"Escrito por\" \/>\n\t<meta name=\"twitter:data1\" content=\"Not\u00edcias em Destaque\" \/>\n\t<meta name=\"twitter:label2\" content=\"Est. tempo de leitura\" \/>\n\t<meta name=\"twitter:data2\" content=\"2 minutos\" \/>\n<script type=\"application\/ld+json\" class=\"yoast-schema-graph\">{\"@context\":\"https:\/\/schema.org\",\"@graph\":[{\"@type\":\"Article\",\"@id\":\"https:\/\/noticiasemdestaque.com\/cd\/?p=44739#article\",\"isPartOf\":{\"@id\":\"https:\/\/noticiasemdestaque.com\/cd\/?p=44739\"},\"author\":{\"name\":\"Not\u00edcias em Destaque\",\"@id\":\"https:\/\/noticiasemdestaque.com\/cd\/#\/schema\/person\/47f7d4f55eec17c6b2ca036c5500f6ce\"},\"headline\":\"Pol\u00edcia Civil apreende ve\u00edculo e efetua pris\u00e3o do primeiro suspeito pelo assassinato de comerciante de S\u00e3o Jo\u00e3o do Cariri\",\"datePublished\":\"2022-12-15T12:10:26+00:00\",\"mainEntityOfPage\":{\"@id\":\"https:\/\/noticiasemdestaque.com\/cd\/?p=44739\"},\"wordCount\":295,\"publisher\":{\"@id\":\"https:\/\/noticiasemdestaque.com\/cd\/#organization\"},\"image\":{\"@id\":\"https:\/\/noticiasemdestaque.com\/cd\/?p=44739#primaryimage\"},\"thumbnailUrl\":\"https:\/\/noticiasemdestaque.com\/cd\/wp-content\/uploads\/2022\/12\/318956224_872134484141525_8785634325681196098_n.jpg\",\"articleSection\":[\"Pol\u00edcia\"],\"inLanguage\":\"pt-BR\"},{\"@type\":\"WebPage\",\"@id\":\"https:\/\/noticiasemdestaque.com\/cd\/?p=44739\",\"url\":\"https:\/\/noticiasemdestaque.com\/cd\/?p=44739\",\"name\":\"Pol\u00edcia Civil apreende ve\u00edculo e efetua pris\u00e3o do primeiro suspeito pelo assassinato de comerciante de S\u00e3o Jo\u00e3o do Cariri - Not&iacute;cias em Destaque\",\"isPartOf\":{\"@id\":\"https:\/\/noticiasemdestaque.com\/cd\/#website\"},\"primaryImageOfPage\":{\"@id\":\"https:\/\/noticiasemdestaque.com\/cd\/?p=44739#primaryimage\"},\"image\":{\"@id\":\"https:\/\/noticiasemdestaque.com\/cd\/?p=44739#primaryimage\"},\"thumbnailUrl\":\"https:\/\/noticiasemdestaque.com\/cd\/wp-content\/uploads\/2022\/12\/318956224_872134484141525_8785634325681196098_n.jpg\",\"datePublished\":\"2022-12-15T12:10:26+00:00\",\"breadcrumb\":{\"@id\":\"https:\/\/noticiasemdestaque.com\/cd\/?p=44739#breadcrumb\"},\"inLanguage\":\"pt-BR\",\"potentialAction\":[{\"@type\":\"ReadAction\",\"target\":[\"https:\/\/noticiasemdestaque.com\/cd\/?p=44739\"]}]},{\"@type\":\"ImageObject\",\"inLanguage\":\"pt-BR\",\"@id\":\"https:\/\/noticiasemdestaque.com\/cd\/?p=44739#primaryimage\",\"url\":\"https:\/\/noticiasemdestaque.com\/cd\/wp-content\/uploads\/2022\/12\/318956224_872134484141525_8785634325681196098_n.jpg\",\"contentUrl\":\"https:\/\/noticiasemdestaque.com\/cd\/wp-content\/uploads\/2022\/12\/318956224_872134484141525_8785634325681196098_n.jpg\",\"width\":1512,\"height\":1512},{\"@type\":\"BreadcrumbList\",\"@id\":\"https:\/\/noticiasemdestaque.com\/cd\/?p=44739#breadcrumb\",\"itemListElement\":[{\"@type\":\"ListItem\",\"position\":1,\"name\":\"In\u00edcio\",\"item\":\"https:\/\/noticiasemdestaque.com\/cd\/\"},{\"@type\":\"ListItem\",\"position\":2,\"name\":\"Pol\u00edcia Civil apreende ve\u00edculo e efetua pris\u00e3o do primeiro suspeito pelo assassinato de comerciante de S\u00e3o Jo\u00e3o do Cariri\"}]},{\"@type\":\"WebSite\",\"@id\":\"https:\/\/noticiasemdestaque.com\/cd\/#website\",\"url\":\"https:\/\/noticiasemdestaque.com\/cd\/\",\"name\":\"Not&iacute;cias em Destaque\",\"description\":\"\",\"publisher\":{\"@id\":\"https:\/\/noticiasemdestaque.com\/cd\/#organization\"},\"potentialAction\":[{\"@type\":\"SearchAction\",\"target\":{\"@type\":\"EntryPoint\",\"urlTemplate\":\"https:\/\/noticiasemdestaque.com\/cd\/?s={search_term_string}\"},\"query-input\":{\"@type\":\"PropertyValueSpecification\",\"valueRequired\":true,\"valueName\":\"search_term_string\"}}],\"inLanguage\":\"pt-BR\"},{\"@type\":\"Organization\",\"@id\":\"https:\/\/noticiasemdestaque.com\/cd\/#organization\",\"name\":\"Not\u00edcias em Destaque\",\"url\":\"https:\/\/noticiasemdestaque.com\/cd\/\",\"logo\":{\"@type\":\"ImageObject\",\"inLanguage\":\"pt-BR\",\"@id\":\"https:\/\/noticiasemdestaque.com\/cd\/#\/schema\/logo\/image\/\",\"url\":\"https:\/\/noticiasemdestaque.com\/cd\/wp-content\/uploads\/2022\/05\/imagem-base-noticiasemdestaque.png\",\"contentUrl\":\"https:\/\/noticiasemdestaque.com\/cd\/wp-content\/uploads\/2022\/05\/imagem-base-noticiasemdestaque.png\",\"width\":1200,\"height\":630,\"caption\":\"Not\u00edcias em Destaque\"},\"image\":{\"@id\":\"https:\/\/noticiasemdestaque.com\/cd\/#\/schema\/logo\/image\/\"}},{\"@type\":\"Person\",\"@id\":\"https:\/\/noticiasemdestaque.com\/cd\/#\/schema\/person\/47f7d4f55eec17c6b2ca036c5500f6ce\",\"name\":\"Not\u00edcias em Destaque\",\"url\":\"https:\/\/noticiasemdestaque.com\/cd\/?author=2\"}]}<\/script>\n<!-- \/ Yoast SEO plugin. -->","yoast_head_json":{"title":"Pol\u00edcia Civil apreende ve\u00edculo e efetua pris\u00e3o do primeiro suspeito pelo assassinato de comerciante de S\u00e3o Jo\u00e3o do Cariri - Not&iacute;cias em Destaque","robots":{"index":"index","follow":"follow","max-snippet":"max-snippet:-1","max-image-preview":"max-image-preview:large","max-video-preview":"max-video-preview:-1"},"canonical":"https:\/\/noticiasemdestaque.com\/cd\/?p=44739","og_locale":"pt_BR","og_type":"article","og_title":"Pol\u00edcia Civil apreende ve\u00edculo e efetua pris\u00e3o do primeiro suspeito pelo assassinato de comerciante de S\u00e3o Jo\u00e3o do Cariri - Not&iacute;cias em Destaque","og_description":"No in\u00edcio da tarde desta \u00faltima quarta-feira(14), um estabelecimento comercial (mercadinho) foi alvo da a\u00e7\u00e3o dos bandidos no centro de S\u00e3o Jo\u00e3o do Cariri. Segundo informa\u00e7\u00f5es chegadas com exclusividade ao portal De Olho no Cariri, tr\u00eas homens em um ve\u00edculo Fiat Uno chegaram ao estabelecimento comercial, denominado Marcadinho do Boy, e anunciaram o assalto. O filho do propriet\u00e1rio, conhecido popularmente por Juninho, acabou sendo atingindo por tr\u00eas tiros a queima roupa. Logo ap\u00f3s a a\u00e7\u00e3o, os criminosos fugiram em destino ignorado. A Pol\u00edcia Civil da Para\u00edba, por meio das delegacias de S\u00e3o Jo\u00e3o do Cariri e de Serra Branca, efetuou dilig\u00eancias e conseguiu elucidar com rapidez a a\u00e7\u00e3o delituosa, que tirou a vida de um comerciante, na tarde da \u00faltima quarta-feira (14), em S\u00e3o Jo\u00e3o do Cariri. Al\u00e9m de apreender o ve\u00edculo utilizado no crime, a Pol\u00edcia Civil conseguiu identificar o propriet\u00e1rio, que durante interrogat\u00f3rio, confessou a participa\u00e7\u00e3o no crime. Foi solicitada a per\u00edcia para coleta de eventuais mat\u00e9rias probat\u00f3rios que levem a identifica\u00e7\u00e3o dos demais autores. O trabalho Investigativo, apesar da resposta imediata, segue e conta com a colabora\u00e7\u00e3o da popula\u00e7\u00e3o para elucida\u00e7\u00e3o integral do crime, e consequentemente a responsabiliza\u00e7\u00e3o de todos os envolvidos nesse b\u00e1rbaro evento. As unidades disponibilizam telefones uteis 197 (disk Den\u00fancia), 3354-2931 (Delegacia Serra Branca) 3355-1136 (Delegacia de S\u00e3o Jo\u00e3o do Cariri) para que informa\u00e7\u00f5es possam ser repassadas, sendo assegurado o sigilo. Noticias em Destaque Fonte: De Olho no Cariri","og_url":"https:\/\/noticiasemdestaque.com\/cd\/?p=44739","og_site_name":"Not&iacute;cias em Destaque","article_published_time":"2022-12-15T12:10:26+00:00","og_image":[{"width":1512,"height":1512,"url":"https:\/\/noticiasemdestaque.com\/cd\/wp-content\/uploads\/2022\/12\/318956224_872134484141525_8785634325681196098_n.jpg","type":"image\/jpeg"}],"author":"Not\u00edcias em Destaque","twitter_card":"summary_large_image","twitter_misc":{"Escrito por":"Not\u00edcias em Destaque","Est. tempo de leitura":"2 minutos"},"schema":{"@context":"https:\/\/schema.org","@graph":[{"@type":"Article","@id":"https:\/\/noticiasemdestaque.com\/cd\/?p=44739#article","isPartOf":{"@id":"https:\/\/noticiasemdestaque.com\/cd\/?p=44739"},"author":{"name":"Not\u00edcias em Destaque","@id":"https:\/\/noticiasemdestaque.com\/cd\/#\/schema\/person\/47f7d4f55eec17c6b2ca036c5500f6ce"},"headline":"Pol\u00edcia Civil apreende ve\u00edculo e efetua pris\u00e3o do primeiro suspeito pelo assassinato de comerciante de S\u00e3o Jo\u00e3o do Cariri","datePublished":"2022-12-15T12:10:26+00:00","mainEntityOfPage":{"@id":"https:\/\/noticiasemdestaque.com\/cd\/?p=44739"},"wordCount":295,"publisher":{"@id":"https:\/\/noticiasemdestaque.com\/cd\/#organization"},"image":{"@id":"https:\/\/noticiasemdestaque.com\/cd\/?p=44739#primaryimage"},"thumbnailUrl":"https:\/\/noticiasemdestaque.com\/cd\/wp-content\/uploads\/2022\/12\/318956224_872134484141525_8785634325681196098_n.jpg","articleSection":["Pol\u00edcia"],"inLanguage":"pt-BR"},{"@type":"WebPage","@id":"https:\/\/noticiasemdestaque.com\/cd\/?p=44739","url":"https:\/\/noticiasemdestaque.com\/cd\/?p=44739","name":"Pol\u00edcia Civil apreende ve\u00edculo e efetua pris\u00e3o do primeiro suspeito pelo assassinato de comerciante de S\u00e3o Jo\u00e3o do Cariri - Not&iacute;cias em Destaque","isPartOf":{"@id":"https:\/\/noticiasemdestaque.com\/cd\/#website"},"primaryImageOfPage":{"@id":"https:\/\/noticiasemdestaque.com\/cd\/?p=44739#primaryimage"},"image":{"@id":"https:\/\/noticiasemdestaque.com\/cd\/?p=44739#primaryimage"},"thumbnailUrl":"https:\/\/noticiasemdestaque.com\/cd\/wp-content\/uploads\/2022\/12\/318956224_872134484141525_8785634325681196098_n.jpg","datePublished":"2022-12-15T12:10:26+00:00","breadcrumb":{"@id":"https:\/\/noticiasemdestaque.com\/cd\/?p=44739#breadcrumb"},"inLanguage":"pt-BR","potentialAction":[{"@type":"ReadAction","target":["https:\/\/noticiasemdestaque.com\/cd\/?p=44739"]}]},{"@type":"ImageObject","inLanguage":"pt-BR","@id":"https:\/\/noticiasemdestaque.com\/cd\/?p=44739#primaryimage","url":"https:\/\/noticiasemdestaque.com\/cd\/wp-content\/uploads\/2022\/12\/318956224_872134484141525_8785634325681196098_n.jpg","contentUrl":"https:\/\/noticiasemdestaque.com\/cd\/wp-content\/uploads\/2022\/12\/318956224_872134484141525_8785634325681196098_n.jpg","width":1512,"height":1512},{"@type":"BreadcrumbList","@id":"https:\/\/noticiasemdestaque.com\/cd\/?p=44739#breadcrumb","itemListElement":[{"@type":"ListItem","position":1,"name":"In\u00edcio","item":"https:\/\/noticiasemdestaque.com\/cd\/"},{"@type":"ListItem","position":2,"name":"Pol\u00edcia Civil apreende ve\u00edculo e efetua pris\u00e3o do primeiro suspeito pelo assassinato de comerciante de S\u00e3o Jo\u00e3o do Cariri"}]},{"@type":"WebSite","@id":"https:\/\/noticiasemdestaque.com\/cd\/#website","url":"https:\/\/noticiasemdestaque.com\/cd\/","name":"Not&iacute;cias em Destaque","description":"","publisher":{"@id":"https:\/\/noticiasemdestaque.com\/cd\/#organization"},"potentialAction":[{"@type":"SearchAction","target":{"@type":"EntryPoint","urlTemplate":"https:\/\/noticiasemdestaque.com\/cd\/?s={search_term_string}"},"query-input":{"@type":"PropertyValueSpecification","valueRequired":true,"valueName":"search_term_string"}}],"inLanguage":"pt-BR"},{"@type":"Organization","@id":"https:\/\/noticiasemdestaque.com\/cd\/#organization","name":"Not\u00edcias em Destaque","url":"https:\/\/noticiasemdestaque.com\/cd\/","logo":{"@type":"ImageObject","inLanguage":"pt-BR","@id":"https:\/\/noticiasemdestaque.com\/cd\/#\/schema\/logo\/image\/","url":"https:\/\/noticiasemdestaque.com\/cd\/wp-content\/uploads\/2022\/05\/imagem-base-noticiasemdestaque.png","contentUrl":"https:\/\/noticiasemdestaque.com\/cd\/wp-content\/uploads\/2022\/05\/imagem-base-noticiasemdestaque.png","width":1200,"height":630,"caption":"Not\u00edcias em Destaque"},"image":{"@id":"https:\/\/noticiasemdestaque.com\/cd\/#\/schema\/logo\/image\/"}},{"@type":"Person","@id":"https:\/\/noticiasemdestaque.com\/cd\/#\/schema\/person\/47f7d4f55eec17c6b2ca036c5500f6ce","name":"Not\u00edcias em Destaque","url":"https:\/\/noticiasemdestaque.com\/cd\/?author=2"}]}},"jetpack_featured_media_url":"https:\/\/noticiasemdestaque.com\/cd\/wp-content\/uploads\/2022\/12\/318956224_872134484141525_8785634325681196098_n.jpg","jetpack_sharing_enabled":true,"_links":{"self":[{"href":"https:\/\/noticiasemdestaque.com\/cd\/index.php?rest_route=\/wp\/v2\/posts\/44739","targetHints":{"allow":["GET"]}}],"collection":[{"href":"https:\/\/noticiasemdestaque.com\/cd\/index.php?rest_route=\/wp\/v2\/posts"}],"about":[{"href":"https:\/\/noticiasemdestaque.com\/cd\/index.php?rest_route=\/wp\/v2\/types\/post"}],"author":[{"embeddable":true,"href":"https:\/\/noticiasemdestaque.com\/cd\/index.php?rest_route=\/wp\/v2\/users\/2"}],"replies":[{"embeddable":true,"href":"https:\/\/noticiasemdestaque.com\/cd\/index.php?rest_route=%2Fwp%2Fv2%2Fcomments&post=44739"}],"version-history":[{"count":1,"href":"https:\/\/noticiasemdestaque.com\/cd\/index.php?rest_route=\/wp\/v2\/posts\/44739\/revisions"}],"predecessor-version":[{"id":44741,"href":"https:\/\/noticiasemdestaque.com\/cd\/index.php?rest_route=\/wp\/v2\/posts\/44739\/revisions\/44741"}],"wp:featuredmedia":[{"embeddable":true,"href":"https:\/\/noticiasemdestaque.com\/cd\/index.php?rest_route=\/wp\/v2\/media\/44740"}],"wp:attachment":[{"href":"https:\/\/noticiasemdestaque.com\/cd\/index.php?rest_route=%2Fwp%2Fv2%2Fmedia&parent=44739"}],"wp:term":[{"taxonomy":"category","embeddable":true,"href":"https:\/\/noticiasemdestaque.com\/cd\/index.php?rest_route=%2Fwp%2Fv2%2Fcategories&post=44739"},{"taxonomy":"post_tag","embeddable":true,"href":"https:\/\/noticiasemdestaque.com\/cd\/index.php?rest_route=%2Fwp%2Fv2%2Ftags&post=44739"}],"curies":[{"name":"wp","href":"https:\/\/api.w.org\/{rel}","templated":true}]}}