{"id":44736,"date":"2022-12-15T09:03:18","date_gmt":"2022-12-15T12:03:18","guid":{"rendered":"https:\/\/noticiasemdestaque.com\/cd\/?p=44736"},"modified":"2022-12-15T09:03:18","modified_gmt":"2022-12-15T12:03:18","slug":"com-grande-presenca-do-publico-e-renomadas-atracoes-livramento-comemora-aniversario-de-60-anos","status":"publish","type":"post","link":"https:\/\/noticiasemdestaque.com\/cd\/?p=44736","title":{"rendered":"Com grande presen\u00e7a do p\u00fablico e renomadas atra\u00e7\u00f5es, Livramento comemora anivers\u00e1rio de 60 anos"},"content":{"rendered":"<p><a href=\"https:\/\/noticiasemdestaque.com\/cd\/wp-content\/uploads\/2022\/12\/1000050359.jpg\"><img fetchpriority=\"high\" decoding=\"async\" class=\"alignnone  wp-image-44737\" src=\"https:\/\/noticiasemdestaque.com\/cd\/wp-content\/uploads\/2022\/12\/1000050359-300x225.jpg\" alt=\"\" width=\"1083\" height=\"812\" srcset=\"https:\/\/noticiasemdestaque.com\/cd\/wp-content\/uploads\/2022\/12\/1000050359-300x225.jpg 300w, https:\/\/noticiasemdestaque.com\/cd\/wp-content\/uploads\/2022\/12\/1000050359-1024x768.jpg 1024w, https:\/\/noticiasemdestaque.com\/cd\/wp-content\/uploads\/2022\/12\/1000050359-768x576.jpg 768w, https:\/\/noticiasemdestaque.com\/cd\/wp-content\/uploads\/2022\/12\/1000050359-1536x1152.jpg 1536w, https:\/\/noticiasemdestaque.com\/cd\/wp-content\/uploads\/2022\/12\/1000050359-16x12.jpg 16w, https:\/\/noticiasemdestaque.com\/cd\/wp-content\/uploads\/2022\/12\/1000050359.jpg 1600w\" sizes=\"(max-width: 1083px) 100vw, 1083px\" \/><\/a><\/p>\n<p>A Prefeitura de Livramento, na gest\u00e3o do prefeito Nananda Barbosa, realizou na noite da \u00faltima ter\u00e7a-feira (13), uma grande festa no p\u00e1tio de eventos do munic\u00edpio, em alus\u00e3o aos 60 anos de Emancipa\u00e7\u00e3o Pol\u00edtica.<\/p>\n<p>A festa contou com um grande p\u00fablico que lotou a pra\u00e7a central da cidade, e foi embalada com muito forr\u00f3 pelas renomadas bandas: Forroz\u00e3o das Antigas e Cavaleiros do Forr\u00f3. A atra\u00e7\u00e3o final ficou por conta da dupla que est\u00e1 arrastando multid\u00f5es por onde passa: Iguinho e Lulinha.<\/p>\n<p>O prefeito Nananda Barbosa, comemorou o sucesso do evento, e falou que a gest\u00e3o municipal realizou uma festa que o povo de Livramento merecia.<\/p>\n<p>\u201cO povo de Livramento merecia uma festa deste porte para comemorarmos uma data importante da hist\u00f3ria de nosso munic\u00edpio. Agrade\u00e7o a toda a equipe da Prefeitura que se empenhou para que tudo sa\u00edsse conforme planejado,\u201d disse.<\/p>\n<p>Durante os \u00faltimos dias foram realizadas atividades e apresenta\u00e7\u00f5es em alus\u00e3o ao anivers\u00e1rio da cidade caririzeira.<\/p>\n<p><strong>Noticias em Destaque<\/strong><\/p>\n<p style=\"text-align: right;\"><em>Fonte: De Olho no Cariri\/<\/em><em>Para\u00edba Mix<\/em><\/p>\n","protected":false},"excerpt":{"rendered":"<p>A Prefeitura de Livramento, na gest\u00e3o do prefeito Nananda Barbosa, realizou na noite da \u00faltima ter\u00e7a-feira (13), uma grande festa no p\u00e1tio de eventos do munic\u00edpio, em alus\u00e3o aos 60 anos de Emancipa\u00e7\u00e3o Pol\u00edtica. A festa contou com um grande p\u00fablico que lotou a pra\u00e7a central da cidade, e foi embalada com muito forr\u00f3 pelas renomadas bandas: Forroz\u00e3o das Antigas e Cavaleiros do Forr\u00f3. A atra\u00e7\u00e3o final ficou por conta da dupla que est\u00e1 arrastando multid\u00f5es por onde passa: Iguinho e Lulinha. O prefeito Nananda Barbosa, comemorou o sucesso do evento, e falou que a gest\u00e3o municipal realizou uma festa que o povo de Livramento merecia. \u201cO povo de Livramento merecia uma festa deste porte para comemorarmos uma data importante da hist\u00f3ria de nosso munic\u00edpio. Agrade\u00e7o a toda a equipe da Prefeitura que se empenhou para que tudo sa\u00edsse conforme planejado,\u201d disse. Durante os \u00faltimos dias foram realizadas atividades e apresenta\u00e7\u00f5es em alus\u00e3o ao anivers\u00e1rio da cidade caririzeira. Noticias em Destaque Fonte: De Olho no Cariri\/Para\u00edba Mix<\/p>\n","protected":false},"author":2,"featured_media":44737,"comment_status":"closed","ping_status":"open","sticky":false,"template":"","format":"standard","meta":{"_eb_attr":"","_jetpack_memberships_contains_paid_content":false,"footnotes":""},"categories":[3],"tags":[],"class_list":["post-44736","post","type-post","status-publish","format-standard","has-post-thumbnail","hentry","category-cidades"],"yoast_head":"<!-- This site is optimized with the Yoast SEO plugin v26.5 - https:\/\/yoast.com\/wordpress\/plugins\/seo\/ -->\n<title>Com grande presen\u00e7a do p\u00fablico e renomadas atra\u00e7\u00f5es, Livramento comemora anivers\u00e1rio de 60 anos - Not&iacute;cias em Destaque<\/title>\n<meta name=\"robots\" content=\"index, follow, max-snippet:-1, max-image-preview:large, max-video-preview:-1\" \/>\n<link rel=\"canonical\" href=\"https:\/\/noticiasemdestaque.com\/cd\/?p=44736\" \/>\n<meta property=\"og:locale\" content=\"pt_BR\" \/>\n<meta property=\"og:type\" content=\"article\" \/>\n<meta property=\"og:title\" content=\"Com grande presen\u00e7a do p\u00fablico e renomadas atra\u00e7\u00f5es, Livramento comemora anivers\u00e1rio de 60 anos - Not&iacute;cias em Destaque\" \/>\n<meta property=\"og:description\" content=\"A Prefeitura de Livramento, na gest\u00e3o do prefeito Nananda Barbosa, realizou na noite da \u00faltima ter\u00e7a-feira (13), uma grande festa no p\u00e1tio de eventos do munic\u00edpio, em alus\u00e3o aos 60 anos de Emancipa\u00e7\u00e3o Pol\u00edtica. A festa contou com um grande p\u00fablico que lotou a pra\u00e7a central da cidade, e foi embalada com muito forr\u00f3 pelas renomadas bandas: Forroz\u00e3o das Antigas e Cavaleiros do Forr\u00f3. A atra\u00e7\u00e3o final ficou por conta da dupla que est\u00e1 arrastando multid\u00f5es por onde passa: Iguinho e Lulinha. O prefeito Nananda Barbosa, comemorou o sucesso do evento, e falou que a gest\u00e3o municipal realizou uma festa que o povo de Livramento merecia. \u201cO povo de Livramento merecia uma festa deste porte para comemorarmos uma data importante da hist\u00f3ria de nosso munic\u00edpio. Agrade\u00e7o a toda a equipe da Prefeitura que se empenhou para que tudo sa\u00edsse conforme planejado,\u201d disse. Durante os \u00faltimos dias foram realizadas atividades e apresenta\u00e7\u00f5es em alus\u00e3o ao anivers\u00e1rio da cidade caririzeira. Noticias em Destaque Fonte: De Olho no Cariri\/Para\u00edba Mix\" \/>\n<meta property=\"og:url\" content=\"https:\/\/noticiasemdestaque.com\/cd\/?p=44736\" \/>\n<meta property=\"og:site_name\" content=\"Not&iacute;cias em Destaque\" \/>\n<meta property=\"article:published_time\" content=\"2022-12-15T12:03:18+00:00\" \/>\n<meta property=\"og:image\" content=\"https:\/\/noticiasemdestaque.com\/cd\/wp-content\/uploads\/2022\/12\/1000050359.jpg\" \/>\n\t<meta property=\"og:image:width\" content=\"1600\" \/>\n\t<meta property=\"og:image:height\" content=\"1200\" \/>\n\t<meta property=\"og:image:type\" content=\"image\/jpeg\" \/>\n<meta name=\"author\" content=\"Not\u00edcias em Destaque\" \/>\n<meta name=\"twitter:card\" content=\"summary_large_image\" \/>\n<meta name=\"twitter:label1\" content=\"Escrito por\" \/>\n\t<meta name=\"twitter:data1\" content=\"Not\u00edcias em Destaque\" \/>\n\t<meta name=\"twitter:label2\" content=\"Est. tempo de leitura\" \/>\n\t<meta name=\"twitter:data2\" content=\"2 minutos\" \/>\n<script type=\"application\/ld+json\" class=\"yoast-schema-graph\">{\"@context\":\"https:\/\/schema.org\",\"@graph\":[{\"@type\":\"Article\",\"@id\":\"https:\/\/noticiasemdestaque.com\/cd\/?p=44736#article\",\"isPartOf\":{\"@id\":\"https:\/\/noticiasemdestaque.com\/cd\/?p=44736\"},\"author\":{\"name\":\"Not\u00edcias em Destaque\",\"@id\":\"https:\/\/noticiasemdestaque.com\/cd\/#\/schema\/person\/47f7d4f55eec17c6b2ca036c5500f6ce\"},\"headline\":\"Com grande presen\u00e7a do p\u00fablico e renomadas atra\u00e7\u00f5es, Livramento comemora anivers\u00e1rio de 60 anos\",\"datePublished\":\"2022-12-15T12:03:18+00:00\",\"mainEntityOfPage\":{\"@id\":\"https:\/\/noticiasemdestaque.com\/cd\/?p=44736\"},\"wordCount\":204,\"publisher\":{\"@id\":\"https:\/\/noticiasemdestaque.com\/cd\/#organization\"},\"image\":{\"@id\":\"https:\/\/noticiasemdestaque.com\/cd\/?p=44736#primaryimage\"},\"thumbnailUrl\":\"https:\/\/noticiasemdestaque.com\/cd\/wp-content\/uploads\/2022\/12\/1000050359.jpg\",\"articleSection\":[\"Cidades\"],\"inLanguage\":\"pt-BR\"},{\"@type\":\"WebPage\",\"@id\":\"https:\/\/noticiasemdestaque.com\/cd\/?p=44736\",\"url\":\"https:\/\/noticiasemdestaque.com\/cd\/?p=44736\",\"name\":\"Com grande presen\u00e7a do p\u00fablico e renomadas atra\u00e7\u00f5es, Livramento comemora anivers\u00e1rio de 60 anos - Not&iacute;cias em Destaque\",\"isPartOf\":{\"@id\":\"https:\/\/noticiasemdestaque.com\/cd\/#website\"},\"primaryImageOfPage\":{\"@id\":\"https:\/\/noticiasemdestaque.com\/cd\/?p=44736#primaryimage\"},\"image\":{\"@id\":\"https:\/\/noticiasemdestaque.com\/cd\/?p=44736#primaryimage\"},\"thumbnailUrl\":\"https:\/\/noticiasemdestaque.com\/cd\/wp-content\/uploads\/2022\/12\/1000050359.jpg\",\"datePublished\":\"2022-12-15T12:03:18+00:00\",\"breadcrumb\":{\"@id\":\"https:\/\/noticiasemdestaque.com\/cd\/?p=44736#breadcrumb\"},\"inLanguage\":\"pt-BR\",\"potentialAction\":[{\"@type\":\"ReadAction\",\"target\":[\"https:\/\/noticiasemdestaque.com\/cd\/?p=44736\"]}]},{\"@type\":\"ImageObject\",\"inLanguage\":\"pt-BR\",\"@id\":\"https:\/\/noticiasemdestaque.com\/cd\/?p=44736#primaryimage\",\"url\":\"https:\/\/noticiasemdestaque.com\/cd\/wp-content\/uploads\/2022\/12\/1000050359.jpg\",\"contentUrl\":\"https:\/\/noticiasemdestaque.com\/cd\/wp-content\/uploads\/2022\/12\/1000050359.jpg\",\"width\":1600,\"height\":1200},{\"@type\":\"BreadcrumbList\",\"@id\":\"https:\/\/noticiasemdestaque.com\/cd\/?p=44736#breadcrumb\",\"itemListElement\":[{\"@type\":\"ListItem\",\"position\":1,\"name\":\"In\u00edcio\",\"item\":\"https:\/\/noticiasemdestaque.com\/cd\/\"},{\"@type\":\"ListItem\",\"position\":2,\"name\":\"Com grande presen\u00e7a do p\u00fablico e renomadas atra\u00e7\u00f5es, Livramento comemora anivers\u00e1rio de 60 anos\"}]},{\"@type\":\"WebSite\",\"@id\":\"https:\/\/noticiasemdestaque.com\/cd\/#website\",\"url\":\"https:\/\/noticiasemdestaque.com\/cd\/\",\"name\":\"Not&iacute;cias em Destaque\",\"description\":\"\",\"publisher\":{\"@id\":\"https:\/\/noticiasemdestaque.com\/cd\/#organization\"},\"potentialAction\":[{\"@type\":\"SearchAction\",\"target\":{\"@type\":\"EntryPoint\",\"urlTemplate\":\"https:\/\/noticiasemdestaque.com\/cd\/?s={search_term_string}\"},\"query-input\":{\"@type\":\"PropertyValueSpecification\",\"valueRequired\":true,\"valueName\":\"search_term_string\"}}],\"inLanguage\":\"pt-BR\"},{\"@type\":\"Organization\",\"@id\":\"https:\/\/noticiasemdestaque.com\/cd\/#organization\",\"name\":\"Not\u00edcias em Destaque\",\"url\":\"https:\/\/noticiasemdestaque.com\/cd\/\",\"logo\":{\"@type\":\"ImageObject\",\"inLanguage\":\"pt-BR\",\"@id\":\"https:\/\/noticiasemdestaque.com\/cd\/#\/schema\/logo\/image\/\",\"url\":\"https:\/\/noticiasemdestaque.com\/cd\/wp-content\/uploads\/2022\/05\/imagem-base-noticiasemdestaque.png\",\"contentUrl\":\"https:\/\/noticiasemdestaque.com\/cd\/wp-content\/uploads\/2022\/05\/imagem-base-noticiasemdestaque.png\",\"width\":1200,\"height\":630,\"caption\":\"Not\u00edcias em Destaque\"},\"image\":{\"@id\":\"https:\/\/noticiasemdestaque.com\/cd\/#\/schema\/logo\/image\/\"}},{\"@type\":\"Person\",\"@id\":\"https:\/\/noticiasemdestaque.com\/cd\/#\/schema\/person\/47f7d4f55eec17c6b2ca036c5500f6ce\",\"name\":\"Not\u00edcias em Destaque\",\"url\":\"https:\/\/noticiasemdestaque.com\/cd\/?author=2\"}]}<\/script>\n<!-- \/ Yoast SEO plugin. -->","yoast_head_json":{"title":"Com grande presen\u00e7a do p\u00fablico e renomadas atra\u00e7\u00f5es, Livramento comemora anivers\u00e1rio de 60 anos - Not&iacute;cias em Destaque","robots":{"index":"index","follow":"follow","max-snippet":"max-snippet:-1","max-image-preview":"max-image-preview:large","max-video-preview":"max-video-preview:-1"},"canonical":"https:\/\/noticiasemdestaque.com\/cd\/?p=44736","og_locale":"pt_BR","og_type":"article","og_title":"Com grande presen\u00e7a do p\u00fablico e renomadas atra\u00e7\u00f5es, Livramento comemora anivers\u00e1rio de 60 anos - Not&iacute;cias em Destaque","og_description":"A Prefeitura de Livramento, na gest\u00e3o do prefeito Nananda Barbosa, realizou na noite da \u00faltima ter\u00e7a-feira (13), uma grande festa no p\u00e1tio de eventos do munic\u00edpio, em alus\u00e3o aos 60 anos de Emancipa\u00e7\u00e3o Pol\u00edtica. A festa contou com um grande p\u00fablico que lotou a pra\u00e7a central da cidade, e foi embalada com muito forr\u00f3 pelas renomadas bandas: Forroz\u00e3o das Antigas e Cavaleiros do Forr\u00f3. A atra\u00e7\u00e3o final ficou por conta da dupla que est\u00e1 arrastando multid\u00f5es por onde passa: Iguinho e Lulinha. O prefeito Nananda Barbosa, comemorou o sucesso do evento, e falou que a gest\u00e3o municipal realizou uma festa que o povo de Livramento merecia. \u201cO povo de Livramento merecia uma festa deste porte para comemorarmos uma data importante da hist\u00f3ria de nosso munic\u00edpio. Agrade\u00e7o a toda a equipe da Prefeitura que se empenhou para que tudo sa\u00edsse conforme planejado,\u201d disse. Durante os \u00faltimos dias foram realizadas atividades e apresenta\u00e7\u00f5es em alus\u00e3o ao anivers\u00e1rio da cidade caririzeira. Noticias em Destaque Fonte: De Olho no Cariri\/Para\u00edba Mix","og_url":"https:\/\/noticiasemdestaque.com\/cd\/?p=44736","og_site_name":"Not&iacute;cias em Destaque","article_published_time":"2022-12-15T12:03:18+00:00","og_image":[{"width":1600,"height":1200,"url":"https:\/\/noticiasemdestaque.com\/cd\/wp-content\/uploads\/2022\/12\/1000050359.jpg","type":"image\/jpeg"}],"author":"Not\u00edcias em Destaque","twitter_card":"summary_large_image","twitter_misc":{"Escrito por":"Not\u00edcias em Destaque","Est. tempo de leitura":"2 minutos"},"schema":{"@context":"https:\/\/schema.org","@graph":[{"@type":"Article","@id":"https:\/\/noticiasemdestaque.com\/cd\/?p=44736#article","isPartOf":{"@id":"https:\/\/noticiasemdestaque.com\/cd\/?p=44736"},"author":{"name":"Not\u00edcias em Destaque","@id":"https:\/\/noticiasemdestaque.com\/cd\/#\/schema\/person\/47f7d4f55eec17c6b2ca036c5500f6ce"},"headline":"Com grande presen\u00e7a do p\u00fablico e renomadas atra\u00e7\u00f5es, Livramento comemora anivers\u00e1rio de 60 anos","datePublished":"2022-12-15T12:03:18+00:00","mainEntityOfPage":{"@id":"https:\/\/noticiasemdestaque.com\/cd\/?p=44736"},"wordCount":204,"publisher":{"@id":"https:\/\/noticiasemdestaque.com\/cd\/#organization"},"image":{"@id":"https:\/\/noticiasemdestaque.com\/cd\/?p=44736#primaryimage"},"thumbnailUrl":"https:\/\/noticiasemdestaque.com\/cd\/wp-content\/uploads\/2022\/12\/1000050359.jpg","articleSection":["Cidades"],"inLanguage":"pt-BR"},{"@type":"WebPage","@id":"https:\/\/noticiasemdestaque.com\/cd\/?p=44736","url":"https:\/\/noticiasemdestaque.com\/cd\/?p=44736","name":"Com grande presen\u00e7a do p\u00fablico e renomadas atra\u00e7\u00f5es, Livramento comemora anivers\u00e1rio de 60 anos - Not&iacute;cias em Destaque","isPartOf":{"@id":"https:\/\/noticiasemdestaque.com\/cd\/#website"},"primaryImageOfPage":{"@id":"https:\/\/noticiasemdestaque.com\/cd\/?p=44736#primaryimage"},"image":{"@id":"https:\/\/noticiasemdestaque.com\/cd\/?p=44736#primaryimage"},"thumbnailUrl":"https:\/\/noticiasemdestaque.com\/cd\/wp-content\/uploads\/2022\/12\/1000050359.jpg","datePublished":"2022-12-15T12:03:18+00:00","breadcrumb":{"@id":"https:\/\/noticiasemdestaque.com\/cd\/?p=44736#breadcrumb"},"inLanguage":"pt-BR","potentialAction":[{"@type":"ReadAction","target":["https:\/\/noticiasemdestaque.com\/cd\/?p=44736"]}]},{"@type":"ImageObject","inLanguage":"pt-BR","@id":"https:\/\/noticiasemdestaque.com\/cd\/?p=44736#primaryimage","url":"https:\/\/noticiasemdestaque.com\/cd\/wp-content\/uploads\/2022\/12\/1000050359.jpg","contentUrl":"https:\/\/noticiasemdestaque.com\/cd\/wp-content\/uploads\/2022\/12\/1000050359.jpg","width":1600,"height":1200},{"@type":"BreadcrumbList","@id":"https:\/\/noticiasemdestaque.com\/cd\/?p=44736#breadcrumb","itemListElement":[{"@type":"ListItem","position":1,"name":"In\u00edcio","item":"https:\/\/noticiasemdestaque.com\/cd\/"},{"@type":"ListItem","position":2,"name":"Com grande presen\u00e7a do p\u00fablico e renomadas atra\u00e7\u00f5es, Livramento comemora anivers\u00e1rio de 60 anos"}]},{"@type":"WebSite","@id":"https:\/\/noticiasemdestaque.com\/cd\/#website","url":"https:\/\/noticiasemdestaque.com\/cd\/","name":"Not&iacute;cias em Destaque","description":"","publisher":{"@id":"https:\/\/noticiasemdestaque.com\/cd\/#organization"},"potentialAction":[{"@type":"SearchAction","target":{"@type":"EntryPoint","urlTemplate":"https:\/\/noticiasemdestaque.com\/cd\/?s={search_term_string}"},"query-input":{"@type":"PropertyValueSpecification","valueRequired":true,"valueName":"search_term_string"}}],"inLanguage":"pt-BR"},{"@type":"Organization","@id":"https:\/\/noticiasemdestaque.com\/cd\/#organization","name":"Not\u00edcias em Destaque","url":"https:\/\/noticiasemdestaque.com\/cd\/","logo":{"@type":"ImageObject","inLanguage":"pt-BR","@id":"https:\/\/noticiasemdestaque.com\/cd\/#\/schema\/logo\/image\/","url":"https:\/\/noticiasemdestaque.com\/cd\/wp-content\/uploads\/2022\/05\/imagem-base-noticiasemdestaque.png","contentUrl":"https:\/\/noticiasemdestaque.com\/cd\/wp-content\/uploads\/2022\/05\/imagem-base-noticiasemdestaque.png","width":1200,"height":630,"caption":"Not\u00edcias em Destaque"},"image":{"@id":"https:\/\/noticiasemdestaque.com\/cd\/#\/schema\/logo\/image\/"}},{"@type":"Person","@id":"https:\/\/noticiasemdestaque.com\/cd\/#\/schema\/person\/47f7d4f55eec17c6b2ca036c5500f6ce","name":"Not\u00edcias em Destaque","url":"https:\/\/noticiasemdestaque.com\/cd\/?author=2"}]}},"jetpack_featured_media_url":"https:\/\/noticiasemdestaque.com\/cd\/wp-content\/uploads\/2022\/12\/1000050359.jpg","jetpack_sharing_enabled":true,"_links":{"self":[{"href":"https:\/\/noticiasemdestaque.com\/cd\/index.php?rest_route=\/wp\/v2\/posts\/44736","targetHints":{"allow":["GET"]}}],"collection":[{"href":"https:\/\/noticiasemdestaque.com\/cd\/index.php?rest_route=\/wp\/v2\/posts"}],"about":[{"href":"https:\/\/noticiasemdestaque.com\/cd\/index.php?rest_route=\/wp\/v2\/types\/post"}],"author":[{"embeddable":true,"href":"https:\/\/noticiasemdestaque.com\/cd\/index.php?rest_route=\/wp\/v2\/users\/2"}],"replies":[{"embeddable":true,"href":"https:\/\/noticiasemdestaque.com\/cd\/index.php?rest_route=%2Fwp%2Fv2%2Fcomments&post=44736"}],"version-history":[{"count":1,"href":"https:\/\/noticiasemdestaque.com\/cd\/index.php?rest_route=\/wp\/v2\/posts\/44736\/revisions"}],"predecessor-version":[{"id":44738,"href":"https:\/\/noticiasemdestaque.com\/cd\/index.php?rest_route=\/wp\/v2\/posts\/44736\/revisions\/44738"}],"wp:featuredmedia":[{"embeddable":true,"href":"https:\/\/noticiasemdestaque.com\/cd\/index.php?rest_route=\/wp\/v2\/media\/44737"}],"wp:attachment":[{"href":"https:\/\/noticiasemdestaque.com\/cd\/index.php?rest_route=%2Fwp%2Fv2%2Fmedia&parent=44736"}],"wp:term":[{"taxonomy":"category","embeddable":true,"href":"https:\/\/noticiasemdestaque.com\/cd\/index.php?rest_route=%2Fwp%2Fv2%2Fcategories&post=44736"},{"taxonomy":"post_tag","embeddable":true,"href":"https:\/\/noticiasemdestaque.com\/cd\/index.php?rest_route=%2Fwp%2Fv2%2Ftags&post=44736"}],"curies":[{"name":"wp","href":"https:\/\/api.w.org\/{rel}","templated":true}]}}