{"id":44712,"date":"2022-12-14T18:22:45","date_gmt":"2022-12-14T21:22:45","guid":{"rendered":"https:\/\/noticiasemdestaque.com\/cd\/?p=44712"},"modified":"2022-12-14T18:53:31","modified_gmt":"2022-12-14T21:53:31","slug":"vereador-flavio-messias-e-eleito-presidente-da-camara-municipal-de-amparo-para-o-bienio-2023-2024","status":"publish","type":"post","link":"https:\/\/noticiasemdestaque.com\/cd\/?p=44712","title":{"rendered":"Vereador Fl\u00e1vio Messias \u00e9 eleito presidente da C\u00e2mara Municipal de Amparo para o bi\u00eanio 2023-2024"},"content":{"rendered":"<div><a href=\"https:\/\/noticiasemdestaque.com\/cd\/wp-content\/uploads\/2022\/12\/CAMARA-DE-VEREADORES-DE-AMPARO-PB-116.jpg\"><img fetchpriority=\"high\" decoding=\"async\" class=\"size-medium wp-image-44713 aligncenter\" src=\"https:\/\/noticiasemdestaque.com\/cd\/wp-content\/uploads\/2022\/12\/CAMARA-DE-VEREADORES-DE-AMPARO-PB-116-300x199.jpg\" alt=\"\" width=\"300\" height=\"199\" srcset=\"https:\/\/noticiasemdestaque.com\/cd\/wp-content\/uploads\/2022\/12\/CAMARA-DE-VEREADORES-DE-AMPARO-PB-116-300x199.jpg 300w, https:\/\/noticiasemdestaque.com\/cd\/wp-content\/uploads\/2022\/12\/CAMARA-DE-VEREADORES-DE-AMPARO-PB-116-18x12.jpg 18w, https:\/\/noticiasemdestaque.com\/cd\/wp-content\/uploads\/2022\/12\/CAMARA-DE-VEREADORES-DE-AMPARO-PB-116.jpg 640w\" sizes=\"(max-width: 300px) 100vw, 300px\" \/><\/a><\/div>\n<div><\/div>\n<div>\n<p>A C\u00e2mara de vereadores de Amparo elegeu, na tarde desta quarta-feira (14), a nova mesa diretora para o pr\u00f3ximo bi\u00eanio (2023\/2024). Apenas uma chapa foi homologada.<\/p>\n<p>A vota\u00e7\u00e3o definiu que o vereador Fl\u00e1vio Messias comandar\u00e1 as atividades do Legislativo at\u00e9 o fim do atual mandato. Ele assume a cadeira a partir de janeiro de 2023.<\/p>\n<p>A nova mesa diretora ainda ser\u00e1 composta por Eduardo Cabral (vice-presidente), Duda Barnab\u00e9 (1\u00ba Secret\u00e1rio) e Edvaldo Divino (2\u00ba Secret\u00e1rio).<\/p>\n<p><strong><em>Not\u00edcias em Destaque<\/em><\/strong><\/p>\n<p>Com Amparo Ligado<\/p>\n<\/div>\n","protected":false},"excerpt":{"rendered":"<p>A C\u00e2mara de vereadores de Amparo elegeu, na tarde desta quarta-feira (14), a nova mesa diretora para o pr\u00f3ximo bi\u00eanio (2023\/2024). Apenas uma chapa foi homologada. A vota\u00e7\u00e3o definiu que o vereador Fl\u00e1vio Messias comandar\u00e1 as atividades do Legislativo at\u00e9 o fim do atual mandato. Ele assume a cadeira a partir de janeiro de 2023. A nova mesa diretora ainda ser\u00e1 composta por Eduardo Cabral (vice-presidente), Duda Barnab\u00e9 (1\u00ba Secret\u00e1rio) e Edvaldo Divino (2\u00ba Secret\u00e1rio). Not\u00edcias em Destaque Com Amparo Ligado<\/p>\n","protected":false},"author":2,"featured_media":44713,"comment_status":"closed","ping_status":"open","sticky":false,"template":"","format":"standard","meta":{"_eb_attr":"","_jetpack_memberships_contains_paid_content":false,"footnotes":""},"categories":[4],"tags":[],"class_list":["post-44712","post","type-post","status-publish","format-standard","has-post-thumbnail","hentry","category-politica"],"yoast_head":"<!-- This site is optimized with the Yoast SEO plugin v26.5 - https:\/\/yoast.com\/wordpress\/plugins\/seo\/ -->\n<title>Vereador Fl\u00e1vio Messias \u00e9 eleito presidente da C\u00e2mara Municipal de Amparo para o bi\u00eanio 2023-2024 - Not&iacute;cias em Destaque<\/title>\n<meta name=\"robots\" content=\"index, follow, max-snippet:-1, max-image-preview:large, max-video-preview:-1\" \/>\n<link rel=\"canonical\" href=\"https:\/\/noticiasemdestaque.com\/cd\/?p=44712\" \/>\n<meta property=\"og:locale\" content=\"pt_BR\" \/>\n<meta property=\"og:type\" content=\"article\" \/>\n<meta property=\"og:title\" content=\"Vereador Fl\u00e1vio Messias \u00e9 eleito presidente da C\u00e2mara Municipal de Amparo para o bi\u00eanio 2023-2024 - Not&iacute;cias em Destaque\" \/>\n<meta property=\"og:description\" content=\"A C\u00e2mara de vereadores de Amparo elegeu, na tarde desta quarta-feira (14), a nova mesa diretora para o pr\u00f3ximo bi\u00eanio (2023\/2024). Apenas uma chapa foi homologada. A vota\u00e7\u00e3o definiu que o vereador Fl\u00e1vio Messias comandar\u00e1 as atividades do Legislativo at\u00e9 o fim do atual mandato. Ele assume a cadeira a partir de janeiro de 2023. A nova mesa diretora ainda ser\u00e1 composta por Eduardo Cabral (vice-presidente), Duda Barnab\u00e9 (1\u00ba Secret\u00e1rio) e Edvaldo Divino (2\u00ba Secret\u00e1rio). Not\u00edcias em Destaque Com Amparo Ligado\" \/>\n<meta property=\"og:url\" content=\"https:\/\/noticiasemdestaque.com\/cd\/?p=44712\" \/>\n<meta property=\"og:site_name\" content=\"Not&iacute;cias em Destaque\" \/>\n<meta property=\"article:published_time\" content=\"2022-12-14T21:22:45+00:00\" \/>\n<meta property=\"article:modified_time\" content=\"2022-12-14T21:53:31+00:00\" \/>\n<meta property=\"og:image\" content=\"https:\/\/noticiasemdestaque.com\/cd\/wp-content\/uploads\/2022\/12\/CAMARA-DE-VEREADORES-DE-AMPARO-PB-116.jpg\" \/>\n\t<meta property=\"og:image:width\" content=\"640\" \/>\n\t<meta property=\"og:image:height\" content=\"424\" \/>\n\t<meta property=\"og:image:type\" content=\"image\/jpeg\" \/>\n<meta name=\"author\" content=\"Not\u00edcias em Destaque\" \/>\n<meta name=\"twitter:card\" content=\"summary_large_image\" \/>\n<meta name=\"twitter:label1\" content=\"Escrito por\" \/>\n\t<meta name=\"twitter:data1\" content=\"Not\u00edcias em Destaque\" \/>\n\t<meta name=\"twitter:label2\" content=\"Est. tempo de leitura\" \/>\n\t<meta name=\"twitter:data2\" content=\"1 minuto\" \/>\n<script type=\"application\/ld+json\" class=\"yoast-schema-graph\">{\"@context\":\"https:\/\/schema.org\",\"@graph\":[{\"@type\":\"Article\",\"@id\":\"https:\/\/noticiasemdestaque.com\/cd\/?p=44712#article\",\"isPartOf\":{\"@id\":\"https:\/\/noticiasemdestaque.com\/cd\/?p=44712\"},\"author\":{\"name\":\"Not\u00edcias em Destaque\",\"@id\":\"https:\/\/noticiasemdestaque.com\/cd\/#\/schema\/person\/47f7d4f55eec17c6b2ca036c5500f6ce\"},\"headline\":\"Vereador Fl\u00e1vio Messias \u00e9 eleito presidente da C\u00e2mara Municipal de Amparo para o bi\u00eanio 2023-2024\",\"datePublished\":\"2022-12-14T21:22:45+00:00\",\"dateModified\":\"2022-12-14T21:53:31+00:00\",\"mainEntityOfPage\":{\"@id\":\"https:\/\/noticiasemdestaque.com\/cd\/?p=44712\"},\"wordCount\":101,\"publisher\":{\"@id\":\"https:\/\/noticiasemdestaque.com\/cd\/#organization\"},\"image\":{\"@id\":\"https:\/\/noticiasemdestaque.com\/cd\/?p=44712#primaryimage\"},\"thumbnailUrl\":\"https:\/\/noticiasemdestaque.com\/cd\/wp-content\/uploads\/2022\/12\/CAMARA-DE-VEREADORES-DE-AMPARO-PB-116.jpg\",\"articleSection\":[\"Pol\u00edtica\"],\"inLanguage\":\"pt-BR\"},{\"@type\":\"WebPage\",\"@id\":\"https:\/\/noticiasemdestaque.com\/cd\/?p=44712\",\"url\":\"https:\/\/noticiasemdestaque.com\/cd\/?p=44712\",\"name\":\"Vereador Fl\u00e1vio Messias \u00e9 eleito presidente da C\u00e2mara Municipal de Amparo para o bi\u00eanio 2023-2024 - Not&iacute;cias em Destaque\",\"isPartOf\":{\"@id\":\"https:\/\/noticiasemdestaque.com\/cd\/#website\"},\"primaryImageOfPage\":{\"@id\":\"https:\/\/noticiasemdestaque.com\/cd\/?p=44712#primaryimage\"},\"image\":{\"@id\":\"https:\/\/noticiasemdestaque.com\/cd\/?p=44712#primaryimage\"},\"thumbnailUrl\":\"https:\/\/noticiasemdestaque.com\/cd\/wp-content\/uploads\/2022\/12\/CAMARA-DE-VEREADORES-DE-AMPARO-PB-116.jpg\",\"datePublished\":\"2022-12-14T21:22:45+00:00\",\"dateModified\":\"2022-12-14T21:53:31+00:00\",\"breadcrumb\":{\"@id\":\"https:\/\/noticiasemdestaque.com\/cd\/?p=44712#breadcrumb\"},\"inLanguage\":\"pt-BR\",\"potentialAction\":[{\"@type\":\"ReadAction\",\"target\":[\"https:\/\/noticiasemdestaque.com\/cd\/?p=44712\"]}]},{\"@type\":\"ImageObject\",\"inLanguage\":\"pt-BR\",\"@id\":\"https:\/\/noticiasemdestaque.com\/cd\/?p=44712#primaryimage\",\"url\":\"https:\/\/noticiasemdestaque.com\/cd\/wp-content\/uploads\/2022\/12\/CAMARA-DE-VEREADORES-DE-AMPARO-PB-116.jpg\",\"contentUrl\":\"https:\/\/noticiasemdestaque.com\/cd\/wp-content\/uploads\/2022\/12\/CAMARA-DE-VEREADORES-DE-AMPARO-PB-116.jpg\",\"width\":640,\"height\":424},{\"@type\":\"BreadcrumbList\",\"@id\":\"https:\/\/noticiasemdestaque.com\/cd\/?p=44712#breadcrumb\",\"itemListElement\":[{\"@type\":\"ListItem\",\"position\":1,\"name\":\"In\u00edcio\",\"item\":\"https:\/\/noticiasemdestaque.com\/cd\/\"},{\"@type\":\"ListItem\",\"position\":2,\"name\":\"Vereador Fl\u00e1vio Messias \u00e9 eleito presidente da C\u00e2mara Municipal de Amparo para o bi\u00eanio 2023-2024\"}]},{\"@type\":\"WebSite\",\"@id\":\"https:\/\/noticiasemdestaque.com\/cd\/#website\",\"url\":\"https:\/\/noticiasemdestaque.com\/cd\/\",\"name\":\"Not&iacute;cias em Destaque\",\"description\":\"\",\"publisher\":{\"@id\":\"https:\/\/noticiasemdestaque.com\/cd\/#organization\"},\"potentialAction\":[{\"@type\":\"SearchAction\",\"target\":{\"@type\":\"EntryPoint\",\"urlTemplate\":\"https:\/\/noticiasemdestaque.com\/cd\/?s={search_term_string}\"},\"query-input\":{\"@type\":\"PropertyValueSpecification\",\"valueRequired\":true,\"valueName\":\"search_term_string\"}}],\"inLanguage\":\"pt-BR\"},{\"@type\":\"Organization\",\"@id\":\"https:\/\/noticiasemdestaque.com\/cd\/#organization\",\"name\":\"Not\u00edcias em Destaque\",\"url\":\"https:\/\/noticiasemdestaque.com\/cd\/\",\"logo\":{\"@type\":\"ImageObject\",\"inLanguage\":\"pt-BR\",\"@id\":\"https:\/\/noticiasemdestaque.com\/cd\/#\/schema\/logo\/image\/\",\"url\":\"https:\/\/noticiasemdestaque.com\/cd\/wp-content\/uploads\/2022\/05\/imagem-base-noticiasemdestaque.png\",\"contentUrl\":\"https:\/\/noticiasemdestaque.com\/cd\/wp-content\/uploads\/2022\/05\/imagem-base-noticiasemdestaque.png\",\"width\":1200,\"height\":630,\"caption\":\"Not\u00edcias em Destaque\"},\"image\":{\"@id\":\"https:\/\/noticiasemdestaque.com\/cd\/#\/schema\/logo\/image\/\"}},{\"@type\":\"Person\",\"@id\":\"https:\/\/noticiasemdestaque.com\/cd\/#\/schema\/person\/47f7d4f55eec17c6b2ca036c5500f6ce\",\"name\":\"Not\u00edcias em Destaque\",\"url\":\"https:\/\/noticiasemdestaque.com\/cd\/?author=2\"}]}<\/script>\n<!-- \/ Yoast SEO plugin. -->","yoast_head_json":{"title":"Vereador Fl\u00e1vio Messias \u00e9 eleito presidente da C\u00e2mara Municipal de Amparo para o bi\u00eanio 2023-2024 - Not&iacute;cias em Destaque","robots":{"index":"index","follow":"follow","max-snippet":"max-snippet:-1","max-image-preview":"max-image-preview:large","max-video-preview":"max-video-preview:-1"},"canonical":"https:\/\/noticiasemdestaque.com\/cd\/?p=44712","og_locale":"pt_BR","og_type":"article","og_title":"Vereador Fl\u00e1vio Messias \u00e9 eleito presidente da C\u00e2mara Municipal de Amparo para o bi\u00eanio 2023-2024 - Not&iacute;cias em Destaque","og_description":"A C\u00e2mara de vereadores de Amparo elegeu, na tarde desta quarta-feira (14), a nova mesa diretora para o pr\u00f3ximo bi\u00eanio (2023\/2024). Apenas uma chapa foi homologada. A vota\u00e7\u00e3o definiu que o vereador Fl\u00e1vio Messias comandar\u00e1 as atividades do Legislativo at\u00e9 o fim do atual mandato. Ele assume a cadeira a partir de janeiro de 2023. A nova mesa diretora ainda ser\u00e1 composta por Eduardo Cabral (vice-presidente), Duda Barnab\u00e9 (1\u00ba Secret\u00e1rio) e Edvaldo Divino (2\u00ba Secret\u00e1rio). Not\u00edcias em Destaque Com Amparo Ligado","og_url":"https:\/\/noticiasemdestaque.com\/cd\/?p=44712","og_site_name":"Not&iacute;cias em Destaque","article_published_time":"2022-12-14T21:22:45+00:00","article_modified_time":"2022-12-14T21:53:31+00:00","og_image":[{"width":640,"height":424,"url":"https:\/\/noticiasemdestaque.com\/cd\/wp-content\/uploads\/2022\/12\/CAMARA-DE-VEREADORES-DE-AMPARO-PB-116.jpg","type":"image\/jpeg"}],"author":"Not\u00edcias em Destaque","twitter_card":"summary_large_image","twitter_misc":{"Escrito por":"Not\u00edcias em Destaque","Est. tempo de leitura":"1 minuto"},"schema":{"@context":"https:\/\/schema.org","@graph":[{"@type":"Article","@id":"https:\/\/noticiasemdestaque.com\/cd\/?p=44712#article","isPartOf":{"@id":"https:\/\/noticiasemdestaque.com\/cd\/?p=44712"},"author":{"name":"Not\u00edcias em Destaque","@id":"https:\/\/noticiasemdestaque.com\/cd\/#\/schema\/person\/47f7d4f55eec17c6b2ca036c5500f6ce"},"headline":"Vereador Fl\u00e1vio Messias \u00e9 eleito presidente da C\u00e2mara Municipal de Amparo para o bi\u00eanio 2023-2024","datePublished":"2022-12-14T21:22:45+00:00","dateModified":"2022-12-14T21:53:31+00:00","mainEntityOfPage":{"@id":"https:\/\/noticiasemdestaque.com\/cd\/?p=44712"},"wordCount":101,"publisher":{"@id":"https:\/\/noticiasemdestaque.com\/cd\/#organization"},"image":{"@id":"https:\/\/noticiasemdestaque.com\/cd\/?p=44712#primaryimage"},"thumbnailUrl":"https:\/\/noticiasemdestaque.com\/cd\/wp-content\/uploads\/2022\/12\/CAMARA-DE-VEREADORES-DE-AMPARO-PB-116.jpg","articleSection":["Pol\u00edtica"],"inLanguage":"pt-BR"},{"@type":"WebPage","@id":"https:\/\/noticiasemdestaque.com\/cd\/?p=44712","url":"https:\/\/noticiasemdestaque.com\/cd\/?p=44712","name":"Vereador Fl\u00e1vio Messias \u00e9 eleito presidente da C\u00e2mara Municipal de Amparo para o bi\u00eanio 2023-2024 - Not&iacute;cias em Destaque","isPartOf":{"@id":"https:\/\/noticiasemdestaque.com\/cd\/#website"},"primaryImageOfPage":{"@id":"https:\/\/noticiasemdestaque.com\/cd\/?p=44712#primaryimage"},"image":{"@id":"https:\/\/noticiasemdestaque.com\/cd\/?p=44712#primaryimage"},"thumbnailUrl":"https:\/\/noticiasemdestaque.com\/cd\/wp-content\/uploads\/2022\/12\/CAMARA-DE-VEREADORES-DE-AMPARO-PB-116.jpg","datePublished":"2022-12-14T21:22:45+00:00","dateModified":"2022-12-14T21:53:31+00:00","breadcrumb":{"@id":"https:\/\/noticiasemdestaque.com\/cd\/?p=44712#breadcrumb"},"inLanguage":"pt-BR","potentialAction":[{"@type":"ReadAction","target":["https:\/\/noticiasemdestaque.com\/cd\/?p=44712"]}]},{"@type":"ImageObject","inLanguage":"pt-BR","@id":"https:\/\/noticiasemdestaque.com\/cd\/?p=44712#primaryimage","url":"https:\/\/noticiasemdestaque.com\/cd\/wp-content\/uploads\/2022\/12\/CAMARA-DE-VEREADORES-DE-AMPARO-PB-116.jpg","contentUrl":"https:\/\/noticiasemdestaque.com\/cd\/wp-content\/uploads\/2022\/12\/CAMARA-DE-VEREADORES-DE-AMPARO-PB-116.jpg","width":640,"height":424},{"@type":"BreadcrumbList","@id":"https:\/\/noticiasemdestaque.com\/cd\/?p=44712#breadcrumb","itemListElement":[{"@type":"ListItem","position":1,"name":"In\u00edcio","item":"https:\/\/noticiasemdestaque.com\/cd\/"},{"@type":"ListItem","position":2,"name":"Vereador Fl\u00e1vio Messias \u00e9 eleito presidente da C\u00e2mara Municipal de Amparo para o bi\u00eanio 2023-2024"}]},{"@type":"WebSite","@id":"https:\/\/noticiasemdestaque.com\/cd\/#website","url":"https:\/\/noticiasemdestaque.com\/cd\/","name":"Not&iacute;cias em Destaque","description":"","publisher":{"@id":"https:\/\/noticiasemdestaque.com\/cd\/#organization"},"potentialAction":[{"@type":"SearchAction","target":{"@type":"EntryPoint","urlTemplate":"https:\/\/noticiasemdestaque.com\/cd\/?s={search_term_string}"},"query-input":{"@type":"PropertyValueSpecification","valueRequired":true,"valueName":"search_term_string"}}],"inLanguage":"pt-BR"},{"@type":"Organization","@id":"https:\/\/noticiasemdestaque.com\/cd\/#organization","name":"Not\u00edcias em Destaque","url":"https:\/\/noticiasemdestaque.com\/cd\/","logo":{"@type":"ImageObject","inLanguage":"pt-BR","@id":"https:\/\/noticiasemdestaque.com\/cd\/#\/schema\/logo\/image\/","url":"https:\/\/noticiasemdestaque.com\/cd\/wp-content\/uploads\/2022\/05\/imagem-base-noticiasemdestaque.png","contentUrl":"https:\/\/noticiasemdestaque.com\/cd\/wp-content\/uploads\/2022\/05\/imagem-base-noticiasemdestaque.png","width":1200,"height":630,"caption":"Not\u00edcias em Destaque"},"image":{"@id":"https:\/\/noticiasemdestaque.com\/cd\/#\/schema\/logo\/image\/"}},{"@type":"Person","@id":"https:\/\/noticiasemdestaque.com\/cd\/#\/schema\/person\/47f7d4f55eec17c6b2ca036c5500f6ce","name":"Not\u00edcias em Destaque","url":"https:\/\/noticiasemdestaque.com\/cd\/?author=2"}]}},"jetpack_featured_media_url":"https:\/\/noticiasemdestaque.com\/cd\/wp-content\/uploads\/2022\/12\/CAMARA-DE-VEREADORES-DE-AMPARO-PB-116.jpg","jetpack_sharing_enabled":true,"_links":{"self":[{"href":"https:\/\/noticiasemdestaque.com\/cd\/index.php?rest_route=\/wp\/v2\/posts\/44712","targetHints":{"allow":["GET"]}}],"collection":[{"href":"https:\/\/noticiasemdestaque.com\/cd\/index.php?rest_route=\/wp\/v2\/posts"}],"about":[{"href":"https:\/\/noticiasemdestaque.com\/cd\/index.php?rest_route=\/wp\/v2\/types\/post"}],"author":[{"embeddable":true,"href":"https:\/\/noticiasemdestaque.com\/cd\/index.php?rest_route=\/wp\/v2\/users\/2"}],"replies":[{"embeddable":true,"href":"https:\/\/noticiasemdestaque.com\/cd\/index.php?rest_route=%2Fwp%2Fv2%2Fcomments&post=44712"}],"version-history":[{"count":4,"href":"https:\/\/noticiasemdestaque.com\/cd\/index.php?rest_route=\/wp\/v2\/posts\/44712\/revisions"}],"predecessor-version":[{"id":44726,"href":"https:\/\/noticiasemdestaque.com\/cd\/index.php?rest_route=\/wp\/v2\/posts\/44712\/revisions\/44726"}],"wp:featuredmedia":[{"embeddable":true,"href":"https:\/\/noticiasemdestaque.com\/cd\/index.php?rest_route=\/wp\/v2\/media\/44713"}],"wp:attachment":[{"href":"https:\/\/noticiasemdestaque.com\/cd\/index.php?rest_route=%2Fwp%2Fv2%2Fmedia&parent=44712"}],"wp:term":[{"taxonomy":"category","embeddable":true,"href":"https:\/\/noticiasemdestaque.com\/cd\/index.php?rest_route=%2Fwp%2Fv2%2Fcategories&post=44712"},{"taxonomy":"post_tag","embeddable":true,"href":"https:\/\/noticiasemdestaque.com\/cd\/index.php?rest_route=%2Fwp%2Fv2%2Ftags&post=44712"}],"curies":[{"name":"wp","href":"https:\/\/api.w.org\/{rel}","templated":true}]}}