{"id":44709,"date":"2022-12-14T12:27:13","date_gmt":"2022-12-14T15:27:13","guid":{"rendered":"https:\/\/noticiasemdestaque.com\/cd\/?p=44709"},"modified":"2022-12-14T12:27:13","modified_gmt":"2022-12-14T15:27:13","slug":"governo-federal-suspende-novamente-operacao-carro-pipa-na-paraiba-deixando-159-cidades-sem-agua-e-mpf-cobra-explicacoes","status":"publish","type":"post","link":"https:\/\/noticiasemdestaque.com\/cd\/?p=44709","title":{"rendered":"Governo Federal suspende novamente Opera\u00e7\u00e3o Carro-Pipa na Para\u00edba deixando 159 cidades sem \u00e1gua e MPF cobra explica\u00e7\u00f5es"},"content":{"rendered":"<p><a href=\"https:\/\/noticiasemdestaque.com\/cd\/wp-content\/uploads\/2022\/12\/operacao_carro-pipa.jpg\"><img fetchpriority=\"high\" decoding=\"async\" class=\"alignnone  wp-image-44710\" src=\"https:\/\/noticiasemdestaque.com\/cd\/wp-content\/uploads\/2022\/12\/operacao_carro-pipa-300x200.jpg\" alt=\"\" width=\"1101\" height=\"734\" srcset=\"https:\/\/noticiasemdestaque.com\/cd\/wp-content\/uploads\/2022\/12\/operacao_carro-pipa-300x200.jpg 300w, https:\/\/noticiasemdestaque.com\/cd\/wp-content\/uploads\/2022\/12\/operacao_carro-pipa-768x513.jpg 768w, https:\/\/noticiasemdestaque.com\/cd\/wp-content\/uploads\/2022\/12\/operacao_carro-pipa-18x12.jpg 18w, https:\/\/noticiasemdestaque.com\/cd\/wp-content\/uploads\/2022\/12\/operacao_carro-pipa.jpg 876w\" sizes=\"(max-width: 1101px) 100vw, 1101px\" \/><\/a><\/p>\n<p>O Minist\u00e9rio P\u00fablico Federal (MPF) da Para\u00edba e da Bahia est\u00e3o cobrando explica\u00e7\u00f5es do\u00a0\u00a0Minist\u00e9rio do Desenvolvimento Regional (MDR) sobre mais uma suspens\u00e3o da Opera\u00e7\u00e3o Carro-Pipa\u00a0na regi\u00e3o Nordeste. O\u00a0MPF\u00a0cobrou tamb\u00e9m informa\u00e7\u00f5es sobre o or\u00e7amento previsto para a opera\u00e7\u00e3o no ano de 2023, quando haver\u00e1 mudan\u00e7a da gest\u00e3o federal e as perspectivas para a sua efetiva execu\u00e7\u00e3o.<\/p>\n<p>A Opera\u00e7\u00e3o Pipa\u00a0leva \u00e1gua para mais de 1,5 milh\u00e3o de fam\u00edlias na regi\u00e3o Nordeste. Na Para\u00edba, com a suspens\u00e3o da opera\u00e7\u00e3o, a popula\u00e7\u00e3o de\u00a0\u00a0159 cidades ficam sem acesso a \u00e1gua.<\/p>\n<ul>\n<li><a href=\"https:\/\/www.clickpb.com.br\/paraiba\/mpf-da-prazo-de-dez-dias-para-que-ministerio-do-desenvolvimento-regional-esclareca-paralisacao-da-operacao-carro-pipa-na-paraiba-340558.html\">MPF d\u00e1 prazo de dez dias para que Minist\u00e9rio do Desenvolvimento Regional esclare\u00e7a paralisa\u00e7\u00e3o da Opera\u00e7\u00e3o Carro Pipa na Para\u00edba<\/a><\/li>\n<li><a href=\"https:\/\/www.clickpb.com.br\/paraiba\/daniella-ribeiro-pede-que-governo-federal-reative-operacao-carro-pipa-e-diz-que-sobrevivencia-da-populacao-esta-em-jogo-340475.html\">Daniella Ribeiro pede que Governo Federal reative Opera\u00e7\u00e3o Carro-Pipa e diz que sobreviv\u00eancia da popula\u00e7\u00e3o est\u00e1 em jogo<\/a><\/li>\n<li><a href=\"https:\/\/www.clickpb.com.br\/paraiba\/governo-federal-suspende-operacao-carro-pipa-que-fornecia-agua-na-paraiba-afetando-mais-de-16-mi-de-familias-no-nordeste-340473.html\">Governo Federal suspende opera\u00e7\u00e3o Carro-Pipa que fornecia \u00e1gua na Para\u00edba, afetando mais de 1,6 mi de fam\u00edlias no Nordeste<\/a><\/li>\n<\/ul>\n<p>As procuradoras da Rep\u00fablica Janaina Andrade (da Para\u00edba) e Mar\u00edlia Siqueira (da Bahia) deram prazo de cinco dias para o envio formal dos esclarecimentos.\u00a0O Gabinete de Transi\u00e7\u00e3o do Governo Federal, dever\u00e1 enviar tamb\u00e9m c\u00f3pia do relat\u00f3rio produzido por Grupo de Trabalho Setorial no tocante ao Minist\u00e9rio do Desenvolvimento Regional.<\/p>\n<p>A\u00a0procuradora.Jana\u00edna Andrade pontuou que \u201co direito \u00e0 \u00e1gua pot\u00e1vel tem status de direito humano reconhecido pela Organiza\u00e7\u00e3o das Na\u00e7\u00f5es Unidas (ONU), e que a suspens\u00e3o da opera\u00e7\u00e3o traz preju\u00edzos para a sobreviv\u00eancia da popula\u00e7\u00e3o, atingindo ainda a produ\u00e7\u00e3o\u201d.<\/p>\n<p>O Minist\u00e9rio do Desenvolvimento Regional confirmou essa nova paralisa\u00e7\u00e3o da opera\u00e7\u00e3o, assim como ocorreu no m\u00eas passado, devido e falta de repasse dos\u00a0recursos do Minist\u00e9rio da Economia para o Ex\u00e9rcito Brasileiro, gestor do projeto.<\/p>\n<p>O programa foi implementado h\u00e1 mais de 20 anos por meio de coopera\u00e7\u00e3o t\u00e9cnica e financeira entre os minist\u00e9rios do Desenvolvimento Regional (MDR) e da Defesa. A opera\u00e7\u00e3o, de car\u00e1ter emergencial, \u00e9 feita pelo Ex\u00e9rcito em parceria com pipeiros particulares e atende 461 cidades afetadas pela seca no Nordeste e no Norte de Minas Gerais com oferta de \u00e1gua pot\u00e1vel \u00e0 popula\u00e7\u00e3o.<\/p>\n<p><strong>Noticias em Destaque<\/strong><\/p>\n<p style=\"text-align: right;\"><em>Fonte: Click PB<\/em><\/p>\n","protected":false},"excerpt":{"rendered":"<p>O Minist\u00e9rio P\u00fablico Federal (MPF) da Para\u00edba e da Bahia est\u00e3o cobrando explica\u00e7\u00f5es do\u00a0\u00a0Minist\u00e9rio do Desenvolvimento Regional (MDR) sobre mais uma suspens\u00e3o da Opera\u00e7\u00e3o Carro-Pipa\u00a0na regi\u00e3o Nordeste. O\u00a0MPF\u00a0cobrou tamb\u00e9m informa\u00e7\u00f5es sobre o or\u00e7amento previsto para a opera\u00e7\u00e3o no ano de 2023, quando haver\u00e1 mudan\u00e7a da gest\u00e3o federal e as perspectivas para a sua efetiva execu\u00e7\u00e3o. A Opera\u00e7\u00e3o Pipa\u00a0leva \u00e1gua para mais de 1,5 milh\u00e3o de fam\u00edlias na regi\u00e3o Nordeste. Na Para\u00edba, com a suspens\u00e3o da opera\u00e7\u00e3o, a popula\u00e7\u00e3o de\u00a0\u00a0159 cidades ficam sem acesso a \u00e1gua. MPF d\u00e1 prazo de dez dias para que Minist\u00e9rio do Desenvolvimento Regional esclare\u00e7a paralisa\u00e7\u00e3o da Opera\u00e7\u00e3o Carro Pipa na Para\u00edba Daniella Ribeiro pede que Governo Federal reative Opera\u00e7\u00e3o Carro-Pipa e diz que sobreviv\u00eancia da popula\u00e7\u00e3o est\u00e1 em jogo Governo Federal suspende opera\u00e7\u00e3o Carro-Pipa que fornecia \u00e1gua na Para\u00edba, afetando mais de 1,6 mi de fam\u00edlias no Nordeste As procuradoras da Rep\u00fablica Janaina Andrade (da Para\u00edba) e Mar\u00edlia Siqueira (da Bahia) deram prazo de cinco dias para o envio formal dos esclarecimentos.\u00a0O Gabinete de Transi\u00e7\u00e3o do Governo Federal, dever\u00e1 enviar tamb\u00e9m c\u00f3pia do relat\u00f3rio produzido por Grupo de Trabalho Setorial no tocante ao Minist\u00e9rio do Desenvolvimento Regional. A\u00a0procuradora.Jana\u00edna Andrade pontuou que \u201co direito \u00e0 \u00e1gua pot\u00e1vel tem status de direito humano reconhecido pela Organiza\u00e7\u00e3o das Na\u00e7\u00f5es Unidas (ONU), e que a suspens\u00e3o da opera\u00e7\u00e3o traz preju\u00edzos para a sobreviv\u00eancia da popula\u00e7\u00e3o, atingindo ainda a produ\u00e7\u00e3o\u201d. O Minist\u00e9rio do Desenvolvimento Regional confirmou essa nova paralisa\u00e7\u00e3o da opera\u00e7\u00e3o, assim como ocorreu no m\u00eas passado, devido e falta de repasse dos\u00a0recursos do Minist\u00e9rio da Economia para o Ex\u00e9rcito Brasileiro, gestor do projeto. O programa foi implementado h\u00e1 mais de 20 anos por meio de coopera\u00e7\u00e3o t\u00e9cnica e financeira entre os minist\u00e9rios do Desenvolvimento Regional (MDR) e da Defesa. A opera\u00e7\u00e3o, de car\u00e1ter emergencial, \u00e9 feita pelo Ex\u00e9rcito em parceria com pipeiros particulares e atende 461 cidades afetadas pela seca no Nordeste e no Norte de Minas Gerais com oferta de \u00e1gua pot\u00e1vel \u00e0 popula\u00e7\u00e3o. Noticias em Destaque Fonte: Click PB<\/p>\n","protected":false},"author":2,"featured_media":44710,"comment_status":"closed","ping_status":"open","sticky":false,"template":"","format":"standard","meta":{"_eb_attr":"","_jetpack_memberships_contains_paid_content":false,"footnotes":""},"categories":[12],"tags":[],"class_list":["post-44709","post","type-post","status-publish","format-standard","has-post-thumbnail","hentry","category-geral"],"yoast_head":"<!-- This site is optimized with the Yoast SEO plugin v26.5 - https:\/\/yoast.com\/wordpress\/plugins\/seo\/ -->\n<title>Governo Federal suspende novamente Opera\u00e7\u00e3o Carro-Pipa na Para\u00edba deixando 159 cidades sem \u00e1gua e MPF cobra explica\u00e7\u00f5es - Not&iacute;cias em Destaque<\/title>\n<meta name=\"robots\" content=\"index, follow, max-snippet:-1, max-image-preview:large, max-video-preview:-1\" \/>\n<link rel=\"canonical\" href=\"https:\/\/noticiasemdestaque.com\/cd\/?p=44709\" \/>\n<meta property=\"og:locale\" content=\"pt_BR\" \/>\n<meta property=\"og:type\" content=\"article\" \/>\n<meta property=\"og:title\" content=\"Governo Federal suspende novamente Opera\u00e7\u00e3o Carro-Pipa na Para\u00edba deixando 159 cidades sem \u00e1gua e MPF cobra explica\u00e7\u00f5es - Not&iacute;cias em Destaque\" \/>\n<meta property=\"og:description\" content=\"O Minist\u00e9rio P\u00fablico Federal (MPF) da Para\u00edba e da Bahia est\u00e3o cobrando explica\u00e7\u00f5es do\u00a0\u00a0Minist\u00e9rio do Desenvolvimento Regional (MDR) sobre mais uma suspens\u00e3o da Opera\u00e7\u00e3o Carro-Pipa\u00a0na regi\u00e3o Nordeste. O\u00a0MPF\u00a0cobrou tamb\u00e9m informa\u00e7\u00f5es sobre o or\u00e7amento previsto para a opera\u00e7\u00e3o no ano de 2023, quando haver\u00e1 mudan\u00e7a da gest\u00e3o federal e as perspectivas para a sua efetiva execu\u00e7\u00e3o. A Opera\u00e7\u00e3o Pipa\u00a0leva \u00e1gua para mais de 1,5 milh\u00e3o de fam\u00edlias na regi\u00e3o Nordeste. Na Para\u00edba, com a suspens\u00e3o da opera\u00e7\u00e3o, a popula\u00e7\u00e3o de\u00a0\u00a0159 cidades ficam sem acesso a \u00e1gua. MPF d\u00e1 prazo de dez dias para que Minist\u00e9rio do Desenvolvimento Regional esclare\u00e7a paralisa\u00e7\u00e3o da Opera\u00e7\u00e3o Carro Pipa na Para\u00edba Daniella Ribeiro pede que Governo Federal reative Opera\u00e7\u00e3o Carro-Pipa e diz que sobreviv\u00eancia da popula\u00e7\u00e3o est\u00e1 em jogo Governo Federal suspende opera\u00e7\u00e3o Carro-Pipa que fornecia \u00e1gua na Para\u00edba, afetando mais de 1,6 mi de fam\u00edlias no Nordeste As procuradoras da Rep\u00fablica Janaina Andrade (da Para\u00edba) e Mar\u00edlia Siqueira (da Bahia) deram prazo de cinco dias para o envio formal dos esclarecimentos.\u00a0O Gabinete de Transi\u00e7\u00e3o do Governo Federal, dever\u00e1 enviar tamb\u00e9m c\u00f3pia do relat\u00f3rio produzido por Grupo de Trabalho Setorial no tocante ao Minist\u00e9rio do Desenvolvimento Regional. A\u00a0procuradora.Jana\u00edna Andrade pontuou que \u201co direito \u00e0 \u00e1gua pot\u00e1vel tem status de direito humano reconhecido pela Organiza\u00e7\u00e3o das Na\u00e7\u00f5es Unidas (ONU), e que a suspens\u00e3o da opera\u00e7\u00e3o traz preju\u00edzos para a sobreviv\u00eancia da popula\u00e7\u00e3o, atingindo ainda a produ\u00e7\u00e3o\u201d. O Minist\u00e9rio do Desenvolvimento Regional confirmou essa nova paralisa\u00e7\u00e3o da opera\u00e7\u00e3o, assim como ocorreu no m\u00eas passado, devido e falta de repasse dos\u00a0recursos do Minist\u00e9rio da Economia para o Ex\u00e9rcito Brasileiro, gestor do projeto. O programa foi implementado h\u00e1 mais de 20 anos por meio de coopera\u00e7\u00e3o t\u00e9cnica e financeira entre os minist\u00e9rios do Desenvolvimento Regional (MDR) e da Defesa. A opera\u00e7\u00e3o, de car\u00e1ter emergencial, \u00e9 feita pelo Ex\u00e9rcito em parceria com pipeiros particulares e atende 461 cidades afetadas pela seca no Nordeste e no Norte de Minas Gerais com oferta de \u00e1gua pot\u00e1vel \u00e0 popula\u00e7\u00e3o. Noticias em Destaque Fonte: Click PB\" \/>\n<meta property=\"og:url\" content=\"https:\/\/noticiasemdestaque.com\/cd\/?p=44709\" \/>\n<meta property=\"og:site_name\" content=\"Not&iacute;cias em Destaque\" \/>\n<meta property=\"article:published_time\" content=\"2022-12-14T15:27:13+00:00\" \/>\n<meta property=\"og:image\" content=\"https:\/\/noticiasemdestaque.com\/cd\/wp-content\/uploads\/2022\/12\/operacao_carro-pipa.jpg\" \/>\n\t<meta property=\"og:image:width\" content=\"876\" \/>\n\t<meta property=\"og:image:height\" content=\"585\" \/>\n\t<meta property=\"og:image:type\" content=\"image\/jpeg\" \/>\n<meta name=\"author\" content=\"Not\u00edcias em Destaque\" \/>\n<meta name=\"twitter:card\" content=\"summary_large_image\" \/>\n<meta name=\"twitter:label1\" content=\"Escrito por\" \/>\n\t<meta name=\"twitter:data1\" content=\"Not\u00edcias em Destaque\" \/>\n\t<meta name=\"twitter:label2\" content=\"Est. tempo de leitura\" \/>\n\t<meta name=\"twitter:data2\" content=\"3 minutos\" \/>\n<script type=\"application\/ld+json\" class=\"yoast-schema-graph\">{\"@context\":\"https:\/\/schema.org\",\"@graph\":[{\"@type\":\"Article\",\"@id\":\"https:\/\/noticiasemdestaque.com\/cd\/?p=44709#article\",\"isPartOf\":{\"@id\":\"https:\/\/noticiasemdestaque.com\/cd\/?p=44709\"},\"author\":{\"name\":\"Not\u00edcias em Destaque\",\"@id\":\"https:\/\/noticiasemdestaque.com\/cd\/#\/schema\/person\/47f7d4f55eec17c6b2ca036c5500f6ce\"},\"headline\":\"Governo Federal suspende novamente Opera\u00e7\u00e3o Carro-Pipa na Para\u00edba deixando 159 cidades sem \u00e1gua e MPF cobra explica\u00e7\u00f5es\",\"datePublished\":\"2022-12-14T15:27:13+00:00\",\"mainEntityOfPage\":{\"@id\":\"https:\/\/noticiasemdestaque.com\/cd\/?p=44709\"},\"wordCount\":418,\"publisher\":{\"@id\":\"https:\/\/noticiasemdestaque.com\/cd\/#organization\"},\"image\":{\"@id\":\"https:\/\/noticiasemdestaque.com\/cd\/?p=44709#primaryimage\"},\"thumbnailUrl\":\"https:\/\/noticiasemdestaque.com\/cd\/wp-content\/uploads\/2022\/12\/operacao_carro-pipa.jpg\",\"articleSection\":[\"Geral\"],\"inLanguage\":\"pt-BR\"},{\"@type\":\"WebPage\",\"@id\":\"https:\/\/noticiasemdestaque.com\/cd\/?p=44709\",\"url\":\"https:\/\/noticiasemdestaque.com\/cd\/?p=44709\",\"name\":\"Governo Federal suspende novamente Opera\u00e7\u00e3o Carro-Pipa na Para\u00edba deixando 159 cidades sem \u00e1gua e MPF cobra explica\u00e7\u00f5es - Not&iacute;cias em Destaque\",\"isPartOf\":{\"@id\":\"https:\/\/noticiasemdestaque.com\/cd\/#website\"},\"primaryImageOfPage\":{\"@id\":\"https:\/\/noticiasemdestaque.com\/cd\/?p=44709#primaryimage\"},\"image\":{\"@id\":\"https:\/\/noticiasemdestaque.com\/cd\/?p=44709#primaryimage\"},\"thumbnailUrl\":\"https:\/\/noticiasemdestaque.com\/cd\/wp-content\/uploads\/2022\/12\/operacao_carro-pipa.jpg\",\"datePublished\":\"2022-12-14T15:27:13+00:00\",\"breadcrumb\":{\"@id\":\"https:\/\/noticiasemdestaque.com\/cd\/?p=44709#breadcrumb\"},\"inLanguage\":\"pt-BR\",\"potentialAction\":[{\"@type\":\"ReadAction\",\"target\":[\"https:\/\/noticiasemdestaque.com\/cd\/?p=44709\"]}]},{\"@type\":\"ImageObject\",\"inLanguage\":\"pt-BR\",\"@id\":\"https:\/\/noticiasemdestaque.com\/cd\/?p=44709#primaryimage\",\"url\":\"https:\/\/noticiasemdestaque.com\/cd\/wp-content\/uploads\/2022\/12\/operacao_carro-pipa.jpg\",\"contentUrl\":\"https:\/\/noticiasemdestaque.com\/cd\/wp-content\/uploads\/2022\/12\/operacao_carro-pipa.jpg\",\"width\":876,\"height\":585},{\"@type\":\"BreadcrumbList\",\"@id\":\"https:\/\/noticiasemdestaque.com\/cd\/?p=44709#breadcrumb\",\"itemListElement\":[{\"@type\":\"ListItem\",\"position\":1,\"name\":\"In\u00edcio\",\"item\":\"https:\/\/noticiasemdestaque.com\/cd\/\"},{\"@type\":\"ListItem\",\"position\":2,\"name\":\"Governo Federal suspende novamente Opera\u00e7\u00e3o Carro-Pipa na Para\u00edba deixando 159 cidades sem \u00e1gua e MPF cobra explica\u00e7\u00f5es\"}]},{\"@type\":\"WebSite\",\"@id\":\"https:\/\/noticiasemdestaque.com\/cd\/#website\",\"url\":\"https:\/\/noticiasemdestaque.com\/cd\/\",\"name\":\"Not&iacute;cias em Destaque\",\"description\":\"\",\"publisher\":{\"@id\":\"https:\/\/noticiasemdestaque.com\/cd\/#organization\"},\"potentialAction\":[{\"@type\":\"SearchAction\",\"target\":{\"@type\":\"EntryPoint\",\"urlTemplate\":\"https:\/\/noticiasemdestaque.com\/cd\/?s={search_term_string}\"},\"query-input\":{\"@type\":\"PropertyValueSpecification\",\"valueRequired\":true,\"valueName\":\"search_term_string\"}}],\"inLanguage\":\"pt-BR\"},{\"@type\":\"Organization\",\"@id\":\"https:\/\/noticiasemdestaque.com\/cd\/#organization\",\"name\":\"Not\u00edcias em Destaque\",\"url\":\"https:\/\/noticiasemdestaque.com\/cd\/\",\"logo\":{\"@type\":\"ImageObject\",\"inLanguage\":\"pt-BR\",\"@id\":\"https:\/\/noticiasemdestaque.com\/cd\/#\/schema\/logo\/image\/\",\"url\":\"https:\/\/noticiasemdestaque.com\/cd\/wp-content\/uploads\/2022\/05\/imagem-base-noticiasemdestaque.png\",\"contentUrl\":\"https:\/\/noticiasemdestaque.com\/cd\/wp-content\/uploads\/2022\/05\/imagem-base-noticiasemdestaque.png\",\"width\":1200,\"height\":630,\"caption\":\"Not\u00edcias em Destaque\"},\"image\":{\"@id\":\"https:\/\/noticiasemdestaque.com\/cd\/#\/schema\/logo\/image\/\"}},{\"@type\":\"Person\",\"@id\":\"https:\/\/noticiasemdestaque.com\/cd\/#\/schema\/person\/47f7d4f55eec17c6b2ca036c5500f6ce\",\"name\":\"Not\u00edcias em Destaque\",\"url\":\"https:\/\/noticiasemdestaque.com\/cd\/?author=2\"}]}<\/script>\n<!-- \/ Yoast SEO plugin. -->","yoast_head_json":{"title":"Governo Federal suspende novamente Opera\u00e7\u00e3o Carro-Pipa na Para\u00edba deixando 159 cidades sem \u00e1gua e MPF cobra explica\u00e7\u00f5es - Not&iacute;cias em Destaque","robots":{"index":"index","follow":"follow","max-snippet":"max-snippet:-1","max-image-preview":"max-image-preview:large","max-video-preview":"max-video-preview:-1"},"canonical":"https:\/\/noticiasemdestaque.com\/cd\/?p=44709","og_locale":"pt_BR","og_type":"article","og_title":"Governo Federal suspende novamente Opera\u00e7\u00e3o Carro-Pipa na Para\u00edba deixando 159 cidades sem \u00e1gua e MPF cobra explica\u00e7\u00f5es - Not&iacute;cias em Destaque","og_description":"O Minist\u00e9rio P\u00fablico Federal (MPF) da Para\u00edba e da Bahia est\u00e3o cobrando explica\u00e7\u00f5es do\u00a0\u00a0Minist\u00e9rio do Desenvolvimento Regional (MDR) sobre mais uma suspens\u00e3o da Opera\u00e7\u00e3o Carro-Pipa\u00a0na regi\u00e3o Nordeste. O\u00a0MPF\u00a0cobrou tamb\u00e9m informa\u00e7\u00f5es sobre o or\u00e7amento previsto para a opera\u00e7\u00e3o no ano de 2023, quando haver\u00e1 mudan\u00e7a da gest\u00e3o federal e as perspectivas para a sua efetiva execu\u00e7\u00e3o. A Opera\u00e7\u00e3o Pipa\u00a0leva \u00e1gua para mais de 1,5 milh\u00e3o de fam\u00edlias na regi\u00e3o Nordeste. Na Para\u00edba, com a suspens\u00e3o da opera\u00e7\u00e3o, a popula\u00e7\u00e3o de\u00a0\u00a0159 cidades ficam sem acesso a \u00e1gua. MPF d\u00e1 prazo de dez dias para que Minist\u00e9rio do Desenvolvimento Regional esclare\u00e7a paralisa\u00e7\u00e3o da Opera\u00e7\u00e3o Carro Pipa na Para\u00edba Daniella Ribeiro pede que Governo Federal reative Opera\u00e7\u00e3o Carro-Pipa e diz que sobreviv\u00eancia da popula\u00e7\u00e3o est\u00e1 em jogo Governo Federal suspende opera\u00e7\u00e3o Carro-Pipa que fornecia \u00e1gua na Para\u00edba, afetando mais de 1,6 mi de fam\u00edlias no Nordeste As procuradoras da Rep\u00fablica Janaina Andrade (da Para\u00edba) e Mar\u00edlia Siqueira (da Bahia) deram prazo de cinco dias para o envio formal dos esclarecimentos.\u00a0O Gabinete de Transi\u00e7\u00e3o do Governo Federal, dever\u00e1 enviar tamb\u00e9m c\u00f3pia do relat\u00f3rio produzido por Grupo de Trabalho Setorial no tocante ao Minist\u00e9rio do Desenvolvimento Regional. A\u00a0procuradora.Jana\u00edna Andrade pontuou que \u201co direito \u00e0 \u00e1gua pot\u00e1vel tem status de direito humano reconhecido pela Organiza\u00e7\u00e3o das Na\u00e7\u00f5es Unidas (ONU), e que a suspens\u00e3o da opera\u00e7\u00e3o traz preju\u00edzos para a sobreviv\u00eancia da popula\u00e7\u00e3o, atingindo ainda a produ\u00e7\u00e3o\u201d. O Minist\u00e9rio do Desenvolvimento Regional confirmou essa nova paralisa\u00e7\u00e3o da opera\u00e7\u00e3o, assim como ocorreu no m\u00eas passado, devido e falta de repasse dos\u00a0recursos do Minist\u00e9rio da Economia para o Ex\u00e9rcito Brasileiro, gestor do projeto. O programa foi implementado h\u00e1 mais de 20 anos por meio de coopera\u00e7\u00e3o t\u00e9cnica e financeira entre os minist\u00e9rios do Desenvolvimento Regional (MDR) e da Defesa. A opera\u00e7\u00e3o, de car\u00e1ter emergencial, \u00e9 feita pelo Ex\u00e9rcito em parceria com pipeiros particulares e atende 461 cidades afetadas pela seca no Nordeste e no Norte de Minas Gerais com oferta de \u00e1gua pot\u00e1vel \u00e0 popula\u00e7\u00e3o. Noticias em Destaque Fonte: Click PB","og_url":"https:\/\/noticiasemdestaque.com\/cd\/?p=44709","og_site_name":"Not&iacute;cias em Destaque","article_published_time":"2022-12-14T15:27:13+00:00","og_image":[{"width":876,"height":585,"url":"https:\/\/noticiasemdestaque.com\/cd\/wp-content\/uploads\/2022\/12\/operacao_carro-pipa.jpg","type":"image\/jpeg"}],"author":"Not\u00edcias em Destaque","twitter_card":"summary_large_image","twitter_misc":{"Escrito por":"Not\u00edcias em Destaque","Est. tempo de leitura":"3 minutos"},"schema":{"@context":"https:\/\/schema.org","@graph":[{"@type":"Article","@id":"https:\/\/noticiasemdestaque.com\/cd\/?p=44709#article","isPartOf":{"@id":"https:\/\/noticiasemdestaque.com\/cd\/?p=44709"},"author":{"name":"Not\u00edcias em Destaque","@id":"https:\/\/noticiasemdestaque.com\/cd\/#\/schema\/person\/47f7d4f55eec17c6b2ca036c5500f6ce"},"headline":"Governo Federal suspende novamente Opera\u00e7\u00e3o Carro-Pipa na Para\u00edba deixando 159 cidades sem \u00e1gua e MPF cobra explica\u00e7\u00f5es","datePublished":"2022-12-14T15:27:13+00:00","mainEntityOfPage":{"@id":"https:\/\/noticiasemdestaque.com\/cd\/?p=44709"},"wordCount":418,"publisher":{"@id":"https:\/\/noticiasemdestaque.com\/cd\/#organization"},"image":{"@id":"https:\/\/noticiasemdestaque.com\/cd\/?p=44709#primaryimage"},"thumbnailUrl":"https:\/\/noticiasemdestaque.com\/cd\/wp-content\/uploads\/2022\/12\/operacao_carro-pipa.jpg","articleSection":["Geral"],"inLanguage":"pt-BR"},{"@type":"WebPage","@id":"https:\/\/noticiasemdestaque.com\/cd\/?p=44709","url":"https:\/\/noticiasemdestaque.com\/cd\/?p=44709","name":"Governo Federal suspende novamente Opera\u00e7\u00e3o Carro-Pipa na Para\u00edba deixando 159 cidades sem \u00e1gua e MPF cobra explica\u00e7\u00f5es - Not&iacute;cias em Destaque","isPartOf":{"@id":"https:\/\/noticiasemdestaque.com\/cd\/#website"},"primaryImageOfPage":{"@id":"https:\/\/noticiasemdestaque.com\/cd\/?p=44709#primaryimage"},"image":{"@id":"https:\/\/noticiasemdestaque.com\/cd\/?p=44709#primaryimage"},"thumbnailUrl":"https:\/\/noticiasemdestaque.com\/cd\/wp-content\/uploads\/2022\/12\/operacao_carro-pipa.jpg","datePublished":"2022-12-14T15:27:13+00:00","breadcrumb":{"@id":"https:\/\/noticiasemdestaque.com\/cd\/?p=44709#breadcrumb"},"inLanguage":"pt-BR","potentialAction":[{"@type":"ReadAction","target":["https:\/\/noticiasemdestaque.com\/cd\/?p=44709"]}]},{"@type":"ImageObject","inLanguage":"pt-BR","@id":"https:\/\/noticiasemdestaque.com\/cd\/?p=44709#primaryimage","url":"https:\/\/noticiasemdestaque.com\/cd\/wp-content\/uploads\/2022\/12\/operacao_carro-pipa.jpg","contentUrl":"https:\/\/noticiasemdestaque.com\/cd\/wp-content\/uploads\/2022\/12\/operacao_carro-pipa.jpg","width":876,"height":585},{"@type":"BreadcrumbList","@id":"https:\/\/noticiasemdestaque.com\/cd\/?p=44709#breadcrumb","itemListElement":[{"@type":"ListItem","position":1,"name":"In\u00edcio","item":"https:\/\/noticiasemdestaque.com\/cd\/"},{"@type":"ListItem","position":2,"name":"Governo Federal suspende novamente Opera\u00e7\u00e3o Carro-Pipa na Para\u00edba deixando 159 cidades sem \u00e1gua e MPF cobra explica\u00e7\u00f5es"}]},{"@type":"WebSite","@id":"https:\/\/noticiasemdestaque.com\/cd\/#website","url":"https:\/\/noticiasemdestaque.com\/cd\/","name":"Not&iacute;cias em Destaque","description":"","publisher":{"@id":"https:\/\/noticiasemdestaque.com\/cd\/#organization"},"potentialAction":[{"@type":"SearchAction","target":{"@type":"EntryPoint","urlTemplate":"https:\/\/noticiasemdestaque.com\/cd\/?s={search_term_string}"},"query-input":{"@type":"PropertyValueSpecification","valueRequired":true,"valueName":"search_term_string"}}],"inLanguage":"pt-BR"},{"@type":"Organization","@id":"https:\/\/noticiasemdestaque.com\/cd\/#organization","name":"Not\u00edcias em Destaque","url":"https:\/\/noticiasemdestaque.com\/cd\/","logo":{"@type":"ImageObject","inLanguage":"pt-BR","@id":"https:\/\/noticiasemdestaque.com\/cd\/#\/schema\/logo\/image\/","url":"https:\/\/noticiasemdestaque.com\/cd\/wp-content\/uploads\/2022\/05\/imagem-base-noticiasemdestaque.png","contentUrl":"https:\/\/noticiasemdestaque.com\/cd\/wp-content\/uploads\/2022\/05\/imagem-base-noticiasemdestaque.png","width":1200,"height":630,"caption":"Not\u00edcias em Destaque"},"image":{"@id":"https:\/\/noticiasemdestaque.com\/cd\/#\/schema\/logo\/image\/"}},{"@type":"Person","@id":"https:\/\/noticiasemdestaque.com\/cd\/#\/schema\/person\/47f7d4f55eec17c6b2ca036c5500f6ce","name":"Not\u00edcias em Destaque","url":"https:\/\/noticiasemdestaque.com\/cd\/?author=2"}]}},"jetpack_featured_media_url":"https:\/\/noticiasemdestaque.com\/cd\/wp-content\/uploads\/2022\/12\/operacao_carro-pipa.jpg","jetpack_sharing_enabled":true,"_links":{"self":[{"href":"https:\/\/noticiasemdestaque.com\/cd\/index.php?rest_route=\/wp\/v2\/posts\/44709","targetHints":{"allow":["GET"]}}],"collection":[{"href":"https:\/\/noticiasemdestaque.com\/cd\/index.php?rest_route=\/wp\/v2\/posts"}],"about":[{"href":"https:\/\/noticiasemdestaque.com\/cd\/index.php?rest_route=\/wp\/v2\/types\/post"}],"author":[{"embeddable":true,"href":"https:\/\/noticiasemdestaque.com\/cd\/index.php?rest_route=\/wp\/v2\/users\/2"}],"replies":[{"embeddable":true,"href":"https:\/\/noticiasemdestaque.com\/cd\/index.php?rest_route=%2Fwp%2Fv2%2Fcomments&post=44709"}],"version-history":[{"count":1,"href":"https:\/\/noticiasemdestaque.com\/cd\/index.php?rest_route=\/wp\/v2\/posts\/44709\/revisions"}],"predecessor-version":[{"id":44711,"href":"https:\/\/noticiasemdestaque.com\/cd\/index.php?rest_route=\/wp\/v2\/posts\/44709\/revisions\/44711"}],"wp:featuredmedia":[{"embeddable":true,"href":"https:\/\/noticiasemdestaque.com\/cd\/index.php?rest_route=\/wp\/v2\/media\/44710"}],"wp:attachment":[{"href":"https:\/\/noticiasemdestaque.com\/cd\/index.php?rest_route=%2Fwp%2Fv2%2Fmedia&parent=44709"}],"wp:term":[{"taxonomy":"category","embeddable":true,"href":"https:\/\/noticiasemdestaque.com\/cd\/index.php?rest_route=%2Fwp%2Fv2%2Fcategories&post=44709"},{"taxonomy":"post_tag","embeddable":true,"href":"https:\/\/noticiasemdestaque.com\/cd\/index.php?rest_route=%2Fwp%2Fv2%2Ftags&post=44709"}],"curies":[{"name":"wp","href":"https:\/\/api.w.org\/{rel}","templated":true}]}}