{"id":44706,"date":"2022-12-14T09:37:05","date_gmt":"2022-12-14T12:37:05","guid":{"rendered":"https:\/\/noticiasemdestaque.com\/cd\/?p=44706"},"modified":"2022-12-14T09:37:05","modified_gmt":"2022-12-14T12:37:05","slug":"prefeito-nelsinho-honorato-realiza-abertura-do-natal-magico-2022-em-coxixola","status":"publish","type":"post","link":"https:\/\/noticiasemdestaque.com\/cd\/?p=44706","title":{"rendered":"Prefeito Nelsinho Honorato realiza abertura do Natal M\u00e1gico 2022 em Coxixola"},"content":{"rendered":"<p><a href=\"https:\/\/noticiasemdestaque.com\/cd\/wp-content\/uploads\/2022\/12\/cox-6.jpg\"><img fetchpriority=\"high\" decoding=\"async\" class=\"alignnone  wp-image-44707\" src=\"https:\/\/noticiasemdestaque.com\/cd\/wp-content\/uploads\/2022\/12\/cox-6-300x200.jpg\" alt=\"\" width=\"1026\" height=\"684\" srcset=\"https:\/\/noticiasemdestaque.com\/cd\/wp-content\/uploads\/2022\/12\/cox-6-300x200.jpg 300w, https:\/\/noticiasemdestaque.com\/cd\/wp-content\/uploads\/2022\/12\/cox-6-1024x683.jpg 1024w, https:\/\/noticiasemdestaque.com\/cd\/wp-content\/uploads\/2022\/12\/cox-6-768x512.jpg 768w, https:\/\/noticiasemdestaque.com\/cd\/wp-content\/uploads\/2022\/12\/cox-6-18x12.jpg 18w, https:\/\/noticiasemdestaque.com\/cd\/wp-content\/uploads\/2022\/12\/cox-6.jpg 1080w\" sizes=\"(max-width: 1026px) 100vw, 1026px\" \/><\/a><\/p>\n<p>O principal cart\u00e3o postal da \u201cpequena not\u00e1vel\u201d na cidade de Coxixola, a avenida principal est\u00e1 novamente decorada e iluminada pelo projeto Natal M\u00e1gico. O evento j\u00e1 \u00e9 uma marca da gest\u00e3o do prefeito Nelsinho.<\/p>\n<p>O acender das luzes natalinas aconteceu na noite desta segunda-feira, (12), e contou com a presen\u00e7a do prefeito Nelsinho Honorato, da secret\u00e1ria e primeira-dama Daiana Azevedo, da vice-prefeita Paloma Kelly, al\u00e9m de secret\u00e1rios municipais, mun\u00edcipes e servidores.<\/p>\n<p>A decora\u00e7\u00e3o natalina foi realizada pela Prefeitura de Coxixola, atrav\u00e9s das Secretarias de Obras, Infraestrutura e Servi\u00e7os Urbanos e coordenado pela primeira-dama.<\/p>\n<figure class=\"wp-block-image aligncenter size-large is-resized\"><img decoding=\"async\" class=\"wp-image-116540\" src=\"https:\/\/deolhonocariri.com.br\/wp-content\/uploads\/2022\/12\/cox-5-1024x683.jpg\" sizes=\"(max-width: 622px) 100vw, 622px\" srcset=\"https:\/\/deolhonocariri.com.br\/wp-content\/uploads\/2022\/12\/cox-5-1024x683.jpg 1024w, https:\/\/deolhonocariri.com.br\/wp-content\/uploads\/2022\/12\/cox-5-600x400.jpg 600w, https:\/\/deolhonocariri.com.br\/wp-content\/uploads\/2022\/12\/cox-5-400x267.jpg 400w, https:\/\/deolhonocariri.com.br\/wp-content\/uploads\/2022\/12\/cox-5-768x512.jpg 768w, https:\/\/deolhonocariri.com.br\/wp-content\/uploads\/2022\/12\/cox-5.jpg 1080w\" alt=\"\" width=\"622\" height=\"414\" \/><\/figure>\n<figure class=\"wp-block-image aligncenter size-large is-resized\"><img decoding=\"async\" class=\"wp-image-116541\" src=\"https:\/\/deolhonocariri.com.br\/wp-content\/uploads\/2022\/12\/cox-1024x683.jpg\" sizes=\"(max-width: 632px) 100vw, 632px\" srcset=\"https:\/\/deolhonocariri.com.br\/wp-content\/uploads\/2022\/12\/cox-600x400.jpg 600w, https:\/\/deolhonocariri.com.br\/wp-content\/uploads\/2022\/12\/cox-400x267.jpg 400w, https:\/\/deolhonocariri.com.br\/wp-content\/uploads\/2022\/12\/cox-768x512.jpg 768w, https:\/\/deolhonocariri.com.br\/wp-content\/uploads\/2022\/12\/cox.jpg 1080w\" alt=\"\" width=\"632\" height=\"420\" \/><\/figure>\n<figure class=\"wp-block-image aligncenter size-large is-resized\"><img loading=\"lazy\" decoding=\"async\" class=\"wp-image-116542\" src=\"https:\/\/deolhonocariri.com.br\/wp-content\/uploads\/2022\/12\/cox-4-1024x683.jpg\" sizes=\"(max-width: 643px) 100vw, 643px\" srcset=\"https:\/\/deolhonocariri.com.br\/wp-content\/uploads\/2022\/12\/cox-4-1024x683.jpg 1024w, https:\/\/deolhonocariri.com.br\/wp-content\/uploads\/2022\/12\/cox-4-600x400.jpg 600w, https:\/\/deolhonocariri.com.br\/wp-content\/uploads\/2022\/12\/cox-4-400x267.jpg 400w, https:\/\/deolhonocariri.com.br\/wp-content\/uploads\/2022\/12\/cox-4-768x512.jpg 768w, https:\/\/deolhonocariri.com.br\/wp-content\/uploads\/2022\/12\/cox-4.jpg 1080w\" alt=\"\" width=\"643\" height=\"428\" \/><\/figure>\n<figure class=\"wp-block-image aligncenter size-large is-resized\"><img loading=\"lazy\" decoding=\"async\" class=\"wp-image-116543\" src=\"https:\/\/deolhonocariri.com.br\/wp-content\/uploads\/2022\/12\/cox-3-1024x683.jpg\" sizes=\"(max-width: 661px) 100vw, 661px\" srcset=\"https:\/\/deolhonocariri.com.br\/wp-content\/uploads\/2022\/12\/cox-3-1024x683.jpg 1024w, https:\/\/deolhonocariri.com.br\/wp-content\/uploads\/2022\/12\/cox-3-600x400.jpg 600w, https:\/\/deolhonocariri.com.br\/wp-content\/uploads\/2022\/12\/cox-3-400x267.jpg 400w, https:\/\/deolhonocariri.com.br\/wp-content\/uploads\/2022\/12\/cox-3-768x512.jpg 768w, https:\/\/deolhonocariri.com.br\/wp-content\/uploads\/2022\/12\/cox-3.jpg 1080w\" alt=\"\" width=\"661\" height=\"440\" \/><\/figure>\n<p>\u201cCoxixola est\u00e1 vivendo um novo momento, de alegria, de expans\u00e3o, de novas conquistas. As luzes do Natal M\u00e1gico estar\u00e3o acesas todas as noites, \u2028e todos poder\u00e3o vir conferir e se encantar. Agrade\u00e7o a presen\u00e7a de todos e convido a popula\u00e7\u00e3o para participar desse lindo projeto. Que a magia da esperan\u00e7a, do amor e da uni\u00e3o sejam permanentes na vida das\u2028fam\u00edlias coxixolenses\u201d, afirmou o prefeito Nelsinho.<\/p>\n<p>Durante a abertura, a Filarm\u00f4nica Municipal S\u00e3o Jos\u00e9, se apresentou e deixou a noite ainda mais iluminada e feliz.<\/p>\n<p>O Governo Municipal realizou em 2022 a segunda edi\u00e7\u00e3o do seu Natal M\u00e1gico.<\/p>\n<p><strong>Noticias em Destaque<\/strong><\/p>\n<p style=\"text-align: right;\"><em>Fonte: De Olho no Cariri<\/em><\/p>\n","protected":false},"excerpt":{"rendered":"<p>O principal cart\u00e3o postal da \u201cpequena not\u00e1vel\u201d na cidade de Coxixola, a avenida principal est\u00e1 novamente decorada e iluminada pelo projeto Natal M\u00e1gico. O evento j\u00e1 \u00e9 uma marca da gest\u00e3o do prefeito Nelsinho. O acender das luzes natalinas aconteceu na noite desta segunda-feira, (12), e contou com a presen\u00e7a do prefeito Nelsinho Honorato, da secret\u00e1ria e primeira-dama Daiana Azevedo, da vice-prefeita Paloma Kelly, al\u00e9m de secret\u00e1rios municipais, mun\u00edcipes e servidores. A decora\u00e7\u00e3o natalina foi realizada pela Prefeitura de Coxixola, atrav\u00e9s das Secretarias de Obras, Infraestrutura e Servi\u00e7os Urbanos e coordenado pela primeira-dama. \u201cCoxixola est\u00e1 vivendo um novo momento, de alegria, de expans\u00e3o, de novas conquistas. As luzes do Natal M\u00e1gico estar\u00e3o acesas todas as noites, \u2028e todos poder\u00e3o vir conferir e se encantar. Agrade\u00e7o a presen\u00e7a de todos e convido a popula\u00e7\u00e3o para participar desse lindo projeto. Que a magia da esperan\u00e7a, do amor e da uni\u00e3o sejam permanentes na vida das\u2028fam\u00edlias coxixolenses\u201d, afirmou o prefeito Nelsinho. Durante a abertura, a Filarm\u00f4nica Municipal S\u00e3o Jos\u00e9, se apresentou e deixou a noite ainda mais iluminada e feliz. O Governo Municipal realizou em 2022 a segunda edi\u00e7\u00e3o do seu Natal M\u00e1gico. Noticias em Destaque Fonte: De Olho no Cariri<\/p>\n","protected":false},"author":2,"featured_media":44707,"comment_status":"closed","ping_status":"open","sticky":false,"template":"","format":"standard","meta":{"_eb_attr":"","_jetpack_memberships_contains_paid_content":false,"footnotes":""},"categories":[3],"tags":[],"class_list":["post-44706","post","type-post","status-publish","format-standard","has-post-thumbnail","hentry","category-cidades"],"yoast_head":"<!-- This site is optimized with the Yoast SEO plugin v26.5 - https:\/\/yoast.com\/wordpress\/plugins\/seo\/ -->\n<title>Prefeito Nelsinho Honorato realiza abertura do Natal M\u00e1gico 2022 em Coxixola - Not&iacute;cias em Destaque<\/title>\n<meta name=\"robots\" content=\"index, follow, max-snippet:-1, max-image-preview:large, max-video-preview:-1\" \/>\n<link rel=\"canonical\" href=\"https:\/\/noticiasemdestaque.com\/cd\/?p=44706\" \/>\n<meta property=\"og:locale\" content=\"pt_BR\" \/>\n<meta property=\"og:type\" content=\"article\" \/>\n<meta property=\"og:title\" content=\"Prefeito Nelsinho Honorato realiza abertura do Natal M\u00e1gico 2022 em Coxixola - Not&iacute;cias em Destaque\" \/>\n<meta property=\"og:description\" content=\"O principal cart\u00e3o postal da \u201cpequena not\u00e1vel\u201d na cidade de Coxixola, a avenida principal est\u00e1 novamente decorada e iluminada pelo projeto Natal M\u00e1gico. O evento j\u00e1 \u00e9 uma marca da gest\u00e3o do prefeito Nelsinho. O acender das luzes natalinas aconteceu na noite desta segunda-feira, (12), e contou com a presen\u00e7a do prefeito Nelsinho Honorato, da secret\u00e1ria e primeira-dama Daiana Azevedo, da vice-prefeita Paloma Kelly, al\u00e9m de secret\u00e1rios municipais, mun\u00edcipes e servidores. A decora\u00e7\u00e3o natalina foi realizada pela Prefeitura de Coxixola, atrav\u00e9s das Secretarias de Obras, Infraestrutura e Servi\u00e7os Urbanos e coordenado pela primeira-dama. \u201cCoxixola est\u00e1 vivendo um novo momento, de alegria, de expans\u00e3o, de novas conquistas. As luzes do Natal M\u00e1gico estar\u00e3o acesas todas as noites, \u2028e todos poder\u00e3o vir conferir e se encantar. Agrade\u00e7o a presen\u00e7a de todos e convido a popula\u00e7\u00e3o para participar desse lindo projeto. Que a magia da esperan\u00e7a, do amor e da uni\u00e3o sejam permanentes na vida das\u2028fam\u00edlias coxixolenses\u201d, afirmou o prefeito Nelsinho. Durante a abertura, a Filarm\u00f4nica Municipal S\u00e3o Jos\u00e9, se apresentou e deixou a noite ainda mais iluminada e feliz. O Governo Municipal realizou em 2022 a segunda edi\u00e7\u00e3o do seu Natal M\u00e1gico. Noticias em Destaque Fonte: De Olho no Cariri\" \/>\n<meta property=\"og:url\" content=\"https:\/\/noticiasemdestaque.com\/cd\/?p=44706\" \/>\n<meta property=\"og:site_name\" content=\"Not&iacute;cias em Destaque\" \/>\n<meta property=\"article:published_time\" content=\"2022-12-14T12:37:05+00:00\" \/>\n<meta property=\"og:image\" content=\"https:\/\/noticiasemdestaque.com\/cd\/wp-content\/uploads\/2022\/12\/cox-6.jpg\" \/>\n\t<meta property=\"og:image:width\" content=\"1080\" \/>\n\t<meta property=\"og:image:height\" content=\"720\" \/>\n\t<meta property=\"og:image:type\" content=\"image\/jpeg\" \/>\n<meta name=\"author\" content=\"Not\u00edcias em Destaque\" \/>\n<meta name=\"twitter:card\" content=\"summary_large_image\" \/>\n<meta name=\"twitter:label1\" content=\"Escrito por\" \/>\n\t<meta name=\"twitter:data1\" content=\"Not\u00edcias em Destaque\" \/>\n\t<meta name=\"twitter:label2\" content=\"Est. tempo de leitura\" \/>\n\t<meta name=\"twitter:data2\" content=\"3 minutos\" \/>\n<script type=\"application\/ld+json\" class=\"yoast-schema-graph\">{\"@context\":\"https:\/\/schema.org\",\"@graph\":[{\"@type\":\"Article\",\"@id\":\"https:\/\/noticiasemdestaque.com\/cd\/?p=44706#article\",\"isPartOf\":{\"@id\":\"https:\/\/noticiasemdestaque.com\/cd\/?p=44706\"},\"author\":{\"name\":\"Not\u00edcias em Destaque\",\"@id\":\"https:\/\/noticiasemdestaque.com\/cd\/#\/schema\/person\/47f7d4f55eec17c6b2ca036c5500f6ce\"},\"headline\":\"Prefeito Nelsinho Honorato realiza abertura do Natal M\u00e1gico 2022 em Coxixola\",\"datePublished\":\"2022-12-14T12:37:05+00:00\",\"mainEntityOfPage\":{\"@id\":\"https:\/\/noticiasemdestaque.com\/cd\/?p=44706\"},\"wordCount\":233,\"publisher\":{\"@id\":\"https:\/\/noticiasemdestaque.com\/cd\/#organization\"},\"image\":{\"@id\":\"https:\/\/noticiasemdestaque.com\/cd\/?p=44706#primaryimage\"},\"thumbnailUrl\":\"https:\/\/noticiasemdestaque.com\/cd\/wp-content\/uploads\/2022\/12\/cox-6.jpg\",\"articleSection\":[\"Cidades\"],\"inLanguage\":\"pt-BR\"},{\"@type\":\"WebPage\",\"@id\":\"https:\/\/noticiasemdestaque.com\/cd\/?p=44706\",\"url\":\"https:\/\/noticiasemdestaque.com\/cd\/?p=44706\",\"name\":\"Prefeito Nelsinho Honorato realiza abertura do Natal M\u00e1gico 2022 em Coxixola - Not&iacute;cias em Destaque\",\"isPartOf\":{\"@id\":\"https:\/\/noticiasemdestaque.com\/cd\/#website\"},\"primaryImageOfPage\":{\"@id\":\"https:\/\/noticiasemdestaque.com\/cd\/?p=44706#primaryimage\"},\"image\":{\"@id\":\"https:\/\/noticiasemdestaque.com\/cd\/?p=44706#primaryimage\"},\"thumbnailUrl\":\"https:\/\/noticiasemdestaque.com\/cd\/wp-content\/uploads\/2022\/12\/cox-6.jpg\",\"datePublished\":\"2022-12-14T12:37:05+00:00\",\"breadcrumb\":{\"@id\":\"https:\/\/noticiasemdestaque.com\/cd\/?p=44706#breadcrumb\"},\"inLanguage\":\"pt-BR\",\"potentialAction\":[{\"@type\":\"ReadAction\",\"target\":[\"https:\/\/noticiasemdestaque.com\/cd\/?p=44706\"]}]},{\"@type\":\"ImageObject\",\"inLanguage\":\"pt-BR\",\"@id\":\"https:\/\/noticiasemdestaque.com\/cd\/?p=44706#primaryimage\",\"url\":\"https:\/\/noticiasemdestaque.com\/cd\/wp-content\/uploads\/2022\/12\/cox-6.jpg\",\"contentUrl\":\"https:\/\/noticiasemdestaque.com\/cd\/wp-content\/uploads\/2022\/12\/cox-6.jpg\",\"width\":1080,\"height\":720},{\"@type\":\"BreadcrumbList\",\"@id\":\"https:\/\/noticiasemdestaque.com\/cd\/?p=44706#breadcrumb\",\"itemListElement\":[{\"@type\":\"ListItem\",\"position\":1,\"name\":\"In\u00edcio\",\"item\":\"https:\/\/noticiasemdestaque.com\/cd\/\"},{\"@type\":\"ListItem\",\"position\":2,\"name\":\"Prefeito Nelsinho Honorato realiza abertura do Natal M\u00e1gico 2022 em Coxixola\"}]},{\"@type\":\"WebSite\",\"@id\":\"https:\/\/noticiasemdestaque.com\/cd\/#website\",\"url\":\"https:\/\/noticiasemdestaque.com\/cd\/\",\"name\":\"Not&iacute;cias em Destaque\",\"description\":\"\",\"publisher\":{\"@id\":\"https:\/\/noticiasemdestaque.com\/cd\/#organization\"},\"potentialAction\":[{\"@type\":\"SearchAction\",\"target\":{\"@type\":\"EntryPoint\",\"urlTemplate\":\"https:\/\/noticiasemdestaque.com\/cd\/?s={search_term_string}\"},\"query-input\":{\"@type\":\"PropertyValueSpecification\",\"valueRequired\":true,\"valueName\":\"search_term_string\"}}],\"inLanguage\":\"pt-BR\"},{\"@type\":\"Organization\",\"@id\":\"https:\/\/noticiasemdestaque.com\/cd\/#organization\",\"name\":\"Not\u00edcias em Destaque\",\"url\":\"https:\/\/noticiasemdestaque.com\/cd\/\",\"logo\":{\"@type\":\"ImageObject\",\"inLanguage\":\"pt-BR\",\"@id\":\"https:\/\/noticiasemdestaque.com\/cd\/#\/schema\/logo\/image\/\",\"url\":\"https:\/\/noticiasemdestaque.com\/cd\/wp-content\/uploads\/2022\/05\/imagem-base-noticiasemdestaque.png\",\"contentUrl\":\"https:\/\/noticiasemdestaque.com\/cd\/wp-content\/uploads\/2022\/05\/imagem-base-noticiasemdestaque.png\",\"width\":1200,\"height\":630,\"caption\":\"Not\u00edcias em Destaque\"},\"image\":{\"@id\":\"https:\/\/noticiasemdestaque.com\/cd\/#\/schema\/logo\/image\/\"}},{\"@type\":\"Person\",\"@id\":\"https:\/\/noticiasemdestaque.com\/cd\/#\/schema\/person\/47f7d4f55eec17c6b2ca036c5500f6ce\",\"name\":\"Not\u00edcias em Destaque\",\"url\":\"https:\/\/noticiasemdestaque.com\/cd\/?author=2\"}]}<\/script>\n<!-- \/ Yoast SEO plugin. -->","yoast_head_json":{"title":"Prefeito Nelsinho Honorato realiza abertura do Natal M\u00e1gico 2022 em Coxixola - Not&iacute;cias em Destaque","robots":{"index":"index","follow":"follow","max-snippet":"max-snippet:-1","max-image-preview":"max-image-preview:large","max-video-preview":"max-video-preview:-1"},"canonical":"https:\/\/noticiasemdestaque.com\/cd\/?p=44706","og_locale":"pt_BR","og_type":"article","og_title":"Prefeito Nelsinho Honorato realiza abertura do Natal M\u00e1gico 2022 em Coxixola - Not&iacute;cias em Destaque","og_description":"O principal cart\u00e3o postal da \u201cpequena not\u00e1vel\u201d na cidade de Coxixola, a avenida principal est\u00e1 novamente decorada e iluminada pelo projeto Natal M\u00e1gico. O evento j\u00e1 \u00e9 uma marca da gest\u00e3o do prefeito Nelsinho. O acender das luzes natalinas aconteceu na noite desta segunda-feira, (12), e contou com a presen\u00e7a do prefeito Nelsinho Honorato, da secret\u00e1ria e primeira-dama Daiana Azevedo, da vice-prefeita Paloma Kelly, al\u00e9m de secret\u00e1rios municipais, mun\u00edcipes e servidores. A decora\u00e7\u00e3o natalina foi realizada pela Prefeitura de Coxixola, atrav\u00e9s das Secretarias de Obras, Infraestrutura e Servi\u00e7os Urbanos e coordenado pela primeira-dama. \u201cCoxixola est\u00e1 vivendo um novo momento, de alegria, de expans\u00e3o, de novas conquistas. As luzes do Natal M\u00e1gico estar\u00e3o acesas todas as noites, \u2028e todos poder\u00e3o vir conferir e se encantar. Agrade\u00e7o a presen\u00e7a de todos e convido a popula\u00e7\u00e3o para participar desse lindo projeto. Que a magia da esperan\u00e7a, do amor e da uni\u00e3o sejam permanentes na vida das\u2028fam\u00edlias coxixolenses\u201d, afirmou o prefeito Nelsinho. Durante a abertura, a Filarm\u00f4nica Municipal S\u00e3o Jos\u00e9, se apresentou e deixou a noite ainda mais iluminada e feliz. O Governo Municipal realizou em 2022 a segunda edi\u00e7\u00e3o do seu Natal M\u00e1gico. Noticias em Destaque Fonte: De Olho no Cariri","og_url":"https:\/\/noticiasemdestaque.com\/cd\/?p=44706","og_site_name":"Not&iacute;cias em Destaque","article_published_time":"2022-12-14T12:37:05+00:00","og_image":[{"width":1080,"height":720,"url":"https:\/\/noticiasemdestaque.com\/cd\/wp-content\/uploads\/2022\/12\/cox-6.jpg","type":"image\/jpeg"}],"author":"Not\u00edcias em Destaque","twitter_card":"summary_large_image","twitter_misc":{"Escrito por":"Not\u00edcias em Destaque","Est. tempo de leitura":"3 minutos"},"schema":{"@context":"https:\/\/schema.org","@graph":[{"@type":"Article","@id":"https:\/\/noticiasemdestaque.com\/cd\/?p=44706#article","isPartOf":{"@id":"https:\/\/noticiasemdestaque.com\/cd\/?p=44706"},"author":{"name":"Not\u00edcias em Destaque","@id":"https:\/\/noticiasemdestaque.com\/cd\/#\/schema\/person\/47f7d4f55eec17c6b2ca036c5500f6ce"},"headline":"Prefeito Nelsinho Honorato realiza abertura do Natal M\u00e1gico 2022 em Coxixola","datePublished":"2022-12-14T12:37:05+00:00","mainEntityOfPage":{"@id":"https:\/\/noticiasemdestaque.com\/cd\/?p=44706"},"wordCount":233,"publisher":{"@id":"https:\/\/noticiasemdestaque.com\/cd\/#organization"},"image":{"@id":"https:\/\/noticiasemdestaque.com\/cd\/?p=44706#primaryimage"},"thumbnailUrl":"https:\/\/noticiasemdestaque.com\/cd\/wp-content\/uploads\/2022\/12\/cox-6.jpg","articleSection":["Cidades"],"inLanguage":"pt-BR"},{"@type":"WebPage","@id":"https:\/\/noticiasemdestaque.com\/cd\/?p=44706","url":"https:\/\/noticiasemdestaque.com\/cd\/?p=44706","name":"Prefeito Nelsinho Honorato realiza abertura do Natal M\u00e1gico 2022 em Coxixola - Not&iacute;cias em Destaque","isPartOf":{"@id":"https:\/\/noticiasemdestaque.com\/cd\/#website"},"primaryImageOfPage":{"@id":"https:\/\/noticiasemdestaque.com\/cd\/?p=44706#primaryimage"},"image":{"@id":"https:\/\/noticiasemdestaque.com\/cd\/?p=44706#primaryimage"},"thumbnailUrl":"https:\/\/noticiasemdestaque.com\/cd\/wp-content\/uploads\/2022\/12\/cox-6.jpg","datePublished":"2022-12-14T12:37:05+00:00","breadcrumb":{"@id":"https:\/\/noticiasemdestaque.com\/cd\/?p=44706#breadcrumb"},"inLanguage":"pt-BR","potentialAction":[{"@type":"ReadAction","target":["https:\/\/noticiasemdestaque.com\/cd\/?p=44706"]}]},{"@type":"ImageObject","inLanguage":"pt-BR","@id":"https:\/\/noticiasemdestaque.com\/cd\/?p=44706#primaryimage","url":"https:\/\/noticiasemdestaque.com\/cd\/wp-content\/uploads\/2022\/12\/cox-6.jpg","contentUrl":"https:\/\/noticiasemdestaque.com\/cd\/wp-content\/uploads\/2022\/12\/cox-6.jpg","width":1080,"height":720},{"@type":"BreadcrumbList","@id":"https:\/\/noticiasemdestaque.com\/cd\/?p=44706#breadcrumb","itemListElement":[{"@type":"ListItem","position":1,"name":"In\u00edcio","item":"https:\/\/noticiasemdestaque.com\/cd\/"},{"@type":"ListItem","position":2,"name":"Prefeito Nelsinho Honorato realiza abertura do Natal M\u00e1gico 2022 em Coxixola"}]},{"@type":"WebSite","@id":"https:\/\/noticiasemdestaque.com\/cd\/#website","url":"https:\/\/noticiasemdestaque.com\/cd\/","name":"Not&iacute;cias em Destaque","description":"","publisher":{"@id":"https:\/\/noticiasemdestaque.com\/cd\/#organization"},"potentialAction":[{"@type":"SearchAction","target":{"@type":"EntryPoint","urlTemplate":"https:\/\/noticiasemdestaque.com\/cd\/?s={search_term_string}"},"query-input":{"@type":"PropertyValueSpecification","valueRequired":true,"valueName":"search_term_string"}}],"inLanguage":"pt-BR"},{"@type":"Organization","@id":"https:\/\/noticiasemdestaque.com\/cd\/#organization","name":"Not\u00edcias em Destaque","url":"https:\/\/noticiasemdestaque.com\/cd\/","logo":{"@type":"ImageObject","inLanguage":"pt-BR","@id":"https:\/\/noticiasemdestaque.com\/cd\/#\/schema\/logo\/image\/","url":"https:\/\/noticiasemdestaque.com\/cd\/wp-content\/uploads\/2022\/05\/imagem-base-noticiasemdestaque.png","contentUrl":"https:\/\/noticiasemdestaque.com\/cd\/wp-content\/uploads\/2022\/05\/imagem-base-noticiasemdestaque.png","width":1200,"height":630,"caption":"Not\u00edcias em Destaque"},"image":{"@id":"https:\/\/noticiasemdestaque.com\/cd\/#\/schema\/logo\/image\/"}},{"@type":"Person","@id":"https:\/\/noticiasemdestaque.com\/cd\/#\/schema\/person\/47f7d4f55eec17c6b2ca036c5500f6ce","name":"Not\u00edcias em Destaque","url":"https:\/\/noticiasemdestaque.com\/cd\/?author=2"}]}},"jetpack_featured_media_url":"https:\/\/noticiasemdestaque.com\/cd\/wp-content\/uploads\/2022\/12\/cox-6.jpg","jetpack_sharing_enabled":true,"_links":{"self":[{"href":"https:\/\/noticiasemdestaque.com\/cd\/index.php?rest_route=\/wp\/v2\/posts\/44706","targetHints":{"allow":["GET"]}}],"collection":[{"href":"https:\/\/noticiasemdestaque.com\/cd\/index.php?rest_route=\/wp\/v2\/posts"}],"about":[{"href":"https:\/\/noticiasemdestaque.com\/cd\/index.php?rest_route=\/wp\/v2\/types\/post"}],"author":[{"embeddable":true,"href":"https:\/\/noticiasemdestaque.com\/cd\/index.php?rest_route=\/wp\/v2\/users\/2"}],"replies":[{"embeddable":true,"href":"https:\/\/noticiasemdestaque.com\/cd\/index.php?rest_route=%2Fwp%2Fv2%2Fcomments&post=44706"}],"version-history":[{"count":1,"href":"https:\/\/noticiasemdestaque.com\/cd\/index.php?rest_route=\/wp\/v2\/posts\/44706\/revisions"}],"predecessor-version":[{"id":44708,"href":"https:\/\/noticiasemdestaque.com\/cd\/index.php?rest_route=\/wp\/v2\/posts\/44706\/revisions\/44708"}],"wp:featuredmedia":[{"embeddable":true,"href":"https:\/\/noticiasemdestaque.com\/cd\/index.php?rest_route=\/wp\/v2\/media\/44707"}],"wp:attachment":[{"href":"https:\/\/noticiasemdestaque.com\/cd\/index.php?rest_route=%2Fwp%2Fv2%2Fmedia&parent=44706"}],"wp:term":[{"taxonomy":"category","embeddable":true,"href":"https:\/\/noticiasemdestaque.com\/cd\/index.php?rest_route=%2Fwp%2Fv2%2Fcategories&post=44706"},{"taxonomy":"post_tag","embeddable":true,"href":"https:\/\/noticiasemdestaque.com\/cd\/index.php?rest_route=%2Fwp%2Fv2%2Ftags&post=44706"}],"curies":[{"name":"wp","href":"https:\/\/api.w.org\/{rel}","templated":true}]}}