{"id":44700,"date":"2022-12-14T07:14:51","date_gmt":"2022-12-14T10:14:51","guid":{"rendered":"https:\/\/noticiasemdestaque.com\/cd\/?p=44700"},"modified":"2022-12-14T07:14:51","modified_gmt":"2022-12-14T10:14:51","slug":"suspeito-de-homicidio-morre-apos-troca-de-tiros-com-a-policia-no-sertao-da-paraiba","status":"publish","type":"post","link":"https:\/\/noticiasemdestaque.com\/cd\/?p=44700","title":{"rendered":"Suspeito de homic\u00eddio morre ap\u00f3s troca de tiros com a Pol\u00edcia no Sert\u00e3o da Para\u00edba"},"content":{"rendered":"<p><a href=\"https:\/\/noticiasemdestaque.com\/cd\/wp-content\/uploads\/2022\/12\/viatura_da_pm_walla_santos.jpg\"><img fetchpriority=\"high\" decoding=\"async\" class=\"alignnone  wp-image-44701\" src=\"https:\/\/noticiasemdestaque.com\/cd\/wp-content\/uploads\/2022\/12\/viatura_da_pm_walla_santos-300x200.jpg\" alt=\"\" width=\"1133\" height=\"755\" srcset=\"https:\/\/noticiasemdestaque.com\/cd\/wp-content\/uploads\/2022\/12\/viatura_da_pm_walla_santos-300x200.jpg 300w, https:\/\/noticiasemdestaque.com\/cd\/wp-content\/uploads\/2022\/12\/viatura_da_pm_walla_santos-768x513.jpg 768w, https:\/\/noticiasemdestaque.com\/cd\/wp-content\/uploads\/2022\/12\/viatura_da_pm_walla_santos-18x12.jpg 18w, https:\/\/noticiasemdestaque.com\/cd\/wp-content\/uploads\/2022\/12\/viatura_da_pm_walla_santos.jpg 876w\" sizes=\"(max-width: 1133px) 100vw, 1133px\" \/><\/a><\/p>\n<p>Um homem suspeito de homic\u00eddio morreu na noite desta ter\u00e7a-feira (13), ap\u00f3s troca de tiros com a Pol\u00edcia Militar, entre S\u00e3o Bentinho e Cajazeirinha, no Sert\u00e3o da Para\u00edba.<\/p>\n<p>De acordo com as informa\u00e7\u00f5es iniciais, o suspeito foi identificado como Wertson Faustino de Sousa Duarte. Ele era acusado de ter assassinado Arnaldo Apr\u00edgio de Melo, 59 anos, no Bairro Vila Nova em Pombal na noite da segunda-feira (12). Ele estava em uma moto com um comparsa quando notou a guarni\u00e7\u00e3o do Batalh\u00e3o de Opera\u00e7\u00f5es Policial Especial (BOPE), sacou uma arma e iniciou confronto.<\/p>\n<p>O suspeito entrou em confronto com os policiais, e ap\u00f3s troca de tiros, foi atingido e precisou ser socorrido e hospitalizado. Ele n\u00e3o resistiu aos ferimentos e veio a \u00f3bito na unidade hospitalar.<\/p>\n<p>O comparsa conseguiu fugir por \u00e1rea de matagal e at\u00e9 o momento n\u00e3o foi localizado.<\/p>\n<p><strong>Noticias em Destaque<\/strong><\/p>\n<p style=\"text-align: right;\"><em>Fonte: Click PB<\/em><\/p>\n","protected":false},"excerpt":{"rendered":"<p>Um homem suspeito de homic\u00eddio morreu na noite desta ter\u00e7a-feira (13), ap\u00f3s troca de tiros com a Pol\u00edcia Militar, entre S\u00e3o Bentinho e Cajazeirinha, no Sert\u00e3o da Para\u00edba. De acordo com as informa\u00e7\u00f5es iniciais, o suspeito foi identificado como Wertson Faustino de Sousa Duarte. Ele era acusado de ter assassinado Arnaldo Apr\u00edgio de Melo, 59 anos, no Bairro Vila Nova em Pombal na noite da segunda-feira (12). Ele estava em uma moto com um comparsa quando notou a guarni\u00e7\u00e3o do Batalh\u00e3o de Opera\u00e7\u00f5es Policial Especial (BOPE), sacou uma arma e iniciou confronto. O suspeito entrou em confronto com os policiais, e ap\u00f3s troca de tiros, foi atingido e precisou ser socorrido e hospitalizado. Ele n\u00e3o resistiu aos ferimentos e veio a \u00f3bito na unidade hospitalar. O comparsa conseguiu fugir por \u00e1rea de matagal e at\u00e9 o momento n\u00e3o foi localizado. Noticias em Destaque Fonte: Click PB<\/p>\n","protected":false},"author":2,"featured_media":44701,"comment_status":"closed","ping_status":"open","sticky":false,"template":"","format":"standard","meta":{"_eb_attr":"","_jetpack_memberships_contains_paid_content":false,"footnotes":""},"categories":[20],"tags":[],"class_list":["post-44700","post","type-post","status-publish","format-standard","has-post-thumbnail","hentry","category-policia"],"yoast_head":"<!-- This site is optimized with the Yoast SEO plugin v26.5 - https:\/\/yoast.com\/wordpress\/plugins\/seo\/ -->\n<title>Suspeito de homic\u00eddio morre ap\u00f3s troca de tiros com a Pol\u00edcia no Sert\u00e3o da Para\u00edba - Not&iacute;cias em Destaque<\/title>\n<meta name=\"robots\" content=\"index, follow, max-snippet:-1, max-image-preview:large, max-video-preview:-1\" \/>\n<link rel=\"canonical\" href=\"https:\/\/noticiasemdestaque.com\/cd\/?p=44700\" \/>\n<meta property=\"og:locale\" content=\"pt_BR\" \/>\n<meta property=\"og:type\" content=\"article\" \/>\n<meta property=\"og:title\" content=\"Suspeito de homic\u00eddio morre ap\u00f3s troca de tiros com a Pol\u00edcia no Sert\u00e3o da Para\u00edba - Not&iacute;cias em Destaque\" \/>\n<meta property=\"og:description\" content=\"Um homem suspeito de homic\u00eddio morreu na noite desta ter\u00e7a-feira (13), ap\u00f3s troca de tiros com a Pol\u00edcia Militar, entre S\u00e3o Bentinho e Cajazeirinha, no Sert\u00e3o da Para\u00edba. De acordo com as informa\u00e7\u00f5es iniciais, o suspeito foi identificado como Wertson Faustino de Sousa Duarte. Ele era acusado de ter assassinado Arnaldo Apr\u00edgio de Melo, 59 anos, no Bairro Vila Nova em Pombal na noite da segunda-feira (12). Ele estava em uma moto com um comparsa quando notou a guarni\u00e7\u00e3o do Batalh\u00e3o de Opera\u00e7\u00f5es Policial Especial (BOPE), sacou uma arma e iniciou confronto. O suspeito entrou em confronto com os policiais, e ap\u00f3s troca de tiros, foi atingido e precisou ser socorrido e hospitalizado. Ele n\u00e3o resistiu aos ferimentos e veio a \u00f3bito na unidade hospitalar. O comparsa conseguiu fugir por \u00e1rea de matagal e at\u00e9 o momento n\u00e3o foi localizado. Noticias em Destaque Fonte: Click PB\" \/>\n<meta property=\"og:url\" content=\"https:\/\/noticiasemdestaque.com\/cd\/?p=44700\" \/>\n<meta property=\"og:site_name\" content=\"Not&iacute;cias em Destaque\" \/>\n<meta property=\"article:published_time\" content=\"2022-12-14T10:14:51+00:00\" \/>\n<meta property=\"og:image\" content=\"https:\/\/noticiasemdestaque.com\/cd\/wp-content\/uploads\/2022\/12\/viatura_da_pm_walla_santos.jpg\" \/>\n\t<meta property=\"og:image:width\" content=\"876\" \/>\n\t<meta property=\"og:image:height\" content=\"585\" \/>\n\t<meta property=\"og:image:type\" content=\"image\/jpeg\" \/>\n<meta name=\"author\" content=\"Not\u00edcias em Destaque\" \/>\n<meta name=\"twitter:card\" content=\"summary_large_image\" \/>\n<meta name=\"twitter:label1\" content=\"Escrito por\" \/>\n\t<meta name=\"twitter:data1\" content=\"Not\u00edcias em Destaque\" \/>\n\t<meta name=\"twitter:label2\" content=\"Est. tempo de leitura\" \/>\n\t<meta name=\"twitter:data2\" content=\"1 minuto\" \/>\n<script type=\"application\/ld+json\" class=\"yoast-schema-graph\">{\"@context\":\"https:\/\/schema.org\",\"@graph\":[{\"@type\":\"Article\",\"@id\":\"https:\/\/noticiasemdestaque.com\/cd\/?p=44700#article\",\"isPartOf\":{\"@id\":\"https:\/\/noticiasemdestaque.com\/cd\/?p=44700\"},\"author\":{\"name\":\"Not\u00edcias em Destaque\",\"@id\":\"https:\/\/noticiasemdestaque.com\/cd\/#\/schema\/person\/47f7d4f55eec17c6b2ca036c5500f6ce\"},\"headline\":\"Suspeito de homic\u00eddio morre ap\u00f3s troca de tiros com a Pol\u00edcia no Sert\u00e3o da Para\u00edba\",\"datePublished\":\"2022-12-14T10:14:51+00:00\",\"mainEntityOfPage\":{\"@id\":\"https:\/\/noticiasemdestaque.com\/cd\/?p=44700\"},\"wordCount\":178,\"publisher\":{\"@id\":\"https:\/\/noticiasemdestaque.com\/cd\/#organization\"},\"image\":{\"@id\":\"https:\/\/noticiasemdestaque.com\/cd\/?p=44700#primaryimage\"},\"thumbnailUrl\":\"https:\/\/noticiasemdestaque.com\/cd\/wp-content\/uploads\/2022\/12\/viatura_da_pm_walla_santos.jpg\",\"articleSection\":[\"Pol\u00edcia\"],\"inLanguage\":\"pt-BR\"},{\"@type\":\"WebPage\",\"@id\":\"https:\/\/noticiasemdestaque.com\/cd\/?p=44700\",\"url\":\"https:\/\/noticiasemdestaque.com\/cd\/?p=44700\",\"name\":\"Suspeito de homic\u00eddio morre ap\u00f3s troca de tiros com a Pol\u00edcia no Sert\u00e3o da Para\u00edba - Not&iacute;cias em Destaque\",\"isPartOf\":{\"@id\":\"https:\/\/noticiasemdestaque.com\/cd\/#website\"},\"primaryImageOfPage\":{\"@id\":\"https:\/\/noticiasemdestaque.com\/cd\/?p=44700#primaryimage\"},\"image\":{\"@id\":\"https:\/\/noticiasemdestaque.com\/cd\/?p=44700#primaryimage\"},\"thumbnailUrl\":\"https:\/\/noticiasemdestaque.com\/cd\/wp-content\/uploads\/2022\/12\/viatura_da_pm_walla_santos.jpg\",\"datePublished\":\"2022-12-14T10:14:51+00:00\",\"breadcrumb\":{\"@id\":\"https:\/\/noticiasemdestaque.com\/cd\/?p=44700#breadcrumb\"},\"inLanguage\":\"pt-BR\",\"potentialAction\":[{\"@type\":\"ReadAction\",\"target\":[\"https:\/\/noticiasemdestaque.com\/cd\/?p=44700\"]}]},{\"@type\":\"ImageObject\",\"inLanguage\":\"pt-BR\",\"@id\":\"https:\/\/noticiasemdestaque.com\/cd\/?p=44700#primaryimage\",\"url\":\"https:\/\/noticiasemdestaque.com\/cd\/wp-content\/uploads\/2022\/12\/viatura_da_pm_walla_santos.jpg\",\"contentUrl\":\"https:\/\/noticiasemdestaque.com\/cd\/wp-content\/uploads\/2022\/12\/viatura_da_pm_walla_santos.jpg\",\"width\":876,\"height\":585},{\"@type\":\"BreadcrumbList\",\"@id\":\"https:\/\/noticiasemdestaque.com\/cd\/?p=44700#breadcrumb\",\"itemListElement\":[{\"@type\":\"ListItem\",\"position\":1,\"name\":\"In\u00edcio\",\"item\":\"https:\/\/noticiasemdestaque.com\/cd\/\"},{\"@type\":\"ListItem\",\"position\":2,\"name\":\"Suspeito de homic\u00eddio morre ap\u00f3s troca de tiros com a Pol\u00edcia no Sert\u00e3o da Para\u00edba\"}]},{\"@type\":\"WebSite\",\"@id\":\"https:\/\/noticiasemdestaque.com\/cd\/#website\",\"url\":\"https:\/\/noticiasemdestaque.com\/cd\/\",\"name\":\"Not&iacute;cias em Destaque\",\"description\":\"\",\"publisher\":{\"@id\":\"https:\/\/noticiasemdestaque.com\/cd\/#organization\"},\"potentialAction\":[{\"@type\":\"SearchAction\",\"target\":{\"@type\":\"EntryPoint\",\"urlTemplate\":\"https:\/\/noticiasemdestaque.com\/cd\/?s={search_term_string}\"},\"query-input\":{\"@type\":\"PropertyValueSpecification\",\"valueRequired\":true,\"valueName\":\"search_term_string\"}}],\"inLanguage\":\"pt-BR\"},{\"@type\":\"Organization\",\"@id\":\"https:\/\/noticiasemdestaque.com\/cd\/#organization\",\"name\":\"Not\u00edcias em Destaque\",\"url\":\"https:\/\/noticiasemdestaque.com\/cd\/\",\"logo\":{\"@type\":\"ImageObject\",\"inLanguage\":\"pt-BR\",\"@id\":\"https:\/\/noticiasemdestaque.com\/cd\/#\/schema\/logo\/image\/\",\"url\":\"https:\/\/noticiasemdestaque.com\/cd\/wp-content\/uploads\/2022\/05\/imagem-base-noticiasemdestaque.png\",\"contentUrl\":\"https:\/\/noticiasemdestaque.com\/cd\/wp-content\/uploads\/2022\/05\/imagem-base-noticiasemdestaque.png\",\"width\":1200,\"height\":630,\"caption\":\"Not\u00edcias em Destaque\"},\"image\":{\"@id\":\"https:\/\/noticiasemdestaque.com\/cd\/#\/schema\/logo\/image\/\"}},{\"@type\":\"Person\",\"@id\":\"https:\/\/noticiasemdestaque.com\/cd\/#\/schema\/person\/47f7d4f55eec17c6b2ca036c5500f6ce\",\"name\":\"Not\u00edcias em Destaque\",\"url\":\"https:\/\/noticiasemdestaque.com\/cd\/?author=2\"}]}<\/script>\n<!-- \/ Yoast SEO plugin. -->","yoast_head_json":{"title":"Suspeito de homic\u00eddio morre ap\u00f3s troca de tiros com a Pol\u00edcia no Sert\u00e3o da Para\u00edba - Not&iacute;cias em Destaque","robots":{"index":"index","follow":"follow","max-snippet":"max-snippet:-1","max-image-preview":"max-image-preview:large","max-video-preview":"max-video-preview:-1"},"canonical":"https:\/\/noticiasemdestaque.com\/cd\/?p=44700","og_locale":"pt_BR","og_type":"article","og_title":"Suspeito de homic\u00eddio morre ap\u00f3s troca de tiros com a Pol\u00edcia no Sert\u00e3o da Para\u00edba - Not&iacute;cias em Destaque","og_description":"Um homem suspeito de homic\u00eddio morreu na noite desta ter\u00e7a-feira (13), ap\u00f3s troca de tiros com a Pol\u00edcia Militar, entre S\u00e3o Bentinho e Cajazeirinha, no Sert\u00e3o da Para\u00edba. De acordo com as informa\u00e7\u00f5es iniciais, o suspeito foi identificado como Wertson Faustino de Sousa Duarte. Ele era acusado de ter assassinado Arnaldo Apr\u00edgio de Melo, 59 anos, no Bairro Vila Nova em Pombal na noite da segunda-feira (12). Ele estava em uma moto com um comparsa quando notou a guarni\u00e7\u00e3o do Batalh\u00e3o de Opera\u00e7\u00f5es Policial Especial (BOPE), sacou uma arma e iniciou confronto. O suspeito entrou em confronto com os policiais, e ap\u00f3s troca de tiros, foi atingido e precisou ser socorrido e hospitalizado. Ele n\u00e3o resistiu aos ferimentos e veio a \u00f3bito na unidade hospitalar. O comparsa conseguiu fugir por \u00e1rea de matagal e at\u00e9 o momento n\u00e3o foi localizado. Noticias em Destaque Fonte: Click PB","og_url":"https:\/\/noticiasemdestaque.com\/cd\/?p=44700","og_site_name":"Not&iacute;cias em Destaque","article_published_time":"2022-12-14T10:14:51+00:00","og_image":[{"width":876,"height":585,"url":"https:\/\/noticiasemdestaque.com\/cd\/wp-content\/uploads\/2022\/12\/viatura_da_pm_walla_santos.jpg","type":"image\/jpeg"}],"author":"Not\u00edcias em Destaque","twitter_card":"summary_large_image","twitter_misc":{"Escrito por":"Not\u00edcias em Destaque","Est. tempo de leitura":"1 minuto"},"schema":{"@context":"https:\/\/schema.org","@graph":[{"@type":"Article","@id":"https:\/\/noticiasemdestaque.com\/cd\/?p=44700#article","isPartOf":{"@id":"https:\/\/noticiasemdestaque.com\/cd\/?p=44700"},"author":{"name":"Not\u00edcias em Destaque","@id":"https:\/\/noticiasemdestaque.com\/cd\/#\/schema\/person\/47f7d4f55eec17c6b2ca036c5500f6ce"},"headline":"Suspeito de homic\u00eddio morre ap\u00f3s troca de tiros com a Pol\u00edcia no Sert\u00e3o da Para\u00edba","datePublished":"2022-12-14T10:14:51+00:00","mainEntityOfPage":{"@id":"https:\/\/noticiasemdestaque.com\/cd\/?p=44700"},"wordCount":178,"publisher":{"@id":"https:\/\/noticiasemdestaque.com\/cd\/#organization"},"image":{"@id":"https:\/\/noticiasemdestaque.com\/cd\/?p=44700#primaryimage"},"thumbnailUrl":"https:\/\/noticiasemdestaque.com\/cd\/wp-content\/uploads\/2022\/12\/viatura_da_pm_walla_santos.jpg","articleSection":["Pol\u00edcia"],"inLanguage":"pt-BR"},{"@type":"WebPage","@id":"https:\/\/noticiasemdestaque.com\/cd\/?p=44700","url":"https:\/\/noticiasemdestaque.com\/cd\/?p=44700","name":"Suspeito de homic\u00eddio morre ap\u00f3s troca de tiros com a Pol\u00edcia no Sert\u00e3o da Para\u00edba - Not&iacute;cias em Destaque","isPartOf":{"@id":"https:\/\/noticiasemdestaque.com\/cd\/#website"},"primaryImageOfPage":{"@id":"https:\/\/noticiasemdestaque.com\/cd\/?p=44700#primaryimage"},"image":{"@id":"https:\/\/noticiasemdestaque.com\/cd\/?p=44700#primaryimage"},"thumbnailUrl":"https:\/\/noticiasemdestaque.com\/cd\/wp-content\/uploads\/2022\/12\/viatura_da_pm_walla_santos.jpg","datePublished":"2022-12-14T10:14:51+00:00","breadcrumb":{"@id":"https:\/\/noticiasemdestaque.com\/cd\/?p=44700#breadcrumb"},"inLanguage":"pt-BR","potentialAction":[{"@type":"ReadAction","target":["https:\/\/noticiasemdestaque.com\/cd\/?p=44700"]}]},{"@type":"ImageObject","inLanguage":"pt-BR","@id":"https:\/\/noticiasemdestaque.com\/cd\/?p=44700#primaryimage","url":"https:\/\/noticiasemdestaque.com\/cd\/wp-content\/uploads\/2022\/12\/viatura_da_pm_walla_santos.jpg","contentUrl":"https:\/\/noticiasemdestaque.com\/cd\/wp-content\/uploads\/2022\/12\/viatura_da_pm_walla_santos.jpg","width":876,"height":585},{"@type":"BreadcrumbList","@id":"https:\/\/noticiasemdestaque.com\/cd\/?p=44700#breadcrumb","itemListElement":[{"@type":"ListItem","position":1,"name":"In\u00edcio","item":"https:\/\/noticiasemdestaque.com\/cd\/"},{"@type":"ListItem","position":2,"name":"Suspeito de homic\u00eddio morre ap\u00f3s troca de tiros com a Pol\u00edcia no Sert\u00e3o da Para\u00edba"}]},{"@type":"WebSite","@id":"https:\/\/noticiasemdestaque.com\/cd\/#website","url":"https:\/\/noticiasemdestaque.com\/cd\/","name":"Not&iacute;cias em Destaque","description":"","publisher":{"@id":"https:\/\/noticiasemdestaque.com\/cd\/#organization"},"potentialAction":[{"@type":"SearchAction","target":{"@type":"EntryPoint","urlTemplate":"https:\/\/noticiasemdestaque.com\/cd\/?s={search_term_string}"},"query-input":{"@type":"PropertyValueSpecification","valueRequired":true,"valueName":"search_term_string"}}],"inLanguage":"pt-BR"},{"@type":"Organization","@id":"https:\/\/noticiasemdestaque.com\/cd\/#organization","name":"Not\u00edcias em Destaque","url":"https:\/\/noticiasemdestaque.com\/cd\/","logo":{"@type":"ImageObject","inLanguage":"pt-BR","@id":"https:\/\/noticiasemdestaque.com\/cd\/#\/schema\/logo\/image\/","url":"https:\/\/noticiasemdestaque.com\/cd\/wp-content\/uploads\/2022\/05\/imagem-base-noticiasemdestaque.png","contentUrl":"https:\/\/noticiasemdestaque.com\/cd\/wp-content\/uploads\/2022\/05\/imagem-base-noticiasemdestaque.png","width":1200,"height":630,"caption":"Not\u00edcias em Destaque"},"image":{"@id":"https:\/\/noticiasemdestaque.com\/cd\/#\/schema\/logo\/image\/"}},{"@type":"Person","@id":"https:\/\/noticiasemdestaque.com\/cd\/#\/schema\/person\/47f7d4f55eec17c6b2ca036c5500f6ce","name":"Not\u00edcias em Destaque","url":"https:\/\/noticiasemdestaque.com\/cd\/?author=2"}]}},"jetpack_featured_media_url":"https:\/\/noticiasemdestaque.com\/cd\/wp-content\/uploads\/2022\/12\/viatura_da_pm_walla_santos.jpg","jetpack_sharing_enabled":true,"_links":{"self":[{"href":"https:\/\/noticiasemdestaque.com\/cd\/index.php?rest_route=\/wp\/v2\/posts\/44700","targetHints":{"allow":["GET"]}}],"collection":[{"href":"https:\/\/noticiasemdestaque.com\/cd\/index.php?rest_route=\/wp\/v2\/posts"}],"about":[{"href":"https:\/\/noticiasemdestaque.com\/cd\/index.php?rest_route=\/wp\/v2\/types\/post"}],"author":[{"embeddable":true,"href":"https:\/\/noticiasemdestaque.com\/cd\/index.php?rest_route=\/wp\/v2\/users\/2"}],"replies":[{"embeddable":true,"href":"https:\/\/noticiasemdestaque.com\/cd\/index.php?rest_route=%2Fwp%2Fv2%2Fcomments&post=44700"}],"version-history":[{"count":1,"href":"https:\/\/noticiasemdestaque.com\/cd\/index.php?rest_route=\/wp\/v2\/posts\/44700\/revisions"}],"predecessor-version":[{"id":44702,"href":"https:\/\/noticiasemdestaque.com\/cd\/index.php?rest_route=\/wp\/v2\/posts\/44700\/revisions\/44702"}],"wp:featuredmedia":[{"embeddable":true,"href":"https:\/\/noticiasemdestaque.com\/cd\/index.php?rest_route=\/wp\/v2\/media\/44701"}],"wp:attachment":[{"href":"https:\/\/noticiasemdestaque.com\/cd\/index.php?rest_route=%2Fwp%2Fv2%2Fmedia&parent=44700"}],"wp:term":[{"taxonomy":"category","embeddable":true,"href":"https:\/\/noticiasemdestaque.com\/cd\/index.php?rest_route=%2Fwp%2Fv2%2Fcategories&post=44700"},{"taxonomy":"post_tag","embeddable":true,"href":"https:\/\/noticiasemdestaque.com\/cd\/index.php?rest_route=%2Fwp%2Fv2%2Ftags&post=44700"}],"curies":[{"name":"wp","href":"https:\/\/api.w.org\/{rel}","templated":true}]}}