{"id":44697,"date":"2022-12-14T07:08:42","date_gmt":"2022-12-14T10:08:42","guid":{"rendered":"https:\/\/noticiasemdestaque.com\/cd\/?p=44697"},"modified":"2022-12-14T07:08:42","modified_gmt":"2022-12-14T10:08:42","slug":"franca-e-marrocos-se-enfrentam-por-vaga-na-final-da-copa-contra-a-argentina","status":"publish","type":"post","link":"https:\/\/noticiasemdestaque.com\/cd\/?p=44697","title":{"rendered":"Fran\u00e7a e Marrocos se enfrentam por vaga na final da Copa contra a Argentina"},"content":{"rendered":"<p><a href=\"https:\/\/noticiasemdestaque.com\/cd\/wp-content\/uploads\/2022\/12\/2022-12-10t212650z-1173485151-up1eica1lx8fl-rtrmadp-3-soccer-worldcup-eng-fra-report.jpg\"><img fetchpriority=\"high\" decoding=\"async\" class=\"alignnone  wp-image-44698\" src=\"https:\/\/noticiasemdestaque.com\/cd\/wp-content\/uploads\/2022\/12\/2022-12-10t212650z-1173485151-up1eica1lx8fl-rtrmadp-3-soccer-worldcup-eng-fra-report-300x200.jpg\" alt=\"\" width=\"1044\" height=\"696\" srcset=\"https:\/\/noticiasemdestaque.com\/cd\/wp-content\/uploads\/2022\/12\/2022-12-10t212650z-1173485151-up1eica1lx8fl-rtrmadp-3-soccer-worldcup-eng-fra-report-300x200.jpg 300w, https:\/\/noticiasemdestaque.com\/cd\/wp-content\/uploads\/2022\/12\/2022-12-10t212650z-1173485151-up1eica1lx8fl-rtrmadp-3-soccer-worldcup-eng-fra-report-768x513.jpg 768w, https:\/\/noticiasemdestaque.com\/cd\/wp-content\/uploads\/2022\/12\/2022-12-10t212650z-1173485151-up1eica1lx8fl-rtrmadp-3-soccer-worldcup-eng-fra-report-18x12.jpg 18w, https:\/\/noticiasemdestaque.com\/cd\/wp-content\/uploads\/2022\/12\/2022-12-10t212650z-1173485151-up1eica1lx8fl-rtrmadp-3-soccer-worldcup-eng-fra-report.jpg 876w\" sizes=\"(max-width: 1044px) 100vw, 1044px\" \/><\/a><\/p>\n<p>Fran\u00e7a e Marrocos duelam nesta quarta-feira, \u00e0s 16h (de Bras\u00edlia), no est\u00e1dio Al Bayt, pelas semifinais da Copa do Mundo. O jogo vale vaga na grande decis\u00e3o do Mundial contra a Argentina, que ser\u00e1 disputada no pr\u00f3ximo domingo (18).<\/p>\n<p>Os franceses estiveram presentes seis vezes nas semifinais do Mundial, com tr\u00eas classifica\u00e7\u00f5es e tr\u00eas elimina\u00e7\u00f5es. Passaram de fase em 1998 (Cro\u00e1cia), 2006 (Portugal) e 2018 (B\u00e9lgica), mas ca\u00edram nas primeiras tr\u00eas vezes em que chegaram \u00e0 atual fase: 1958 (Brasil), 1982 (Alemanha Ocidental) e 1986 (Alemanha Ocidental).<\/p>\n<p>A equipe comandada por Didier Deschamps busca ser o primeiro pa\u00eds a chegar em duas finais consecutivas de Copa do Mundo desde o Brasil, em 1994 e 1998 (decidiria o t\u00edtulo tamb\u00e9m em 2002). Atuais campe\u00f5es do torneio, os &#8220;Les Bleus&#8221; chegam embalados para a partida, ap\u00f3s derrotarem a Inglaterra, rival hist\u00f3rico e principal desafio at\u00e9 aqui no Mundial, por 2 a 1 em jogo emocionante nas quartas de final.<\/p>\n<p>Marrocos, por sua vez, j\u00e1 est\u00e1 eternizada como a \u00fanica sele\u00e7\u00e3o africana a chegar em uma semifinal de Copa do Mundo, mas tem ambi\u00e7\u00f5es ainda maiores. O duelo pode servir para continuar a escrever uma hist\u00f3ria para l\u00e1 de especial no Catar e levar um pa\u00eds africano ainda mais longe no Mundial.<\/p>\n<figure><img decoding=\"async\" src=\"https:\/\/www.clickpb.com.br\/media\/filer_public\/7e\/d2\/7ed2e7a2-d96c-42ea-823f-61bb5b2f3448\/2022-12-10t155522z-1165195982-up1eica1888cc-rtrmadp-3-soccer-worldcup-mar-por-report.webp\" data-image=\"205106\" \/><\/figure>\n<p><em>En-Nesyri, de Marrocos, comemora gol marcado diante de Portugal ao lado de Achraf Hakimi \u2014 Foto: REUTERS\/Carl Recine<\/em><\/p>\n<p>A confian\u00e7a da equipe comandada por Walid Regragui n\u00e3o poderia estar maior. Os marroquinos desbancaram Portugal, um dos favoritos ao t\u00edtulo, nas quartas de final, com vit\u00f3ria por 1 a 0, e v\u00eam em grande crescente na Copa do Mundo.<\/p>\n<p>At\u00e9 o momento, Marrocos sofreu apenas um gol, ainda na fase de grupos, na vit\u00f3ria por 2 a 1 sobre o Canad\u00e1. A sele\u00e7\u00e3o passou em primeiro lugar de um grupo que ainda tinha Cro\u00e1cia e B\u00e9lgica e tamb\u00e9m eliminou Espanha, nas oitavas de final.<\/p>\n<p><strong>Escala\u00e7\u00f5es prov\u00e1veis<\/strong><\/p>\n<figure><img decoding=\"async\" src=\"https:\/\/www.clickpb.com.br\/media\/filer_public\/34\/5c\/345cc5d6-2c0b-43e9-a3da-c17516df985b\/000-333b3kq.webp\" data-image=\"205102\" \/><\/figure>\n<p><em>Treino da Fran\u00e7a antes da semifinal contra Marrocos \u2014 Foto: FRANCK FIFE \/ AFP<\/em><\/p>\n<p>Fran\u00e7a &#8211; T\u00e9cnico: Didier Deschamps<\/p>\n<p>A Fran\u00e7a sofreu com algumas aus\u00eancias durante a prepara\u00e7\u00e3o para a semifinal. Upamecano desfalcou dois treinamentos consecutivos por conta de uma dor de garganta e ainda h\u00e1 d\u00favidas sobre a presen\u00e7a do defensor no duelo. Caso n\u00e3o esteja em condi\u00e7\u00f5es, Konat\u00e9 assumiria a vaga na zaga.<\/p>\n<p>Rabiot, que treinou na segunda, tamb\u00e9m apresentou sintomas gripais nesta ter\u00e7a-feira. O volante Tchouam\u00e9ni, que se recuperava de uma pancada na coxa sofrida contra a Inglaterra e tamb\u00e9m foi n\u00e3o participou da atividade de segunda-feira, voltou aos trabalhos normalmente na ter\u00e7a. Apesar das aus\u00eancias, a expectativa \u00e9 que ambos estejam presentes na partida.<\/p>\n<p>Prov\u00e1vel time: Lloris, Kound\u00e9, Varane, Upamecano e Theo Hernandez; Tchouameni, Rabiot e Griezmann; Dembel\u00e9, Mbapp\u00e9 e Giroud<\/p>\n<figure><img decoding=\"async\" src=\"https:\/\/www.clickpb.com.br\/media\/filer_public\/1f\/ee\/1fee234d-8567-44f5-aaaf-5f51b2a288c6\/franca-1-.webp\" data-image=\"205103\" \/><\/figure>\n<p><em>Prov\u00e1vel escala\u00e7\u00e3o da Fran\u00e7a contra Marrocos \u2014 Foto: Infoesporte<\/em><\/p>\n<p>Marrocos &#8211; T\u00e9cnico: Walid Regragui<\/p>\n<figure><img decoding=\"async\" src=\"https:\/\/www.clickpb.com.br\/media\/filer_public\/8c\/e6\/8ce65e3b-7921-4cc4-a574-1bb4196713d7\/000-333b7je.webp\" data-image=\"205104\" \/><\/figure>\n<p><em>Treino de Marrocos antes de semifinal da Copa do Mundo contra a Fran\u00e7a \u2014 Foto: KARIM JAAFAR \/ AFP<\/em><\/p>\n<p>Assim como nos \u00faltimos jogos, o t\u00e9cnico Walid Regragui tem problemas para montar a sua equipe por conta de les\u00f5es. Principalmente no setor defensivo.<\/p>\n<p>O zagueiro Nayef Aguerd, titular nas primeiras quatro partidas, mas que se lesionou no jogo das oitavas contra a Espanha deve permanecer de fora. J\u00e1 o zagueiro e capit\u00e3o Romain Sa\u00efss, que deixou a partida contra Portugal pela quartas de final na maca ainda \u00e9 d\u00favida.<\/p>\n<p>Por\u00e9m, do meio para frente, os Le\u00f5es de Atlas n\u00e3o devem ter problema, repetindo os jogaodres que v\u00eam fazendo sucesso nesse mundial: Amrabat, Ounahi, Amallah e Ziyech; En-Nesyri e Boufal.<\/p>\n<p>Prov\u00e1vel forma\u00e7\u00e3o: Bono, Hakimi, El Yamiq, Saiss (Dari) e Attiat-Allah; Amrabat, Ounahi, Amallah e Ziyech; En-Nesyri e Boufal.<\/p>\n<figure><img decoding=\"async\" src=\"https:\/\/www.clickpb.com.br\/media\/filer_public\/6b\/bb\/6bbb3c06-7a16-4986-bb79-fc2919e0e006\/marrocos.webp\" data-image=\"205105\" \/><\/figure>\n<p><em>Prov\u00e1vel escala\u00e7\u00e3o de Marrocos para jogo contra a Fran\u00e7a \u2014 Foto: Arte ge<\/em><\/p>\n<ul>\n<li>\u00c1rbitro: C\u00e9sar Ramos (MEX)<\/li>\n<li>Assistente 1: Alberto Mor\u00edn (MEX)<\/li>\n<li>Assistente 2: Miguel Hern\u00e1ndez (MEX)<\/li>\n<li>Quarto \u00e1rbitro: Jes\u00fas Valenzuela (VEN)<\/li>\n<li>Est\u00e1dio: Al Bayt, em Al Khor<\/li>\n<\/ul>\n<p>&nbsp;<\/p>\n<p><strong>Noticias em Destaque<\/strong><\/p>\n<p style=\"text-align: right;\"><em>Fonte: Globo Esporte<\/em><\/p>\n","protected":false},"excerpt":{"rendered":"<p>Fran\u00e7a e Marrocos duelam nesta quarta-feira, \u00e0s 16h (de Bras\u00edlia), no est\u00e1dio Al Bayt, pelas semifinais da Copa do Mundo. O jogo vale vaga na grande decis\u00e3o do Mundial contra a Argentina, que ser\u00e1 disputada no pr\u00f3ximo domingo (18). Os franceses estiveram presentes seis vezes nas semifinais do Mundial, com tr\u00eas classifica\u00e7\u00f5es e tr\u00eas elimina\u00e7\u00f5es. Passaram de fase em 1998 (Cro\u00e1cia), 2006 (Portugal) e 2018 (B\u00e9lgica), mas ca\u00edram nas primeiras tr\u00eas vezes em que chegaram \u00e0 atual fase: 1958 (Brasil), 1982 (Alemanha Ocidental) e 1986 (Alemanha Ocidental). A equipe comandada por Didier Deschamps busca ser o primeiro pa\u00eds a chegar em duas finais consecutivas de Copa do Mundo desde o Brasil, em 1994 e 1998 (decidiria o t\u00edtulo tamb\u00e9m em 2002). Atuais campe\u00f5es do torneio, os &#8220;Les Bleus&#8221; chegam embalados para a partida, ap\u00f3s derrotarem a Inglaterra, rival hist\u00f3rico e principal desafio at\u00e9 aqui no Mundial, por 2 a 1 em jogo emocionante nas quartas de final. Marrocos, por sua vez, j\u00e1 est\u00e1 eternizada como a \u00fanica sele\u00e7\u00e3o africana a chegar em uma semifinal de Copa do Mundo, mas tem ambi\u00e7\u00f5es ainda maiores. O duelo pode servir para continuar a escrever uma hist\u00f3ria para l\u00e1 de especial no Catar e levar um pa\u00eds africano ainda mais longe no Mundial. En-Nesyri, de Marrocos, comemora gol marcado diante de Portugal ao lado de Achraf Hakimi \u2014 Foto: REUTERS\/Carl Recine A confian\u00e7a da equipe comandada por Walid Regragui n\u00e3o poderia estar maior. Os marroquinos desbancaram Portugal, um dos favoritos ao t\u00edtulo, nas quartas de final, com vit\u00f3ria por 1 a 0, e v\u00eam em grande crescente na Copa do Mundo. At\u00e9 o momento, Marrocos sofreu apenas um gol, ainda na fase de grupos, na vit\u00f3ria por 2 a 1 sobre o Canad\u00e1. A sele\u00e7\u00e3o passou em primeiro lugar de um grupo que ainda tinha Cro\u00e1cia e B\u00e9lgica e tamb\u00e9m eliminou Espanha, nas oitavas de final. Escala\u00e7\u00f5es prov\u00e1veis Treino da Fran\u00e7a antes da semifinal contra Marrocos \u2014 Foto: FRANCK FIFE \/ AFP Fran\u00e7a &#8211; T\u00e9cnico: Didier Deschamps A Fran\u00e7a sofreu com algumas aus\u00eancias durante a prepara\u00e7\u00e3o para a semifinal. Upamecano desfalcou dois treinamentos consecutivos por conta de uma dor de garganta e ainda h\u00e1 d\u00favidas sobre a presen\u00e7a do defensor no duelo. Caso n\u00e3o esteja em condi\u00e7\u00f5es, Konat\u00e9 assumiria a vaga na zaga. Rabiot, que treinou na segunda, tamb\u00e9m apresentou sintomas gripais nesta ter\u00e7a-feira. O volante Tchouam\u00e9ni, que se recuperava de uma pancada na coxa sofrida contra a Inglaterra e tamb\u00e9m foi n\u00e3o participou da atividade de segunda-feira, voltou aos trabalhos normalmente na ter\u00e7a. Apesar das aus\u00eancias, a expectativa \u00e9 que ambos estejam presentes na partida. Prov\u00e1vel time: Lloris, Kound\u00e9, Varane, Upamecano e Theo Hernandez; Tchouameni, Rabiot e Griezmann; Dembel\u00e9, Mbapp\u00e9 e Giroud Prov\u00e1vel escala\u00e7\u00e3o da Fran\u00e7a contra Marrocos \u2014 Foto: Infoesporte Marrocos &#8211; T\u00e9cnico: Walid Regragui Treino de Marrocos antes de semifinal da Copa do Mundo contra a Fran\u00e7a \u2014 Foto: KARIM JAAFAR \/ AFP Assim como nos \u00faltimos jogos, o t\u00e9cnico Walid Regragui tem problemas para montar a sua equipe por conta de les\u00f5es. Principalmente no setor defensivo. O zagueiro Nayef Aguerd, titular nas primeiras quatro partidas, mas que se lesionou no jogo das oitavas contra a Espanha deve permanecer de fora. J\u00e1 o zagueiro e capit\u00e3o Romain Sa\u00efss, que deixou a partida contra Portugal pela quartas de final na maca ainda \u00e9 d\u00favida. Por\u00e9m, do meio para frente, os Le\u00f5es de Atlas n\u00e3o devem ter problema, repetindo os jogaodres que v\u00eam fazendo sucesso nesse mundial: Amrabat, Ounahi, Amallah e Ziyech; En-Nesyri e Boufal. Prov\u00e1vel forma\u00e7\u00e3o: Bono, Hakimi, El Yamiq, Saiss (Dari) e Attiat-Allah; Amrabat, Ounahi, Amallah e Ziyech; En-Nesyri e Boufal. Prov\u00e1vel escala\u00e7\u00e3o de Marrocos para jogo contra a Fran\u00e7a \u2014 Foto: Arte ge \u00c1rbitro: C\u00e9sar Ramos (MEX) Assistente 1: Alberto Mor\u00edn (MEX) Assistente 2: Miguel Hern\u00e1ndez (MEX) Quarto \u00e1rbitro: Jes\u00fas Valenzuela (VEN) Est\u00e1dio: Al Bayt, em Al Khor &nbsp; Noticias em Destaque Fonte: Globo Esporte<\/p>\n","protected":false},"author":2,"featured_media":44698,"comment_status":"closed","ping_status":"open","sticky":false,"template":"","format":"standard","meta":{"_eb_attr":"","_jetpack_memberships_contains_paid_content":false,"footnotes":""},"categories":[15],"tags":[],"class_list":["post-44697","post","type-post","status-publish","format-standard","has-post-thumbnail","hentry","category-esporte"],"yoast_head":"<!-- This site is optimized with the Yoast SEO plugin v26.5 - https:\/\/yoast.com\/wordpress\/plugins\/seo\/ -->\n<title>Fran\u00e7a e Marrocos se enfrentam por vaga na final da Copa contra a Argentina - Not&iacute;cias em Destaque<\/title>\n<meta name=\"robots\" content=\"index, follow, max-snippet:-1, max-image-preview:large, max-video-preview:-1\" \/>\n<link rel=\"canonical\" href=\"https:\/\/noticiasemdestaque.com\/cd\/?p=44697\" \/>\n<meta property=\"og:locale\" content=\"pt_BR\" \/>\n<meta property=\"og:type\" content=\"article\" \/>\n<meta property=\"og:title\" content=\"Fran\u00e7a e Marrocos se enfrentam por vaga na final da Copa contra a Argentina - Not&iacute;cias em Destaque\" \/>\n<meta property=\"og:description\" content=\"Fran\u00e7a e Marrocos duelam nesta quarta-feira, \u00e0s 16h (de Bras\u00edlia), no est\u00e1dio Al Bayt, pelas semifinais da Copa do Mundo. O jogo vale vaga na grande decis\u00e3o do Mundial contra a Argentina, que ser\u00e1 disputada no pr\u00f3ximo domingo (18). Os franceses estiveram presentes seis vezes nas semifinais do Mundial, com tr\u00eas classifica\u00e7\u00f5es e tr\u00eas elimina\u00e7\u00f5es. Passaram de fase em 1998 (Cro\u00e1cia), 2006 (Portugal) e 2018 (B\u00e9lgica), mas ca\u00edram nas primeiras tr\u00eas vezes em que chegaram \u00e0 atual fase: 1958 (Brasil), 1982 (Alemanha Ocidental) e 1986 (Alemanha Ocidental). A equipe comandada por Didier Deschamps busca ser o primeiro pa\u00eds a chegar em duas finais consecutivas de Copa do Mundo desde o Brasil, em 1994 e 1998 (decidiria o t\u00edtulo tamb\u00e9m em 2002). Atuais campe\u00f5es do torneio, os &#8220;Les Bleus&#8221; chegam embalados para a partida, ap\u00f3s derrotarem a Inglaterra, rival hist\u00f3rico e principal desafio at\u00e9 aqui no Mundial, por 2 a 1 em jogo emocionante nas quartas de final. Marrocos, por sua vez, j\u00e1 est\u00e1 eternizada como a \u00fanica sele\u00e7\u00e3o africana a chegar em uma semifinal de Copa do Mundo, mas tem ambi\u00e7\u00f5es ainda maiores. O duelo pode servir para continuar a escrever uma hist\u00f3ria para l\u00e1 de especial no Catar e levar um pa\u00eds africano ainda mais longe no Mundial. En-Nesyri, de Marrocos, comemora gol marcado diante de Portugal ao lado de Achraf Hakimi \u2014 Foto: REUTERS\/Carl Recine A confian\u00e7a da equipe comandada por Walid Regragui n\u00e3o poderia estar maior. Os marroquinos desbancaram Portugal, um dos favoritos ao t\u00edtulo, nas quartas de final, com vit\u00f3ria por 1 a 0, e v\u00eam em grande crescente na Copa do Mundo. At\u00e9 o momento, Marrocos sofreu apenas um gol, ainda na fase de grupos, na vit\u00f3ria por 2 a 1 sobre o Canad\u00e1. A sele\u00e7\u00e3o passou em primeiro lugar de um grupo que ainda tinha Cro\u00e1cia e B\u00e9lgica e tamb\u00e9m eliminou Espanha, nas oitavas de final. Escala\u00e7\u00f5es prov\u00e1veis Treino da Fran\u00e7a antes da semifinal contra Marrocos \u2014 Foto: FRANCK FIFE \/ AFP Fran\u00e7a &#8211; T\u00e9cnico: Didier Deschamps A Fran\u00e7a sofreu com algumas aus\u00eancias durante a prepara\u00e7\u00e3o para a semifinal. Upamecano desfalcou dois treinamentos consecutivos por conta de uma dor de garganta e ainda h\u00e1 d\u00favidas sobre a presen\u00e7a do defensor no duelo. Caso n\u00e3o esteja em condi\u00e7\u00f5es, Konat\u00e9 assumiria a vaga na zaga. Rabiot, que treinou na segunda, tamb\u00e9m apresentou sintomas gripais nesta ter\u00e7a-feira. O volante Tchouam\u00e9ni, que se recuperava de uma pancada na coxa sofrida contra a Inglaterra e tamb\u00e9m foi n\u00e3o participou da atividade de segunda-feira, voltou aos trabalhos normalmente na ter\u00e7a. Apesar das aus\u00eancias, a expectativa \u00e9 que ambos estejam presentes na partida. Prov\u00e1vel time: Lloris, Kound\u00e9, Varane, Upamecano e Theo Hernandez; Tchouameni, Rabiot e Griezmann; Dembel\u00e9, Mbapp\u00e9 e Giroud Prov\u00e1vel escala\u00e7\u00e3o da Fran\u00e7a contra Marrocos \u2014 Foto: Infoesporte Marrocos &#8211; T\u00e9cnico: Walid Regragui Treino de Marrocos antes de semifinal da Copa do Mundo contra a Fran\u00e7a \u2014 Foto: KARIM JAAFAR \/ AFP Assim como nos \u00faltimos jogos, o t\u00e9cnico Walid Regragui tem problemas para montar a sua equipe por conta de les\u00f5es. Principalmente no setor defensivo. O zagueiro Nayef Aguerd, titular nas primeiras quatro partidas, mas que se lesionou no jogo das oitavas contra a Espanha deve permanecer de fora. J\u00e1 o zagueiro e capit\u00e3o Romain Sa\u00efss, que deixou a partida contra Portugal pela quartas de final na maca ainda \u00e9 d\u00favida. Por\u00e9m, do meio para frente, os Le\u00f5es de Atlas n\u00e3o devem ter problema, repetindo os jogaodres que v\u00eam fazendo sucesso nesse mundial: Amrabat, Ounahi, Amallah e Ziyech; En-Nesyri e Boufal. Prov\u00e1vel forma\u00e7\u00e3o: Bono, Hakimi, El Yamiq, Saiss (Dari) e Attiat-Allah; Amrabat, Ounahi, Amallah e Ziyech; En-Nesyri e Boufal. Prov\u00e1vel escala\u00e7\u00e3o de Marrocos para jogo contra a Fran\u00e7a \u2014 Foto: Arte ge \u00c1rbitro: C\u00e9sar Ramos (MEX) Assistente 1: Alberto Mor\u00edn (MEX) Assistente 2: Miguel Hern\u00e1ndez (MEX) Quarto \u00e1rbitro: Jes\u00fas Valenzuela (VEN) Est\u00e1dio: Al Bayt, em Al Khor &nbsp; Noticias em Destaque Fonte: Globo Esporte\" \/>\n<meta property=\"og:url\" content=\"https:\/\/noticiasemdestaque.com\/cd\/?p=44697\" \/>\n<meta property=\"og:site_name\" content=\"Not&iacute;cias em Destaque\" \/>\n<meta property=\"article:published_time\" content=\"2022-12-14T10:08:42+00:00\" \/>\n<meta property=\"og:image\" content=\"https:\/\/noticiasemdestaque.com\/cd\/wp-content\/uploads\/2022\/12\/2022-12-10t212650z-1173485151-up1eica1lx8fl-rtrmadp-3-soccer-worldcup-eng-fra-report.jpg\" \/>\n\t<meta property=\"og:image:width\" content=\"876\" \/>\n\t<meta property=\"og:image:height\" content=\"585\" \/>\n\t<meta property=\"og:image:type\" content=\"image\/jpeg\" \/>\n<meta name=\"author\" content=\"Not\u00edcias em Destaque\" \/>\n<meta name=\"twitter:card\" content=\"summary_large_image\" \/>\n<meta name=\"twitter:label1\" content=\"Escrito por\" \/>\n\t<meta name=\"twitter:data1\" content=\"Not\u00edcias em Destaque\" \/>\n\t<meta name=\"twitter:label2\" content=\"Est. tempo de leitura\" \/>\n\t<meta name=\"twitter:data2\" content=\"5 minutos\" \/>\n<script type=\"application\/ld+json\" class=\"yoast-schema-graph\">{\"@context\":\"https:\/\/schema.org\",\"@graph\":[{\"@type\":\"Article\",\"@id\":\"https:\/\/noticiasemdestaque.com\/cd\/?p=44697#article\",\"isPartOf\":{\"@id\":\"https:\/\/noticiasemdestaque.com\/cd\/?p=44697\"},\"author\":{\"name\":\"Not\u00edcias em Destaque\",\"@id\":\"https:\/\/noticiasemdestaque.com\/cd\/#\/schema\/person\/47f7d4f55eec17c6b2ca036c5500f6ce\"},\"headline\":\"Fran\u00e7a e Marrocos se enfrentam por vaga na final da Copa contra a Argentina\",\"datePublished\":\"2022-12-14T10:08:42+00:00\",\"mainEntityOfPage\":{\"@id\":\"https:\/\/noticiasemdestaque.com\/cd\/?p=44697\"},\"wordCount\":710,\"publisher\":{\"@id\":\"https:\/\/noticiasemdestaque.com\/cd\/#organization\"},\"image\":{\"@id\":\"https:\/\/noticiasemdestaque.com\/cd\/?p=44697#primaryimage\"},\"thumbnailUrl\":\"https:\/\/noticiasemdestaque.com\/cd\/wp-content\/uploads\/2022\/12\/2022-12-10t212650z-1173485151-up1eica1lx8fl-rtrmadp-3-soccer-worldcup-eng-fra-report.jpg\",\"articleSection\":[\"Esporte\"],\"inLanguage\":\"pt-BR\"},{\"@type\":\"WebPage\",\"@id\":\"https:\/\/noticiasemdestaque.com\/cd\/?p=44697\",\"url\":\"https:\/\/noticiasemdestaque.com\/cd\/?p=44697\",\"name\":\"Fran\u00e7a e Marrocos se enfrentam por vaga na final da Copa contra a Argentina - Not&iacute;cias em Destaque\",\"isPartOf\":{\"@id\":\"https:\/\/noticiasemdestaque.com\/cd\/#website\"},\"primaryImageOfPage\":{\"@id\":\"https:\/\/noticiasemdestaque.com\/cd\/?p=44697#primaryimage\"},\"image\":{\"@id\":\"https:\/\/noticiasemdestaque.com\/cd\/?p=44697#primaryimage\"},\"thumbnailUrl\":\"https:\/\/noticiasemdestaque.com\/cd\/wp-content\/uploads\/2022\/12\/2022-12-10t212650z-1173485151-up1eica1lx8fl-rtrmadp-3-soccer-worldcup-eng-fra-report.jpg\",\"datePublished\":\"2022-12-14T10:08:42+00:00\",\"breadcrumb\":{\"@id\":\"https:\/\/noticiasemdestaque.com\/cd\/?p=44697#breadcrumb\"},\"inLanguage\":\"pt-BR\",\"potentialAction\":[{\"@type\":\"ReadAction\",\"target\":[\"https:\/\/noticiasemdestaque.com\/cd\/?p=44697\"]}]},{\"@type\":\"ImageObject\",\"inLanguage\":\"pt-BR\",\"@id\":\"https:\/\/noticiasemdestaque.com\/cd\/?p=44697#primaryimage\",\"url\":\"https:\/\/noticiasemdestaque.com\/cd\/wp-content\/uploads\/2022\/12\/2022-12-10t212650z-1173485151-up1eica1lx8fl-rtrmadp-3-soccer-worldcup-eng-fra-report.jpg\",\"contentUrl\":\"https:\/\/noticiasemdestaque.com\/cd\/wp-content\/uploads\/2022\/12\/2022-12-10t212650z-1173485151-up1eica1lx8fl-rtrmadp-3-soccer-worldcup-eng-fra-report.jpg\",\"width\":876,\"height\":585},{\"@type\":\"BreadcrumbList\",\"@id\":\"https:\/\/noticiasemdestaque.com\/cd\/?p=44697#breadcrumb\",\"itemListElement\":[{\"@type\":\"ListItem\",\"position\":1,\"name\":\"In\u00edcio\",\"item\":\"https:\/\/noticiasemdestaque.com\/cd\/\"},{\"@type\":\"ListItem\",\"position\":2,\"name\":\"Fran\u00e7a e Marrocos se enfrentam por vaga na final da Copa contra a Argentina\"}]},{\"@type\":\"WebSite\",\"@id\":\"https:\/\/noticiasemdestaque.com\/cd\/#website\",\"url\":\"https:\/\/noticiasemdestaque.com\/cd\/\",\"name\":\"Not&iacute;cias em Destaque\",\"description\":\"\",\"publisher\":{\"@id\":\"https:\/\/noticiasemdestaque.com\/cd\/#organization\"},\"potentialAction\":[{\"@type\":\"SearchAction\",\"target\":{\"@type\":\"EntryPoint\",\"urlTemplate\":\"https:\/\/noticiasemdestaque.com\/cd\/?s={search_term_string}\"},\"query-input\":{\"@type\":\"PropertyValueSpecification\",\"valueRequired\":true,\"valueName\":\"search_term_string\"}}],\"inLanguage\":\"pt-BR\"},{\"@type\":\"Organization\",\"@id\":\"https:\/\/noticiasemdestaque.com\/cd\/#organization\",\"name\":\"Not\u00edcias em Destaque\",\"url\":\"https:\/\/noticiasemdestaque.com\/cd\/\",\"logo\":{\"@type\":\"ImageObject\",\"inLanguage\":\"pt-BR\",\"@id\":\"https:\/\/noticiasemdestaque.com\/cd\/#\/schema\/logo\/image\/\",\"url\":\"https:\/\/noticiasemdestaque.com\/cd\/wp-content\/uploads\/2022\/05\/imagem-base-noticiasemdestaque.png\",\"contentUrl\":\"https:\/\/noticiasemdestaque.com\/cd\/wp-content\/uploads\/2022\/05\/imagem-base-noticiasemdestaque.png\",\"width\":1200,\"height\":630,\"caption\":\"Not\u00edcias em Destaque\"},\"image\":{\"@id\":\"https:\/\/noticiasemdestaque.com\/cd\/#\/schema\/logo\/image\/\"}},{\"@type\":\"Person\",\"@id\":\"https:\/\/noticiasemdestaque.com\/cd\/#\/schema\/person\/47f7d4f55eec17c6b2ca036c5500f6ce\",\"name\":\"Not\u00edcias em Destaque\",\"url\":\"https:\/\/noticiasemdestaque.com\/cd\/?author=2\"}]}<\/script>\n<!-- \/ Yoast SEO plugin. -->","yoast_head_json":{"title":"Fran\u00e7a e Marrocos se enfrentam por vaga na final da Copa contra a Argentina - Not&iacute;cias em Destaque","robots":{"index":"index","follow":"follow","max-snippet":"max-snippet:-1","max-image-preview":"max-image-preview:large","max-video-preview":"max-video-preview:-1"},"canonical":"https:\/\/noticiasemdestaque.com\/cd\/?p=44697","og_locale":"pt_BR","og_type":"article","og_title":"Fran\u00e7a e Marrocos se enfrentam por vaga na final da Copa contra a Argentina - Not&iacute;cias em Destaque","og_description":"Fran\u00e7a e Marrocos duelam nesta quarta-feira, \u00e0s 16h (de Bras\u00edlia), no est\u00e1dio Al Bayt, pelas semifinais da Copa do Mundo. O jogo vale vaga na grande decis\u00e3o do Mundial contra a Argentina, que ser\u00e1 disputada no pr\u00f3ximo domingo (18). Os franceses estiveram presentes seis vezes nas semifinais do Mundial, com tr\u00eas classifica\u00e7\u00f5es e tr\u00eas elimina\u00e7\u00f5es. Passaram de fase em 1998 (Cro\u00e1cia), 2006 (Portugal) e 2018 (B\u00e9lgica), mas ca\u00edram nas primeiras tr\u00eas vezes em que chegaram \u00e0 atual fase: 1958 (Brasil), 1982 (Alemanha Ocidental) e 1986 (Alemanha Ocidental). A equipe comandada por Didier Deschamps busca ser o primeiro pa\u00eds a chegar em duas finais consecutivas de Copa do Mundo desde o Brasil, em 1994 e 1998 (decidiria o t\u00edtulo tamb\u00e9m em 2002). Atuais campe\u00f5es do torneio, os &#8220;Les Bleus&#8221; chegam embalados para a partida, ap\u00f3s derrotarem a Inglaterra, rival hist\u00f3rico e principal desafio at\u00e9 aqui no Mundial, por 2 a 1 em jogo emocionante nas quartas de final. Marrocos, por sua vez, j\u00e1 est\u00e1 eternizada como a \u00fanica sele\u00e7\u00e3o africana a chegar em uma semifinal de Copa do Mundo, mas tem ambi\u00e7\u00f5es ainda maiores. O duelo pode servir para continuar a escrever uma hist\u00f3ria para l\u00e1 de especial no Catar e levar um pa\u00eds africano ainda mais longe no Mundial. En-Nesyri, de Marrocos, comemora gol marcado diante de Portugal ao lado de Achraf Hakimi \u2014 Foto: REUTERS\/Carl Recine A confian\u00e7a da equipe comandada por Walid Regragui n\u00e3o poderia estar maior. Os marroquinos desbancaram Portugal, um dos favoritos ao t\u00edtulo, nas quartas de final, com vit\u00f3ria por 1 a 0, e v\u00eam em grande crescente na Copa do Mundo. At\u00e9 o momento, Marrocos sofreu apenas um gol, ainda na fase de grupos, na vit\u00f3ria por 2 a 1 sobre o Canad\u00e1. A sele\u00e7\u00e3o passou em primeiro lugar de um grupo que ainda tinha Cro\u00e1cia e B\u00e9lgica e tamb\u00e9m eliminou Espanha, nas oitavas de final. Escala\u00e7\u00f5es prov\u00e1veis Treino da Fran\u00e7a antes da semifinal contra Marrocos \u2014 Foto: FRANCK FIFE \/ AFP Fran\u00e7a &#8211; T\u00e9cnico: Didier Deschamps A Fran\u00e7a sofreu com algumas aus\u00eancias durante a prepara\u00e7\u00e3o para a semifinal. Upamecano desfalcou dois treinamentos consecutivos por conta de uma dor de garganta e ainda h\u00e1 d\u00favidas sobre a presen\u00e7a do defensor no duelo. Caso n\u00e3o esteja em condi\u00e7\u00f5es, Konat\u00e9 assumiria a vaga na zaga. Rabiot, que treinou na segunda, tamb\u00e9m apresentou sintomas gripais nesta ter\u00e7a-feira. O volante Tchouam\u00e9ni, que se recuperava de uma pancada na coxa sofrida contra a Inglaterra e tamb\u00e9m foi n\u00e3o participou da atividade de segunda-feira, voltou aos trabalhos normalmente na ter\u00e7a. Apesar das aus\u00eancias, a expectativa \u00e9 que ambos estejam presentes na partida. Prov\u00e1vel time: Lloris, Kound\u00e9, Varane, Upamecano e Theo Hernandez; Tchouameni, Rabiot e Griezmann; Dembel\u00e9, Mbapp\u00e9 e Giroud Prov\u00e1vel escala\u00e7\u00e3o da Fran\u00e7a contra Marrocos \u2014 Foto: Infoesporte Marrocos &#8211; T\u00e9cnico: Walid Regragui Treino de Marrocos antes de semifinal da Copa do Mundo contra a Fran\u00e7a \u2014 Foto: KARIM JAAFAR \/ AFP Assim como nos \u00faltimos jogos, o t\u00e9cnico Walid Regragui tem problemas para montar a sua equipe por conta de les\u00f5es. Principalmente no setor defensivo. O zagueiro Nayef Aguerd, titular nas primeiras quatro partidas, mas que se lesionou no jogo das oitavas contra a Espanha deve permanecer de fora. J\u00e1 o zagueiro e capit\u00e3o Romain Sa\u00efss, que deixou a partida contra Portugal pela quartas de final na maca ainda \u00e9 d\u00favida. Por\u00e9m, do meio para frente, os Le\u00f5es de Atlas n\u00e3o devem ter problema, repetindo os jogaodres que v\u00eam fazendo sucesso nesse mundial: Amrabat, Ounahi, Amallah e Ziyech; En-Nesyri e Boufal. Prov\u00e1vel forma\u00e7\u00e3o: Bono, Hakimi, El Yamiq, Saiss (Dari) e Attiat-Allah; Amrabat, Ounahi, Amallah e Ziyech; En-Nesyri e Boufal. Prov\u00e1vel escala\u00e7\u00e3o de Marrocos para jogo contra a Fran\u00e7a \u2014 Foto: Arte ge \u00c1rbitro: C\u00e9sar Ramos (MEX) Assistente 1: Alberto Mor\u00edn (MEX) Assistente 2: Miguel Hern\u00e1ndez (MEX) Quarto \u00e1rbitro: Jes\u00fas Valenzuela (VEN) Est\u00e1dio: Al Bayt, em Al Khor &nbsp; Noticias em Destaque Fonte: Globo Esporte","og_url":"https:\/\/noticiasemdestaque.com\/cd\/?p=44697","og_site_name":"Not&iacute;cias em Destaque","article_published_time":"2022-12-14T10:08:42+00:00","og_image":[{"width":876,"height":585,"url":"https:\/\/noticiasemdestaque.com\/cd\/wp-content\/uploads\/2022\/12\/2022-12-10t212650z-1173485151-up1eica1lx8fl-rtrmadp-3-soccer-worldcup-eng-fra-report.jpg","type":"image\/jpeg"}],"author":"Not\u00edcias em Destaque","twitter_card":"summary_large_image","twitter_misc":{"Escrito por":"Not\u00edcias em Destaque","Est. tempo de leitura":"5 minutos"},"schema":{"@context":"https:\/\/schema.org","@graph":[{"@type":"Article","@id":"https:\/\/noticiasemdestaque.com\/cd\/?p=44697#article","isPartOf":{"@id":"https:\/\/noticiasemdestaque.com\/cd\/?p=44697"},"author":{"name":"Not\u00edcias em Destaque","@id":"https:\/\/noticiasemdestaque.com\/cd\/#\/schema\/person\/47f7d4f55eec17c6b2ca036c5500f6ce"},"headline":"Fran\u00e7a e Marrocos se enfrentam por vaga na final da Copa contra a Argentina","datePublished":"2022-12-14T10:08:42+00:00","mainEntityOfPage":{"@id":"https:\/\/noticiasemdestaque.com\/cd\/?p=44697"},"wordCount":710,"publisher":{"@id":"https:\/\/noticiasemdestaque.com\/cd\/#organization"},"image":{"@id":"https:\/\/noticiasemdestaque.com\/cd\/?p=44697#primaryimage"},"thumbnailUrl":"https:\/\/noticiasemdestaque.com\/cd\/wp-content\/uploads\/2022\/12\/2022-12-10t212650z-1173485151-up1eica1lx8fl-rtrmadp-3-soccer-worldcup-eng-fra-report.jpg","articleSection":["Esporte"],"inLanguage":"pt-BR"},{"@type":"WebPage","@id":"https:\/\/noticiasemdestaque.com\/cd\/?p=44697","url":"https:\/\/noticiasemdestaque.com\/cd\/?p=44697","name":"Fran\u00e7a e Marrocos se enfrentam por vaga na final da Copa contra a Argentina - Not&iacute;cias em Destaque","isPartOf":{"@id":"https:\/\/noticiasemdestaque.com\/cd\/#website"},"primaryImageOfPage":{"@id":"https:\/\/noticiasemdestaque.com\/cd\/?p=44697#primaryimage"},"image":{"@id":"https:\/\/noticiasemdestaque.com\/cd\/?p=44697#primaryimage"},"thumbnailUrl":"https:\/\/noticiasemdestaque.com\/cd\/wp-content\/uploads\/2022\/12\/2022-12-10t212650z-1173485151-up1eica1lx8fl-rtrmadp-3-soccer-worldcup-eng-fra-report.jpg","datePublished":"2022-12-14T10:08:42+00:00","breadcrumb":{"@id":"https:\/\/noticiasemdestaque.com\/cd\/?p=44697#breadcrumb"},"inLanguage":"pt-BR","potentialAction":[{"@type":"ReadAction","target":["https:\/\/noticiasemdestaque.com\/cd\/?p=44697"]}]},{"@type":"ImageObject","inLanguage":"pt-BR","@id":"https:\/\/noticiasemdestaque.com\/cd\/?p=44697#primaryimage","url":"https:\/\/noticiasemdestaque.com\/cd\/wp-content\/uploads\/2022\/12\/2022-12-10t212650z-1173485151-up1eica1lx8fl-rtrmadp-3-soccer-worldcup-eng-fra-report.jpg","contentUrl":"https:\/\/noticiasemdestaque.com\/cd\/wp-content\/uploads\/2022\/12\/2022-12-10t212650z-1173485151-up1eica1lx8fl-rtrmadp-3-soccer-worldcup-eng-fra-report.jpg","width":876,"height":585},{"@type":"BreadcrumbList","@id":"https:\/\/noticiasemdestaque.com\/cd\/?p=44697#breadcrumb","itemListElement":[{"@type":"ListItem","position":1,"name":"In\u00edcio","item":"https:\/\/noticiasemdestaque.com\/cd\/"},{"@type":"ListItem","position":2,"name":"Fran\u00e7a e Marrocos se enfrentam por vaga na final da Copa contra a Argentina"}]},{"@type":"WebSite","@id":"https:\/\/noticiasemdestaque.com\/cd\/#website","url":"https:\/\/noticiasemdestaque.com\/cd\/","name":"Not&iacute;cias em Destaque","description":"","publisher":{"@id":"https:\/\/noticiasemdestaque.com\/cd\/#organization"},"potentialAction":[{"@type":"SearchAction","target":{"@type":"EntryPoint","urlTemplate":"https:\/\/noticiasemdestaque.com\/cd\/?s={search_term_string}"},"query-input":{"@type":"PropertyValueSpecification","valueRequired":true,"valueName":"search_term_string"}}],"inLanguage":"pt-BR"},{"@type":"Organization","@id":"https:\/\/noticiasemdestaque.com\/cd\/#organization","name":"Not\u00edcias em Destaque","url":"https:\/\/noticiasemdestaque.com\/cd\/","logo":{"@type":"ImageObject","inLanguage":"pt-BR","@id":"https:\/\/noticiasemdestaque.com\/cd\/#\/schema\/logo\/image\/","url":"https:\/\/noticiasemdestaque.com\/cd\/wp-content\/uploads\/2022\/05\/imagem-base-noticiasemdestaque.png","contentUrl":"https:\/\/noticiasemdestaque.com\/cd\/wp-content\/uploads\/2022\/05\/imagem-base-noticiasemdestaque.png","width":1200,"height":630,"caption":"Not\u00edcias em Destaque"},"image":{"@id":"https:\/\/noticiasemdestaque.com\/cd\/#\/schema\/logo\/image\/"}},{"@type":"Person","@id":"https:\/\/noticiasemdestaque.com\/cd\/#\/schema\/person\/47f7d4f55eec17c6b2ca036c5500f6ce","name":"Not\u00edcias em Destaque","url":"https:\/\/noticiasemdestaque.com\/cd\/?author=2"}]}},"jetpack_featured_media_url":"https:\/\/noticiasemdestaque.com\/cd\/wp-content\/uploads\/2022\/12\/2022-12-10t212650z-1173485151-up1eica1lx8fl-rtrmadp-3-soccer-worldcup-eng-fra-report.jpg","jetpack_sharing_enabled":true,"_links":{"self":[{"href":"https:\/\/noticiasemdestaque.com\/cd\/index.php?rest_route=\/wp\/v2\/posts\/44697","targetHints":{"allow":["GET"]}}],"collection":[{"href":"https:\/\/noticiasemdestaque.com\/cd\/index.php?rest_route=\/wp\/v2\/posts"}],"about":[{"href":"https:\/\/noticiasemdestaque.com\/cd\/index.php?rest_route=\/wp\/v2\/types\/post"}],"author":[{"embeddable":true,"href":"https:\/\/noticiasemdestaque.com\/cd\/index.php?rest_route=\/wp\/v2\/users\/2"}],"replies":[{"embeddable":true,"href":"https:\/\/noticiasemdestaque.com\/cd\/index.php?rest_route=%2Fwp%2Fv2%2Fcomments&post=44697"}],"version-history":[{"count":1,"href":"https:\/\/noticiasemdestaque.com\/cd\/index.php?rest_route=\/wp\/v2\/posts\/44697\/revisions"}],"predecessor-version":[{"id":44699,"href":"https:\/\/noticiasemdestaque.com\/cd\/index.php?rest_route=\/wp\/v2\/posts\/44697\/revisions\/44699"}],"wp:featuredmedia":[{"embeddable":true,"href":"https:\/\/noticiasemdestaque.com\/cd\/index.php?rest_route=\/wp\/v2\/media\/44698"}],"wp:attachment":[{"href":"https:\/\/noticiasemdestaque.com\/cd\/index.php?rest_route=%2Fwp%2Fv2%2Fmedia&parent=44697"}],"wp:term":[{"taxonomy":"category","embeddable":true,"href":"https:\/\/noticiasemdestaque.com\/cd\/index.php?rest_route=%2Fwp%2Fv2%2Fcategories&post=44697"},{"taxonomy":"post_tag","embeddable":true,"href":"https:\/\/noticiasemdestaque.com\/cd\/index.php?rest_route=%2Fwp%2Fv2%2Ftags&post=44697"}],"curies":[{"name":"wp","href":"https:\/\/api.w.org\/{rel}","templated":true}]}}