{"id":44693,"date":"2022-12-13T20:08:01","date_gmt":"2022-12-13T23:08:01","guid":{"rendered":"https:\/\/noticiasemdestaque.com\/cd\/?p=44693"},"modified":"2022-12-13T20:12:01","modified_gmt":"2022-12-13T23:12:01","slug":"amparo-vereador-duda-barnabe-solicita-revisao-e-manutencao-dos-tratores-e-arados-do-municipio","status":"publish","type":"post","link":"https:\/\/noticiasemdestaque.com\/cd\/?p=44693","title":{"rendered":"AMPARO: Vereador Duda Barnab\u00e9 solicita revis\u00e3o e manuten\u00e7\u00e3o dos tratores e arados do munic\u00edpio"},"content":{"rendered":"<p><a href=\"https:\/\/noticiasemdestaque.com\/cd\/wp-content\/uploads\/2022\/12\/DSC_0381.jpg\"><img fetchpriority=\"high\" decoding=\"async\" class=\"size-medium wp-image-44694 aligncenter\" src=\"https:\/\/noticiasemdestaque.com\/cd\/wp-content\/uploads\/2022\/12\/DSC_0381-300x199.jpg\" alt=\"\" width=\"300\" height=\"199\" srcset=\"https:\/\/noticiasemdestaque.com\/cd\/wp-content\/uploads\/2022\/12\/DSC_0381-300x199.jpg 300w, https:\/\/noticiasemdestaque.com\/cd\/wp-content\/uploads\/2022\/12\/DSC_0381-18x12.jpg 18w, https:\/\/noticiasemdestaque.com\/cd\/wp-content\/uploads\/2022\/12\/DSC_0381.jpg 640w\" sizes=\"(max-width: 300px) 100vw, 300px\" \/><\/a><\/p>\n<p>Na \u00faltimo sess\u00e3o da C\u00e2mara de Vereadores de Amparo, o vereador e presidente do Legislativo do munic\u00edpio, Duda Barnab\u00e9, apresentou uma indica\u00e7\u00e3o solicitando ao Poder Executivo Municipal, para a manuten\u00e7\u00e3o e revis\u00e3o de tratores e arados do munic\u00edpio.<\/p>\n<p><strong>JUSTIFICATIVA:<\/strong>\u00a0Tendo em vista o per\u00edodo chuvoso que se aproxima no munic\u00edpio, o ideal \u00e9 que os arados e tratores estejam em bom estado para atender as demandas dos agricultores o mais r\u00e1pido poss\u00edvel, para que o produtor rural n\u00e3o perca o per\u00edodo do plantio.<\/p>\n<p><em><strong>Not\u00edcias em Destaque<\/strong><\/em><\/p>\n<p>Com Amparo Ligado<\/p>\n","protected":false},"excerpt":{"rendered":"<p>Na \u00faltimo sess\u00e3o da C\u00e2mara de Vereadores de Amparo, o vereador e presidente do Legislativo do munic\u00edpio, Duda Barnab\u00e9, apresentou uma indica\u00e7\u00e3o solicitando ao Poder Executivo Municipal, para a manuten\u00e7\u00e3o e revis\u00e3o de tratores e arados do munic\u00edpio. JUSTIFICATIVA:\u00a0Tendo em vista o per\u00edodo chuvoso que se aproxima no munic\u00edpio, o ideal \u00e9 que os arados e tratores estejam em bom estado para atender as demandas dos agricultores o mais r\u00e1pido poss\u00edvel, para que o produtor rural n\u00e3o perca o per\u00edodo do plantio. Not\u00edcias em Destaque Com Amparo Ligado<\/p>\n","protected":false},"author":2,"featured_media":44694,"comment_status":"closed","ping_status":"open","sticky":false,"template":"","format":"standard","meta":{"_eb_attr":"","_jetpack_memberships_contains_paid_content":false,"footnotes":""},"categories":[3],"tags":[],"class_list":["post-44693","post","type-post","status-publish","format-standard","has-post-thumbnail","hentry","category-cidades"],"yoast_head":"<!-- This site is optimized with the Yoast SEO plugin v26.5 - https:\/\/yoast.com\/wordpress\/plugins\/seo\/ -->\n<title>AMPARO: Vereador Duda Barnab\u00e9 solicita revis\u00e3o e manuten\u00e7\u00e3o dos tratores e arados do munic\u00edpio - Not&iacute;cias em Destaque<\/title>\n<meta name=\"robots\" content=\"index, follow, max-snippet:-1, max-image-preview:large, max-video-preview:-1\" \/>\n<link rel=\"canonical\" href=\"https:\/\/noticiasemdestaque.com\/cd\/?p=44693\" \/>\n<meta property=\"og:locale\" content=\"pt_BR\" \/>\n<meta property=\"og:type\" content=\"article\" \/>\n<meta property=\"og:title\" content=\"AMPARO: Vereador Duda Barnab\u00e9 solicita revis\u00e3o e manuten\u00e7\u00e3o dos tratores e arados do munic\u00edpio - Not&iacute;cias em Destaque\" \/>\n<meta property=\"og:description\" content=\"Na \u00faltimo sess\u00e3o da C\u00e2mara de Vereadores de Amparo, o vereador e presidente do Legislativo do munic\u00edpio, Duda Barnab\u00e9, apresentou uma indica\u00e7\u00e3o solicitando ao Poder Executivo Municipal, para a manuten\u00e7\u00e3o e revis\u00e3o de tratores e arados do munic\u00edpio. JUSTIFICATIVA:\u00a0Tendo em vista o per\u00edodo chuvoso que se aproxima no munic\u00edpio, o ideal \u00e9 que os arados e tratores estejam em bom estado para atender as demandas dos agricultores o mais r\u00e1pido poss\u00edvel, para que o produtor rural n\u00e3o perca o per\u00edodo do plantio. Not\u00edcias em Destaque Com Amparo Ligado\" \/>\n<meta property=\"og:url\" content=\"https:\/\/noticiasemdestaque.com\/cd\/?p=44693\" \/>\n<meta property=\"og:site_name\" content=\"Not&iacute;cias em Destaque\" \/>\n<meta property=\"article:published_time\" content=\"2022-12-13T23:08:01+00:00\" \/>\n<meta property=\"article:modified_time\" content=\"2022-12-13T23:12:01+00:00\" \/>\n<meta property=\"og:image\" content=\"https:\/\/noticiasemdestaque.com\/cd\/wp-content\/uploads\/2022\/12\/DSC_0381.jpg\" \/>\n\t<meta property=\"og:image:width\" content=\"640\" \/>\n\t<meta property=\"og:image:height\" content=\"424\" \/>\n\t<meta property=\"og:image:type\" content=\"image\/jpeg\" \/>\n<meta name=\"author\" content=\"Not\u00edcias em Destaque\" \/>\n<meta name=\"twitter:card\" content=\"summary_large_image\" \/>\n<meta name=\"twitter:label1\" content=\"Escrito por\" \/>\n\t<meta name=\"twitter:data1\" content=\"Not\u00edcias em Destaque\" \/>\n\t<meta name=\"twitter:label2\" content=\"Est. tempo de leitura\" \/>\n\t<meta name=\"twitter:data2\" content=\"1 minuto\" \/>\n<script type=\"application\/ld+json\" class=\"yoast-schema-graph\">{\"@context\":\"https:\/\/schema.org\",\"@graph\":[{\"@type\":\"Article\",\"@id\":\"https:\/\/noticiasemdestaque.com\/cd\/?p=44693#article\",\"isPartOf\":{\"@id\":\"https:\/\/noticiasemdestaque.com\/cd\/?p=44693\"},\"author\":{\"name\":\"Not\u00edcias em Destaque\",\"@id\":\"https:\/\/noticiasemdestaque.com\/cd\/#\/schema\/person\/47f7d4f55eec17c6b2ca036c5500f6ce\"},\"headline\":\"AMPARO: Vereador Duda Barnab\u00e9 solicita revis\u00e3o e manuten\u00e7\u00e3o dos tratores e arados do munic\u00edpio\",\"datePublished\":\"2022-12-13T23:08:01+00:00\",\"dateModified\":\"2022-12-13T23:12:01+00:00\",\"mainEntityOfPage\":{\"@id\":\"https:\/\/noticiasemdestaque.com\/cd\/?p=44693\"},\"wordCount\":119,\"publisher\":{\"@id\":\"https:\/\/noticiasemdestaque.com\/cd\/#organization\"},\"image\":{\"@id\":\"https:\/\/noticiasemdestaque.com\/cd\/?p=44693#primaryimage\"},\"thumbnailUrl\":\"https:\/\/noticiasemdestaque.com\/cd\/wp-content\/uploads\/2022\/12\/DSC_0381.jpg\",\"articleSection\":[\"Cidades\"],\"inLanguage\":\"pt-BR\"},{\"@type\":\"WebPage\",\"@id\":\"https:\/\/noticiasemdestaque.com\/cd\/?p=44693\",\"url\":\"https:\/\/noticiasemdestaque.com\/cd\/?p=44693\",\"name\":\"AMPARO: Vereador Duda Barnab\u00e9 solicita revis\u00e3o e manuten\u00e7\u00e3o dos tratores e arados do munic\u00edpio - Not&iacute;cias em Destaque\",\"isPartOf\":{\"@id\":\"https:\/\/noticiasemdestaque.com\/cd\/#website\"},\"primaryImageOfPage\":{\"@id\":\"https:\/\/noticiasemdestaque.com\/cd\/?p=44693#primaryimage\"},\"image\":{\"@id\":\"https:\/\/noticiasemdestaque.com\/cd\/?p=44693#primaryimage\"},\"thumbnailUrl\":\"https:\/\/noticiasemdestaque.com\/cd\/wp-content\/uploads\/2022\/12\/DSC_0381.jpg\",\"datePublished\":\"2022-12-13T23:08:01+00:00\",\"dateModified\":\"2022-12-13T23:12:01+00:00\",\"breadcrumb\":{\"@id\":\"https:\/\/noticiasemdestaque.com\/cd\/?p=44693#breadcrumb\"},\"inLanguage\":\"pt-BR\",\"potentialAction\":[{\"@type\":\"ReadAction\",\"target\":[\"https:\/\/noticiasemdestaque.com\/cd\/?p=44693\"]}]},{\"@type\":\"ImageObject\",\"inLanguage\":\"pt-BR\",\"@id\":\"https:\/\/noticiasemdestaque.com\/cd\/?p=44693#primaryimage\",\"url\":\"https:\/\/noticiasemdestaque.com\/cd\/wp-content\/uploads\/2022\/12\/DSC_0381.jpg\",\"contentUrl\":\"https:\/\/noticiasemdestaque.com\/cd\/wp-content\/uploads\/2022\/12\/DSC_0381.jpg\",\"width\":640,\"height\":424},{\"@type\":\"BreadcrumbList\",\"@id\":\"https:\/\/noticiasemdestaque.com\/cd\/?p=44693#breadcrumb\",\"itemListElement\":[{\"@type\":\"ListItem\",\"position\":1,\"name\":\"In\u00edcio\",\"item\":\"https:\/\/noticiasemdestaque.com\/cd\/\"},{\"@type\":\"ListItem\",\"position\":2,\"name\":\"AMPARO: Vereador Duda Barnab\u00e9 solicita revis\u00e3o e manuten\u00e7\u00e3o dos tratores e arados do munic\u00edpio\"}]},{\"@type\":\"WebSite\",\"@id\":\"https:\/\/noticiasemdestaque.com\/cd\/#website\",\"url\":\"https:\/\/noticiasemdestaque.com\/cd\/\",\"name\":\"Not&iacute;cias em Destaque\",\"description\":\"\",\"publisher\":{\"@id\":\"https:\/\/noticiasemdestaque.com\/cd\/#organization\"},\"potentialAction\":[{\"@type\":\"SearchAction\",\"target\":{\"@type\":\"EntryPoint\",\"urlTemplate\":\"https:\/\/noticiasemdestaque.com\/cd\/?s={search_term_string}\"},\"query-input\":{\"@type\":\"PropertyValueSpecification\",\"valueRequired\":true,\"valueName\":\"search_term_string\"}}],\"inLanguage\":\"pt-BR\"},{\"@type\":\"Organization\",\"@id\":\"https:\/\/noticiasemdestaque.com\/cd\/#organization\",\"name\":\"Not\u00edcias em Destaque\",\"url\":\"https:\/\/noticiasemdestaque.com\/cd\/\",\"logo\":{\"@type\":\"ImageObject\",\"inLanguage\":\"pt-BR\",\"@id\":\"https:\/\/noticiasemdestaque.com\/cd\/#\/schema\/logo\/image\/\",\"url\":\"https:\/\/noticiasemdestaque.com\/cd\/wp-content\/uploads\/2022\/05\/imagem-base-noticiasemdestaque.png\",\"contentUrl\":\"https:\/\/noticiasemdestaque.com\/cd\/wp-content\/uploads\/2022\/05\/imagem-base-noticiasemdestaque.png\",\"width\":1200,\"height\":630,\"caption\":\"Not\u00edcias em Destaque\"},\"image\":{\"@id\":\"https:\/\/noticiasemdestaque.com\/cd\/#\/schema\/logo\/image\/\"}},{\"@type\":\"Person\",\"@id\":\"https:\/\/noticiasemdestaque.com\/cd\/#\/schema\/person\/47f7d4f55eec17c6b2ca036c5500f6ce\",\"name\":\"Not\u00edcias em Destaque\",\"url\":\"https:\/\/noticiasemdestaque.com\/cd\/?author=2\"}]}<\/script>\n<!-- \/ Yoast SEO plugin. -->","yoast_head_json":{"title":"AMPARO: Vereador Duda Barnab\u00e9 solicita revis\u00e3o e manuten\u00e7\u00e3o dos tratores e arados do munic\u00edpio - Not&iacute;cias em Destaque","robots":{"index":"index","follow":"follow","max-snippet":"max-snippet:-1","max-image-preview":"max-image-preview:large","max-video-preview":"max-video-preview:-1"},"canonical":"https:\/\/noticiasemdestaque.com\/cd\/?p=44693","og_locale":"pt_BR","og_type":"article","og_title":"AMPARO: Vereador Duda Barnab\u00e9 solicita revis\u00e3o e manuten\u00e7\u00e3o dos tratores e arados do munic\u00edpio - Not&iacute;cias em Destaque","og_description":"Na \u00faltimo sess\u00e3o da C\u00e2mara de Vereadores de Amparo, o vereador e presidente do Legislativo do munic\u00edpio, Duda Barnab\u00e9, apresentou uma indica\u00e7\u00e3o solicitando ao Poder Executivo Municipal, para a manuten\u00e7\u00e3o e revis\u00e3o de tratores e arados do munic\u00edpio. JUSTIFICATIVA:\u00a0Tendo em vista o per\u00edodo chuvoso que se aproxima no munic\u00edpio, o ideal \u00e9 que os arados e tratores estejam em bom estado para atender as demandas dos agricultores o mais r\u00e1pido poss\u00edvel, para que o produtor rural n\u00e3o perca o per\u00edodo do plantio. Not\u00edcias em Destaque Com Amparo Ligado","og_url":"https:\/\/noticiasemdestaque.com\/cd\/?p=44693","og_site_name":"Not&iacute;cias em Destaque","article_published_time":"2022-12-13T23:08:01+00:00","article_modified_time":"2022-12-13T23:12:01+00:00","og_image":[{"width":640,"height":424,"url":"https:\/\/noticiasemdestaque.com\/cd\/wp-content\/uploads\/2022\/12\/DSC_0381.jpg","type":"image\/jpeg"}],"author":"Not\u00edcias em Destaque","twitter_card":"summary_large_image","twitter_misc":{"Escrito por":"Not\u00edcias em Destaque","Est. tempo de leitura":"1 minuto"},"schema":{"@context":"https:\/\/schema.org","@graph":[{"@type":"Article","@id":"https:\/\/noticiasemdestaque.com\/cd\/?p=44693#article","isPartOf":{"@id":"https:\/\/noticiasemdestaque.com\/cd\/?p=44693"},"author":{"name":"Not\u00edcias em Destaque","@id":"https:\/\/noticiasemdestaque.com\/cd\/#\/schema\/person\/47f7d4f55eec17c6b2ca036c5500f6ce"},"headline":"AMPARO: Vereador Duda Barnab\u00e9 solicita revis\u00e3o e manuten\u00e7\u00e3o dos tratores e arados do munic\u00edpio","datePublished":"2022-12-13T23:08:01+00:00","dateModified":"2022-12-13T23:12:01+00:00","mainEntityOfPage":{"@id":"https:\/\/noticiasemdestaque.com\/cd\/?p=44693"},"wordCount":119,"publisher":{"@id":"https:\/\/noticiasemdestaque.com\/cd\/#organization"},"image":{"@id":"https:\/\/noticiasemdestaque.com\/cd\/?p=44693#primaryimage"},"thumbnailUrl":"https:\/\/noticiasemdestaque.com\/cd\/wp-content\/uploads\/2022\/12\/DSC_0381.jpg","articleSection":["Cidades"],"inLanguage":"pt-BR"},{"@type":"WebPage","@id":"https:\/\/noticiasemdestaque.com\/cd\/?p=44693","url":"https:\/\/noticiasemdestaque.com\/cd\/?p=44693","name":"AMPARO: Vereador Duda Barnab\u00e9 solicita revis\u00e3o e manuten\u00e7\u00e3o dos tratores e arados do munic\u00edpio - Not&iacute;cias em Destaque","isPartOf":{"@id":"https:\/\/noticiasemdestaque.com\/cd\/#website"},"primaryImageOfPage":{"@id":"https:\/\/noticiasemdestaque.com\/cd\/?p=44693#primaryimage"},"image":{"@id":"https:\/\/noticiasemdestaque.com\/cd\/?p=44693#primaryimage"},"thumbnailUrl":"https:\/\/noticiasemdestaque.com\/cd\/wp-content\/uploads\/2022\/12\/DSC_0381.jpg","datePublished":"2022-12-13T23:08:01+00:00","dateModified":"2022-12-13T23:12:01+00:00","breadcrumb":{"@id":"https:\/\/noticiasemdestaque.com\/cd\/?p=44693#breadcrumb"},"inLanguage":"pt-BR","potentialAction":[{"@type":"ReadAction","target":["https:\/\/noticiasemdestaque.com\/cd\/?p=44693"]}]},{"@type":"ImageObject","inLanguage":"pt-BR","@id":"https:\/\/noticiasemdestaque.com\/cd\/?p=44693#primaryimage","url":"https:\/\/noticiasemdestaque.com\/cd\/wp-content\/uploads\/2022\/12\/DSC_0381.jpg","contentUrl":"https:\/\/noticiasemdestaque.com\/cd\/wp-content\/uploads\/2022\/12\/DSC_0381.jpg","width":640,"height":424},{"@type":"BreadcrumbList","@id":"https:\/\/noticiasemdestaque.com\/cd\/?p=44693#breadcrumb","itemListElement":[{"@type":"ListItem","position":1,"name":"In\u00edcio","item":"https:\/\/noticiasemdestaque.com\/cd\/"},{"@type":"ListItem","position":2,"name":"AMPARO: Vereador Duda Barnab\u00e9 solicita revis\u00e3o e manuten\u00e7\u00e3o dos tratores e arados do munic\u00edpio"}]},{"@type":"WebSite","@id":"https:\/\/noticiasemdestaque.com\/cd\/#website","url":"https:\/\/noticiasemdestaque.com\/cd\/","name":"Not&iacute;cias em Destaque","description":"","publisher":{"@id":"https:\/\/noticiasemdestaque.com\/cd\/#organization"},"potentialAction":[{"@type":"SearchAction","target":{"@type":"EntryPoint","urlTemplate":"https:\/\/noticiasemdestaque.com\/cd\/?s={search_term_string}"},"query-input":{"@type":"PropertyValueSpecification","valueRequired":true,"valueName":"search_term_string"}}],"inLanguage":"pt-BR"},{"@type":"Organization","@id":"https:\/\/noticiasemdestaque.com\/cd\/#organization","name":"Not\u00edcias em Destaque","url":"https:\/\/noticiasemdestaque.com\/cd\/","logo":{"@type":"ImageObject","inLanguage":"pt-BR","@id":"https:\/\/noticiasemdestaque.com\/cd\/#\/schema\/logo\/image\/","url":"https:\/\/noticiasemdestaque.com\/cd\/wp-content\/uploads\/2022\/05\/imagem-base-noticiasemdestaque.png","contentUrl":"https:\/\/noticiasemdestaque.com\/cd\/wp-content\/uploads\/2022\/05\/imagem-base-noticiasemdestaque.png","width":1200,"height":630,"caption":"Not\u00edcias em Destaque"},"image":{"@id":"https:\/\/noticiasemdestaque.com\/cd\/#\/schema\/logo\/image\/"}},{"@type":"Person","@id":"https:\/\/noticiasemdestaque.com\/cd\/#\/schema\/person\/47f7d4f55eec17c6b2ca036c5500f6ce","name":"Not\u00edcias em Destaque","url":"https:\/\/noticiasemdestaque.com\/cd\/?author=2"}]}},"jetpack_featured_media_url":"https:\/\/noticiasemdestaque.com\/cd\/wp-content\/uploads\/2022\/12\/DSC_0381.jpg","jetpack_sharing_enabled":true,"_links":{"self":[{"href":"https:\/\/noticiasemdestaque.com\/cd\/index.php?rest_route=\/wp\/v2\/posts\/44693","targetHints":{"allow":["GET"]}}],"collection":[{"href":"https:\/\/noticiasemdestaque.com\/cd\/index.php?rest_route=\/wp\/v2\/posts"}],"about":[{"href":"https:\/\/noticiasemdestaque.com\/cd\/index.php?rest_route=\/wp\/v2\/types\/post"}],"author":[{"embeddable":true,"href":"https:\/\/noticiasemdestaque.com\/cd\/index.php?rest_route=\/wp\/v2\/users\/2"}],"replies":[{"embeddable":true,"href":"https:\/\/noticiasemdestaque.com\/cd\/index.php?rest_route=%2Fwp%2Fv2%2Fcomments&post=44693"}],"version-history":[{"count":2,"href":"https:\/\/noticiasemdestaque.com\/cd\/index.php?rest_route=\/wp\/v2\/posts\/44693\/revisions"}],"predecessor-version":[{"id":44696,"href":"https:\/\/noticiasemdestaque.com\/cd\/index.php?rest_route=\/wp\/v2\/posts\/44693\/revisions\/44696"}],"wp:featuredmedia":[{"embeddable":true,"href":"https:\/\/noticiasemdestaque.com\/cd\/index.php?rest_route=\/wp\/v2\/media\/44694"}],"wp:attachment":[{"href":"https:\/\/noticiasemdestaque.com\/cd\/index.php?rest_route=%2Fwp%2Fv2%2Fmedia&parent=44693"}],"wp:term":[{"taxonomy":"category","embeddable":true,"href":"https:\/\/noticiasemdestaque.com\/cd\/index.php?rest_route=%2Fwp%2Fv2%2Fcategories&post=44693"},{"taxonomy":"post_tag","embeddable":true,"href":"https:\/\/noticiasemdestaque.com\/cd\/index.php?rest_route=%2Fwp%2Fv2%2Ftags&post=44693"}],"curies":[{"name":"wp","href":"https:\/\/api.w.org\/{rel}","templated":true}]}}