{"id":44690,"date":"2022-12-13T19:42:03","date_gmt":"2022-12-13T22:42:03","guid":{"rendered":"https:\/\/noticiasemdestaque.com\/cd\/?p=44690"},"modified":"2022-12-13T19:42:03","modified_gmt":"2022-12-13T22:42:03","slug":"covid-19-sume-registra-21-casos-positivos-nesta-terca-feira","status":"publish","type":"post","link":"https:\/\/noticiasemdestaque.com\/cd\/?p=44690","title":{"rendered":"COVID-19: Sum\u00e9 registra 21 casos positivos nesta ter\u00e7a-feira"},"content":{"rendered":"<p data-uw-styling-context=\"true\"><a href=\"https:\/\/noticiasemdestaque.com\/cd\/wp-content\/uploads\/2022\/12\/13.jpeg\"><img fetchpriority=\"high\" decoding=\"async\" class=\"size-medium wp-image-44691 aligncenter\" src=\"https:\/\/noticiasemdestaque.com\/cd\/wp-content\/uploads\/2022\/12\/13-300x300.jpeg\" alt=\"\" width=\"300\" height=\"300\" srcset=\"https:\/\/noticiasemdestaque.com\/cd\/wp-content\/uploads\/2022\/12\/13-300x300.jpeg 300w, https:\/\/noticiasemdestaque.com\/cd\/wp-content\/uploads\/2022\/12\/13-1022x1024.jpeg 1022w, https:\/\/noticiasemdestaque.com\/cd\/wp-content\/uploads\/2022\/12\/13-150x150.jpeg 150w, https:\/\/noticiasemdestaque.com\/cd\/wp-content\/uploads\/2022\/12\/13-768x769.jpeg 768w, https:\/\/noticiasemdestaque.com\/cd\/wp-content\/uploads\/2022\/12\/13-12x12.jpeg 12w, https:\/\/noticiasemdestaque.com\/cd\/wp-content\/uploads\/2022\/12\/13.jpeg 1198w\" sizes=\"(max-width: 300px) 100vw, 300px\" \/><\/a><\/p>\n<p data-uw-styling-context=\"true\">A Secretaria de Sa\u00fade de Sum\u00e9 registrou 21 casos positivos para coronav\u00edrus nesta ter\u00e7a-feira (13).<\/p>\n<table width=\"566\">\n<tbody>\n<tr>\n<td colspan=\"3\" width=\"189\"><strong>CASOS ATIVOS 2022<\/strong><\/td>\n<td width=\"254\"><strong>13\/12\/2022<\/strong><\/td>\n<td colspan=\"2\" width=\"122\">COMORBIDADE<\/td>\n<\/tr>\n<tr>\n<td width=\"43\">Ord.<\/td>\n<td width=\"63\">SEXO<\/td>\n<td width=\"83\">IDADE<\/td>\n<td width=\"254\">BAIRRO<\/td>\n<td width=\"66\">SIM<\/td>\n<td width=\"57\">N\u00c3O<\/td>\n<\/tr>\n<tr>\n<td width=\"43\">01<\/td>\n<td width=\"63\">M<\/td>\n<td width=\"83\">30<\/td>\n<td width=\"254\">CENTRO<\/td>\n<td width=\"66\"><strong>\u00a0<\/strong><\/td>\n<td width=\"57\"><strong>X<\/strong><\/td>\n<\/tr>\n<tr>\n<td width=\"43\">02<\/td>\n<td width=\"63\">F<\/td>\n<td width=\"83\">35<\/td>\n<td width=\"254\">CENTRO<\/td>\n<td width=\"66\"><strong>\u00a0<\/strong><\/td>\n<td width=\"57\"><strong>X<\/strong><\/td>\n<\/tr>\n<tr>\n<td width=\"43\">03<\/td>\n<td width=\"63\">M<\/td>\n<td width=\"83\">19<\/td>\n<td width=\"254\">CENTRO<\/td>\n<td width=\"66\"><strong>\u00a0<\/strong><\/td>\n<td width=\"57\"><strong>X<\/strong><\/td>\n<\/tr>\n<tr>\n<td width=\"43\">04<\/td>\n<td width=\"63\">M<\/td>\n<td width=\"83\">23<\/td>\n<td width=\"254\">ALTO ALEGRE<\/td>\n<td width=\"66\"><strong>\u00a0<\/strong><\/td>\n<td width=\"57\"><strong>X<\/strong><\/td>\n<\/tr>\n<tr>\n<td width=\"43\">05<\/td>\n<td width=\"63\">F<\/td>\n<td width=\"83\">49<\/td>\n<td width=\"254\">CONJUNTO<\/td>\n<td width=\"66\"><strong>\u00a0<\/strong><\/td>\n<td width=\"57\"><strong>X<\/strong><\/td>\n<\/tr>\n<tr>\n<td width=\"43\">06<\/td>\n<td width=\"63\">F<\/td>\n<td width=\"83\">47<\/td>\n<td width=\"254\">ALTO ALEGRE<\/td>\n<td width=\"66\"><strong>\u00a0<\/strong><\/td>\n<td width=\"57\"><strong>X<\/strong><\/td>\n<\/tr>\n<tr>\n<td width=\"43\">07<\/td>\n<td width=\"63\">F<\/td>\n<td width=\"83\">67<\/td>\n<td width=\"254\">ALTO ALEGRE<\/td>\n<td width=\"66\"><strong>X<\/strong><\/td>\n<td width=\"57\"><strong>\u00a0<\/strong><\/td>\n<\/tr>\n<tr>\n<td width=\"43\">08<\/td>\n<td width=\"63\">M<\/td>\n<td width=\"83\">71<\/td>\n<td width=\"254\">CONJUNTO<\/td>\n<td width=\"66\"><strong>X<\/strong><\/td>\n<td width=\"57\"><strong>\u00a0<\/strong><\/td>\n<\/tr>\n<tr>\n<td width=\"43\">09<\/td>\n<td width=\"63\">M<\/td>\n<td width=\"83\">80<\/td>\n<td width=\"254\">CONJUNTO<\/td>\n<td width=\"66\"><strong>X<\/strong><\/td>\n<td width=\"57\"><strong>\u00a0<\/strong><\/td>\n<\/tr>\n<tr>\n<td width=\"43\">10<\/td>\n<td width=\"63\">M<\/td>\n<td width=\"83\">48<\/td>\n<td width=\"254\">ALTO ALEGRE<\/td>\n<td width=\"66\"><strong>X<\/strong><\/td>\n<td width=\"57\"><strong>\u00a0<\/strong><\/td>\n<\/tr>\n<tr>\n<td width=\"43\">11<\/td>\n<td width=\"63\">F<\/td>\n<td width=\"83\">50<\/td>\n<td width=\"254\">ALTO ALEGRE<\/td>\n<td width=\"66\"><strong>\u00a0<\/strong><\/td>\n<td width=\"57\"><strong>X<\/strong><\/td>\n<\/tr>\n<tr>\n<td width=\"43\">12<\/td>\n<td width=\"63\">F<\/td>\n<td width=\"83\">28<\/td>\n<td width=\"254\">ALTO ALEGRE<\/td>\n<td width=\"66\"><strong>\u00a0<\/strong><\/td>\n<td width=\"57\"><strong>X<\/strong><\/td>\n<\/tr>\n<tr>\n<td width=\"43\">13<\/td>\n<td width=\"63\">F<\/td>\n<td width=\"83\">32<\/td>\n<td width=\"254\">CENTRO<\/td>\n<td width=\"66\"><strong>\u00a0<\/strong><\/td>\n<td width=\"57\"><strong>X<\/strong><\/td>\n<\/tr>\n<tr>\n<td width=\"43\">14<\/td>\n<td width=\"63\">F<\/td>\n<td width=\"83\">56<\/td>\n<td width=\"254\">CENTRO<\/td>\n<td width=\"66\"><strong>X<\/strong><\/td>\n<td width=\"57\"><strong>\u00a0<\/strong><\/td>\n<\/tr>\n<tr>\n<td width=\"43\">15<\/td>\n<td width=\"63\">M<\/td>\n<td width=\"83\">04 meses<\/td>\n<td width=\"254\">ALTO ALEGRE<\/td>\n<td width=\"66\"><strong>\u00a0<\/strong><\/td>\n<td width=\"57\"><strong>X<\/strong><\/td>\n<\/tr>\n<tr>\n<td width=\"43\">16<\/td>\n<td width=\"63\">F<\/td>\n<td width=\"83\">74<\/td>\n<td width=\"254\">V\u00c1RZEA REDONDA<\/td>\n<td width=\"66\"><strong>\u00a0<\/strong><\/td>\n<td width=\"57\"><strong>X<\/strong><\/td>\n<\/tr>\n<tr>\n<td width=\"43\">17<\/td>\n<td width=\"63\">F<\/td>\n<td width=\"83\">49<\/td>\n<td width=\"254\">RENASCER<\/td>\n<td width=\"66\"><strong>\u00a0<\/strong><\/td>\n<td width=\"57\"><strong>x<\/strong><\/td>\n<\/tr>\n<tr>\n<td width=\"43\">18<\/td>\n<td width=\"63\">M<\/td>\n<td width=\"83\">36<\/td>\n<td width=\"254\">RENASCER<\/td>\n<td width=\"66\"><strong>X<\/strong><\/td>\n<td width=\"57\"><strong>\u00a0<\/strong><\/td>\n<\/tr>\n<tr>\n<td width=\"43\">19<\/td>\n<td width=\"63\">M<\/td>\n<td width=\"83\">22<\/td>\n<td width=\"254\">ALTO ALEGRE<\/td>\n<td width=\"66\"><strong>\u00a0<\/strong><\/td>\n<td width=\"57\"><strong>X<\/strong><\/td>\n<\/tr>\n<tr>\n<td width=\"43\">20<\/td>\n<td width=\"63\">M<\/td>\n<td width=\"83\">38<\/td>\n<td width=\"254\">V\u00c1RZEA REDONDA<\/td>\n<td width=\"66\"><strong>\u00a0<\/strong><\/td>\n<td width=\"57\"><strong>X<\/strong><\/td>\n<\/tr>\n<tr>\n<td width=\"43\">21<\/td>\n<td width=\"63\">F<\/td>\n<td width=\"83\">12<\/td>\n<td width=\"254\">ALTO ALEGRE<\/td>\n<td width=\"66\"><strong>\u00a0<\/strong><\/td>\n<td width=\"57\"><strong>X<\/strong><\/td>\n<\/tr>\n<\/tbody>\n<\/table>\n<p>Foram registrados 09 casos recuperados na data de hoje.<\/p>\n<p>Ascom\/PMS<\/p>\n","protected":false},"excerpt":{"rendered":"<p>A Secretaria de Sa\u00fade de Sum\u00e9 registrou 21 casos positivos para coronav\u00edrus nesta ter\u00e7a-feira (13). CASOS ATIVOS 2022 13\/12\/2022 COMORBIDADE Ord. SEXO IDADE BAIRRO SIM N\u00c3O 01 M 30 CENTRO \u00a0 X 02 F 35 CENTRO \u00a0 X 03 M 19 CENTRO \u00a0 X 04 M 23 ALTO ALEGRE \u00a0 X 05 F 49 CONJUNTO \u00a0 X 06 F 47 ALTO ALEGRE \u00a0 X 07 F 67 ALTO ALEGRE X \u00a0 08 M 71 CONJUNTO X \u00a0 09 M 80 CONJUNTO X \u00a0 10 M 48 ALTO ALEGRE X \u00a0 11 F 50 ALTO ALEGRE \u00a0 X 12 F 28 ALTO ALEGRE \u00a0 X 13 F 32 CENTRO \u00a0 X 14 F 56 CENTRO X \u00a0 15 M 04 meses ALTO ALEGRE \u00a0 X 16 F 74 V\u00c1RZEA REDONDA \u00a0 X 17 F 49 RENASCER \u00a0 x 18 M 36 RENASCER X \u00a0 19 M 22 ALTO ALEGRE \u00a0 X 20 M 38 V\u00c1RZEA REDONDA \u00a0 X 21 F 12 ALTO ALEGRE \u00a0 X Foram registrados 09 casos recuperados na data de hoje. Ascom\/PMS<\/p>\n","protected":false},"author":2,"featured_media":44691,"comment_status":"closed","ping_status":"open","sticky":false,"template":"","format":"standard","meta":{"_eb_attr":"","_jetpack_memberships_contains_paid_content":false,"footnotes":""},"categories":[3],"tags":[],"class_list":["post-44690","post","type-post","status-publish","format-standard","has-post-thumbnail","hentry","category-cidades"],"yoast_head":"<!-- This site is optimized with the Yoast SEO plugin v26.5 - https:\/\/yoast.com\/wordpress\/plugins\/seo\/ -->\n<title>COVID-19: Sum\u00e9 registra 21 casos positivos nesta ter\u00e7a-feira - Not&iacute;cias em Destaque<\/title>\n<meta name=\"robots\" content=\"index, follow, max-snippet:-1, max-image-preview:large, max-video-preview:-1\" \/>\n<link rel=\"canonical\" href=\"https:\/\/noticiasemdestaque.com\/cd\/?p=44690\" \/>\n<meta property=\"og:locale\" content=\"pt_BR\" \/>\n<meta property=\"og:type\" content=\"article\" \/>\n<meta property=\"og:title\" content=\"COVID-19: Sum\u00e9 registra 21 casos positivos nesta ter\u00e7a-feira - Not&iacute;cias em Destaque\" \/>\n<meta property=\"og:description\" content=\"A Secretaria de Sa\u00fade de Sum\u00e9 registrou 21 casos positivos para coronav\u00edrus nesta ter\u00e7a-feira (13). CASOS ATIVOS 2022 13\/12\/2022 COMORBIDADE Ord. SEXO IDADE BAIRRO SIM N\u00c3O 01 M 30 CENTRO \u00a0 X 02 F 35 CENTRO \u00a0 X 03 M 19 CENTRO \u00a0 X 04 M 23 ALTO ALEGRE \u00a0 X 05 F 49 CONJUNTO \u00a0 X 06 F 47 ALTO ALEGRE \u00a0 X 07 F 67 ALTO ALEGRE X \u00a0 08 M 71 CONJUNTO X \u00a0 09 M 80 CONJUNTO X \u00a0 10 M 48 ALTO ALEGRE X \u00a0 11 F 50 ALTO ALEGRE \u00a0 X 12 F 28 ALTO ALEGRE \u00a0 X 13 F 32 CENTRO \u00a0 X 14 F 56 CENTRO X \u00a0 15 M 04 meses ALTO ALEGRE \u00a0 X 16 F 74 V\u00c1RZEA REDONDA \u00a0 X 17 F 49 RENASCER \u00a0 x 18 M 36 RENASCER X \u00a0 19 M 22 ALTO ALEGRE \u00a0 X 20 M 38 V\u00c1RZEA REDONDA \u00a0 X 21 F 12 ALTO ALEGRE \u00a0 X Foram registrados 09 casos recuperados na data de hoje. Ascom\/PMS\" \/>\n<meta property=\"og:url\" content=\"https:\/\/noticiasemdestaque.com\/cd\/?p=44690\" \/>\n<meta property=\"og:site_name\" content=\"Not&iacute;cias em Destaque\" \/>\n<meta property=\"article:published_time\" content=\"2022-12-13T22:42:03+00:00\" \/>\n<meta property=\"og:image\" content=\"https:\/\/noticiasemdestaque.com\/cd\/wp-content\/uploads\/2022\/12\/13.jpeg\" \/>\n\t<meta property=\"og:image:width\" content=\"1198\" \/>\n\t<meta property=\"og:image:height\" content=\"1200\" \/>\n\t<meta property=\"og:image:type\" content=\"image\/jpeg\" \/>\n<meta name=\"author\" content=\"Not\u00edcias em Destaque\" \/>\n<meta name=\"twitter:card\" content=\"summary_large_image\" \/>\n<meta name=\"twitter:label1\" content=\"Escrito por\" \/>\n\t<meta name=\"twitter:data1\" content=\"Not\u00edcias em Destaque\" \/>\n\t<meta name=\"twitter:label2\" content=\"Est. tempo de leitura\" \/>\n\t<meta name=\"twitter:data2\" content=\"1 minuto\" \/>\n<script type=\"application\/ld+json\" class=\"yoast-schema-graph\">{\"@context\":\"https:\/\/schema.org\",\"@graph\":[{\"@type\":\"Article\",\"@id\":\"https:\/\/noticiasemdestaque.com\/cd\/?p=44690#article\",\"isPartOf\":{\"@id\":\"https:\/\/noticiasemdestaque.com\/cd\/?p=44690\"},\"author\":{\"name\":\"Not\u00edcias em Destaque\",\"@id\":\"https:\/\/noticiasemdestaque.com\/cd\/#\/schema\/person\/47f7d4f55eec17c6b2ca036c5500f6ce\"},\"headline\":\"COVID-19: Sum\u00e9 registra 21 casos positivos nesta ter\u00e7a-feira\",\"datePublished\":\"2022-12-13T22:42:03+00:00\",\"mainEntityOfPage\":{\"@id\":\"https:\/\/noticiasemdestaque.com\/cd\/?p=44690\"},\"wordCount\":121,\"publisher\":{\"@id\":\"https:\/\/noticiasemdestaque.com\/cd\/#organization\"},\"image\":{\"@id\":\"https:\/\/noticiasemdestaque.com\/cd\/?p=44690#primaryimage\"},\"thumbnailUrl\":\"https:\/\/noticiasemdestaque.com\/cd\/wp-content\/uploads\/2022\/12\/13.jpeg\",\"articleSection\":[\"Cidades\"],\"inLanguage\":\"pt-BR\"},{\"@type\":\"WebPage\",\"@id\":\"https:\/\/noticiasemdestaque.com\/cd\/?p=44690\",\"url\":\"https:\/\/noticiasemdestaque.com\/cd\/?p=44690\",\"name\":\"COVID-19: Sum\u00e9 registra 21 casos positivos nesta ter\u00e7a-feira - Not&iacute;cias em Destaque\",\"isPartOf\":{\"@id\":\"https:\/\/noticiasemdestaque.com\/cd\/#website\"},\"primaryImageOfPage\":{\"@id\":\"https:\/\/noticiasemdestaque.com\/cd\/?p=44690#primaryimage\"},\"image\":{\"@id\":\"https:\/\/noticiasemdestaque.com\/cd\/?p=44690#primaryimage\"},\"thumbnailUrl\":\"https:\/\/noticiasemdestaque.com\/cd\/wp-content\/uploads\/2022\/12\/13.jpeg\",\"datePublished\":\"2022-12-13T22:42:03+00:00\",\"breadcrumb\":{\"@id\":\"https:\/\/noticiasemdestaque.com\/cd\/?p=44690#breadcrumb\"},\"inLanguage\":\"pt-BR\",\"potentialAction\":[{\"@type\":\"ReadAction\",\"target\":[\"https:\/\/noticiasemdestaque.com\/cd\/?p=44690\"]}]},{\"@type\":\"ImageObject\",\"inLanguage\":\"pt-BR\",\"@id\":\"https:\/\/noticiasemdestaque.com\/cd\/?p=44690#primaryimage\",\"url\":\"https:\/\/noticiasemdestaque.com\/cd\/wp-content\/uploads\/2022\/12\/13.jpeg\",\"contentUrl\":\"https:\/\/noticiasemdestaque.com\/cd\/wp-content\/uploads\/2022\/12\/13.jpeg\",\"width\":1198,\"height\":1200},{\"@type\":\"BreadcrumbList\",\"@id\":\"https:\/\/noticiasemdestaque.com\/cd\/?p=44690#breadcrumb\",\"itemListElement\":[{\"@type\":\"ListItem\",\"position\":1,\"name\":\"In\u00edcio\",\"item\":\"https:\/\/noticiasemdestaque.com\/cd\/\"},{\"@type\":\"ListItem\",\"position\":2,\"name\":\"COVID-19: Sum\u00e9 registra 21 casos positivos nesta ter\u00e7a-feira\"}]},{\"@type\":\"WebSite\",\"@id\":\"https:\/\/noticiasemdestaque.com\/cd\/#website\",\"url\":\"https:\/\/noticiasemdestaque.com\/cd\/\",\"name\":\"Not&iacute;cias em Destaque\",\"description\":\"\",\"publisher\":{\"@id\":\"https:\/\/noticiasemdestaque.com\/cd\/#organization\"},\"potentialAction\":[{\"@type\":\"SearchAction\",\"target\":{\"@type\":\"EntryPoint\",\"urlTemplate\":\"https:\/\/noticiasemdestaque.com\/cd\/?s={search_term_string}\"},\"query-input\":{\"@type\":\"PropertyValueSpecification\",\"valueRequired\":true,\"valueName\":\"search_term_string\"}}],\"inLanguage\":\"pt-BR\"},{\"@type\":\"Organization\",\"@id\":\"https:\/\/noticiasemdestaque.com\/cd\/#organization\",\"name\":\"Not\u00edcias em Destaque\",\"url\":\"https:\/\/noticiasemdestaque.com\/cd\/\",\"logo\":{\"@type\":\"ImageObject\",\"inLanguage\":\"pt-BR\",\"@id\":\"https:\/\/noticiasemdestaque.com\/cd\/#\/schema\/logo\/image\/\",\"url\":\"https:\/\/noticiasemdestaque.com\/cd\/wp-content\/uploads\/2022\/05\/imagem-base-noticiasemdestaque.png\",\"contentUrl\":\"https:\/\/noticiasemdestaque.com\/cd\/wp-content\/uploads\/2022\/05\/imagem-base-noticiasemdestaque.png\",\"width\":1200,\"height\":630,\"caption\":\"Not\u00edcias em Destaque\"},\"image\":{\"@id\":\"https:\/\/noticiasemdestaque.com\/cd\/#\/schema\/logo\/image\/\"}},{\"@type\":\"Person\",\"@id\":\"https:\/\/noticiasemdestaque.com\/cd\/#\/schema\/person\/47f7d4f55eec17c6b2ca036c5500f6ce\",\"name\":\"Not\u00edcias em Destaque\",\"url\":\"https:\/\/noticiasemdestaque.com\/cd\/?author=2\"}]}<\/script>\n<!-- \/ Yoast SEO plugin. -->","yoast_head_json":{"title":"COVID-19: Sum\u00e9 registra 21 casos positivos nesta ter\u00e7a-feira - Not&iacute;cias em Destaque","robots":{"index":"index","follow":"follow","max-snippet":"max-snippet:-1","max-image-preview":"max-image-preview:large","max-video-preview":"max-video-preview:-1"},"canonical":"https:\/\/noticiasemdestaque.com\/cd\/?p=44690","og_locale":"pt_BR","og_type":"article","og_title":"COVID-19: Sum\u00e9 registra 21 casos positivos nesta ter\u00e7a-feira - Not&iacute;cias em Destaque","og_description":"A Secretaria de Sa\u00fade de Sum\u00e9 registrou 21 casos positivos para coronav\u00edrus nesta ter\u00e7a-feira (13). CASOS ATIVOS 2022 13\/12\/2022 COMORBIDADE Ord. SEXO IDADE BAIRRO SIM N\u00c3O 01 M 30 CENTRO \u00a0 X 02 F 35 CENTRO \u00a0 X 03 M 19 CENTRO \u00a0 X 04 M 23 ALTO ALEGRE \u00a0 X 05 F 49 CONJUNTO \u00a0 X 06 F 47 ALTO ALEGRE \u00a0 X 07 F 67 ALTO ALEGRE X \u00a0 08 M 71 CONJUNTO X \u00a0 09 M 80 CONJUNTO X \u00a0 10 M 48 ALTO ALEGRE X \u00a0 11 F 50 ALTO ALEGRE \u00a0 X 12 F 28 ALTO ALEGRE \u00a0 X 13 F 32 CENTRO \u00a0 X 14 F 56 CENTRO X \u00a0 15 M 04 meses ALTO ALEGRE \u00a0 X 16 F 74 V\u00c1RZEA REDONDA \u00a0 X 17 F 49 RENASCER \u00a0 x 18 M 36 RENASCER X \u00a0 19 M 22 ALTO ALEGRE \u00a0 X 20 M 38 V\u00c1RZEA REDONDA \u00a0 X 21 F 12 ALTO ALEGRE \u00a0 X Foram registrados 09 casos recuperados na data de hoje. Ascom\/PMS","og_url":"https:\/\/noticiasemdestaque.com\/cd\/?p=44690","og_site_name":"Not&iacute;cias em Destaque","article_published_time":"2022-12-13T22:42:03+00:00","og_image":[{"width":1198,"height":1200,"url":"https:\/\/noticiasemdestaque.com\/cd\/wp-content\/uploads\/2022\/12\/13.jpeg","type":"image\/jpeg"}],"author":"Not\u00edcias em Destaque","twitter_card":"summary_large_image","twitter_misc":{"Escrito por":"Not\u00edcias em Destaque","Est. tempo de leitura":"1 minuto"},"schema":{"@context":"https:\/\/schema.org","@graph":[{"@type":"Article","@id":"https:\/\/noticiasemdestaque.com\/cd\/?p=44690#article","isPartOf":{"@id":"https:\/\/noticiasemdestaque.com\/cd\/?p=44690"},"author":{"name":"Not\u00edcias em Destaque","@id":"https:\/\/noticiasemdestaque.com\/cd\/#\/schema\/person\/47f7d4f55eec17c6b2ca036c5500f6ce"},"headline":"COVID-19: Sum\u00e9 registra 21 casos positivos nesta ter\u00e7a-feira","datePublished":"2022-12-13T22:42:03+00:00","mainEntityOfPage":{"@id":"https:\/\/noticiasemdestaque.com\/cd\/?p=44690"},"wordCount":121,"publisher":{"@id":"https:\/\/noticiasemdestaque.com\/cd\/#organization"},"image":{"@id":"https:\/\/noticiasemdestaque.com\/cd\/?p=44690#primaryimage"},"thumbnailUrl":"https:\/\/noticiasemdestaque.com\/cd\/wp-content\/uploads\/2022\/12\/13.jpeg","articleSection":["Cidades"],"inLanguage":"pt-BR"},{"@type":"WebPage","@id":"https:\/\/noticiasemdestaque.com\/cd\/?p=44690","url":"https:\/\/noticiasemdestaque.com\/cd\/?p=44690","name":"COVID-19: Sum\u00e9 registra 21 casos positivos nesta ter\u00e7a-feira - Not&iacute;cias em Destaque","isPartOf":{"@id":"https:\/\/noticiasemdestaque.com\/cd\/#website"},"primaryImageOfPage":{"@id":"https:\/\/noticiasemdestaque.com\/cd\/?p=44690#primaryimage"},"image":{"@id":"https:\/\/noticiasemdestaque.com\/cd\/?p=44690#primaryimage"},"thumbnailUrl":"https:\/\/noticiasemdestaque.com\/cd\/wp-content\/uploads\/2022\/12\/13.jpeg","datePublished":"2022-12-13T22:42:03+00:00","breadcrumb":{"@id":"https:\/\/noticiasemdestaque.com\/cd\/?p=44690#breadcrumb"},"inLanguage":"pt-BR","potentialAction":[{"@type":"ReadAction","target":["https:\/\/noticiasemdestaque.com\/cd\/?p=44690"]}]},{"@type":"ImageObject","inLanguage":"pt-BR","@id":"https:\/\/noticiasemdestaque.com\/cd\/?p=44690#primaryimage","url":"https:\/\/noticiasemdestaque.com\/cd\/wp-content\/uploads\/2022\/12\/13.jpeg","contentUrl":"https:\/\/noticiasemdestaque.com\/cd\/wp-content\/uploads\/2022\/12\/13.jpeg","width":1198,"height":1200},{"@type":"BreadcrumbList","@id":"https:\/\/noticiasemdestaque.com\/cd\/?p=44690#breadcrumb","itemListElement":[{"@type":"ListItem","position":1,"name":"In\u00edcio","item":"https:\/\/noticiasemdestaque.com\/cd\/"},{"@type":"ListItem","position":2,"name":"COVID-19: Sum\u00e9 registra 21 casos positivos nesta ter\u00e7a-feira"}]},{"@type":"WebSite","@id":"https:\/\/noticiasemdestaque.com\/cd\/#website","url":"https:\/\/noticiasemdestaque.com\/cd\/","name":"Not&iacute;cias em Destaque","description":"","publisher":{"@id":"https:\/\/noticiasemdestaque.com\/cd\/#organization"},"potentialAction":[{"@type":"SearchAction","target":{"@type":"EntryPoint","urlTemplate":"https:\/\/noticiasemdestaque.com\/cd\/?s={search_term_string}"},"query-input":{"@type":"PropertyValueSpecification","valueRequired":true,"valueName":"search_term_string"}}],"inLanguage":"pt-BR"},{"@type":"Organization","@id":"https:\/\/noticiasemdestaque.com\/cd\/#organization","name":"Not\u00edcias em Destaque","url":"https:\/\/noticiasemdestaque.com\/cd\/","logo":{"@type":"ImageObject","inLanguage":"pt-BR","@id":"https:\/\/noticiasemdestaque.com\/cd\/#\/schema\/logo\/image\/","url":"https:\/\/noticiasemdestaque.com\/cd\/wp-content\/uploads\/2022\/05\/imagem-base-noticiasemdestaque.png","contentUrl":"https:\/\/noticiasemdestaque.com\/cd\/wp-content\/uploads\/2022\/05\/imagem-base-noticiasemdestaque.png","width":1200,"height":630,"caption":"Not\u00edcias em Destaque"},"image":{"@id":"https:\/\/noticiasemdestaque.com\/cd\/#\/schema\/logo\/image\/"}},{"@type":"Person","@id":"https:\/\/noticiasemdestaque.com\/cd\/#\/schema\/person\/47f7d4f55eec17c6b2ca036c5500f6ce","name":"Not\u00edcias em Destaque","url":"https:\/\/noticiasemdestaque.com\/cd\/?author=2"}]}},"jetpack_featured_media_url":"https:\/\/noticiasemdestaque.com\/cd\/wp-content\/uploads\/2022\/12\/13.jpeg","jetpack_sharing_enabled":true,"_links":{"self":[{"href":"https:\/\/noticiasemdestaque.com\/cd\/index.php?rest_route=\/wp\/v2\/posts\/44690","targetHints":{"allow":["GET"]}}],"collection":[{"href":"https:\/\/noticiasemdestaque.com\/cd\/index.php?rest_route=\/wp\/v2\/posts"}],"about":[{"href":"https:\/\/noticiasemdestaque.com\/cd\/index.php?rest_route=\/wp\/v2\/types\/post"}],"author":[{"embeddable":true,"href":"https:\/\/noticiasemdestaque.com\/cd\/index.php?rest_route=\/wp\/v2\/users\/2"}],"replies":[{"embeddable":true,"href":"https:\/\/noticiasemdestaque.com\/cd\/index.php?rest_route=%2Fwp%2Fv2%2Fcomments&post=44690"}],"version-history":[{"count":1,"href":"https:\/\/noticiasemdestaque.com\/cd\/index.php?rest_route=\/wp\/v2\/posts\/44690\/revisions"}],"predecessor-version":[{"id":44692,"href":"https:\/\/noticiasemdestaque.com\/cd\/index.php?rest_route=\/wp\/v2\/posts\/44690\/revisions\/44692"}],"wp:featuredmedia":[{"embeddable":true,"href":"https:\/\/noticiasemdestaque.com\/cd\/index.php?rest_route=\/wp\/v2\/media\/44691"}],"wp:attachment":[{"href":"https:\/\/noticiasemdestaque.com\/cd\/index.php?rest_route=%2Fwp%2Fv2%2Fmedia&parent=44690"}],"wp:term":[{"taxonomy":"category","embeddable":true,"href":"https:\/\/noticiasemdestaque.com\/cd\/index.php?rest_route=%2Fwp%2Fv2%2Fcategories&post=44690"},{"taxonomy":"post_tag","embeddable":true,"href":"https:\/\/noticiasemdestaque.com\/cd\/index.php?rest_route=%2Fwp%2Fv2%2Ftags&post=44690"}],"curies":[{"name":"wp","href":"https:\/\/api.w.org\/{rel}","templated":true}]}}