{"id":4469,"date":"2017-09-20T08:40:05","date_gmt":"2017-09-20T11:40:05","guid":{"rendered":"http:\/\/caririemdestaque.com\/cd\/?p=4469"},"modified":"2017-09-20T08:40:05","modified_gmt":"2017-09-20T11:40:05","slug":"uepb-consegue-descongelamento-das-progressoes-de-carreira-dos-professores","status":"publish","type":"post","link":"https:\/\/noticiasemdestaque.com\/cd\/?p=4469","title":{"rendered":"UEPB consegue descongelamento das progress\u00f5es de carreira dos professores"},"content":{"rendered":"<p><a href=\"http:\/\/caririemdestaque.com\/cd\/wp-content\/uploads\/2017\/09\/201709200709210000002644.jpg\"><img fetchpriority=\"high\" decoding=\"async\" class=\"wp-image-4470 size-medium alignleft\" src=\"http:\/\/caririemdestaque.com\/cd\/wp-content\/uploads\/2017\/09\/201709200709210000002644-300x219.jpg\" alt=\"\" width=\"300\" height=\"219\" srcset=\"https:\/\/noticiasemdestaque.com\/cd\/wp-content\/uploads\/2017\/09\/201709200709210000002644-300x219.jpg 300w, https:\/\/noticiasemdestaque.com\/cd\/wp-content\/uploads\/2017\/09\/201709200709210000002644.jpg 480w\" sizes=\"(max-width: 300px) 100vw, 300px\" \/><\/a>Depois de quase tr\u00eas anos com seus sal\u00e1rios congelados, os professores da Universidade Estadual da Para\u00edba conseguiram fechar hoje um acordo com o Governo do Estado e a Reitoria da UEPB para descongelar a aplica\u00e7\u00e3o das suas progress\u00f5es de carreira que est\u00e3o retidas desde 2016, quando a lei estadual N\u00ba 10.660\/2016, congelou reajustes salariais e progress\u00f5es para todos os servidores do poder executivo.<\/p>\n<p>O acordo fechado permitir\u00e1 a incorpora\u00e7\u00e3o das progress\u00f5es que deveria ter sido aplicadas aos sal\u00e1rios nos anos de 2015, 2016 e 2017, a partir de outubro. O presidente da ADUEPB, Nelson J\u00fanior, explicou que o Governo do Estado n\u00e3o abriu espa\u00e7o para nenhum tipo de negocia\u00e7\u00e3o sobre reposi\u00e7\u00e3o salarial, mas que o sindicato continuar\u00e1 pautando esta reivindinca\u00e7\u00e3o.<\/p>\n<p>Com a libera\u00e7\u00e3o para a incorpora\u00e7\u00e3o da progress\u00e3o de carreira, a estimativa \u00e9 que cada professor que acesse este direito tenha um acr\u00e9scimo de 8% em seu vencimento. De acordo com o Plano de Cargos, Carreira e Remunera\u00e7\u00f5es da UEPB, os docentes podem progredir a cada dois anos.<\/p>\n<p>O presidente da UEPB, Nelson J\u00fanior, avaliou que o acordo foi resultado das mobiliza\u00e7\u00f5es da categoria, dos tr\u00eas meses de greve deste ano e das a\u00e7\u00f5es pol\u00edticas da diretoria. \u201c\u00c9 importante ressaltar a for\u00e7a da unidade dos professores com os t\u00e9cnico-administrativos e do apoio dos estudantes, atrav\u00e9s do DCE-UEPB\u201d, lembrou.<\/p>\n<p>O acordo entre o Governo, a Reitoria da UEPB e os sindicatos dos t\u00e9cnico-administrativos e dos professores foi fechado numa reuni\u00e3o que ocorreu no in\u00edcio da tarde, no Aeroporto Jo\u00e3o Suassuna, com a presen\u00e7a do governador Ricardo Coutinho e do secret\u00e1rio executivo de planejamento, F\u00e1bio Maia.<\/p>\n<p>Do encontro tamb\u00e9m participaram o reitor da UEPB, Rangel J\u00fanior, o presidente do Sintespb, Fernando Borges e o vice-presidente da Secretaria Regional NE II do ANDES-SN, Josevaldo Cunha, que acompanhou todo processo de negocia\u00e7\u00e3o, nos \u00faltimos dois meses. Tamb\u00e9m participaram do encontro diretora secret\u00e1ria da ADUEPB, Elizabete Vale e do representante da Comiss\u00e3o de Negocia\u00e7\u00e3o, Etham Barbosa.<\/p>\n<p>Greve<\/p>\n<p>A Greve dos docentes da UEPB ocorreu nos meses de abril, maio e junho deste ano e tinha como principais reivindica\u00e7\u00f5es o cumprimento da Lei de Autonomia Financeira da UEPB, a garantia dos valores do duod\u00e9cimo da UEPB de acordo com o or\u00e7amento constru\u00eddo e aprovado pelo Consuni, no valor de $ 410 milh\u00f5es, reposi\u00e7\u00e3o 23,61%, o descongelamento do PCCR, o concurso p\u00fablico para docentes e contrata\u00e7\u00e3o imediata dos concursados, a consolida\u00e7\u00e3o\/constru\u00e7\u00e3o de infraestrutura adequada aos campi, controle social do or\u00e7amento da universidade, cumprimento do acordo da Greve 2015, amplia\u00e7\u00e3o e melhorias na Pol\u00edtica de Assist\u00eancia Estudantil.<\/p>\n<p>ASSEMBLEIA<\/p>\n<p>Na pr\u00f3xima quarta-feira (27\/09), a diretoria da ADUEPB realizar\u00e1 uma assembleia geral da categoria, a partir das 9h, com a seguinte pauta: 1) Informes, 2) conclus\u00e3o das negocia\u00e7\u00f5es com o Governo do Estado e 3) Encaminhamentos. O local ainda n\u00e3o foi definido e ser\u00e1 divulgado nos pr\u00f3ximos dias.<\/p>\n<p>Fonte: Assessoria<\/p>\n","protected":false},"excerpt":{"rendered":"<p>Depois de quase tr\u00eas anos com seus sal\u00e1rios congelados, os professores da Universidade Estadual da Para\u00edba conseguiram fechar hoje um acordo com o Governo do Estado e a Reitoria da UEPB para descongelar a aplica\u00e7\u00e3o das suas progress\u00f5es de carreira que est\u00e3o retidas desde 2016, quando a lei estadual N\u00ba 10.660\/2016, congelou reajustes salariais e progress\u00f5es para todos os servidores do poder executivo. O acordo fechado permitir\u00e1 a incorpora\u00e7\u00e3o das progress\u00f5es que deveria ter sido aplicadas aos sal\u00e1rios nos anos de 2015, 2016 e 2017, a partir de outubro. O presidente da ADUEPB, Nelson J\u00fanior, explicou que o Governo do Estado n\u00e3o abriu espa\u00e7o para nenhum tipo de negocia\u00e7\u00e3o sobre reposi\u00e7\u00e3o salarial, mas que o sindicato continuar\u00e1 pautando esta reivindinca\u00e7\u00e3o. Com a libera\u00e7\u00e3o para a incorpora\u00e7\u00e3o da progress\u00e3o de carreira, a estimativa \u00e9 que cada professor que acesse este direito tenha um acr\u00e9scimo de 8% em seu vencimento. De acordo com o Plano de Cargos, Carreira e Remunera\u00e7\u00f5es da UEPB, os docentes podem progredir a cada dois anos. O presidente da UEPB, Nelson J\u00fanior, avaliou que o acordo foi resultado das mobiliza\u00e7\u00f5es da categoria, dos tr\u00eas meses de greve deste ano e das a\u00e7\u00f5es pol\u00edticas da diretoria. \u201c\u00c9 importante ressaltar a for\u00e7a da unidade dos professores com os t\u00e9cnico-administrativos e do apoio dos estudantes, atrav\u00e9s do DCE-UEPB\u201d, lembrou. O acordo entre o Governo, a Reitoria da UEPB e os sindicatos dos t\u00e9cnico-administrativos e dos professores foi fechado numa reuni\u00e3o que ocorreu no in\u00edcio da tarde, no Aeroporto Jo\u00e3o Suassuna, com a presen\u00e7a do governador Ricardo Coutinho e do secret\u00e1rio executivo de planejamento, F\u00e1bio Maia. Do encontro tamb\u00e9m participaram o reitor da UEPB, Rangel J\u00fanior, o presidente do Sintespb, Fernando Borges e o vice-presidente da Secretaria Regional NE II do ANDES-SN, Josevaldo Cunha, que acompanhou todo processo de negocia\u00e7\u00e3o, nos \u00faltimos dois meses. Tamb\u00e9m participaram do encontro diretora secret\u00e1ria da ADUEPB, Elizabete Vale e do representante da Comiss\u00e3o de Negocia\u00e7\u00e3o, Etham Barbosa. Greve A Greve dos docentes da UEPB ocorreu nos meses de abril, maio e junho deste ano e tinha como principais reivindica\u00e7\u00f5es o cumprimento da Lei de Autonomia Financeira da UEPB, a garantia dos valores do duod\u00e9cimo da UEPB de acordo com o or\u00e7amento constru\u00eddo e aprovado pelo Consuni, no valor de $ 410 milh\u00f5es, reposi\u00e7\u00e3o 23,61%, o descongelamento do PCCR, o concurso p\u00fablico para docentes e contrata\u00e7\u00e3o imediata dos concursados, a consolida\u00e7\u00e3o\/constru\u00e7\u00e3o de infraestrutura adequada aos campi, controle social do or\u00e7amento da universidade, cumprimento do acordo da Greve 2015, amplia\u00e7\u00e3o e melhorias na Pol\u00edtica de Assist\u00eancia Estudantil. ASSEMBLEIA Na pr\u00f3xima quarta-feira (27\/09), a diretoria da ADUEPB realizar\u00e1 uma assembleia geral da categoria, a partir das 9h, com a seguinte pauta: 1) Informes, 2) conclus\u00e3o das negocia\u00e7\u00f5es com o Governo do Estado e 3) Encaminhamentos. O local ainda n\u00e3o foi definido e ser\u00e1 divulgado nos pr\u00f3ximos dias. Fonte: Assessoria<\/p>\n","protected":false},"author":2,"featured_media":4470,"comment_status":"closed","ping_status":"open","sticky":false,"template":"","format":"standard","meta":{"_eb_attr":"","_jetpack_memberships_contains_paid_content":false,"footnotes":""},"categories":[6],"tags":[],"class_list":["post-4469","post","type-post","status-publish","format-standard","has-post-thumbnail","hentry","category-educacao"],"yoast_head":"<!-- This site is optimized with the Yoast SEO plugin v26.5 - https:\/\/yoast.com\/wordpress\/plugins\/seo\/ -->\n<title>UEPB consegue descongelamento das progress\u00f5es de carreira dos professores - Not&iacute;cias em Destaque<\/title>\n<meta name=\"robots\" content=\"index, follow, max-snippet:-1, max-image-preview:large, max-video-preview:-1\" \/>\n<link rel=\"canonical\" href=\"https:\/\/noticiasemdestaque.com\/cd\/?p=4469\" \/>\n<meta property=\"og:locale\" content=\"pt_BR\" \/>\n<meta property=\"og:type\" content=\"article\" \/>\n<meta property=\"og:title\" content=\"UEPB consegue descongelamento das progress\u00f5es de carreira dos professores - Not&iacute;cias em Destaque\" \/>\n<meta property=\"og:description\" content=\"Depois de quase tr\u00eas anos com seus sal\u00e1rios congelados, os professores da Universidade Estadual da Para\u00edba conseguiram fechar hoje um acordo com o Governo do Estado e a Reitoria da UEPB para descongelar a aplica\u00e7\u00e3o das suas progress\u00f5es de carreira que est\u00e3o retidas desde 2016, quando a lei estadual N\u00ba 10.660\/2016, congelou reajustes salariais e progress\u00f5es para todos os servidores do poder executivo. O acordo fechado permitir\u00e1 a incorpora\u00e7\u00e3o das progress\u00f5es que deveria ter sido aplicadas aos sal\u00e1rios nos anos de 2015, 2016 e 2017, a partir de outubro. O presidente da ADUEPB, Nelson J\u00fanior, explicou que o Governo do Estado n\u00e3o abriu espa\u00e7o para nenhum tipo de negocia\u00e7\u00e3o sobre reposi\u00e7\u00e3o salarial, mas que o sindicato continuar\u00e1 pautando esta reivindinca\u00e7\u00e3o. Com a libera\u00e7\u00e3o para a incorpora\u00e7\u00e3o da progress\u00e3o de carreira, a estimativa \u00e9 que cada professor que acesse este direito tenha um acr\u00e9scimo de 8% em seu vencimento. De acordo com o Plano de Cargos, Carreira e Remunera\u00e7\u00f5es da UEPB, os docentes podem progredir a cada dois anos. O presidente da UEPB, Nelson J\u00fanior, avaliou que o acordo foi resultado das mobiliza\u00e7\u00f5es da categoria, dos tr\u00eas meses de greve deste ano e das a\u00e7\u00f5es pol\u00edticas da diretoria. \u201c\u00c9 importante ressaltar a for\u00e7a da unidade dos professores com os t\u00e9cnico-administrativos e do apoio dos estudantes, atrav\u00e9s do DCE-UEPB\u201d, lembrou. O acordo entre o Governo, a Reitoria da UEPB e os sindicatos dos t\u00e9cnico-administrativos e dos professores foi fechado numa reuni\u00e3o que ocorreu no in\u00edcio da tarde, no Aeroporto Jo\u00e3o Suassuna, com a presen\u00e7a do governador Ricardo Coutinho e do secret\u00e1rio executivo de planejamento, F\u00e1bio Maia. Do encontro tamb\u00e9m participaram o reitor da UEPB, Rangel J\u00fanior, o presidente do Sintespb, Fernando Borges e o vice-presidente da Secretaria Regional NE II do ANDES-SN, Josevaldo Cunha, que acompanhou todo processo de negocia\u00e7\u00e3o, nos \u00faltimos dois meses. Tamb\u00e9m participaram do encontro diretora secret\u00e1ria da ADUEPB, Elizabete Vale e do representante da Comiss\u00e3o de Negocia\u00e7\u00e3o, Etham Barbosa. Greve A Greve dos docentes da UEPB ocorreu nos meses de abril, maio e junho deste ano e tinha como principais reivindica\u00e7\u00f5es o cumprimento da Lei de Autonomia Financeira da UEPB, a garantia dos valores do duod\u00e9cimo da UEPB de acordo com o or\u00e7amento constru\u00eddo e aprovado pelo Consuni, no valor de $ 410 milh\u00f5es, reposi\u00e7\u00e3o 23,61%, o descongelamento do PCCR, o concurso p\u00fablico para docentes e contrata\u00e7\u00e3o imediata dos concursados, a consolida\u00e7\u00e3o\/constru\u00e7\u00e3o de infraestrutura adequada aos campi, controle social do or\u00e7amento da universidade, cumprimento do acordo da Greve 2015, amplia\u00e7\u00e3o e melhorias na Pol\u00edtica de Assist\u00eancia Estudantil. ASSEMBLEIA Na pr\u00f3xima quarta-feira (27\/09), a diretoria da ADUEPB realizar\u00e1 uma assembleia geral da categoria, a partir das 9h, com a seguinte pauta: 1) Informes, 2) conclus\u00e3o das negocia\u00e7\u00f5es com o Governo do Estado e 3) Encaminhamentos. O local ainda n\u00e3o foi definido e ser\u00e1 divulgado nos pr\u00f3ximos dias. Fonte: Assessoria\" \/>\n<meta property=\"og:url\" content=\"https:\/\/noticiasemdestaque.com\/cd\/?p=4469\" \/>\n<meta property=\"og:site_name\" content=\"Not&iacute;cias em Destaque\" \/>\n<meta property=\"article:published_time\" content=\"2017-09-20T11:40:05+00:00\" \/>\n<meta property=\"og:image\" content=\"https:\/\/noticiasemdestaque.com\/cd\/wp-content\/uploads\/2017\/09\/201709200709210000002644.jpg\" \/>\n\t<meta property=\"og:image:width\" content=\"480\" \/>\n\t<meta property=\"og:image:height\" content=\"350\" \/>\n\t<meta property=\"og:image:type\" content=\"image\/jpeg\" \/>\n<meta name=\"author\" content=\"Not\u00edcias em Destaque\" \/>\n<meta name=\"twitter:card\" content=\"summary_large_image\" \/>\n<meta name=\"twitter:label1\" content=\"Escrito por\" \/>\n\t<meta name=\"twitter:data1\" content=\"Not\u00edcias em Destaque\" \/>\n\t<meta name=\"twitter:label2\" content=\"Est. tempo de leitura\" \/>\n\t<meta name=\"twitter:data2\" content=\"3 minutos\" \/>\n<script type=\"application\/ld+json\" class=\"yoast-schema-graph\">{\"@context\":\"https:\/\/schema.org\",\"@graph\":[{\"@type\":\"Article\",\"@id\":\"https:\/\/noticiasemdestaque.com\/cd\/?p=4469#article\",\"isPartOf\":{\"@id\":\"https:\/\/noticiasemdestaque.com\/cd\/?p=4469\"},\"author\":{\"name\":\"Not\u00edcias em Destaque\",\"@id\":\"https:\/\/noticiasemdestaque.com\/cd\/#\/schema\/person\/21320b03a7e8bb90128938dafc9b908a\"},\"headline\":\"UEPB consegue descongelamento das progress\u00f5es de carreira dos professores\",\"datePublished\":\"2017-09-20T11:40:05+00:00\",\"mainEntityOfPage\":{\"@id\":\"https:\/\/noticiasemdestaque.com\/cd\/?p=4469\"},\"wordCount\":527,\"publisher\":{\"@id\":\"https:\/\/noticiasemdestaque.com\/cd\/#organization\"},\"image\":{\"@id\":\"https:\/\/noticiasemdestaque.com\/cd\/?p=4469#primaryimage\"},\"thumbnailUrl\":\"https:\/\/noticiasemdestaque.com\/cd\/wp-content\/uploads\/2017\/09\/201709200709210000002644.jpg\",\"articleSection\":[\"Educa\u00e7\u00e3o\"],\"inLanguage\":\"pt-BR\"},{\"@type\":\"WebPage\",\"@id\":\"https:\/\/noticiasemdestaque.com\/cd\/?p=4469\",\"url\":\"https:\/\/noticiasemdestaque.com\/cd\/?p=4469\",\"name\":\"UEPB consegue descongelamento das progress\u00f5es de carreira dos professores - Not&iacute;cias em Destaque\",\"isPartOf\":{\"@id\":\"https:\/\/noticiasemdestaque.com\/cd\/#website\"},\"primaryImageOfPage\":{\"@id\":\"https:\/\/noticiasemdestaque.com\/cd\/?p=4469#primaryimage\"},\"image\":{\"@id\":\"https:\/\/noticiasemdestaque.com\/cd\/?p=4469#primaryimage\"},\"thumbnailUrl\":\"https:\/\/noticiasemdestaque.com\/cd\/wp-content\/uploads\/2017\/09\/201709200709210000002644.jpg\",\"datePublished\":\"2017-09-20T11:40:05+00:00\",\"breadcrumb\":{\"@id\":\"https:\/\/noticiasemdestaque.com\/cd\/?p=4469#breadcrumb\"},\"inLanguage\":\"pt-BR\",\"potentialAction\":[{\"@type\":\"ReadAction\",\"target\":[\"https:\/\/noticiasemdestaque.com\/cd\/?p=4469\"]}]},{\"@type\":\"ImageObject\",\"inLanguage\":\"pt-BR\",\"@id\":\"https:\/\/noticiasemdestaque.com\/cd\/?p=4469#primaryimage\",\"url\":\"https:\/\/noticiasemdestaque.com\/cd\/wp-content\/uploads\/2017\/09\/201709200709210000002644.jpg\",\"contentUrl\":\"https:\/\/noticiasemdestaque.com\/cd\/wp-content\/uploads\/2017\/09\/201709200709210000002644.jpg\",\"width\":480,\"height\":350},{\"@type\":\"BreadcrumbList\",\"@id\":\"https:\/\/noticiasemdestaque.com\/cd\/?p=4469#breadcrumb\",\"itemListElement\":[{\"@type\":\"ListItem\",\"position\":1,\"name\":\"In\u00edcio\",\"item\":\"https:\/\/noticiasemdestaque.com\/cd\/\"},{\"@type\":\"ListItem\",\"position\":2,\"name\":\"UEPB consegue descongelamento das progress\u00f5es de carreira dos professores\"}]},{\"@type\":\"WebSite\",\"@id\":\"https:\/\/noticiasemdestaque.com\/cd\/#website\",\"url\":\"https:\/\/noticiasemdestaque.com\/cd\/\",\"name\":\"Not&iacute;cias em Destaque\",\"description\":\"\",\"publisher\":{\"@id\":\"https:\/\/noticiasemdestaque.com\/cd\/#organization\"},\"potentialAction\":[{\"@type\":\"SearchAction\",\"target\":{\"@type\":\"EntryPoint\",\"urlTemplate\":\"https:\/\/noticiasemdestaque.com\/cd\/?s={search_term_string}\"},\"query-input\":{\"@type\":\"PropertyValueSpecification\",\"valueRequired\":true,\"valueName\":\"search_term_string\"}}],\"inLanguage\":\"pt-BR\"},{\"@type\":\"Organization\",\"@id\":\"https:\/\/noticiasemdestaque.com\/cd\/#organization\",\"name\":\"Not\u00edcias em Destaque\",\"url\":\"https:\/\/noticiasemdestaque.com\/cd\/\",\"logo\":{\"@type\":\"ImageObject\",\"inLanguage\":\"pt-BR\",\"@id\":\"https:\/\/noticiasemdestaque.com\/cd\/#\/schema\/logo\/image\/\",\"url\":\"https:\/\/noticiasemdestaque.com\/cd\/wp-content\/uploads\/2022\/05\/imagem-base-noticiasemdestaque.png\",\"contentUrl\":\"https:\/\/noticiasemdestaque.com\/cd\/wp-content\/uploads\/2022\/05\/imagem-base-noticiasemdestaque.png\",\"width\":1200,\"height\":630,\"caption\":\"Not\u00edcias em Destaque\"},\"image\":{\"@id\":\"https:\/\/noticiasemdestaque.com\/cd\/#\/schema\/logo\/image\/\"}},{\"@type\":\"Person\",\"@id\":\"https:\/\/noticiasemdestaque.com\/cd\/#\/schema\/person\/21320b03a7e8bb90128938dafc9b908a\",\"name\":\"Not\u00edcias em Destaque\",\"url\":\"https:\/\/noticiasemdestaque.com\/cd\/?author=2\"}]}<\/script>\n<!-- \/ Yoast SEO plugin. -->","yoast_head_json":{"title":"UEPB consegue descongelamento das progress\u00f5es de carreira dos professores - Not&iacute;cias em Destaque","robots":{"index":"index","follow":"follow","max-snippet":"max-snippet:-1","max-image-preview":"max-image-preview:large","max-video-preview":"max-video-preview:-1"},"canonical":"https:\/\/noticiasemdestaque.com\/cd\/?p=4469","og_locale":"pt_BR","og_type":"article","og_title":"UEPB consegue descongelamento das progress\u00f5es de carreira dos professores - Not&iacute;cias em Destaque","og_description":"Depois de quase tr\u00eas anos com seus sal\u00e1rios congelados, os professores da Universidade Estadual da Para\u00edba conseguiram fechar hoje um acordo com o Governo do Estado e a Reitoria da UEPB para descongelar a aplica\u00e7\u00e3o das suas progress\u00f5es de carreira que est\u00e3o retidas desde 2016, quando a lei estadual N\u00ba 10.660\/2016, congelou reajustes salariais e progress\u00f5es para todos os servidores do poder executivo. O acordo fechado permitir\u00e1 a incorpora\u00e7\u00e3o das progress\u00f5es que deveria ter sido aplicadas aos sal\u00e1rios nos anos de 2015, 2016 e 2017, a partir de outubro. O presidente da ADUEPB, Nelson J\u00fanior, explicou que o Governo do Estado n\u00e3o abriu espa\u00e7o para nenhum tipo de negocia\u00e7\u00e3o sobre reposi\u00e7\u00e3o salarial, mas que o sindicato continuar\u00e1 pautando esta reivindinca\u00e7\u00e3o. Com a libera\u00e7\u00e3o para a incorpora\u00e7\u00e3o da progress\u00e3o de carreira, a estimativa \u00e9 que cada professor que acesse este direito tenha um acr\u00e9scimo de 8% em seu vencimento. De acordo com o Plano de Cargos, Carreira e Remunera\u00e7\u00f5es da UEPB, os docentes podem progredir a cada dois anos. O presidente da UEPB, Nelson J\u00fanior, avaliou que o acordo foi resultado das mobiliza\u00e7\u00f5es da categoria, dos tr\u00eas meses de greve deste ano e das a\u00e7\u00f5es pol\u00edticas da diretoria. \u201c\u00c9 importante ressaltar a for\u00e7a da unidade dos professores com os t\u00e9cnico-administrativos e do apoio dos estudantes, atrav\u00e9s do DCE-UEPB\u201d, lembrou. O acordo entre o Governo, a Reitoria da UEPB e os sindicatos dos t\u00e9cnico-administrativos e dos professores foi fechado numa reuni\u00e3o que ocorreu no in\u00edcio da tarde, no Aeroporto Jo\u00e3o Suassuna, com a presen\u00e7a do governador Ricardo Coutinho e do secret\u00e1rio executivo de planejamento, F\u00e1bio Maia. Do encontro tamb\u00e9m participaram o reitor da UEPB, Rangel J\u00fanior, o presidente do Sintespb, Fernando Borges e o vice-presidente da Secretaria Regional NE II do ANDES-SN, Josevaldo Cunha, que acompanhou todo processo de negocia\u00e7\u00e3o, nos \u00faltimos dois meses. Tamb\u00e9m participaram do encontro diretora secret\u00e1ria da ADUEPB, Elizabete Vale e do representante da Comiss\u00e3o de Negocia\u00e7\u00e3o, Etham Barbosa. Greve A Greve dos docentes da UEPB ocorreu nos meses de abril, maio e junho deste ano e tinha como principais reivindica\u00e7\u00f5es o cumprimento da Lei de Autonomia Financeira da UEPB, a garantia dos valores do duod\u00e9cimo da UEPB de acordo com o or\u00e7amento constru\u00eddo e aprovado pelo Consuni, no valor de $ 410 milh\u00f5es, reposi\u00e7\u00e3o 23,61%, o descongelamento do PCCR, o concurso p\u00fablico para docentes e contrata\u00e7\u00e3o imediata dos concursados, a consolida\u00e7\u00e3o\/constru\u00e7\u00e3o de infraestrutura adequada aos campi, controle social do or\u00e7amento da universidade, cumprimento do acordo da Greve 2015, amplia\u00e7\u00e3o e melhorias na Pol\u00edtica de Assist\u00eancia Estudantil. ASSEMBLEIA Na pr\u00f3xima quarta-feira (27\/09), a diretoria da ADUEPB realizar\u00e1 uma assembleia geral da categoria, a partir das 9h, com a seguinte pauta: 1) Informes, 2) conclus\u00e3o das negocia\u00e7\u00f5es com o Governo do Estado e 3) Encaminhamentos. O local ainda n\u00e3o foi definido e ser\u00e1 divulgado nos pr\u00f3ximos dias. Fonte: Assessoria","og_url":"https:\/\/noticiasemdestaque.com\/cd\/?p=4469","og_site_name":"Not&iacute;cias em Destaque","article_published_time":"2017-09-20T11:40:05+00:00","og_image":[{"width":480,"height":350,"url":"https:\/\/noticiasemdestaque.com\/cd\/wp-content\/uploads\/2017\/09\/201709200709210000002644.jpg","type":"image\/jpeg"}],"author":"Not\u00edcias em Destaque","twitter_card":"summary_large_image","twitter_misc":{"Escrito por":"Not\u00edcias em Destaque","Est. tempo de leitura":"3 minutos"},"schema":{"@context":"https:\/\/schema.org","@graph":[{"@type":"Article","@id":"https:\/\/noticiasemdestaque.com\/cd\/?p=4469#article","isPartOf":{"@id":"https:\/\/noticiasemdestaque.com\/cd\/?p=4469"},"author":{"name":"Not\u00edcias em Destaque","@id":"https:\/\/noticiasemdestaque.com\/cd\/#\/schema\/person\/21320b03a7e8bb90128938dafc9b908a"},"headline":"UEPB consegue descongelamento das progress\u00f5es de carreira dos professores","datePublished":"2017-09-20T11:40:05+00:00","mainEntityOfPage":{"@id":"https:\/\/noticiasemdestaque.com\/cd\/?p=4469"},"wordCount":527,"publisher":{"@id":"https:\/\/noticiasemdestaque.com\/cd\/#organization"},"image":{"@id":"https:\/\/noticiasemdestaque.com\/cd\/?p=4469#primaryimage"},"thumbnailUrl":"https:\/\/noticiasemdestaque.com\/cd\/wp-content\/uploads\/2017\/09\/201709200709210000002644.jpg","articleSection":["Educa\u00e7\u00e3o"],"inLanguage":"pt-BR"},{"@type":"WebPage","@id":"https:\/\/noticiasemdestaque.com\/cd\/?p=4469","url":"https:\/\/noticiasemdestaque.com\/cd\/?p=4469","name":"UEPB consegue descongelamento das progress\u00f5es de carreira dos professores - Not&iacute;cias em Destaque","isPartOf":{"@id":"https:\/\/noticiasemdestaque.com\/cd\/#website"},"primaryImageOfPage":{"@id":"https:\/\/noticiasemdestaque.com\/cd\/?p=4469#primaryimage"},"image":{"@id":"https:\/\/noticiasemdestaque.com\/cd\/?p=4469#primaryimage"},"thumbnailUrl":"https:\/\/noticiasemdestaque.com\/cd\/wp-content\/uploads\/2017\/09\/201709200709210000002644.jpg","datePublished":"2017-09-20T11:40:05+00:00","breadcrumb":{"@id":"https:\/\/noticiasemdestaque.com\/cd\/?p=4469#breadcrumb"},"inLanguage":"pt-BR","potentialAction":[{"@type":"ReadAction","target":["https:\/\/noticiasemdestaque.com\/cd\/?p=4469"]}]},{"@type":"ImageObject","inLanguage":"pt-BR","@id":"https:\/\/noticiasemdestaque.com\/cd\/?p=4469#primaryimage","url":"https:\/\/noticiasemdestaque.com\/cd\/wp-content\/uploads\/2017\/09\/201709200709210000002644.jpg","contentUrl":"https:\/\/noticiasemdestaque.com\/cd\/wp-content\/uploads\/2017\/09\/201709200709210000002644.jpg","width":480,"height":350},{"@type":"BreadcrumbList","@id":"https:\/\/noticiasemdestaque.com\/cd\/?p=4469#breadcrumb","itemListElement":[{"@type":"ListItem","position":1,"name":"In\u00edcio","item":"https:\/\/noticiasemdestaque.com\/cd\/"},{"@type":"ListItem","position":2,"name":"UEPB consegue descongelamento das progress\u00f5es de carreira dos professores"}]},{"@type":"WebSite","@id":"https:\/\/noticiasemdestaque.com\/cd\/#website","url":"https:\/\/noticiasemdestaque.com\/cd\/","name":"Not&iacute;cias em Destaque","description":"","publisher":{"@id":"https:\/\/noticiasemdestaque.com\/cd\/#organization"},"potentialAction":[{"@type":"SearchAction","target":{"@type":"EntryPoint","urlTemplate":"https:\/\/noticiasemdestaque.com\/cd\/?s={search_term_string}"},"query-input":{"@type":"PropertyValueSpecification","valueRequired":true,"valueName":"search_term_string"}}],"inLanguage":"pt-BR"},{"@type":"Organization","@id":"https:\/\/noticiasemdestaque.com\/cd\/#organization","name":"Not\u00edcias em Destaque","url":"https:\/\/noticiasemdestaque.com\/cd\/","logo":{"@type":"ImageObject","inLanguage":"pt-BR","@id":"https:\/\/noticiasemdestaque.com\/cd\/#\/schema\/logo\/image\/","url":"https:\/\/noticiasemdestaque.com\/cd\/wp-content\/uploads\/2022\/05\/imagem-base-noticiasemdestaque.png","contentUrl":"https:\/\/noticiasemdestaque.com\/cd\/wp-content\/uploads\/2022\/05\/imagem-base-noticiasemdestaque.png","width":1200,"height":630,"caption":"Not\u00edcias em Destaque"},"image":{"@id":"https:\/\/noticiasemdestaque.com\/cd\/#\/schema\/logo\/image\/"}},{"@type":"Person","@id":"https:\/\/noticiasemdestaque.com\/cd\/#\/schema\/person\/21320b03a7e8bb90128938dafc9b908a","name":"Not\u00edcias em Destaque","url":"https:\/\/noticiasemdestaque.com\/cd\/?author=2"}]}},"jetpack_featured_media_url":"https:\/\/noticiasemdestaque.com\/cd\/wp-content\/uploads\/2017\/09\/201709200709210000002644.jpg","jetpack_sharing_enabled":true,"_links":{"self":[{"href":"https:\/\/noticiasemdestaque.com\/cd\/index.php?rest_route=\/wp\/v2\/posts\/4469","targetHints":{"allow":["GET"]}}],"collection":[{"href":"https:\/\/noticiasemdestaque.com\/cd\/index.php?rest_route=\/wp\/v2\/posts"}],"about":[{"href":"https:\/\/noticiasemdestaque.com\/cd\/index.php?rest_route=\/wp\/v2\/types\/post"}],"author":[{"embeddable":true,"href":"https:\/\/noticiasemdestaque.com\/cd\/index.php?rest_route=\/wp\/v2\/users\/2"}],"replies":[{"embeddable":true,"href":"https:\/\/noticiasemdestaque.com\/cd\/index.php?rest_route=%2Fwp%2Fv2%2Fcomments&post=4469"}],"version-history":[{"count":1,"href":"https:\/\/noticiasemdestaque.com\/cd\/index.php?rest_route=\/wp\/v2\/posts\/4469\/revisions"}],"predecessor-version":[{"id":4471,"href":"https:\/\/noticiasemdestaque.com\/cd\/index.php?rest_route=\/wp\/v2\/posts\/4469\/revisions\/4471"}],"wp:featuredmedia":[{"embeddable":true,"href":"https:\/\/noticiasemdestaque.com\/cd\/index.php?rest_route=\/wp\/v2\/media\/4470"}],"wp:attachment":[{"href":"https:\/\/noticiasemdestaque.com\/cd\/index.php?rest_route=%2Fwp%2Fv2%2Fmedia&parent=4469"}],"wp:term":[{"taxonomy":"category","embeddable":true,"href":"https:\/\/noticiasemdestaque.com\/cd\/index.php?rest_route=%2Fwp%2Fv2%2Fcategories&post=4469"},{"taxonomy":"post_tag","embeddable":true,"href":"https:\/\/noticiasemdestaque.com\/cd\/index.php?rest_route=%2Fwp%2Fv2%2Ftags&post=4469"}],"curies":[{"name":"wp","href":"https:\/\/api.w.org\/{rel}","templated":true}]}}