{"id":44687,"date":"2022-12-13T19:38:33","date_gmt":"2022-12-13T22:38:33","guid":{"rendered":"https:\/\/noticiasemdestaque.com\/cd\/?p=44687"},"modified":"2022-12-13T19:38:33","modified_gmt":"2022-12-13T22:38:33","slug":"secretaria-de-educacao-de-prata-realiza-a-1a-mostra-pedagogica","status":"publish","type":"post","link":"https:\/\/noticiasemdestaque.com\/cd\/?p=44687","title":{"rendered":"Secretaria de Educa\u00e7\u00e3o de Prata realiza a 1\u00aa Mostra Pedag\u00f3gica"},"content":{"rendered":"<p><a href=\"https:\/\/noticiasemdestaque.com\/cd\/wp-content\/uploads\/2022\/12\/prat.jpg\"><img fetchpriority=\"high\" decoding=\"async\" class=\"size-medium wp-image-44688 aligncenter\" src=\"https:\/\/noticiasemdestaque.com\/cd\/wp-content\/uploads\/2022\/12\/prat-300x222.jpg\" alt=\"\" width=\"300\" height=\"222\" srcset=\"https:\/\/noticiasemdestaque.com\/cd\/wp-content\/uploads\/2022\/12\/prat-300x222.jpg 300w, https:\/\/noticiasemdestaque.com\/cd\/wp-content\/uploads\/2022\/12\/prat-1024x757.jpg 1024w, https:\/\/noticiasemdestaque.com\/cd\/wp-content\/uploads\/2022\/12\/prat-768x568.jpg 768w, https:\/\/noticiasemdestaque.com\/cd\/wp-content\/uploads\/2022\/12\/prat-16x12.jpg 16w, https:\/\/noticiasemdestaque.com\/cd\/wp-content\/uploads\/2022\/12\/prat.jpg 1536w\" sizes=\"(max-width: 300px) 100vw, 300px\" \/><\/a><\/p>\n<p>A Prefeitura de Prata, atrav\u00e9s da Secretaria de educa\u00e7\u00e3o, por meio da Escola Municipal Maria de Lourdes Nunes de Menezes, realizou nesta ter\u00e7a feira (13) a 1\u00b0 Mostra Pedag\u00f3gica de 2022.<\/p>\n<p>O ponto principal da Mostra Pedag\u00f3gica foi a apresenta\u00e7\u00e3o que todas as turmas fizeram, com v\u00e1rios temas desenvolvidos.<\/p>\n<p>O evento contou com a apresenta\u00e7\u00e3o musical, que ficou por conta do cantor Erik Santos, sarau com poetas da cidade, professor Jandeci, Joacil Paulinho e o Poeta Teixeirinha da Prata, ainda teve outras atividades culturais, experi\u00eancia e v\u00e1rias apresenta\u00e7\u00f5es.<\/p>\n<p>Na primeira Mostra Pedag\u00f3gica, foram envolvidos na organiza\u00e7\u00e3o o quadro de professores, Diretor, funcion\u00e1rios e alunos, unidos por uma s\u00f3 causa, a Educa\u00e7\u00e3o.<\/p>\n<p>Com Ascom<\/p>\n","protected":false},"excerpt":{"rendered":"<p>A Prefeitura de Prata, atrav\u00e9s da Secretaria de educa\u00e7\u00e3o, por meio da Escola Municipal Maria de Lourdes Nunes de Menezes, realizou nesta ter\u00e7a feira (13) a 1\u00b0 Mostra Pedag\u00f3gica de 2022. O ponto principal da Mostra Pedag\u00f3gica foi a apresenta\u00e7\u00e3o que todas as turmas fizeram, com v\u00e1rios temas desenvolvidos. O evento contou com a apresenta\u00e7\u00e3o musical, que ficou por conta do cantor Erik Santos, sarau com poetas da cidade, professor Jandeci, Joacil Paulinho e o Poeta Teixeirinha da Prata, ainda teve outras atividades culturais, experi\u00eancia e v\u00e1rias apresenta\u00e7\u00f5es. Na primeira Mostra Pedag\u00f3gica, foram envolvidos na organiza\u00e7\u00e3o o quadro de professores, Diretor, funcion\u00e1rios e alunos, unidos por uma s\u00f3 causa, a Educa\u00e7\u00e3o. Com Ascom<\/p>\n","protected":false},"author":2,"featured_media":44688,"comment_status":"closed","ping_status":"open","sticky":false,"template":"","format":"standard","meta":{"_eb_attr":"","_jetpack_memberships_contains_paid_content":false,"footnotes":""},"categories":[4],"tags":[],"class_list":["post-44687","post","type-post","status-publish","format-standard","has-post-thumbnail","hentry","category-politica"],"yoast_head":"<!-- This site is optimized with the Yoast SEO plugin v26.5 - https:\/\/yoast.com\/wordpress\/plugins\/seo\/ -->\n<title>Secretaria de Educa\u00e7\u00e3o de Prata realiza a 1\u00aa Mostra Pedag\u00f3gica - Not&iacute;cias em Destaque<\/title>\n<meta name=\"robots\" content=\"index, follow, max-snippet:-1, max-image-preview:large, max-video-preview:-1\" \/>\n<link rel=\"canonical\" href=\"https:\/\/noticiasemdestaque.com\/cd\/?p=44687\" \/>\n<meta property=\"og:locale\" content=\"pt_BR\" \/>\n<meta property=\"og:type\" content=\"article\" \/>\n<meta property=\"og:title\" content=\"Secretaria de Educa\u00e7\u00e3o de Prata realiza a 1\u00aa Mostra Pedag\u00f3gica - Not&iacute;cias em Destaque\" \/>\n<meta property=\"og:description\" content=\"A Prefeitura de Prata, atrav\u00e9s da Secretaria de educa\u00e7\u00e3o, por meio da Escola Municipal Maria de Lourdes Nunes de Menezes, realizou nesta ter\u00e7a feira (13) a 1\u00b0 Mostra Pedag\u00f3gica de 2022. O ponto principal da Mostra Pedag\u00f3gica foi a apresenta\u00e7\u00e3o que todas as turmas fizeram, com v\u00e1rios temas desenvolvidos. O evento contou com a apresenta\u00e7\u00e3o musical, que ficou por conta do cantor Erik Santos, sarau com poetas da cidade, professor Jandeci, Joacil Paulinho e o Poeta Teixeirinha da Prata, ainda teve outras atividades culturais, experi\u00eancia e v\u00e1rias apresenta\u00e7\u00f5es. Na primeira Mostra Pedag\u00f3gica, foram envolvidos na organiza\u00e7\u00e3o o quadro de professores, Diretor, funcion\u00e1rios e alunos, unidos por uma s\u00f3 causa, a Educa\u00e7\u00e3o. Com Ascom\" \/>\n<meta property=\"og:url\" content=\"https:\/\/noticiasemdestaque.com\/cd\/?p=44687\" \/>\n<meta property=\"og:site_name\" content=\"Not&iacute;cias em Destaque\" \/>\n<meta property=\"article:published_time\" content=\"2022-12-13T22:38:33+00:00\" \/>\n<meta property=\"og:image\" content=\"https:\/\/noticiasemdestaque.com\/cd\/wp-content\/uploads\/2022\/12\/prat.jpg\" \/>\n\t<meta property=\"og:image:width\" content=\"1536\" \/>\n\t<meta property=\"og:image:height\" content=\"1136\" \/>\n\t<meta property=\"og:image:type\" content=\"image\/jpeg\" \/>\n<meta name=\"author\" content=\"Not\u00edcias em Destaque\" \/>\n<meta name=\"twitter:card\" content=\"summary_large_image\" \/>\n<meta name=\"twitter:label1\" content=\"Escrito por\" \/>\n\t<meta name=\"twitter:data1\" content=\"Not\u00edcias em Destaque\" \/>\n\t<meta name=\"twitter:label2\" content=\"Est. tempo de leitura\" \/>\n\t<meta name=\"twitter:data2\" content=\"1 minuto\" \/>\n<script type=\"application\/ld+json\" class=\"yoast-schema-graph\">{\"@context\":\"https:\/\/schema.org\",\"@graph\":[{\"@type\":\"Article\",\"@id\":\"https:\/\/noticiasemdestaque.com\/cd\/?p=44687#article\",\"isPartOf\":{\"@id\":\"https:\/\/noticiasemdestaque.com\/cd\/?p=44687\"},\"author\":{\"name\":\"Not\u00edcias em Destaque\",\"@id\":\"https:\/\/noticiasemdestaque.com\/cd\/#\/schema\/person\/47f7d4f55eec17c6b2ca036c5500f6ce\"},\"headline\":\"Secretaria de Educa\u00e7\u00e3o de Prata realiza a 1\u00aa Mostra Pedag\u00f3gica\",\"datePublished\":\"2022-12-13T22:38:33+00:00\",\"mainEntityOfPage\":{\"@id\":\"https:\/\/noticiasemdestaque.com\/cd\/?p=44687\"},\"wordCount\":136,\"publisher\":{\"@id\":\"https:\/\/noticiasemdestaque.com\/cd\/#organization\"},\"image\":{\"@id\":\"https:\/\/noticiasemdestaque.com\/cd\/?p=44687#primaryimage\"},\"thumbnailUrl\":\"https:\/\/noticiasemdestaque.com\/cd\/wp-content\/uploads\/2022\/12\/prat.jpg\",\"articleSection\":[\"Pol\u00edtica\"],\"inLanguage\":\"pt-BR\"},{\"@type\":\"WebPage\",\"@id\":\"https:\/\/noticiasemdestaque.com\/cd\/?p=44687\",\"url\":\"https:\/\/noticiasemdestaque.com\/cd\/?p=44687\",\"name\":\"Secretaria de Educa\u00e7\u00e3o de Prata realiza a 1\u00aa Mostra Pedag\u00f3gica - Not&iacute;cias em Destaque\",\"isPartOf\":{\"@id\":\"https:\/\/noticiasemdestaque.com\/cd\/#website\"},\"primaryImageOfPage\":{\"@id\":\"https:\/\/noticiasemdestaque.com\/cd\/?p=44687#primaryimage\"},\"image\":{\"@id\":\"https:\/\/noticiasemdestaque.com\/cd\/?p=44687#primaryimage\"},\"thumbnailUrl\":\"https:\/\/noticiasemdestaque.com\/cd\/wp-content\/uploads\/2022\/12\/prat.jpg\",\"datePublished\":\"2022-12-13T22:38:33+00:00\",\"breadcrumb\":{\"@id\":\"https:\/\/noticiasemdestaque.com\/cd\/?p=44687#breadcrumb\"},\"inLanguage\":\"pt-BR\",\"potentialAction\":[{\"@type\":\"ReadAction\",\"target\":[\"https:\/\/noticiasemdestaque.com\/cd\/?p=44687\"]}]},{\"@type\":\"ImageObject\",\"inLanguage\":\"pt-BR\",\"@id\":\"https:\/\/noticiasemdestaque.com\/cd\/?p=44687#primaryimage\",\"url\":\"https:\/\/noticiasemdestaque.com\/cd\/wp-content\/uploads\/2022\/12\/prat.jpg\",\"contentUrl\":\"https:\/\/noticiasemdestaque.com\/cd\/wp-content\/uploads\/2022\/12\/prat.jpg\",\"width\":1536,\"height\":1136},{\"@type\":\"BreadcrumbList\",\"@id\":\"https:\/\/noticiasemdestaque.com\/cd\/?p=44687#breadcrumb\",\"itemListElement\":[{\"@type\":\"ListItem\",\"position\":1,\"name\":\"In\u00edcio\",\"item\":\"https:\/\/noticiasemdestaque.com\/cd\/\"},{\"@type\":\"ListItem\",\"position\":2,\"name\":\"Secretaria de Educa\u00e7\u00e3o de Prata realiza a 1\u00aa Mostra Pedag\u00f3gica\"}]},{\"@type\":\"WebSite\",\"@id\":\"https:\/\/noticiasemdestaque.com\/cd\/#website\",\"url\":\"https:\/\/noticiasemdestaque.com\/cd\/\",\"name\":\"Not&iacute;cias em Destaque\",\"description\":\"\",\"publisher\":{\"@id\":\"https:\/\/noticiasemdestaque.com\/cd\/#organization\"},\"potentialAction\":[{\"@type\":\"SearchAction\",\"target\":{\"@type\":\"EntryPoint\",\"urlTemplate\":\"https:\/\/noticiasemdestaque.com\/cd\/?s={search_term_string}\"},\"query-input\":{\"@type\":\"PropertyValueSpecification\",\"valueRequired\":true,\"valueName\":\"search_term_string\"}}],\"inLanguage\":\"pt-BR\"},{\"@type\":\"Organization\",\"@id\":\"https:\/\/noticiasemdestaque.com\/cd\/#organization\",\"name\":\"Not\u00edcias em Destaque\",\"url\":\"https:\/\/noticiasemdestaque.com\/cd\/\",\"logo\":{\"@type\":\"ImageObject\",\"inLanguage\":\"pt-BR\",\"@id\":\"https:\/\/noticiasemdestaque.com\/cd\/#\/schema\/logo\/image\/\",\"url\":\"https:\/\/noticiasemdestaque.com\/cd\/wp-content\/uploads\/2022\/05\/imagem-base-noticiasemdestaque.png\",\"contentUrl\":\"https:\/\/noticiasemdestaque.com\/cd\/wp-content\/uploads\/2022\/05\/imagem-base-noticiasemdestaque.png\",\"width\":1200,\"height\":630,\"caption\":\"Not\u00edcias em Destaque\"},\"image\":{\"@id\":\"https:\/\/noticiasemdestaque.com\/cd\/#\/schema\/logo\/image\/\"}},{\"@type\":\"Person\",\"@id\":\"https:\/\/noticiasemdestaque.com\/cd\/#\/schema\/person\/47f7d4f55eec17c6b2ca036c5500f6ce\",\"name\":\"Not\u00edcias em Destaque\",\"url\":\"https:\/\/noticiasemdestaque.com\/cd\/?author=2\"}]}<\/script>\n<!-- \/ Yoast SEO plugin. -->","yoast_head_json":{"title":"Secretaria de Educa\u00e7\u00e3o de Prata realiza a 1\u00aa Mostra Pedag\u00f3gica - Not&iacute;cias em Destaque","robots":{"index":"index","follow":"follow","max-snippet":"max-snippet:-1","max-image-preview":"max-image-preview:large","max-video-preview":"max-video-preview:-1"},"canonical":"https:\/\/noticiasemdestaque.com\/cd\/?p=44687","og_locale":"pt_BR","og_type":"article","og_title":"Secretaria de Educa\u00e7\u00e3o de Prata realiza a 1\u00aa Mostra Pedag\u00f3gica - Not&iacute;cias em Destaque","og_description":"A Prefeitura de Prata, atrav\u00e9s da Secretaria de educa\u00e7\u00e3o, por meio da Escola Municipal Maria de Lourdes Nunes de Menezes, realizou nesta ter\u00e7a feira (13) a 1\u00b0 Mostra Pedag\u00f3gica de 2022. O ponto principal da Mostra Pedag\u00f3gica foi a apresenta\u00e7\u00e3o que todas as turmas fizeram, com v\u00e1rios temas desenvolvidos. O evento contou com a apresenta\u00e7\u00e3o musical, que ficou por conta do cantor Erik Santos, sarau com poetas da cidade, professor Jandeci, Joacil Paulinho e o Poeta Teixeirinha da Prata, ainda teve outras atividades culturais, experi\u00eancia e v\u00e1rias apresenta\u00e7\u00f5es. Na primeira Mostra Pedag\u00f3gica, foram envolvidos na organiza\u00e7\u00e3o o quadro de professores, Diretor, funcion\u00e1rios e alunos, unidos por uma s\u00f3 causa, a Educa\u00e7\u00e3o. Com Ascom","og_url":"https:\/\/noticiasemdestaque.com\/cd\/?p=44687","og_site_name":"Not&iacute;cias em Destaque","article_published_time":"2022-12-13T22:38:33+00:00","og_image":[{"width":1536,"height":1136,"url":"https:\/\/noticiasemdestaque.com\/cd\/wp-content\/uploads\/2022\/12\/prat.jpg","type":"image\/jpeg"}],"author":"Not\u00edcias em Destaque","twitter_card":"summary_large_image","twitter_misc":{"Escrito por":"Not\u00edcias em Destaque","Est. tempo de leitura":"1 minuto"},"schema":{"@context":"https:\/\/schema.org","@graph":[{"@type":"Article","@id":"https:\/\/noticiasemdestaque.com\/cd\/?p=44687#article","isPartOf":{"@id":"https:\/\/noticiasemdestaque.com\/cd\/?p=44687"},"author":{"name":"Not\u00edcias em Destaque","@id":"https:\/\/noticiasemdestaque.com\/cd\/#\/schema\/person\/47f7d4f55eec17c6b2ca036c5500f6ce"},"headline":"Secretaria de Educa\u00e7\u00e3o de Prata realiza a 1\u00aa Mostra Pedag\u00f3gica","datePublished":"2022-12-13T22:38:33+00:00","mainEntityOfPage":{"@id":"https:\/\/noticiasemdestaque.com\/cd\/?p=44687"},"wordCount":136,"publisher":{"@id":"https:\/\/noticiasemdestaque.com\/cd\/#organization"},"image":{"@id":"https:\/\/noticiasemdestaque.com\/cd\/?p=44687#primaryimage"},"thumbnailUrl":"https:\/\/noticiasemdestaque.com\/cd\/wp-content\/uploads\/2022\/12\/prat.jpg","articleSection":["Pol\u00edtica"],"inLanguage":"pt-BR"},{"@type":"WebPage","@id":"https:\/\/noticiasemdestaque.com\/cd\/?p=44687","url":"https:\/\/noticiasemdestaque.com\/cd\/?p=44687","name":"Secretaria de Educa\u00e7\u00e3o de Prata realiza a 1\u00aa Mostra Pedag\u00f3gica - Not&iacute;cias em Destaque","isPartOf":{"@id":"https:\/\/noticiasemdestaque.com\/cd\/#website"},"primaryImageOfPage":{"@id":"https:\/\/noticiasemdestaque.com\/cd\/?p=44687#primaryimage"},"image":{"@id":"https:\/\/noticiasemdestaque.com\/cd\/?p=44687#primaryimage"},"thumbnailUrl":"https:\/\/noticiasemdestaque.com\/cd\/wp-content\/uploads\/2022\/12\/prat.jpg","datePublished":"2022-12-13T22:38:33+00:00","breadcrumb":{"@id":"https:\/\/noticiasemdestaque.com\/cd\/?p=44687#breadcrumb"},"inLanguage":"pt-BR","potentialAction":[{"@type":"ReadAction","target":["https:\/\/noticiasemdestaque.com\/cd\/?p=44687"]}]},{"@type":"ImageObject","inLanguage":"pt-BR","@id":"https:\/\/noticiasemdestaque.com\/cd\/?p=44687#primaryimage","url":"https:\/\/noticiasemdestaque.com\/cd\/wp-content\/uploads\/2022\/12\/prat.jpg","contentUrl":"https:\/\/noticiasemdestaque.com\/cd\/wp-content\/uploads\/2022\/12\/prat.jpg","width":1536,"height":1136},{"@type":"BreadcrumbList","@id":"https:\/\/noticiasemdestaque.com\/cd\/?p=44687#breadcrumb","itemListElement":[{"@type":"ListItem","position":1,"name":"In\u00edcio","item":"https:\/\/noticiasemdestaque.com\/cd\/"},{"@type":"ListItem","position":2,"name":"Secretaria de Educa\u00e7\u00e3o de Prata realiza a 1\u00aa Mostra Pedag\u00f3gica"}]},{"@type":"WebSite","@id":"https:\/\/noticiasemdestaque.com\/cd\/#website","url":"https:\/\/noticiasemdestaque.com\/cd\/","name":"Not&iacute;cias em Destaque","description":"","publisher":{"@id":"https:\/\/noticiasemdestaque.com\/cd\/#organization"},"potentialAction":[{"@type":"SearchAction","target":{"@type":"EntryPoint","urlTemplate":"https:\/\/noticiasemdestaque.com\/cd\/?s={search_term_string}"},"query-input":{"@type":"PropertyValueSpecification","valueRequired":true,"valueName":"search_term_string"}}],"inLanguage":"pt-BR"},{"@type":"Organization","@id":"https:\/\/noticiasemdestaque.com\/cd\/#organization","name":"Not\u00edcias em Destaque","url":"https:\/\/noticiasemdestaque.com\/cd\/","logo":{"@type":"ImageObject","inLanguage":"pt-BR","@id":"https:\/\/noticiasemdestaque.com\/cd\/#\/schema\/logo\/image\/","url":"https:\/\/noticiasemdestaque.com\/cd\/wp-content\/uploads\/2022\/05\/imagem-base-noticiasemdestaque.png","contentUrl":"https:\/\/noticiasemdestaque.com\/cd\/wp-content\/uploads\/2022\/05\/imagem-base-noticiasemdestaque.png","width":1200,"height":630,"caption":"Not\u00edcias em Destaque"},"image":{"@id":"https:\/\/noticiasemdestaque.com\/cd\/#\/schema\/logo\/image\/"}},{"@type":"Person","@id":"https:\/\/noticiasemdestaque.com\/cd\/#\/schema\/person\/47f7d4f55eec17c6b2ca036c5500f6ce","name":"Not\u00edcias em Destaque","url":"https:\/\/noticiasemdestaque.com\/cd\/?author=2"}]}},"jetpack_featured_media_url":"https:\/\/noticiasemdestaque.com\/cd\/wp-content\/uploads\/2022\/12\/prat.jpg","jetpack_sharing_enabled":true,"_links":{"self":[{"href":"https:\/\/noticiasemdestaque.com\/cd\/index.php?rest_route=\/wp\/v2\/posts\/44687","targetHints":{"allow":["GET"]}}],"collection":[{"href":"https:\/\/noticiasemdestaque.com\/cd\/index.php?rest_route=\/wp\/v2\/posts"}],"about":[{"href":"https:\/\/noticiasemdestaque.com\/cd\/index.php?rest_route=\/wp\/v2\/types\/post"}],"author":[{"embeddable":true,"href":"https:\/\/noticiasemdestaque.com\/cd\/index.php?rest_route=\/wp\/v2\/users\/2"}],"replies":[{"embeddable":true,"href":"https:\/\/noticiasemdestaque.com\/cd\/index.php?rest_route=%2Fwp%2Fv2%2Fcomments&post=44687"}],"version-history":[{"count":1,"href":"https:\/\/noticiasemdestaque.com\/cd\/index.php?rest_route=\/wp\/v2\/posts\/44687\/revisions"}],"predecessor-version":[{"id":44689,"href":"https:\/\/noticiasemdestaque.com\/cd\/index.php?rest_route=\/wp\/v2\/posts\/44687\/revisions\/44689"}],"wp:featuredmedia":[{"embeddable":true,"href":"https:\/\/noticiasemdestaque.com\/cd\/index.php?rest_route=\/wp\/v2\/media\/44688"}],"wp:attachment":[{"href":"https:\/\/noticiasemdestaque.com\/cd\/index.php?rest_route=%2Fwp%2Fv2%2Fmedia&parent=44687"}],"wp:term":[{"taxonomy":"category","embeddable":true,"href":"https:\/\/noticiasemdestaque.com\/cd\/index.php?rest_route=%2Fwp%2Fv2%2Fcategories&post=44687"},{"taxonomy":"post_tag","embeddable":true,"href":"https:\/\/noticiasemdestaque.com\/cd\/index.php?rest_route=%2Fwp%2Fv2%2Ftags&post=44687"}],"curies":[{"name":"wp","href":"https:\/\/api.w.org\/{rel}","templated":true}]}}