{"id":44681,"date":"2022-12-13T18:31:10","date_gmt":"2022-12-13T21:31:10","guid":{"rendered":"https:\/\/noticiasemdestaque.com\/cd\/?p=44681"},"modified":"2022-12-13T18:31:10","modified_gmt":"2022-12-13T21:31:10","slug":"em-2023-motos-de-ate-170-cilindradas-estao-isentas-de-ipva-na-paraiba","status":"publish","type":"post","link":"https:\/\/noticiasemdestaque.com\/cd\/?p=44681","title":{"rendered":"EM 2023: Motos de at\u00e9 170 cilindradas est\u00e3o isentas de IPVA na Para\u00edba"},"content":{"rendered":"<p><a href=\"https:\/\/noticiasemdestaque.com\/cd\/wp-content\/uploads\/2021\/09\/motos_ipva-1200x675-1.jpg\"><img fetchpriority=\"high\" decoding=\"async\" class=\"size-medium wp-image-34393 aligncenter\" src=\"https:\/\/noticiasemdestaque.com\/cd\/wp-content\/uploads\/2021\/09\/motos_ipva-1200x675-1-300x169.jpg\" alt=\"\" width=\"300\" height=\"169\" srcset=\"https:\/\/noticiasemdestaque.com\/cd\/wp-content\/uploads\/2021\/09\/motos_ipva-1200x675-1-300x169.jpg 300w, https:\/\/noticiasemdestaque.com\/cd\/wp-content\/uploads\/2021\/09\/motos_ipva-1200x675-1-1024x576.jpg 1024w, https:\/\/noticiasemdestaque.com\/cd\/wp-content\/uploads\/2021\/09\/motos_ipva-1200x675-1-768x432.jpg 768w, https:\/\/noticiasemdestaque.com\/cd\/wp-content\/uploads\/2021\/09\/motos_ipva-1200x675-1.jpg 1200w\" sizes=\"(max-width: 300px) 100vw, 300px\" \/><\/a><\/p>\n<p>A\u00a0<a class=\"link-do-post\" href=\"https:\/\/f5online.com.br\/alpb-devera-julgar-contas-do-governador-antes-do-recesso\/\"><strong>Assembleia Legislativa da Para\u00edba (ALPB)<\/strong><\/a>, aprovou, nesta ter\u00e7a-feira (13),\u00a0<strong>a isen\u00e7\u00e3o de Imposto Sobre a Propriedade de Ve\u00edculos Automotores (IPVA) para motocicletas de at\u00e9 170 cilindradas<\/strong>. O Projeto de Lei (PL), de autoria do Governo do Estado, atende, principalmente, a popula\u00e7\u00e3o de regi\u00f5es onde ocorre dificuldade de locomo\u00e7\u00e3o, como em \u00e1reas rurais de diversos munic\u00edpios paraibanos.<\/p>\n<p>De acordo com o Governo do Estado, a moto \u00e9, atualmente, o ve\u00edculo mais popular em todos os aspectos, como o baixo custo de aquisi\u00e7\u00e3o, manuten\u00e7\u00e3o, agilidade e economia de combust\u00edvel.<\/p>\n<p>O texto da mat\u00e9ria ressalta ainda o uso da motocicleta por boa parte dos brasileiros para seu sustento e de sua fam\u00edlia, al\u00e9m da sua utilidade no deslocamento para o trabalho. A isen\u00e7\u00e3o do pagamento do\u00a0<strong>IPVA<\/strong>\u00a0para os propriet\u00e1rios destes ve\u00edculos passa a valer a partir do pr\u00f3ximo dia 1\u00ba de janeiro de 2023.<\/p>\n<p>Com F5 Online<\/p>\n","protected":false},"excerpt":{"rendered":"<p>A\u00a0Assembleia Legislativa da Para\u00edba (ALPB), aprovou, nesta ter\u00e7a-feira (13),\u00a0a isen\u00e7\u00e3o de Imposto Sobre a Propriedade de Ve\u00edculos Automotores (IPVA) para motocicletas de at\u00e9 170 cilindradas. O Projeto de Lei (PL), de autoria do Governo do Estado, atende, principalmente, a popula\u00e7\u00e3o de regi\u00f5es onde ocorre dificuldade de locomo\u00e7\u00e3o, como em \u00e1reas rurais de diversos munic\u00edpios paraibanos. De acordo com o Governo do Estado, a moto \u00e9, atualmente, o ve\u00edculo mais popular em todos os aspectos, como o baixo custo de aquisi\u00e7\u00e3o, manuten\u00e7\u00e3o, agilidade e economia de combust\u00edvel. O texto da mat\u00e9ria ressalta ainda o uso da motocicleta por boa parte dos brasileiros para seu sustento e de sua fam\u00edlia, al\u00e9m da sua utilidade no deslocamento para o trabalho. A isen\u00e7\u00e3o do pagamento do\u00a0IPVA\u00a0para os propriet\u00e1rios destes ve\u00edculos passa a valer a partir do pr\u00f3ximo dia 1\u00ba de janeiro de 2023. Com F5 Online<\/p>\n","protected":false},"author":2,"featured_media":34393,"comment_status":"closed","ping_status":"open","sticky":false,"template":"","format":"standard","meta":{"_eb_attr":"","_jetpack_memberships_contains_paid_content":false,"footnotes":""},"categories":[12],"tags":[],"class_list":["post-44681","post","type-post","status-publish","format-standard","has-post-thumbnail","hentry","category-geral"],"yoast_head":"<!-- This site is optimized with the Yoast SEO plugin v26.5 - https:\/\/yoast.com\/wordpress\/plugins\/seo\/ -->\n<title>EM 2023: Motos de at\u00e9 170 cilindradas est\u00e3o isentas de IPVA na Para\u00edba - Not&iacute;cias em Destaque<\/title>\n<meta name=\"robots\" content=\"index, follow, max-snippet:-1, max-image-preview:large, max-video-preview:-1\" \/>\n<link rel=\"canonical\" href=\"https:\/\/noticiasemdestaque.com\/cd\/?p=44681\" \/>\n<meta property=\"og:locale\" content=\"pt_BR\" \/>\n<meta property=\"og:type\" content=\"article\" \/>\n<meta property=\"og:title\" content=\"EM 2023: Motos de at\u00e9 170 cilindradas est\u00e3o isentas de IPVA na Para\u00edba - Not&iacute;cias em Destaque\" \/>\n<meta property=\"og:description\" content=\"A\u00a0Assembleia Legislativa da Para\u00edba (ALPB), aprovou, nesta ter\u00e7a-feira (13),\u00a0a isen\u00e7\u00e3o de Imposto Sobre a Propriedade de Ve\u00edculos Automotores (IPVA) para motocicletas de at\u00e9 170 cilindradas. O Projeto de Lei (PL), de autoria do Governo do Estado, atende, principalmente, a popula\u00e7\u00e3o de regi\u00f5es onde ocorre dificuldade de locomo\u00e7\u00e3o, como em \u00e1reas rurais de diversos munic\u00edpios paraibanos. De acordo com o Governo do Estado, a moto \u00e9, atualmente, o ve\u00edculo mais popular em todos os aspectos, como o baixo custo de aquisi\u00e7\u00e3o, manuten\u00e7\u00e3o, agilidade e economia de combust\u00edvel. O texto da mat\u00e9ria ressalta ainda o uso da motocicleta por boa parte dos brasileiros para seu sustento e de sua fam\u00edlia, al\u00e9m da sua utilidade no deslocamento para o trabalho. A isen\u00e7\u00e3o do pagamento do\u00a0IPVA\u00a0para os propriet\u00e1rios destes ve\u00edculos passa a valer a partir do pr\u00f3ximo dia 1\u00ba de janeiro de 2023. Com F5 Online\" \/>\n<meta property=\"og:url\" content=\"https:\/\/noticiasemdestaque.com\/cd\/?p=44681\" \/>\n<meta property=\"og:site_name\" content=\"Not&iacute;cias em Destaque\" \/>\n<meta property=\"article:published_time\" content=\"2022-12-13T21:31:10+00:00\" \/>\n<meta property=\"og:image\" content=\"https:\/\/noticiasemdestaque.com\/cd\/wp-content\/uploads\/2021\/09\/motos_ipva-1200x675-1.jpg\" \/>\n\t<meta property=\"og:image:width\" content=\"1200\" \/>\n\t<meta property=\"og:image:height\" content=\"675\" \/>\n\t<meta property=\"og:image:type\" content=\"image\/jpeg\" \/>\n<meta name=\"author\" content=\"Not\u00edcias em Destaque\" \/>\n<meta name=\"twitter:card\" content=\"summary_large_image\" \/>\n<meta name=\"twitter:label1\" content=\"Escrito por\" \/>\n\t<meta name=\"twitter:data1\" content=\"Not\u00edcias em Destaque\" \/>\n\t<meta name=\"twitter:label2\" content=\"Est. tempo de leitura\" \/>\n\t<meta name=\"twitter:data2\" content=\"1 minuto\" \/>\n<script type=\"application\/ld+json\" class=\"yoast-schema-graph\">{\"@context\":\"https:\/\/schema.org\",\"@graph\":[{\"@type\":\"Article\",\"@id\":\"https:\/\/noticiasemdestaque.com\/cd\/?p=44681#article\",\"isPartOf\":{\"@id\":\"https:\/\/noticiasemdestaque.com\/cd\/?p=44681\"},\"author\":{\"name\":\"Not\u00edcias em Destaque\",\"@id\":\"https:\/\/noticiasemdestaque.com\/cd\/#\/schema\/person\/47f7d4f55eec17c6b2ca036c5500f6ce\"},\"headline\":\"EM 2023: Motos de at\u00e9 170 cilindradas est\u00e3o isentas de IPVA na Para\u00edba\",\"datePublished\":\"2022-12-13T21:31:10+00:00\",\"mainEntityOfPage\":{\"@id\":\"https:\/\/noticiasemdestaque.com\/cd\/?p=44681\"},\"wordCount\":173,\"publisher\":{\"@id\":\"https:\/\/noticiasemdestaque.com\/cd\/#organization\"},\"image\":{\"@id\":\"https:\/\/noticiasemdestaque.com\/cd\/?p=44681#primaryimage\"},\"thumbnailUrl\":\"https:\/\/noticiasemdestaque.com\/cd\/wp-content\/uploads\/2021\/09\/motos_ipva-1200x675-1.jpg\",\"articleSection\":[\"Geral\"],\"inLanguage\":\"pt-BR\"},{\"@type\":\"WebPage\",\"@id\":\"https:\/\/noticiasemdestaque.com\/cd\/?p=44681\",\"url\":\"https:\/\/noticiasemdestaque.com\/cd\/?p=44681\",\"name\":\"EM 2023: Motos de at\u00e9 170 cilindradas est\u00e3o isentas de IPVA na Para\u00edba - Not&iacute;cias em Destaque\",\"isPartOf\":{\"@id\":\"https:\/\/noticiasemdestaque.com\/cd\/#website\"},\"primaryImageOfPage\":{\"@id\":\"https:\/\/noticiasemdestaque.com\/cd\/?p=44681#primaryimage\"},\"image\":{\"@id\":\"https:\/\/noticiasemdestaque.com\/cd\/?p=44681#primaryimage\"},\"thumbnailUrl\":\"https:\/\/noticiasemdestaque.com\/cd\/wp-content\/uploads\/2021\/09\/motos_ipva-1200x675-1.jpg\",\"datePublished\":\"2022-12-13T21:31:10+00:00\",\"breadcrumb\":{\"@id\":\"https:\/\/noticiasemdestaque.com\/cd\/?p=44681#breadcrumb\"},\"inLanguage\":\"pt-BR\",\"potentialAction\":[{\"@type\":\"ReadAction\",\"target\":[\"https:\/\/noticiasemdestaque.com\/cd\/?p=44681\"]}]},{\"@type\":\"ImageObject\",\"inLanguage\":\"pt-BR\",\"@id\":\"https:\/\/noticiasemdestaque.com\/cd\/?p=44681#primaryimage\",\"url\":\"https:\/\/noticiasemdestaque.com\/cd\/wp-content\/uploads\/2021\/09\/motos_ipva-1200x675-1.jpg\",\"contentUrl\":\"https:\/\/noticiasemdestaque.com\/cd\/wp-content\/uploads\/2021\/09\/motos_ipva-1200x675-1.jpg\",\"width\":1200,\"height\":675},{\"@type\":\"BreadcrumbList\",\"@id\":\"https:\/\/noticiasemdestaque.com\/cd\/?p=44681#breadcrumb\",\"itemListElement\":[{\"@type\":\"ListItem\",\"position\":1,\"name\":\"In\u00edcio\",\"item\":\"https:\/\/noticiasemdestaque.com\/cd\/\"},{\"@type\":\"ListItem\",\"position\":2,\"name\":\"EM 2023: Motos de at\u00e9 170 cilindradas est\u00e3o isentas de IPVA na Para\u00edba\"}]},{\"@type\":\"WebSite\",\"@id\":\"https:\/\/noticiasemdestaque.com\/cd\/#website\",\"url\":\"https:\/\/noticiasemdestaque.com\/cd\/\",\"name\":\"Not&iacute;cias em Destaque\",\"description\":\"\",\"publisher\":{\"@id\":\"https:\/\/noticiasemdestaque.com\/cd\/#organization\"},\"potentialAction\":[{\"@type\":\"SearchAction\",\"target\":{\"@type\":\"EntryPoint\",\"urlTemplate\":\"https:\/\/noticiasemdestaque.com\/cd\/?s={search_term_string}\"},\"query-input\":{\"@type\":\"PropertyValueSpecification\",\"valueRequired\":true,\"valueName\":\"search_term_string\"}}],\"inLanguage\":\"pt-BR\"},{\"@type\":\"Organization\",\"@id\":\"https:\/\/noticiasemdestaque.com\/cd\/#organization\",\"name\":\"Not\u00edcias em Destaque\",\"url\":\"https:\/\/noticiasemdestaque.com\/cd\/\",\"logo\":{\"@type\":\"ImageObject\",\"inLanguage\":\"pt-BR\",\"@id\":\"https:\/\/noticiasemdestaque.com\/cd\/#\/schema\/logo\/image\/\",\"url\":\"https:\/\/noticiasemdestaque.com\/cd\/wp-content\/uploads\/2022\/05\/imagem-base-noticiasemdestaque.png\",\"contentUrl\":\"https:\/\/noticiasemdestaque.com\/cd\/wp-content\/uploads\/2022\/05\/imagem-base-noticiasemdestaque.png\",\"width\":1200,\"height\":630,\"caption\":\"Not\u00edcias em Destaque\"},\"image\":{\"@id\":\"https:\/\/noticiasemdestaque.com\/cd\/#\/schema\/logo\/image\/\"}},{\"@type\":\"Person\",\"@id\":\"https:\/\/noticiasemdestaque.com\/cd\/#\/schema\/person\/47f7d4f55eec17c6b2ca036c5500f6ce\",\"name\":\"Not\u00edcias em Destaque\",\"url\":\"https:\/\/noticiasemdestaque.com\/cd\/?author=2\"}]}<\/script>\n<!-- \/ Yoast SEO plugin. -->","yoast_head_json":{"title":"EM 2023: Motos de at\u00e9 170 cilindradas est\u00e3o isentas de IPVA na Para\u00edba - Not&iacute;cias em Destaque","robots":{"index":"index","follow":"follow","max-snippet":"max-snippet:-1","max-image-preview":"max-image-preview:large","max-video-preview":"max-video-preview:-1"},"canonical":"https:\/\/noticiasemdestaque.com\/cd\/?p=44681","og_locale":"pt_BR","og_type":"article","og_title":"EM 2023: Motos de at\u00e9 170 cilindradas est\u00e3o isentas de IPVA na Para\u00edba - Not&iacute;cias em Destaque","og_description":"A\u00a0Assembleia Legislativa da Para\u00edba (ALPB), aprovou, nesta ter\u00e7a-feira (13),\u00a0a isen\u00e7\u00e3o de Imposto Sobre a Propriedade de Ve\u00edculos Automotores (IPVA) para motocicletas de at\u00e9 170 cilindradas. O Projeto de Lei (PL), de autoria do Governo do Estado, atende, principalmente, a popula\u00e7\u00e3o de regi\u00f5es onde ocorre dificuldade de locomo\u00e7\u00e3o, como em \u00e1reas rurais de diversos munic\u00edpios paraibanos. De acordo com o Governo do Estado, a moto \u00e9, atualmente, o ve\u00edculo mais popular em todos os aspectos, como o baixo custo de aquisi\u00e7\u00e3o, manuten\u00e7\u00e3o, agilidade e economia de combust\u00edvel. O texto da mat\u00e9ria ressalta ainda o uso da motocicleta por boa parte dos brasileiros para seu sustento e de sua fam\u00edlia, al\u00e9m da sua utilidade no deslocamento para o trabalho. A isen\u00e7\u00e3o do pagamento do\u00a0IPVA\u00a0para os propriet\u00e1rios destes ve\u00edculos passa a valer a partir do pr\u00f3ximo dia 1\u00ba de janeiro de 2023. Com F5 Online","og_url":"https:\/\/noticiasemdestaque.com\/cd\/?p=44681","og_site_name":"Not&iacute;cias em Destaque","article_published_time":"2022-12-13T21:31:10+00:00","og_image":[{"width":1200,"height":675,"url":"https:\/\/noticiasemdestaque.com\/cd\/wp-content\/uploads\/2021\/09\/motos_ipva-1200x675-1.jpg","type":"image\/jpeg"}],"author":"Not\u00edcias em Destaque","twitter_card":"summary_large_image","twitter_misc":{"Escrito por":"Not\u00edcias em Destaque","Est. tempo de leitura":"1 minuto"},"schema":{"@context":"https:\/\/schema.org","@graph":[{"@type":"Article","@id":"https:\/\/noticiasemdestaque.com\/cd\/?p=44681#article","isPartOf":{"@id":"https:\/\/noticiasemdestaque.com\/cd\/?p=44681"},"author":{"name":"Not\u00edcias em Destaque","@id":"https:\/\/noticiasemdestaque.com\/cd\/#\/schema\/person\/47f7d4f55eec17c6b2ca036c5500f6ce"},"headline":"EM 2023: Motos de at\u00e9 170 cilindradas est\u00e3o isentas de IPVA na Para\u00edba","datePublished":"2022-12-13T21:31:10+00:00","mainEntityOfPage":{"@id":"https:\/\/noticiasemdestaque.com\/cd\/?p=44681"},"wordCount":173,"publisher":{"@id":"https:\/\/noticiasemdestaque.com\/cd\/#organization"},"image":{"@id":"https:\/\/noticiasemdestaque.com\/cd\/?p=44681#primaryimage"},"thumbnailUrl":"https:\/\/noticiasemdestaque.com\/cd\/wp-content\/uploads\/2021\/09\/motos_ipva-1200x675-1.jpg","articleSection":["Geral"],"inLanguage":"pt-BR"},{"@type":"WebPage","@id":"https:\/\/noticiasemdestaque.com\/cd\/?p=44681","url":"https:\/\/noticiasemdestaque.com\/cd\/?p=44681","name":"EM 2023: Motos de at\u00e9 170 cilindradas est\u00e3o isentas de IPVA na Para\u00edba - Not&iacute;cias em Destaque","isPartOf":{"@id":"https:\/\/noticiasemdestaque.com\/cd\/#website"},"primaryImageOfPage":{"@id":"https:\/\/noticiasemdestaque.com\/cd\/?p=44681#primaryimage"},"image":{"@id":"https:\/\/noticiasemdestaque.com\/cd\/?p=44681#primaryimage"},"thumbnailUrl":"https:\/\/noticiasemdestaque.com\/cd\/wp-content\/uploads\/2021\/09\/motos_ipva-1200x675-1.jpg","datePublished":"2022-12-13T21:31:10+00:00","breadcrumb":{"@id":"https:\/\/noticiasemdestaque.com\/cd\/?p=44681#breadcrumb"},"inLanguage":"pt-BR","potentialAction":[{"@type":"ReadAction","target":["https:\/\/noticiasemdestaque.com\/cd\/?p=44681"]}]},{"@type":"ImageObject","inLanguage":"pt-BR","@id":"https:\/\/noticiasemdestaque.com\/cd\/?p=44681#primaryimage","url":"https:\/\/noticiasemdestaque.com\/cd\/wp-content\/uploads\/2021\/09\/motos_ipva-1200x675-1.jpg","contentUrl":"https:\/\/noticiasemdestaque.com\/cd\/wp-content\/uploads\/2021\/09\/motos_ipva-1200x675-1.jpg","width":1200,"height":675},{"@type":"BreadcrumbList","@id":"https:\/\/noticiasemdestaque.com\/cd\/?p=44681#breadcrumb","itemListElement":[{"@type":"ListItem","position":1,"name":"In\u00edcio","item":"https:\/\/noticiasemdestaque.com\/cd\/"},{"@type":"ListItem","position":2,"name":"EM 2023: Motos de at\u00e9 170 cilindradas est\u00e3o isentas de IPVA na Para\u00edba"}]},{"@type":"WebSite","@id":"https:\/\/noticiasemdestaque.com\/cd\/#website","url":"https:\/\/noticiasemdestaque.com\/cd\/","name":"Not&iacute;cias em Destaque","description":"","publisher":{"@id":"https:\/\/noticiasemdestaque.com\/cd\/#organization"},"potentialAction":[{"@type":"SearchAction","target":{"@type":"EntryPoint","urlTemplate":"https:\/\/noticiasemdestaque.com\/cd\/?s={search_term_string}"},"query-input":{"@type":"PropertyValueSpecification","valueRequired":true,"valueName":"search_term_string"}}],"inLanguage":"pt-BR"},{"@type":"Organization","@id":"https:\/\/noticiasemdestaque.com\/cd\/#organization","name":"Not\u00edcias em Destaque","url":"https:\/\/noticiasemdestaque.com\/cd\/","logo":{"@type":"ImageObject","inLanguage":"pt-BR","@id":"https:\/\/noticiasemdestaque.com\/cd\/#\/schema\/logo\/image\/","url":"https:\/\/noticiasemdestaque.com\/cd\/wp-content\/uploads\/2022\/05\/imagem-base-noticiasemdestaque.png","contentUrl":"https:\/\/noticiasemdestaque.com\/cd\/wp-content\/uploads\/2022\/05\/imagem-base-noticiasemdestaque.png","width":1200,"height":630,"caption":"Not\u00edcias em Destaque"},"image":{"@id":"https:\/\/noticiasemdestaque.com\/cd\/#\/schema\/logo\/image\/"}},{"@type":"Person","@id":"https:\/\/noticiasemdestaque.com\/cd\/#\/schema\/person\/47f7d4f55eec17c6b2ca036c5500f6ce","name":"Not\u00edcias em Destaque","url":"https:\/\/noticiasemdestaque.com\/cd\/?author=2"}]}},"jetpack_featured_media_url":"https:\/\/noticiasemdestaque.com\/cd\/wp-content\/uploads\/2021\/09\/motos_ipva-1200x675-1.jpg","jetpack_sharing_enabled":true,"_links":{"self":[{"href":"https:\/\/noticiasemdestaque.com\/cd\/index.php?rest_route=\/wp\/v2\/posts\/44681","targetHints":{"allow":["GET"]}}],"collection":[{"href":"https:\/\/noticiasemdestaque.com\/cd\/index.php?rest_route=\/wp\/v2\/posts"}],"about":[{"href":"https:\/\/noticiasemdestaque.com\/cd\/index.php?rest_route=\/wp\/v2\/types\/post"}],"author":[{"embeddable":true,"href":"https:\/\/noticiasemdestaque.com\/cd\/index.php?rest_route=\/wp\/v2\/users\/2"}],"replies":[{"embeddable":true,"href":"https:\/\/noticiasemdestaque.com\/cd\/index.php?rest_route=%2Fwp%2Fv2%2Fcomments&post=44681"}],"version-history":[{"count":1,"href":"https:\/\/noticiasemdestaque.com\/cd\/index.php?rest_route=\/wp\/v2\/posts\/44681\/revisions"}],"predecessor-version":[{"id":44682,"href":"https:\/\/noticiasemdestaque.com\/cd\/index.php?rest_route=\/wp\/v2\/posts\/44681\/revisions\/44682"}],"wp:featuredmedia":[{"embeddable":true,"href":"https:\/\/noticiasemdestaque.com\/cd\/index.php?rest_route=\/wp\/v2\/media\/34393"}],"wp:attachment":[{"href":"https:\/\/noticiasemdestaque.com\/cd\/index.php?rest_route=%2Fwp%2Fv2%2Fmedia&parent=44681"}],"wp:term":[{"taxonomy":"category","embeddable":true,"href":"https:\/\/noticiasemdestaque.com\/cd\/index.php?rest_route=%2Fwp%2Fv2%2Fcategories&post=44681"},{"taxonomy":"post_tag","embeddable":true,"href":"https:\/\/noticiasemdestaque.com\/cd\/index.php?rest_route=%2Fwp%2Fv2%2Ftags&post=44681"}],"curies":[{"name":"wp","href":"https:\/\/api.w.org\/{rel}","templated":true}]}}