{"id":44678,"date":"2022-12-13T14:02:01","date_gmt":"2022-12-13T17:02:01","guid":{"rendered":"https:\/\/noticiasemdestaque.com\/cd\/?p=44678"},"modified":"2022-12-13T14:02:01","modified_gmt":"2022-12-13T17:02:01","slug":"margareth-menezes-diz-que-aceitou-convite-de-lula-para-assumir-ministerio-da-cultura","status":"publish","type":"post","link":"https:\/\/noticiasemdestaque.com\/cd\/?p=44678","title":{"rendered":"Margareth Menezes diz que aceitou convite de Lula para assumir Minist\u00e9rio da Cultura"},"content":{"rendered":"<div id=\"chunk-dd9t8\">\n<div class=\"mc-column content-text active-extra-styles \" data-block-type=\"unstyled\" data-block-weight=\"27\" data-block-id=\"3\">\n<p data-track-category=\"Link no Texto\" data-track-links=\"\"><a href=\"https:\/\/noticiasemdestaque.com\/cd\/wp-content\/uploads\/2022\/12\/margareth-menezes.webp\"><img fetchpriority=\"high\" decoding=\"async\" class=\"alignnone  wp-image-44679\" src=\"https:\/\/noticiasemdestaque.com\/cd\/wp-content\/uploads\/2022\/12\/margareth-menezes-300x159.webp\" alt=\"\" width=\"1098\" height=\"582\" srcset=\"https:\/\/noticiasemdestaque.com\/cd\/wp-content\/uploads\/2022\/12\/margareth-menezes-300x159.webp 300w, https:\/\/noticiasemdestaque.com\/cd\/wp-content\/uploads\/2022\/12\/margareth-menezes-18x10.webp 18w, https:\/\/noticiasemdestaque.com\/cd\/wp-content\/uploads\/2022\/12\/margareth-menezes.webp 600w\" sizes=\"(max-width: 1098px) 100vw, 1098px\" \/><\/a><\/p>\n<p class=\"content-text__container \" data-track-category=\"Link no Texto\" data-track-links=\"\">A cantora Margareth Menezes informou nesta ter\u00e7a-feira (13) que aceitou o convite do presidente eleito,\u00a0<a href=\"https:\/\/g1.globo.com\/politica\/politico\/lula\/\">Lula<\/a>\u00a0(<a href=\"https:\/\/g1.globo.com\/politica\/partido\/pt\/\">PT<\/a>), para assumir o\u00a0<a href=\"https:\/\/g1.globo.com\/tudo-sobre\/ministerio-da-cultura\/\">Minist\u00e9rio da Cultura<\/a> a partir de 2023.<\/p>\n<\/div>\n<\/div>\n<div class=\"wall protected-content\">\n<div id=\"chunk-7gevf\">\n<div class=\"mc-column content-text active-extra-styles \" data-block-type=\"unstyled\" data-block-weight=\"26\" data-block-id=\"5\">\n<p class=\"content-text__container \" data-track-category=\"Link no Texto\" data-track-links=\"\">Margareth Menezes deu a declara\u00e7\u00e3o ao conceder entrevista coletiva no Centro Cultural Banco do Brasil (CCBB) em\u00a0<a href=\"https:\/\/g1.globo.com\/df\/distrito-federal\/cidade\/brasilia\/\">Bras\u00edlia<\/a>, onde atua a equipe de transi\u00e7\u00e3o de governo.<\/p>\n<\/div>\n<\/div>\n<div id=\"chunk-f9er6\">\n<div class=\"mc-column content-text active-extra-styles \" data-block-type=\"unstyled\" data-block-weight=\"21\" data-block-id=\"6\">\n<p class=\"content-text__container \" data-track-category=\"Link no Texto\" data-track-links=\"\">Mais cedo, nesta ter\u00e7a,\u00a0<a href=\"https:\/\/g1.globo.com\/politica\/noticia\/2022\/12\/13\/cotada-para-assumir-a-cultura-em-2023-margareth-menezes-se-reune-com-lula-em-brasilia.ghtml\">a cantora se encontrou com Lula<\/a> no hotel onde o presidente eleito est\u00e1 hospedado, na capital federal.<\/p>\n<\/div>\n<\/div>\n<div class=\"mc-column content-text active-extra-styles\" data-block-type=\"raw\" data-block-weight=\"38\" data-block-id=\"7\">\n<blockquote class=\"content-blockquote theme-border-color-primary-before\"><p>&#8220;Foi uma conversa [com Lula] muito animadora para a gente que \u00e9 da \u00e1rea da cultura. N\u00f3s conversamos, e eu aceitei a miss\u00e3o. Recebo isso como uma miss\u00e3o mesmo. Foi uma surpresa para mim tamb\u00e9m&#8221;, declarou a artista.<\/p><\/blockquote>\n<blockquote>\n<div id=\"chunk-316uc\">\n<div class=\"row medium-uncollapsed content-media content-photo\" data-block-type=\"backstage-photo\" data-block-id=\"9\">\n<div class=\"mc-column content-media__container\">\n<div class=\"content-media-container glb-skeleton-box\">\n<figure class=\"content-media-figure\"><img decoding=\"async\" class=\"i-amphtml-fill-content i-amphtml-replaced-content\" src=\"https:\/\/s2.glbimg.com\/YhkQ8MM4AcCd3h6rshZH64GWUwM=\/0x0:915x1024\/984x0\/smart\/filters:strip_icc()\/i.s3.glbimg.com\/v1\/AUTH_59edd422c0c84a879bd37670ae4f538a\/internal_photos\/bs\/2022\/N\/k\/el5UeORDGqSvQO1BxRYQ\/whatsapp-image-2022-12-13-at-12.53.02.jpeg\" sizes=\"(max-width: 1366px) 648px, 100vw\" srcset=\"https:\/\/s2.glbimg.com\/p1Ub33e2PgDY41mHR2NjEtq_KOs=\/0x0:915x1024\/1000x0\/smart\/filters:strip_icc()\/i.s3.glbimg.com\/v1\/AUTH_59edd422c0c84a879bd37670ae4f538a\/internal_photos\/bs\/2022\/N\/k\/el5UeORDGqSvQO1BxRYQ\/whatsapp-image-2022-12-13-at-12.53.02.jpeg 1000w, https:\/\/s2.glbimg.com\/YhkQ8MM4AcCd3h6rshZH64GWUwM=\/0x0:915x1024\/984x0\/smart\/filters:strip_icc()\/i.s3.glbimg.com\/v1\/AUTH_59edd422c0c84a879bd37670ae4f538a\/internal_photos\/bs\/2022\/N\/k\/el5UeORDGqSvQO1BxRYQ\/whatsapp-image-2022-12-13-at-12.53.02.jpeg 984w, https:\/\/s2.glbimg.com\/MZ4JdCuuaepx5e-9kgpsQmCrGuI=\/0x0:915x1024\/640x0\/smart\/filters:strip_icc()\/i.s3.glbimg.com\/v1\/AUTH_59edd422c0c84a879bd37670ae4f538a\/internal_photos\/bs\/2022\/N\/k\/el5UeORDGqSvQO1BxRYQ\/whatsapp-image-2022-12-13-at-12.53.02.jpeg 640w, https:\/\/s2.glbimg.com\/3yTNXCUUX2iSRgVQScAo24zJX1A=\/0x0:915x1024\/600x0\/smart\/filters:strip_icc()\/i.s3.glbimg.com\/v1\/AUTH_59edd422c0c84a879bd37670ae4f538a\/internal_photos\/bs\/2022\/N\/k\/el5UeORDGqSvQO1BxRYQ\/whatsapp-image-2022-12-13-at-12.53.02.jpeg 600w\" alt=\"Lula beija testa de Margareth Menezes, futura ministra da Cultura, durante encontro em Bras\u00edlia \u2014 Foto: Ricardo Stuckert\" \/><\/figure>\n<\/div>\n<p class=\"content-media__description \">Lula beija testa de Margareth Menezes, futura ministra da Cultura, durante encontro em Bras\u00edlia \u2014 Foto: Ricardo Stuckert<\/p>\n<\/div>\n<\/div>\n<\/div>\n<div id=\"chunk-5hnpn\">\n<div class=\"mc-column content-text active-extra-styles \" data-block-type=\"unstyled\" data-block-weight=\"22\" data-block-id=\"10\">\n<p class=\"content-text__container \" data-track-category=\"Link no Texto\" data-track-links=\"\">Em seguida, ela acrescentou que existe a &#8220;necessidade de a gente fazer uma for\u00e7a-tarefa para a gente levantar o Minist\u00e9rio da Cultura&#8221;.<\/p>\n<\/div>\n<\/div>\n<div class=\"mc-column content-text active-extra-styles\" data-block-type=\"raw\" data-block-weight=\"56\" data-block-id=\"11\">\n<p class=\"content-text__container\">\n<blockquote class=\"content-blockquote theme-border-color-primary-before\"><p>&#8220;Agora \u00e9 isso: a gente juntar todo mundo, a gente ouvir todo mundo, a gente levantar primeiro o minist\u00e9rio e fazer a cultura do Brasil no lugar que ela sempre merece de reconhecimento, que sempre foi reconhecida no mundo inteiro todas as \u00e1reas da cultura. As culturas populares, a gente reascender o caminho que foi criado.&#8221;<\/p><\/blockquote>\n<p>&nbsp;<\/p>\n<\/div>\n<div id=\"chunk-edik2\">\n<div class=\"mc-column content-text active-extra-styles \" data-block-type=\"unstyled\" data-block-weight=\"10\" data-block-id=\"12\">\n<p class=\"content-text__container \" data-track-category=\"Link no Texto\" data-track-links=\"\">Na semana passada, Lula anunciou cinco ministros do futuro governo:<\/p>\n<\/div>\n<\/div>\n<div class=\"mc-column content-text active-extra-styles\" data-block-type=\"raw\" data-block-weight=\"18\" data-block-id=\"13\">\n<ul class=\"content-unordered-list\">\n<li><a href=\"https:\/\/g1.globo.com\/politica\/politico\/fernando-haddad\/\">Fernando Haddad<\/a>\u00a0(Fazenda);<\/li>\n<li><a href=\"https:\/\/g1.globo.com\/tudo-sobre\/jose-mucio-monteiro\/\">Jos\u00e9 M\u00facio Monteiro<\/a>\u00a0(Defesa);<\/li>\n<li><a href=\"https:\/\/g1.globo.com\/politica\/politico\/flavio-dino\/\">Fl\u00e1vio Dino<\/a>\u00a0(Justi\u00e7a);<\/li>\n<li><a href=\"https:\/\/g1.globo.com\/politica\/politico\/rui-costa\/\">Rui Costa<\/a>\u00a0(Casa Civil);<\/li>\n<li><a href=\"https:\/\/g1.globo.com\/politica\/politico\/mauro-vieira\/\">Mauro Vieira<\/a>\u00a0(Rela\u00e7\u00f5es Exteriores).<\/li>\n<\/ul>\n<p>A expectativa \u00e9 que Lula anuncie mais ministros nesta semana.<\/p>\n<div class=\"mc-column content-text active-extra-styles\" data-block-type=\"raw\" data-block-weight=\"5\" data-block-id=\"19\">\n<div class=\"content-intertitle\">\n<h2>Encontro no hotel de Lula<\/h2>\n<\/div>\n<\/div>\n<div id=\"chunk-2uk96\">\n<div class=\"mc-column content-text active-extra-styles \" data-block-type=\"unstyled\" data-block-weight=\"23\" data-block-id=\"20\">\n<p class=\"content-text__container \" data-track-category=\"Link no Texto\" data-track-links=\"\">A informa\u00e7\u00e3o de que Margareth Menezes estava\u00a0<a href=\"https:\/\/g1.globo.com\/politica\/blog\/andreia-sadi\/post\/2022\/12\/08\/margareth-menezes-e-cotada-para-o-ministerio-da-cultura-no-governo-lula-3.ghtml\">cotada para assumir o minist\u00e9rio<\/a>\u00a0foi publicada pela colunista do\u00a0<a href=\"https:\/\/g1.globo.com\/\">g1<\/a>\u00a0<strong>Andr\u00e9ia Sadi<\/strong>\u00a0na semana passada.<\/p>\n<\/div>\n<\/div>\n<div id=\"chunk-aep3s\">\n<div class=\"mc-column content-text active-extra-styles \" data-block-type=\"unstyled\" data-block-weight=\"24\" data-block-id=\"21\">\n<p class=\"content-text__container \" data-track-category=\"Link no Texto\" data-track-links=\"\">Ao\u00a0<a href=\"https:\/\/g1.globo.com\/politica\/noticia\/2022\/12\/13\/cotada-para-assumir-a-cultura-em-2023-margareth-menezes-se-reune-com-lula-em-brasilia.ghtml\">chegar ao hotel de Lula nesta ter\u00e7a<\/a>, ela foi questionada se j\u00e1 havia recebido o convite do presidente eleito para assumir a pasta.<\/p>\n<div id=\"chunk-89s5v\">\n<div class=\"mc-column content-text active-extra-styles \" data-block-type=\"unstyled\" data-block-weight=\"26\" data-block-id=\"23\">\n<p class=\"content-text__container \" data-track-category=\"Link no Texto\" data-track-links=\"\">A cantora, ent\u00e3o, respondeu que conversaria com o presidente eleito. Indagada, em seguida, sobre o tema da reuni\u00e3o, informou que o encontro seria &#8220;sobre o minist\u00e9rio&#8221;.<\/p>\n<\/div>\n<\/div>\n<div id=\"chunk-e2dr1\">\n<div class=\"mc-column content-text active-extra-styles \" data-block-type=\"unstyled\" data-block-weight=\"34\" data-block-id=\"24\">\n<p class=\"content-text__container \" data-track-category=\"Link no Texto\" data-track-links=\"\">O Minist\u00e9rio da Cultura foi extinto pelo governo\u00a0<a href=\"https:\/\/g1.globo.com\/politica\/politico\/jair-bolsonaro\/\">Jair Bolsonaro<\/a>\u00a0e transformado em uma secretaria vinculada ao Minist\u00e9rio do Turismo. Durante a campanha, Lula disse que, se eleito, iria recriar o Minist\u00e9rio da Cultura.<\/p>\n<\/div>\n<\/div>\n<div id=\"chunk-e9jtq\">\n<div class=\"row medium-uncollapsed content-media content-photo\" data-block-type=\"backstage-photo\" data-block-id=\"25\">\n<div class=\"mc-column content-media__container\">\n<div class=\"content-media-container glb-skeleton-box\">\n<figure class=\"content-media-figure\"><img decoding=\"async\" class=\"i-amphtml-fill-content i-amphtml-replaced-content\" src=\"https:\/\/s2.glbimg.com\/mkYI12OQlKzpxg_V6_iZiEeZ0yY=\/0x0:1280x851\/984x0\/smart\/filters:strip_icc()\/i.s3.glbimg.com\/v1\/AUTH_59edd422c0c84a879bd37670ae4f538a\/internal_photos\/bs\/2022\/s\/F\/UGkAknQ46Aa8MVNHkGug\/whatsapp-image-2022-12-13-at-11.44.53.jpeg\" sizes=\"(max-width: 1366px) 648px, 100vw\" srcset=\"https:\/\/s2.glbimg.com\/bH_A6U1i50XLk3THKGxt6xVXZ-8=\/0x0:1280x851\/1000x0\/smart\/filters:strip_icc()\/i.s3.glbimg.com\/v1\/AUTH_59edd422c0c84a879bd37670ae4f538a\/internal_photos\/bs\/2022\/s\/F\/UGkAknQ46Aa8MVNHkGug\/whatsapp-image-2022-12-13-at-11.44.53.jpeg 1000w, https:\/\/s2.glbimg.com\/mkYI12OQlKzpxg_V6_iZiEeZ0yY=\/0x0:1280x851\/984x0\/smart\/filters:strip_icc()\/i.s3.glbimg.com\/v1\/AUTH_59edd422c0c84a879bd37670ae4f538a\/internal_photos\/bs\/2022\/s\/F\/UGkAknQ46Aa8MVNHkGug\/whatsapp-image-2022-12-13-at-11.44.53.jpeg 984w, https:\/\/s2.glbimg.com\/d4_SqFxCK1Dbl5ArhwmRmLd1T9Y=\/0x0:1280x851\/640x0\/smart\/filters:strip_icc()\/i.s3.glbimg.com\/v1\/AUTH_59edd422c0c84a879bd37670ae4f538a\/internal_photos\/bs\/2022\/s\/F\/UGkAknQ46Aa8MVNHkGug\/whatsapp-image-2022-12-13-at-11.44.53.jpeg 640w, https:\/\/s2.glbimg.com\/nSzbMszoL4WxlLiXFq_3fkZE74Y=\/0x0:1280x851\/600x0\/smart\/filters:strip_icc()\/i.s3.glbimg.com\/v1\/AUTH_59edd422c0c84a879bd37670ae4f538a\/internal_photos\/bs\/2022\/s\/F\/UGkAknQ46Aa8MVNHkGug\/whatsapp-image-2022-12-13-at-11.44.53.jpeg 600w\" alt=\"Margareth Menezes concede entrevista coletiva no CCBB, em Bras\u00edlia \u2014 Foto: Guilherme Mazui\/g1\" \/><\/figure>\n<\/div>\n<p class=\"content-media__description \">Margareth Menezes concede entrevista coletiva no CCBB, em Bras\u00edlia \u2014 Foto: Guilherme Mazui\/g1<\/p>\n<\/div>\n<\/div>\n<\/div>\n<div class=\"mc-column content-text active-extra-styles\" data-block-type=\"raw\" data-block-weight=\"2\" data-block-id=\"26\">\n<div class=\"content-intertitle\">\n<h2>Margareth Menezes<\/h2>\n<\/div>\n<\/div>\n<div id=\"chunk-cms2i\">\n<div class=\"mc-column content-text active-extra-styles \" data-block-type=\"unstyled\" data-block-weight=\"19\" data-block-id=\"27\">\n<p class=\"content-text__container \" data-track-category=\"Link no Texto\" data-track-links=\"\">Margareth Menezes tem\u00a0<a href=\"https:\/\/g1.globo.com\/ba\/bahia\/noticia\/2022\/12\/13\/margareth-menezes-conheca-cantora-escolhida-para-ministerio-da-cultura-no-3o-governo-lula.ghtml\">mais de 10 \u00e1lbuns lan\u00e7ados, v\u00e1rias indica\u00e7\u00f5es ao Grammy e fez mais de 20 turn\u00eas internacionais<\/a>.<\/p>\n<\/div>\n<\/div>\n<div class=\"mc-column content-text active-extra-styles\" data-block-type=\"raw\" data-block-weight=\"6\" data-block-id=\"28\">\n<p class=\"content-text__container\">\n<ul class=\"content-unordered-list\">\n<li><a href=\"https:\/\/g1.globo.com\/ba\/bahia\/noticia\/2022\/12\/13\/margareth-menezes-conheca-cantora-escolhida-para-ministerio-da-cultura-no-3o-governo-lula.ghtml\"><strong>Conhe\u00e7a a trajet\u00f3ria art\u00edstica da cantora<\/strong><\/a><\/li>\n<\/ul>\n<p>&nbsp;<\/p>\n<\/div>\n<div id=\"chunk-9cot\">\n<div class=\"mc-column content-text active-extra-styles \" data-block-type=\"unstyled\" data-block-weight=\"20\" data-block-id=\"29\">\n<p class=\"content-text__container \" data-track-category=\"Link no Texto\" data-track-links=\"\">A cantora tamb\u00e9m fundou a Associa\u00e7\u00e3o F\u00e1brica Cultural, de combate ao trabalho infantil, explora\u00e7\u00e3o sexual e outras viola\u00e7\u00f5es de direitos.<\/p>\n<\/div>\n<\/div>\n<div id=\"chunk-6ufcb\">\n<div class=\"mc-column content-text active-extra-styles \" data-block-type=\"unstyled\" data-block-weight=\"25\" data-block-id=\"31\">\n<p class=\"content-text__container \" data-track-category=\"Link no Texto\" data-track-links=\"\">A cantora deve participar do show da posse de Lula, ao lado de outros artistas, como Paulinho da Viola, pastor Kleber Lucas e Leonardo Gon\u00e7alves.<\/p>\n<\/div>\n<\/div>\n<div id=\"chunk-b9863\">\n<div class=\"mc-column content-text active-extra-styles \" data-block-type=\"unstyled\" data-block-weight=\"26\" data-block-id=\"32\">\n<p class=\"content-text__container \" data-track-category=\"Link no Texto\" data-track-links=\"\">A op\u00e7\u00e3o por um artista para comandar a Cultura se assemelha \u00e0 f\u00f3rmula usada por Lula no primeiro mandato, quando o presidente optou por\u00a0<a href=\"https:\/\/g1.globo.com\/tudo-sobre\/gilberto-gil\/\">Gilberto Gil<\/a>.<\/p>\n<\/div>\n<\/div>\n<div id=\"chunk-drreu\">\n<div class=\"row medium-uncollapsed content-media content-photo\" data-block-type=\"backstage-photo\" data-block-id=\"33\">\n<div class=\"mc-column content-media__container\">\n<div class=\"content-media-container glb-skeleton-box\">\n<figure class=\"content-media-figure\"><img decoding=\"async\" class=\"i-amphtml-fill-content i-amphtml-replaced-content\" src=\"https:\/\/s2.glbimg.com\/yw0KYoak-EhD2Hv_uMPMun_tgFM=\/0x0:656x820\/984x0\/smart\/filters:strip_icc()\/i.s3.glbimg.com\/v1\/AUTH_59edd422c0c84a879bd37670ae4f538a\/internal_photos\/bs\/2022\/X\/o\/nCDwIYQGCwcThEWkAJDg\/margareth-menezes-lula-sem-data.png\" sizes=\"(max-width: 1366px) 648px, 100vw\" srcset=\"https:\/\/s2.glbimg.com\/Zl-fIZRs2ubKFgiSQaO1k85X4Lc=\/0x0:656x820\/1000x0\/smart\/filters:strip_icc()\/i.s3.glbimg.com\/v1\/AUTH_59edd422c0c84a879bd37670ae4f538a\/internal_photos\/bs\/2022\/X\/o\/nCDwIYQGCwcThEWkAJDg\/margareth-menezes-lula-sem-data.png 1000w, https:\/\/s2.glbimg.com\/yw0KYoak-EhD2Hv_uMPMun_tgFM=\/0x0:656x820\/984x0\/smart\/filters:strip_icc()\/i.s3.glbimg.com\/v1\/AUTH_59edd422c0c84a879bd37670ae4f538a\/internal_photos\/bs\/2022\/X\/o\/nCDwIYQGCwcThEWkAJDg\/margareth-menezes-lula-sem-data.png 984w, https:\/\/s2.glbimg.com\/yFtr3ggomkBLbdKyxSFSIndbCVo=\/0x0:656x820\/640x0\/smart\/filters:strip_icc()\/i.s3.glbimg.com\/v1\/AUTH_59edd422c0c84a879bd37670ae4f538a\/internal_photos\/bs\/2022\/X\/o\/nCDwIYQGCwcThEWkAJDg\/margareth-menezes-lula-sem-data.png 640w, https:\/\/s2.glbimg.com\/R6Ig8mq_K5F4q9w93BRtwyntSaU=\/0x0:656x820\/600x0\/smart\/filters:strip_icc()\/i.s3.glbimg.com\/v1\/AUTH_59edd422c0c84a879bd37670ae4f538a\/internal_photos\/bs\/2022\/X\/o\/nCDwIYQGCwcThEWkAJDg\/margareth-menezes-lula-sem-data.png 600w\" alt=\"Margareth Menezes e Lula, em foto sem data postada no Instagram da cantora. \u2014 Foto: Reprodu\u00e7\u00e3o\/Instagram\" \/><\/figure>\n<\/div>\n<p class=\"content-media__description \"><strong>Noticias em Destaque<\/strong><\/p>\n<p style=\"text-align: right;\"><em>Fonte: G1<\/em><\/p>\n<\/div>\n<\/div>\n<\/div>\n<\/div>\n<\/div>\n<\/div>\n<\/blockquote>\n<\/div>\n<\/div>\n","protected":false},"excerpt":{"rendered":"<p>A cantora Margareth Menezes informou nesta ter\u00e7a-feira (13) que aceitou o convite do presidente eleito,\u00a0Lula\u00a0(PT), para assumir o\u00a0Minist\u00e9rio da Cultura a partir de 2023. Margareth Menezes deu a declara\u00e7\u00e3o ao conceder entrevista coletiva no Centro Cultural Banco do Brasil (CCBB) em\u00a0Bras\u00edlia, onde atua a equipe de transi\u00e7\u00e3o de governo. Mais cedo, nesta ter\u00e7a,\u00a0a cantora se encontrou com Lula no hotel onde o presidente eleito est\u00e1 hospedado, na capital federal. &#8220;Foi uma conversa [com Lula] muito animadora para a gente que \u00e9 da \u00e1rea da cultura. N\u00f3s conversamos, e eu aceitei a miss\u00e3o. Recebo isso como uma miss\u00e3o mesmo. Foi uma surpresa para mim tamb\u00e9m&#8221;, declarou a artista. Lula beija testa de Margareth Menezes, futura ministra da Cultura, durante encontro em Bras\u00edlia \u2014 Foto: Ricardo Stuckert Em seguida, ela acrescentou que existe a &#8220;necessidade de a gente fazer uma for\u00e7a-tarefa para a gente levantar o Minist\u00e9rio da Cultura&#8221;. &#8220;Agora \u00e9 isso: a gente juntar todo mundo, a gente ouvir todo mundo, a gente levantar primeiro o minist\u00e9rio e fazer a cultura do Brasil no lugar que ela sempre merece de reconhecimento, que sempre foi reconhecida no mundo inteiro todas as \u00e1reas da cultura. As culturas populares, a gente reascender o caminho que foi criado.&#8221; &nbsp; Na semana passada, Lula anunciou cinco ministros do futuro governo: Fernando Haddad\u00a0(Fazenda); Jos\u00e9 M\u00facio Monteiro\u00a0(Defesa); Fl\u00e1vio Dino\u00a0(Justi\u00e7a); Rui Costa\u00a0(Casa Civil); Mauro Vieira\u00a0(Rela\u00e7\u00f5es Exteriores). A expectativa \u00e9 que Lula anuncie mais ministros nesta semana. Encontro no hotel de Lula A informa\u00e7\u00e3o de que Margareth Menezes estava\u00a0cotada para assumir o minist\u00e9rio\u00a0foi publicada pela colunista do\u00a0g1\u00a0Andr\u00e9ia Sadi\u00a0na semana passada. Ao\u00a0chegar ao hotel de Lula nesta ter\u00e7a, ela foi questionada se j\u00e1 havia recebido o convite do presidente eleito para assumir a pasta. A cantora, ent\u00e3o, respondeu que conversaria com o presidente eleito. Indagada, em seguida, sobre o tema da reuni\u00e3o, informou que o encontro seria &#8220;sobre o minist\u00e9rio&#8221;. O Minist\u00e9rio da Cultura foi extinto pelo governo\u00a0Jair Bolsonaro\u00a0e transformado em uma secretaria vinculada ao Minist\u00e9rio do Turismo. Durante a campanha, Lula disse que, se eleito, iria recriar o Minist\u00e9rio da Cultura. Margareth Menezes concede entrevista coletiva no CCBB, em Bras\u00edlia \u2014 Foto: Guilherme Mazui\/g1 Margareth Menezes Margareth Menezes tem\u00a0mais de 10 \u00e1lbuns lan\u00e7ados, v\u00e1rias indica\u00e7\u00f5es ao Grammy e fez mais de 20 turn\u00eas internacionais. Conhe\u00e7a a trajet\u00f3ria art\u00edstica da cantora &nbsp; A cantora tamb\u00e9m fundou a Associa\u00e7\u00e3o F\u00e1brica Cultural, de combate ao trabalho infantil, explora\u00e7\u00e3o sexual e outras viola\u00e7\u00f5es de direitos. A cantora deve participar do show da posse de Lula, ao lado de outros artistas, como Paulinho da Viola, pastor Kleber Lucas e Leonardo Gon\u00e7alves. A op\u00e7\u00e3o por um artista para comandar a Cultura se assemelha \u00e0 f\u00f3rmula usada por Lula no primeiro mandato, quando o presidente optou por\u00a0Gilberto Gil. Noticias em Destaque Fonte: G1<\/p>\n","protected":false},"author":2,"featured_media":44679,"comment_status":"closed","ping_status":"open","sticky":false,"template":"","format":"standard","meta":{"_eb_attr":"","_jetpack_memberships_contains_paid_content":false,"footnotes":""},"categories":[4],"tags":[],"class_list":["post-44678","post","type-post","status-publish","format-standard","has-post-thumbnail","hentry","category-politica"],"yoast_head":"<!-- This site is optimized with the Yoast SEO plugin v26.5 - https:\/\/yoast.com\/wordpress\/plugins\/seo\/ -->\n<title>Margareth Menezes diz que aceitou convite de Lula para assumir Minist\u00e9rio da Cultura - Not&iacute;cias em Destaque<\/title>\n<meta name=\"robots\" content=\"index, follow, max-snippet:-1, max-image-preview:large, max-video-preview:-1\" \/>\n<link rel=\"canonical\" href=\"https:\/\/noticiasemdestaque.com\/cd\/?p=44678\" \/>\n<meta property=\"og:locale\" content=\"pt_BR\" \/>\n<meta property=\"og:type\" content=\"article\" \/>\n<meta property=\"og:title\" content=\"Margareth Menezes diz que aceitou convite de Lula para assumir Minist\u00e9rio da Cultura - Not&iacute;cias em Destaque\" \/>\n<meta property=\"og:description\" content=\"A cantora Margareth Menezes informou nesta ter\u00e7a-feira (13) que aceitou o convite do presidente eleito,\u00a0Lula\u00a0(PT), para assumir o\u00a0Minist\u00e9rio da Cultura a partir de 2023. Margareth Menezes deu a declara\u00e7\u00e3o ao conceder entrevista coletiva no Centro Cultural Banco do Brasil (CCBB) em\u00a0Bras\u00edlia, onde atua a equipe de transi\u00e7\u00e3o de governo. Mais cedo, nesta ter\u00e7a,\u00a0a cantora se encontrou com Lula no hotel onde o presidente eleito est\u00e1 hospedado, na capital federal. &#8220;Foi uma conversa [com Lula] muito animadora para a gente que \u00e9 da \u00e1rea da cultura. N\u00f3s conversamos, e eu aceitei a miss\u00e3o. Recebo isso como uma miss\u00e3o mesmo. Foi uma surpresa para mim tamb\u00e9m&#8221;, declarou a artista. Lula beija testa de Margareth Menezes, futura ministra da Cultura, durante encontro em Bras\u00edlia \u2014 Foto: Ricardo Stuckert Em seguida, ela acrescentou que existe a &#8220;necessidade de a gente fazer uma for\u00e7a-tarefa para a gente levantar o Minist\u00e9rio da Cultura&#8221;. &#8220;Agora \u00e9 isso: a gente juntar todo mundo, a gente ouvir todo mundo, a gente levantar primeiro o minist\u00e9rio e fazer a cultura do Brasil no lugar que ela sempre merece de reconhecimento, que sempre foi reconhecida no mundo inteiro todas as \u00e1reas da cultura. As culturas populares, a gente reascender o caminho que foi criado.&#8221; &nbsp; Na semana passada, Lula anunciou cinco ministros do futuro governo: Fernando Haddad\u00a0(Fazenda); Jos\u00e9 M\u00facio Monteiro\u00a0(Defesa); Fl\u00e1vio Dino\u00a0(Justi\u00e7a); Rui Costa\u00a0(Casa Civil); Mauro Vieira\u00a0(Rela\u00e7\u00f5es Exteriores). A expectativa \u00e9 que Lula anuncie mais ministros nesta semana. Encontro no hotel de Lula A informa\u00e7\u00e3o de que Margareth Menezes estava\u00a0cotada para assumir o minist\u00e9rio\u00a0foi publicada pela colunista do\u00a0g1\u00a0Andr\u00e9ia Sadi\u00a0na semana passada. Ao\u00a0chegar ao hotel de Lula nesta ter\u00e7a, ela foi questionada se j\u00e1 havia recebido o convite do presidente eleito para assumir a pasta. A cantora, ent\u00e3o, respondeu que conversaria com o presidente eleito. Indagada, em seguida, sobre o tema da reuni\u00e3o, informou que o encontro seria &#8220;sobre o minist\u00e9rio&#8221;. O Minist\u00e9rio da Cultura foi extinto pelo governo\u00a0Jair Bolsonaro\u00a0e transformado em uma secretaria vinculada ao Minist\u00e9rio do Turismo. Durante a campanha, Lula disse que, se eleito, iria recriar o Minist\u00e9rio da Cultura. Margareth Menezes concede entrevista coletiva no CCBB, em Bras\u00edlia \u2014 Foto: Guilherme Mazui\/g1 Margareth Menezes Margareth Menezes tem\u00a0mais de 10 \u00e1lbuns lan\u00e7ados, v\u00e1rias indica\u00e7\u00f5es ao Grammy e fez mais de 20 turn\u00eas internacionais. Conhe\u00e7a a trajet\u00f3ria art\u00edstica da cantora &nbsp; A cantora tamb\u00e9m fundou a Associa\u00e7\u00e3o F\u00e1brica Cultural, de combate ao trabalho infantil, explora\u00e7\u00e3o sexual e outras viola\u00e7\u00f5es de direitos. A cantora deve participar do show da posse de Lula, ao lado de outros artistas, como Paulinho da Viola, pastor Kleber Lucas e Leonardo Gon\u00e7alves. A op\u00e7\u00e3o por um artista para comandar a Cultura se assemelha \u00e0 f\u00f3rmula usada por Lula no primeiro mandato, quando o presidente optou por\u00a0Gilberto Gil. Noticias em Destaque Fonte: G1\" \/>\n<meta property=\"og:url\" content=\"https:\/\/noticiasemdestaque.com\/cd\/?p=44678\" \/>\n<meta property=\"og:site_name\" content=\"Not&iacute;cias em Destaque\" \/>\n<meta property=\"article:published_time\" content=\"2022-12-13T17:02:01+00:00\" \/>\n<meta property=\"og:image\" content=\"https:\/\/noticiasemdestaque.com\/cd\/wp-content\/uploads\/2022\/12\/margareth-menezes.webp\" \/>\n\t<meta property=\"og:image:width\" content=\"600\" \/>\n\t<meta property=\"og:image:height\" content=\"318\" \/>\n\t<meta property=\"og:image:type\" content=\"image\/webp\" \/>\n<meta name=\"author\" content=\"Not\u00edcias em Destaque\" \/>\n<meta name=\"twitter:card\" content=\"summary_large_image\" \/>\n<meta name=\"twitter:label1\" content=\"Escrito por\" \/>\n\t<meta name=\"twitter:data1\" content=\"Not\u00edcias em Destaque\" \/>\n\t<meta name=\"twitter:label2\" content=\"Est. tempo de leitura\" \/>\n\t<meta name=\"twitter:data2\" content=\"4 minutos\" \/>\n<script type=\"application\/ld+json\" class=\"yoast-schema-graph\">{\"@context\":\"https:\/\/schema.org\",\"@graph\":[{\"@type\":\"Article\",\"@id\":\"https:\/\/noticiasemdestaque.com\/cd\/?p=44678#article\",\"isPartOf\":{\"@id\":\"https:\/\/noticiasemdestaque.com\/cd\/?p=44678\"},\"author\":{\"name\":\"Not\u00edcias em Destaque\",\"@id\":\"https:\/\/noticiasemdestaque.com\/cd\/#\/schema\/person\/47f7d4f55eec17c6b2ca036c5500f6ce\"},\"headline\":\"Margareth Menezes diz que aceitou convite de Lula para assumir Minist\u00e9rio da Cultura\",\"datePublished\":\"2022-12-13T17:02:01+00:00\",\"mainEntityOfPage\":{\"@id\":\"https:\/\/noticiasemdestaque.com\/cd\/?p=44678\"},\"wordCount\":525,\"publisher\":{\"@id\":\"https:\/\/noticiasemdestaque.com\/cd\/#organization\"},\"image\":{\"@id\":\"https:\/\/noticiasemdestaque.com\/cd\/?p=44678#primaryimage\"},\"thumbnailUrl\":\"https:\/\/noticiasemdestaque.com\/cd\/wp-content\/uploads\/2022\/12\/margareth-menezes.webp\",\"articleSection\":[\"Pol\u00edtica\"],\"inLanguage\":\"pt-BR\"},{\"@type\":\"WebPage\",\"@id\":\"https:\/\/noticiasemdestaque.com\/cd\/?p=44678\",\"url\":\"https:\/\/noticiasemdestaque.com\/cd\/?p=44678\",\"name\":\"Margareth Menezes diz que aceitou convite de Lula para assumir Minist\u00e9rio da Cultura - Not&iacute;cias em Destaque\",\"isPartOf\":{\"@id\":\"https:\/\/noticiasemdestaque.com\/cd\/#website\"},\"primaryImageOfPage\":{\"@id\":\"https:\/\/noticiasemdestaque.com\/cd\/?p=44678#primaryimage\"},\"image\":{\"@id\":\"https:\/\/noticiasemdestaque.com\/cd\/?p=44678#primaryimage\"},\"thumbnailUrl\":\"https:\/\/noticiasemdestaque.com\/cd\/wp-content\/uploads\/2022\/12\/margareth-menezes.webp\",\"datePublished\":\"2022-12-13T17:02:01+00:00\",\"breadcrumb\":{\"@id\":\"https:\/\/noticiasemdestaque.com\/cd\/?p=44678#breadcrumb\"},\"inLanguage\":\"pt-BR\",\"potentialAction\":[{\"@type\":\"ReadAction\",\"target\":[\"https:\/\/noticiasemdestaque.com\/cd\/?p=44678\"]}]},{\"@type\":\"ImageObject\",\"inLanguage\":\"pt-BR\",\"@id\":\"https:\/\/noticiasemdestaque.com\/cd\/?p=44678#primaryimage\",\"url\":\"https:\/\/noticiasemdestaque.com\/cd\/wp-content\/uploads\/2022\/12\/margareth-menezes.webp\",\"contentUrl\":\"https:\/\/noticiasemdestaque.com\/cd\/wp-content\/uploads\/2022\/12\/margareth-menezes.webp\",\"width\":600,\"height\":318},{\"@type\":\"BreadcrumbList\",\"@id\":\"https:\/\/noticiasemdestaque.com\/cd\/?p=44678#breadcrumb\",\"itemListElement\":[{\"@type\":\"ListItem\",\"position\":1,\"name\":\"In\u00edcio\",\"item\":\"https:\/\/noticiasemdestaque.com\/cd\/\"},{\"@type\":\"ListItem\",\"position\":2,\"name\":\"Margareth Menezes diz que aceitou convite de Lula para assumir Minist\u00e9rio da Cultura\"}]},{\"@type\":\"WebSite\",\"@id\":\"https:\/\/noticiasemdestaque.com\/cd\/#website\",\"url\":\"https:\/\/noticiasemdestaque.com\/cd\/\",\"name\":\"Not&iacute;cias em Destaque\",\"description\":\"\",\"publisher\":{\"@id\":\"https:\/\/noticiasemdestaque.com\/cd\/#organization\"},\"potentialAction\":[{\"@type\":\"SearchAction\",\"target\":{\"@type\":\"EntryPoint\",\"urlTemplate\":\"https:\/\/noticiasemdestaque.com\/cd\/?s={search_term_string}\"},\"query-input\":{\"@type\":\"PropertyValueSpecification\",\"valueRequired\":true,\"valueName\":\"search_term_string\"}}],\"inLanguage\":\"pt-BR\"},{\"@type\":\"Organization\",\"@id\":\"https:\/\/noticiasemdestaque.com\/cd\/#organization\",\"name\":\"Not\u00edcias em Destaque\",\"url\":\"https:\/\/noticiasemdestaque.com\/cd\/\",\"logo\":{\"@type\":\"ImageObject\",\"inLanguage\":\"pt-BR\",\"@id\":\"https:\/\/noticiasemdestaque.com\/cd\/#\/schema\/logo\/image\/\",\"url\":\"https:\/\/noticiasemdestaque.com\/cd\/wp-content\/uploads\/2022\/05\/imagem-base-noticiasemdestaque.png\",\"contentUrl\":\"https:\/\/noticiasemdestaque.com\/cd\/wp-content\/uploads\/2022\/05\/imagem-base-noticiasemdestaque.png\",\"width\":1200,\"height\":630,\"caption\":\"Not\u00edcias em Destaque\"},\"image\":{\"@id\":\"https:\/\/noticiasemdestaque.com\/cd\/#\/schema\/logo\/image\/\"}},{\"@type\":\"Person\",\"@id\":\"https:\/\/noticiasemdestaque.com\/cd\/#\/schema\/person\/47f7d4f55eec17c6b2ca036c5500f6ce\",\"name\":\"Not\u00edcias em Destaque\",\"url\":\"https:\/\/noticiasemdestaque.com\/cd\/?author=2\"}]}<\/script>\n<!-- \/ Yoast SEO plugin. -->","yoast_head_json":{"title":"Margareth Menezes diz que aceitou convite de Lula para assumir Minist\u00e9rio da Cultura - Not&iacute;cias em Destaque","robots":{"index":"index","follow":"follow","max-snippet":"max-snippet:-1","max-image-preview":"max-image-preview:large","max-video-preview":"max-video-preview:-1"},"canonical":"https:\/\/noticiasemdestaque.com\/cd\/?p=44678","og_locale":"pt_BR","og_type":"article","og_title":"Margareth Menezes diz que aceitou convite de Lula para assumir Minist\u00e9rio da Cultura - Not&iacute;cias em Destaque","og_description":"A cantora Margareth Menezes informou nesta ter\u00e7a-feira (13) que aceitou o convite do presidente eleito,\u00a0Lula\u00a0(PT), para assumir o\u00a0Minist\u00e9rio da Cultura a partir de 2023. Margareth Menezes deu a declara\u00e7\u00e3o ao conceder entrevista coletiva no Centro Cultural Banco do Brasil (CCBB) em\u00a0Bras\u00edlia, onde atua a equipe de transi\u00e7\u00e3o de governo. Mais cedo, nesta ter\u00e7a,\u00a0a cantora se encontrou com Lula no hotel onde o presidente eleito est\u00e1 hospedado, na capital federal. &#8220;Foi uma conversa [com Lula] muito animadora para a gente que \u00e9 da \u00e1rea da cultura. N\u00f3s conversamos, e eu aceitei a miss\u00e3o. Recebo isso como uma miss\u00e3o mesmo. Foi uma surpresa para mim tamb\u00e9m&#8221;, declarou a artista. Lula beija testa de Margareth Menezes, futura ministra da Cultura, durante encontro em Bras\u00edlia \u2014 Foto: Ricardo Stuckert Em seguida, ela acrescentou que existe a &#8220;necessidade de a gente fazer uma for\u00e7a-tarefa para a gente levantar o Minist\u00e9rio da Cultura&#8221;. &#8220;Agora \u00e9 isso: a gente juntar todo mundo, a gente ouvir todo mundo, a gente levantar primeiro o minist\u00e9rio e fazer a cultura do Brasil no lugar que ela sempre merece de reconhecimento, que sempre foi reconhecida no mundo inteiro todas as \u00e1reas da cultura. As culturas populares, a gente reascender o caminho que foi criado.&#8221; &nbsp; Na semana passada, Lula anunciou cinco ministros do futuro governo: Fernando Haddad\u00a0(Fazenda); Jos\u00e9 M\u00facio Monteiro\u00a0(Defesa); Fl\u00e1vio Dino\u00a0(Justi\u00e7a); Rui Costa\u00a0(Casa Civil); Mauro Vieira\u00a0(Rela\u00e7\u00f5es Exteriores). A expectativa \u00e9 que Lula anuncie mais ministros nesta semana. Encontro no hotel de Lula A informa\u00e7\u00e3o de que Margareth Menezes estava\u00a0cotada para assumir o minist\u00e9rio\u00a0foi publicada pela colunista do\u00a0g1\u00a0Andr\u00e9ia Sadi\u00a0na semana passada. Ao\u00a0chegar ao hotel de Lula nesta ter\u00e7a, ela foi questionada se j\u00e1 havia recebido o convite do presidente eleito para assumir a pasta. A cantora, ent\u00e3o, respondeu que conversaria com o presidente eleito. Indagada, em seguida, sobre o tema da reuni\u00e3o, informou que o encontro seria &#8220;sobre o minist\u00e9rio&#8221;. O Minist\u00e9rio da Cultura foi extinto pelo governo\u00a0Jair Bolsonaro\u00a0e transformado em uma secretaria vinculada ao Minist\u00e9rio do Turismo. Durante a campanha, Lula disse que, se eleito, iria recriar o Minist\u00e9rio da Cultura. Margareth Menezes concede entrevista coletiva no CCBB, em Bras\u00edlia \u2014 Foto: Guilherme Mazui\/g1 Margareth Menezes Margareth Menezes tem\u00a0mais de 10 \u00e1lbuns lan\u00e7ados, v\u00e1rias indica\u00e7\u00f5es ao Grammy e fez mais de 20 turn\u00eas internacionais. Conhe\u00e7a a trajet\u00f3ria art\u00edstica da cantora &nbsp; A cantora tamb\u00e9m fundou a Associa\u00e7\u00e3o F\u00e1brica Cultural, de combate ao trabalho infantil, explora\u00e7\u00e3o sexual e outras viola\u00e7\u00f5es de direitos. A cantora deve participar do show da posse de Lula, ao lado de outros artistas, como Paulinho da Viola, pastor Kleber Lucas e Leonardo Gon\u00e7alves. A op\u00e7\u00e3o por um artista para comandar a Cultura se assemelha \u00e0 f\u00f3rmula usada por Lula no primeiro mandato, quando o presidente optou por\u00a0Gilberto Gil. Noticias em Destaque Fonte: G1","og_url":"https:\/\/noticiasemdestaque.com\/cd\/?p=44678","og_site_name":"Not&iacute;cias em Destaque","article_published_time":"2022-12-13T17:02:01+00:00","og_image":[{"width":600,"height":318,"url":"https:\/\/noticiasemdestaque.com\/cd\/wp-content\/uploads\/2022\/12\/margareth-menezes.webp","type":"image\/webp"}],"author":"Not\u00edcias em Destaque","twitter_card":"summary_large_image","twitter_misc":{"Escrito por":"Not\u00edcias em Destaque","Est. tempo de leitura":"4 minutos"},"schema":{"@context":"https:\/\/schema.org","@graph":[{"@type":"Article","@id":"https:\/\/noticiasemdestaque.com\/cd\/?p=44678#article","isPartOf":{"@id":"https:\/\/noticiasemdestaque.com\/cd\/?p=44678"},"author":{"name":"Not\u00edcias em Destaque","@id":"https:\/\/noticiasemdestaque.com\/cd\/#\/schema\/person\/47f7d4f55eec17c6b2ca036c5500f6ce"},"headline":"Margareth Menezes diz que aceitou convite de Lula para assumir Minist\u00e9rio da Cultura","datePublished":"2022-12-13T17:02:01+00:00","mainEntityOfPage":{"@id":"https:\/\/noticiasemdestaque.com\/cd\/?p=44678"},"wordCount":525,"publisher":{"@id":"https:\/\/noticiasemdestaque.com\/cd\/#organization"},"image":{"@id":"https:\/\/noticiasemdestaque.com\/cd\/?p=44678#primaryimage"},"thumbnailUrl":"https:\/\/noticiasemdestaque.com\/cd\/wp-content\/uploads\/2022\/12\/margareth-menezes.webp","articleSection":["Pol\u00edtica"],"inLanguage":"pt-BR"},{"@type":"WebPage","@id":"https:\/\/noticiasemdestaque.com\/cd\/?p=44678","url":"https:\/\/noticiasemdestaque.com\/cd\/?p=44678","name":"Margareth Menezes diz que aceitou convite de Lula para assumir Minist\u00e9rio da Cultura - Not&iacute;cias em Destaque","isPartOf":{"@id":"https:\/\/noticiasemdestaque.com\/cd\/#website"},"primaryImageOfPage":{"@id":"https:\/\/noticiasemdestaque.com\/cd\/?p=44678#primaryimage"},"image":{"@id":"https:\/\/noticiasemdestaque.com\/cd\/?p=44678#primaryimage"},"thumbnailUrl":"https:\/\/noticiasemdestaque.com\/cd\/wp-content\/uploads\/2022\/12\/margareth-menezes.webp","datePublished":"2022-12-13T17:02:01+00:00","breadcrumb":{"@id":"https:\/\/noticiasemdestaque.com\/cd\/?p=44678#breadcrumb"},"inLanguage":"pt-BR","potentialAction":[{"@type":"ReadAction","target":["https:\/\/noticiasemdestaque.com\/cd\/?p=44678"]}]},{"@type":"ImageObject","inLanguage":"pt-BR","@id":"https:\/\/noticiasemdestaque.com\/cd\/?p=44678#primaryimage","url":"https:\/\/noticiasemdestaque.com\/cd\/wp-content\/uploads\/2022\/12\/margareth-menezes.webp","contentUrl":"https:\/\/noticiasemdestaque.com\/cd\/wp-content\/uploads\/2022\/12\/margareth-menezes.webp","width":600,"height":318},{"@type":"BreadcrumbList","@id":"https:\/\/noticiasemdestaque.com\/cd\/?p=44678#breadcrumb","itemListElement":[{"@type":"ListItem","position":1,"name":"In\u00edcio","item":"https:\/\/noticiasemdestaque.com\/cd\/"},{"@type":"ListItem","position":2,"name":"Margareth Menezes diz que aceitou convite de Lula para assumir Minist\u00e9rio da Cultura"}]},{"@type":"WebSite","@id":"https:\/\/noticiasemdestaque.com\/cd\/#website","url":"https:\/\/noticiasemdestaque.com\/cd\/","name":"Not&iacute;cias em Destaque","description":"","publisher":{"@id":"https:\/\/noticiasemdestaque.com\/cd\/#organization"},"potentialAction":[{"@type":"SearchAction","target":{"@type":"EntryPoint","urlTemplate":"https:\/\/noticiasemdestaque.com\/cd\/?s={search_term_string}"},"query-input":{"@type":"PropertyValueSpecification","valueRequired":true,"valueName":"search_term_string"}}],"inLanguage":"pt-BR"},{"@type":"Organization","@id":"https:\/\/noticiasemdestaque.com\/cd\/#organization","name":"Not\u00edcias em Destaque","url":"https:\/\/noticiasemdestaque.com\/cd\/","logo":{"@type":"ImageObject","inLanguage":"pt-BR","@id":"https:\/\/noticiasemdestaque.com\/cd\/#\/schema\/logo\/image\/","url":"https:\/\/noticiasemdestaque.com\/cd\/wp-content\/uploads\/2022\/05\/imagem-base-noticiasemdestaque.png","contentUrl":"https:\/\/noticiasemdestaque.com\/cd\/wp-content\/uploads\/2022\/05\/imagem-base-noticiasemdestaque.png","width":1200,"height":630,"caption":"Not\u00edcias em Destaque"},"image":{"@id":"https:\/\/noticiasemdestaque.com\/cd\/#\/schema\/logo\/image\/"}},{"@type":"Person","@id":"https:\/\/noticiasemdestaque.com\/cd\/#\/schema\/person\/47f7d4f55eec17c6b2ca036c5500f6ce","name":"Not\u00edcias em Destaque","url":"https:\/\/noticiasemdestaque.com\/cd\/?author=2"}]}},"jetpack_featured_media_url":"https:\/\/noticiasemdestaque.com\/cd\/wp-content\/uploads\/2022\/12\/margareth-menezes.webp","jetpack_sharing_enabled":true,"_links":{"self":[{"href":"https:\/\/noticiasemdestaque.com\/cd\/index.php?rest_route=\/wp\/v2\/posts\/44678","targetHints":{"allow":["GET"]}}],"collection":[{"href":"https:\/\/noticiasemdestaque.com\/cd\/index.php?rest_route=\/wp\/v2\/posts"}],"about":[{"href":"https:\/\/noticiasemdestaque.com\/cd\/index.php?rest_route=\/wp\/v2\/types\/post"}],"author":[{"embeddable":true,"href":"https:\/\/noticiasemdestaque.com\/cd\/index.php?rest_route=\/wp\/v2\/users\/2"}],"replies":[{"embeddable":true,"href":"https:\/\/noticiasemdestaque.com\/cd\/index.php?rest_route=%2Fwp%2Fv2%2Fcomments&post=44678"}],"version-history":[{"count":1,"href":"https:\/\/noticiasemdestaque.com\/cd\/index.php?rest_route=\/wp\/v2\/posts\/44678\/revisions"}],"predecessor-version":[{"id":44680,"href":"https:\/\/noticiasemdestaque.com\/cd\/index.php?rest_route=\/wp\/v2\/posts\/44678\/revisions\/44680"}],"wp:featuredmedia":[{"embeddable":true,"href":"https:\/\/noticiasemdestaque.com\/cd\/index.php?rest_route=\/wp\/v2\/media\/44679"}],"wp:attachment":[{"href":"https:\/\/noticiasemdestaque.com\/cd\/index.php?rest_route=%2Fwp%2Fv2%2Fmedia&parent=44678"}],"wp:term":[{"taxonomy":"category","embeddable":true,"href":"https:\/\/noticiasemdestaque.com\/cd\/index.php?rest_route=%2Fwp%2Fv2%2Fcategories&post=44678"},{"taxonomy":"post_tag","embeddable":true,"href":"https:\/\/noticiasemdestaque.com\/cd\/index.php?rest_route=%2Fwp%2Fv2%2Ftags&post=44678"}],"curies":[{"name":"wp","href":"https:\/\/api.w.org\/{rel}","templated":true}]}}