{"id":44666,"date":"2022-12-13T11:32:24","date_gmt":"2022-12-13T14:32:24","guid":{"rendered":"https:\/\/noticiasemdestaque.com\/cd\/?p=44666"},"modified":"2022-12-13T11:38:19","modified_gmt":"2022-12-13T14:38:19","slug":"prefeitura-de-amparo-preparou-belissima-estrutura-para-chegada-do-natal","status":"publish","type":"post","link":"https:\/\/noticiasemdestaque.com\/cd\/?p=44666","title":{"rendered":"Prefeitura de Amparo preparou bel\u00edssima estrutura para chegada do natal"},"content":{"rendered":"<p><a href=\"https:\/\/noticiasemdestaque.com\/cd\/wp-content\/uploads\/2022\/12\/IMG-20221213-WA0025.jpg\"><img fetchpriority=\"high\" decoding=\"async\" class=\"alignnone  wp-image-44669\" src=\"https:\/\/noticiasemdestaque.com\/cd\/wp-content\/uploads\/2022\/12\/IMG-20221213-WA0025-300x199.jpg\" alt=\"\" width=\"1015\" height=\"673\" srcset=\"https:\/\/noticiasemdestaque.com\/cd\/wp-content\/uploads\/2022\/12\/IMG-20221213-WA0025-300x199.jpg 300w, https:\/\/noticiasemdestaque.com\/cd\/wp-content\/uploads\/2022\/12\/IMG-20221213-WA0025-18x12.jpg 18w, https:\/\/noticiasemdestaque.com\/cd\/wp-content\/uploads\/2022\/12\/IMG-20221213-WA0025.jpg 640w\" sizes=\"(max-width: 1015px) 100vw, 1015px\" \/><\/a><\/p>\n<p>A Prefeitura de Amparo preparou uma bel\u00edssima estrutura para a chegada do natal. No \u00faltimo s\u00e1bado, a gest\u00e3o municipal realizou o Natal de Luz, com o acender das luzes de natal.<\/p>\n<p>O momento contou com a presen\u00e7a do Prefeito In\u00e1cio N\u00f3brega, o vice-prefeito C\u00edcero Maciel, a Secret\u00e1ria de Assist\u00eancia Social Cleide N\u00f3brega, o vereador Duda Barnab\u00e9 e a chefe de Gabinete Josenice Silva.<\/p>\n<blockquote><p><a href=\"https:\/\/noticiasemdestaque.com\/cd\/wp-content\/uploads\/2022\/12\/IMG-20221213-WA0026.jpg\"><img decoding=\"async\" class=\" wp-image-44670 aligncenter\" src=\"https:\/\/noticiasemdestaque.com\/cd\/wp-content\/uploads\/2022\/12\/IMG-20221213-WA0026-300x199.jpg\" alt=\"\" width=\"531\" height=\"352\" srcset=\"https:\/\/noticiasemdestaque.com\/cd\/wp-content\/uploads\/2022\/12\/IMG-20221213-WA0026-300x199.jpg 300w, https:\/\/noticiasemdestaque.com\/cd\/wp-content\/uploads\/2022\/12\/IMG-20221213-WA0026-18x12.jpg 18w, https:\/\/noticiasemdestaque.com\/cd\/wp-content\/uploads\/2022\/12\/IMG-20221213-WA0026.jpg 640w\" sizes=\"(max-width: 531px) 100vw, 531px\" \/><\/a><\/p><\/blockquote>\n<p>Nas redes sociais, o prefeito In\u00e1cio agradeceu aos respons\u00e1veis pela estrutura.<\/p>\n<p>Ainda esse ano, ser\u00e1 realizado a 2\u00aa edi\u00e7\u00e3o do natal solid\u00e1rio, disse a secret\u00e1ria de Assist\u00eancia Cleide N\u00f3brega.<\/p>\n<p><strong>Not\u00edcias em Destaque<\/strong><\/p>\n<p>Com Amparo Ligado<\/p>\n","protected":false},"excerpt":{"rendered":"<p>A Prefeitura de Amparo preparou uma bel\u00edssima estrutura para a chegada do natal. No \u00faltimo s\u00e1bado, a gest\u00e3o municipal realizou o Natal de Luz, com o acender das luzes de natal. O momento contou com a presen\u00e7a do Prefeito In\u00e1cio N\u00f3brega, o vice-prefeito C\u00edcero Maciel, a Secret\u00e1ria de Assist\u00eancia Social Cleide N\u00f3brega, o vereador Duda Barnab\u00e9 e a chefe de Gabinete Josenice Silva. Nas redes sociais, o prefeito In\u00e1cio agradeceu aos respons\u00e1veis pela estrutura. Ainda esse ano, ser\u00e1 realizado a 2\u00aa edi\u00e7\u00e3o do natal solid\u00e1rio, disse a secret\u00e1ria de Assist\u00eancia Cleide N\u00f3brega. Not\u00edcias em Destaque Com Amparo Ligado<\/p>\n","protected":false},"author":2,"featured_media":44669,"comment_status":"closed","ping_status":"open","sticky":false,"template":"","format":"standard","meta":{"_eb_attr":"","_jetpack_memberships_contains_paid_content":false,"footnotes":""},"categories":[3],"tags":[],"class_list":["post-44666","post","type-post","status-publish","format-standard","has-post-thumbnail","hentry","category-cidades"],"yoast_head":"<!-- This site is optimized with the Yoast SEO plugin v26.5 - https:\/\/yoast.com\/wordpress\/plugins\/seo\/ -->\n<title>Prefeitura de Amparo preparou bel\u00edssima estrutura para chegada do natal - Not&iacute;cias em Destaque<\/title>\n<meta name=\"robots\" content=\"index, follow, max-snippet:-1, max-image-preview:large, max-video-preview:-1\" \/>\n<link rel=\"canonical\" href=\"https:\/\/noticiasemdestaque.com\/cd\/?p=44666\" \/>\n<meta property=\"og:locale\" content=\"pt_BR\" \/>\n<meta property=\"og:type\" content=\"article\" \/>\n<meta property=\"og:title\" content=\"Prefeitura de Amparo preparou bel\u00edssima estrutura para chegada do natal - Not&iacute;cias em Destaque\" \/>\n<meta property=\"og:description\" content=\"A Prefeitura de Amparo preparou uma bel\u00edssima estrutura para a chegada do natal. No \u00faltimo s\u00e1bado, a gest\u00e3o municipal realizou o Natal de Luz, com o acender das luzes de natal. O momento contou com a presen\u00e7a do Prefeito In\u00e1cio N\u00f3brega, o vice-prefeito C\u00edcero Maciel, a Secret\u00e1ria de Assist\u00eancia Social Cleide N\u00f3brega, o vereador Duda Barnab\u00e9 e a chefe de Gabinete Josenice Silva. Nas redes sociais, o prefeito In\u00e1cio agradeceu aos respons\u00e1veis pela estrutura. Ainda esse ano, ser\u00e1 realizado a 2\u00aa edi\u00e7\u00e3o do natal solid\u00e1rio, disse a secret\u00e1ria de Assist\u00eancia Cleide N\u00f3brega. Not\u00edcias em Destaque Com Amparo Ligado\" \/>\n<meta property=\"og:url\" content=\"https:\/\/noticiasemdestaque.com\/cd\/?p=44666\" \/>\n<meta property=\"og:site_name\" content=\"Not&iacute;cias em Destaque\" \/>\n<meta property=\"article:published_time\" content=\"2022-12-13T14:32:24+00:00\" \/>\n<meta property=\"article:modified_time\" content=\"2022-12-13T14:38:19+00:00\" \/>\n<meta property=\"og:image\" content=\"https:\/\/noticiasemdestaque.com\/cd\/wp-content\/uploads\/2022\/12\/IMG-20221213-WA0025.jpg\" \/>\n\t<meta property=\"og:image:width\" content=\"640\" \/>\n\t<meta property=\"og:image:height\" content=\"424\" \/>\n\t<meta property=\"og:image:type\" content=\"image\/jpeg\" \/>\n<meta name=\"author\" content=\"Not\u00edcias em Destaque\" \/>\n<meta name=\"twitter:card\" content=\"summary_large_image\" \/>\n<meta name=\"twitter:label1\" content=\"Escrito por\" \/>\n\t<meta name=\"twitter:data1\" content=\"Not\u00edcias em Destaque\" \/>\n\t<meta name=\"twitter:label2\" content=\"Est. tempo de leitura\" \/>\n\t<meta name=\"twitter:data2\" content=\"1 minuto\" \/>\n<script type=\"application\/ld+json\" class=\"yoast-schema-graph\">{\"@context\":\"https:\/\/schema.org\",\"@graph\":[{\"@type\":\"Article\",\"@id\":\"https:\/\/noticiasemdestaque.com\/cd\/?p=44666#article\",\"isPartOf\":{\"@id\":\"https:\/\/noticiasemdestaque.com\/cd\/?p=44666\"},\"author\":{\"name\":\"Not\u00edcias em Destaque\",\"@id\":\"https:\/\/noticiasemdestaque.com\/cd\/#\/schema\/person\/47f7d4f55eec17c6b2ca036c5500f6ce\"},\"headline\":\"Prefeitura de Amparo preparou bel\u00edssima estrutura para chegada do natal\",\"datePublished\":\"2022-12-13T14:32:24+00:00\",\"dateModified\":\"2022-12-13T14:38:19+00:00\",\"mainEntityOfPage\":{\"@id\":\"https:\/\/noticiasemdestaque.com\/cd\/?p=44666\"},\"wordCount\":126,\"publisher\":{\"@id\":\"https:\/\/noticiasemdestaque.com\/cd\/#organization\"},\"image\":{\"@id\":\"https:\/\/noticiasemdestaque.com\/cd\/?p=44666#primaryimage\"},\"thumbnailUrl\":\"https:\/\/noticiasemdestaque.com\/cd\/wp-content\/uploads\/2022\/12\/IMG-20221213-WA0025.jpg\",\"articleSection\":[\"Cidades\"],\"inLanguage\":\"pt-BR\"},{\"@type\":\"WebPage\",\"@id\":\"https:\/\/noticiasemdestaque.com\/cd\/?p=44666\",\"url\":\"https:\/\/noticiasemdestaque.com\/cd\/?p=44666\",\"name\":\"Prefeitura de Amparo preparou bel\u00edssima estrutura para chegada do natal - Not&iacute;cias em Destaque\",\"isPartOf\":{\"@id\":\"https:\/\/noticiasemdestaque.com\/cd\/#website\"},\"primaryImageOfPage\":{\"@id\":\"https:\/\/noticiasemdestaque.com\/cd\/?p=44666#primaryimage\"},\"image\":{\"@id\":\"https:\/\/noticiasemdestaque.com\/cd\/?p=44666#primaryimage\"},\"thumbnailUrl\":\"https:\/\/noticiasemdestaque.com\/cd\/wp-content\/uploads\/2022\/12\/IMG-20221213-WA0025.jpg\",\"datePublished\":\"2022-12-13T14:32:24+00:00\",\"dateModified\":\"2022-12-13T14:38:19+00:00\",\"breadcrumb\":{\"@id\":\"https:\/\/noticiasemdestaque.com\/cd\/?p=44666#breadcrumb\"},\"inLanguage\":\"pt-BR\",\"potentialAction\":[{\"@type\":\"ReadAction\",\"target\":[\"https:\/\/noticiasemdestaque.com\/cd\/?p=44666\"]}]},{\"@type\":\"ImageObject\",\"inLanguage\":\"pt-BR\",\"@id\":\"https:\/\/noticiasemdestaque.com\/cd\/?p=44666#primaryimage\",\"url\":\"https:\/\/noticiasemdestaque.com\/cd\/wp-content\/uploads\/2022\/12\/IMG-20221213-WA0025.jpg\",\"contentUrl\":\"https:\/\/noticiasemdestaque.com\/cd\/wp-content\/uploads\/2022\/12\/IMG-20221213-WA0025.jpg\",\"width\":640,\"height\":424},{\"@type\":\"BreadcrumbList\",\"@id\":\"https:\/\/noticiasemdestaque.com\/cd\/?p=44666#breadcrumb\",\"itemListElement\":[{\"@type\":\"ListItem\",\"position\":1,\"name\":\"In\u00edcio\",\"item\":\"https:\/\/noticiasemdestaque.com\/cd\/\"},{\"@type\":\"ListItem\",\"position\":2,\"name\":\"Prefeitura de Amparo preparou bel\u00edssima estrutura para chegada do natal\"}]},{\"@type\":\"WebSite\",\"@id\":\"https:\/\/noticiasemdestaque.com\/cd\/#website\",\"url\":\"https:\/\/noticiasemdestaque.com\/cd\/\",\"name\":\"Not&iacute;cias em Destaque\",\"description\":\"\",\"publisher\":{\"@id\":\"https:\/\/noticiasemdestaque.com\/cd\/#organization\"},\"potentialAction\":[{\"@type\":\"SearchAction\",\"target\":{\"@type\":\"EntryPoint\",\"urlTemplate\":\"https:\/\/noticiasemdestaque.com\/cd\/?s={search_term_string}\"},\"query-input\":{\"@type\":\"PropertyValueSpecification\",\"valueRequired\":true,\"valueName\":\"search_term_string\"}}],\"inLanguage\":\"pt-BR\"},{\"@type\":\"Organization\",\"@id\":\"https:\/\/noticiasemdestaque.com\/cd\/#organization\",\"name\":\"Not\u00edcias em Destaque\",\"url\":\"https:\/\/noticiasemdestaque.com\/cd\/\",\"logo\":{\"@type\":\"ImageObject\",\"inLanguage\":\"pt-BR\",\"@id\":\"https:\/\/noticiasemdestaque.com\/cd\/#\/schema\/logo\/image\/\",\"url\":\"https:\/\/noticiasemdestaque.com\/cd\/wp-content\/uploads\/2022\/05\/imagem-base-noticiasemdestaque.png\",\"contentUrl\":\"https:\/\/noticiasemdestaque.com\/cd\/wp-content\/uploads\/2022\/05\/imagem-base-noticiasemdestaque.png\",\"width\":1200,\"height\":630,\"caption\":\"Not\u00edcias em Destaque\"},\"image\":{\"@id\":\"https:\/\/noticiasemdestaque.com\/cd\/#\/schema\/logo\/image\/\"}},{\"@type\":\"Person\",\"@id\":\"https:\/\/noticiasemdestaque.com\/cd\/#\/schema\/person\/47f7d4f55eec17c6b2ca036c5500f6ce\",\"name\":\"Not\u00edcias em Destaque\",\"url\":\"https:\/\/noticiasemdestaque.com\/cd\/?author=2\"}]}<\/script>\n<!-- \/ Yoast SEO plugin. -->","yoast_head_json":{"title":"Prefeitura de Amparo preparou bel\u00edssima estrutura para chegada do natal - Not&iacute;cias em Destaque","robots":{"index":"index","follow":"follow","max-snippet":"max-snippet:-1","max-image-preview":"max-image-preview:large","max-video-preview":"max-video-preview:-1"},"canonical":"https:\/\/noticiasemdestaque.com\/cd\/?p=44666","og_locale":"pt_BR","og_type":"article","og_title":"Prefeitura de Amparo preparou bel\u00edssima estrutura para chegada do natal - Not&iacute;cias em Destaque","og_description":"A Prefeitura de Amparo preparou uma bel\u00edssima estrutura para a chegada do natal. No \u00faltimo s\u00e1bado, a gest\u00e3o municipal realizou o Natal de Luz, com o acender das luzes de natal. O momento contou com a presen\u00e7a do Prefeito In\u00e1cio N\u00f3brega, o vice-prefeito C\u00edcero Maciel, a Secret\u00e1ria de Assist\u00eancia Social Cleide N\u00f3brega, o vereador Duda Barnab\u00e9 e a chefe de Gabinete Josenice Silva. Nas redes sociais, o prefeito In\u00e1cio agradeceu aos respons\u00e1veis pela estrutura. Ainda esse ano, ser\u00e1 realizado a 2\u00aa edi\u00e7\u00e3o do natal solid\u00e1rio, disse a secret\u00e1ria de Assist\u00eancia Cleide N\u00f3brega. Not\u00edcias em Destaque Com Amparo Ligado","og_url":"https:\/\/noticiasemdestaque.com\/cd\/?p=44666","og_site_name":"Not&iacute;cias em Destaque","article_published_time":"2022-12-13T14:32:24+00:00","article_modified_time":"2022-12-13T14:38:19+00:00","og_image":[{"width":640,"height":424,"url":"https:\/\/noticiasemdestaque.com\/cd\/wp-content\/uploads\/2022\/12\/IMG-20221213-WA0025.jpg","type":"image\/jpeg"}],"author":"Not\u00edcias em Destaque","twitter_card":"summary_large_image","twitter_misc":{"Escrito por":"Not\u00edcias em Destaque","Est. tempo de leitura":"1 minuto"},"schema":{"@context":"https:\/\/schema.org","@graph":[{"@type":"Article","@id":"https:\/\/noticiasemdestaque.com\/cd\/?p=44666#article","isPartOf":{"@id":"https:\/\/noticiasemdestaque.com\/cd\/?p=44666"},"author":{"name":"Not\u00edcias em Destaque","@id":"https:\/\/noticiasemdestaque.com\/cd\/#\/schema\/person\/47f7d4f55eec17c6b2ca036c5500f6ce"},"headline":"Prefeitura de Amparo preparou bel\u00edssima estrutura para chegada do natal","datePublished":"2022-12-13T14:32:24+00:00","dateModified":"2022-12-13T14:38:19+00:00","mainEntityOfPage":{"@id":"https:\/\/noticiasemdestaque.com\/cd\/?p=44666"},"wordCount":126,"publisher":{"@id":"https:\/\/noticiasemdestaque.com\/cd\/#organization"},"image":{"@id":"https:\/\/noticiasemdestaque.com\/cd\/?p=44666#primaryimage"},"thumbnailUrl":"https:\/\/noticiasemdestaque.com\/cd\/wp-content\/uploads\/2022\/12\/IMG-20221213-WA0025.jpg","articleSection":["Cidades"],"inLanguage":"pt-BR"},{"@type":"WebPage","@id":"https:\/\/noticiasemdestaque.com\/cd\/?p=44666","url":"https:\/\/noticiasemdestaque.com\/cd\/?p=44666","name":"Prefeitura de Amparo preparou bel\u00edssima estrutura para chegada do natal - Not&iacute;cias em Destaque","isPartOf":{"@id":"https:\/\/noticiasemdestaque.com\/cd\/#website"},"primaryImageOfPage":{"@id":"https:\/\/noticiasemdestaque.com\/cd\/?p=44666#primaryimage"},"image":{"@id":"https:\/\/noticiasemdestaque.com\/cd\/?p=44666#primaryimage"},"thumbnailUrl":"https:\/\/noticiasemdestaque.com\/cd\/wp-content\/uploads\/2022\/12\/IMG-20221213-WA0025.jpg","datePublished":"2022-12-13T14:32:24+00:00","dateModified":"2022-12-13T14:38:19+00:00","breadcrumb":{"@id":"https:\/\/noticiasemdestaque.com\/cd\/?p=44666#breadcrumb"},"inLanguage":"pt-BR","potentialAction":[{"@type":"ReadAction","target":["https:\/\/noticiasemdestaque.com\/cd\/?p=44666"]}]},{"@type":"ImageObject","inLanguage":"pt-BR","@id":"https:\/\/noticiasemdestaque.com\/cd\/?p=44666#primaryimage","url":"https:\/\/noticiasemdestaque.com\/cd\/wp-content\/uploads\/2022\/12\/IMG-20221213-WA0025.jpg","contentUrl":"https:\/\/noticiasemdestaque.com\/cd\/wp-content\/uploads\/2022\/12\/IMG-20221213-WA0025.jpg","width":640,"height":424},{"@type":"BreadcrumbList","@id":"https:\/\/noticiasemdestaque.com\/cd\/?p=44666#breadcrumb","itemListElement":[{"@type":"ListItem","position":1,"name":"In\u00edcio","item":"https:\/\/noticiasemdestaque.com\/cd\/"},{"@type":"ListItem","position":2,"name":"Prefeitura de Amparo preparou bel\u00edssima estrutura para chegada do natal"}]},{"@type":"WebSite","@id":"https:\/\/noticiasemdestaque.com\/cd\/#website","url":"https:\/\/noticiasemdestaque.com\/cd\/","name":"Not&iacute;cias em Destaque","description":"","publisher":{"@id":"https:\/\/noticiasemdestaque.com\/cd\/#organization"},"potentialAction":[{"@type":"SearchAction","target":{"@type":"EntryPoint","urlTemplate":"https:\/\/noticiasemdestaque.com\/cd\/?s={search_term_string}"},"query-input":{"@type":"PropertyValueSpecification","valueRequired":true,"valueName":"search_term_string"}}],"inLanguage":"pt-BR"},{"@type":"Organization","@id":"https:\/\/noticiasemdestaque.com\/cd\/#organization","name":"Not\u00edcias em Destaque","url":"https:\/\/noticiasemdestaque.com\/cd\/","logo":{"@type":"ImageObject","inLanguage":"pt-BR","@id":"https:\/\/noticiasemdestaque.com\/cd\/#\/schema\/logo\/image\/","url":"https:\/\/noticiasemdestaque.com\/cd\/wp-content\/uploads\/2022\/05\/imagem-base-noticiasemdestaque.png","contentUrl":"https:\/\/noticiasemdestaque.com\/cd\/wp-content\/uploads\/2022\/05\/imagem-base-noticiasemdestaque.png","width":1200,"height":630,"caption":"Not\u00edcias em Destaque"},"image":{"@id":"https:\/\/noticiasemdestaque.com\/cd\/#\/schema\/logo\/image\/"}},{"@type":"Person","@id":"https:\/\/noticiasemdestaque.com\/cd\/#\/schema\/person\/47f7d4f55eec17c6b2ca036c5500f6ce","name":"Not\u00edcias em Destaque","url":"https:\/\/noticiasemdestaque.com\/cd\/?author=2"}]}},"jetpack_featured_media_url":"https:\/\/noticiasemdestaque.com\/cd\/wp-content\/uploads\/2022\/12\/IMG-20221213-WA0025.jpg","jetpack_sharing_enabled":true,"_links":{"self":[{"href":"https:\/\/noticiasemdestaque.com\/cd\/index.php?rest_route=\/wp\/v2\/posts\/44666","targetHints":{"allow":["GET"]}}],"collection":[{"href":"https:\/\/noticiasemdestaque.com\/cd\/index.php?rest_route=\/wp\/v2\/posts"}],"about":[{"href":"https:\/\/noticiasemdestaque.com\/cd\/index.php?rest_route=\/wp\/v2\/types\/post"}],"author":[{"embeddable":true,"href":"https:\/\/noticiasemdestaque.com\/cd\/index.php?rest_route=\/wp\/v2\/users\/2"}],"replies":[{"embeddable":true,"href":"https:\/\/noticiasemdestaque.com\/cd\/index.php?rest_route=%2Fwp%2Fv2%2Fcomments&post=44666"}],"version-history":[{"count":2,"href":"https:\/\/noticiasemdestaque.com\/cd\/index.php?rest_route=\/wp\/v2\/posts\/44666\/revisions"}],"predecessor-version":[{"id":44672,"href":"https:\/\/noticiasemdestaque.com\/cd\/index.php?rest_route=\/wp\/v2\/posts\/44666\/revisions\/44672"}],"wp:featuredmedia":[{"embeddable":true,"href":"https:\/\/noticiasemdestaque.com\/cd\/index.php?rest_route=\/wp\/v2\/media\/44669"}],"wp:attachment":[{"href":"https:\/\/noticiasemdestaque.com\/cd\/index.php?rest_route=%2Fwp%2Fv2%2Fmedia&parent=44666"}],"wp:term":[{"taxonomy":"category","embeddable":true,"href":"https:\/\/noticiasemdestaque.com\/cd\/index.php?rest_route=%2Fwp%2Fv2%2Fcategories&post=44666"},{"taxonomy":"post_tag","embeddable":true,"href":"https:\/\/noticiasemdestaque.com\/cd\/index.php?rest_route=%2Fwp%2Fv2%2Ftags&post=44666"}],"curies":[{"name":"wp","href":"https:\/\/api.w.org\/{rel}","templated":true}]}}