{"id":44660,"date":"2022-12-13T09:32:27","date_gmt":"2022-12-13T12:32:27","guid":{"rendered":"https:\/\/noticiasemdestaque.com\/cd\/?p=44660"},"modified":"2022-12-13T09:32:27","modified_gmt":"2022-12-13T12:32:27","slug":"brasilia-amanhece-com-fuligem-cacambas-reviradas-e-predios-vandalizados-apos-tentativa-de-invasao-a-pf","status":"publish","type":"post","link":"https:\/\/noticiasemdestaque.com\/cd\/?p=44660","title":{"rendered":"Bras\u00edlia amanhece com fuligem, ca\u00e7ambas reviradas e pr\u00e9dios vandalizados ap\u00f3s tentativa de invas\u00e3o \u00e0 PF"},"content":{"rendered":"<p><a href=\"https:\/\/noticiasemdestaque.com\/cd\/wp-content\/uploads\/2022\/12\/Brasilia-amanhece-com-fuligem-cacambas-reviradas-e-predios-vandalizados-apos-tentativa-de-invasao-a-PF.webp\"><img fetchpriority=\"high\" decoding=\"async\" class=\"alignnone  wp-image-44661\" src=\"https:\/\/noticiasemdestaque.com\/cd\/wp-content\/uploads\/2022\/12\/Brasilia-amanhece-com-fuligem-cacambas-reviradas-e-predios-vandalizados-apos-tentativa-de-invasao-a-PF-300x166.webp\" alt=\"\" width=\"1064\" height=\"589\" srcset=\"https:\/\/noticiasemdestaque.com\/cd\/wp-content\/uploads\/2022\/12\/Brasilia-amanhece-com-fuligem-cacambas-reviradas-e-predios-vandalizados-apos-tentativa-de-invasao-a-PF-300x166.webp 300w, https:\/\/noticiasemdestaque.com\/cd\/wp-content\/uploads\/2022\/12\/Brasilia-amanhece-com-fuligem-cacambas-reviradas-e-predios-vandalizados-apos-tentativa-de-invasao-a-PF-768x424.webp 768w, https:\/\/noticiasemdestaque.com\/cd\/wp-content\/uploads\/2022\/12\/Brasilia-amanhece-com-fuligem-cacambas-reviradas-e-predios-vandalizados-apos-tentativa-de-invasao-a-PF-18x10.webp 18w, https:\/\/noticiasemdestaque.com\/cd\/wp-content\/uploads\/2022\/12\/Brasilia-amanhece-com-fuligem-cacambas-reviradas-e-predios-vandalizados-apos-tentativa-de-invasao-a-PF.webp 876w\" sizes=\"(max-width: 1064px) 100vw, 1064px\" \/><\/a><\/p>\n<p>A regi\u00e3o central de\u00a0<a href=\"https:\/\/www.cnnbrasil.com.br\/tudo-sobre\/brasilia\/\">Bras\u00edlia<\/a>\u00a0amanheceu nesta ter\u00e7a-feira (13) com sinais dos<a href=\"https:\/\/www.cnnbrasil.com.br\/politica\/manifestantes-tentam-invadir-predio-da-policia-federal-em-brasilia-diz-a-pm\/\">\u00a0atos de vandalismo promovidos por apoiadores do presidente Jair Bolsonaro (PL), que tentaram invadir o edif\u00edcio-sede da Pol\u00edcia Federal na noite de segunda.<\/a><\/p>\n<p>A\u00a0<strong>CNN\u00a0<\/strong>p\u00f4de verificar muita fuligem nas ruas por conta dos carros e \u00f4nibus que foram queimados pelos manifestantes.<\/p>\n<p>Cont\u00eaineres, ca\u00e7ambas e \u00e1rvores derrubadas tamb\u00e9m foram vistas na regi\u00e3o do setor hoteleiro da capital federal.<\/p>\n<p>Algumas fachadas de pr\u00e9dios, inclusive hot\u00e9is, foram vandalizadas pelos apoiadores durante o protesto.<\/p>\n<figure id=\"attachment_2042637\" class=\"wp-caption alignnone\" aria-describedby=\"caption-attachment-2042637\"><img decoding=\"async\" class=\"alignleft size-large wp-image-2042637\" src=\"https:\/\/www.cnnbrasil.com.br\/wp-content\/uploads\/sites\/12\/2022\/12\/1670929215930906.jpg?w=1023\" sizes=\"(max-width: 1023px) 100vw, 1023px\" srcset=\"https:\/\/www.cnnbrasil.com.br\/wp-content\/uploads\/sites\/12\/2022\/12\/1670929215930906.jpg 1023w, https:\/\/www.cnnbrasil.com.br\/wp-content\/uploads\/sites\/12\/2022\/12\/1670929215930906.jpg?resize=300,174 300w, https:\/\/www.cnnbrasil.com.br\/wp-content\/uploads\/sites\/12\/2022\/12\/1670929215930906.jpg?resize=768,445 768w, https:\/\/www.cnnbrasil.com.br\/wp-content\/uploads\/sites\/12\/2022\/12\/1670929215930906.jpg?resize=65,37 65w, https:\/\/www.cnnbrasil.com.br\/wp-content\/uploads\/sites\/12\/2022\/12\/1670929215930906.jpg?resize=278,160 278w, https:\/\/www.cnnbrasil.com.br\/wp-content\/uploads\/sites\/12\/2022\/12\/1670929215930906.jpg?resize=228,132 228w, https:\/\/www.cnnbrasil.com.br\/wp-content\/uploads\/sites\/12\/2022\/12\/1670929215930906.jpg?resize=95,55 95w, https:\/\/www.cnnbrasil.com.br\/wp-content\/uploads\/sites\/12\/2022\/12\/1670929215930906.jpg?resize=75,43 75w\" alt=\"Na noite de segunda (12), manifestantes tentaram atirar \u00f4nibus incendiado de viaduto em Bras\u00edlia (12.dezembro.2022)\" width=\"1023\" height=\"593\" \/><figcaption id=\"caption-attachment-2042637\" class=\"wp-caption-text\">Na noite de segunda (12), manifestantes tentaram atirar \u00f4nibus de viaduto em Bras\u00edlia e o incendiaram (12.dezembro.2022) \/ Reprodu\u00e7\u00e3o\/CNN<\/figcaption><\/figure>\n<p>Apesar dos manifestantes terem tentado entrar na sede da PF, a situa\u00e7\u00e3o no local est\u00e1 tranquila na manh\u00e3 desta ter\u00e7a (13).<\/p>\n<p>A sede, que foi inaugurada h\u00e1 poucos meses na Asa Norte de Bras\u00edlia, n\u00e3o tem sinais de vandalismo e a seguran\u00e7a no pr\u00e9dio \u00e9 realizada costumeiramente.<\/p>\n<p>No estacionamento da sede, \u00e9 poss\u00edvel ver alguns sinais dos protestos, como c\u00e1psulas de balas de borracha e bombas de efeito moral, que foram utilizadas pelas autoridades para conter os atos.<\/p>\n<p>Muitas vias no entorno da regi\u00e3o central do Plano Piloto est\u00e3o fechadas. A Esplanada dos Minist\u00e9rios segue fechada na altura da rodovi\u00e1ria e algumas vias de acesso ao setor hoteleiro t\u00eam interrup\u00e7\u00f5es no tr\u00e2nsito.<\/p>\n<p><img decoding=\"async\" class=\"aligncenter\" src=\"https:\/\/www.cnnbrasil.com.br\/wp-content\/uploads\/sites\/12\/2022\/12\/BR_CNN_121222_CPT_CLEAN_frame_107811-e1670889291486.jpeg?w=732&amp;h=412&amp;crop=1\" \/><\/p>\n<h2>Bras\u00edlia tem tumulto e \u00f4nibus queimados<\/h2>\n<p><a href=\"https:\/\/www.cnnbrasil.com.br\/politica\/manifestantes-tentam-invadir-predio-da-policia-federal-em-brasilia-diz-a-pm\/\">Apoiadores do presidente\u00a0Jair Bolsonaro (PL) realizaram atos de vandalismo na noite desta segunda-feira (12) em Bras\u00edlia. Houve tentativa de invas\u00e3o da sede da Pol\u00edcia Federal. Carros e \u00f4nibus foram incendiados.<\/a><\/p>\n<p>Para conter os manifestantes, agentes da Pol\u00edcia Federal usaram bombas de efeito moral e g\u00e1s pimenta. Segundo o Corpo de Bombeiros, n\u00e3o houve registro de feridos at\u00e9 o in\u00edcio da madrugada desta ter\u00e7a (13).<\/p>\n<p>Em nota, a Pol\u00edcia Militar do Distrito Federal afirmou que o protesto teve in\u00edcio ap\u00f3s o cumprimento de um mandado de pris\u00e3o tempor\u00e1ria contra o cacique Jos\u00e9 Ac\u00e1cio Serere Xavante.\u00a0A deten\u00e7\u00e3o ocorreu pela suposta pr\u00e1tica de condutas il\u00edcitas em atos antidemocr\u00e1ticos pelo prazo de dez dias.<\/p>\n<p>Segundo a PF, Xavante teria realizado manifesta\u00e7\u00f5es de cunho antidemocr\u00e1tico em diversos locais de Bras\u00edlia, notadamente em frente ao Congresso Nacional, no Aeroporto Internacional de Bras\u00edlia (onde invadiram a \u00e1rea de embarque), no centro de compras Park Shopping, na Esplanada dos Minist\u00e9rios (por ocasi\u00e3o da cerim\u00f4nia de troca da bandeira nacional e em outros momentos).<\/p>\n<p><img decoding=\"async\" class=\"aligncenter\" src=\"https:\/\/www.cnnbrasil.com.br\/wp-content\/uploads\/sites\/12\/2022\/12\/BR_CNN_121222_CPT_CLEAN_frame_108563-e1670889371430.jpeg?w=732&amp;h=412&amp;crop=1\" \/><\/p>\n<p>Ao pedir a pris\u00e3o tempor\u00e1ria, a PGR disse que ele vem se utilizando da sua posi\u00e7\u00e3o de cacique do Povo Xavante para arregimentar ind\u00edgenas e n\u00e3o ind\u00edgenas para cometer crimes, mediante a amea\u00e7a de agress\u00e3o e persegui\u00e7\u00e3o de Lula e dos ministros do STF Alexandre de Moraes e\u00a0<a href=\"https:\/\/www.cnnbrasil.com.br\/tudo-sobre\/luis-roberto-barroso\/\">Lu\u00eds Roberto Barroso<\/a>.<\/p>\n<p>Em um\u00a0<a href=\"https:\/\/www.cnnbrasil.com.br\/politica\/cacique-preso-em-brasilia-pede-a-manifestantes-que-nao-se-envolvam-em-briga-ou-confronto\/\">v\u00eddeo enviado a jornalistas<\/a>, Xavante pede aos manifestantes que n\u00e3o se envolvam em \u201cbriga ou confronto\u201d.<\/p>\n<p>\u201cMeus amigos, irm\u00e3os, povo brasileiro, cacique e l\u00edderes. Estou bem, gra\u00e7as a Deus, e estou em paz. Quero pedir: como eu tenho amado os senhores, se os senhores me amam tamb\u00e9m, me consideram, eu quero pedir para que os senhores n\u00e3o venham fazer conflito, briga ou confronto com a autoridade policial e venham viver em paz. E n\u00e3o pode continuar o que aconteceu, infelizmente, essa destrui\u00e7\u00e3o dos carros, ataque \u00e0 sede da PF\u201d, diz.<\/p>\n<p><a href=\"https:\/\/www.cnnbrasil.com.br\/politica\/ordem-ja-foi-reestabelecida-e-policia-continuara-nas-ruas-diz-secretario-de-seguranca-do-df\/\">O secret\u00e1rio de Seguran\u00e7a P\u00fablica do\u00a0Distrito Federal, J\u00falio Danilo, declarou que a ordem j\u00e1 foi reestabelecida.\u00a0<\/a><\/p>\n<p>\u201cO Governo do Distrito Federal vem trabalhando integrado com os \u00f3rg\u00e3os federais e com a equipe de transi\u00e7\u00e3o na sua miss\u00e3o de garantir a seguran\u00e7a dos cidad\u00e3os, das autoridades e a ordem p\u00fablica. Hoje ocorreu um fato, j\u00e1 para o final da tarde, a pris\u00e3o de um manifestante com o cumprimento de um mandado de pris\u00e3o que acabou desencadeando atos de vandalismo pr\u00f3ximos ao pr\u00e9dio da Pol\u00edcia Federal no centro de Bras\u00edlia\u201d, explicou J\u00falio Danilo.<\/p>\n<p><img decoding=\"async\" class=\"aligncenter\" src=\"https:\/\/www.cnnbrasil.com.br\/wp-content\/uploads\/sites\/12\/2022\/12\/BR_CNN_121222_CPT_CLEAN_frame_140745.jpeg?w=732&amp;h=412&amp;crop=1\" \/><\/p>\n<p>\u201cProntamente, a Pol\u00edcia Militar e a Pol\u00edcia Civil responderam a essas agress\u00f5es no intuito de reestabelecer a ordem, como agora, nesse momento, j\u00e1 foi reestabelecido. A pol\u00edcia est\u00e1 nas ruas, continuaremos nas ruas, como j\u00e1 foi dito pelo ministro. Os crimes que foram cometidos ser\u00e3o apurados e os respons\u00e1veis ser\u00e3o responsabilizados\u201d, continuou.<\/p>\n<p>O governador do Distrito Federal,\u00a0<a href=\"https:\/\/www.cnnbrasil.com.br\/tudo-sobre\/ibaneis-rocha\/\">Ibaneis Rocha (MDB)<\/a>, afirmou que\u00a0<a href=\"https:\/\/www.cnnbrasil.com.br\/politica\/a-ordem-e-para-prender-os-vandalos-diz-governador-do-df-apos-protestos\/\">\u201ca ordem \u00e9 para prender os v\u00e2ndalos\u201d<\/a>\u00a0e que todas as for\u00e7as policiais do DF est\u00e3o na rua, incluindo o Batalh\u00e3o de Opera\u00e7\u00f5es Especiais (Bope) e o Grupamento T\u00e1tico Operacional (Gtop).<\/p>\n<p>Houve tiros de bala de borracha contra os manifestantes por parte de agentes da PF. Ao menos cinco \u00f4nibus foram incendiados.<\/p>\n<p><strong><img decoding=\"async\" class=\"aligncenter\" src=\"https:\/\/www.cnnbrasil.com.br\/wp-content\/uploads\/sites\/12\/2022\/12\/BR_CNN_121222_CPT_CLEAN_frame_188629.jpeg?w=732&amp;h=412&amp;crop=1\" \/><\/strong><\/p>\n<p><strong>Noticias em Destaque<\/strong><\/p>\n<p style=\"text-align: right;\"><em>Fonte: CNN Brasil<\/em><\/p>\n","protected":false},"excerpt":{"rendered":"<p>A regi\u00e3o central de\u00a0Bras\u00edlia\u00a0amanheceu nesta ter\u00e7a-feira (13) com sinais dos\u00a0atos de vandalismo promovidos por apoiadores do presidente Jair Bolsonaro (PL), que tentaram invadir o edif\u00edcio-sede da Pol\u00edcia Federal na noite de segunda. A\u00a0CNN\u00a0p\u00f4de verificar muita fuligem nas ruas por conta dos carros e \u00f4nibus que foram queimados pelos manifestantes. Cont\u00eaineres, ca\u00e7ambas e \u00e1rvores derrubadas tamb\u00e9m foram vistas na regi\u00e3o do setor hoteleiro da capital federal. Algumas fachadas de pr\u00e9dios, inclusive hot\u00e9is, foram vandalizadas pelos apoiadores durante o protesto. Na noite de segunda (12), manifestantes tentaram atirar \u00f4nibus de viaduto em Bras\u00edlia e o incendiaram (12.dezembro.2022) \/ Reprodu\u00e7\u00e3o\/CNN Apesar dos manifestantes terem tentado entrar na sede da PF, a situa\u00e7\u00e3o no local est\u00e1 tranquila na manh\u00e3 desta ter\u00e7a (13). A sede, que foi inaugurada h\u00e1 poucos meses na Asa Norte de Bras\u00edlia, n\u00e3o tem sinais de vandalismo e a seguran\u00e7a no pr\u00e9dio \u00e9 realizada costumeiramente. No estacionamento da sede, \u00e9 poss\u00edvel ver alguns sinais dos protestos, como c\u00e1psulas de balas de borracha e bombas de efeito moral, que foram utilizadas pelas autoridades para conter os atos. Muitas vias no entorno da regi\u00e3o central do Plano Piloto est\u00e3o fechadas. A Esplanada dos Minist\u00e9rios segue fechada na altura da rodovi\u00e1ria e algumas vias de acesso ao setor hoteleiro t\u00eam interrup\u00e7\u00f5es no tr\u00e2nsito. Bras\u00edlia tem tumulto e \u00f4nibus queimados Apoiadores do presidente\u00a0Jair Bolsonaro (PL) realizaram atos de vandalismo na noite desta segunda-feira (12) em Bras\u00edlia. Houve tentativa de invas\u00e3o da sede da Pol\u00edcia Federal. Carros e \u00f4nibus foram incendiados. Para conter os manifestantes, agentes da Pol\u00edcia Federal usaram bombas de efeito moral e g\u00e1s pimenta. Segundo o Corpo de Bombeiros, n\u00e3o houve registro de feridos at\u00e9 o in\u00edcio da madrugada desta ter\u00e7a (13). Em nota, a Pol\u00edcia Militar do Distrito Federal afirmou que o protesto teve in\u00edcio ap\u00f3s o cumprimento de um mandado de pris\u00e3o tempor\u00e1ria contra o cacique Jos\u00e9 Ac\u00e1cio Serere Xavante.\u00a0A deten\u00e7\u00e3o ocorreu pela suposta pr\u00e1tica de condutas il\u00edcitas em atos antidemocr\u00e1ticos pelo prazo de dez dias. Segundo a PF, Xavante teria realizado manifesta\u00e7\u00f5es de cunho antidemocr\u00e1tico em diversos locais de Bras\u00edlia, notadamente em frente ao Congresso Nacional, no Aeroporto Internacional de Bras\u00edlia (onde invadiram a \u00e1rea de embarque), no centro de compras Park Shopping, na Esplanada dos Minist\u00e9rios (por ocasi\u00e3o da cerim\u00f4nia de troca da bandeira nacional e em outros momentos). Ao pedir a pris\u00e3o tempor\u00e1ria, a PGR disse que ele vem se utilizando da sua posi\u00e7\u00e3o de cacique do Povo Xavante para arregimentar ind\u00edgenas e n\u00e3o ind\u00edgenas para cometer crimes, mediante a amea\u00e7a de agress\u00e3o e persegui\u00e7\u00e3o de Lula e dos ministros do STF Alexandre de Moraes e\u00a0Lu\u00eds Roberto Barroso. Em um\u00a0v\u00eddeo enviado a jornalistas, Xavante pede aos manifestantes que n\u00e3o se envolvam em \u201cbriga ou confronto\u201d. \u201cMeus amigos, irm\u00e3os, povo brasileiro, cacique e l\u00edderes. Estou bem, gra\u00e7as a Deus, e estou em paz. Quero pedir: como eu tenho amado os senhores, se os senhores me amam tamb\u00e9m, me consideram, eu quero pedir para que os senhores n\u00e3o venham fazer conflito, briga ou confronto com a autoridade policial e venham viver em paz. E n\u00e3o pode continuar o que aconteceu, infelizmente, essa destrui\u00e7\u00e3o dos carros, ataque \u00e0 sede da PF\u201d, diz. O secret\u00e1rio de Seguran\u00e7a P\u00fablica do\u00a0Distrito Federal, J\u00falio Danilo, declarou que a ordem j\u00e1 foi reestabelecida.\u00a0 \u201cO Governo do Distrito Federal vem trabalhando integrado com os \u00f3rg\u00e3os federais e com a equipe de transi\u00e7\u00e3o na sua miss\u00e3o de garantir a seguran\u00e7a dos cidad\u00e3os, das autoridades e a ordem p\u00fablica. Hoje ocorreu um fato, j\u00e1 para o final da tarde, a pris\u00e3o de um manifestante com o cumprimento de um mandado de pris\u00e3o que acabou desencadeando atos de vandalismo pr\u00f3ximos ao pr\u00e9dio da Pol\u00edcia Federal no centro de Bras\u00edlia\u201d, explicou J\u00falio Danilo. \u201cProntamente, a Pol\u00edcia Militar e a Pol\u00edcia Civil responderam a essas agress\u00f5es no intuito de reestabelecer a ordem, como agora, nesse momento, j\u00e1 foi reestabelecido. A pol\u00edcia est\u00e1 nas ruas, continuaremos nas ruas, como j\u00e1 foi dito pelo ministro. Os crimes que foram cometidos ser\u00e3o apurados e os respons\u00e1veis ser\u00e3o responsabilizados\u201d, continuou. O governador do Distrito Federal,\u00a0Ibaneis Rocha (MDB), afirmou que\u00a0\u201ca ordem \u00e9 para prender os v\u00e2ndalos\u201d\u00a0e que todas as for\u00e7as policiais do DF est\u00e3o na rua, incluindo o Batalh\u00e3o de Opera\u00e7\u00f5es Especiais (Bope) e o Grupamento T\u00e1tico Operacional (Gtop). Houve tiros de bala de borracha contra os manifestantes por parte de agentes da PF. Ao menos cinco \u00f4nibus foram incendiados. Noticias em Destaque Fonte: CNN Brasil<\/p>\n","protected":false},"author":2,"featured_media":44661,"comment_status":"closed","ping_status":"open","sticky":false,"template":"","format":"standard","meta":{"_eb_attr":"","_jetpack_memberships_contains_paid_content":false,"footnotes":""},"categories":[20],"tags":[],"class_list":["post-44660","post","type-post","status-publish","format-standard","has-post-thumbnail","hentry","category-policia"],"yoast_head":"<!-- This site is optimized with the Yoast SEO plugin v26.5 - https:\/\/yoast.com\/wordpress\/plugins\/seo\/ -->\n<title>Bras\u00edlia amanhece com fuligem, ca\u00e7ambas reviradas e pr\u00e9dios vandalizados ap\u00f3s tentativa de invas\u00e3o \u00e0 PF - Not&iacute;cias em Destaque<\/title>\n<meta name=\"robots\" content=\"index, follow, max-snippet:-1, max-image-preview:large, max-video-preview:-1\" \/>\n<link rel=\"canonical\" href=\"https:\/\/noticiasemdestaque.com\/cd\/?p=44660\" \/>\n<meta property=\"og:locale\" content=\"pt_BR\" \/>\n<meta property=\"og:type\" content=\"article\" \/>\n<meta property=\"og:title\" content=\"Bras\u00edlia amanhece com fuligem, ca\u00e7ambas reviradas e pr\u00e9dios vandalizados ap\u00f3s tentativa de invas\u00e3o \u00e0 PF - Not&iacute;cias em Destaque\" \/>\n<meta property=\"og:description\" content=\"A regi\u00e3o central de\u00a0Bras\u00edlia\u00a0amanheceu nesta ter\u00e7a-feira (13) com sinais dos\u00a0atos de vandalismo promovidos por apoiadores do presidente Jair Bolsonaro (PL), que tentaram invadir o edif\u00edcio-sede da Pol\u00edcia Federal na noite de segunda. A\u00a0CNN\u00a0p\u00f4de verificar muita fuligem nas ruas por conta dos carros e \u00f4nibus que foram queimados pelos manifestantes. Cont\u00eaineres, ca\u00e7ambas e \u00e1rvores derrubadas tamb\u00e9m foram vistas na regi\u00e3o do setor hoteleiro da capital federal. Algumas fachadas de pr\u00e9dios, inclusive hot\u00e9is, foram vandalizadas pelos apoiadores durante o protesto. Na noite de segunda (12), manifestantes tentaram atirar \u00f4nibus de viaduto em Bras\u00edlia e o incendiaram (12.dezembro.2022) \/ Reprodu\u00e7\u00e3o\/CNN Apesar dos manifestantes terem tentado entrar na sede da PF, a situa\u00e7\u00e3o no local est\u00e1 tranquila na manh\u00e3 desta ter\u00e7a (13). A sede, que foi inaugurada h\u00e1 poucos meses na Asa Norte de Bras\u00edlia, n\u00e3o tem sinais de vandalismo e a seguran\u00e7a no pr\u00e9dio \u00e9 realizada costumeiramente. No estacionamento da sede, \u00e9 poss\u00edvel ver alguns sinais dos protestos, como c\u00e1psulas de balas de borracha e bombas de efeito moral, que foram utilizadas pelas autoridades para conter os atos. Muitas vias no entorno da regi\u00e3o central do Plano Piloto est\u00e3o fechadas. A Esplanada dos Minist\u00e9rios segue fechada na altura da rodovi\u00e1ria e algumas vias de acesso ao setor hoteleiro t\u00eam interrup\u00e7\u00f5es no tr\u00e2nsito. Bras\u00edlia tem tumulto e \u00f4nibus queimados Apoiadores do presidente\u00a0Jair Bolsonaro (PL) realizaram atos de vandalismo na noite desta segunda-feira (12) em Bras\u00edlia. Houve tentativa de invas\u00e3o da sede da Pol\u00edcia Federal. Carros e \u00f4nibus foram incendiados. Para conter os manifestantes, agentes da Pol\u00edcia Federal usaram bombas de efeito moral e g\u00e1s pimenta. Segundo o Corpo de Bombeiros, n\u00e3o houve registro de feridos at\u00e9 o in\u00edcio da madrugada desta ter\u00e7a (13). Em nota, a Pol\u00edcia Militar do Distrito Federal afirmou que o protesto teve in\u00edcio ap\u00f3s o cumprimento de um mandado de pris\u00e3o tempor\u00e1ria contra o cacique Jos\u00e9 Ac\u00e1cio Serere Xavante.\u00a0A deten\u00e7\u00e3o ocorreu pela suposta pr\u00e1tica de condutas il\u00edcitas em atos antidemocr\u00e1ticos pelo prazo de dez dias. Segundo a PF, Xavante teria realizado manifesta\u00e7\u00f5es de cunho antidemocr\u00e1tico em diversos locais de Bras\u00edlia, notadamente em frente ao Congresso Nacional, no Aeroporto Internacional de Bras\u00edlia (onde invadiram a \u00e1rea de embarque), no centro de compras Park Shopping, na Esplanada dos Minist\u00e9rios (por ocasi\u00e3o da cerim\u00f4nia de troca da bandeira nacional e em outros momentos). Ao pedir a pris\u00e3o tempor\u00e1ria, a PGR disse que ele vem se utilizando da sua posi\u00e7\u00e3o de cacique do Povo Xavante para arregimentar ind\u00edgenas e n\u00e3o ind\u00edgenas para cometer crimes, mediante a amea\u00e7a de agress\u00e3o e persegui\u00e7\u00e3o de Lula e dos ministros do STF Alexandre de Moraes e\u00a0Lu\u00eds Roberto Barroso. Em um\u00a0v\u00eddeo enviado a jornalistas, Xavante pede aos manifestantes que n\u00e3o se envolvam em \u201cbriga ou confronto\u201d. \u201cMeus amigos, irm\u00e3os, povo brasileiro, cacique e l\u00edderes. Estou bem, gra\u00e7as a Deus, e estou em paz. Quero pedir: como eu tenho amado os senhores, se os senhores me amam tamb\u00e9m, me consideram, eu quero pedir para que os senhores n\u00e3o venham fazer conflito, briga ou confronto com a autoridade policial e venham viver em paz. E n\u00e3o pode continuar o que aconteceu, infelizmente, essa destrui\u00e7\u00e3o dos carros, ataque \u00e0 sede da PF\u201d, diz. O secret\u00e1rio de Seguran\u00e7a P\u00fablica do\u00a0Distrito Federal, J\u00falio Danilo, declarou que a ordem j\u00e1 foi reestabelecida.\u00a0 \u201cO Governo do Distrito Federal vem trabalhando integrado com os \u00f3rg\u00e3os federais e com a equipe de transi\u00e7\u00e3o na sua miss\u00e3o de garantir a seguran\u00e7a dos cidad\u00e3os, das autoridades e a ordem p\u00fablica. Hoje ocorreu um fato, j\u00e1 para o final da tarde, a pris\u00e3o de um manifestante com o cumprimento de um mandado de pris\u00e3o que acabou desencadeando atos de vandalismo pr\u00f3ximos ao pr\u00e9dio da Pol\u00edcia Federal no centro de Bras\u00edlia\u201d, explicou J\u00falio Danilo. \u201cProntamente, a Pol\u00edcia Militar e a Pol\u00edcia Civil responderam a essas agress\u00f5es no intuito de reestabelecer a ordem, como agora, nesse momento, j\u00e1 foi reestabelecido. A pol\u00edcia est\u00e1 nas ruas, continuaremos nas ruas, como j\u00e1 foi dito pelo ministro. Os crimes que foram cometidos ser\u00e3o apurados e os respons\u00e1veis ser\u00e3o responsabilizados\u201d, continuou. O governador do Distrito Federal,\u00a0Ibaneis Rocha (MDB), afirmou que\u00a0\u201ca ordem \u00e9 para prender os v\u00e2ndalos\u201d\u00a0e que todas as for\u00e7as policiais do DF est\u00e3o na rua, incluindo o Batalh\u00e3o de Opera\u00e7\u00f5es Especiais (Bope) e o Grupamento T\u00e1tico Operacional (Gtop). Houve tiros de bala de borracha contra os manifestantes por parte de agentes da PF. Ao menos cinco \u00f4nibus foram incendiados. Noticias em Destaque Fonte: CNN Brasil\" \/>\n<meta property=\"og:url\" content=\"https:\/\/noticiasemdestaque.com\/cd\/?p=44660\" \/>\n<meta property=\"og:site_name\" content=\"Not&iacute;cias em Destaque\" \/>\n<meta property=\"article:published_time\" content=\"2022-12-13T12:32:27+00:00\" \/>\n<meta property=\"og:image\" content=\"https:\/\/noticiasemdestaque.com\/cd\/wp-content\/uploads\/2022\/12\/Brasilia-amanhece-com-fuligem-cacambas-reviradas-e-predios-vandalizados-apos-tentativa-de-invasao-a-PF.webp\" \/>\n\t<meta property=\"og:image:width\" content=\"876\" \/>\n\t<meta property=\"og:image:height\" content=\"484\" \/>\n\t<meta property=\"og:image:type\" content=\"image\/webp\" \/>\n<meta name=\"author\" content=\"Not\u00edcias em Destaque\" \/>\n<meta name=\"twitter:card\" content=\"summary_large_image\" \/>\n<meta name=\"twitter:label1\" content=\"Escrito por\" \/>\n\t<meta name=\"twitter:data1\" content=\"Not\u00edcias em Destaque\" \/>\n\t<meta name=\"twitter:label2\" content=\"Est. tempo de leitura\" \/>\n\t<meta name=\"twitter:data2\" content=\"6 minutos\" \/>\n<script type=\"application\/ld+json\" class=\"yoast-schema-graph\">{\"@context\":\"https:\/\/schema.org\",\"@graph\":[{\"@type\":\"Article\",\"@id\":\"https:\/\/noticiasemdestaque.com\/cd\/?p=44660#article\",\"isPartOf\":{\"@id\":\"https:\/\/noticiasemdestaque.com\/cd\/?p=44660\"},\"author\":{\"name\":\"Not\u00edcias em Destaque\",\"@id\":\"https:\/\/noticiasemdestaque.com\/cd\/#\/schema\/person\/47f7d4f55eec17c6b2ca036c5500f6ce\"},\"headline\":\"Bras\u00edlia amanhece com fuligem, ca\u00e7ambas reviradas e pr\u00e9dios vandalizados ap\u00f3s tentativa de invas\u00e3o \u00e0 PF\",\"datePublished\":\"2022-12-13T12:32:27+00:00\",\"mainEntityOfPage\":{\"@id\":\"https:\/\/noticiasemdestaque.com\/cd\/?p=44660\"},\"wordCount\":856,\"publisher\":{\"@id\":\"https:\/\/noticiasemdestaque.com\/cd\/#organization\"},\"image\":{\"@id\":\"https:\/\/noticiasemdestaque.com\/cd\/?p=44660#primaryimage\"},\"thumbnailUrl\":\"https:\/\/noticiasemdestaque.com\/cd\/wp-content\/uploads\/2022\/12\/Brasilia-amanhece-com-fuligem-cacambas-reviradas-e-predios-vandalizados-apos-tentativa-de-invasao-a-PF.webp\",\"articleSection\":[\"Pol\u00edcia\"],\"inLanguage\":\"pt-BR\"},{\"@type\":\"WebPage\",\"@id\":\"https:\/\/noticiasemdestaque.com\/cd\/?p=44660\",\"url\":\"https:\/\/noticiasemdestaque.com\/cd\/?p=44660\",\"name\":\"Bras\u00edlia amanhece com fuligem, ca\u00e7ambas reviradas e pr\u00e9dios vandalizados ap\u00f3s tentativa de invas\u00e3o \u00e0 PF - Not&iacute;cias em Destaque\",\"isPartOf\":{\"@id\":\"https:\/\/noticiasemdestaque.com\/cd\/#website\"},\"primaryImageOfPage\":{\"@id\":\"https:\/\/noticiasemdestaque.com\/cd\/?p=44660#primaryimage\"},\"image\":{\"@id\":\"https:\/\/noticiasemdestaque.com\/cd\/?p=44660#primaryimage\"},\"thumbnailUrl\":\"https:\/\/noticiasemdestaque.com\/cd\/wp-content\/uploads\/2022\/12\/Brasilia-amanhece-com-fuligem-cacambas-reviradas-e-predios-vandalizados-apos-tentativa-de-invasao-a-PF.webp\",\"datePublished\":\"2022-12-13T12:32:27+00:00\",\"breadcrumb\":{\"@id\":\"https:\/\/noticiasemdestaque.com\/cd\/?p=44660#breadcrumb\"},\"inLanguage\":\"pt-BR\",\"potentialAction\":[{\"@type\":\"ReadAction\",\"target\":[\"https:\/\/noticiasemdestaque.com\/cd\/?p=44660\"]}]},{\"@type\":\"ImageObject\",\"inLanguage\":\"pt-BR\",\"@id\":\"https:\/\/noticiasemdestaque.com\/cd\/?p=44660#primaryimage\",\"url\":\"https:\/\/noticiasemdestaque.com\/cd\/wp-content\/uploads\/2022\/12\/Brasilia-amanhece-com-fuligem-cacambas-reviradas-e-predios-vandalizados-apos-tentativa-de-invasao-a-PF.webp\",\"contentUrl\":\"https:\/\/noticiasemdestaque.com\/cd\/wp-content\/uploads\/2022\/12\/Brasilia-amanhece-com-fuligem-cacambas-reviradas-e-predios-vandalizados-apos-tentativa-de-invasao-a-PF.webp\",\"width\":876,\"height\":484},{\"@type\":\"BreadcrumbList\",\"@id\":\"https:\/\/noticiasemdestaque.com\/cd\/?p=44660#breadcrumb\",\"itemListElement\":[{\"@type\":\"ListItem\",\"position\":1,\"name\":\"In\u00edcio\",\"item\":\"https:\/\/noticiasemdestaque.com\/cd\/\"},{\"@type\":\"ListItem\",\"position\":2,\"name\":\"Bras\u00edlia amanhece com fuligem, ca\u00e7ambas reviradas e pr\u00e9dios vandalizados ap\u00f3s tentativa de invas\u00e3o \u00e0 PF\"}]},{\"@type\":\"WebSite\",\"@id\":\"https:\/\/noticiasemdestaque.com\/cd\/#website\",\"url\":\"https:\/\/noticiasemdestaque.com\/cd\/\",\"name\":\"Not&iacute;cias em Destaque\",\"description\":\"\",\"publisher\":{\"@id\":\"https:\/\/noticiasemdestaque.com\/cd\/#organization\"},\"potentialAction\":[{\"@type\":\"SearchAction\",\"target\":{\"@type\":\"EntryPoint\",\"urlTemplate\":\"https:\/\/noticiasemdestaque.com\/cd\/?s={search_term_string}\"},\"query-input\":{\"@type\":\"PropertyValueSpecification\",\"valueRequired\":true,\"valueName\":\"search_term_string\"}}],\"inLanguage\":\"pt-BR\"},{\"@type\":\"Organization\",\"@id\":\"https:\/\/noticiasemdestaque.com\/cd\/#organization\",\"name\":\"Not\u00edcias em Destaque\",\"url\":\"https:\/\/noticiasemdestaque.com\/cd\/\",\"logo\":{\"@type\":\"ImageObject\",\"inLanguage\":\"pt-BR\",\"@id\":\"https:\/\/noticiasemdestaque.com\/cd\/#\/schema\/logo\/image\/\",\"url\":\"https:\/\/noticiasemdestaque.com\/cd\/wp-content\/uploads\/2022\/05\/imagem-base-noticiasemdestaque.png\",\"contentUrl\":\"https:\/\/noticiasemdestaque.com\/cd\/wp-content\/uploads\/2022\/05\/imagem-base-noticiasemdestaque.png\",\"width\":1200,\"height\":630,\"caption\":\"Not\u00edcias em Destaque\"},\"image\":{\"@id\":\"https:\/\/noticiasemdestaque.com\/cd\/#\/schema\/logo\/image\/\"}},{\"@type\":\"Person\",\"@id\":\"https:\/\/noticiasemdestaque.com\/cd\/#\/schema\/person\/47f7d4f55eec17c6b2ca036c5500f6ce\",\"name\":\"Not\u00edcias em Destaque\",\"url\":\"https:\/\/noticiasemdestaque.com\/cd\/?author=2\"}]}<\/script>\n<!-- \/ Yoast SEO plugin. -->","yoast_head_json":{"title":"Bras\u00edlia amanhece com fuligem, ca\u00e7ambas reviradas e pr\u00e9dios vandalizados ap\u00f3s tentativa de invas\u00e3o \u00e0 PF - Not&iacute;cias em Destaque","robots":{"index":"index","follow":"follow","max-snippet":"max-snippet:-1","max-image-preview":"max-image-preview:large","max-video-preview":"max-video-preview:-1"},"canonical":"https:\/\/noticiasemdestaque.com\/cd\/?p=44660","og_locale":"pt_BR","og_type":"article","og_title":"Bras\u00edlia amanhece com fuligem, ca\u00e7ambas reviradas e pr\u00e9dios vandalizados ap\u00f3s tentativa de invas\u00e3o \u00e0 PF - Not&iacute;cias em Destaque","og_description":"A regi\u00e3o central de\u00a0Bras\u00edlia\u00a0amanheceu nesta ter\u00e7a-feira (13) com sinais dos\u00a0atos de vandalismo promovidos por apoiadores do presidente Jair Bolsonaro (PL), que tentaram invadir o edif\u00edcio-sede da Pol\u00edcia Federal na noite de segunda. A\u00a0CNN\u00a0p\u00f4de verificar muita fuligem nas ruas por conta dos carros e \u00f4nibus que foram queimados pelos manifestantes. Cont\u00eaineres, ca\u00e7ambas e \u00e1rvores derrubadas tamb\u00e9m foram vistas na regi\u00e3o do setor hoteleiro da capital federal. Algumas fachadas de pr\u00e9dios, inclusive hot\u00e9is, foram vandalizadas pelos apoiadores durante o protesto. Na noite de segunda (12), manifestantes tentaram atirar \u00f4nibus de viaduto em Bras\u00edlia e o incendiaram (12.dezembro.2022) \/ Reprodu\u00e7\u00e3o\/CNN Apesar dos manifestantes terem tentado entrar na sede da PF, a situa\u00e7\u00e3o no local est\u00e1 tranquila na manh\u00e3 desta ter\u00e7a (13). A sede, que foi inaugurada h\u00e1 poucos meses na Asa Norte de Bras\u00edlia, n\u00e3o tem sinais de vandalismo e a seguran\u00e7a no pr\u00e9dio \u00e9 realizada costumeiramente. No estacionamento da sede, \u00e9 poss\u00edvel ver alguns sinais dos protestos, como c\u00e1psulas de balas de borracha e bombas de efeito moral, que foram utilizadas pelas autoridades para conter os atos. Muitas vias no entorno da regi\u00e3o central do Plano Piloto est\u00e3o fechadas. A Esplanada dos Minist\u00e9rios segue fechada na altura da rodovi\u00e1ria e algumas vias de acesso ao setor hoteleiro t\u00eam interrup\u00e7\u00f5es no tr\u00e2nsito. Bras\u00edlia tem tumulto e \u00f4nibus queimados Apoiadores do presidente\u00a0Jair Bolsonaro (PL) realizaram atos de vandalismo na noite desta segunda-feira (12) em Bras\u00edlia. Houve tentativa de invas\u00e3o da sede da Pol\u00edcia Federal. Carros e \u00f4nibus foram incendiados. Para conter os manifestantes, agentes da Pol\u00edcia Federal usaram bombas de efeito moral e g\u00e1s pimenta. Segundo o Corpo de Bombeiros, n\u00e3o houve registro de feridos at\u00e9 o in\u00edcio da madrugada desta ter\u00e7a (13). Em nota, a Pol\u00edcia Militar do Distrito Federal afirmou que o protesto teve in\u00edcio ap\u00f3s o cumprimento de um mandado de pris\u00e3o tempor\u00e1ria contra o cacique Jos\u00e9 Ac\u00e1cio Serere Xavante.\u00a0A deten\u00e7\u00e3o ocorreu pela suposta pr\u00e1tica de condutas il\u00edcitas em atos antidemocr\u00e1ticos pelo prazo de dez dias. Segundo a PF, Xavante teria realizado manifesta\u00e7\u00f5es de cunho antidemocr\u00e1tico em diversos locais de Bras\u00edlia, notadamente em frente ao Congresso Nacional, no Aeroporto Internacional de Bras\u00edlia (onde invadiram a \u00e1rea de embarque), no centro de compras Park Shopping, na Esplanada dos Minist\u00e9rios (por ocasi\u00e3o da cerim\u00f4nia de troca da bandeira nacional e em outros momentos). Ao pedir a pris\u00e3o tempor\u00e1ria, a PGR disse que ele vem se utilizando da sua posi\u00e7\u00e3o de cacique do Povo Xavante para arregimentar ind\u00edgenas e n\u00e3o ind\u00edgenas para cometer crimes, mediante a amea\u00e7a de agress\u00e3o e persegui\u00e7\u00e3o de Lula e dos ministros do STF Alexandre de Moraes e\u00a0Lu\u00eds Roberto Barroso. Em um\u00a0v\u00eddeo enviado a jornalistas, Xavante pede aos manifestantes que n\u00e3o se envolvam em \u201cbriga ou confronto\u201d. \u201cMeus amigos, irm\u00e3os, povo brasileiro, cacique e l\u00edderes. Estou bem, gra\u00e7as a Deus, e estou em paz. Quero pedir: como eu tenho amado os senhores, se os senhores me amam tamb\u00e9m, me consideram, eu quero pedir para que os senhores n\u00e3o venham fazer conflito, briga ou confronto com a autoridade policial e venham viver em paz. E n\u00e3o pode continuar o que aconteceu, infelizmente, essa destrui\u00e7\u00e3o dos carros, ataque \u00e0 sede da PF\u201d, diz. O secret\u00e1rio de Seguran\u00e7a P\u00fablica do\u00a0Distrito Federal, J\u00falio Danilo, declarou que a ordem j\u00e1 foi reestabelecida.\u00a0 \u201cO Governo do Distrito Federal vem trabalhando integrado com os \u00f3rg\u00e3os federais e com a equipe de transi\u00e7\u00e3o na sua miss\u00e3o de garantir a seguran\u00e7a dos cidad\u00e3os, das autoridades e a ordem p\u00fablica. Hoje ocorreu um fato, j\u00e1 para o final da tarde, a pris\u00e3o de um manifestante com o cumprimento de um mandado de pris\u00e3o que acabou desencadeando atos de vandalismo pr\u00f3ximos ao pr\u00e9dio da Pol\u00edcia Federal no centro de Bras\u00edlia\u201d, explicou J\u00falio Danilo. \u201cProntamente, a Pol\u00edcia Militar e a Pol\u00edcia Civil responderam a essas agress\u00f5es no intuito de reestabelecer a ordem, como agora, nesse momento, j\u00e1 foi reestabelecido. A pol\u00edcia est\u00e1 nas ruas, continuaremos nas ruas, como j\u00e1 foi dito pelo ministro. Os crimes que foram cometidos ser\u00e3o apurados e os respons\u00e1veis ser\u00e3o responsabilizados\u201d, continuou. O governador do Distrito Federal,\u00a0Ibaneis Rocha (MDB), afirmou que\u00a0\u201ca ordem \u00e9 para prender os v\u00e2ndalos\u201d\u00a0e que todas as for\u00e7as policiais do DF est\u00e3o na rua, incluindo o Batalh\u00e3o de Opera\u00e7\u00f5es Especiais (Bope) e o Grupamento T\u00e1tico Operacional (Gtop). Houve tiros de bala de borracha contra os manifestantes por parte de agentes da PF. Ao menos cinco \u00f4nibus foram incendiados. Noticias em Destaque Fonte: CNN Brasil","og_url":"https:\/\/noticiasemdestaque.com\/cd\/?p=44660","og_site_name":"Not&iacute;cias em Destaque","article_published_time":"2022-12-13T12:32:27+00:00","og_image":[{"width":876,"height":484,"url":"https:\/\/noticiasemdestaque.com\/cd\/wp-content\/uploads\/2022\/12\/Brasilia-amanhece-com-fuligem-cacambas-reviradas-e-predios-vandalizados-apos-tentativa-de-invasao-a-PF.webp","type":"image\/webp"}],"author":"Not\u00edcias em Destaque","twitter_card":"summary_large_image","twitter_misc":{"Escrito por":"Not\u00edcias em Destaque","Est. tempo de leitura":"6 minutos"},"schema":{"@context":"https:\/\/schema.org","@graph":[{"@type":"Article","@id":"https:\/\/noticiasemdestaque.com\/cd\/?p=44660#article","isPartOf":{"@id":"https:\/\/noticiasemdestaque.com\/cd\/?p=44660"},"author":{"name":"Not\u00edcias em Destaque","@id":"https:\/\/noticiasemdestaque.com\/cd\/#\/schema\/person\/47f7d4f55eec17c6b2ca036c5500f6ce"},"headline":"Bras\u00edlia amanhece com fuligem, ca\u00e7ambas reviradas e pr\u00e9dios vandalizados ap\u00f3s tentativa de invas\u00e3o \u00e0 PF","datePublished":"2022-12-13T12:32:27+00:00","mainEntityOfPage":{"@id":"https:\/\/noticiasemdestaque.com\/cd\/?p=44660"},"wordCount":856,"publisher":{"@id":"https:\/\/noticiasemdestaque.com\/cd\/#organization"},"image":{"@id":"https:\/\/noticiasemdestaque.com\/cd\/?p=44660#primaryimage"},"thumbnailUrl":"https:\/\/noticiasemdestaque.com\/cd\/wp-content\/uploads\/2022\/12\/Brasilia-amanhece-com-fuligem-cacambas-reviradas-e-predios-vandalizados-apos-tentativa-de-invasao-a-PF.webp","articleSection":["Pol\u00edcia"],"inLanguage":"pt-BR"},{"@type":"WebPage","@id":"https:\/\/noticiasemdestaque.com\/cd\/?p=44660","url":"https:\/\/noticiasemdestaque.com\/cd\/?p=44660","name":"Bras\u00edlia amanhece com fuligem, ca\u00e7ambas reviradas e pr\u00e9dios vandalizados ap\u00f3s tentativa de invas\u00e3o \u00e0 PF - Not&iacute;cias em Destaque","isPartOf":{"@id":"https:\/\/noticiasemdestaque.com\/cd\/#website"},"primaryImageOfPage":{"@id":"https:\/\/noticiasemdestaque.com\/cd\/?p=44660#primaryimage"},"image":{"@id":"https:\/\/noticiasemdestaque.com\/cd\/?p=44660#primaryimage"},"thumbnailUrl":"https:\/\/noticiasemdestaque.com\/cd\/wp-content\/uploads\/2022\/12\/Brasilia-amanhece-com-fuligem-cacambas-reviradas-e-predios-vandalizados-apos-tentativa-de-invasao-a-PF.webp","datePublished":"2022-12-13T12:32:27+00:00","breadcrumb":{"@id":"https:\/\/noticiasemdestaque.com\/cd\/?p=44660#breadcrumb"},"inLanguage":"pt-BR","potentialAction":[{"@type":"ReadAction","target":["https:\/\/noticiasemdestaque.com\/cd\/?p=44660"]}]},{"@type":"ImageObject","inLanguage":"pt-BR","@id":"https:\/\/noticiasemdestaque.com\/cd\/?p=44660#primaryimage","url":"https:\/\/noticiasemdestaque.com\/cd\/wp-content\/uploads\/2022\/12\/Brasilia-amanhece-com-fuligem-cacambas-reviradas-e-predios-vandalizados-apos-tentativa-de-invasao-a-PF.webp","contentUrl":"https:\/\/noticiasemdestaque.com\/cd\/wp-content\/uploads\/2022\/12\/Brasilia-amanhece-com-fuligem-cacambas-reviradas-e-predios-vandalizados-apos-tentativa-de-invasao-a-PF.webp","width":876,"height":484},{"@type":"BreadcrumbList","@id":"https:\/\/noticiasemdestaque.com\/cd\/?p=44660#breadcrumb","itemListElement":[{"@type":"ListItem","position":1,"name":"In\u00edcio","item":"https:\/\/noticiasemdestaque.com\/cd\/"},{"@type":"ListItem","position":2,"name":"Bras\u00edlia amanhece com fuligem, ca\u00e7ambas reviradas e pr\u00e9dios vandalizados ap\u00f3s tentativa de invas\u00e3o \u00e0 PF"}]},{"@type":"WebSite","@id":"https:\/\/noticiasemdestaque.com\/cd\/#website","url":"https:\/\/noticiasemdestaque.com\/cd\/","name":"Not&iacute;cias em Destaque","description":"","publisher":{"@id":"https:\/\/noticiasemdestaque.com\/cd\/#organization"},"potentialAction":[{"@type":"SearchAction","target":{"@type":"EntryPoint","urlTemplate":"https:\/\/noticiasemdestaque.com\/cd\/?s={search_term_string}"},"query-input":{"@type":"PropertyValueSpecification","valueRequired":true,"valueName":"search_term_string"}}],"inLanguage":"pt-BR"},{"@type":"Organization","@id":"https:\/\/noticiasemdestaque.com\/cd\/#organization","name":"Not\u00edcias em Destaque","url":"https:\/\/noticiasemdestaque.com\/cd\/","logo":{"@type":"ImageObject","inLanguage":"pt-BR","@id":"https:\/\/noticiasemdestaque.com\/cd\/#\/schema\/logo\/image\/","url":"https:\/\/noticiasemdestaque.com\/cd\/wp-content\/uploads\/2022\/05\/imagem-base-noticiasemdestaque.png","contentUrl":"https:\/\/noticiasemdestaque.com\/cd\/wp-content\/uploads\/2022\/05\/imagem-base-noticiasemdestaque.png","width":1200,"height":630,"caption":"Not\u00edcias em Destaque"},"image":{"@id":"https:\/\/noticiasemdestaque.com\/cd\/#\/schema\/logo\/image\/"}},{"@type":"Person","@id":"https:\/\/noticiasemdestaque.com\/cd\/#\/schema\/person\/47f7d4f55eec17c6b2ca036c5500f6ce","name":"Not\u00edcias em Destaque","url":"https:\/\/noticiasemdestaque.com\/cd\/?author=2"}]}},"jetpack_featured_media_url":"https:\/\/noticiasemdestaque.com\/cd\/wp-content\/uploads\/2022\/12\/Brasilia-amanhece-com-fuligem-cacambas-reviradas-e-predios-vandalizados-apos-tentativa-de-invasao-a-PF.webp","jetpack_sharing_enabled":true,"_links":{"self":[{"href":"https:\/\/noticiasemdestaque.com\/cd\/index.php?rest_route=\/wp\/v2\/posts\/44660","targetHints":{"allow":["GET"]}}],"collection":[{"href":"https:\/\/noticiasemdestaque.com\/cd\/index.php?rest_route=\/wp\/v2\/posts"}],"about":[{"href":"https:\/\/noticiasemdestaque.com\/cd\/index.php?rest_route=\/wp\/v2\/types\/post"}],"author":[{"embeddable":true,"href":"https:\/\/noticiasemdestaque.com\/cd\/index.php?rest_route=\/wp\/v2\/users\/2"}],"replies":[{"embeddable":true,"href":"https:\/\/noticiasemdestaque.com\/cd\/index.php?rest_route=%2Fwp%2Fv2%2Fcomments&post=44660"}],"version-history":[{"count":1,"href":"https:\/\/noticiasemdestaque.com\/cd\/index.php?rest_route=\/wp\/v2\/posts\/44660\/revisions"}],"predecessor-version":[{"id":44662,"href":"https:\/\/noticiasemdestaque.com\/cd\/index.php?rest_route=\/wp\/v2\/posts\/44660\/revisions\/44662"}],"wp:featuredmedia":[{"embeddable":true,"href":"https:\/\/noticiasemdestaque.com\/cd\/index.php?rest_route=\/wp\/v2\/media\/44661"}],"wp:attachment":[{"href":"https:\/\/noticiasemdestaque.com\/cd\/index.php?rest_route=%2Fwp%2Fv2%2Fmedia&parent=44660"}],"wp:term":[{"taxonomy":"category","embeddable":true,"href":"https:\/\/noticiasemdestaque.com\/cd\/index.php?rest_route=%2Fwp%2Fv2%2Fcategories&post=44660"},{"taxonomy":"post_tag","embeddable":true,"href":"https:\/\/noticiasemdestaque.com\/cd\/index.php?rest_route=%2Fwp%2Fv2%2Ftags&post=44660"}],"curies":[{"name":"wp","href":"https:\/\/api.w.org\/{rel}","templated":true}]}}