{"id":44657,"date":"2022-12-13T09:13:47","date_gmt":"2022-12-13T12:13:47","guid":{"rendered":"https:\/\/noticiasemdestaque.com\/cd\/?p=44657"},"modified":"2022-12-13T09:13:47","modified_gmt":"2022-12-13T12:13:47","slug":"argentina-e-croacia-se-reencontram-para-honrar-memoria-de-idolos-em-busca-de-vaga-na-final-da-copa","status":"publish","type":"post","link":"https:\/\/noticiasemdestaque.com\/cd\/?p=44657","title":{"rendered":"Argentina e Cro\u00e1cia se reencontram para honrar mem\u00f3ria de \u00eddolos em busca de vaga na final da Copa"},"content":{"rendered":"<p><a href=\"https:\/\/noticiasemdestaque.com\/cd\/wp-content\/uploads\/2022\/12\/luka-modrid-lionel-messi.jpg\"><img fetchpriority=\"high\" decoding=\"async\" class=\"alignnone  wp-image-44658\" src=\"https:\/\/noticiasemdestaque.com\/cd\/wp-content\/uploads\/2022\/12\/luka-modrid-lionel-messi-300x200.jpg\" alt=\"\" width=\"1085\" height=\"723\" srcset=\"https:\/\/noticiasemdestaque.com\/cd\/wp-content\/uploads\/2022\/12\/luka-modrid-lionel-messi-300x200.jpg 300w, https:\/\/noticiasemdestaque.com\/cd\/wp-content\/uploads\/2022\/12\/luka-modrid-lionel-messi-768x513.jpg 768w, https:\/\/noticiasemdestaque.com\/cd\/wp-content\/uploads\/2022\/12\/luka-modrid-lionel-messi-18x12.jpg 18w, https:\/\/noticiasemdestaque.com\/cd\/wp-content\/uploads\/2022\/12\/luka-modrid-lionel-messi.jpg 876w\" sizes=\"(max-width: 1085px) 100vw, 1085px\" \/><\/a><\/p>\n<p>Uma triste coincid\u00eancia movimenta a primeira semifinal do Catar 2022. Argentina e Cro\u00e1cia se reencontram nesta ter\u00e7a-feira (13), a partir das 16 horas (de Bras\u00edlia), no est\u00e1dio Lusail, com a promessa de uma grande partida, mas tamb\u00e9m para honrar a mem\u00f3ria de \u00eddolos de seus pa\u00edses. Essa \u00e9 a primeira Copa do Mundo sem Diego Maradona e Zlatko Kranjcar.<\/p>\n<p>O primeiro praticamente dispensa apresenta\u00e7\u00f5es. Maradona, que com a sua infinita habilidade nos p\u00e9s e tamb\u00e9m uma ajudinha da m\u00e3o esquerda, deu aos argentinos o segundo e at\u00e9 agora \u00faltimo t\u00edtulo mundial, em 1986. O eterno camisa 10 da albiceleste morreu em 25 de novembro de 2020, v\u00edtima de uma parada cardiorrespirat\u00f3ria, menos de um m\u00eas depois de completar 60 anos.<\/p>\n<figure><img decoding=\"async\" src=\"https:\/\/www.clickpb.com.br\/media\/filer_public\/e0\/59\/e05949d2-ed67-4c60-b241-5db998d420a9\/000-33292ct.webp\" data-image=\"205001\" \/><\/figure>\n<p><em>Messi em a\u00e7\u00e3o contra a Holanda, pelas quartas de final\u00a0<\/em><\/p>\n<p>Maradona, inclusive, esteve nas tribunas de honra do est\u00e1dio N\u00edjni Novgorod, na derrota da sua sele\u00e7\u00e3o por 3 a 0 para os rivais. O ex-jogador deu um show \u00e0 parte com caras e bocas e muitos questionamentos ao time naquela altura de Jorge Sampaoli.<\/p>\n<p>Kranjcar, que morreu aos 64 anos, em 1\u00ba de mar\u00e7o de 2021, \u00e9 menos conhecido longe do leste europeu. Lenda do D\u00ednamo Zagreb nas d\u00e9cadas de 1970 e 1980, ele inspirou jogadores que, por exemplo, chegaram \u00e0s semifinais na Fran\u00e7a 1998. Dentro do contexto de independ\u00eancia da antiga Iugosl\u00e1via, o atacante foi o primeiro capit\u00e3o da sele\u00e7\u00e3o da camisa quadriculada, em 1990, e, anos mais tarde, ainda virou t\u00e9cnico da equipe. No Catar, comandou o Al-Ahli.<\/p>\n<figure><img decoding=\"async\" src=\"https:\/\/www.clickpb.com.br\/media\/filer_public\/c6\/c5\/c6c57c53-56ae-4e7f-b7ee-f28637aec7cd\/2018-06-21t195223z_594328418_rc1117c08590_rtrmadp_3_soccer-worldcup-arg-cro_xn7okta.webp\" data-image=\"204999\" \/><\/figure>\n<p><em>Rakitic e Mandzukic comemoram vit\u00f3ria de 3 a 0 da Cro\u00e1cia sobre a Argentina, no \u00faltimo jogo entre os pa\u00edses, na Copa 2018<\/em><\/p>\n<p><strong>Clima de revanche<\/strong><\/p>\n<p>Remanescentes daquela vit\u00f3ria, os croatas contam com uma boa base apesar de envelhecida em quatro anos. Lovren, Brozovic, Perisic e o craque Modric ainda s\u00e3o titulares. Do outro lado, Messi comanda uma equipe que j\u00e1 mudou bastante. Na entrevista coletiva na v\u00e9spera da partida, os argentinos trataram de esquentar um clima que pode parecer de revanche.<\/p>\n<p>\u201cEsperamos um jogo muito dif\u00edcil, contra um time que realmente pode ser chamada de time. Um grande time, um grande grupo e que vai nos tornar dif\u00edceis as coisas. As compara\u00e7\u00f5es com os Mundiais anteriores n\u00e3o fazem sentido, todos os jogos s\u00e3o diferentes\u201d, disse Scaloni.<\/p>\n<p>\u201c\u00c9 incr\u00edvel conseguir chegar \u00e0 semifinal em duas Copas do Mundo de forma consecutiva, mas queremos ir mais adiante. Para a Argentina sei que \u00e9 uma press\u00e3o grande, tem um grande n\u00famero aqui de torcedores. Vamos jogar a semifinal contra uma das grandes equipes do mundo e vamos aproveitar o que tiver para aproveitar\u201d, retrucou o t\u00e9cnico croata Zlatko Dalic.<\/p>\n<p>Quem vencer de Argentina e Cro\u00e1cia enfrenta quem passar de Fran\u00e7a e Marrocos na grande final. A segunda semifinal acontece na quarta, tamb\u00e9m \u00e0s 16 horas, no Al Bayt.<\/p>\n<p><strong>Noticias em Destaque<\/strong><\/p>\n<p style=\"text-align: right;\"><em>Fonte: R7<\/em><\/p>\n","protected":false},"excerpt":{"rendered":"<p>Uma triste coincid\u00eancia movimenta a primeira semifinal do Catar 2022. Argentina e Cro\u00e1cia se reencontram nesta ter\u00e7a-feira (13), a partir das 16 horas (de Bras\u00edlia), no est\u00e1dio Lusail, com a promessa de uma grande partida, mas tamb\u00e9m para honrar a mem\u00f3ria de \u00eddolos de seus pa\u00edses. Essa \u00e9 a primeira Copa do Mundo sem Diego Maradona e Zlatko Kranjcar. O primeiro praticamente dispensa apresenta\u00e7\u00f5es. Maradona, que com a sua infinita habilidade nos p\u00e9s e tamb\u00e9m uma ajudinha da m\u00e3o esquerda, deu aos argentinos o segundo e at\u00e9 agora \u00faltimo t\u00edtulo mundial, em 1986. O eterno camisa 10 da albiceleste morreu em 25 de novembro de 2020, v\u00edtima de uma parada cardiorrespirat\u00f3ria, menos de um m\u00eas depois de completar 60 anos. Messi em a\u00e7\u00e3o contra a Holanda, pelas quartas de final\u00a0 Maradona, inclusive, esteve nas tribunas de honra do est\u00e1dio N\u00edjni Novgorod, na derrota da sua sele\u00e7\u00e3o por 3 a 0 para os rivais. O ex-jogador deu um show \u00e0 parte com caras e bocas e muitos questionamentos ao time naquela altura de Jorge Sampaoli. Kranjcar, que morreu aos 64 anos, em 1\u00ba de mar\u00e7o de 2021, \u00e9 menos conhecido longe do leste europeu. Lenda do D\u00ednamo Zagreb nas d\u00e9cadas de 1970 e 1980, ele inspirou jogadores que, por exemplo, chegaram \u00e0s semifinais na Fran\u00e7a 1998. Dentro do contexto de independ\u00eancia da antiga Iugosl\u00e1via, o atacante foi o primeiro capit\u00e3o da sele\u00e7\u00e3o da camisa quadriculada, em 1990, e, anos mais tarde, ainda virou t\u00e9cnico da equipe. No Catar, comandou o Al-Ahli. Rakitic e Mandzukic comemoram vit\u00f3ria de 3 a 0 da Cro\u00e1cia sobre a Argentina, no \u00faltimo jogo entre os pa\u00edses, na Copa 2018 Clima de revanche Remanescentes daquela vit\u00f3ria, os croatas contam com uma boa base apesar de envelhecida em quatro anos. Lovren, Brozovic, Perisic e o craque Modric ainda s\u00e3o titulares. Do outro lado, Messi comanda uma equipe que j\u00e1 mudou bastante. Na entrevista coletiva na v\u00e9spera da partida, os argentinos trataram de esquentar um clima que pode parecer de revanche. \u201cEsperamos um jogo muito dif\u00edcil, contra um time que realmente pode ser chamada de time. Um grande time, um grande grupo e que vai nos tornar dif\u00edceis as coisas. As compara\u00e7\u00f5es com os Mundiais anteriores n\u00e3o fazem sentido, todos os jogos s\u00e3o diferentes\u201d, disse Scaloni. \u201c\u00c9 incr\u00edvel conseguir chegar \u00e0 semifinal em duas Copas do Mundo de forma consecutiva, mas queremos ir mais adiante. Para a Argentina sei que \u00e9 uma press\u00e3o grande, tem um grande n\u00famero aqui de torcedores. Vamos jogar a semifinal contra uma das grandes equipes do mundo e vamos aproveitar o que tiver para aproveitar\u201d, retrucou o t\u00e9cnico croata Zlatko Dalic. Quem vencer de Argentina e Cro\u00e1cia enfrenta quem passar de Fran\u00e7a e Marrocos na grande final. A segunda semifinal acontece na quarta, tamb\u00e9m \u00e0s 16 horas, no Al Bayt. Noticias em Destaque Fonte: R7<\/p>\n","protected":false},"author":2,"featured_media":44658,"comment_status":"closed","ping_status":"open","sticky":false,"template":"","format":"standard","meta":{"_eb_attr":"","_jetpack_memberships_contains_paid_content":false,"footnotes":""},"categories":[15],"tags":[],"class_list":["post-44657","post","type-post","status-publish","format-standard","has-post-thumbnail","hentry","category-esporte"],"yoast_head":"<!-- This site is optimized with the Yoast SEO plugin v26.5 - https:\/\/yoast.com\/wordpress\/plugins\/seo\/ -->\n<title>Argentina e Cro\u00e1cia se reencontram para honrar mem\u00f3ria de \u00eddolos em busca de vaga na final da Copa - Not&iacute;cias em Destaque<\/title>\n<meta name=\"robots\" content=\"index, follow, max-snippet:-1, max-image-preview:large, max-video-preview:-1\" \/>\n<link rel=\"canonical\" href=\"https:\/\/noticiasemdestaque.com\/cd\/?p=44657\" \/>\n<meta property=\"og:locale\" content=\"pt_BR\" \/>\n<meta property=\"og:type\" content=\"article\" \/>\n<meta property=\"og:title\" content=\"Argentina e Cro\u00e1cia se reencontram para honrar mem\u00f3ria de \u00eddolos em busca de vaga na final da Copa - Not&iacute;cias em Destaque\" \/>\n<meta property=\"og:description\" content=\"Uma triste coincid\u00eancia movimenta a primeira semifinal do Catar 2022. Argentina e Cro\u00e1cia se reencontram nesta ter\u00e7a-feira (13), a partir das 16 horas (de Bras\u00edlia), no est\u00e1dio Lusail, com a promessa de uma grande partida, mas tamb\u00e9m para honrar a mem\u00f3ria de \u00eddolos de seus pa\u00edses. Essa \u00e9 a primeira Copa do Mundo sem Diego Maradona e Zlatko Kranjcar. O primeiro praticamente dispensa apresenta\u00e7\u00f5es. Maradona, que com a sua infinita habilidade nos p\u00e9s e tamb\u00e9m uma ajudinha da m\u00e3o esquerda, deu aos argentinos o segundo e at\u00e9 agora \u00faltimo t\u00edtulo mundial, em 1986. O eterno camisa 10 da albiceleste morreu em 25 de novembro de 2020, v\u00edtima de uma parada cardiorrespirat\u00f3ria, menos de um m\u00eas depois de completar 60 anos. Messi em a\u00e7\u00e3o contra a Holanda, pelas quartas de final\u00a0 Maradona, inclusive, esteve nas tribunas de honra do est\u00e1dio N\u00edjni Novgorod, na derrota da sua sele\u00e7\u00e3o por 3 a 0 para os rivais. O ex-jogador deu um show \u00e0 parte com caras e bocas e muitos questionamentos ao time naquela altura de Jorge Sampaoli. Kranjcar, que morreu aos 64 anos, em 1\u00ba de mar\u00e7o de 2021, \u00e9 menos conhecido longe do leste europeu. Lenda do D\u00ednamo Zagreb nas d\u00e9cadas de 1970 e 1980, ele inspirou jogadores que, por exemplo, chegaram \u00e0s semifinais na Fran\u00e7a 1998. Dentro do contexto de independ\u00eancia da antiga Iugosl\u00e1via, o atacante foi o primeiro capit\u00e3o da sele\u00e7\u00e3o da camisa quadriculada, em 1990, e, anos mais tarde, ainda virou t\u00e9cnico da equipe. No Catar, comandou o Al-Ahli. Rakitic e Mandzukic comemoram vit\u00f3ria de 3 a 0 da Cro\u00e1cia sobre a Argentina, no \u00faltimo jogo entre os pa\u00edses, na Copa 2018 Clima de revanche Remanescentes daquela vit\u00f3ria, os croatas contam com uma boa base apesar de envelhecida em quatro anos. Lovren, Brozovic, Perisic e o craque Modric ainda s\u00e3o titulares. Do outro lado, Messi comanda uma equipe que j\u00e1 mudou bastante. Na entrevista coletiva na v\u00e9spera da partida, os argentinos trataram de esquentar um clima que pode parecer de revanche. \u201cEsperamos um jogo muito dif\u00edcil, contra um time que realmente pode ser chamada de time. Um grande time, um grande grupo e que vai nos tornar dif\u00edceis as coisas. As compara\u00e7\u00f5es com os Mundiais anteriores n\u00e3o fazem sentido, todos os jogos s\u00e3o diferentes\u201d, disse Scaloni. \u201c\u00c9 incr\u00edvel conseguir chegar \u00e0 semifinal em duas Copas do Mundo de forma consecutiva, mas queremos ir mais adiante. Para a Argentina sei que \u00e9 uma press\u00e3o grande, tem um grande n\u00famero aqui de torcedores. Vamos jogar a semifinal contra uma das grandes equipes do mundo e vamos aproveitar o que tiver para aproveitar\u201d, retrucou o t\u00e9cnico croata Zlatko Dalic. Quem vencer de Argentina e Cro\u00e1cia enfrenta quem passar de Fran\u00e7a e Marrocos na grande final. A segunda semifinal acontece na quarta, tamb\u00e9m \u00e0s 16 horas, no Al Bayt. Noticias em Destaque Fonte: R7\" \/>\n<meta property=\"og:url\" content=\"https:\/\/noticiasemdestaque.com\/cd\/?p=44657\" \/>\n<meta property=\"og:site_name\" content=\"Not&iacute;cias em Destaque\" \/>\n<meta property=\"article:published_time\" content=\"2022-12-13T12:13:47+00:00\" \/>\n<meta property=\"og:image\" content=\"https:\/\/noticiasemdestaque.com\/cd\/wp-content\/uploads\/2022\/12\/luka-modrid-lionel-messi.jpg\" \/>\n\t<meta property=\"og:image:width\" content=\"876\" \/>\n\t<meta property=\"og:image:height\" content=\"585\" \/>\n\t<meta property=\"og:image:type\" content=\"image\/jpeg\" \/>\n<meta name=\"author\" content=\"Not\u00edcias em Destaque\" \/>\n<meta name=\"twitter:card\" content=\"summary_large_image\" \/>\n<meta name=\"twitter:label1\" content=\"Escrito por\" \/>\n\t<meta name=\"twitter:data1\" content=\"Not\u00edcias em Destaque\" \/>\n\t<meta name=\"twitter:label2\" content=\"Est. tempo de leitura\" \/>\n\t<meta name=\"twitter:data2\" content=\"4 minutos\" \/>\n<script type=\"application\/ld+json\" class=\"yoast-schema-graph\">{\"@context\":\"https:\/\/schema.org\",\"@graph\":[{\"@type\":\"Article\",\"@id\":\"https:\/\/noticiasemdestaque.com\/cd\/?p=44657#article\",\"isPartOf\":{\"@id\":\"https:\/\/noticiasemdestaque.com\/cd\/?p=44657\"},\"author\":{\"name\":\"Not\u00edcias em Destaque\",\"@id\":\"https:\/\/noticiasemdestaque.com\/cd\/#\/schema\/person\/47f7d4f55eec17c6b2ca036c5500f6ce\"},\"headline\":\"Argentina e Cro\u00e1cia se reencontram para honrar mem\u00f3ria de \u00eddolos em busca de vaga na final da Copa\",\"datePublished\":\"2022-12-13T12:13:47+00:00\",\"mainEntityOfPage\":{\"@id\":\"https:\/\/noticiasemdestaque.com\/cd\/?p=44657\"},\"wordCount\":511,\"publisher\":{\"@id\":\"https:\/\/noticiasemdestaque.com\/cd\/#organization\"},\"image\":{\"@id\":\"https:\/\/noticiasemdestaque.com\/cd\/?p=44657#primaryimage\"},\"thumbnailUrl\":\"https:\/\/noticiasemdestaque.com\/cd\/wp-content\/uploads\/2022\/12\/luka-modrid-lionel-messi.jpg\",\"articleSection\":[\"Esporte\"],\"inLanguage\":\"pt-BR\"},{\"@type\":\"WebPage\",\"@id\":\"https:\/\/noticiasemdestaque.com\/cd\/?p=44657\",\"url\":\"https:\/\/noticiasemdestaque.com\/cd\/?p=44657\",\"name\":\"Argentina e Cro\u00e1cia se reencontram para honrar mem\u00f3ria de \u00eddolos em busca de vaga na final da Copa - Not&iacute;cias em Destaque\",\"isPartOf\":{\"@id\":\"https:\/\/noticiasemdestaque.com\/cd\/#website\"},\"primaryImageOfPage\":{\"@id\":\"https:\/\/noticiasemdestaque.com\/cd\/?p=44657#primaryimage\"},\"image\":{\"@id\":\"https:\/\/noticiasemdestaque.com\/cd\/?p=44657#primaryimage\"},\"thumbnailUrl\":\"https:\/\/noticiasemdestaque.com\/cd\/wp-content\/uploads\/2022\/12\/luka-modrid-lionel-messi.jpg\",\"datePublished\":\"2022-12-13T12:13:47+00:00\",\"breadcrumb\":{\"@id\":\"https:\/\/noticiasemdestaque.com\/cd\/?p=44657#breadcrumb\"},\"inLanguage\":\"pt-BR\",\"potentialAction\":[{\"@type\":\"ReadAction\",\"target\":[\"https:\/\/noticiasemdestaque.com\/cd\/?p=44657\"]}]},{\"@type\":\"ImageObject\",\"inLanguage\":\"pt-BR\",\"@id\":\"https:\/\/noticiasemdestaque.com\/cd\/?p=44657#primaryimage\",\"url\":\"https:\/\/noticiasemdestaque.com\/cd\/wp-content\/uploads\/2022\/12\/luka-modrid-lionel-messi.jpg\",\"contentUrl\":\"https:\/\/noticiasemdestaque.com\/cd\/wp-content\/uploads\/2022\/12\/luka-modrid-lionel-messi.jpg\",\"width\":876,\"height\":585},{\"@type\":\"BreadcrumbList\",\"@id\":\"https:\/\/noticiasemdestaque.com\/cd\/?p=44657#breadcrumb\",\"itemListElement\":[{\"@type\":\"ListItem\",\"position\":1,\"name\":\"In\u00edcio\",\"item\":\"https:\/\/noticiasemdestaque.com\/cd\/\"},{\"@type\":\"ListItem\",\"position\":2,\"name\":\"Argentina e Cro\u00e1cia se reencontram para honrar mem\u00f3ria de \u00eddolos em busca de vaga na final da Copa\"}]},{\"@type\":\"WebSite\",\"@id\":\"https:\/\/noticiasemdestaque.com\/cd\/#website\",\"url\":\"https:\/\/noticiasemdestaque.com\/cd\/\",\"name\":\"Not&iacute;cias em Destaque\",\"description\":\"\",\"publisher\":{\"@id\":\"https:\/\/noticiasemdestaque.com\/cd\/#organization\"},\"potentialAction\":[{\"@type\":\"SearchAction\",\"target\":{\"@type\":\"EntryPoint\",\"urlTemplate\":\"https:\/\/noticiasemdestaque.com\/cd\/?s={search_term_string}\"},\"query-input\":{\"@type\":\"PropertyValueSpecification\",\"valueRequired\":true,\"valueName\":\"search_term_string\"}}],\"inLanguage\":\"pt-BR\"},{\"@type\":\"Organization\",\"@id\":\"https:\/\/noticiasemdestaque.com\/cd\/#organization\",\"name\":\"Not\u00edcias em Destaque\",\"url\":\"https:\/\/noticiasemdestaque.com\/cd\/\",\"logo\":{\"@type\":\"ImageObject\",\"inLanguage\":\"pt-BR\",\"@id\":\"https:\/\/noticiasemdestaque.com\/cd\/#\/schema\/logo\/image\/\",\"url\":\"https:\/\/noticiasemdestaque.com\/cd\/wp-content\/uploads\/2022\/05\/imagem-base-noticiasemdestaque.png\",\"contentUrl\":\"https:\/\/noticiasemdestaque.com\/cd\/wp-content\/uploads\/2022\/05\/imagem-base-noticiasemdestaque.png\",\"width\":1200,\"height\":630,\"caption\":\"Not\u00edcias em Destaque\"},\"image\":{\"@id\":\"https:\/\/noticiasemdestaque.com\/cd\/#\/schema\/logo\/image\/\"}},{\"@type\":\"Person\",\"@id\":\"https:\/\/noticiasemdestaque.com\/cd\/#\/schema\/person\/47f7d4f55eec17c6b2ca036c5500f6ce\",\"name\":\"Not\u00edcias em Destaque\",\"url\":\"https:\/\/noticiasemdestaque.com\/cd\/?author=2\"}]}<\/script>\n<!-- \/ Yoast SEO plugin. -->","yoast_head_json":{"title":"Argentina e Cro\u00e1cia se reencontram para honrar mem\u00f3ria de \u00eddolos em busca de vaga na final da Copa - Not&iacute;cias em Destaque","robots":{"index":"index","follow":"follow","max-snippet":"max-snippet:-1","max-image-preview":"max-image-preview:large","max-video-preview":"max-video-preview:-1"},"canonical":"https:\/\/noticiasemdestaque.com\/cd\/?p=44657","og_locale":"pt_BR","og_type":"article","og_title":"Argentina e Cro\u00e1cia se reencontram para honrar mem\u00f3ria de \u00eddolos em busca de vaga na final da Copa - Not&iacute;cias em Destaque","og_description":"Uma triste coincid\u00eancia movimenta a primeira semifinal do Catar 2022. Argentina e Cro\u00e1cia se reencontram nesta ter\u00e7a-feira (13), a partir das 16 horas (de Bras\u00edlia), no est\u00e1dio Lusail, com a promessa de uma grande partida, mas tamb\u00e9m para honrar a mem\u00f3ria de \u00eddolos de seus pa\u00edses. Essa \u00e9 a primeira Copa do Mundo sem Diego Maradona e Zlatko Kranjcar. O primeiro praticamente dispensa apresenta\u00e7\u00f5es. Maradona, que com a sua infinita habilidade nos p\u00e9s e tamb\u00e9m uma ajudinha da m\u00e3o esquerda, deu aos argentinos o segundo e at\u00e9 agora \u00faltimo t\u00edtulo mundial, em 1986. O eterno camisa 10 da albiceleste morreu em 25 de novembro de 2020, v\u00edtima de uma parada cardiorrespirat\u00f3ria, menos de um m\u00eas depois de completar 60 anos. Messi em a\u00e7\u00e3o contra a Holanda, pelas quartas de final\u00a0 Maradona, inclusive, esteve nas tribunas de honra do est\u00e1dio N\u00edjni Novgorod, na derrota da sua sele\u00e7\u00e3o por 3 a 0 para os rivais. O ex-jogador deu um show \u00e0 parte com caras e bocas e muitos questionamentos ao time naquela altura de Jorge Sampaoli. Kranjcar, que morreu aos 64 anos, em 1\u00ba de mar\u00e7o de 2021, \u00e9 menos conhecido longe do leste europeu. Lenda do D\u00ednamo Zagreb nas d\u00e9cadas de 1970 e 1980, ele inspirou jogadores que, por exemplo, chegaram \u00e0s semifinais na Fran\u00e7a 1998. Dentro do contexto de independ\u00eancia da antiga Iugosl\u00e1via, o atacante foi o primeiro capit\u00e3o da sele\u00e7\u00e3o da camisa quadriculada, em 1990, e, anos mais tarde, ainda virou t\u00e9cnico da equipe. No Catar, comandou o Al-Ahli. Rakitic e Mandzukic comemoram vit\u00f3ria de 3 a 0 da Cro\u00e1cia sobre a Argentina, no \u00faltimo jogo entre os pa\u00edses, na Copa 2018 Clima de revanche Remanescentes daquela vit\u00f3ria, os croatas contam com uma boa base apesar de envelhecida em quatro anos. Lovren, Brozovic, Perisic e o craque Modric ainda s\u00e3o titulares. Do outro lado, Messi comanda uma equipe que j\u00e1 mudou bastante. Na entrevista coletiva na v\u00e9spera da partida, os argentinos trataram de esquentar um clima que pode parecer de revanche. \u201cEsperamos um jogo muito dif\u00edcil, contra um time que realmente pode ser chamada de time. Um grande time, um grande grupo e que vai nos tornar dif\u00edceis as coisas. As compara\u00e7\u00f5es com os Mundiais anteriores n\u00e3o fazem sentido, todos os jogos s\u00e3o diferentes\u201d, disse Scaloni. \u201c\u00c9 incr\u00edvel conseguir chegar \u00e0 semifinal em duas Copas do Mundo de forma consecutiva, mas queremos ir mais adiante. Para a Argentina sei que \u00e9 uma press\u00e3o grande, tem um grande n\u00famero aqui de torcedores. Vamos jogar a semifinal contra uma das grandes equipes do mundo e vamos aproveitar o que tiver para aproveitar\u201d, retrucou o t\u00e9cnico croata Zlatko Dalic. Quem vencer de Argentina e Cro\u00e1cia enfrenta quem passar de Fran\u00e7a e Marrocos na grande final. A segunda semifinal acontece na quarta, tamb\u00e9m \u00e0s 16 horas, no Al Bayt. Noticias em Destaque Fonte: R7","og_url":"https:\/\/noticiasemdestaque.com\/cd\/?p=44657","og_site_name":"Not&iacute;cias em Destaque","article_published_time":"2022-12-13T12:13:47+00:00","og_image":[{"width":876,"height":585,"url":"https:\/\/noticiasemdestaque.com\/cd\/wp-content\/uploads\/2022\/12\/luka-modrid-lionel-messi.jpg","type":"image\/jpeg"}],"author":"Not\u00edcias em Destaque","twitter_card":"summary_large_image","twitter_misc":{"Escrito por":"Not\u00edcias em Destaque","Est. tempo de leitura":"4 minutos"},"schema":{"@context":"https:\/\/schema.org","@graph":[{"@type":"Article","@id":"https:\/\/noticiasemdestaque.com\/cd\/?p=44657#article","isPartOf":{"@id":"https:\/\/noticiasemdestaque.com\/cd\/?p=44657"},"author":{"name":"Not\u00edcias em Destaque","@id":"https:\/\/noticiasemdestaque.com\/cd\/#\/schema\/person\/47f7d4f55eec17c6b2ca036c5500f6ce"},"headline":"Argentina e Cro\u00e1cia se reencontram para honrar mem\u00f3ria de \u00eddolos em busca de vaga na final da Copa","datePublished":"2022-12-13T12:13:47+00:00","mainEntityOfPage":{"@id":"https:\/\/noticiasemdestaque.com\/cd\/?p=44657"},"wordCount":511,"publisher":{"@id":"https:\/\/noticiasemdestaque.com\/cd\/#organization"},"image":{"@id":"https:\/\/noticiasemdestaque.com\/cd\/?p=44657#primaryimage"},"thumbnailUrl":"https:\/\/noticiasemdestaque.com\/cd\/wp-content\/uploads\/2022\/12\/luka-modrid-lionel-messi.jpg","articleSection":["Esporte"],"inLanguage":"pt-BR"},{"@type":"WebPage","@id":"https:\/\/noticiasemdestaque.com\/cd\/?p=44657","url":"https:\/\/noticiasemdestaque.com\/cd\/?p=44657","name":"Argentina e Cro\u00e1cia se reencontram para honrar mem\u00f3ria de \u00eddolos em busca de vaga na final da Copa - Not&iacute;cias em Destaque","isPartOf":{"@id":"https:\/\/noticiasemdestaque.com\/cd\/#website"},"primaryImageOfPage":{"@id":"https:\/\/noticiasemdestaque.com\/cd\/?p=44657#primaryimage"},"image":{"@id":"https:\/\/noticiasemdestaque.com\/cd\/?p=44657#primaryimage"},"thumbnailUrl":"https:\/\/noticiasemdestaque.com\/cd\/wp-content\/uploads\/2022\/12\/luka-modrid-lionel-messi.jpg","datePublished":"2022-12-13T12:13:47+00:00","breadcrumb":{"@id":"https:\/\/noticiasemdestaque.com\/cd\/?p=44657#breadcrumb"},"inLanguage":"pt-BR","potentialAction":[{"@type":"ReadAction","target":["https:\/\/noticiasemdestaque.com\/cd\/?p=44657"]}]},{"@type":"ImageObject","inLanguage":"pt-BR","@id":"https:\/\/noticiasemdestaque.com\/cd\/?p=44657#primaryimage","url":"https:\/\/noticiasemdestaque.com\/cd\/wp-content\/uploads\/2022\/12\/luka-modrid-lionel-messi.jpg","contentUrl":"https:\/\/noticiasemdestaque.com\/cd\/wp-content\/uploads\/2022\/12\/luka-modrid-lionel-messi.jpg","width":876,"height":585},{"@type":"BreadcrumbList","@id":"https:\/\/noticiasemdestaque.com\/cd\/?p=44657#breadcrumb","itemListElement":[{"@type":"ListItem","position":1,"name":"In\u00edcio","item":"https:\/\/noticiasemdestaque.com\/cd\/"},{"@type":"ListItem","position":2,"name":"Argentina e Cro\u00e1cia se reencontram para honrar mem\u00f3ria de \u00eddolos em busca de vaga na final da Copa"}]},{"@type":"WebSite","@id":"https:\/\/noticiasemdestaque.com\/cd\/#website","url":"https:\/\/noticiasemdestaque.com\/cd\/","name":"Not&iacute;cias em Destaque","description":"","publisher":{"@id":"https:\/\/noticiasemdestaque.com\/cd\/#organization"},"potentialAction":[{"@type":"SearchAction","target":{"@type":"EntryPoint","urlTemplate":"https:\/\/noticiasemdestaque.com\/cd\/?s={search_term_string}"},"query-input":{"@type":"PropertyValueSpecification","valueRequired":true,"valueName":"search_term_string"}}],"inLanguage":"pt-BR"},{"@type":"Organization","@id":"https:\/\/noticiasemdestaque.com\/cd\/#organization","name":"Not\u00edcias em Destaque","url":"https:\/\/noticiasemdestaque.com\/cd\/","logo":{"@type":"ImageObject","inLanguage":"pt-BR","@id":"https:\/\/noticiasemdestaque.com\/cd\/#\/schema\/logo\/image\/","url":"https:\/\/noticiasemdestaque.com\/cd\/wp-content\/uploads\/2022\/05\/imagem-base-noticiasemdestaque.png","contentUrl":"https:\/\/noticiasemdestaque.com\/cd\/wp-content\/uploads\/2022\/05\/imagem-base-noticiasemdestaque.png","width":1200,"height":630,"caption":"Not\u00edcias em Destaque"},"image":{"@id":"https:\/\/noticiasemdestaque.com\/cd\/#\/schema\/logo\/image\/"}},{"@type":"Person","@id":"https:\/\/noticiasemdestaque.com\/cd\/#\/schema\/person\/47f7d4f55eec17c6b2ca036c5500f6ce","name":"Not\u00edcias em Destaque","url":"https:\/\/noticiasemdestaque.com\/cd\/?author=2"}]}},"jetpack_featured_media_url":"https:\/\/noticiasemdestaque.com\/cd\/wp-content\/uploads\/2022\/12\/luka-modrid-lionel-messi.jpg","jetpack_sharing_enabled":true,"_links":{"self":[{"href":"https:\/\/noticiasemdestaque.com\/cd\/index.php?rest_route=\/wp\/v2\/posts\/44657","targetHints":{"allow":["GET"]}}],"collection":[{"href":"https:\/\/noticiasemdestaque.com\/cd\/index.php?rest_route=\/wp\/v2\/posts"}],"about":[{"href":"https:\/\/noticiasemdestaque.com\/cd\/index.php?rest_route=\/wp\/v2\/types\/post"}],"author":[{"embeddable":true,"href":"https:\/\/noticiasemdestaque.com\/cd\/index.php?rest_route=\/wp\/v2\/users\/2"}],"replies":[{"embeddable":true,"href":"https:\/\/noticiasemdestaque.com\/cd\/index.php?rest_route=%2Fwp%2Fv2%2Fcomments&post=44657"}],"version-history":[{"count":1,"href":"https:\/\/noticiasemdestaque.com\/cd\/index.php?rest_route=\/wp\/v2\/posts\/44657\/revisions"}],"predecessor-version":[{"id":44659,"href":"https:\/\/noticiasemdestaque.com\/cd\/index.php?rest_route=\/wp\/v2\/posts\/44657\/revisions\/44659"}],"wp:featuredmedia":[{"embeddable":true,"href":"https:\/\/noticiasemdestaque.com\/cd\/index.php?rest_route=\/wp\/v2\/media\/44658"}],"wp:attachment":[{"href":"https:\/\/noticiasemdestaque.com\/cd\/index.php?rest_route=%2Fwp%2Fv2%2Fmedia&parent=44657"}],"wp:term":[{"taxonomy":"category","embeddable":true,"href":"https:\/\/noticiasemdestaque.com\/cd\/index.php?rest_route=%2Fwp%2Fv2%2Fcategories&post=44657"},{"taxonomy":"post_tag","embeddable":true,"href":"https:\/\/noticiasemdestaque.com\/cd\/index.php?rest_route=%2Fwp%2Fv2%2Ftags&post=44657"}],"curies":[{"name":"wp","href":"https:\/\/api.w.org\/{rel}","templated":true}]}}