{"id":44651,"date":"2022-12-13T09:06:52","date_gmt":"2022-12-13T12:06:52","guid":{"rendered":"https:\/\/noticiasemdestaque.com\/cd\/?p=44651"},"modified":"2022-12-13T09:09:49","modified_gmt":"2022-12-13T12:09:49","slug":"cruzeiro-e-o-campeao-do-campeonato-aberto-de-futebol-de-campo","status":"publish","type":"post","link":"https:\/\/noticiasemdestaque.com\/cd\/?p=44651","title":{"rendered":"Cruzeiro \u00e9 o campe\u00e3o do campeonato aberto de futebol de campo de Sum\u00e9"},"content":{"rendered":"<p><a href=\"https:\/\/noticiasemdestaque.com\/cd\/wp-content\/uploads\/2022\/12\/CAPA-FINAL-400x255-1.jpg\"><img fetchpriority=\"high\" decoding=\"async\" class=\"wp-image-44652 aligncenter\" src=\"https:\/\/noticiasemdestaque.com\/cd\/wp-content\/uploads\/2022\/12\/CAPA-FINAL-400x255-1-300x191.jpg\" alt=\"\" width=\"440\" height=\"280\" srcset=\"https:\/\/noticiasemdestaque.com\/cd\/wp-content\/uploads\/2022\/12\/CAPA-FINAL-400x255-1-300x191.jpg 300w, https:\/\/noticiasemdestaque.com\/cd\/wp-content\/uploads\/2022\/12\/CAPA-FINAL-400x255-1-18x12.jpg 18w, https:\/\/noticiasemdestaque.com\/cd\/wp-content\/uploads\/2022\/12\/CAPA-FINAL-400x255-1.jpg 400w\" sizes=\"(max-width: 440px) 100vw, 440px\" \/><\/a><\/p>\n<p>A equipe do Cruzeiro A, comandada pelo t\u00e9cnico Boneilson do S\u00edtio Santo Agostinho, consagrou-se campe\u00e3o do Campeonato Aberto de Futebol de Campo 2022 do munic\u00edpio de Sum\u00e9.<\/p>\n<div id=\"gallery-1\" class=\"gallery galleryid-21029 gallery-columns-2 gallery-size-medium\">\n<dl class=\"gallery-item\">\n<dt class=\"gallery-icon landscape\"><a href=\"https:\/\/www.sume.pb.gov.br\/2022\/12\/cruzeiro-e-o-campeao-do-campeonato-aberto-de-futebol-de-campo\/dsc_1238\/\" data-slb-active=\"1\" data-slb-asset=\"2659827565\" data-slb-internal=\"21036\" data-slb-group=\"21029\"><img decoding=\"async\" class=\"attachment-medium size-medium\" src=\"https:\/\/www.sume.pb.gov.br\/wp-content\/uploads\/2022\/12\/DSC_1238-300x200.jpg\" sizes=\"(max-width: 300px) 100vw, 300px\" srcset=\"https:\/\/www.sume.pb.gov.br\/wp-content\/uploads\/2022\/12\/DSC_1238-300x200.jpg 300w, https:\/\/www.sume.pb.gov.br\/wp-content\/uploads\/2022\/12\/DSC_1238-1024x681.jpg 1024w, https:\/\/www.sume.pb.gov.br\/wp-content\/uploads\/2022\/12\/DSC_1238-768x511.jpg 768w, https:\/\/www.sume.pb.gov.br\/wp-content\/uploads\/2022\/12\/DSC_1238.jpg 1200w\" alt=\"\" width=\"300\" height=\"200\" \/><\/a><\/dt>\n<\/dl>\n<dl class=\"gallery-item\">\n<dt class=\"gallery-icon landscape\"><a href=\"https:\/\/www.sume.pb.gov.br\/2022\/12\/cruzeiro-e-o-campeao-do-campeonato-aberto-de-futebol-de-campo\/dsc_1235\/\" data-slb-active=\"1\" data-slb-asset=\"3515657582\" data-slb-internal=\"21035\" data-slb-group=\"21029\"><img decoding=\"async\" class=\"attachment-medium size-medium\" src=\"https:\/\/www.sume.pb.gov.br\/wp-content\/uploads\/2022\/12\/DSC_1235-300x200.jpg\" sizes=\"(max-width: 300px) 100vw, 300px\" srcset=\"https:\/\/www.sume.pb.gov.br\/wp-content\/uploads\/2022\/12\/DSC_1235-300x200.jpg 300w, https:\/\/www.sume.pb.gov.br\/wp-content\/uploads\/2022\/12\/DSC_1235-1024x681.jpg 1024w, https:\/\/www.sume.pb.gov.br\/wp-content\/uploads\/2022\/12\/DSC_1235-768x511.jpg 768w, https:\/\/www.sume.pb.gov.br\/wp-content\/uploads\/2022\/12\/DSC_1235.jpg 1200w\" alt=\"\" width=\"300\" height=\"200\" \/><\/a><\/dt>\n<\/dl>\n<\/div>\n<p>A equipe decidiu o 1\u00ba lugar com o Flamengo do S\u00edtio Riach\u00e3o em uma partida tensa e recheada de cart\u00f5es, neste domingo, 11, no est\u00e1dio de futebol \u201cO Jacint\u00e3o\u201d no bairro da V\u00e1rzea Redonda.<\/p>\n<div id=\"gallery-2\" class=\"gallery galleryid-21029 gallery-columns-2 gallery-size-medium\">\n<dl class=\"gallery-item\">\n<dt class=\"gallery-icon landscape\"><a href=\"https:\/\/www.sume.pb.gov.br\/2022\/12\/cruzeiro-e-o-campeao-do-campeonato-aberto-de-futebol-de-campo\/dsc_1232\/\" data-slb-active=\"1\" data-slb-asset=\"5843298\" data-slb-internal=\"21038\" data-slb-group=\"21029\"><img loading=\"lazy\" decoding=\"async\" class=\"attachment-medium size-medium\" src=\"https:\/\/www.sume.pb.gov.br\/wp-content\/uploads\/2022\/12\/DSC_1232-300x200.jpg\" sizes=\"(max-width: 300px) 100vw, 300px\" srcset=\"https:\/\/www.sume.pb.gov.br\/wp-content\/uploads\/2022\/12\/DSC_1232-300x200.jpg 300w, https:\/\/www.sume.pb.gov.br\/wp-content\/uploads\/2022\/12\/DSC_1232-1024x681.jpg 1024w, https:\/\/www.sume.pb.gov.br\/wp-content\/uploads\/2022\/12\/DSC_1232-768x511.jpg 768w, https:\/\/www.sume.pb.gov.br\/wp-content\/uploads\/2022\/12\/DSC_1232.jpg 1200w\" alt=\"\" width=\"300\" height=\"200\" \/><\/a><\/dt>\n<\/dl>\n<dl class=\"gallery-item\">\n<dt class=\"gallery-icon landscape\"><a href=\"https:\/\/www.sume.pb.gov.br\/2022\/12\/cruzeiro-e-o-campeao-do-campeonato-aberto-de-futebol-de-campo\/dsc_1227\/\" data-slb-active=\"1\" data-slb-asset=\"1984362874\" data-slb-internal=\"21037\" data-slb-group=\"21029\"><img loading=\"lazy\" decoding=\"async\" class=\"attachment-medium size-medium\" src=\"https:\/\/www.sume.pb.gov.br\/wp-content\/uploads\/2022\/12\/DSC_1227-300x200.jpg\" sizes=\"(max-width: 300px) 100vw, 300px\" srcset=\"https:\/\/www.sume.pb.gov.br\/wp-content\/uploads\/2022\/12\/DSC_1227-300x200.jpg 300w, https:\/\/www.sume.pb.gov.br\/wp-content\/uploads\/2022\/12\/DSC_1227-1024x681.jpg 1024w, https:\/\/www.sume.pb.gov.br\/wp-content\/uploads\/2022\/12\/DSC_1227-768x511.jpg 768w, https:\/\/www.sume.pb.gov.br\/wp-content\/uploads\/2022\/12\/DSC_1227.jpg 1200w\" alt=\"\" width=\"300\" height=\"200\" \/><\/a><\/dt>\n<\/dl>\n<\/div>\n<p>No tempo regulamentar a decis\u00e3o terminou em zero a zero e duas expuls\u00f5es para cada equipe. Nos p\u00eanaltis, o Cruzeiro converteu 3 gols (Valt\u00e9rcio, Wescley e Rom\u00e1rio) e perdeu 2. J\u00e1 a equipe do Flamengo converteu 2 gols (Juninho e Lucas) e perdeu 3.<\/p>\n<div id=\"gallery-3\" class=\"gallery galleryid-21029 gallery-columns-2 gallery-size-medium\">\n<dl class=\"gallery-item\">\n<dt class=\"gallery-icon landscape\"><a href=\"https:\/\/www.sume.pb.gov.br\/2022\/12\/cruzeiro-e-o-campeao-do-campeonato-aberto-de-futebol-de-campo\/dsc_1224\/\" data-slb-active=\"1\" data-slb-asset=\"3925339655\" data-slb-internal=\"21039\" data-slb-group=\"21029\"><img loading=\"lazy\" decoding=\"async\" class=\"attachment-medium size-medium\" src=\"https:\/\/www.sume.pb.gov.br\/wp-content\/uploads\/2022\/12\/DSC_1224-300x200.jpg\" sizes=\"(max-width: 300px) 100vw, 300px\" srcset=\"https:\/\/www.sume.pb.gov.br\/wp-content\/uploads\/2022\/12\/DSC_1224-300x200.jpg 300w, https:\/\/www.sume.pb.gov.br\/wp-content\/uploads\/2022\/12\/DSC_1224-1024x681.jpg 1024w, https:\/\/www.sume.pb.gov.br\/wp-content\/uploads\/2022\/12\/DSC_1224-768x511.jpg 768w, https:\/\/www.sume.pb.gov.br\/wp-content\/uploads\/2022\/12\/DSC_1224.jpg 1200w\" alt=\"\" width=\"300\" height=\"200\" \/><\/a><\/dt>\n<\/dl>\n<dl class=\"gallery-item\">\n<dt class=\"gallery-icon landscape\"><a href=\"https:\/\/www.sume.pb.gov.br\/2022\/12\/cruzeiro-e-o-campeao-do-campeonato-aberto-de-futebol-de-campo\/dsc_1226\/\" data-slb-active=\"1\" data-slb-asset=\"1299631148\" data-slb-internal=\"21040\" data-slb-group=\"21029\"><img loading=\"lazy\" decoding=\"async\" class=\"attachment-medium size-medium\" src=\"https:\/\/www.sume.pb.gov.br\/wp-content\/uploads\/2022\/12\/DSC_1226-300x200.jpg\" sizes=\"(max-width: 300px) 100vw, 300px\" srcset=\"https:\/\/www.sume.pb.gov.br\/wp-content\/uploads\/2022\/12\/DSC_1226-300x200.jpg 300w, https:\/\/www.sume.pb.gov.br\/wp-content\/uploads\/2022\/12\/DSC_1226-1024x681.jpg 1024w, https:\/\/www.sume.pb.gov.br\/wp-content\/uploads\/2022\/12\/DSC_1226-768x511.jpg 768w, https:\/\/www.sume.pb.gov.br\/wp-content\/uploads\/2022\/12\/DSC_1226.jpg 1200w\" alt=\"\" width=\"300\" height=\"200\" \/><\/a><\/dt>\n<\/dl>\n<\/div>\n<p>Dentre as 16 equipes participantes, chegaram as finais:<\/p>\n<p><strong>1\u00ba lugar: Cruzeiro A<\/strong><\/p>\n<p><strong>2\u00ba lugar: Flamengo<\/strong><\/p>\n<p><strong>3\u00ba lugar: Botafogo<\/strong><\/p>\n<p><strong>4\u00ba lugar Cor\u00edntias<\/strong><\/p>\n<div id=\"gallery-4\" class=\"gallery galleryid-21029 gallery-columns-3 gallery-size-medium\">\n<dl class=\"gallery-item\">\n<dt class=\"gallery-icon landscape\"><a href=\"https:\/\/www.sume.pb.gov.br\/2022\/12\/cruzeiro-e-o-campeao-do-campeonato-aberto-de-futebol-de-campo\/dsc_1120\/\" data-slb-active=\"1\" data-slb-asset=\"2098815596\" data-slb-internal=\"21041\" data-slb-group=\"21029\"><img loading=\"lazy\" decoding=\"async\" class=\"attachment-medium size-medium\" src=\"https:\/\/www.sume.pb.gov.br\/wp-content\/uploads\/2022\/12\/DSC_1120-300x200.jpg\" sizes=\"(max-width: 300px) 100vw, 300px\" srcset=\"https:\/\/www.sume.pb.gov.br\/wp-content\/uploads\/2022\/12\/DSC_1120-300x200.jpg 300w, https:\/\/www.sume.pb.gov.br\/wp-content\/uploads\/2022\/12\/DSC_1120-1024x681.jpg 1024w, https:\/\/www.sume.pb.gov.br\/wp-content\/uploads\/2022\/12\/DSC_1120-768x511.jpg 768w, https:\/\/www.sume.pb.gov.br\/wp-content\/uploads\/2022\/12\/DSC_1120.jpg 1200w\" alt=\"\" width=\"300\" height=\"200\" \/><\/a><\/dt>\n<\/dl>\n<dl class=\"gallery-item\">\n<dt class=\"gallery-icon landscape\"><a href=\"https:\/\/www.sume.pb.gov.br\/2022\/12\/cruzeiro-e-o-campeao-do-campeonato-aberto-de-futebol-de-campo\/dsc_1134\/\" data-slb-active=\"1\" data-slb-asset=\"1304339759\" data-slb-internal=\"21042\" data-slb-group=\"21029\"><img loading=\"lazy\" decoding=\"async\" class=\"attachment-medium size-medium\" src=\"https:\/\/www.sume.pb.gov.br\/wp-content\/uploads\/2022\/12\/DSC_1134-300x200.jpg\" sizes=\"(max-width: 300px) 100vw, 300px\" srcset=\"https:\/\/www.sume.pb.gov.br\/wp-content\/uploads\/2022\/12\/DSC_1134-300x200.jpg 300w, https:\/\/www.sume.pb.gov.br\/wp-content\/uploads\/2022\/12\/DSC_1134-1024x681.jpg 1024w, https:\/\/www.sume.pb.gov.br\/wp-content\/uploads\/2022\/12\/DSC_1134-768x511.jpg 768w, https:\/\/www.sume.pb.gov.br\/wp-content\/uploads\/2022\/12\/DSC_1134.jpg 1200w\" alt=\"\" width=\"300\" height=\"200\" \/><\/a><\/dt>\n<\/dl>\n<dl class=\"gallery-item\">\n<dt class=\"gallery-icon landscape\"><a href=\"https:\/\/www.sume.pb.gov.br\/2022\/12\/cruzeiro-e-o-campeao-do-campeonato-aberto-de-futebol-de-campo\/dsc_1139\/\" data-slb-active=\"1\" data-slb-asset=\"1569146536\" data-slb-internal=\"21044\" data-slb-group=\"21029\"><img loading=\"lazy\" decoding=\"async\" class=\"attachment-medium size-medium\" src=\"https:\/\/www.sume.pb.gov.br\/wp-content\/uploads\/2022\/12\/DSC_1139-300x200.jpg\" sizes=\"(max-width: 300px) 100vw, 300px\" srcset=\"https:\/\/www.sume.pb.gov.br\/wp-content\/uploads\/2022\/12\/DSC_1139-300x200.jpg 300w, https:\/\/www.sume.pb.gov.br\/wp-content\/uploads\/2022\/12\/DSC_1139-1024x681.jpg 1024w, https:\/\/www.sume.pb.gov.br\/wp-content\/uploads\/2022\/12\/DSC_1139-768x511.jpg 768w, https:\/\/www.sume.pb.gov.br\/wp-content\/uploads\/2022\/12\/DSC_1139.jpg 1200w\" alt=\"\" width=\"300\" height=\"200\" \/><\/a><\/dt>\n<\/dl>\n<\/div>\n<p>O melhor goleiro foi Jo\u00e3o Paulo do Cruzeiro e o artilheiro, com 9 gols, foi Juninho do Flamengo.<\/p>\n<p>A premia\u00e7\u00e3o do campeonato esse ano foi de:<\/p>\n<ul>\n<li><strong>R$ 3 mil para o 1\u00ba lugar + trof\u00e9u e medalhas<\/strong><\/li>\n<li><strong>R$ 2 mil para o 2\u00ba lugar + trof\u00e9u e medalhas<\/strong><\/li>\n<li><strong>R$ 1 mil para o 3\u00ba lugar + trof\u00e9u e medalhas<\/strong><\/li>\n<li><strong>R$ 500 para o 4\u00ba lugar<\/strong><\/li>\n<li><strong>O Artilheiro, R$ 300<\/strong><\/li>\n<li><strong>E o melhor Goleiro, R$ 300<\/strong><\/li>\n<\/ul>\n<p>Na oportunidade o Secret\u00e1rio de Cultura, Esportes e Turismo, Branco Xiliu, agradeceu o empenho da sua equipe, o apoio do Prefeito \u00c9den e a participa\u00e7\u00e3o. \u201cFicamos felizes e impressionados com a quantidade de equipes, isso se d\u00e1 ao valor da premia\u00e7\u00e3o, a maior do Cariri, considerando que nenhuma equipe pagou um tost\u00e3o para se inscrever. Nos comprometemos a fazer melhor no pr\u00f3ximo ano\u201d.<\/p>\n<p><img loading=\"lazy\" decoding=\"async\" class=\"aligncenter\" src=\"https:\/\/www.sume.pb.gov.br\/wp-content\/uploads\/2022\/12\/WhatsApp-Image-2022-12-12-at-12.49.55-300x169.jpeg\" width=\"414\" height=\"233\" \/><\/p>\n<p><a href=\"https:\/\/www.sume.pb.gov.br\/wp-content\/uploads\/2022\/12\/WhatsApp-Image-2022-12-12-at-12.49.55-1-1.jpeg\" data-slb-active=\"1\" data-slb-asset=\"1135343576\" data-slb-internal=\"0\" data-slb-group=\"21029\"><img loading=\"lazy\" decoding=\"async\" class=\"size-medium wp-image-21051 alignright\" src=\"https:\/\/www.sume.pb.gov.br\/wp-content\/uploads\/2022\/12\/WhatsApp-Image-2022-12-12-at-12.49.55-1-1-245x300.jpeg\" sizes=\"(max-width: 245px) 100vw, 245px\" srcset=\"https:\/\/www.sume.pb.gov.br\/wp-content\/uploads\/2022\/12\/WhatsApp-Image-2022-12-12-at-12.49.55-1-1-245x300.jpeg 245w, https:\/\/www.sume.pb.gov.br\/wp-content\/uploads\/2022\/12\/WhatsApp-Image-2022-12-12-at-12.49.55-1-1-837x1024.jpeg 837w, https:\/\/www.sume.pb.gov.br\/wp-content\/uploads\/2022\/12\/WhatsApp-Image-2022-12-12-at-12.49.55-1-1-768x940.jpeg 768w, https:\/\/www.sume.pb.gov.br\/wp-content\/uploads\/2022\/12\/WhatsApp-Image-2022-12-12-at-12.49.55-1-1.jpeg 882w\" alt=\"\" width=\"245\" height=\"300\" \/><\/a>J\u00e1 o prefeito \u00c9den se comprometeu a manter e, se poss\u00edvel, ampliar as premia\u00e7\u00f5es para o ano de 2023. \u201cSabemos da import\u00e2ncia do esporte na vida das pessoas. Esse retorno ap\u00f3s a pandemia mostra isso. As fam\u00edlias aqui reunidas torcendo nesse espa\u00e7o (Jacint\u00e3o) que tanto tem recebido investimentos nossos. Muito obrigado por essa festa t\u00e3o linda\u201d.<\/p>\n<p>Na oportunidade \u00c9den anunciou as negocia\u00e7\u00f5es feitas com a sele\u00e7\u00e3o de Serra Branca, que disputa a categoria A do campeonato paraibano de futebol, para que a mesma possa utilizar o Jacint\u00e3o como \u201cmando de jogo\u201d nas disputas de 2023.<\/p>\n<p><strong>Noticias em Destaque<\/strong><\/p>\n<p><em>Fonte: Ascom\/PMS<\/em><\/p>\n","protected":false},"excerpt":{"rendered":"<p>A equipe do Cruzeiro A, comandada pelo t\u00e9cnico Boneilson do S\u00edtio Santo Agostinho, consagrou-se campe\u00e3o do Campeonato Aberto de Futebol de Campo 2022 do munic\u00edpio de Sum\u00e9. A equipe decidiu o 1\u00ba lugar com o Flamengo do S\u00edtio Riach\u00e3o em uma partida tensa e recheada de cart\u00f5es, neste domingo, 11, no est\u00e1dio de futebol \u201cO Jacint\u00e3o\u201d no bairro da V\u00e1rzea Redonda. No tempo regulamentar a decis\u00e3o terminou em zero a zero e duas expuls\u00f5es para cada equipe. Nos p\u00eanaltis, o Cruzeiro converteu 3 gols (Valt\u00e9rcio, Wescley e Rom\u00e1rio) e perdeu 2. J\u00e1 a equipe do Flamengo converteu 2 gols (Juninho e Lucas) e perdeu 3. Dentre as 16 equipes participantes, chegaram as finais: 1\u00ba lugar: Cruzeiro A 2\u00ba lugar: Flamengo 3\u00ba lugar: Botafogo 4\u00ba lugar Cor\u00edntias O melhor goleiro foi Jo\u00e3o Paulo do Cruzeiro e o artilheiro, com 9 gols, foi Juninho do Flamengo. A premia\u00e7\u00e3o do campeonato esse ano foi de: R$ 3 mil para o 1\u00ba lugar + trof\u00e9u e medalhas R$ 2 mil para o 2\u00ba lugar + trof\u00e9u e medalhas R$ 1 mil para o 3\u00ba lugar + trof\u00e9u e medalhas R$ 500 para o 4\u00ba lugar O Artilheiro, R$ 300 E o melhor Goleiro, R$ 300 Na oportunidade o Secret\u00e1rio de Cultura, Esportes e Turismo, Branco Xiliu, agradeceu o empenho da sua equipe, o apoio do Prefeito \u00c9den e a participa\u00e7\u00e3o. \u201cFicamos felizes e impressionados com a quantidade de equipes, isso se d\u00e1 ao valor da premia\u00e7\u00e3o, a maior do Cariri, considerando que nenhuma equipe pagou um tost\u00e3o para se inscrever. Nos comprometemos a fazer melhor no pr\u00f3ximo ano\u201d. J\u00e1 o prefeito \u00c9den se comprometeu a manter e, se poss\u00edvel, ampliar as premia\u00e7\u00f5es para o ano de 2023. \u201cSabemos da import\u00e2ncia do esporte na vida das pessoas. Esse retorno ap\u00f3s a pandemia mostra isso. As fam\u00edlias aqui reunidas torcendo nesse espa\u00e7o (Jacint\u00e3o) que tanto tem recebido investimentos nossos. Muito obrigado por essa festa t\u00e3o linda\u201d. Na oportunidade \u00c9den anunciou as negocia\u00e7\u00f5es feitas com a sele\u00e7\u00e3o de Serra Branca, que disputa a categoria A do campeonato paraibano de futebol, para que a mesma possa utilizar o Jacint\u00e3o como \u201cmando de jogo\u201d nas disputas de 2023. Noticias em Destaque Fonte: Ascom\/PMS<\/p>\n","protected":false},"author":2,"featured_media":44652,"comment_status":"closed","ping_status":"open","sticky":false,"template":"","format":"standard","meta":{"_eb_attr":"","_jetpack_memberships_contains_paid_content":false,"footnotes":""},"categories":[15],"tags":[],"class_list":["post-44651","post","type-post","status-publish","format-standard","has-post-thumbnail","hentry","category-esporte"],"yoast_head":"<!-- This site is optimized with the Yoast SEO plugin v26.5 - https:\/\/yoast.com\/wordpress\/plugins\/seo\/ -->\n<title>Cruzeiro \u00e9 o campe\u00e3o do campeonato aberto de futebol de campo de Sum\u00e9 - Not&iacute;cias em Destaque<\/title>\n<meta name=\"robots\" content=\"index, follow, max-snippet:-1, max-image-preview:large, max-video-preview:-1\" \/>\n<link rel=\"canonical\" href=\"https:\/\/noticiasemdestaque.com\/cd\/?p=44651\" \/>\n<meta property=\"og:locale\" content=\"pt_BR\" \/>\n<meta property=\"og:type\" content=\"article\" \/>\n<meta property=\"og:title\" content=\"Cruzeiro \u00e9 o campe\u00e3o do campeonato aberto de futebol de campo de Sum\u00e9 - Not&iacute;cias em Destaque\" \/>\n<meta property=\"og:description\" content=\"A equipe do Cruzeiro A, comandada pelo t\u00e9cnico Boneilson do S\u00edtio Santo Agostinho, consagrou-se campe\u00e3o do Campeonato Aberto de Futebol de Campo 2022 do munic\u00edpio de Sum\u00e9. A equipe decidiu o 1\u00ba lugar com o Flamengo do S\u00edtio Riach\u00e3o em uma partida tensa e recheada de cart\u00f5es, neste domingo, 11, no est\u00e1dio de futebol \u201cO Jacint\u00e3o\u201d no bairro da V\u00e1rzea Redonda. No tempo regulamentar a decis\u00e3o terminou em zero a zero e duas expuls\u00f5es para cada equipe. Nos p\u00eanaltis, o Cruzeiro converteu 3 gols (Valt\u00e9rcio, Wescley e Rom\u00e1rio) e perdeu 2. J\u00e1 a equipe do Flamengo converteu 2 gols (Juninho e Lucas) e perdeu 3. Dentre as 16 equipes participantes, chegaram as finais: 1\u00ba lugar: Cruzeiro A 2\u00ba lugar: Flamengo 3\u00ba lugar: Botafogo 4\u00ba lugar Cor\u00edntias O melhor goleiro foi Jo\u00e3o Paulo do Cruzeiro e o artilheiro, com 9 gols, foi Juninho do Flamengo. A premia\u00e7\u00e3o do campeonato esse ano foi de: R$ 3 mil para o 1\u00ba lugar + trof\u00e9u e medalhas R$ 2 mil para o 2\u00ba lugar + trof\u00e9u e medalhas R$ 1 mil para o 3\u00ba lugar + trof\u00e9u e medalhas R$ 500 para o 4\u00ba lugar O Artilheiro, R$ 300 E o melhor Goleiro, R$ 300 Na oportunidade o Secret\u00e1rio de Cultura, Esportes e Turismo, Branco Xiliu, agradeceu o empenho da sua equipe, o apoio do Prefeito \u00c9den e a participa\u00e7\u00e3o. \u201cFicamos felizes e impressionados com a quantidade de equipes, isso se d\u00e1 ao valor da premia\u00e7\u00e3o, a maior do Cariri, considerando que nenhuma equipe pagou um tost\u00e3o para se inscrever. Nos comprometemos a fazer melhor no pr\u00f3ximo ano\u201d. J\u00e1 o prefeito \u00c9den se comprometeu a manter e, se poss\u00edvel, ampliar as premia\u00e7\u00f5es para o ano de 2023. \u201cSabemos da import\u00e2ncia do esporte na vida das pessoas. Esse retorno ap\u00f3s a pandemia mostra isso. As fam\u00edlias aqui reunidas torcendo nesse espa\u00e7o (Jacint\u00e3o) que tanto tem recebido investimentos nossos. Muito obrigado por essa festa t\u00e3o linda\u201d. Na oportunidade \u00c9den anunciou as negocia\u00e7\u00f5es feitas com a sele\u00e7\u00e3o de Serra Branca, que disputa a categoria A do campeonato paraibano de futebol, para que a mesma possa utilizar o Jacint\u00e3o como \u201cmando de jogo\u201d nas disputas de 2023. Noticias em Destaque Fonte: Ascom\/PMS\" \/>\n<meta property=\"og:url\" content=\"https:\/\/noticiasemdestaque.com\/cd\/?p=44651\" \/>\n<meta property=\"og:site_name\" content=\"Not&iacute;cias em Destaque\" \/>\n<meta property=\"article:published_time\" content=\"2022-12-13T12:06:52+00:00\" \/>\n<meta property=\"article:modified_time\" content=\"2022-12-13T12:09:49+00:00\" \/>\n<meta property=\"og:image\" content=\"https:\/\/noticiasemdestaque.com\/cd\/wp-content\/uploads\/2022\/12\/CAPA-FINAL-400x255-1.jpg\" \/>\n\t<meta property=\"og:image:width\" content=\"400\" \/>\n\t<meta property=\"og:image:height\" content=\"255\" \/>\n\t<meta property=\"og:image:type\" content=\"image\/jpeg\" \/>\n<meta name=\"author\" content=\"Not\u00edcias em Destaque\" \/>\n<meta name=\"twitter:card\" content=\"summary_large_image\" \/>\n<meta name=\"twitter:label1\" content=\"Escrito por\" \/>\n\t<meta name=\"twitter:data1\" content=\"Not\u00edcias em Destaque\" \/>\n\t<meta name=\"twitter:label2\" content=\"Est. tempo de leitura\" \/>\n\t<meta name=\"twitter:data2\" content=\"5 minutos\" \/>\n<script type=\"application\/ld+json\" class=\"yoast-schema-graph\">{\"@context\":\"https:\/\/schema.org\",\"@graph\":[{\"@type\":\"Article\",\"@id\":\"https:\/\/noticiasemdestaque.com\/cd\/?p=44651#article\",\"isPartOf\":{\"@id\":\"https:\/\/noticiasemdestaque.com\/cd\/?p=44651\"},\"author\":{\"name\":\"Not\u00edcias em Destaque\",\"@id\":\"https:\/\/noticiasemdestaque.com\/cd\/#\/schema\/person\/47f7d4f55eec17c6b2ca036c5500f6ce\"},\"headline\":\"Cruzeiro \u00e9 o campe\u00e3o do campeonato aberto de futebol de campo de Sum\u00e9\",\"datePublished\":\"2022-12-13T12:06:52+00:00\",\"dateModified\":\"2022-12-13T12:09:49+00:00\",\"mainEntityOfPage\":{\"@id\":\"https:\/\/noticiasemdestaque.com\/cd\/?p=44651\"},\"wordCount\":387,\"publisher\":{\"@id\":\"https:\/\/noticiasemdestaque.com\/cd\/#organization\"},\"image\":{\"@id\":\"https:\/\/noticiasemdestaque.com\/cd\/?p=44651#primaryimage\"},\"thumbnailUrl\":\"https:\/\/noticiasemdestaque.com\/cd\/wp-content\/uploads\/2022\/12\/CAPA-FINAL-400x255-1.jpg\",\"articleSection\":[\"Esporte\"],\"inLanguage\":\"pt-BR\"},{\"@type\":\"WebPage\",\"@id\":\"https:\/\/noticiasemdestaque.com\/cd\/?p=44651\",\"url\":\"https:\/\/noticiasemdestaque.com\/cd\/?p=44651\",\"name\":\"Cruzeiro \u00e9 o campe\u00e3o do campeonato aberto de futebol de campo de Sum\u00e9 - Not&iacute;cias em Destaque\",\"isPartOf\":{\"@id\":\"https:\/\/noticiasemdestaque.com\/cd\/#website\"},\"primaryImageOfPage\":{\"@id\":\"https:\/\/noticiasemdestaque.com\/cd\/?p=44651#primaryimage\"},\"image\":{\"@id\":\"https:\/\/noticiasemdestaque.com\/cd\/?p=44651#primaryimage\"},\"thumbnailUrl\":\"https:\/\/noticiasemdestaque.com\/cd\/wp-content\/uploads\/2022\/12\/CAPA-FINAL-400x255-1.jpg\",\"datePublished\":\"2022-12-13T12:06:52+00:00\",\"dateModified\":\"2022-12-13T12:09:49+00:00\",\"breadcrumb\":{\"@id\":\"https:\/\/noticiasemdestaque.com\/cd\/?p=44651#breadcrumb\"},\"inLanguage\":\"pt-BR\",\"potentialAction\":[{\"@type\":\"ReadAction\",\"target\":[\"https:\/\/noticiasemdestaque.com\/cd\/?p=44651\"]}]},{\"@type\":\"ImageObject\",\"inLanguage\":\"pt-BR\",\"@id\":\"https:\/\/noticiasemdestaque.com\/cd\/?p=44651#primaryimage\",\"url\":\"https:\/\/noticiasemdestaque.com\/cd\/wp-content\/uploads\/2022\/12\/CAPA-FINAL-400x255-1.jpg\",\"contentUrl\":\"https:\/\/noticiasemdestaque.com\/cd\/wp-content\/uploads\/2022\/12\/CAPA-FINAL-400x255-1.jpg\",\"width\":400,\"height\":255},{\"@type\":\"BreadcrumbList\",\"@id\":\"https:\/\/noticiasemdestaque.com\/cd\/?p=44651#breadcrumb\",\"itemListElement\":[{\"@type\":\"ListItem\",\"position\":1,\"name\":\"In\u00edcio\",\"item\":\"https:\/\/noticiasemdestaque.com\/cd\/\"},{\"@type\":\"ListItem\",\"position\":2,\"name\":\"Cruzeiro \u00e9 o campe\u00e3o do campeonato aberto de futebol de campo de Sum\u00e9\"}]},{\"@type\":\"WebSite\",\"@id\":\"https:\/\/noticiasemdestaque.com\/cd\/#website\",\"url\":\"https:\/\/noticiasemdestaque.com\/cd\/\",\"name\":\"Not&iacute;cias em Destaque\",\"description\":\"\",\"publisher\":{\"@id\":\"https:\/\/noticiasemdestaque.com\/cd\/#organization\"},\"potentialAction\":[{\"@type\":\"SearchAction\",\"target\":{\"@type\":\"EntryPoint\",\"urlTemplate\":\"https:\/\/noticiasemdestaque.com\/cd\/?s={search_term_string}\"},\"query-input\":{\"@type\":\"PropertyValueSpecification\",\"valueRequired\":true,\"valueName\":\"search_term_string\"}}],\"inLanguage\":\"pt-BR\"},{\"@type\":\"Organization\",\"@id\":\"https:\/\/noticiasemdestaque.com\/cd\/#organization\",\"name\":\"Not\u00edcias em Destaque\",\"url\":\"https:\/\/noticiasemdestaque.com\/cd\/\",\"logo\":{\"@type\":\"ImageObject\",\"inLanguage\":\"pt-BR\",\"@id\":\"https:\/\/noticiasemdestaque.com\/cd\/#\/schema\/logo\/image\/\",\"url\":\"https:\/\/noticiasemdestaque.com\/cd\/wp-content\/uploads\/2022\/05\/imagem-base-noticiasemdestaque.png\",\"contentUrl\":\"https:\/\/noticiasemdestaque.com\/cd\/wp-content\/uploads\/2022\/05\/imagem-base-noticiasemdestaque.png\",\"width\":1200,\"height\":630,\"caption\":\"Not\u00edcias em Destaque\"},\"image\":{\"@id\":\"https:\/\/noticiasemdestaque.com\/cd\/#\/schema\/logo\/image\/\"}},{\"@type\":\"Person\",\"@id\":\"https:\/\/noticiasemdestaque.com\/cd\/#\/schema\/person\/47f7d4f55eec17c6b2ca036c5500f6ce\",\"name\":\"Not\u00edcias em Destaque\",\"url\":\"https:\/\/noticiasemdestaque.com\/cd\/?author=2\"}]}<\/script>\n<!-- \/ Yoast SEO plugin. -->","yoast_head_json":{"title":"Cruzeiro \u00e9 o campe\u00e3o do campeonato aberto de futebol de campo de Sum\u00e9 - Not&iacute;cias em Destaque","robots":{"index":"index","follow":"follow","max-snippet":"max-snippet:-1","max-image-preview":"max-image-preview:large","max-video-preview":"max-video-preview:-1"},"canonical":"https:\/\/noticiasemdestaque.com\/cd\/?p=44651","og_locale":"pt_BR","og_type":"article","og_title":"Cruzeiro \u00e9 o campe\u00e3o do campeonato aberto de futebol de campo de Sum\u00e9 - Not&iacute;cias em Destaque","og_description":"A equipe do Cruzeiro A, comandada pelo t\u00e9cnico Boneilson do S\u00edtio Santo Agostinho, consagrou-se campe\u00e3o do Campeonato Aberto de Futebol de Campo 2022 do munic\u00edpio de Sum\u00e9. A equipe decidiu o 1\u00ba lugar com o Flamengo do S\u00edtio Riach\u00e3o em uma partida tensa e recheada de cart\u00f5es, neste domingo, 11, no est\u00e1dio de futebol \u201cO Jacint\u00e3o\u201d no bairro da V\u00e1rzea Redonda. No tempo regulamentar a decis\u00e3o terminou em zero a zero e duas expuls\u00f5es para cada equipe. Nos p\u00eanaltis, o Cruzeiro converteu 3 gols (Valt\u00e9rcio, Wescley e Rom\u00e1rio) e perdeu 2. J\u00e1 a equipe do Flamengo converteu 2 gols (Juninho e Lucas) e perdeu 3. Dentre as 16 equipes participantes, chegaram as finais: 1\u00ba lugar: Cruzeiro A 2\u00ba lugar: Flamengo 3\u00ba lugar: Botafogo 4\u00ba lugar Cor\u00edntias O melhor goleiro foi Jo\u00e3o Paulo do Cruzeiro e o artilheiro, com 9 gols, foi Juninho do Flamengo. A premia\u00e7\u00e3o do campeonato esse ano foi de: R$ 3 mil para o 1\u00ba lugar + trof\u00e9u e medalhas R$ 2 mil para o 2\u00ba lugar + trof\u00e9u e medalhas R$ 1 mil para o 3\u00ba lugar + trof\u00e9u e medalhas R$ 500 para o 4\u00ba lugar O Artilheiro, R$ 300 E o melhor Goleiro, R$ 300 Na oportunidade o Secret\u00e1rio de Cultura, Esportes e Turismo, Branco Xiliu, agradeceu o empenho da sua equipe, o apoio do Prefeito \u00c9den e a participa\u00e7\u00e3o. \u201cFicamos felizes e impressionados com a quantidade de equipes, isso se d\u00e1 ao valor da premia\u00e7\u00e3o, a maior do Cariri, considerando que nenhuma equipe pagou um tost\u00e3o para se inscrever. Nos comprometemos a fazer melhor no pr\u00f3ximo ano\u201d. J\u00e1 o prefeito \u00c9den se comprometeu a manter e, se poss\u00edvel, ampliar as premia\u00e7\u00f5es para o ano de 2023. \u201cSabemos da import\u00e2ncia do esporte na vida das pessoas. Esse retorno ap\u00f3s a pandemia mostra isso. As fam\u00edlias aqui reunidas torcendo nesse espa\u00e7o (Jacint\u00e3o) que tanto tem recebido investimentos nossos. Muito obrigado por essa festa t\u00e3o linda\u201d. Na oportunidade \u00c9den anunciou as negocia\u00e7\u00f5es feitas com a sele\u00e7\u00e3o de Serra Branca, que disputa a categoria A do campeonato paraibano de futebol, para que a mesma possa utilizar o Jacint\u00e3o como \u201cmando de jogo\u201d nas disputas de 2023. Noticias em Destaque Fonte: Ascom\/PMS","og_url":"https:\/\/noticiasemdestaque.com\/cd\/?p=44651","og_site_name":"Not&iacute;cias em Destaque","article_published_time":"2022-12-13T12:06:52+00:00","article_modified_time":"2022-12-13T12:09:49+00:00","og_image":[{"width":400,"height":255,"url":"https:\/\/noticiasemdestaque.com\/cd\/wp-content\/uploads\/2022\/12\/CAPA-FINAL-400x255-1.jpg","type":"image\/jpeg"}],"author":"Not\u00edcias em Destaque","twitter_card":"summary_large_image","twitter_misc":{"Escrito por":"Not\u00edcias em Destaque","Est. tempo de leitura":"5 minutos"},"schema":{"@context":"https:\/\/schema.org","@graph":[{"@type":"Article","@id":"https:\/\/noticiasemdestaque.com\/cd\/?p=44651#article","isPartOf":{"@id":"https:\/\/noticiasemdestaque.com\/cd\/?p=44651"},"author":{"name":"Not\u00edcias em Destaque","@id":"https:\/\/noticiasemdestaque.com\/cd\/#\/schema\/person\/47f7d4f55eec17c6b2ca036c5500f6ce"},"headline":"Cruzeiro \u00e9 o campe\u00e3o do campeonato aberto de futebol de campo de Sum\u00e9","datePublished":"2022-12-13T12:06:52+00:00","dateModified":"2022-12-13T12:09:49+00:00","mainEntityOfPage":{"@id":"https:\/\/noticiasemdestaque.com\/cd\/?p=44651"},"wordCount":387,"publisher":{"@id":"https:\/\/noticiasemdestaque.com\/cd\/#organization"},"image":{"@id":"https:\/\/noticiasemdestaque.com\/cd\/?p=44651#primaryimage"},"thumbnailUrl":"https:\/\/noticiasemdestaque.com\/cd\/wp-content\/uploads\/2022\/12\/CAPA-FINAL-400x255-1.jpg","articleSection":["Esporte"],"inLanguage":"pt-BR"},{"@type":"WebPage","@id":"https:\/\/noticiasemdestaque.com\/cd\/?p=44651","url":"https:\/\/noticiasemdestaque.com\/cd\/?p=44651","name":"Cruzeiro \u00e9 o campe\u00e3o do campeonato aberto de futebol de campo de Sum\u00e9 - Not&iacute;cias em Destaque","isPartOf":{"@id":"https:\/\/noticiasemdestaque.com\/cd\/#website"},"primaryImageOfPage":{"@id":"https:\/\/noticiasemdestaque.com\/cd\/?p=44651#primaryimage"},"image":{"@id":"https:\/\/noticiasemdestaque.com\/cd\/?p=44651#primaryimage"},"thumbnailUrl":"https:\/\/noticiasemdestaque.com\/cd\/wp-content\/uploads\/2022\/12\/CAPA-FINAL-400x255-1.jpg","datePublished":"2022-12-13T12:06:52+00:00","dateModified":"2022-12-13T12:09:49+00:00","breadcrumb":{"@id":"https:\/\/noticiasemdestaque.com\/cd\/?p=44651#breadcrumb"},"inLanguage":"pt-BR","potentialAction":[{"@type":"ReadAction","target":["https:\/\/noticiasemdestaque.com\/cd\/?p=44651"]}]},{"@type":"ImageObject","inLanguage":"pt-BR","@id":"https:\/\/noticiasemdestaque.com\/cd\/?p=44651#primaryimage","url":"https:\/\/noticiasemdestaque.com\/cd\/wp-content\/uploads\/2022\/12\/CAPA-FINAL-400x255-1.jpg","contentUrl":"https:\/\/noticiasemdestaque.com\/cd\/wp-content\/uploads\/2022\/12\/CAPA-FINAL-400x255-1.jpg","width":400,"height":255},{"@type":"BreadcrumbList","@id":"https:\/\/noticiasemdestaque.com\/cd\/?p=44651#breadcrumb","itemListElement":[{"@type":"ListItem","position":1,"name":"In\u00edcio","item":"https:\/\/noticiasemdestaque.com\/cd\/"},{"@type":"ListItem","position":2,"name":"Cruzeiro \u00e9 o campe\u00e3o do campeonato aberto de futebol de campo de Sum\u00e9"}]},{"@type":"WebSite","@id":"https:\/\/noticiasemdestaque.com\/cd\/#website","url":"https:\/\/noticiasemdestaque.com\/cd\/","name":"Not&iacute;cias em Destaque","description":"","publisher":{"@id":"https:\/\/noticiasemdestaque.com\/cd\/#organization"},"potentialAction":[{"@type":"SearchAction","target":{"@type":"EntryPoint","urlTemplate":"https:\/\/noticiasemdestaque.com\/cd\/?s={search_term_string}"},"query-input":{"@type":"PropertyValueSpecification","valueRequired":true,"valueName":"search_term_string"}}],"inLanguage":"pt-BR"},{"@type":"Organization","@id":"https:\/\/noticiasemdestaque.com\/cd\/#organization","name":"Not\u00edcias em Destaque","url":"https:\/\/noticiasemdestaque.com\/cd\/","logo":{"@type":"ImageObject","inLanguage":"pt-BR","@id":"https:\/\/noticiasemdestaque.com\/cd\/#\/schema\/logo\/image\/","url":"https:\/\/noticiasemdestaque.com\/cd\/wp-content\/uploads\/2022\/05\/imagem-base-noticiasemdestaque.png","contentUrl":"https:\/\/noticiasemdestaque.com\/cd\/wp-content\/uploads\/2022\/05\/imagem-base-noticiasemdestaque.png","width":1200,"height":630,"caption":"Not\u00edcias em Destaque"},"image":{"@id":"https:\/\/noticiasemdestaque.com\/cd\/#\/schema\/logo\/image\/"}},{"@type":"Person","@id":"https:\/\/noticiasemdestaque.com\/cd\/#\/schema\/person\/47f7d4f55eec17c6b2ca036c5500f6ce","name":"Not\u00edcias em Destaque","url":"https:\/\/noticiasemdestaque.com\/cd\/?author=2"}]}},"jetpack_featured_media_url":"https:\/\/noticiasemdestaque.com\/cd\/wp-content\/uploads\/2022\/12\/CAPA-FINAL-400x255-1.jpg","jetpack_sharing_enabled":true,"_links":{"self":[{"href":"https:\/\/noticiasemdestaque.com\/cd\/index.php?rest_route=\/wp\/v2\/posts\/44651","targetHints":{"allow":["GET"]}}],"collection":[{"href":"https:\/\/noticiasemdestaque.com\/cd\/index.php?rest_route=\/wp\/v2\/posts"}],"about":[{"href":"https:\/\/noticiasemdestaque.com\/cd\/index.php?rest_route=\/wp\/v2\/types\/post"}],"author":[{"embeddable":true,"href":"https:\/\/noticiasemdestaque.com\/cd\/index.php?rest_route=\/wp\/v2\/users\/2"}],"replies":[{"embeddable":true,"href":"https:\/\/noticiasemdestaque.com\/cd\/index.php?rest_route=%2Fwp%2Fv2%2Fcomments&post=44651"}],"version-history":[{"count":4,"href":"https:\/\/noticiasemdestaque.com\/cd\/index.php?rest_route=\/wp\/v2\/posts\/44651\/revisions"}],"predecessor-version":[{"id":44656,"href":"https:\/\/noticiasemdestaque.com\/cd\/index.php?rest_route=\/wp\/v2\/posts\/44651\/revisions\/44656"}],"wp:featuredmedia":[{"embeddable":true,"href":"https:\/\/noticiasemdestaque.com\/cd\/index.php?rest_route=\/wp\/v2\/media\/44652"}],"wp:attachment":[{"href":"https:\/\/noticiasemdestaque.com\/cd\/index.php?rest_route=%2Fwp%2Fv2%2Fmedia&parent=44651"}],"wp:term":[{"taxonomy":"category","embeddable":true,"href":"https:\/\/noticiasemdestaque.com\/cd\/index.php?rest_route=%2Fwp%2Fv2%2Fcategories&post=44651"},{"taxonomy":"post_tag","embeddable":true,"href":"https:\/\/noticiasemdestaque.com\/cd\/index.php?rest_route=%2Fwp%2Fv2%2Ftags&post=44651"}],"curies":[{"name":"wp","href":"https:\/\/api.w.org\/{rel}","templated":true}]}}