{"id":4460,"date":"2017-09-20T08:27:19","date_gmt":"2017-09-20T11:27:19","guid":{"rendered":"http:\/\/caririemdestaque.com\/cd\/?p=4460"},"modified":"2017-09-20T08:27:19","modified_gmt":"2017-09-20T11:27:19","slug":"justica-federal-define-procedimentos-para-materiais-e-armas-apreendidos-na-paraiba","status":"publish","type":"post","link":"https:\/\/noticiasemdestaque.com\/cd\/?p=4460","title":{"rendered":"Justi\u00e7a Federal define procedimentos para materiais e armas apreendidos na Para\u00edba"},"content":{"rendered":"<figure id=\"attachment_4461\" aria-describedby=\"caption-attachment-4461\" style=\"width: 300px\" class=\"wp-caption alignleft\"><a href=\"http:\/\/caririemdestaque.com\/cd\/wp-content\/uploads\/2017\/09\/justica_federal_walla_santos_16.jpg\"><img fetchpriority=\"high\" decoding=\"async\" class=\"wp-image-4461 size-medium\" src=\"http:\/\/caririemdestaque.com\/cd\/wp-content\/uploads\/2017\/09\/justica_federal_walla_santos_16-300x200.jpg\" alt=\"\" width=\"300\" height=\"200\" srcset=\"https:\/\/noticiasemdestaque.com\/cd\/wp-content\/uploads\/2017\/09\/justica_federal_walla_santos_16-300x200.jpg 300w, https:\/\/noticiasemdestaque.com\/cd\/wp-content\/uploads\/2017\/09\/justica_federal_walla_santos_16-768x513.jpg 768w, https:\/\/noticiasemdestaque.com\/cd\/wp-content\/uploads\/2017\/09\/justica_federal_walla_santos_16-480x320.jpg 480w, https:\/\/noticiasemdestaque.com\/cd\/wp-content\/uploads\/2017\/09\/justica_federal_walla_santos_16.jpg 825w\" sizes=\"(max-width: 300px) 100vw, 300px\" \/><\/a><figcaption id=\"caption-attachment-4461\" class=\"wp-caption-text\">Justi\u00e7a Federal da Para\u00edba (Foto internet)<\/figcaption><\/figure>\n<p>A Justi\u00e7a Federal na Para\u00edba (JFPB) definiu crit\u00e9rios para a destina\u00e7\u00e3o das armas de fogo e de materiais apreendidos por meio de a\u00e7\u00f5es penais e inqu\u00e9ritos policiais j\u00e1 encerrados. A medida, regulamentada atrav\u00e9s da Portaria n\u00ba 1003\/2017, da Dire\u00e7\u00e3o do Foro da JFPB em conjunto com a 16\u00aa Vara Federal, busca agilizar a devolu\u00e7\u00e3o, doa\u00e7\u00e3o, destrui\u00e7\u00e3o ou encaminhamento de armas de fogo, ca\u00e7a-n\u00edqueis, equipamentos de radiodifus\u00e3o, dinheiro e medicamentos falsos e de uso proibido no Brasil, pap\u00e9is, documentos, entre outros bens resultantes de apreens\u00f5es.<\/p>\n<p>A Portaria surgiu da necessidade de organiza\u00e7\u00e3o e racionaliza\u00e7\u00e3o do arquivo judicial da Se\u00e7\u00e3o Judici\u00e1ria da Para\u00edba, visando a redu\u00e7\u00e3o dos custos de manuten\u00e7\u00e3o. \u201cA destina\u00e7\u00e3o final dos bens vinculados a processos judiciais e inqu\u00e9ritos findos, mediante devolu\u00e7\u00e3o ou doa\u00e7\u00e3o, evitar\u00e1, ainda, que muitos bens, atualmente em condi\u00e7\u00f5es de uso, se tornem imprest\u00e1veis pela m\u00e1 conserva\u00e7\u00e3o ou pelo decurso do tempo\u201d, afirmou o diretor do N\u00facleo Judici\u00e1rio, Ricardo Correia.<\/p>\n<p>Para tanto, a regulamenta\u00e7\u00e3o prev\u00ea uma lista de verifica\u00e7\u00e3o, facilitando a an\u00e1lise dos materiais que est\u00e3o no arquivo. \u201cA fixa\u00e7\u00e3o de crit\u00e9rios objetivos para a destina\u00e7\u00e3o final dos bens vinculados a processos j\u00e1 conclu\u00eddos permitir\u00e1 uma diminui\u00e7\u00e3o de quase 50% dos bens no dep\u00f3sito judicial, gerando uma grande economia de recursos p\u00fablicos\u201d, afirmou o diretor do Foro da JFPB, Bruno Teixeira.<\/p>\n<p>As armas de fogo vinculadas a inqu\u00e9rito policial ou a\u00e7\u00e3o penal finalizados, por exemplo, dever\u00e3o ser encaminhadas ao comando do Ex\u00e9rcito para doa\u00e7\u00e3o ou destrui\u00e7\u00e3o. As que est\u00e3o com processo em andamento ser\u00e3o identificadas pela Se\u00e7\u00e3o de Dep\u00f3sito e Arquivo da JFPB, com registro a ser encaminhado \u00e0 16\u00aa Vara Federal para as provid\u00eancias que se fizerem necess\u00e1rias.<\/p>\n<p>Quanto aos bens vinculados a processos desaforados, havendo a possibilidade de identifica\u00e7\u00e3o do ju\u00edzo para onde foi remetido o inqu\u00e9rito policial ou a\u00e7\u00e3o penal dever\u00e1 ser expedido of\u00edcio solicitando do \u00f3rg\u00e3o, no prazo de 15 dias, informa\u00e7\u00f5es acerca do interesse do recebimento do objeto. Se houver o interesse, a Se\u00e7\u00e3o de Dep\u00f3sito e Arquivo da JFPB dever\u00e1, no prazo de cinco dias, providenciar a remessa. N\u00e3o havendo interesse no recebimento, manifesta\u00e7\u00e3o no prazo definido ou possibilidade de identifica\u00e7\u00e3o do ju\u00edzo, a destina\u00e7\u00e3o do material ser\u00e1 realizada da seguinte forma:<\/p>\n<ul>\n<li>Ser\u00e3o destru\u00eddos imediatamente os bens il\u00edcitos, inutiliz\u00e1veis, de valor irris\u00f3rio (com valor inferior a R$ 200, cujo custo de devolu\u00e7\u00e3o supera o valor de mercado) e pap\u00e9is e documentos, com exce\u00e7\u00e3o daqueles de identifica\u00e7\u00e3o pessoal com impossibilidade de expedi\u00e7\u00e3o de 2\u00aa Via (Carteira de Trabalho). O procedimento de destrui\u00e7\u00e3o dever\u00e1 observar os crit\u00e9rios ecol\u00f3gicos (reciclagem e meios n\u00e3o poluentes).<\/li>\n<\/ul>\n<p>&nbsp;<\/p>\n<ul>\n<li>Ser\u00e3o encaminhados imediatamente ao Banco Central: o dinheiro falso; \u00c0 Secretaria da Receita Federal, as m\u00e1quinas de ca\u00e7a-n\u00edqueis em bom estado de conserva\u00e7\u00e3o, devendo as inutilizadas ser destru\u00eddas ou encaminhadas \u00e0 reciclagem; \u00c0 Anatel, os equipamentos de radiodifus\u00e3o n\u00e3o homologados, devendo os inutilizados ser destru\u00eddos; \u00c0 Vigil\u00e2ncia Sanit\u00e1ria do Munic\u00edpio de Jo\u00e3o Pessoa, os medicamentos falsificados e os de uso proibido no Brasil.<\/li>\n<\/ul>\n<p>Os bens remanescentes ser\u00e3o inclu\u00eddos em edital com prazo de 15 dias, dando direito aos r\u00e9us, indiciados e eventuais terceiros interessados, requerer a restitui\u00e7\u00e3o, sob pena de destina\u00e7\u00e3o final (doa\u00e7\u00e3o). Os materiais n\u00e3o reclamados e que tenham utilidade para as atividades desenvolvidas na Se\u00e7\u00e3o Judici\u00e1ria da Para\u00edba (SJPB) poder\u00e3o ser incorporados ao patrim\u00f4nio da JFPB. Vale ressaltar que a doa\u00e7\u00e3o ir\u00e1 privilegiar institui\u00e7\u00f5es beneficentes.<\/p>\n<p>Fonte: Assessoria<\/p>\n","protected":false},"excerpt":{"rendered":"<p>A Justi\u00e7a Federal na Para\u00edba (JFPB) definiu crit\u00e9rios para a destina\u00e7\u00e3o das armas de fogo e de materiais apreendidos por meio de a\u00e7\u00f5es penais e inqu\u00e9ritos policiais j\u00e1 encerrados. A medida, regulamentada atrav\u00e9s da Portaria n\u00ba 1003\/2017, da Dire\u00e7\u00e3o do Foro da JFPB em conjunto com a 16\u00aa Vara Federal, busca agilizar a devolu\u00e7\u00e3o, doa\u00e7\u00e3o, destrui\u00e7\u00e3o ou encaminhamento de armas de fogo, ca\u00e7a-n\u00edqueis, equipamentos de radiodifus\u00e3o, dinheiro e medicamentos falsos e de uso proibido no Brasil, pap\u00e9is, documentos, entre outros bens resultantes de apreens\u00f5es. A Portaria surgiu da necessidade de organiza\u00e7\u00e3o e racionaliza\u00e7\u00e3o do arquivo judicial da Se\u00e7\u00e3o Judici\u00e1ria da Para\u00edba, visando a redu\u00e7\u00e3o dos custos de manuten\u00e7\u00e3o. \u201cA destina\u00e7\u00e3o final dos bens vinculados a processos judiciais e inqu\u00e9ritos findos, mediante devolu\u00e7\u00e3o ou doa\u00e7\u00e3o, evitar\u00e1, ainda, que muitos bens, atualmente em condi\u00e7\u00f5es de uso, se tornem imprest\u00e1veis pela m\u00e1 conserva\u00e7\u00e3o ou pelo decurso do tempo\u201d, afirmou o diretor do N\u00facleo Judici\u00e1rio, Ricardo Correia. Para tanto, a regulamenta\u00e7\u00e3o prev\u00ea uma lista de verifica\u00e7\u00e3o, facilitando a an\u00e1lise dos materiais que est\u00e3o no arquivo. \u201cA fixa\u00e7\u00e3o de crit\u00e9rios objetivos para a destina\u00e7\u00e3o final dos bens vinculados a processos j\u00e1 conclu\u00eddos permitir\u00e1 uma diminui\u00e7\u00e3o de quase 50% dos bens no dep\u00f3sito judicial, gerando uma grande economia de recursos p\u00fablicos\u201d, afirmou o diretor do Foro da JFPB, Bruno Teixeira. As armas de fogo vinculadas a inqu\u00e9rito policial ou a\u00e7\u00e3o penal finalizados, por exemplo, dever\u00e3o ser encaminhadas ao comando do Ex\u00e9rcito para doa\u00e7\u00e3o ou destrui\u00e7\u00e3o. As que est\u00e3o com processo em andamento ser\u00e3o identificadas pela Se\u00e7\u00e3o de Dep\u00f3sito e Arquivo da JFPB, com registro a ser encaminhado \u00e0 16\u00aa Vara Federal para as provid\u00eancias que se fizerem necess\u00e1rias. Quanto aos bens vinculados a processos desaforados, havendo a possibilidade de identifica\u00e7\u00e3o do ju\u00edzo para onde foi remetido o inqu\u00e9rito policial ou a\u00e7\u00e3o penal dever\u00e1 ser expedido of\u00edcio solicitando do \u00f3rg\u00e3o, no prazo de 15 dias, informa\u00e7\u00f5es acerca do interesse do recebimento do objeto. Se houver o interesse, a Se\u00e7\u00e3o de Dep\u00f3sito e Arquivo da JFPB dever\u00e1, no prazo de cinco dias, providenciar a remessa. N\u00e3o havendo interesse no recebimento, manifesta\u00e7\u00e3o no prazo definido ou possibilidade de identifica\u00e7\u00e3o do ju\u00edzo, a destina\u00e7\u00e3o do material ser\u00e1 realizada da seguinte forma: Ser\u00e3o destru\u00eddos imediatamente os bens il\u00edcitos, inutiliz\u00e1veis, de valor irris\u00f3rio (com valor inferior a R$ 200, cujo custo de devolu\u00e7\u00e3o supera o valor de mercado) e pap\u00e9is e documentos, com exce\u00e7\u00e3o daqueles de identifica\u00e7\u00e3o pessoal com impossibilidade de expedi\u00e7\u00e3o de 2\u00aa Via (Carteira de Trabalho). O procedimento de destrui\u00e7\u00e3o dever\u00e1 observar os crit\u00e9rios ecol\u00f3gicos (reciclagem e meios n\u00e3o poluentes). &nbsp; Ser\u00e3o encaminhados imediatamente ao Banco Central: o dinheiro falso; \u00c0 Secretaria da Receita Federal, as m\u00e1quinas de ca\u00e7a-n\u00edqueis em bom estado de conserva\u00e7\u00e3o, devendo as inutilizadas ser destru\u00eddas ou encaminhadas \u00e0 reciclagem; \u00c0 Anatel, os equipamentos de radiodifus\u00e3o n\u00e3o homologados, devendo os inutilizados ser destru\u00eddos; \u00c0 Vigil\u00e2ncia Sanit\u00e1ria do Munic\u00edpio de Jo\u00e3o Pessoa, os medicamentos falsificados e os de uso proibido no Brasil. Os bens remanescentes ser\u00e3o inclu\u00eddos em edital com prazo de 15 dias, dando direito aos r\u00e9us, indiciados e eventuais terceiros interessados, requerer a restitui\u00e7\u00e3o, sob pena de destina\u00e7\u00e3o final (doa\u00e7\u00e3o). Os materiais n\u00e3o reclamados e que tenham utilidade para as atividades desenvolvidas na Se\u00e7\u00e3o Judici\u00e1ria da Para\u00edba (SJPB) poder\u00e3o ser incorporados ao patrim\u00f4nio da JFPB. Vale ressaltar que a doa\u00e7\u00e3o ir\u00e1 privilegiar institui\u00e7\u00f5es beneficentes. Fonte: Assessoria<\/p>\n","protected":false},"author":2,"featured_media":4461,"comment_status":"closed","ping_status":"open","sticky":false,"template":"","format":"standard","meta":{"_eb_attr":"","_jetpack_memberships_contains_paid_content":false,"footnotes":""},"categories":[3],"tags":[],"class_list":["post-4460","post","type-post","status-publish","format-standard","has-post-thumbnail","hentry","category-cidades"],"yoast_head":"<!-- This site is optimized with the Yoast SEO plugin v26.5 - https:\/\/yoast.com\/wordpress\/plugins\/seo\/ -->\n<title>Justi\u00e7a Federal define procedimentos para materiais e armas apreendidos na Para\u00edba - Not&iacute;cias em Destaque<\/title>\n<meta name=\"robots\" content=\"index, follow, max-snippet:-1, max-image-preview:large, max-video-preview:-1\" \/>\n<link rel=\"canonical\" href=\"https:\/\/noticiasemdestaque.com\/cd\/?p=4460\" \/>\n<meta property=\"og:locale\" content=\"pt_BR\" \/>\n<meta property=\"og:type\" content=\"article\" \/>\n<meta property=\"og:title\" content=\"Justi\u00e7a Federal define procedimentos para materiais e armas apreendidos na Para\u00edba - Not&iacute;cias em Destaque\" \/>\n<meta property=\"og:description\" content=\"A Justi\u00e7a Federal na Para\u00edba (JFPB) definiu crit\u00e9rios para a destina\u00e7\u00e3o das armas de fogo e de materiais apreendidos por meio de a\u00e7\u00f5es penais e inqu\u00e9ritos policiais j\u00e1 encerrados. A medida, regulamentada atrav\u00e9s da Portaria n\u00ba 1003\/2017, da Dire\u00e7\u00e3o do Foro da JFPB em conjunto com a 16\u00aa Vara Federal, busca agilizar a devolu\u00e7\u00e3o, doa\u00e7\u00e3o, destrui\u00e7\u00e3o ou encaminhamento de armas de fogo, ca\u00e7a-n\u00edqueis, equipamentos de radiodifus\u00e3o, dinheiro e medicamentos falsos e de uso proibido no Brasil, pap\u00e9is, documentos, entre outros bens resultantes de apreens\u00f5es. A Portaria surgiu da necessidade de organiza\u00e7\u00e3o e racionaliza\u00e7\u00e3o do arquivo judicial da Se\u00e7\u00e3o Judici\u00e1ria da Para\u00edba, visando a redu\u00e7\u00e3o dos custos de manuten\u00e7\u00e3o. \u201cA destina\u00e7\u00e3o final dos bens vinculados a processos judiciais e inqu\u00e9ritos findos, mediante devolu\u00e7\u00e3o ou doa\u00e7\u00e3o, evitar\u00e1, ainda, que muitos bens, atualmente em condi\u00e7\u00f5es de uso, se tornem imprest\u00e1veis pela m\u00e1 conserva\u00e7\u00e3o ou pelo decurso do tempo\u201d, afirmou o diretor do N\u00facleo Judici\u00e1rio, Ricardo Correia. Para tanto, a regulamenta\u00e7\u00e3o prev\u00ea uma lista de verifica\u00e7\u00e3o, facilitando a an\u00e1lise dos materiais que est\u00e3o no arquivo. \u201cA fixa\u00e7\u00e3o de crit\u00e9rios objetivos para a destina\u00e7\u00e3o final dos bens vinculados a processos j\u00e1 conclu\u00eddos permitir\u00e1 uma diminui\u00e7\u00e3o de quase 50% dos bens no dep\u00f3sito judicial, gerando uma grande economia de recursos p\u00fablicos\u201d, afirmou o diretor do Foro da JFPB, Bruno Teixeira. As armas de fogo vinculadas a inqu\u00e9rito policial ou a\u00e7\u00e3o penal finalizados, por exemplo, dever\u00e3o ser encaminhadas ao comando do Ex\u00e9rcito para doa\u00e7\u00e3o ou destrui\u00e7\u00e3o. As que est\u00e3o com processo em andamento ser\u00e3o identificadas pela Se\u00e7\u00e3o de Dep\u00f3sito e Arquivo da JFPB, com registro a ser encaminhado \u00e0 16\u00aa Vara Federal para as provid\u00eancias que se fizerem necess\u00e1rias. Quanto aos bens vinculados a processos desaforados, havendo a possibilidade de identifica\u00e7\u00e3o do ju\u00edzo para onde foi remetido o inqu\u00e9rito policial ou a\u00e7\u00e3o penal dever\u00e1 ser expedido of\u00edcio solicitando do \u00f3rg\u00e3o, no prazo de 15 dias, informa\u00e7\u00f5es acerca do interesse do recebimento do objeto. Se houver o interesse, a Se\u00e7\u00e3o de Dep\u00f3sito e Arquivo da JFPB dever\u00e1, no prazo de cinco dias, providenciar a remessa. N\u00e3o havendo interesse no recebimento, manifesta\u00e7\u00e3o no prazo definido ou possibilidade de identifica\u00e7\u00e3o do ju\u00edzo, a destina\u00e7\u00e3o do material ser\u00e1 realizada da seguinte forma: Ser\u00e3o destru\u00eddos imediatamente os bens il\u00edcitos, inutiliz\u00e1veis, de valor irris\u00f3rio (com valor inferior a R$ 200, cujo custo de devolu\u00e7\u00e3o supera o valor de mercado) e pap\u00e9is e documentos, com exce\u00e7\u00e3o daqueles de identifica\u00e7\u00e3o pessoal com impossibilidade de expedi\u00e7\u00e3o de 2\u00aa Via (Carteira de Trabalho). O procedimento de destrui\u00e7\u00e3o dever\u00e1 observar os crit\u00e9rios ecol\u00f3gicos (reciclagem e meios n\u00e3o poluentes). &nbsp; Ser\u00e3o encaminhados imediatamente ao Banco Central: o dinheiro falso; \u00c0 Secretaria da Receita Federal, as m\u00e1quinas de ca\u00e7a-n\u00edqueis em bom estado de conserva\u00e7\u00e3o, devendo as inutilizadas ser destru\u00eddas ou encaminhadas \u00e0 reciclagem; \u00c0 Anatel, os equipamentos de radiodifus\u00e3o n\u00e3o homologados, devendo os inutilizados ser destru\u00eddos; \u00c0 Vigil\u00e2ncia Sanit\u00e1ria do Munic\u00edpio de Jo\u00e3o Pessoa, os medicamentos falsificados e os de uso proibido no Brasil. Os bens remanescentes ser\u00e3o inclu\u00eddos em edital com prazo de 15 dias, dando direito aos r\u00e9us, indiciados e eventuais terceiros interessados, requerer a restitui\u00e7\u00e3o, sob pena de destina\u00e7\u00e3o final (doa\u00e7\u00e3o). Os materiais n\u00e3o reclamados e que tenham utilidade para as atividades desenvolvidas na Se\u00e7\u00e3o Judici\u00e1ria da Para\u00edba (SJPB) poder\u00e3o ser incorporados ao patrim\u00f4nio da JFPB. Vale ressaltar que a doa\u00e7\u00e3o ir\u00e1 privilegiar institui\u00e7\u00f5es beneficentes. Fonte: Assessoria\" \/>\n<meta property=\"og:url\" content=\"https:\/\/noticiasemdestaque.com\/cd\/?p=4460\" \/>\n<meta property=\"og:site_name\" content=\"Not&iacute;cias em Destaque\" \/>\n<meta property=\"article:published_time\" content=\"2017-09-20T11:27:19+00:00\" \/>\n<meta property=\"og:image\" content=\"https:\/\/noticiasemdestaque.com\/cd\/wp-content\/uploads\/2017\/09\/justica_federal_walla_santos_16.jpg\" \/>\n\t<meta property=\"og:image:width\" content=\"825\" \/>\n\t<meta property=\"og:image:height\" content=\"551\" \/>\n\t<meta property=\"og:image:type\" content=\"image\/jpeg\" \/>\n<meta name=\"author\" content=\"Not\u00edcias em Destaque\" \/>\n<meta name=\"twitter:card\" content=\"summary_large_image\" \/>\n<meta name=\"twitter:label1\" content=\"Escrito por\" \/>\n\t<meta name=\"twitter:data1\" content=\"Not\u00edcias em Destaque\" \/>\n\t<meta name=\"twitter:label2\" content=\"Est. tempo de leitura\" \/>\n\t<meta name=\"twitter:data2\" content=\"3 minutos\" \/>\n<script type=\"application\/ld+json\" class=\"yoast-schema-graph\">{\"@context\":\"https:\/\/schema.org\",\"@graph\":[{\"@type\":\"Article\",\"@id\":\"https:\/\/noticiasemdestaque.com\/cd\/?p=4460#article\",\"isPartOf\":{\"@id\":\"https:\/\/noticiasemdestaque.com\/cd\/?p=4460\"},\"author\":{\"name\":\"Not\u00edcias em Destaque\",\"@id\":\"https:\/\/noticiasemdestaque.com\/cd\/#\/schema\/person\/21320b03a7e8bb90128938dafc9b908a\"},\"headline\":\"Justi\u00e7a Federal define procedimentos para materiais e armas apreendidos na Para\u00edba\",\"datePublished\":\"2017-09-20T11:27:19+00:00\",\"mainEntityOfPage\":{\"@id\":\"https:\/\/noticiasemdestaque.com\/cd\/?p=4460\"},\"wordCount\":675,\"publisher\":{\"@id\":\"https:\/\/noticiasemdestaque.com\/cd\/#organization\"},\"image\":{\"@id\":\"https:\/\/noticiasemdestaque.com\/cd\/?p=4460#primaryimage\"},\"thumbnailUrl\":\"https:\/\/noticiasemdestaque.com\/cd\/wp-content\/uploads\/2017\/09\/justica_federal_walla_santos_16.jpg\",\"articleSection\":[\"Cidades\"],\"inLanguage\":\"pt-BR\"},{\"@type\":\"WebPage\",\"@id\":\"https:\/\/noticiasemdestaque.com\/cd\/?p=4460\",\"url\":\"https:\/\/noticiasemdestaque.com\/cd\/?p=4460\",\"name\":\"Justi\u00e7a Federal define procedimentos para materiais e armas apreendidos na Para\u00edba - Not&iacute;cias em Destaque\",\"isPartOf\":{\"@id\":\"https:\/\/noticiasemdestaque.com\/cd\/#website\"},\"primaryImageOfPage\":{\"@id\":\"https:\/\/noticiasemdestaque.com\/cd\/?p=4460#primaryimage\"},\"image\":{\"@id\":\"https:\/\/noticiasemdestaque.com\/cd\/?p=4460#primaryimage\"},\"thumbnailUrl\":\"https:\/\/noticiasemdestaque.com\/cd\/wp-content\/uploads\/2017\/09\/justica_federal_walla_santos_16.jpg\",\"datePublished\":\"2017-09-20T11:27:19+00:00\",\"breadcrumb\":{\"@id\":\"https:\/\/noticiasemdestaque.com\/cd\/?p=4460#breadcrumb\"},\"inLanguage\":\"pt-BR\",\"potentialAction\":[{\"@type\":\"ReadAction\",\"target\":[\"https:\/\/noticiasemdestaque.com\/cd\/?p=4460\"]}]},{\"@type\":\"ImageObject\",\"inLanguage\":\"pt-BR\",\"@id\":\"https:\/\/noticiasemdestaque.com\/cd\/?p=4460#primaryimage\",\"url\":\"https:\/\/noticiasemdestaque.com\/cd\/wp-content\/uploads\/2017\/09\/justica_federal_walla_santos_16.jpg\",\"contentUrl\":\"https:\/\/noticiasemdestaque.com\/cd\/wp-content\/uploads\/2017\/09\/justica_federal_walla_santos_16.jpg\",\"width\":825,\"height\":551,\"caption\":\"Justi\u00e7a Federal da Para\u00edba (Foto internet)\"},{\"@type\":\"BreadcrumbList\",\"@id\":\"https:\/\/noticiasemdestaque.com\/cd\/?p=4460#breadcrumb\",\"itemListElement\":[{\"@type\":\"ListItem\",\"position\":1,\"name\":\"In\u00edcio\",\"item\":\"https:\/\/noticiasemdestaque.com\/cd\/\"},{\"@type\":\"ListItem\",\"position\":2,\"name\":\"Justi\u00e7a Federal define procedimentos para materiais e armas apreendidos na Para\u00edba\"}]},{\"@type\":\"WebSite\",\"@id\":\"https:\/\/noticiasemdestaque.com\/cd\/#website\",\"url\":\"https:\/\/noticiasemdestaque.com\/cd\/\",\"name\":\"Not&iacute;cias em Destaque\",\"description\":\"\",\"publisher\":{\"@id\":\"https:\/\/noticiasemdestaque.com\/cd\/#organization\"},\"potentialAction\":[{\"@type\":\"SearchAction\",\"target\":{\"@type\":\"EntryPoint\",\"urlTemplate\":\"https:\/\/noticiasemdestaque.com\/cd\/?s={search_term_string}\"},\"query-input\":{\"@type\":\"PropertyValueSpecification\",\"valueRequired\":true,\"valueName\":\"search_term_string\"}}],\"inLanguage\":\"pt-BR\"},{\"@type\":\"Organization\",\"@id\":\"https:\/\/noticiasemdestaque.com\/cd\/#organization\",\"name\":\"Not\u00edcias em Destaque\",\"url\":\"https:\/\/noticiasemdestaque.com\/cd\/\",\"logo\":{\"@type\":\"ImageObject\",\"inLanguage\":\"pt-BR\",\"@id\":\"https:\/\/noticiasemdestaque.com\/cd\/#\/schema\/logo\/image\/\",\"url\":\"https:\/\/noticiasemdestaque.com\/cd\/wp-content\/uploads\/2022\/05\/imagem-base-noticiasemdestaque.png\",\"contentUrl\":\"https:\/\/noticiasemdestaque.com\/cd\/wp-content\/uploads\/2022\/05\/imagem-base-noticiasemdestaque.png\",\"width\":1200,\"height\":630,\"caption\":\"Not\u00edcias em Destaque\"},\"image\":{\"@id\":\"https:\/\/noticiasemdestaque.com\/cd\/#\/schema\/logo\/image\/\"}},{\"@type\":\"Person\",\"@id\":\"https:\/\/noticiasemdestaque.com\/cd\/#\/schema\/person\/21320b03a7e8bb90128938dafc9b908a\",\"name\":\"Not\u00edcias em Destaque\",\"url\":\"https:\/\/noticiasemdestaque.com\/cd\/?author=2\"}]}<\/script>\n<!-- \/ Yoast SEO plugin. -->","yoast_head_json":{"title":"Justi\u00e7a Federal define procedimentos para materiais e armas apreendidos na Para\u00edba - Not&iacute;cias em Destaque","robots":{"index":"index","follow":"follow","max-snippet":"max-snippet:-1","max-image-preview":"max-image-preview:large","max-video-preview":"max-video-preview:-1"},"canonical":"https:\/\/noticiasemdestaque.com\/cd\/?p=4460","og_locale":"pt_BR","og_type":"article","og_title":"Justi\u00e7a Federal define procedimentos para materiais e armas apreendidos na Para\u00edba - Not&iacute;cias em Destaque","og_description":"A Justi\u00e7a Federal na Para\u00edba (JFPB) definiu crit\u00e9rios para a destina\u00e7\u00e3o das armas de fogo e de materiais apreendidos por meio de a\u00e7\u00f5es penais e inqu\u00e9ritos policiais j\u00e1 encerrados. A medida, regulamentada atrav\u00e9s da Portaria n\u00ba 1003\/2017, da Dire\u00e7\u00e3o do Foro da JFPB em conjunto com a 16\u00aa Vara Federal, busca agilizar a devolu\u00e7\u00e3o, doa\u00e7\u00e3o, destrui\u00e7\u00e3o ou encaminhamento de armas de fogo, ca\u00e7a-n\u00edqueis, equipamentos de radiodifus\u00e3o, dinheiro e medicamentos falsos e de uso proibido no Brasil, pap\u00e9is, documentos, entre outros bens resultantes de apreens\u00f5es. A Portaria surgiu da necessidade de organiza\u00e7\u00e3o e racionaliza\u00e7\u00e3o do arquivo judicial da Se\u00e7\u00e3o Judici\u00e1ria da Para\u00edba, visando a redu\u00e7\u00e3o dos custos de manuten\u00e7\u00e3o. \u201cA destina\u00e7\u00e3o final dos bens vinculados a processos judiciais e inqu\u00e9ritos findos, mediante devolu\u00e7\u00e3o ou doa\u00e7\u00e3o, evitar\u00e1, ainda, que muitos bens, atualmente em condi\u00e7\u00f5es de uso, se tornem imprest\u00e1veis pela m\u00e1 conserva\u00e7\u00e3o ou pelo decurso do tempo\u201d, afirmou o diretor do N\u00facleo Judici\u00e1rio, Ricardo Correia. Para tanto, a regulamenta\u00e7\u00e3o prev\u00ea uma lista de verifica\u00e7\u00e3o, facilitando a an\u00e1lise dos materiais que est\u00e3o no arquivo. \u201cA fixa\u00e7\u00e3o de crit\u00e9rios objetivos para a destina\u00e7\u00e3o final dos bens vinculados a processos j\u00e1 conclu\u00eddos permitir\u00e1 uma diminui\u00e7\u00e3o de quase 50% dos bens no dep\u00f3sito judicial, gerando uma grande economia de recursos p\u00fablicos\u201d, afirmou o diretor do Foro da JFPB, Bruno Teixeira. As armas de fogo vinculadas a inqu\u00e9rito policial ou a\u00e7\u00e3o penal finalizados, por exemplo, dever\u00e3o ser encaminhadas ao comando do Ex\u00e9rcito para doa\u00e7\u00e3o ou destrui\u00e7\u00e3o. As que est\u00e3o com processo em andamento ser\u00e3o identificadas pela Se\u00e7\u00e3o de Dep\u00f3sito e Arquivo da JFPB, com registro a ser encaminhado \u00e0 16\u00aa Vara Federal para as provid\u00eancias que se fizerem necess\u00e1rias. Quanto aos bens vinculados a processos desaforados, havendo a possibilidade de identifica\u00e7\u00e3o do ju\u00edzo para onde foi remetido o inqu\u00e9rito policial ou a\u00e7\u00e3o penal dever\u00e1 ser expedido of\u00edcio solicitando do \u00f3rg\u00e3o, no prazo de 15 dias, informa\u00e7\u00f5es acerca do interesse do recebimento do objeto. Se houver o interesse, a Se\u00e7\u00e3o de Dep\u00f3sito e Arquivo da JFPB dever\u00e1, no prazo de cinco dias, providenciar a remessa. N\u00e3o havendo interesse no recebimento, manifesta\u00e7\u00e3o no prazo definido ou possibilidade de identifica\u00e7\u00e3o do ju\u00edzo, a destina\u00e7\u00e3o do material ser\u00e1 realizada da seguinte forma: Ser\u00e3o destru\u00eddos imediatamente os bens il\u00edcitos, inutiliz\u00e1veis, de valor irris\u00f3rio (com valor inferior a R$ 200, cujo custo de devolu\u00e7\u00e3o supera o valor de mercado) e pap\u00e9is e documentos, com exce\u00e7\u00e3o daqueles de identifica\u00e7\u00e3o pessoal com impossibilidade de expedi\u00e7\u00e3o de 2\u00aa Via (Carteira de Trabalho). O procedimento de destrui\u00e7\u00e3o dever\u00e1 observar os crit\u00e9rios ecol\u00f3gicos (reciclagem e meios n\u00e3o poluentes). &nbsp; Ser\u00e3o encaminhados imediatamente ao Banco Central: o dinheiro falso; \u00c0 Secretaria da Receita Federal, as m\u00e1quinas de ca\u00e7a-n\u00edqueis em bom estado de conserva\u00e7\u00e3o, devendo as inutilizadas ser destru\u00eddas ou encaminhadas \u00e0 reciclagem; \u00c0 Anatel, os equipamentos de radiodifus\u00e3o n\u00e3o homologados, devendo os inutilizados ser destru\u00eddos; \u00c0 Vigil\u00e2ncia Sanit\u00e1ria do Munic\u00edpio de Jo\u00e3o Pessoa, os medicamentos falsificados e os de uso proibido no Brasil. Os bens remanescentes ser\u00e3o inclu\u00eddos em edital com prazo de 15 dias, dando direito aos r\u00e9us, indiciados e eventuais terceiros interessados, requerer a restitui\u00e7\u00e3o, sob pena de destina\u00e7\u00e3o final (doa\u00e7\u00e3o). Os materiais n\u00e3o reclamados e que tenham utilidade para as atividades desenvolvidas na Se\u00e7\u00e3o Judici\u00e1ria da Para\u00edba (SJPB) poder\u00e3o ser incorporados ao patrim\u00f4nio da JFPB. Vale ressaltar que a doa\u00e7\u00e3o ir\u00e1 privilegiar institui\u00e7\u00f5es beneficentes. Fonte: Assessoria","og_url":"https:\/\/noticiasemdestaque.com\/cd\/?p=4460","og_site_name":"Not&iacute;cias em Destaque","article_published_time":"2017-09-20T11:27:19+00:00","og_image":[{"width":825,"height":551,"url":"https:\/\/noticiasemdestaque.com\/cd\/wp-content\/uploads\/2017\/09\/justica_federal_walla_santos_16.jpg","type":"image\/jpeg"}],"author":"Not\u00edcias em Destaque","twitter_card":"summary_large_image","twitter_misc":{"Escrito por":"Not\u00edcias em Destaque","Est. tempo de leitura":"3 minutos"},"schema":{"@context":"https:\/\/schema.org","@graph":[{"@type":"Article","@id":"https:\/\/noticiasemdestaque.com\/cd\/?p=4460#article","isPartOf":{"@id":"https:\/\/noticiasemdestaque.com\/cd\/?p=4460"},"author":{"name":"Not\u00edcias em Destaque","@id":"https:\/\/noticiasemdestaque.com\/cd\/#\/schema\/person\/21320b03a7e8bb90128938dafc9b908a"},"headline":"Justi\u00e7a Federal define procedimentos para materiais e armas apreendidos na Para\u00edba","datePublished":"2017-09-20T11:27:19+00:00","mainEntityOfPage":{"@id":"https:\/\/noticiasemdestaque.com\/cd\/?p=4460"},"wordCount":675,"publisher":{"@id":"https:\/\/noticiasemdestaque.com\/cd\/#organization"},"image":{"@id":"https:\/\/noticiasemdestaque.com\/cd\/?p=4460#primaryimage"},"thumbnailUrl":"https:\/\/noticiasemdestaque.com\/cd\/wp-content\/uploads\/2017\/09\/justica_federal_walla_santos_16.jpg","articleSection":["Cidades"],"inLanguage":"pt-BR"},{"@type":"WebPage","@id":"https:\/\/noticiasemdestaque.com\/cd\/?p=4460","url":"https:\/\/noticiasemdestaque.com\/cd\/?p=4460","name":"Justi\u00e7a Federal define procedimentos para materiais e armas apreendidos na Para\u00edba - Not&iacute;cias em Destaque","isPartOf":{"@id":"https:\/\/noticiasemdestaque.com\/cd\/#website"},"primaryImageOfPage":{"@id":"https:\/\/noticiasemdestaque.com\/cd\/?p=4460#primaryimage"},"image":{"@id":"https:\/\/noticiasemdestaque.com\/cd\/?p=4460#primaryimage"},"thumbnailUrl":"https:\/\/noticiasemdestaque.com\/cd\/wp-content\/uploads\/2017\/09\/justica_federal_walla_santos_16.jpg","datePublished":"2017-09-20T11:27:19+00:00","breadcrumb":{"@id":"https:\/\/noticiasemdestaque.com\/cd\/?p=4460#breadcrumb"},"inLanguage":"pt-BR","potentialAction":[{"@type":"ReadAction","target":["https:\/\/noticiasemdestaque.com\/cd\/?p=4460"]}]},{"@type":"ImageObject","inLanguage":"pt-BR","@id":"https:\/\/noticiasemdestaque.com\/cd\/?p=4460#primaryimage","url":"https:\/\/noticiasemdestaque.com\/cd\/wp-content\/uploads\/2017\/09\/justica_federal_walla_santos_16.jpg","contentUrl":"https:\/\/noticiasemdestaque.com\/cd\/wp-content\/uploads\/2017\/09\/justica_federal_walla_santos_16.jpg","width":825,"height":551,"caption":"Justi\u00e7a Federal da Para\u00edba (Foto internet)"},{"@type":"BreadcrumbList","@id":"https:\/\/noticiasemdestaque.com\/cd\/?p=4460#breadcrumb","itemListElement":[{"@type":"ListItem","position":1,"name":"In\u00edcio","item":"https:\/\/noticiasemdestaque.com\/cd\/"},{"@type":"ListItem","position":2,"name":"Justi\u00e7a Federal define procedimentos para materiais e armas apreendidos na Para\u00edba"}]},{"@type":"WebSite","@id":"https:\/\/noticiasemdestaque.com\/cd\/#website","url":"https:\/\/noticiasemdestaque.com\/cd\/","name":"Not&iacute;cias em Destaque","description":"","publisher":{"@id":"https:\/\/noticiasemdestaque.com\/cd\/#organization"},"potentialAction":[{"@type":"SearchAction","target":{"@type":"EntryPoint","urlTemplate":"https:\/\/noticiasemdestaque.com\/cd\/?s={search_term_string}"},"query-input":{"@type":"PropertyValueSpecification","valueRequired":true,"valueName":"search_term_string"}}],"inLanguage":"pt-BR"},{"@type":"Organization","@id":"https:\/\/noticiasemdestaque.com\/cd\/#organization","name":"Not\u00edcias em Destaque","url":"https:\/\/noticiasemdestaque.com\/cd\/","logo":{"@type":"ImageObject","inLanguage":"pt-BR","@id":"https:\/\/noticiasemdestaque.com\/cd\/#\/schema\/logo\/image\/","url":"https:\/\/noticiasemdestaque.com\/cd\/wp-content\/uploads\/2022\/05\/imagem-base-noticiasemdestaque.png","contentUrl":"https:\/\/noticiasemdestaque.com\/cd\/wp-content\/uploads\/2022\/05\/imagem-base-noticiasemdestaque.png","width":1200,"height":630,"caption":"Not\u00edcias em Destaque"},"image":{"@id":"https:\/\/noticiasemdestaque.com\/cd\/#\/schema\/logo\/image\/"}},{"@type":"Person","@id":"https:\/\/noticiasemdestaque.com\/cd\/#\/schema\/person\/21320b03a7e8bb90128938dafc9b908a","name":"Not\u00edcias em Destaque","url":"https:\/\/noticiasemdestaque.com\/cd\/?author=2"}]}},"jetpack_featured_media_url":"https:\/\/noticiasemdestaque.com\/cd\/wp-content\/uploads\/2017\/09\/justica_federal_walla_santos_16.jpg","jetpack_sharing_enabled":true,"_links":{"self":[{"href":"https:\/\/noticiasemdestaque.com\/cd\/index.php?rest_route=\/wp\/v2\/posts\/4460","targetHints":{"allow":["GET"]}}],"collection":[{"href":"https:\/\/noticiasemdestaque.com\/cd\/index.php?rest_route=\/wp\/v2\/posts"}],"about":[{"href":"https:\/\/noticiasemdestaque.com\/cd\/index.php?rest_route=\/wp\/v2\/types\/post"}],"author":[{"embeddable":true,"href":"https:\/\/noticiasemdestaque.com\/cd\/index.php?rest_route=\/wp\/v2\/users\/2"}],"replies":[{"embeddable":true,"href":"https:\/\/noticiasemdestaque.com\/cd\/index.php?rest_route=%2Fwp%2Fv2%2Fcomments&post=4460"}],"version-history":[{"count":1,"href":"https:\/\/noticiasemdestaque.com\/cd\/index.php?rest_route=\/wp\/v2\/posts\/4460\/revisions"}],"predecessor-version":[{"id":4462,"href":"https:\/\/noticiasemdestaque.com\/cd\/index.php?rest_route=\/wp\/v2\/posts\/4460\/revisions\/4462"}],"wp:featuredmedia":[{"embeddable":true,"href":"https:\/\/noticiasemdestaque.com\/cd\/index.php?rest_route=\/wp\/v2\/media\/4461"}],"wp:attachment":[{"href":"https:\/\/noticiasemdestaque.com\/cd\/index.php?rest_route=%2Fwp%2Fv2%2Fmedia&parent=4460"}],"wp:term":[{"taxonomy":"category","embeddable":true,"href":"https:\/\/noticiasemdestaque.com\/cd\/index.php?rest_route=%2Fwp%2Fv2%2Fcategories&post=4460"},{"taxonomy":"post_tag","embeddable":true,"href":"https:\/\/noticiasemdestaque.com\/cd\/index.php?rest_route=%2Fwp%2Fv2%2Ftags&post=4460"}],"curies":[{"name":"wp","href":"https:\/\/api.w.org\/{rel}","templated":true}]}}