{"id":4450,"date":"2017-09-19T15:28:27","date_gmt":"2017-09-19T18:28:27","guid":{"rendered":"http:\/\/caririemdestaque.com\/cd\/?p=4450"},"modified":"2017-09-19T15:28:27","modified_gmt":"2017-09-19T18:28:27","slug":"pesquisa-cnt-34-aprovam-governo-temer-e-756-reprovam","status":"publish","type":"post","link":"https:\/\/noticiasemdestaque.com\/cd\/?p=4450","title":{"rendered":"Pesquisa CNT: 3,4% aprovam governo Temer e 75,6% reprovam"},"content":{"rendered":"<p><a href=\"http:\/\/caririemdestaque.com\/cd\/wp-content\/uploads\/2017\/09\/michel-temer.jpg\"><img fetchpriority=\"high\" decoding=\"async\" class=\"alignleft wp-image-4451 size-medium\" src=\"http:\/\/caririemdestaque.com\/cd\/wp-content\/uploads\/2017\/09\/michel-temer-300x200.jpg\" alt=\"\" width=\"300\" height=\"200\" srcset=\"https:\/\/noticiasemdestaque.com\/cd\/wp-content\/uploads\/2017\/09\/michel-temer-300x200.jpg 300w, https:\/\/noticiasemdestaque.com\/cd\/wp-content\/uploads\/2017\/09\/michel-temer-768x512.jpg 768w, https:\/\/noticiasemdestaque.com\/cd\/wp-content\/uploads\/2017\/09\/michel-temer-1024x683.jpg 1024w, https:\/\/noticiasemdestaque.com\/cd\/wp-content\/uploads\/2017\/09\/michel-temer-480x320.jpg 480w, https:\/\/noticiasemdestaque.com\/cd\/wp-content\/uploads\/2017\/09\/michel-temer.jpg 1368w\" sizes=\"(max-width: 300px) 100vw, 300px\" \/><\/a><\/p>\n<p>Na pesquisa divulgada em fevereiro, 10,3% avaliaram o governo Temer como positivo e 44,1% como negativo. Os que consideraram o governo regular foram 38,9% dos entrevistados e 6,7% n\u00e3o souberam opinar.<\/p>\n<p>O levantamento traz avalia\u00e7\u00f5es do governo federal e do desempenho pessoal do presidente Michel Temer, al\u00e9m de expectativas da popula\u00e7\u00e3o sobre emprego, renda, sa\u00fade, educa\u00e7\u00e3o e seguran\u00e7a. A edi\u00e7\u00e3o tamb\u00e9m aborda as elei\u00e7\u00f5es de 2018, a reforma pol\u00edtica, a Opera\u00e7\u00e3o Lava-Jato e os h\u00e1bitos de consumo de not\u00edcias no Brasil, entre outros temas.<\/p>\n<p>A CNT\/MDA ouviu 2.002 pessoas, em 137 munic\u00edpios de 25 Unidades Federativas, das cinco regi\u00f5es do pa\u00eds, entre os dias 13 a 16 de setembro. A pesquisa completa est\u00e1 dispon\u00edvel na p\u00e1gina da CNT.<\/p>\n<p><strong><u>Desempenho pessoal<\/u><\/strong><\/p>\n<p>Em rela\u00e7\u00e3o ao desempenho pessoal do presidente, a pesquisa divulgada hoje mostra que 84,5% desaprovam a maneira de Temer governar, frente a 62,4% da pesquisa anterior; e 10,1% aprovam, enquanto na consulta anterior o percentual era de 24,4%.<\/p>\n<p>Segundo o presidente da CNT, Cl\u00e9sio Andrade, esta \u00e9 a pior avalia\u00e7\u00e3o de um presidente, tanto de governo como de desempenho pessoal. \u201cDe toda a s\u00e9rie hist\u00f3rica e entre todos os ex-presidentes\u201d, ressaltou. As pesquisas da CNT s\u00e3o feitas desde 1998, primeiro mandato do ex-presidente Fernando Henrique Cardoso.<\/p>\n<p>Apesar de melhoras na economia serem percebidas de forma t\u00edmida pela popula\u00e7\u00e3o, segundo Andrade, em algum momento, isso pode reverter favor\u00e1vel ao presidente Temer.<\/p>\n<p><strong>Crise pol\u00edtica e protestos<\/strong><\/p>\n<p>Segundo a CNT, h\u00e1 a percep\u00e7\u00e3o de que o pa\u00eds se encontra em crise e fora de rumo do ponto de vista pol\u00edtico. Para 94,3% dos entrevistados, o pa\u00eds est\u00e1 em crise pol\u00edtica. Desses, 49,9% acreditam que a troca de presidente da Rep\u00fablica n\u00e3o resolveria a situa\u00e7\u00e3o, enquanto 41,2% acreditam que a troca do comando do pa\u00eds resolveria a crise.<\/p>\n<p>Entre os entrevistados, 91% dizem n\u00e3o ter participado de protestos ou atos pol\u00edticos desde 2013; 9% declararam ter participado. Dos que participaram, 45,3% se manifestaram pela sa\u00edda da ex-presidente Dilma Rousseff; 28,2% pela perman\u00eancia dela no cargo; e 23,8% declararam n\u00e3o ter se manifestado em rela\u00e7\u00e3o ao impeachment.<\/p>\n<p>Perguntados pela CNT\/MDA se t\u00eam inten\u00e7\u00e3o de participar de alguma manifesta\u00e7\u00e3o pela sa\u00edda do presidente Michel Temer do cargo, 67,7% responderam n\u00e3o e 30,8% disseram sim.<\/p>\n<p><strong><u>CNT: 10,3% aprovam governo Temer e 44,1% reprovam<\/u><\/strong><\/p>\n<p>Sobre os motivos dos panela\u00e7os e das manifesta\u00e7\u00f5es contra corrup\u00e7\u00e3o terem diminu\u00eddo no governo Temer, 50,3% dizem ter perdido a esperan\u00e7a com os atuais pol\u00edticos; 25,4% alegam falta de perspectivas de mudan\u00e7as no curto prazo. Para 16,3%, o motivo foi a sa\u00edda do PT da Presid\u00eancia da Rep\u00fablica e 3,9% dizem que hoje h\u00e1 menos motivos para protestar.<\/p>\n<p>Para Clesio Andrade, isso mostra claramente que o povo est\u00e1 descrente. \u201cViu que n\u00e3o adianta ir para a rua, j\u00e1 fez uma mudan\u00e7a de presidente e n\u00e3o resolveu. E, por outro lado, a elei\u00e7\u00e3o est\u00e1 pr\u00f3xima. Apesar do potencial de pessoas irem para a rua ser maior dos que o que foram, elas n\u00e3o se animam por esses fatores\u201d, explicou.<\/p>\n<p><strong><u>Lava Jato e corrup\u00e7\u00e3o<\/u><\/strong><\/p>\n<p>Os brasileiros continuam acompanhando as a\u00e7\u00f5es da Opera\u00e7\u00e3o Lava Jato, aprovando suas a\u00e7\u00f5es e acreditando, em sua maioria, que ela est\u00e1 beneficiando o Brasil, segundo a CNT. A pesquisa aponta que 79,9% da popula\u00e7\u00e3o diz que est\u00e3o acompanhando a opera\u00e7\u00e3o da Pol\u00edcia Federal.<\/p>\n<p>Em rela\u00e7\u00e3o \u00e0 aprova\u00e7\u00e3o, 78,5% aprovam a Lava Jato na investiga\u00e7\u00e3o de casos de corrup\u00e7\u00e3o envolvendo pol\u00edticos e empres\u00e1rios, 9,3% desaprovam e 7,7% n\u00e3o aprovam e nem desaprovam.<\/p>\n<p>Para 54%, a Opera\u00e7\u00e3o Lava Jato est\u00e1 beneficiando o Brasil, 24% avaliam que ela n\u00e3o est\u00e1 beneficiando nem prejudicando e 15,9% acham que ela est\u00e1 prejudicando o pa\u00eds.<\/p>\n<p><strong><u>Expectativa<\/u><\/strong><\/p>\n<p>Os entrevistados tamb\u00e9m foram questionados sobre a expectativa em rela\u00e7\u00e3o a emprego, renda, sa\u00fade, educa\u00e7\u00e3o e seguran\u00e7a p\u00fablica. \u201cTodos os \u00edndices mostram baixa nas expectativas\u201d, disse Andrade, explicando que seguran\u00e7a p\u00fablica tem as piores expectativas de melhora.<\/p>\n<p>De acordo com a pesquisa, 16,6% acreditam que o n\u00edvel de seguran\u00e7a p\u00fablica vai melhorar, enquanto 45,7% dizem que vai piorar. Para 36,2% a situa\u00e7\u00e3o vai ficar igual.<\/p>\n<p>Sobre emprego, 25,7% acreditam que o n\u00edvel de emprego vai melhorar; 35,4%, que vai piorar; e 36%, que a situa\u00e7\u00e3o vai se manter como est\u00e1.<\/p>\n<p>Na sa\u00fade, 21,1% dos entrevistados acreditam que a situa\u00e7\u00e3o na \u00e1rea vai melhorar; 36,5%, que vai piorar; e 40,3%, que vai se manter a mesma.<\/p>\n<p>Em educa\u00e7\u00e3o, 25% dos entrevistados afirmaram que o setor vai melhorar; 29,4%, que vai piorar; e 43,6%, que vai se manter igual.<\/p>\n<p>No quesito renda mensal, 22,1% acreditam em melhora; 20,6% avaliaram que haver\u00e1 uma piora; e 53,2% avaliaram que a situa\u00e7\u00e3o permanecer\u00e1 no mesmo patamar.<\/p>\n<p><em><strong>Cariri em Destaque<\/strong><\/em><\/p>\n<p>Com EBC<\/p>\n","protected":false},"excerpt":{"rendered":"<p>Na pesquisa divulgada em fevereiro, 10,3% avaliaram o governo Temer como positivo e 44,1% como negativo. Os que consideraram o governo regular foram 38,9% dos entrevistados e 6,7% n\u00e3o souberam opinar. O levantamento traz avalia\u00e7\u00f5es do governo federal e do desempenho pessoal do presidente Michel Temer, al\u00e9m de expectativas da popula\u00e7\u00e3o sobre emprego, renda, sa\u00fade, educa\u00e7\u00e3o e seguran\u00e7a. A edi\u00e7\u00e3o tamb\u00e9m aborda as elei\u00e7\u00f5es de 2018, a reforma pol\u00edtica, a Opera\u00e7\u00e3o Lava-Jato e os h\u00e1bitos de consumo de not\u00edcias no Brasil, entre outros temas. A CNT\/MDA ouviu 2.002 pessoas, em 137 munic\u00edpios de 25 Unidades Federativas, das cinco regi\u00f5es do pa\u00eds, entre os dias 13 a 16 de setembro. A pesquisa completa est\u00e1 dispon\u00edvel na p\u00e1gina da CNT. Desempenho pessoal Em rela\u00e7\u00e3o ao desempenho pessoal do presidente, a pesquisa divulgada hoje mostra que 84,5% desaprovam a maneira de Temer governar, frente a 62,4% da pesquisa anterior; e 10,1% aprovam, enquanto na consulta anterior o percentual era de 24,4%. Segundo o presidente da CNT, Cl\u00e9sio Andrade, esta \u00e9 a pior avalia\u00e7\u00e3o de um presidente, tanto de governo como de desempenho pessoal. \u201cDe toda a s\u00e9rie hist\u00f3rica e entre todos os ex-presidentes\u201d, ressaltou. As pesquisas da CNT s\u00e3o feitas desde 1998, primeiro mandato do ex-presidente Fernando Henrique Cardoso. Apesar de melhoras na economia serem percebidas de forma t\u00edmida pela popula\u00e7\u00e3o, segundo Andrade, em algum momento, isso pode reverter favor\u00e1vel ao presidente Temer. Crise pol\u00edtica e protestos Segundo a CNT, h\u00e1 a percep\u00e7\u00e3o de que o pa\u00eds se encontra em crise e fora de rumo do ponto de vista pol\u00edtico. Para 94,3% dos entrevistados, o pa\u00eds est\u00e1 em crise pol\u00edtica. Desses, 49,9% acreditam que a troca de presidente da Rep\u00fablica n\u00e3o resolveria a situa\u00e7\u00e3o, enquanto 41,2% acreditam que a troca do comando do pa\u00eds resolveria a crise. Entre os entrevistados, 91% dizem n\u00e3o ter participado de protestos ou atos pol\u00edticos desde 2013; 9% declararam ter participado. Dos que participaram, 45,3% se manifestaram pela sa\u00edda da ex-presidente Dilma Rousseff; 28,2% pela perman\u00eancia dela no cargo; e 23,8% declararam n\u00e3o ter se manifestado em rela\u00e7\u00e3o ao impeachment. Perguntados pela CNT\/MDA se t\u00eam inten\u00e7\u00e3o de participar de alguma manifesta\u00e7\u00e3o pela sa\u00edda do presidente Michel Temer do cargo, 67,7% responderam n\u00e3o e 30,8% disseram sim. CNT: 10,3% aprovam governo Temer e 44,1% reprovam Sobre os motivos dos panela\u00e7os e das manifesta\u00e7\u00f5es contra corrup\u00e7\u00e3o terem diminu\u00eddo no governo Temer, 50,3% dizem ter perdido a esperan\u00e7a com os atuais pol\u00edticos; 25,4% alegam falta de perspectivas de mudan\u00e7as no curto prazo. Para 16,3%, o motivo foi a sa\u00edda do PT da Presid\u00eancia da Rep\u00fablica e 3,9% dizem que hoje h\u00e1 menos motivos para protestar. Para Clesio Andrade, isso mostra claramente que o povo est\u00e1 descrente. \u201cViu que n\u00e3o adianta ir para a rua, j\u00e1 fez uma mudan\u00e7a de presidente e n\u00e3o resolveu. E, por outro lado, a elei\u00e7\u00e3o est\u00e1 pr\u00f3xima. Apesar do potencial de pessoas irem para a rua ser maior dos que o que foram, elas n\u00e3o se animam por esses fatores\u201d, explicou. Lava Jato e corrup\u00e7\u00e3o Os brasileiros continuam acompanhando as a\u00e7\u00f5es da Opera\u00e7\u00e3o Lava Jato, aprovando suas a\u00e7\u00f5es e acreditando, em sua maioria, que ela est\u00e1 beneficiando o Brasil, segundo a CNT. A pesquisa aponta que 79,9% da popula\u00e7\u00e3o diz que est\u00e3o acompanhando a opera\u00e7\u00e3o da Pol\u00edcia Federal. Em rela\u00e7\u00e3o \u00e0 aprova\u00e7\u00e3o, 78,5% aprovam a Lava Jato na investiga\u00e7\u00e3o de casos de corrup\u00e7\u00e3o envolvendo pol\u00edticos e empres\u00e1rios, 9,3% desaprovam e 7,7% n\u00e3o aprovam e nem desaprovam. Para 54%, a Opera\u00e7\u00e3o Lava Jato est\u00e1 beneficiando o Brasil, 24% avaliam que ela n\u00e3o est\u00e1 beneficiando nem prejudicando e 15,9% acham que ela est\u00e1 prejudicando o pa\u00eds. Expectativa Os entrevistados tamb\u00e9m foram questionados sobre a expectativa em rela\u00e7\u00e3o a emprego, renda, sa\u00fade, educa\u00e7\u00e3o e seguran\u00e7a p\u00fablica. \u201cTodos os \u00edndices mostram baixa nas expectativas\u201d, disse Andrade, explicando que seguran\u00e7a p\u00fablica tem as piores expectativas de melhora. De acordo com a pesquisa, 16,6% acreditam que o n\u00edvel de seguran\u00e7a p\u00fablica vai melhorar, enquanto 45,7% dizem que vai piorar. Para 36,2% a situa\u00e7\u00e3o vai ficar igual. Sobre emprego, 25,7% acreditam que o n\u00edvel de emprego vai melhorar; 35,4%, que vai piorar; e 36%, que a situa\u00e7\u00e3o vai se manter como est\u00e1. Na sa\u00fade, 21,1% dos entrevistados acreditam que a situa\u00e7\u00e3o na \u00e1rea vai melhorar; 36,5%, que vai piorar; e 40,3%, que vai se manter a mesma. Em educa\u00e7\u00e3o, 25% dos entrevistados afirmaram que o setor vai melhorar; 29,4%, que vai piorar; e 43,6%, que vai se manter igual. No quesito renda mensal, 22,1% acreditam em melhora; 20,6% avaliaram que haver\u00e1 uma piora; e 53,2% avaliaram que a situa\u00e7\u00e3o permanecer\u00e1 no mesmo patamar. Cariri em Destaque Com EBC<\/p>\n","protected":false},"author":2,"featured_media":4451,"comment_status":"closed","ping_status":"open","sticky":false,"template":"","format":"standard","meta":{"_eb_attr":"","_jetpack_memberships_contains_paid_content":false,"footnotes":""},"categories":[4],"tags":[],"class_list":["post-4450","post","type-post","status-publish","format-standard","has-post-thumbnail","hentry","category-politica"],"yoast_head":"<!-- This site is optimized with the Yoast SEO plugin v26.5 - https:\/\/yoast.com\/wordpress\/plugins\/seo\/ -->\n<title>Pesquisa CNT: 3,4% aprovam governo Temer e 75,6% reprovam - Not&iacute;cias em Destaque<\/title>\n<meta name=\"robots\" content=\"index, follow, max-snippet:-1, max-image-preview:large, max-video-preview:-1\" \/>\n<link rel=\"canonical\" href=\"https:\/\/noticiasemdestaque.com\/cd\/?p=4450\" \/>\n<meta property=\"og:locale\" content=\"pt_BR\" \/>\n<meta property=\"og:type\" content=\"article\" \/>\n<meta property=\"og:title\" content=\"Pesquisa CNT: 3,4% aprovam governo Temer e 75,6% reprovam - Not&iacute;cias em Destaque\" \/>\n<meta property=\"og:description\" content=\"Na pesquisa divulgada em fevereiro, 10,3% avaliaram o governo Temer como positivo e 44,1% como negativo. Os que consideraram o governo regular foram 38,9% dos entrevistados e 6,7% n\u00e3o souberam opinar. O levantamento traz avalia\u00e7\u00f5es do governo federal e do desempenho pessoal do presidente Michel Temer, al\u00e9m de expectativas da popula\u00e7\u00e3o sobre emprego, renda, sa\u00fade, educa\u00e7\u00e3o e seguran\u00e7a. A edi\u00e7\u00e3o tamb\u00e9m aborda as elei\u00e7\u00f5es de 2018, a reforma pol\u00edtica, a Opera\u00e7\u00e3o Lava-Jato e os h\u00e1bitos de consumo de not\u00edcias no Brasil, entre outros temas. A CNT\/MDA ouviu 2.002 pessoas, em 137 munic\u00edpios de 25 Unidades Federativas, das cinco regi\u00f5es do pa\u00eds, entre os dias 13 a 16 de setembro. A pesquisa completa est\u00e1 dispon\u00edvel na p\u00e1gina da CNT. Desempenho pessoal Em rela\u00e7\u00e3o ao desempenho pessoal do presidente, a pesquisa divulgada hoje mostra que 84,5% desaprovam a maneira de Temer governar, frente a 62,4% da pesquisa anterior; e 10,1% aprovam, enquanto na consulta anterior o percentual era de 24,4%. Segundo o presidente da CNT, Cl\u00e9sio Andrade, esta \u00e9 a pior avalia\u00e7\u00e3o de um presidente, tanto de governo como de desempenho pessoal. \u201cDe toda a s\u00e9rie hist\u00f3rica e entre todos os ex-presidentes\u201d, ressaltou. As pesquisas da CNT s\u00e3o feitas desde 1998, primeiro mandato do ex-presidente Fernando Henrique Cardoso. Apesar de melhoras na economia serem percebidas de forma t\u00edmida pela popula\u00e7\u00e3o, segundo Andrade, em algum momento, isso pode reverter favor\u00e1vel ao presidente Temer. Crise pol\u00edtica e protestos Segundo a CNT, h\u00e1 a percep\u00e7\u00e3o de que o pa\u00eds se encontra em crise e fora de rumo do ponto de vista pol\u00edtico. Para 94,3% dos entrevistados, o pa\u00eds est\u00e1 em crise pol\u00edtica. Desses, 49,9% acreditam que a troca de presidente da Rep\u00fablica n\u00e3o resolveria a situa\u00e7\u00e3o, enquanto 41,2% acreditam que a troca do comando do pa\u00eds resolveria a crise. Entre os entrevistados, 91% dizem n\u00e3o ter participado de protestos ou atos pol\u00edticos desde 2013; 9% declararam ter participado. Dos que participaram, 45,3% se manifestaram pela sa\u00edda da ex-presidente Dilma Rousseff; 28,2% pela perman\u00eancia dela no cargo; e 23,8% declararam n\u00e3o ter se manifestado em rela\u00e7\u00e3o ao impeachment. Perguntados pela CNT\/MDA se t\u00eam inten\u00e7\u00e3o de participar de alguma manifesta\u00e7\u00e3o pela sa\u00edda do presidente Michel Temer do cargo, 67,7% responderam n\u00e3o e 30,8% disseram sim. CNT: 10,3% aprovam governo Temer e 44,1% reprovam Sobre os motivos dos panela\u00e7os e das manifesta\u00e7\u00f5es contra corrup\u00e7\u00e3o terem diminu\u00eddo no governo Temer, 50,3% dizem ter perdido a esperan\u00e7a com os atuais pol\u00edticos; 25,4% alegam falta de perspectivas de mudan\u00e7as no curto prazo. Para 16,3%, o motivo foi a sa\u00edda do PT da Presid\u00eancia da Rep\u00fablica e 3,9% dizem que hoje h\u00e1 menos motivos para protestar. Para Clesio Andrade, isso mostra claramente que o povo est\u00e1 descrente. \u201cViu que n\u00e3o adianta ir para a rua, j\u00e1 fez uma mudan\u00e7a de presidente e n\u00e3o resolveu. E, por outro lado, a elei\u00e7\u00e3o est\u00e1 pr\u00f3xima. Apesar do potencial de pessoas irem para a rua ser maior dos que o que foram, elas n\u00e3o se animam por esses fatores\u201d, explicou. Lava Jato e corrup\u00e7\u00e3o Os brasileiros continuam acompanhando as a\u00e7\u00f5es da Opera\u00e7\u00e3o Lava Jato, aprovando suas a\u00e7\u00f5es e acreditando, em sua maioria, que ela est\u00e1 beneficiando o Brasil, segundo a CNT. A pesquisa aponta que 79,9% da popula\u00e7\u00e3o diz que est\u00e3o acompanhando a opera\u00e7\u00e3o da Pol\u00edcia Federal. Em rela\u00e7\u00e3o \u00e0 aprova\u00e7\u00e3o, 78,5% aprovam a Lava Jato na investiga\u00e7\u00e3o de casos de corrup\u00e7\u00e3o envolvendo pol\u00edticos e empres\u00e1rios, 9,3% desaprovam e 7,7% n\u00e3o aprovam e nem desaprovam. Para 54%, a Opera\u00e7\u00e3o Lava Jato est\u00e1 beneficiando o Brasil, 24% avaliam que ela n\u00e3o est\u00e1 beneficiando nem prejudicando e 15,9% acham que ela est\u00e1 prejudicando o pa\u00eds. Expectativa Os entrevistados tamb\u00e9m foram questionados sobre a expectativa em rela\u00e7\u00e3o a emprego, renda, sa\u00fade, educa\u00e7\u00e3o e seguran\u00e7a p\u00fablica. \u201cTodos os \u00edndices mostram baixa nas expectativas\u201d, disse Andrade, explicando que seguran\u00e7a p\u00fablica tem as piores expectativas de melhora. De acordo com a pesquisa, 16,6% acreditam que o n\u00edvel de seguran\u00e7a p\u00fablica vai melhorar, enquanto 45,7% dizem que vai piorar. Para 36,2% a situa\u00e7\u00e3o vai ficar igual. Sobre emprego, 25,7% acreditam que o n\u00edvel de emprego vai melhorar; 35,4%, que vai piorar; e 36%, que a situa\u00e7\u00e3o vai se manter como est\u00e1. Na sa\u00fade, 21,1% dos entrevistados acreditam que a situa\u00e7\u00e3o na \u00e1rea vai melhorar; 36,5%, que vai piorar; e 40,3%, que vai se manter a mesma. Em educa\u00e7\u00e3o, 25% dos entrevistados afirmaram que o setor vai melhorar; 29,4%, que vai piorar; e 43,6%, que vai se manter igual. No quesito renda mensal, 22,1% acreditam em melhora; 20,6% avaliaram que haver\u00e1 uma piora; e 53,2% avaliaram que a situa\u00e7\u00e3o permanecer\u00e1 no mesmo patamar. Cariri em Destaque Com EBC\" \/>\n<meta property=\"og:url\" content=\"https:\/\/noticiasemdestaque.com\/cd\/?p=4450\" \/>\n<meta property=\"og:site_name\" content=\"Not&iacute;cias em Destaque\" \/>\n<meta property=\"article:published_time\" content=\"2017-09-19T18:28:27+00:00\" \/>\n<meta property=\"og:image\" content=\"https:\/\/noticiasemdestaque.com\/cd\/wp-content\/uploads\/2017\/09\/michel-temer.jpg\" \/>\n\t<meta property=\"og:image:width\" content=\"1368\" \/>\n\t<meta property=\"og:image:height\" content=\"912\" \/>\n\t<meta property=\"og:image:type\" content=\"image\/jpeg\" \/>\n<meta name=\"author\" content=\"Not\u00edcias em Destaque\" \/>\n<meta name=\"twitter:card\" content=\"summary_large_image\" \/>\n<meta name=\"twitter:label1\" content=\"Escrito por\" \/>\n\t<meta name=\"twitter:data1\" content=\"Not\u00edcias em Destaque\" \/>\n\t<meta name=\"twitter:label2\" content=\"Est. tempo de leitura\" \/>\n\t<meta name=\"twitter:data2\" content=\"4 minutos\" \/>\n<script type=\"application\/ld+json\" class=\"yoast-schema-graph\">{\"@context\":\"https:\/\/schema.org\",\"@graph\":[{\"@type\":\"Article\",\"@id\":\"https:\/\/noticiasemdestaque.com\/cd\/?p=4450#article\",\"isPartOf\":{\"@id\":\"https:\/\/noticiasemdestaque.com\/cd\/?p=4450\"},\"author\":{\"name\":\"Not\u00edcias em Destaque\",\"@id\":\"https:\/\/noticiasemdestaque.com\/cd\/#\/schema\/person\/21320b03a7e8bb90128938dafc9b908a\"},\"headline\":\"Pesquisa CNT: 3,4% aprovam governo Temer e 75,6% reprovam\",\"datePublished\":\"2017-09-19T18:28:27+00:00\",\"mainEntityOfPage\":{\"@id\":\"https:\/\/noticiasemdestaque.com\/cd\/?p=4450\"},\"wordCount\":818,\"publisher\":{\"@id\":\"https:\/\/noticiasemdestaque.com\/cd\/#organization\"},\"image\":{\"@id\":\"https:\/\/noticiasemdestaque.com\/cd\/?p=4450#primaryimage\"},\"thumbnailUrl\":\"https:\/\/noticiasemdestaque.com\/cd\/wp-content\/uploads\/2017\/09\/michel-temer.jpg\",\"articleSection\":[\"Pol\u00edtica\"],\"inLanguage\":\"pt-BR\"},{\"@type\":\"WebPage\",\"@id\":\"https:\/\/noticiasemdestaque.com\/cd\/?p=4450\",\"url\":\"https:\/\/noticiasemdestaque.com\/cd\/?p=4450\",\"name\":\"Pesquisa CNT: 3,4% aprovam governo Temer e 75,6% reprovam - Not&iacute;cias em Destaque\",\"isPartOf\":{\"@id\":\"https:\/\/noticiasemdestaque.com\/cd\/#website\"},\"primaryImageOfPage\":{\"@id\":\"https:\/\/noticiasemdestaque.com\/cd\/?p=4450#primaryimage\"},\"image\":{\"@id\":\"https:\/\/noticiasemdestaque.com\/cd\/?p=4450#primaryimage\"},\"thumbnailUrl\":\"https:\/\/noticiasemdestaque.com\/cd\/wp-content\/uploads\/2017\/09\/michel-temer.jpg\",\"datePublished\":\"2017-09-19T18:28:27+00:00\",\"breadcrumb\":{\"@id\":\"https:\/\/noticiasemdestaque.com\/cd\/?p=4450#breadcrumb\"},\"inLanguage\":\"pt-BR\",\"potentialAction\":[{\"@type\":\"ReadAction\",\"target\":[\"https:\/\/noticiasemdestaque.com\/cd\/?p=4450\"]}]},{\"@type\":\"ImageObject\",\"inLanguage\":\"pt-BR\",\"@id\":\"https:\/\/noticiasemdestaque.com\/cd\/?p=4450#primaryimage\",\"url\":\"https:\/\/noticiasemdestaque.com\/cd\/wp-content\/uploads\/2017\/09\/michel-temer.jpg\",\"contentUrl\":\"https:\/\/noticiasemdestaque.com\/cd\/wp-content\/uploads\/2017\/09\/michel-temer.jpg\",\"width\":1368,\"height\":912,\"caption\":\"s\u00e3o Paulo, SP 17 de Abril de 2015. BRASIL ECONOMICO. Na foto o Vice presidente Michel Temer. Foto: Murillo Constantino\"},{\"@type\":\"BreadcrumbList\",\"@id\":\"https:\/\/noticiasemdestaque.com\/cd\/?p=4450#breadcrumb\",\"itemListElement\":[{\"@type\":\"ListItem\",\"position\":1,\"name\":\"In\u00edcio\",\"item\":\"https:\/\/noticiasemdestaque.com\/cd\/\"},{\"@type\":\"ListItem\",\"position\":2,\"name\":\"Pesquisa CNT: 3,4% aprovam governo Temer e 75,6% reprovam\"}]},{\"@type\":\"WebSite\",\"@id\":\"https:\/\/noticiasemdestaque.com\/cd\/#website\",\"url\":\"https:\/\/noticiasemdestaque.com\/cd\/\",\"name\":\"Not&iacute;cias em Destaque\",\"description\":\"\",\"publisher\":{\"@id\":\"https:\/\/noticiasemdestaque.com\/cd\/#organization\"},\"potentialAction\":[{\"@type\":\"SearchAction\",\"target\":{\"@type\":\"EntryPoint\",\"urlTemplate\":\"https:\/\/noticiasemdestaque.com\/cd\/?s={search_term_string}\"},\"query-input\":{\"@type\":\"PropertyValueSpecification\",\"valueRequired\":true,\"valueName\":\"search_term_string\"}}],\"inLanguage\":\"pt-BR\"},{\"@type\":\"Organization\",\"@id\":\"https:\/\/noticiasemdestaque.com\/cd\/#organization\",\"name\":\"Not\u00edcias em Destaque\",\"url\":\"https:\/\/noticiasemdestaque.com\/cd\/\",\"logo\":{\"@type\":\"ImageObject\",\"inLanguage\":\"pt-BR\",\"@id\":\"https:\/\/noticiasemdestaque.com\/cd\/#\/schema\/logo\/image\/\",\"url\":\"https:\/\/noticiasemdestaque.com\/cd\/wp-content\/uploads\/2022\/05\/imagem-base-noticiasemdestaque.png\",\"contentUrl\":\"https:\/\/noticiasemdestaque.com\/cd\/wp-content\/uploads\/2022\/05\/imagem-base-noticiasemdestaque.png\",\"width\":1200,\"height\":630,\"caption\":\"Not\u00edcias em Destaque\"},\"image\":{\"@id\":\"https:\/\/noticiasemdestaque.com\/cd\/#\/schema\/logo\/image\/\"}},{\"@type\":\"Person\",\"@id\":\"https:\/\/noticiasemdestaque.com\/cd\/#\/schema\/person\/21320b03a7e8bb90128938dafc9b908a\",\"name\":\"Not\u00edcias em Destaque\",\"url\":\"https:\/\/noticiasemdestaque.com\/cd\/?author=2\"}]}<\/script>\n<!-- \/ Yoast SEO plugin. -->","yoast_head_json":{"title":"Pesquisa CNT: 3,4% aprovam governo Temer e 75,6% reprovam - Not&iacute;cias em Destaque","robots":{"index":"index","follow":"follow","max-snippet":"max-snippet:-1","max-image-preview":"max-image-preview:large","max-video-preview":"max-video-preview:-1"},"canonical":"https:\/\/noticiasemdestaque.com\/cd\/?p=4450","og_locale":"pt_BR","og_type":"article","og_title":"Pesquisa CNT: 3,4% aprovam governo Temer e 75,6% reprovam - Not&iacute;cias em Destaque","og_description":"Na pesquisa divulgada em fevereiro, 10,3% avaliaram o governo Temer como positivo e 44,1% como negativo. Os que consideraram o governo regular foram 38,9% dos entrevistados e 6,7% n\u00e3o souberam opinar. O levantamento traz avalia\u00e7\u00f5es do governo federal e do desempenho pessoal do presidente Michel Temer, al\u00e9m de expectativas da popula\u00e7\u00e3o sobre emprego, renda, sa\u00fade, educa\u00e7\u00e3o e seguran\u00e7a. A edi\u00e7\u00e3o tamb\u00e9m aborda as elei\u00e7\u00f5es de 2018, a reforma pol\u00edtica, a Opera\u00e7\u00e3o Lava-Jato e os h\u00e1bitos de consumo de not\u00edcias no Brasil, entre outros temas. A CNT\/MDA ouviu 2.002 pessoas, em 137 munic\u00edpios de 25 Unidades Federativas, das cinco regi\u00f5es do pa\u00eds, entre os dias 13 a 16 de setembro. A pesquisa completa est\u00e1 dispon\u00edvel na p\u00e1gina da CNT. Desempenho pessoal Em rela\u00e7\u00e3o ao desempenho pessoal do presidente, a pesquisa divulgada hoje mostra que 84,5% desaprovam a maneira de Temer governar, frente a 62,4% da pesquisa anterior; e 10,1% aprovam, enquanto na consulta anterior o percentual era de 24,4%. Segundo o presidente da CNT, Cl\u00e9sio Andrade, esta \u00e9 a pior avalia\u00e7\u00e3o de um presidente, tanto de governo como de desempenho pessoal. \u201cDe toda a s\u00e9rie hist\u00f3rica e entre todos os ex-presidentes\u201d, ressaltou. As pesquisas da CNT s\u00e3o feitas desde 1998, primeiro mandato do ex-presidente Fernando Henrique Cardoso. Apesar de melhoras na economia serem percebidas de forma t\u00edmida pela popula\u00e7\u00e3o, segundo Andrade, em algum momento, isso pode reverter favor\u00e1vel ao presidente Temer. Crise pol\u00edtica e protestos Segundo a CNT, h\u00e1 a percep\u00e7\u00e3o de que o pa\u00eds se encontra em crise e fora de rumo do ponto de vista pol\u00edtico. Para 94,3% dos entrevistados, o pa\u00eds est\u00e1 em crise pol\u00edtica. Desses, 49,9% acreditam que a troca de presidente da Rep\u00fablica n\u00e3o resolveria a situa\u00e7\u00e3o, enquanto 41,2% acreditam que a troca do comando do pa\u00eds resolveria a crise. Entre os entrevistados, 91% dizem n\u00e3o ter participado de protestos ou atos pol\u00edticos desde 2013; 9% declararam ter participado. Dos que participaram, 45,3% se manifestaram pela sa\u00edda da ex-presidente Dilma Rousseff; 28,2% pela perman\u00eancia dela no cargo; e 23,8% declararam n\u00e3o ter se manifestado em rela\u00e7\u00e3o ao impeachment. Perguntados pela CNT\/MDA se t\u00eam inten\u00e7\u00e3o de participar de alguma manifesta\u00e7\u00e3o pela sa\u00edda do presidente Michel Temer do cargo, 67,7% responderam n\u00e3o e 30,8% disseram sim. CNT: 10,3% aprovam governo Temer e 44,1% reprovam Sobre os motivos dos panela\u00e7os e das manifesta\u00e7\u00f5es contra corrup\u00e7\u00e3o terem diminu\u00eddo no governo Temer, 50,3% dizem ter perdido a esperan\u00e7a com os atuais pol\u00edticos; 25,4% alegam falta de perspectivas de mudan\u00e7as no curto prazo. Para 16,3%, o motivo foi a sa\u00edda do PT da Presid\u00eancia da Rep\u00fablica e 3,9% dizem que hoje h\u00e1 menos motivos para protestar. Para Clesio Andrade, isso mostra claramente que o povo est\u00e1 descrente. \u201cViu que n\u00e3o adianta ir para a rua, j\u00e1 fez uma mudan\u00e7a de presidente e n\u00e3o resolveu. E, por outro lado, a elei\u00e7\u00e3o est\u00e1 pr\u00f3xima. Apesar do potencial de pessoas irem para a rua ser maior dos que o que foram, elas n\u00e3o se animam por esses fatores\u201d, explicou. Lava Jato e corrup\u00e7\u00e3o Os brasileiros continuam acompanhando as a\u00e7\u00f5es da Opera\u00e7\u00e3o Lava Jato, aprovando suas a\u00e7\u00f5es e acreditando, em sua maioria, que ela est\u00e1 beneficiando o Brasil, segundo a CNT. A pesquisa aponta que 79,9% da popula\u00e7\u00e3o diz que est\u00e3o acompanhando a opera\u00e7\u00e3o da Pol\u00edcia Federal. Em rela\u00e7\u00e3o \u00e0 aprova\u00e7\u00e3o, 78,5% aprovam a Lava Jato na investiga\u00e7\u00e3o de casos de corrup\u00e7\u00e3o envolvendo pol\u00edticos e empres\u00e1rios, 9,3% desaprovam e 7,7% n\u00e3o aprovam e nem desaprovam. Para 54%, a Opera\u00e7\u00e3o Lava Jato est\u00e1 beneficiando o Brasil, 24% avaliam que ela n\u00e3o est\u00e1 beneficiando nem prejudicando e 15,9% acham que ela est\u00e1 prejudicando o pa\u00eds. Expectativa Os entrevistados tamb\u00e9m foram questionados sobre a expectativa em rela\u00e7\u00e3o a emprego, renda, sa\u00fade, educa\u00e7\u00e3o e seguran\u00e7a p\u00fablica. \u201cTodos os \u00edndices mostram baixa nas expectativas\u201d, disse Andrade, explicando que seguran\u00e7a p\u00fablica tem as piores expectativas de melhora. De acordo com a pesquisa, 16,6% acreditam que o n\u00edvel de seguran\u00e7a p\u00fablica vai melhorar, enquanto 45,7% dizem que vai piorar. Para 36,2% a situa\u00e7\u00e3o vai ficar igual. Sobre emprego, 25,7% acreditam que o n\u00edvel de emprego vai melhorar; 35,4%, que vai piorar; e 36%, que a situa\u00e7\u00e3o vai se manter como est\u00e1. Na sa\u00fade, 21,1% dos entrevistados acreditam que a situa\u00e7\u00e3o na \u00e1rea vai melhorar; 36,5%, que vai piorar; e 40,3%, que vai se manter a mesma. Em educa\u00e7\u00e3o, 25% dos entrevistados afirmaram que o setor vai melhorar; 29,4%, que vai piorar; e 43,6%, que vai se manter igual. No quesito renda mensal, 22,1% acreditam em melhora; 20,6% avaliaram que haver\u00e1 uma piora; e 53,2% avaliaram que a situa\u00e7\u00e3o permanecer\u00e1 no mesmo patamar. Cariri em Destaque Com EBC","og_url":"https:\/\/noticiasemdestaque.com\/cd\/?p=4450","og_site_name":"Not&iacute;cias em Destaque","article_published_time":"2017-09-19T18:28:27+00:00","og_image":[{"width":1368,"height":912,"url":"https:\/\/noticiasemdestaque.com\/cd\/wp-content\/uploads\/2017\/09\/michel-temer.jpg","type":"image\/jpeg"}],"author":"Not\u00edcias em Destaque","twitter_card":"summary_large_image","twitter_misc":{"Escrito por":"Not\u00edcias em Destaque","Est. tempo de leitura":"4 minutos"},"schema":{"@context":"https:\/\/schema.org","@graph":[{"@type":"Article","@id":"https:\/\/noticiasemdestaque.com\/cd\/?p=4450#article","isPartOf":{"@id":"https:\/\/noticiasemdestaque.com\/cd\/?p=4450"},"author":{"name":"Not\u00edcias em Destaque","@id":"https:\/\/noticiasemdestaque.com\/cd\/#\/schema\/person\/21320b03a7e8bb90128938dafc9b908a"},"headline":"Pesquisa CNT: 3,4% aprovam governo Temer e 75,6% reprovam","datePublished":"2017-09-19T18:28:27+00:00","mainEntityOfPage":{"@id":"https:\/\/noticiasemdestaque.com\/cd\/?p=4450"},"wordCount":818,"publisher":{"@id":"https:\/\/noticiasemdestaque.com\/cd\/#organization"},"image":{"@id":"https:\/\/noticiasemdestaque.com\/cd\/?p=4450#primaryimage"},"thumbnailUrl":"https:\/\/noticiasemdestaque.com\/cd\/wp-content\/uploads\/2017\/09\/michel-temer.jpg","articleSection":["Pol\u00edtica"],"inLanguage":"pt-BR"},{"@type":"WebPage","@id":"https:\/\/noticiasemdestaque.com\/cd\/?p=4450","url":"https:\/\/noticiasemdestaque.com\/cd\/?p=4450","name":"Pesquisa CNT: 3,4% aprovam governo Temer e 75,6% reprovam - Not&iacute;cias em Destaque","isPartOf":{"@id":"https:\/\/noticiasemdestaque.com\/cd\/#website"},"primaryImageOfPage":{"@id":"https:\/\/noticiasemdestaque.com\/cd\/?p=4450#primaryimage"},"image":{"@id":"https:\/\/noticiasemdestaque.com\/cd\/?p=4450#primaryimage"},"thumbnailUrl":"https:\/\/noticiasemdestaque.com\/cd\/wp-content\/uploads\/2017\/09\/michel-temer.jpg","datePublished":"2017-09-19T18:28:27+00:00","breadcrumb":{"@id":"https:\/\/noticiasemdestaque.com\/cd\/?p=4450#breadcrumb"},"inLanguage":"pt-BR","potentialAction":[{"@type":"ReadAction","target":["https:\/\/noticiasemdestaque.com\/cd\/?p=4450"]}]},{"@type":"ImageObject","inLanguage":"pt-BR","@id":"https:\/\/noticiasemdestaque.com\/cd\/?p=4450#primaryimage","url":"https:\/\/noticiasemdestaque.com\/cd\/wp-content\/uploads\/2017\/09\/michel-temer.jpg","contentUrl":"https:\/\/noticiasemdestaque.com\/cd\/wp-content\/uploads\/2017\/09\/michel-temer.jpg","width":1368,"height":912,"caption":"s\u00e3o Paulo, SP 17 de Abril de 2015. BRASIL ECONOMICO. Na foto o Vice presidente Michel Temer. Foto: Murillo Constantino"},{"@type":"BreadcrumbList","@id":"https:\/\/noticiasemdestaque.com\/cd\/?p=4450#breadcrumb","itemListElement":[{"@type":"ListItem","position":1,"name":"In\u00edcio","item":"https:\/\/noticiasemdestaque.com\/cd\/"},{"@type":"ListItem","position":2,"name":"Pesquisa CNT: 3,4% aprovam governo Temer e 75,6% reprovam"}]},{"@type":"WebSite","@id":"https:\/\/noticiasemdestaque.com\/cd\/#website","url":"https:\/\/noticiasemdestaque.com\/cd\/","name":"Not&iacute;cias em Destaque","description":"","publisher":{"@id":"https:\/\/noticiasemdestaque.com\/cd\/#organization"},"potentialAction":[{"@type":"SearchAction","target":{"@type":"EntryPoint","urlTemplate":"https:\/\/noticiasemdestaque.com\/cd\/?s={search_term_string}"},"query-input":{"@type":"PropertyValueSpecification","valueRequired":true,"valueName":"search_term_string"}}],"inLanguage":"pt-BR"},{"@type":"Organization","@id":"https:\/\/noticiasemdestaque.com\/cd\/#organization","name":"Not\u00edcias em Destaque","url":"https:\/\/noticiasemdestaque.com\/cd\/","logo":{"@type":"ImageObject","inLanguage":"pt-BR","@id":"https:\/\/noticiasemdestaque.com\/cd\/#\/schema\/logo\/image\/","url":"https:\/\/noticiasemdestaque.com\/cd\/wp-content\/uploads\/2022\/05\/imagem-base-noticiasemdestaque.png","contentUrl":"https:\/\/noticiasemdestaque.com\/cd\/wp-content\/uploads\/2022\/05\/imagem-base-noticiasemdestaque.png","width":1200,"height":630,"caption":"Not\u00edcias em Destaque"},"image":{"@id":"https:\/\/noticiasemdestaque.com\/cd\/#\/schema\/logo\/image\/"}},{"@type":"Person","@id":"https:\/\/noticiasemdestaque.com\/cd\/#\/schema\/person\/21320b03a7e8bb90128938dafc9b908a","name":"Not\u00edcias em Destaque","url":"https:\/\/noticiasemdestaque.com\/cd\/?author=2"}]}},"jetpack_featured_media_url":"https:\/\/noticiasemdestaque.com\/cd\/wp-content\/uploads\/2017\/09\/michel-temer.jpg","jetpack_sharing_enabled":true,"_links":{"self":[{"href":"https:\/\/noticiasemdestaque.com\/cd\/index.php?rest_route=\/wp\/v2\/posts\/4450","targetHints":{"allow":["GET"]}}],"collection":[{"href":"https:\/\/noticiasemdestaque.com\/cd\/index.php?rest_route=\/wp\/v2\/posts"}],"about":[{"href":"https:\/\/noticiasemdestaque.com\/cd\/index.php?rest_route=\/wp\/v2\/types\/post"}],"author":[{"embeddable":true,"href":"https:\/\/noticiasemdestaque.com\/cd\/index.php?rest_route=\/wp\/v2\/users\/2"}],"replies":[{"embeddable":true,"href":"https:\/\/noticiasemdestaque.com\/cd\/index.php?rest_route=%2Fwp%2Fv2%2Fcomments&post=4450"}],"version-history":[{"count":1,"href":"https:\/\/noticiasemdestaque.com\/cd\/index.php?rest_route=\/wp\/v2\/posts\/4450\/revisions"}],"predecessor-version":[{"id":4452,"href":"https:\/\/noticiasemdestaque.com\/cd\/index.php?rest_route=\/wp\/v2\/posts\/4450\/revisions\/4452"}],"wp:featuredmedia":[{"embeddable":true,"href":"https:\/\/noticiasemdestaque.com\/cd\/index.php?rest_route=\/wp\/v2\/media\/4451"}],"wp:attachment":[{"href":"https:\/\/noticiasemdestaque.com\/cd\/index.php?rest_route=%2Fwp%2Fv2%2Fmedia&parent=4450"}],"wp:term":[{"taxonomy":"category","embeddable":true,"href":"https:\/\/noticiasemdestaque.com\/cd\/index.php?rest_route=%2Fwp%2Fv2%2Fcategories&post=4450"},{"taxonomy":"post_tag","embeddable":true,"href":"https:\/\/noticiasemdestaque.com\/cd\/index.php?rest_route=%2Fwp%2Fv2%2Ftags&post=4450"}],"curies":[{"name":"wp","href":"https:\/\/api.w.org\/{rel}","templated":true}]}}