{"id":4447,"date":"2017-09-19T15:23:56","date_gmt":"2017-09-19T18:23:56","guid":{"rendered":"http:\/\/caririemdestaque.com\/cd\/?p=4447"},"modified":"2017-09-19T15:23:56","modified_gmt":"2017-09-19T18:23:56","slug":"lula-lidera-intencoes-de-voto-em-todos-os-cenarios-diz-pesquisa-da-cnt","status":"publish","type":"post","link":"https:\/\/noticiasemdestaque.com\/cd\/?p=4447","title":{"rendered":"Lula lidera inten\u00e7\u00f5es de voto em todos os cen\u00e1rios, diz pesquisa da CNT"},"content":{"rendered":"<p><a href=\"http:\/\/caririemdestaque.com\/cd\/wp-content\/uploads\/2017\/09\/images-cms-image-000558675.jpg\"><img decoding=\"async\" class=\"alignleft wp-image-4448 size-medium\" src=\"http:\/\/caririemdestaque.com\/cd\/wp-content\/uploads\/2017\/09\/images-cms-image-000558675-300x107.jpg\" alt=\"\" width=\"300\" height=\"107\" srcset=\"https:\/\/noticiasemdestaque.com\/cd\/wp-content\/uploads\/2017\/09\/images-cms-image-000558675-300x107.jpg 300w, https:\/\/noticiasemdestaque.com\/cd\/wp-content\/uploads\/2017\/09\/images-cms-image-000558675-768x274.jpg 768w, https:\/\/noticiasemdestaque.com\/cd\/wp-content\/uploads\/2017\/09\/images-cms-image-000558675.jpg 1000w\" sizes=\"(max-width: 300px) 100vw, 300px\" \/><\/a>O ex-presidente Luiz In\u00e1cio Lula da Silva \u00e9 o favorito dos eleitores brasileiros para 2018. Pesquisa CNT\/MDA, divulgada nesta ter\u00e7a-feira (19), mostra que Lula lidera as inten\u00e7\u00f5es de voto em todos os cen\u00e1rios avaliados. A inten\u00e7\u00e3o de voto estimulada em Lula varia, nos tr\u00eas cen\u00e1rios, entre 32% e 32,7% para o primeiro turno. No segundo turno, a inten\u00e7\u00e3o de voto estimulada fica entre 39,8% e 42,8%.<\/p>\n<p>No levantamento que aponta a inten\u00e7\u00e3o de voto espont\u00e2nea, Lula fica \u00e0 frente dos demais nomes com 20,2% no primeiro turno. O segundo colocado \u00e9 Jair Bolsonaro, com 10,9%. Na pesquisa divulgada em fevereiro deste ano, o ex-presidente tinha 16,6% das inten\u00e7\u00f5es de voto.<\/p>\n<p>O levantamento foi realizado entre os dias 13 e 16 de setembro de 2017 e ouviu 2.002 entrevistados. A margem de erro \u00e9 de 2,2 pontos percentuais com 95% de n\u00edvel de confian\u00e7a.<\/p>\n<p>Veja todos os cen\u00e1rios:<\/p>\n<p><strong>1\u00ba turno: Inten\u00e7\u00e3o de voto espont\u00e2nea<\/strong><\/p>\n<p>Lula: 20,2%<\/p>\n<p>Jair Bolsonaro: 10,9%<\/p>\n<p>Jo\u00e3o Doria: 2,4%<\/p>\n<p>Marina Silva: 1,5%<\/p>\n<p>Geraldo Alckmin: 1,2%<\/p>\n<p>Ciro Gomes: 1,2%<\/p>\n<p>\u00c1lvaro Dias: 1,0%<\/p>\n<p>Dilma Rousseff: 0,7%<\/p>\n<p>Michel Temer: 0,4%<\/p>\n<p>A\u00e9cio Neves: 0,3%<\/p>\n<p>Outros: 2,0%<\/p>\n<p>Branco\/Nulo: 21,2%<\/p>\n<p>Indecisos: 37,0%<\/p>\n<p><strong>1\u00ba turno: Inten\u00e7\u00e3o de voto estimulada<\/strong><\/p>\n<p>CEN\u00c1RIO 1: Lula 32,4%, Jair Bolsonaro 19,8%, Marina Silva 12,1%, Ciro Gomes 5,3%, A\u00e9cio Neves 3,2%, Branco\/Nulo 21,9%, Indecisos 5,3%.<\/p>\n<p>CEN\u00c1RIO 2: Lula 32,0%, Jair Bolsonaro 19,4%, Marina Silva 11,4%, Geraldo Alckmin 8,7%, Ciro Gomes 4,6%, Branco\/Nulo 19,0%, Indecisos 4,9%.<\/p>\n<p>CEN\u00c1RIO 3: Lula 32,7%, Jair Bolsonaro 18,4%, Marina Silva 12,0%, Jo\u00e3o Doria 9,4%, Ciro Gomes 5,2%, Branco\/Nulo 17,6%, Indecisos 4,7%.<\/p>\n<p>2\u00ba turno: Inten\u00e7\u00e3o de voto estimulada<\/p>\n<p>CEN\u00c1RIO 1: Lula 41,8%, A\u00e9cio Neves 14,8%, Branco\/Nulo: 39,6%,<\/p>\n<p>Indecisos: 3,8%.<\/p>\n<p>CEN\u00c1RIO 2: Lula 40,6%, Geraldo Alckmin 23,2%, Branco\/Nulo: 31,9%, Indecisos: 4,3%.<\/p>\n<p>CEN\u00c1RIO 3: Lula 41,6%, Jo\u00e3o Doria 25,2%, Branco\/Nulo: 28,8%,<\/p>\n<p>Indecisos: 4,4%.<\/p>\n<p>CEN\u00c1RIO 4: Lula 40,5%, Jair Bolsonaro 28,5%, Branco\/Nulo: 27,0%,<\/p>\n<p>Indecisos: 4,0%.<\/p>\n<p>CEN\u00c1RIO 5: Lula 39,8%, Marina Silva 25,8%, Branco\/Nulo: 31,3%,<\/p>\n<p>Indecisos: 3,1%.<\/p>\n<p>CEN\u00c1RIO 6: Jair Bolsonaro 28,0%, Geraldo Alckmin 23,8%, Branco\/Nulo: 40,6%, Indecisos: 7,6%.<\/p>\n<p>CEN\u00c1RIO 7: Marina Silva 28,4%, Geraldo Alckmin 23,6%, Branco\/Nulo: 41,5%, Indecisos: 6,5%.<\/p>\n<p>CEN\u00c1RIO 8: Jair Bolsonaro 32,0%, A\u00e9cio Neves 13,9%, Branco\/Nulo: 46,4%, Indecisos: 7,7%.<\/p>\n<p>CEN\u00c1RIO 9: Marina Silva 33,6%, A\u00e9cio Neves 13,0%, Branco\/Nulo: 47,3%, Indecisos: 6,1%.<\/p>\n<p>CEN\u00c1RIO 10: Jair Bolsonaro 28,5%, Jo\u00e3o Doria 23,9%, Branco\/Nulo: 39,2%, Indecisos: 8,4%.<\/p>\n<p>CEN\u00c1RIO 11: Marina Silva 30,5%, Jo\u00e3o Doria 22,7%, Branco\/Nulo: 39,9%, Indecisos: 6,9%.<\/p>\n<p>CEN\u00c1RIO 12: Marina Silva 29,2%, Jair Bolsonaro 27,9%, Branco\/Nulo: 36,7%, Indecisos: 6,2%.<\/p>\n<p><em><strong>Cariri em Destaque<\/strong><\/em><\/p>\n<p>Com Brasil 247<\/p>\n","protected":false},"excerpt":{"rendered":"<p>O ex-presidente Luiz In\u00e1cio Lula da Silva \u00e9 o favorito dos eleitores brasileiros para 2018. Pesquisa CNT\/MDA, divulgada nesta ter\u00e7a-feira (19), mostra que Lula lidera as inten\u00e7\u00f5es de voto em todos os cen\u00e1rios avaliados. A inten\u00e7\u00e3o de voto estimulada em Lula varia, nos tr\u00eas cen\u00e1rios, entre 32% e 32,7% para o primeiro turno. No segundo turno, a inten\u00e7\u00e3o de voto estimulada fica entre 39,8% e 42,8%. No levantamento que aponta a inten\u00e7\u00e3o de voto espont\u00e2nea, Lula fica \u00e0 frente dos demais nomes com 20,2% no primeiro turno. O segundo colocado \u00e9 Jair Bolsonaro, com 10,9%. Na pesquisa divulgada em fevereiro deste ano, o ex-presidente tinha 16,6% das inten\u00e7\u00f5es de voto. O levantamento foi realizado entre os dias 13 e 16 de setembro de 2017 e ouviu 2.002 entrevistados. A margem de erro \u00e9 de 2,2 pontos percentuais com 95% de n\u00edvel de confian\u00e7a. Veja todos os cen\u00e1rios: 1\u00ba turno: Inten\u00e7\u00e3o de voto espont\u00e2nea Lula: 20,2% Jair Bolsonaro: 10,9% Jo\u00e3o Doria: 2,4% Marina Silva: 1,5% Geraldo Alckmin: 1,2% Ciro Gomes: 1,2% \u00c1lvaro Dias: 1,0% Dilma Rousseff: 0,7% Michel Temer: 0,4% A\u00e9cio Neves: 0,3% Outros: 2,0% Branco\/Nulo: 21,2% Indecisos: 37,0% 1\u00ba turno: Inten\u00e7\u00e3o de voto estimulada CEN\u00c1RIO 1: Lula 32,4%, Jair Bolsonaro 19,8%, Marina Silva 12,1%, Ciro Gomes 5,3%, A\u00e9cio Neves 3,2%, Branco\/Nulo 21,9%, Indecisos 5,3%. CEN\u00c1RIO 2: Lula 32,0%, Jair Bolsonaro 19,4%, Marina Silva 11,4%, Geraldo Alckmin 8,7%, Ciro Gomes 4,6%, Branco\/Nulo 19,0%, Indecisos 4,9%. CEN\u00c1RIO 3: Lula 32,7%, Jair Bolsonaro 18,4%, Marina Silva 12,0%, Jo\u00e3o Doria 9,4%, Ciro Gomes 5,2%, Branco\/Nulo 17,6%, Indecisos 4,7%. 2\u00ba turno: Inten\u00e7\u00e3o de voto estimulada CEN\u00c1RIO 1: Lula 41,8%, A\u00e9cio Neves 14,8%, Branco\/Nulo: 39,6%, Indecisos: 3,8%. CEN\u00c1RIO 2: Lula 40,6%, Geraldo Alckmin 23,2%, Branco\/Nulo: 31,9%, Indecisos: 4,3%. CEN\u00c1RIO 3: Lula 41,6%, Jo\u00e3o Doria 25,2%, Branco\/Nulo: 28,8%, Indecisos: 4,4%. CEN\u00c1RIO 4: Lula 40,5%, Jair Bolsonaro 28,5%, Branco\/Nulo: 27,0%, Indecisos: 4,0%. CEN\u00c1RIO 5: Lula 39,8%, Marina Silva 25,8%, Branco\/Nulo: 31,3%, Indecisos: 3,1%. CEN\u00c1RIO 6: Jair Bolsonaro 28,0%, Geraldo Alckmin 23,8%, Branco\/Nulo: 40,6%, Indecisos: 7,6%. CEN\u00c1RIO 7: Marina Silva 28,4%, Geraldo Alckmin 23,6%, Branco\/Nulo: 41,5%, Indecisos: 6,5%. CEN\u00c1RIO 8: Jair Bolsonaro 32,0%, A\u00e9cio Neves 13,9%, Branco\/Nulo: 46,4%, Indecisos: 7,7%. CEN\u00c1RIO 9: Marina Silva 33,6%, A\u00e9cio Neves 13,0%, Branco\/Nulo: 47,3%, Indecisos: 6,1%. CEN\u00c1RIO 10: Jair Bolsonaro 28,5%, Jo\u00e3o Doria 23,9%, Branco\/Nulo: 39,2%, Indecisos: 8,4%. CEN\u00c1RIO 11: Marina Silva 30,5%, Jo\u00e3o Doria 22,7%, Branco\/Nulo: 39,9%, Indecisos: 6,9%. CEN\u00c1RIO 12: Marina Silva 29,2%, Jair Bolsonaro 27,9%, Branco\/Nulo: 36,7%, Indecisos: 6,2%. Cariri em Destaque Com Brasil 247<\/p>\n","protected":false},"author":2,"featured_media":4448,"comment_status":"closed","ping_status":"open","sticky":false,"template":"","format":"standard","meta":{"_eb_attr":"","_jetpack_memberships_contains_paid_content":false,"footnotes":""},"categories":[4],"tags":[],"class_list":["post-4447","post","type-post","status-publish","format-standard","has-post-thumbnail","hentry","category-politica"],"yoast_head":"<!-- This site is optimized with the Yoast SEO plugin v26.5 - https:\/\/yoast.com\/wordpress\/plugins\/seo\/ -->\n<title>Lula lidera inten\u00e7\u00f5es de voto em todos os cen\u00e1rios, diz pesquisa da CNT - Not&iacute;cias em Destaque<\/title>\n<meta name=\"robots\" content=\"index, follow, max-snippet:-1, max-image-preview:large, max-video-preview:-1\" \/>\n<link rel=\"canonical\" href=\"https:\/\/noticiasemdestaque.com\/cd\/?p=4447\" \/>\n<meta property=\"og:locale\" content=\"pt_BR\" \/>\n<meta property=\"og:type\" content=\"article\" \/>\n<meta property=\"og:title\" content=\"Lula lidera inten\u00e7\u00f5es de voto em todos os cen\u00e1rios, diz pesquisa da CNT - Not&iacute;cias em Destaque\" \/>\n<meta property=\"og:description\" content=\"O ex-presidente Luiz In\u00e1cio Lula da Silva \u00e9 o favorito dos eleitores brasileiros para 2018. Pesquisa CNT\/MDA, divulgada nesta ter\u00e7a-feira (19), mostra que Lula lidera as inten\u00e7\u00f5es de voto em todos os cen\u00e1rios avaliados. A inten\u00e7\u00e3o de voto estimulada em Lula varia, nos tr\u00eas cen\u00e1rios, entre 32% e 32,7% para o primeiro turno. No segundo turno, a inten\u00e7\u00e3o de voto estimulada fica entre 39,8% e 42,8%. No levantamento que aponta a inten\u00e7\u00e3o de voto espont\u00e2nea, Lula fica \u00e0 frente dos demais nomes com 20,2% no primeiro turno. O segundo colocado \u00e9 Jair Bolsonaro, com 10,9%. Na pesquisa divulgada em fevereiro deste ano, o ex-presidente tinha 16,6% das inten\u00e7\u00f5es de voto. O levantamento foi realizado entre os dias 13 e 16 de setembro de 2017 e ouviu 2.002 entrevistados. A margem de erro \u00e9 de 2,2 pontos percentuais com 95% de n\u00edvel de confian\u00e7a. Veja todos os cen\u00e1rios: 1\u00ba turno: Inten\u00e7\u00e3o de voto espont\u00e2nea Lula: 20,2% Jair Bolsonaro: 10,9% Jo\u00e3o Doria: 2,4% Marina Silva: 1,5% Geraldo Alckmin: 1,2% Ciro Gomes: 1,2% \u00c1lvaro Dias: 1,0% Dilma Rousseff: 0,7% Michel Temer: 0,4% A\u00e9cio Neves: 0,3% Outros: 2,0% Branco\/Nulo: 21,2% Indecisos: 37,0% 1\u00ba turno: Inten\u00e7\u00e3o de voto estimulada CEN\u00c1RIO 1: Lula 32,4%, Jair Bolsonaro 19,8%, Marina Silva 12,1%, Ciro Gomes 5,3%, A\u00e9cio Neves 3,2%, Branco\/Nulo 21,9%, Indecisos 5,3%. CEN\u00c1RIO 2: Lula 32,0%, Jair Bolsonaro 19,4%, Marina Silva 11,4%, Geraldo Alckmin 8,7%, Ciro Gomes 4,6%, Branco\/Nulo 19,0%, Indecisos 4,9%. CEN\u00c1RIO 3: Lula 32,7%, Jair Bolsonaro 18,4%, Marina Silva 12,0%, Jo\u00e3o Doria 9,4%, Ciro Gomes 5,2%, Branco\/Nulo 17,6%, Indecisos 4,7%. 2\u00ba turno: Inten\u00e7\u00e3o de voto estimulada CEN\u00c1RIO 1: Lula 41,8%, A\u00e9cio Neves 14,8%, Branco\/Nulo: 39,6%, Indecisos: 3,8%. CEN\u00c1RIO 2: Lula 40,6%, Geraldo Alckmin 23,2%, Branco\/Nulo: 31,9%, Indecisos: 4,3%. CEN\u00c1RIO 3: Lula 41,6%, Jo\u00e3o Doria 25,2%, Branco\/Nulo: 28,8%, Indecisos: 4,4%. CEN\u00c1RIO 4: Lula 40,5%, Jair Bolsonaro 28,5%, Branco\/Nulo: 27,0%, Indecisos: 4,0%. CEN\u00c1RIO 5: Lula 39,8%, Marina Silva 25,8%, Branco\/Nulo: 31,3%, Indecisos: 3,1%. CEN\u00c1RIO 6: Jair Bolsonaro 28,0%, Geraldo Alckmin 23,8%, Branco\/Nulo: 40,6%, Indecisos: 7,6%. CEN\u00c1RIO 7: Marina Silva 28,4%, Geraldo Alckmin 23,6%, Branco\/Nulo: 41,5%, Indecisos: 6,5%. CEN\u00c1RIO 8: Jair Bolsonaro 32,0%, A\u00e9cio Neves 13,9%, Branco\/Nulo: 46,4%, Indecisos: 7,7%. CEN\u00c1RIO 9: Marina Silva 33,6%, A\u00e9cio Neves 13,0%, Branco\/Nulo: 47,3%, Indecisos: 6,1%. CEN\u00c1RIO 10: Jair Bolsonaro 28,5%, Jo\u00e3o Doria 23,9%, Branco\/Nulo: 39,2%, Indecisos: 8,4%. CEN\u00c1RIO 11: Marina Silva 30,5%, Jo\u00e3o Doria 22,7%, Branco\/Nulo: 39,9%, Indecisos: 6,9%. CEN\u00c1RIO 12: Marina Silva 29,2%, Jair Bolsonaro 27,9%, Branco\/Nulo: 36,7%, Indecisos: 6,2%. Cariri em Destaque Com Brasil 247\" \/>\n<meta property=\"og:url\" content=\"https:\/\/noticiasemdestaque.com\/cd\/?p=4447\" \/>\n<meta property=\"og:site_name\" content=\"Not&iacute;cias em Destaque\" \/>\n<meta property=\"article:published_time\" content=\"2017-09-19T18:23:56+00:00\" \/>\n<meta property=\"og:image\" content=\"https:\/\/noticiasemdestaque.com\/cd\/wp-content\/uploads\/2017\/09\/images-cms-image-000558675.jpg\" \/>\n\t<meta property=\"og:image:width\" content=\"1000\" \/>\n\t<meta property=\"og:image:height\" content=\"357\" \/>\n\t<meta property=\"og:image:type\" content=\"image\/jpeg\" \/>\n<meta name=\"author\" content=\"Not\u00edcias em Destaque\" \/>\n<meta name=\"twitter:card\" content=\"summary_large_image\" \/>\n<meta name=\"twitter:label1\" content=\"Escrito por\" \/>\n\t<meta name=\"twitter:data1\" content=\"Not\u00edcias em Destaque\" \/>\n\t<meta name=\"twitter:label2\" content=\"Est. tempo de leitura\" \/>\n\t<meta name=\"twitter:data2\" content=\"2 minutos\" \/>\n<script type=\"application\/ld+json\" class=\"yoast-schema-graph\">{\"@context\":\"https:\/\/schema.org\",\"@graph\":[{\"@type\":\"Article\",\"@id\":\"https:\/\/noticiasemdestaque.com\/cd\/?p=4447#article\",\"isPartOf\":{\"@id\":\"https:\/\/noticiasemdestaque.com\/cd\/?p=4447\"},\"author\":{\"name\":\"Not\u00edcias em Destaque\",\"@id\":\"https:\/\/noticiasemdestaque.com\/cd\/#\/schema\/person\/21320b03a7e8bb90128938dafc9b908a\"},\"headline\":\"Lula lidera inten\u00e7\u00f5es de voto em todos os cen\u00e1rios, diz pesquisa da CNT\",\"datePublished\":\"2017-09-19T18:23:56+00:00\",\"mainEntityOfPage\":{\"@id\":\"https:\/\/noticiasemdestaque.com\/cd\/?p=4447\"},\"wordCount\":360,\"publisher\":{\"@id\":\"https:\/\/noticiasemdestaque.com\/cd\/#organization\"},\"image\":{\"@id\":\"https:\/\/noticiasemdestaque.com\/cd\/?p=4447#primaryimage\"},\"thumbnailUrl\":\"https:\/\/noticiasemdestaque.com\/cd\/wp-content\/uploads\/2017\/09\/images-cms-image-000558675.jpg\",\"articleSection\":[\"Pol\u00edtica\"],\"inLanguage\":\"pt-BR\"},{\"@type\":\"WebPage\",\"@id\":\"https:\/\/noticiasemdestaque.com\/cd\/?p=4447\",\"url\":\"https:\/\/noticiasemdestaque.com\/cd\/?p=4447\",\"name\":\"Lula lidera inten\u00e7\u00f5es de voto em todos os cen\u00e1rios, diz pesquisa da CNT - Not&iacute;cias em Destaque\",\"isPartOf\":{\"@id\":\"https:\/\/noticiasemdestaque.com\/cd\/#website\"},\"primaryImageOfPage\":{\"@id\":\"https:\/\/noticiasemdestaque.com\/cd\/?p=4447#primaryimage\"},\"image\":{\"@id\":\"https:\/\/noticiasemdestaque.com\/cd\/?p=4447#primaryimage\"},\"thumbnailUrl\":\"https:\/\/noticiasemdestaque.com\/cd\/wp-content\/uploads\/2017\/09\/images-cms-image-000558675.jpg\",\"datePublished\":\"2017-09-19T18:23:56+00:00\",\"breadcrumb\":{\"@id\":\"https:\/\/noticiasemdestaque.com\/cd\/?p=4447#breadcrumb\"},\"inLanguage\":\"pt-BR\",\"potentialAction\":[{\"@type\":\"ReadAction\",\"target\":[\"https:\/\/noticiasemdestaque.com\/cd\/?p=4447\"]}]},{\"@type\":\"ImageObject\",\"inLanguage\":\"pt-BR\",\"@id\":\"https:\/\/noticiasemdestaque.com\/cd\/?p=4447#primaryimage\",\"url\":\"https:\/\/noticiasemdestaque.com\/cd\/wp-content\/uploads\/2017\/09\/images-cms-image-000558675.jpg\",\"contentUrl\":\"https:\/\/noticiasemdestaque.com\/cd\/wp-content\/uploads\/2017\/09\/images-cms-image-000558675.jpg\",\"width\":1000,\"height\":357},{\"@type\":\"BreadcrumbList\",\"@id\":\"https:\/\/noticiasemdestaque.com\/cd\/?p=4447#breadcrumb\",\"itemListElement\":[{\"@type\":\"ListItem\",\"position\":1,\"name\":\"In\u00edcio\",\"item\":\"https:\/\/noticiasemdestaque.com\/cd\/\"},{\"@type\":\"ListItem\",\"position\":2,\"name\":\"Lula lidera inten\u00e7\u00f5es de voto em todos os cen\u00e1rios, diz pesquisa da CNT\"}]},{\"@type\":\"WebSite\",\"@id\":\"https:\/\/noticiasemdestaque.com\/cd\/#website\",\"url\":\"https:\/\/noticiasemdestaque.com\/cd\/\",\"name\":\"Not&iacute;cias em Destaque\",\"description\":\"\",\"publisher\":{\"@id\":\"https:\/\/noticiasemdestaque.com\/cd\/#organization\"},\"potentialAction\":[{\"@type\":\"SearchAction\",\"target\":{\"@type\":\"EntryPoint\",\"urlTemplate\":\"https:\/\/noticiasemdestaque.com\/cd\/?s={search_term_string}\"},\"query-input\":{\"@type\":\"PropertyValueSpecification\",\"valueRequired\":true,\"valueName\":\"search_term_string\"}}],\"inLanguage\":\"pt-BR\"},{\"@type\":\"Organization\",\"@id\":\"https:\/\/noticiasemdestaque.com\/cd\/#organization\",\"name\":\"Not\u00edcias em Destaque\",\"url\":\"https:\/\/noticiasemdestaque.com\/cd\/\",\"logo\":{\"@type\":\"ImageObject\",\"inLanguage\":\"pt-BR\",\"@id\":\"https:\/\/noticiasemdestaque.com\/cd\/#\/schema\/logo\/image\/\",\"url\":\"https:\/\/noticiasemdestaque.com\/cd\/wp-content\/uploads\/2022\/05\/imagem-base-noticiasemdestaque.png\",\"contentUrl\":\"https:\/\/noticiasemdestaque.com\/cd\/wp-content\/uploads\/2022\/05\/imagem-base-noticiasemdestaque.png\",\"width\":1200,\"height\":630,\"caption\":\"Not\u00edcias em Destaque\"},\"image\":{\"@id\":\"https:\/\/noticiasemdestaque.com\/cd\/#\/schema\/logo\/image\/\"}},{\"@type\":\"Person\",\"@id\":\"https:\/\/noticiasemdestaque.com\/cd\/#\/schema\/person\/21320b03a7e8bb90128938dafc9b908a\",\"name\":\"Not\u00edcias em Destaque\",\"url\":\"https:\/\/noticiasemdestaque.com\/cd\/?author=2\"}]}<\/script>\n<!-- \/ Yoast SEO plugin. -->","yoast_head_json":{"title":"Lula lidera inten\u00e7\u00f5es de voto em todos os cen\u00e1rios, diz pesquisa da CNT - Not&iacute;cias em Destaque","robots":{"index":"index","follow":"follow","max-snippet":"max-snippet:-1","max-image-preview":"max-image-preview:large","max-video-preview":"max-video-preview:-1"},"canonical":"https:\/\/noticiasemdestaque.com\/cd\/?p=4447","og_locale":"pt_BR","og_type":"article","og_title":"Lula lidera inten\u00e7\u00f5es de voto em todos os cen\u00e1rios, diz pesquisa da CNT - Not&iacute;cias em Destaque","og_description":"O ex-presidente Luiz In\u00e1cio Lula da Silva \u00e9 o favorito dos eleitores brasileiros para 2018. Pesquisa CNT\/MDA, divulgada nesta ter\u00e7a-feira (19), mostra que Lula lidera as inten\u00e7\u00f5es de voto em todos os cen\u00e1rios avaliados. A inten\u00e7\u00e3o de voto estimulada em Lula varia, nos tr\u00eas cen\u00e1rios, entre 32% e 32,7% para o primeiro turno. No segundo turno, a inten\u00e7\u00e3o de voto estimulada fica entre 39,8% e 42,8%. No levantamento que aponta a inten\u00e7\u00e3o de voto espont\u00e2nea, Lula fica \u00e0 frente dos demais nomes com 20,2% no primeiro turno. O segundo colocado \u00e9 Jair Bolsonaro, com 10,9%. Na pesquisa divulgada em fevereiro deste ano, o ex-presidente tinha 16,6% das inten\u00e7\u00f5es de voto. O levantamento foi realizado entre os dias 13 e 16 de setembro de 2017 e ouviu 2.002 entrevistados. A margem de erro \u00e9 de 2,2 pontos percentuais com 95% de n\u00edvel de confian\u00e7a. Veja todos os cen\u00e1rios: 1\u00ba turno: Inten\u00e7\u00e3o de voto espont\u00e2nea Lula: 20,2% Jair Bolsonaro: 10,9% Jo\u00e3o Doria: 2,4% Marina Silva: 1,5% Geraldo Alckmin: 1,2% Ciro Gomes: 1,2% \u00c1lvaro Dias: 1,0% Dilma Rousseff: 0,7% Michel Temer: 0,4% A\u00e9cio Neves: 0,3% Outros: 2,0% Branco\/Nulo: 21,2% Indecisos: 37,0% 1\u00ba turno: Inten\u00e7\u00e3o de voto estimulada CEN\u00c1RIO 1: Lula 32,4%, Jair Bolsonaro 19,8%, Marina Silva 12,1%, Ciro Gomes 5,3%, A\u00e9cio Neves 3,2%, Branco\/Nulo 21,9%, Indecisos 5,3%. CEN\u00c1RIO 2: Lula 32,0%, Jair Bolsonaro 19,4%, Marina Silva 11,4%, Geraldo Alckmin 8,7%, Ciro Gomes 4,6%, Branco\/Nulo 19,0%, Indecisos 4,9%. CEN\u00c1RIO 3: Lula 32,7%, Jair Bolsonaro 18,4%, Marina Silva 12,0%, Jo\u00e3o Doria 9,4%, Ciro Gomes 5,2%, Branco\/Nulo 17,6%, Indecisos 4,7%. 2\u00ba turno: Inten\u00e7\u00e3o de voto estimulada CEN\u00c1RIO 1: Lula 41,8%, A\u00e9cio Neves 14,8%, Branco\/Nulo: 39,6%, Indecisos: 3,8%. CEN\u00c1RIO 2: Lula 40,6%, Geraldo Alckmin 23,2%, Branco\/Nulo: 31,9%, Indecisos: 4,3%. CEN\u00c1RIO 3: Lula 41,6%, Jo\u00e3o Doria 25,2%, Branco\/Nulo: 28,8%, Indecisos: 4,4%. CEN\u00c1RIO 4: Lula 40,5%, Jair Bolsonaro 28,5%, Branco\/Nulo: 27,0%, Indecisos: 4,0%. CEN\u00c1RIO 5: Lula 39,8%, Marina Silva 25,8%, Branco\/Nulo: 31,3%, Indecisos: 3,1%. CEN\u00c1RIO 6: Jair Bolsonaro 28,0%, Geraldo Alckmin 23,8%, Branco\/Nulo: 40,6%, Indecisos: 7,6%. CEN\u00c1RIO 7: Marina Silva 28,4%, Geraldo Alckmin 23,6%, Branco\/Nulo: 41,5%, Indecisos: 6,5%. CEN\u00c1RIO 8: Jair Bolsonaro 32,0%, A\u00e9cio Neves 13,9%, Branco\/Nulo: 46,4%, Indecisos: 7,7%. CEN\u00c1RIO 9: Marina Silva 33,6%, A\u00e9cio Neves 13,0%, Branco\/Nulo: 47,3%, Indecisos: 6,1%. CEN\u00c1RIO 10: Jair Bolsonaro 28,5%, Jo\u00e3o Doria 23,9%, Branco\/Nulo: 39,2%, Indecisos: 8,4%. CEN\u00c1RIO 11: Marina Silva 30,5%, Jo\u00e3o Doria 22,7%, Branco\/Nulo: 39,9%, Indecisos: 6,9%. CEN\u00c1RIO 12: Marina Silva 29,2%, Jair Bolsonaro 27,9%, Branco\/Nulo: 36,7%, Indecisos: 6,2%. Cariri em Destaque Com Brasil 247","og_url":"https:\/\/noticiasemdestaque.com\/cd\/?p=4447","og_site_name":"Not&iacute;cias em Destaque","article_published_time":"2017-09-19T18:23:56+00:00","og_image":[{"width":1000,"height":357,"url":"https:\/\/noticiasemdestaque.com\/cd\/wp-content\/uploads\/2017\/09\/images-cms-image-000558675.jpg","type":"image\/jpeg"}],"author":"Not\u00edcias em Destaque","twitter_card":"summary_large_image","twitter_misc":{"Escrito por":"Not\u00edcias em Destaque","Est. tempo de leitura":"2 minutos"},"schema":{"@context":"https:\/\/schema.org","@graph":[{"@type":"Article","@id":"https:\/\/noticiasemdestaque.com\/cd\/?p=4447#article","isPartOf":{"@id":"https:\/\/noticiasemdestaque.com\/cd\/?p=4447"},"author":{"name":"Not\u00edcias em Destaque","@id":"https:\/\/noticiasemdestaque.com\/cd\/#\/schema\/person\/21320b03a7e8bb90128938dafc9b908a"},"headline":"Lula lidera inten\u00e7\u00f5es de voto em todos os cen\u00e1rios, diz pesquisa da CNT","datePublished":"2017-09-19T18:23:56+00:00","mainEntityOfPage":{"@id":"https:\/\/noticiasemdestaque.com\/cd\/?p=4447"},"wordCount":360,"publisher":{"@id":"https:\/\/noticiasemdestaque.com\/cd\/#organization"},"image":{"@id":"https:\/\/noticiasemdestaque.com\/cd\/?p=4447#primaryimage"},"thumbnailUrl":"https:\/\/noticiasemdestaque.com\/cd\/wp-content\/uploads\/2017\/09\/images-cms-image-000558675.jpg","articleSection":["Pol\u00edtica"],"inLanguage":"pt-BR"},{"@type":"WebPage","@id":"https:\/\/noticiasemdestaque.com\/cd\/?p=4447","url":"https:\/\/noticiasemdestaque.com\/cd\/?p=4447","name":"Lula lidera inten\u00e7\u00f5es de voto em todos os cen\u00e1rios, diz pesquisa da CNT - Not&iacute;cias em Destaque","isPartOf":{"@id":"https:\/\/noticiasemdestaque.com\/cd\/#website"},"primaryImageOfPage":{"@id":"https:\/\/noticiasemdestaque.com\/cd\/?p=4447#primaryimage"},"image":{"@id":"https:\/\/noticiasemdestaque.com\/cd\/?p=4447#primaryimage"},"thumbnailUrl":"https:\/\/noticiasemdestaque.com\/cd\/wp-content\/uploads\/2017\/09\/images-cms-image-000558675.jpg","datePublished":"2017-09-19T18:23:56+00:00","breadcrumb":{"@id":"https:\/\/noticiasemdestaque.com\/cd\/?p=4447#breadcrumb"},"inLanguage":"pt-BR","potentialAction":[{"@type":"ReadAction","target":["https:\/\/noticiasemdestaque.com\/cd\/?p=4447"]}]},{"@type":"ImageObject","inLanguage":"pt-BR","@id":"https:\/\/noticiasemdestaque.com\/cd\/?p=4447#primaryimage","url":"https:\/\/noticiasemdestaque.com\/cd\/wp-content\/uploads\/2017\/09\/images-cms-image-000558675.jpg","contentUrl":"https:\/\/noticiasemdestaque.com\/cd\/wp-content\/uploads\/2017\/09\/images-cms-image-000558675.jpg","width":1000,"height":357},{"@type":"BreadcrumbList","@id":"https:\/\/noticiasemdestaque.com\/cd\/?p=4447#breadcrumb","itemListElement":[{"@type":"ListItem","position":1,"name":"In\u00edcio","item":"https:\/\/noticiasemdestaque.com\/cd\/"},{"@type":"ListItem","position":2,"name":"Lula lidera inten\u00e7\u00f5es de voto em todos os cen\u00e1rios, diz pesquisa da CNT"}]},{"@type":"WebSite","@id":"https:\/\/noticiasemdestaque.com\/cd\/#website","url":"https:\/\/noticiasemdestaque.com\/cd\/","name":"Not&iacute;cias em Destaque","description":"","publisher":{"@id":"https:\/\/noticiasemdestaque.com\/cd\/#organization"},"potentialAction":[{"@type":"SearchAction","target":{"@type":"EntryPoint","urlTemplate":"https:\/\/noticiasemdestaque.com\/cd\/?s={search_term_string}"},"query-input":{"@type":"PropertyValueSpecification","valueRequired":true,"valueName":"search_term_string"}}],"inLanguage":"pt-BR"},{"@type":"Organization","@id":"https:\/\/noticiasemdestaque.com\/cd\/#organization","name":"Not\u00edcias em Destaque","url":"https:\/\/noticiasemdestaque.com\/cd\/","logo":{"@type":"ImageObject","inLanguage":"pt-BR","@id":"https:\/\/noticiasemdestaque.com\/cd\/#\/schema\/logo\/image\/","url":"https:\/\/noticiasemdestaque.com\/cd\/wp-content\/uploads\/2022\/05\/imagem-base-noticiasemdestaque.png","contentUrl":"https:\/\/noticiasemdestaque.com\/cd\/wp-content\/uploads\/2022\/05\/imagem-base-noticiasemdestaque.png","width":1200,"height":630,"caption":"Not\u00edcias em Destaque"},"image":{"@id":"https:\/\/noticiasemdestaque.com\/cd\/#\/schema\/logo\/image\/"}},{"@type":"Person","@id":"https:\/\/noticiasemdestaque.com\/cd\/#\/schema\/person\/21320b03a7e8bb90128938dafc9b908a","name":"Not\u00edcias em Destaque","url":"https:\/\/noticiasemdestaque.com\/cd\/?author=2"}]}},"jetpack_featured_media_url":"https:\/\/noticiasemdestaque.com\/cd\/wp-content\/uploads\/2017\/09\/images-cms-image-000558675.jpg","jetpack_sharing_enabled":true,"_links":{"self":[{"href":"https:\/\/noticiasemdestaque.com\/cd\/index.php?rest_route=\/wp\/v2\/posts\/4447","targetHints":{"allow":["GET"]}}],"collection":[{"href":"https:\/\/noticiasemdestaque.com\/cd\/index.php?rest_route=\/wp\/v2\/posts"}],"about":[{"href":"https:\/\/noticiasemdestaque.com\/cd\/index.php?rest_route=\/wp\/v2\/types\/post"}],"author":[{"embeddable":true,"href":"https:\/\/noticiasemdestaque.com\/cd\/index.php?rest_route=\/wp\/v2\/users\/2"}],"replies":[{"embeddable":true,"href":"https:\/\/noticiasemdestaque.com\/cd\/index.php?rest_route=%2Fwp%2Fv2%2Fcomments&post=4447"}],"version-history":[{"count":1,"href":"https:\/\/noticiasemdestaque.com\/cd\/index.php?rest_route=\/wp\/v2\/posts\/4447\/revisions"}],"predecessor-version":[{"id":4449,"href":"https:\/\/noticiasemdestaque.com\/cd\/index.php?rest_route=\/wp\/v2\/posts\/4447\/revisions\/4449"}],"wp:featuredmedia":[{"embeddable":true,"href":"https:\/\/noticiasemdestaque.com\/cd\/index.php?rest_route=\/wp\/v2\/media\/4448"}],"wp:attachment":[{"href":"https:\/\/noticiasemdestaque.com\/cd\/index.php?rest_route=%2Fwp%2Fv2%2Fmedia&parent=4447"}],"wp:term":[{"taxonomy":"category","embeddable":true,"href":"https:\/\/noticiasemdestaque.com\/cd\/index.php?rest_route=%2Fwp%2Fv2%2Fcategories&post=4447"},{"taxonomy":"post_tag","embeddable":true,"href":"https:\/\/noticiasemdestaque.com\/cd\/index.php?rest_route=%2Fwp%2Fv2%2Ftags&post=4447"}],"curies":[{"name":"wp","href":"https:\/\/api.w.org\/{rel}","templated":true}]}}