{"id":44439,"date":"2022-12-01T09:53:53","date_gmt":"2022-12-01T12:53:53","guid":{"rendered":"https:\/\/noticiasemdestaque.com\/cd\/?p=44439"},"modified":"2022-12-01T09:53:53","modified_gmt":"2022-12-01T12:53:53","slug":"sala-do-empreendedor-de-sume-e-premiada-com-o-selo-ouro-do-sebrae","status":"publish","type":"post","link":"https:\/\/noticiasemdestaque.com\/cd\/?p=44439","title":{"rendered":"Sala do Empreendedor de Sum\u00e9 \u00e9 premiada com o \u201cSelo Ouro\u201d do Sebrae"},"content":{"rendered":"<p style=\"text-align: left;\"><img decoding=\"async\" class=\"alignleft\" src=\"https:\/\/www.sume.pb.gov.br\/wp-content\/uploads\/2022\/11\/WhatsApp-Image-2022-11-30-at-11.24.37-300x172.jpeg\" \/>A sala do empreendedor de Sum\u00e9, ganhou o selo Ouro em refer\u00eancia a atendimento no ano de 2022. O evento para premia\u00e7\u00e3o aconteceu no Garden Hotel em Campina Grande, nesta ter\u00e7a-feira, 29.<\/p>\n<p>O selo \u00e9 uma metodologia de avalia\u00e7\u00e3o usada pelo Sebrae, que reconhece a qualidade dos atendimentos e servi\u00e7os prestados pelas Salas do Empreendedor e parceiros da rede de atendimento aos empreendedores locais.<\/p>\n<p><a href=\"https:\/\/www.sume.pb.gov.br\/wp-content\/uploads\/2022\/11\/WhatsApp-Image-2022-11-30-at-12.22.39.jpeg\" data-slb-active=\"1\" data-slb-asset=\"2633559522\" data-slb-internal=\"0\" data-slb-group=\"20974\"><img fetchpriority=\"high\" decoding=\"async\" class=\" wp-image-20978 alignright\" src=\"https:\/\/www.sume.pb.gov.br\/wp-content\/uploads\/2022\/11\/WhatsApp-Image-2022-11-30-at-12.22.39-225x300.jpeg\" sizes=\"(max-width: 194px) 100vw, 194px\" srcset=\"https:\/\/www.sume.pb.gov.br\/wp-content\/uploads\/2022\/11\/WhatsApp-Image-2022-11-30-at-12.22.39-225x300.jpeg 225w, https:\/\/www.sume.pb.gov.br\/wp-content\/uploads\/2022\/11\/WhatsApp-Image-2022-11-30-at-12.22.39-768x1024.jpeg 768w, https:\/\/www.sume.pb.gov.br\/wp-content\/uploads\/2022\/11\/WhatsApp-Image-2022-11-30-at-12.22.39-1152x1536.jpeg 1152w, https:\/\/www.sume.pb.gov.br\/wp-content\/uploads\/2022\/11\/WhatsApp-Image-2022-11-30-at-12.22.39.jpeg 1200w\" alt=\"\" width=\"194\" height=\"259\" \/><\/a>A sala do empreendedor de Sum\u00e9, que funciona de segunda a sexta-feira das 7h30 as 13h30, dentro da Casa da Cidadania no Shopping Sum\u00e9, concorreu no patamar de refer\u00eancia em atendimento no estado da Para\u00edba com a selagem correspondente as categorias Bronze, Prata e Ouro. Agora concorrer\u00e1 na categoria nacional ao Selo Diamante ao lado de mais oito munic\u00edpios paraibanos.<\/p>\n<p>A Agente de Desenvolvimento de Sum\u00e9, J\u00e9ssica Vieira, agradeceu a todos os parceiros por mais essa conquista, sobretudo ao Prefeito \u00c9den que sempre deu carta branca e apoio incondicional para que a sala do empreendedor de Sum\u00e9 ousasse nas a\u00e7\u00f5es e ideias. \u201cA Prefeitura de Sum\u00e9 e o Sebrae s\u00e3o fundamentais para o desenvolvimento dos nossos empreendedores. Muito obrigada\u201d.<\/p>\n<p><a href=\"https:\/\/www.sume.pb.gov.br\/wp-content\/uploads\/2022\/11\/WhatsApp-Image-2022-11-29-at-10.22.20.jpeg\" data-slb-active=\"1\" data-slb-asset=\"2958736530\" data-slb-internal=\"0\" data-slb-group=\"20974\"><img decoding=\"async\" class=\"size-medium wp-image-20977 alignleft\" src=\"https:\/\/www.sume.pb.gov.br\/wp-content\/uploads\/2022\/11\/WhatsApp-Image-2022-11-29-at-10.22.20-300x225.jpeg\" sizes=\"(max-width: 300px) 100vw, 300px\" srcset=\"https:\/\/www.sume.pb.gov.br\/wp-content\/uploads\/2022\/11\/WhatsApp-Image-2022-11-29-at-10.22.20-300x225.jpeg 300w, https:\/\/www.sume.pb.gov.br\/wp-content\/uploads\/2022\/11\/WhatsApp-Image-2022-11-29-at-10.22.20-1024x768.jpeg 1024w, https:\/\/www.sume.pb.gov.br\/wp-content\/uploads\/2022\/11\/WhatsApp-Image-2022-11-29-at-10.22.20-768x576.jpeg 768w, https:\/\/www.sume.pb.gov.br\/wp-content\/uploads\/2022\/11\/WhatsApp-Image-2022-11-29-at-10.22.20-1536x1152.jpeg 1536w, https:\/\/www.sume.pb.gov.br\/wp-content\/uploads\/2022\/11\/WhatsApp-Image-2022-11-29-at-10.22.20.jpeg 1600w\" alt=\"\" width=\"300\" height=\"225\" \/><\/a>Na oportunidade, J\u00e9ssica Vieira, tamb\u00e9m participou do encontro para Agentes de Desenvolvimento na Para\u00edba e do evento sobre cidades empreendedoras, programa em que Sum\u00e9 est\u00e1 inserido e concorrendo.<\/p>\n<p>No mesmo espa\u00e7o aconteceu o F\u00f3rum de Educa\u00e7\u00e3o Empreendedora que tem como objetivo proporcionar a intera\u00e7\u00e3o com os temas atuais da \u00e1rea, provocando a reflex\u00e3o de todos que fazem a educa\u00e7\u00e3o em, como contribuir com a melhoria na vida pessoal, profissional do indiv\u00edduo na sociedade.<\/p>\n<p>Sum\u00e9 esteve representada pelo Secret\u00e1rio de Educa\u00e7\u00e3o Bon\u00edlson Tim\u00f3teo, o Chefe de Gabinete, Heleno J\u00fanior, Diretores, Professores e Coordenadores Pedag\u00f3gicos apresentando a proposta \u201cEduca\u00e7\u00e3o Empreendedora como Vetor de Desenvolvimento\u201d.<\/p>\n<p><strong>Noticias em Destaque<\/strong><\/p>\n<p style=\"text-align: right;\"><em>Fonte: Ascom\/PMS<\/em><\/p>\n","protected":false},"excerpt":{"rendered":"<p>A sala do empreendedor de Sum\u00e9, ganhou o selo Ouro em refer\u00eancia a atendimento no ano de 2022. O evento para premia\u00e7\u00e3o aconteceu no Garden Hotel em Campina Grande, nesta ter\u00e7a-feira, 29. O selo \u00e9 uma metodologia de avalia\u00e7\u00e3o usada pelo Sebrae, que reconhece a qualidade dos atendimentos e servi\u00e7os prestados pelas Salas do Empreendedor e parceiros da rede de atendimento aos empreendedores locais. A sala do empreendedor de Sum\u00e9, que funciona de segunda a sexta-feira das 7h30 as 13h30, dentro da Casa da Cidadania no Shopping Sum\u00e9, concorreu no patamar de refer\u00eancia em atendimento no estado da Para\u00edba com a selagem correspondente as categorias Bronze, Prata e Ouro. Agora concorrer\u00e1 na categoria nacional ao Selo Diamante ao lado de mais oito munic\u00edpios paraibanos. A Agente de Desenvolvimento de Sum\u00e9, J\u00e9ssica Vieira, agradeceu a todos os parceiros por mais essa conquista, sobretudo ao Prefeito \u00c9den que sempre deu carta branca e apoio incondicional para que a sala do empreendedor de Sum\u00e9 ousasse nas a\u00e7\u00f5es e ideias. \u201cA Prefeitura de Sum\u00e9 e o Sebrae s\u00e3o fundamentais para o desenvolvimento dos nossos empreendedores. Muito obrigada\u201d. Na oportunidade, J\u00e9ssica Vieira, tamb\u00e9m participou do encontro para Agentes de Desenvolvimento na Para\u00edba e do evento sobre cidades empreendedoras, programa em que Sum\u00e9 est\u00e1 inserido e concorrendo. No mesmo espa\u00e7o aconteceu o F\u00f3rum de Educa\u00e7\u00e3o Empreendedora que tem como objetivo proporcionar a intera\u00e7\u00e3o com os temas atuais da \u00e1rea, provocando a reflex\u00e3o de todos que fazem a educa\u00e7\u00e3o em, como contribuir com a melhoria na vida pessoal, profissional do indiv\u00edduo na sociedade. Sum\u00e9 esteve representada pelo Secret\u00e1rio de Educa\u00e7\u00e3o Bon\u00edlson Tim\u00f3teo, o Chefe de Gabinete, Heleno J\u00fanior, Diretores, Professores e Coordenadores Pedag\u00f3gicos apresentando a proposta \u201cEduca\u00e7\u00e3o Empreendedora como Vetor de Desenvolvimento\u201d. Noticias em Destaque Fonte: Ascom\/PMS<\/p>\n","protected":false},"author":2,"featured_media":44440,"comment_status":"closed","ping_status":"open","sticky":false,"template":"","format":"standard","meta":{"_eb_attr":"","_jetpack_memberships_contains_paid_content":false,"footnotes":""},"categories":[3],"tags":[],"class_list":["post-44439","post","type-post","status-publish","format-standard","has-post-thumbnail","hentry","category-cidades"],"yoast_head":"<!-- This site is optimized with the Yoast SEO plugin v26.5 - https:\/\/yoast.com\/wordpress\/plugins\/seo\/ -->\n<title>Sala do Empreendedor de Sum\u00e9 \u00e9 premiada com o \u201cSelo Ouro\u201d do Sebrae - Not&iacute;cias em Destaque<\/title>\n<meta name=\"robots\" content=\"index, follow, max-snippet:-1, max-image-preview:large, max-video-preview:-1\" \/>\n<link rel=\"canonical\" href=\"https:\/\/noticiasemdestaque.com\/cd\/?p=44439\" \/>\n<meta property=\"og:locale\" content=\"pt_BR\" \/>\n<meta property=\"og:type\" content=\"article\" \/>\n<meta property=\"og:title\" content=\"Sala do Empreendedor de Sum\u00e9 \u00e9 premiada com o \u201cSelo Ouro\u201d do Sebrae - Not&iacute;cias em Destaque\" \/>\n<meta property=\"og:description\" content=\"A sala do empreendedor de Sum\u00e9, ganhou o selo Ouro em refer\u00eancia a atendimento no ano de 2022. O evento para premia\u00e7\u00e3o aconteceu no Garden Hotel em Campina Grande, nesta ter\u00e7a-feira, 29. O selo \u00e9 uma metodologia de avalia\u00e7\u00e3o usada pelo Sebrae, que reconhece a qualidade dos atendimentos e servi\u00e7os prestados pelas Salas do Empreendedor e parceiros da rede de atendimento aos empreendedores locais. A sala do empreendedor de Sum\u00e9, que funciona de segunda a sexta-feira das 7h30 as 13h30, dentro da Casa da Cidadania no Shopping Sum\u00e9, concorreu no patamar de refer\u00eancia em atendimento no estado da Para\u00edba com a selagem correspondente as categorias Bronze, Prata e Ouro. Agora concorrer\u00e1 na categoria nacional ao Selo Diamante ao lado de mais oito munic\u00edpios paraibanos. A Agente de Desenvolvimento de Sum\u00e9, J\u00e9ssica Vieira, agradeceu a todos os parceiros por mais essa conquista, sobretudo ao Prefeito \u00c9den que sempre deu carta branca e apoio incondicional para que a sala do empreendedor de Sum\u00e9 ousasse nas a\u00e7\u00f5es e ideias. \u201cA Prefeitura de Sum\u00e9 e o Sebrae s\u00e3o fundamentais para o desenvolvimento dos nossos empreendedores. Muito obrigada\u201d. Na oportunidade, J\u00e9ssica Vieira, tamb\u00e9m participou do encontro para Agentes de Desenvolvimento na Para\u00edba e do evento sobre cidades empreendedoras, programa em que Sum\u00e9 est\u00e1 inserido e concorrendo. No mesmo espa\u00e7o aconteceu o F\u00f3rum de Educa\u00e7\u00e3o Empreendedora que tem como objetivo proporcionar a intera\u00e7\u00e3o com os temas atuais da \u00e1rea, provocando a reflex\u00e3o de todos que fazem a educa\u00e7\u00e3o em, como contribuir com a melhoria na vida pessoal, profissional do indiv\u00edduo na sociedade. Sum\u00e9 esteve representada pelo Secret\u00e1rio de Educa\u00e7\u00e3o Bon\u00edlson Tim\u00f3teo, o Chefe de Gabinete, Heleno J\u00fanior, Diretores, Professores e Coordenadores Pedag\u00f3gicos apresentando a proposta \u201cEduca\u00e7\u00e3o Empreendedora como Vetor de Desenvolvimento\u201d. Noticias em Destaque Fonte: Ascom\/PMS\" \/>\n<meta property=\"og:url\" content=\"https:\/\/noticiasemdestaque.com\/cd\/?p=44439\" \/>\n<meta property=\"og:site_name\" content=\"Not&iacute;cias em Destaque\" \/>\n<meta property=\"article:published_time\" content=\"2022-12-01T12:53:53+00:00\" \/>\n<meta property=\"og:image\" content=\"https:\/\/noticiasemdestaque.com\/cd\/wp-content\/uploads\/2022\/12\/CAPA-OURO-SALA-EMPREENDEDOR-1-400x255-1.jpeg\" \/>\n\t<meta property=\"og:image:width\" content=\"400\" \/>\n\t<meta property=\"og:image:height\" content=\"255\" \/>\n\t<meta property=\"og:image:type\" content=\"image\/jpeg\" \/>\n<meta name=\"author\" content=\"Not\u00edcias em Destaque\" \/>\n<meta name=\"twitter:card\" content=\"summary_large_image\" \/>\n<meta name=\"twitter:label1\" content=\"Escrito por\" \/>\n\t<meta name=\"twitter:data1\" content=\"Not\u00edcias em Destaque\" \/>\n\t<meta name=\"twitter:label2\" content=\"Est. tempo de leitura\" \/>\n\t<meta name=\"twitter:data2\" content=\"3 minutos\" \/>\n<script type=\"application\/ld+json\" class=\"yoast-schema-graph\">{\"@context\":\"https:\/\/schema.org\",\"@graph\":[{\"@type\":\"Article\",\"@id\":\"https:\/\/noticiasemdestaque.com\/cd\/?p=44439#article\",\"isPartOf\":{\"@id\":\"https:\/\/noticiasemdestaque.com\/cd\/?p=44439\"},\"author\":{\"name\":\"Not\u00edcias em Destaque\",\"@id\":\"https:\/\/noticiasemdestaque.com\/cd\/#\/schema\/person\/47f7d4f55eec17c6b2ca036c5500f6ce\"},\"headline\":\"Sala do Empreendedor de Sum\u00e9 \u00e9 premiada com o \u201cSelo Ouro\u201d do Sebrae\",\"datePublished\":\"2022-12-01T12:53:53+00:00\",\"mainEntityOfPage\":{\"@id\":\"https:\/\/noticiasemdestaque.com\/cd\/?p=44439\"},\"wordCount\":328,\"publisher\":{\"@id\":\"https:\/\/noticiasemdestaque.com\/cd\/#organization\"},\"image\":{\"@id\":\"https:\/\/noticiasemdestaque.com\/cd\/?p=44439#primaryimage\"},\"thumbnailUrl\":\"https:\/\/noticiasemdestaque.com\/cd\/wp-content\/uploads\/2022\/12\/CAPA-OURO-SALA-EMPREENDEDOR-1-400x255-1.jpeg\",\"articleSection\":[\"Cidades\"],\"inLanguage\":\"pt-BR\"},{\"@type\":\"WebPage\",\"@id\":\"https:\/\/noticiasemdestaque.com\/cd\/?p=44439\",\"url\":\"https:\/\/noticiasemdestaque.com\/cd\/?p=44439\",\"name\":\"Sala do Empreendedor de Sum\u00e9 \u00e9 premiada com o \u201cSelo Ouro\u201d do Sebrae - Not&iacute;cias em Destaque\",\"isPartOf\":{\"@id\":\"https:\/\/noticiasemdestaque.com\/cd\/#website\"},\"primaryImageOfPage\":{\"@id\":\"https:\/\/noticiasemdestaque.com\/cd\/?p=44439#primaryimage\"},\"image\":{\"@id\":\"https:\/\/noticiasemdestaque.com\/cd\/?p=44439#primaryimage\"},\"thumbnailUrl\":\"https:\/\/noticiasemdestaque.com\/cd\/wp-content\/uploads\/2022\/12\/CAPA-OURO-SALA-EMPREENDEDOR-1-400x255-1.jpeg\",\"datePublished\":\"2022-12-01T12:53:53+00:00\",\"breadcrumb\":{\"@id\":\"https:\/\/noticiasemdestaque.com\/cd\/?p=44439#breadcrumb\"},\"inLanguage\":\"pt-BR\",\"potentialAction\":[{\"@type\":\"ReadAction\",\"target\":[\"https:\/\/noticiasemdestaque.com\/cd\/?p=44439\"]}]},{\"@type\":\"ImageObject\",\"inLanguage\":\"pt-BR\",\"@id\":\"https:\/\/noticiasemdestaque.com\/cd\/?p=44439#primaryimage\",\"url\":\"https:\/\/noticiasemdestaque.com\/cd\/wp-content\/uploads\/2022\/12\/CAPA-OURO-SALA-EMPREENDEDOR-1-400x255-1.jpeg\",\"contentUrl\":\"https:\/\/noticiasemdestaque.com\/cd\/wp-content\/uploads\/2022\/12\/CAPA-OURO-SALA-EMPREENDEDOR-1-400x255-1.jpeg\",\"width\":400,\"height\":255},{\"@type\":\"BreadcrumbList\",\"@id\":\"https:\/\/noticiasemdestaque.com\/cd\/?p=44439#breadcrumb\",\"itemListElement\":[{\"@type\":\"ListItem\",\"position\":1,\"name\":\"In\u00edcio\",\"item\":\"https:\/\/noticiasemdestaque.com\/cd\/\"},{\"@type\":\"ListItem\",\"position\":2,\"name\":\"Sala do Empreendedor de Sum\u00e9 \u00e9 premiada com o \u201cSelo Ouro\u201d do Sebrae\"}]},{\"@type\":\"WebSite\",\"@id\":\"https:\/\/noticiasemdestaque.com\/cd\/#website\",\"url\":\"https:\/\/noticiasemdestaque.com\/cd\/\",\"name\":\"Not&iacute;cias em Destaque\",\"description\":\"\",\"publisher\":{\"@id\":\"https:\/\/noticiasemdestaque.com\/cd\/#organization\"},\"potentialAction\":[{\"@type\":\"SearchAction\",\"target\":{\"@type\":\"EntryPoint\",\"urlTemplate\":\"https:\/\/noticiasemdestaque.com\/cd\/?s={search_term_string}\"},\"query-input\":{\"@type\":\"PropertyValueSpecification\",\"valueRequired\":true,\"valueName\":\"search_term_string\"}}],\"inLanguage\":\"pt-BR\"},{\"@type\":\"Organization\",\"@id\":\"https:\/\/noticiasemdestaque.com\/cd\/#organization\",\"name\":\"Not\u00edcias em Destaque\",\"url\":\"https:\/\/noticiasemdestaque.com\/cd\/\",\"logo\":{\"@type\":\"ImageObject\",\"inLanguage\":\"pt-BR\",\"@id\":\"https:\/\/noticiasemdestaque.com\/cd\/#\/schema\/logo\/image\/\",\"url\":\"https:\/\/noticiasemdestaque.com\/cd\/wp-content\/uploads\/2022\/05\/imagem-base-noticiasemdestaque.png\",\"contentUrl\":\"https:\/\/noticiasemdestaque.com\/cd\/wp-content\/uploads\/2022\/05\/imagem-base-noticiasemdestaque.png\",\"width\":1200,\"height\":630,\"caption\":\"Not\u00edcias em Destaque\"},\"image\":{\"@id\":\"https:\/\/noticiasemdestaque.com\/cd\/#\/schema\/logo\/image\/\"}},{\"@type\":\"Person\",\"@id\":\"https:\/\/noticiasemdestaque.com\/cd\/#\/schema\/person\/47f7d4f55eec17c6b2ca036c5500f6ce\",\"name\":\"Not\u00edcias em Destaque\",\"url\":\"https:\/\/noticiasemdestaque.com\/cd\/?author=2\"}]}<\/script>\n<!-- \/ Yoast SEO plugin. -->","yoast_head_json":{"title":"Sala do Empreendedor de Sum\u00e9 \u00e9 premiada com o \u201cSelo Ouro\u201d do Sebrae - Not&iacute;cias em Destaque","robots":{"index":"index","follow":"follow","max-snippet":"max-snippet:-1","max-image-preview":"max-image-preview:large","max-video-preview":"max-video-preview:-1"},"canonical":"https:\/\/noticiasemdestaque.com\/cd\/?p=44439","og_locale":"pt_BR","og_type":"article","og_title":"Sala do Empreendedor de Sum\u00e9 \u00e9 premiada com o \u201cSelo Ouro\u201d do Sebrae - Not&iacute;cias em Destaque","og_description":"A sala do empreendedor de Sum\u00e9, ganhou o selo Ouro em refer\u00eancia a atendimento no ano de 2022. O evento para premia\u00e7\u00e3o aconteceu no Garden Hotel em Campina Grande, nesta ter\u00e7a-feira, 29. O selo \u00e9 uma metodologia de avalia\u00e7\u00e3o usada pelo Sebrae, que reconhece a qualidade dos atendimentos e servi\u00e7os prestados pelas Salas do Empreendedor e parceiros da rede de atendimento aos empreendedores locais. A sala do empreendedor de Sum\u00e9, que funciona de segunda a sexta-feira das 7h30 as 13h30, dentro da Casa da Cidadania no Shopping Sum\u00e9, concorreu no patamar de refer\u00eancia em atendimento no estado da Para\u00edba com a selagem correspondente as categorias Bronze, Prata e Ouro. Agora concorrer\u00e1 na categoria nacional ao Selo Diamante ao lado de mais oito munic\u00edpios paraibanos. A Agente de Desenvolvimento de Sum\u00e9, J\u00e9ssica Vieira, agradeceu a todos os parceiros por mais essa conquista, sobretudo ao Prefeito \u00c9den que sempre deu carta branca e apoio incondicional para que a sala do empreendedor de Sum\u00e9 ousasse nas a\u00e7\u00f5es e ideias. \u201cA Prefeitura de Sum\u00e9 e o Sebrae s\u00e3o fundamentais para o desenvolvimento dos nossos empreendedores. Muito obrigada\u201d. Na oportunidade, J\u00e9ssica Vieira, tamb\u00e9m participou do encontro para Agentes de Desenvolvimento na Para\u00edba e do evento sobre cidades empreendedoras, programa em que Sum\u00e9 est\u00e1 inserido e concorrendo. No mesmo espa\u00e7o aconteceu o F\u00f3rum de Educa\u00e7\u00e3o Empreendedora que tem como objetivo proporcionar a intera\u00e7\u00e3o com os temas atuais da \u00e1rea, provocando a reflex\u00e3o de todos que fazem a educa\u00e7\u00e3o em, como contribuir com a melhoria na vida pessoal, profissional do indiv\u00edduo na sociedade. Sum\u00e9 esteve representada pelo Secret\u00e1rio de Educa\u00e7\u00e3o Bon\u00edlson Tim\u00f3teo, o Chefe de Gabinete, Heleno J\u00fanior, Diretores, Professores e Coordenadores Pedag\u00f3gicos apresentando a proposta \u201cEduca\u00e7\u00e3o Empreendedora como Vetor de Desenvolvimento\u201d. Noticias em Destaque Fonte: Ascom\/PMS","og_url":"https:\/\/noticiasemdestaque.com\/cd\/?p=44439","og_site_name":"Not&iacute;cias em Destaque","article_published_time":"2022-12-01T12:53:53+00:00","og_image":[{"width":400,"height":255,"url":"https:\/\/noticiasemdestaque.com\/cd\/wp-content\/uploads\/2022\/12\/CAPA-OURO-SALA-EMPREENDEDOR-1-400x255-1.jpeg","type":"image\/jpeg"}],"author":"Not\u00edcias em Destaque","twitter_card":"summary_large_image","twitter_misc":{"Escrito por":"Not\u00edcias em Destaque","Est. tempo de leitura":"3 minutos"},"schema":{"@context":"https:\/\/schema.org","@graph":[{"@type":"Article","@id":"https:\/\/noticiasemdestaque.com\/cd\/?p=44439#article","isPartOf":{"@id":"https:\/\/noticiasemdestaque.com\/cd\/?p=44439"},"author":{"name":"Not\u00edcias em Destaque","@id":"https:\/\/noticiasemdestaque.com\/cd\/#\/schema\/person\/47f7d4f55eec17c6b2ca036c5500f6ce"},"headline":"Sala do Empreendedor de Sum\u00e9 \u00e9 premiada com o \u201cSelo Ouro\u201d do Sebrae","datePublished":"2022-12-01T12:53:53+00:00","mainEntityOfPage":{"@id":"https:\/\/noticiasemdestaque.com\/cd\/?p=44439"},"wordCount":328,"publisher":{"@id":"https:\/\/noticiasemdestaque.com\/cd\/#organization"},"image":{"@id":"https:\/\/noticiasemdestaque.com\/cd\/?p=44439#primaryimage"},"thumbnailUrl":"https:\/\/noticiasemdestaque.com\/cd\/wp-content\/uploads\/2022\/12\/CAPA-OURO-SALA-EMPREENDEDOR-1-400x255-1.jpeg","articleSection":["Cidades"],"inLanguage":"pt-BR"},{"@type":"WebPage","@id":"https:\/\/noticiasemdestaque.com\/cd\/?p=44439","url":"https:\/\/noticiasemdestaque.com\/cd\/?p=44439","name":"Sala do Empreendedor de Sum\u00e9 \u00e9 premiada com o \u201cSelo Ouro\u201d do Sebrae - Not&iacute;cias em Destaque","isPartOf":{"@id":"https:\/\/noticiasemdestaque.com\/cd\/#website"},"primaryImageOfPage":{"@id":"https:\/\/noticiasemdestaque.com\/cd\/?p=44439#primaryimage"},"image":{"@id":"https:\/\/noticiasemdestaque.com\/cd\/?p=44439#primaryimage"},"thumbnailUrl":"https:\/\/noticiasemdestaque.com\/cd\/wp-content\/uploads\/2022\/12\/CAPA-OURO-SALA-EMPREENDEDOR-1-400x255-1.jpeg","datePublished":"2022-12-01T12:53:53+00:00","breadcrumb":{"@id":"https:\/\/noticiasemdestaque.com\/cd\/?p=44439#breadcrumb"},"inLanguage":"pt-BR","potentialAction":[{"@type":"ReadAction","target":["https:\/\/noticiasemdestaque.com\/cd\/?p=44439"]}]},{"@type":"ImageObject","inLanguage":"pt-BR","@id":"https:\/\/noticiasemdestaque.com\/cd\/?p=44439#primaryimage","url":"https:\/\/noticiasemdestaque.com\/cd\/wp-content\/uploads\/2022\/12\/CAPA-OURO-SALA-EMPREENDEDOR-1-400x255-1.jpeg","contentUrl":"https:\/\/noticiasemdestaque.com\/cd\/wp-content\/uploads\/2022\/12\/CAPA-OURO-SALA-EMPREENDEDOR-1-400x255-1.jpeg","width":400,"height":255},{"@type":"BreadcrumbList","@id":"https:\/\/noticiasemdestaque.com\/cd\/?p=44439#breadcrumb","itemListElement":[{"@type":"ListItem","position":1,"name":"In\u00edcio","item":"https:\/\/noticiasemdestaque.com\/cd\/"},{"@type":"ListItem","position":2,"name":"Sala do Empreendedor de Sum\u00e9 \u00e9 premiada com o \u201cSelo Ouro\u201d do Sebrae"}]},{"@type":"WebSite","@id":"https:\/\/noticiasemdestaque.com\/cd\/#website","url":"https:\/\/noticiasemdestaque.com\/cd\/","name":"Not&iacute;cias em Destaque","description":"","publisher":{"@id":"https:\/\/noticiasemdestaque.com\/cd\/#organization"},"potentialAction":[{"@type":"SearchAction","target":{"@type":"EntryPoint","urlTemplate":"https:\/\/noticiasemdestaque.com\/cd\/?s={search_term_string}"},"query-input":{"@type":"PropertyValueSpecification","valueRequired":true,"valueName":"search_term_string"}}],"inLanguage":"pt-BR"},{"@type":"Organization","@id":"https:\/\/noticiasemdestaque.com\/cd\/#organization","name":"Not\u00edcias em Destaque","url":"https:\/\/noticiasemdestaque.com\/cd\/","logo":{"@type":"ImageObject","inLanguage":"pt-BR","@id":"https:\/\/noticiasemdestaque.com\/cd\/#\/schema\/logo\/image\/","url":"https:\/\/noticiasemdestaque.com\/cd\/wp-content\/uploads\/2022\/05\/imagem-base-noticiasemdestaque.png","contentUrl":"https:\/\/noticiasemdestaque.com\/cd\/wp-content\/uploads\/2022\/05\/imagem-base-noticiasemdestaque.png","width":1200,"height":630,"caption":"Not\u00edcias em Destaque"},"image":{"@id":"https:\/\/noticiasemdestaque.com\/cd\/#\/schema\/logo\/image\/"}},{"@type":"Person","@id":"https:\/\/noticiasemdestaque.com\/cd\/#\/schema\/person\/47f7d4f55eec17c6b2ca036c5500f6ce","name":"Not\u00edcias em Destaque","url":"https:\/\/noticiasemdestaque.com\/cd\/?author=2"}]}},"jetpack_featured_media_url":"https:\/\/noticiasemdestaque.com\/cd\/wp-content\/uploads\/2022\/12\/CAPA-OURO-SALA-EMPREENDEDOR-1-400x255-1.jpeg","jetpack_sharing_enabled":true,"_links":{"self":[{"href":"https:\/\/noticiasemdestaque.com\/cd\/index.php?rest_route=\/wp\/v2\/posts\/44439","targetHints":{"allow":["GET"]}}],"collection":[{"href":"https:\/\/noticiasemdestaque.com\/cd\/index.php?rest_route=\/wp\/v2\/posts"}],"about":[{"href":"https:\/\/noticiasemdestaque.com\/cd\/index.php?rest_route=\/wp\/v2\/types\/post"}],"author":[{"embeddable":true,"href":"https:\/\/noticiasemdestaque.com\/cd\/index.php?rest_route=\/wp\/v2\/users\/2"}],"replies":[{"embeddable":true,"href":"https:\/\/noticiasemdestaque.com\/cd\/index.php?rest_route=%2Fwp%2Fv2%2Fcomments&post=44439"}],"version-history":[{"count":1,"href":"https:\/\/noticiasemdestaque.com\/cd\/index.php?rest_route=\/wp\/v2\/posts\/44439\/revisions"}],"predecessor-version":[{"id":44441,"href":"https:\/\/noticiasemdestaque.com\/cd\/index.php?rest_route=\/wp\/v2\/posts\/44439\/revisions\/44441"}],"wp:featuredmedia":[{"embeddable":true,"href":"https:\/\/noticiasemdestaque.com\/cd\/index.php?rest_route=\/wp\/v2\/media\/44440"}],"wp:attachment":[{"href":"https:\/\/noticiasemdestaque.com\/cd\/index.php?rest_route=%2Fwp%2Fv2%2Fmedia&parent=44439"}],"wp:term":[{"taxonomy":"category","embeddable":true,"href":"https:\/\/noticiasemdestaque.com\/cd\/index.php?rest_route=%2Fwp%2Fv2%2Fcategories&post=44439"},{"taxonomy":"post_tag","embeddable":true,"href":"https:\/\/noticiasemdestaque.com\/cd\/index.php?rest_route=%2Fwp%2Fv2%2Ftags&post=44439"}],"curies":[{"name":"wp","href":"https:\/\/api.w.org\/{rel}","templated":true}]}}