{"id":44436,"date":"2022-12-01T09:50:41","date_gmt":"2022-12-01T12:50:41","guid":{"rendered":"https:\/\/noticiasemdestaque.com\/cd\/?p=44436"},"modified":"2022-12-01T09:50:41","modified_gmt":"2022-12-01T12:50:41","slug":"secretaria-de-assistencia-social-de-amparo-participou-do-1-forum-caiu-na-rede-e-mulher-empreendedora-em-monteiro","status":"publish","type":"post","link":"https:\/\/noticiasemdestaque.com\/cd\/?p=44436","title":{"rendered":"Secret\u00e1ria de Assist\u00eancia Social de Amparo participou do 1\u00b0 F\u00f3rum &#8220;Caiu na Rede \u00e9 Mulher Empreendedora&#8221; em Monteiro"},"content":{"rendered":"<p><span data-contrast=\"auto\">Na \u00faltima sexta-feira (25), o munic\u00edpio de Monteiro foi palco do primeiro f\u00f3rum regional de pol\u00edticas p\u00fablicas de empreendedorismo voltado para \u00e0s mulheres do cariri.<\/span><span data-ccp-props=\"{&quot;201341983&quot;:0,&quot;335559739&quot;:160,&quot;335559740&quot;:259}\">\u00a0<\/span><\/p>\n<p><span data-contrast=\"auto\">O evento contou com diversas lideran\u00e7as empreendedoras a exemplo da prefeita Anna Lorena anfitri\u00e3 do evento, que falou sobre a import\u00e2ncia da Rede Delas para o empreendedorismo feminino no cariri e, \u00e9 uma das idealizadoras da rede, Madalena Arruda gestora da ag\u00eancia regional do Sebrae, Maria Em\u00edlia Medeiros bacharel em direito, secret\u00e1ria de planejamento e gest\u00e3o do munic\u00edpio de S\u00e3o Jo\u00e3o do Tigre, CEO da Medeiros Consultoria e Gest\u00e3o e articuladora da Rede Delas no Cariri e, Ang\u00e9lica Costa, economista, embaixadora da RME na Para\u00edba, idealizadora da Revista Identifica\u00e7\u00e3o, multiplicadora e mentora do IRME em projetos sociais, l\u00edder do comit\u00ea de empreendedorismo do Grupo Mulheres do Brasil n\u00facleo Jo\u00e3o Pessoa.<\/span><span data-ccp-props=\"{&quot;201341983&quot;:0,&quot;335559739&quot;:160,&quot;335559740&quot;:259}\">\u00a0<\/span><span data-ccp-props=\"{&quot;201341983&quot;:0,&quot;335559739&quot;:160,&quot;335559740&quot;:259}\">\u00a0<\/span><\/p>\n<p><span data-contrast=\"auto\">A secret\u00e1ria Cleide N\u00f3brega se fez presente representando o munic\u00edpio de Amparo e por ser destaque na formata\u00e7\u00e3o e desenvolvimento da pol\u00edtica p\u00fablica de empoderamento feminino no munic\u00edpio atrav\u00e9s do Empreendedorismo.<\/span><span data-ccp-props=\"{&quot;201341983&quot;:0,&quot;335559739&quot;:160,&quot;335559740&quot;:259}\">\u00a0<\/span><\/p>\n<div class=\"separator\"><a href=\"https:\/\/blogger.googleusercontent.com\/img\/b\/R29vZ2xl\/AVvXsEjwXWjf2GFKWusAUHF3zrErk2Oc1P_PeGAX_xeQtL0QnN05_rTWJixLEQv_WKX3mSCjvcDnrsO1o62yy3jR5uwb5rlqKncSwNtnELMXE6-DbJZysiCBgFh9l5P5xRt6eQN0Usz1mRrXPioIyPm77vLSSIGcq2clokuG5fBPuau6y53_2LtMssBq9u-2\/s1600\/WhatsApp%20Image%202022-11-30%20at%205.38.14%20AM%20(1).jpeg\"><img fetchpriority=\"high\" decoding=\"async\" src=\"https:\/\/blogger.googleusercontent.com\/img\/b\/R29vZ2xl\/AVvXsEjwXWjf2GFKWusAUHF3zrErk2Oc1P_PeGAX_xeQtL0QnN05_rTWJixLEQv_WKX3mSCjvcDnrsO1o62yy3jR5uwb5rlqKncSwNtnELMXE6-DbJZysiCBgFh9l5P5xRt6eQN0Usz1mRrXPioIyPm77vLSSIGcq2clokuG5fBPuau6y53_2LtMssBq9u-2\/w640-h294\/WhatsApp%20Image%202022-11-30%20at%205.38.14%20AM%20(1).jpeg\" width=\"640\" height=\"294\" border=\"0\" data-original-height=\"737\" data-original-width=\"1600\" \/><\/a><\/div>\n<p>&nbsp;<\/p>\n<div class=\"separator\"><a href=\"https:\/\/blogger.googleusercontent.com\/img\/b\/R29vZ2xl\/AVvXsEgMoPJkNAyK7OC2hMJu8kBBJupF2B46yG2UNet0ry7gVNLZkJuzf72j29U_JhJvBWAuiYQzRXuQGA82YZP4RWIrDZ5V-UB5dKmbP-KZUcEdMLhddZlH2cJEuAHJqq9T7Y_Jx7Np0U5VCGZ3ILtzFc72oiuQHl8ns-XurTQpR6f13Q89g9N77wJBnrqo\/s1600\/WhatsApp%20Image%202022-11-30%20at%205.38.14%20AM%20(2).jpeg\"><img decoding=\"async\" src=\"https:\/\/blogger.googleusercontent.com\/img\/b\/R29vZ2xl\/AVvXsEgMoPJkNAyK7OC2hMJu8kBBJupF2B46yG2UNet0ry7gVNLZkJuzf72j29U_JhJvBWAuiYQzRXuQGA82YZP4RWIrDZ5V-UB5dKmbP-KZUcEdMLhddZlH2cJEuAHJqq9T7Y_Jx7Np0U5VCGZ3ILtzFc72oiuQHl8ns-XurTQpR6f13Q89g9N77wJBnrqo\/w640-h294\/WhatsApp%20Image%202022-11-30%20at%205.38.14%20AM%20(2).jpeg\" width=\"640\" height=\"294\" border=\"0\" data-original-height=\"737\" data-original-width=\"1600\" \/><\/a><\/div>\n<p>&nbsp;<\/p>\n<div class=\"separator\"><a href=\"https:\/\/blogger.googleusercontent.com\/img\/b\/R29vZ2xl\/AVvXsEgTCjNWuZx8qO7h8JtFBHkm4CJTiSJn5dJkzepPgIuPEpTugek7BPkXx5dNHjx2CYZ4cvm9x9lCnKyglPna0364W3nJ1knC4JnCQJp8J2VwsN-SiM3-fPvgeuC9iXHA5Q4N5rFleg-drSfq3JzHXnlZpTwSb1dqd6cN1gZAXcoNRT1fOeybVF4aiv7d\/s1600\/WhatsApp%20Image%202022-11-30%20at%205.38.14%20AM.jpeg\"><img decoding=\"async\" src=\"https:\/\/blogger.googleusercontent.com\/img\/b\/R29vZ2xl\/AVvXsEgTCjNWuZx8qO7h8JtFBHkm4CJTiSJn5dJkzepPgIuPEpTugek7BPkXx5dNHjx2CYZ4cvm9x9lCnKyglPna0364W3nJ1knC4JnCQJp8J2VwsN-SiM3-fPvgeuC9iXHA5Q4N5rFleg-drSfq3JzHXnlZpTwSb1dqd6cN1gZAXcoNRT1fOeybVF4aiv7d\/w640-h294\/WhatsApp%20Image%202022-11-30%20at%205.38.14%20AM.jpeg\" width=\"640\" height=\"294\" border=\"0\" data-original-height=\"737\" data-original-width=\"1600\" \/><\/a><\/div>\n<p>&nbsp;<\/p>\n<div class=\"separator\"><a href=\"https:\/\/blogger.googleusercontent.com\/img\/b\/R29vZ2xl\/AVvXsEj9cHUkCkTI4v7JQ7JBbSBlPpVIRi5apFmv60vJJYt6BY0wGasObtTpKvtNKi4lLhUxKmE7aCGTTNs2jPaBfJ8tM60r0HmcsF2m6VSXpwMb72cZKd9SM83E2zn4vw0hcZDv33qufVyIRWrbfrM5vHvs65tekek3IlfNTT6V-cKkmx3MEmbfa_xKRObo\/s1599\/WhatsApp%20Image%202022-11-30%20at%205.38.15%20AM%20(2).jpeg\"><img loading=\"lazy\" decoding=\"async\" src=\"https:\/\/blogger.googleusercontent.com\/img\/b\/R29vZ2xl\/AVvXsEj9cHUkCkTI4v7JQ7JBbSBlPpVIRi5apFmv60vJJYt6BY0wGasObtTpKvtNKi4lLhUxKmE7aCGTTNs2jPaBfJ8tM60r0HmcsF2m6VSXpwMb72cZKd9SM83E2zn4vw0hcZDv33qufVyIRWrbfrM5vHvs65tekek3IlfNTT6V-cKkmx3MEmbfa_xKRObo\/w360-h640\/WhatsApp%20Image%202022-11-30%20at%205.38.15%20AM%20(2).jpeg\" width=\"360\" height=\"640\" border=\"0\" data-original-height=\"1599\" data-original-width=\"899\" \/><\/a><\/div>\n<p>&nbsp;<\/p>\n<div class=\"separator\"><a href=\"https:\/\/blogger.googleusercontent.com\/img\/b\/R29vZ2xl\/AVvXsEgWLwOjvAdrp9_G7XQmTsrCOzq9aqOGCRvkGnHpDwaYPcYpENz4oak5IfGYjWvsuFbf0uKfIfVsB24BXIh_lO9XkezN7U8hbprue83B4ZPujGx2xT3bOgYRCqxt0AdnjT8qXbqZ0OuwV1bJyklOnfArHIfO6ZTxcgIJQbf0AeLA7pxpNMycR28lJdH6\/s1600\/WhatsApp%20Image%202022-11-30%20at%205.38.15%20AM.jpeg\"><img loading=\"lazy\" decoding=\"async\" src=\"https:\/\/blogger.googleusercontent.com\/img\/b\/R29vZ2xl\/AVvXsEgWLwOjvAdrp9_G7XQmTsrCOzq9aqOGCRvkGnHpDwaYPcYpENz4oak5IfGYjWvsuFbf0uKfIfVsB24BXIh_lO9XkezN7U8hbprue83B4ZPujGx2xT3bOgYRCqxt0AdnjT8qXbqZ0OuwV1bJyklOnfArHIfO6ZTxcgIJQbf0AeLA7pxpNMycR28lJdH6\/w640-h294\/WhatsApp%20Image%202022-11-30%20at%205.38.15%20AM.jpeg\" width=\"640\" height=\"294\" border=\"0\" data-original-height=\"737\" data-original-width=\"1600\" \/><\/a><\/div>\n<p>&nbsp;<\/p>\n<div class=\"separator\"><a href=\"https:\/\/blogger.googleusercontent.com\/img\/b\/R29vZ2xl\/AVvXsEgrf9Avloeb8EqDq08jPlDJyPKJure7gHSXM0wAf49hdvXIupc5GMbsZzB-Ad37dHRNxksYjWGON_NmFdi8Ilm3Uh5GzWpaSq6fMlcc-5IteUSLiZ5Mxx4hDLTKirhWLJZqAoJvM6NjrNJR8AUepbBZjWsObkhUTUiEh3YO90TFAY1gHsHFiNP8zPDf\/s1599\/WhatsApp%20Image%202022-11-30%20at%205.38.16%20AM%20(1).jpeg\"><img loading=\"lazy\" decoding=\"async\" src=\"https:\/\/blogger.googleusercontent.com\/img\/b\/R29vZ2xl\/AVvXsEgrf9Avloeb8EqDq08jPlDJyPKJure7gHSXM0wAf49hdvXIupc5GMbsZzB-Ad37dHRNxksYjWGON_NmFdi8Ilm3Uh5GzWpaSq6fMlcc-5IteUSLiZ5Mxx4hDLTKirhWLJZqAoJvM6NjrNJR8AUepbBZjWsObkhUTUiEh3YO90TFAY1gHsHFiNP8zPDf\/w360-h640\/WhatsApp%20Image%202022-11-30%20at%205.38.16%20AM%20(1).jpeg\" width=\"360\" height=\"640\" border=\"0\" data-original-height=\"1599\" data-original-width=\"899\" \/><\/a><\/div>\n<p>&nbsp;<\/p>\n<div class=\"separator\"><a href=\"https:\/\/blogger.googleusercontent.com\/img\/b\/R29vZ2xl\/AVvXsEjfNQpzqN9xfIsnSWwxhm_hPxmwBZMNpJdqEj8PAOSpRi8UMj0rX4qB9ua6h4BH-3jb4XNUOaocqZHTYzsfbI8YboifRgFhhnrJ2Bf7pXUpmXyj3-hP7CQMrRkdcv-1srtW1ZZ_MN9SHq-40_0iEyOv1dVWNMwzHA6EHLr6vnUj91nfW7-9es_Whkj2\/s1600\/WhatsApp%20Image%202022-11-30%20at%205.38.16%20AM%20(2).jpeg\"><img loading=\"lazy\" decoding=\"async\" src=\"https:\/\/blogger.googleusercontent.com\/img\/b\/R29vZ2xl\/AVvXsEjfNQpzqN9xfIsnSWwxhm_hPxmwBZMNpJdqEj8PAOSpRi8UMj0rX4qB9ua6h4BH-3jb4XNUOaocqZHTYzsfbI8YboifRgFhhnrJ2Bf7pXUpmXyj3-hP7CQMrRkdcv-1srtW1ZZ_MN9SHq-40_0iEyOv1dVWNMwzHA6EHLr6vnUj91nfW7-9es_Whkj2\/w288-h640\/WhatsApp%20Image%202022-11-30%20at%205.38.16%20AM%20(2).jpeg\" width=\"288\" height=\"640\" border=\"0\" data-original-height=\"1600\" data-original-width=\"720\" \/><\/a><\/div>\n<p>&nbsp;<\/p>\n<div class=\"separator\"><a href=\"https:\/\/blogger.googleusercontent.com\/img\/b\/R29vZ2xl\/AVvXsEiCHNf0m186tR6k5JpM0lSYDiQYRSVcFAL1QeZctJdrkIly1oPtJtLLrOA2bk8xAfNlesVYpUzFSWSUY3YWAJ82QHy4X9N3l5J2v_V4VwuDEVNszDI35IzNHW7bo1zT6i9sLG77KP20jYfAc0YN2y0pjApn4s4nhSZtcRCJfSkCGE7omUs-Yq1DPP2E\/s1599\/WhatsApp%20Image%202022-11-30%20at%205.38.16%20AM.jpeg\"><img loading=\"lazy\" decoding=\"async\" src=\"https:\/\/blogger.googleusercontent.com\/img\/b\/R29vZ2xl\/AVvXsEiCHNf0m186tR6k5JpM0lSYDiQYRSVcFAL1QeZctJdrkIly1oPtJtLLrOA2bk8xAfNlesVYpUzFSWSUY3YWAJ82QHy4X9N3l5J2v_V4VwuDEVNszDI35IzNHW7bo1zT6i9sLG77KP20jYfAc0YN2y0pjApn4s4nhSZtcRCJfSkCGE7omUs-Yq1DPP2E\/w360-h640\/WhatsApp%20Image%202022-11-30%20at%205.38.16%20AM.jpeg\" width=\"360\" height=\"640\" border=\"0\" data-original-height=\"1599\" data-original-width=\"899\" \/><\/a><\/div>\n<p>&nbsp;<\/p>\n<div class=\"separator\"><a href=\"https:\/\/blogger.googleusercontent.com\/img\/b\/R29vZ2xl\/AVvXsEi6Lo8xba1zeWFl1CE6NfT36-tTLzsrYMCXk5rF1OfEhiV1i3UcWKMh3r7K_i25yieBLXgijr1MKBVnw8J4DBwpQ86_odPuYgGASXGgi7SPkDO9BahkjbVuLjMdue3vz0A0jwKpcn_QBacvExrXTWybHGjHapxjiwCXKt7SFP1_C2wQfv2RaEVzCTGy\/s1320\/WhatsApp%20Image%202022-11-30%20at%205.38.17%20AM%20(1).jpeg\"><img loading=\"lazy\" decoding=\"async\" src=\"https:\/\/blogger.googleusercontent.com\/img\/b\/R29vZ2xl\/AVvXsEi6Lo8xba1zeWFl1CE6NfT36-tTLzsrYMCXk5rF1OfEhiV1i3UcWKMh3r7K_i25yieBLXgijr1MKBVnw8J4DBwpQ86_odPuYgGASXGgi7SPkDO9BahkjbVuLjMdue3vz0A0jwKpcn_QBacvExrXTWybHGjHapxjiwCXKt7SFP1_C2wQfv2RaEVzCTGy\/w480-h640\/WhatsApp%20Image%202022-11-30%20at%205.38.17%20AM%20(1).jpeg\" width=\"480\" height=\"640\" border=\"0\" data-original-height=\"1320\" data-original-width=\"990\" \/><\/a><\/div>\n<p>&nbsp;<\/p>\n<div class=\"separator\"><a href=\"https:\/\/blogger.googleusercontent.com\/img\/b\/R29vZ2xl\/AVvXsEhPvw6-j8zNQpXLmzLqhDOKKMP4b-GsyNuO-ciEJvvDqFlE0EL3jUOHxi0y8PRinfaCXzgi7R-Sw1hd1DyfIze5uNdAlXaI4I0mSHpTv3PmpW7ROvr_oG-QmM2BtDyY_jcnA49m-sTx9gSdEXyJvwQOwcxfpHGUOWNjYR7u15pKNvsFr8uXLcbpS7EL\/s1600\/WhatsApp%20Image%202022-11-30%20at%205.38.17%20AM.jpeg\"><img loading=\"lazy\" decoding=\"async\" src=\"https:\/\/blogger.googleusercontent.com\/img\/b\/R29vZ2xl\/AVvXsEhPvw6-j8zNQpXLmzLqhDOKKMP4b-GsyNuO-ciEJvvDqFlE0EL3jUOHxi0y8PRinfaCXzgi7R-Sw1hd1DyfIze5uNdAlXaI4I0mSHpTv3PmpW7ROvr_oG-QmM2BtDyY_jcnA49m-sTx9gSdEXyJvwQOwcxfpHGUOWNjYR7u15pKNvsFr8uXLcbpS7EL\/w640-h288\/WhatsApp%20Image%202022-11-30%20at%205.38.17%20AM.jpeg\" width=\"640\" height=\"288\" border=\"0\" data-original-height=\"720\" data-original-width=\"1600\" \/><\/a><\/div>\n<p>&nbsp;<\/p>\n<div class=\"separator\"><a href=\"https:\/\/blogger.googleusercontent.com\/img\/b\/R29vZ2xl\/AVvXsEgpX0hV7-AWJckH41-wiqhwrO74yFwJrIwGgLrXgrNGxYx_mrhopttU9KKNUgSI8YLFsBlFrhIpT52-rkogGUcK_3XqxGs1Anf1NuWS4ylKigf1Ebcd8ThYkEAWI2_Sy-gXLgv9LNDtYPeeo8zsbUkXmN1a8s0CV2dKlcVPwBddIkk7XobjmhkjfkWc\/s1600\/WhatsApp%20Image%202022-11-30%20at%205.38.18%20AM%20(1).jpeg\"><img loading=\"lazy\" decoding=\"async\" src=\"https:\/\/blogger.googleusercontent.com\/img\/b\/R29vZ2xl\/AVvXsEgpX0hV7-AWJckH41-wiqhwrO74yFwJrIwGgLrXgrNGxYx_mrhopttU9KKNUgSI8YLFsBlFrhIpT52-rkogGUcK_3XqxGs1Anf1NuWS4ylKigf1Ebcd8ThYkEAWI2_Sy-gXLgv9LNDtYPeeo8zsbUkXmN1a8s0CV2dKlcVPwBddIkk7XobjmhkjfkWc\/w294-h640\/WhatsApp%20Image%202022-11-30%20at%205.38.18%20AM%20(1).jpeg\" width=\"294\" height=\"640\" border=\"0\" data-original-height=\"1600\" data-original-width=\"737\" \/><\/a><\/div>\n<p>&nbsp;<\/p>\n<div class=\"separator\"><a href=\"https:\/\/blogger.googleusercontent.com\/img\/b\/R29vZ2xl\/AVvXsEhErOYneMN400NHXkBZK6f7Gq_F2oN6X6nso0XIW_WbAX9U3c-nLdy2J3vEMuQR__9RLbNP4bf98-ohmv9emRuYlEgaH1W6EcHB8HNCV8rpqPbLZgKelHiN5Jqpkkd42tJhfbrSWCz-jOZI3vWZkJRLiqK2nj6nmN4wKyxgN4dOTh1-bUHkRmHL3_Y2\/s1600\/WhatsApp%20Image%202022-11-30%20at%205.38.18%20AM%20(2).jpeg\"><img loading=\"lazy\" decoding=\"async\" src=\"https:\/\/blogger.googleusercontent.com\/img\/b\/R29vZ2xl\/AVvXsEhErOYneMN400NHXkBZK6f7Gq_F2oN6X6nso0XIW_WbAX9U3c-nLdy2J3vEMuQR__9RLbNP4bf98-ohmv9emRuYlEgaH1W6EcHB8HNCV8rpqPbLZgKelHiN5Jqpkkd42tJhfbrSWCz-jOZI3vWZkJRLiqK2nj6nmN4wKyxgN4dOTh1-bUHkRmHL3_Y2\/w640-h294\/WhatsApp%20Image%202022-11-30%20at%205.38.18%20AM%20(2).jpeg\" width=\"640\" height=\"294\" border=\"0\" data-original-height=\"737\" data-original-width=\"1600\" \/><\/a><\/div>\n<p>&nbsp;<\/p>\n<div class=\"separator\"><a href=\"https:\/\/blogger.googleusercontent.com\/img\/b\/R29vZ2xl\/AVvXsEi1xrm0SXGko8Vu5l0uoeW87zZasDRgqiEmSETuQBP9Fuysc1VWrHZKby9xonQteqAYTbNzK2fq4-v3l0qgLtCyFbkYEoXvhZ2cwcZsHJK6WgNBlA_tOOvtN8oFu34mTxnAfYUMYhDpUK136oAJq2Ai8WJBKCK2_uj7AxtMRfqyiMDL0MSIysv7Uo_X\/s1600\/WhatsApp%20Image%202022-11-30%20at%205.38.18%20AM%20(3).jpeg\"><img loading=\"lazy\" decoding=\"async\" src=\"https:\/\/blogger.googleusercontent.com\/img\/b\/R29vZ2xl\/AVvXsEi1xrm0SXGko8Vu5l0uoeW87zZasDRgqiEmSETuQBP9Fuysc1VWrHZKby9xonQteqAYTbNzK2fq4-v3l0qgLtCyFbkYEoXvhZ2cwcZsHJK6WgNBlA_tOOvtN8oFu34mTxnAfYUMYhDpUK136oAJq2Ai8WJBKCK2_uj7AxtMRfqyiMDL0MSIysv7Uo_X\/w294-h640\/WhatsApp%20Image%202022-11-30%20at%205.38.18%20AM%20(3).jpeg\" width=\"294\" height=\"640\" border=\"0\" data-original-height=\"1600\" data-original-width=\"737\" \/><\/a><\/div>\n<p>&nbsp;<\/p>\n<div class=\"separator\"><a href=\"https:\/\/blogger.googleusercontent.com\/img\/b\/R29vZ2xl\/AVvXsEgLCE-AhMA_bxee4vrgJnEoLZt0K2EWyq4Sx1p_r_UNDKksZg7FAhijZ5NYXfprYVRqBzipzbONS9uzk7nlC69F4hsaeWzl8Ut_lvACEkViQ8v0K7s_ivOqazrhMzaCPNcglEoBoCuT3x3xSbERvKOrymneXRBoMp4773qz5WulVEUetxNPCezNlJjR\/s1600\/WhatsApp%20Image%202022-11-30%20at%205.38.18%20AM.jpeg\"><img loading=\"lazy\" decoding=\"async\" src=\"https:\/\/blogger.googleusercontent.com\/img\/b\/R29vZ2xl\/AVvXsEgLCE-AhMA_bxee4vrgJnEoLZt0K2EWyq4Sx1p_r_UNDKksZg7FAhijZ5NYXfprYVRqBzipzbONS9uzk7nlC69F4hsaeWzl8Ut_lvACEkViQ8v0K7s_ivOqazrhMzaCPNcglEoBoCuT3x3xSbERvKOrymneXRBoMp4773qz5WulVEUetxNPCezNlJjR\/w480-h640\/WhatsApp%20Image%202022-11-30%20at%205.38.18%20AM.jpeg\" width=\"480\" height=\"640\" border=\"0\" data-original-height=\"1600\" data-original-width=\"1200\" \/><\/a><\/div>\n<p>&nbsp;<\/p>\n<div class=\"separator\"><a href=\"https:\/\/blogger.googleusercontent.com\/img\/b\/R29vZ2xl\/AVvXsEi4dTr_U56drhIRwXXiESrCOBXyUGbU4wbwzWP-d7piPKzpwe6I7ygiKcnXNdBS6EbAyro0CAyLQLTpBwXMFmUNabX9eAh1LM3uIfelD62p6lXIdwj-T5uvtIjHNBERW9IyJkr1O6tOJhVwOFgrW0cPAMbiyeO1XYux8r0e-h1Xwu0Dve4n7O61BXRP\/s1600\/WhatsApp%20Image%202022-11-30%20at%205.38.19%20AM%20(1).jpeg\"><img loading=\"lazy\" decoding=\"async\" src=\"https:\/\/blogger.googleusercontent.com\/img\/b\/R29vZ2xl\/AVvXsEi4dTr_U56drhIRwXXiESrCOBXyUGbU4wbwzWP-d7piPKzpwe6I7ygiKcnXNdBS6EbAyro0CAyLQLTpBwXMFmUNabX9eAh1LM3uIfelD62p6lXIdwj-T5uvtIjHNBERW9IyJkr1O6tOJhVwOFgrW0cPAMbiyeO1XYux8r0e-h1Xwu0Dve4n7O61BXRP\/w294-h640\/WhatsApp%20Image%202022-11-30%20at%205.38.19%20AM%20(1).jpeg\" width=\"294\" height=\"640\" border=\"0\" data-original-height=\"1600\" data-original-width=\"737\" \/><\/a><\/div>\n<p>&nbsp;<\/p>\n<div class=\"separator\"><a href=\"https:\/\/blogger.googleusercontent.com\/img\/b\/R29vZ2xl\/AVvXsEibJgzoWJrpUoqkknLjAwH8o38aZs70JrEwPp6GQMbp0OgkRAOzM7A5-K3pxkUcBF93Iy0KGwpfLV6dBX0lplVoPwB71JWmRy4MTKRaF7FPdd3HM29PJA-gxlja-rO7KlxMFuMOVlmaGhzvYpktYhksOmVsINSxPo6QnmZwCrK_5gHdA4m_et4Xamei\/s1600\/WhatsApp%20Image%202022-11-30%20at%205.38.19%20AM%20(2).jpeg\"><img loading=\"lazy\" decoding=\"async\" src=\"https:\/\/blogger.googleusercontent.com\/img\/b\/R29vZ2xl\/AVvXsEibJgzoWJrpUoqkknLjAwH8o38aZs70JrEwPp6GQMbp0OgkRAOzM7A5-K3pxkUcBF93Iy0KGwpfLV6dBX0lplVoPwB71JWmRy4MTKRaF7FPdd3HM29PJA-gxlja-rO7KlxMFuMOVlmaGhzvYpktYhksOmVsINSxPo6QnmZwCrK_5gHdA4m_et4Xamei\/w294-h640\/WhatsApp%20Image%202022-11-30%20at%205.38.19%20AM%20(2).jpeg\" width=\"294\" height=\"640\" border=\"0\" data-original-height=\"1600\" data-original-width=\"737\" \/><\/a><\/div>\n<p>&nbsp;<\/p>\n<div class=\"separator\"><a href=\"https:\/\/blogger.googleusercontent.com\/img\/b\/R29vZ2xl\/AVvXsEioz0lxj1lOgzR4ARuOeQSb3CuB7LSWE0y3t0hsyJpD9vVoOvmYZD-kfLzvOEguy1nZ6UdXx5O4tJh1QQlQw8lJVjyRqDFe57WW0zuLPeuDD4mdDcaYWLgRzZUFy6FQ9isn24jfsJ4lTIAkblxaZSeNegFBWsM3CaxqXpVFCq51LF-eZ3VVEdAXgz03\/s1600\/WhatsApp%20Image%202022-11-30%20at%205.38.19%20AM%20(3).jpeg\"><img loading=\"lazy\" decoding=\"async\" src=\"https:\/\/blogger.googleusercontent.com\/img\/b\/R29vZ2xl\/AVvXsEioz0lxj1lOgzR4ARuOeQSb3CuB7LSWE0y3t0hsyJpD9vVoOvmYZD-kfLzvOEguy1nZ6UdXx5O4tJh1QQlQw8lJVjyRqDFe57WW0zuLPeuDD4mdDcaYWLgRzZUFy6FQ9isn24jfsJ4lTIAkblxaZSeNegFBWsM3CaxqXpVFCq51LF-eZ3VVEdAXgz03\/w480-h640\/WhatsApp%20Image%202022-11-30%20at%205.38.19%20AM%20(3).jpeg\" width=\"480\" height=\"640\" border=\"0\" data-original-height=\"1600\" data-original-width=\"1200\" \/><\/a><\/div>\n<p>&nbsp;<\/p>\n<div class=\"separator\"><a href=\"https:\/\/blogger.googleusercontent.com\/img\/b\/R29vZ2xl\/AVvXsEhLDCMWyL4jnZGZBqWRc3PPLz-yoglKAwYYJOq0lhHwA5ydg5o-W1ySkHNqgjBOC6wifNK_kclzkkc9J3TN1sU0QWXxItV-3yEnD0BEWsU-CGS9EwIpUwoimzpBM3vnHxUAOvBMaFwOg-1XpBLVQoFQJ5ye_7SZ69c49PEXJ1VD-_KmwUh302rzmljd\/s1600\/WhatsApp%20Image%202022-11-30%20at%205.38.19%20AM.jpeg\"><img loading=\"lazy\" decoding=\"async\" src=\"https:\/\/blogger.googleusercontent.com\/img\/b\/R29vZ2xl\/AVvXsEhLDCMWyL4jnZGZBqWRc3PPLz-yoglKAwYYJOq0lhHwA5ydg5o-W1ySkHNqgjBOC6wifNK_kclzkkc9J3TN1sU0QWXxItV-3yEnD0BEWsU-CGS9EwIpUwoimzpBM3vnHxUAOvBMaFwOg-1XpBLVQoFQJ5ye_7SZ69c49PEXJ1VD-_KmwUh302rzmljd\/w294-h640\/WhatsApp%20Image%202022-11-30%20at%205.38.19%20AM.jpeg\" width=\"294\" height=\"640\" border=\"0\" data-original-height=\"1600\" data-original-width=\"737\" \/><\/a><\/div>\n<p>&nbsp;<\/p>\n<div class=\"separator\"><a href=\"https:\/\/blogger.googleusercontent.com\/img\/b\/R29vZ2xl\/AVvXsEiGwWbNseUnqwFJn73w68p7X_teBCIR5qIjMkQnMiRfHRFsjtM8yxtpaPQfZ4ms2NdhaKExaFKMkTya9kK7I1ZUxiEakISn5u7Dxc47vqHbzvvBYNaUsjVRd9emP1fUK_ny0sS3onPio_ncUGSBA1Z3reiXnyylnfZtAeXhpTW01c_hrFIMAlrCFF3A\/s1320\/WhatsApp%20Image%202022-11-30%20at%205.38.20%20AM%20(1).jpeg\"><img loading=\"lazy\" decoding=\"async\" src=\"https:\/\/blogger.googleusercontent.com\/img\/b\/R29vZ2xl\/AVvXsEiGwWbNseUnqwFJn73w68p7X_teBCIR5qIjMkQnMiRfHRFsjtM8yxtpaPQfZ4ms2NdhaKExaFKMkTya9kK7I1ZUxiEakISn5u7Dxc47vqHbzvvBYNaUsjVRd9emP1fUK_ny0sS3onPio_ncUGSBA1Z3reiXnyylnfZtAeXhpTW01c_hrFIMAlrCFF3A\/w480-h640\/WhatsApp%20Image%202022-11-30%20at%205.38.20%20AM%20(1).jpeg\" width=\"480\" height=\"640\" border=\"0\" data-original-height=\"1320\" data-original-width=\"990\" \/><\/a><\/div>\n<p>&nbsp;<\/p>\n<div class=\"separator\"><a href=\"https:\/\/blogger.googleusercontent.com\/img\/b\/R29vZ2xl\/AVvXsEhEMvq07Q3XWYw_BkgmkgY4iGNHiYzv-lUdYshxl_yPkq-L-nQH2nBuMFhYBO_A3Oy9vt69ANrgJECQB1438P_dLuC3HU4BGDcNP7nsPEhNXlVvezHRyLp5GZj2V3rUuZZ0ZUmH8LhHzzUOFjmlk2UTzf5vvucQ_rGS3jxrV5W0pDTA-iHPiKaVjxAp\/s1600\/WhatsApp%20Image%202022-11-30%20at%205.38.20%20AM.jpeg\"><img loading=\"lazy\" decoding=\"async\" src=\"https:\/\/blogger.googleusercontent.com\/img\/b\/R29vZ2xl\/AVvXsEhEMvq07Q3XWYw_BkgmkgY4iGNHiYzv-lUdYshxl_yPkq-L-nQH2nBuMFhYBO_A3Oy9vt69ANrgJECQB1438P_dLuC3HU4BGDcNP7nsPEhNXlVvezHRyLp5GZj2V3rUuZZ0ZUmH8LhHzzUOFjmlk2UTzf5vvucQ_rGS3jxrV5W0pDTA-iHPiKaVjxAp\/w294-h640\/WhatsApp%20Image%202022-11-30%20at%205.38.20%20AM.jpeg\" width=\"294\" height=\"640\" border=\"0\" data-original-height=\"1600\" data-original-width=\"737\" \/><\/a><\/div>\n<p><strong>Noticias em Destaque<\/strong><\/p>\n<p style=\"text-align: right;\"><em>Fonte: Ascom\/De Olho no Cariri<\/em><\/p>\n","protected":false},"excerpt":{"rendered":"<p>Na \u00faltima sexta-feira (25), o munic\u00edpio de Monteiro foi palco do primeiro f\u00f3rum regional de pol\u00edticas p\u00fablicas de empreendedorismo voltado para \u00e0s mulheres do cariri.\u00a0 O evento contou com diversas lideran\u00e7as empreendedoras a exemplo da prefeita Anna Lorena anfitri\u00e3 do evento, que falou sobre a import\u00e2ncia da Rede Delas para o empreendedorismo feminino no cariri e, \u00e9 uma das idealizadoras da rede, Madalena Arruda gestora da ag\u00eancia regional do Sebrae, Maria Em\u00edlia Medeiros bacharel em direito, secret\u00e1ria de planejamento e gest\u00e3o do munic\u00edpio de S\u00e3o Jo\u00e3o do Tigre, CEO da Medeiros Consultoria e Gest\u00e3o e articuladora da Rede Delas no Cariri e, Ang\u00e9lica Costa, economista, embaixadora da RME na Para\u00edba, idealizadora da Revista Identifica\u00e7\u00e3o, multiplicadora e mentora do IRME em projetos sociais, l\u00edder do comit\u00ea de empreendedorismo do Grupo Mulheres do Brasil n\u00facleo Jo\u00e3o Pessoa.\u00a0\u00a0 A secret\u00e1ria Cleide N\u00f3brega se fez presente representando o munic\u00edpio de Amparo e por ser destaque na formata\u00e7\u00e3o e desenvolvimento da pol\u00edtica p\u00fablica de empoderamento feminino no munic\u00edpio atrav\u00e9s do Empreendedorismo.\u00a0 &nbsp; &nbsp; &nbsp; &nbsp; &nbsp; &nbsp; &nbsp; &nbsp; &nbsp; &nbsp; &nbsp; &nbsp; &nbsp; &nbsp; &nbsp; &nbsp; &nbsp; &nbsp; &nbsp; Noticias em Destaque Fonte: Ascom\/De Olho no Cariri<\/p>\n","protected":false},"author":2,"featured_media":44437,"comment_status":"closed","ping_status":"open","sticky":false,"template":"","format":"standard","meta":{"_eb_attr":"","_jetpack_memberships_contains_paid_content":false,"footnotes":""},"categories":[3],"tags":[],"class_list":["post-44436","post","type-post","status-publish","format-standard","has-post-thumbnail","hentry","category-cidades"],"yoast_head":"<!-- This site is optimized with the Yoast SEO plugin v26.5 - https:\/\/yoast.com\/wordpress\/plugins\/seo\/ -->\n<title>Secret\u00e1ria de Assist\u00eancia Social de Amparo participou do 1\u00b0 F\u00f3rum &quot;Caiu na Rede \u00e9 Mulher Empreendedora&quot; em Monteiro - Not&iacute;cias em Destaque<\/title>\n<meta name=\"robots\" content=\"index, follow, max-snippet:-1, max-image-preview:large, max-video-preview:-1\" \/>\n<link rel=\"canonical\" href=\"https:\/\/noticiasemdestaque.com\/cd\/?p=44436\" \/>\n<meta property=\"og:locale\" content=\"pt_BR\" \/>\n<meta property=\"og:type\" content=\"article\" \/>\n<meta property=\"og:title\" content=\"Secret\u00e1ria de Assist\u00eancia Social de Amparo participou do 1\u00b0 F\u00f3rum &quot;Caiu na Rede \u00e9 Mulher Empreendedora&quot; em Monteiro - Not&iacute;cias em Destaque\" \/>\n<meta property=\"og:description\" content=\"Na \u00faltima sexta-feira (25), o munic\u00edpio de Monteiro foi palco do primeiro f\u00f3rum regional de pol\u00edticas p\u00fablicas de empreendedorismo voltado para \u00e0s mulheres do cariri.\u00a0 O evento contou com diversas lideran\u00e7as empreendedoras a exemplo da prefeita Anna Lorena anfitri\u00e3 do evento, que falou sobre a import\u00e2ncia da Rede Delas para o empreendedorismo feminino no cariri e, \u00e9 uma das idealizadoras da rede, Madalena Arruda gestora da ag\u00eancia regional do Sebrae, Maria Em\u00edlia Medeiros bacharel em direito, secret\u00e1ria de planejamento e gest\u00e3o do munic\u00edpio de S\u00e3o Jo\u00e3o do Tigre, CEO da Medeiros Consultoria e Gest\u00e3o e articuladora da Rede Delas no Cariri e, Ang\u00e9lica Costa, economista, embaixadora da RME na Para\u00edba, idealizadora da Revista Identifica\u00e7\u00e3o, multiplicadora e mentora do IRME em projetos sociais, l\u00edder do comit\u00ea de empreendedorismo do Grupo Mulheres do Brasil n\u00facleo Jo\u00e3o Pessoa.\u00a0\u00a0 A secret\u00e1ria Cleide N\u00f3brega se fez presente representando o munic\u00edpio de Amparo e por ser destaque na formata\u00e7\u00e3o e desenvolvimento da pol\u00edtica p\u00fablica de empoderamento feminino no munic\u00edpio atrav\u00e9s do Empreendedorismo.\u00a0 &nbsp; &nbsp; &nbsp; &nbsp; &nbsp; &nbsp; &nbsp; &nbsp; &nbsp; &nbsp; &nbsp; &nbsp; &nbsp; &nbsp; &nbsp; &nbsp; &nbsp; &nbsp; &nbsp; Noticias em Destaque Fonte: Ascom\/De Olho no Cariri\" \/>\n<meta property=\"og:url\" content=\"https:\/\/noticiasemdestaque.com\/cd\/?p=44436\" \/>\n<meta property=\"og:site_name\" content=\"Not&iacute;cias em Destaque\" \/>\n<meta property=\"article:published_time\" content=\"2022-12-01T12:50:41+00:00\" \/>\n<meta property=\"og:image\" content=\"https:\/\/noticiasemdestaque.com\/cd\/wp-content\/uploads\/2022\/12\/WhatsApp-Image-2022-11-30-at-5.38.17-AM-2.jpeg\" \/>\n\t<meta property=\"og:image:width\" content=\"640\" \/>\n\t<meta property=\"og:image:height\" content=\"480\" \/>\n\t<meta property=\"og:image:type\" content=\"image\/jpeg\" \/>\n<meta name=\"author\" content=\"Not\u00edcias em Destaque\" \/>\n<meta name=\"twitter:card\" content=\"summary_large_image\" \/>\n<meta name=\"twitter:label1\" content=\"Escrito por\" \/>\n\t<meta name=\"twitter:data1\" content=\"Not\u00edcias em Destaque\" \/>\n\t<meta name=\"twitter:label2\" content=\"Est. tempo de leitura\" \/>\n\t<meta name=\"twitter:data2\" content=\"5 minutos\" \/>\n<script type=\"application\/ld+json\" class=\"yoast-schema-graph\">{\"@context\":\"https:\/\/schema.org\",\"@graph\":[{\"@type\":\"Article\",\"@id\":\"https:\/\/noticiasemdestaque.com\/cd\/?p=44436#article\",\"isPartOf\":{\"@id\":\"https:\/\/noticiasemdestaque.com\/cd\/?p=44436\"},\"author\":{\"name\":\"Not\u00edcias em Destaque\",\"@id\":\"https:\/\/noticiasemdestaque.com\/cd\/#\/schema\/person\/47f7d4f55eec17c6b2ca036c5500f6ce\"},\"headline\":\"Secret\u00e1ria de Assist\u00eancia Social de Amparo participou do 1\u00b0 F\u00f3rum &#8220;Caiu na Rede \u00e9 Mulher Empreendedora&#8221; em Monteiro\",\"datePublished\":\"2022-12-01T12:50:41+00:00\",\"mainEntityOfPage\":{\"@id\":\"https:\/\/noticiasemdestaque.com\/cd\/?p=44436\"},\"wordCount\":239,\"publisher\":{\"@id\":\"https:\/\/noticiasemdestaque.com\/cd\/#organization\"},\"image\":{\"@id\":\"https:\/\/noticiasemdestaque.com\/cd\/?p=44436#primaryimage\"},\"thumbnailUrl\":\"https:\/\/noticiasemdestaque.com\/cd\/wp-content\/uploads\/2022\/12\/WhatsApp-Image-2022-11-30-at-5.38.17-AM-2.jpeg\",\"articleSection\":[\"Cidades\"],\"inLanguage\":\"pt-BR\"},{\"@type\":\"WebPage\",\"@id\":\"https:\/\/noticiasemdestaque.com\/cd\/?p=44436\",\"url\":\"https:\/\/noticiasemdestaque.com\/cd\/?p=44436\",\"name\":\"Secret\u00e1ria de Assist\u00eancia Social de Amparo participou do 1\u00b0 F\u00f3rum \\\"Caiu na Rede \u00e9 Mulher Empreendedora\\\" em Monteiro - Not&iacute;cias em Destaque\",\"isPartOf\":{\"@id\":\"https:\/\/noticiasemdestaque.com\/cd\/#website\"},\"primaryImageOfPage\":{\"@id\":\"https:\/\/noticiasemdestaque.com\/cd\/?p=44436#primaryimage\"},\"image\":{\"@id\":\"https:\/\/noticiasemdestaque.com\/cd\/?p=44436#primaryimage\"},\"thumbnailUrl\":\"https:\/\/noticiasemdestaque.com\/cd\/wp-content\/uploads\/2022\/12\/WhatsApp-Image-2022-11-30-at-5.38.17-AM-2.jpeg\",\"datePublished\":\"2022-12-01T12:50:41+00:00\",\"breadcrumb\":{\"@id\":\"https:\/\/noticiasemdestaque.com\/cd\/?p=44436#breadcrumb\"},\"inLanguage\":\"pt-BR\",\"potentialAction\":[{\"@type\":\"ReadAction\",\"target\":[\"https:\/\/noticiasemdestaque.com\/cd\/?p=44436\"]}]},{\"@type\":\"ImageObject\",\"inLanguage\":\"pt-BR\",\"@id\":\"https:\/\/noticiasemdestaque.com\/cd\/?p=44436#primaryimage\",\"url\":\"https:\/\/noticiasemdestaque.com\/cd\/wp-content\/uploads\/2022\/12\/WhatsApp-Image-2022-11-30-at-5.38.17-AM-2.jpeg\",\"contentUrl\":\"https:\/\/noticiasemdestaque.com\/cd\/wp-content\/uploads\/2022\/12\/WhatsApp-Image-2022-11-30-at-5.38.17-AM-2.jpeg\",\"width\":640,\"height\":480},{\"@type\":\"BreadcrumbList\",\"@id\":\"https:\/\/noticiasemdestaque.com\/cd\/?p=44436#breadcrumb\",\"itemListElement\":[{\"@type\":\"ListItem\",\"position\":1,\"name\":\"In\u00edcio\",\"item\":\"https:\/\/noticiasemdestaque.com\/cd\/\"},{\"@type\":\"ListItem\",\"position\":2,\"name\":\"Secret\u00e1ria de Assist\u00eancia Social de Amparo participou do 1\u00b0 F\u00f3rum &#8220;Caiu na Rede \u00e9 Mulher Empreendedora&#8221; em Monteiro\"}]},{\"@type\":\"WebSite\",\"@id\":\"https:\/\/noticiasemdestaque.com\/cd\/#website\",\"url\":\"https:\/\/noticiasemdestaque.com\/cd\/\",\"name\":\"Not&iacute;cias em Destaque\",\"description\":\"\",\"publisher\":{\"@id\":\"https:\/\/noticiasemdestaque.com\/cd\/#organization\"},\"potentialAction\":[{\"@type\":\"SearchAction\",\"target\":{\"@type\":\"EntryPoint\",\"urlTemplate\":\"https:\/\/noticiasemdestaque.com\/cd\/?s={search_term_string}\"},\"query-input\":{\"@type\":\"PropertyValueSpecification\",\"valueRequired\":true,\"valueName\":\"search_term_string\"}}],\"inLanguage\":\"pt-BR\"},{\"@type\":\"Organization\",\"@id\":\"https:\/\/noticiasemdestaque.com\/cd\/#organization\",\"name\":\"Not\u00edcias em Destaque\",\"url\":\"https:\/\/noticiasemdestaque.com\/cd\/\",\"logo\":{\"@type\":\"ImageObject\",\"inLanguage\":\"pt-BR\",\"@id\":\"https:\/\/noticiasemdestaque.com\/cd\/#\/schema\/logo\/image\/\",\"url\":\"https:\/\/noticiasemdestaque.com\/cd\/wp-content\/uploads\/2022\/05\/imagem-base-noticiasemdestaque.png\",\"contentUrl\":\"https:\/\/noticiasemdestaque.com\/cd\/wp-content\/uploads\/2022\/05\/imagem-base-noticiasemdestaque.png\",\"width\":1200,\"height\":630,\"caption\":\"Not\u00edcias em Destaque\"},\"image\":{\"@id\":\"https:\/\/noticiasemdestaque.com\/cd\/#\/schema\/logo\/image\/\"}},{\"@type\":\"Person\",\"@id\":\"https:\/\/noticiasemdestaque.com\/cd\/#\/schema\/person\/47f7d4f55eec17c6b2ca036c5500f6ce\",\"name\":\"Not\u00edcias em Destaque\",\"url\":\"https:\/\/noticiasemdestaque.com\/cd\/?author=2\"}]}<\/script>\n<!-- \/ Yoast SEO plugin. -->","yoast_head_json":{"title":"Secret\u00e1ria de Assist\u00eancia Social de Amparo participou do 1\u00b0 F\u00f3rum \"Caiu na Rede \u00e9 Mulher Empreendedora\" em Monteiro - Not&iacute;cias em Destaque","robots":{"index":"index","follow":"follow","max-snippet":"max-snippet:-1","max-image-preview":"max-image-preview:large","max-video-preview":"max-video-preview:-1"},"canonical":"https:\/\/noticiasemdestaque.com\/cd\/?p=44436","og_locale":"pt_BR","og_type":"article","og_title":"Secret\u00e1ria de Assist\u00eancia Social de Amparo participou do 1\u00b0 F\u00f3rum \"Caiu na Rede \u00e9 Mulher Empreendedora\" em Monteiro - Not&iacute;cias em Destaque","og_description":"Na \u00faltima sexta-feira (25), o munic\u00edpio de Monteiro foi palco do primeiro f\u00f3rum regional de pol\u00edticas p\u00fablicas de empreendedorismo voltado para \u00e0s mulheres do cariri.\u00a0 O evento contou com diversas lideran\u00e7as empreendedoras a exemplo da prefeita Anna Lorena anfitri\u00e3 do evento, que falou sobre a import\u00e2ncia da Rede Delas para o empreendedorismo feminino no cariri e, \u00e9 uma das idealizadoras da rede, Madalena Arruda gestora da ag\u00eancia regional do Sebrae, Maria Em\u00edlia Medeiros bacharel em direito, secret\u00e1ria de planejamento e gest\u00e3o do munic\u00edpio de S\u00e3o Jo\u00e3o do Tigre, CEO da Medeiros Consultoria e Gest\u00e3o e articuladora da Rede Delas no Cariri e, Ang\u00e9lica Costa, economista, embaixadora da RME na Para\u00edba, idealizadora da Revista Identifica\u00e7\u00e3o, multiplicadora e mentora do IRME em projetos sociais, l\u00edder do comit\u00ea de empreendedorismo do Grupo Mulheres do Brasil n\u00facleo Jo\u00e3o Pessoa.\u00a0\u00a0 A secret\u00e1ria Cleide N\u00f3brega se fez presente representando o munic\u00edpio de Amparo e por ser destaque na formata\u00e7\u00e3o e desenvolvimento da pol\u00edtica p\u00fablica de empoderamento feminino no munic\u00edpio atrav\u00e9s do Empreendedorismo.\u00a0 &nbsp; &nbsp; &nbsp; &nbsp; &nbsp; &nbsp; &nbsp; &nbsp; &nbsp; &nbsp; &nbsp; &nbsp; &nbsp; &nbsp; &nbsp; &nbsp; &nbsp; &nbsp; &nbsp; Noticias em Destaque Fonte: Ascom\/De Olho no Cariri","og_url":"https:\/\/noticiasemdestaque.com\/cd\/?p=44436","og_site_name":"Not&iacute;cias em Destaque","article_published_time":"2022-12-01T12:50:41+00:00","og_image":[{"width":640,"height":480,"url":"https:\/\/noticiasemdestaque.com\/cd\/wp-content\/uploads\/2022\/12\/WhatsApp-Image-2022-11-30-at-5.38.17-AM-2.jpeg","type":"image\/jpeg"}],"author":"Not\u00edcias em Destaque","twitter_card":"summary_large_image","twitter_misc":{"Escrito por":"Not\u00edcias em Destaque","Est. tempo de leitura":"5 minutos"},"schema":{"@context":"https:\/\/schema.org","@graph":[{"@type":"Article","@id":"https:\/\/noticiasemdestaque.com\/cd\/?p=44436#article","isPartOf":{"@id":"https:\/\/noticiasemdestaque.com\/cd\/?p=44436"},"author":{"name":"Not\u00edcias em Destaque","@id":"https:\/\/noticiasemdestaque.com\/cd\/#\/schema\/person\/47f7d4f55eec17c6b2ca036c5500f6ce"},"headline":"Secret\u00e1ria de Assist\u00eancia Social de Amparo participou do 1\u00b0 F\u00f3rum &#8220;Caiu na Rede \u00e9 Mulher Empreendedora&#8221; em Monteiro","datePublished":"2022-12-01T12:50:41+00:00","mainEntityOfPage":{"@id":"https:\/\/noticiasemdestaque.com\/cd\/?p=44436"},"wordCount":239,"publisher":{"@id":"https:\/\/noticiasemdestaque.com\/cd\/#organization"},"image":{"@id":"https:\/\/noticiasemdestaque.com\/cd\/?p=44436#primaryimage"},"thumbnailUrl":"https:\/\/noticiasemdestaque.com\/cd\/wp-content\/uploads\/2022\/12\/WhatsApp-Image-2022-11-30-at-5.38.17-AM-2.jpeg","articleSection":["Cidades"],"inLanguage":"pt-BR"},{"@type":"WebPage","@id":"https:\/\/noticiasemdestaque.com\/cd\/?p=44436","url":"https:\/\/noticiasemdestaque.com\/cd\/?p=44436","name":"Secret\u00e1ria de Assist\u00eancia Social de Amparo participou do 1\u00b0 F\u00f3rum \"Caiu na Rede \u00e9 Mulher Empreendedora\" em Monteiro - Not&iacute;cias em Destaque","isPartOf":{"@id":"https:\/\/noticiasemdestaque.com\/cd\/#website"},"primaryImageOfPage":{"@id":"https:\/\/noticiasemdestaque.com\/cd\/?p=44436#primaryimage"},"image":{"@id":"https:\/\/noticiasemdestaque.com\/cd\/?p=44436#primaryimage"},"thumbnailUrl":"https:\/\/noticiasemdestaque.com\/cd\/wp-content\/uploads\/2022\/12\/WhatsApp-Image-2022-11-30-at-5.38.17-AM-2.jpeg","datePublished":"2022-12-01T12:50:41+00:00","breadcrumb":{"@id":"https:\/\/noticiasemdestaque.com\/cd\/?p=44436#breadcrumb"},"inLanguage":"pt-BR","potentialAction":[{"@type":"ReadAction","target":["https:\/\/noticiasemdestaque.com\/cd\/?p=44436"]}]},{"@type":"ImageObject","inLanguage":"pt-BR","@id":"https:\/\/noticiasemdestaque.com\/cd\/?p=44436#primaryimage","url":"https:\/\/noticiasemdestaque.com\/cd\/wp-content\/uploads\/2022\/12\/WhatsApp-Image-2022-11-30-at-5.38.17-AM-2.jpeg","contentUrl":"https:\/\/noticiasemdestaque.com\/cd\/wp-content\/uploads\/2022\/12\/WhatsApp-Image-2022-11-30-at-5.38.17-AM-2.jpeg","width":640,"height":480},{"@type":"BreadcrumbList","@id":"https:\/\/noticiasemdestaque.com\/cd\/?p=44436#breadcrumb","itemListElement":[{"@type":"ListItem","position":1,"name":"In\u00edcio","item":"https:\/\/noticiasemdestaque.com\/cd\/"},{"@type":"ListItem","position":2,"name":"Secret\u00e1ria de Assist\u00eancia Social de Amparo participou do 1\u00b0 F\u00f3rum &#8220;Caiu na Rede \u00e9 Mulher Empreendedora&#8221; em Monteiro"}]},{"@type":"WebSite","@id":"https:\/\/noticiasemdestaque.com\/cd\/#website","url":"https:\/\/noticiasemdestaque.com\/cd\/","name":"Not&iacute;cias em Destaque","description":"","publisher":{"@id":"https:\/\/noticiasemdestaque.com\/cd\/#organization"},"potentialAction":[{"@type":"SearchAction","target":{"@type":"EntryPoint","urlTemplate":"https:\/\/noticiasemdestaque.com\/cd\/?s={search_term_string}"},"query-input":{"@type":"PropertyValueSpecification","valueRequired":true,"valueName":"search_term_string"}}],"inLanguage":"pt-BR"},{"@type":"Organization","@id":"https:\/\/noticiasemdestaque.com\/cd\/#organization","name":"Not\u00edcias em Destaque","url":"https:\/\/noticiasemdestaque.com\/cd\/","logo":{"@type":"ImageObject","inLanguage":"pt-BR","@id":"https:\/\/noticiasemdestaque.com\/cd\/#\/schema\/logo\/image\/","url":"https:\/\/noticiasemdestaque.com\/cd\/wp-content\/uploads\/2022\/05\/imagem-base-noticiasemdestaque.png","contentUrl":"https:\/\/noticiasemdestaque.com\/cd\/wp-content\/uploads\/2022\/05\/imagem-base-noticiasemdestaque.png","width":1200,"height":630,"caption":"Not\u00edcias em Destaque"},"image":{"@id":"https:\/\/noticiasemdestaque.com\/cd\/#\/schema\/logo\/image\/"}},{"@type":"Person","@id":"https:\/\/noticiasemdestaque.com\/cd\/#\/schema\/person\/47f7d4f55eec17c6b2ca036c5500f6ce","name":"Not\u00edcias em Destaque","url":"https:\/\/noticiasemdestaque.com\/cd\/?author=2"}]}},"jetpack_featured_media_url":"https:\/\/noticiasemdestaque.com\/cd\/wp-content\/uploads\/2022\/12\/WhatsApp-Image-2022-11-30-at-5.38.17-AM-2.jpeg","jetpack_sharing_enabled":true,"_links":{"self":[{"href":"https:\/\/noticiasemdestaque.com\/cd\/index.php?rest_route=\/wp\/v2\/posts\/44436","targetHints":{"allow":["GET"]}}],"collection":[{"href":"https:\/\/noticiasemdestaque.com\/cd\/index.php?rest_route=\/wp\/v2\/posts"}],"about":[{"href":"https:\/\/noticiasemdestaque.com\/cd\/index.php?rest_route=\/wp\/v2\/types\/post"}],"author":[{"embeddable":true,"href":"https:\/\/noticiasemdestaque.com\/cd\/index.php?rest_route=\/wp\/v2\/users\/2"}],"replies":[{"embeddable":true,"href":"https:\/\/noticiasemdestaque.com\/cd\/index.php?rest_route=%2Fwp%2Fv2%2Fcomments&post=44436"}],"version-history":[{"count":1,"href":"https:\/\/noticiasemdestaque.com\/cd\/index.php?rest_route=\/wp\/v2\/posts\/44436\/revisions"}],"predecessor-version":[{"id":44438,"href":"https:\/\/noticiasemdestaque.com\/cd\/index.php?rest_route=\/wp\/v2\/posts\/44436\/revisions\/44438"}],"wp:featuredmedia":[{"embeddable":true,"href":"https:\/\/noticiasemdestaque.com\/cd\/index.php?rest_route=\/wp\/v2\/media\/44437"}],"wp:attachment":[{"href":"https:\/\/noticiasemdestaque.com\/cd\/index.php?rest_route=%2Fwp%2Fv2%2Fmedia&parent=44436"}],"wp:term":[{"taxonomy":"category","embeddable":true,"href":"https:\/\/noticiasemdestaque.com\/cd\/index.php?rest_route=%2Fwp%2Fv2%2Fcategories&post=44436"},{"taxonomy":"post_tag","embeddable":true,"href":"https:\/\/noticiasemdestaque.com\/cd\/index.php?rest_route=%2Fwp%2Fv2%2Ftags&post=44436"}],"curies":[{"name":"wp","href":"https:\/\/api.w.org\/{rel}","templated":true}]}}