{"id":44433,"date":"2022-12-01T09:45:02","date_gmt":"2022-12-01T12:45:02","guid":{"rendered":"https:\/\/noticiasemdestaque.com\/cd\/?p=44433"},"modified":"2022-12-01T09:45:02","modified_gmt":"2022-12-01T12:45:02","slug":"secretaria-de-saude-de-ouro-velho-realiza-dia-d-em-alusao-ao-novembro-azul","status":"publish","type":"post","link":"https:\/\/noticiasemdestaque.com\/cd\/?p=44433","title":{"rendered":"Secretaria de Sa\u00fade de Ouro Velho realiza Dia D em alus\u00e3o ao Novembro Azul"},"content":{"rendered":"<p><a href=\"https:\/\/noticiasemdestaque.com\/cd\/wp-content\/uploads\/2022\/12\/317411061_675615654128.jpg\"><img fetchpriority=\"high\" decoding=\"async\" class=\"wp-image-44434 aligncenter\" src=\"https:\/\/noticiasemdestaque.com\/cd\/wp-content\/uploads\/2022\/12\/317411061_675615654128-300x243.jpg\" alt=\"\" width=\"499\" height=\"404\" srcset=\"https:\/\/noticiasemdestaque.com\/cd\/wp-content\/uploads\/2022\/12\/317411061_675615654128-300x243.jpg 300w, https:\/\/noticiasemdestaque.com\/cd\/wp-content\/uploads\/2022\/12\/317411061_675615654128-15x12.jpg 15w, https:\/\/noticiasemdestaque.com\/cd\/wp-content\/uploads\/2022\/12\/317411061_675615654128.jpg 639w\" sizes=\"(max-width: 499px) 100vw, 499px\" \/><\/a><\/p>\n<p><span data-contrast=\"auto\">A prefeitura de Ouro Velho atrav\u00e9s da Secretaria de Sa\u00fade realizou ter\u00e7a-feira (29) de novembro o dia \u201cD\u201d do novembro azul com grande sucesso no evento, ultrapassando as expectativas.<\/span><span data-ccp-props=\"{&quot;201341983&quot;:0,&quot;335559739&quot;:160,&quot;335559740&quot;:259}\">\u00a0<\/span><\/p>\n<p><span data-contrast=\"auto\">Foram realizados palestras e exames em aproximadamente 300 homens. Neste m\u00eas \u00e9 realizado o novembro azul, dedicado ao c\u00e2ncer de pr\u00f3stata.<\/span><span data-ccp-props=\"{&quot;201341983&quot;:0,&quot;335559739&quot;:160,&quot;335559740&quot;:259}\">\u00a0<\/span><span data-ccp-props=\"{&quot;201341983&quot;:0,&quot;335559739&quot;:160,&quot;335559740&quot;:259}\">\u00a0<\/span><\/p>\n<p><span data-contrast=\"auto\">Presentes no evento, o prefeito Dr Augusto Valadares, o m\u00e9dico e coordenador de Administra\u00e7\u00e3o Dr J\u00fanior, a secret\u00e1ria de sa\u00fade Liudmila Nunes, secret\u00e1rios, funcion\u00e1rios da sa\u00fade e um grande p\u00fablico masculino.<\/span><span data-ccp-props=\"{&quot;201341983&quot;:0,&quot;335559739&quot;:160,&quot;335559740&quot;:259}\">\u00a0<\/span><\/p>\n<div class=\"separator\"><a href=\"https:\/\/blogger.googleusercontent.com\/img\/b\/R29vZ2xl\/AVvXsEinu_7T4xtV0eR-rUlfEKjzVa4kHCejsPY7RqH1hbOpM3mIC8BtjNpAav-YDK9VWF18-kUwjvqwwlMYB08rSylfmpVWYpT7eF37FeJHM_-V-SsZhWhbRl5dX-mZXaGIH0YmD9-SXbK9-Nmz8T44SQYeVbZK3mhBfXMUEkmGjE6HFSBYY3LobJDVZZIy\/s1280\/WhatsApp%20Image%202022-11-30%20at%201.46.22%20PM.jpeg\"><img decoding=\"async\" src=\"https:\/\/blogger.googleusercontent.com\/img\/b\/R29vZ2xl\/AVvXsEinu_7T4xtV0eR-rUlfEKjzVa4kHCejsPY7RqH1hbOpM3mIC8BtjNpAav-YDK9VWF18-kUwjvqwwlMYB08rSylfmpVWYpT7eF37FeJHM_-V-SsZhWhbRl5dX-mZXaGIH0YmD9-SXbK9-Nmz8T44SQYeVbZK3mhBfXMUEkmGjE6HFSBYY3LobJDVZZIy\/w640-h480\/WhatsApp%20Image%202022-11-30%20at%201.46.22%20PM.jpeg\" width=\"640\" height=\"480\" border=\"0\" data-original-height=\"960\" data-original-width=\"1280\" \/><\/a><\/div>\n<div><\/div>\n<div class=\"separator\"><a href=\"https:\/\/blogger.googleusercontent.com\/img\/b\/R29vZ2xl\/AVvXsEgJGrpXMfa-liY_aBGgfgF2UeLZaN4c-YiZNaW0bEcRitVGwNEA_5xs6BJscLm-VIGeh_mjeMGSFSbw9dkb0bfBgS6txclDBi-UR4DwUk0cOd_udy9BHiLN_-0FpBAr6hz-D1__XBMUSs3UhByMEEq7wk9hajM8wmm-H4xJpq-bR-KgwxJVJMwhFSL0\/s1280\/WhatsApp%20Image%202022-11-30%20at%201.46.26%20PM.jpeg\"><img decoding=\"async\" src=\"https:\/\/blogger.googleusercontent.com\/img\/b\/R29vZ2xl\/AVvXsEgJGrpXMfa-liY_aBGgfgF2UeLZaN4c-YiZNaW0bEcRitVGwNEA_5xs6BJscLm-VIGeh_mjeMGSFSbw9dkb0bfBgS6txclDBi-UR4DwUk0cOd_udy9BHiLN_-0FpBAr6hz-D1__XBMUSs3UhByMEEq7wk9hajM8wmm-H4xJpq-bR-KgwxJVJMwhFSL0\/w640-h480\/WhatsApp%20Image%202022-11-30%20at%201.46.26%20PM.jpeg\" width=\"640\" height=\"480\" border=\"0\" data-original-height=\"960\" data-original-width=\"1280\" \/><\/a><\/div>\n<p><strong>Noticias em Destaque<\/strong><\/p>\n<p style=\"text-align: right;\"><span data-contrast=\"auto\">Fonte: Amparo Ligado com Blog Poeta Texeirinha<\/span><span data-ccp-props=\"{&quot;201341983&quot;:0,&quot;335559739&quot;:160,&quot;335559740&quot;:259}\">\u00a0<\/span><\/p>\n","protected":false},"excerpt":{"rendered":"<p>A prefeitura de Ouro Velho atrav\u00e9s da Secretaria de Sa\u00fade realizou ter\u00e7a-feira (29) de novembro o dia \u201cD\u201d do novembro azul com grande sucesso no evento, ultrapassando as expectativas.\u00a0 Foram realizados palestras e exames em aproximadamente 300 homens. Neste m\u00eas \u00e9 realizado o novembro azul, dedicado ao c\u00e2ncer de pr\u00f3stata.\u00a0\u00a0 Presentes no evento, o prefeito Dr Augusto Valadares, o m\u00e9dico e coordenador de Administra\u00e7\u00e3o Dr J\u00fanior, a secret\u00e1ria de sa\u00fade Liudmila Nunes, secret\u00e1rios, funcion\u00e1rios da sa\u00fade e um grande p\u00fablico masculino.\u00a0 Noticias em Destaque Fonte: Amparo Ligado com Blog Poeta Texeirinha\u00a0<\/p>\n","protected":false},"author":2,"featured_media":44434,"comment_status":"closed","ping_status":"open","sticky":false,"template":"","format":"standard","meta":{"_eb_attr":"","_jetpack_memberships_contains_paid_content":false,"footnotes":""},"categories":[3],"tags":[],"class_list":["post-44433","post","type-post","status-publish","format-standard","has-post-thumbnail","hentry","category-cidades"],"yoast_head":"<!-- This site is optimized with the Yoast SEO plugin v26.5 - https:\/\/yoast.com\/wordpress\/plugins\/seo\/ -->\n<title>Secretaria de Sa\u00fade de Ouro Velho realiza Dia D em alus\u00e3o ao Novembro Azul - Not&iacute;cias em Destaque<\/title>\n<meta name=\"robots\" content=\"index, follow, max-snippet:-1, max-image-preview:large, max-video-preview:-1\" \/>\n<link rel=\"canonical\" href=\"https:\/\/noticiasemdestaque.com\/cd\/?p=44433\" \/>\n<meta property=\"og:locale\" content=\"pt_BR\" \/>\n<meta property=\"og:type\" content=\"article\" \/>\n<meta property=\"og:title\" content=\"Secretaria de Sa\u00fade de Ouro Velho realiza Dia D em alus\u00e3o ao Novembro Azul - Not&iacute;cias em Destaque\" \/>\n<meta property=\"og:description\" content=\"A prefeitura de Ouro Velho atrav\u00e9s da Secretaria de Sa\u00fade realizou ter\u00e7a-feira (29) de novembro o dia \u201cD\u201d do novembro azul com grande sucesso no evento, ultrapassando as expectativas.\u00a0 Foram realizados palestras e exames em aproximadamente 300 homens. Neste m\u00eas \u00e9 realizado o novembro azul, dedicado ao c\u00e2ncer de pr\u00f3stata.\u00a0\u00a0 Presentes no evento, o prefeito Dr Augusto Valadares, o m\u00e9dico e coordenador de Administra\u00e7\u00e3o Dr J\u00fanior, a secret\u00e1ria de sa\u00fade Liudmila Nunes, secret\u00e1rios, funcion\u00e1rios da sa\u00fade e um grande p\u00fablico masculino.\u00a0 Noticias em Destaque Fonte: Amparo Ligado com Blog Poeta Texeirinha\u00a0\" \/>\n<meta property=\"og:url\" content=\"https:\/\/noticiasemdestaque.com\/cd\/?p=44433\" \/>\n<meta property=\"og:site_name\" content=\"Not&iacute;cias em Destaque\" \/>\n<meta property=\"article:published_time\" content=\"2022-12-01T12:45:02+00:00\" \/>\n<meta property=\"og:image\" content=\"https:\/\/noticiasemdestaque.com\/cd\/wp-content\/uploads\/2022\/12\/317411061_675615654128.jpg\" \/>\n\t<meta property=\"og:image:width\" content=\"639\" \/>\n\t<meta property=\"og:image:height\" content=\"518\" \/>\n\t<meta property=\"og:image:type\" content=\"image\/jpeg\" \/>\n<meta name=\"author\" content=\"Not\u00edcias em Destaque\" \/>\n<meta name=\"twitter:card\" content=\"summary_large_image\" \/>\n<meta name=\"twitter:label1\" content=\"Escrito por\" \/>\n\t<meta name=\"twitter:data1\" content=\"Not\u00edcias em Destaque\" \/>\n\t<meta name=\"twitter:label2\" content=\"Est. tempo de leitura\" \/>\n\t<meta name=\"twitter:data2\" content=\"2 minutos\" \/>\n<script type=\"application\/ld+json\" class=\"yoast-schema-graph\">{\"@context\":\"https:\/\/schema.org\",\"@graph\":[{\"@type\":\"Article\",\"@id\":\"https:\/\/noticiasemdestaque.com\/cd\/?p=44433#article\",\"isPartOf\":{\"@id\":\"https:\/\/noticiasemdestaque.com\/cd\/?p=44433\"},\"author\":{\"name\":\"Not\u00edcias em Destaque\",\"@id\":\"https:\/\/noticiasemdestaque.com\/cd\/#\/schema\/person\/47f7d4f55eec17c6b2ca036c5500f6ce\"},\"headline\":\"Secretaria de Sa\u00fade de Ouro Velho realiza Dia D em alus\u00e3o ao Novembro Azul\",\"datePublished\":\"2022-12-01T12:45:02+00:00\",\"mainEntityOfPage\":{\"@id\":\"https:\/\/noticiasemdestaque.com\/cd\/?p=44433\"},\"wordCount\":119,\"publisher\":{\"@id\":\"https:\/\/noticiasemdestaque.com\/cd\/#organization\"},\"image\":{\"@id\":\"https:\/\/noticiasemdestaque.com\/cd\/?p=44433#primaryimage\"},\"thumbnailUrl\":\"https:\/\/noticiasemdestaque.com\/cd\/wp-content\/uploads\/2022\/12\/317411061_675615654128.jpg\",\"articleSection\":[\"Cidades\"],\"inLanguage\":\"pt-BR\"},{\"@type\":\"WebPage\",\"@id\":\"https:\/\/noticiasemdestaque.com\/cd\/?p=44433\",\"url\":\"https:\/\/noticiasemdestaque.com\/cd\/?p=44433\",\"name\":\"Secretaria de Sa\u00fade de Ouro Velho realiza Dia D em alus\u00e3o ao Novembro Azul - Not&iacute;cias em Destaque\",\"isPartOf\":{\"@id\":\"https:\/\/noticiasemdestaque.com\/cd\/#website\"},\"primaryImageOfPage\":{\"@id\":\"https:\/\/noticiasemdestaque.com\/cd\/?p=44433#primaryimage\"},\"image\":{\"@id\":\"https:\/\/noticiasemdestaque.com\/cd\/?p=44433#primaryimage\"},\"thumbnailUrl\":\"https:\/\/noticiasemdestaque.com\/cd\/wp-content\/uploads\/2022\/12\/317411061_675615654128.jpg\",\"datePublished\":\"2022-12-01T12:45:02+00:00\",\"breadcrumb\":{\"@id\":\"https:\/\/noticiasemdestaque.com\/cd\/?p=44433#breadcrumb\"},\"inLanguage\":\"pt-BR\",\"potentialAction\":[{\"@type\":\"ReadAction\",\"target\":[\"https:\/\/noticiasemdestaque.com\/cd\/?p=44433\"]}]},{\"@type\":\"ImageObject\",\"inLanguage\":\"pt-BR\",\"@id\":\"https:\/\/noticiasemdestaque.com\/cd\/?p=44433#primaryimage\",\"url\":\"https:\/\/noticiasemdestaque.com\/cd\/wp-content\/uploads\/2022\/12\/317411061_675615654128.jpg\",\"contentUrl\":\"https:\/\/noticiasemdestaque.com\/cd\/wp-content\/uploads\/2022\/12\/317411061_675615654128.jpg\",\"width\":639,\"height\":518},{\"@type\":\"BreadcrumbList\",\"@id\":\"https:\/\/noticiasemdestaque.com\/cd\/?p=44433#breadcrumb\",\"itemListElement\":[{\"@type\":\"ListItem\",\"position\":1,\"name\":\"In\u00edcio\",\"item\":\"https:\/\/noticiasemdestaque.com\/cd\/\"},{\"@type\":\"ListItem\",\"position\":2,\"name\":\"Secretaria de Sa\u00fade de Ouro Velho realiza Dia D em alus\u00e3o ao Novembro Azul\"}]},{\"@type\":\"WebSite\",\"@id\":\"https:\/\/noticiasemdestaque.com\/cd\/#website\",\"url\":\"https:\/\/noticiasemdestaque.com\/cd\/\",\"name\":\"Not&iacute;cias em Destaque\",\"description\":\"\",\"publisher\":{\"@id\":\"https:\/\/noticiasemdestaque.com\/cd\/#organization\"},\"potentialAction\":[{\"@type\":\"SearchAction\",\"target\":{\"@type\":\"EntryPoint\",\"urlTemplate\":\"https:\/\/noticiasemdestaque.com\/cd\/?s={search_term_string}\"},\"query-input\":{\"@type\":\"PropertyValueSpecification\",\"valueRequired\":true,\"valueName\":\"search_term_string\"}}],\"inLanguage\":\"pt-BR\"},{\"@type\":\"Organization\",\"@id\":\"https:\/\/noticiasemdestaque.com\/cd\/#organization\",\"name\":\"Not\u00edcias em Destaque\",\"url\":\"https:\/\/noticiasemdestaque.com\/cd\/\",\"logo\":{\"@type\":\"ImageObject\",\"inLanguage\":\"pt-BR\",\"@id\":\"https:\/\/noticiasemdestaque.com\/cd\/#\/schema\/logo\/image\/\",\"url\":\"https:\/\/noticiasemdestaque.com\/cd\/wp-content\/uploads\/2022\/05\/imagem-base-noticiasemdestaque.png\",\"contentUrl\":\"https:\/\/noticiasemdestaque.com\/cd\/wp-content\/uploads\/2022\/05\/imagem-base-noticiasemdestaque.png\",\"width\":1200,\"height\":630,\"caption\":\"Not\u00edcias em Destaque\"},\"image\":{\"@id\":\"https:\/\/noticiasemdestaque.com\/cd\/#\/schema\/logo\/image\/\"}},{\"@type\":\"Person\",\"@id\":\"https:\/\/noticiasemdestaque.com\/cd\/#\/schema\/person\/47f7d4f55eec17c6b2ca036c5500f6ce\",\"name\":\"Not\u00edcias em Destaque\",\"url\":\"https:\/\/noticiasemdestaque.com\/cd\/?author=2\"}]}<\/script>\n<!-- \/ Yoast SEO plugin. -->","yoast_head_json":{"title":"Secretaria de Sa\u00fade de Ouro Velho realiza Dia D em alus\u00e3o ao Novembro Azul - Not&iacute;cias em Destaque","robots":{"index":"index","follow":"follow","max-snippet":"max-snippet:-1","max-image-preview":"max-image-preview:large","max-video-preview":"max-video-preview:-1"},"canonical":"https:\/\/noticiasemdestaque.com\/cd\/?p=44433","og_locale":"pt_BR","og_type":"article","og_title":"Secretaria de Sa\u00fade de Ouro Velho realiza Dia D em alus\u00e3o ao Novembro Azul - Not&iacute;cias em Destaque","og_description":"A prefeitura de Ouro Velho atrav\u00e9s da Secretaria de Sa\u00fade realizou ter\u00e7a-feira (29) de novembro o dia \u201cD\u201d do novembro azul com grande sucesso no evento, ultrapassando as expectativas.\u00a0 Foram realizados palestras e exames em aproximadamente 300 homens. Neste m\u00eas \u00e9 realizado o novembro azul, dedicado ao c\u00e2ncer de pr\u00f3stata.\u00a0\u00a0 Presentes no evento, o prefeito Dr Augusto Valadares, o m\u00e9dico e coordenador de Administra\u00e7\u00e3o Dr J\u00fanior, a secret\u00e1ria de sa\u00fade Liudmila Nunes, secret\u00e1rios, funcion\u00e1rios da sa\u00fade e um grande p\u00fablico masculino.\u00a0 Noticias em Destaque Fonte: Amparo Ligado com Blog Poeta Texeirinha\u00a0","og_url":"https:\/\/noticiasemdestaque.com\/cd\/?p=44433","og_site_name":"Not&iacute;cias em Destaque","article_published_time":"2022-12-01T12:45:02+00:00","og_image":[{"width":639,"height":518,"url":"https:\/\/noticiasemdestaque.com\/cd\/wp-content\/uploads\/2022\/12\/317411061_675615654128.jpg","type":"image\/jpeg"}],"author":"Not\u00edcias em Destaque","twitter_card":"summary_large_image","twitter_misc":{"Escrito por":"Not\u00edcias em Destaque","Est. tempo de leitura":"2 minutos"},"schema":{"@context":"https:\/\/schema.org","@graph":[{"@type":"Article","@id":"https:\/\/noticiasemdestaque.com\/cd\/?p=44433#article","isPartOf":{"@id":"https:\/\/noticiasemdestaque.com\/cd\/?p=44433"},"author":{"name":"Not\u00edcias em Destaque","@id":"https:\/\/noticiasemdestaque.com\/cd\/#\/schema\/person\/47f7d4f55eec17c6b2ca036c5500f6ce"},"headline":"Secretaria de Sa\u00fade de Ouro Velho realiza Dia D em alus\u00e3o ao Novembro Azul","datePublished":"2022-12-01T12:45:02+00:00","mainEntityOfPage":{"@id":"https:\/\/noticiasemdestaque.com\/cd\/?p=44433"},"wordCount":119,"publisher":{"@id":"https:\/\/noticiasemdestaque.com\/cd\/#organization"},"image":{"@id":"https:\/\/noticiasemdestaque.com\/cd\/?p=44433#primaryimage"},"thumbnailUrl":"https:\/\/noticiasemdestaque.com\/cd\/wp-content\/uploads\/2022\/12\/317411061_675615654128.jpg","articleSection":["Cidades"],"inLanguage":"pt-BR"},{"@type":"WebPage","@id":"https:\/\/noticiasemdestaque.com\/cd\/?p=44433","url":"https:\/\/noticiasemdestaque.com\/cd\/?p=44433","name":"Secretaria de Sa\u00fade de Ouro Velho realiza Dia D em alus\u00e3o ao Novembro Azul - Not&iacute;cias em Destaque","isPartOf":{"@id":"https:\/\/noticiasemdestaque.com\/cd\/#website"},"primaryImageOfPage":{"@id":"https:\/\/noticiasemdestaque.com\/cd\/?p=44433#primaryimage"},"image":{"@id":"https:\/\/noticiasemdestaque.com\/cd\/?p=44433#primaryimage"},"thumbnailUrl":"https:\/\/noticiasemdestaque.com\/cd\/wp-content\/uploads\/2022\/12\/317411061_675615654128.jpg","datePublished":"2022-12-01T12:45:02+00:00","breadcrumb":{"@id":"https:\/\/noticiasemdestaque.com\/cd\/?p=44433#breadcrumb"},"inLanguage":"pt-BR","potentialAction":[{"@type":"ReadAction","target":["https:\/\/noticiasemdestaque.com\/cd\/?p=44433"]}]},{"@type":"ImageObject","inLanguage":"pt-BR","@id":"https:\/\/noticiasemdestaque.com\/cd\/?p=44433#primaryimage","url":"https:\/\/noticiasemdestaque.com\/cd\/wp-content\/uploads\/2022\/12\/317411061_675615654128.jpg","contentUrl":"https:\/\/noticiasemdestaque.com\/cd\/wp-content\/uploads\/2022\/12\/317411061_675615654128.jpg","width":639,"height":518},{"@type":"BreadcrumbList","@id":"https:\/\/noticiasemdestaque.com\/cd\/?p=44433#breadcrumb","itemListElement":[{"@type":"ListItem","position":1,"name":"In\u00edcio","item":"https:\/\/noticiasemdestaque.com\/cd\/"},{"@type":"ListItem","position":2,"name":"Secretaria de Sa\u00fade de Ouro Velho realiza Dia D em alus\u00e3o ao Novembro Azul"}]},{"@type":"WebSite","@id":"https:\/\/noticiasemdestaque.com\/cd\/#website","url":"https:\/\/noticiasemdestaque.com\/cd\/","name":"Not&iacute;cias em Destaque","description":"","publisher":{"@id":"https:\/\/noticiasemdestaque.com\/cd\/#organization"},"potentialAction":[{"@type":"SearchAction","target":{"@type":"EntryPoint","urlTemplate":"https:\/\/noticiasemdestaque.com\/cd\/?s={search_term_string}"},"query-input":{"@type":"PropertyValueSpecification","valueRequired":true,"valueName":"search_term_string"}}],"inLanguage":"pt-BR"},{"@type":"Organization","@id":"https:\/\/noticiasemdestaque.com\/cd\/#organization","name":"Not\u00edcias em Destaque","url":"https:\/\/noticiasemdestaque.com\/cd\/","logo":{"@type":"ImageObject","inLanguage":"pt-BR","@id":"https:\/\/noticiasemdestaque.com\/cd\/#\/schema\/logo\/image\/","url":"https:\/\/noticiasemdestaque.com\/cd\/wp-content\/uploads\/2022\/05\/imagem-base-noticiasemdestaque.png","contentUrl":"https:\/\/noticiasemdestaque.com\/cd\/wp-content\/uploads\/2022\/05\/imagem-base-noticiasemdestaque.png","width":1200,"height":630,"caption":"Not\u00edcias em Destaque"},"image":{"@id":"https:\/\/noticiasemdestaque.com\/cd\/#\/schema\/logo\/image\/"}},{"@type":"Person","@id":"https:\/\/noticiasemdestaque.com\/cd\/#\/schema\/person\/47f7d4f55eec17c6b2ca036c5500f6ce","name":"Not\u00edcias em Destaque","url":"https:\/\/noticiasemdestaque.com\/cd\/?author=2"}]}},"jetpack_featured_media_url":"https:\/\/noticiasemdestaque.com\/cd\/wp-content\/uploads\/2022\/12\/317411061_675615654128.jpg","jetpack_sharing_enabled":true,"_links":{"self":[{"href":"https:\/\/noticiasemdestaque.com\/cd\/index.php?rest_route=\/wp\/v2\/posts\/44433","targetHints":{"allow":["GET"]}}],"collection":[{"href":"https:\/\/noticiasemdestaque.com\/cd\/index.php?rest_route=\/wp\/v2\/posts"}],"about":[{"href":"https:\/\/noticiasemdestaque.com\/cd\/index.php?rest_route=\/wp\/v2\/types\/post"}],"author":[{"embeddable":true,"href":"https:\/\/noticiasemdestaque.com\/cd\/index.php?rest_route=\/wp\/v2\/users\/2"}],"replies":[{"embeddable":true,"href":"https:\/\/noticiasemdestaque.com\/cd\/index.php?rest_route=%2Fwp%2Fv2%2Fcomments&post=44433"}],"version-history":[{"count":1,"href":"https:\/\/noticiasemdestaque.com\/cd\/index.php?rest_route=\/wp\/v2\/posts\/44433\/revisions"}],"predecessor-version":[{"id":44435,"href":"https:\/\/noticiasemdestaque.com\/cd\/index.php?rest_route=\/wp\/v2\/posts\/44433\/revisions\/44435"}],"wp:featuredmedia":[{"embeddable":true,"href":"https:\/\/noticiasemdestaque.com\/cd\/index.php?rest_route=\/wp\/v2\/media\/44434"}],"wp:attachment":[{"href":"https:\/\/noticiasemdestaque.com\/cd\/index.php?rest_route=%2Fwp%2Fv2%2Fmedia&parent=44433"}],"wp:term":[{"taxonomy":"category","embeddable":true,"href":"https:\/\/noticiasemdestaque.com\/cd\/index.php?rest_route=%2Fwp%2Fv2%2Fcategories&post=44433"},{"taxonomy":"post_tag","embeddable":true,"href":"https:\/\/noticiasemdestaque.com\/cd\/index.php?rest_route=%2Fwp%2Fv2%2Ftags&post=44433"}],"curies":[{"name":"wp","href":"https:\/\/api.w.org\/{rel}","templated":true}]}}