{"id":44425,"date":"2022-12-01T09:12:09","date_gmt":"2022-12-01T12:12:09","guid":{"rendered":"https:\/\/noticiasemdestaque.com\/cd\/?p=44425"},"modified":"2022-12-01T09:12:09","modified_gmt":"2022-12-01T12:12:09","slug":"chuvas-voltam-a-cair-na-regiao-do-cariri-e-animam-a-populacao-da-regiao-confira-a-milimetragem-das-chuvas-em-algumas-cidades-caririzeiras","status":"publish","type":"post","link":"https:\/\/noticiasemdestaque.com\/cd\/?p=44425","title":{"rendered":"Chuvas voltam a cair na regi\u00e3o do Cariri e animam a popula\u00e7\u00e3o da regi\u00e3o; Confira a milimetragem das chuvas em algumas cidades caririzeiras"},"content":{"rendered":"<p><a href=\"https:\/\/noticiasemdestaque.com\/cd\/wp-content\/uploads\/2022\/12\/316799618_524823216194139_6167541160921094958_n.jpg\"><img fetchpriority=\"high\" decoding=\"async\" class=\" wp-image-44426 aligncenter\" src=\"https:\/\/noticiasemdestaque.com\/cd\/wp-content\/uploads\/2022\/12\/316799618_524823216194139_6167541160921094958_n-273x300.jpg\" alt=\"\" width=\"431\" height=\"474\" srcset=\"https:\/\/noticiasemdestaque.com\/cd\/wp-content\/uploads\/2022\/12\/316799618_524823216194139_6167541160921094958_n-273x300.jpg 273w, https:\/\/noticiasemdestaque.com\/cd\/wp-content\/uploads\/2022\/12\/316799618_524823216194139_6167541160921094958_n-932x1024.jpg 932w, https:\/\/noticiasemdestaque.com\/cd\/wp-content\/uploads\/2022\/12\/316799618_524823216194139_6167541160921094958_n-768x843.jpg 768w, https:\/\/noticiasemdestaque.com\/cd\/wp-content\/uploads\/2022\/12\/316799618_524823216194139_6167541160921094958_n-11x12.jpg 11w, https:\/\/noticiasemdestaque.com\/cd\/wp-content\/uploads\/2022\/12\/316799618_524823216194139_6167541160921094958_n.jpg 1079w\" sizes=\"(max-width: 431px) 100vw, 431px\" \/><\/a><\/p>\n<p>Quando muitos j\u00e1 esperavam por um t\u00e9rmino de ano sem chuvas, Deus envia em abund\u00e2ncia chuvas para nossa regi\u00e3o e durante a noite desta \u00faltima ter\u00e7a-feira at\u00e9 a manh\u00e3 desta quarta-feira, v\u00e1rias cidades do Cariri paraibano registraram fortes chuvas, dando alegrias a popula\u00e7\u00e3o da regi\u00e3o e ao homem do campo.<\/p>\n<p>Cidades como S\u00e3o Jo\u00e3o do Cariri, Cabaceiras, Serra Branca, Cara\u00fabas, Gurj\u00e3o, Santo Andr\u00e9, S\u00e3o Domingos do Cariri, Livramento, Barra de S\u00e3o Miguel, S\u00e3o Sebasti\u00e3o do Umbuzeiro, Amparo, Ouro Velho, Congo, Coxixola, S\u00e3o Jos\u00e9 dos Cordeiros, S\u00e3o Jo\u00e3o do Tigre, Camala\u00fa, Zabel\u00ea e Monteiro registram fortes chuvas durante as \u00faltimas 12 horas.<\/p>\n<p>Em Monteiro, os \u00edndices pluviom\u00e9tricos chegaram a 130 mil\u00edmetros no S\u00edtio Tamandu\u00e1 e na zona urbana 90 mm. As chuvas no munic\u00edpio foram suficientes para transbordar pequenos mananciais, como por exemplo o a\u00e7ude p\u00fablico da cidade.<\/p>\n<p><strong>Confira a milimetragem das chuvas em algumas cidades do Cariri<\/strong>\u00a0\u2013\u00a0<strong>(Dados fornecidos pela EMPAER \u2013 SERRA BRANCA):<\/strong><\/p>\n<p>Serra Branca \u2013 56 mm<\/p>\n<p>S\u00e3o Jo\u00e3o do Cariri \u2013 52,0 mm<\/p>\n<p>Cara\u00fabas \u2013 59,3 mm<\/p>\n<p>Camala\u00fa \u2013 26,9 mm<\/p>\n<p>Congo \u2013 25,00 mm<\/p>\n<p>Tapero\u00e1 \u2013 75,3 mm<\/p>\n<p>Sum\u00e9 \u2013 36,5 mm<\/p>\n<p>Monteiro \u2013 90,0 mm<\/p>\n<p>Ouro Velho \u2013 73,2 mm<\/p>\n<p>Gurj\u00e3o \u2013 41,0 mm<\/p>\n<p>Santo Andr\u00e9 \u2013 35,6 mm<\/p>\n<p>Livramento \u2013 43,3 mm<\/p>\n<p>Assun\u00e7\u00e3o \u2013 16,0 mm<\/p>\n<p>Coxixola \u2013 30,7 mm<\/p>\n<p>Barra de S\u00e3o Miguel \u2013 44,7 mm<\/p>\n<p><strong>Noticias em Destaque<\/strong><\/p>\n<p style=\"text-align: right;\"><em>Fonte: De Olho no Cariri<\/em><\/p>\n","protected":false},"excerpt":{"rendered":"<p>Quando muitos j\u00e1 esperavam por um t\u00e9rmino de ano sem chuvas, Deus envia em abund\u00e2ncia chuvas para nossa regi\u00e3o e durante a noite desta \u00faltima ter\u00e7a-feira at\u00e9 a manh\u00e3 desta quarta-feira, v\u00e1rias cidades do Cariri paraibano registraram fortes chuvas, dando alegrias a popula\u00e7\u00e3o da regi\u00e3o e ao homem do campo. Cidades como S\u00e3o Jo\u00e3o do Cariri, Cabaceiras, Serra Branca, Cara\u00fabas, Gurj\u00e3o, Santo Andr\u00e9, S\u00e3o Domingos do Cariri, Livramento, Barra de S\u00e3o Miguel, S\u00e3o Sebasti\u00e3o do Umbuzeiro, Amparo, Ouro Velho, Congo, Coxixola, S\u00e3o Jos\u00e9 dos Cordeiros, S\u00e3o Jo\u00e3o do Tigre, Camala\u00fa, Zabel\u00ea e Monteiro registram fortes chuvas durante as \u00faltimas 12 horas. Em Monteiro, os \u00edndices pluviom\u00e9tricos chegaram a 130 mil\u00edmetros no S\u00edtio Tamandu\u00e1 e na zona urbana 90 mm. As chuvas no munic\u00edpio foram suficientes para transbordar pequenos mananciais, como por exemplo o a\u00e7ude p\u00fablico da cidade. Confira a milimetragem das chuvas em algumas cidades do Cariri\u00a0\u2013\u00a0(Dados fornecidos pela EMPAER \u2013 SERRA BRANCA): Serra Branca \u2013 56 mm S\u00e3o Jo\u00e3o do Cariri \u2013 52,0 mm Cara\u00fabas \u2013 59,3 mm Camala\u00fa \u2013 26,9 mm Congo \u2013 25,00 mm Tapero\u00e1 \u2013 75,3 mm Sum\u00e9 \u2013 36,5 mm Monteiro \u2013 90,0 mm Ouro Velho \u2013 73,2 mm Gurj\u00e3o \u2013 41,0 mm Santo Andr\u00e9 \u2013 35,6 mm Livramento \u2013 43,3 mm Assun\u00e7\u00e3o \u2013 16,0 mm Coxixola \u2013 30,7 mm Barra de S\u00e3o Miguel \u2013 44,7 mm Noticias em Destaque Fonte: De Olho no Cariri<\/p>\n","protected":false},"author":2,"featured_media":44426,"comment_status":"closed","ping_status":"open","sticky":false,"template":"","format":"standard","meta":{"_eb_attr":"","_jetpack_memberships_contains_paid_content":false,"footnotes":""},"categories":[3],"tags":[],"class_list":["post-44425","post","type-post","status-publish","format-standard","has-post-thumbnail","hentry","category-cidades"],"yoast_head":"<!-- This site is optimized with the Yoast SEO plugin v26.5 - https:\/\/yoast.com\/wordpress\/plugins\/seo\/ -->\n<title>Chuvas voltam a cair na regi\u00e3o do Cariri e animam a popula\u00e7\u00e3o da regi\u00e3o; Confira a milimetragem das chuvas em algumas cidades caririzeiras - Not&iacute;cias em Destaque<\/title>\n<meta name=\"robots\" content=\"index, follow, max-snippet:-1, max-image-preview:large, max-video-preview:-1\" \/>\n<link rel=\"canonical\" href=\"https:\/\/noticiasemdestaque.com\/cd\/?p=44425\" \/>\n<meta property=\"og:locale\" content=\"pt_BR\" \/>\n<meta property=\"og:type\" content=\"article\" \/>\n<meta property=\"og:title\" content=\"Chuvas voltam a cair na regi\u00e3o do Cariri e animam a popula\u00e7\u00e3o da regi\u00e3o; Confira a milimetragem das chuvas em algumas cidades caririzeiras - Not&iacute;cias em Destaque\" \/>\n<meta property=\"og:description\" content=\"Quando muitos j\u00e1 esperavam por um t\u00e9rmino de ano sem chuvas, Deus envia em abund\u00e2ncia chuvas para nossa regi\u00e3o e durante a noite desta \u00faltima ter\u00e7a-feira at\u00e9 a manh\u00e3 desta quarta-feira, v\u00e1rias cidades do Cariri paraibano registraram fortes chuvas, dando alegrias a popula\u00e7\u00e3o da regi\u00e3o e ao homem do campo. Cidades como S\u00e3o Jo\u00e3o do Cariri, Cabaceiras, Serra Branca, Cara\u00fabas, Gurj\u00e3o, Santo Andr\u00e9, S\u00e3o Domingos do Cariri, Livramento, Barra de S\u00e3o Miguel, S\u00e3o Sebasti\u00e3o do Umbuzeiro, Amparo, Ouro Velho, Congo, Coxixola, S\u00e3o Jos\u00e9 dos Cordeiros, S\u00e3o Jo\u00e3o do Tigre, Camala\u00fa, Zabel\u00ea e Monteiro registram fortes chuvas durante as \u00faltimas 12 horas. Em Monteiro, os \u00edndices pluviom\u00e9tricos chegaram a 130 mil\u00edmetros no S\u00edtio Tamandu\u00e1 e na zona urbana 90 mm. As chuvas no munic\u00edpio foram suficientes para transbordar pequenos mananciais, como por exemplo o a\u00e7ude p\u00fablico da cidade. Confira a milimetragem das chuvas em algumas cidades do Cariri\u00a0\u2013\u00a0(Dados fornecidos pela EMPAER \u2013 SERRA BRANCA): Serra Branca \u2013 56 mm S\u00e3o Jo\u00e3o do Cariri \u2013 52,0 mm Cara\u00fabas \u2013 59,3 mm Camala\u00fa \u2013 26,9 mm Congo \u2013 25,00 mm Tapero\u00e1 \u2013 75,3 mm Sum\u00e9 \u2013 36,5 mm Monteiro \u2013 90,0 mm Ouro Velho \u2013 73,2 mm Gurj\u00e3o \u2013 41,0 mm Santo Andr\u00e9 \u2013 35,6 mm Livramento \u2013 43,3 mm Assun\u00e7\u00e3o \u2013 16,0 mm Coxixola \u2013 30,7 mm Barra de S\u00e3o Miguel \u2013 44,7 mm Noticias em Destaque Fonte: De Olho no Cariri\" \/>\n<meta property=\"og:url\" content=\"https:\/\/noticiasemdestaque.com\/cd\/?p=44425\" \/>\n<meta property=\"og:site_name\" content=\"Not&iacute;cias em Destaque\" \/>\n<meta property=\"article:published_time\" content=\"2022-12-01T12:12:09+00:00\" \/>\n<meta property=\"og:image\" content=\"https:\/\/noticiasemdestaque.com\/cd\/wp-content\/uploads\/2022\/12\/316799618_524823216194139_6167541160921094958_n.jpg\" \/>\n\t<meta property=\"og:image:width\" content=\"1079\" \/>\n\t<meta property=\"og:image:height\" content=\"1185\" \/>\n\t<meta property=\"og:image:type\" content=\"image\/jpeg\" \/>\n<meta name=\"author\" content=\"Not\u00edcias em Destaque\" \/>\n<meta name=\"twitter:card\" content=\"summary_large_image\" \/>\n<meta name=\"twitter:label1\" content=\"Escrito por\" \/>\n\t<meta name=\"twitter:data1\" content=\"Not\u00edcias em Destaque\" \/>\n\t<meta name=\"twitter:label2\" content=\"Est. tempo de leitura\" \/>\n\t<meta name=\"twitter:data2\" content=\"2 minutos\" \/>\n<script type=\"application\/ld+json\" class=\"yoast-schema-graph\">{\"@context\":\"https:\/\/schema.org\",\"@graph\":[{\"@type\":\"Article\",\"@id\":\"https:\/\/noticiasemdestaque.com\/cd\/?p=44425#article\",\"isPartOf\":{\"@id\":\"https:\/\/noticiasemdestaque.com\/cd\/?p=44425\"},\"author\":{\"name\":\"Not\u00edcias em Destaque\",\"@id\":\"https:\/\/noticiasemdestaque.com\/cd\/#\/schema\/person\/47f7d4f55eec17c6b2ca036c5500f6ce\"},\"headline\":\"Chuvas voltam a cair na regi\u00e3o do Cariri e animam a popula\u00e7\u00e3o da regi\u00e3o; Confira a milimetragem das chuvas em algumas cidades caririzeiras\",\"datePublished\":\"2022-12-01T12:12:09+00:00\",\"mainEntityOfPage\":{\"@id\":\"https:\/\/noticiasemdestaque.com\/cd\/?p=44425\"},\"wordCount\":253,\"publisher\":{\"@id\":\"https:\/\/noticiasemdestaque.com\/cd\/#organization\"},\"image\":{\"@id\":\"https:\/\/noticiasemdestaque.com\/cd\/?p=44425#primaryimage\"},\"thumbnailUrl\":\"https:\/\/noticiasemdestaque.com\/cd\/wp-content\/uploads\/2022\/12\/316799618_524823216194139_6167541160921094958_n.jpg\",\"articleSection\":[\"Cidades\"],\"inLanguage\":\"pt-BR\"},{\"@type\":\"WebPage\",\"@id\":\"https:\/\/noticiasemdestaque.com\/cd\/?p=44425\",\"url\":\"https:\/\/noticiasemdestaque.com\/cd\/?p=44425\",\"name\":\"Chuvas voltam a cair na regi\u00e3o do Cariri e animam a popula\u00e7\u00e3o da regi\u00e3o; Confira a milimetragem das chuvas em algumas cidades caririzeiras - Not&iacute;cias em Destaque\",\"isPartOf\":{\"@id\":\"https:\/\/noticiasemdestaque.com\/cd\/#website\"},\"primaryImageOfPage\":{\"@id\":\"https:\/\/noticiasemdestaque.com\/cd\/?p=44425#primaryimage\"},\"image\":{\"@id\":\"https:\/\/noticiasemdestaque.com\/cd\/?p=44425#primaryimage\"},\"thumbnailUrl\":\"https:\/\/noticiasemdestaque.com\/cd\/wp-content\/uploads\/2022\/12\/316799618_524823216194139_6167541160921094958_n.jpg\",\"datePublished\":\"2022-12-01T12:12:09+00:00\",\"breadcrumb\":{\"@id\":\"https:\/\/noticiasemdestaque.com\/cd\/?p=44425#breadcrumb\"},\"inLanguage\":\"pt-BR\",\"potentialAction\":[{\"@type\":\"ReadAction\",\"target\":[\"https:\/\/noticiasemdestaque.com\/cd\/?p=44425\"]}]},{\"@type\":\"ImageObject\",\"inLanguage\":\"pt-BR\",\"@id\":\"https:\/\/noticiasemdestaque.com\/cd\/?p=44425#primaryimage\",\"url\":\"https:\/\/noticiasemdestaque.com\/cd\/wp-content\/uploads\/2022\/12\/316799618_524823216194139_6167541160921094958_n.jpg\",\"contentUrl\":\"https:\/\/noticiasemdestaque.com\/cd\/wp-content\/uploads\/2022\/12\/316799618_524823216194139_6167541160921094958_n.jpg\",\"width\":1079,\"height\":1185},{\"@type\":\"BreadcrumbList\",\"@id\":\"https:\/\/noticiasemdestaque.com\/cd\/?p=44425#breadcrumb\",\"itemListElement\":[{\"@type\":\"ListItem\",\"position\":1,\"name\":\"In\u00edcio\",\"item\":\"https:\/\/noticiasemdestaque.com\/cd\/\"},{\"@type\":\"ListItem\",\"position\":2,\"name\":\"Chuvas voltam a cair na regi\u00e3o do Cariri e animam a popula\u00e7\u00e3o da regi\u00e3o; Confira a milimetragem das chuvas em algumas cidades caririzeiras\"}]},{\"@type\":\"WebSite\",\"@id\":\"https:\/\/noticiasemdestaque.com\/cd\/#website\",\"url\":\"https:\/\/noticiasemdestaque.com\/cd\/\",\"name\":\"Not&iacute;cias em Destaque\",\"description\":\"\",\"publisher\":{\"@id\":\"https:\/\/noticiasemdestaque.com\/cd\/#organization\"},\"potentialAction\":[{\"@type\":\"SearchAction\",\"target\":{\"@type\":\"EntryPoint\",\"urlTemplate\":\"https:\/\/noticiasemdestaque.com\/cd\/?s={search_term_string}\"},\"query-input\":{\"@type\":\"PropertyValueSpecification\",\"valueRequired\":true,\"valueName\":\"search_term_string\"}}],\"inLanguage\":\"pt-BR\"},{\"@type\":\"Organization\",\"@id\":\"https:\/\/noticiasemdestaque.com\/cd\/#organization\",\"name\":\"Not\u00edcias em Destaque\",\"url\":\"https:\/\/noticiasemdestaque.com\/cd\/\",\"logo\":{\"@type\":\"ImageObject\",\"inLanguage\":\"pt-BR\",\"@id\":\"https:\/\/noticiasemdestaque.com\/cd\/#\/schema\/logo\/image\/\",\"url\":\"https:\/\/noticiasemdestaque.com\/cd\/wp-content\/uploads\/2022\/05\/imagem-base-noticiasemdestaque.png\",\"contentUrl\":\"https:\/\/noticiasemdestaque.com\/cd\/wp-content\/uploads\/2022\/05\/imagem-base-noticiasemdestaque.png\",\"width\":1200,\"height\":630,\"caption\":\"Not\u00edcias em Destaque\"},\"image\":{\"@id\":\"https:\/\/noticiasemdestaque.com\/cd\/#\/schema\/logo\/image\/\"}},{\"@type\":\"Person\",\"@id\":\"https:\/\/noticiasemdestaque.com\/cd\/#\/schema\/person\/47f7d4f55eec17c6b2ca036c5500f6ce\",\"name\":\"Not\u00edcias em Destaque\",\"url\":\"https:\/\/noticiasemdestaque.com\/cd\/?author=2\"}]}<\/script>\n<!-- \/ Yoast SEO plugin. -->","yoast_head_json":{"title":"Chuvas voltam a cair na regi\u00e3o do Cariri e animam a popula\u00e7\u00e3o da regi\u00e3o; Confira a milimetragem das chuvas em algumas cidades caririzeiras - Not&iacute;cias em Destaque","robots":{"index":"index","follow":"follow","max-snippet":"max-snippet:-1","max-image-preview":"max-image-preview:large","max-video-preview":"max-video-preview:-1"},"canonical":"https:\/\/noticiasemdestaque.com\/cd\/?p=44425","og_locale":"pt_BR","og_type":"article","og_title":"Chuvas voltam a cair na regi\u00e3o do Cariri e animam a popula\u00e7\u00e3o da regi\u00e3o; Confira a milimetragem das chuvas em algumas cidades caririzeiras - Not&iacute;cias em Destaque","og_description":"Quando muitos j\u00e1 esperavam por um t\u00e9rmino de ano sem chuvas, Deus envia em abund\u00e2ncia chuvas para nossa regi\u00e3o e durante a noite desta \u00faltima ter\u00e7a-feira at\u00e9 a manh\u00e3 desta quarta-feira, v\u00e1rias cidades do Cariri paraibano registraram fortes chuvas, dando alegrias a popula\u00e7\u00e3o da regi\u00e3o e ao homem do campo. Cidades como S\u00e3o Jo\u00e3o do Cariri, Cabaceiras, Serra Branca, Cara\u00fabas, Gurj\u00e3o, Santo Andr\u00e9, S\u00e3o Domingos do Cariri, Livramento, Barra de S\u00e3o Miguel, S\u00e3o Sebasti\u00e3o do Umbuzeiro, Amparo, Ouro Velho, Congo, Coxixola, S\u00e3o Jos\u00e9 dos Cordeiros, S\u00e3o Jo\u00e3o do Tigre, Camala\u00fa, Zabel\u00ea e Monteiro registram fortes chuvas durante as \u00faltimas 12 horas. Em Monteiro, os \u00edndices pluviom\u00e9tricos chegaram a 130 mil\u00edmetros no S\u00edtio Tamandu\u00e1 e na zona urbana 90 mm. As chuvas no munic\u00edpio foram suficientes para transbordar pequenos mananciais, como por exemplo o a\u00e7ude p\u00fablico da cidade. Confira a milimetragem das chuvas em algumas cidades do Cariri\u00a0\u2013\u00a0(Dados fornecidos pela EMPAER \u2013 SERRA BRANCA): Serra Branca \u2013 56 mm S\u00e3o Jo\u00e3o do Cariri \u2013 52,0 mm Cara\u00fabas \u2013 59,3 mm Camala\u00fa \u2013 26,9 mm Congo \u2013 25,00 mm Tapero\u00e1 \u2013 75,3 mm Sum\u00e9 \u2013 36,5 mm Monteiro \u2013 90,0 mm Ouro Velho \u2013 73,2 mm Gurj\u00e3o \u2013 41,0 mm Santo Andr\u00e9 \u2013 35,6 mm Livramento \u2013 43,3 mm Assun\u00e7\u00e3o \u2013 16,0 mm Coxixola \u2013 30,7 mm Barra de S\u00e3o Miguel \u2013 44,7 mm Noticias em Destaque Fonte: De Olho no Cariri","og_url":"https:\/\/noticiasemdestaque.com\/cd\/?p=44425","og_site_name":"Not&iacute;cias em Destaque","article_published_time":"2022-12-01T12:12:09+00:00","og_image":[{"width":1079,"height":1185,"url":"https:\/\/noticiasemdestaque.com\/cd\/wp-content\/uploads\/2022\/12\/316799618_524823216194139_6167541160921094958_n.jpg","type":"image\/jpeg"}],"author":"Not\u00edcias em Destaque","twitter_card":"summary_large_image","twitter_misc":{"Escrito por":"Not\u00edcias em Destaque","Est. tempo de leitura":"2 minutos"},"schema":{"@context":"https:\/\/schema.org","@graph":[{"@type":"Article","@id":"https:\/\/noticiasemdestaque.com\/cd\/?p=44425#article","isPartOf":{"@id":"https:\/\/noticiasemdestaque.com\/cd\/?p=44425"},"author":{"name":"Not\u00edcias em Destaque","@id":"https:\/\/noticiasemdestaque.com\/cd\/#\/schema\/person\/47f7d4f55eec17c6b2ca036c5500f6ce"},"headline":"Chuvas voltam a cair na regi\u00e3o do Cariri e animam a popula\u00e7\u00e3o da regi\u00e3o; Confira a milimetragem das chuvas em algumas cidades caririzeiras","datePublished":"2022-12-01T12:12:09+00:00","mainEntityOfPage":{"@id":"https:\/\/noticiasemdestaque.com\/cd\/?p=44425"},"wordCount":253,"publisher":{"@id":"https:\/\/noticiasemdestaque.com\/cd\/#organization"},"image":{"@id":"https:\/\/noticiasemdestaque.com\/cd\/?p=44425#primaryimage"},"thumbnailUrl":"https:\/\/noticiasemdestaque.com\/cd\/wp-content\/uploads\/2022\/12\/316799618_524823216194139_6167541160921094958_n.jpg","articleSection":["Cidades"],"inLanguage":"pt-BR"},{"@type":"WebPage","@id":"https:\/\/noticiasemdestaque.com\/cd\/?p=44425","url":"https:\/\/noticiasemdestaque.com\/cd\/?p=44425","name":"Chuvas voltam a cair na regi\u00e3o do Cariri e animam a popula\u00e7\u00e3o da regi\u00e3o; Confira a milimetragem das chuvas em algumas cidades caririzeiras - Not&iacute;cias em Destaque","isPartOf":{"@id":"https:\/\/noticiasemdestaque.com\/cd\/#website"},"primaryImageOfPage":{"@id":"https:\/\/noticiasemdestaque.com\/cd\/?p=44425#primaryimage"},"image":{"@id":"https:\/\/noticiasemdestaque.com\/cd\/?p=44425#primaryimage"},"thumbnailUrl":"https:\/\/noticiasemdestaque.com\/cd\/wp-content\/uploads\/2022\/12\/316799618_524823216194139_6167541160921094958_n.jpg","datePublished":"2022-12-01T12:12:09+00:00","breadcrumb":{"@id":"https:\/\/noticiasemdestaque.com\/cd\/?p=44425#breadcrumb"},"inLanguage":"pt-BR","potentialAction":[{"@type":"ReadAction","target":["https:\/\/noticiasemdestaque.com\/cd\/?p=44425"]}]},{"@type":"ImageObject","inLanguage":"pt-BR","@id":"https:\/\/noticiasemdestaque.com\/cd\/?p=44425#primaryimage","url":"https:\/\/noticiasemdestaque.com\/cd\/wp-content\/uploads\/2022\/12\/316799618_524823216194139_6167541160921094958_n.jpg","contentUrl":"https:\/\/noticiasemdestaque.com\/cd\/wp-content\/uploads\/2022\/12\/316799618_524823216194139_6167541160921094958_n.jpg","width":1079,"height":1185},{"@type":"BreadcrumbList","@id":"https:\/\/noticiasemdestaque.com\/cd\/?p=44425#breadcrumb","itemListElement":[{"@type":"ListItem","position":1,"name":"In\u00edcio","item":"https:\/\/noticiasemdestaque.com\/cd\/"},{"@type":"ListItem","position":2,"name":"Chuvas voltam a cair na regi\u00e3o do Cariri e animam a popula\u00e7\u00e3o da regi\u00e3o; Confira a milimetragem das chuvas em algumas cidades caririzeiras"}]},{"@type":"WebSite","@id":"https:\/\/noticiasemdestaque.com\/cd\/#website","url":"https:\/\/noticiasemdestaque.com\/cd\/","name":"Not&iacute;cias em Destaque","description":"","publisher":{"@id":"https:\/\/noticiasemdestaque.com\/cd\/#organization"},"potentialAction":[{"@type":"SearchAction","target":{"@type":"EntryPoint","urlTemplate":"https:\/\/noticiasemdestaque.com\/cd\/?s={search_term_string}"},"query-input":{"@type":"PropertyValueSpecification","valueRequired":true,"valueName":"search_term_string"}}],"inLanguage":"pt-BR"},{"@type":"Organization","@id":"https:\/\/noticiasemdestaque.com\/cd\/#organization","name":"Not\u00edcias em Destaque","url":"https:\/\/noticiasemdestaque.com\/cd\/","logo":{"@type":"ImageObject","inLanguage":"pt-BR","@id":"https:\/\/noticiasemdestaque.com\/cd\/#\/schema\/logo\/image\/","url":"https:\/\/noticiasemdestaque.com\/cd\/wp-content\/uploads\/2022\/05\/imagem-base-noticiasemdestaque.png","contentUrl":"https:\/\/noticiasemdestaque.com\/cd\/wp-content\/uploads\/2022\/05\/imagem-base-noticiasemdestaque.png","width":1200,"height":630,"caption":"Not\u00edcias em Destaque"},"image":{"@id":"https:\/\/noticiasemdestaque.com\/cd\/#\/schema\/logo\/image\/"}},{"@type":"Person","@id":"https:\/\/noticiasemdestaque.com\/cd\/#\/schema\/person\/47f7d4f55eec17c6b2ca036c5500f6ce","name":"Not\u00edcias em Destaque","url":"https:\/\/noticiasemdestaque.com\/cd\/?author=2"}]}},"jetpack_featured_media_url":"https:\/\/noticiasemdestaque.com\/cd\/wp-content\/uploads\/2022\/12\/316799618_524823216194139_6167541160921094958_n.jpg","jetpack_sharing_enabled":true,"_links":{"self":[{"href":"https:\/\/noticiasemdestaque.com\/cd\/index.php?rest_route=\/wp\/v2\/posts\/44425","targetHints":{"allow":["GET"]}}],"collection":[{"href":"https:\/\/noticiasemdestaque.com\/cd\/index.php?rest_route=\/wp\/v2\/posts"}],"about":[{"href":"https:\/\/noticiasemdestaque.com\/cd\/index.php?rest_route=\/wp\/v2\/types\/post"}],"author":[{"embeddable":true,"href":"https:\/\/noticiasemdestaque.com\/cd\/index.php?rest_route=\/wp\/v2\/users\/2"}],"replies":[{"embeddable":true,"href":"https:\/\/noticiasemdestaque.com\/cd\/index.php?rest_route=%2Fwp%2Fv2%2Fcomments&post=44425"}],"version-history":[{"count":1,"href":"https:\/\/noticiasemdestaque.com\/cd\/index.php?rest_route=\/wp\/v2\/posts\/44425\/revisions"}],"predecessor-version":[{"id":44427,"href":"https:\/\/noticiasemdestaque.com\/cd\/index.php?rest_route=\/wp\/v2\/posts\/44425\/revisions\/44427"}],"wp:featuredmedia":[{"embeddable":true,"href":"https:\/\/noticiasemdestaque.com\/cd\/index.php?rest_route=\/wp\/v2\/media\/44426"}],"wp:attachment":[{"href":"https:\/\/noticiasemdestaque.com\/cd\/index.php?rest_route=%2Fwp%2Fv2%2Fmedia&parent=44425"}],"wp:term":[{"taxonomy":"category","embeddable":true,"href":"https:\/\/noticiasemdestaque.com\/cd\/index.php?rest_route=%2Fwp%2Fv2%2Fcategories&post=44425"},{"taxonomy":"post_tag","embeddable":true,"href":"https:\/\/noticiasemdestaque.com\/cd\/index.php?rest_route=%2Fwp%2Fv2%2Ftags&post=44425"}],"curies":[{"name":"wp","href":"https:\/\/api.w.org\/{rel}","templated":true}]}}