{"id":4442,"date":"2017-09-19T08:15:08","date_gmt":"2017-09-19T11:15:08","guid":{"rendered":"http:\/\/caririemdestaque.com\/cd\/?p=4442"},"modified":"2017-09-19T08:15:08","modified_gmt":"2017-09-19T11:15:08","slug":"mais-de-200-mil-familias-passam-a-fazer-parte-do-bolsa-familia","status":"publish","type":"post","link":"https:\/\/noticiasemdestaque.com\/cd\/?p=4442","title":{"rendered":"Mais de 200 mil fam\u00edlias passam a fazer parte do Bolsa Fam\u00edlia"},"content":{"rendered":"<p><a href=\"http:\/\/caririemdestaque.com\/cd\/wp-content\/uploads\/2017\/09\/cartao-bolsa-familia.jpg\"><img fetchpriority=\"high\" decoding=\"async\" class=\"wp-image-4443 size-medium alignleft\" src=\"http:\/\/caririemdestaque.com\/cd\/wp-content\/uploads\/2017\/09\/cartao-bolsa-familia-300x169.jpg\" alt=\"\" width=\"300\" height=\"169\" srcset=\"https:\/\/noticiasemdestaque.com\/cd\/wp-content\/uploads\/2017\/09\/cartao-bolsa-familia-300x169.jpg 300w, https:\/\/noticiasemdestaque.com\/cd\/wp-content\/uploads\/2017\/09\/cartao-bolsa-familia.jpg 660w\" sizes=\"(max-width: 300px) 100vw, 300px\" \/><\/a>Com a inclus\u00e3o de mais de 218 mil fam\u00edlias no Bolsa Fam\u00edlia em setembro, a fila de espera do programa foi zerada pela quarta vez neste ano. Nos meses de janeiro, fevereiro e agosto, todos os benefici\u00e1rios que aguardavam para entrar no programa tamb\u00e9m foram inclu\u00eddos, um feito in\u00e9dito desde a cria\u00e7\u00e3o do Bolsa Fam\u00edlia.<\/p>\n<p>Neste m\u00eas, o Minist\u00e9rio do Desenvolvimento Social (MDS) repassar\u00e1 mais de R$ 2,4 bilh\u00f5es a quase 13,5 milh\u00f5es de fam\u00edlias brasileiras. O pagamento do benef\u00edcio, cujo valor m\u00e9dio \u00e9 de R$ 179,64, come\u00e7a nesta segunda-feira (18), e segue at\u00e9 o dia 29 de setembro. Os recursos ficam dispon\u00edveis para saque durante 90 dias.<\/p>\n<p>Dados do MDS apontam queda de 42% no n\u00famero de fam\u00edlias que retornaram ao programa, na compara\u00e7\u00e3o com anos anteriores. A pasta estima que, em 2017, aproximadamente 303 mil fam\u00edlias voltar\u00e3o a receber o benef\u00edcio. Os n\u00fameros s\u00e3o inferiores aos patamares de 2016, quando 519 mil fam\u00edlias retornaram ao Bolsa Fam\u00edlia, e de 2015, quando o MDS registrou o retorno de 423 mil fam\u00edlias.<\/p>\n<p>Cruzamento de dados<\/p>\n<p>Segundo o ministro do Desenvolvimento Social, Osmar Terra, o tempo que o MDS leva para identificar inconsist\u00eancias nos cadastros de benefici\u00e1rios diminuiu, gra\u00e7as a cruzamentos de dados mais frequentes.<\/p>\n<p>Segundo ele, isso garante uma melhor gest\u00e3o e governan\u00e7a do programa de transfer\u00eancia de renda. \u201cAo zerar a fila de espera, o governo federal mostra que \u00e9 poss\u00edvel aprimorar os mecanismos de controle do Bolsa Fam\u00edlia, afastando as pessoas que tinham renda maior e direcionando o benef\u00edcio para quem mais precisa\u201d, afirmou Terra.<\/p>\n<p>Para garantir que o recurso chegue a quem necessita, o MDS vem comparando as informa\u00e7\u00f5es declaradas pelos benefici\u00e1rios no Cadastro \u00danico para Programas Sociais do Governo Federal a diversas bases de dados oficiais. Al\u00e9m de realizar o cruzamento antes de conceder o benef\u00edcio \u00e0s fam\u00edlias inscritas, a gest\u00e3o do programa tem executado o procedimento com maior frequ\u00eancia, expandindo o n\u00famero de bases de dados oficiais usadas na compara\u00e7\u00e3o.<\/p>\n<p>De acordo com o secret\u00e1rio-executivo do MDS, Alberto Beltrame, essa redu\u00e7\u00e3o est\u00e1 relacionada ao aquecimento da economia e \u00e0 retomada do crescimento. \u201cMesmo em um cen\u00e1rio de ajuste fiscal e de dificuldades econ\u00f4micas, uma boa governan\u00e7a do Bolsa Fam\u00edlia tem permitido manter o programa sustent\u00e1vel, sem deixar na espera uma \u00fanica fam\u00edlia eleg\u00edvel e que necessite do programa\u201d, destacou.<\/p>\n<p>Condicionalidades<\/p>\n<p>Uma das condi\u00e7\u00f5es que as fam\u00edlias devem cumprir para receber o benef\u00edcio \u00e9 manter o percentual m\u00ednimo de 85% de frequ\u00eancia escolar para crian\u00e7as e adolescentes com idades de 6 a 15 anos e de 75% para jovens de 16 e 17 anos.<\/p>\n<p>No in\u00edcio deste m\u00eas, a frequ\u00eancia escolar dos estudantes benefici\u00e1rios do Bolsa Fam\u00edlia chegou a 87,47% entre junho e julho, segundo dados do Sistema de Acompanhamento da Frequ\u00eancia Escolar do Bolsa Fam\u00edlia (Sistema Presen\u00e7a), que acompanha mais de 15,2 milh\u00f5es de crian\u00e7as e adolescentes na faixa de 6 a 17 anos.<\/p>\n<p>Este foi o segundo maior percentual desde que a frequ\u00eancia escolar come\u00e7ou a ser acompanhada, em 2007 \u2014 o maior \u00edndice foi registrado em junho e julho de 2014, quando chegou a 88,61%.<\/p>\n<p>Por outro lado, em setembro deste ano, o acompanhamento de sa\u00fade do Bolsa Fam\u00edlia atingiu 75,2% das fam\u00edlias benefici\u00e1rias que fazem parte dessa categoria do programa. O resultado, que corresponde a 8,7 milh\u00f5es de fam\u00edlias, \u00e9 o melhor j\u00e1 registrado no primeiro semestre e o terceiro melhor da hist\u00f3ria.<\/p>\n<p>Com isso, 5,7 milh\u00f5es de crian\u00e7as de at\u00e9 7 anos tiveram o cart\u00e3o de vacinas atualizado e 387 mil gr\u00e1vidas realizaram o pr\u00e9-natal corretamente pelo Sistema \u00danico de Sa\u00fade (SUS), com o apoio do Minist\u00e9rio do Desenvolvimento Social (MDS).<\/p>\n","protected":false},"excerpt":{"rendered":"<p>Com a inclus\u00e3o de mais de 218 mil fam\u00edlias no Bolsa Fam\u00edlia em setembro, a fila de espera do programa foi zerada pela quarta vez neste ano. Nos meses de janeiro, fevereiro e agosto, todos os benefici\u00e1rios que aguardavam para entrar no programa tamb\u00e9m foram inclu\u00eddos, um feito in\u00e9dito desde a cria\u00e7\u00e3o do Bolsa Fam\u00edlia. Neste m\u00eas, o Minist\u00e9rio do Desenvolvimento Social (MDS) repassar\u00e1 mais de R$ 2,4 bilh\u00f5es a quase 13,5 milh\u00f5es de fam\u00edlias brasileiras. O pagamento do benef\u00edcio, cujo valor m\u00e9dio \u00e9 de R$ 179,64, come\u00e7a nesta segunda-feira (18), e segue at\u00e9 o dia 29 de setembro. Os recursos ficam dispon\u00edveis para saque durante 90 dias. Dados do MDS apontam queda de 42% no n\u00famero de fam\u00edlias que retornaram ao programa, na compara\u00e7\u00e3o com anos anteriores. A pasta estima que, em 2017, aproximadamente 303 mil fam\u00edlias voltar\u00e3o a receber o benef\u00edcio. Os n\u00fameros s\u00e3o inferiores aos patamares de 2016, quando 519 mil fam\u00edlias retornaram ao Bolsa Fam\u00edlia, e de 2015, quando o MDS registrou o retorno de 423 mil fam\u00edlias. Cruzamento de dados Segundo o ministro do Desenvolvimento Social, Osmar Terra, o tempo que o MDS leva para identificar inconsist\u00eancias nos cadastros de benefici\u00e1rios diminuiu, gra\u00e7as a cruzamentos de dados mais frequentes. Segundo ele, isso garante uma melhor gest\u00e3o e governan\u00e7a do programa de transfer\u00eancia de renda. \u201cAo zerar a fila de espera, o governo federal mostra que \u00e9 poss\u00edvel aprimorar os mecanismos de controle do Bolsa Fam\u00edlia, afastando as pessoas que tinham renda maior e direcionando o benef\u00edcio para quem mais precisa\u201d, afirmou Terra. Para garantir que o recurso chegue a quem necessita, o MDS vem comparando as informa\u00e7\u00f5es declaradas pelos benefici\u00e1rios no Cadastro \u00danico para Programas Sociais do Governo Federal a diversas bases de dados oficiais. Al\u00e9m de realizar o cruzamento antes de conceder o benef\u00edcio \u00e0s fam\u00edlias inscritas, a gest\u00e3o do programa tem executado o procedimento com maior frequ\u00eancia, expandindo o n\u00famero de bases de dados oficiais usadas na compara\u00e7\u00e3o. De acordo com o secret\u00e1rio-executivo do MDS, Alberto Beltrame, essa redu\u00e7\u00e3o est\u00e1 relacionada ao aquecimento da economia e \u00e0 retomada do crescimento. \u201cMesmo em um cen\u00e1rio de ajuste fiscal e de dificuldades econ\u00f4micas, uma boa governan\u00e7a do Bolsa Fam\u00edlia tem permitido manter o programa sustent\u00e1vel, sem deixar na espera uma \u00fanica fam\u00edlia eleg\u00edvel e que necessite do programa\u201d, destacou. Condicionalidades Uma das condi\u00e7\u00f5es que as fam\u00edlias devem cumprir para receber o benef\u00edcio \u00e9 manter o percentual m\u00ednimo de 85% de frequ\u00eancia escolar para crian\u00e7as e adolescentes com idades de 6 a 15 anos e de 75% para jovens de 16 e 17 anos. No in\u00edcio deste m\u00eas, a frequ\u00eancia escolar dos estudantes benefici\u00e1rios do Bolsa Fam\u00edlia chegou a 87,47% entre junho e julho, segundo dados do Sistema de Acompanhamento da Frequ\u00eancia Escolar do Bolsa Fam\u00edlia (Sistema Presen\u00e7a), que acompanha mais de 15,2 milh\u00f5es de crian\u00e7as e adolescentes na faixa de 6 a 17 anos. Este foi o segundo maior percentual desde que a frequ\u00eancia escolar come\u00e7ou a ser acompanhada, em 2007 \u2014 o maior \u00edndice foi registrado em junho e julho de 2014, quando chegou a 88,61%. Por outro lado, em setembro deste ano, o acompanhamento de sa\u00fade do Bolsa Fam\u00edlia atingiu 75,2% das fam\u00edlias benefici\u00e1rias que fazem parte dessa categoria do programa. O resultado, que corresponde a 8,7 milh\u00f5es de fam\u00edlias, \u00e9 o melhor j\u00e1 registrado no primeiro semestre e o terceiro melhor da hist\u00f3ria. Com isso, 5,7 milh\u00f5es de crian\u00e7as de at\u00e9 7 anos tiveram o cart\u00e3o de vacinas atualizado e 387 mil gr\u00e1vidas realizaram o pr\u00e9-natal corretamente pelo Sistema \u00danico de Sa\u00fade (SUS), com o apoio do Minist\u00e9rio do Desenvolvimento Social (MDS).<\/p>\n","protected":false},"author":2,"featured_media":4443,"comment_status":"closed","ping_status":"open","sticky":false,"template":"","format":"standard","meta":{"_eb_attr":"","_jetpack_memberships_contains_paid_content":false,"footnotes":""},"categories":[11],"tags":[],"class_list":["post-4442","post","type-post","status-publish","format-standard","has-post-thumbnail","hentry","category-economia"],"yoast_head":"<!-- This site is optimized with the Yoast SEO plugin v26.5 - https:\/\/yoast.com\/wordpress\/plugins\/seo\/ -->\n<title>Mais de 200 mil fam\u00edlias passam a fazer parte do Bolsa Fam\u00edlia - Not&iacute;cias em Destaque<\/title>\n<meta name=\"robots\" content=\"index, follow, max-snippet:-1, max-image-preview:large, max-video-preview:-1\" \/>\n<link rel=\"canonical\" href=\"https:\/\/noticiasemdestaque.com\/cd\/?p=4442\" \/>\n<meta property=\"og:locale\" content=\"pt_BR\" \/>\n<meta property=\"og:type\" content=\"article\" \/>\n<meta property=\"og:title\" content=\"Mais de 200 mil fam\u00edlias passam a fazer parte do Bolsa Fam\u00edlia - Not&iacute;cias em Destaque\" \/>\n<meta property=\"og:description\" content=\"Com a inclus\u00e3o de mais de 218 mil fam\u00edlias no Bolsa Fam\u00edlia em setembro, a fila de espera do programa foi zerada pela quarta vez neste ano. Nos meses de janeiro, fevereiro e agosto, todos os benefici\u00e1rios que aguardavam para entrar no programa tamb\u00e9m foram inclu\u00eddos, um feito in\u00e9dito desde a cria\u00e7\u00e3o do Bolsa Fam\u00edlia. Neste m\u00eas, o Minist\u00e9rio do Desenvolvimento Social (MDS) repassar\u00e1 mais de R$ 2,4 bilh\u00f5es a quase 13,5 milh\u00f5es de fam\u00edlias brasileiras. O pagamento do benef\u00edcio, cujo valor m\u00e9dio \u00e9 de R$ 179,64, come\u00e7a nesta segunda-feira (18), e segue at\u00e9 o dia 29 de setembro. Os recursos ficam dispon\u00edveis para saque durante 90 dias. Dados do MDS apontam queda de 42% no n\u00famero de fam\u00edlias que retornaram ao programa, na compara\u00e7\u00e3o com anos anteriores. A pasta estima que, em 2017, aproximadamente 303 mil fam\u00edlias voltar\u00e3o a receber o benef\u00edcio. Os n\u00fameros s\u00e3o inferiores aos patamares de 2016, quando 519 mil fam\u00edlias retornaram ao Bolsa Fam\u00edlia, e de 2015, quando o MDS registrou o retorno de 423 mil fam\u00edlias. Cruzamento de dados Segundo o ministro do Desenvolvimento Social, Osmar Terra, o tempo que o MDS leva para identificar inconsist\u00eancias nos cadastros de benefici\u00e1rios diminuiu, gra\u00e7as a cruzamentos de dados mais frequentes. Segundo ele, isso garante uma melhor gest\u00e3o e governan\u00e7a do programa de transfer\u00eancia de renda. \u201cAo zerar a fila de espera, o governo federal mostra que \u00e9 poss\u00edvel aprimorar os mecanismos de controle do Bolsa Fam\u00edlia, afastando as pessoas que tinham renda maior e direcionando o benef\u00edcio para quem mais precisa\u201d, afirmou Terra. Para garantir que o recurso chegue a quem necessita, o MDS vem comparando as informa\u00e7\u00f5es declaradas pelos benefici\u00e1rios no Cadastro \u00danico para Programas Sociais do Governo Federal a diversas bases de dados oficiais. Al\u00e9m de realizar o cruzamento antes de conceder o benef\u00edcio \u00e0s fam\u00edlias inscritas, a gest\u00e3o do programa tem executado o procedimento com maior frequ\u00eancia, expandindo o n\u00famero de bases de dados oficiais usadas na compara\u00e7\u00e3o. De acordo com o secret\u00e1rio-executivo do MDS, Alberto Beltrame, essa redu\u00e7\u00e3o est\u00e1 relacionada ao aquecimento da economia e \u00e0 retomada do crescimento. \u201cMesmo em um cen\u00e1rio de ajuste fiscal e de dificuldades econ\u00f4micas, uma boa governan\u00e7a do Bolsa Fam\u00edlia tem permitido manter o programa sustent\u00e1vel, sem deixar na espera uma \u00fanica fam\u00edlia eleg\u00edvel e que necessite do programa\u201d, destacou. Condicionalidades Uma das condi\u00e7\u00f5es que as fam\u00edlias devem cumprir para receber o benef\u00edcio \u00e9 manter o percentual m\u00ednimo de 85% de frequ\u00eancia escolar para crian\u00e7as e adolescentes com idades de 6 a 15 anos e de 75% para jovens de 16 e 17 anos. No in\u00edcio deste m\u00eas, a frequ\u00eancia escolar dos estudantes benefici\u00e1rios do Bolsa Fam\u00edlia chegou a 87,47% entre junho e julho, segundo dados do Sistema de Acompanhamento da Frequ\u00eancia Escolar do Bolsa Fam\u00edlia (Sistema Presen\u00e7a), que acompanha mais de 15,2 milh\u00f5es de crian\u00e7as e adolescentes na faixa de 6 a 17 anos. Este foi o segundo maior percentual desde que a frequ\u00eancia escolar come\u00e7ou a ser acompanhada, em 2007 \u2014 o maior \u00edndice foi registrado em junho e julho de 2014, quando chegou a 88,61%. Por outro lado, em setembro deste ano, o acompanhamento de sa\u00fade do Bolsa Fam\u00edlia atingiu 75,2% das fam\u00edlias benefici\u00e1rias que fazem parte dessa categoria do programa. O resultado, que corresponde a 8,7 milh\u00f5es de fam\u00edlias, \u00e9 o melhor j\u00e1 registrado no primeiro semestre e o terceiro melhor da hist\u00f3ria. Com isso, 5,7 milh\u00f5es de crian\u00e7as de at\u00e9 7 anos tiveram o cart\u00e3o de vacinas atualizado e 387 mil gr\u00e1vidas realizaram o pr\u00e9-natal corretamente pelo Sistema \u00danico de Sa\u00fade (SUS), com o apoio do Minist\u00e9rio do Desenvolvimento Social (MDS).\" \/>\n<meta property=\"og:url\" content=\"https:\/\/noticiasemdestaque.com\/cd\/?p=4442\" \/>\n<meta property=\"og:site_name\" content=\"Not&iacute;cias em Destaque\" \/>\n<meta property=\"article:published_time\" content=\"2017-09-19T11:15:08+00:00\" \/>\n<meta property=\"og:image\" content=\"https:\/\/noticiasemdestaque.com\/cd\/wp-content\/uploads\/2017\/09\/cartao-bolsa-familia.jpg\" \/>\n\t<meta property=\"og:image:width\" content=\"660\" \/>\n\t<meta property=\"og:image:height\" content=\"371\" \/>\n\t<meta property=\"og:image:type\" content=\"image\/jpeg\" \/>\n<meta name=\"author\" content=\"Not\u00edcias em Destaque\" \/>\n<meta name=\"twitter:card\" content=\"summary_large_image\" \/>\n<meta name=\"twitter:label1\" content=\"Escrito por\" \/>\n\t<meta name=\"twitter:data1\" content=\"Not\u00edcias em Destaque\" \/>\n\t<meta name=\"twitter:label2\" content=\"Est. tempo de leitura\" \/>\n\t<meta name=\"twitter:data2\" content=\"3 minutos\" \/>\n<script type=\"application\/ld+json\" class=\"yoast-schema-graph\">{\"@context\":\"https:\/\/schema.org\",\"@graph\":[{\"@type\":\"Article\",\"@id\":\"https:\/\/noticiasemdestaque.com\/cd\/?p=4442#article\",\"isPartOf\":{\"@id\":\"https:\/\/noticiasemdestaque.com\/cd\/?p=4442\"},\"author\":{\"name\":\"Not\u00edcias em Destaque\",\"@id\":\"https:\/\/noticiasemdestaque.com\/cd\/#\/schema\/person\/21320b03a7e8bb90128938dafc9b908a\"},\"headline\":\"Mais de 200 mil fam\u00edlias passam a fazer parte do Bolsa Fam\u00edlia\",\"datePublished\":\"2017-09-19T11:15:08+00:00\",\"mainEntityOfPage\":{\"@id\":\"https:\/\/noticiasemdestaque.com\/cd\/?p=4442\"},\"wordCount\":663,\"publisher\":{\"@id\":\"https:\/\/noticiasemdestaque.com\/cd\/#organization\"},\"image\":{\"@id\":\"https:\/\/noticiasemdestaque.com\/cd\/?p=4442#primaryimage\"},\"thumbnailUrl\":\"https:\/\/noticiasemdestaque.com\/cd\/wp-content\/uploads\/2017\/09\/cartao-bolsa-familia.jpg\",\"articleSection\":[\"Economia\"],\"inLanguage\":\"pt-BR\"},{\"@type\":\"WebPage\",\"@id\":\"https:\/\/noticiasemdestaque.com\/cd\/?p=4442\",\"url\":\"https:\/\/noticiasemdestaque.com\/cd\/?p=4442\",\"name\":\"Mais de 200 mil fam\u00edlias passam a fazer parte do Bolsa Fam\u00edlia - Not&iacute;cias em Destaque\",\"isPartOf\":{\"@id\":\"https:\/\/noticiasemdestaque.com\/cd\/#website\"},\"primaryImageOfPage\":{\"@id\":\"https:\/\/noticiasemdestaque.com\/cd\/?p=4442#primaryimage\"},\"image\":{\"@id\":\"https:\/\/noticiasemdestaque.com\/cd\/?p=4442#primaryimage\"},\"thumbnailUrl\":\"https:\/\/noticiasemdestaque.com\/cd\/wp-content\/uploads\/2017\/09\/cartao-bolsa-familia.jpg\",\"datePublished\":\"2017-09-19T11:15:08+00:00\",\"breadcrumb\":{\"@id\":\"https:\/\/noticiasemdestaque.com\/cd\/?p=4442#breadcrumb\"},\"inLanguage\":\"pt-BR\",\"potentialAction\":[{\"@type\":\"ReadAction\",\"target\":[\"https:\/\/noticiasemdestaque.com\/cd\/?p=4442\"]}]},{\"@type\":\"ImageObject\",\"inLanguage\":\"pt-BR\",\"@id\":\"https:\/\/noticiasemdestaque.com\/cd\/?p=4442#primaryimage\",\"url\":\"https:\/\/noticiasemdestaque.com\/cd\/wp-content\/uploads\/2017\/09\/cartao-bolsa-familia.jpg\",\"contentUrl\":\"https:\/\/noticiasemdestaque.com\/cd\/wp-content\/uploads\/2017\/09\/cartao-bolsa-familia.jpg\",\"width\":660,\"height\":371},{\"@type\":\"BreadcrumbList\",\"@id\":\"https:\/\/noticiasemdestaque.com\/cd\/?p=4442#breadcrumb\",\"itemListElement\":[{\"@type\":\"ListItem\",\"position\":1,\"name\":\"In\u00edcio\",\"item\":\"https:\/\/noticiasemdestaque.com\/cd\/\"},{\"@type\":\"ListItem\",\"position\":2,\"name\":\"Mais de 200 mil fam\u00edlias passam a fazer parte do Bolsa Fam\u00edlia\"}]},{\"@type\":\"WebSite\",\"@id\":\"https:\/\/noticiasemdestaque.com\/cd\/#website\",\"url\":\"https:\/\/noticiasemdestaque.com\/cd\/\",\"name\":\"Not&iacute;cias em Destaque\",\"description\":\"\",\"publisher\":{\"@id\":\"https:\/\/noticiasemdestaque.com\/cd\/#organization\"},\"potentialAction\":[{\"@type\":\"SearchAction\",\"target\":{\"@type\":\"EntryPoint\",\"urlTemplate\":\"https:\/\/noticiasemdestaque.com\/cd\/?s={search_term_string}\"},\"query-input\":{\"@type\":\"PropertyValueSpecification\",\"valueRequired\":true,\"valueName\":\"search_term_string\"}}],\"inLanguage\":\"pt-BR\"},{\"@type\":\"Organization\",\"@id\":\"https:\/\/noticiasemdestaque.com\/cd\/#organization\",\"name\":\"Not\u00edcias em Destaque\",\"url\":\"https:\/\/noticiasemdestaque.com\/cd\/\",\"logo\":{\"@type\":\"ImageObject\",\"inLanguage\":\"pt-BR\",\"@id\":\"https:\/\/noticiasemdestaque.com\/cd\/#\/schema\/logo\/image\/\",\"url\":\"https:\/\/noticiasemdestaque.com\/cd\/wp-content\/uploads\/2022\/05\/imagem-base-noticiasemdestaque.png\",\"contentUrl\":\"https:\/\/noticiasemdestaque.com\/cd\/wp-content\/uploads\/2022\/05\/imagem-base-noticiasemdestaque.png\",\"width\":1200,\"height\":630,\"caption\":\"Not\u00edcias em Destaque\"},\"image\":{\"@id\":\"https:\/\/noticiasemdestaque.com\/cd\/#\/schema\/logo\/image\/\"}},{\"@type\":\"Person\",\"@id\":\"https:\/\/noticiasemdestaque.com\/cd\/#\/schema\/person\/21320b03a7e8bb90128938dafc9b908a\",\"name\":\"Not\u00edcias em Destaque\",\"url\":\"https:\/\/noticiasemdestaque.com\/cd\/?author=2\"}]}<\/script>\n<!-- \/ Yoast SEO plugin. -->","yoast_head_json":{"title":"Mais de 200 mil fam\u00edlias passam a fazer parte do Bolsa Fam\u00edlia - Not&iacute;cias em Destaque","robots":{"index":"index","follow":"follow","max-snippet":"max-snippet:-1","max-image-preview":"max-image-preview:large","max-video-preview":"max-video-preview:-1"},"canonical":"https:\/\/noticiasemdestaque.com\/cd\/?p=4442","og_locale":"pt_BR","og_type":"article","og_title":"Mais de 200 mil fam\u00edlias passam a fazer parte do Bolsa Fam\u00edlia - Not&iacute;cias em Destaque","og_description":"Com a inclus\u00e3o de mais de 218 mil fam\u00edlias no Bolsa Fam\u00edlia em setembro, a fila de espera do programa foi zerada pela quarta vez neste ano. Nos meses de janeiro, fevereiro e agosto, todos os benefici\u00e1rios que aguardavam para entrar no programa tamb\u00e9m foram inclu\u00eddos, um feito in\u00e9dito desde a cria\u00e7\u00e3o do Bolsa Fam\u00edlia. Neste m\u00eas, o Minist\u00e9rio do Desenvolvimento Social (MDS) repassar\u00e1 mais de R$ 2,4 bilh\u00f5es a quase 13,5 milh\u00f5es de fam\u00edlias brasileiras. O pagamento do benef\u00edcio, cujo valor m\u00e9dio \u00e9 de R$ 179,64, come\u00e7a nesta segunda-feira (18), e segue at\u00e9 o dia 29 de setembro. Os recursos ficam dispon\u00edveis para saque durante 90 dias. Dados do MDS apontam queda de 42% no n\u00famero de fam\u00edlias que retornaram ao programa, na compara\u00e7\u00e3o com anos anteriores. A pasta estima que, em 2017, aproximadamente 303 mil fam\u00edlias voltar\u00e3o a receber o benef\u00edcio. Os n\u00fameros s\u00e3o inferiores aos patamares de 2016, quando 519 mil fam\u00edlias retornaram ao Bolsa Fam\u00edlia, e de 2015, quando o MDS registrou o retorno de 423 mil fam\u00edlias. Cruzamento de dados Segundo o ministro do Desenvolvimento Social, Osmar Terra, o tempo que o MDS leva para identificar inconsist\u00eancias nos cadastros de benefici\u00e1rios diminuiu, gra\u00e7as a cruzamentos de dados mais frequentes. Segundo ele, isso garante uma melhor gest\u00e3o e governan\u00e7a do programa de transfer\u00eancia de renda. \u201cAo zerar a fila de espera, o governo federal mostra que \u00e9 poss\u00edvel aprimorar os mecanismos de controle do Bolsa Fam\u00edlia, afastando as pessoas que tinham renda maior e direcionando o benef\u00edcio para quem mais precisa\u201d, afirmou Terra. Para garantir que o recurso chegue a quem necessita, o MDS vem comparando as informa\u00e7\u00f5es declaradas pelos benefici\u00e1rios no Cadastro \u00danico para Programas Sociais do Governo Federal a diversas bases de dados oficiais. Al\u00e9m de realizar o cruzamento antes de conceder o benef\u00edcio \u00e0s fam\u00edlias inscritas, a gest\u00e3o do programa tem executado o procedimento com maior frequ\u00eancia, expandindo o n\u00famero de bases de dados oficiais usadas na compara\u00e7\u00e3o. De acordo com o secret\u00e1rio-executivo do MDS, Alberto Beltrame, essa redu\u00e7\u00e3o est\u00e1 relacionada ao aquecimento da economia e \u00e0 retomada do crescimento. \u201cMesmo em um cen\u00e1rio de ajuste fiscal e de dificuldades econ\u00f4micas, uma boa governan\u00e7a do Bolsa Fam\u00edlia tem permitido manter o programa sustent\u00e1vel, sem deixar na espera uma \u00fanica fam\u00edlia eleg\u00edvel e que necessite do programa\u201d, destacou. Condicionalidades Uma das condi\u00e7\u00f5es que as fam\u00edlias devem cumprir para receber o benef\u00edcio \u00e9 manter o percentual m\u00ednimo de 85% de frequ\u00eancia escolar para crian\u00e7as e adolescentes com idades de 6 a 15 anos e de 75% para jovens de 16 e 17 anos. No in\u00edcio deste m\u00eas, a frequ\u00eancia escolar dos estudantes benefici\u00e1rios do Bolsa Fam\u00edlia chegou a 87,47% entre junho e julho, segundo dados do Sistema de Acompanhamento da Frequ\u00eancia Escolar do Bolsa Fam\u00edlia (Sistema Presen\u00e7a), que acompanha mais de 15,2 milh\u00f5es de crian\u00e7as e adolescentes na faixa de 6 a 17 anos. Este foi o segundo maior percentual desde que a frequ\u00eancia escolar come\u00e7ou a ser acompanhada, em 2007 \u2014 o maior \u00edndice foi registrado em junho e julho de 2014, quando chegou a 88,61%. Por outro lado, em setembro deste ano, o acompanhamento de sa\u00fade do Bolsa Fam\u00edlia atingiu 75,2% das fam\u00edlias benefici\u00e1rias que fazem parte dessa categoria do programa. O resultado, que corresponde a 8,7 milh\u00f5es de fam\u00edlias, \u00e9 o melhor j\u00e1 registrado no primeiro semestre e o terceiro melhor da hist\u00f3ria. Com isso, 5,7 milh\u00f5es de crian\u00e7as de at\u00e9 7 anos tiveram o cart\u00e3o de vacinas atualizado e 387 mil gr\u00e1vidas realizaram o pr\u00e9-natal corretamente pelo Sistema \u00danico de Sa\u00fade (SUS), com o apoio do Minist\u00e9rio do Desenvolvimento Social (MDS).","og_url":"https:\/\/noticiasemdestaque.com\/cd\/?p=4442","og_site_name":"Not&iacute;cias em Destaque","article_published_time":"2017-09-19T11:15:08+00:00","og_image":[{"width":660,"height":371,"url":"https:\/\/noticiasemdestaque.com\/cd\/wp-content\/uploads\/2017\/09\/cartao-bolsa-familia.jpg","type":"image\/jpeg"}],"author":"Not\u00edcias em Destaque","twitter_card":"summary_large_image","twitter_misc":{"Escrito por":"Not\u00edcias em Destaque","Est. tempo de leitura":"3 minutos"},"schema":{"@context":"https:\/\/schema.org","@graph":[{"@type":"Article","@id":"https:\/\/noticiasemdestaque.com\/cd\/?p=4442#article","isPartOf":{"@id":"https:\/\/noticiasemdestaque.com\/cd\/?p=4442"},"author":{"name":"Not\u00edcias em Destaque","@id":"https:\/\/noticiasemdestaque.com\/cd\/#\/schema\/person\/21320b03a7e8bb90128938dafc9b908a"},"headline":"Mais de 200 mil fam\u00edlias passam a fazer parte do Bolsa Fam\u00edlia","datePublished":"2017-09-19T11:15:08+00:00","mainEntityOfPage":{"@id":"https:\/\/noticiasemdestaque.com\/cd\/?p=4442"},"wordCount":663,"publisher":{"@id":"https:\/\/noticiasemdestaque.com\/cd\/#organization"},"image":{"@id":"https:\/\/noticiasemdestaque.com\/cd\/?p=4442#primaryimage"},"thumbnailUrl":"https:\/\/noticiasemdestaque.com\/cd\/wp-content\/uploads\/2017\/09\/cartao-bolsa-familia.jpg","articleSection":["Economia"],"inLanguage":"pt-BR"},{"@type":"WebPage","@id":"https:\/\/noticiasemdestaque.com\/cd\/?p=4442","url":"https:\/\/noticiasemdestaque.com\/cd\/?p=4442","name":"Mais de 200 mil fam\u00edlias passam a fazer parte do Bolsa Fam\u00edlia - Not&iacute;cias em Destaque","isPartOf":{"@id":"https:\/\/noticiasemdestaque.com\/cd\/#website"},"primaryImageOfPage":{"@id":"https:\/\/noticiasemdestaque.com\/cd\/?p=4442#primaryimage"},"image":{"@id":"https:\/\/noticiasemdestaque.com\/cd\/?p=4442#primaryimage"},"thumbnailUrl":"https:\/\/noticiasemdestaque.com\/cd\/wp-content\/uploads\/2017\/09\/cartao-bolsa-familia.jpg","datePublished":"2017-09-19T11:15:08+00:00","breadcrumb":{"@id":"https:\/\/noticiasemdestaque.com\/cd\/?p=4442#breadcrumb"},"inLanguage":"pt-BR","potentialAction":[{"@type":"ReadAction","target":["https:\/\/noticiasemdestaque.com\/cd\/?p=4442"]}]},{"@type":"ImageObject","inLanguage":"pt-BR","@id":"https:\/\/noticiasemdestaque.com\/cd\/?p=4442#primaryimage","url":"https:\/\/noticiasemdestaque.com\/cd\/wp-content\/uploads\/2017\/09\/cartao-bolsa-familia.jpg","contentUrl":"https:\/\/noticiasemdestaque.com\/cd\/wp-content\/uploads\/2017\/09\/cartao-bolsa-familia.jpg","width":660,"height":371},{"@type":"BreadcrumbList","@id":"https:\/\/noticiasemdestaque.com\/cd\/?p=4442#breadcrumb","itemListElement":[{"@type":"ListItem","position":1,"name":"In\u00edcio","item":"https:\/\/noticiasemdestaque.com\/cd\/"},{"@type":"ListItem","position":2,"name":"Mais de 200 mil fam\u00edlias passam a fazer parte do Bolsa Fam\u00edlia"}]},{"@type":"WebSite","@id":"https:\/\/noticiasemdestaque.com\/cd\/#website","url":"https:\/\/noticiasemdestaque.com\/cd\/","name":"Not&iacute;cias em Destaque","description":"","publisher":{"@id":"https:\/\/noticiasemdestaque.com\/cd\/#organization"},"potentialAction":[{"@type":"SearchAction","target":{"@type":"EntryPoint","urlTemplate":"https:\/\/noticiasemdestaque.com\/cd\/?s={search_term_string}"},"query-input":{"@type":"PropertyValueSpecification","valueRequired":true,"valueName":"search_term_string"}}],"inLanguage":"pt-BR"},{"@type":"Organization","@id":"https:\/\/noticiasemdestaque.com\/cd\/#organization","name":"Not\u00edcias em Destaque","url":"https:\/\/noticiasemdestaque.com\/cd\/","logo":{"@type":"ImageObject","inLanguage":"pt-BR","@id":"https:\/\/noticiasemdestaque.com\/cd\/#\/schema\/logo\/image\/","url":"https:\/\/noticiasemdestaque.com\/cd\/wp-content\/uploads\/2022\/05\/imagem-base-noticiasemdestaque.png","contentUrl":"https:\/\/noticiasemdestaque.com\/cd\/wp-content\/uploads\/2022\/05\/imagem-base-noticiasemdestaque.png","width":1200,"height":630,"caption":"Not\u00edcias em Destaque"},"image":{"@id":"https:\/\/noticiasemdestaque.com\/cd\/#\/schema\/logo\/image\/"}},{"@type":"Person","@id":"https:\/\/noticiasemdestaque.com\/cd\/#\/schema\/person\/21320b03a7e8bb90128938dafc9b908a","name":"Not\u00edcias em Destaque","url":"https:\/\/noticiasemdestaque.com\/cd\/?author=2"}]}},"jetpack_featured_media_url":"https:\/\/noticiasemdestaque.com\/cd\/wp-content\/uploads\/2017\/09\/cartao-bolsa-familia.jpg","jetpack_sharing_enabled":true,"_links":{"self":[{"href":"https:\/\/noticiasemdestaque.com\/cd\/index.php?rest_route=\/wp\/v2\/posts\/4442","targetHints":{"allow":["GET"]}}],"collection":[{"href":"https:\/\/noticiasemdestaque.com\/cd\/index.php?rest_route=\/wp\/v2\/posts"}],"about":[{"href":"https:\/\/noticiasemdestaque.com\/cd\/index.php?rest_route=\/wp\/v2\/types\/post"}],"author":[{"embeddable":true,"href":"https:\/\/noticiasemdestaque.com\/cd\/index.php?rest_route=\/wp\/v2\/users\/2"}],"replies":[{"embeddable":true,"href":"https:\/\/noticiasemdestaque.com\/cd\/index.php?rest_route=%2Fwp%2Fv2%2Fcomments&post=4442"}],"version-history":[{"count":1,"href":"https:\/\/noticiasemdestaque.com\/cd\/index.php?rest_route=\/wp\/v2\/posts\/4442\/revisions"}],"predecessor-version":[{"id":4444,"href":"https:\/\/noticiasemdestaque.com\/cd\/index.php?rest_route=\/wp\/v2\/posts\/4442\/revisions\/4444"}],"wp:featuredmedia":[{"embeddable":true,"href":"https:\/\/noticiasemdestaque.com\/cd\/index.php?rest_route=\/wp\/v2\/media\/4443"}],"wp:attachment":[{"href":"https:\/\/noticiasemdestaque.com\/cd\/index.php?rest_route=%2Fwp%2Fv2%2Fmedia&parent=4442"}],"wp:term":[{"taxonomy":"category","embeddable":true,"href":"https:\/\/noticiasemdestaque.com\/cd\/index.php?rest_route=%2Fwp%2Fv2%2Fcategories&post=4442"},{"taxonomy":"post_tag","embeddable":true,"href":"https:\/\/noticiasemdestaque.com\/cd\/index.php?rest_route=%2Fwp%2Fv2%2Ftags&post=4442"}],"curies":[{"name":"wp","href":"https:\/\/api.w.org\/{rel}","templated":true}]}}