{"id":44413,"date":"2022-12-01T07:55:37","date_gmt":"2022-12-01T10:55:37","guid":{"rendered":"https:\/\/noticiasemdestaque.com\/cd\/?p=44413"},"modified":"2022-12-01T07:55:37","modified_gmt":"2022-12-01T10:55:37","slug":"camara-de-sume-aprova-projeto-que-possibilita-a-construcao-de-um-laboratorio-de-controle-de-qualidade-de-agua-no-municipio","status":"publish","type":"post","link":"https:\/\/noticiasemdestaque.com\/cd\/?p=44413","title":{"rendered":"C\u00e2mara de Sum\u00e9 aprova projeto que possibilita a constru\u00e7\u00e3o de um laborat\u00f3rio de controle de qualidade de \u00e1gua no munic\u00edpio"},"content":{"rendered":"<p><a href=\"https:\/\/noticiasemdestaque.com\/cd\/wp-content\/uploads\/2022\/12\/317722743_456629036661457_7506084512552338995_n.jpg\"><img fetchpriority=\"high\" decoding=\"async\" class=\"size-medium wp-image-44420 aligncenter\" src=\"https:\/\/noticiasemdestaque.com\/cd\/wp-content\/uploads\/2022\/12\/317722743_456629036661457_7506084512552338995_n-300x200.jpg\" alt=\"\" width=\"300\" height=\"200\" srcset=\"https:\/\/noticiasemdestaque.com\/cd\/wp-content\/uploads\/2022\/12\/317722743_456629036661457_7506084512552338995_n-300x200.jpg 300w, https:\/\/noticiasemdestaque.com\/cd\/wp-content\/uploads\/2022\/12\/317722743_456629036661457_7506084512552338995_n-1024x681.jpg 1024w, https:\/\/noticiasemdestaque.com\/cd\/wp-content\/uploads\/2022\/12\/317722743_456629036661457_7506084512552338995_n-768x511.jpg 768w, https:\/\/noticiasemdestaque.com\/cd\/wp-content\/uploads\/2022\/12\/317722743_456629036661457_7506084512552338995_n-1536x1022.jpg 1536w, https:\/\/noticiasemdestaque.com\/cd\/wp-content\/uploads\/2022\/12\/317722743_456629036661457_7506084512552338995_n-18x12.jpg 18w, https:\/\/noticiasemdestaque.com\/cd\/wp-content\/uploads\/2022\/12\/317722743_456629036661457_7506084512552338995_n.jpg 2048w\" sizes=\"(max-width: 300px) 100vw, 300px\" \/><\/a><\/p>\n<p>Sess\u00e3o da C\u00e2mara de Sum\u00e9 debate melhorias para a popula\u00e7\u00e3o do munic\u00edpio<\/p>\n<p>Na noite desta ter\u00e7a-feira (29), a C\u00e2mara de Vereadores de Sum\u00e9 realizou a sess\u00e3o ordin\u00e1ria.<\/p>\n<p>Foi aprovado o projeto de lei 743\/2022 de autoria do Poder Executivo que autoriza o munic\u00edpio a doar terreno ao Cons\u00f3rcio Intermunicipal de Sa\u00fade do Cariri Ocidental &#8211; CISCO, que no prazo improrrog\u00e1vel de 03 anos, ir\u00e1 construir e edificar um laborat\u00f3rio de controle de qualidade de \u00e1gua de m\u00e9dia complexidade, neste munic\u00edpio.<\/p>\n<p>Foi aprovado o projeto de lei 745\/2022 de autoria do Poder Executivo que disp\u00f5e sobre gest\u00e3o democr\u00e1tica nas escolas. De acordo com o projeto, a 1\u00aa etapa ser\u00e1 composta por uma an\u00e1lise curricular, de car\u00e1ter eliminat\u00f3rio e classificat\u00f3rio, j\u00e1 a 2\u00aa etapa consistir\u00e1 em entrevista, a ser pontuada por meio de crit\u00e9rios objetivos, de car\u00e1ter eliminat\u00f3rio e classificat\u00f3rio.<\/p>\n<p><a href=\"https:\/\/noticiasemdestaque.com\/cd\/wp-content\/uploads\/2022\/12\/CM-2.jpg\"><img decoding=\"async\" class=\"size-medium wp-image-44415 aligncenter\" src=\"https:\/\/noticiasemdestaque.com\/cd\/wp-content\/uploads\/2022\/12\/CM-2-300x286.jpg\" alt=\"\" width=\"300\" height=\"286\" srcset=\"https:\/\/noticiasemdestaque.com\/cd\/wp-content\/uploads\/2022\/12\/CM-2-300x286.jpg 300w, https:\/\/noticiasemdestaque.com\/cd\/wp-content\/uploads\/2022\/12\/CM-2-1024x975.jpg 1024w, https:\/\/noticiasemdestaque.com\/cd\/wp-content\/uploads\/2022\/12\/CM-2-768x731.jpg 768w, https:\/\/noticiasemdestaque.com\/cd\/wp-content\/uploads\/2022\/12\/CM-2-1536x1462.jpg 1536w, https:\/\/noticiasemdestaque.com\/cd\/wp-content\/uploads\/2022\/12\/CM-2-13x12.jpg 13w, https:\/\/noticiasemdestaque.com\/cd\/wp-content\/uploads\/2022\/12\/CM-2.jpg 2005w\" sizes=\"(max-width: 300px) 100vw, 300px\" \/><\/a><\/p>\n<p>Foi aprovado o projeto de lei 744\/2022 de autoria do vereador Jos\u00e9 Ant\u00f4nio que denomina a Passagem Molhada Pr\u00edcilio Gon\u00e7alves Ribeiro no S\u00edtio Riacho da Ro\u00e7a, localizada na zona rural do munic\u00edpio de Sum\u00e9-PB.<\/p>\n<p><a href=\"https:\/\/noticiasemdestaque.com\/cd\/wp-content\/uploads\/2022\/12\/CM-1.jpg\"><img decoding=\"async\" class=\"size-medium wp-image-44414 aligncenter\" src=\"https:\/\/noticiasemdestaque.com\/cd\/wp-content\/uploads\/2022\/12\/CM-1-264x300.jpg\" alt=\"\" width=\"264\" height=\"300\" srcset=\"https:\/\/noticiasemdestaque.com\/cd\/wp-content\/uploads\/2022\/12\/CM-1-264x300.jpg 264w, https:\/\/noticiasemdestaque.com\/cd\/wp-content\/uploads\/2022\/12\/CM-1-900x1024.jpg 900w, https:\/\/noticiasemdestaque.com\/cd\/wp-content\/uploads\/2022\/12\/CM-1-768x874.jpg 768w, https:\/\/noticiasemdestaque.com\/cd\/wp-content\/uploads\/2022\/12\/CM-1-11x12.jpg 11w, https:\/\/noticiasemdestaque.com\/cd\/wp-content\/uploads\/2022\/12\/CM-1.jpg 1333w\" sizes=\"(max-width: 264px) 100vw, 264px\" \/><\/a><\/p>\n<p>O vereador Ant\u00f4nio Carlos Sarmento apresentou voto de Pesar \u00e0 Fam\u00edlia do Senhor Sebasti\u00e3o Rob\u00e9rio Rodrigues de Moura, conhecido por Urubu, o requerimento foi subscrito pelo vereador Francisco Fontinele.<\/p>\n<p><a href=\"https:\/\/noticiasemdestaque.com\/cd\/wp-content\/uploads\/2022\/12\/CM.jpg\"><img loading=\"lazy\" decoding=\"async\" class=\"size-medium wp-image-44419 aligncenter\" src=\"https:\/\/noticiasemdestaque.com\/cd\/wp-content\/uploads\/2022\/12\/CM-300x285.jpg\" alt=\"\" width=\"300\" height=\"285\" srcset=\"https:\/\/noticiasemdestaque.com\/cd\/wp-content\/uploads\/2022\/12\/CM-300x285.jpg 300w, https:\/\/noticiasemdestaque.com\/cd\/wp-content\/uploads\/2022\/12\/CM-1024x974.jpg 1024w, https:\/\/noticiasemdestaque.com\/cd\/wp-content\/uploads\/2022\/12\/CM-768x731.jpg 768w, https:\/\/noticiasemdestaque.com\/cd\/wp-content\/uploads\/2022\/12\/CM-1536x1462.jpg 1536w, https:\/\/noticiasemdestaque.com\/cd\/wp-content\/uploads\/2022\/12\/CM-13x12.jpg 13w, https:\/\/noticiasemdestaque.com\/cd\/wp-content\/uploads\/2022\/12\/CM.jpg 1817w\" sizes=\"(max-width: 300px) 100vw, 300px\" \/><\/a><\/p>\n<p>O vereador Cordeirinho Moto Pe\u00e7as apresentou requerimento ao Secret\u00e1rio de Cultura e Esportes Rivaldo Oliviera Ramos, solicitando a aquisi\u00e7\u00e3o de ternos esportivos na cor preta para o time de futebol Vasco do Feij\u00e3o.<\/p>\n<p><a href=\"https:\/\/noticiasemdestaque.com\/cd\/wp-content\/uploads\/2022\/12\/CM-4.jpg\"><img loading=\"lazy\" decoding=\"async\" class=\"size-medium wp-image-44416 aligncenter\" src=\"https:\/\/noticiasemdestaque.com\/cd\/wp-content\/uploads\/2022\/12\/CM-4-277x300.jpg\" alt=\"\" width=\"277\" height=\"300\" srcset=\"https:\/\/noticiasemdestaque.com\/cd\/wp-content\/uploads\/2022\/12\/CM-4-277x300.jpg 277w, https:\/\/noticiasemdestaque.com\/cd\/wp-content\/uploads\/2022\/12\/CM-4-947x1024.jpg 947w, https:\/\/noticiasemdestaque.com\/cd\/wp-content\/uploads\/2022\/12\/CM-4-768x831.jpg 768w, https:\/\/noticiasemdestaque.com\/cd\/wp-content\/uploads\/2022\/12\/CM-4-1420x1536.jpg 1420w, https:\/\/noticiasemdestaque.com\/cd\/wp-content\/uploads\/2022\/12\/CM-4-11x12.jpg 11w, https:\/\/noticiasemdestaque.com\/cd\/wp-content\/uploads\/2022\/12\/CM-4.jpg 1717w\" sizes=\"(max-width: 277px) 100vw, 277px\" \/><\/a><\/p>\n<p>O vereador Dida Alves apresentou requerimento solicitando que seja feita a pintura da fachada do Museu Miguel Guilherme, sendo um paliativo em car\u00e1ter de emerg\u00eancia, levando em considera\u00e7\u00e3o a aproxima\u00e7\u00e3o da festa do dia 08 de dezembro.<\/p>\n<p>Dida apresentou voto de Pesar \u00e0 fam\u00edlia do Senhor Gilvan da Silva Leite, conhecido por todos como Picha.<\/p>\n<p>Durante a sess\u00e3o apresentou requerimento para que seja feito o ro\u00e7o e a ilumina\u00e7\u00e3o do acesso pavimentado da subida da serra.<\/p>\n<p>O vereador requereu a amplia\u00e7\u00e3o e melhoramento da ilumina\u00e7\u00e3o na parte interna e externa do Cemit\u00e9rio Municipal, e que veja a possibilidade de abrir aos domingos at\u00e9 as 20h. Requereu ainda, a instala\u00e7\u00e3o de refletores para ilumina\u00e7\u00e3o da est\u00e1tua de Pe. Silvio em frente \u00e0 igreja matriz, se poss\u00edvel at\u00e9 a data comemorativa da Padroeira.<\/p>\n<p>Por fim, Dida solicitou que a gest\u00e3o municipal veja a possibilidade de decora\u00e7\u00e3o natalina em espa\u00e7o p\u00fablico, a exemplo da Pra\u00e7a Jos\u00e9 Am\u00e9rico.<\/p>\n<p><a href=\"https:\/\/noticiasemdestaque.com\/cd\/wp-content\/uploads\/2022\/12\/CM-5.jpg\"><img loading=\"lazy\" decoding=\"async\" class=\"size-medium wp-image-44417 aligncenter\" src=\"https:\/\/noticiasemdestaque.com\/cd\/wp-content\/uploads\/2022\/12\/CM-5-286x300.jpg\" alt=\"\" width=\"286\" height=\"300\" srcset=\"https:\/\/noticiasemdestaque.com\/cd\/wp-content\/uploads\/2022\/12\/CM-5-286x300.jpg 286w, https:\/\/noticiasemdestaque.com\/cd\/wp-content\/uploads\/2022\/12\/CM-5-978x1024.jpg 978w, https:\/\/noticiasemdestaque.com\/cd\/wp-content\/uploads\/2022\/12\/CM-5-768x804.jpg 768w, https:\/\/noticiasemdestaque.com\/cd\/wp-content\/uploads\/2022\/12\/CM-5-1467x1536.jpg 1467w, https:\/\/noticiasemdestaque.com\/cd\/wp-content\/uploads\/2022\/12\/CM-5-11x12.jpg 11w, https:\/\/noticiasemdestaque.com\/cd\/wp-content\/uploads\/2022\/12\/CM-5.jpg 1697w\" sizes=\"(max-width: 286px) 100vw, 286px\" \/><\/a><\/p>\n<p>O vereador Bomba solicitou atrav\u00e9s de requerimento a recupera\u00e7\u00e3o dos brinquedos da Pra\u00e7a Severina do Chal\u00e9, localizada na Vila do Chaves, reposi\u00e7\u00e3o de l\u00e2mpadas para a Rua Fausto Henrique, localizado no Bairro Mandacaru de Cima.<\/p>\n<p><a href=\"https:\/\/noticiasemdestaque.com\/cd\/wp-content\/uploads\/2022\/12\/CM-6.jpg\"><img loading=\"lazy\" decoding=\"async\" class=\"size-medium wp-image-44418 aligncenter\" src=\"https:\/\/noticiasemdestaque.com\/cd\/wp-content\/uploads\/2022\/12\/CM-6-300x273.jpg\" alt=\"\" width=\"300\" height=\"273\" srcset=\"https:\/\/noticiasemdestaque.com\/cd\/wp-content\/uploads\/2022\/12\/CM-6-300x273.jpg 300w, https:\/\/noticiasemdestaque.com\/cd\/wp-content\/uploads\/2022\/12\/CM-6-1024x931.jpg 1024w, https:\/\/noticiasemdestaque.com\/cd\/wp-content\/uploads\/2022\/12\/CM-6-768x698.jpg 768w, https:\/\/noticiasemdestaque.com\/cd\/wp-content\/uploads\/2022\/12\/CM-6-1536x1396.jpg 1536w, https:\/\/noticiasemdestaque.com\/cd\/wp-content\/uploads\/2022\/12\/CM-6-13x12.jpg 13w, https:\/\/noticiasemdestaque.com\/cd\/wp-content\/uploads\/2022\/12\/CM-6.jpg 1844w\" sizes=\"(max-width: 300px) 100vw, 300px\" \/><\/a><\/p>\n<p>O vereador Francisco Fontinele apresentou solicita\u00e7\u00e3o para que seja feito reparo na cisterna localizado no S\u00edtio Jurema de Perom de propriedade da Senhora Telma Alves Cariri.<\/p>\n<p>Ascom\/C\u00e2mara<\/p>\n","protected":false},"excerpt":{"rendered":"<p>Sess\u00e3o da C\u00e2mara de Sum\u00e9 debate melhorias para a popula\u00e7\u00e3o do munic\u00edpio Na noite desta ter\u00e7a-feira (29), a C\u00e2mara de Vereadores de Sum\u00e9 realizou a sess\u00e3o ordin\u00e1ria. Foi aprovado o projeto de lei 743\/2022 de autoria do Poder Executivo que autoriza o munic\u00edpio a doar terreno ao Cons\u00f3rcio Intermunicipal de Sa\u00fade do Cariri Ocidental &#8211; CISCO, que no prazo improrrog\u00e1vel de 03 anos, ir\u00e1 construir e edificar um laborat\u00f3rio de controle de qualidade de \u00e1gua de m\u00e9dia complexidade, neste munic\u00edpio. Foi aprovado o projeto de lei 745\/2022 de autoria do Poder Executivo que disp\u00f5e sobre gest\u00e3o democr\u00e1tica nas escolas. De acordo com o projeto, a 1\u00aa etapa ser\u00e1 composta por uma an\u00e1lise curricular, de car\u00e1ter eliminat\u00f3rio e classificat\u00f3rio, j\u00e1 a 2\u00aa etapa consistir\u00e1 em entrevista, a ser pontuada por meio de crit\u00e9rios objetivos, de car\u00e1ter eliminat\u00f3rio e classificat\u00f3rio. Foi aprovado o projeto de lei 744\/2022 de autoria do vereador Jos\u00e9 Ant\u00f4nio que denomina a Passagem Molhada Pr\u00edcilio Gon\u00e7alves Ribeiro no S\u00edtio Riacho da Ro\u00e7a, localizada na zona rural do munic\u00edpio de Sum\u00e9-PB. O vereador Ant\u00f4nio Carlos Sarmento apresentou voto de Pesar \u00e0 Fam\u00edlia do Senhor Sebasti\u00e3o Rob\u00e9rio Rodrigues de Moura, conhecido por Urubu, o requerimento foi subscrito pelo vereador Francisco Fontinele. O vereador Cordeirinho Moto Pe\u00e7as apresentou requerimento ao Secret\u00e1rio de Cultura e Esportes Rivaldo Oliviera Ramos, solicitando a aquisi\u00e7\u00e3o de ternos esportivos na cor preta para o time de futebol Vasco do Feij\u00e3o. O vereador Dida Alves apresentou requerimento solicitando que seja feita a pintura da fachada do Museu Miguel Guilherme, sendo um paliativo em car\u00e1ter de emerg\u00eancia, levando em considera\u00e7\u00e3o a aproxima\u00e7\u00e3o da festa do dia 08 de dezembro. Dida apresentou voto de Pesar \u00e0 fam\u00edlia do Senhor Gilvan da Silva Leite, conhecido por todos como Picha. Durante a sess\u00e3o apresentou requerimento para que seja feito o ro\u00e7o e a ilumina\u00e7\u00e3o do acesso pavimentado da subida da serra. O vereador requereu a amplia\u00e7\u00e3o e melhoramento da ilumina\u00e7\u00e3o na parte interna e externa do Cemit\u00e9rio Municipal, e que veja a possibilidade de abrir aos domingos at\u00e9 as 20h. Requereu ainda, a instala\u00e7\u00e3o de refletores para ilumina\u00e7\u00e3o da est\u00e1tua de Pe. Silvio em frente \u00e0 igreja matriz, se poss\u00edvel at\u00e9 a data comemorativa da Padroeira. Por fim, Dida solicitou que a gest\u00e3o municipal veja a possibilidade de decora\u00e7\u00e3o natalina em espa\u00e7o p\u00fablico, a exemplo da Pra\u00e7a Jos\u00e9 Am\u00e9rico. O vereador Bomba solicitou atrav\u00e9s de requerimento a recupera\u00e7\u00e3o dos brinquedos da Pra\u00e7a Severina do Chal\u00e9, localizada na Vila do Chaves, reposi\u00e7\u00e3o de l\u00e2mpadas para a Rua Fausto Henrique, localizado no Bairro Mandacaru de Cima. O vereador Francisco Fontinele apresentou solicita\u00e7\u00e3o para que seja feito reparo na cisterna localizado no S\u00edtio Jurema de Perom de propriedade da Senhora Telma Alves Cariri. Ascom\/C\u00e2mara<\/p>\n","protected":false},"author":2,"featured_media":44420,"comment_status":"closed","ping_status":"open","sticky":false,"template":"","format":"standard","meta":{"_eb_attr":"","_jetpack_memberships_contains_paid_content":false,"footnotes":""},"categories":[3],"tags":[],"class_list":["post-44413","post","type-post","status-publish","format-standard","has-post-thumbnail","hentry","category-cidades"],"yoast_head":"<!-- This site is optimized with the Yoast SEO plugin v26.5 - https:\/\/yoast.com\/wordpress\/plugins\/seo\/ -->\n<title>C\u00e2mara de Sum\u00e9 aprova projeto que possibilita a constru\u00e7\u00e3o de um laborat\u00f3rio de controle de qualidade de \u00e1gua no munic\u00edpio - Not&iacute;cias em Destaque<\/title>\n<meta name=\"robots\" content=\"index, follow, max-snippet:-1, max-image-preview:large, max-video-preview:-1\" \/>\n<link rel=\"canonical\" href=\"https:\/\/noticiasemdestaque.com\/cd\/?p=44413\" \/>\n<meta property=\"og:locale\" content=\"pt_BR\" \/>\n<meta property=\"og:type\" content=\"article\" \/>\n<meta property=\"og:title\" content=\"C\u00e2mara de Sum\u00e9 aprova projeto que possibilita a constru\u00e7\u00e3o de um laborat\u00f3rio de controle de qualidade de \u00e1gua no munic\u00edpio - Not&iacute;cias em Destaque\" \/>\n<meta property=\"og:description\" content=\"Sess\u00e3o da C\u00e2mara de Sum\u00e9 debate melhorias para a popula\u00e7\u00e3o do munic\u00edpio Na noite desta ter\u00e7a-feira (29), a C\u00e2mara de Vereadores de Sum\u00e9 realizou a sess\u00e3o ordin\u00e1ria. Foi aprovado o projeto de lei 743\/2022 de autoria do Poder Executivo que autoriza o munic\u00edpio a doar terreno ao Cons\u00f3rcio Intermunicipal de Sa\u00fade do Cariri Ocidental &#8211; CISCO, que no prazo improrrog\u00e1vel de 03 anos, ir\u00e1 construir e edificar um laborat\u00f3rio de controle de qualidade de \u00e1gua de m\u00e9dia complexidade, neste munic\u00edpio. Foi aprovado o projeto de lei 745\/2022 de autoria do Poder Executivo que disp\u00f5e sobre gest\u00e3o democr\u00e1tica nas escolas. De acordo com o projeto, a 1\u00aa etapa ser\u00e1 composta por uma an\u00e1lise curricular, de car\u00e1ter eliminat\u00f3rio e classificat\u00f3rio, j\u00e1 a 2\u00aa etapa consistir\u00e1 em entrevista, a ser pontuada por meio de crit\u00e9rios objetivos, de car\u00e1ter eliminat\u00f3rio e classificat\u00f3rio. Foi aprovado o projeto de lei 744\/2022 de autoria do vereador Jos\u00e9 Ant\u00f4nio que denomina a Passagem Molhada Pr\u00edcilio Gon\u00e7alves Ribeiro no S\u00edtio Riacho da Ro\u00e7a, localizada na zona rural do munic\u00edpio de Sum\u00e9-PB. O vereador Ant\u00f4nio Carlos Sarmento apresentou voto de Pesar \u00e0 Fam\u00edlia do Senhor Sebasti\u00e3o Rob\u00e9rio Rodrigues de Moura, conhecido por Urubu, o requerimento foi subscrito pelo vereador Francisco Fontinele. O vereador Cordeirinho Moto Pe\u00e7as apresentou requerimento ao Secret\u00e1rio de Cultura e Esportes Rivaldo Oliviera Ramos, solicitando a aquisi\u00e7\u00e3o de ternos esportivos na cor preta para o time de futebol Vasco do Feij\u00e3o. O vereador Dida Alves apresentou requerimento solicitando que seja feita a pintura da fachada do Museu Miguel Guilherme, sendo um paliativo em car\u00e1ter de emerg\u00eancia, levando em considera\u00e7\u00e3o a aproxima\u00e7\u00e3o da festa do dia 08 de dezembro. Dida apresentou voto de Pesar \u00e0 fam\u00edlia do Senhor Gilvan da Silva Leite, conhecido por todos como Picha. Durante a sess\u00e3o apresentou requerimento para que seja feito o ro\u00e7o e a ilumina\u00e7\u00e3o do acesso pavimentado da subida da serra. O vereador requereu a amplia\u00e7\u00e3o e melhoramento da ilumina\u00e7\u00e3o na parte interna e externa do Cemit\u00e9rio Municipal, e que veja a possibilidade de abrir aos domingos at\u00e9 as 20h. Requereu ainda, a instala\u00e7\u00e3o de refletores para ilumina\u00e7\u00e3o da est\u00e1tua de Pe. Silvio em frente \u00e0 igreja matriz, se poss\u00edvel at\u00e9 a data comemorativa da Padroeira. Por fim, Dida solicitou que a gest\u00e3o municipal veja a possibilidade de decora\u00e7\u00e3o natalina em espa\u00e7o p\u00fablico, a exemplo da Pra\u00e7a Jos\u00e9 Am\u00e9rico. O vereador Bomba solicitou atrav\u00e9s de requerimento a recupera\u00e7\u00e3o dos brinquedos da Pra\u00e7a Severina do Chal\u00e9, localizada na Vila do Chaves, reposi\u00e7\u00e3o de l\u00e2mpadas para a Rua Fausto Henrique, localizado no Bairro Mandacaru de Cima. O vereador Francisco Fontinele apresentou solicita\u00e7\u00e3o para que seja feito reparo na cisterna localizado no S\u00edtio Jurema de Perom de propriedade da Senhora Telma Alves Cariri. Ascom\/C\u00e2mara\" \/>\n<meta property=\"og:url\" content=\"https:\/\/noticiasemdestaque.com\/cd\/?p=44413\" \/>\n<meta property=\"og:site_name\" content=\"Not&iacute;cias em Destaque\" \/>\n<meta property=\"article:published_time\" content=\"2022-12-01T10:55:37+00:00\" \/>\n<meta property=\"og:image\" content=\"https:\/\/noticiasemdestaque.com\/cd\/wp-content\/uploads\/2022\/12\/317722743_456629036661457_7506084512552338995_n.jpg\" \/>\n\t<meta property=\"og:image:width\" content=\"2048\" \/>\n\t<meta property=\"og:image:height\" content=\"1362\" \/>\n\t<meta property=\"og:image:type\" content=\"image\/jpeg\" \/>\n<meta name=\"author\" content=\"Not\u00edcias em Destaque\" \/>\n<meta name=\"twitter:card\" content=\"summary_large_image\" \/>\n<meta name=\"twitter:label1\" content=\"Escrito por\" \/>\n\t<meta name=\"twitter:data1\" content=\"Not\u00edcias em Destaque\" \/>\n\t<meta name=\"twitter:label2\" content=\"Est. tempo de leitura\" \/>\n\t<meta name=\"twitter:data2\" content=\"4 minutos\" \/>\n<script type=\"application\/ld+json\" class=\"yoast-schema-graph\">{\"@context\":\"https:\/\/schema.org\",\"@graph\":[{\"@type\":\"Article\",\"@id\":\"https:\/\/noticiasemdestaque.com\/cd\/?p=44413#article\",\"isPartOf\":{\"@id\":\"https:\/\/noticiasemdestaque.com\/cd\/?p=44413\"},\"author\":{\"name\":\"Not\u00edcias em Destaque\",\"@id\":\"https:\/\/noticiasemdestaque.com\/cd\/#\/schema\/person\/47f7d4f55eec17c6b2ca036c5500f6ce\"},\"headline\":\"C\u00e2mara de Sum\u00e9 aprova projeto que possibilita a constru\u00e7\u00e3o de um laborat\u00f3rio de controle de qualidade de \u00e1gua no munic\u00edpio\",\"datePublished\":\"2022-12-01T10:55:37+00:00\",\"mainEntityOfPage\":{\"@id\":\"https:\/\/noticiasemdestaque.com\/cd\/?p=44413\"},\"wordCount\":534,\"publisher\":{\"@id\":\"https:\/\/noticiasemdestaque.com\/cd\/#organization\"},\"image\":{\"@id\":\"https:\/\/noticiasemdestaque.com\/cd\/?p=44413#primaryimage\"},\"thumbnailUrl\":\"https:\/\/noticiasemdestaque.com\/cd\/wp-content\/uploads\/2022\/12\/317722743_456629036661457_7506084512552338995_n.jpg\",\"articleSection\":[\"Cidades\"],\"inLanguage\":\"pt-BR\"},{\"@type\":\"WebPage\",\"@id\":\"https:\/\/noticiasemdestaque.com\/cd\/?p=44413\",\"url\":\"https:\/\/noticiasemdestaque.com\/cd\/?p=44413\",\"name\":\"C\u00e2mara de Sum\u00e9 aprova projeto que possibilita a constru\u00e7\u00e3o de um laborat\u00f3rio de controle de qualidade de \u00e1gua no munic\u00edpio - Not&iacute;cias em Destaque\",\"isPartOf\":{\"@id\":\"https:\/\/noticiasemdestaque.com\/cd\/#website\"},\"primaryImageOfPage\":{\"@id\":\"https:\/\/noticiasemdestaque.com\/cd\/?p=44413#primaryimage\"},\"image\":{\"@id\":\"https:\/\/noticiasemdestaque.com\/cd\/?p=44413#primaryimage\"},\"thumbnailUrl\":\"https:\/\/noticiasemdestaque.com\/cd\/wp-content\/uploads\/2022\/12\/317722743_456629036661457_7506084512552338995_n.jpg\",\"datePublished\":\"2022-12-01T10:55:37+00:00\",\"breadcrumb\":{\"@id\":\"https:\/\/noticiasemdestaque.com\/cd\/?p=44413#breadcrumb\"},\"inLanguage\":\"pt-BR\",\"potentialAction\":[{\"@type\":\"ReadAction\",\"target\":[\"https:\/\/noticiasemdestaque.com\/cd\/?p=44413\"]}]},{\"@type\":\"ImageObject\",\"inLanguage\":\"pt-BR\",\"@id\":\"https:\/\/noticiasemdestaque.com\/cd\/?p=44413#primaryimage\",\"url\":\"https:\/\/noticiasemdestaque.com\/cd\/wp-content\/uploads\/2022\/12\/317722743_456629036661457_7506084512552338995_n.jpg\",\"contentUrl\":\"https:\/\/noticiasemdestaque.com\/cd\/wp-content\/uploads\/2022\/12\/317722743_456629036661457_7506084512552338995_n.jpg\",\"width\":2048,\"height\":1362},{\"@type\":\"BreadcrumbList\",\"@id\":\"https:\/\/noticiasemdestaque.com\/cd\/?p=44413#breadcrumb\",\"itemListElement\":[{\"@type\":\"ListItem\",\"position\":1,\"name\":\"In\u00edcio\",\"item\":\"https:\/\/noticiasemdestaque.com\/cd\/\"},{\"@type\":\"ListItem\",\"position\":2,\"name\":\"C\u00e2mara de Sum\u00e9 aprova projeto que possibilita a constru\u00e7\u00e3o de um laborat\u00f3rio de controle de qualidade de \u00e1gua no munic\u00edpio\"}]},{\"@type\":\"WebSite\",\"@id\":\"https:\/\/noticiasemdestaque.com\/cd\/#website\",\"url\":\"https:\/\/noticiasemdestaque.com\/cd\/\",\"name\":\"Not&iacute;cias em Destaque\",\"description\":\"\",\"publisher\":{\"@id\":\"https:\/\/noticiasemdestaque.com\/cd\/#organization\"},\"potentialAction\":[{\"@type\":\"SearchAction\",\"target\":{\"@type\":\"EntryPoint\",\"urlTemplate\":\"https:\/\/noticiasemdestaque.com\/cd\/?s={search_term_string}\"},\"query-input\":{\"@type\":\"PropertyValueSpecification\",\"valueRequired\":true,\"valueName\":\"search_term_string\"}}],\"inLanguage\":\"pt-BR\"},{\"@type\":\"Organization\",\"@id\":\"https:\/\/noticiasemdestaque.com\/cd\/#organization\",\"name\":\"Not\u00edcias em Destaque\",\"url\":\"https:\/\/noticiasemdestaque.com\/cd\/\",\"logo\":{\"@type\":\"ImageObject\",\"inLanguage\":\"pt-BR\",\"@id\":\"https:\/\/noticiasemdestaque.com\/cd\/#\/schema\/logo\/image\/\",\"url\":\"https:\/\/noticiasemdestaque.com\/cd\/wp-content\/uploads\/2022\/05\/imagem-base-noticiasemdestaque.png\",\"contentUrl\":\"https:\/\/noticiasemdestaque.com\/cd\/wp-content\/uploads\/2022\/05\/imagem-base-noticiasemdestaque.png\",\"width\":1200,\"height\":630,\"caption\":\"Not\u00edcias em Destaque\"},\"image\":{\"@id\":\"https:\/\/noticiasemdestaque.com\/cd\/#\/schema\/logo\/image\/\"}},{\"@type\":\"Person\",\"@id\":\"https:\/\/noticiasemdestaque.com\/cd\/#\/schema\/person\/47f7d4f55eec17c6b2ca036c5500f6ce\",\"name\":\"Not\u00edcias em Destaque\",\"url\":\"https:\/\/noticiasemdestaque.com\/cd\/?author=2\"}]}<\/script>\n<!-- \/ Yoast SEO plugin. -->","yoast_head_json":{"title":"C\u00e2mara de Sum\u00e9 aprova projeto que possibilita a constru\u00e7\u00e3o de um laborat\u00f3rio de controle de qualidade de \u00e1gua no munic\u00edpio - Not&iacute;cias em Destaque","robots":{"index":"index","follow":"follow","max-snippet":"max-snippet:-1","max-image-preview":"max-image-preview:large","max-video-preview":"max-video-preview:-1"},"canonical":"https:\/\/noticiasemdestaque.com\/cd\/?p=44413","og_locale":"pt_BR","og_type":"article","og_title":"C\u00e2mara de Sum\u00e9 aprova projeto que possibilita a constru\u00e7\u00e3o de um laborat\u00f3rio de controle de qualidade de \u00e1gua no munic\u00edpio - Not&iacute;cias em Destaque","og_description":"Sess\u00e3o da C\u00e2mara de Sum\u00e9 debate melhorias para a popula\u00e7\u00e3o do munic\u00edpio Na noite desta ter\u00e7a-feira (29), a C\u00e2mara de Vereadores de Sum\u00e9 realizou a sess\u00e3o ordin\u00e1ria. Foi aprovado o projeto de lei 743\/2022 de autoria do Poder Executivo que autoriza o munic\u00edpio a doar terreno ao Cons\u00f3rcio Intermunicipal de Sa\u00fade do Cariri Ocidental &#8211; CISCO, que no prazo improrrog\u00e1vel de 03 anos, ir\u00e1 construir e edificar um laborat\u00f3rio de controle de qualidade de \u00e1gua de m\u00e9dia complexidade, neste munic\u00edpio. Foi aprovado o projeto de lei 745\/2022 de autoria do Poder Executivo que disp\u00f5e sobre gest\u00e3o democr\u00e1tica nas escolas. De acordo com o projeto, a 1\u00aa etapa ser\u00e1 composta por uma an\u00e1lise curricular, de car\u00e1ter eliminat\u00f3rio e classificat\u00f3rio, j\u00e1 a 2\u00aa etapa consistir\u00e1 em entrevista, a ser pontuada por meio de crit\u00e9rios objetivos, de car\u00e1ter eliminat\u00f3rio e classificat\u00f3rio. Foi aprovado o projeto de lei 744\/2022 de autoria do vereador Jos\u00e9 Ant\u00f4nio que denomina a Passagem Molhada Pr\u00edcilio Gon\u00e7alves Ribeiro no S\u00edtio Riacho da Ro\u00e7a, localizada na zona rural do munic\u00edpio de Sum\u00e9-PB. O vereador Ant\u00f4nio Carlos Sarmento apresentou voto de Pesar \u00e0 Fam\u00edlia do Senhor Sebasti\u00e3o Rob\u00e9rio Rodrigues de Moura, conhecido por Urubu, o requerimento foi subscrito pelo vereador Francisco Fontinele. O vereador Cordeirinho Moto Pe\u00e7as apresentou requerimento ao Secret\u00e1rio de Cultura e Esportes Rivaldo Oliviera Ramos, solicitando a aquisi\u00e7\u00e3o de ternos esportivos na cor preta para o time de futebol Vasco do Feij\u00e3o. O vereador Dida Alves apresentou requerimento solicitando que seja feita a pintura da fachada do Museu Miguel Guilherme, sendo um paliativo em car\u00e1ter de emerg\u00eancia, levando em considera\u00e7\u00e3o a aproxima\u00e7\u00e3o da festa do dia 08 de dezembro. Dida apresentou voto de Pesar \u00e0 fam\u00edlia do Senhor Gilvan da Silva Leite, conhecido por todos como Picha. Durante a sess\u00e3o apresentou requerimento para que seja feito o ro\u00e7o e a ilumina\u00e7\u00e3o do acesso pavimentado da subida da serra. O vereador requereu a amplia\u00e7\u00e3o e melhoramento da ilumina\u00e7\u00e3o na parte interna e externa do Cemit\u00e9rio Municipal, e que veja a possibilidade de abrir aos domingos at\u00e9 as 20h. Requereu ainda, a instala\u00e7\u00e3o de refletores para ilumina\u00e7\u00e3o da est\u00e1tua de Pe. Silvio em frente \u00e0 igreja matriz, se poss\u00edvel at\u00e9 a data comemorativa da Padroeira. Por fim, Dida solicitou que a gest\u00e3o municipal veja a possibilidade de decora\u00e7\u00e3o natalina em espa\u00e7o p\u00fablico, a exemplo da Pra\u00e7a Jos\u00e9 Am\u00e9rico. O vereador Bomba solicitou atrav\u00e9s de requerimento a recupera\u00e7\u00e3o dos brinquedos da Pra\u00e7a Severina do Chal\u00e9, localizada na Vila do Chaves, reposi\u00e7\u00e3o de l\u00e2mpadas para a Rua Fausto Henrique, localizado no Bairro Mandacaru de Cima. O vereador Francisco Fontinele apresentou solicita\u00e7\u00e3o para que seja feito reparo na cisterna localizado no S\u00edtio Jurema de Perom de propriedade da Senhora Telma Alves Cariri. Ascom\/C\u00e2mara","og_url":"https:\/\/noticiasemdestaque.com\/cd\/?p=44413","og_site_name":"Not&iacute;cias em Destaque","article_published_time":"2022-12-01T10:55:37+00:00","og_image":[{"width":2048,"height":1362,"url":"https:\/\/noticiasemdestaque.com\/cd\/wp-content\/uploads\/2022\/12\/317722743_456629036661457_7506084512552338995_n.jpg","type":"image\/jpeg"}],"author":"Not\u00edcias em Destaque","twitter_card":"summary_large_image","twitter_misc":{"Escrito por":"Not\u00edcias em Destaque","Est. tempo de leitura":"4 minutos"},"schema":{"@context":"https:\/\/schema.org","@graph":[{"@type":"Article","@id":"https:\/\/noticiasemdestaque.com\/cd\/?p=44413#article","isPartOf":{"@id":"https:\/\/noticiasemdestaque.com\/cd\/?p=44413"},"author":{"name":"Not\u00edcias em Destaque","@id":"https:\/\/noticiasemdestaque.com\/cd\/#\/schema\/person\/47f7d4f55eec17c6b2ca036c5500f6ce"},"headline":"C\u00e2mara de Sum\u00e9 aprova projeto que possibilita a constru\u00e7\u00e3o de um laborat\u00f3rio de controle de qualidade de \u00e1gua no munic\u00edpio","datePublished":"2022-12-01T10:55:37+00:00","mainEntityOfPage":{"@id":"https:\/\/noticiasemdestaque.com\/cd\/?p=44413"},"wordCount":534,"publisher":{"@id":"https:\/\/noticiasemdestaque.com\/cd\/#organization"},"image":{"@id":"https:\/\/noticiasemdestaque.com\/cd\/?p=44413#primaryimage"},"thumbnailUrl":"https:\/\/noticiasemdestaque.com\/cd\/wp-content\/uploads\/2022\/12\/317722743_456629036661457_7506084512552338995_n.jpg","articleSection":["Cidades"],"inLanguage":"pt-BR"},{"@type":"WebPage","@id":"https:\/\/noticiasemdestaque.com\/cd\/?p=44413","url":"https:\/\/noticiasemdestaque.com\/cd\/?p=44413","name":"C\u00e2mara de Sum\u00e9 aprova projeto que possibilita a constru\u00e7\u00e3o de um laborat\u00f3rio de controle de qualidade de \u00e1gua no munic\u00edpio - Not&iacute;cias em Destaque","isPartOf":{"@id":"https:\/\/noticiasemdestaque.com\/cd\/#website"},"primaryImageOfPage":{"@id":"https:\/\/noticiasemdestaque.com\/cd\/?p=44413#primaryimage"},"image":{"@id":"https:\/\/noticiasemdestaque.com\/cd\/?p=44413#primaryimage"},"thumbnailUrl":"https:\/\/noticiasemdestaque.com\/cd\/wp-content\/uploads\/2022\/12\/317722743_456629036661457_7506084512552338995_n.jpg","datePublished":"2022-12-01T10:55:37+00:00","breadcrumb":{"@id":"https:\/\/noticiasemdestaque.com\/cd\/?p=44413#breadcrumb"},"inLanguage":"pt-BR","potentialAction":[{"@type":"ReadAction","target":["https:\/\/noticiasemdestaque.com\/cd\/?p=44413"]}]},{"@type":"ImageObject","inLanguage":"pt-BR","@id":"https:\/\/noticiasemdestaque.com\/cd\/?p=44413#primaryimage","url":"https:\/\/noticiasemdestaque.com\/cd\/wp-content\/uploads\/2022\/12\/317722743_456629036661457_7506084512552338995_n.jpg","contentUrl":"https:\/\/noticiasemdestaque.com\/cd\/wp-content\/uploads\/2022\/12\/317722743_456629036661457_7506084512552338995_n.jpg","width":2048,"height":1362},{"@type":"BreadcrumbList","@id":"https:\/\/noticiasemdestaque.com\/cd\/?p=44413#breadcrumb","itemListElement":[{"@type":"ListItem","position":1,"name":"In\u00edcio","item":"https:\/\/noticiasemdestaque.com\/cd\/"},{"@type":"ListItem","position":2,"name":"C\u00e2mara de Sum\u00e9 aprova projeto que possibilita a constru\u00e7\u00e3o de um laborat\u00f3rio de controle de qualidade de \u00e1gua no munic\u00edpio"}]},{"@type":"WebSite","@id":"https:\/\/noticiasemdestaque.com\/cd\/#website","url":"https:\/\/noticiasemdestaque.com\/cd\/","name":"Not&iacute;cias em Destaque","description":"","publisher":{"@id":"https:\/\/noticiasemdestaque.com\/cd\/#organization"},"potentialAction":[{"@type":"SearchAction","target":{"@type":"EntryPoint","urlTemplate":"https:\/\/noticiasemdestaque.com\/cd\/?s={search_term_string}"},"query-input":{"@type":"PropertyValueSpecification","valueRequired":true,"valueName":"search_term_string"}}],"inLanguage":"pt-BR"},{"@type":"Organization","@id":"https:\/\/noticiasemdestaque.com\/cd\/#organization","name":"Not\u00edcias em Destaque","url":"https:\/\/noticiasemdestaque.com\/cd\/","logo":{"@type":"ImageObject","inLanguage":"pt-BR","@id":"https:\/\/noticiasemdestaque.com\/cd\/#\/schema\/logo\/image\/","url":"https:\/\/noticiasemdestaque.com\/cd\/wp-content\/uploads\/2022\/05\/imagem-base-noticiasemdestaque.png","contentUrl":"https:\/\/noticiasemdestaque.com\/cd\/wp-content\/uploads\/2022\/05\/imagem-base-noticiasemdestaque.png","width":1200,"height":630,"caption":"Not\u00edcias em Destaque"},"image":{"@id":"https:\/\/noticiasemdestaque.com\/cd\/#\/schema\/logo\/image\/"}},{"@type":"Person","@id":"https:\/\/noticiasemdestaque.com\/cd\/#\/schema\/person\/47f7d4f55eec17c6b2ca036c5500f6ce","name":"Not\u00edcias em Destaque","url":"https:\/\/noticiasemdestaque.com\/cd\/?author=2"}]}},"jetpack_featured_media_url":"https:\/\/noticiasemdestaque.com\/cd\/wp-content\/uploads\/2022\/12\/317722743_456629036661457_7506084512552338995_n.jpg","jetpack_sharing_enabled":true,"_links":{"self":[{"href":"https:\/\/noticiasemdestaque.com\/cd\/index.php?rest_route=\/wp\/v2\/posts\/44413","targetHints":{"allow":["GET"]}}],"collection":[{"href":"https:\/\/noticiasemdestaque.com\/cd\/index.php?rest_route=\/wp\/v2\/posts"}],"about":[{"href":"https:\/\/noticiasemdestaque.com\/cd\/index.php?rest_route=\/wp\/v2\/types\/post"}],"author":[{"embeddable":true,"href":"https:\/\/noticiasemdestaque.com\/cd\/index.php?rest_route=\/wp\/v2\/users\/2"}],"replies":[{"embeddable":true,"href":"https:\/\/noticiasemdestaque.com\/cd\/index.php?rest_route=%2Fwp%2Fv2%2Fcomments&post=44413"}],"version-history":[{"count":1,"href":"https:\/\/noticiasemdestaque.com\/cd\/index.php?rest_route=\/wp\/v2\/posts\/44413\/revisions"}],"predecessor-version":[{"id":44421,"href":"https:\/\/noticiasemdestaque.com\/cd\/index.php?rest_route=\/wp\/v2\/posts\/44413\/revisions\/44421"}],"wp:featuredmedia":[{"embeddable":true,"href":"https:\/\/noticiasemdestaque.com\/cd\/index.php?rest_route=\/wp\/v2\/media\/44420"}],"wp:attachment":[{"href":"https:\/\/noticiasemdestaque.com\/cd\/index.php?rest_route=%2Fwp%2Fv2%2Fmedia&parent=44413"}],"wp:term":[{"taxonomy":"category","embeddable":true,"href":"https:\/\/noticiasemdestaque.com\/cd\/index.php?rest_route=%2Fwp%2Fv2%2Fcategories&post=44413"},{"taxonomy":"post_tag","embeddable":true,"href":"https:\/\/noticiasemdestaque.com\/cd\/index.php?rest_route=%2Fwp%2Fv2%2Ftags&post=44413"}],"curies":[{"name":"wp","href":"https:\/\/api.w.org\/{rel}","templated":true}]}}