{"id":44405,"date":"2022-11-30T19:36:43","date_gmt":"2022-11-30T22:36:43","guid":{"rendered":"https:\/\/noticiasemdestaque.com\/cd\/?p=44405"},"modified":"2022-11-30T19:36:43","modified_gmt":"2022-11-30T22:36:43","slug":"prefeitura-de-sao-jose-dos-cordeiros-realiza-pagamento-dentro-do-mes-trabalhado","status":"publish","type":"post","link":"https:\/\/noticiasemdestaque.com\/cd\/?p=44405","title":{"rendered":"Prefeitura de S\u00e3o Jos\u00e9 dos Cordeiros realiza pagamento dentro do m\u00eas trabalhado"},"content":{"rendered":"<p><a href=\"https:\/\/noticiasemdestaque.com\/cd\/wp-content\/uploads\/2022\/09\/Prefeitura-de-Sao-Jose-dos-Cordeiros-realiza-investimento-e-implanta-nova-iluminacao-no-portal-de-entrada-da-cidade.jpg\"><img fetchpriority=\"high\" decoding=\"async\" class=\"size-medium wp-image-42741 aligncenter\" src=\"https:\/\/noticiasemdestaque.com\/cd\/wp-content\/uploads\/2022\/09\/Prefeitura-de-Sao-Jose-dos-Cordeiros-realiza-investimento-e-implanta-nova-iluminacao-no-portal-de-entrada-da-cidade-300x200.jpg\" alt=\"\" width=\"300\" height=\"200\" srcset=\"https:\/\/noticiasemdestaque.com\/cd\/wp-content\/uploads\/2022\/09\/Prefeitura-de-Sao-Jose-dos-Cordeiros-realiza-investimento-e-implanta-nova-iluminacao-no-portal-de-entrada-da-cidade-300x200.jpg 300w, https:\/\/noticiasemdestaque.com\/cd\/wp-content\/uploads\/2022\/09\/Prefeitura-de-Sao-Jose-dos-Cordeiros-realiza-investimento-e-implanta-nova-iluminacao-no-portal-de-entrada-da-cidade-768x512.jpg 768w, https:\/\/noticiasemdestaque.com\/cd\/wp-content\/uploads\/2022\/09\/Prefeitura-de-Sao-Jose-dos-Cordeiros-realiza-investimento-e-implanta-nova-iluminacao-no-portal-de-entrada-da-cidade-18x12.jpg 18w, https:\/\/noticiasemdestaque.com\/cd\/wp-content\/uploads\/2022\/09\/Prefeitura-de-Sao-Jose-dos-Cordeiros-realiza-investimento-e-implanta-nova-iluminacao-no-portal-de-entrada-da-cidade.jpg 1024w\" sizes=\"(max-width: 300px) 100vw, 300px\" \/><\/a><\/p>\n<p style=\"font-weight: 400;\">A Prefeitura Municipal de S\u00e3o Jos\u00e9 dos Cordeiros por meio da Secretaria de Administra\u00e7\u00e3o e Finan\u00e7as, efetuou nesta quarta-feira (30) o pagamento de todos os servidores do munic\u00edpio.<\/p>\n<p style=\"font-weight: 400;\">Esse \u00e9 um compromisso mantido pela gest\u00e3o, desde seu in\u00edcio, para valorizar ainda mais o desempenho dos servidores e a qualidade dos servi\u00e7os ofertados.<\/p>\n<p style=\"font-weight: 400;\">Fonte: Ascom<\/p>\n","protected":false},"excerpt":{"rendered":"<p>A Prefeitura Municipal de S\u00e3o Jos\u00e9 dos Cordeiros por meio da Secretaria de Administra\u00e7\u00e3o e Finan\u00e7as, efetuou nesta quarta-feira (30) o pagamento de todos os servidores do munic\u00edpio. Esse \u00e9 um compromisso mantido pela gest\u00e3o, desde seu in\u00edcio, para valorizar ainda mais o desempenho dos servidores e a qualidade dos servi\u00e7os ofertados. Fonte: Ascom<\/p>\n","protected":false},"author":2,"featured_media":42741,"comment_status":"closed","ping_status":"open","sticky":false,"template":"","format":"standard","meta":{"_eb_attr":"","_jetpack_memberships_contains_paid_content":false,"footnotes":""},"categories":[12],"tags":[],"class_list":["post-44405","post","type-post","status-publish","format-standard","has-post-thumbnail","hentry","category-geral"],"yoast_head":"<!-- This site is optimized with the Yoast SEO plugin v26.5 - https:\/\/yoast.com\/wordpress\/plugins\/seo\/ -->\n<title>Prefeitura de S\u00e3o Jos\u00e9 dos Cordeiros realiza pagamento dentro do m\u00eas trabalhado - Not&iacute;cias em Destaque<\/title>\n<meta name=\"robots\" content=\"index, follow, max-snippet:-1, max-image-preview:large, max-video-preview:-1\" \/>\n<link rel=\"canonical\" href=\"https:\/\/noticiasemdestaque.com\/cd\/?p=44405\" \/>\n<meta property=\"og:locale\" content=\"pt_BR\" \/>\n<meta property=\"og:type\" content=\"article\" \/>\n<meta property=\"og:title\" content=\"Prefeitura de S\u00e3o Jos\u00e9 dos Cordeiros realiza pagamento dentro do m\u00eas trabalhado - Not&iacute;cias em Destaque\" \/>\n<meta property=\"og:description\" content=\"A Prefeitura Municipal de S\u00e3o Jos\u00e9 dos Cordeiros por meio da Secretaria de Administra\u00e7\u00e3o e Finan\u00e7as, efetuou nesta quarta-feira (30) o pagamento de todos os servidores do munic\u00edpio. Esse \u00e9 um compromisso mantido pela gest\u00e3o, desde seu in\u00edcio, para valorizar ainda mais o desempenho dos servidores e a qualidade dos servi\u00e7os ofertados. Fonte: Ascom\" \/>\n<meta property=\"og:url\" content=\"https:\/\/noticiasemdestaque.com\/cd\/?p=44405\" \/>\n<meta property=\"og:site_name\" content=\"Not&iacute;cias em Destaque\" \/>\n<meta property=\"article:published_time\" content=\"2022-11-30T22:36:43+00:00\" \/>\n<meta property=\"og:image\" content=\"https:\/\/noticiasemdestaque.com\/cd\/wp-content\/uploads\/2022\/09\/Prefeitura-de-Sao-Jose-dos-Cordeiros-realiza-investimento-e-implanta-nova-iluminacao-no-portal-de-entrada-da-cidade.jpg\" \/>\n\t<meta property=\"og:image:width\" content=\"1024\" \/>\n\t<meta property=\"og:image:height\" content=\"683\" \/>\n\t<meta property=\"og:image:type\" content=\"image\/jpeg\" \/>\n<meta name=\"author\" content=\"Not\u00edcias em Destaque\" \/>\n<meta name=\"twitter:card\" content=\"summary_large_image\" \/>\n<meta name=\"twitter:label1\" content=\"Escrito por\" \/>\n\t<meta name=\"twitter:data1\" content=\"Not\u00edcias em Destaque\" \/>\n\t<meta name=\"twitter:label2\" content=\"Est. tempo de leitura\" \/>\n\t<meta name=\"twitter:data2\" content=\"1 minuto\" \/>\n<script type=\"application\/ld+json\" class=\"yoast-schema-graph\">{\"@context\":\"https:\/\/schema.org\",\"@graph\":[{\"@type\":\"Article\",\"@id\":\"https:\/\/noticiasemdestaque.com\/cd\/?p=44405#article\",\"isPartOf\":{\"@id\":\"https:\/\/noticiasemdestaque.com\/cd\/?p=44405\"},\"author\":{\"name\":\"Not\u00edcias em Destaque\",\"@id\":\"https:\/\/noticiasemdestaque.com\/cd\/#\/schema\/person\/47f7d4f55eec17c6b2ca036c5500f6ce\"},\"headline\":\"Prefeitura de S\u00e3o Jos\u00e9 dos Cordeiros realiza pagamento dentro do m\u00eas trabalhado\",\"datePublished\":\"2022-11-30T22:36:43+00:00\",\"mainEntityOfPage\":{\"@id\":\"https:\/\/noticiasemdestaque.com\/cd\/?p=44405\"},\"wordCount\":73,\"publisher\":{\"@id\":\"https:\/\/noticiasemdestaque.com\/cd\/#organization\"},\"image\":{\"@id\":\"https:\/\/noticiasemdestaque.com\/cd\/?p=44405#primaryimage\"},\"thumbnailUrl\":\"https:\/\/noticiasemdestaque.com\/cd\/wp-content\/uploads\/2022\/09\/Prefeitura-de-Sao-Jose-dos-Cordeiros-realiza-investimento-e-implanta-nova-iluminacao-no-portal-de-entrada-da-cidade.jpg\",\"articleSection\":[\"Geral\"],\"inLanguage\":\"pt-BR\"},{\"@type\":\"WebPage\",\"@id\":\"https:\/\/noticiasemdestaque.com\/cd\/?p=44405\",\"url\":\"https:\/\/noticiasemdestaque.com\/cd\/?p=44405\",\"name\":\"Prefeitura de S\u00e3o Jos\u00e9 dos Cordeiros realiza pagamento dentro do m\u00eas trabalhado - Not&iacute;cias em Destaque\",\"isPartOf\":{\"@id\":\"https:\/\/noticiasemdestaque.com\/cd\/#website\"},\"primaryImageOfPage\":{\"@id\":\"https:\/\/noticiasemdestaque.com\/cd\/?p=44405#primaryimage\"},\"image\":{\"@id\":\"https:\/\/noticiasemdestaque.com\/cd\/?p=44405#primaryimage\"},\"thumbnailUrl\":\"https:\/\/noticiasemdestaque.com\/cd\/wp-content\/uploads\/2022\/09\/Prefeitura-de-Sao-Jose-dos-Cordeiros-realiza-investimento-e-implanta-nova-iluminacao-no-portal-de-entrada-da-cidade.jpg\",\"datePublished\":\"2022-11-30T22:36:43+00:00\",\"breadcrumb\":{\"@id\":\"https:\/\/noticiasemdestaque.com\/cd\/?p=44405#breadcrumb\"},\"inLanguage\":\"pt-BR\",\"potentialAction\":[{\"@type\":\"ReadAction\",\"target\":[\"https:\/\/noticiasemdestaque.com\/cd\/?p=44405\"]}]},{\"@type\":\"ImageObject\",\"inLanguage\":\"pt-BR\",\"@id\":\"https:\/\/noticiasemdestaque.com\/cd\/?p=44405#primaryimage\",\"url\":\"https:\/\/noticiasemdestaque.com\/cd\/wp-content\/uploads\/2022\/09\/Prefeitura-de-Sao-Jose-dos-Cordeiros-realiza-investimento-e-implanta-nova-iluminacao-no-portal-de-entrada-da-cidade.jpg\",\"contentUrl\":\"https:\/\/noticiasemdestaque.com\/cd\/wp-content\/uploads\/2022\/09\/Prefeitura-de-Sao-Jose-dos-Cordeiros-realiza-investimento-e-implanta-nova-iluminacao-no-portal-de-entrada-da-cidade.jpg\",\"width\":1024,\"height\":683},{\"@type\":\"BreadcrumbList\",\"@id\":\"https:\/\/noticiasemdestaque.com\/cd\/?p=44405#breadcrumb\",\"itemListElement\":[{\"@type\":\"ListItem\",\"position\":1,\"name\":\"In\u00edcio\",\"item\":\"https:\/\/noticiasemdestaque.com\/cd\/\"},{\"@type\":\"ListItem\",\"position\":2,\"name\":\"Prefeitura de S\u00e3o Jos\u00e9 dos Cordeiros realiza pagamento dentro do m\u00eas trabalhado\"}]},{\"@type\":\"WebSite\",\"@id\":\"https:\/\/noticiasemdestaque.com\/cd\/#website\",\"url\":\"https:\/\/noticiasemdestaque.com\/cd\/\",\"name\":\"Not&iacute;cias em Destaque\",\"description\":\"\",\"publisher\":{\"@id\":\"https:\/\/noticiasemdestaque.com\/cd\/#organization\"},\"potentialAction\":[{\"@type\":\"SearchAction\",\"target\":{\"@type\":\"EntryPoint\",\"urlTemplate\":\"https:\/\/noticiasemdestaque.com\/cd\/?s={search_term_string}\"},\"query-input\":{\"@type\":\"PropertyValueSpecification\",\"valueRequired\":true,\"valueName\":\"search_term_string\"}}],\"inLanguage\":\"pt-BR\"},{\"@type\":\"Organization\",\"@id\":\"https:\/\/noticiasemdestaque.com\/cd\/#organization\",\"name\":\"Not\u00edcias em Destaque\",\"url\":\"https:\/\/noticiasemdestaque.com\/cd\/\",\"logo\":{\"@type\":\"ImageObject\",\"inLanguage\":\"pt-BR\",\"@id\":\"https:\/\/noticiasemdestaque.com\/cd\/#\/schema\/logo\/image\/\",\"url\":\"https:\/\/noticiasemdestaque.com\/cd\/wp-content\/uploads\/2022\/05\/imagem-base-noticiasemdestaque.png\",\"contentUrl\":\"https:\/\/noticiasemdestaque.com\/cd\/wp-content\/uploads\/2022\/05\/imagem-base-noticiasemdestaque.png\",\"width\":1200,\"height\":630,\"caption\":\"Not\u00edcias em Destaque\"},\"image\":{\"@id\":\"https:\/\/noticiasemdestaque.com\/cd\/#\/schema\/logo\/image\/\"}},{\"@type\":\"Person\",\"@id\":\"https:\/\/noticiasemdestaque.com\/cd\/#\/schema\/person\/47f7d4f55eec17c6b2ca036c5500f6ce\",\"name\":\"Not\u00edcias em Destaque\",\"url\":\"https:\/\/noticiasemdestaque.com\/cd\/?author=2\"}]}<\/script>\n<!-- \/ Yoast SEO plugin. -->","yoast_head_json":{"title":"Prefeitura de S\u00e3o Jos\u00e9 dos Cordeiros realiza pagamento dentro do m\u00eas trabalhado - Not&iacute;cias em Destaque","robots":{"index":"index","follow":"follow","max-snippet":"max-snippet:-1","max-image-preview":"max-image-preview:large","max-video-preview":"max-video-preview:-1"},"canonical":"https:\/\/noticiasemdestaque.com\/cd\/?p=44405","og_locale":"pt_BR","og_type":"article","og_title":"Prefeitura de S\u00e3o Jos\u00e9 dos Cordeiros realiza pagamento dentro do m\u00eas trabalhado - Not&iacute;cias em Destaque","og_description":"A Prefeitura Municipal de S\u00e3o Jos\u00e9 dos Cordeiros por meio da Secretaria de Administra\u00e7\u00e3o e Finan\u00e7as, efetuou nesta quarta-feira (30) o pagamento de todos os servidores do munic\u00edpio. Esse \u00e9 um compromisso mantido pela gest\u00e3o, desde seu in\u00edcio, para valorizar ainda mais o desempenho dos servidores e a qualidade dos servi\u00e7os ofertados. Fonte: Ascom","og_url":"https:\/\/noticiasemdestaque.com\/cd\/?p=44405","og_site_name":"Not&iacute;cias em Destaque","article_published_time":"2022-11-30T22:36:43+00:00","og_image":[{"width":1024,"height":683,"url":"https:\/\/noticiasemdestaque.com\/cd\/wp-content\/uploads\/2022\/09\/Prefeitura-de-Sao-Jose-dos-Cordeiros-realiza-investimento-e-implanta-nova-iluminacao-no-portal-de-entrada-da-cidade.jpg","type":"image\/jpeg"}],"author":"Not\u00edcias em Destaque","twitter_card":"summary_large_image","twitter_misc":{"Escrito por":"Not\u00edcias em Destaque","Est. tempo de leitura":"1 minuto"},"schema":{"@context":"https:\/\/schema.org","@graph":[{"@type":"Article","@id":"https:\/\/noticiasemdestaque.com\/cd\/?p=44405#article","isPartOf":{"@id":"https:\/\/noticiasemdestaque.com\/cd\/?p=44405"},"author":{"name":"Not\u00edcias em Destaque","@id":"https:\/\/noticiasemdestaque.com\/cd\/#\/schema\/person\/47f7d4f55eec17c6b2ca036c5500f6ce"},"headline":"Prefeitura de S\u00e3o Jos\u00e9 dos Cordeiros realiza pagamento dentro do m\u00eas trabalhado","datePublished":"2022-11-30T22:36:43+00:00","mainEntityOfPage":{"@id":"https:\/\/noticiasemdestaque.com\/cd\/?p=44405"},"wordCount":73,"publisher":{"@id":"https:\/\/noticiasemdestaque.com\/cd\/#organization"},"image":{"@id":"https:\/\/noticiasemdestaque.com\/cd\/?p=44405#primaryimage"},"thumbnailUrl":"https:\/\/noticiasemdestaque.com\/cd\/wp-content\/uploads\/2022\/09\/Prefeitura-de-Sao-Jose-dos-Cordeiros-realiza-investimento-e-implanta-nova-iluminacao-no-portal-de-entrada-da-cidade.jpg","articleSection":["Geral"],"inLanguage":"pt-BR"},{"@type":"WebPage","@id":"https:\/\/noticiasemdestaque.com\/cd\/?p=44405","url":"https:\/\/noticiasemdestaque.com\/cd\/?p=44405","name":"Prefeitura de S\u00e3o Jos\u00e9 dos Cordeiros realiza pagamento dentro do m\u00eas trabalhado - Not&iacute;cias em Destaque","isPartOf":{"@id":"https:\/\/noticiasemdestaque.com\/cd\/#website"},"primaryImageOfPage":{"@id":"https:\/\/noticiasemdestaque.com\/cd\/?p=44405#primaryimage"},"image":{"@id":"https:\/\/noticiasemdestaque.com\/cd\/?p=44405#primaryimage"},"thumbnailUrl":"https:\/\/noticiasemdestaque.com\/cd\/wp-content\/uploads\/2022\/09\/Prefeitura-de-Sao-Jose-dos-Cordeiros-realiza-investimento-e-implanta-nova-iluminacao-no-portal-de-entrada-da-cidade.jpg","datePublished":"2022-11-30T22:36:43+00:00","breadcrumb":{"@id":"https:\/\/noticiasemdestaque.com\/cd\/?p=44405#breadcrumb"},"inLanguage":"pt-BR","potentialAction":[{"@type":"ReadAction","target":["https:\/\/noticiasemdestaque.com\/cd\/?p=44405"]}]},{"@type":"ImageObject","inLanguage":"pt-BR","@id":"https:\/\/noticiasemdestaque.com\/cd\/?p=44405#primaryimage","url":"https:\/\/noticiasemdestaque.com\/cd\/wp-content\/uploads\/2022\/09\/Prefeitura-de-Sao-Jose-dos-Cordeiros-realiza-investimento-e-implanta-nova-iluminacao-no-portal-de-entrada-da-cidade.jpg","contentUrl":"https:\/\/noticiasemdestaque.com\/cd\/wp-content\/uploads\/2022\/09\/Prefeitura-de-Sao-Jose-dos-Cordeiros-realiza-investimento-e-implanta-nova-iluminacao-no-portal-de-entrada-da-cidade.jpg","width":1024,"height":683},{"@type":"BreadcrumbList","@id":"https:\/\/noticiasemdestaque.com\/cd\/?p=44405#breadcrumb","itemListElement":[{"@type":"ListItem","position":1,"name":"In\u00edcio","item":"https:\/\/noticiasemdestaque.com\/cd\/"},{"@type":"ListItem","position":2,"name":"Prefeitura de S\u00e3o Jos\u00e9 dos Cordeiros realiza pagamento dentro do m\u00eas trabalhado"}]},{"@type":"WebSite","@id":"https:\/\/noticiasemdestaque.com\/cd\/#website","url":"https:\/\/noticiasemdestaque.com\/cd\/","name":"Not&iacute;cias em Destaque","description":"","publisher":{"@id":"https:\/\/noticiasemdestaque.com\/cd\/#organization"},"potentialAction":[{"@type":"SearchAction","target":{"@type":"EntryPoint","urlTemplate":"https:\/\/noticiasemdestaque.com\/cd\/?s={search_term_string}"},"query-input":{"@type":"PropertyValueSpecification","valueRequired":true,"valueName":"search_term_string"}}],"inLanguage":"pt-BR"},{"@type":"Organization","@id":"https:\/\/noticiasemdestaque.com\/cd\/#organization","name":"Not\u00edcias em Destaque","url":"https:\/\/noticiasemdestaque.com\/cd\/","logo":{"@type":"ImageObject","inLanguage":"pt-BR","@id":"https:\/\/noticiasemdestaque.com\/cd\/#\/schema\/logo\/image\/","url":"https:\/\/noticiasemdestaque.com\/cd\/wp-content\/uploads\/2022\/05\/imagem-base-noticiasemdestaque.png","contentUrl":"https:\/\/noticiasemdestaque.com\/cd\/wp-content\/uploads\/2022\/05\/imagem-base-noticiasemdestaque.png","width":1200,"height":630,"caption":"Not\u00edcias em Destaque"},"image":{"@id":"https:\/\/noticiasemdestaque.com\/cd\/#\/schema\/logo\/image\/"}},{"@type":"Person","@id":"https:\/\/noticiasemdestaque.com\/cd\/#\/schema\/person\/47f7d4f55eec17c6b2ca036c5500f6ce","name":"Not\u00edcias em Destaque","url":"https:\/\/noticiasemdestaque.com\/cd\/?author=2"}]}},"jetpack_featured_media_url":"https:\/\/noticiasemdestaque.com\/cd\/wp-content\/uploads\/2022\/09\/Prefeitura-de-Sao-Jose-dos-Cordeiros-realiza-investimento-e-implanta-nova-iluminacao-no-portal-de-entrada-da-cidade.jpg","jetpack_sharing_enabled":true,"_links":{"self":[{"href":"https:\/\/noticiasemdestaque.com\/cd\/index.php?rest_route=\/wp\/v2\/posts\/44405","targetHints":{"allow":["GET"]}}],"collection":[{"href":"https:\/\/noticiasemdestaque.com\/cd\/index.php?rest_route=\/wp\/v2\/posts"}],"about":[{"href":"https:\/\/noticiasemdestaque.com\/cd\/index.php?rest_route=\/wp\/v2\/types\/post"}],"author":[{"embeddable":true,"href":"https:\/\/noticiasemdestaque.com\/cd\/index.php?rest_route=\/wp\/v2\/users\/2"}],"replies":[{"embeddable":true,"href":"https:\/\/noticiasemdestaque.com\/cd\/index.php?rest_route=%2Fwp%2Fv2%2Fcomments&post=44405"}],"version-history":[{"count":1,"href":"https:\/\/noticiasemdestaque.com\/cd\/index.php?rest_route=\/wp\/v2\/posts\/44405\/revisions"}],"predecessor-version":[{"id":44406,"href":"https:\/\/noticiasemdestaque.com\/cd\/index.php?rest_route=\/wp\/v2\/posts\/44405\/revisions\/44406"}],"wp:featuredmedia":[{"embeddable":true,"href":"https:\/\/noticiasemdestaque.com\/cd\/index.php?rest_route=\/wp\/v2\/media\/42741"}],"wp:attachment":[{"href":"https:\/\/noticiasemdestaque.com\/cd\/index.php?rest_route=%2Fwp%2Fv2%2Fmedia&parent=44405"}],"wp:term":[{"taxonomy":"category","embeddable":true,"href":"https:\/\/noticiasemdestaque.com\/cd\/index.php?rest_route=%2Fwp%2Fv2%2Fcategories&post=44405"},{"taxonomy":"post_tag","embeddable":true,"href":"https:\/\/noticiasemdestaque.com\/cd\/index.php?rest_route=%2Fwp%2Fv2%2Ftags&post=44405"}],"curies":[{"name":"wp","href":"https:\/\/api.w.org\/{rel}","templated":true}]}}