{"id":4436,"date":"2017-09-19T08:00:24","date_gmt":"2017-09-19T11:00:24","guid":{"rendered":"http:\/\/caririemdestaque.com\/cd\/?p=4436"},"modified":"2017-09-19T08:00:24","modified_gmt":"2017-09-19T11:00:24","slug":"mais-de-500-mil-paraibanos-terao-que-emitir-novo-titulo-eleitoral","status":"publish","type":"post","link":"https:\/\/noticiasemdestaque.com\/cd\/?p=4436","title":{"rendered":"Mais de 500 mil paraibanos ter\u00e3o que emitir novo t\u00edtulo eleitoral"},"content":{"rendered":"<p><a href=\"http:\/\/caririemdestaque.com\/cd\/wp-content\/uploads\/2017\/09\/1474550626226-titulo-de-eleitor.jpg\"><img fetchpriority=\"high\" decoding=\"async\" class=\"wp-image-4437 size-medium alignleft\" src=\"http:\/\/caririemdestaque.com\/cd\/wp-content\/uploads\/2017\/09\/1474550626226-titulo-de-eleitor-300x200.jpg\" alt=\"\" width=\"300\" height=\"200\" srcset=\"https:\/\/noticiasemdestaque.com\/cd\/wp-content\/uploads\/2017\/09\/1474550626226-titulo-de-eleitor-300x200.jpg 300w, https:\/\/noticiasemdestaque.com\/cd\/wp-content\/uploads\/2017\/09\/1474550626226-titulo-de-eleitor-768x511.jpg 768w, https:\/\/noticiasemdestaque.com\/cd\/wp-content\/uploads\/2017\/09\/1474550626226-titulo-de-eleitor-480x320.jpg 480w, https:\/\/noticiasemdestaque.com\/cd\/wp-content\/uploads\/2017\/09\/1474550626226-titulo-de-eleitor.jpg 800w\" sizes=\"(max-width: 300px) 100vw, 300px\" \/><\/a>O Tribunal Regional Eleitoral da Para\u00edba (TRE-PB), no ultimo dia 15 de agosto, anunciou que emitiu a resolu\u00e7\u00e3o 14\/2017, em cumprimento a uma determina\u00e7\u00e3o do Tribunal Superior Eleitoral (TSE) que orientou a extin\u00e7\u00e3o de nove zonas eleitorais no Estado. Com essa altera\u00e7\u00e3o, mais de 500 mil eleitores ter\u00e3o seus dados cadastrais como zona e sec\u00e7\u00e3o modificados e ter\u00e3o que se submeter a emiss\u00e3o de um novo t\u00edtulo eleitoral.<\/p>\n<p>Esses eleitores estavam lotados nas 5\u00aa Zona Eleitoral, sede em Pilar; 12\u00aa Zona Eleitoral, sede em Serraria; 15\u00aa Zona Eleitoral, sede em Cai\u00e7ara; 21\u00aa Zona Eleitoral, sede em Cabaceiras; 39\u00aa Zona Eleitoral, sede em Bonito de Santa F\u00e9; 45\u00aa Zona Eleitoral, sede em Pil\u00f5es; 46\u00aa Zona Eleitoral, sede em Alagoinha; 54\u00aa Zona Eleitoral, sede em Bel\u00e9m; 71\u00aa Zona Eleitoral, sede em Campina Grande e agora ser\u00e3o transferidos para outras zonas os eleitores.<\/p>\n<p>De acordo com Cl\u00e1udia Pachu, chefe do cart\u00f3rio eleitoral da 16\u00aa zona, em virtude dessa mudan\u00e7a ter\u00e1 que ser emitido um novo t\u00edtulo para os eleitores, com as novas informa\u00e7\u00f5es da zona e de sec\u00e7\u00e3o de vota\u00e7\u00e3o. A transfer\u00eancia ser\u00e1 feita eletronicamente em janeiro de 2018, mas o TRE-PB ainda n\u00e3o definiu se o novo documento de identifica\u00e7\u00e3o eleitoral s\u00f3 ser\u00e1 entregue durante elei\u00e7\u00f5es de 2018 ou se ser\u00e1 estabelecido um cronograma de entrega antecipada. \u201cA emiss\u00e3o de um novo t\u00edtulo se faz necess\u00e1ria porque tanto na zona extinta quanto na nova zona haviam sec\u00e7\u00f5es com a mesma numera\u00e7\u00e3o e isso vai mudar\u201d, explicou.<\/p>\n<p>Entre as extintas est\u00e1 a 71\u00aa Zona Eleitoral que abrigava mais de 50 mil eleitores das cidades de Campina Grande e Lagoa Seca. Com essa decis\u00e3o, esses eleitores ser\u00e3o remanejados para outras duas zonas eleitorais. Os 31.320 votantes nesta zona que s\u00e3o de Campina Grande ser\u00e3o direcionados para 16\u00aa zona, j\u00e1 os 18.902 mil eleitores da cidade de Lagoa Seca ser\u00e3o transferidos para a 13\u00aa zona, situada no munic\u00edpio de Alagoa Nova, no Brejo paraibano.<\/p>\n<p>Ainda n\u00e3o foi resolvida a situa\u00e7\u00e3o dos funcion\u00e1rios das zonas extintas, que atualmente possui hoje dois funcion\u00e1rios efetivos, cinco requisitados e outros com lota\u00e7\u00e3o provis\u00f3ria. Para Cl\u00e1udio Dantas, coordenador geral do Sindicato dos Trabalhadores do Judici\u00e1rio Federal no Estado da Para\u00edba (SindjufPB), a extin\u00e7\u00e3o dessas zonas vai sobrecarregar o trabalho de servidores e ju\u00edzes eleitorais. \u201cO eleitor ser\u00e1 o maior prejudicado, ficando mais longe dos ju\u00edzes e servidores\u201d, disse.<\/p>\n<p>Com Jornal da Para\u00edba<\/p>\n","protected":false},"excerpt":{"rendered":"<p>O Tribunal Regional Eleitoral da Para\u00edba (TRE-PB), no ultimo dia 15 de agosto, anunciou que emitiu a resolu\u00e7\u00e3o 14\/2017, em cumprimento a uma determina\u00e7\u00e3o do Tribunal Superior Eleitoral (TSE) que orientou a extin\u00e7\u00e3o de nove zonas eleitorais no Estado. Com essa altera\u00e7\u00e3o, mais de 500 mil eleitores ter\u00e3o seus dados cadastrais como zona e sec\u00e7\u00e3o modificados e ter\u00e3o que se submeter a emiss\u00e3o de um novo t\u00edtulo eleitoral. Esses eleitores estavam lotados nas 5\u00aa Zona Eleitoral, sede em Pilar; 12\u00aa Zona Eleitoral, sede em Serraria; 15\u00aa Zona Eleitoral, sede em Cai\u00e7ara; 21\u00aa Zona Eleitoral, sede em Cabaceiras; 39\u00aa Zona Eleitoral, sede em Bonito de Santa F\u00e9; 45\u00aa Zona Eleitoral, sede em Pil\u00f5es; 46\u00aa Zona Eleitoral, sede em Alagoinha; 54\u00aa Zona Eleitoral, sede em Bel\u00e9m; 71\u00aa Zona Eleitoral, sede em Campina Grande e agora ser\u00e3o transferidos para outras zonas os eleitores. De acordo com Cl\u00e1udia Pachu, chefe do cart\u00f3rio eleitoral da 16\u00aa zona, em virtude dessa mudan\u00e7a ter\u00e1 que ser emitido um novo t\u00edtulo para os eleitores, com as novas informa\u00e7\u00f5es da zona e de sec\u00e7\u00e3o de vota\u00e7\u00e3o. A transfer\u00eancia ser\u00e1 feita eletronicamente em janeiro de 2018, mas o TRE-PB ainda n\u00e3o definiu se o novo documento de identifica\u00e7\u00e3o eleitoral s\u00f3 ser\u00e1 entregue durante elei\u00e7\u00f5es de 2018 ou se ser\u00e1 estabelecido um cronograma de entrega antecipada. \u201cA emiss\u00e3o de um novo t\u00edtulo se faz necess\u00e1ria porque tanto na zona extinta quanto na nova zona haviam sec\u00e7\u00f5es com a mesma numera\u00e7\u00e3o e isso vai mudar\u201d, explicou. Entre as extintas est\u00e1 a 71\u00aa Zona Eleitoral que abrigava mais de 50 mil eleitores das cidades de Campina Grande e Lagoa Seca. Com essa decis\u00e3o, esses eleitores ser\u00e3o remanejados para outras duas zonas eleitorais. Os 31.320 votantes nesta zona que s\u00e3o de Campina Grande ser\u00e3o direcionados para 16\u00aa zona, j\u00e1 os 18.902 mil eleitores da cidade de Lagoa Seca ser\u00e3o transferidos para a 13\u00aa zona, situada no munic\u00edpio de Alagoa Nova, no Brejo paraibano. Ainda n\u00e3o foi resolvida a situa\u00e7\u00e3o dos funcion\u00e1rios das zonas extintas, que atualmente possui hoje dois funcion\u00e1rios efetivos, cinco requisitados e outros com lota\u00e7\u00e3o provis\u00f3ria. Para Cl\u00e1udio Dantas, coordenador geral do Sindicato dos Trabalhadores do Judici\u00e1rio Federal no Estado da Para\u00edba (SindjufPB), a extin\u00e7\u00e3o dessas zonas vai sobrecarregar o trabalho de servidores e ju\u00edzes eleitorais. \u201cO eleitor ser\u00e1 o maior prejudicado, ficando mais longe dos ju\u00edzes e servidores\u201d, disse. Com Jornal da Para\u00edba<\/p>\n","protected":false},"author":2,"featured_media":4437,"comment_status":"closed","ping_status":"open","sticky":false,"template":"","format":"standard","meta":{"_eb_attr":"","_jetpack_memberships_contains_paid_content":false,"footnotes":""},"categories":[4],"tags":[],"class_list":["post-4436","post","type-post","status-publish","format-standard","has-post-thumbnail","hentry","category-politica"],"yoast_head":"<!-- This site is optimized with the Yoast SEO plugin v26.5 - https:\/\/yoast.com\/wordpress\/plugins\/seo\/ -->\n<title>Mais de 500 mil paraibanos ter\u00e3o que emitir novo t\u00edtulo eleitoral - Not&iacute;cias em Destaque<\/title>\n<meta name=\"robots\" content=\"index, follow, max-snippet:-1, max-image-preview:large, max-video-preview:-1\" \/>\n<link rel=\"canonical\" href=\"https:\/\/noticiasemdestaque.com\/cd\/?p=4436\" \/>\n<meta property=\"og:locale\" content=\"pt_BR\" \/>\n<meta property=\"og:type\" content=\"article\" \/>\n<meta property=\"og:title\" content=\"Mais de 500 mil paraibanos ter\u00e3o que emitir novo t\u00edtulo eleitoral - Not&iacute;cias em Destaque\" \/>\n<meta property=\"og:description\" content=\"O Tribunal Regional Eleitoral da Para\u00edba (TRE-PB), no ultimo dia 15 de agosto, anunciou que emitiu a resolu\u00e7\u00e3o 14\/2017, em cumprimento a uma determina\u00e7\u00e3o do Tribunal Superior Eleitoral (TSE) que orientou a extin\u00e7\u00e3o de nove zonas eleitorais no Estado. Com essa altera\u00e7\u00e3o, mais de 500 mil eleitores ter\u00e3o seus dados cadastrais como zona e sec\u00e7\u00e3o modificados e ter\u00e3o que se submeter a emiss\u00e3o de um novo t\u00edtulo eleitoral. Esses eleitores estavam lotados nas 5\u00aa Zona Eleitoral, sede em Pilar; 12\u00aa Zona Eleitoral, sede em Serraria; 15\u00aa Zona Eleitoral, sede em Cai\u00e7ara; 21\u00aa Zona Eleitoral, sede em Cabaceiras; 39\u00aa Zona Eleitoral, sede em Bonito de Santa F\u00e9; 45\u00aa Zona Eleitoral, sede em Pil\u00f5es; 46\u00aa Zona Eleitoral, sede em Alagoinha; 54\u00aa Zona Eleitoral, sede em Bel\u00e9m; 71\u00aa Zona Eleitoral, sede em Campina Grande e agora ser\u00e3o transferidos para outras zonas os eleitores. De acordo com Cl\u00e1udia Pachu, chefe do cart\u00f3rio eleitoral da 16\u00aa zona, em virtude dessa mudan\u00e7a ter\u00e1 que ser emitido um novo t\u00edtulo para os eleitores, com as novas informa\u00e7\u00f5es da zona e de sec\u00e7\u00e3o de vota\u00e7\u00e3o. A transfer\u00eancia ser\u00e1 feita eletronicamente em janeiro de 2018, mas o TRE-PB ainda n\u00e3o definiu se o novo documento de identifica\u00e7\u00e3o eleitoral s\u00f3 ser\u00e1 entregue durante elei\u00e7\u00f5es de 2018 ou se ser\u00e1 estabelecido um cronograma de entrega antecipada. \u201cA emiss\u00e3o de um novo t\u00edtulo se faz necess\u00e1ria porque tanto na zona extinta quanto na nova zona haviam sec\u00e7\u00f5es com a mesma numera\u00e7\u00e3o e isso vai mudar\u201d, explicou. Entre as extintas est\u00e1 a 71\u00aa Zona Eleitoral que abrigava mais de 50 mil eleitores das cidades de Campina Grande e Lagoa Seca. Com essa decis\u00e3o, esses eleitores ser\u00e3o remanejados para outras duas zonas eleitorais. Os 31.320 votantes nesta zona que s\u00e3o de Campina Grande ser\u00e3o direcionados para 16\u00aa zona, j\u00e1 os 18.902 mil eleitores da cidade de Lagoa Seca ser\u00e3o transferidos para a 13\u00aa zona, situada no munic\u00edpio de Alagoa Nova, no Brejo paraibano. Ainda n\u00e3o foi resolvida a situa\u00e7\u00e3o dos funcion\u00e1rios das zonas extintas, que atualmente possui hoje dois funcion\u00e1rios efetivos, cinco requisitados e outros com lota\u00e7\u00e3o provis\u00f3ria. Para Cl\u00e1udio Dantas, coordenador geral do Sindicato dos Trabalhadores do Judici\u00e1rio Federal no Estado da Para\u00edba (SindjufPB), a extin\u00e7\u00e3o dessas zonas vai sobrecarregar o trabalho de servidores e ju\u00edzes eleitorais. \u201cO eleitor ser\u00e1 o maior prejudicado, ficando mais longe dos ju\u00edzes e servidores\u201d, disse. Com Jornal da Para\u00edba\" \/>\n<meta property=\"og:url\" content=\"https:\/\/noticiasemdestaque.com\/cd\/?p=4436\" \/>\n<meta property=\"og:site_name\" content=\"Not&iacute;cias em Destaque\" \/>\n<meta property=\"article:published_time\" content=\"2017-09-19T11:00:24+00:00\" \/>\n<meta property=\"og:image\" content=\"https:\/\/noticiasemdestaque.com\/cd\/wp-content\/uploads\/2017\/09\/1474550626226-titulo-de-eleitor.jpg\" \/>\n\t<meta property=\"og:image:width\" content=\"800\" \/>\n\t<meta property=\"og:image:height\" content=\"532\" \/>\n\t<meta property=\"og:image:type\" content=\"image\/jpeg\" \/>\n<meta name=\"author\" content=\"Not\u00edcias em Destaque\" \/>\n<meta name=\"twitter:card\" content=\"summary_large_image\" \/>\n<meta name=\"twitter:label1\" content=\"Escrito por\" \/>\n\t<meta name=\"twitter:data1\" content=\"Not\u00edcias em Destaque\" \/>\n\t<meta name=\"twitter:label2\" content=\"Est. tempo de leitura\" \/>\n\t<meta name=\"twitter:data2\" content=\"2 minutos\" \/>\n<script type=\"application\/ld+json\" class=\"yoast-schema-graph\">{\"@context\":\"https:\/\/schema.org\",\"@graph\":[{\"@type\":\"Article\",\"@id\":\"https:\/\/noticiasemdestaque.com\/cd\/?p=4436#article\",\"isPartOf\":{\"@id\":\"https:\/\/noticiasemdestaque.com\/cd\/?p=4436\"},\"author\":{\"name\":\"Not\u00edcias em Destaque\",\"@id\":\"https:\/\/noticiasemdestaque.com\/cd\/#\/schema\/person\/21320b03a7e8bb90128938dafc9b908a\"},\"headline\":\"Mais de 500 mil paraibanos ter\u00e3o que emitir novo t\u00edtulo eleitoral\",\"datePublished\":\"2017-09-19T11:00:24+00:00\",\"mainEntityOfPage\":{\"@id\":\"https:\/\/noticiasemdestaque.com\/cd\/?p=4436\"},\"wordCount\":432,\"publisher\":{\"@id\":\"https:\/\/noticiasemdestaque.com\/cd\/#organization\"},\"image\":{\"@id\":\"https:\/\/noticiasemdestaque.com\/cd\/?p=4436#primaryimage\"},\"thumbnailUrl\":\"https:\/\/noticiasemdestaque.com\/cd\/wp-content\/uploads\/2017\/09\/1474550626226-titulo-de-eleitor.jpg\",\"articleSection\":[\"Pol\u00edtica\"],\"inLanguage\":\"pt-BR\"},{\"@type\":\"WebPage\",\"@id\":\"https:\/\/noticiasemdestaque.com\/cd\/?p=4436\",\"url\":\"https:\/\/noticiasemdestaque.com\/cd\/?p=4436\",\"name\":\"Mais de 500 mil paraibanos ter\u00e3o que emitir novo t\u00edtulo eleitoral - Not&iacute;cias em Destaque\",\"isPartOf\":{\"@id\":\"https:\/\/noticiasemdestaque.com\/cd\/#website\"},\"primaryImageOfPage\":{\"@id\":\"https:\/\/noticiasemdestaque.com\/cd\/?p=4436#primaryimage\"},\"image\":{\"@id\":\"https:\/\/noticiasemdestaque.com\/cd\/?p=4436#primaryimage\"},\"thumbnailUrl\":\"https:\/\/noticiasemdestaque.com\/cd\/wp-content\/uploads\/2017\/09\/1474550626226-titulo-de-eleitor.jpg\",\"datePublished\":\"2017-09-19T11:00:24+00:00\",\"breadcrumb\":{\"@id\":\"https:\/\/noticiasemdestaque.com\/cd\/?p=4436#breadcrumb\"},\"inLanguage\":\"pt-BR\",\"potentialAction\":[{\"@type\":\"ReadAction\",\"target\":[\"https:\/\/noticiasemdestaque.com\/cd\/?p=4436\"]}]},{\"@type\":\"ImageObject\",\"inLanguage\":\"pt-BR\",\"@id\":\"https:\/\/noticiasemdestaque.com\/cd\/?p=4436#primaryimage\",\"url\":\"https:\/\/noticiasemdestaque.com\/cd\/wp-content\/uploads\/2017\/09\/1474550626226-titulo-de-eleitor.jpg\",\"contentUrl\":\"https:\/\/noticiasemdestaque.com\/cd\/wp-content\/uploads\/2017\/09\/1474550626226-titulo-de-eleitor.jpg\",\"width\":800,\"height\":532},{\"@type\":\"BreadcrumbList\",\"@id\":\"https:\/\/noticiasemdestaque.com\/cd\/?p=4436#breadcrumb\",\"itemListElement\":[{\"@type\":\"ListItem\",\"position\":1,\"name\":\"In\u00edcio\",\"item\":\"https:\/\/noticiasemdestaque.com\/cd\/\"},{\"@type\":\"ListItem\",\"position\":2,\"name\":\"Mais de 500 mil paraibanos ter\u00e3o que emitir novo t\u00edtulo eleitoral\"}]},{\"@type\":\"WebSite\",\"@id\":\"https:\/\/noticiasemdestaque.com\/cd\/#website\",\"url\":\"https:\/\/noticiasemdestaque.com\/cd\/\",\"name\":\"Not&iacute;cias em Destaque\",\"description\":\"\",\"publisher\":{\"@id\":\"https:\/\/noticiasemdestaque.com\/cd\/#organization\"},\"potentialAction\":[{\"@type\":\"SearchAction\",\"target\":{\"@type\":\"EntryPoint\",\"urlTemplate\":\"https:\/\/noticiasemdestaque.com\/cd\/?s={search_term_string}\"},\"query-input\":{\"@type\":\"PropertyValueSpecification\",\"valueRequired\":true,\"valueName\":\"search_term_string\"}}],\"inLanguage\":\"pt-BR\"},{\"@type\":\"Organization\",\"@id\":\"https:\/\/noticiasemdestaque.com\/cd\/#organization\",\"name\":\"Not\u00edcias em Destaque\",\"url\":\"https:\/\/noticiasemdestaque.com\/cd\/\",\"logo\":{\"@type\":\"ImageObject\",\"inLanguage\":\"pt-BR\",\"@id\":\"https:\/\/noticiasemdestaque.com\/cd\/#\/schema\/logo\/image\/\",\"url\":\"https:\/\/noticiasemdestaque.com\/cd\/wp-content\/uploads\/2022\/05\/imagem-base-noticiasemdestaque.png\",\"contentUrl\":\"https:\/\/noticiasemdestaque.com\/cd\/wp-content\/uploads\/2022\/05\/imagem-base-noticiasemdestaque.png\",\"width\":1200,\"height\":630,\"caption\":\"Not\u00edcias em Destaque\"},\"image\":{\"@id\":\"https:\/\/noticiasemdestaque.com\/cd\/#\/schema\/logo\/image\/\"}},{\"@type\":\"Person\",\"@id\":\"https:\/\/noticiasemdestaque.com\/cd\/#\/schema\/person\/21320b03a7e8bb90128938dafc9b908a\",\"name\":\"Not\u00edcias em Destaque\",\"url\":\"https:\/\/noticiasemdestaque.com\/cd\/?author=2\"}]}<\/script>\n<!-- \/ Yoast SEO plugin. -->","yoast_head_json":{"title":"Mais de 500 mil paraibanos ter\u00e3o que emitir novo t\u00edtulo eleitoral - Not&iacute;cias em Destaque","robots":{"index":"index","follow":"follow","max-snippet":"max-snippet:-1","max-image-preview":"max-image-preview:large","max-video-preview":"max-video-preview:-1"},"canonical":"https:\/\/noticiasemdestaque.com\/cd\/?p=4436","og_locale":"pt_BR","og_type":"article","og_title":"Mais de 500 mil paraibanos ter\u00e3o que emitir novo t\u00edtulo eleitoral - Not&iacute;cias em Destaque","og_description":"O Tribunal Regional Eleitoral da Para\u00edba (TRE-PB), no ultimo dia 15 de agosto, anunciou que emitiu a resolu\u00e7\u00e3o 14\/2017, em cumprimento a uma determina\u00e7\u00e3o do Tribunal Superior Eleitoral (TSE) que orientou a extin\u00e7\u00e3o de nove zonas eleitorais no Estado. Com essa altera\u00e7\u00e3o, mais de 500 mil eleitores ter\u00e3o seus dados cadastrais como zona e sec\u00e7\u00e3o modificados e ter\u00e3o que se submeter a emiss\u00e3o de um novo t\u00edtulo eleitoral. Esses eleitores estavam lotados nas 5\u00aa Zona Eleitoral, sede em Pilar; 12\u00aa Zona Eleitoral, sede em Serraria; 15\u00aa Zona Eleitoral, sede em Cai\u00e7ara; 21\u00aa Zona Eleitoral, sede em Cabaceiras; 39\u00aa Zona Eleitoral, sede em Bonito de Santa F\u00e9; 45\u00aa Zona Eleitoral, sede em Pil\u00f5es; 46\u00aa Zona Eleitoral, sede em Alagoinha; 54\u00aa Zona Eleitoral, sede em Bel\u00e9m; 71\u00aa Zona Eleitoral, sede em Campina Grande e agora ser\u00e3o transferidos para outras zonas os eleitores. De acordo com Cl\u00e1udia Pachu, chefe do cart\u00f3rio eleitoral da 16\u00aa zona, em virtude dessa mudan\u00e7a ter\u00e1 que ser emitido um novo t\u00edtulo para os eleitores, com as novas informa\u00e7\u00f5es da zona e de sec\u00e7\u00e3o de vota\u00e7\u00e3o. A transfer\u00eancia ser\u00e1 feita eletronicamente em janeiro de 2018, mas o TRE-PB ainda n\u00e3o definiu se o novo documento de identifica\u00e7\u00e3o eleitoral s\u00f3 ser\u00e1 entregue durante elei\u00e7\u00f5es de 2018 ou se ser\u00e1 estabelecido um cronograma de entrega antecipada. \u201cA emiss\u00e3o de um novo t\u00edtulo se faz necess\u00e1ria porque tanto na zona extinta quanto na nova zona haviam sec\u00e7\u00f5es com a mesma numera\u00e7\u00e3o e isso vai mudar\u201d, explicou. Entre as extintas est\u00e1 a 71\u00aa Zona Eleitoral que abrigava mais de 50 mil eleitores das cidades de Campina Grande e Lagoa Seca. Com essa decis\u00e3o, esses eleitores ser\u00e3o remanejados para outras duas zonas eleitorais. Os 31.320 votantes nesta zona que s\u00e3o de Campina Grande ser\u00e3o direcionados para 16\u00aa zona, j\u00e1 os 18.902 mil eleitores da cidade de Lagoa Seca ser\u00e3o transferidos para a 13\u00aa zona, situada no munic\u00edpio de Alagoa Nova, no Brejo paraibano. Ainda n\u00e3o foi resolvida a situa\u00e7\u00e3o dos funcion\u00e1rios das zonas extintas, que atualmente possui hoje dois funcion\u00e1rios efetivos, cinco requisitados e outros com lota\u00e7\u00e3o provis\u00f3ria. Para Cl\u00e1udio Dantas, coordenador geral do Sindicato dos Trabalhadores do Judici\u00e1rio Federal no Estado da Para\u00edba (SindjufPB), a extin\u00e7\u00e3o dessas zonas vai sobrecarregar o trabalho de servidores e ju\u00edzes eleitorais. \u201cO eleitor ser\u00e1 o maior prejudicado, ficando mais longe dos ju\u00edzes e servidores\u201d, disse. Com Jornal da Para\u00edba","og_url":"https:\/\/noticiasemdestaque.com\/cd\/?p=4436","og_site_name":"Not&iacute;cias em Destaque","article_published_time":"2017-09-19T11:00:24+00:00","og_image":[{"width":800,"height":532,"url":"https:\/\/noticiasemdestaque.com\/cd\/wp-content\/uploads\/2017\/09\/1474550626226-titulo-de-eleitor.jpg","type":"image\/jpeg"}],"author":"Not\u00edcias em Destaque","twitter_card":"summary_large_image","twitter_misc":{"Escrito por":"Not\u00edcias em Destaque","Est. tempo de leitura":"2 minutos"},"schema":{"@context":"https:\/\/schema.org","@graph":[{"@type":"Article","@id":"https:\/\/noticiasemdestaque.com\/cd\/?p=4436#article","isPartOf":{"@id":"https:\/\/noticiasemdestaque.com\/cd\/?p=4436"},"author":{"name":"Not\u00edcias em Destaque","@id":"https:\/\/noticiasemdestaque.com\/cd\/#\/schema\/person\/21320b03a7e8bb90128938dafc9b908a"},"headline":"Mais de 500 mil paraibanos ter\u00e3o que emitir novo t\u00edtulo eleitoral","datePublished":"2017-09-19T11:00:24+00:00","mainEntityOfPage":{"@id":"https:\/\/noticiasemdestaque.com\/cd\/?p=4436"},"wordCount":432,"publisher":{"@id":"https:\/\/noticiasemdestaque.com\/cd\/#organization"},"image":{"@id":"https:\/\/noticiasemdestaque.com\/cd\/?p=4436#primaryimage"},"thumbnailUrl":"https:\/\/noticiasemdestaque.com\/cd\/wp-content\/uploads\/2017\/09\/1474550626226-titulo-de-eleitor.jpg","articleSection":["Pol\u00edtica"],"inLanguage":"pt-BR"},{"@type":"WebPage","@id":"https:\/\/noticiasemdestaque.com\/cd\/?p=4436","url":"https:\/\/noticiasemdestaque.com\/cd\/?p=4436","name":"Mais de 500 mil paraibanos ter\u00e3o que emitir novo t\u00edtulo eleitoral - Not&iacute;cias em Destaque","isPartOf":{"@id":"https:\/\/noticiasemdestaque.com\/cd\/#website"},"primaryImageOfPage":{"@id":"https:\/\/noticiasemdestaque.com\/cd\/?p=4436#primaryimage"},"image":{"@id":"https:\/\/noticiasemdestaque.com\/cd\/?p=4436#primaryimage"},"thumbnailUrl":"https:\/\/noticiasemdestaque.com\/cd\/wp-content\/uploads\/2017\/09\/1474550626226-titulo-de-eleitor.jpg","datePublished":"2017-09-19T11:00:24+00:00","breadcrumb":{"@id":"https:\/\/noticiasemdestaque.com\/cd\/?p=4436#breadcrumb"},"inLanguage":"pt-BR","potentialAction":[{"@type":"ReadAction","target":["https:\/\/noticiasemdestaque.com\/cd\/?p=4436"]}]},{"@type":"ImageObject","inLanguage":"pt-BR","@id":"https:\/\/noticiasemdestaque.com\/cd\/?p=4436#primaryimage","url":"https:\/\/noticiasemdestaque.com\/cd\/wp-content\/uploads\/2017\/09\/1474550626226-titulo-de-eleitor.jpg","contentUrl":"https:\/\/noticiasemdestaque.com\/cd\/wp-content\/uploads\/2017\/09\/1474550626226-titulo-de-eleitor.jpg","width":800,"height":532},{"@type":"BreadcrumbList","@id":"https:\/\/noticiasemdestaque.com\/cd\/?p=4436#breadcrumb","itemListElement":[{"@type":"ListItem","position":1,"name":"In\u00edcio","item":"https:\/\/noticiasemdestaque.com\/cd\/"},{"@type":"ListItem","position":2,"name":"Mais de 500 mil paraibanos ter\u00e3o que emitir novo t\u00edtulo eleitoral"}]},{"@type":"WebSite","@id":"https:\/\/noticiasemdestaque.com\/cd\/#website","url":"https:\/\/noticiasemdestaque.com\/cd\/","name":"Not&iacute;cias em Destaque","description":"","publisher":{"@id":"https:\/\/noticiasemdestaque.com\/cd\/#organization"},"potentialAction":[{"@type":"SearchAction","target":{"@type":"EntryPoint","urlTemplate":"https:\/\/noticiasemdestaque.com\/cd\/?s={search_term_string}"},"query-input":{"@type":"PropertyValueSpecification","valueRequired":true,"valueName":"search_term_string"}}],"inLanguage":"pt-BR"},{"@type":"Organization","@id":"https:\/\/noticiasemdestaque.com\/cd\/#organization","name":"Not\u00edcias em Destaque","url":"https:\/\/noticiasemdestaque.com\/cd\/","logo":{"@type":"ImageObject","inLanguage":"pt-BR","@id":"https:\/\/noticiasemdestaque.com\/cd\/#\/schema\/logo\/image\/","url":"https:\/\/noticiasemdestaque.com\/cd\/wp-content\/uploads\/2022\/05\/imagem-base-noticiasemdestaque.png","contentUrl":"https:\/\/noticiasemdestaque.com\/cd\/wp-content\/uploads\/2022\/05\/imagem-base-noticiasemdestaque.png","width":1200,"height":630,"caption":"Not\u00edcias em Destaque"},"image":{"@id":"https:\/\/noticiasemdestaque.com\/cd\/#\/schema\/logo\/image\/"}},{"@type":"Person","@id":"https:\/\/noticiasemdestaque.com\/cd\/#\/schema\/person\/21320b03a7e8bb90128938dafc9b908a","name":"Not\u00edcias em Destaque","url":"https:\/\/noticiasemdestaque.com\/cd\/?author=2"}]}},"jetpack_featured_media_url":"https:\/\/noticiasemdestaque.com\/cd\/wp-content\/uploads\/2017\/09\/1474550626226-titulo-de-eleitor.jpg","jetpack_sharing_enabled":true,"_links":{"self":[{"href":"https:\/\/noticiasemdestaque.com\/cd\/index.php?rest_route=\/wp\/v2\/posts\/4436","targetHints":{"allow":["GET"]}}],"collection":[{"href":"https:\/\/noticiasemdestaque.com\/cd\/index.php?rest_route=\/wp\/v2\/posts"}],"about":[{"href":"https:\/\/noticiasemdestaque.com\/cd\/index.php?rest_route=\/wp\/v2\/types\/post"}],"author":[{"embeddable":true,"href":"https:\/\/noticiasemdestaque.com\/cd\/index.php?rest_route=\/wp\/v2\/users\/2"}],"replies":[{"embeddable":true,"href":"https:\/\/noticiasemdestaque.com\/cd\/index.php?rest_route=%2Fwp%2Fv2%2Fcomments&post=4436"}],"version-history":[{"count":1,"href":"https:\/\/noticiasemdestaque.com\/cd\/index.php?rest_route=\/wp\/v2\/posts\/4436\/revisions"}],"predecessor-version":[{"id":4438,"href":"https:\/\/noticiasemdestaque.com\/cd\/index.php?rest_route=\/wp\/v2\/posts\/4436\/revisions\/4438"}],"wp:featuredmedia":[{"embeddable":true,"href":"https:\/\/noticiasemdestaque.com\/cd\/index.php?rest_route=\/wp\/v2\/media\/4437"}],"wp:attachment":[{"href":"https:\/\/noticiasemdestaque.com\/cd\/index.php?rest_route=%2Fwp%2Fv2%2Fmedia&parent=4436"}],"wp:term":[{"taxonomy":"category","embeddable":true,"href":"https:\/\/noticiasemdestaque.com\/cd\/index.php?rest_route=%2Fwp%2Fv2%2Fcategories&post=4436"},{"taxonomy":"post_tag","embeddable":true,"href":"https:\/\/noticiasemdestaque.com\/cd\/index.php?rest_route=%2Fwp%2Fv2%2Ftags&post=4436"}],"curies":[{"name":"wp","href":"https:\/\/api.w.org\/{rel}","templated":true}]}}