{"id":44119,"date":"2022-11-18T09:13:16","date_gmt":"2022-11-18T12:13:16","guid":{"rendered":"https:\/\/noticiasemdestaque.com\/cd\/?p=44119"},"modified":"2022-11-18T09:13:16","modified_gmt":"2022-11-18T12:13:16","slug":"sume-se-prepara-para-festejar-a-festa-da-padroeira-nossa-senhora-da-conceicao","status":"publish","type":"post","link":"https:\/\/noticiasemdestaque.com\/cd\/?p=44119","title":{"rendered":"Sum\u00e9 se prepara para festejar a festa da Padroeira Nossa Senhora da Concei\u00e7\u00e3o"},"content":{"rendered":"<p><a href=\"https:\/\/noticiasemdestaque.com\/cd\/wp-content\/uploads\/2017\/08\/sum\u00e9.jpg\"><img fetchpriority=\"high\" decoding=\"async\" class=\"alignnone  wp-image-2558\" src=\"https:\/\/noticiasemdestaque.com\/cd\/wp-content\/uploads\/2017\/08\/sum\u00e9-300x218.jpg\" alt=\"\" width=\"1036\" height=\"753\" srcset=\"https:\/\/noticiasemdestaque.com\/cd\/wp-content\/uploads\/2017\/08\/sum\u00e9-300x218.jpg 300w, https:\/\/noticiasemdestaque.com\/cd\/wp-content\/uploads\/2017\/08\/sum\u00e9.jpg 547w\" sizes=\"(max-width: 1036px) 100vw, 1036px\" \/><\/a><\/p>\n<p>A Par\u00f3quia de Sum\u00e9 se prepara para viver, de 29 de novembro \u00e0 08 de dezembro, mais uma festa da Padroeira Nossa Senhora da Concei\u00e7\u00e3o. O evento religioso homenagear\u00e1 os grupos de ora\u00e7\u00e3o, institui\u00e7\u00f5es p\u00fablicas, servidores, motoristas e as as comunidades rurais do munic\u00edpio.<\/p>\n<p>As novenas iniciar\u00e3o no dia 29 e a festa social no dia 26 de novembro com o tradicional Jantar Fraterno no Gin\u00e1sio de Esportes Municipal, a partir das 20h. Este ano as atra\u00e7\u00f5es musicais ser\u00e3o a banda Anjos Dourados e Forrokent. Os convites podem ser adquiridos na secretaria da igreja no valor de R$ 40 individual e R$ 70 o par.<\/p>\n<p>A festa social ter\u00e1 continuidade com as seguintes atra\u00e7\u00f5es:<\/p>\n<ul>\n<li>Sexta, dia 02 as 21h: Inaldo (ex dupla de Paulo Rubens) e Arthuzinho forrozeiro;<\/li>\n<li>S\u00e1bado, dia 03 as 18h: celebra\u00e7\u00e3o dos vaqueiros (as) e agricultores (as) no est\u00e1dio de futebol \u201cO Jacint\u00e3o\u201d com a participa\u00e7\u00e3o de Galego do Paje\u00fa;<\/li>\n<li>S\u00e1bado, dia 03 as 21h: Mesa de Canto e Erik Santos<\/li>\n<li>Domingo, dia 04 as 21h: Festival de m\u00fasica religiosa;<\/li>\n<li>Ter\u00e7a, dia 06 as 21h: Pastoril da Imaculada e Banda Sala de Reboco;<\/li>\n<li>Quarta, dia 07 as 21h: Banda 28 Graus e Rog\u00e9rio Lima.<\/li>\n<\/ul>\n<p>A festa da Padroeira Nossa Senhora da Concei\u00e7\u00e3o \u00e9 patrim\u00f4nio cultural do munic\u00edpio de Sum\u00e9, institu\u00edda por lei do executivo e a Prefeitura de Sum\u00e9 \u00e9 a sua maior patrocinadora.<\/p>\n<p><strong>Noticias em Destaque<\/strong><\/p>\n<p style=\"text-align: right;\"><em>Fonte: Ascom\/PMS<\/em><\/p>\n","protected":false},"excerpt":{"rendered":"<p>A Par\u00f3quia de Sum\u00e9 se prepara para viver, de 29 de novembro \u00e0 08 de dezembro, mais uma festa da Padroeira Nossa Senhora da Concei\u00e7\u00e3o. O evento religioso homenagear\u00e1 os grupos de ora\u00e7\u00e3o, institui\u00e7\u00f5es p\u00fablicas, servidores, motoristas e as as comunidades rurais do munic\u00edpio. As novenas iniciar\u00e3o no dia 29 e a festa social no dia 26 de novembro com o tradicional Jantar Fraterno no Gin\u00e1sio de Esportes Municipal, a partir das 20h. Este ano as atra\u00e7\u00f5es musicais ser\u00e3o a banda Anjos Dourados e Forrokent. Os convites podem ser adquiridos na secretaria da igreja no valor de R$ 40 individual e R$ 70 o par. A festa social ter\u00e1 continuidade com as seguintes atra\u00e7\u00f5es: Sexta, dia 02 as 21h: Inaldo (ex dupla de Paulo Rubens) e Arthuzinho forrozeiro; S\u00e1bado, dia 03 as 18h: celebra\u00e7\u00e3o dos vaqueiros (as) e agricultores (as) no est\u00e1dio de futebol \u201cO Jacint\u00e3o\u201d com a participa\u00e7\u00e3o de Galego do Paje\u00fa; S\u00e1bado, dia 03 as 21h: Mesa de Canto e Erik Santos Domingo, dia 04 as 21h: Festival de m\u00fasica religiosa; Ter\u00e7a, dia 06 as 21h: Pastoril da Imaculada e Banda Sala de Reboco; Quarta, dia 07 as 21h: Banda 28 Graus e Rog\u00e9rio Lima. A festa da Padroeira Nossa Senhora da Concei\u00e7\u00e3o \u00e9 patrim\u00f4nio cultural do munic\u00edpio de Sum\u00e9, institu\u00edda por lei do executivo e a Prefeitura de Sum\u00e9 \u00e9 a sua maior patrocinadora. Noticias em Destaque Fonte: Ascom\/PMS<\/p>\n","protected":false},"author":2,"featured_media":44120,"comment_status":"closed","ping_status":"open","sticky":false,"template":"","format":"standard","meta":{"_eb_attr":"","_jetpack_memberships_contains_paid_content":false,"footnotes":""},"categories":[3],"tags":[],"class_list":["post-44119","post","type-post","status-publish","format-standard","has-post-thumbnail","hentry","category-cidades"],"yoast_head":"<!-- This site is optimized with the Yoast SEO plugin v26.5 - https:\/\/yoast.com\/wordpress\/plugins\/seo\/ -->\n<title>Sum\u00e9 se prepara para festejar a festa da Padroeira Nossa Senhora da Concei\u00e7\u00e3o - Not&iacute;cias em Destaque<\/title>\n<meta name=\"robots\" content=\"index, follow, max-snippet:-1, max-image-preview:large, max-video-preview:-1\" \/>\n<link rel=\"canonical\" href=\"https:\/\/noticiasemdestaque.com\/cd\/?p=44119\" \/>\n<meta property=\"og:locale\" content=\"pt_BR\" \/>\n<meta property=\"og:type\" content=\"article\" \/>\n<meta property=\"og:title\" content=\"Sum\u00e9 se prepara para festejar a festa da Padroeira Nossa Senhora da Concei\u00e7\u00e3o - Not&iacute;cias em Destaque\" \/>\n<meta property=\"og:description\" content=\"A Par\u00f3quia de Sum\u00e9 se prepara para viver, de 29 de novembro \u00e0 08 de dezembro, mais uma festa da Padroeira Nossa Senhora da Concei\u00e7\u00e3o. O evento religioso homenagear\u00e1 os grupos de ora\u00e7\u00e3o, institui\u00e7\u00f5es p\u00fablicas, servidores, motoristas e as as comunidades rurais do munic\u00edpio. As novenas iniciar\u00e3o no dia 29 e a festa social no dia 26 de novembro com o tradicional Jantar Fraterno no Gin\u00e1sio de Esportes Municipal, a partir das 20h. Este ano as atra\u00e7\u00f5es musicais ser\u00e3o a banda Anjos Dourados e Forrokent. Os convites podem ser adquiridos na secretaria da igreja no valor de R$ 40 individual e R$ 70 o par. A festa social ter\u00e1 continuidade com as seguintes atra\u00e7\u00f5es: Sexta, dia 02 as 21h: Inaldo (ex dupla de Paulo Rubens) e Arthuzinho forrozeiro; S\u00e1bado, dia 03 as 18h: celebra\u00e7\u00e3o dos vaqueiros (as) e agricultores (as) no est\u00e1dio de futebol \u201cO Jacint\u00e3o\u201d com a participa\u00e7\u00e3o de Galego do Paje\u00fa; S\u00e1bado, dia 03 as 21h: Mesa de Canto e Erik Santos Domingo, dia 04 as 21h: Festival de m\u00fasica religiosa; Ter\u00e7a, dia 06 as 21h: Pastoril da Imaculada e Banda Sala de Reboco; Quarta, dia 07 as 21h: Banda 28 Graus e Rog\u00e9rio Lima. A festa da Padroeira Nossa Senhora da Concei\u00e7\u00e3o \u00e9 patrim\u00f4nio cultural do munic\u00edpio de Sum\u00e9, institu\u00edda por lei do executivo e a Prefeitura de Sum\u00e9 \u00e9 a sua maior patrocinadora. Noticias em Destaque Fonte: Ascom\/PMS\" \/>\n<meta property=\"og:url\" content=\"https:\/\/noticiasemdestaque.com\/cd\/?p=44119\" \/>\n<meta property=\"og:site_name\" content=\"Not&iacute;cias em Destaque\" \/>\n<meta property=\"article:published_time\" content=\"2022-11-18T12:13:16+00:00\" \/>\n<meta property=\"og:image\" content=\"https:\/\/noticiasemdestaque.com\/cd\/wp-content\/uploads\/2022\/11\/CAPA-5-400x255-1.jpg\" \/>\n\t<meta property=\"og:image:width\" content=\"400\" \/>\n\t<meta property=\"og:image:height\" content=\"255\" \/>\n\t<meta property=\"og:image:type\" content=\"image\/jpeg\" \/>\n<meta name=\"author\" content=\"Not\u00edcias em Destaque\" \/>\n<meta name=\"twitter:card\" content=\"summary_large_image\" \/>\n<meta name=\"twitter:label1\" content=\"Escrito por\" \/>\n\t<meta name=\"twitter:data1\" content=\"Not\u00edcias em Destaque\" \/>\n\t<meta name=\"twitter:label2\" content=\"Est. tempo de leitura\" \/>\n\t<meta name=\"twitter:data2\" content=\"2 minutos\" \/>\n<script type=\"application\/ld+json\" class=\"yoast-schema-graph\">{\"@context\":\"https:\/\/schema.org\",\"@graph\":[{\"@type\":\"Article\",\"@id\":\"https:\/\/noticiasemdestaque.com\/cd\/?p=44119#article\",\"isPartOf\":{\"@id\":\"https:\/\/noticiasemdestaque.com\/cd\/?p=44119\"},\"author\":{\"name\":\"Not\u00edcias em Destaque\",\"@id\":\"https:\/\/noticiasemdestaque.com\/cd\/#\/schema\/person\/45ca272b3e1246ef14ebb78a48dbb218\"},\"headline\":\"Sum\u00e9 se prepara para festejar a festa da Padroeira Nossa Senhora da Concei\u00e7\u00e3o\",\"datePublished\":\"2022-11-18T12:13:16+00:00\",\"mainEntityOfPage\":{\"@id\":\"https:\/\/noticiasemdestaque.com\/cd\/?p=44119\"},\"wordCount\":255,\"publisher\":{\"@id\":\"https:\/\/noticiasemdestaque.com\/cd\/#organization\"},\"image\":{\"@id\":\"https:\/\/noticiasemdestaque.com\/cd\/?p=44119#primaryimage\"},\"thumbnailUrl\":\"https:\/\/noticiasemdestaque.com\/cd\/wp-content\/uploads\/2022\/11\/CAPA-5-400x255-1.jpg\",\"articleSection\":[\"Cidades\"],\"inLanguage\":\"pt-BR\"},{\"@type\":\"WebPage\",\"@id\":\"https:\/\/noticiasemdestaque.com\/cd\/?p=44119\",\"url\":\"https:\/\/noticiasemdestaque.com\/cd\/?p=44119\",\"name\":\"Sum\u00e9 se prepara para festejar a festa da Padroeira Nossa Senhora da Concei\u00e7\u00e3o - Not&iacute;cias em Destaque\",\"isPartOf\":{\"@id\":\"https:\/\/noticiasemdestaque.com\/cd\/#website\"},\"primaryImageOfPage\":{\"@id\":\"https:\/\/noticiasemdestaque.com\/cd\/?p=44119#primaryimage\"},\"image\":{\"@id\":\"https:\/\/noticiasemdestaque.com\/cd\/?p=44119#primaryimage\"},\"thumbnailUrl\":\"https:\/\/noticiasemdestaque.com\/cd\/wp-content\/uploads\/2022\/11\/CAPA-5-400x255-1.jpg\",\"datePublished\":\"2022-11-18T12:13:16+00:00\",\"breadcrumb\":{\"@id\":\"https:\/\/noticiasemdestaque.com\/cd\/?p=44119#breadcrumb\"},\"inLanguage\":\"pt-BR\",\"potentialAction\":[{\"@type\":\"ReadAction\",\"target\":[\"https:\/\/noticiasemdestaque.com\/cd\/?p=44119\"]}]},{\"@type\":\"ImageObject\",\"inLanguage\":\"pt-BR\",\"@id\":\"https:\/\/noticiasemdestaque.com\/cd\/?p=44119#primaryimage\",\"url\":\"https:\/\/noticiasemdestaque.com\/cd\/wp-content\/uploads\/2022\/11\/CAPA-5-400x255-1.jpg\",\"contentUrl\":\"https:\/\/noticiasemdestaque.com\/cd\/wp-content\/uploads\/2022\/11\/CAPA-5-400x255-1.jpg\",\"width\":400,\"height\":255},{\"@type\":\"BreadcrumbList\",\"@id\":\"https:\/\/noticiasemdestaque.com\/cd\/?p=44119#breadcrumb\",\"itemListElement\":[{\"@type\":\"ListItem\",\"position\":1,\"name\":\"In\u00edcio\",\"item\":\"https:\/\/noticiasemdestaque.com\/cd\/\"},{\"@type\":\"ListItem\",\"position\":2,\"name\":\"Sum\u00e9 se prepara para festejar a festa da Padroeira Nossa Senhora da Concei\u00e7\u00e3o\"}]},{\"@type\":\"WebSite\",\"@id\":\"https:\/\/noticiasemdestaque.com\/cd\/#website\",\"url\":\"https:\/\/noticiasemdestaque.com\/cd\/\",\"name\":\"Not&iacute;cias em Destaque\",\"description\":\"\",\"publisher\":{\"@id\":\"https:\/\/noticiasemdestaque.com\/cd\/#organization\"},\"potentialAction\":[{\"@type\":\"SearchAction\",\"target\":{\"@type\":\"EntryPoint\",\"urlTemplate\":\"https:\/\/noticiasemdestaque.com\/cd\/?s={search_term_string}\"},\"query-input\":{\"@type\":\"PropertyValueSpecification\",\"valueRequired\":true,\"valueName\":\"search_term_string\"}}],\"inLanguage\":\"pt-BR\"},{\"@type\":\"Organization\",\"@id\":\"https:\/\/noticiasemdestaque.com\/cd\/#organization\",\"name\":\"Not\u00edcias em Destaque\",\"url\":\"https:\/\/noticiasemdestaque.com\/cd\/\",\"logo\":{\"@type\":\"ImageObject\",\"inLanguage\":\"pt-BR\",\"@id\":\"https:\/\/noticiasemdestaque.com\/cd\/#\/schema\/logo\/image\/\",\"url\":\"https:\/\/noticiasemdestaque.com\/cd\/wp-content\/uploads\/2022\/05\/imagem-base-noticiasemdestaque.png\",\"contentUrl\":\"https:\/\/noticiasemdestaque.com\/cd\/wp-content\/uploads\/2022\/05\/imagem-base-noticiasemdestaque.png\",\"width\":1200,\"height\":630,\"caption\":\"Not\u00edcias em Destaque\"},\"image\":{\"@id\":\"https:\/\/noticiasemdestaque.com\/cd\/#\/schema\/logo\/image\/\"}},{\"@type\":\"Person\",\"@id\":\"https:\/\/noticiasemdestaque.com\/cd\/#\/schema\/person\/45ca272b3e1246ef14ebb78a48dbb218\",\"name\":\"Not\u00edcias em Destaque\",\"url\":\"https:\/\/noticiasemdestaque.com\/cd\/?author=2\"}]}<\/script>\n<!-- \/ Yoast SEO plugin. -->","yoast_head_json":{"title":"Sum\u00e9 se prepara para festejar a festa da Padroeira Nossa Senhora da Concei\u00e7\u00e3o - Not&iacute;cias em Destaque","robots":{"index":"index","follow":"follow","max-snippet":"max-snippet:-1","max-image-preview":"max-image-preview:large","max-video-preview":"max-video-preview:-1"},"canonical":"https:\/\/noticiasemdestaque.com\/cd\/?p=44119","og_locale":"pt_BR","og_type":"article","og_title":"Sum\u00e9 se prepara para festejar a festa da Padroeira Nossa Senhora da Concei\u00e7\u00e3o - Not&iacute;cias em Destaque","og_description":"A Par\u00f3quia de Sum\u00e9 se prepara para viver, de 29 de novembro \u00e0 08 de dezembro, mais uma festa da Padroeira Nossa Senhora da Concei\u00e7\u00e3o. O evento religioso homenagear\u00e1 os grupos de ora\u00e7\u00e3o, institui\u00e7\u00f5es p\u00fablicas, servidores, motoristas e as as comunidades rurais do munic\u00edpio. As novenas iniciar\u00e3o no dia 29 e a festa social no dia 26 de novembro com o tradicional Jantar Fraterno no Gin\u00e1sio de Esportes Municipal, a partir das 20h. Este ano as atra\u00e7\u00f5es musicais ser\u00e3o a banda Anjos Dourados e Forrokent. Os convites podem ser adquiridos na secretaria da igreja no valor de R$ 40 individual e R$ 70 o par. A festa social ter\u00e1 continuidade com as seguintes atra\u00e7\u00f5es: Sexta, dia 02 as 21h: Inaldo (ex dupla de Paulo Rubens) e Arthuzinho forrozeiro; S\u00e1bado, dia 03 as 18h: celebra\u00e7\u00e3o dos vaqueiros (as) e agricultores (as) no est\u00e1dio de futebol \u201cO Jacint\u00e3o\u201d com a participa\u00e7\u00e3o de Galego do Paje\u00fa; S\u00e1bado, dia 03 as 21h: Mesa de Canto e Erik Santos Domingo, dia 04 as 21h: Festival de m\u00fasica religiosa; Ter\u00e7a, dia 06 as 21h: Pastoril da Imaculada e Banda Sala de Reboco; Quarta, dia 07 as 21h: Banda 28 Graus e Rog\u00e9rio Lima. A festa da Padroeira Nossa Senhora da Concei\u00e7\u00e3o \u00e9 patrim\u00f4nio cultural do munic\u00edpio de Sum\u00e9, institu\u00edda por lei do executivo e a Prefeitura de Sum\u00e9 \u00e9 a sua maior patrocinadora. Noticias em Destaque Fonte: Ascom\/PMS","og_url":"https:\/\/noticiasemdestaque.com\/cd\/?p=44119","og_site_name":"Not&iacute;cias em Destaque","article_published_time":"2022-11-18T12:13:16+00:00","og_image":[{"width":400,"height":255,"url":"https:\/\/noticiasemdestaque.com\/cd\/wp-content\/uploads\/2022\/11\/CAPA-5-400x255-1.jpg","type":"image\/jpeg"}],"author":"Not\u00edcias em Destaque","twitter_card":"summary_large_image","twitter_misc":{"Escrito por":"Not\u00edcias em Destaque","Est. tempo de leitura":"2 minutos"},"schema":{"@context":"https:\/\/schema.org","@graph":[{"@type":"Article","@id":"https:\/\/noticiasemdestaque.com\/cd\/?p=44119#article","isPartOf":{"@id":"https:\/\/noticiasemdestaque.com\/cd\/?p=44119"},"author":{"name":"Not\u00edcias em Destaque","@id":"https:\/\/noticiasemdestaque.com\/cd\/#\/schema\/person\/45ca272b3e1246ef14ebb78a48dbb218"},"headline":"Sum\u00e9 se prepara para festejar a festa da Padroeira Nossa Senhora da Concei\u00e7\u00e3o","datePublished":"2022-11-18T12:13:16+00:00","mainEntityOfPage":{"@id":"https:\/\/noticiasemdestaque.com\/cd\/?p=44119"},"wordCount":255,"publisher":{"@id":"https:\/\/noticiasemdestaque.com\/cd\/#organization"},"image":{"@id":"https:\/\/noticiasemdestaque.com\/cd\/?p=44119#primaryimage"},"thumbnailUrl":"https:\/\/noticiasemdestaque.com\/cd\/wp-content\/uploads\/2022\/11\/CAPA-5-400x255-1.jpg","articleSection":["Cidades"],"inLanguage":"pt-BR"},{"@type":"WebPage","@id":"https:\/\/noticiasemdestaque.com\/cd\/?p=44119","url":"https:\/\/noticiasemdestaque.com\/cd\/?p=44119","name":"Sum\u00e9 se prepara para festejar a festa da Padroeira Nossa Senhora da Concei\u00e7\u00e3o - Not&iacute;cias em Destaque","isPartOf":{"@id":"https:\/\/noticiasemdestaque.com\/cd\/#website"},"primaryImageOfPage":{"@id":"https:\/\/noticiasemdestaque.com\/cd\/?p=44119#primaryimage"},"image":{"@id":"https:\/\/noticiasemdestaque.com\/cd\/?p=44119#primaryimage"},"thumbnailUrl":"https:\/\/noticiasemdestaque.com\/cd\/wp-content\/uploads\/2022\/11\/CAPA-5-400x255-1.jpg","datePublished":"2022-11-18T12:13:16+00:00","breadcrumb":{"@id":"https:\/\/noticiasemdestaque.com\/cd\/?p=44119#breadcrumb"},"inLanguage":"pt-BR","potentialAction":[{"@type":"ReadAction","target":["https:\/\/noticiasemdestaque.com\/cd\/?p=44119"]}]},{"@type":"ImageObject","inLanguage":"pt-BR","@id":"https:\/\/noticiasemdestaque.com\/cd\/?p=44119#primaryimage","url":"https:\/\/noticiasemdestaque.com\/cd\/wp-content\/uploads\/2022\/11\/CAPA-5-400x255-1.jpg","contentUrl":"https:\/\/noticiasemdestaque.com\/cd\/wp-content\/uploads\/2022\/11\/CAPA-5-400x255-1.jpg","width":400,"height":255},{"@type":"BreadcrumbList","@id":"https:\/\/noticiasemdestaque.com\/cd\/?p=44119#breadcrumb","itemListElement":[{"@type":"ListItem","position":1,"name":"In\u00edcio","item":"https:\/\/noticiasemdestaque.com\/cd\/"},{"@type":"ListItem","position":2,"name":"Sum\u00e9 se prepara para festejar a festa da Padroeira Nossa Senhora da Concei\u00e7\u00e3o"}]},{"@type":"WebSite","@id":"https:\/\/noticiasemdestaque.com\/cd\/#website","url":"https:\/\/noticiasemdestaque.com\/cd\/","name":"Not&iacute;cias em Destaque","description":"","publisher":{"@id":"https:\/\/noticiasemdestaque.com\/cd\/#organization"},"potentialAction":[{"@type":"SearchAction","target":{"@type":"EntryPoint","urlTemplate":"https:\/\/noticiasemdestaque.com\/cd\/?s={search_term_string}"},"query-input":{"@type":"PropertyValueSpecification","valueRequired":true,"valueName":"search_term_string"}}],"inLanguage":"pt-BR"},{"@type":"Organization","@id":"https:\/\/noticiasemdestaque.com\/cd\/#organization","name":"Not\u00edcias em Destaque","url":"https:\/\/noticiasemdestaque.com\/cd\/","logo":{"@type":"ImageObject","inLanguage":"pt-BR","@id":"https:\/\/noticiasemdestaque.com\/cd\/#\/schema\/logo\/image\/","url":"https:\/\/noticiasemdestaque.com\/cd\/wp-content\/uploads\/2022\/05\/imagem-base-noticiasemdestaque.png","contentUrl":"https:\/\/noticiasemdestaque.com\/cd\/wp-content\/uploads\/2022\/05\/imagem-base-noticiasemdestaque.png","width":1200,"height":630,"caption":"Not\u00edcias em Destaque"},"image":{"@id":"https:\/\/noticiasemdestaque.com\/cd\/#\/schema\/logo\/image\/"}},{"@type":"Person","@id":"https:\/\/noticiasemdestaque.com\/cd\/#\/schema\/person\/45ca272b3e1246ef14ebb78a48dbb218","name":"Not\u00edcias em Destaque","url":"https:\/\/noticiasemdestaque.com\/cd\/?author=2"}]}},"jetpack_featured_media_url":"https:\/\/noticiasemdestaque.com\/cd\/wp-content\/uploads\/2022\/11\/CAPA-5-400x255-1.jpg","jetpack_sharing_enabled":true,"_links":{"self":[{"href":"https:\/\/noticiasemdestaque.com\/cd\/index.php?rest_route=\/wp\/v2\/posts\/44119","targetHints":{"allow":["GET"]}}],"collection":[{"href":"https:\/\/noticiasemdestaque.com\/cd\/index.php?rest_route=\/wp\/v2\/posts"}],"about":[{"href":"https:\/\/noticiasemdestaque.com\/cd\/index.php?rest_route=\/wp\/v2\/types\/post"}],"author":[{"embeddable":true,"href":"https:\/\/noticiasemdestaque.com\/cd\/index.php?rest_route=\/wp\/v2\/users\/2"}],"replies":[{"embeddable":true,"href":"https:\/\/noticiasemdestaque.com\/cd\/index.php?rest_route=%2Fwp%2Fv2%2Fcomments&post=44119"}],"version-history":[{"count":1,"href":"https:\/\/noticiasemdestaque.com\/cd\/index.php?rest_route=\/wp\/v2\/posts\/44119\/revisions"}],"predecessor-version":[{"id":44121,"href":"https:\/\/noticiasemdestaque.com\/cd\/index.php?rest_route=\/wp\/v2\/posts\/44119\/revisions\/44121"}],"wp:featuredmedia":[{"embeddable":true,"href":"https:\/\/noticiasemdestaque.com\/cd\/index.php?rest_route=\/wp\/v2\/media\/44120"}],"wp:attachment":[{"href":"https:\/\/noticiasemdestaque.com\/cd\/index.php?rest_route=%2Fwp%2Fv2%2Fmedia&parent=44119"}],"wp:term":[{"taxonomy":"category","embeddable":true,"href":"https:\/\/noticiasemdestaque.com\/cd\/index.php?rest_route=%2Fwp%2Fv2%2Fcategories&post=44119"},{"taxonomy":"post_tag","embeddable":true,"href":"https:\/\/noticiasemdestaque.com\/cd\/index.php?rest_route=%2Fwp%2Fv2%2Ftags&post=44119"}],"curies":[{"name":"wp","href":"https:\/\/api.w.org\/{rel}","templated":true}]}}