{"id":4398,"date":"2017-09-18T20:18:17","date_gmt":"2017-09-18T23:18:17","guid":{"rendered":"http:\/\/caririemdestaque.com\/cd\/?p=4398"},"modified":"2017-09-18T20:18:17","modified_gmt":"2017-09-18T23:18:17","slug":"encontro-de-aeromodelismo-de-monteiro-supera-expectativas-e-e-considerado-o-maior-evento-da-paraiba","status":"publish","type":"post","link":"https:\/\/noticiasemdestaque.com\/cd\/?p=4398","title":{"rendered":"Encontro de Aeromodelismo de Monteiro supera expectativas e \u00e9 considerado o maior evento da Para\u00edba"},"content":{"rendered":"<p><a href=\"http:\/\/caririemdestaque.com\/cd\/wp-content\/uploads\/2017\/09\/aeromodelismo_lorena_campeao.jpg\"><img decoding=\"async\" class=\"size-thumbnail wp-image-4400\" src=\"http:\/\/caririemdestaque.com\/cd\/wp-content\/uploads\/2017\/09\/aeromodelismo_lorena_campeao-150x150.jpg\" alt=\"\" width=\"150\" height=\"150\" \/><\/a><\/p>\n<p>O I Encontro de Aeromodelismo de Monteiro superou todas as expectativas dos organizadores e se transformou no maior evento j\u00e1 realizado na Para\u00edba, com quase 100 participantes inscritos.<\/p><\/div>\n<p>Promovido pela Prefeitura de Monteiro em parceria com empresas privadas, a exemplo da Pousada dos Poemas, Pousada e Restaurante W 3, Pousada Nunes, Casas das Tintas e o provedor de internet CPNET, o evento atraiu centenas de pessoas ao Campo de Pouso de Monteiro durante a manh\u00e3 e tarde deste domingo, 17.<\/p>\n<p>Uma mega estrutura foi montada para receber os participantes e a popula\u00e7\u00e3o. Tendas, mesas, cadeiras, banheiros qu\u00edmicos, gerador de energia, caf\u00e9 da manh\u00e3, wi-fi gr\u00e1tis, e espa\u00e7o para comerciantes ambulantes e at\u00e9 mesmo restaurantes.<\/p>\n<p>Presente ao evento, a prefeita Anna Lorena teve uma manh\u00e3 concorrida para fotografias com visitantes e monteirenses e participou da entrega de trof\u00e9us e medalhas aos participantes de diversos estados, entre eles os da Para\u00edba, Pernambuco, Alagoas e Rio Grande do Norte, que n\u00e3o pouparam elogios \u00e0 organiza\u00e7\u00e3o do evento.<\/p>\n<p>\u201cSinto-me bem em comprovar que nossa gest\u00e3o tem contribu\u00eddo para alavancar cada vez mais o nome de Monteiro. O nosso S\u00e3o Jo\u00e3o j\u00e1 \u00e9 considerado o terceiro maior evento da Para\u00edba e agora, este encontro de aeromodelismo \u00e9 considerado o maior da Para\u00edba. Isso \u00e9 gratificante para todos n\u00f3s que queremos fazer de Monteiro uma cidade cada vez melhor\u201d, disse Anna Lorena.<\/p>\n<p>A prefeita esteve acompanhada do vice-prefeito Celecileno Alves, dos secret\u00e1rios municipais e dos vereadores Bero de Bertino (Presidente da C\u00e2mara de Vereadores), Raul Formiga, Caj\u00f3 Menezes, Toinho de Nequinho, Edilson Mendes (Cour\u00e3o), Sargento Farias e o l\u00edder do governo na C\u00e2mara Lito Campos.<\/p>\n<p>Para Hermano CD, um dos organizadores do encontro e praticante do Aeromodelismo, o apoio da Prefeitura de Monteiro foi de fundamental import\u00e2ncia para o sucesso do evento. \u201cNunca vimos nada igual a este encontro de Monteiro. Um verdadeiro show de organiza\u00e7\u00e3o e dedica\u00e7\u00e3o de toda a equipe da prefeitura, com certeza no pr\u00f3ximo ano o evento ser\u00e1 ainda maior\u201d, disse Hermano.<\/p>\n<p>O secret\u00e1rio de Esportes Rostand Chaves destacou o incentivo da prefeita Anna Lorena para a realiza\u00e7\u00e3o deste encontro e frisou que novas modalidades esportivas ser\u00e3o postas em pr\u00e1ticas pelo munic\u00edpio. \u201cO nosso intuito \u00e9 incentivar a pr\u00e1tica esportiva aos nossos conterr\u00e2neos, e estes eventos s\u00e3o provas do compromisso da prefeita Anna Lorena com o nosso povo\u201d.<\/p>\n<p>O I Encontro de Aeromodelismo de Monteiro contou ainda com o apoio da Pol\u00edcia Militar, de uma unidade m\u00f3vel da Pol\u00edcia Civil e de uma equipe da UPA 24 Horas e SAMU.<\/p>\n<p><em><strong>Cariri em Destaque<\/strong><\/em><\/p>\n<p>Com Ascom<\/p>\n<p>&nbsp;<\/p>\n<p>&nbsp;<\/p>\n<p>&nbsp;<\/p>\n","protected":false},"excerpt":{"rendered":"<p>O I Encontro de Aeromodelismo de Monteiro superou todas as expectativas dos organizadores e se transformou no maior evento j\u00e1 realizado na Para\u00edba, com quase 100 participantes inscritos. Promovido pela Prefeitura de Monteiro em parceria com empresas privadas, a exemplo da Pousada dos Poemas, Pousada e Restaurante W 3, Pousada Nunes, Casas das Tintas e o provedor de internet CPNET, o evento atraiu centenas de pessoas ao Campo de Pouso de Monteiro durante a manh\u00e3 e tarde deste domingo, 17. Uma mega estrutura foi montada para receber os participantes e a popula\u00e7\u00e3o. Tendas, mesas, cadeiras, banheiros qu\u00edmicos, gerador de energia, caf\u00e9 da manh\u00e3, wi-fi gr\u00e1tis, e espa\u00e7o para comerciantes ambulantes e at\u00e9 mesmo restaurantes. Presente ao evento, a prefeita Anna Lorena teve uma manh\u00e3 concorrida para fotografias com visitantes e monteirenses e participou da entrega de trof\u00e9us e medalhas aos participantes de diversos estados, entre eles os da Para\u00edba, Pernambuco, Alagoas e Rio Grande do Norte, que n\u00e3o pouparam elogios \u00e0 organiza\u00e7\u00e3o do evento. \u201cSinto-me bem em comprovar que nossa gest\u00e3o tem contribu\u00eddo para alavancar cada vez mais o nome de Monteiro. O nosso S\u00e3o Jo\u00e3o j\u00e1 \u00e9 considerado o terceiro maior evento da Para\u00edba e agora, este encontro de aeromodelismo \u00e9 considerado o maior da Para\u00edba. Isso \u00e9 gratificante para todos n\u00f3s que queremos fazer de Monteiro uma cidade cada vez melhor\u201d, disse Anna Lorena. A prefeita esteve acompanhada do vice-prefeito Celecileno Alves, dos secret\u00e1rios municipais e dos vereadores Bero de Bertino (Presidente da C\u00e2mara de Vereadores), Raul Formiga, Caj\u00f3 Menezes, Toinho de Nequinho, Edilson Mendes (Cour\u00e3o), Sargento Farias e o l\u00edder do governo na C\u00e2mara Lito Campos. Para Hermano CD, um dos organizadores do encontro e praticante do Aeromodelismo, o apoio da Prefeitura de Monteiro foi de fundamental import\u00e2ncia para o sucesso do evento. \u201cNunca vimos nada igual a este encontro de Monteiro. Um verdadeiro show de organiza\u00e7\u00e3o e dedica\u00e7\u00e3o de toda a equipe da prefeitura, com certeza no pr\u00f3ximo ano o evento ser\u00e1 ainda maior\u201d, disse Hermano. O secret\u00e1rio de Esportes Rostand Chaves destacou o incentivo da prefeita Anna Lorena para a realiza\u00e7\u00e3o deste encontro e frisou que novas modalidades esportivas ser\u00e3o postas em pr\u00e1ticas pelo munic\u00edpio. \u201cO nosso intuito \u00e9 incentivar a pr\u00e1tica esportiva aos nossos conterr\u00e2neos, e estes eventos s\u00e3o provas do compromisso da prefeita Anna Lorena com o nosso povo\u201d. O I Encontro de Aeromodelismo de Monteiro contou ainda com o apoio da Pol\u00edcia Militar, de uma unidade m\u00f3vel da Pol\u00edcia Civil e de uma equipe da UPA 24 Horas e SAMU. Cariri em Destaque Com Ascom &nbsp; &nbsp; &nbsp;<\/p>\n","protected":false},"author":2,"featured_media":4399,"comment_status":"closed","ping_status":"open","sticky":false,"template":"","format":"standard","meta":{"_eb_attr":"","_jetpack_memberships_contains_paid_content":false,"footnotes":""},"categories":[3],"tags":[],"class_list":["post-4398","post","type-post","status-publish","format-standard","has-post-thumbnail","hentry","category-cidades"],"yoast_head":"<!-- This site is optimized with the Yoast SEO plugin v26.5 - https:\/\/yoast.com\/wordpress\/plugins\/seo\/ -->\n<title>Encontro de Aeromodelismo de Monteiro supera expectativas e \u00e9 considerado o maior evento da Para\u00edba - Not&iacute;cias em Destaque<\/title>\n<meta name=\"robots\" content=\"index, follow, max-snippet:-1, max-image-preview:large, max-video-preview:-1\" \/>\n<link rel=\"canonical\" href=\"https:\/\/noticiasemdestaque.com\/cd\/?p=4398\" \/>\n<meta property=\"og:locale\" content=\"pt_BR\" \/>\n<meta property=\"og:type\" content=\"article\" \/>\n<meta property=\"og:title\" content=\"Encontro de Aeromodelismo de Monteiro supera expectativas e \u00e9 considerado o maior evento da Para\u00edba - Not&iacute;cias em Destaque\" \/>\n<meta property=\"og:description\" content=\"O I Encontro de Aeromodelismo de Monteiro superou todas as expectativas dos organizadores e se transformou no maior evento j\u00e1 realizado na Para\u00edba, com quase 100 participantes inscritos. Promovido pela Prefeitura de Monteiro em parceria com empresas privadas, a exemplo da Pousada dos Poemas, Pousada e Restaurante W 3, Pousada Nunes, Casas das Tintas e o provedor de internet CPNET, o evento atraiu centenas de pessoas ao Campo de Pouso de Monteiro durante a manh\u00e3 e tarde deste domingo, 17. Uma mega estrutura foi montada para receber os participantes e a popula\u00e7\u00e3o. Tendas, mesas, cadeiras, banheiros qu\u00edmicos, gerador de energia, caf\u00e9 da manh\u00e3, wi-fi gr\u00e1tis, e espa\u00e7o para comerciantes ambulantes e at\u00e9 mesmo restaurantes. Presente ao evento, a prefeita Anna Lorena teve uma manh\u00e3 concorrida para fotografias com visitantes e monteirenses e participou da entrega de trof\u00e9us e medalhas aos participantes de diversos estados, entre eles os da Para\u00edba, Pernambuco, Alagoas e Rio Grande do Norte, que n\u00e3o pouparam elogios \u00e0 organiza\u00e7\u00e3o do evento. \u201cSinto-me bem em comprovar que nossa gest\u00e3o tem contribu\u00eddo para alavancar cada vez mais o nome de Monteiro. O nosso S\u00e3o Jo\u00e3o j\u00e1 \u00e9 considerado o terceiro maior evento da Para\u00edba e agora, este encontro de aeromodelismo \u00e9 considerado o maior da Para\u00edba. Isso \u00e9 gratificante para todos n\u00f3s que queremos fazer de Monteiro uma cidade cada vez melhor\u201d, disse Anna Lorena. A prefeita esteve acompanhada do vice-prefeito Celecileno Alves, dos secret\u00e1rios municipais e dos vereadores Bero de Bertino (Presidente da C\u00e2mara de Vereadores), Raul Formiga, Caj\u00f3 Menezes, Toinho de Nequinho, Edilson Mendes (Cour\u00e3o), Sargento Farias e o l\u00edder do governo na C\u00e2mara Lito Campos. Para Hermano CD, um dos organizadores do encontro e praticante do Aeromodelismo, o apoio da Prefeitura de Monteiro foi de fundamental import\u00e2ncia para o sucesso do evento. \u201cNunca vimos nada igual a este encontro de Monteiro. Um verdadeiro show de organiza\u00e7\u00e3o e dedica\u00e7\u00e3o de toda a equipe da prefeitura, com certeza no pr\u00f3ximo ano o evento ser\u00e1 ainda maior\u201d, disse Hermano. O secret\u00e1rio de Esportes Rostand Chaves destacou o incentivo da prefeita Anna Lorena para a realiza\u00e7\u00e3o deste encontro e frisou que novas modalidades esportivas ser\u00e3o postas em pr\u00e1ticas pelo munic\u00edpio. \u201cO nosso intuito \u00e9 incentivar a pr\u00e1tica esportiva aos nossos conterr\u00e2neos, e estes eventos s\u00e3o provas do compromisso da prefeita Anna Lorena com o nosso povo\u201d. O I Encontro de Aeromodelismo de Monteiro contou ainda com o apoio da Pol\u00edcia Militar, de uma unidade m\u00f3vel da Pol\u00edcia Civil e de uma equipe da UPA 24 Horas e SAMU. Cariri em Destaque Com Ascom &nbsp; &nbsp; &nbsp;\" \/>\n<meta property=\"og:url\" content=\"https:\/\/noticiasemdestaque.com\/cd\/?p=4398\" \/>\n<meta property=\"og:site_name\" content=\"Not&iacute;cias em Destaque\" \/>\n<meta property=\"article:published_time\" content=\"2017-09-18T23:18:17+00:00\" \/>\n<meta property=\"og:image\" content=\"https:\/\/noticiasemdestaque.com\/cd\/wp-content\/uploads\/2017\/09\/aeromodelismo_avioes_publico-1024x683.jpg\" \/>\n\t<meta property=\"og:image:width\" content=\"1024\" \/>\n\t<meta property=\"og:image:height\" content=\"683\" \/>\n\t<meta property=\"og:image:type\" content=\"image\/jpeg\" \/>\n<meta name=\"author\" content=\"Not\u00edcias em Destaque\" \/>\n<meta name=\"twitter:card\" content=\"summary_large_image\" \/>\n<meta name=\"twitter:label1\" content=\"Escrito por\" \/>\n\t<meta name=\"twitter:data1\" content=\"Not\u00edcias em Destaque\" \/>\n\t<meta name=\"twitter:label2\" content=\"Est. tempo de leitura\" \/>\n\t<meta name=\"twitter:data2\" content=\"2 minutos\" \/>\n<script type=\"application\/ld+json\" class=\"yoast-schema-graph\">{\"@context\":\"https:\/\/schema.org\",\"@graph\":[{\"@type\":\"Article\",\"@id\":\"https:\/\/noticiasemdestaque.com\/cd\/?p=4398#article\",\"isPartOf\":{\"@id\":\"https:\/\/noticiasemdestaque.com\/cd\/?p=4398\"},\"author\":{\"name\":\"Not\u00edcias em Destaque\",\"@id\":\"https:\/\/noticiasemdestaque.com\/cd\/#\/schema\/person\/21320b03a7e8bb90128938dafc9b908a\"},\"headline\":\"Encontro de Aeromodelismo de Monteiro supera expectativas e \u00e9 considerado o maior evento da Para\u00edba\",\"datePublished\":\"2017-09-18T23:18:17+00:00\",\"mainEntityOfPage\":{\"@id\":\"https:\/\/noticiasemdestaque.com\/cd\/?p=4398\"},\"wordCount\":468,\"publisher\":{\"@id\":\"https:\/\/noticiasemdestaque.com\/cd\/#organization\"},\"image\":{\"@id\":\"https:\/\/noticiasemdestaque.com\/cd\/?p=4398#primaryimage\"},\"thumbnailUrl\":\"https:\/\/noticiasemdestaque.com\/cd\/wp-content\/uploads\/2017\/09\/aeromodelismo_avioes_publico.jpg\",\"articleSection\":[\"Cidades\"],\"inLanguage\":\"pt-BR\"},{\"@type\":\"WebPage\",\"@id\":\"https:\/\/noticiasemdestaque.com\/cd\/?p=4398\",\"url\":\"https:\/\/noticiasemdestaque.com\/cd\/?p=4398\",\"name\":\"Encontro de Aeromodelismo de Monteiro supera expectativas e \u00e9 considerado o maior evento da Para\u00edba - Not&iacute;cias em Destaque\",\"isPartOf\":{\"@id\":\"https:\/\/noticiasemdestaque.com\/cd\/#website\"},\"primaryImageOfPage\":{\"@id\":\"https:\/\/noticiasemdestaque.com\/cd\/?p=4398#primaryimage\"},\"image\":{\"@id\":\"https:\/\/noticiasemdestaque.com\/cd\/?p=4398#primaryimage\"},\"thumbnailUrl\":\"https:\/\/noticiasemdestaque.com\/cd\/wp-content\/uploads\/2017\/09\/aeromodelismo_avioes_publico.jpg\",\"datePublished\":\"2017-09-18T23:18:17+00:00\",\"breadcrumb\":{\"@id\":\"https:\/\/noticiasemdestaque.com\/cd\/?p=4398#breadcrumb\"},\"inLanguage\":\"pt-BR\",\"potentialAction\":[{\"@type\":\"ReadAction\",\"target\":[\"https:\/\/noticiasemdestaque.com\/cd\/?p=4398\"]}]},{\"@type\":\"ImageObject\",\"inLanguage\":\"pt-BR\",\"@id\":\"https:\/\/noticiasemdestaque.com\/cd\/?p=4398#primaryimage\",\"url\":\"https:\/\/noticiasemdestaque.com\/cd\/wp-content\/uploads\/2017\/09\/aeromodelismo_avioes_publico.jpg\",\"contentUrl\":\"https:\/\/noticiasemdestaque.com\/cd\/wp-content\/uploads\/2017\/09\/aeromodelismo_avioes_publico.jpg\",\"width\":4608,\"height\":3072},{\"@type\":\"BreadcrumbList\",\"@id\":\"https:\/\/noticiasemdestaque.com\/cd\/?p=4398#breadcrumb\",\"itemListElement\":[{\"@type\":\"ListItem\",\"position\":1,\"name\":\"In\u00edcio\",\"item\":\"https:\/\/noticiasemdestaque.com\/cd\/\"},{\"@type\":\"ListItem\",\"position\":2,\"name\":\"Encontro de Aeromodelismo de Monteiro supera expectativas e \u00e9 considerado o maior evento da Para\u00edba\"}]},{\"@type\":\"WebSite\",\"@id\":\"https:\/\/noticiasemdestaque.com\/cd\/#website\",\"url\":\"https:\/\/noticiasemdestaque.com\/cd\/\",\"name\":\"Not&iacute;cias em Destaque\",\"description\":\"\",\"publisher\":{\"@id\":\"https:\/\/noticiasemdestaque.com\/cd\/#organization\"},\"potentialAction\":[{\"@type\":\"SearchAction\",\"target\":{\"@type\":\"EntryPoint\",\"urlTemplate\":\"https:\/\/noticiasemdestaque.com\/cd\/?s={search_term_string}\"},\"query-input\":{\"@type\":\"PropertyValueSpecification\",\"valueRequired\":true,\"valueName\":\"search_term_string\"}}],\"inLanguage\":\"pt-BR\"},{\"@type\":\"Organization\",\"@id\":\"https:\/\/noticiasemdestaque.com\/cd\/#organization\",\"name\":\"Not\u00edcias em Destaque\",\"url\":\"https:\/\/noticiasemdestaque.com\/cd\/\",\"logo\":{\"@type\":\"ImageObject\",\"inLanguage\":\"pt-BR\",\"@id\":\"https:\/\/noticiasemdestaque.com\/cd\/#\/schema\/logo\/image\/\",\"url\":\"https:\/\/noticiasemdestaque.com\/cd\/wp-content\/uploads\/2022\/05\/imagem-base-noticiasemdestaque.png\",\"contentUrl\":\"https:\/\/noticiasemdestaque.com\/cd\/wp-content\/uploads\/2022\/05\/imagem-base-noticiasemdestaque.png\",\"width\":1200,\"height\":630,\"caption\":\"Not\u00edcias em Destaque\"},\"image\":{\"@id\":\"https:\/\/noticiasemdestaque.com\/cd\/#\/schema\/logo\/image\/\"}},{\"@type\":\"Person\",\"@id\":\"https:\/\/noticiasemdestaque.com\/cd\/#\/schema\/person\/21320b03a7e8bb90128938dafc9b908a\",\"name\":\"Not\u00edcias em Destaque\",\"url\":\"https:\/\/noticiasemdestaque.com\/cd\/?author=2\"}]}<\/script>\n<!-- \/ Yoast SEO plugin. -->","yoast_head_json":{"title":"Encontro de Aeromodelismo de Monteiro supera expectativas e \u00e9 considerado o maior evento da Para\u00edba - Not&iacute;cias em Destaque","robots":{"index":"index","follow":"follow","max-snippet":"max-snippet:-1","max-image-preview":"max-image-preview:large","max-video-preview":"max-video-preview:-1"},"canonical":"https:\/\/noticiasemdestaque.com\/cd\/?p=4398","og_locale":"pt_BR","og_type":"article","og_title":"Encontro de Aeromodelismo de Monteiro supera expectativas e \u00e9 considerado o maior evento da Para\u00edba - Not&iacute;cias em Destaque","og_description":"O I Encontro de Aeromodelismo de Monteiro superou todas as expectativas dos organizadores e se transformou no maior evento j\u00e1 realizado na Para\u00edba, com quase 100 participantes inscritos. Promovido pela Prefeitura de Monteiro em parceria com empresas privadas, a exemplo da Pousada dos Poemas, Pousada e Restaurante W 3, Pousada Nunes, Casas das Tintas e o provedor de internet CPNET, o evento atraiu centenas de pessoas ao Campo de Pouso de Monteiro durante a manh\u00e3 e tarde deste domingo, 17. Uma mega estrutura foi montada para receber os participantes e a popula\u00e7\u00e3o. Tendas, mesas, cadeiras, banheiros qu\u00edmicos, gerador de energia, caf\u00e9 da manh\u00e3, wi-fi gr\u00e1tis, e espa\u00e7o para comerciantes ambulantes e at\u00e9 mesmo restaurantes. Presente ao evento, a prefeita Anna Lorena teve uma manh\u00e3 concorrida para fotografias com visitantes e monteirenses e participou da entrega de trof\u00e9us e medalhas aos participantes de diversos estados, entre eles os da Para\u00edba, Pernambuco, Alagoas e Rio Grande do Norte, que n\u00e3o pouparam elogios \u00e0 organiza\u00e7\u00e3o do evento. \u201cSinto-me bem em comprovar que nossa gest\u00e3o tem contribu\u00eddo para alavancar cada vez mais o nome de Monteiro. O nosso S\u00e3o Jo\u00e3o j\u00e1 \u00e9 considerado o terceiro maior evento da Para\u00edba e agora, este encontro de aeromodelismo \u00e9 considerado o maior da Para\u00edba. Isso \u00e9 gratificante para todos n\u00f3s que queremos fazer de Monteiro uma cidade cada vez melhor\u201d, disse Anna Lorena. A prefeita esteve acompanhada do vice-prefeito Celecileno Alves, dos secret\u00e1rios municipais e dos vereadores Bero de Bertino (Presidente da C\u00e2mara de Vereadores), Raul Formiga, Caj\u00f3 Menezes, Toinho de Nequinho, Edilson Mendes (Cour\u00e3o), Sargento Farias e o l\u00edder do governo na C\u00e2mara Lito Campos. Para Hermano CD, um dos organizadores do encontro e praticante do Aeromodelismo, o apoio da Prefeitura de Monteiro foi de fundamental import\u00e2ncia para o sucesso do evento. \u201cNunca vimos nada igual a este encontro de Monteiro. Um verdadeiro show de organiza\u00e7\u00e3o e dedica\u00e7\u00e3o de toda a equipe da prefeitura, com certeza no pr\u00f3ximo ano o evento ser\u00e1 ainda maior\u201d, disse Hermano. O secret\u00e1rio de Esportes Rostand Chaves destacou o incentivo da prefeita Anna Lorena para a realiza\u00e7\u00e3o deste encontro e frisou que novas modalidades esportivas ser\u00e3o postas em pr\u00e1ticas pelo munic\u00edpio. \u201cO nosso intuito \u00e9 incentivar a pr\u00e1tica esportiva aos nossos conterr\u00e2neos, e estes eventos s\u00e3o provas do compromisso da prefeita Anna Lorena com o nosso povo\u201d. O I Encontro de Aeromodelismo de Monteiro contou ainda com o apoio da Pol\u00edcia Militar, de uma unidade m\u00f3vel da Pol\u00edcia Civil e de uma equipe da UPA 24 Horas e SAMU. Cariri em Destaque Com Ascom &nbsp; &nbsp; &nbsp;","og_url":"https:\/\/noticiasemdestaque.com\/cd\/?p=4398","og_site_name":"Not&iacute;cias em Destaque","article_published_time":"2017-09-18T23:18:17+00:00","og_image":[{"width":1024,"height":683,"url":"https:\/\/noticiasemdestaque.com\/cd\/wp-content\/uploads\/2017\/09\/aeromodelismo_avioes_publico-1024x683.jpg","type":"image\/jpeg"}],"author":"Not\u00edcias em Destaque","twitter_card":"summary_large_image","twitter_misc":{"Escrito por":"Not\u00edcias em Destaque","Est. tempo de leitura":"2 minutos"},"schema":{"@context":"https:\/\/schema.org","@graph":[{"@type":"Article","@id":"https:\/\/noticiasemdestaque.com\/cd\/?p=4398#article","isPartOf":{"@id":"https:\/\/noticiasemdestaque.com\/cd\/?p=4398"},"author":{"name":"Not\u00edcias em Destaque","@id":"https:\/\/noticiasemdestaque.com\/cd\/#\/schema\/person\/21320b03a7e8bb90128938dafc9b908a"},"headline":"Encontro de Aeromodelismo de Monteiro supera expectativas e \u00e9 considerado o maior evento da Para\u00edba","datePublished":"2017-09-18T23:18:17+00:00","mainEntityOfPage":{"@id":"https:\/\/noticiasemdestaque.com\/cd\/?p=4398"},"wordCount":468,"publisher":{"@id":"https:\/\/noticiasemdestaque.com\/cd\/#organization"},"image":{"@id":"https:\/\/noticiasemdestaque.com\/cd\/?p=4398#primaryimage"},"thumbnailUrl":"https:\/\/noticiasemdestaque.com\/cd\/wp-content\/uploads\/2017\/09\/aeromodelismo_avioes_publico.jpg","articleSection":["Cidades"],"inLanguage":"pt-BR"},{"@type":"WebPage","@id":"https:\/\/noticiasemdestaque.com\/cd\/?p=4398","url":"https:\/\/noticiasemdestaque.com\/cd\/?p=4398","name":"Encontro de Aeromodelismo de Monteiro supera expectativas e \u00e9 considerado o maior evento da Para\u00edba - Not&iacute;cias em Destaque","isPartOf":{"@id":"https:\/\/noticiasemdestaque.com\/cd\/#website"},"primaryImageOfPage":{"@id":"https:\/\/noticiasemdestaque.com\/cd\/?p=4398#primaryimage"},"image":{"@id":"https:\/\/noticiasemdestaque.com\/cd\/?p=4398#primaryimage"},"thumbnailUrl":"https:\/\/noticiasemdestaque.com\/cd\/wp-content\/uploads\/2017\/09\/aeromodelismo_avioes_publico.jpg","datePublished":"2017-09-18T23:18:17+00:00","breadcrumb":{"@id":"https:\/\/noticiasemdestaque.com\/cd\/?p=4398#breadcrumb"},"inLanguage":"pt-BR","potentialAction":[{"@type":"ReadAction","target":["https:\/\/noticiasemdestaque.com\/cd\/?p=4398"]}]},{"@type":"ImageObject","inLanguage":"pt-BR","@id":"https:\/\/noticiasemdestaque.com\/cd\/?p=4398#primaryimage","url":"https:\/\/noticiasemdestaque.com\/cd\/wp-content\/uploads\/2017\/09\/aeromodelismo_avioes_publico.jpg","contentUrl":"https:\/\/noticiasemdestaque.com\/cd\/wp-content\/uploads\/2017\/09\/aeromodelismo_avioes_publico.jpg","width":4608,"height":3072},{"@type":"BreadcrumbList","@id":"https:\/\/noticiasemdestaque.com\/cd\/?p=4398#breadcrumb","itemListElement":[{"@type":"ListItem","position":1,"name":"In\u00edcio","item":"https:\/\/noticiasemdestaque.com\/cd\/"},{"@type":"ListItem","position":2,"name":"Encontro de Aeromodelismo de Monteiro supera expectativas e \u00e9 considerado o maior evento da Para\u00edba"}]},{"@type":"WebSite","@id":"https:\/\/noticiasemdestaque.com\/cd\/#website","url":"https:\/\/noticiasemdestaque.com\/cd\/","name":"Not&iacute;cias em Destaque","description":"","publisher":{"@id":"https:\/\/noticiasemdestaque.com\/cd\/#organization"},"potentialAction":[{"@type":"SearchAction","target":{"@type":"EntryPoint","urlTemplate":"https:\/\/noticiasemdestaque.com\/cd\/?s={search_term_string}"},"query-input":{"@type":"PropertyValueSpecification","valueRequired":true,"valueName":"search_term_string"}}],"inLanguage":"pt-BR"},{"@type":"Organization","@id":"https:\/\/noticiasemdestaque.com\/cd\/#organization","name":"Not\u00edcias em Destaque","url":"https:\/\/noticiasemdestaque.com\/cd\/","logo":{"@type":"ImageObject","inLanguage":"pt-BR","@id":"https:\/\/noticiasemdestaque.com\/cd\/#\/schema\/logo\/image\/","url":"https:\/\/noticiasemdestaque.com\/cd\/wp-content\/uploads\/2022\/05\/imagem-base-noticiasemdestaque.png","contentUrl":"https:\/\/noticiasemdestaque.com\/cd\/wp-content\/uploads\/2022\/05\/imagem-base-noticiasemdestaque.png","width":1200,"height":630,"caption":"Not\u00edcias em Destaque"},"image":{"@id":"https:\/\/noticiasemdestaque.com\/cd\/#\/schema\/logo\/image\/"}},{"@type":"Person","@id":"https:\/\/noticiasemdestaque.com\/cd\/#\/schema\/person\/21320b03a7e8bb90128938dafc9b908a","name":"Not\u00edcias em Destaque","url":"https:\/\/noticiasemdestaque.com\/cd\/?author=2"}]}},"jetpack_featured_media_url":"https:\/\/noticiasemdestaque.com\/cd\/wp-content\/uploads\/2017\/09\/aeromodelismo_avioes_publico.jpg","jetpack_sharing_enabled":true,"_links":{"self":[{"href":"https:\/\/noticiasemdestaque.com\/cd\/index.php?rest_route=\/wp\/v2\/posts\/4398","targetHints":{"allow":["GET"]}}],"collection":[{"href":"https:\/\/noticiasemdestaque.com\/cd\/index.php?rest_route=\/wp\/v2\/posts"}],"about":[{"href":"https:\/\/noticiasemdestaque.com\/cd\/index.php?rest_route=\/wp\/v2\/types\/post"}],"author":[{"embeddable":true,"href":"https:\/\/noticiasemdestaque.com\/cd\/index.php?rest_route=\/wp\/v2\/users\/2"}],"replies":[{"embeddable":true,"href":"https:\/\/noticiasemdestaque.com\/cd\/index.php?rest_route=%2Fwp%2Fv2%2Fcomments&post=4398"}],"version-history":[{"count":1,"href":"https:\/\/noticiasemdestaque.com\/cd\/index.php?rest_route=\/wp\/v2\/posts\/4398\/revisions"}],"predecessor-version":[{"id":4401,"href":"https:\/\/noticiasemdestaque.com\/cd\/index.php?rest_route=\/wp\/v2\/posts\/4398\/revisions\/4401"}],"wp:featuredmedia":[{"embeddable":true,"href":"https:\/\/noticiasemdestaque.com\/cd\/index.php?rest_route=\/wp\/v2\/media\/4399"}],"wp:attachment":[{"href":"https:\/\/noticiasemdestaque.com\/cd\/index.php?rest_route=%2Fwp%2Fv2%2Fmedia&parent=4398"}],"wp:term":[{"taxonomy":"category","embeddable":true,"href":"https:\/\/noticiasemdestaque.com\/cd\/index.php?rest_route=%2Fwp%2Fv2%2Fcategories&post=4398"},{"taxonomy":"post_tag","embeddable":true,"href":"https:\/\/noticiasemdestaque.com\/cd\/index.php?rest_route=%2Fwp%2Fv2%2Ftags&post=4398"}],"curies":[{"name":"wp","href":"https:\/\/api.w.org\/{rel}","templated":true}]}}