{"id":4386,"date":"2017-09-17T10:59:48","date_gmt":"2017-09-17T13:59:48","guid":{"rendered":"http:\/\/caririemdestaque.com\/cd\/?p=4386"},"modified":"2017-09-17T10:59:48","modified_gmt":"2017-09-17T13:59:48","slug":"veneziano-garante-apoio-a-jose-maranhao-nas-eleicoes-de-2018","status":"publish","type":"post","link":"https:\/\/noticiasemdestaque.com\/cd\/?p=4386","title":{"rendered":"Veneziano garante apoio a Jos\u00e9 Maranh\u00e3o nas elei\u00e7\u00f5es de 2018"},"content":{"rendered":"<p><a href=\"http:\/\/caririemdestaque.com\/cd\/wp-content\/uploads\/2017\/09\/16-09-2017.123638_Veneziano.png\"><img decoding=\"async\" class=\"size-thumbnail wp-image-4387 alignleft\" src=\"http:\/\/caririemdestaque.com\/cd\/wp-content\/uploads\/2017\/09\/16-09-2017.123638_Veneziano-150x150.png\" alt=\"\" width=\"150\" height=\"150\" \/><\/a>Suspenso das atividades partid\u00e1rias pela Executiva Nacional do PMDB, o deputado federal Veneziano Vital do R\u00eago garantiu que nem a censura nem a falta de apoio de segmentos do partido nas \u00faltimas elei\u00e7\u00f5es comprometer\u00e3o seu apoio a uma poss\u00edvel candidatura do senador Jos\u00e9 Maranh\u00e3o ao governo do Estado em 2018. A condi\u00e7\u00e3o, contudo, \u00e9 que ele permane\u00e7a no partido, algo que s\u00f3 ser\u00e1 definido em mar\u00e7o do pr\u00f3ximo ano.<\/p>\n<p>\u201cSe o PMDB, e eu estando no PMDB, tiver o candidato na figura do senador Maranh\u00e3o terei o maior prazer. N\u00e3o j\u00e1 o fiz? [\u2026] Se o senador for o candidato pelo PMDB e se ainda estiver no PMDB tem o meu humilde apoio\u201d, garantiu.<\/p>\n<p>O deputado n\u00e3o descarta deixar o partido e deixa claro que o apoio, caso saia do PMDB, depender\u00e1 do direcionamento partid\u00e1rio da legenda que o acolher. \u201cMeu desejo \u00e9 permanecer, n\u00e3o permanecendo, fazendo uma op\u00e7\u00e3o por essas legendas que se apresentaram abrindo suas portas a me receber, depender\u00e1 do encaminhamento em n\u00edvel nacional que cada uma dessas legendas haver\u00e1 de adotar\u201d, ressalvou.<\/p>\n<p>Veneziano destaca a boa rela\u00e7\u00e3o que mant\u00e9m com o senador Maranh\u00e3o e afirmou que a sua perman\u00eancia no partido depender\u00e1 da postura que ser\u00e1 adotada pelo PMDB. \u201cNossa rela\u00e7\u00e3o com Maranh\u00e3o \u00e9 facilitada pela confian\u00e7a, amizade. Os distanciamento aqui a acol\u00e1 de opini\u00e3o s\u00e3o pr\u00f3prias de processos partid\u00e1rios. Sempre fomos corretos reciprocamente\u201d, disse.<\/p>\n<p><strong><em>Cariri em Destaque<\/em><\/strong><\/p>\n<p>Com Blog do Gordinhio<\/p>\n","protected":false},"excerpt":{"rendered":"<p>Suspenso das atividades partid\u00e1rias pela Executiva Nacional do PMDB, o deputado federal Veneziano Vital do R\u00eago garantiu que nem a censura nem a falta de apoio de segmentos do partido nas \u00faltimas elei\u00e7\u00f5es comprometer\u00e3o seu apoio a uma poss\u00edvel candidatura do senador Jos\u00e9 Maranh\u00e3o ao governo do Estado em 2018. A condi\u00e7\u00e3o, contudo, \u00e9 que ele permane\u00e7a no partido, algo que s\u00f3 ser\u00e1 definido em mar\u00e7o do pr\u00f3ximo ano. \u201cSe o PMDB, e eu estando no PMDB, tiver o candidato na figura do senador Maranh\u00e3o terei o maior prazer. N\u00e3o j\u00e1 o fiz? [\u2026] Se o senador for o candidato pelo PMDB e se ainda estiver no PMDB tem o meu humilde apoio\u201d, garantiu. O deputado n\u00e3o descarta deixar o partido e deixa claro que o apoio, caso saia do PMDB, depender\u00e1 do direcionamento partid\u00e1rio da legenda que o acolher. \u201cMeu desejo \u00e9 permanecer, n\u00e3o permanecendo, fazendo uma op\u00e7\u00e3o por essas legendas que se apresentaram abrindo suas portas a me receber, depender\u00e1 do encaminhamento em n\u00edvel nacional que cada uma dessas legendas haver\u00e1 de adotar\u201d, ressalvou. Veneziano destaca a boa rela\u00e7\u00e3o que mant\u00e9m com o senador Maranh\u00e3o e afirmou que a sua perman\u00eancia no partido depender\u00e1 da postura que ser\u00e1 adotada pelo PMDB. \u201cNossa rela\u00e7\u00e3o com Maranh\u00e3o \u00e9 facilitada pela confian\u00e7a, amizade. Os distanciamento aqui a acol\u00e1 de opini\u00e3o s\u00e3o pr\u00f3prias de processos partid\u00e1rios. Sempre fomos corretos reciprocamente\u201d, disse. Cariri em Destaque Com Blog do Gordinhio<\/p>\n","protected":false},"author":2,"featured_media":4387,"comment_status":"closed","ping_status":"open","sticky":false,"template":"","format":"standard","meta":{"_eb_attr":"","_jetpack_memberships_contains_paid_content":false,"footnotes":""},"categories":[4],"tags":[],"class_list":["post-4386","post","type-post","status-publish","format-standard","has-post-thumbnail","hentry","category-politica"],"yoast_head":"<!-- This site is optimized with the Yoast SEO plugin v26.5 - https:\/\/yoast.com\/wordpress\/plugins\/seo\/ -->\n<title>Veneziano garante apoio a Jos\u00e9 Maranh\u00e3o nas elei\u00e7\u00f5es de 2018 - Not&iacute;cias em Destaque<\/title>\n<meta name=\"robots\" content=\"index, follow, max-snippet:-1, max-image-preview:large, max-video-preview:-1\" \/>\n<link rel=\"canonical\" href=\"https:\/\/noticiasemdestaque.com\/cd\/?p=4386\" \/>\n<meta property=\"og:locale\" content=\"pt_BR\" \/>\n<meta property=\"og:type\" content=\"article\" \/>\n<meta property=\"og:title\" content=\"Veneziano garante apoio a Jos\u00e9 Maranh\u00e3o nas elei\u00e7\u00f5es de 2018 - Not&iacute;cias em Destaque\" \/>\n<meta property=\"og:description\" content=\"Suspenso das atividades partid\u00e1rias pela Executiva Nacional do PMDB, o deputado federal Veneziano Vital do R\u00eago garantiu que nem a censura nem a falta de apoio de segmentos do partido nas \u00faltimas elei\u00e7\u00f5es comprometer\u00e3o seu apoio a uma poss\u00edvel candidatura do senador Jos\u00e9 Maranh\u00e3o ao governo do Estado em 2018. A condi\u00e7\u00e3o, contudo, \u00e9 que ele permane\u00e7a no partido, algo que s\u00f3 ser\u00e1 definido em mar\u00e7o do pr\u00f3ximo ano. \u201cSe o PMDB, e eu estando no PMDB, tiver o candidato na figura do senador Maranh\u00e3o terei o maior prazer. N\u00e3o j\u00e1 o fiz? [\u2026] Se o senador for o candidato pelo PMDB e se ainda estiver no PMDB tem o meu humilde apoio\u201d, garantiu. O deputado n\u00e3o descarta deixar o partido e deixa claro que o apoio, caso saia do PMDB, depender\u00e1 do direcionamento partid\u00e1rio da legenda que o acolher. \u201cMeu desejo \u00e9 permanecer, n\u00e3o permanecendo, fazendo uma op\u00e7\u00e3o por essas legendas que se apresentaram abrindo suas portas a me receber, depender\u00e1 do encaminhamento em n\u00edvel nacional que cada uma dessas legendas haver\u00e1 de adotar\u201d, ressalvou. Veneziano destaca a boa rela\u00e7\u00e3o que mant\u00e9m com o senador Maranh\u00e3o e afirmou que a sua perman\u00eancia no partido depender\u00e1 da postura que ser\u00e1 adotada pelo PMDB. \u201cNossa rela\u00e7\u00e3o com Maranh\u00e3o \u00e9 facilitada pela confian\u00e7a, amizade. Os distanciamento aqui a acol\u00e1 de opini\u00e3o s\u00e3o pr\u00f3prias de processos partid\u00e1rios. Sempre fomos corretos reciprocamente\u201d, disse. Cariri em Destaque Com Blog do Gordinhio\" \/>\n<meta property=\"og:url\" content=\"https:\/\/noticiasemdestaque.com\/cd\/?p=4386\" \/>\n<meta property=\"og:site_name\" content=\"Not&iacute;cias em Destaque\" \/>\n<meta property=\"article:published_time\" content=\"2017-09-17T13:59:48+00:00\" \/>\n<meta property=\"og:image\" content=\"https:\/\/noticiasemdestaque.com\/cd\/wp-content\/uploads\/2017\/09\/16-09-2017.123638_Veneziano.png\" \/>\n\t<meta property=\"og:image:width\" content=\"360\" \/>\n\t<meta property=\"og:image:height\" content=\"240\" \/>\n\t<meta property=\"og:image:type\" content=\"image\/png\" \/>\n<meta name=\"author\" content=\"Not\u00edcias em Destaque\" \/>\n<meta name=\"twitter:card\" content=\"summary_large_image\" \/>\n<meta name=\"twitter:label1\" content=\"Escrito por\" \/>\n\t<meta name=\"twitter:data1\" content=\"Not\u00edcias em Destaque\" \/>\n\t<meta name=\"twitter:label2\" content=\"Est. tempo de leitura\" \/>\n\t<meta name=\"twitter:data2\" content=\"1 minuto\" \/>\n<script type=\"application\/ld+json\" class=\"yoast-schema-graph\">{\"@context\":\"https:\/\/schema.org\",\"@graph\":[{\"@type\":\"Article\",\"@id\":\"https:\/\/noticiasemdestaque.com\/cd\/?p=4386#article\",\"isPartOf\":{\"@id\":\"https:\/\/noticiasemdestaque.com\/cd\/?p=4386\"},\"author\":{\"name\":\"Not\u00edcias em Destaque\",\"@id\":\"https:\/\/noticiasemdestaque.com\/cd\/#\/schema\/person\/21320b03a7e8bb90128938dafc9b908a\"},\"headline\":\"Veneziano garante apoio a Jos\u00e9 Maranh\u00e3o nas elei\u00e7\u00f5es de 2018\",\"datePublished\":\"2017-09-17T13:59:48+00:00\",\"mainEntityOfPage\":{\"@id\":\"https:\/\/noticiasemdestaque.com\/cd\/?p=4386\"},\"wordCount\":270,\"publisher\":{\"@id\":\"https:\/\/noticiasemdestaque.com\/cd\/#organization\"},\"image\":{\"@id\":\"https:\/\/noticiasemdestaque.com\/cd\/?p=4386#primaryimage\"},\"thumbnailUrl\":\"https:\/\/noticiasemdestaque.com\/cd\/wp-content\/uploads\/2017\/09\/16-09-2017.123638_Veneziano.png\",\"articleSection\":[\"Pol\u00edtica\"],\"inLanguage\":\"pt-BR\"},{\"@type\":\"WebPage\",\"@id\":\"https:\/\/noticiasemdestaque.com\/cd\/?p=4386\",\"url\":\"https:\/\/noticiasemdestaque.com\/cd\/?p=4386\",\"name\":\"Veneziano garante apoio a Jos\u00e9 Maranh\u00e3o nas elei\u00e7\u00f5es de 2018 - Not&iacute;cias em Destaque\",\"isPartOf\":{\"@id\":\"https:\/\/noticiasemdestaque.com\/cd\/#website\"},\"primaryImageOfPage\":{\"@id\":\"https:\/\/noticiasemdestaque.com\/cd\/?p=4386#primaryimage\"},\"image\":{\"@id\":\"https:\/\/noticiasemdestaque.com\/cd\/?p=4386#primaryimage\"},\"thumbnailUrl\":\"https:\/\/noticiasemdestaque.com\/cd\/wp-content\/uploads\/2017\/09\/16-09-2017.123638_Veneziano.png\",\"datePublished\":\"2017-09-17T13:59:48+00:00\",\"breadcrumb\":{\"@id\":\"https:\/\/noticiasemdestaque.com\/cd\/?p=4386#breadcrumb\"},\"inLanguage\":\"pt-BR\",\"potentialAction\":[{\"@type\":\"ReadAction\",\"target\":[\"https:\/\/noticiasemdestaque.com\/cd\/?p=4386\"]}]},{\"@type\":\"ImageObject\",\"inLanguage\":\"pt-BR\",\"@id\":\"https:\/\/noticiasemdestaque.com\/cd\/?p=4386#primaryimage\",\"url\":\"https:\/\/noticiasemdestaque.com\/cd\/wp-content\/uploads\/2017\/09\/16-09-2017.123638_Veneziano.png\",\"contentUrl\":\"https:\/\/noticiasemdestaque.com\/cd\/wp-content\/uploads\/2017\/09\/16-09-2017.123638_Veneziano.png\",\"width\":360,\"height\":240},{\"@type\":\"BreadcrumbList\",\"@id\":\"https:\/\/noticiasemdestaque.com\/cd\/?p=4386#breadcrumb\",\"itemListElement\":[{\"@type\":\"ListItem\",\"position\":1,\"name\":\"In\u00edcio\",\"item\":\"https:\/\/noticiasemdestaque.com\/cd\/\"},{\"@type\":\"ListItem\",\"position\":2,\"name\":\"Veneziano garante apoio a Jos\u00e9 Maranh\u00e3o nas elei\u00e7\u00f5es de 2018\"}]},{\"@type\":\"WebSite\",\"@id\":\"https:\/\/noticiasemdestaque.com\/cd\/#website\",\"url\":\"https:\/\/noticiasemdestaque.com\/cd\/\",\"name\":\"Not&iacute;cias em Destaque\",\"description\":\"\",\"publisher\":{\"@id\":\"https:\/\/noticiasemdestaque.com\/cd\/#organization\"},\"potentialAction\":[{\"@type\":\"SearchAction\",\"target\":{\"@type\":\"EntryPoint\",\"urlTemplate\":\"https:\/\/noticiasemdestaque.com\/cd\/?s={search_term_string}\"},\"query-input\":{\"@type\":\"PropertyValueSpecification\",\"valueRequired\":true,\"valueName\":\"search_term_string\"}}],\"inLanguage\":\"pt-BR\"},{\"@type\":\"Organization\",\"@id\":\"https:\/\/noticiasemdestaque.com\/cd\/#organization\",\"name\":\"Not\u00edcias em Destaque\",\"url\":\"https:\/\/noticiasemdestaque.com\/cd\/\",\"logo\":{\"@type\":\"ImageObject\",\"inLanguage\":\"pt-BR\",\"@id\":\"https:\/\/noticiasemdestaque.com\/cd\/#\/schema\/logo\/image\/\",\"url\":\"https:\/\/noticiasemdestaque.com\/cd\/wp-content\/uploads\/2022\/05\/imagem-base-noticiasemdestaque.png\",\"contentUrl\":\"https:\/\/noticiasemdestaque.com\/cd\/wp-content\/uploads\/2022\/05\/imagem-base-noticiasemdestaque.png\",\"width\":1200,\"height\":630,\"caption\":\"Not\u00edcias em Destaque\"},\"image\":{\"@id\":\"https:\/\/noticiasemdestaque.com\/cd\/#\/schema\/logo\/image\/\"}},{\"@type\":\"Person\",\"@id\":\"https:\/\/noticiasemdestaque.com\/cd\/#\/schema\/person\/21320b03a7e8bb90128938dafc9b908a\",\"name\":\"Not\u00edcias em Destaque\",\"url\":\"https:\/\/noticiasemdestaque.com\/cd\/?author=2\"}]}<\/script>\n<!-- \/ Yoast SEO plugin. -->","yoast_head_json":{"title":"Veneziano garante apoio a Jos\u00e9 Maranh\u00e3o nas elei\u00e7\u00f5es de 2018 - Not&iacute;cias em Destaque","robots":{"index":"index","follow":"follow","max-snippet":"max-snippet:-1","max-image-preview":"max-image-preview:large","max-video-preview":"max-video-preview:-1"},"canonical":"https:\/\/noticiasemdestaque.com\/cd\/?p=4386","og_locale":"pt_BR","og_type":"article","og_title":"Veneziano garante apoio a Jos\u00e9 Maranh\u00e3o nas elei\u00e7\u00f5es de 2018 - Not&iacute;cias em Destaque","og_description":"Suspenso das atividades partid\u00e1rias pela Executiva Nacional do PMDB, o deputado federal Veneziano Vital do R\u00eago garantiu que nem a censura nem a falta de apoio de segmentos do partido nas \u00faltimas elei\u00e7\u00f5es comprometer\u00e3o seu apoio a uma poss\u00edvel candidatura do senador Jos\u00e9 Maranh\u00e3o ao governo do Estado em 2018. A condi\u00e7\u00e3o, contudo, \u00e9 que ele permane\u00e7a no partido, algo que s\u00f3 ser\u00e1 definido em mar\u00e7o do pr\u00f3ximo ano. \u201cSe o PMDB, e eu estando no PMDB, tiver o candidato na figura do senador Maranh\u00e3o terei o maior prazer. N\u00e3o j\u00e1 o fiz? [\u2026] Se o senador for o candidato pelo PMDB e se ainda estiver no PMDB tem o meu humilde apoio\u201d, garantiu. O deputado n\u00e3o descarta deixar o partido e deixa claro que o apoio, caso saia do PMDB, depender\u00e1 do direcionamento partid\u00e1rio da legenda que o acolher. \u201cMeu desejo \u00e9 permanecer, n\u00e3o permanecendo, fazendo uma op\u00e7\u00e3o por essas legendas que se apresentaram abrindo suas portas a me receber, depender\u00e1 do encaminhamento em n\u00edvel nacional que cada uma dessas legendas haver\u00e1 de adotar\u201d, ressalvou. Veneziano destaca a boa rela\u00e7\u00e3o que mant\u00e9m com o senador Maranh\u00e3o e afirmou que a sua perman\u00eancia no partido depender\u00e1 da postura que ser\u00e1 adotada pelo PMDB. \u201cNossa rela\u00e7\u00e3o com Maranh\u00e3o \u00e9 facilitada pela confian\u00e7a, amizade. Os distanciamento aqui a acol\u00e1 de opini\u00e3o s\u00e3o pr\u00f3prias de processos partid\u00e1rios. Sempre fomos corretos reciprocamente\u201d, disse. Cariri em Destaque Com Blog do Gordinhio","og_url":"https:\/\/noticiasemdestaque.com\/cd\/?p=4386","og_site_name":"Not&iacute;cias em Destaque","article_published_time":"2017-09-17T13:59:48+00:00","og_image":[{"width":360,"height":240,"url":"https:\/\/noticiasemdestaque.com\/cd\/wp-content\/uploads\/2017\/09\/16-09-2017.123638_Veneziano.png","type":"image\/png"}],"author":"Not\u00edcias em Destaque","twitter_card":"summary_large_image","twitter_misc":{"Escrito por":"Not\u00edcias em Destaque","Est. tempo de leitura":"1 minuto"},"schema":{"@context":"https:\/\/schema.org","@graph":[{"@type":"Article","@id":"https:\/\/noticiasemdestaque.com\/cd\/?p=4386#article","isPartOf":{"@id":"https:\/\/noticiasemdestaque.com\/cd\/?p=4386"},"author":{"name":"Not\u00edcias em Destaque","@id":"https:\/\/noticiasemdestaque.com\/cd\/#\/schema\/person\/21320b03a7e8bb90128938dafc9b908a"},"headline":"Veneziano garante apoio a Jos\u00e9 Maranh\u00e3o nas elei\u00e7\u00f5es de 2018","datePublished":"2017-09-17T13:59:48+00:00","mainEntityOfPage":{"@id":"https:\/\/noticiasemdestaque.com\/cd\/?p=4386"},"wordCount":270,"publisher":{"@id":"https:\/\/noticiasemdestaque.com\/cd\/#organization"},"image":{"@id":"https:\/\/noticiasemdestaque.com\/cd\/?p=4386#primaryimage"},"thumbnailUrl":"https:\/\/noticiasemdestaque.com\/cd\/wp-content\/uploads\/2017\/09\/16-09-2017.123638_Veneziano.png","articleSection":["Pol\u00edtica"],"inLanguage":"pt-BR"},{"@type":"WebPage","@id":"https:\/\/noticiasemdestaque.com\/cd\/?p=4386","url":"https:\/\/noticiasemdestaque.com\/cd\/?p=4386","name":"Veneziano garante apoio a Jos\u00e9 Maranh\u00e3o nas elei\u00e7\u00f5es de 2018 - Not&iacute;cias em Destaque","isPartOf":{"@id":"https:\/\/noticiasemdestaque.com\/cd\/#website"},"primaryImageOfPage":{"@id":"https:\/\/noticiasemdestaque.com\/cd\/?p=4386#primaryimage"},"image":{"@id":"https:\/\/noticiasemdestaque.com\/cd\/?p=4386#primaryimage"},"thumbnailUrl":"https:\/\/noticiasemdestaque.com\/cd\/wp-content\/uploads\/2017\/09\/16-09-2017.123638_Veneziano.png","datePublished":"2017-09-17T13:59:48+00:00","breadcrumb":{"@id":"https:\/\/noticiasemdestaque.com\/cd\/?p=4386#breadcrumb"},"inLanguage":"pt-BR","potentialAction":[{"@type":"ReadAction","target":["https:\/\/noticiasemdestaque.com\/cd\/?p=4386"]}]},{"@type":"ImageObject","inLanguage":"pt-BR","@id":"https:\/\/noticiasemdestaque.com\/cd\/?p=4386#primaryimage","url":"https:\/\/noticiasemdestaque.com\/cd\/wp-content\/uploads\/2017\/09\/16-09-2017.123638_Veneziano.png","contentUrl":"https:\/\/noticiasemdestaque.com\/cd\/wp-content\/uploads\/2017\/09\/16-09-2017.123638_Veneziano.png","width":360,"height":240},{"@type":"BreadcrumbList","@id":"https:\/\/noticiasemdestaque.com\/cd\/?p=4386#breadcrumb","itemListElement":[{"@type":"ListItem","position":1,"name":"In\u00edcio","item":"https:\/\/noticiasemdestaque.com\/cd\/"},{"@type":"ListItem","position":2,"name":"Veneziano garante apoio a Jos\u00e9 Maranh\u00e3o nas elei\u00e7\u00f5es de 2018"}]},{"@type":"WebSite","@id":"https:\/\/noticiasemdestaque.com\/cd\/#website","url":"https:\/\/noticiasemdestaque.com\/cd\/","name":"Not&iacute;cias em Destaque","description":"","publisher":{"@id":"https:\/\/noticiasemdestaque.com\/cd\/#organization"},"potentialAction":[{"@type":"SearchAction","target":{"@type":"EntryPoint","urlTemplate":"https:\/\/noticiasemdestaque.com\/cd\/?s={search_term_string}"},"query-input":{"@type":"PropertyValueSpecification","valueRequired":true,"valueName":"search_term_string"}}],"inLanguage":"pt-BR"},{"@type":"Organization","@id":"https:\/\/noticiasemdestaque.com\/cd\/#organization","name":"Not\u00edcias em Destaque","url":"https:\/\/noticiasemdestaque.com\/cd\/","logo":{"@type":"ImageObject","inLanguage":"pt-BR","@id":"https:\/\/noticiasemdestaque.com\/cd\/#\/schema\/logo\/image\/","url":"https:\/\/noticiasemdestaque.com\/cd\/wp-content\/uploads\/2022\/05\/imagem-base-noticiasemdestaque.png","contentUrl":"https:\/\/noticiasemdestaque.com\/cd\/wp-content\/uploads\/2022\/05\/imagem-base-noticiasemdestaque.png","width":1200,"height":630,"caption":"Not\u00edcias em Destaque"},"image":{"@id":"https:\/\/noticiasemdestaque.com\/cd\/#\/schema\/logo\/image\/"}},{"@type":"Person","@id":"https:\/\/noticiasemdestaque.com\/cd\/#\/schema\/person\/21320b03a7e8bb90128938dafc9b908a","name":"Not\u00edcias em Destaque","url":"https:\/\/noticiasemdestaque.com\/cd\/?author=2"}]}},"jetpack_featured_media_url":"https:\/\/noticiasemdestaque.com\/cd\/wp-content\/uploads\/2017\/09\/16-09-2017.123638_Veneziano.png","jetpack_sharing_enabled":true,"_links":{"self":[{"href":"https:\/\/noticiasemdestaque.com\/cd\/index.php?rest_route=\/wp\/v2\/posts\/4386","targetHints":{"allow":["GET"]}}],"collection":[{"href":"https:\/\/noticiasemdestaque.com\/cd\/index.php?rest_route=\/wp\/v2\/posts"}],"about":[{"href":"https:\/\/noticiasemdestaque.com\/cd\/index.php?rest_route=\/wp\/v2\/types\/post"}],"author":[{"embeddable":true,"href":"https:\/\/noticiasemdestaque.com\/cd\/index.php?rest_route=\/wp\/v2\/users\/2"}],"replies":[{"embeddable":true,"href":"https:\/\/noticiasemdestaque.com\/cd\/index.php?rest_route=%2Fwp%2Fv2%2Fcomments&post=4386"}],"version-history":[{"count":1,"href":"https:\/\/noticiasemdestaque.com\/cd\/index.php?rest_route=\/wp\/v2\/posts\/4386\/revisions"}],"predecessor-version":[{"id":4388,"href":"https:\/\/noticiasemdestaque.com\/cd\/index.php?rest_route=\/wp\/v2\/posts\/4386\/revisions\/4388"}],"wp:featuredmedia":[{"embeddable":true,"href":"https:\/\/noticiasemdestaque.com\/cd\/index.php?rest_route=\/wp\/v2\/media\/4387"}],"wp:attachment":[{"href":"https:\/\/noticiasemdestaque.com\/cd\/index.php?rest_route=%2Fwp%2Fv2%2Fmedia&parent=4386"}],"wp:term":[{"taxonomy":"category","embeddable":true,"href":"https:\/\/noticiasemdestaque.com\/cd\/index.php?rest_route=%2Fwp%2Fv2%2Fcategories&post=4386"},{"taxonomy":"post_tag","embeddable":true,"href":"https:\/\/noticiasemdestaque.com\/cd\/index.php?rest_route=%2Fwp%2Fv2%2Ftags&post=4386"}],"curies":[{"name":"wp","href":"https:\/\/api.w.org\/{rel}","templated":true}]}}