{"id":43851,"date":"2022-11-04T09:13:09","date_gmt":"2022-11-04T12:13:09","guid":{"rendered":"https:\/\/noticiasemdestaque.com\/cd\/?p=43851"},"modified":"2022-11-04T09:13:09","modified_gmt":"2022-11-04T12:13:09","slug":"prefeito-de-ouro-velho-dro-augusto-valadares-tem-96-de-aprovacao-em-pesquisa-realizada-no-premio-referencia-2022","status":"publish","type":"post","link":"https:\/\/noticiasemdestaque.com\/cd\/?p=43851","title":{"rendered":"Prefeito de Ouro Velho, Dr\u00ba Augusto Valadares tem 96% de aprova\u00e7\u00e3o em pesquisa realizada no Pr\u00eamio Refer\u00eancia 2022"},"content":{"rendered":"<div><a href=\"https:\/\/noticiasemdestaque.com\/cd\/wp-content\/uploads\/2022\/11\/AugustoValadares-06-09-22.jpeg\"><img fetchpriority=\"high\" decoding=\"async\" class=\"alignnone  wp-image-43852\" src=\"https:\/\/noticiasemdestaque.com\/cd\/wp-content\/uploads\/2022\/11\/AugustoValadares-06-09-22-300x225.jpeg\" alt=\"\" width=\"1035\" height=\"776\" srcset=\"https:\/\/noticiasemdestaque.com\/cd\/wp-content\/uploads\/2022\/11\/AugustoValadares-06-09-22-300x225.jpeg 300w, https:\/\/noticiasemdestaque.com\/cd\/wp-content\/uploads\/2022\/11\/AugustoValadares-06-09-22-16x12.jpeg 16w, https:\/\/noticiasemdestaque.com\/cd\/wp-content\/uploads\/2022\/11\/AugustoValadares-06-09-22.jpeg 640w\" sizes=\"(max-width: 1035px) 100vw, 1035px\" \/><\/a><\/div>\n<div>O Cariri Em A\u00e7\u00e3o divulgou na manh\u00e3 desta ter\u00e7a-feira (01) o resultado do Pr\u00eamio Refer\u00eancia 2022, a pesquisa foi realizada de forma online.<\/div>\n<div><\/div>\n<div>A popula\u00e7\u00e3o de Ouro Velho esteve avaliando a gest\u00e3o do Prefeito Dr\u00ba Augusto Valadares e 96% aprovaram a gest\u00e3o.<\/div>\n<div><\/div>\n<div class=\"separator\"><a href=\"https:\/\/blogger.googleusercontent.com\/img\/b\/R29vZ2xl\/AVvXsEjO6_KqyNDbnqA0k68iUKz2YcrP5eLElZe5ADeKE8YJDNLJwszSq0-N2j_IP9eTY2WQjCjWS278ZK5Dp7ebJ2Ox8aSoKpjIMYnfk2HZAjUPuspTDBdoqyDXct26iGumyXOMXaa5C56bSuF3NRbPFsGhUc547k_VbFZWCUu3Lip1kFRWyLEQfX_u1Y06\/s1080\/1ee78713-8117-4351-a9ef-87c052a8e889.jpg\"><img decoding=\"async\" src=\"https:\/\/blogger.googleusercontent.com\/img\/b\/R29vZ2xl\/AVvXsEjO6_KqyNDbnqA0k68iUKz2YcrP5eLElZe5ADeKE8YJDNLJwszSq0-N2j_IP9eTY2WQjCjWS278ZK5Dp7ebJ2Ox8aSoKpjIMYnfk2HZAjUPuspTDBdoqyDXct26iGumyXOMXaa5C56bSuF3NRbPFsGhUc547k_VbFZWCUu3Lip1kFRWyLEQfX_u1Y06\/w512-h640\/1ee78713-8117-4351-a9ef-87c052a8e889.jpg\" width=\"512\" height=\"640\" border=\"0\" data-original-height=\"1080\" data-original-width=\"864\" \/><\/a><\/div>\n<div><\/div>\n<div>A cerim\u00f4nia de premia\u00e7\u00e3o acontecer\u00e1 em tr\u00eas cidades neste ano, sendo em Serra Branca, no dia 25 de novembro, em seguida ser\u00e1 a vez de S\u00e3o Jos\u00e9 do Egito, no dia 03 de dezembro, e finalizando o evento no dia 09 de dezembro, na cidade de Monteiro.<\/div>\n<div><\/div>\n<div><strong>Noticias em Destaque<\/strong><\/div>\n<div style=\"text-align: right;\"><em>Fonte: Cariri em A\u00e7\u00e3o<\/em><\/div>\n","protected":false},"excerpt":{"rendered":"<p>O Cariri Em A\u00e7\u00e3o divulgou na manh\u00e3 desta ter\u00e7a-feira (01) o resultado do Pr\u00eamio Refer\u00eancia 2022, a pesquisa foi realizada de forma online. A popula\u00e7\u00e3o de Ouro Velho esteve avaliando a gest\u00e3o do Prefeito Dr\u00ba Augusto Valadares e 96% aprovaram a gest\u00e3o. A cerim\u00f4nia de premia\u00e7\u00e3o acontecer\u00e1 em tr\u00eas cidades neste ano, sendo em Serra Branca, no dia 25 de novembro, em seguida ser\u00e1 a vez de S\u00e3o Jos\u00e9 do Egito, no dia 03 de dezembro, e finalizando o evento no dia 09 de dezembro, na cidade de Monteiro. Noticias em Destaque Fonte: Cariri em A\u00e7\u00e3o<\/p>\n","protected":false},"author":2,"featured_media":43852,"comment_status":"closed","ping_status":"open","sticky":false,"template":"","format":"standard","meta":{"_eb_attr":"","_jetpack_memberships_contains_paid_content":false,"footnotes":""},"categories":[3],"tags":[],"class_list":["post-43851","post","type-post","status-publish","format-standard","has-post-thumbnail","hentry","category-cidades"],"yoast_head":"<!-- This site is optimized with the Yoast SEO plugin v26.5 - https:\/\/yoast.com\/wordpress\/plugins\/seo\/ -->\n<title>Prefeito de Ouro Velho, Dr\u00ba Augusto Valadares tem 96% de aprova\u00e7\u00e3o em pesquisa realizada no Pr\u00eamio Refer\u00eancia 2022 - Not&iacute;cias em Destaque<\/title>\n<meta name=\"robots\" content=\"index, follow, max-snippet:-1, max-image-preview:large, max-video-preview:-1\" \/>\n<link rel=\"canonical\" href=\"https:\/\/noticiasemdestaque.com\/cd\/?p=43851\" \/>\n<meta property=\"og:locale\" content=\"pt_BR\" \/>\n<meta property=\"og:type\" content=\"article\" \/>\n<meta property=\"og:title\" content=\"Prefeito de Ouro Velho, Dr\u00ba Augusto Valadares tem 96% de aprova\u00e7\u00e3o em pesquisa realizada no Pr\u00eamio Refer\u00eancia 2022 - Not&iacute;cias em Destaque\" \/>\n<meta property=\"og:description\" content=\"O Cariri Em A\u00e7\u00e3o divulgou na manh\u00e3 desta ter\u00e7a-feira (01) o resultado do Pr\u00eamio Refer\u00eancia 2022, a pesquisa foi realizada de forma online. A popula\u00e7\u00e3o de Ouro Velho esteve avaliando a gest\u00e3o do Prefeito Dr\u00ba Augusto Valadares e 96% aprovaram a gest\u00e3o. A cerim\u00f4nia de premia\u00e7\u00e3o acontecer\u00e1 em tr\u00eas cidades neste ano, sendo em Serra Branca, no dia 25 de novembro, em seguida ser\u00e1 a vez de S\u00e3o Jos\u00e9 do Egito, no dia 03 de dezembro, e finalizando o evento no dia 09 de dezembro, na cidade de Monteiro. Noticias em Destaque Fonte: Cariri em A\u00e7\u00e3o\" \/>\n<meta property=\"og:url\" content=\"https:\/\/noticiasemdestaque.com\/cd\/?p=43851\" \/>\n<meta property=\"og:site_name\" content=\"Not&iacute;cias em Destaque\" \/>\n<meta property=\"article:published_time\" content=\"2022-11-04T12:13:09+00:00\" \/>\n<meta property=\"og:image\" content=\"https:\/\/noticiasemdestaque.com\/cd\/wp-content\/uploads\/2022\/11\/AugustoValadares-06-09-22.jpeg\" \/>\n\t<meta property=\"og:image:width\" content=\"640\" \/>\n\t<meta property=\"og:image:height\" content=\"479\" \/>\n\t<meta property=\"og:image:type\" content=\"image\/jpeg\" \/>\n<meta name=\"author\" content=\"Not\u00edcias em Destaque\" \/>\n<meta name=\"twitter:card\" content=\"summary_large_image\" \/>\n<meta name=\"twitter:label1\" content=\"Escrito por\" \/>\n\t<meta name=\"twitter:data1\" content=\"Not\u00edcias em Destaque\" \/>\n\t<meta name=\"twitter:label2\" content=\"Est. tempo de leitura\" \/>\n\t<meta name=\"twitter:data2\" content=\"1 minuto\" \/>\n<script type=\"application\/ld+json\" class=\"yoast-schema-graph\">{\"@context\":\"https:\/\/schema.org\",\"@graph\":[{\"@type\":\"Article\",\"@id\":\"https:\/\/noticiasemdestaque.com\/cd\/?p=43851#article\",\"isPartOf\":{\"@id\":\"https:\/\/noticiasemdestaque.com\/cd\/?p=43851\"},\"author\":{\"name\":\"Not\u00edcias em Destaque\",\"@id\":\"https:\/\/noticiasemdestaque.com\/cd\/#\/schema\/person\/21320b03a7e8bb90128938dafc9b908a\"},\"headline\":\"Prefeito de Ouro Velho, Dr\u00ba Augusto Valadares tem 96% de aprova\u00e7\u00e3o em pesquisa realizada no Pr\u00eamio Refer\u00eancia 2022\",\"datePublished\":\"2022-11-04T12:13:09+00:00\",\"mainEntityOfPage\":{\"@id\":\"https:\/\/noticiasemdestaque.com\/cd\/?p=43851\"},\"wordCount\":121,\"publisher\":{\"@id\":\"https:\/\/noticiasemdestaque.com\/cd\/#organization\"},\"image\":{\"@id\":\"https:\/\/noticiasemdestaque.com\/cd\/?p=43851#primaryimage\"},\"thumbnailUrl\":\"https:\/\/noticiasemdestaque.com\/cd\/wp-content\/uploads\/2022\/11\/AugustoValadares-06-09-22.jpeg\",\"articleSection\":[\"Cidades\"],\"inLanguage\":\"pt-BR\"},{\"@type\":\"WebPage\",\"@id\":\"https:\/\/noticiasemdestaque.com\/cd\/?p=43851\",\"url\":\"https:\/\/noticiasemdestaque.com\/cd\/?p=43851\",\"name\":\"Prefeito de Ouro Velho, Dr\u00ba Augusto Valadares tem 96% de aprova\u00e7\u00e3o em pesquisa realizada no Pr\u00eamio Refer\u00eancia 2022 - Not&iacute;cias em Destaque\",\"isPartOf\":{\"@id\":\"https:\/\/noticiasemdestaque.com\/cd\/#website\"},\"primaryImageOfPage\":{\"@id\":\"https:\/\/noticiasemdestaque.com\/cd\/?p=43851#primaryimage\"},\"image\":{\"@id\":\"https:\/\/noticiasemdestaque.com\/cd\/?p=43851#primaryimage\"},\"thumbnailUrl\":\"https:\/\/noticiasemdestaque.com\/cd\/wp-content\/uploads\/2022\/11\/AugustoValadares-06-09-22.jpeg\",\"datePublished\":\"2022-11-04T12:13:09+00:00\",\"breadcrumb\":{\"@id\":\"https:\/\/noticiasemdestaque.com\/cd\/?p=43851#breadcrumb\"},\"inLanguage\":\"pt-BR\",\"potentialAction\":[{\"@type\":\"ReadAction\",\"target\":[\"https:\/\/noticiasemdestaque.com\/cd\/?p=43851\"]}]},{\"@type\":\"ImageObject\",\"inLanguage\":\"pt-BR\",\"@id\":\"https:\/\/noticiasemdestaque.com\/cd\/?p=43851#primaryimage\",\"url\":\"https:\/\/noticiasemdestaque.com\/cd\/wp-content\/uploads\/2022\/11\/AugustoValadares-06-09-22.jpeg\",\"contentUrl\":\"https:\/\/noticiasemdestaque.com\/cd\/wp-content\/uploads\/2022\/11\/AugustoValadares-06-09-22.jpeg\",\"width\":640,\"height\":479},{\"@type\":\"BreadcrumbList\",\"@id\":\"https:\/\/noticiasemdestaque.com\/cd\/?p=43851#breadcrumb\",\"itemListElement\":[{\"@type\":\"ListItem\",\"position\":1,\"name\":\"In\u00edcio\",\"item\":\"https:\/\/noticiasemdestaque.com\/cd\/\"},{\"@type\":\"ListItem\",\"position\":2,\"name\":\"Prefeito de Ouro Velho, Dr\u00ba Augusto Valadares tem 96% de aprova\u00e7\u00e3o em pesquisa realizada no Pr\u00eamio Refer\u00eancia 2022\"}]},{\"@type\":\"WebSite\",\"@id\":\"https:\/\/noticiasemdestaque.com\/cd\/#website\",\"url\":\"https:\/\/noticiasemdestaque.com\/cd\/\",\"name\":\"Not&iacute;cias em Destaque\",\"description\":\"\",\"publisher\":{\"@id\":\"https:\/\/noticiasemdestaque.com\/cd\/#organization\"},\"potentialAction\":[{\"@type\":\"SearchAction\",\"target\":{\"@type\":\"EntryPoint\",\"urlTemplate\":\"https:\/\/noticiasemdestaque.com\/cd\/?s={search_term_string}\"},\"query-input\":{\"@type\":\"PropertyValueSpecification\",\"valueRequired\":true,\"valueName\":\"search_term_string\"}}],\"inLanguage\":\"pt-BR\"},{\"@type\":\"Organization\",\"@id\":\"https:\/\/noticiasemdestaque.com\/cd\/#organization\",\"name\":\"Not\u00edcias em Destaque\",\"url\":\"https:\/\/noticiasemdestaque.com\/cd\/\",\"logo\":{\"@type\":\"ImageObject\",\"inLanguage\":\"pt-BR\",\"@id\":\"https:\/\/noticiasemdestaque.com\/cd\/#\/schema\/logo\/image\/\",\"url\":\"https:\/\/noticiasemdestaque.com\/cd\/wp-content\/uploads\/2022\/05\/imagem-base-noticiasemdestaque.png\",\"contentUrl\":\"https:\/\/noticiasemdestaque.com\/cd\/wp-content\/uploads\/2022\/05\/imagem-base-noticiasemdestaque.png\",\"width\":1200,\"height\":630,\"caption\":\"Not\u00edcias em Destaque\"},\"image\":{\"@id\":\"https:\/\/noticiasemdestaque.com\/cd\/#\/schema\/logo\/image\/\"}},{\"@type\":\"Person\",\"@id\":\"https:\/\/noticiasemdestaque.com\/cd\/#\/schema\/person\/21320b03a7e8bb90128938dafc9b908a\",\"name\":\"Not\u00edcias em Destaque\",\"url\":\"https:\/\/noticiasemdestaque.com\/cd\/?author=2\"}]}<\/script>\n<!-- \/ Yoast SEO plugin. -->","yoast_head_json":{"title":"Prefeito de Ouro Velho, Dr\u00ba Augusto Valadares tem 96% de aprova\u00e7\u00e3o em pesquisa realizada no Pr\u00eamio Refer\u00eancia 2022 - Not&iacute;cias em Destaque","robots":{"index":"index","follow":"follow","max-snippet":"max-snippet:-1","max-image-preview":"max-image-preview:large","max-video-preview":"max-video-preview:-1"},"canonical":"https:\/\/noticiasemdestaque.com\/cd\/?p=43851","og_locale":"pt_BR","og_type":"article","og_title":"Prefeito de Ouro Velho, Dr\u00ba Augusto Valadares tem 96% de aprova\u00e7\u00e3o em pesquisa realizada no Pr\u00eamio Refer\u00eancia 2022 - Not&iacute;cias em Destaque","og_description":"O Cariri Em A\u00e7\u00e3o divulgou na manh\u00e3 desta ter\u00e7a-feira (01) o resultado do Pr\u00eamio Refer\u00eancia 2022, a pesquisa foi realizada de forma online. A popula\u00e7\u00e3o de Ouro Velho esteve avaliando a gest\u00e3o do Prefeito Dr\u00ba Augusto Valadares e 96% aprovaram a gest\u00e3o. A cerim\u00f4nia de premia\u00e7\u00e3o acontecer\u00e1 em tr\u00eas cidades neste ano, sendo em Serra Branca, no dia 25 de novembro, em seguida ser\u00e1 a vez de S\u00e3o Jos\u00e9 do Egito, no dia 03 de dezembro, e finalizando o evento no dia 09 de dezembro, na cidade de Monteiro. Noticias em Destaque Fonte: Cariri em A\u00e7\u00e3o","og_url":"https:\/\/noticiasemdestaque.com\/cd\/?p=43851","og_site_name":"Not&iacute;cias em Destaque","article_published_time":"2022-11-04T12:13:09+00:00","og_image":[{"width":640,"height":479,"url":"https:\/\/noticiasemdestaque.com\/cd\/wp-content\/uploads\/2022\/11\/AugustoValadares-06-09-22.jpeg","type":"image\/jpeg"}],"author":"Not\u00edcias em Destaque","twitter_card":"summary_large_image","twitter_misc":{"Escrito por":"Not\u00edcias em Destaque","Est. tempo de leitura":"1 minuto"},"schema":{"@context":"https:\/\/schema.org","@graph":[{"@type":"Article","@id":"https:\/\/noticiasemdestaque.com\/cd\/?p=43851#article","isPartOf":{"@id":"https:\/\/noticiasemdestaque.com\/cd\/?p=43851"},"author":{"name":"Not\u00edcias em Destaque","@id":"https:\/\/noticiasemdestaque.com\/cd\/#\/schema\/person\/21320b03a7e8bb90128938dafc9b908a"},"headline":"Prefeito de Ouro Velho, Dr\u00ba Augusto Valadares tem 96% de aprova\u00e7\u00e3o em pesquisa realizada no Pr\u00eamio Refer\u00eancia 2022","datePublished":"2022-11-04T12:13:09+00:00","mainEntityOfPage":{"@id":"https:\/\/noticiasemdestaque.com\/cd\/?p=43851"},"wordCount":121,"publisher":{"@id":"https:\/\/noticiasemdestaque.com\/cd\/#organization"},"image":{"@id":"https:\/\/noticiasemdestaque.com\/cd\/?p=43851#primaryimage"},"thumbnailUrl":"https:\/\/noticiasemdestaque.com\/cd\/wp-content\/uploads\/2022\/11\/AugustoValadares-06-09-22.jpeg","articleSection":["Cidades"],"inLanguage":"pt-BR"},{"@type":"WebPage","@id":"https:\/\/noticiasemdestaque.com\/cd\/?p=43851","url":"https:\/\/noticiasemdestaque.com\/cd\/?p=43851","name":"Prefeito de Ouro Velho, Dr\u00ba Augusto Valadares tem 96% de aprova\u00e7\u00e3o em pesquisa realizada no Pr\u00eamio Refer\u00eancia 2022 - Not&iacute;cias em Destaque","isPartOf":{"@id":"https:\/\/noticiasemdestaque.com\/cd\/#website"},"primaryImageOfPage":{"@id":"https:\/\/noticiasemdestaque.com\/cd\/?p=43851#primaryimage"},"image":{"@id":"https:\/\/noticiasemdestaque.com\/cd\/?p=43851#primaryimage"},"thumbnailUrl":"https:\/\/noticiasemdestaque.com\/cd\/wp-content\/uploads\/2022\/11\/AugustoValadares-06-09-22.jpeg","datePublished":"2022-11-04T12:13:09+00:00","breadcrumb":{"@id":"https:\/\/noticiasemdestaque.com\/cd\/?p=43851#breadcrumb"},"inLanguage":"pt-BR","potentialAction":[{"@type":"ReadAction","target":["https:\/\/noticiasemdestaque.com\/cd\/?p=43851"]}]},{"@type":"ImageObject","inLanguage":"pt-BR","@id":"https:\/\/noticiasemdestaque.com\/cd\/?p=43851#primaryimage","url":"https:\/\/noticiasemdestaque.com\/cd\/wp-content\/uploads\/2022\/11\/AugustoValadares-06-09-22.jpeg","contentUrl":"https:\/\/noticiasemdestaque.com\/cd\/wp-content\/uploads\/2022\/11\/AugustoValadares-06-09-22.jpeg","width":640,"height":479},{"@type":"BreadcrumbList","@id":"https:\/\/noticiasemdestaque.com\/cd\/?p=43851#breadcrumb","itemListElement":[{"@type":"ListItem","position":1,"name":"In\u00edcio","item":"https:\/\/noticiasemdestaque.com\/cd\/"},{"@type":"ListItem","position":2,"name":"Prefeito de Ouro Velho, Dr\u00ba Augusto Valadares tem 96% de aprova\u00e7\u00e3o em pesquisa realizada no Pr\u00eamio Refer\u00eancia 2022"}]},{"@type":"WebSite","@id":"https:\/\/noticiasemdestaque.com\/cd\/#website","url":"https:\/\/noticiasemdestaque.com\/cd\/","name":"Not&iacute;cias em Destaque","description":"","publisher":{"@id":"https:\/\/noticiasemdestaque.com\/cd\/#organization"},"potentialAction":[{"@type":"SearchAction","target":{"@type":"EntryPoint","urlTemplate":"https:\/\/noticiasemdestaque.com\/cd\/?s={search_term_string}"},"query-input":{"@type":"PropertyValueSpecification","valueRequired":true,"valueName":"search_term_string"}}],"inLanguage":"pt-BR"},{"@type":"Organization","@id":"https:\/\/noticiasemdestaque.com\/cd\/#organization","name":"Not\u00edcias em Destaque","url":"https:\/\/noticiasemdestaque.com\/cd\/","logo":{"@type":"ImageObject","inLanguage":"pt-BR","@id":"https:\/\/noticiasemdestaque.com\/cd\/#\/schema\/logo\/image\/","url":"https:\/\/noticiasemdestaque.com\/cd\/wp-content\/uploads\/2022\/05\/imagem-base-noticiasemdestaque.png","contentUrl":"https:\/\/noticiasemdestaque.com\/cd\/wp-content\/uploads\/2022\/05\/imagem-base-noticiasemdestaque.png","width":1200,"height":630,"caption":"Not\u00edcias em Destaque"},"image":{"@id":"https:\/\/noticiasemdestaque.com\/cd\/#\/schema\/logo\/image\/"}},{"@type":"Person","@id":"https:\/\/noticiasemdestaque.com\/cd\/#\/schema\/person\/21320b03a7e8bb90128938dafc9b908a","name":"Not\u00edcias em Destaque","url":"https:\/\/noticiasemdestaque.com\/cd\/?author=2"}]}},"jetpack_featured_media_url":"https:\/\/noticiasemdestaque.com\/cd\/wp-content\/uploads\/2022\/11\/AugustoValadares-06-09-22.jpeg","jetpack_sharing_enabled":true,"_links":{"self":[{"href":"https:\/\/noticiasemdestaque.com\/cd\/index.php?rest_route=\/wp\/v2\/posts\/43851","targetHints":{"allow":["GET"]}}],"collection":[{"href":"https:\/\/noticiasemdestaque.com\/cd\/index.php?rest_route=\/wp\/v2\/posts"}],"about":[{"href":"https:\/\/noticiasemdestaque.com\/cd\/index.php?rest_route=\/wp\/v2\/types\/post"}],"author":[{"embeddable":true,"href":"https:\/\/noticiasemdestaque.com\/cd\/index.php?rest_route=\/wp\/v2\/users\/2"}],"replies":[{"embeddable":true,"href":"https:\/\/noticiasemdestaque.com\/cd\/index.php?rest_route=%2Fwp%2Fv2%2Fcomments&post=43851"}],"version-history":[{"count":1,"href":"https:\/\/noticiasemdestaque.com\/cd\/index.php?rest_route=\/wp\/v2\/posts\/43851\/revisions"}],"predecessor-version":[{"id":43853,"href":"https:\/\/noticiasemdestaque.com\/cd\/index.php?rest_route=\/wp\/v2\/posts\/43851\/revisions\/43853"}],"wp:featuredmedia":[{"embeddable":true,"href":"https:\/\/noticiasemdestaque.com\/cd\/index.php?rest_route=\/wp\/v2\/media\/43852"}],"wp:attachment":[{"href":"https:\/\/noticiasemdestaque.com\/cd\/index.php?rest_route=%2Fwp%2Fv2%2Fmedia&parent=43851"}],"wp:term":[{"taxonomy":"category","embeddable":true,"href":"https:\/\/noticiasemdestaque.com\/cd\/index.php?rest_route=%2Fwp%2Fv2%2Fcategories&post=43851"},{"taxonomy":"post_tag","embeddable":true,"href":"https:\/\/noticiasemdestaque.com\/cd\/index.php?rest_route=%2Fwp%2Fv2%2Ftags&post=43851"}],"curies":[{"name":"wp","href":"https:\/\/api.w.org\/{rel}","templated":true}]}}