{"id":43838,"date":"2022-11-03T08:39:12","date_gmt":"2022-11-03T11:39:12","guid":{"rendered":"https:\/\/noticiasemdestaque.com\/cd\/?p=43838"},"modified":"2022-11-03T08:39:12","modified_gmt":"2022-11-03T11:39:12","slug":"agricultor-de-parari-morre-em-hospital-de-cg-apos-sofrer-ataque-por-abelhas","status":"publish","type":"post","link":"https:\/\/noticiasemdestaque.com\/cd\/?p=43838","title":{"rendered":"Agricultor de Parari morre em hospital de CG ap\u00f3s sofrer ataque por abelhas"},"content":{"rendered":"<p><a href=\"https:\/\/noticiasemdestaque.com\/cd\/wp-content\/uploads\/2022\/11\/hospital-de-trauma-de-campina-grande-1-768x432-1.jpeg\"><img fetchpriority=\"high\" decoding=\"async\" class=\"alignnone  wp-image-43839\" src=\"https:\/\/noticiasemdestaque.com\/cd\/wp-content\/uploads\/2022\/11\/hospital-de-trauma-de-campina-grande-1-768x432-1.jpeg\" alt=\"\" width=\"1021\" height=\"576\" srcset=\"https:\/\/noticiasemdestaque.com\/cd\/wp-content\/uploads\/2022\/11\/hospital-de-trauma-de-campina-grande-1-768x432-1.jpeg 280w, https:\/\/noticiasemdestaque.com\/cd\/wp-content\/uploads\/2022\/11\/hospital-de-trauma-de-campina-grande-1-768x432-1-18x10.jpeg 18w\" sizes=\"(max-width: 1021px) 100vw, 1021px\" \/><\/a><\/p>\n<p>Um agricultor identificado por Jos\u00e9 Maur\u00edlio (Jos\u00e9 de Z\u00e9 Em\u00eddio) morador do S\u00edtio Caboclo zona rural de Parari, no Cariri, veio a \u00f3bito nesta quarta-feira, dia de finados, ap\u00f3s est\u00e1 h\u00e1 uma semana internado no Hospital de Emerg\u00eancia e Trauma em Campina Grande, v\u00edtima de ataques de abelhas.<\/p>\n<p>A v\u00edtima que j\u00e1 teria sido orientado pelo m\u00e9dico do perigo em caso de picada de abelhas pois j\u00e1 tinha passado por outras situa\u00e7\u00f5es semelhantes, quando trabalhava na comunidade vizinha, no s\u00edtio Farias fazendo uma cerca quando foi atacado por abelhas do tipo italiana.<\/p>\n<p>O parariense foi socorrido por familiares para o Hospital Geral de Serra Branca e em seguida transferido para Campina grande em estado grave. O agricultor se encontrava internado a cerca de uma semana, onde n\u00e3o resistiu e veio a \u00f3bito deixando familiares e a popula\u00e7\u00e3o das localidades vizinhas chocados e enlutados com o acontecimento j\u00e1 que a v\u00edtima era um trabalhador e que na miss\u00e3o do trabalho como agricultor acabou sendo atacado vindo a perder sua vida.<\/p>\n<p>Nas redes sociais, os familiares comunicam com profundo pesar o falecimento, informando que o corpo do agricultor est\u00e1 sendo velado na sua resid\u00eancia no s\u00edtio caboclo de Parari, onde ser\u00e1 sepultado nesta quinta-feira, no cemit\u00e9rio de Serra Branca \u00e0s 17 horas.<\/p>\n<p><strong>Noticias em Destaque<\/strong><\/p>\n<p style=\"text-align: right;\"><em>Fonte: Blog do Fabio Brito Com Edilmo Lima<\/em><\/p>\n","protected":false},"excerpt":{"rendered":"<p>Um agricultor identificado por Jos\u00e9 Maur\u00edlio (Jos\u00e9 de Z\u00e9 Em\u00eddio) morador do S\u00edtio Caboclo zona rural de Parari, no Cariri, veio a \u00f3bito nesta quarta-feira, dia de finados, ap\u00f3s est\u00e1 h\u00e1 uma semana internado no Hospital de Emerg\u00eancia e Trauma em Campina Grande, v\u00edtima de ataques de abelhas. A v\u00edtima que j\u00e1 teria sido orientado pelo m\u00e9dico do perigo em caso de picada de abelhas pois j\u00e1 tinha passado por outras situa\u00e7\u00f5es semelhantes, quando trabalhava na comunidade vizinha, no s\u00edtio Farias fazendo uma cerca quando foi atacado por abelhas do tipo italiana. O parariense foi socorrido por familiares para o Hospital Geral de Serra Branca e em seguida transferido para Campina grande em estado grave. O agricultor se encontrava internado a cerca de uma semana, onde n\u00e3o resistiu e veio a \u00f3bito deixando familiares e a popula\u00e7\u00e3o das localidades vizinhas chocados e enlutados com o acontecimento j\u00e1 que a v\u00edtima era um trabalhador e que na miss\u00e3o do trabalho como agricultor acabou sendo atacado vindo a perder sua vida. Nas redes sociais, os familiares comunicam com profundo pesar o falecimento, informando que o corpo do agricultor est\u00e1 sendo velado na sua resid\u00eancia no s\u00edtio caboclo de Parari, onde ser\u00e1 sepultado nesta quinta-feira, no cemit\u00e9rio de Serra Branca \u00e0s 17 horas. Noticias em Destaque Fonte: Blog do Fabio Brito Com Edilmo Lima<\/p>\n","protected":false},"author":2,"featured_media":41756,"comment_status":"closed","ping_status":"open","sticky":false,"template":"","format":"standard","meta":{"_eb_attr":"","_jetpack_memberships_contains_paid_content":false,"footnotes":""},"categories":[20],"tags":[],"class_list":["post-43838","post","type-post","status-publish","format-standard","has-post-thumbnail","hentry","category-policia"],"yoast_head":"<!-- This site is optimized with the Yoast SEO plugin v26.5 - https:\/\/yoast.com\/wordpress\/plugins\/seo\/ -->\n<title>Agricultor de Parari morre em hospital de CG ap\u00f3s sofrer ataque por abelhas - Not&iacute;cias em Destaque<\/title>\n<meta name=\"robots\" content=\"index, follow, max-snippet:-1, max-image-preview:large, max-video-preview:-1\" \/>\n<link rel=\"canonical\" href=\"https:\/\/noticiasemdestaque.com\/cd\/?p=43838\" \/>\n<meta property=\"og:locale\" content=\"pt_BR\" \/>\n<meta property=\"og:type\" content=\"article\" \/>\n<meta property=\"og:title\" content=\"Agricultor de Parari morre em hospital de CG ap\u00f3s sofrer ataque por abelhas - Not&iacute;cias em Destaque\" \/>\n<meta property=\"og:description\" content=\"Um agricultor identificado por Jos\u00e9 Maur\u00edlio (Jos\u00e9 de Z\u00e9 Em\u00eddio) morador do S\u00edtio Caboclo zona rural de Parari, no Cariri, veio a \u00f3bito nesta quarta-feira, dia de finados, ap\u00f3s est\u00e1 h\u00e1 uma semana internado no Hospital de Emerg\u00eancia e Trauma em Campina Grande, v\u00edtima de ataques de abelhas. A v\u00edtima que j\u00e1 teria sido orientado pelo m\u00e9dico do perigo em caso de picada de abelhas pois j\u00e1 tinha passado por outras situa\u00e7\u00f5es semelhantes, quando trabalhava na comunidade vizinha, no s\u00edtio Farias fazendo uma cerca quando foi atacado por abelhas do tipo italiana. O parariense foi socorrido por familiares para o Hospital Geral de Serra Branca e em seguida transferido para Campina grande em estado grave. O agricultor se encontrava internado a cerca de uma semana, onde n\u00e3o resistiu e veio a \u00f3bito deixando familiares e a popula\u00e7\u00e3o das localidades vizinhas chocados e enlutados com o acontecimento j\u00e1 que a v\u00edtima era um trabalhador e que na miss\u00e3o do trabalho como agricultor acabou sendo atacado vindo a perder sua vida. Nas redes sociais, os familiares comunicam com profundo pesar o falecimento, informando que o corpo do agricultor est\u00e1 sendo velado na sua resid\u00eancia no s\u00edtio caboclo de Parari, onde ser\u00e1 sepultado nesta quinta-feira, no cemit\u00e9rio de Serra Branca \u00e0s 17 horas. Noticias em Destaque Fonte: Blog do Fabio Brito Com Edilmo Lima\" \/>\n<meta property=\"og:url\" content=\"https:\/\/noticiasemdestaque.com\/cd\/?p=43838\" \/>\n<meta property=\"og:site_name\" content=\"Not&iacute;cias em Destaque\" \/>\n<meta property=\"article:published_time\" content=\"2022-11-03T11:39:12+00:00\" \/>\n<meta property=\"og:image\" content=\"https:\/\/noticiasemdestaque.com\/cd\/wp-content\/uploads\/2022\/08\/hospital-de-trauma-de-campina-grande.jpeg\" \/>\n\t<meta property=\"og:image:width\" content=\"984\" \/>\n\t<meta property=\"og:image:height\" content=\"554\" \/>\n\t<meta property=\"og:image:type\" content=\"image\/jpeg\" \/>\n<meta name=\"author\" content=\"Not\u00edcias em Destaque\" \/>\n<meta name=\"twitter:card\" content=\"summary_large_image\" \/>\n<meta name=\"twitter:label1\" content=\"Escrito por\" \/>\n\t<meta name=\"twitter:data1\" content=\"Not\u00edcias em Destaque\" \/>\n\t<meta name=\"twitter:label2\" content=\"Est. tempo de leitura\" \/>\n\t<meta name=\"twitter:data2\" content=\"2 minutos\" \/>\n<script type=\"application\/ld+json\" class=\"yoast-schema-graph\">{\"@context\":\"https:\/\/schema.org\",\"@graph\":[{\"@type\":\"Article\",\"@id\":\"https:\/\/noticiasemdestaque.com\/cd\/?p=43838#article\",\"isPartOf\":{\"@id\":\"https:\/\/noticiasemdestaque.com\/cd\/?p=43838\"},\"author\":{\"name\":\"Not\u00edcias em Destaque\",\"@id\":\"https:\/\/noticiasemdestaque.com\/cd\/#\/schema\/person\/4a81fb71f77579d059c3045891fa1786\"},\"headline\":\"Agricultor de Parari morre em hospital de CG ap\u00f3s sofrer ataque por abelhas\",\"datePublished\":\"2022-11-03T11:39:12+00:00\",\"mainEntityOfPage\":{\"@id\":\"https:\/\/noticiasemdestaque.com\/cd\/?p=43838\"},\"wordCount\":251,\"publisher\":{\"@id\":\"https:\/\/noticiasemdestaque.com\/cd\/#organization\"},\"image\":{\"@id\":\"https:\/\/noticiasemdestaque.com\/cd\/?p=43838#primaryimage\"},\"thumbnailUrl\":\"https:\/\/noticiasemdestaque.com\/cd\/wp-content\/uploads\/2022\/08\/hospital-de-trauma-de-campina-grande.jpeg\",\"articleSection\":[\"Pol\u00edcia\"],\"inLanguage\":\"pt-BR\"},{\"@type\":\"WebPage\",\"@id\":\"https:\/\/noticiasemdestaque.com\/cd\/?p=43838\",\"url\":\"https:\/\/noticiasemdestaque.com\/cd\/?p=43838\",\"name\":\"Agricultor de Parari morre em hospital de CG ap\u00f3s sofrer ataque por abelhas - Not&iacute;cias em Destaque\",\"isPartOf\":{\"@id\":\"https:\/\/noticiasemdestaque.com\/cd\/#website\"},\"primaryImageOfPage\":{\"@id\":\"https:\/\/noticiasemdestaque.com\/cd\/?p=43838#primaryimage\"},\"image\":{\"@id\":\"https:\/\/noticiasemdestaque.com\/cd\/?p=43838#primaryimage\"},\"thumbnailUrl\":\"https:\/\/noticiasemdestaque.com\/cd\/wp-content\/uploads\/2022\/08\/hospital-de-trauma-de-campina-grande.jpeg\",\"datePublished\":\"2022-11-03T11:39:12+00:00\",\"breadcrumb\":{\"@id\":\"https:\/\/noticiasemdestaque.com\/cd\/?p=43838#breadcrumb\"},\"inLanguage\":\"pt-BR\",\"potentialAction\":[{\"@type\":\"ReadAction\",\"target\":[\"https:\/\/noticiasemdestaque.com\/cd\/?p=43838\"]}]},{\"@type\":\"ImageObject\",\"inLanguage\":\"pt-BR\",\"@id\":\"https:\/\/noticiasemdestaque.com\/cd\/?p=43838#primaryimage\",\"url\":\"https:\/\/noticiasemdestaque.com\/cd\/wp-content\/uploads\/2022\/08\/hospital-de-trauma-de-campina-grande.jpeg\",\"contentUrl\":\"https:\/\/noticiasemdestaque.com\/cd\/wp-content\/uploads\/2022\/08\/hospital-de-trauma-de-campina-grande.jpeg\",\"width\":984,\"height\":554},{\"@type\":\"BreadcrumbList\",\"@id\":\"https:\/\/noticiasemdestaque.com\/cd\/?p=43838#breadcrumb\",\"itemListElement\":[{\"@type\":\"ListItem\",\"position\":1,\"name\":\"In\u00edcio\",\"item\":\"https:\/\/noticiasemdestaque.com\/cd\/\"},{\"@type\":\"ListItem\",\"position\":2,\"name\":\"Agricultor de Parari morre em hospital de CG ap\u00f3s sofrer ataque por abelhas\"}]},{\"@type\":\"WebSite\",\"@id\":\"https:\/\/noticiasemdestaque.com\/cd\/#website\",\"url\":\"https:\/\/noticiasemdestaque.com\/cd\/\",\"name\":\"Not&iacute;cias em Destaque\",\"description\":\"\",\"publisher\":{\"@id\":\"https:\/\/noticiasemdestaque.com\/cd\/#organization\"},\"potentialAction\":[{\"@type\":\"SearchAction\",\"target\":{\"@type\":\"EntryPoint\",\"urlTemplate\":\"https:\/\/noticiasemdestaque.com\/cd\/?s={search_term_string}\"},\"query-input\":{\"@type\":\"PropertyValueSpecification\",\"valueRequired\":true,\"valueName\":\"search_term_string\"}}],\"inLanguage\":\"pt-BR\"},{\"@type\":\"Organization\",\"@id\":\"https:\/\/noticiasemdestaque.com\/cd\/#organization\",\"name\":\"Not\u00edcias em Destaque\",\"url\":\"https:\/\/noticiasemdestaque.com\/cd\/\",\"logo\":{\"@type\":\"ImageObject\",\"inLanguage\":\"pt-BR\",\"@id\":\"https:\/\/noticiasemdestaque.com\/cd\/#\/schema\/logo\/image\/\",\"url\":\"https:\/\/noticiasemdestaque.com\/cd\/wp-content\/uploads\/2022\/05\/imagem-base-noticiasemdestaque.png\",\"contentUrl\":\"https:\/\/noticiasemdestaque.com\/cd\/wp-content\/uploads\/2022\/05\/imagem-base-noticiasemdestaque.png\",\"width\":1200,\"height\":630,\"caption\":\"Not\u00edcias em Destaque\"},\"image\":{\"@id\":\"https:\/\/noticiasemdestaque.com\/cd\/#\/schema\/logo\/image\/\"}},{\"@type\":\"Person\",\"@id\":\"https:\/\/noticiasemdestaque.com\/cd\/#\/schema\/person\/4a81fb71f77579d059c3045891fa1786\",\"name\":\"Not\u00edcias em Destaque\",\"url\":\"https:\/\/noticiasemdestaque.com\/cd\/?author=2\"}]}<\/script>\n<!-- \/ Yoast SEO plugin. -->","yoast_head_json":{"title":"Agricultor de Parari morre em hospital de CG ap\u00f3s sofrer ataque por abelhas - Not&iacute;cias em Destaque","robots":{"index":"index","follow":"follow","max-snippet":"max-snippet:-1","max-image-preview":"max-image-preview:large","max-video-preview":"max-video-preview:-1"},"canonical":"https:\/\/noticiasemdestaque.com\/cd\/?p=43838","og_locale":"pt_BR","og_type":"article","og_title":"Agricultor de Parari morre em hospital de CG ap\u00f3s sofrer ataque por abelhas - Not&iacute;cias em Destaque","og_description":"Um agricultor identificado por Jos\u00e9 Maur\u00edlio (Jos\u00e9 de Z\u00e9 Em\u00eddio) morador do S\u00edtio Caboclo zona rural de Parari, no Cariri, veio a \u00f3bito nesta quarta-feira, dia de finados, ap\u00f3s est\u00e1 h\u00e1 uma semana internado no Hospital de Emerg\u00eancia e Trauma em Campina Grande, v\u00edtima de ataques de abelhas. A v\u00edtima que j\u00e1 teria sido orientado pelo m\u00e9dico do perigo em caso de picada de abelhas pois j\u00e1 tinha passado por outras situa\u00e7\u00f5es semelhantes, quando trabalhava na comunidade vizinha, no s\u00edtio Farias fazendo uma cerca quando foi atacado por abelhas do tipo italiana. O parariense foi socorrido por familiares para o Hospital Geral de Serra Branca e em seguida transferido para Campina grande em estado grave. O agricultor se encontrava internado a cerca de uma semana, onde n\u00e3o resistiu e veio a \u00f3bito deixando familiares e a popula\u00e7\u00e3o das localidades vizinhas chocados e enlutados com o acontecimento j\u00e1 que a v\u00edtima era um trabalhador e que na miss\u00e3o do trabalho como agricultor acabou sendo atacado vindo a perder sua vida. Nas redes sociais, os familiares comunicam com profundo pesar o falecimento, informando que o corpo do agricultor est\u00e1 sendo velado na sua resid\u00eancia no s\u00edtio caboclo de Parari, onde ser\u00e1 sepultado nesta quinta-feira, no cemit\u00e9rio de Serra Branca \u00e0s 17 horas. Noticias em Destaque Fonte: Blog do Fabio Brito Com Edilmo Lima","og_url":"https:\/\/noticiasemdestaque.com\/cd\/?p=43838","og_site_name":"Not&iacute;cias em Destaque","article_published_time":"2022-11-03T11:39:12+00:00","og_image":[{"width":984,"height":554,"url":"https:\/\/noticiasemdestaque.com\/cd\/wp-content\/uploads\/2022\/08\/hospital-de-trauma-de-campina-grande.jpeg","type":"image\/jpeg"}],"author":"Not\u00edcias em Destaque","twitter_card":"summary_large_image","twitter_misc":{"Escrito por":"Not\u00edcias em Destaque","Est. tempo de leitura":"2 minutos"},"schema":{"@context":"https:\/\/schema.org","@graph":[{"@type":"Article","@id":"https:\/\/noticiasemdestaque.com\/cd\/?p=43838#article","isPartOf":{"@id":"https:\/\/noticiasemdestaque.com\/cd\/?p=43838"},"author":{"name":"Not\u00edcias em Destaque","@id":"https:\/\/noticiasemdestaque.com\/cd\/#\/schema\/person\/4a81fb71f77579d059c3045891fa1786"},"headline":"Agricultor de Parari morre em hospital de CG ap\u00f3s sofrer ataque por abelhas","datePublished":"2022-11-03T11:39:12+00:00","mainEntityOfPage":{"@id":"https:\/\/noticiasemdestaque.com\/cd\/?p=43838"},"wordCount":251,"publisher":{"@id":"https:\/\/noticiasemdestaque.com\/cd\/#organization"},"image":{"@id":"https:\/\/noticiasemdestaque.com\/cd\/?p=43838#primaryimage"},"thumbnailUrl":"https:\/\/noticiasemdestaque.com\/cd\/wp-content\/uploads\/2022\/08\/hospital-de-trauma-de-campina-grande.jpeg","articleSection":["Pol\u00edcia"],"inLanguage":"pt-BR"},{"@type":"WebPage","@id":"https:\/\/noticiasemdestaque.com\/cd\/?p=43838","url":"https:\/\/noticiasemdestaque.com\/cd\/?p=43838","name":"Agricultor de Parari morre em hospital de CG ap\u00f3s sofrer ataque por abelhas - Not&iacute;cias em Destaque","isPartOf":{"@id":"https:\/\/noticiasemdestaque.com\/cd\/#website"},"primaryImageOfPage":{"@id":"https:\/\/noticiasemdestaque.com\/cd\/?p=43838#primaryimage"},"image":{"@id":"https:\/\/noticiasemdestaque.com\/cd\/?p=43838#primaryimage"},"thumbnailUrl":"https:\/\/noticiasemdestaque.com\/cd\/wp-content\/uploads\/2022\/08\/hospital-de-trauma-de-campina-grande.jpeg","datePublished":"2022-11-03T11:39:12+00:00","breadcrumb":{"@id":"https:\/\/noticiasemdestaque.com\/cd\/?p=43838#breadcrumb"},"inLanguage":"pt-BR","potentialAction":[{"@type":"ReadAction","target":["https:\/\/noticiasemdestaque.com\/cd\/?p=43838"]}]},{"@type":"ImageObject","inLanguage":"pt-BR","@id":"https:\/\/noticiasemdestaque.com\/cd\/?p=43838#primaryimage","url":"https:\/\/noticiasemdestaque.com\/cd\/wp-content\/uploads\/2022\/08\/hospital-de-trauma-de-campina-grande.jpeg","contentUrl":"https:\/\/noticiasemdestaque.com\/cd\/wp-content\/uploads\/2022\/08\/hospital-de-trauma-de-campina-grande.jpeg","width":984,"height":554},{"@type":"BreadcrumbList","@id":"https:\/\/noticiasemdestaque.com\/cd\/?p=43838#breadcrumb","itemListElement":[{"@type":"ListItem","position":1,"name":"In\u00edcio","item":"https:\/\/noticiasemdestaque.com\/cd\/"},{"@type":"ListItem","position":2,"name":"Agricultor de Parari morre em hospital de CG ap\u00f3s sofrer ataque por abelhas"}]},{"@type":"WebSite","@id":"https:\/\/noticiasemdestaque.com\/cd\/#website","url":"https:\/\/noticiasemdestaque.com\/cd\/","name":"Not&iacute;cias em Destaque","description":"","publisher":{"@id":"https:\/\/noticiasemdestaque.com\/cd\/#organization"},"potentialAction":[{"@type":"SearchAction","target":{"@type":"EntryPoint","urlTemplate":"https:\/\/noticiasemdestaque.com\/cd\/?s={search_term_string}"},"query-input":{"@type":"PropertyValueSpecification","valueRequired":true,"valueName":"search_term_string"}}],"inLanguage":"pt-BR"},{"@type":"Organization","@id":"https:\/\/noticiasemdestaque.com\/cd\/#organization","name":"Not\u00edcias em Destaque","url":"https:\/\/noticiasemdestaque.com\/cd\/","logo":{"@type":"ImageObject","inLanguage":"pt-BR","@id":"https:\/\/noticiasemdestaque.com\/cd\/#\/schema\/logo\/image\/","url":"https:\/\/noticiasemdestaque.com\/cd\/wp-content\/uploads\/2022\/05\/imagem-base-noticiasemdestaque.png","contentUrl":"https:\/\/noticiasemdestaque.com\/cd\/wp-content\/uploads\/2022\/05\/imagem-base-noticiasemdestaque.png","width":1200,"height":630,"caption":"Not\u00edcias em Destaque"},"image":{"@id":"https:\/\/noticiasemdestaque.com\/cd\/#\/schema\/logo\/image\/"}},{"@type":"Person","@id":"https:\/\/noticiasemdestaque.com\/cd\/#\/schema\/person\/4a81fb71f77579d059c3045891fa1786","name":"Not\u00edcias em Destaque","url":"https:\/\/noticiasemdestaque.com\/cd\/?author=2"}]}},"jetpack_featured_media_url":"https:\/\/noticiasemdestaque.com\/cd\/wp-content\/uploads\/2022\/08\/hospital-de-trauma-de-campina-grande.jpeg","jetpack_sharing_enabled":true,"_links":{"self":[{"href":"https:\/\/noticiasemdestaque.com\/cd\/index.php?rest_route=\/wp\/v2\/posts\/43838","targetHints":{"allow":["GET"]}}],"collection":[{"href":"https:\/\/noticiasemdestaque.com\/cd\/index.php?rest_route=\/wp\/v2\/posts"}],"about":[{"href":"https:\/\/noticiasemdestaque.com\/cd\/index.php?rest_route=\/wp\/v2\/types\/post"}],"author":[{"embeddable":true,"href":"https:\/\/noticiasemdestaque.com\/cd\/index.php?rest_route=\/wp\/v2\/users\/2"}],"replies":[{"embeddable":true,"href":"https:\/\/noticiasemdestaque.com\/cd\/index.php?rest_route=%2Fwp%2Fv2%2Fcomments&post=43838"}],"version-history":[{"count":1,"href":"https:\/\/noticiasemdestaque.com\/cd\/index.php?rest_route=\/wp\/v2\/posts\/43838\/revisions"}],"predecessor-version":[{"id":43840,"href":"https:\/\/noticiasemdestaque.com\/cd\/index.php?rest_route=\/wp\/v2\/posts\/43838\/revisions\/43840"}],"wp:featuredmedia":[{"embeddable":true,"href":"https:\/\/noticiasemdestaque.com\/cd\/index.php?rest_route=\/wp\/v2\/media\/41756"}],"wp:attachment":[{"href":"https:\/\/noticiasemdestaque.com\/cd\/index.php?rest_route=%2Fwp%2Fv2%2Fmedia&parent=43838"}],"wp:term":[{"taxonomy":"category","embeddable":true,"href":"https:\/\/noticiasemdestaque.com\/cd\/index.php?rest_route=%2Fwp%2Fv2%2Fcategories&post=43838"},{"taxonomy":"post_tag","embeddable":true,"href":"https:\/\/noticiasemdestaque.com\/cd\/index.php?rest_route=%2Fwp%2Fv2%2Ftags&post=43838"}],"curies":[{"name":"wp","href":"https:\/\/api.w.org\/{rel}","templated":true}]}}