{"id":43833,"date":"2022-11-03T08:31:48","date_gmt":"2022-11-03T11:31:48","guid":{"rendered":"https:\/\/noticiasemdestaque.com\/cd\/?p=43833"},"modified":"2022-11-03T08:31:48","modified_gmt":"2022-11-03T11:31:48","slug":"joao-azevedo-tira-licenca-e-a-vice-governadora-ligia-feliciano-assume-interinamente-o-cargo","status":"publish","type":"post","link":"https:\/\/noticiasemdestaque.com\/cd\/?p=43833","title":{"rendered":"Jo\u00e3o Azev\u00eado tira licen\u00e7a e a vice-governadora L\u00edgia Feliciano assume interinamente o cargo"},"content":{"rendered":"<p><a href=\"https:\/\/noticiasemdestaque.com\/cd\/wp-content\/uploads\/2022\/11\/22fe36e5-861a-4918-9885-8128aab52d74.jpeg\"><img fetchpriority=\"high\" decoding=\"async\" class=\"wp-image-43835 aligncenter\" src=\"https:\/\/noticiasemdestaque.com\/cd\/wp-content\/uploads\/2022\/11\/22fe36e5-861a-4918-9885-8128aab52d74-300x231.jpeg\" alt=\"\" width=\"640\" height=\"493\" srcset=\"https:\/\/noticiasemdestaque.com\/cd\/wp-content\/uploads\/2022\/11\/22fe36e5-861a-4918-9885-8128aab52d74-300x231.jpeg 300w, https:\/\/noticiasemdestaque.com\/cd\/wp-content\/uploads\/2022\/11\/22fe36e5-861a-4918-9885-8128aab52d74-16x12.jpeg 16w, https:\/\/noticiasemdestaque.com\/cd\/wp-content\/uploads\/2022\/11\/22fe36e5-861a-4918-9885-8128aab52d74.jpeg 768w\" sizes=\"(max-width: 640px) 100vw, 640px\" \/><\/a><\/p>\n<p>O governador Jo\u00e3o Azev\u00eado transmitiu, nesta quarta-feira (2), o cargo para a vice-governadora L\u00edgia Feliciano, que ficar\u00e1 \u00e0 frente do Poder Executivo entre os dias 3 e 15 de novembro, per\u00edodo em que o gestor estar\u00e1 de licen\u00e7a para descanso com a fam\u00edlia.<\/p>\n<p>O chefe do Executivo estadual destacou que a Para\u00edba estar\u00e1 em boas m\u00e3os, sob a condu\u00e7\u00e3o respons\u00e1vel da governadora em exerc\u00edcio. \u201c\u00c9 uma satisfa\u00e7\u00e3o contar com a colabora\u00e7\u00e3o de L\u00edgia Feliciano, que nos tem ajudado nessa constru\u00e7\u00e3o de uma Para\u00edba melhor para todos\u201d, declarou.<\/p>\n<p><a href=\"https:\/\/noticiasemdestaque.com\/cd\/wp-content\/uploads\/2022\/11\/gdsa.jpeg\"><img decoding=\"async\" class=\" wp-image-43836 aligncenter\" src=\"https:\/\/noticiasemdestaque.com\/cd\/wp-content\/uploads\/2022\/11\/gdsa-300x212.jpeg\" alt=\"\" width=\"601\" height=\"425\" srcset=\"https:\/\/noticiasemdestaque.com\/cd\/wp-content\/uploads\/2022\/11\/gdsa-300x212.jpeg 300w, https:\/\/noticiasemdestaque.com\/cd\/wp-content\/uploads\/2022\/11\/gdsa-18x12.jpeg 18w, https:\/\/noticiasemdestaque.com\/cd\/wp-content\/uploads\/2022\/11\/gdsa.jpeg 768w\" sizes=\"(max-width: 601px) 100vw, 601px\" \/><\/a><\/p>\n<p>Dentre as agendas previstas para os 12 dias que ficar\u00e1 no comando do governo, L\u00edgia Feliciano j\u00e1 planejou inspe\u00e7\u00e3o a obras no estado. \u201cVamos visitar algumas obras e promover a\u00e7\u00f5es, dando seguimento ao trabalho do governador, com muito trabalho e com muita satisfa\u00e7\u00e3o\u201d, disse.<\/p>\n<p>A governadora em exerc\u00edcio ressaltou a satisfa\u00e7\u00e3o de assumir, mais uma vez, o cargo. \u201c\u00c9 uma honra estar com o povo paraibano, \u00e9 um motivo de muita alegria e vamos continuar com a constru\u00e7\u00e3o desse trabalho para beneficiar a popula\u00e7\u00e3o\u201d, acrescentou.<\/p>\n<p><strong>Noticias em Destaque<\/strong><\/p>\n<p style=\"text-align: right;\"><em>Fonte: Governo da Para\u00edba<\/em><\/p>\n","protected":false},"excerpt":{"rendered":"<p>O governador Jo\u00e3o Azev\u00eado transmitiu, nesta quarta-feira (2), o cargo para a vice-governadora L\u00edgia Feliciano, que ficar\u00e1 \u00e0 frente do Poder Executivo entre os dias 3 e 15 de novembro, per\u00edodo em que o gestor estar\u00e1 de licen\u00e7a para descanso com a fam\u00edlia. O chefe do Executivo estadual destacou que a Para\u00edba estar\u00e1 em boas m\u00e3os, sob a condu\u00e7\u00e3o respons\u00e1vel da governadora em exerc\u00edcio. \u201c\u00c9 uma satisfa\u00e7\u00e3o contar com a colabora\u00e7\u00e3o de L\u00edgia Feliciano, que nos tem ajudado nessa constru\u00e7\u00e3o de uma Para\u00edba melhor para todos\u201d, declarou. Dentre as agendas previstas para os 12 dias que ficar\u00e1 no comando do governo, L\u00edgia Feliciano j\u00e1 planejou inspe\u00e7\u00e3o a obras no estado. \u201cVamos visitar algumas obras e promover a\u00e7\u00f5es, dando seguimento ao trabalho do governador, com muito trabalho e com muita satisfa\u00e7\u00e3o\u201d, disse. A governadora em exerc\u00edcio ressaltou a satisfa\u00e7\u00e3o de assumir, mais uma vez, o cargo. \u201c\u00c9 uma honra estar com o povo paraibano, \u00e9 um motivo de muita alegria e vamos continuar com a constru\u00e7\u00e3o desse trabalho para beneficiar a popula\u00e7\u00e3o\u201d, acrescentou. Noticias em Destaque Fonte: Governo da Para\u00edba<\/p>\n","protected":false},"author":2,"featured_media":43834,"comment_status":"closed","ping_status":"open","sticky":false,"template":"","format":"standard","meta":{"_eb_attr":"","_jetpack_memberships_contains_paid_content":false,"footnotes":""},"categories":[4],"tags":[],"class_list":["post-43833","post","type-post","status-publish","format-standard","has-post-thumbnail","hentry","category-politica"],"yoast_head":"<!-- This site is optimized with the Yoast SEO plugin v26.5 - https:\/\/yoast.com\/wordpress\/plugins\/seo\/ -->\n<title>Jo\u00e3o Azev\u00eado tira licen\u00e7a e a vice-governadora L\u00edgia Feliciano assume interinamente o cargo - Not&iacute;cias em Destaque<\/title>\n<meta name=\"robots\" content=\"index, follow, max-snippet:-1, max-image-preview:large, max-video-preview:-1\" \/>\n<link rel=\"canonical\" href=\"https:\/\/noticiasemdestaque.com\/cd\/?p=43833\" \/>\n<meta property=\"og:locale\" content=\"pt_BR\" \/>\n<meta property=\"og:type\" content=\"article\" \/>\n<meta property=\"og:title\" content=\"Jo\u00e3o Azev\u00eado tira licen\u00e7a e a vice-governadora L\u00edgia Feliciano assume interinamente o cargo - Not&iacute;cias em Destaque\" \/>\n<meta property=\"og:description\" content=\"O governador Jo\u00e3o Azev\u00eado transmitiu, nesta quarta-feira (2), o cargo para a vice-governadora L\u00edgia Feliciano, que ficar\u00e1 \u00e0 frente do Poder Executivo entre os dias 3 e 15 de novembro, per\u00edodo em que o gestor estar\u00e1 de licen\u00e7a para descanso com a fam\u00edlia. O chefe do Executivo estadual destacou que a Para\u00edba estar\u00e1 em boas m\u00e3os, sob a condu\u00e7\u00e3o respons\u00e1vel da governadora em exerc\u00edcio. \u201c\u00c9 uma satisfa\u00e7\u00e3o contar com a colabora\u00e7\u00e3o de L\u00edgia Feliciano, que nos tem ajudado nessa constru\u00e7\u00e3o de uma Para\u00edba melhor para todos\u201d, declarou. Dentre as agendas previstas para os 12 dias que ficar\u00e1 no comando do governo, L\u00edgia Feliciano j\u00e1 planejou inspe\u00e7\u00e3o a obras no estado. \u201cVamos visitar algumas obras e promover a\u00e7\u00f5es, dando seguimento ao trabalho do governador, com muito trabalho e com muita satisfa\u00e7\u00e3o\u201d, disse. A governadora em exerc\u00edcio ressaltou a satisfa\u00e7\u00e3o de assumir, mais uma vez, o cargo. \u201c\u00c9 uma honra estar com o povo paraibano, \u00e9 um motivo de muita alegria e vamos continuar com a constru\u00e7\u00e3o desse trabalho para beneficiar a popula\u00e7\u00e3o\u201d, acrescentou. Noticias em Destaque Fonte: Governo da Para\u00edba\" \/>\n<meta property=\"og:url\" content=\"https:\/\/noticiasemdestaque.com\/cd\/?p=43833\" \/>\n<meta property=\"og:site_name\" content=\"Not&iacute;cias em Destaque\" \/>\n<meta property=\"article:published_time\" content=\"2022-11-03T11:31:48+00:00\" \/>\n<meta property=\"og:image\" content=\"https:\/\/noticiasemdestaque.com\/cd\/wp-content\/uploads\/2022\/11\/joao-gov.jpeg\" \/>\n\t<meta property=\"og:image:width\" content=\"768\" \/>\n\t<meta property=\"og:image:height\" content=\"515\" \/>\n\t<meta property=\"og:image:type\" content=\"image\/jpeg\" \/>\n<meta name=\"author\" content=\"Not\u00edcias em Destaque\" \/>\n<meta name=\"twitter:card\" content=\"summary_large_image\" \/>\n<meta name=\"twitter:label1\" content=\"Escrito por\" \/>\n\t<meta name=\"twitter:data1\" content=\"Not\u00edcias em Destaque\" \/>\n\t<meta name=\"twitter:label2\" content=\"Est. tempo de leitura\" \/>\n\t<meta name=\"twitter:data2\" content=\"2 minutos\" \/>\n<script type=\"application\/ld+json\" class=\"yoast-schema-graph\">{\"@context\":\"https:\/\/schema.org\",\"@graph\":[{\"@type\":\"Article\",\"@id\":\"https:\/\/noticiasemdestaque.com\/cd\/?p=43833#article\",\"isPartOf\":{\"@id\":\"https:\/\/noticiasemdestaque.com\/cd\/?p=43833\"},\"author\":{\"name\":\"Not\u00edcias em Destaque\",\"@id\":\"https:\/\/noticiasemdestaque.com\/cd\/#\/schema\/person\/47f7d4f55eec17c6b2ca036c5500f6ce\"},\"headline\":\"Jo\u00e3o Azev\u00eado tira licen\u00e7a e a vice-governadora L\u00edgia Feliciano assume interinamente o cargo\",\"datePublished\":\"2022-11-03T11:31:48+00:00\",\"mainEntityOfPage\":{\"@id\":\"https:\/\/noticiasemdestaque.com\/cd\/?p=43833\"},\"wordCount\":213,\"publisher\":{\"@id\":\"https:\/\/noticiasemdestaque.com\/cd\/#organization\"},\"image\":{\"@id\":\"https:\/\/noticiasemdestaque.com\/cd\/?p=43833#primaryimage\"},\"thumbnailUrl\":\"https:\/\/noticiasemdestaque.com\/cd\/wp-content\/uploads\/2022\/11\/joao-gov.jpeg\",\"articleSection\":[\"Pol\u00edtica\"],\"inLanguage\":\"pt-BR\"},{\"@type\":\"WebPage\",\"@id\":\"https:\/\/noticiasemdestaque.com\/cd\/?p=43833\",\"url\":\"https:\/\/noticiasemdestaque.com\/cd\/?p=43833\",\"name\":\"Jo\u00e3o Azev\u00eado tira licen\u00e7a e a vice-governadora L\u00edgia Feliciano assume interinamente o cargo - Not&iacute;cias em Destaque\",\"isPartOf\":{\"@id\":\"https:\/\/noticiasemdestaque.com\/cd\/#website\"},\"primaryImageOfPage\":{\"@id\":\"https:\/\/noticiasemdestaque.com\/cd\/?p=43833#primaryimage\"},\"image\":{\"@id\":\"https:\/\/noticiasemdestaque.com\/cd\/?p=43833#primaryimage\"},\"thumbnailUrl\":\"https:\/\/noticiasemdestaque.com\/cd\/wp-content\/uploads\/2022\/11\/joao-gov.jpeg\",\"datePublished\":\"2022-11-03T11:31:48+00:00\",\"breadcrumb\":{\"@id\":\"https:\/\/noticiasemdestaque.com\/cd\/?p=43833#breadcrumb\"},\"inLanguage\":\"pt-BR\",\"potentialAction\":[{\"@type\":\"ReadAction\",\"target\":[\"https:\/\/noticiasemdestaque.com\/cd\/?p=43833\"]}]},{\"@type\":\"ImageObject\",\"inLanguage\":\"pt-BR\",\"@id\":\"https:\/\/noticiasemdestaque.com\/cd\/?p=43833#primaryimage\",\"url\":\"https:\/\/noticiasemdestaque.com\/cd\/wp-content\/uploads\/2022\/11\/joao-gov.jpeg\",\"contentUrl\":\"https:\/\/noticiasemdestaque.com\/cd\/wp-content\/uploads\/2022\/11\/joao-gov.jpeg\",\"width\":768,\"height\":515},{\"@type\":\"BreadcrumbList\",\"@id\":\"https:\/\/noticiasemdestaque.com\/cd\/?p=43833#breadcrumb\",\"itemListElement\":[{\"@type\":\"ListItem\",\"position\":1,\"name\":\"In\u00edcio\",\"item\":\"https:\/\/noticiasemdestaque.com\/cd\/\"},{\"@type\":\"ListItem\",\"position\":2,\"name\":\"Jo\u00e3o Azev\u00eado tira licen\u00e7a e a vice-governadora L\u00edgia Feliciano assume interinamente o cargo\"}]},{\"@type\":\"WebSite\",\"@id\":\"https:\/\/noticiasemdestaque.com\/cd\/#website\",\"url\":\"https:\/\/noticiasemdestaque.com\/cd\/\",\"name\":\"Not&iacute;cias em Destaque\",\"description\":\"\",\"publisher\":{\"@id\":\"https:\/\/noticiasemdestaque.com\/cd\/#organization\"},\"potentialAction\":[{\"@type\":\"SearchAction\",\"target\":{\"@type\":\"EntryPoint\",\"urlTemplate\":\"https:\/\/noticiasemdestaque.com\/cd\/?s={search_term_string}\"},\"query-input\":{\"@type\":\"PropertyValueSpecification\",\"valueRequired\":true,\"valueName\":\"search_term_string\"}}],\"inLanguage\":\"pt-BR\"},{\"@type\":\"Organization\",\"@id\":\"https:\/\/noticiasemdestaque.com\/cd\/#organization\",\"name\":\"Not\u00edcias em Destaque\",\"url\":\"https:\/\/noticiasemdestaque.com\/cd\/\",\"logo\":{\"@type\":\"ImageObject\",\"inLanguage\":\"pt-BR\",\"@id\":\"https:\/\/noticiasemdestaque.com\/cd\/#\/schema\/logo\/image\/\",\"url\":\"https:\/\/noticiasemdestaque.com\/cd\/wp-content\/uploads\/2022\/05\/imagem-base-noticiasemdestaque.png\",\"contentUrl\":\"https:\/\/noticiasemdestaque.com\/cd\/wp-content\/uploads\/2022\/05\/imagem-base-noticiasemdestaque.png\",\"width\":1200,\"height\":630,\"caption\":\"Not\u00edcias em Destaque\"},\"image\":{\"@id\":\"https:\/\/noticiasemdestaque.com\/cd\/#\/schema\/logo\/image\/\"}},{\"@type\":\"Person\",\"@id\":\"https:\/\/noticiasemdestaque.com\/cd\/#\/schema\/person\/47f7d4f55eec17c6b2ca036c5500f6ce\",\"name\":\"Not\u00edcias em Destaque\",\"url\":\"https:\/\/noticiasemdestaque.com\/cd\/?author=2\"}]}<\/script>\n<!-- \/ Yoast SEO plugin. -->","yoast_head_json":{"title":"Jo\u00e3o Azev\u00eado tira licen\u00e7a e a vice-governadora L\u00edgia Feliciano assume interinamente o cargo - Not&iacute;cias em Destaque","robots":{"index":"index","follow":"follow","max-snippet":"max-snippet:-1","max-image-preview":"max-image-preview:large","max-video-preview":"max-video-preview:-1"},"canonical":"https:\/\/noticiasemdestaque.com\/cd\/?p=43833","og_locale":"pt_BR","og_type":"article","og_title":"Jo\u00e3o Azev\u00eado tira licen\u00e7a e a vice-governadora L\u00edgia Feliciano assume interinamente o cargo - Not&iacute;cias em Destaque","og_description":"O governador Jo\u00e3o Azev\u00eado transmitiu, nesta quarta-feira (2), o cargo para a vice-governadora L\u00edgia Feliciano, que ficar\u00e1 \u00e0 frente do Poder Executivo entre os dias 3 e 15 de novembro, per\u00edodo em que o gestor estar\u00e1 de licen\u00e7a para descanso com a fam\u00edlia. O chefe do Executivo estadual destacou que a Para\u00edba estar\u00e1 em boas m\u00e3os, sob a condu\u00e7\u00e3o respons\u00e1vel da governadora em exerc\u00edcio. \u201c\u00c9 uma satisfa\u00e7\u00e3o contar com a colabora\u00e7\u00e3o de L\u00edgia Feliciano, que nos tem ajudado nessa constru\u00e7\u00e3o de uma Para\u00edba melhor para todos\u201d, declarou. Dentre as agendas previstas para os 12 dias que ficar\u00e1 no comando do governo, L\u00edgia Feliciano j\u00e1 planejou inspe\u00e7\u00e3o a obras no estado. \u201cVamos visitar algumas obras e promover a\u00e7\u00f5es, dando seguimento ao trabalho do governador, com muito trabalho e com muita satisfa\u00e7\u00e3o\u201d, disse. A governadora em exerc\u00edcio ressaltou a satisfa\u00e7\u00e3o de assumir, mais uma vez, o cargo. \u201c\u00c9 uma honra estar com o povo paraibano, \u00e9 um motivo de muita alegria e vamos continuar com a constru\u00e7\u00e3o desse trabalho para beneficiar a popula\u00e7\u00e3o\u201d, acrescentou. Noticias em Destaque Fonte: Governo da Para\u00edba","og_url":"https:\/\/noticiasemdestaque.com\/cd\/?p=43833","og_site_name":"Not&iacute;cias em Destaque","article_published_time":"2022-11-03T11:31:48+00:00","og_image":[{"width":768,"height":515,"url":"https:\/\/noticiasemdestaque.com\/cd\/wp-content\/uploads\/2022\/11\/joao-gov.jpeg","type":"image\/jpeg"}],"author":"Not\u00edcias em Destaque","twitter_card":"summary_large_image","twitter_misc":{"Escrito por":"Not\u00edcias em Destaque","Est. tempo de leitura":"2 minutos"},"schema":{"@context":"https:\/\/schema.org","@graph":[{"@type":"Article","@id":"https:\/\/noticiasemdestaque.com\/cd\/?p=43833#article","isPartOf":{"@id":"https:\/\/noticiasemdestaque.com\/cd\/?p=43833"},"author":{"name":"Not\u00edcias em Destaque","@id":"https:\/\/noticiasemdestaque.com\/cd\/#\/schema\/person\/47f7d4f55eec17c6b2ca036c5500f6ce"},"headline":"Jo\u00e3o Azev\u00eado tira licen\u00e7a e a vice-governadora L\u00edgia Feliciano assume interinamente o cargo","datePublished":"2022-11-03T11:31:48+00:00","mainEntityOfPage":{"@id":"https:\/\/noticiasemdestaque.com\/cd\/?p=43833"},"wordCount":213,"publisher":{"@id":"https:\/\/noticiasemdestaque.com\/cd\/#organization"},"image":{"@id":"https:\/\/noticiasemdestaque.com\/cd\/?p=43833#primaryimage"},"thumbnailUrl":"https:\/\/noticiasemdestaque.com\/cd\/wp-content\/uploads\/2022\/11\/joao-gov.jpeg","articleSection":["Pol\u00edtica"],"inLanguage":"pt-BR"},{"@type":"WebPage","@id":"https:\/\/noticiasemdestaque.com\/cd\/?p=43833","url":"https:\/\/noticiasemdestaque.com\/cd\/?p=43833","name":"Jo\u00e3o Azev\u00eado tira licen\u00e7a e a vice-governadora L\u00edgia Feliciano assume interinamente o cargo - Not&iacute;cias em Destaque","isPartOf":{"@id":"https:\/\/noticiasemdestaque.com\/cd\/#website"},"primaryImageOfPage":{"@id":"https:\/\/noticiasemdestaque.com\/cd\/?p=43833#primaryimage"},"image":{"@id":"https:\/\/noticiasemdestaque.com\/cd\/?p=43833#primaryimage"},"thumbnailUrl":"https:\/\/noticiasemdestaque.com\/cd\/wp-content\/uploads\/2022\/11\/joao-gov.jpeg","datePublished":"2022-11-03T11:31:48+00:00","breadcrumb":{"@id":"https:\/\/noticiasemdestaque.com\/cd\/?p=43833#breadcrumb"},"inLanguage":"pt-BR","potentialAction":[{"@type":"ReadAction","target":["https:\/\/noticiasemdestaque.com\/cd\/?p=43833"]}]},{"@type":"ImageObject","inLanguage":"pt-BR","@id":"https:\/\/noticiasemdestaque.com\/cd\/?p=43833#primaryimage","url":"https:\/\/noticiasemdestaque.com\/cd\/wp-content\/uploads\/2022\/11\/joao-gov.jpeg","contentUrl":"https:\/\/noticiasemdestaque.com\/cd\/wp-content\/uploads\/2022\/11\/joao-gov.jpeg","width":768,"height":515},{"@type":"BreadcrumbList","@id":"https:\/\/noticiasemdestaque.com\/cd\/?p=43833#breadcrumb","itemListElement":[{"@type":"ListItem","position":1,"name":"In\u00edcio","item":"https:\/\/noticiasemdestaque.com\/cd\/"},{"@type":"ListItem","position":2,"name":"Jo\u00e3o Azev\u00eado tira licen\u00e7a e a vice-governadora L\u00edgia Feliciano assume interinamente o cargo"}]},{"@type":"WebSite","@id":"https:\/\/noticiasemdestaque.com\/cd\/#website","url":"https:\/\/noticiasemdestaque.com\/cd\/","name":"Not&iacute;cias em Destaque","description":"","publisher":{"@id":"https:\/\/noticiasemdestaque.com\/cd\/#organization"},"potentialAction":[{"@type":"SearchAction","target":{"@type":"EntryPoint","urlTemplate":"https:\/\/noticiasemdestaque.com\/cd\/?s={search_term_string}"},"query-input":{"@type":"PropertyValueSpecification","valueRequired":true,"valueName":"search_term_string"}}],"inLanguage":"pt-BR"},{"@type":"Organization","@id":"https:\/\/noticiasemdestaque.com\/cd\/#organization","name":"Not\u00edcias em Destaque","url":"https:\/\/noticiasemdestaque.com\/cd\/","logo":{"@type":"ImageObject","inLanguage":"pt-BR","@id":"https:\/\/noticiasemdestaque.com\/cd\/#\/schema\/logo\/image\/","url":"https:\/\/noticiasemdestaque.com\/cd\/wp-content\/uploads\/2022\/05\/imagem-base-noticiasemdestaque.png","contentUrl":"https:\/\/noticiasemdestaque.com\/cd\/wp-content\/uploads\/2022\/05\/imagem-base-noticiasemdestaque.png","width":1200,"height":630,"caption":"Not\u00edcias em Destaque"},"image":{"@id":"https:\/\/noticiasemdestaque.com\/cd\/#\/schema\/logo\/image\/"}},{"@type":"Person","@id":"https:\/\/noticiasemdestaque.com\/cd\/#\/schema\/person\/47f7d4f55eec17c6b2ca036c5500f6ce","name":"Not\u00edcias em Destaque","url":"https:\/\/noticiasemdestaque.com\/cd\/?author=2"}]}},"jetpack_featured_media_url":"https:\/\/noticiasemdestaque.com\/cd\/wp-content\/uploads\/2022\/11\/joao-gov.jpeg","jetpack_sharing_enabled":true,"_links":{"self":[{"href":"https:\/\/noticiasemdestaque.com\/cd\/index.php?rest_route=\/wp\/v2\/posts\/43833","targetHints":{"allow":["GET"]}}],"collection":[{"href":"https:\/\/noticiasemdestaque.com\/cd\/index.php?rest_route=\/wp\/v2\/posts"}],"about":[{"href":"https:\/\/noticiasemdestaque.com\/cd\/index.php?rest_route=\/wp\/v2\/types\/post"}],"author":[{"embeddable":true,"href":"https:\/\/noticiasemdestaque.com\/cd\/index.php?rest_route=\/wp\/v2\/users\/2"}],"replies":[{"embeddable":true,"href":"https:\/\/noticiasemdestaque.com\/cd\/index.php?rest_route=%2Fwp%2Fv2%2Fcomments&post=43833"}],"version-history":[{"count":1,"href":"https:\/\/noticiasemdestaque.com\/cd\/index.php?rest_route=\/wp\/v2\/posts\/43833\/revisions"}],"predecessor-version":[{"id":43837,"href":"https:\/\/noticiasemdestaque.com\/cd\/index.php?rest_route=\/wp\/v2\/posts\/43833\/revisions\/43837"}],"wp:featuredmedia":[{"embeddable":true,"href":"https:\/\/noticiasemdestaque.com\/cd\/index.php?rest_route=\/wp\/v2\/media\/43834"}],"wp:attachment":[{"href":"https:\/\/noticiasemdestaque.com\/cd\/index.php?rest_route=%2Fwp%2Fv2%2Fmedia&parent=43833"}],"wp:term":[{"taxonomy":"category","embeddable":true,"href":"https:\/\/noticiasemdestaque.com\/cd\/index.php?rest_route=%2Fwp%2Fv2%2Fcategories&post=43833"},{"taxonomy":"post_tag","embeddable":true,"href":"https:\/\/noticiasemdestaque.com\/cd\/index.php?rest_route=%2Fwp%2Fv2%2Ftags&post=43833"}],"curies":[{"name":"wp","href":"https:\/\/api.w.org\/{rel}","templated":true}]}}