{"id":43831,"date":"2022-11-03T08:26:37","date_gmt":"2022-11-03T11:26:37","guid":{"rendered":"https:\/\/noticiasemdestaque.com\/cd\/?p=43831"},"modified":"2022-11-03T08:26:37","modified_gmt":"2022-11-03T11:26:37","slug":"governo-do-estado-lanca-edital-do-programa-limite-do-visivel-com-160-vagas-para-estudantes-egressos-da-rede-estadual","status":"publish","type":"post","link":"https:\/\/noticiasemdestaque.com\/cd\/?p=43831","title":{"rendered":"Governo do Estado lan\u00e7a edital do programa \u2018Limite do Vis\u00edvel\u2019 com 160 vagas para estudantes egressos da rede estadual"},"content":{"rendered":"<p>O Governo da Para\u00edba, por meio da Secretaria de Estado da Educa\u00e7\u00e3o e da Ci\u00eancia e Tecnologia (SEECT-PB), lan\u00e7ou, nesta quarta-feira-feira (2), o edital do programa \u2018Limite do Vis\u00edvel\u2019 que oferta 160 vagas destinadas a estudantes egressos da rede estadual de ensino para os cursos de Ci\u00eancia de Dados e An\u00e1lise e Desenvolvimento de Sistemas. Os alunos selecionados ir\u00e3o receber uma bolsa de estudos no valor de R$ 1.000,00. As aulas ser\u00e3o presenciais e acontecer\u00e3o em Jo\u00e3o Pessoa.<\/p>\n<p><b>Requisitos &#8211;<\/b>\u00a0Os interessados precisam ter conclu\u00eddo o ensino m\u00e9dio em alguma escola da rede estadual de ensino entre os anos de 2017 e 2021. Para realizar a inscri\u00e7\u00e3o, os estudantes devem preencher um formul\u00e1rio on-line dispon\u00edvel no site https:\/\/sigfapesq.ledes.net.<\/p>\n<p><b>Os cursos &#8211;<\/b>\u00a0O curso superior em An\u00e1lise e Desenvolvimento de Sistemas tem como objetivo principal graduar profissionais que projetam, implementam e coordenam infraestruturas de tecnologia da informa\u00e7\u00e3o, atendendo \u00e0 necessidade de mudan\u00e7as provocadas pelas inova\u00e7\u00f5es tecnol\u00f3gicas no mercado e sociedade.<\/p>\n<p>O curso superior em Ci\u00eancia de Dados tem como objetivo principal formar profissionais para atuar na \u00e1rea de ci\u00eancia de dados, atendendo demandas por m\u00e3o de obra qualificada, do setor de tecnologia da informa\u00e7\u00e3o nacional, promovendo o desenvolvimento sustent\u00e1vel, a inova\u00e7\u00e3o tecnol\u00f3gica e o desenvolvimento de novos neg\u00f3cios com potencial inovador.\u00a0 Ambos os cursos t\u00eam a dura\u00e7\u00e3o de dois anos, divididos em quatro semestres.<\/p>\n<p><b>Limite do Vis\u00edvel<\/b>\u00a0&#8211; O Programa Limite do Vis\u00edvel tem como objetivo induzir a forma\u00e7\u00e3o superior em \u00e1reas priorit\u00e1rias (desenvolvimento tecnol\u00f3gico e inova\u00e7\u00e3o). Est\u00e1 integrada ao programa, a implementa\u00e7\u00e3o dos cursos superiores em An\u00e1lise e Desenvolvimento de Sistemas e em Ci\u00eancia de Dados com certifica\u00e7\u00e3o pela UEPB. Por meio do desenvolvimento do projeto Limite do Vis\u00edvel, a SEECT pretende formar 2 mil profissionais at\u00e9 o ano de 2026, iniciando com turmas de 160 estudantes no ano letivo de 2023.<\/p>\n<p><strong>Noticias em Destaque<\/strong><\/p>\n<p style=\"text-align: right;\"><em>Fonte: Governo da Para\u00edba<\/em><\/p>\n","protected":false},"excerpt":{"rendered":"<p>O Governo da Para\u00edba, por meio da Secretaria de Estado da Educa\u00e7\u00e3o e da Ci\u00eancia e Tecnologia (SEECT-PB), lan\u00e7ou, nesta quarta-feira-feira (2), o edital do programa \u2018Limite do Vis\u00edvel\u2019 que oferta 160 vagas destinadas a estudantes egressos da rede estadual de ensino para os cursos de Ci\u00eancia de Dados e An\u00e1lise e Desenvolvimento de Sistemas. Os alunos selecionados ir\u00e3o receber uma bolsa de estudos no valor de R$ 1.000,00. As aulas ser\u00e3o presenciais e acontecer\u00e3o em Jo\u00e3o Pessoa. Requisitos &#8211;\u00a0Os interessados precisam ter conclu\u00eddo o ensino m\u00e9dio em alguma escola da rede estadual de ensino entre os anos de 2017 e 2021. Para realizar a inscri\u00e7\u00e3o, os estudantes devem preencher um formul\u00e1rio on-line dispon\u00edvel no site https:\/\/sigfapesq.ledes.net. Os cursos &#8211;\u00a0O curso superior em An\u00e1lise e Desenvolvimento de Sistemas tem como objetivo principal graduar profissionais que projetam, implementam e coordenam infraestruturas de tecnologia da informa\u00e7\u00e3o, atendendo \u00e0 necessidade de mudan\u00e7as provocadas pelas inova\u00e7\u00f5es tecnol\u00f3gicas no mercado e sociedade. O curso superior em Ci\u00eancia de Dados tem como objetivo principal formar profissionais para atuar na \u00e1rea de ci\u00eancia de dados, atendendo demandas por m\u00e3o de obra qualificada, do setor de tecnologia da informa\u00e7\u00e3o nacional, promovendo o desenvolvimento sustent\u00e1vel, a inova\u00e7\u00e3o tecnol\u00f3gica e o desenvolvimento de novos neg\u00f3cios com potencial inovador.\u00a0 Ambos os cursos t\u00eam a dura\u00e7\u00e3o de dois anos, divididos em quatro semestres. Limite do Vis\u00edvel\u00a0&#8211; O Programa Limite do Vis\u00edvel tem como objetivo induzir a forma\u00e7\u00e3o superior em \u00e1reas priorit\u00e1rias (desenvolvimento tecnol\u00f3gico e inova\u00e7\u00e3o). Est\u00e1 integrada ao programa, a implementa\u00e7\u00e3o dos cursos superiores em An\u00e1lise e Desenvolvimento de Sistemas e em Ci\u00eancia de Dados com certifica\u00e7\u00e3o pela UEPB. Por meio do desenvolvimento do projeto Limite do Vis\u00edvel, a SEECT pretende formar 2 mil profissionais at\u00e9 o ano de 2026, iniciando com turmas de 160 estudantes no ano letivo de 2023. Noticias em Destaque Fonte: Governo da Para\u00edba<\/p>\n","protected":false},"author":2,"featured_media":17533,"comment_status":"closed","ping_status":"open","sticky":false,"template":"","format":"standard","meta":{"_eb_attr":"","_jetpack_memberships_contains_paid_content":false,"footnotes":""},"categories":[12],"tags":[],"class_list":["post-43831","post","type-post","status-publish","format-standard","has-post-thumbnail","hentry","category-geral"],"yoast_head":"<!-- This site is optimized with the Yoast SEO plugin v26.5 - https:\/\/yoast.com\/wordpress\/plugins\/seo\/ -->\n<title>Governo do Estado lan\u00e7a edital do programa \u2018Limite do Vis\u00edvel\u2019 com 160 vagas para estudantes egressos da rede estadual - Not&iacute;cias em Destaque<\/title>\n<meta name=\"robots\" content=\"index, follow, max-snippet:-1, max-image-preview:large, max-video-preview:-1\" \/>\n<link rel=\"canonical\" href=\"https:\/\/noticiasemdestaque.com\/cd\/?p=43831\" \/>\n<meta property=\"og:locale\" content=\"pt_BR\" \/>\n<meta property=\"og:type\" content=\"article\" \/>\n<meta property=\"og:title\" content=\"Governo do Estado lan\u00e7a edital do programa \u2018Limite do Vis\u00edvel\u2019 com 160 vagas para estudantes egressos da rede estadual - Not&iacute;cias em Destaque\" \/>\n<meta property=\"og:description\" content=\"O Governo da Para\u00edba, por meio da Secretaria de Estado da Educa\u00e7\u00e3o e da Ci\u00eancia e Tecnologia (SEECT-PB), lan\u00e7ou, nesta quarta-feira-feira (2), o edital do programa \u2018Limite do Vis\u00edvel\u2019 que oferta 160 vagas destinadas a estudantes egressos da rede estadual de ensino para os cursos de Ci\u00eancia de Dados e An\u00e1lise e Desenvolvimento de Sistemas. Os alunos selecionados ir\u00e3o receber uma bolsa de estudos no valor de R$ 1.000,00. As aulas ser\u00e3o presenciais e acontecer\u00e3o em Jo\u00e3o Pessoa. Requisitos &#8211;\u00a0Os interessados precisam ter conclu\u00eddo o ensino m\u00e9dio em alguma escola da rede estadual de ensino entre os anos de 2017 e 2021. Para realizar a inscri\u00e7\u00e3o, os estudantes devem preencher um formul\u00e1rio on-line dispon\u00edvel no site https:\/\/sigfapesq.ledes.net. Os cursos &#8211;\u00a0O curso superior em An\u00e1lise e Desenvolvimento de Sistemas tem como objetivo principal graduar profissionais que projetam, implementam e coordenam infraestruturas de tecnologia da informa\u00e7\u00e3o, atendendo \u00e0 necessidade de mudan\u00e7as provocadas pelas inova\u00e7\u00f5es tecnol\u00f3gicas no mercado e sociedade. O curso superior em Ci\u00eancia de Dados tem como objetivo principal formar profissionais para atuar na \u00e1rea de ci\u00eancia de dados, atendendo demandas por m\u00e3o de obra qualificada, do setor de tecnologia da informa\u00e7\u00e3o nacional, promovendo o desenvolvimento sustent\u00e1vel, a inova\u00e7\u00e3o tecnol\u00f3gica e o desenvolvimento de novos neg\u00f3cios com potencial inovador.\u00a0 Ambos os cursos t\u00eam a dura\u00e7\u00e3o de dois anos, divididos em quatro semestres. Limite do Vis\u00edvel\u00a0&#8211; O Programa Limite do Vis\u00edvel tem como objetivo induzir a forma\u00e7\u00e3o superior em \u00e1reas priorit\u00e1rias (desenvolvimento tecnol\u00f3gico e inova\u00e7\u00e3o). Est\u00e1 integrada ao programa, a implementa\u00e7\u00e3o dos cursos superiores em An\u00e1lise e Desenvolvimento de Sistemas e em Ci\u00eancia de Dados com certifica\u00e7\u00e3o pela UEPB. Por meio do desenvolvimento do projeto Limite do Vis\u00edvel, a SEECT pretende formar 2 mil profissionais at\u00e9 o ano de 2026, iniciando com turmas de 160 estudantes no ano letivo de 2023. Noticias em Destaque Fonte: Governo da Para\u00edba\" \/>\n<meta property=\"og:url\" content=\"https:\/\/noticiasemdestaque.com\/cd\/?p=43831\" \/>\n<meta property=\"og:site_name\" content=\"Not&iacute;cias em Destaque\" \/>\n<meta property=\"article:published_time\" content=\"2022-11-03T11:26:37+00:00\" \/>\n<meta property=\"og:image\" content=\"https:\/\/noticiasemdestaque.com\/cd\/wp-content\/uploads\/2019\/06\/governo-pb.jpg\" \/>\n\t<meta property=\"og:image:width\" content=\"600\" \/>\n\t<meta property=\"og:image:height\" content=\"249\" \/>\n\t<meta property=\"og:image:type\" content=\"image\/jpeg\" \/>\n<meta name=\"author\" content=\"Not\u00edcias em Destaque\" \/>\n<meta name=\"twitter:card\" content=\"summary_large_image\" \/>\n<meta name=\"twitter:label1\" content=\"Escrito por\" \/>\n\t<meta name=\"twitter:data1\" content=\"Not\u00edcias em Destaque\" \/>\n\t<meta name=\"twitter:label2\" content=\"Est. tempo de leitura\" \/>\n\t<meta name=\"twitter:data2\" content=\"2 minutos\" \/>\n<script type=\"application\/ld+json\" class=\"yoast-schema-graph\">{\"@context\":\"https:\/\/schema.org\",\"@graph\":[{\"@type\":\"Article\",\"@id\":\"https:\/\/noticiasemdestaque.com\/cd\/?p=43831#article\",\"isPartOf\":{\"@id\":\"https:\/\/noticiasemdestaque.com\/cd\/?p=43831\"},\"author\":{\"name\":\"Not\u00edcias em Destaque\",\"@id\":\"https:\/\/noticiasemdestaque.com\/cd\/#\/schema\/person\/47f7d4f55eec17c6b2ca036c5500f6ce\"},\"headline\":\"Governo do Estado lan\u00e7a edital do programa \u2018Limite do Vis\u00edvel\u2019 com 160 vagas para estudantes egressos da rede estadual\",\"datePublished\":\"2022-11-03T11:26:37+00:00\",\"mainEntityOfPage\":{\"@id\":\"https:\/\/noticiasemdestaque.com\/cd\/?p=43831\"},\"wordCount\":365,\"publisher\":{\"@id\":\"https:\/\/noticiasemdestaque.com\/cd\/#organization\"},\"image\":{\"@id\":\"https:\/\/noticiasemdestaque.com\/cd\/?p=43831#primaryimage\"},\"thumbnailUrl\":\"https:\/\/noticiasemdestaque.com\/cd\/wp-content\/uploads\/2019\/06\/governo-pb.jpg\",\"articleSection\":[\"Geral\"],\"inLanguage\":\"pt-BR\"},{\"@type\":\"WebPage\",\"@id\":\"https:\/\/noticiasemdestaque.com\/cd\/?p=43831\",\"url\":\"https:\/\/noticiasemdestaque.com\/cd\/?p=43831\",\"name\":\"Governo do Estado lan\u00e7a edital do programa \u2018Limite do Vis\u00edvel\u2019 com 160 vagas para estudantes egressos da rede estadual - Not&iacute;cias em Destaque\",\"isPartOf\":{\"@id\":\"https:\/\/noticiasemdestaque.com\/cd\/#website\"},\"primaryImageOfPage\":{\"@id\":\"https:\/\/noticiasemdestaque.com\/cd\/?p=43831#primaryimage\"},\"image\":{\"@id\":\"https:\/\/noticiasemdestaque.com\/cd\/?p=43831#primaryimage\"},\"thumbnailUrl\":\"https:\/\/noticiasemdestaque.com\/cd\/wp-content\/uploads\/2019\/06\/governo-pb.jpg\",\"datePublished\":\"2022-11-03T11:26:37+00:00\",\"breadcrumb\":{\"@id\":\"https:\/\/noticiasemdestaque.com\/cd\/?p=43831#breadcrumb\"},\"inLanguage\":\"pt-BR\",\"potentialAction\":[{\"@type\":\"ReadAction\",\"target\":[\"https:\/\/noticiasemdestaque.com\/cd\/?p=43831\"]}]},{\"@type\":\"ImageObject\",\"inLanguage\":\"pt-BR\",\"@id\":\"https:\/\/noticiasemdestaque.com\/cd\/?p=43831#primaryimage\",\"url\":\"https:\/\/noticiasemdestaque.com\/cd\/wp-content\/uploads\/2019\/06\/governo-pb.jpg\",\"contentUrl\":\"https:\/\/noticiasemdestaque.com\/cd\/wp-content\/uploads\/2019\/06\/governo-pb.jpg\",\"width\":600,\"height\":249},{\"@type\":\"BreadcrumbList\",\"@id\":\"https:\/\/noticiasemdestaque.com\/cd\/?p=43831#breadcrumb\",\"itemListElement\":[{\"@type\":\"ListItem\",\"position\":1,\"name\":\"In\u00edcio\",\"item\":\"https:\/\/noticiasemdestaque.com\/cd\/\"},{\"@type\":\"ListItem\",\"position\":2,\"name\":\"Governo do Estado lan\u00e7a edital do programa \u2018Limite do Vis\u00edvel\u2019 com 160 vagas para estudantes egressos da rede estadual\"}]},{\"@type\":\"WebSite\",\"@id\":\"https:\/\/noticiasemdestaque.com\/cd\/#website\",\"url\":\"https:\/\/noticiasemdestaque.com\/cd\/\",\"name\":\"Not&iacute;cias em Destaque\",\"description\":\"\",\"publisher\":{\"@id\":\"https:\/\/noticiasemdestaque.com\/cd\/#organization\"},\"potentialAction\":[{\"@type\":\"SearchAction\",\"target\":{\"@type\":\"EntryPoint\",\"urlTemplate\":\"https:\/\/noticiasemdestaque.com\/cd\/?s={search_term_string}\"},\"query-input\":{\"@type\":\"PropertyValueSpecification\",\"valueRequired\":true,\"valueName\":\"search_term_string\"}}],\"inLanguage\":\"pt-BR\"},{\"@type\":\"Organization\",\"@id\":\"https:\/\/noticiasemdestaque.com\/cd\/#organization\",\"name\":\"Not\u00edcias em Destaque\",\"url\":\"https:\/\/noticiasemdestaque.com\/cd\/\",\"logo\":{\"@type\":\"ImageObject\",\"inLanguage\":\"pt-BR\",\"@id\":\"https:\/\/noticiasemdestaque.com\/cd\/#\/schema\/logo\/image\/\",\"url\":\"https:\/\/noticiasemdestaque.com\/cd\/wp-content\/uploads\/2022\/05\/imagem-base-noticiasemdestaque.png\",\"contentUrl\":\"https:\/\/noticiasemdestaque.com\/cd\/wp-content\/uploads\/2022\/05\/imagem-base-noticiasemdestaque.png\",\"width\":1200,\"height\":630,\"caption\":\"Not\u00edcias em Destaque\"},\"image\":{\"@id\":\"https:\/\/noticiasemdestaque.com\/cd\/#\/schema\/logo\/image\/\"}},{\"@type\":\"Person\",\"@id\":\"https:\/\/noticiasemdestaque.com\/cd\/#\/schema\/person\/47f7d4f55eec17c6b2ca036c5500f6ce\",\"name\":\"Not\u00edcias em Destaque\",\"url\":\"https:\/\/noticiasemdestaque.com\/cd\/?author=2\"}]}<\/script>\n<!-- \/ Yoast SEO plugin. -->","yoast_head_json":{"title":"Governo do Estado lan\u00e7a edital do programa \u2018Limite do Vis\u00edvel\u2019 com 160 vagas para estudantes egressos da rede estadual - Not&iacute;cias em Destaque","robots":{"index":"index","follow":"follow","max-snippet":"max-snippet:-1","max-image-preview":"max-image-preview:large","max-video-preview":"max-video-preview:-1"},"canonical":"https:\/\/noticiasemdestaque.com\/cd\/?p=43831","og_locale":"pt_BR","og_type":"article","og_title":"Governo do Estado lan\u00e7a edital do programa \u2018Limite do Vis\u00edvel\u2019 com 160 vagas para estudantes egressos da rede estadual - Not&iacute;cias em Destaque","og_description":"O Governo da Para\u00edba, por meio da Secretaria de Estado da Educa\u00e7\u00e3o e da Ci\u00eancia e Tecnologia (SEECT-PB), lan\u00e7ou, nesta quarta-feira-feira (2), o edital do programa \u2018Limite do Vis\u00edvel\u2019 que oferta 160 vagas destinadas a estudantes egressos da rede estadual de ensino para os cursos de Ci\u00eancia de Dados e An\u00e1lise e Desenvolvimento de Sistemas. Os alunos selecionados ir\u00e3o receber uma bolsa de estudos no valor de R$ 1.000,00. As aulas ser\u00e3o presenciais e acontecer\u00e3o em Jo\u00e3o Pessoa. Requisitos &#8211;\u00a0Os interessados precisam ter conclu\u00eddo o ensino m\u00e9dio em alguma escola da rede estadual de ensino entre os anos de 2017 e 2021. Para realizar a inscri\u00e7\u00e3o, os estudantes devem preencher um formul\u00e1rio on-line dispon\u00edvel no site https:\/\/sigfapesq.ledes.net. Os cursos &#8211;\u00a0O curso superior em An\u00e1lise e Desenvolvimento de Sistemas tem como objetivo principal graduar profissionais que projetam, implementam e coordenam infraestruturas de tecnologia da informa\u00e7\u00e3o, atendendo \u00e0 necessidade de mudan\u00e7as provocadas pelas inova\u00e7\u00f5es tecnol\u00f3gicas no mercado e sociedade. O curso superior em Ci\u00eancia de Dados tem como objetivo principal formar profissionais para atuar na \u00e1rea de ci\u00eancia de dados, atendendo demandas por m\u00e3o de obra qualificada, do setor de tecnologia da informa\u00e7\u00e3o nacional, promovendo o desenvolvimento sustent\u00e1vel, a inova\u00e7\u00e3o tecnol\u00f3gica e o desenvolvimento de novos neg\u00f3cios com potencial inovador.\u00a0 Ambos os cursos t\u00eam a dura\u00e7\u00e3o de dois anos, divididos em quatro semestres. Limite do Vis\u00edvel\u00a0&#8211; O Programa Limite do Vis\u00edvel tem como objetivo induzir a forma\u00e7\u00e3o superior em \u00e1reas priorit\u00e1rias (desenvolvimento tecnol\u00f3gico e inova\u00e7\u00e3o). Est\u00e1 integrada ao programa, a implementa\u00e7\u00e3o dos cursos superiores em An\u00e1lise e Desenvolvimento de Sistemas e em Ci\u00eancia de Dados com certifica\u00e7\u00e3o pela UEPB. Por meio do desenvolvimento do projeto Limite do Vis\u00edvel, a SEECT pretende formar 2 mil profissionais at\u00e9 o ano de 2026, iniciando com turmas de 160 estudantes no ano letivo de 2023. Noticias em Destaque Fonte: Governo da Para\u00edba","og_url":"https:\/\/noticiasemdestaque.com\/cd\/?p=43831","og_site_name":"Not&iacute;cias em Destaque","article_published_time":"2022-11-03T11:26:37+00:00","og_image":[{"width":600,"height":249,"url":"https:\/\/noticiasemdestaque.com\/cd\/wp-content\/uploads\/2019\/06\/governo-pb.jpg","type":"image\/jpeg"}],"author":"Not\u00edcias em Destaque","twitter_card":"summary_large_image","twitter_misc":{"Escrito por":"Not\u00edcias em Destaque","Est. tempo de leitura":"2 minutos"},"schema":{"@context":"https:\/\/schema.org","@graph":[{"@type":"Article","@id":"https:\/\/noticiasemdestaque.com\/cd\/?p=43831#article","isPartOf":{"@id":"https:\/\/noticiasemdestaque.com\/cd\/?p=43831"},"author":{"name":"Not\u00edcias em Destaque","@id":"https:\/\/noticiasemdestaque.com\/cd\/#\/schema\/person\/47f7d4f55eec17c6b2ca036c5500f6ce"},"headline":"Governo do Estado lan\u00e7a edital do programa \u2018Limite do Vis\u00edvel\u2019 com 160 vagas para estudantes egressos da rede estadual","datePublished":"2022-11-03T11:26:37+00:00","mainEntityOfPage":{"@id":"https:\/\/noticiasemdestaque.com\/cd\/?p=43831"},"wordCount":365,"publisher":{"@id":"https:\/\/noticiasemdestaque.com\/cd\/#organization"},"image":{"@id":"https:\/\/noticiasemdestaque.com\/cd\/?p=43831#primaryimage"},"thumbnailUrl":"https:\/\/noticiasemdestaque.com\/cd\/wp-content\/uploads\/2019\/06\/governo-pb.jpg","articleSection":["Geral"],"inLanguage":"pt-BR"},{"@type":"WebPage","@id":"https:\/\/noticiasemdestaque.com\/cd\/?p=43831","url":"https:\/\/noticiasemdestaque.com\/cd\/?p=43831","name":"Governo do Estado lan\u00e7a edital do programa \u2018Limite do Vis\u00edvel\u2019 com 160 vagas para estudantes egressos da rede estadual - Not&iacute;cias em Destaque","isPartOf":{"@id":"https:\/\/noticiasemdestaque.com\/cd\/#website"},"primaryImageOfPage":{"@id":"https:\/\/noticiasemdestaque.com\/cd\/?p=43831#primaryimage"},"image":{"@id":"https:\/\/noticiasemdestaque.com\/cd\/?p=43831#primaryimage"},"thumbnailUrl":"https:\/\/noticiasemdestaque.com\/cd\/wp-content\/uploads\/2019\/06\/governo-pb.jpg","datePublished":"2022-11-03T11:26:37+00:00","breadcrumb":{"@id":"https:\/\/noticiasemdestaque.com\/cd\/?p=43831#breadcrumb"},"inLanguage":"pt-BR","potentialAction":[{"@type":"ReadAction","target":["https:\/\/noticiasemdestaque.com\/cd\/?p=43831"]}]},{"@type":"ImageObject","inLanguage":"pt-BR","@id":"https:\/\/noticiasemdestaque.com\/cd\/?p=43831#primaryimage","url":"https:\/\/noticiasemdestaque.com\/cd\/wp-content\/uploads\/2019\/06\/governo-pb.jpg","contentUrl":"https:\/\/noticiasemdestaque.com\/cd\/wp-content\/uploads\/2019\/06\/governo-pb.jpg","width":600,"height":249},{"@type":"BreadcrumbList","@id":"https:\/\/noticiasemdestaque.com\/cd\/?p=43831#breadcrumb","itemListElement":[{"@type":"ListItem","position":1,"name":"In\u00edcio","item":"https:\/\/noticiasemdestaque.com\/cd\/"},{"@type":"ListItem","position":2,"name":"Governo do Estado lan\u00e7a edital do programa \u2018Limite do Vis\u00edvel\u2019 com 160 vagas para estudantes egressos da rede estadual"}]},{"@type":"WebSite","@id":"https:\/\/noticiasemdestaque.com\/cd\/#website","url":"https:\/\/noticiasemdestaque.com\/cd\/","name":"Not&iacute;cias em Destaque","description":"","publisher":{"@id":"https:\/\/noticiasemdestaque.com\/cd\/#organization"},"potentialAction":[{"@type":"SearchAction","target":{"@type":"EntryPoint","urlTemplate":"https:\/\/noticiasemdestaque.com\/cd\/?s={search_term_string}"},"query-input":{"@type":"PropertyValueSpecification","valueRequired":true,"valueName":"search_term_string"}}],"inLanguage":"pt-BR"},{"@type":"Organization","@id":"https:\/\/noticiasemdestaque.com\/cd\/#organization","name":"Not\u00edcias em Destaque","url":"https:\/\/noticiasemdestaque.com\/cd\/","logo":{"@type":"ImageObject","inLanguage":"pt-BR","@id":"https:\/\/noticiasemdestaque.com\/cd\/#\/schema\/logo\/image\/","url":"https:\/\/noticiasemdestaque.com\/cd\/wp-content\/uploads\/2022\/05\/imagem-base-noticiasemdestaque.png","contentUrl":"https:\/\/noticiasemdestaque.com\/cd\/wp-content\/uploads\/2022\/05\/imagem-base-noticiasemdestaque.png","width":1200,"height":630,"caption":"Not\u00edcias em Destaque"},"image":{"@id":"https:\/\/noticiasemdestaque.com\/cd\/#\/schema\/logo\/image\/"}},{"@type":"Person","@id":"https:\/\/noticiasemdestaque.com\/cd\/#\/schema\/person\/47f7d4f55eec17c6b2ca036c5500f6ce","name":"Not\u00edcias em Destaque","url":"https:\/\/noticiasemdestaque.com\/cd\/?author=2"}]}},"jetpack_featured_media_url":"https:\/\/noticiasemdestaque.com\/cd\/wp-content\/uploads\/2019\/06\/governo-pb.jpg","jetpack_sharing_enabled":true,"_links":{"self":[{"href":"https:\/\/noticiasemdestaque.com\/cd\/index.php?rest_route=\/wp\/v2\/posts\/43831","targetHints":{"allow":["GET"]}}],"collection":[{"href":"https:\/\/noticiasemdestaque.com\/cd\/index.php?rest_route=\/wp\/v2\/posts"}],"about":[{"href":"https:\/\/noticiasemdestaque.com\/cd\/index.php?rest_route=\/wp\/v2\/types\/post"}],"author":[{"embeddable":true,"href":"https:\/\/noticiasemdestaque.com\/cd\/index.php?rest_route=\/wp\/v2\/users\/2"}],"replies":[{"embeddable":true,"href":"https:\/\/noticiasemdestaque.com\/cd\/index.php?rest_route=%2Fwp%2Fv2%2Fcomments&post=43831"}],"version-history":[{"count":1,"href":"https:\/\/noticiasemdestaque.com\/cd\/index.php?rest_route=\/wp\/v2\/posts\/43831\/revisions"}],"predecessor-version":[{"id":43832,"href":"https:\/\/noticiasemdestaque.com\/cd\/index.php?rest_route=\/wp\/v2\/posts\/43831\/revisions\/43832"}],"wp:featuredmedia":[{"embeddable":true,"href":"https:\/\/noticiasemdestaque.com\/cd\/index.php?rest_route=\/wp\/v2\/media\/17533"}],"wp:attachment":[{"href":"https:\/\/noticiasemdestaque.com\/cd\/index.php?rest_route=%2Fwp%2Fv2%2Fmedia&parent=43831"}],"wp:term":[{"taxonomy":"category","embeddable":true,"href":"https:\/\/noticiasemdestaque.com\/cd\/index.php?rest_route=%2Fwp%2Fv2%2Fcategories&post=43831"},{"taxonomy":"post_tag","embeddable":true,"href":"https:\/\/noticiasemdestaque.com\/cd\/index.php?rest_route=%2Fwp%2Fv2%2Ftags&post=43831"}],"curies":[{"name":"wp","href":"https:\/\/api.w.org\/{rel}","templated":true}]}}