{"id":4383,"date":"2017-09-17T10:56:41","date_gmt":"2017-09-17T13:56:41","guid":{"rendered":"http:\/\/caririemdestaque.com\/cd\/?p=4383"},"modified":"2017-09-17T10:56:41","modified_gmt":"2017-09-17T13:56:41","slug":"planalto-ja-tem-certeza-geddel-vai-delatar","status":"publish","type":"post","link":"https:\/\/noticiasemdestaque.com\/cd\/?p=4383","title":{"rendered":"Planalto j\u00e1 tem certeza: Geddel vai delatar"},"content":{"rendered":"<p><a href=\"http:\/\/caririemdestaque.com\/cd\/wp-content\/uploads\/2017\/09\/201709170833010000002677.jpg\"><img decoding=\"async\" class=\"size-thumbnail wp-image-4384 alignleft\" src=\"http:\/\/caririemdestaque.com\/cd\/wp-content\/uploads\/2017\/09\/201709170833010000002677-150x150.jpg\" alt=\"\" width=\"150\" height=\"150\" srcset=\"https:\/\/noticiasemdestaque.com\/cd\/wp-content\/uploads\/2017\/09\/201709170833010000002677-150x150.jpg 150w, https:\/\/noticiasemdestaque.com\/cd\/wp-content\/uploads\/2017\/09\/201709170833010000002677-266x266.jpg 266w\" sizes=\"(max-width: 150px) 100vw, 150px\" \/><\/a>Piv\u00f4 da maior apreens\u00e3o de dinheiro sujo da hist\u00f3ria do Brasil, com os R$ 51 milh\u00f5es encontrados em seu bunker em Salvador (BA), o ex-ministro Geddel Vieira Lima, que era bra\u00e7o direito e articulador pol\u00edtico de Michel Temer j\u00e1 decidiu delatar.<\/p>\n<p>Pelo menos, essa \u00e9 a convic\u00e7\u00e3o do Pal\u00e1cio do Planalto, onde se sabe que Temer \u00e9 um dos alvos principais, segundo informa o blog do colunista Lauro Jardim, do Globo.<\/p>\n<p>Diante do fator Geddel, Temer quer tentar liquidar a segunda den\u00fancia de Rodrigo Janot, por obstru\u00e7\u00e3o judicial e organiza\u00e7\u00e3o criminosa, antes que ele, o &#8220;boca de jacar\u00e9&#8221;, decida falar.<\/p>\n<p>Uma das suspeitas \u00e9 de que o dinheiro do bunker pagasse propinas a deputados da base de Temer, que apoiaram o golpe de 2016.<\/p>\n<p><em><strong>Cariri em Destaque\u00a0<\/strong><\/em><\/p>\n<p>Brasil 247<\/p>\n","protected":false},"excerpt":{"rendered":"<p>Piv\u00f4 da maior apreens\u00e3o de dinheiro sujo da hist\u00f3ria do Brasil, com os R$ 51 milh\u00f5es encontrados em seu bunker em Salvador (BA), o ex-ministro Geddel Vieira Lima, que era bra\u00e7o direito e articulador pol\u00edtico de Michel Temer j\u00e1 decidiu delatar. Pelo menos, essa \u00e9 a convic\u00e7\u00e3o do Pal\u00e1cio do Planalto, onde se sabe que Temer \u00e9 um dos alvos principais, segundo informa o blog do colunista Lauro Jardim, do Globo. Diante do fator Geddel, Temer quer tentar liquidar a segunda den\u00fancia de Rodrigo Janot, por obstru\u00e7\u00e3o judicial e organiza\u00e7\u00e3o criminosa, antes que ele, o &#8220;boca de jacar\u00e9&#8221;, decida falar. Uma das suspeitas \u00e9 de que o dinheiro do bunker pagasse propinas a deputados da base de Temer, que apoiaram o golpe de 2016. Cariri em Destaque\u00a0 Brasil 247<\/p>\n","protected":false},"author":2,"featured_media":4384,"comment_status":"closed","ping_status":"open","sticky":false,"template":"","format":"standard","meta":{"_eb_attr":"","_jetpack_memberships_contains_paid_content":false,"footnotes":""},"categories":[4],"tags":[],"class_list":["post-4383","post","type-post","status-publish","format-standard","has-post-thumbnail","hentry","category-politica"],"yoast_head":"<!-- This site is optimized with the Yoast SEO plugin v26.5 - https:\/\/yoast.com\/wordpress\/plugins\/seo\/ -->\n<title>Planalto j\u00e1 tem certeza: Geddel vai delatar - Not&iacute;cias em Destaque<\/title>\n<meta name=\"robots\" content=\"index, follow, max-snippet:-1, max-image-preview:large, max-video-preview:-1\" \/>\n<link rel=\"canonical\" href=\"https:\/\/noticiasemdestaque.com\/cd\/?p=4383\" \/>\n<meta property=\"og:locale\" content=\"pt_BR\" \/>\n<meta property=\"og:type\" content=\"article\" \/>\n<meta property=\"og:title\" content=\"Planalto j\u00e1 tem certeza: Geddel vai delatar - Not&iacute;cias em Destaque\" \/>\n<meta property=\"og:description\" content=\"Piv\u00f4 da maior apreens\u00e3o de dinheiro sujo da hist\u00f3ria do Brasil, com os R$ 51 milh\u00f5es encontrados em seu bunker em Salvador (BA), o ex-ministro Geddel Vieira Lima, que era bra\u00e7o direito e articulador pol\u00edtico de Michel Temer j\u00e1 decidiu delatar. Pelo menos, essa \u00e9 a convic\u00e7\u00e3o do Pal\u00e1cio do Planalto, onde se sabe que Temer \u00e9 um dos alvos principais, segundo informa o blog do colunista Lauro Jardim, do Globo. Diante do fator Geddel, Temer quer tentar liquidar a segunda den\u00fancia de Rodrigo Janot, por obstru\u00e7\u00e3o judicial e organiza\u00e7\u00e3o criminosa, antes que ele, o &#8220;boca de jacar\u00e9&#8221;, decida falar. Uma das suspeitas \u00e9 de que o dinheiro do bunker pagasse propinas a deputados da base de Temer, que apoiaram o golpe de 2016. Cariri em Destaque\u00a0 Brasil 247\" \/>\n<meta property=\"og:url\" content=\"https:\/\/noticiasemdestaque.com\/cd\/?p=4383\" \/>\n<meta property=\"og:site_name\" content=\"Not&iacute;cias em Destaque\" \/>\n<meta property=\"article:published_time\" content=\"2017-09-17T13:56:41+00:00\" \/>\n<meta property=\"og:image\" content=\"https:\/\/noticiasemdestaque.com\/cd\/wp-content\/uploads\/2017\/09\/201709170833010000002677.jpg\" \/>\n\t<meta property=\"og:image:width\" content=\"480\" \/>\n\t<meta property=\"og:image:height\" content=\"350\" \/>\n\t<meta property=\"og:image:type\" content=\"image\/jpeg\" \/>\n<meta name=\"author\" content=\"Not\u00edcias em Destaque\" \/>\n<meta name=\"twitter:card\" content=\"summary_large_image\" \/>\n<meta name=\"twitter:label1\" content=\"Escrito por\" \/>\n\t<meta name=\"twitter:data1\" content=\"Not\u00edcias em Destaque\" \/>\n\t<meta name=\"twitter:label2\" content=\"Est. tempo de leitura\" \/>\n\t<meta name=\"twitter:data2\" content=\"1 minuto\" \/>\n<script type=\"application\/ld+json\" class=\"yoast-schema-graph\">{\"@context\":\"https:\/\/schema.org\",\"@graph\":[{\"@type\":\"Article\",\"@id\":\"https:\/\/noticiasemdestaque.com\/cd\/?p=4383#article\",\"isPartOf\":{\"@id\":\"https:\/\/noticiasemdestaque.com\/cd\/?p=4383\"},\"author\":{\"name\":\"Not\u00edcias em Destaque\",\"@id\":\"https:\/\/noticiasemdestaque.com\/cd\/#\/schema\/person\/21320b03a7e8bb90128938dafc9b908a\"},\"headline\":\"Planalto j\u00e1 tem certeza: Geddel vai delatar\",\"datePublished\":\"2017-09-17T13:56:41+00:00\",\"mainEntityOfPage\":{\"@id\":\"https:\/\/noticiasemdestaque.com\/cd\/?p=4383\"},\"wordCount\":140,\"publisher\":{\"@id\":\"https:\/\/noticiasemdestaque.com\/cd\/#organization\"},\"image\":{\"@id\":\"https:\/\/noticiasemdestaque.com\/cd\/?p=4383#primaryimage\"},\"thumbnailUrl\":\"https:\/\/noticiasemdestaque.com\/cd\/wp-content\/uploads\/2017\/09\/201709170833010000002677.jpg\",\"articleSection\":[\"Pol\u00edtica\"],\"inLanguage\":\"pt-BR\"},{\"@type\":\"WebPage\",\"@id\":\"https:\/\/noticiasemdestaque.com\/cd\/?p=4383\",\"url\":\"https:\/\/noticiasemdestaque.com\/cd\/?p=4383\",\"name\":\"Planalto j\u00e1 tem certeza: Geddel vai delatar - Not&iacute;cias em Destaque\",\"isPartOf\":{\"@id\":\"https:\/\/noticiasemdestaque.com\/cd\/#website\"},\"primaryImageOfPage\":{\"@id\":\"https:\/\/noticiasemdestaque.com\/cd\/?p=4383#primaryimage\"},\"image\":{\"@id\":\"https:\/\/noticiasemdestaque.com\/cd\/?p=4383#primaryimage\"},\"thumbnailUrl\":\"https:\/\/noticiasemdestaque.com\/cd\/wp-content\/uploads\/2017\/09\/201709170833010000002677.jpg\",\"datePublished\":\"2017-09-17T13:56:41+00:00\",\"breadcrumb\":{\"@id\":\"https:\/\/noticiasemdestaque.com\/cd\/?p=4383#breadcrumb\"},\"inLanguage\":\"pt-BR\",\"potentialAction\":[{\"@type\":\"ReadAction\",\"target\":[\"https:\/\/noticiasemdestaque.com\/cd\/?p=4383\"]}]},{\"@type\":\"ImageObject\",\"inLanguage\":\"pt-BR\",\"@id\":\"https:\/\/noticiasemdestaque.com\/cd\/?p=4383#primaryimage\",\"url\":\"https:\/\/noticiasemdestaque.com\/cd\/wp-content\/uploads\/2017\/09\/201709170833010000002677.jpg\",\"contentUrl\":\"https:\/\/noticiasemdestaque.com\/cd\/wp-content\/uploads\/2017\/09\/201709170833010000002677.jpg\",\"width\":480,\"height\":350},{\"@type\":\"BreadcrumbList\",\"@id\":\"https:\/\/noticiasemdestaque.com\/cd\/?p=4383#breadcrumb\",\"itemListElement\":[{\"@type\":\"ListItem\",\"position\":1,\"name\":\"In\u00edcio\",\"item\":\"https:\/\/noticiasemdestaque.com\/cd\/\"},{\"@type\":\"ListItem\",\"position\":2,\"name\":\"Planalto j\u00e1 tem certeza: Geddel vai delatar\"}]},{\"@type\":\"WebSite\",\"@id\":\"https:\/\/noticiasemdestaque.com\/cd\/#website\",\"url\":\"https:\/\/noticiasemdestaque.com\/cd\/\",\"name\":\"Not&iacute;cias em Destaque\",\"description\":\"\",\"publisher\":{\"@id\":\"https:\/\/noticiasemdestaque.com\/cd\/#organization\"},\"potentialAction\":[{\"@type\":\"SearchAction\",\"target\":{\"@type\":\"EntryPoint\",\"urlTemplate\":\"https:\/\/noticiasemdestaque.com\/cd\/?s={search_term_string}\"},\"query-input\":{\"@type\":\"PropertyValueSpecification\",\"valueRequired\":true,\"valueName\":\"search_term_string\"}}],\"inLanguage\":\"pt-BR\"},{\"@type\":\"Organization\",\"@id\":\"https:\/\/noticiasemdestaque.com\/cd\/#organization\",\"name\":\"Not\u00edcias em Destaque\",\"url\":\"https:\/\/noticiasemdestaque.com\/cd\/\",\"logo\":{\"@type\":\"ImageObject\",\"inLanguage\":\"pt-BR\",\"@id\":\"https:\/\/noticiasemdestaque.com\/cd\/#\/schema\/logo\/image\/\",\"url\":\"https:\/\/noticiasemdestaque.com\/cd\/wp-content\/uploads\/2022\/05\/imagem-base-noticiasemdestaque.png\",\"contentUrl\":\"https:\/\/noticiasemdestaque.com\/cd\/wp-content\/uploads\/2022\/05\/imagem-base-noticiasemdestaque.png\",\"width\":1200,\"height\":630,\"caption\":\"Not\u00edcias em Destaque\"},\"image\":{\"@id\":\"https:\/\/noticiasemdestaque.com\/cd\/#\/schema\/logo\/image\/\"}},{\"@type\":\"Person\",\"@id\":\"https:\/\/noticiasemdestaque.com\/cd\/#\/schema\/person\/21320b03a7e8bb90128938dafc9b908a\",\"name\":\"Not\u00edcias em Destaque\",\"url\":\"https:\/\/noticiasemdestaque.com\/cd\/?author=2\"}]}<\/script>\n<!-- \/ Yoast SEO plugin. -->","yoast_head_json":{"title":"Planalto j\u00e1 tem certeza: Geddel vai delatar - Not&iacute;cias em Destaque","robots":{"index":"index","follow":"follow","max-snippet":"max-snippet:-1","max-image-preview":"max-image-preview:large","max-video-preview":"max-video-preview:-1"},"canonical":"https:\/\/noticiasemdestaque.com\/cd\/?p=4383","og_locale":"pt_BR","og_type":"article","og_title":"Planalto j\u00e1 tem certeza: Geddel vai delatar - Not&iacute;cias em Destaque","og_description":"Piv\u00f4 da maior apreens\u00e3o de dinheiro sujo da hist\u00f3ria do Brasil, com os R$ 51 milh\u00f5es encontrados em seu bunker em Salvador (BA), o ex-ministro Geddel Vieira Lima, que era bra\u00e7o direito e articulador pol\u00edtico de Michel Temer j\u00e1 decidiu delatar. Pelo menos, essa \u00e9 a convic\u00e7\u00e3o do Pal\u00e1cio do Planalto, onde se sabe que Temer \u00e9 um dos alvos principais, segundo informa o blog do colunista Lauro Jardim, do Globo. Diante do fator Geddel, Temer quer tentar liquidar a segunda den\u00fancia de Rodrigo Janot, por obstru\u00e7\u00e3o judicial e organiza\u00e7\u00e3o criminosa, antes que ele, o &#8220;boca de jacar\u00e9&#8221;, decida falar. Uma das suspeitas \u00e9 de que o dinheiro do bunker pagasse propinas a deputados da base de Temer, que apoiaram o golpe de 2016. Cariri em Destaque\u00a0 Brasil 247","og_url":"https:\/\/noticiasemdestaque.com\/cd\/?p=4383","og_site_name":"Not&iacute;cias em Destaque","article_published_time":"2017-09-17T13:56:41+00:00","og_image":[{"width":480,"height":350,"url":"https:\/\/noticiasemdestaque.com\/cd\/wp-content\/uploads\/2017\/09\/201709170833010000002677.jpg","type":"image\/jpeg"}],"author":"Not\u00edcias em Destaque","twitter_card":"summary_large_image","twitter_misc":{"Escrito por":"Not\u00edcias em Destaque","Est. tempo de leitura":"1 minuto"},"schema":{"@context":"https:\/\/schema.org","@graph":[{"@type":"Article","@id":"https:\/\/noticiasemdestaque.com\/cd\/?p=4383#article","isPartOf":{"@id":"https:\/\/noticiasemdestaque.com\/cd\/?p=4383"},"author":{"name":"Not\u00edcias em Destaque","@id":"https:\/\/noticiasemdestaque.com\/cd\/#\/schema\/person\/21320b03a7e8bb90128938dafc9b908a"},"headline":"Planalto j\u00e1 tem certeza: Geddel vai delatar","datePublished":"2017-09-17T13:56:41+00:00","mainEntityOfPage":{"@id":"https:\/\/noticiasemdestaque.com\/cd\/?p=4383"},"wordCount":140,"publisher":{"@id":"https:\/\/noticiasemdestaque.com\/cd\/#organization"},"image":{"@id":"https:\/\/noticiasemdestaque.com\/cd\/?p=4383#primaryimage"},"thumbnailUrl":"https:\/\/noticiasemdestaque.com\/cd\/wp-content\/uploads\/2017\/09\/201709170833010000002677.jpg","articleSection":["Pol\u00edtica"],"inLanguage":"pt-BR"},{"@type":"WebPage","@id":"https:\/\/noticiasemdestaque.com\/cd\/?p=4383","url":"https:\/\/noticiasemdestaque.com\/cd\/?p=4383","name":"Planalto j\u00e1 tem certeza: Geddel vai delatar - Not&iacute;cias em Destaque","isPartOf":{"@id":"https:\/\/noticiasemdestaque.com\/cd\/#website"},"primaryImageOfPage":{"@id":"https:\/\/noticiasemdestaque.com\/cd\/?p=4383#primaryimage"},"image":{"@id":"https:\/\/noticiasemdestaque.com\/cd\/?p=4383#primaryimage"},"thumbnailUrl":"https:\/\/noticiasemdestaque.com\/cd\/wp-content\/uploads\/2017\/09\/201709170833010000002677.jpg","datePublished":"2017-09-17T13:56:41+00:00","breadcrumb":{"@id":"https:\/\/noticiasemdestaque.com\/cd\/?p=4383#breadcrumb"},"inLanguage":"pt-BR","potentialAction":[{"@type":"ReadAction","target":["https:\/\/noticiasemdestaque.com\/cd\/?p=4383"]}]},{"@type":"ImageObject","inLanguage":"pt-BR","@id":"https:\/\/noticiasemdestaque.com\/cd\/?p=4383#primaryimage","url":"https:\/\/noticiasemdestaque.com\/cd\/wp-content\/uploads\/2017\/09\/201709170833010000002677.jpg","contentUrl":"https:\/\/noticiasemdestaque.com\/cd\/wp-content\/uploads\/2017\/09\/201709170833010000002677.jpg","width":480,"height":350},{"@type":"BreadcrumbList","@id":"https:\/\/noticiasemdestaque.com\/cd\/?p=4383#breadcrumb","itemListElement":[{"@type":"ListItem","position":1,"name":"In\u00edcio","item":"https:\/\/noticiasemdestaque.com\/cd\/"},{"@type":"ListItem","position":2,"name":"Planalto j\u00e1 tem certeza: Geddel vai delatar"}]},{"@type":"WebSite","@id":"https:\/\/noticiasemdestaque.com\/cd\/#website","url":"https:\/\/noticiasemdestaque.com\/cd\/","name":"Not&iacute;cias em Destaque","description":"","publisher":{"@id":"https:\/\/noticiasemdestaque.com\/cd\/#organization"},"potentialAction":[{"@type":"SearchAction","target":{"@type":"EntryPoint","urlTemplate":"https:\/\/noticiasemdestaque.com\/cd\/?s={search_term_string}"},"query-input":{"@type":"PropertyValueSpecification","valueRequired":true,"valueName":"search_term_string"}}],"inLanguage":"pt-BR"},{"@type":"Organization","@id":"https:\/\/noticiasemdestaque.com\/cd\/#organization","name":"Not\u00edcias em Destaque","url":"https:\/\/noticiasemdestaque.com\/cd\/","logo":{"@type":"ImageObject","inLanguage":"pt-BR","@id":"https:\/\/noticiasemdestaque.com\/cd\/#\/schema\/logo\/image\/","url":"https:\/\/noticiasemdestaque.com\/cd\/wp-content\/uploads\/2022\/05\/imagem-base-noticiasemdestaque.png","contentUrl":"https:\/\/noticiasemdestaque.com\/cd\/wp-content\/uploads\/2022\/05\/imagem-base-noticiasemdestaque.png","width":1200,"height":630,"caption":"Not\u00edcias em Destaque"},"image":{"@id":"https:\/\/noticiasemdestaque.com\/cd\/#\/schema\/logo\/image\/"}},{"@type":"Person","@id":"https:\/\/noticiasemdestaque.com\/cd\/#\/schema\/person\/21320b03a7e8bb90128938dafc9b908a","name":"Not\u00edcias em Destaque","url":"https:\/\/noticiasemdestaque.com\/cd\/?author=2"}]}},"jetpack_featured_media_url":"https:\/\/noticiasemdestaque.com\/cd\/wp-content\/uploads\/2017\/09\/201709170833010000002677.jpg","jetpack_sharing_enabled":true,"_links":{"self":[{"href":"https:\/\/noticiasemdestaque.com\/cd\/index.php?rest_route=\/wp\/v2\/posts\/4383","targetHints":{"allow":["GET"]}}],"collection":[{"href":"https:\/\/noticiasemdestaque.com\/cd\/index.php?rest_route=\/wp\/v2\/posts"}],"about":[{"href":"https:\/\/noticiasemdestaque.com\/cd\/index.php?rest_route=\/wp\/v2\/types\/post"}],"author":[{"embeddable":true,"href":"https:\/\/noticiasemdestaque.com\/cd\/index.php?rest_route=\/wp\/v2\/users\/2"}],"replies":[{"embeddable":true,"href":"https:\/\/noticiasemdestaque.com\/cd\/index.php?rest_route=%2Fwp%2Fv2%2Fcomments&post=4383"}],"version-history":[{"count":1,"href":"https:\/\/noticiasemdestaque.com\/cd\/index.php?rest_route=\/wp\/v2\/posts\/4383\/revisions"}],"predecessor-version":[{"id":4385,"href":"https:\/\/noticiasemdestaque.com\/cd\/index.php?rest_route=\/wp\/v2\/posts\/4383\/revisions\/4385"}],"wp:featuredmedia":[{"embeddable":true,"href":"https:\/\/noticiasemdestaque.com\/cd\/index.php?rest_route=\/wp\/v2\/media\/4384"}],"wp:attachment":[{"href":"https:\/\/noticiasemdestaque.com\/cd\/index.php?rest_route=%2Fwp%2Fv2%2Fmedia&parent=4383"}],"wp:term":[{"taxonomy":"category","embeddable":true,"href":"https:\/\/noticiasemdestaque.com\/cd\/index.php?rest_route=%2Fwp%2Fv2%2Fcategories&post=4383"},{"taxonomy":"post_tag","embeddable":true,"href":"https:\/\/noticiasemdestaque.com\/cd\/index.php?rest_route=%2Fwp%2Fv2%2Ftags&post=4383"}],"curies":[{"name":"wp","href":"https:\/\/api.w.org\/{rel}","templated":true}]}}