{"id":43824,"date":"2022-11-03T08:11:08","date_gmt":"2022-11-03T11:11:08","guid":{"rendered":"https:\/\/noticiasemdestaque.com\/cd\/?p=43824"},"modified":"2022-11-03T08:11:08","modified_gmt":"2022-11-03T11:11:08","slug":"prefeito-inacio-nobrega-tem-95-de-aprovacao-em-pesquisa-realizada-no-premio-referencia-2022","status":"publish","type":"post","link":"https:\/\/noticiasemdestaque.com\/cd\/?p=43824","title":{"rendered":"Prefeito In\u00e1cio N\u00f3brega tem 95% de aprova\u00e7\u00e3o em pesquisa realizada no Pr\u00eamio Refer\u00eancia 2022"},"content":{"rendered":"<div><a href=\"https:\/\/noticiasemdestaque.com\/cd\/wp-content\/uploads\/2022\/11\/inacio.jpg\"><img fetchpriority=\"high\" decoding=\"async\" class=\"alignnone  wp-image-43825\" src=\"https:\/\/noticiasemdestaque.com\/cd\/wp-content\/uploads\/2022\/11\/inacio-300x203.jpg\" alt=\"\" width=\"919\" height=\"622\" srcset=\"https:\/\/noticiasemdestaque.com\/cd\/wp-content\/uploads\/2022\/11\/inacio-300x203.jpg 300w, https:\/\/noticiasemdestaque.com\/cd\/wp-content\/uploads\/2022\/11\/inacio-18x12.jpg 18w, https:\/\/noticiasemdestaque.com\/cd\/wp-content\/uploads\/2022\/11\/inacio-414x279.jpg 414w, https:\/\/noticiasemdestaque.com\/cd\/wp-content\/uploads\/2022\/11\/inacio.jpg 640w\" sizes=\"(max-width: 919px) 100vw, 919px\" \/><\/a><\/div>\n<div>O Cariri Em A\u00e7\u00e3o divulgou na manh\u00e3 desta ter\u00e7a-feira (01) o resultado do Pr\u00eamio Refer\u00eancia 2022, a pesquisa foi realizada de forma online.<\/div>\n<div><\/div>\n<div>Os amparenses avaliaram a gest\u00e3o do Prefeito In\u00e1cio N\u00f3brega e 95% da popula\u00e7\u00e3o aprovou a gest\u00e3o do prefeito.<\/div>\n<div>\n<div class=\"separator\"><a href=\"https:\/\/blogger.googleusercontent.com\/img\/b\/R29vZ2xl\/AVvXsEjaSd9_03ws5Se2hdj1rrYeRK69_w5HHAy3Jum985D_43a0Wc0KAqIWmZcoBAbAKqYjN6GqtmrHg74Ii87peZRylELGiV_dQgPe54X_c2tBuoliWJVGvQvUKGsT7oq84ZPK2uaHaF-PXGw4PNaNdv_mst1gkWFVmNKI1mknyltCIRXIcj4JHgApHaFW\/s1181\/APROVA%C3%87%C3%83O%20IN%C3%81CIO.jpg\"><img decoding=\"async\" src=\"https:\/\/blogger.googleusercontent.com\/img\/b\/R29vZ2xl\/AVvXsEjaSd9_03ws5Se2hdj1rrYeRK69_w5HHAy3Jum985D_43a0Wc0KAqIWmZcoBAbAKqYjN6GqtmrHg74Ii87peZRylELGiV_dQgPe54X_c2tBuoliWJVGvQvUKGsT7oq84ZPK2uaHaF-PXGw4PNaNdv_mst1gkWFVmNKI1mknyltCIRXIcj4JHgApHaFW\/w640-h640\/APROVA%C3%87%C3%83O%20IN%C3%81CIO.jpg\" width=\"640\" height=\"640\" border=\"0\" data-original-height=\"1181\" data-original-width=\"1181\" \/><\/a><\/div>\n<\/div>\n<div><\/div>\n<div>A cerim\u00f4nia de premia\u00e7\u00e3o acontecer\u00e1 em tr\u00eas cidades neste ano, sendo em Serra Branca, no dia 25 de novembro, em seguida ser\u00e1 a vez de S\u00e3o Jos\u00e9 do Egito, no dia 03 de dezembro, e finalizando o evento no dia 09 de dezembro, na cidade de Monteiro.<\/div>\n<div><\/div>\n<div><strong>Noticias em Destaque<\/strong><\/div>\n<div style=\"text-align: right;\"><em>Fonte: Amparo Ligado com Cariri em A\u00e7\u00e3o<\/em><\/div>\n","protected":false},"excerpt":{"rendered":"<p>O Cariri Em A\u00e7\u00e3o divulgou na manh\u00e3 desta ter\u00e7a-feira (01) o resultado do Pr\u00eamio Refer\u00eancia 2022, a pesquisa foi realizada de forma online. Os amparenses avaliaram a gest\u00e3o do Prefeito In\u00e1cio N\u00f3brega e 95% da popula\u00e7\u00e3o aprovou a gest\u00e3o do prefeito. A cerim\u00f4nia de premia\u00e7\u00e3o acontecer\u00e1 em tr\u00eas cidades neste ano, sendo em Serra Branca, no dia 25 de novembro, em seguida ser\u00e1 a vez de S\u00e3o Jos\u00e9 do Egito, no dia 03 de dezembro, e finalizando o evento no dia 09 de dezembro, na cidade de Monteiro. Noticias em Destaque Fonte: Amparo Ligado com Cariri em A\u00e7\u00e3o<\/p>\n","protected":false},"author":2,"featured_media":43825,"comment_status":"closed","ping_status":"open","sticky":false,"template":"","format":"standard","meta":{"_eb_attr":"","_jetpack_memberships_contains_paid_content":false,"footnotes":""},"categories":[4],"tags":[],"class_list":["post-43824","post","type-post","status-publish","format-standard","has-post-thumbnail","hentry","category-politica"],"yoast_head":"<!-- This site is optimized with the Yoast SEO plugin v26.5 - https:\/\/yoast.com\/wordpress\/plugins\/seo\/ -->\n<title>Prefeito In\u00e1cio N\u00f3brega tem 95% de aprova\u00e7\u00e3o em pesquisa realizada no Pr\u00eamio Refer\u00eancia 2022 - Not&iacute;cias em Destaque<\/title>\n<meta name=\"robots\" content=\"index, follow, max-snippet:-1, max-image-preview:large, max-video-preview:-1\" \/>\n<link rel=\"canonical\" href=\"https:\/\/noticiasemdestaque.com\/cd\/?p=43824\" \/>\n<meta property=\"og:locale\" content=\"pt_BR\" \/>\n<meta property=\"og:type\" content=\"article\" \/>\n<meta property=\"og:title\" content=\"Prefeito In\u00e1cio N\u00f3brega tem 95% de aprova\u00e7\u00e3o em pesquisa realizada no Pr\u00eamio Refer\u00eancia 2022 - Not&iacute;cias em Destaque\" \/>\n<meta property=\"og:description\" content=\"O Cariri Em A\u00e7\u00e3o divulgou na manh\u00e3 desta ter\u00e7a-feira (01) o resultado do Pr\u00eamio Refer\u00eancia 2022, a pesquisa foi realizada de forma online. Os amparenses avaliaram a gest\u00e3o do Prefeito In\u00e1cio N\u00f3brega e 95% da popula\u00e7\u00e3o aprovou a gest\u00e3o do prefeito. A cerim\u00f4nia de premia\u00e7\u00e3o acontecer\u00e1 em tr\u00eas cidades neste ano, sendo em Serra Branca, no dia 25 de novembro, em seguida ser\u00e1 a vez de S\u00e3o Jos\u00e9 do Egito, no dia 03 de dezembro, e finalizando o evento no dia 09 de dezembro, na cidade de Monteiro. Noticias em Destaque Fonte: Amparo Ligado com Cariri em A\u00e7\u00e3o\" \/>\n<meta property=\"og:url\" content=\"https:\/\/noticiasemdestaque.com\/cd\/?p=43824\" \/>\n<meta property=\"og:site_name\" content=\"Not&iacute;cias em Destaque\" \/>\n<meta property=\"article:published_time\" content=\"2022-11-03T11:11:08+00:00\" \/>\n<meta property=\"og:image\" content=\"https:\/\/noticiasemdestaque.com\/cd\/wp-content\/uploads\/2022\/11\/inacio.jpg\" \/>\n\t<meta property=\"og:image:width\" content=\"640\" \/>\n\t<meta property=\"og:image:height\" content=\"434\" \/>\n\t<meta property=\"og:image:type\" content=\"image\/jpeg\" \/>\n<meta name=\"author\" content=\"Not\u00edcias em Destaque\" \/>\n<meta name=\"twitter:card\" content=\"summary_large_image\" \/>\n<meta name=\"twitter:label1\" content=\"Escrito por\" \/>\n\t<meta name=\"twitter:data1\" content=\"Not\u00edcias em Destaque\" \/>\n\t<meta name=\"twitter:label2\" content=\"Est. tempo de leitura\" \/>\n\t<meta name=\"twitter:data2\" content=\"1 minuto\" \/>\n<script type=\"application\/ld+json\" class=\"yoast-schema-graph\">{\"@context\":\"https:\/\/schema.org\",\"@graph\":[{\"@type\":\"Article\",\"@id\":\"https:\/\/noticiasemdestaque.com\/cd\/?p=43824#article\",\"isPartOf\":{\"@id\":\"https:\/\/noticiasemdestaque.com\/cd\/?p=43824\"},\"author\":{\"name\":\"Not\u00edcias em Destaque\",\"@id\":\"https:\/\/noticiasemdestaque.com\/cd\/#\/schema\/person\/47f7d4f55eec17c6b2ca036c5500f6ce\"},\"headline\":\"Prefeito In\u00e1cio N\u00f3brega tem 95% de aprova\u00e7\u00e3o em pesquisa realizada no Pr\u00eamio Refer\u00eancia 2022\",\"datePublished\":\"2022-11-03T11:11:08+00:00\",\"mainEntityOfPage\":{\"@id\":\"https:\/\/noticiasemdestaque.com\/cd\/?p=43824\"},\"wordCount\":123,\"publisher\":{\"@id\":\"https:\/\/noticiasemdestaque.com\/cd\/#organization\"},\"image\":{\"@id\":\"https:\/\/noticiasemdestaque.com\/cd\/?p=43824#primaryimage\"},\"thumbnailUrl\":\"https:\/\/noticiasemdestaque.com\/cd\/wp-content\/uploads\/2022\/11\/inacio.jpg\",\"articleSection\":[\"Pol\u00edtica\"],\"inLanguage\":\"pt-BR\"},{\"@type\":\"WebPage\",\"@id\":\"https:\/\/noticiasemdestaque.com\/cd\/?p=43824\",\"url\":\"https:\/\/noticiasemdestaque.com\/cd\/?p=43824\",\"name\":\"Prefeito In\u00e1cio N\u00f3brega tem 95% de aprova\u00e7\u00e3o em pesquisa realizada no Pr\u00eamio Refer\u00eancia 2022 - Not&iacute;cias em Destaque\",\"isPartOf\":{\"@id\":\"https:\/\/noticiasemdestaque.com\/cd\/#website\"},\"primaryImageOfPage\":{\"@id\":\"https:\/\/noticiasemdestaque.com\/cd\/?p=43824#primaryimage\"},\"image\":{\"@id\":\"https:\/\/noticiasemdestaque.com\/cd\/?p=43824#primaryimage\"},\"thumbnailUrl\":\"https:\/\/noticiasemdestaque.com\/cd\/wp-content\/uploads\/2022\/11\/inacio.jpg\",\"datePublished\":\"2022-11-03T11:11:08+00:00\",\"breadcrumb\":{\"@id\":\"https:\/\/noticiasemdestaque.com\/cd\/?p=43824#breadcrumb\"},\"inLanguage\":\"pt-BR\",\"potentialAction\":[{\"@type\":\"ReadAction\",\"target\":[\"https:\/\/noticiasemdestaque.com\/cd\/?p=43824\"]}]},{\"@type\":\"ImageObject\",\"inLanguage\":\"pt-BR\",\"@id\":\"https:\/\/noticiasemdestaque.com\/cd\/?p=43824#primaryimage\",\"url\":\"https:\/\/noticiasemdestaque.com\/cd\/wp-content\/uploads\/2022\/11\/inacio.jpg\",\"contentUrl\":\"https:\/\/noticiasemdestaque.com\/cd\/wp-content\/uploads\/2022\/11\/inacio.jpg\",\"width\":640,\"height\":434},{\"@type\":\"BreadcrumbList\",\"@id\":\"https:\/\/noticiasemdestaque.com\/cd\/?p=43824#breadcrumb\",\"itemListElement\":[{\"@type\":\"ListItem\",\"position\":1,\"name\":\"In\u00edcio\",\"item\":\"https:\/\/noticiasemdestaque.com\/cd\/\"},{\"@type\":\"ListItem\",\"position\":2,\"name\":\"Prefeito In\u00e1cio N\u00f3brega tem 95% de aprova\u00e7\u00e3o em pesquisa realizada no Pr\u00eamio Refer\u00eancia 2022\"}]},{\"@type\":\"WebSite\",\"@id\":\"https:\/\/noticiasemdestaque.com\/cd\/#website\",\"url\":\"https:\/\/noticiasemdestaque.com\/cd\/\",\"name\":\"Not&iacute;cias em Destaque\",\"description\":\"\",\"publisher\":{\"@id\":\"https:\/\/noticiasemdestaque.com\/cd\/#organization\"},\"potentialAction\":[{\"@type\":\"SearchAction\",\"target\":{\"@type\":\"EntryPoint\",\"urlTemplate\":\"https:\/\/noticiasemdestaque.com\/cd\/?s={search_term_string}\"},\"query-input\":{\"@type\":\"PropertyValueSpecification\",\"valueRequired\":true,\"valueName\":\"search_term_string\"}}],\"inLanguage\":\"pt-BR\"},{\"@type\":\"Organization\",\"@id\":\"https:\/\/noticiasemdestaque.com\/cd\/#organization\",\"name\":\"Not\u00edcias em Destaque\",\"url\":\"https:\/\/noticiasemdestaque.com\/cd\/\",\"logo\":{\"@type\":\"ImageObject\",\"inLanguage\":\"pt-BR\",\"@id\":\"https:\/\/noticiasemdestaque.com\/cd\/#\/schema\/logo\/image\/\",\"url\":\"https:\/\/noticiasemdestaque.com\/cd\/wp-content\/uploads\/2022\/05\/imagem-base-noticiasemdestaque.png\",\"contentUrl\":\"https:\/\/noticiasemdestaque.com\/cd\/wp-content\/uploads\/2022\/05\/imagem-base-noticiasemdestaque.png\",\"width\":1200,\"height\":630,\"caption\":\"Not\u00edcias em Destaque\"},\"image\":{\"@id\":\"https:\/\/noticiasemdestaque.com\/cd\/#\/schema\/logo\/image\/\"}},{\"@type\":\"Person\",\"@id\":\"https:\/\/noticiasemdestaque.com\/cd\/#\/schema\/person\/47f7d4f55eec17c6b2ca036c5500f6ce\",\"name\":\"Not\u00edcias em Destaque\",\"url\":\"https:\/\/noticiasemdestaque.com\/cd\/?author=2\"}]}<\/script>\n<!-- \/ Yoast SEO plugin. -->","yoast_head_json":{"title":"Prefeito In\u00e1cio N\u00f3brega tem 95% de aprova\u00e7\u00e3o em pesquisa realizada no Pr\u00eamio Refer\u00eancia 2022 - Not&iacute;cias em Destaque","robots":{"index":"index","follow":"follow","max-snippet":"max-snippet:-1","max-image-preview":"max-image-preview:large","max-video-preview":"max-video-preview:-1"},"canonical":"https:\/\/noticiasemdestaque.com\/cd\/?p=43824","og_locale":"pt_BR","og_type":"article","og_title":"Prefeito In\u00e1cio N\u00f3brega tem 95% de aprova\u00e7\u00e3o em pesquisa realizada no Pr\u00eamio Refer\u00eancia 2022 - Not&iacute;cias em Destaque","og_description":"O Cariri Em A\u00e7\u00e3o divulgou na manh\u00e3 desta ter\u00e7a-feira (01) o resultado do Pr\u00eamio Refer\u00eancia 2022, a pesquisa foi realizada de forma online. Os amparenses avaliaram a gest\u00e3o do Prefeito In\u00e1cio N\u00f3brega e 95% da popula\u00e7\u00e3o aprovou a gest\u00e3o do prefeito. A cerim\u00f4nia de premia\u00e7\u00e3o acontecer\u00e1 em tr\u00eas cidades neste ano, sendo em Serra Branca, no dia 25 de novembro, em seguida ser\u00e1 a vez de S\u00e3o Jos\u00e9 do Egito, no dia 03 de dezembro, e finalizando o evento no dia 09 de dezembro, na cidade de Monteiro. Noticias em Destaque Fonte: Amparo Ligado com Cariri em A\u00e7\u00e3o","og_url":"https:\/\/noticiasemdestaque.com\/cd\/?p=43824","og_site_name":"Not&iacute;cias em Destaque","article_published_time":"2022-11-03T11:11:08+00:00","og_image":[{"width":640,"height":434,"url":"https:\/\/noticiasemdestaque.com\/cd\/wp-content\/uploads\/2022\/11\/inacio.jpg","type":"image\/jpeg"}],"author":"Not\u00edcias em Destaque","twitter_card":"summary_large_image","twitter_misc":{"Escrito por":"Not\u00edcias em Destaque","Est. tempo de leitura":"1 minuto"},"schema":{"@context":"https:\/\/schema.org","@graph":[{"@type":"Article","@id":"https:\/\/noticiasemdestaque.com\/cd\/?p=43824#article","isPartOf":{"@id":"https:\/\/noticiasemdestaque.com\/cd\/?p=43824"},"author":{"name":"Not\u00edcias em Destaque","@id":"https:\/\/noticiasemdestaque.com\/cd\/#\/schema\/person\/47f7d4f55eec17c6b2ca036c5500f6ce"},"headline":"Prefeito In\u00e1cio N\u00f3brega tem 95% de aprova\u00e7\u00e3o em pesquisa realizada no Pr\u00eamio Refer\u00eancia 2022","datePublished":"2022-11-03T11:11:08+00:00","mainEntityOfPage":{"@id":"https:\/\/noticiasemdestaque.com\/cd\/?p=43824"},"wordCount":123,"publisher":{"@id":"https:\/\/noticiasemdestaque.com\/cd\/#organization"},"image":{"@id":"https:\/\/noticiasemdestaque.com\/cd\/?p=43824#primaryimage"},"thumbnailUrl":"https:\/\/noticiasemdestaque.com\/cd\/wp-content\/uploads\/2022\/11\/inacio.jpg","articleSection":["Pol\u00edtica"],"inLanguage":"pt-BR"},{"@type":"WebPage","@id":"https:\/\/noticiasemdestaque.com\/cd\/?p=43824","url":"https:\/\/noticiasemdestaque.com\/cd\/?p=43824","name":"Prefeito In\u00e1cio N\u00f3brega tem 95% de aprova\u00e7\u00e3o em pesquisa realizada no Pr\u00eamio Refer\u00eancia 2022 - Not&iacute;cias em Destaque","isPartOf":{"@id":"https:\/\/noticiasemdestaque.com\/cd\/#website"},"primaryImageOfPage":{"@id":"https:\/\/noticiasemdestaque.com\/cd\/?p=43824#primaryimage"},"image":{"@id":"https:\/\/noticiasemdestaque.com\/cd\/?p=43824#primaryimage"},"thumbnailUrl":"https:\/\/noticiasemdestaque.com\/cd\/wp-content\/uploads\/2022\/11\/inacio.jpg","datePublished":"2022-11-03T11:11:08+00:00","breadcrumb":{"@id":"https:\/\/noticiasemdestaque.com\/cd\/?p=43824#breadcrumb"},"inLanguage":"pt-BR","potentialAction":[{"@type":"ReadAction","target":["https:\/\/noticiasemdestaque.com\/cd\/?p=43824"]}]},{"@type":"ImageObject","inLanguage":"pt-BR","@id":"https:\/\/noticiasemdestaque.com\/cd\/?p=43824#primaryimage","url":"https:\/\/noticiasemdestaque.com\/cd\/wp-content\/uploads\/2022\/11\/inacio.jpg","contentUrl":"https:\/\/noticiasemdestaque.com\/cd\/wp-content\/uploads\/2022\/11\/inacio.jpg","width":640,"height":434},{"@type":"BreadcrumbList","@id":"https:\/\/noticiasemdestaque.com\/cd\/?p=43824#breadcrumb","itemListElement":[{"@type":"ListItem","position":1,"name":"In\u00edcio","item":"https:\/\/noticiasemdestaque.com\/cd\/"},{"@type":"ListItem","position":2,"name":"Prefeito In\u00e1cio N\u00f3brega tem 95% de aprova\u00e7\u00e3o em pesquisa realizada no Pr\u00eamio Refer\u00eancia 2022"}]},{"@type":"WebSite","@id":"https:\/\/noticiasemdestaque.com\/cd\/#website","url":"https:\/\/noticiasemdestaque.com\/cd\/","name":"Not&iacute;cias em Destaque","description":"","publisher":{"@id":"https:\/\/noticiasemdestaque.com\/cd\/#organization"},"potentialAction":[{"@type":"SearchAction","target":{"@type":"EntryPoint","urlTemplate":"https:\/\/noticiasemdestaque.com\/cd\/?s={search_term_string}"},"query-input":{"@type":"PropertyValueSpecification","valueRequired":true,"valueName":"search_term_string"}}],"inLanguage":"pt-BR"},{"@type":"Organization","@id":"https:\/\/noticiasemdestaque.com\/cd\/#organization","name":"Not\u00edcias em Destaque","url":"https:\/\/noticiasemdestaque.com\/cd\/","logo":{"@type":"ImageObject","inLanguage":"pt-BR","@id":"https:\/\/noticiasemdestaque.com\/cd\/#\/schema\/logo\/image\/","url":"https:\/\/noticiasemdestaque.com\/cd\/wp-content\/uploads\/2022\/05\/imagem-base-noticiasemdestaque.png","contentUrl":"https:\/\/noticiasemdestaque.com\/cd\/wp-content\/uploads\/2022\/05\/imagem-base-noticiasemdestaque.png","width":1200,"height":630,"caption":"Not\u00edcias em Destaque"},"image":{"@id":"https:\/\/noticiasemdestaque.com\/cd\/#\/schema\/logo\/image\/"}},{"@type":"Person","@id":"https:\/\/noticiasemdestaque.com\/cd\/#\/schema\/person\/47f7d4f55eec17c6b2ca036c5500f6ce","name":"Not\u00edcias em Destaque","url":"https:\/\/noticiasemdestaque.com\/cd\/?author=2"}]}},"jetpack_featured_media_url":"https:\/\/noticiasemdestaque.com\/cd\/wp-content\/uploads\/2022\/11\/inacio.jpg","jetpack_sharing_enabled":true,"_links":{"self":[{"href":"https:\/\/noticiasemdestaque.com\/cd\/index.php?rest_route=\/wp\/v2\/posts\/43824","targetHints":{"allow":["GET"]}}],"collection":[{"href":"https:\/\/noticiasemdestaque.com\/cd\/index.php?rest_route=\/wp\/v2\/posts"}],"about":[{"href":"https:\/\/noticiasemdestaque.com\/cd\/index.php?rest_route=\/wp\/v2\/types\/post"}],"author":[{"embeddable":true,"href":"https:\/\/noticiasemdestaque.com\/cd\/index.php?rest_route=\/wp\/v2\/users\/2"}],"replies":[{"embeddable":true,"href":"https:\/\/noticiasemdestaque.com\/cd\/index.php?rest_route=%2Fwp%2Fv2%2Fcomments&post=43824"}],"version-history":[{"count":1,"href":"https:\/\/noticiasemdestaque.com\/cd\/index.php?rest_route=\/wp\/v2\/posts\/43824\/revisions"}],"predecessor-version":[{"id":43826,"href":"https:\/\/noticiasemdestaque.com\/cd\/index.php?rest_route=\/wp\/v2\/posts\/43824\/revisions\/43826"}],"wp:featuredmedia":[{"embeddable":true,"href":"https:\/\/noticiasemdestaque.com\/cd\/index.php?rest_route=\/wp\/v2\/media\/43825"}],"wp:attachment":[{"href":"https:\/\/noticiasemdestaque.com\/cd\/index.php?rest_route=%2Fwp%2Fv2%2Fmedia&parent=43824"}],"wp:term":[{"taxonomy":"category","embeddable":true,"href":"https:\/\/noticiasemdestaque.com\/cd\/index.php?rest_route=%2Fwp%2Fv2%2Fcategories&post=43824"},{"taxonomy":"post_tag","embeddable":true,"href":"https:\/\/noticiasemdestaque.com\/cd\/index.php?rest_route=%2Fwp%2Fv2%2Ftags&post=43824"}],"curies":[{"name":"wp","href":"https:\/\/api.w.org\/{rel}","templated":true}]}}