{"id":43770,"date":"2022-10-31T20:21:20","date_gmt":"2022-10-31T23:21:20","guid":{"rendered":"https:\/\/noticiasemdestaque.com\/cd\/?p=43770"},"modified":"2022-10-31T20:21:20","modified_gmt":"2022-10-31T23:21:20","slug":"prefeito-felicio-queiroz-mostra-forca-em-sao-jose-dos-cordeiros-e-joao-azevedo-tem-8303-dos-votos-no-municipio","status":"publish","type":"post","link":"https:\/\/noticiasemdestaque.com\/cd\/?p=43770","title":{"rendered":"Prefeito Fel\u00edcio Queiroz mostra for\u00e7a em S\u00e3o Jos\u00e9 dos Cordeiros e Jo\u00e3o Azev\u00eado tem 83,03% dos votos no munic\u00edpio"},"content":{"rendered":"<p><a href=\"https:\/\/noticiasemdestaque.com\/cd\/wp-content\/uploads\/2022\/10\/313404178_5405682846196642_6885202523049627367_n.jpg\"><img fetchpriority=\"high\" decoding=\"async\" class=\"size-medium wp-image-43771 aligncenter\" src=\"https:\/\/noticiasemdestaque.com\/cd\/wp-content\/uploads\/2022\/10\/313404178_5405682846196642_6885202523049627367_n-300x288.jpg\" alt=\"\" width=\"300\" height=\"288\" srcset=\"https:\/\/noticiasemdestaque.com\/cd\/wp-content\/uploads\/2022\/10\/313404178_5405682846196642_6885202523049627367_n-300x288.jpg 300w, https:\/\/noticiasemdestaque.com\/cd\/wp-content\/uploads\/2022\/10\/313404178_5405682846196642_6885202523049627367_n-12x12.jpg 12w, https:\/\/noticiasemdestaque.com\/cd\/wp-content\/uploads\/2022\/10\/313404178_5405682846196642_6885202523049627367_n.jpg 686w\" sizes=\"(max-width: 300px) 100vw, 300px\" \/><\/a><\/p>\n<p>S\u00e3o Jos\u00e9 dos Cordeiros (PB) definiu os votos para presidente e governador no segundo turno das elei\u00e7\u00f5es 2022, realizado neste domingo (30).<\/p>\n<p>Lula (PT) foi o candidato mais votado para a Presid\u00eancia da Rep\u00fablica em S\u00e3o Jos\u00e9 dos Cordeiros (PB). Ele recebeu 2.165 votos, o equivalente a 82,98% do total da cidade. J\u00e1 Jair Bolsonaro (PL) foi a escolha de 17,02% dos eleitores e recebeu 444 votos<\/p>\n<p>Lula teve mais n\u00famero de votos que no primeiro turno, quando recebeu 2.150 (80,92%). Jair Bolsonaro recebeu mais n\u00famero de votos que no outro pleito, em que registrou 405 votos, o equivalente a 15,24%.<\/p>\n<p>Ao todo, 6,32% dos eleitores do munic\u00edpio votaram branco ou nulo para presidente<\/p>\n<p>Para o cargo de governador da PB, Jo\u00e3o (PSB), apoiado pelo grupo do prefeito Fel\u00edcio Queiroz, recebeu mais votos em S\u00e3o Jos\u00e9 dos Cordeiros (PB). Foram 2.113 votos (83,03% do total da cidade). Seu advers\u00e1rio, Pedro Cunha Lima (PSDB), teve a prefer\u00eancia de 16,97% dos eleitores e registrou 432 votos.<\/p>\n<p>Os votos brancos e nulos para governador da PB somaram 8,62% do total no munic\u00edpio.<\/p>\n<p>Ao todo, 19,42% dos eleitores aptos a votar no munic\u00edpio n\u00e3o compareceram \u00e0s urnas.<\/p>\n<p><strong><em>Not\u00edcias em Destaque<\/em><\/strong><\/p>\n<p>Com G1<\/p>\n","protected":false},"excerpt":{"rendered":"<p>S\u00e3o Jos\u00e9 dos Cordeiros (PB) definiu os votos para presidente e governador no segundo turno das elei\u00e7\u00f5es 2022, realizado neste domingo (30). Lula (PT) foi o candidato mais votado para a Presid\u00eancia da Rep\u00fablica em S\u00e3o Jos\u00e9 dos Cordeiros (PB). Ele recebeu 2.165 votos, o equivalente a 82,98% do total da cidade. J\u00e1 Jair Bolsonaro (PL) foi a escolha de 17,02% dos eleitores e recebeu 444 votos Lula teve mais n\u00famero de votos que no primeiro turno, quando recebeu 2.150 (80,92%). Jair Bolsonaro recebeu mais n\u00famero de votos que no outro pleito, em que registrou 405 votos, o equivalente a 15,24%. Ao todo, 6,32% dos eleitores do munic\u00edpio votaram branco ou nulo para presidente Para o cargo de governador da PB, Jo\u00e3o (PSB), apoiado pelo grupo do prefeito Fel\u00edcio Queiroz, recebeu mais votos em S\u00e3o Jos\u00e9 dos Cordeiros (PB). Foram 2.113 votos (83,03% do total da cidade). Seu advers\u00e1rio, Pedro Cunha Lima (PSDB), teve a prefer\u00eancia de 16,97% dos eleitores e registrou 432 votos. Os votos brancos e nulos para governador da PB somaram 8,62% do total no munic\u00edpio. Ao todo, 19,42% dos eleitores aptos a votar no munic\u00edpio n\u00e3o compareceram \u00e0s urnas. Not\u00edcias em Destaque Com G1<\/p>\n","protected":false},"author":2,"featured_media":43771,"comment_status":"closed","ping_status":"open","sticky":false,"template":"","format":"standard","meta":{"_eb_attr":"","_jetpack_memberships_contains_paid_content":false,"footnotes":""},"categories":[3],"tags":[],"class_list":["post-43770","post","type-post","status-publish","format-standard","has-post-thumbnail","hentry","category-cidades"],"yoast_head":"<!-- This site is optimized with the Yoast SEO plugin v26.5 - https:\/\/yoast.com\/wordpress\/plugins\/seo\/ -->\n<title>Prefeito Fel\u00edcio Queiroz mostra for\u00e7a em S\u00e3o Jos\u00e9 dos Cordeiros e Jo\u00e3o Azev\u00eado tem 83,03% dos votos no munic\u00edpio - Not&iacute;cias em Destaque<\/title>\n<meta name=\"robots\" content=\"index, follow, max-snippet:-1, max-image-preview:large, max-video-preview:-1\" \/>\n<link rel=\"canonical\" href=\"https:\/\/noticiasemdestaque.com\/cd\/?p=43770\" \/>\n<meta property=\"og:locale\" content=\"pt_BR\" \/>\n<meta property=\"og:type\" content=\"article\" \/>\n<meta property=\"og:title\" content=\"Prefeito Fel\u00edcio Queiroz mostra for\u00e7a em S\u00e3o Jos\u00e9 dos Cordeiros e Jo\u00e3o Azev\u00eado tem 83,03% dos votos no munic\u00edpio - Not&iacute;cias em Destaque\" \/>\n<meta property=\"og:description\" content=\"S\u00e3o Jos\u00e9 dos Cordeiros (PB) definiu os votos para presidente e governador no segundo turno das elei\u00e7\u00f5es 2022, realizado neste domingo (30). Lula (PT) foi o candidato mais votado para a Presid\u00eancia da Rep\u00fablica em S\u00e3o Jos\u00e9 dos Cordeiros (PB). Ele recebeu 2.165 votos, o equivalente a 82,98% do total da cidade. J\u00e1 Jair Bolsonaro (PL) foi a escolha de 17,02% dos eleitores e recebeu 444 votos Lula teve mais n\u00famero de votos que no primeiro turno, quando recebeu 2.150 (80,92%). Jair Bolsonaro recebeu mais n\u00famero de votos que no outro pleito, em que registrou 405 votos, o equivalente a 15,24%. Ao todo, 6,32% dos eleitores do munic\u00edpio votaram branco ou nulo para presidente Para o cargo de governador da PB, Jo\u00e3o (PSB), apoiado pelo grupo do prefeito Fel\u00edcio Queiroz, recebeu mais votos em S\u00e3o Jos\u00e9 dos Cordeiros (PB). Foram 2.113 votos (83,03% do total da cidade). Seu advers\u00e1rio, Pedro Cunha Lima (PSDB), teve a prefer\u00eancia de 16,97% dos eleitores e registrou 432 votos. Os votos brancos e nulos para governador da PB somaram 8,62% do total no munic\u00edpio. Ao todo, 19,42% dos eleitores aptos a votar no munic\u00edpio n\u00e3o compareceram \u00e0s urnas. Not\u00edcias em Destaque Com G1\" \/>\n<meta property=\"og:url\" content=\"https:\/\/noticiasemdestaque.com\/cd\/?p=43770\" \/>\n<meta property=\"og:site_name\" content=\"Not&iacute;cias em Destaque\" \/>\n<meta property=\"article:published_time\" content=\"2022-10-31T23:21:20+00:00\" \/>\n<meta property=\"og:image\" content=\"https:\/\/noticiasemdestaque.com\/cd\/wp-content\/uploads\/2022\/10\/313404178_5405682846196642_6885202523049627367_n.jpg\" \/>\n\t<meta property=\"og:image:width\" content=\"686\" \/>\n\t<meta property=\"og:image:height\" content=\"659\" \/>\n\t<meta property=\"og:image:type\" content=\"image\/jpeg\" \/>\n<meta name=\"author\" content=\"Not\u00edcias em Destaque\" \/>\n<meta name=\"twitter:card\" content=\"summary_large_image\" \/>\n<meta name=\"twitter:label1\" content=\"Escrito por\" \/>\n\t<meta name=\"twitter:data1\" content=\"Not\u00edcias em Destaque\" \/>\n\t<meta name=\"twitter:label2\" content=\"Est. tempo de leitura\" \/>\n\t<meta name=\"twitter:data2\" content=\"2 minutos\" \/>\n<script type=\"application\/ld+json\" class=\"yoast-schema-graph\">{\"@context\":\"https:\/\/schema.org\",\"@graph\":[{\"@type\":\"Article\",\"@id\":\"https:\/\/noticiasemdestaque.com\/cd\/?p=43770#article\",\"isPartOf\":{\"@id\":\"https:\/\/noticiasemdestaque.com\/cd\/?p=43770\"},\"author\":{\"name\":\"Not\u00edcias em Destaque\",\"@id\":\"https:\/\/noticiasemdestaque.com\/cd\/#\/schema\/person\/45ca272b3e1246ef14ebb78a48dbb218\"},\"headline\":\"Prefeito Fel\u00edcio Queiroz mostra for\u00e7a em S\u00e3o Jos\u00e9 dos Cordeiros e Jo\u00e3o Azev\u00eado tem 83,03% dos votos no munic\u00edpio\",\"datePublished\":\"2022-10-31T23:21:20+00:00\",\"mainEntityOfPage\":{\"@id\":\"https:\/\/noticiasemdestaque.com\/cd\/?p=43770\"},\"wordCount\":222,\"publisher\":{\"@id\":\"https:\/\/noticiasemdestaque.com\/cd\/#organization\"},\"image\":{\"@id\":\"https:\/\/noticiasemdestaque.com\/cd\/?p=43770#primaryimage\"},\"thumbnailUrl\":\"https:\/\/noticiasemdestaque.com\/cd\/wp-content\/uploads\/2022\/10\/313404178_5405682846196642_6885202523049627367_n.jpg\",\"articleSection\":[\"Cidades\"],\"inLanguage\":\"pt-BR\"},{\"@type\":\"WebPage\",\"@id\":\"https:\/\/noticiasemdestaque.com\/cd\/?p=43770\",\"url\":\"https:\/\/noticiasemdestaque.com\/cd\/?p=43770\",\"name\":\"Prefeito Fel\u00edcio Queiroz mostra for\u00e7a em S\u00e3o Jos\u00e9 dos Cordeiros e Jo\u00e3o Azev\u00eado tem 83,03% dos votos no munic\u00edpio - Not&iacute;cias em Destaque\",\"isPartOf\":{\"@id\":\"https:\/\/noticiasemdestaque.com\/cd\/#website\"},\"primaryImageOfPage\":{\"@id\":\"https:\/\/noticiasemdestaque.com\/cd\/?p=43770#primaryimage\"},\"image\":{\"@id\":\"https:\/\/noticiasemdestaque.com\/cd\/?p=43770#primaryimage\"},\"thumbnailUrl\":\"https:\/\/noticiasemdestaque.com\/cd\/wp-content\/uploads\/2022\/10\/313404178_5405682846196642_6885202523049627367_n.jpg\",\"datePublished\":\"2022-10-31T23:21:20+00:00\",\"breadcrumb\":{\"@id\":\"https:\/\/noticiasemdestaque.com\/cd\/?p=43770#breadcrumb\"},\"inLanguage\":\"pt-BR\",\"potentialAction\":[{\"@type\":\"ReadAction\",\"target\":[\"https:\/\/noticiasemdestaque.com\/cd\/?p=43770\"]}]},{\"@type\":\"ImageObject\",\"inLanguage\":\"pt-BR\",\"@id\":\"https:\/\/noticiasemdestaque.com\/cd\/?p=43770#primaryimage\",\"url\":\"https:\/\/noticiasemdestaque.com\/cd\/wp-content\/uploads\/2022\/10\/313404178_5405682846196642_6885202523049627367_n.jpg\",\"contentUrl\":\"https:\/\/noticiasemdestaque.com\/cd\/wp-content\/uploads\/2022\/10\/313404178_5405682846196642_6885202523049627367_n.jpg\",\"width\":686,\"height\":659},{\"@type\":\"BreadcrumbList\",\"@id\":\"https:\/\/noticiasemdestaque.com\/cd\/?p=43770#breadcrumb\",\"itemListElement\":[{\"@type\":\"ListItem\",\"position\":1,\"name\":\"In\u00edcio\",\"item\":\"https:\/\/noticiasemdestaque.com\/cd\/\"},{\"@type\":\"ListItem\",\"position\":2,\"name\":\"Prefeito Fel\u00edcio Queiroz mostra for\u00e7a em S\u00e3o Jos\u00e9 dos Cordeiros e Jo\u00e3o Azev\u00eado tem 83,03% dos votos no munic\u00edpio\"}]},{\"@type\":\"WebSite\",\"@id\":\"https:\/\/noticiasemdestaque.com\/cd\/#website\",\"url\":\"https:\/\/noticiasemdestaque.com\/cd\/\",\"name\":\"Not&iacute;cias em Destaque\",\"description\":\"\",\"publisher\":{\"@id\":\"https:\/\/noticiasemdestaque.com\/cd\/#organization\"},\"potentialAction\":[{\"@type\":\"SearchAction\",\"target\":{\"@type\":\"EntryPoint\",\"urlTemplate\":\"https:\/\/noticiasemdestaque.com\/cd\/?s={search_term_string}\"},\"query-input\":{\"@type\":\"PropertyValueSpecification\",\"valueRequired\":true,\"valueName\":\"search_term_string\"}}],\"inLanguage\":\"pt-BR\"},{\"@type\":\"Organization\",\"@id\":\"https:\/\/noticiasemdestaque.com\/cd\/#organization\",\"name\":\"Not\u00edcias em Destaque\",\"url\":\"https:\/\/noticiasemdestaque.com\/cd\/\",\"logo\":{\"@type\":\"ImageObject\",\"inLanguage\":\"pt-BR\",\"@id\":\"https:\/\/noticiasemdestaque.com\/cd\/#\/schema\/logo\/image\/\",\"url\":\"https:\/\/noticiasemdestaque.com\/cd\/wp-content\/uploads\/2022\/05\/imagem-base-noticiasemdestaque.png\",\"contentUrl\":\"https:\/\/noticiasemdestaque.com\/cd\/wp-content\/uploads\/2022\/05\/imagem-base-noticiasemdestaque.png\",\"width\":1200,\"height\":630,\"caption\":\"Not\u00edcias em Destaque\"},\"image\":{\"@id\":\"https:\/\/noticiasemdestaque.com\/cd\/#\/schema\/logo\/image\/\"}},{\"@type\":\"Person\",\"@id\":\"https:\/\/noticiasemdestaque.com\/cd\/#\/schema\/person\/45ca272b3e1246ef14ebb78a48dbb218\",\"name\":\"Not\u00edcias em Destaque\",\"url\":\"https:\/\/noticiasemdestaque.com\/cd\/?author=2\"}]}<\/script>\n<!-- \/ Yoast SEO plugin. -->","yoast_head_json":{"title":"Prefeito Fel\u00edcio Queiroz mostra for\u00e7a em S\u00e3o Jos\u00e9 dos Cordeiros e Jo\u00e3o Azev\u00eado tem 83,03% dos votos no munic\u00edpio - Not&iacute;cias em Destaque","robots":{"index":"index","follow":"follow","max-snippet":"max-snippet:-1","max-image-preview":"max-image-preview:large","max-video-preview":"max-video-preview:-1"},"canonical":"https:\/\/noticiasemdestaque.com\/cd\/?p=43770","og_locale":"pt_BR","og_type":"article","og_title":"Prefeito Fel\u00edcio Queiroz mostra for\u00e7a em S\u00e3o Jos\u00e9 dos Cordeiros e Jo\u00e3o Azev\u00eado tem 83,03% dos votos no munic\u00edpio - Not&iacute;cias em Destaque","og_description":"S\u00e3o Jos\u00e9 dos Cordeiros (PB) definiu os votos para presidente e governador no segundo turno das elei\u00e7\u00f5es 2022, realizado neste domingo (30). Lula (PT) foi o candidato mais votado para a Presid\u00eancia da Rep\u00fablica em S\u00e3o Jos\u00e9 dos Cordeiros (PB). Ele recebeu 2.165 votos, o equivalente a 82,98% do total da cidade. J\u00e1 Jair Bolsonaro (PL) foi a escolha de 17,02% dos eleitores e recebeu 444 votos Lula teve mais n\u00famero de votos que no primeiro turno, quando recebeu 2.150 (80,92%). Jair Bolsonaro recebeu mais n\u00famero de votos que no outro pleito, em que registrou 405 votos, o equivalente a 15,24%. Ao todo, 6,32% dos eleitores do munic\u00edpio votaram branco ou nulo para presidente Para o cargo de governador da PB, Jo\u00e3o (PSB), apoiado pelo grupo do prefeito Fel\u00edcio Queiroz, recebeu mais votos em S\u00e3o Jos\u00e9 dos Cordeiros (PB). Foram 2.113 votos (83,03% do total da cidade). Seu advers\u00e1rio, Pedro Cunha Lima (PSDB), teve a prefer\u00eancia de 16,97% dos eleitores e registrou 432 votos. Os votos brancos e nulos para governador da PB somaram 8,62% do total no munic\u00edpio. Ao todo, 19,42% dos eleitores aptos a votar no munic\u00edpio n\u00e3o compareceram \u00e0s urnas. Not\u00edcias em Destaque Com G1","og_url":"https:\/\/noticiasemdestaque.com\/cd\/?p=43770","og_site_name":"Not&iacute;cias em Destaque","article_published_time":"2022-10-31T23:21:20+00:00","og_image":[{"width":686,"height":659,"url":"https:\/\/noticiasemdestaque.com\/cd\/wp-content\/uploads\/2022\/10\/313404178_5405682846196642_6885202523049627367_n.jpg","type":"image\/jpeg"}],"author":"Not\u00edcias em Destaque","twitter_card":"summary_large_image","twitter_misc":{"Escrito por":"Not\u00edcias em Destaque","Est. tempo de leitura":"2 minutos"},"schema":{"@context":"https:\/\/schema.org","@graph":[{"@type":"Article","@id":"https:\/\/noticiasemdestaque.com\/cd\/?p=43770#article","isPartOf":{"@id":"https:\/\/noticiasemdestaque.com\/cd\/?p=43770"},"author":{"name":"Not\u00edcias em Destaque","@id":"https:\/\/noticiasemdestaque.com\/cd\/#\/schema\/person\/45ca272b3e1246ef14ebb78a48dbb218"},"headline":"Prefeito Fel\u00edcio Queiroz mostra for\u00e7a em S\u00e3o Jos\u00e9 dos Cordeiros e Jo\u00e3o Azev\u00eado tem 83,03% dos votos no munic\u00edpio","datePublished":"2022-10-31T23:21:20+00:00","mainEntityOfPage":{"@id":"https:\/\/noticiasemdestaque.com\/cd\/?p=43770"},"wordCount":222,"publisher":{"@id":"https:\/\/noticiasemdestaque.com\/cd\/#organization"},"image":{"@id":"https:\/\/noticiasemdestaque.com\/cd\/?p=43770#primaryimage"},"thumbnailUrl":"https:\/\/noticiasemdestaque.com\/cd\/wp-content\/uploads\/2022\/10\/313404178_5405682846196642_6885202523049627367_n.jpg","articleSection":["Cidades"],"inLanguage":"pt-BR"},{"@type":"WebPage","@id":"https:\/\/noticiasemdestaque.com\/cd\/?p=43770","url":"https:\/\/noticiasemdestaque.com\/cd\/?p=43770","name":"Prefeito Fel\u00edcio Queiroz mostra for\u00e7a em S\u00e3o Jos\u00e9 dos Cordeiros e Jo\u00e3o Azev\u00eado tem 83,03% dos votos no munic\u00edpio - Not&iacute;cias em Destaque","isPartOf":{"@id":"https:\/\/noticiasemdestaque.com\/cd\/#website"},"primaryImageOfPage":{"@id":"https:\/\/noticiasemdestaque.com\/cd\/?p=43770#primaryimage"},"image":{"@id":"https:\/\/noticiasemdestaque.com\/cd\/?p=43770#primaryimage"},"thumbnailUrl":"https:\/\/noticiasemdestaque.com\/cd\/wp-content\/uploads\/2022\/10\/313404178_5405682846196642_6885202523049627367_n.jpg","datePublished":"2022-10-31T23:21:20+00:00","breadcrumb":{"@id":"https:\/\/noticiasemdestaque.com\/cd\/?p=43770#breadcrumb"},"inLanguage":"pt-BR","potentialAction":[{"@type":"ReadAction","target":["https:\/\/noticiasemdestaque.com\/cd\/?p=43770"]}]},{"@type":"ImageObject","inLanguage":"pt-BR","@id":"https:\/\/noticiasemdestaque.com\/cd\/?p=43770#primaryimage","url":"https:\/\/noticiasemdestaque.com\/cd\/wp-content\/uploads\/2022\/10\/313404178_5405682846196642_6885202523049627367_n.jpg","contentUrl":"https:\/\/noticiasemdestaque.com\/cd\/wp-content\/uploads\/2022\/10\/313404178_5405682846196642_6885202523049627367_n.jpg","width":686,"height":659},{"@type":"BreadcrumbList","@id":"https:\/\/noticiasemdestaque.com\/cd\/?p=43770#breadcrumb","itemListElement":[{"@type":"ListItem","position":1,"name":"In\u00edcio","item":"https:\/\/noticiasemdestaque.com\/cd\/"},{"@type":"ListItem","position":2,"name":"Prefeito Fel\u00edcio Queiroz mostra for\u00e7a em S\u00e3o Jos\u00e9 dos Cordeiros e Jo\u00e3o Azev\u00eado tem 83,03% dos votos no munic\u00edpio"}]},{"@type":"WebSite","@id":"https:\/\/noticiasemdestaque.com\/cd\/#website","url":"https:\/\/noticiasemdestaque.com\/cd\/","name":"Not&iacute;cias em Destaque","description":"","publisher":{"@id":"https:\/\/noticiasemdestaque.com\/cd\/#organization"},"potentialAction":[{"@type":"SearchAction","target":{"@type":"EntryPoint","urlTemplate":"https:\/\/noticiasemdestaque.com\/cd\/?s={search_term_string}"},"query-input":{"@type":"PropertyValueSpecification","valueRequired":true,"valueName":"search_term_string"}}],"inLanguage":"pt-BR"},{"@type":"Organization","@id":"https:\/\/noticiasemdestaque.com\/cd\/#organization","name":"Not\u00edcias em Destaque","url":"https:\/\/noticiasemdestaque.com\/cd\/","logo":{"@type":"ImageObject","inLanguage":"pt-BR","@id":"https:\/\/noticiasemdestaque.com\/cd\/#\/schema\/logo\/image\/","url":"https:\/\/noticiasemdestaque.com\/cd\/wp-content\/uploads\/2022\/05\/imagem-base-noticiasemdestaque.png","contentUrl":"https:\/\/noticiasemdestaque.com\/cd\/wp-content\/uploads\/2022\/05\/imagem-base-noticiasemdestaque.png","width":1200,"height":630,"caption":"Not\u00edcias em Destaque"},"image":{"@id":"https:\/\/noticiasemdestaque.com\/cd\/#\/schema\/logo\/image\/"}},{"@type":"Person","@id":"https:\/\/noticiasemdestaque.com\/cd\/#\/schema\/person\/45ca272b3e1246ef14ebb78a48dbb218","name":"Not\u00edcias em Destaque","url":"https:\/\/noticiasemdestaque.com\/cd\/?author=2"}]}},"jetpack_featured_media_url":"https:\/\/noticiasemdestaque.com\/cd\/wp-content\/uploads\/2022\/10\/313404178_5405682846196642_6885202523049627367_n.jpg","jetpack_sharing_enabled":true,"_links":{"self":[{"href":"https:\/\/noticiasemdestaque.com\/cd\/index.php?rest_route=\/wp\/v2\/posts\/43770","targetHints":{"allow":["GET"]}}],"collection":[{"href":"https:\/\/noticiasemdestaque.com\/cd\/index.php?rest_route=\/wp\/v2\/posts"}],"about":[{"href":"https:\/\/noticiasemdestaque.com\/cd\/index.php?rest_route=\/wp\/v2\/types\/post"}],"author":[{"embeddable":true,"href":"https:\/\/noticiasemdestaque.com\/cd\/index.php?rest_route=\/wp\/v2\/users\/2"}],"replies":[{"embeddable":true,"href":"https:\/\/noticiasemdestaque.com\/cd\/index.php?rest_route=%2Fwp%2Fv2%2Fcomments&post=43770"}],"version-history":[{"count":1,"href":"https:\/\/noticiasemdestaque.com\/cd\/index.php?rest_route=\/wp\/v2\/posts\/43770\/revisions"}],"predecessor-version":[{"id":43772,"href":"https:\/\/noticiasemdestaque.com\/cd\/index.php?rest_route=\/wp\/v2\/posts\/43770\/revisions\/43772"}],"wp:featuredmedia":[{"embeddable":true,"href":"https:\/\/noticiasemdestaque.com\/cd\/index.php?rest_route=\/wp\/v2\/media\/43771"}],"wp:attachment":[{"href":"https:\/\/noticiasemdestaque.com\/cd\/index.php?rest_route=%2Fwp%2Fv2%2Fmedia&parent=43770"}],"wp:term":[{"taxonomy":"category","embeddable":true,"href":"https:\/\/noticiasemdestaque.com\/cd\/index.php?rest_route=%2Fwp%2Fv2%2Fcategories&post=43770"},{"taxonomy":"post_tag","embeddable":true,"href":"https:\/\/noticiasemdestaque.com\/cd\/index.php?rest_route=%2Fwp%2Fv2%2Ftags&post=43770"}],"curies":[{"name":"wp","href":"https:\/\/api.w.org\/{rel}","templated":true}]}}