{"id":43764,"date":"2022-10-31T20:04:32","date_gmt":"2022-10-31T23:04:32","guid":{"rendered":"https:\/\/noticiasemdestaque.com\/cd\/?p=43764"},"modified":"2022-10-31T20:13:59","modified_gmt":"2022-10-31T23:13:59","slug":"na-cidade-de-amparo-joao-azevedo-e-lula-vencem-com-folga-no-2o-turno","status":"publish","type":"post","link":"https:\/\/noticiasemdestaque.com\/cd\/?p=43764","title":{"rendered":"Na cidade de Amparo, Jo\u00e3o Azev\u00eado e Lula vencem com folga no 2\u00ba turno"},"content":{"rendered":"<div id=\"post-body\" class=\"post-body entry-content\">\n<div><a href=\"https:\/\/noticiasemdestaque.com\/cd\/wp-content\/uploads\/2022\/10\/Lula_Joao-740x414-1.jpg\"><img fetchpriority=\"high\" decoding=\"async\" class=\"wp-image-43765 size-full aligncenter\" src=\"https:\/\/noticiasemdestaque.com\/cd\/wp-content\/uploads\/2022\/10\/Lula_Joao-740x414-1.jpg\" alt=\"\" width=\"640\" height=\"358\" srcset=\"https:\/\/noticiasemdestaque.com\/cd\/wp-content\/uploads\/2022\/10\/Lula_Joao-740x414-1.jpg 640w, https:\/\/noticiasemdestaque.com\/cd\/wp-content\/uploads\/2022\/10\/Lula_Joao-740x414-1-300x168.jpg 300w, https:\/\/noticiasemdestaque.com\/cd\/wp-content\/uploads\/2022\/10\/Lula_Joao-740x414-1-18x10.jpg 18w\" sizes=\"(max-width: 640px) 100vw, 640px\" \/><\/a><\/div>\n<div><\/div>\n<div>\n<p>Os eleitores de todo o Brasil foram as urnas nesse domingo para escolher quem ser\u00e1 o presidente do Pa\u00eds a partir de 01 de janeiro de 2023 e em alguns estados tamb\u00e9m tivemos o 2\u00ba turno para escolha do governador.<\/p>\n<p>Com o apoio do Grupo Pol\u00edtico do Prefeito In\u00e1cio N\u00f3brega e do Ex-prefeito Z\u00e9 Arnaldo, o governador Jo\u00e3o Azevedo obteve uma vota\u00e7\u00e3o muito expressiva nesse 2\u00ba turno, conseguindo 1.618 votos contra 328 de Pedro, apoiado apenas pelo grupo do vereador Lucas Bernardo.<\/p>\n<p>J\u00e1 para presidente, Lula obteve 1.781 votos, contra 235 de Bolsonaro.<\/p>\n<p>Veja os n\u00fameros completos:<\/p>\n<p><strong>Para Presidente:<\/strong><\/p>\n<ul>\n<li>Lula: 1.781\u00a0(88,34%);<\/li>\n<li>Bolsonaro: 235 (11,66%).<\/li>\n<\/ul>\n<p>Ao todo, 3,45% dos eleitores do munic\u00edpio votaram branco ou nulo para presidente<\/p>\n<p><strong>Para Governador:<\/strong><\/p>\n<ul>\n<li>Jo\u00e3o Azevedo: 1.618 (83,14%);<\/li>\n<li>Pedro Cunha Lima: 328 (16,86%).<\/li>\n<\/ul>\n<p>Os votos brancos e nulos para governador da PB somaram 6,76% do total no munic\u00edpio.<\/p>\n<p>Ao todo, 19,05% dos eleitores aptos a votar no munic\u00edpio n\u00e3o compareceram \u00e0s urnas.<\/p>\n<p><em><strong>Not\u00edcias em Destaque<\/strong><\/em><\/p>\n<p>Fonte: Amparo Ligado<\/p>\n<\/div>\n<\/div>\n","protected":false},"excerpt":{"rendered":"<p>Os eleitores de todo o Brasil foram as urnas nesse domingo para escolher quem ser\u00e1 o presidente do Pa\u00eds a partir de 01 de janeiro de 2023 e em alguns estados tamb\u00e9m tivemos o 2\u00ba turno para escolha do governador. Com o apoio do Grupo Pol\u00edtico do Prefeito In\u00e1cio N\u00f3brega e do Ex-prefeito Z\u00e9 Arnaldo, o governador Jo\u00e3o Azevedo obteve uma vota\u00e7\u00e3o muito expressiva nesse 2\u00ba turno, conseguindo 1.618 votos contra 328 de Pedro, apoiado apenas pelo grupo do vereador Lucas Bernardo. J\u00e1 para presidente, Lula obteve 1.781 votos, contra 235 de Bolsonaro. Veja os n\u00fameros completos: Para Presidente: Lula: 1.781\u00a0(88,34%); Bolsonaro: 235 (11,66%). Ao todo, 3,45% dos eleitores do munic\u00edpio votaram branco ou nulo para presidente Para Governador: Jo\u00e3o Azevedo: 1.618 (83,14%); Pedro Cunha Lima: 328 (16,86%). Os votos brancos e nulos para governador da PB somaram 6,76% do total no munic\u00edpio. Ao todo, 19,05% dos eleitores aptos a votar no munic\u00edpio n\u00e3o compareceram \u00e0s urnas. Not\u00edcias em Destaque Fonte: Amparo Ligado<\/p>\n","protected":false},"author":2,"featured_media":43765,"comment_status":"closed","ping_status":"open","sticky":false,"template":"","format":"standard","meta":{"_eb_attr":"","_jetpack_memberships_contains_paid_content":false,"footnotes":""},"categories":[3],"tags":[],"class_list":["post-43764","post","type-post","status-publish","format-standard","has-post-thumbnail","hentry","category-cidades"],"yoast_head":"<!-- This site is optimized with the Yoast SEO plugin v26.5 - https:\/\/yoast.com\/wordpress\/plugins\/seo\/ -->\n<title>Na cidade de Amparo, Jo\u00e3o Azev\u00eado e Lula vencem com folga no 2\u00ba turno - Not&iacute;cias em Destaque<\/title>\n<meta name=\"robots\" content=\"index, follow, max-snippet:-1, max-image-preview:large, max-video-preview:-1\" \/>\n<link rel=\"canonical\" href=\"https:\/\/noticiasemdestaque.com\/cd\/?p=43764\" \/>\n<meta property=\"og:locale\" content=\"pt_BR\" \/>\n<meta property=\"og:type\" content=\"article\" \/>\n<meta property=\"og:title\" content=\"Na cidade de Amparo, Jo\u00e3o Azev\u00eado e Lula vencem com folga no 2\u00ba turno - Not&iacute;cias em Destaque\" \/>\n<meta property=\"og:description\" content=\"Os eleitores de todo o Brasil foram as urnas nesse domingo para escolher quem ser\u00e1 o presidente do Pa\u00eds a partir de 01 de janeiro de 2023 e em alguns estados tamb\u00e9m tivemos o 2\u00ba turno para escolha do governador. Com o apoio do Grupo Pol\u00edtico do Prefeito In\u00e1cio N\u00f3brega e do Ex-prefeito Z\u00e9 Arnaldo, o governador Jo\u00e3o Azevedo obteve uma vota\u00e7\u00e3o muito expressiva nesse 2\u00ba turno, conseguindo 1.618 votos contra 328 de Pedro, apoiado apenas pelo grupo do vereador Lucas Bernardo. J\u00e1 para presidente, Lula obteve 1.781 votos, contra 235 de Bolsonaro. Veja os n\u00fameros completos: Para Presidente: Lula: 1.781\u00a0(88,34%); Bolsonaro: 235 (11,66%). Ao todo, 3,45% dos eleitores do munic\u00edpio votaram branco ou nulo para presidente Para Governador: Jo\u00e3o Azevedo: 1.618 (83,14%); Pedro Cunha Lima: 328 (16,86%). Os votos brancos e nulos para governador da PB somaram 6,76% do total no munic\u00edpio. Ao todo, 19,05% dos eleitores aptos a votar no munic\u00edpio n\u00e3o compareceram \u00e0s urnas. Not\u00edcias em Destaque Fonte: Amparo Ligado\" \/>\n<meta property=\"og:url\" content=\"https:\/\/noticiasemdestaque.com\/cd\/?p=43764\" \/>\n<meta property=\"og:site_name\" content=\"Not&iacute;cias em Destaque\" \/>\n<meta property=\"article:published_time\" content=\"2022-10-31T23:04:32+00:00\" \/>\n<meta property=\"article:modified_time\" content=\"2022-10-31T23:13:59+00:00\" \/>\n<meta property=\"og:image\" content=\"https:\/\/noticiasemdestaque.com\/cd\/wp-content\/uploads\/2022\/10\/Lula_Joao-740x414-1.jpg\" \/>\n\t<meta property=\"og:image:width\" content=\"640\" \/>\n\t<meta property=\"og:image:height\" content=\"358\" \/>\n\t<meta property=\"og:image:type\" content=\"image\/jpeg\" \/>\n<meta name=\"author\" content=\"Not\u00edcias em Destaque\" \/>\n<meta name=\"twitter:card\" content=\"summary_large_image\" \/>\n<meta name=\"twitter:label1\" content=\"Escrito por\" \/>\n\t<meta name=\"twitter:data1\" content=\"Not\u00edcias em Destaque\" \/>\n\t<meta name=\"twitter:label2\" content=\"Est. tempo de leitura\" \/>\n\t<meta name=\"twitter:data2\" content=\"2 minutos\" \/>\n<script type=\"application\/ld+json\" class=\"yoast-schema-graph\">{\"@context\":\"https:\/\/schema.org\",\"@graph\":[{\"@type\":\"Article\",\"@id\":\"https:\/\/noticiasemdestaque.com\/cd\/?p=43764#article\",\"isPartOf\":{\"@id\":\"https:\/\/noticiasemdestaque.com\/cd\/?p=43764\"},\"author\":{\"name\":\"Not\u00edcias em Destaque\",\"@id\":\"https:\/\/noticiasemdestaque.com\/cd\/#\/schema\/person\/45ca272b3e1246ef14ebb78a48dbb218\"},\"headline\":\"Na cidade de Amparo, Jo\u00e3o Azev\u00eado e Lula vencem com folga no 2\u00ba turno\",\"datePublished\":\"2022-10-31T23:04:32+00:00\",\"dateModified\":\"2022-10-31T23:13:59+00:00\",\"mainEntityOfPage\":{\"@id\":\"https:\/\/noticiasemdestaque.com\/cd\/?p=43764\"},\"wordCount\":174,\"publisher\":{\"@id\":\"https:\/\/noticiasemdestaque.com\/cd\/#organization\"},\"image\":{\"@id\":\"https:\/\/noticiasemdestaque.com\/cd\/?p=43764#primaryimage\"},\"thumbnailUrl\":\"https:\/\/noticiasemdestaque.com\/cd\/wp-content\/uploads\/2022\/10\/Lula_Joao-740x414-1.jpg\",\"articleSection\":[\"Cidades\"],\"inLanguage\":\"pt-BR\"},{\"@type\":\"WebPage\",\"@id\":\"https:\/\/noticiasemdestaque.com\/cd\/?p=43764\",\"url\":\"https:\/\/noticiasemdestaque.com\/cd\/?p=43764\",\"name\":\"Na cidade de Amparo, Jo\u00e3o Azev\u00eado e Lula vencem com folga no 2\u00ba turno - Not&iacute;cias em Destaque\",\"isPartOf\":{\"@id\":\"https:\/\/noticiasemdestaque.com\/cd\/#website\"},\"primaryImageOfPage\":{\"@id\":\"https:\/\/noticiasemdestaque.com\/cd\/?p=43764#primaryimage\"},\"image\":{\"@id\":\"https:\/\/noticiasemdestaque.com\/cd\/?p=43764#primaryimage\"},\"thumbnailUrl\":\"https:\/\/noticiasemdestaque.com\/cd\/wp-content\/uploads\/2022\/10\/Lula_Joao-740x414-1.jpg\",\"datePublished\":\"2022-10-31T23:04:32+00:00\",\"dateModified\":\"2022-10-31T23:13:59+00:00\",\"breadcrumb\":{\"@id\":\"https:\/\/noticiasemdestaque.com\/cd\/?p=43764#breadcrumb\"},\"inLanguage\":\"pt-BR\",\"potentialAction\":[{\"@type\":\"ReadAction\",\"target\":[\"https:\/\/noticiasemdestaque.com\/cd\/?p=43764\"]}]},{\"@type\":\"ImageObject\",\"inLanguage\":\"pt-BR\",\"@id\":\"https:\/\/noticiasemdestaque.com\/cd\/?p=43764#primaryimage\",\"url\":\"https:\/\/noticiasemdestaque.com\/cd\/wp-content\/uploads\/2022\/10\/Lula_Joao-740x414-1.jpg\",\"contentUrl\":\"https:\/\/noticiasemdestaque.com\/cd\/wp-content\/uploads\/2022\/10\/Lula_Joao-740x414-1.jpg\",\"width\":640,\"height\":358},{\"@type\":\"BreadcrumbList\",\"@id\":\"https:\/\/noticiasemdestaque.com\/cd\/?p=43764#breadcrumb\",\"itemListElement\":[{\"@type\":\"ListItem\",\"position\":1,\"name\":\"In\u00edcio\",\"item\":\"https:\/\/noticiasemdestaque.com\/cd\/\"},{\"@type\":\"ListItem\",\"position\":2,\"name\":\"Na cidade de Amparo, Jo\u00e3o Azev\u00eado e Lula vencem com folga no 2\u00ba turno\"}]},{\"@type\":\"WebSite\",\"@id\":\"https:\/\/noticiasemdestaque.com\/cd\/#website\",\"url\":\"https:\/\/noticiasemdestaque.com\/cd\/\",\"name\":\"Not&iacute;cias em Destaque\",\"description\":\"\",\"publisher\":{\"@id\":\"https:\/\/noticiasemdestaque.com\/cd\/#organization\"},\"potentialAction\":[{\"@type\":\"SearchAction\",\"target\":{\"@type\":\"EntryPoint\",\"urlTemplate\":\"https:\/\/noticiasemdestaque.com\/cd\/?s={search_term_string}\"},\"query-input\":{\"@type\":\"PropertyValueSpecification\",\"valueRequired\":true,\"valueName\":\"search_term_string\"}}],\"inLanguage\":\"pt-BR\"},{\"@type\":\"Organization\",\"@id\":\"https:\/\/noticiasemdestaque.com\/cd\/#organization\",\"name\":\"Not\u00edcias em Destaque\",\"url\":\"https:\/\/noticiasemdestaque.com\/cd\/\",\"logo\":{\"@type\":\"ImageObject\",\"inLanguage\":\"pt-BR\",\"@id\":\"https:\/\/noticiasemdestaque.com\/cd\/#\/schema\/logo\/image\/\",\"url\":\"https:\/\/noticiasemdestaque.com\/cd\/wp-content\/uploads\/2022\/05\/imagem-base-noticiasemdestaque.png\",\"contentUrl\":\"https:\/\/noticiasemdestaque.com\/cd\/wp-content\/uploads\/2022\/05\/imagem-base-noticiasemdestaque.png\",\"width\":1200,\"height\":630,\"caption\":\"Not\u00edcias em Destaque\"},\"image\":{\"@id\":\"https:\/\/noticiasemdestaque.com\/cd\/#\/schema\/logo\/image\/\"}},{\"@type\":\"Person\",\"@id\":\"https:\/\/noticiasemdestaque.com\/cd\/#\/schema\/person\/45ca272b3e1246ef14ebb78a48dbb218\",\"name\":\"Not\u00edcias em Destaque\",\"url\":\"https:\/\/noticiasemdestaque.com\/cd\/?author=2\"}]}<\/script>\n<!-- \/ Yoast SEO plugin. -->","yoast_head_json":{"title":"Na cidade de Amparo, Jo\u00e3o Azev\u00eado e Lula vencem com folga no 2\u00ba turno - Not&iacute;cias em Destaque","robots":{"index":"index","follow":"follow","max-snippet":"max-snippet:-1","max-image-preview":"max-image-preview:large","max-video-preview":"max-video-preview:-1"},"canonical":"https:\/\/noticiasemdestaque.com\/cd\/?p=43764","og_locale":"pt_BR","og_type":"article","og_title":"Na cidade de Amparo, Jo\u00e3o Azev\u00eado e Lula vencem com folga no 2\u00ba turno - Not&iacute;cias em Destaque","og_description":"Os eleitores de todo o Brasil foram as urnas nesse domingo para escolher quem ser\u00e1 o presidente do Pa\u00eds a partir de 01 de janeiro de 2023 e em alguns estados tamb\u00e9m tivemos o 2\u00ba turno para escolha do governador. Com o apoio do Grupo Pol\u00edtico do Prefeito In\u00e1cio N\u00f3brega e do Ex-prefeito Z\u00e9 Arnaldo, o governador Jo\u00e3o Azevedo obteve uma vota\u00e7\u00e3o muito expressiva nesse 2\u00ba turno, conseguindo 1.618 votos contra 328 de Pedro, apoiado apenas pelo grupo do vereador Lucas Bernardo. J\u00e1 para presidente, Lula obteve 1.781 votos, contra 235 de Bolsonaro. Veja os n\u00fameros completos: Para Presidente: Lula: 1.781\u00a0(88,34%); Bolsonaro: 235 (11,66%). Ao todo, 3,45% dos eleitores do munic\u00edpio votaram branco ou nulo para presidente Para Governador: Jo\u00e3o Azevedo: 1.618 (83,14%); Pedro Cunha Lima: 328 (16,86%). Os votos brancos e nulos para governador da PB somaram 6,76% do total no munic\u00edpio. Ao todo, 19,05% dos eleitores aptos a votar no munic\u00edpio n\u00e3o compareceram \u00e0s urnas. Not\u00edcias em Destaque Fonte: Amparo Ligado","og_url":"https:\/\/noticiasemdestaque.com\/cd\/?p=43764","og_site_name":"Not&iacute;cias em Destaque","article_published_time":"2022-10-31T23:04:32+00:00","article_modified_time":"2022-10-31T23:13:59+00:00","og_image":[{"width":640,"height":358,"url":"https:\/\/noticiasemdestaque.com\/cd\/wp-content\/uploads\/2022\/10\/Lula_Joao-740x414-1.jpg","type":"image\/jpeg"}],"author":"Not\u00edcias em Destaque","twitter_card":"summary_large_image","twitter_misc":{"Escrito por":"Not\u00edcias em Destaque","Est. tempo de leitura":"2 minutos"},"schema":{"@context":"https:\/\/schema.org","@graph":[{"@type":"Article","@id":"https:\/\/noticiasemdestaque.com\/cd\/?p=43764#article","isPartOf":{"@id":"https:\/\/noticiasemdestaque.com\/cd\/?p=43764"},"author":{"name":"Not\u00edcias em Destaque","@id":"https:\/\/noticiasemdestaque.com\/cd\/#\/schema\/person\/45ca272b3e1246ef14ebb78a48dbb218"},"headline":"Na cidade de Amparo, Jo\u00e3o Azev\u00eado e Lula vencem com folga no 2\u00ba turno","datePublished":"2022-10-31T23:04:32+00:00","dateModified":"2022-10-31T23:13:59+00:00","mainEntityOfPage":{"@id":"https:\/\/noticiasemdestaque.com\/cd\/?p=43764"},"wordCount":174,"publisher":{"@id":"https:\/\/noticiasemdestaque.com\/cd\/#organization"},"image":{"@id":"https:\/\/noticiasemdestaque.com\/cd\/?p=43764#primaryimage"},"thumbnailUrl":"https:\/\/noticiasemdestaque.com\/cd\/wp-content\/uploads\/2022\/10\/Lula_Joao-740x414-1.jpg","articleSection":["Cidades"],"inLanguage":"pt-BR"},{"@type":"WebPage","@id":"https:\/\/noticiasemdestaque.com\/cd\/?p=43764","url":"https:\/\/noticiasemdestaque.com\/cd\/?p=43764","name":"Na cidade de Amparo, Jo\u00e3o Azev\u00eado e Lula vencem com folga no 2\u00ba turno - Not&iacute;cias em Destaque","isPartOf":{"@id":"https:\/\/noticiasemdestaque.com\/cd\/#website"},"primaryImageOfPage":{"@id":"https:\/\/noticiasemdestaque.com\/cd\/?p=43764#primaryimage"},"image":{"@id":"https:\/\/noticiasemdestaque.com\/cd\/?p=43764#primaryimage"},"thumbnailUrl":"https:\/\/noticiasemdestaque.com\/cd\/wp-content\/uploads\/2022\/10\/Lula_Joao-740x414-1.jpg","datePublished":"2022-10-31T23:04:32+00:00","dateModified":"2022-10-31T23:13:59+00:00","breadcrumb":{"@id":"https:\/\/noticiasemdestaque.com\/cd\/?p=43764#breadcrumb"},"inLanguage":"pt-BR","potentialAction":[{"@type":"ReadAction","target":["https:\/\/noticiasemdestaque.com\/cd\/?p=43764"]}]},{"@type":"ImageObject","inLanguage":"pt-BR","@id":"https:\/\/noticiasemdestaque.com\/cd\/?p=43764#primaryimage","url":"https:\/\/noticiasemdestaque.com\/cd\/wp-content\/uploads\/2022\/10\/Lula_Joao-740x414-1.jpg","contentUrl":"https:\/\/noticiasemdestaque.com\/cd\/wp-content\/uploads\/2022\/10\/Lula_Joao-740x414-1.jpg","width":640,"height":358},{"@type":"BreadcrumbList","@id":"https:\/\/noticiasemdestaque.com\/cd\/?p=43764#breadcrumb","itemListElement":[{"@type":"ListItem","position":1,"name":"In\u00edcio","item":"https:\/\/noticiasemdestaque.com\/cd\/"},{"@type":"ListItem","position":2,"name":"Na cidade de Amparo, Jo\u00e3o Azev\u00eado e Lula vencem com folga no 2\u00ba turno"}]},{"@type":"WebSite","@id":"https:\/\/noticiasemdestaque.com\/cd\/#website","url":"https:\/\/noticiasemdestaque.com\/cd\/","name":"Not&iacute;cias em Destaque","description":"","publisher":{"@id":"https:\/\/noticiasemdestaque.com\/cd\/#organization"},"potentialAction":[{"@type":"SearchAction","target":{"@type":"EntryPoint","urlTemplate":"https:\/\/noticiasemdestaque.com\/cd\/?s={search_term_string}"},"query-input":{"@type":"PropertyValueSpecification","valueRequired":true,"valueName":"search_term_string"}}],"inLanguage":"pt-BR"},{"@type":"Organization","@id":"https:\/\/noticiasemdestaque.com\/cd\/#organization","name":"Not\u00edcias em Destaque","url":"https:\/\/noticiasemdestaque.com\/cd\/","logo":{"@type":"ImageObject","inLanguage":"pt-BR","@id":"https:\/\/noticiasemdestaque.com\/cd\/#\/schema\/logo\/image\/","url":"https:\/\/noticiasemdestaque.com\/cd\/wp-content\/uploads\/2022\/05\/imagem-base-noticiasemdestaque.png","contentUrl":"https:\/\/noticiasemdestaque.com\/cd\/wp-content\/uploads\/2022\/05\/imagem-base-noticiasemdestaque.png","width":1200,"height":630,"caption":"Not\u00edcias em Destaque"},"image":{"@id":"https:\/\/noticiasemdestaque.com\/cd\/#\/schema\/logo\/image\/"}},{"@type":"Person","@id":"https:\/\/noticiasemdestaque.com\/cd\/#\/schema\/person\/45ca272b3e1246ef14ebb78a48dbb218","name":"Not\u00edcias em Destaque","url":"https:\/\/noticiasemdestaque.com\/cd\/?author=2"}]}},"jetpack_featured_media_url":"https:\/\/noticiasemdestaque.com\/cd\/wp-content\/uploads\/2022\/10\/Lula_Joao-740x414-1.jpg","jetpack_sharing_enabled":true,"_links":{"self":[{"href":"https:\/\/noticiasemdestaque.com\/cd\/index.php?rest_route=\/wp\/v2\/posts\/43764","targetHints":{"allow":["GET"]}}],"collection":[{"href":"https:\/\/noticiasemdestaque.com\/cd\/index.php?rest_route=\/wp\/v2\/posts"}],"about":[{"href":"https:\/\/noticiasemdestaque.com\/cd\/index.php?rest_route=\/wp\/v2\/types\/post"}],"author":[{"embeddable":true,"href":"https:\/\/noticiasemdestaque.com\/cd\/index.php?rest_route=\/wp\/v2\/users\/2"}],"replies":[{"embeddable":true,"href":"https:\/\/noticiasemdestaque.com\/cd\/index.php?rest_route=%2Fwp%2Fv2%2Fcomments&post=43764"}],"version-history":[{"count":4,"href":"https:\/\/noticiasemdestaque.com\/cd\/index.php?rest_route=\/wp\/v2\/posts\/43764\/revisions"}],"predecessor-version":[{"id":43769,"href":"https:\/\/noticiasemdestaque.com\/cd\/index.php?rest_route=\/wp\/v2\/posts\/43764\/revisions\/43769"}],"wp:featuredmedia":[{"embeddable":true,"href":"https:\/\/noticiasemdestaque.com\/cd\/index.php?rest_route=\/wp\/v2\/media\/43765"}],"wp:attachment":[{"href":"https:\/\/noticiasemdestaque.com\/cd\/index.php?rest_route=%2Fwp%2Fv2%2Fmedia&parent=43764"}],"wp:term":[{"taxonomy":"category","embeddable":true,"href":"https:\/\/noticiasemdestaque.com\/cd\/index.php?rest_route=%2Fwp%2Fv2%2Fcategories&post=43764"},{"taxonomy":"post_tag","embeddable":true,"href":"https:\/\/noticiasemdestaque.com\/cd\/index.php?rest_route=%2Fwp%2Fv2%2Ftags&post=43764"}],"curies":[{"name":"wp","href":"https:\/\/api.w.org\/{rel}","templated":true}]}}