{"id":43605,"date":"2022-10-25T11:10:42","date_gmt":"2022-10-25T14:10:42","guid":{"rendered":"https:\/\/noticiasemdestaque.com\/cd\/?p=43605"},"modified":"2022-10-25T11:10:42","modified_gmt":"2022-10-25T14:10:42","slug":"sao-jose-dos-cordeiros-inaugura-sala-de-saude-mental-com-equipe-multidisciplinar","status":"publish","type":"post","link":"https:\/\/noticiasemdestaque.com\/cd\/?p=43605","title":{"rendered":"S\u00e3o Jos\u00e9 dos Cordeiros inaugura Sala de Sa\u00fade Mental com equipe multidisciplinar"},"content":{"rendered":"<p><a href=\"https:\/\/noticiasemdestaque.com\/cd\/wp-content\/uploads\/2022\/10\/WhatsApp-Image-2022-10-25-at-07.45.31.jpeg\"><img fetchpriority=\"high\" decoding=\"async\" class=\"alignnone  wp-image-43607\" src=\"https:\/\/noticiasemdestaque.com\/cd\/wp-content\/uploads\/2022\/10\/WhatsApp-Image-2022-10-25-at-07.45.31-300x200.jpeg\" alt=\"\" width=\"863\" height=\"575\" srcset=\"https:\/\/noticiasemdestaque.com\/cd\/wp-content\/uploads\/2022\/10\/WhatsApp-Image-2022-10-25-at-07.45.31-300x200.jpeg 300w, https:\/\/noticiasemdestaque.com\/cd\/wp-content\/uploads\/2022\/10\/WhatsApp-Image-2022-10-25-at-07.45.31-1024x682.jpeg 1024w, https:\/\/noticiasemdestaque.com\/cd\/wp-content\/uploads\/2022\/10\/WhatsApp-Image-2022-10-25-at-07.45.31-768x512.jpeg 768w, https:\/\/noticiasemdestaque.com\/cd\/wp-content\/uploads\/2022\/10\/WhatsApp-Image-2022-10-25-at-07.45.31-18x12.jpeg 18w, https:\/\/noticiasemdestaque.com\/cd\/wp-content\/uploads\/2022\/10\/WhatsApp-Image-2022-10-25-at-07.45.31.jpeg 1280w\" sizes=\"(max-width: 863px) 100vw, 863px\" \/><\/a><\/p>\n<p>Nos \u00faltimos anos houve um aumento frequente de casos de crian\u00e7as com atrasos no desenvolvimento, especialmente ap\u00f3s a pandemia da Covid-19.<\/p>\n<p>Essas crian\u00e7as necessitam acima de tudo de uma equipe especializada, pensando nisso a Prefeitura de S\u00e3o Jos\u00e9 dos Cordeiros, no Cariri paraibano, inaugurou na \u00faltima quarta-feira (19), um espa\u00e7o espec\u00edfico para o tratamento de crian\u00e7as e adolescentes.<\/p>\n<p>De acordo com a Secret\u00e1ria de Sa\u00fade, Ros\u00e2ngela Moura, trata-se de um local adequadamente equipado onde ser\u00e3o realizados atendimentos individuais e em grupos para crian\u00e7as e adolescentes com atrasos no desenvolvimento da linguagem ou neuropsicomotor, dificuldades de aprendizagem, de aten\u00e7\u00e3o ou de comportamento.<\/p>\n<p><a href=\"https:\/\/noticiasemdestaque.com\/cd\/wp-content\/uploads\/2022\/10\/WhatsApp-Image-2022-10-25-at-07.45.32.jpeg\"><img decoding=\"async\" class=\"wp-image-43606 aligncenter\" src=\"https:\/\/noticiasemdestaque.com\/cd\/wp-content\/uploads\/2022\/10\/WhatsApp-Image-2022-10-25-at-07.45.32-300x200.jpeg\" alt=\"\" width=\"407\" height=\"271\" srcset=\"https:\/\/noticiasemdestaque.com\/cd\/wp-content\/uploads\/2022\/10\/WhatsApp-Image-2022-10-25-at-07.45.32-300x200.jpeg 300w, https:\/\/noticiasemdestaque.com\/cd\/wp-content\/uploads\/2022\/10\/WhatsApp-Image-2022-10-25-at-07.45.32-1024x682.jpeg 1024w, https:\/\/noticiasemdestaque.com\/cd\/wp-content\/uploads\/2022\/10\/WhatsApp-Image-2022-10-25-at-07.45.32-768x512.jpeg 768w, https:\/\/noticiasemdestaque.com\/cd\/wp-content\/uploads\/2022\/10\/WhatsApp-Image-2022-10-25-at-07.45.32-18x12.jpeg 18w, https:\/\/noticiasemdestaque.com\/cd\/wp-content\/uploads\/2022\/10\/WhatsApp-Image-2022-10-25-at-07.45.32.jpeg 1280w\" sizes=\"(max-width: 407px) 100vw, 407px\" \/><\/a><\/p>\n<p>No espa\u00e7o, os atendimentos ser\u00e3o realizados com crian\u00e7as, adolescentes e seus familiares por profissionais da psicologia, fonoaudiologia, psicopedagogia, educa\u00e7\u00e3o f\u00edsica, pediatria, psiquiatria, fisioterapia, nutri\u00e7\u00e3o, enfermagem e odontologia. A sala, ainda, conta com diversos brinquedos l\u00fadicos, para interagir os profissionais com os usu\u00e1rios.<\/p>\n<p>O prefeito Fel\u00edcio Queiroz, afirmou que a sala foi constru\u00edda com recursos pr\u00f3prios, e \u00e9 uma iniciativa pioneira na regi\u00e3o do Cariri.<\/p>\n<p>\u201cFoi uma grande iniciativa da nossa equipe de gest\u00e3o, estamos entregando uma sala pioneira na regi\u00e3o do Cariri, onde poucos munic\u00edpios do estado da Para\u00edba disp\u00f5em desse atendimento com essa especialidade,\u201d finalizou o gestor.<\/p>\n<p>A escolha do mel para ser tema da sala se justifica pela sua rela\u00e7\u00e3o com o trabalho, cultura, lazer e todo sabor com que essas a\u00e7\u00f5es de cuidado v\u00eam sendo planejadas.<\/p>\n<p><strong>Not\u00edcias em Destaque<\/strong><br \/>\nCom Ascom<\/p>\n","protected":false},"excerpt":{"rendered":"<p>Nos \u00faltimos anos houve um aumento frequente de casos de crian\u00e7as com atrasos no desenvolvimento, especialmente ap\u00f3s a pandemia da Covid-19. Essas crian\u00e7as necessitam acima de tudo de uma equipe especializada, pensando nisso a Prefeitura de S\u00e3o Jos\u00e9 dos Cordeiros, no Cariri paraibano, inaugurou na \u00faltima quarta-feira (19), um espa\u00e7o espec\u00edfico para o tratamento de crian\u00e7as e adolescentes. De acordo com a Secret\u00e1ria de Sa\u00fade, Ros\u00e2ngela Moura, trata-se de um local adequadamente equipado onde ser\u00e3o realizados atendimentos individuais e em grupos para crian\u00e7as e adolescentes com atrasos no desenvolvimento da linguagem ou neuropsicomotor, dificuldades de aprendizagem, de aten\u00e7\u00e3o ou de comportamento. No espa\u00e7o, os atendimentos ser\u00e3o realizados com crian\u00e7as, adolescentes e seus familiares por profissionais da psicologia, fonoaudiologia, psicopedagogia, educa\u00e7\u00e3o f\u00edsica, pediatria, psiquiatria, fisioterapia, nutri\u00e7\u00e3o, enfermagem e odontologia. A sala, ainda, conta com diversos brinquedos l\u00fadicos, para interagir os profissionais com os usu\u00e1rios. O prefeito Fel\u00edcio Queiroz, afirmou que a sala foi constru\u00edda com recursos pr\u00f3prios, e \u00e9 uma iniciativa pioneira na regi\u00e3o do Cariri. \u201cFoi uma grande iniciativa da nossa equipe de gest\u00e3o, estamos entregando uma sala pioneira na regi\u00e3o do Cariri, onde poucos munic\u00edpios do estado da Para\u00edba disp\u00f5em desse atendimento com essa especialidade,\u201d finalizou o gestor. A escolha do mel para ser tema da sala se justifica pela sua rela\u00e7\u00e3o com o trabalho, cultura, lazer e todo sabor com que essas a\u00e7\u00f5es de cuidado v\u00eam sendo planejadas. Not\u00edcias em Destaque Com Ascom<\/p>\n","protected":false},"author":2,"featured_media":43608,"comment_status":"closed","ping_status":"open","sticky":false,"template":"","format":"standard","meta":{"_eb_attr":"","_jetpack_memberships_contains_paid_content":false,"footnotes":""},"categories":[3],"tags":[],"class_list":["post-43605","post","type-post","status-publish","format-standard","has-post-thumbnail","hentry","category-cidades"],"yoast_head":"<!-- This site is optimized with the Yoast SEO plugin v26.5 - https:\/\/yoast.com\/wordpress\/plugins\/seo\/ -->\n<title>S\u00e3o Jos\u00e9 dos Cordeiros inaugura Sala de Sa\u00fade Mental com equipe multidisciplinar - Not&iacute;cias em Destaque<\/title>\n<meta name=\"robots\" content=\"index, follow, max-snippet:-1, max-image-preview:large, max-video-preview:-1\" \/>\n<link rel=\"canonical\" href=\"https:\/\/noticiasemdestaque.com\/cd\/?p=43605\" \/>\n<meta property=\"og:locale\" content=\"pt_BR\" \/>\n<meta property=\"og:type\" content=\"article\" \/>\n<meta property=\"og:title\" content=\"S\u00e3o Jos\u00e9 dos Cordeiros inaugura Sala de Sa\u00fade Mental com equipe multidisciplinar - Not&iacute;cias em Destaque\" \/>\n<meta property=\"og:description\" content=\"Nos \u00faltimos anos houve um aumento frequente de casos de crian\u00e7as com atrasos no desenvolvimento, especialmente ap\u00f3s a pandemia da Covid-19. Essas crian\u00e7as necessitam acima de tudo de uma equipe especializada, pensando nisso a Prefeitura de S\u00e3o Jos\u00e9 dos Cordeiros, no Cariri paraibano, inaugurou na \u00faltima quarta-feira (19), um espa\u00e7o espec\u00edfico para o tratamento de crian\u00e7as e adolescentes. De acordo com a Secret\u00e1ria de Sa\u00fade, Ros\u00e2ngela Moura, trata-se de um local adequadamente equipado onde ser\u00e3o realizados atendimentos individuais e em grupos para crian\u00e7as e adolescentes com atrasos no desenvolvimento da linguagem ou neuropsicomotor, dificuldades de aprendizagem, de aten\u00e7\u00e3o ou de comportamento. No espa\u00e7o, os atendimentos ser\u00e3o realizados com crian\u00e7as, adolescentes e seus familiares por profissionais da psicologia, fonoaudiologia, psicopedagogia, educa\u00e7\u00e3o f\u00edsica, pediatria, psiquiatria, fisioterapia, nutri\u00e7\u00e3o, enfermagem e odontologia. A sala, ainda, conta com diversos brinquedos l\u00fadicos, para interagir os profissionais com os usu\u00e1rios. O prefeito Fel\u00edcio Queiroz, afirmou que a sala foi constru\u00edda com recursos pr\u00f3prios, e \u00e9 uma iniciativa pioneira na regi\u00e3o do Cariri. \u201cFoi uma grande iniciativa da nossa equipe de gest\u00e3o, estamos entregando uma sala pioneira na regi\u00e3o do Cariri, onde poucos munic\u00edpios do estado da Para\u00edba disp\u00f5em desse atendimento com essa especialidade,\u201d finalizou o gestor. A escolha do mel para ser tema da sala se justifica pela sua rela\u00e7\u00e3o com o trabalho, cultura, lazer e todo sabor com que essas a\u00e7\u00f5es de cuidado v\u00eam sendo planejadas. Not\u00edcias em Destaque Com Ascom\" \/>\n<meta property=\"og:url\" content=\"https:\/\/noticiasemdestaque.com\/cd\/?p=43605\" \/>\n<meta property=\"og:site_name\" content=\"Not&iacute;cias em Destaque\" \/>\n<meta property=\"article:published_time\" content=\"2022-10-25T14:10:42+00:00\" \/>\n<meta property=\"og:image\" content=\"https:\/\/noticiasemdestaque.com\/cd\/wp-content\/uploads\/2022\/10\/WhatsApp-Image-2022-10-25-at-07.45.32-1.jpeg\" \/>\n\t<meta property=\"og:image:width\" content=\"1280\" \/>\n\t<meta property=\"og:image:height\" content=\"853\" \/>\n\t<meta property=\"og:image:type\" content=\"image\/jpeg\" \/>\n<meta name=\"author\" content=\"Not\u00edcias em Destaque\" \/>\n<meta name=\"twitter:card\" content=\"summary_large_image\" \/>\n<meta name=\"twitter:label1\" content=\"Escrito por\" \/>\n\t<meta name=\"twitter:data1\" content=\"Not\u00edcias em Destaque\" \/>\n\t<meta name=\"twitter:label2\" content=\"Est. tempo de leitura\" \/>\n\t<meta name=\"twitter:data2\" content=\"2 minutos\" \/>\n<script type=\"application\/ld+json\" class=\"yoast-schema-graph\">{\"@context\":\"https:\/\/schema.org\",\"@graph\":[{\"@type\":\"Article\",\"@id\":\"https:\/\/noticiasemdestaque.com\/cd\/?p=43605#article\",\"isPartOf\":{\"@id\":\"https:\/\/noticiasemdestaque.com\/cd\/?p=43605\"},\"author\":{\"name\":\"Not\u00edcias em Destaque\",\"@id\":\"https:\/\/noticiasemdestaque.com\/cd\/#\/schema\/person\/4a81fb71f77579d059c3045891fa1786\"},\"headline\":\"S\u00e3o Jos\u00e9 dos Cordeiros inaugura Sala de Sa\u00fade Mental com equipe multidisciplinar\",\"datePublished\":\"2022-10-25T14:10:42+00:00\",\"mainEntityOfPage\":{\"@id\":\"https:\/\/noticiasemdestaque.com\/cd\/?p=43605\"},\"wordCount\":281,\"publisher\":{\"@id\":\"https:\/\/noticiasemdestaque.com\/cd\/#organization\"},\"image\":{\"@id\":\"https:\/\/noticiasemdestaque.com\/cd\/?p=43605#primaryimage\"},\"thumbnailUrl\":\"https:\/\/noticiasemdestaque.com\/cd\/wp-content\/uploads\/2022\/10\/WhatsApp-Image-2022-10-25-at-07.45.32-1.jpeg\",\"articleSection\":[\"Cidades\"],\"inLanguage\":\"pt-BR\"},{\"@type\":\"WebPage\",\"@id\":\"https:\/\/noticiasemdestaque.com\/cd\/?p=43605\",\"url\":\"https:\/\/noticiasemdestaque.com\/cd\/?p=43605\",\"name\":\"S\u00e3o Jos\u00e9 dos Cordeiros inaugura Sala de Sa\u00fade Mental com equipe multidisciplinar - Not&iacute;cias em Destaque\",\"isPartOf\":{\"@id\":\"https:\/\/noticiasemdestaque.com\/cd\/#website\"},\"primaryImageOfPage\":{\"@id\":\"https:\/\/noticiasemdestaque.com\/cd\/?p=43605#primaryimage\"},\"image\":{\"@id\":\"https:\/\/noticiasemdestaque.com\/cd\/?p=43605#primaryimage\"},\"thumbnailUrl\":\"https:\/\/noticiasemdestaque.com\/cd\/wp-content\/uploads\/2022\/10\/WhatsApp-Image-2022-10-25-at-07.45.32-1.jpeg\",\"datePublished\":\"2022-10-25T14:10:42+00:00\",\"breadcrumb\":{\"@id\":\"https:\/\/noticiasemdestaque.com\/cd\/?p=43605#breadcrumb\"},\"inLanguage\":\"pt-BR\",\"potentialAction\":[{\"@type\":\"ReadAction\",\"target\":[\"https:\/\/noticiasemdestaque.com\/cd\/?p=43605\"]}]},{\"@type\":\"ImageObject\",\"inLanguage\":\"pt-BR\",\"@id\":\"https:\/\/noticiasemdestaque.com\/cd\/?p=43605#primaryimage\",\"url\":\"https:\/\/noticiasemdestaque.com\/cd\/wp-content\/uploads\/2022\/10\/WhatsApp-Image-2022-10-25-at-07.45.32-1.jpeg\",\"contentUrl\":\"https:\/\/noticiasemdestaque.com\/cd\/wp-content\/uploads\/2022\/10\/WhatsApp-Image-2022-10-25-at-07.45.32-1.jpeg\",\"width\":1280,\"height\":853},{\"@type\":\"BreadcrumbList\",\"@id\":\"https:\/\/noticiasemdestaque.com\/cd\/?p=43605#breadcrumb\",\"itemListElement\":[{\"@type\":\"ListItem\",\"position\":1,\"name\":\"In\u00edcio\",\"item\":\"https:\/\/noticiasemdestaque.com\/cd\/\"},{\"@type\":\"ListItem\",\"position\":2,\"name\":\"S\u00e3o Jos\u00e9 dos Cordeiros inaugura Sala de Sa\u00fade Mental com equipe multidisciplinar\"}]},{\"@type\":\"WebSite\",\"@id\":\"https:\/\/noticiasemdestaque.com\/cd\/#website\",\"url\":\"https:\/\/noticiasemdestaque.com\/cd\/\",\"name\":\"Not&iacute;cias em Destaque\",\"description\":\"\",\"publisher\":{\"@id\":\"https:\/\/noticiasemdestaque.com\/cd\/#organization\"},\"potentialAction\":[{\"@type\":\"SearchAction\",\"target\":{\"@type\":\"EntryPoint\",\"urlTemplate\":\"https:\/\/noticiasemdestaque.com\/cd\/?s={search_term_string}\"},\"query-input\":{\"@type\":\"PropertyValueSpecification\",\"valueRequired\":true,\"valueName\":\"search_term_string\"}}],\"inLanguage\":\"pt-BR\"},{\"@type\":\"Organization\",\"@id\":\"https:\/\/noticiasemdestaque.com\/cd\/#organization\",\"name\":\"Not\u00edcias em Destaque\",\"url\":\"https:\/\/noticiasemdestaque.com\/cd\/\",\"logo\":{\"@type\":\"ImageObject\",\"inLanguage\":\"pt-BR\",\"@id\":\"https:\/\/noticiasemdestaque.com\/cd\/#\/schema\/logo\/image\/\",\"url\":\"https:\/\/noticiasemdestaque.com\/cd\/wp-content\/uploads\/2022\/05\/imagem-base-noticiasemdestaque.png\",\"contentUrl\":\"https:\/\/noticiasemdestaque.com\/cd\/wp-content\/uploads\/2022\/05\/imagem-base-noticiasemdestaque.png\",\"width\":1200,\"height\":630,\"caption\":\"Not\u00edcias em Destaque\"},\"image\":{\"@id\":\"https:\/\/noticiasemdestaque.com\/cd\/#\/schema\/logo\/image\/\"}},{\"@type\":\"Person\",\"@id\":\"https:\/\/noticiasemdestaque.com\/cd\/#\/schema\/person\/4a81fb71f77579d059c3045891fa1786\",\"name\":\"Not\u00edcias em Destaque\",\"url\":\"https:\/\/noticiasemdestaque.com\/cd\/?author=2\"}]}<\/script>\n<!-- \/ Yoast SEO plugin. -->","yoast_head_json":{"title":"S\u00e3o Jos\u00e9 dos Cordeiros inaugura Sala de Sa\u00fade Mental com equipe multidisciplinar - Not&iacute;cias em Destaque","robots":{"index":"index","follow":"follow","max-snippet":"max-snippet:-1","max-image-preview":"max-image-preview:large","max-video-preview":"max-video-preview:-1"},"canonical":"https:\/\/noticiasemdestaque.com\/cd\/?p=43605","og_locale":"pt_BR","og_type":"article","og_title":"S\u00e3o Jos\u00e9 dos Cordeiros inaugura Sala de Sa\u00fade Mental com equipe multidisciplinar - Not&iacute;cias em Destaque","og_description":"Nos \u00faltimos anos houve um aumento frequente de casos de crian\u00e7as com atrasos no desenvolvimento, especialmente ap\u00f3s a pandemia da Covid-19. Essas crian\u00e7as necessitam acima de tudo de uma equipe especializada, pensando nisso a Prefeitura de S\u00e3o Jos\u00e9 dos Cordeiros, no Cariri paraibano, inaugurou na \u00faltima quarta-feira (19), um espa\u00e7o espec\u00edfico para o tratamento de crian\u00e7as e adolescentes. De acordo com a Secret\u00e1ria de Sa\u00fade, Ros\u00e2ngela Moura, trata-se de um local adequadamente equipado onde ser\u00e3o realizados atendimentos individuais e em grupos para crian\u00e7as e adolescentes com atrasos no desenvolvimento da linguagem ou neuropsicomotor, dificuldades de aprendizagem, de aten\u00e7\u00e3o ou de comportamento. No espa\u00e7o, os atendimentos ser\u00e3o realizados com crian\u00e7as, adolescentes e seus familiares por profissionais da psicologia, fonoaudiologia, psicopedagogia, educa\u00e7\u00e3o f\u00edsica, pediatria, psiquiatria, fisioterapia, nutri\u00e7\u00e3o, enfermagem e odontologia. A sala, ainda, conta com diversos brinquedos l\u00fadicos, para interagir os profissionais com os usu\u00e1rios. O prefeito Fel\u00edcio Queiroz, afirmou que a sala foi constru\u00edda com recursos pr\u00f3prios, e \u00e9 uma iniciativa pioneira na regi\u00e3o do Cariri. \u201cFoi uma grande iniciativa da nossa equipe de gest\u00e3o, estamos entregando uma sala pioneira na regi\u00e3o do Cariri, onde poucos munic\u00edpios do estado da Para\u00edba disp\u00f5em desse atendimento com essa especialidade,\u201d finalizou o gestor. A escolha do mel para ser tema da sala se justifica pela sua rela\u00e7\u00e3o com o trabalho, cultura, lazer e todo sabor com que essas a\u00e7\u00f5es de cuidado v\u00eam sendo planejadas. Not\u00edcias em Destaque Com Ascom","og_url":"https:\/\/noticiasemdestaque.com\/cd\/?p=43605","og_site_name":"Not&iacute;cias em Destaque","article_published_time":"2022-10-25T14:10:42+00:00","og_image":[{"width":1280,"height":853,"url":"https:\/\/noticiasemdestaque.com\/cd\/wp-content\/uploads\/2022\/10\/WhatsApp-Image-2022-10-25-at-07.45.32-1.jpeg","type":"image\/jpeg"}],"author":"Not\u00edcias em Destaque","twitter_card":"summary_large_image","twitter_misc":{"Escrito por":"Not\u00edcias em Destaque","Est. tempo de leitura":"2 minutos"},"schema":{"@context":"https:\/\/schema.org","@graph":[{"@type":"Article","@id":"https:\/\/noticiasemdestaque.com\/cd\/?p=43605#article","isPartOf":{"@id":"https:\/\/noticiasemdestaque.com\/cd\/?p=43605"},"author":{"name":"Not\u00edcias em Destaque","@id":"https:\/\/noticiasemdestaque.com\/cd\/#\/schema\/person\/4a81fb71f77579d059c3045891fa1786"},"headline":"S\u00e3o Jos\u00e9 dos Cordeiros inaugura Sala de Sa\u00fade Mental com equipe multidisciplinar","datePublished":"2022-10-25T14:10:42+00:00","mainEntityOfPage":{"@id":"https:\/\/noticiasemdestaque.com\/cd\/?p=43605"},"wordCount":281,"publisher":{"@id":"https:\/\/noticiasemdestaque.com\/cd\/#organization"},"image":{"@id":"https:\/\/noticiasemdestaque.com\/cd\/?p=43605#primaryimage"},"thumbnailUrl":"https:\/\/noticiasemdestaque.com\/cd\/wp-content\/uploads\/2022\/10\/WhatsApp-Image-2022-10-25-at-07.45.32-1.jpeg","articleSection":["Cidades"],"inLanguage":"pt-BR"},{"@type":"WebPage","@id":"https:\/\/noticiasemdestaque.com\/cd\/?p=43605","url":"https:\/\/noticiasemdestaque.com\/cd\/?p=43605","name":"S\u00e3o Jos\u00e9 dos Cordeiros inaugura Sala de Sa\u00fade Mental com equipe multidisciplinar - Not&iacute;cias em Destaque","isPartOf":{"@id":"https:\/\/noticiasemdestaque.com\/cd\/#website"},"primaryImageOfPage":{"@id":"https:\/\/noticiasemdestaque.com\/cd\/?p=43605#primaryimage"},"image":{"@id":"https:\/\/noticiasemdestaque.com\/cd\/?p=43605#primaryimage"},"thumbnailUrl":"https:\/\/noticiasemdestaque.com\/cd\/wp-content\/uploads\/2022\/10\/WhatsApp-Image-2022-10-25-at-07.45.32-1.jpeg","datePublished":"2022-10-25T14:10:42+00:00","breadcrumb":{"@id":"https:\/\/noticiasemdestaque.com\/cd\/?p=43605#breadcrumb"},"inLanguage":"pt-BR","potentialAction":[{"@type":"ReadAction","target":["https:\/\/noticiasemdestaque.com\/cd\/?p=43605"]}]},{"@type":"ImageObject","inLanguage":"pt-BR","@id":"https:\/\/noticiasemdestaque.com\/cd\/?p=43605#primaryimage","url":"https:\/\/noticiasemdestaque.com\/cd\/wp-content\/uploads\/2022\/10\/WhatsApp-Image-2022-10-25-at-07.45.32-1.jpeg","contentUrl":"https:\/\/noticiasemdestaque.com\/cd\/wp-content\/uploads\/2022\/10\/WhatsApp-Image-2022-10-25-at-07.45.32-1.jpeg","width":1280,"height":853},{"@type":"BreadcrumbList","@id":"https:\/\/noticiasemdestaque.com\/cd\/?p=43605#breadcrumb","itemListElement":[{"@type":"ListItem","position":1,"name":"In\u00edcio","item":"https:\/\/noticiasemdestaque.com\/cd\/"},{"@type":"ListItem","position":2,"name":"S\u00e3o Jos\u00e9 dos Cordeiros inaugura Sala de Sa\u00fade Mental com equipe multidisciplinar"}]},{"@type":"WebSite","@id":"https:\/\/noticiasemdestaque.com\/cd\/#website","url":"https:\/\/noticiasemdestaque.com\/cd\/","name":"Not&iacute;cias em Destaque","description":"","publisher":{"@id":"https:\/\/noticiasemdestaque.com\/cd\/#organization"},"potentialAction":[{"@type":"SearchAction","target":{"@type":"EntryPoint","urlTemplate":"https:\/\/noticiasemdestaque.com\/cd\/?s={search_term_string}"},"query-input":{"@type":"PropertyValueSpecification","valueRequired":true,"valueName":"search_term_string"}}],"inLanguage":"pt-BR"},{"@type":"Organization","@id":"https:\/\/noticiasemdestaque.com\/cd\/#organization","name":"Not\u00edcias em Destaque","url":"https:\/\/noticiasemdestaque.com\/cd\/","logo":{"@type":"ImageObject","inLanguage":"pt-BR","@id":"https:\/\/noticiasemdestaque.com\/cd\/#\/schema\/logo\/image\/","url":"https:\/\/noticiasemdestaque.com\/cd\/wp-content\/uploads\/2022\/05\/imagem-base-noticiasemdestaque.png","contentUrl":"https:\/\/noticiasemdestaque.com\/cd\/wp-content\/uploads\/2022\/05\/imagem-base-noticiasemdestaque.png","width":1200,"height":630,"caption":"Not\u00edcias em Destaque"},"image":{"@id":"https:\/\/noticiasemdestaque.com\/cd\/#\/schema\/logo\/image\/"}},{"@type":"Person","@id":"https:\/\/noticiasemdestaque.com\/cd\/#\/schema\/person\/4a81fb71f77579d059c3045891fa1786","name":"Not\u00edcias em Destaque","url":"https:\/\/noticiasemdestaque.com\/cd\/?author=2"}]}},"jetpack_featured_media_url":"https:\/\/noticiasemdestaque.com\/cd\/wp-content\/uploads\/2022\/10\/WhatsApp-Image-2022-10-25-at-07.45.32-1.jpeg","jetpack_sharing_enabled":true,"_links":{"self":[{"href":"https:\/\/noticiasemdestaque.com\/cd\/index.php?rest_route=\/wp\/v2\/posts\/43605","targetHints":{"allow":["GET"]}}],"collection":[{"href":"https:\/\/noticiasemdestaque.com\/cd\/index.php?rest_route=\/wp\/v2\/posts"}],"about":[{"href":"https:\/\/noticiasemdestaque.com\/cd\/index.php?rest_route=\/wp\/v2\/types\/post"}],"author":[{"embeddable":true,"href":"https:\/\/noticiasemdestaque.com\/cd\/index.php?rest_route=\/wp\/v2\/users\/2"}],"replies":[{"embeddable":true,"href":"https:\/\/noticiasemdestaque.com\/cd\/index.php?rest_route=%2Fwp%2Fv2%2Fcomments&post=43605"}],"version-history":[{"count":1,"href":"https:\/\/noticiasemdestaque.com\/cd\/index.php?rest_route=\/wp\/v2\/posts\/43605\/revisions"}],"predecessor-version":[{"id":43609,"href":"https:\/\/noticiasemdestaque.com\/cd\/index.php?rest_route=\/wp\/v2\/posts\/43605\/revisions\/43609"}],"wp:featuredmedia":[{"embeddable":true,"href":"https:\/\/noticiasemdestaque.com\/cd\/index.php?rest_route=\/wp\/v2\/media\/43608"}],"wp:attachment":[{"href":"https:\/\/noticiasemdestaque.com\/cd\/index.php?rest_route=%2Fwp%2Fv2%2Fmedia&parent=43605"}],"wp:term":[{"taxonomy":"category","embeddable":true,"href":"https:\/\/noticiasemdestaque.com\/cd\/index.php?rest_route=%2Fwp%2Fv2%2Fcategories&post=43605"},{"taxonomy":"post_tag","embeddable":true,"href":"https:\/\/noticiasemdestaque.com\/cd\/index.php?rest_route=%2Fwp%2Fv2%2Ftags&post=43605"}],"curies":[{"name":"wp","href":"https:\/\/api.w.org\/{rel}","templated":true}]}}