{"id":43600,"date":"2022-10-25T09:16:37","date_gmt":"2022-10-25T12:16:37","guid":{"rendered":"https:\/\/noticiasemdestaque.com\/cd\/?p=43600"},"modified":"2022-10-25T09:16:37","modified_gmt":"2022-10-25T12:16:37","slug":"em-clima-de-libertadores-flamengo-encara-santos-pelo-brasileirao","status":"publish","type":"post","link":"https:\/\/noticiasemdestaque.com\/cd\/?p=43600","title":{"rendered":"Em clima de Libertadores, Flamengo encara Santos pelo Brasileir\u00e3o"},"content":{"rendered":"<p><a href=\"https:\/\/noticiasemdestaque.com\/cd\/wp-content\/uploads\/2022\/10\/santos_x_flamengo_brasileiro_02_07_2022.jpg\"><img fetchpriority=\"high\" decoding=\"async\" class=\"alignnone  wp-image-43601\" src=\"https:\/\/noticiasemdestaque.com\/cd\/wp-content\/uploads\/2022\/10\/santos_x_flamengo_brasileiro_02_07_2022-300x179.jpg\" alt=\"\" width=\"877\" height=\"523\" srcset=\"https:\/\/noticiasemdestaque.com\/cd\/wp-content\/uploads\/2022\/10\/santos_x_flamengo_brasileiro_02_07_2022-300x179.jpg 300w, https:\/\/noticiasemdestaque.com\/cd\/wp-content\/uploads\/2022\/10\/santos_x_flamengo_brasileiro_02_07_2022-768x459.jpg 768w, https:\/\/noticiasemdestaque.com\/cd\/wp-content\/uploads\/2022\/10\/santos_x_flamengo_brasileiro_02_07_2022-18x12.jpg 18w\" sizes=\"(max-width: 877px) 100vw, 877px\" \/><\/a><\/p>\n<p>Rec\u00e9m tetracampe\u00e3o da Copa do Brasil,\u00a0o Flamengo recebe o Santos na noite desta quarta-feira (25), na abertura da 34\u00aa rodada da S\u00e9rie A do Campeonato Brasileiro. Terceiro colocado na tabela, com 58 pontos, o time carioca entra em campo, com o apoio da torcida, no \u00faltimo duelo antes da decis\u00e3o do t\u00edtulo da Libertadores, no s\u00e1bado (29), contra o Atlhetico-PR, no Equador. J\u00e1 o Peixe, em 12\u00ba lugar (43 pontos), s\u00f3 pensa em vencer para chegar mais pr\u00f3ximo da zona de classifica\u00e7\u00e3o para a Libertadores do ano que vem.\u00a0O duelo \u00e0s 21h45 (hor\u00e1rio de Bras\u00edlia), no Maracan\u00e3, ser\u00e1 transmitido ao vivo na\u00a0<a href=\"https:\/\/radios.ebc.com.br\/\"><strong>R\u00e1dio Nacional,<\/strong><\/a>\u00a0com narra\u00e7\u00e3o de Andr\u00e9 Luiz Mendes, coment\u00e1rios de Waldir Luiz e reportagem de Bruno Mendes.\u00a0<img decoding=\"async\" src=\"https:\/\/agenciabrasil.ebc.com.br\/ebc.png?id=1489945&amp;o=node\" \/><img decoding=\"async\" src=\"https:\/\/agenciabrasil.ebc.com.br\/ebc.gif?id=1489945&amp;o=node\" \/><\/p>\n<div class=\"twitter-tweet twitter-tweet-rendered\"><iframe id=\"twitter-widget-0\" class=\"\" title=\"Twitter Tweet\" src=\"https:\/\/platform.twitter.com\/embed\/Tweet.html?creatorScreenName=agenciabrasil&amp;dnt=false&amp;embedId=twitter-widget-0&amp;features=eyJ0ZndfdGltZWxpbmVfbGlzdCI6eyJidWNrZXQiOlsibGlua3RyLmVlIiwidHIuZWUiLCJ0ZXJyYS5jb20uYnIiLCJ3d3cubGlua3RyLmVlIiwid3d3LnRyLmVlIiwid3d3LnRlcnJhLmNvbS5iciJdLCJ2ZXJzaW9uIjpudWxsfSwidGZ3X2hvcml6b25fdGltZWxpbmVfMTIwMzQiOnsiYnVja2V0IjoidHJlYXRtZW50IiwidmVyc2lvbiI6bnVsbH0sInRmd190d2VldF9lZGl0X2JhY2tlbmQiOnsiYnVja2V0Ijoib24iLCJ2ZXJzaW9uIjpudWxsfSwidGZ3X3JlZnNyY19zZXNzaW9uIjp7ImJ1Y2tldCI6Im9uIiwidmVyc2lvbiI6bnVsbH0sInRmd19jaGluX3BpbGxzXzE0NzQxIjp7ImJ1Y2tldCI6ImNvbG9yX2ljb25zIiwidmVyc2lvbiI6bnVsbH0sInRmd190d2VldF9yZXN1bHRfbWlncmF0aW9uXzEzOTc5Ijp7ImJ1Y2tldCI6InR3ZWV0X3Jlc3VsdCIsInZlcnNpb24iOm51bGx9LCJ0Zndfc2Vuc2l0aXZlX21lZGlhX2ludGVyc3RpdGlhbF8xMzk2MyI6eyJidWNrZXQiOiJpbnRlcnN0aXRpYWwiLCJ2ZXJzaW9uIjpudWxsfSwidGZ3X2V4cGVyaW1lbnRzX2Nvb2tpZV9leHBpcmF0aW9uIjp7ImJ1Y2tldCI6MTIwOTYwMCwidmVyc2lvbiI6bnVsbH0sInRmd19kdXBsaWNhdGVfc2NyaWJlc190b19zZXR0aW5ncyI6eyJidWNrZXQiOiJvbiIsInZlcnNpb24iOm51bGx9LCJ0ZndfdmlkZW9faGxzX2R5bmFtaWNfbWFuaWZlc3RzXzE1MDgyIjp7ImJ1Y2tldCI6InRydWVfYml0cmF0ZSIsInZlcnNpb24iOm51bGx9LCJ0ZndfdHdlZXRfZWRpdF9mcm9udGVuZCI6eyJidWNrZXQiOiJvbiIsInZlcnNpb24iOm51bGx9fQ%3D%3D&amp;frame=false&amp;hideCard=false&amp;hideThread=false&amp;id=1584741650504749056&amp;lang=pt&amp;origin=https%3A%2F%2Fagenciabrasil.ebc.com.br%2Fesportes%2Fnoticia%2F2022-10%2Fem-clima-de-libertadores-flamengo-encara-santos-pelo-brasileirao&amp;sessionId=dc1ac87a5a7056e17c4763a5a5417ec444668509&amp;siteScreenName=agenciabrasil&amp;theme=light&amp;widgetsVersion=1c23387b1f70c%3A1664388199485&amp;width=550px\" frameborder=\"0\" scrolling=\"no\" allowfullscreen=\"allowfullscreen\" data-tweet-id=\"1584741650504749056\" data-mce-fragment=\"1\"><\/iframe><\/div>\n<p>Com moral alto, ap\u00f3s a conquista da Copa do Brasil na semana passada, o Rubro-Negro est\u00e1 invicto no Brasileir\u00e3o h\u00e1 cinco rodadas. A \u00faltima vit\u00f3ria, no s\u00e1bado (22), foi fora de casa, contra o Am\u00e9rica-MG, por 2 a 1. Para o jogo desta noite, a expectativa \u00e9 que o t\u00e9cnico Dorival J\u00fanior poupe ao m\u00e1ximo os\u00a0titulares para a decis\u00e3o de s\u00e1bado (29). Certeza, de fato, ser\u00e1 a escala\u00e7\u00e3o do goleiro Diego Alves, no lugar de Santos. No \u00faltimo treino,\u00a0na tarde de segunda (24), Dorival comandou coletivo com os jogadores David Luiz, \u00c9verton Ribeiro e Pedro.<\/p>\n<div class=\"twitter-tweet twitter-tweet-rendered\"><iframe id=\"twitter-widget-1\" class=\"\" title=\"Twitter Tweet\" src=\"https:\/\/platform.twitter.com\/embed\/Tweet.html?creatorScreenName=agenciabrasil&amp;dnt=false&amp;embedId=twitter-widget-1&amp;features=eyJ0ZndfdGltZWxpbmVfbGlzdCI6eyJidWNrZXQiOlsibGlua3RyLmVlIiwidHIuZWUiLCJ0ZXJyYS5jb20uYnIiLCJ3d3cubGlua3RyLmVlIiwid3d3LnRyLmVlIiwid3d3LnRlcnJhLmNvbS5iciJdLCJ2ZXJzaW9uIjpudWxsfSwidGZ3X2hvcml6b25fdGltZWxpbmVfMTIwMzQiOnsiYnVja2V0IjoidHJlYXRtZW50IiwidmVyc2lvbiI6bnVsbH0sInRmd190d2VldF9lZGl0X2JhY2tlbmQiOnsiYnVja2V0Ijoib24iLCJ2ZXJzaW9uIjpudWxsfSwidGZ3X3JlZnNyY19zZXNzaW9uIjp7ImJ1Y2tldCI6Im9uIiwidmVyc2lvbiI6bnVsbH0sInRmd19jaGluX3BpbGxzXzE0NzQxIjp7ImJ1Y2tldCI6ImNvbG9yX2ljb25zIiwidmVyc2lvbiI6bnVsbH0sInRmd190d2VldF9yZXN1bHRfbWlncmF0aW9uXzEzOTc5Ijp7ImJ1Y2tldCI6InR3ZWV0X3Jlc3VsdCIsInZlcnNpb24iOm51bGx9LCJ0Zndfc2Vuc2l0aXZlX21lZGlhX2ludGVyc3RpdGlhbF8xMzk2MyI6eyJidWNrZXQiOiJpbnRlcnN0aXRpYWwiLCJ2ZXJzaW9uIjpudWxsfSwidGZ3X2V4cGVyaW1lbnRzX2Nvb2tpZV9leHBpcmF0aW9uIjp7ImJ1Y2tldCI6MTIwOTYwMCwidmVyc2lvbiI6bnVsbH0sInRmd19kdXBsaWNhdGVfc2NyaWJlc190b19zZXR0aW5ncyI6eyJidWNrZXQiOiJvbiIsInZlcnNpb24iOm51bGx9LCJ0ZndfdmlkZW9faGxzX2R5bmFtaWNfbWFuaWZlc3RzXzE1MDgyIjp7ImJ1Y2tldCI6InRydWVfYml0cmF0ZSIsInZlcnNpb24iOm51bGx9LCJ0ZndfdHdlZXRfZWRpdF9mcm9udGVuZCI6eyJidWNrZXQiOiJvbiIsInZlcnNpb24iOm51bGx9fQ%3D%3D&amp;frame=false&amp;hideCard=false&amp;hideThread=false&amp;id=1584741544359124995&amp;lang=pt&amp;origin=https%3A%2F%2Fagenciabrasil.ebc.com.br%2Fesportes%2Fnoticia%2F2022-10%2Fem-clima-de-libertadores-flamengo-encara-santos-pelo-brasileirao&amp;sessionId=dc1ac87a5a7056e17c4763a5a5417ec444668509&amp;siteScreenName=agenciabrasil&amp;theme=light&amp;widgetsVersion=1c23387b1f70c%3A1664388199485&amp;width=550px\" frameborder=\"0\" scrolling=\"no\" allowfullscreen=\"allowfullscreen\" data-tweet-id=\"1584741544359124995\" data-mce-fragment=\"1\"><\/iframe><\/div>\n<p>O Santos entra em campo disposto a se recuperar da derrota em casa. por 1 a 0, no cl\u00e1ssico contra o Corinthians, no \u00faltimo s\u00e1bado (22). No entanto, o t\u00e9cnico Orlando Ribeiro ter\u00e1 de contornar v\u00e1rios desfalques. Maicon, Luiz Felipe e Soltedo seguem em recupera\u00e7\u00e3o de les\u00f5es e nem sequer viajaram para o Rio de Janeiro. Outras aus\u00eancias em campo ser\u00e3o Lucas Braga e Lucas Barbosa, ambos suspensos. J\u00e1 Bauermann est\u00e1 \u00e0 disposi\u00e7\u00e3o do treinador ap\u00f3s ter cumprido suspens\u00e3o no cl\u00e1ssico contra o Tim\u00e3o.<\/p>\n<p><strong>Noticias em Destaque<\/strong><\/p>\n<p style=\"text-align: right;\"><em>Fonte: Agencia Brasil<\/em><\/p>\n","protected":false},"excerpt":{"rendered":"<p>Rec\u00e9m tetracampe\u00e3o da Copa do Brasil,\u00a0o Flamengo recebe o Santos na noite desta quarta-feira (25), na abertura da 34\u00aa rodada da S\u00e9rie A do Campeonato Brasileiro. Terceiro colocado na tabela, com 58 pontos, o time carioca entra em campo, com o apoio da torcida, no \u00faltimo duelo antes da decis\u00e3o do t\u00edtulo da Libertadores, no s\u00e1bado (29), contra o Atlhetico-PR, no Equador. J\u00e1 o Peixe, em 12\u00ba lugar (43 pontos), s\u00f3 pensa em vencer para chegar mais pr\u00f3ximo da zona de classifica\u00e7\u00e3o para a Libertadores do ano que vem.\u00a0O duelo \u00e0s 21h45 (hor\u00e1rio de Bras\u00edlia), no Maracan\u00e3, ser\u00e1 transmitido ao vivo na\u00a0R\u00e1dio Nacional,\u00a0com narra\u00e7\u00e3o de Andr\u00e9 Luiz Mendes, coment\u00e1rios de Waldir Luiz e reportagem de Bruno Mendes.\u00a0 Com moral alto, ap\u00f3s a conquista da Copa do Brasil na semana passada, o Rubro-Negro est\u00e1 invicto no Brasileir\u00e3o h\u00e1 cinco rodadas. A \u00faltima vit\u00f3ria, no s\u00e1bado (22), foi fora de casa, contra o Am\u00e9rica-MG, por 2 a 1. Para o jogo desta noite, a expectativa \u00e9 que o t\u00e9cnico Dorival J\u00fanior poupe ao m\u00e1ximo os\u00a0titulares para a decis\u00e3o de s\u00e1bado (29). Certeza, de fato, ser\u00e1 a escala\u00e7\u00e3o do goleiro Diego Alves, no lugar de Santos. No \u00faltimo treino,\u00a0na tarde de segunda (24), Dorival comandou coletivo com os jogadores David Luiz, \u00c9verton Ribeiro e Pedro. O Santos entra em campo disposto a se recuperar da derrota em casa. por 1 a 0, no cl\u00e1ssico contra o Corinthians, no \u00faltimo s\u00e1bado (22). No entanto, o t\u00e9cnico Orlando Ribeiro ter\u00e1 de contornar v\u00e1rios desfalques. Maicon, Luiz Felipe e Soltedo seguem em recupera\u00e7\u00e3o de les\u00f5es e nem sequer viajaram para o Rio de Janeiro. Outras aus\u00eancias em campo ser\u00e3o Lucas Braga e Lucas Barbosa, ambos suspensos. J\u00e1 Bauermann est\u00e1 \u00e0 disposi\u00e7\u00e3o do treinador ap\u00f3s ter cumprido suspens\u00e3o no cl\u00e1ssico contra o Tim\u00e3o. Noticias em Destaque Fonte: Agencia Brasil<\/p>\n","protected":false},"author":2,"featured_media":43601,"comment_status":"closed","ping_status":"open","sticky":false,"template":"","format":"standard","meta":{"_eb_attr":"","_jetpack_memberships_contains_paid_content":false,"footnotes":""},"categories":[15],"tags":[],"class_list":["post-43600","post","type-post","status-publish","format-standard","has-post-thumbnail","hentry","category-esporte"],"yoast_head":"<!-- This site is optimized with the Yoast SEO plugin v26.5 - https:\/\/yoast.com\/wordpress\/plugins\/seo\/ -->\n<title>Em clima de Libertadores, Flamengo encara Santos pelo Brasileir\u00e3o - Not&iacute;cias em Destaque<\/title>\n<meta name=\"robots\" content=\"index, follow, max-snippet:-1, max-image-preview:large, max-video-preview:-1\" \/>\n<link rel=\"canonical\" href=\"https:\/\/noticiasemdestaque.com\/cd\/?p=43600\" \/>\n<meta property=\"og:locale\" content=\"pt_BR\" \/>\n<meta property=\"og:type\" content=\"article\" \/>\n<meta property=\"og:title\" content=\"Em clima de Libertadores, Flamengo encara Santos pelo Brasileir\u00e3o - Not&iacute;cias em Destaque\" \/>\n<meta property=\"og:description\" content=\"Rec\u00e9m tetracampe\u00e3o da Copa do Brasil,\u00a0o Flamengo recebe o Santos na noite desta quarta-feira (25), na abertura da 34\u00aa rodada da S\u00e9rie A do Campeonato Brasileiro. Terceiro colocado na tabela, com 58 pontos, o time carioca entra em campo, com o apoio da torcida, no \u00faltimo duelo antes da decis\u00e3o do t\u00edtulo da Libertadores, no s\u00e1bado (29), contra o Atlhetico-PR, no Equador. J\u00e1 o Peixe, em 12\u00ba lugar (43 pontos), s\u00f3 pensa em vencer para chegar mais pr\u00f3ximo da zona de classifica\u00e7\u00e3o para a Libertadores do ano que vem.\u00a0O duelo \u00e0s 21h45 (hor\u00e1rio de Bras\u00edlia), no Maracan\u00e3, ser\u00e1 transmitido ao vivo na\u00a0R\u00e1dio Nacional,\u00a0com narra\u00e7\u00e3o de Andr\u00e9 Luiz Mendes, coment\u00e1rios de Waldir Luiz e reportagem de Bruno Mendes.\u00a0 Com moral alto, ap\u00f3s a conquista da Copa do Brasil na semana passada, o Rubro-Negro est\u00e1 invicto no Brasileir\u00e3o h\u00e1 cinco rodadas. A \u00faltima vit\u00f3ria, no s\u00e1bado (22), foi fora de casa, contra o Am\u00e9rica-MG, por 2 a 1. Para o jogo desta noite, a expectativa \u00e9 que o t\u00e9cnico Dorival J\u00fanior poupe ao m\u00e1ximo os\u00a0titulares para a decis\u00e3o de s\u00e1bado (29). Certeza, de fato, ser\u00e1 a escala\u00e7\u00e3o do goleiro Diego Alves, no lugar de Santos. No \u00faltimo treino,\u00a0na tarde de segunda (24), Dorival comandou coletivo com os jogadores David Luiz, \u00c9verton Ribeiro e Pedro. O Santos entra em campo disposto a se recuperar da derrota em casa. por 1 a 0, no cl\u00e1ssico contra o Corinthians, no \u00faltimo s\u00e1bado (22). No entanto, o t\u00e9cnico Orlando Ribeiro ter\u00e1 de contornar v\u00e1rios desfalques. Maicon, Luiz Felipe e Soltedo seguem em recupera\u00e7\u00e3o de les\u00f5es e nem sequer viajaram para o Rio de Janeiro. Outras aus\u00eancias em campo ser\u00e3o Lucas Braga e Lucas Barbosa, ambos suspensos. J\u00e1 Bauermann est\u00e1 \u00e0 disposi\u00e7\u00e3o do treinador ap\u00f3s ter cumprido suspens\u00e3o no cl\u00e1ssico contra o Tim\u00e3o. Noticias em Destaque Fonte: Agencia Brasil\" \/>\n<meta property=\"og:url\" content=\"https:\/\/noticiasemdestaque.com\/cd\/?p=43600\" \/>\n<meta property=\"og:site_name\" content=\"Not&iacute;cias em Destaque\" \/>\n<meta property=\"article:published_time\" content=\"2022-10-25T12:16:37+00:00\" \/>\n<meta property=\"og:image\" content=\"https:\/\/noticiasemdestaque.com\/cd\/wp-content\/uploads\/2022\/10\/santos_x_flamengo_brasileiro_02_07_2022.jpg\" \/>\n\t<meta property=\"og:image:width\" content=\"1170\" \/>\n\t<meta property=\"og:image:height\" content=\"700\" \/>\n\t<meta property=\"og:image:type\" content=\"image\/jpeg\" \/>\n<meta name=\"author\" content=\"Not\u00edcias em Destaque\" \/>\n<meta name=\"twitter:card\" content=\"summary_large_image\" \/>\n<meta name=\"twitter:label1\" content=\"Escrito por\" \/>\n\t<meta name=\"twitter:data1\" content=\"Not\u00edcias em Destaque\" \/>\n\t<meta name=\"twitter:label2\" content=\"Est. tempo de leitura\" \/>\n\t<meta name=\"twitter:data2\" content=\"3 minutos\" \/>\n<script type=\"application\/ld+json\" class=\"yoast-schema-graph\">{\"@context\":\"https:\/\/schema.org\",\"@graph\":[{\"@type\":\"Article\",\"@id\":\"https:\/\/noticiasemdestaque.com\/cd\/?p=43600#article\",\"isPartOf\":{\"@id\":\"https:\/\/noticiasemdestaque.com\/cd\/?p=43600\"},\"author\":{\"name\":\"Not\u00edcias em Destaque\",\"@id\":\"https:\/\/noticiasemdestaque.com\/cd\/#\/schema\/person\/4a81fb71f77579d059c3045891fa1786\"},\"headline\":\"Em clima de Libertadores, Flamengo encara Santos pelo Brasileir\u00e3o\",\"datePublished\":\"2022-10-25T12:16:37+00:00\",\"mainEntityOfPage\":{\"@id\":\"https:\/\/noticiasemdestaque.com\/cd\/?p=43600\"},\"wordCount\":339,\"publisher\":{\"@id\":\"https:\/\/noticiasemdestaque.com\/cd\/#organization\"},\"image\":{\"@id\":\"https:\/\/noticiasemdestaque.com\/cd\/?p=43600#primaryimage\"},\"thumbnailUrl\":\"https:\/\/noticiasemdestaque.com\/cd\/wp-content\/uploads\/2022\/10\/santos_x_flamengo_brasileiro_02_07_2022.jpg\",\"articleSection\":[\"Esporte\"],\"inLanguage\":\"pt-BR\"},{\"@type\":\"WebPage\",\"@id\":\"https:\/\/noticiasemdestaque.com\/cd\/?p=43600\",\"url\":\"https:\/\/noticiasemdestaque.com\/cd\/?p=43600\",\"name\":\"Em clima de Libertadores, Flamengo encara Santos pelo Brasileir\u00e3o - Not&iacute;cias em Destaque\",\"isPartOf\":{\"@id\":\"https:\/\/noticiasemdestaque.com\/cd\/#website\"},\"primaryImageOfPage\":{\"@id\":\"https:\/\/noticiasemdestaque.com\/cd\/?p=43600#primaryimage\"},\"image\":{\"@id\":\"https:\/\/noticiasemdestaque.com\/cd\/?p=43600#primaryimage\"},\"thumbnailUrl\":\"https:\/\/noticiasemdestaque.com\/cd\/wp-content\/uploads\/2022\/10\/santos_x_flamengo_brasileiro_02_07_2022.jpg\",\"datePublished\":\"2022-10-25T12:16:37+00:00\",\"breadcrumb\":{\"@id\":\"https:\/\/noticiasemdestaque.com\/cd\/?p=43600#breadcrumb\"},\"inLanguage\":\"pt-BR\",\"potentialAction\":[{\"@type\":\"ReadAction\",\"target\":[\"https:\/\/noticiasemdestaque.com\/cd\/?p=43600\"]}]},{\"@type\":\"ImageObject\",\"inLanguage\":\"pt-BR\",\"@id\":\"https:\/\/noticiasemdestaque.com\/cd\/?p=43600#primaryimage\",\"url\":\"https:\/\/noticiasemdestaque.com\/cd\/wp-content\/uploads\/2022\/10\/santos_x_flamengo_brasileiro_02_07_2022.jpg\",\"contentUrl\":\"https:\/\/noticiasemdestaque.com\/cd\/wp-content\/uploads\/2022\/10\/santos_x_flamengo_brasileiro_02_07_2022.jpg\",\"width\":1170,\"height\":700},{\"@type\":\"BreadcrumbList\",\"@id\":\"https:\/\/noticiasemdestaque.com\/cd\/?p=43600#breadcrumb\",\"itemListElement\":[{\"@type\":\"ListItem\",\"position\":1,\"name\":\"In\u00edcio\",\"item\":\"https:\/\/noticiasemdestaque.com\/cd\/\"},{\"@type\":\"ListItem\",\"position\":2,\"name\":\"Em clima de Libertadores, Flamengo encara Santos pelo Brasileir\u00e3o\"}]},{\"@type\":\"WebSite\",\"@id\":\"https:\/\/noticiasemdestaque.com\/cd\/#website\",\"url\":\"https:\/\/noticiasemdestaque.com\/cd\/\",\"name\":\"Not&iacute;cias em Destaque\",\"description\":\"\",\"publisher\":{\"@id\":\"https:\/\/noticiasemdestaque.com\/cd\/#organization\"},\"potentialAction\":[{\"@type\":\"SearchAction\",\"target\":{\"@type\":\"EntryPoint\",\"urlTemplate\":\"https:\/\/noticiasemdestaque.com\/cd\/?s={search_term_string}\"},\"query-input\":{\"@type\":\"PropertyValueSpecification\",\"valueRequired\":true,\"valueName\":\"search_term_string\"}}],\"inLanguage\":\"pt-BR\"},{\"@type\":\"Organization\",\"@id\":\"https:\/\/noticiasemdestaque.com\/cd\/#organization\",\"name\":\"Not\u00edcias em Destaque\",\"url\":\"https:\/\/noticiasemdestaque.com\/cd\/\",\"logo\":{\"@type\":\"ImageObject\",\"inLanguage\":\"pt-BR\",\"@id\":\"https:\/\/noticiasemdestaque.com\/cd\/#\/schema\/logo\/image\/\",\"url\":\"https:\/\/noticiasemdestaque.com\/cd\/wp-content\/uploads\/2022\/05\/imagem-base-noticiasemdestaque.png\",\"contentUrl\":\"https:\/\/noticiasemdestaque.com\/cd\/wp-content\/uploads\/2022\/05\/imagem-base-noticiasemdestaque.png\",\"width\":1200,\"height\":630,\"caption\":\"Not\u00edcias em Destaque\"},\"image\":{\"@id\":\"https:\/\/noticiasemdestaque.com\/cd\/#\/schema\/logo\/image\/\"}},{\"@type\":\"Person\",\"@id\":\"https:\/\/noticiasemdestaque.com\/cd\/#\/schema\/person\/4a81fb71f77579d059c3045891fa1786\",\"name\":\"Not\u00edcias em Destaque\",\"url\":\"https:\/\/noticiasemdestaque.com\/cd\/?author=2\"}]}<\/script>\n<!-- \/ Yoast SEO plugin. -->","yoast_head_json":{"title":"Em clima de Libertadores, Flamengo encara Santos pelo Brasileir\u00e3o - Not&iacute;cias em Destaque","robots":{"index":"index","follow":"follow","max-snippet":"max-snippet:-1","max-image-preview":"max-image-preview:large","max-video-preview":"max-video-preview:-1"},"canonical":"https:\/\/noticiasemdestaque.com\/cd\/?p=43600","og_locale":"pt_BR","og_type":"article","og_title":"Em clima de Libertadores, Flamengo encara Santos pelo Brasileir\u00e3o - Not&iacute;cias em Destaque","og_description":"Rec\u00e9m tetracampe\u00e3o da Copa do Brasil,\u00a0o Flamengo recebe o Santos na noite desta quarta-feira (25), na abertura da 34\u00aa rodada da S\u00e9rie A do Campeonato Brasileiro. Terceiro colocado na tabela, com 58 pontos, o time carioca entra em campo, com o apoio da torcida, no \u00faltimo duelo antes da decis\u00e3o do t\u00edtulo da Libertadores, no s\u00e1bado (29), contra o Atlhetico-PR, no Equador. J\u00e1 o Peixe, em 12\u00ba lugar (43 pontos), s\u00f3 pensa em vencer para chegar mais pr\u00f3ximo da zona de classifica\u00e7\u00e3o para a Libertadores do ano que vem.\u00a0O duelo \u00e0s 21h45 (hor\u00e1rio de Bras\u00edlia), no Maracan\u00e3, ser\u00e1 transmitido ao vivo na\u00a0R\u00e1dio Nacional,\u00a0com narra\u00e7\u00e3o de Andr\u00e9 Luiz Mendes, coment\u00e1rios de Waldir Luiz e reportagem de Bruno Mendes.\u00a0 Com moral alto, ap\u00f3s a conquista da Copa do Brasil na semana passada, o Rubro-Negro est\u00e1 invicto no Brasileir\u00e3o h\u00e1 cinco rodadas. A \u00faltima vit\u00f3ria, no s\u00e1bado (22), foi fora de casa, contra o Am\u00e9rica-MG, por 2 a 1. Para o jogo desta noite, a expectativa \u00e9 que o t\u00e9cnico Dorival J\u00fanior poupe ao m\u00e1ximo os\u00a0titulares para a decis\u00e3o de s\u00e1bado (29). Certeza, de fato, ser\u00e1 a escala\u00e7\u00e3o do goleiro Diego Alves, no lugar de Santos. No \u00faltimo treino,\u00a0na tarde de segunda (24), Dorival comandou coletivo com os jogadores David Luiz, \u00c9verton Ribeiro e Pedro. O Santos entra em campo disposto a se recuperar da derrota em casa. por 1 a 0, no cl\u00e1ssico contra o Corinthians, no \u00faltimo s\u00e1bado (22). No entanto, o t\u00e9cnico Orlando Ribeiro ter\u00e1 de contornar v\u00e1rios desfalques. Maicon, Luiz Felipe e Soltedo seguem em recupera\u00e7\u00e3o de les\u00f5es e nem sequer viajaram para o Rio de Janeiro. Outras aus\u00eancias em campo ser\u00e3o Lucas Braga e Lucas Barbosa, ambos suspensos. J\u00e1 Bauermann est\u00e1 \u00e0 disposi\u00e7\u00e3o do treinador ap\u00f3s ter cumprido suspens\u00e3o no cl\u00e1ssico contra o Tim\u00e3o. Noticias em Destaque Fonte: Agencia Brasil","og_url":"https:\/\/noticiasemdestaque.com\/cd\/?p=43600","og_site_name":"Not&iacute;cias em Destaque","article_published_time":"2022-10-25T12:16:37+00:00","og_image":[{"width":1170,"height":700,"url":"https:\/\/noticiasemdestaque.com\/cd\/wp-content\/uploads\/2022\/10\/santos_x_flamengo_brasileiro_02_07_2022.jpg","type":"image\/jpeg"}],"author":"Not\u00edcias em Destaque","twitter_card":"summary_large_image","twitter_misc":{"Escrito por":"Not\u00edcias em Destaque","Est. tempo de leitura":"3 minutos"},"schema":{"@context":"https:\/\/schema.org","@graph":[{"@type":"Article","@id":"https:\/\/noticiasemdestaque.com\/cd\/?p=43600#article","isPartOf":{"@id":"https:\/\/noticiasemdestaque.com\/cd\/?p=43600"},"author":{"name":"Not\u00edcias em Destaque","@id":"https:\/\/noticiasemdestaque.com\/cd\/#\/schema\/person\/4a81fb71f77579d059c3045891fa1786"},"headline":"Em clima de Libertadores, Flamengo encara Santos pelo Brasileir\u00e3o","datePublished":"2022-10-25T12:16:37+00:00","mainEntityOfPage":{"@id":"https:\/\/noticiasemdestaque.com\/cd\/?p=43600"},"wordCount":339,"publisher":{"@id":"https:\/\/noticiasemdestaque.com\/cd\/#organization"},"image":{"@id":"https:\/\/noticiasemdestaque.com\/cd\/?p=43600#primaryimage"},"thumbnailUrl":"https:\/\/noticiasemdestaque.com\/cd\/wp-content\/uploads\/2022\/10\/santos_x_flamengo_brasileiro_02_07_2022.jpg","articleSection":["Esporte"],"inLanguage":"pt-BR"},{"@type":"WebPage","@id":"https:\/\/noticiasemdestaque.com\/cd\/?p=43600","url":"https:\/\/noticiasemdestaque.com\/cd\/?p=43600","name":"Em clima de Libertadores, Flamengo encara Santos pelo Brasileir\u00e3o - Not&iacute;cias em Destaque","isPartOf":{"@id":"https:\/\/noticiasemdestaque.com\/cd\/#website"},"primaryImageOfPage":{"@id":"https:\/\/noticiasemdestaque.com\/cd\/?p=43600#primaryimage"},"image":{"@id":"https:\/\/noticiasemdestaque.com\/cd\/?p=43600#primaryimage"},"thumbnailUrl":"https:\/\/noticiasemdestaque.com\/cd\/wp-content\/uploads\/2022\/10\/santos_x_flamengo_brasileiro_02_07_2022.jpg","datePublished":"2022-10-25T12:16:37+00:00","breadcrumb":{"@id":"https:\/\/noticiasemdestaque.com\/cd\/?p=43600#breadcrumb"},"inLanguage":"pt-BR","potentialAction":[{"@type":"ReadAction","target":["https:\/\/noticiasemdestaque.com\/cd\/?p=43600"]}]},{"@type":"ImageObject","inLanguage":"pt-BR","@id":"https:\/\/noticiasemdestaque.com\/cd\/?p=43600#primaryimage","url":"https:\/\/noticiasemdestaque.com\/cd\/wp-content\/uploads\/2022\/10\/santos_x_flamengo_brasileiro_02_07_2022.jpg","contentUrl":"https:\/\/noticiasemdestaque.com\/cd\/wp-content\/uploads\/2022\/10\/santos_x_flamengo_brasileiro_02_07_2022.jpg","width":1170,"height":700},{"@type":"BreadcrumbList","@id":"https:\/\/noticiasemdestaque.com\/cd\/?p=43600#breadcrumb","itemListElement":[{"@type":"ListItem","position":1,"name":"In\u00edcio","item":"https:\/\/noticiasemdestaque.com\/cd\/"},{"@type":"ListItem","position":2,"name":"Em clima de Libertadores, Flamengo encara Santos pelo Brasileir\u00e3o"}]},{"@type":"WebSite","@id":"https:\/\/noticiasemdestaque.com\/cd\/#website","url":"https:\/\/noticiasemdestaque.com\/cd\/","name":"Not&iacute;cias em Destaque","description":"","publisher":{"@id":"https:\/\/noticiasemdestaque.com\/cd\/#organization"},"potentialAction":[{"@type":"SearchAction","target":{"@type":"EntryPoint","urlTemplate":"https:\/\/noticiasemdestaque.com\/cd\/?s={search_term_string}"},"query-input":{"@type":"PropertyValueSpecification","valueRequired":true,"valueName":"search_term_string"}}],"inLanguage":"pt-BR"},{"@type":"Organization","@id":"https:\/\/noticiasemdestaque.com\/cd\/#organization","name":"Not\u00edcias em Destaque","url":"https:\/\/noticiasemdestaque.com\/cd\/","logo":{"@type":"ImageObject","inLanguage":"pt-BR","@id":"https:\/\/noticiasemdestaque.com\/cd\/#\/schema\/logo\/image\/","url":"https:\/\/noticiasemdestaque.com\/cd\/wp-content\/uploads\/2022\/05\/imagem-base-noticiasemdestaque.png","contentUrl":"https:\/\/noticiasemdestaque.com\/cd\/wp-content\/uploads\/2022\/05\/imagem-base-noticiasemdestaque.png","width":1200,"height":630,"caption":"Not\u00edcias em Destaque"},"image":{"@id":"https:\/\/noticiasemdestaque.com\/cd\/#\/schema\/logo\/image\/"}},{"@type":"Person","@id":"https:\/\/noticiasemdestaque.com\/cd\/#\/schema\/person\/4a81fb71f77579d059c3045891fa1786","name":"Not\u00edcias em Destaque","url":"https:\/\/noticiasemdestaque.com\/cd\/?author=2"}]}},"jetpack_featured_media_url":"https:\/\/noticiasemdestaque.com\/cd\/wp-content\/uploads\/2022\/10\/santos_x_flamengo_brasileiro_02_07_2022.jpg","jetpack_sharing_enabled":true,"_links":{"self":[{"href":"https:\/\/noticiasemdestaque.com\/cd\/index.php?rest_route=\/wp\/v2\/posts\/43600","targetHints":{"allow":["GET"]}}],"collection":[{"href":"https:\/\/noticiasemdestaque.com\/cd\/index.php?rest_route=\/wp\/v2\/posts"}],"about":[{"href":"https:\/\/noticiasemdestaque.com\/cd\/index.php?rest_route=\/wp\/v2\/types\/post"}],"author":[{"embeddable":true,"href":"https:\/\/noticiasemdestaque.com\/cd\/index.php?rest_route=\/wp\/v2\/users\/2"}],"replies":[{"embeddable":true,"href":"https:\/\/noticiasemdestaque.com\/cd\/index.php?rest_route=%2Fwp%2Fv2%2Fcomments&post=43600"}],"version-history":[{"count":1,"href":"https:\/\/noticiasemdestaque.com\/cd\/index.php?rest_route=\/wp\/v2\/posts\/43600\/revisions"}],"predecessor-version":[{"id":43602,"href":"https:\/\/noticiasemdestaque.com\/cd\/index.php?rest_route=\/wp\/v2\/posts\/43600\/revisions\/43602"}],"wp:featuredmedia":[{"embeddable":true,"href":"https:\/\/noticiasemdestaque.com\/cd\/index.php?rest_route=\/wp\/v2\/media\/43601"}],"wp:attachment":[{"href":"https:\/\/noticiasemdestaque.com\/cd\/index.php?rest_route=%2Fwp%2Fv2%2Fmedia&parent=43600"}],"wp:term":[{"taxonomy":"category","embeddable":true,"href":"https:\/\/noticiasemdestaque.com\/cd\/index.php?rest_route=%2Fwp%2Fv2%2Fcategories&post=43600"},{"taxonomy":"post_tag","embeddable":true,"href":"https:\/\/noticiasemdestaque.com\/cd\/index.php?rest_route=%2Fwp%2Fv2%2Ftags&post=43600"}],"curies":[{"name":"wp","href":"https:\/\/api.w.org\/{rel}","templated":true}]}}