{"id":43574,"date":"2022-10-24T08:58:42","date_gmt":"2022-10-24T11:58:42","guid":{"rendered":"https:\/\/noticiasemdestaque.com\/cd\/?p=43574"},"modified":"2022-10-24T08:58:42","modified_gmt":"2022-10-24T11:58:42","slug":"inmet-emite-alerta-de-baixa-humidade-com-risco-de-incendios-florestais-para-cidades-do-cariri","status":"publish","type":"post","link":"https:\/\/noticiasemdestaque.com\/cd\/?p=43574","title":{"rendered":"INMET emite alerta de baixa humidade com risco de inc\u00eandios florestais para cidades do Cariri"},"content":{"rendered":"<p><a href=\"https:\/\/noticiasemdestaque.com\/cd\/wp-content\/uploads\/2022\/10\/INCENDIO-2.jpg\"><img fetchpriority=\"high\" decoding=\"async\" class=\"alignnone  wp-image-43575\" src=\"https:\/\/noticiasemdestaque.com\/cd\/wp-content\/uploads\/2022\/10\/INCENDIO-2-300x169.jpg\" alt=\"\" width=\"870\" height=\"490\" srcset=\"https:\/\/noticiasemdestaque.com\/cd\/wp-content\/uploads\/2022\/10\/INCENDIO-2-300x169.jpg 300w, https:\/\/noticiasemdestaque.com\/cd\/wp-content\/uploads\/2022\/10\/INCENDIO-2-1024x576.jpg 1024w, https:\/\/noticiasemdestaque.com\/cd\/wp-content\/uploads\/2022\/10\/INCENDIO-2-768x432.jpg 768w, https:\/\/noticiasemdestaque.com\/cd\/wp-content\/uploads\/2022\/10\/INCENDIO-2-18x10.jpg 18w, https:\/\/noticiasemdestaque.com\/cd\/wp-content\/uploads\/2022\/10\/INCENDIO-2.jpg 1280w\" sizes=\"(max-width: 870px) 100vw, 870px\" \/><\/a><\/p>\n<p>O Instituto Nacional de Meteorologia (Inmet) emitiu um alerta amarelo de perigo potencial devido a baixa umidade em 118 munic\u00edpios da paraibanos. O aviso \u00e9 v\u00e1lido at\u00e9 a noite\u00a0\u00a0deste domingo (23). Al\u00e9m dos 118 munic\u00edpios paraibanos, o alerta \u00e9 extensivo a outros 441 munic\u00edpios de Piau\u00ed, Cear\u00e1, Rio Grande do Norte, Pernambuco, Alagoas, Sergipe e Bahia.<\/p>\n<p>De acordo com o alerta, a umidade relativa do ar deve variar de\u00a030% a 20%. Esse tempo seco provoca\u00a0 \u201cbaixo risco de inc\u00eandios florestais \u00e0 sa\u00fade\u201d.<\/p>\n<p>\u00c9 recomendado que as pessoas dessas cidades bebam bastante \u00e1gua, evitem desgastes f\u00edsicos nas horas mais secas e evitem exposi\u00e7\u00e3o ao sol nas horas mais quentes do dia. Para tirar d\u00favidas, pode-se recorrer \u00e0 Defesa Civil pelo telefone 199 e ao Corpo de Bombeiros pelo telefone 193.<\/p>\n<p><strong>\u00a0Confira as cidades paraibanas afetadas pelo alerta:<\/strong><\/p>\n<ol>\n<li>\u00c1gua Branca<\/li>\n<li>Aguiar<\/li>\n<li><strong>Amparo<\/strong><\/li>\n<li>Aparecida<\/li>\n<li>Areia de Bara\u00fanas<\/li>\n<li><strong>Assun\u00e7\u00e3o<\/strong><\/li>\n<li><strong>Barra de S\u00e3o Miguel<\/strong><\/li>\n<li>Bel\u00e9m do Brejo do Cruz<\/li>\n<li>Bernardino Batista<\/li>\n<li>Boa Ventura<\/li>\n<li>Bom Jesus<\/li>\n<li>\u00a0Bom Sucesso<\/li>\n<li>Bonito de Santa F\u00e9<\/li>\n<li>\u00a0Brejo do Cruz<\/li>\n<li>\u00a0Brejo dos Santos<\/li>\n<li><strong>Cabaceiras<\/strong><\/li>\n<li>\u00a0Cachoeira dos \u00cdndios<\/li>\n<li>\u00a0Cacimba de Areia<\/li>\n<li>\u00a0Cacimbas<\/li>\n<li>\u00a0Cajazeiras<\/li>\n<li>Cajazeirinhas<\/li>\n<li>Camala\u00fa<\/li>\n<li><strong>Cara\u00fabas<\/strong><\/li>\n<li>\u00a0Carrapateira<\/li>\n<li>\u00a0Catingueira<\/li>\n<li>\u00a0Catol\u00e9 do Rocha<\/li>\n<li>\u00a0Concei\u00e7\u00e3o<\/li>\n<li>\u00a0Condado<\/li>\n<li><strong>Congo<\/strong><\/li>\n<li>\u00a0Coremas<\/li>\n<li>\u00a0<strong>Coxixola<\/strong><\/li>\n<li>\u00a0Curral Velho<\/li>\n<li>\u00a0Desterro<\/li>\n<li>Diamante<\/li>\n<li>\u00a0Emas<\/li>\n<li><strong>Gurj\u00e3o<\/strong><\/li>\n<li>\u00a0Ibiara<\/li>\n<li>\u00a0Igaracy<\/li>\n<li>\u00a0Imaculada<\/li>\n<li>Itaporanga<\/li>\n<li>\u00a0Jeric\u00f3<\/li>\n<li>\u00a0Joca Claudino<\/li>\n<li>Juazeirinho<\/li>\n<li>\u00a0Junco do Serid\u00f3<\/li>\n<li>\u00a0Juru<\/li>\n<li>\u00a0Lagoa<\/li>\n<li>\u00a0Lastro<\/li>\n<li>\u00a0<strong>Livramento<\/strong><\/li>\n<li>M\u00e3e d\u2019\u00c1gua<\/li>\n<li>Malta<\/li>\n<li>\u00a0Mana\u00edra<\/li>\n<li>\u00a0Mariz\u00f3polis<\/li>\n<li>\u00a0Mato Grosso<\/li>\n<li>\u00a0Matur\u00e9ia<\/li>\n<li>Monte Horebe<\/li>\n<li><strong>Monteiro<\/strong><\/li>\n<li>Nazarezinho<\/li>\n<li>\u00a0Nova Olinda<\/li>\n<li>Olho d\u2019\u00c1gua<\/li>\n<li>\u00a0<strong>Ouro Velho<\/strong><\/li>\n<li><strong>Parari<\/strong><\/li>\n<li>Passagem<\/li>\n<li>Patos<\/li>\n<li>Paulista<\/li>\n<li>Pedra Branca<\/li>\n<li>Pedra Lavrada<\/li>\n<li>\u00a0Pianc\u00f3<\/li>\n<li>Po\u00e7o Dantas<\/li>\n<li>Po\u00e7o de Jos\u00e9 de Moura<\/li>\n<li>Pombal<\/li>\n<li><strong>Prata<\/strong><\/li>\n<li>\u00a0Princesa Isabel<\/li>\n<li>Quixaba<\/li>\n<li>Riacho dos Cavalos<\/li>\n<li>\u00a0Salgadinho<\/li>\n<li>\u00a0Santa Cruz<\/li>\n<li>\u00a0Santa Helena<\/li>\n<li>Santa In\u00eas<\/li>\n<li>Santa Luzia<\/li>\n<li>Santana de Mangueira<\/li>\n<li>Santana dos Garrotes<\/li>\n<li>Santa Teresinha<\/li>\n<li><strong>Santo Andr\u00e9<\/strong><\/li>\n<li>S\u00e3o Bentinho<\/li>\n<li>S\u00e3o Bento<\/li>\n<li>S\u00e3o Domingos<\/li>\n<li><strong>\u00a0S\u00e3o Domingos do Cariri<\/strong><\/li>\n<li>S\u00e3o Francisco<\/li>\n<li>\u00a0<strong>S\u00e3o Jo\u00e3o do Cariri<\/strong><\/li>\n<li>S\u00e3o Jo\u00e3o do Rio do Peixe<\/li>\n<li>\u00a0<strong>S\u00e3o Jo\u00e3o do Tigre<\/strong><\/li>\n<li>S\u00e3o Jos\u00e9 da Lagoa Tapada<\/li>\n<li>S\u00e3o Jos\u00e9 de Caiana<\/li>\n<li>S\u00e3o Jos\u00e9 de Espinharas<\/li>\n<li>S\u00e3o Jos\u00e9 de Piranhas<\/li>\n<li>S\u00e3o Jos\u00e9 de Princesa<\/li>\n<li>\u00a0S\u00e3o Jos\u00e9 do Bonfim<\/li>\n<li>\u00a0S\u00e3o Jos\u00e9 do Brejo do Cruz<\/li>\n<li>\u00a0S\u00e3o Jos\u00e9 do Sabugi<\/li>\n<li><strong>S\u00e3o Jos\u00e9 dos Cordeiros<\/strong><\/li>\n<li>S\u00e3o Mamede<\/li>\n<li><strong>S\u00e3o Sebasti\u00e3o do Umbuzeiro<\/strong><\/li>\n<li>S\u00e3o Vicente do Serid\u00f3<\/li>\n<li><strong>Serra Branca<\/strong><\/li>\n<li>Serra Grande<\/li>\n<li>Soledade<\/li>\n<li>Sousa<\/li>\n<li><strong>Sum\u00e9<\/strong><\/li>\n<li><strong>\u00a0Tapero\u00e1<\/strong><\/li>\n<li>Tavares<\/li>\n<li>Teixeira<\/li>\n<li>Ten\u00f3rio<\/li>\n<li>Triunfo<\/li>\n<li>Uira\u00fana<\/li>\n<li>\u00a0V\u00e1rzea<\/li>\n<li>\u00a0Vieir\u00f3polis<\/li>\n<li>Vista Serrana<\/li>\n<li><strong>Zabel\u00ea<\/strong><\/li>\n<\/ol>\n<p><strong>Noticias em Destaque<\/strong><\/p>\n<p style=\"text-align: right;\"><em>Fonte: De Olho no Cariri<\/em><strong>\/<\/strong><em>Click PB<\/em><\/p>\n","protected":false},"excerpt":{"rendered":"<p>O Instituto Nacional de Meteorologia (Inmet) emitiu um alerta amarelo de perigo potencial devido a baixa umidade em 118 munic\u00edpios da paraibanos. O aviso \u00e9 v\u00e1lido at\u00e9 a noite\u00a0\u00a0deste domingo (23). Al\u00e9m dos 118 munic\u00edpios paraibanos, o alerta \u00e9 extensivo a outros 441 munic\u00edpios de Piau\u00ed, Cear\u00e1, Rio Grande do Norte, Pernambuco, Alagoas, Sergipe e Bahia. De acordo com o alerta, a umidade relativa do ar deve variar de\u00a030% a 20%. Esse tempo seco provoca\u00a0 \u201cbaixo risco de inc\u00eandios florestais \u00e0 sa\u00fade\u201d. \u00c9 recomendado que as pessoas dessas cidades bebam bastante \u00e1gua, evitem desgastes f\u00edsicos nas horas mais secas e evitem exposi\u00e7\u00e3o ao sol nas horas mais quentes do dia. Para tirar d\u00favidas, pode-se recorrer \u00e0 Defesa Civil pelo telefone 199 e ao Corpo de Bombeiros pelo telefone 193. \u00a0Confira as cidades paraibanas afetadas pelo alerta: \u00c1gua Branca Aguiar Amparo Aparecida Areia de Bara\u00fanas Assun\u00e7\u00e3o Barra de S\u00e3o Miguel Bel\u00e9m do Brejo do Cruz Bernardino Batista Boa Ventura Bom Jesus \u00a0Bom Sucesso Bonito de Santa F\u00e9 \u00a0Brejo do Cruz \u00a0Brejo dos Santos Cabaceiras \u00a0Cachoeira dos \u00cdndios \u00a0Cacimba de Areia \u00a0Cacimbas \u00a0Cajazeiras Cajazeirinhas Camala\u00fa Cara\u00fabas \u00a0Carrapateira \u00a0Catingueira \u00a0Catol\u00e9 do Rocha \u00a0Concei\u00e7\u00e3o \u00a0Condado Congo \u00a0Coremas \u00a0Coxixola \u00a0Curral Velho \u00a0Desterro Diamante \u00a0Emas Gurj\u00e3o \u00a0Ibiara \u00a0Igaracy \u00a0Imaculada Itaporanga \u00a0Jeric\u00f3 \u00a0Joca Claudino Juazeirinho \u00a0Junco do Serid\u00f3 \u00a0Juru \u00a0Lagoa \u00a0Lastro \u00a0Livramento M\u00e3e d\u2019\u00c1gua Malta \u00a0Mana\u00edra \u00a0Mariz\u00f3polis \u00a0Mato Grosso \u00a0Matur\u00e9ia Monte Horebe Monteiro Nazarezinho \u00a0Nova Olinda Olho d\u2019\u00c1gua \u00a0Ouro Velho Parari Passagem Patos Paulista Pedra Branca Pedra Lavrada \u00a0Pianc\u00f3 Po\u00e7o Dantas Po\u00e7o de Jos\u00e9 de Moura Pombal Prata \u00a0Princesa Isabel Quixaba Riacho dos Cavalos \u00a0Salgadinho \u00a0Santa Cruz \u00a0Santa Helena Santa In\u00eas Santa Luzia Santana de Mangueira Santana dos Garrotes Santa Teresinha Santo Andr\u00e9 S\u00e3o Bentinho S\u00e3o Bento S\u00e3o Domingos \u00a0S\u00e3o Domingos do Cariri S\u00e3o Francisco \u00a0S\u00e3o Jo\u00e3o do Cariri S\u00e3o Jo\u00e3o do Rio do Peixe \u00a0S\u00e3o Jo\u00e3o do Tigre S\u00e3o Jos\u00e9 da Lagoa Tapada S\u00e3o Jos\u00e9 de Caiana S\u00e3o Jos\u00e9 de Espinharas S\u00e3o Jos\u00e9 de Piranhas S\u00e3o Jos\u00e9 de Princesa \u00a0S\u00e3o Jos\u00e9 do Bonfim \u00a0S\u00e3o Jos\u00e9 do Brejo do Cruz \u00a0S\u00e3o Jos\u00e9 do Sabugi S\u00e3o Jos\u00e9 dos Cordeiros S\u00e3o Mamede S\u00e3o Sebasti\u00e3o do Umbuzeiro S\u00e3o Vicente do Serid\u00f3 Serra Branca Serra Grande Soledade Sousa Sum\u00e9 \u00a0Tapero\u00e1 Tavares Teixeira Ten\u00f3rio Triunfo Uira\u00fana \u00a0V\u00e1rzea \u00a0Vieir\u00f3polis Vista Serrana Zabel\u00ea Noticias em Destaque Fonte: De Olho no Cariri\/Click PB<\/p>\n","protected":false},"author":2,"featured_media":43575,"comment_status":"closed","ping_status":"open","sticky":false,"template":"","format":"standard","meta":{"_eb_attr":"","_jetpack_memberships_contains_paid_content":false,"footnotes":""},"categories":[3],"tags":[],"class_list":["post-43574","post","type-post","status-publish","format-standard","has-post-thumbnail","hentry","category-cidades"],"yoast_head":"<!-- This site is optimized with the Yoast SEO plugin v26.5 - https:\/\/yoast.com\/wordpress\/plugins\/seo\/ -->\n<title>INMET emite alerta de baixa humidade com risco de inc\u00eandios florestais para cidades do Cariri - Not&iacute;cias em Destaque<\/title>\n<meta name=\"robots\" content=\"index, follow, max-snippet:-1, max-image-preview:large, max-video-preview:-1\" \/>\n<link rel=\"canonical\" href=\"https:\/\/noticiasemdestaque.com\/cd\/?p=43574\" \/>\n<meta property=\"og:locale\" content=\"pt_BR\" \/>\n<meta property=\"og:type\" content=\"article\" \/>\n<meta property=\"og:title\" content=\"INMET emite alerta de baixa humidade com risco de inc\u00eandios florestais para cidades do Cariri - Not&iacute;cias em Destaque\" \/>\n<meta property=\"og:description\" content=\"O Instituto Nacional de Meteorologia (Inmet) emitiu um alerta amarelo de perigo potencial devido a baixa umidade em 118 munic\u00edpios da paraibanos. O aviso \u00e9 v\u00e1lido at\u00e9 a noite\u00a0\u00a0deste domingo (23). Al\u00e9m dos 118 munic\u00edpios paraibanos, o alerta \u00e9 extensivo a outros 441 munic\u00edpios de Piau\u00ed, Cear\u00e1, Rio Grande do Norte, Pernambuco, Alagoas, Sergipe e Bahia. De acordo com o alerta, a umidade relativa do ar deve variar de\u00a030% a 20%. Esse tempo seco provoca\u00a0 \u201cbaixo risco de inc\u00eandios florestais \u00e0 sa\u00fade\u201d. \u00c9 recomendado que as pessoas dessas cidades bebam bastante \u00e1gua, evitem desgastes f\u00edsicos nas horas mais secas e evitem exposi\u00e7\u00e3o ao sol nas horas mais quentes do dia. Para tirar d\u00favidas, pode-se recorrer \u00e0 Defesa Civil pelo telefone 199 e ao Corpo de Bombeiros pelo telefone 193. \u00a0Confira as cidades paraibanas afetadas pelo alerta: \u00c1gua Branca Aguiar Amparo Aparecida Areia de Bara\u00fanas Assun\u00e7\u00e3o Barra de S\u00e3o Miguel Bel\u00e9m do Brejo do Cruz Bernardino Batista Boa Ventura Bom Jesus \u00a0Bom Sucesso Bonito de Santa F\u00e9 \u00a0Brejo do Cruz \u00a0Brejo dos Santos Cabaceiras \u00a0Cachoeira dos \u00cdndios \u00a0Cacimba de Areia \u00a0Cacimbas \u00a0Cajazeiras Cajazeirinhas Camala\u00fa Cara\u00fabas \u00a0Carrapateira \u00a0Catingueira \u00a0Catol\u00e9 do Rocha \u00a0Concei\u00e7\u00e3o \u00a0Condado Congo \u00a0Coremas \u00a0Coxixola \u00a0Curral Velho \u00a0Desterro Diamante \u00a0Emas Gurj\u00e3o \u00a0Ibiara \u00a0Igaracy \u00a0Imaculada Itaporanga \u00a0Jeric\u00f3 \u00a0Joca Claudino Juazeirinho \u00a0Junco do Serid\u00f3 \u00a0Juru \u00a0Lagoa \u00a0Lastro \u00a0Livramento M\u00e3e d\u2019\u00c1gua Malta \u00a0Mana\u00edra \u00a0Mariz\u00f3polis \u00a0Mato Grosso \u00a0Matur\u00e9ia Monte Horebe Monteiro Nazarezinho \u00a0Nova Olinda Olho d\u2019\u00c1gua \u00a0Ouro Velho Parari Passagem Patos Paulista Pedra Branca Pedra Lavrada \u00a0Pianc\u00f3 Po\u00e7o Dantas Po\u00e7o de Jos\u00e9 de Moura Pombal Prata \u00a0Princesa Isabel Quixaba Riacho dos Cavalos \u00a0Salgadinho \u00a0Santa Cruz \u00a0Santa Helena Santa In\u00eas Santa Luzia Santana de Mangueira Santana dos Garrotes Santa Teresinha Santo Andr\u00e9 S\u00e3o Bentinho S\u00e3o Bento S\u00e3o Domingos \u00a0S\u00e3o Domingos do Cariri S\u00e3o Francisco \u00a0S\u00e3o Jo\u00e3o do Cariri S\u00e3o Jo\u00e3o do Rio do Peixe \u00a0S\u00e3o Jo\u00e3o do Tigre S\u00e3o Jos\u00e9 da Lagoa Tapada S\u00e3o Jos\u00e9 de Caiana S\u00e3o Jos\u00e9 de Espinharas S\u00e3o Jos\u00e9 de Piranhas S\u00e3o Jos\u00e9 de Princesa \u00a0S\u00e3o Jos\u00e9 do Bonfim \u00a0S\u00e3o Jos\u00e9 do Brejo do Cruz \u00a0S\u00e3o Jos\u00e9 do Sabugi S\u00e3o Jos\u00e9 dos Cordeiros S\u00e3o Mamede S\u00e3o Sebasti\u00e3o do Umbuzeiro S\u00e3o Vicente do Serid\u00f3 Serra Branca Serra Grande Soledade Sousa Sum\u00e9 \u00a0Tapero\u00e1 Tavares Teixeira Ten\u00f3rio Triunfo Uira\u00fana \u00a0V\u00e1rzea \u00a0Vieir\u00f3polis Vista Serrana Zabel\u00ea Noticias em Destaque Fonte: De Olho no Cariri\/Click PB\" \/>\n<meta property=\"og:url\" content=\"https:\/\/noticiasemdestaque.com\/cd\/?p=43574\" \/>\n<meta property=\"og:site_name\" content=\"Not&iacute;cias em Destaque\" \/>\n<meta property=\"article:published_time\" content=\"2022-10-24T11:58:42+00:00\" \/>\n<meta property=\"og:image\" content=\"https:\/\/noticiasemdestaque.com\/cd\/wp-content\/uploads\/2022\/10\/INCENDIO-2.jpg\" \/>\n\t<meta property=\"og:image:width\" content=\"1280\" \/>\n\t<meta property=\"og:image:height\" content=\"720\" \/>\n\t<meta property=\"og:image:type\" content=\"image\/jpeg\" \/>\n<meta name=\"author\" content=\"Not\u00edcias em Destaque\" \/>\n<meta name=\"twitter:card\" content=\"summary_large_image\" \/>\n<meta name=\"twitter:label1\" content=\"Escrito por\" \/>\n\t<meta name=\"twitter:data1\" content=\"Not\u00edcias em Destaque\" \/>\n\t<meta name=\"twitter:label2\" content=\"Est. tempo de leitura\" \/>\n\t<meta name=\"twitter:data2\" content=\"3 minutos\" \/>\n<script type=\"application\/ld+json\" class=\"yoast-schema-graph\">{\"@context\":\"https:\/\/schema.org\",\"@graph\":[{\"@type\":\"Article\",\"@id\":\"https:\/\/noticiasemdestaque.com\/cd\/?p=43574#article\",\"isPartOf\":{\"@id\":\"https:\/\/noticiasemdestaque.com\/cd\/?p=43574\"},\"author\":{\"name\":\"Not\u00edcias em Destaque\",\"@id\":\"https:\/\/noticiasemdestaque.com\/cd\/#\/schema\/person\/4a81fb71f77579d059c3045891fa1786\"},\"headline\":\"INMET emite alerta de baixa humidade com risco de inc\u00eandios florestais para cidades do Cariri\",\"datePublished\":\"2022-10-24T11:58:42+00:00\",\"mainEntityOfPage\":{\"@id\":\"https:\/\/noticiasemdestaque.com\/cd\/?p=43574\"},\"wordCount\":438,\"publisher\":{\"@id\":\"https:\/\/noticiasemdestaque.com\/cd\/#organization\"},\"image\":{\"@id\":\"https:\/\/noticiasemdestaque.com\/cd\/?p=43574#primaryimage\"},\"thumbnailUrl\":\"https:\/\/noticiasemdestaque.com\/cd\/wp-content\/uploads\/2022\/10\/INCENDIO-2.jpg\",\"articleSection\":[\"Cidades\"],\"inLanguage\":\"pt-BR\"},{\"@type\":\"WebPage\",\"@id\":\"https:\/\/noticiasemdestaque.com\/cd\/?p=43574\",\"url\":\"https:\/\/noticiasemdestaque.com\/cd\/?p=43574\",\"name\":\"INMET emite alerta de baixa humidade com risco de inc\u00eandios florestais para cidades do Cariri - Not&iacute;cias em Destaque\",\"isPartOf\":{\"@id\":\"https:\/\/noticiasemdestaque.com\/cd\/#website\"},\"primaryImageOfPage\":{\"@id\":\"https:\/\/noticiasemdestaque.com\/cd\/?p=43574#primaryimage\"},\"image\":{\"@id\":\"https:\/\/noticiasemdestaque.com\/cd\/?p=43574#primaryimage\"},\"thumbnailUrl\":\"https:\/\/noticiasemdestaque.com\/cd\/wp-content\/uploads\/2022\/10\/INCENDIO-2.jpg\",\"datePublished\":\"2022-10-24T11:58:42+00:00\",\"breadcrumb\":{\"@id\":\"https:\/\/noticiasemdestaque.com\/cd\/?p=43574#breadcrumb\"},\"inLanguage\":\"pt-BR\",\"potentialAction\":[{\"@type\":\"ReadAction\",\"target\":[\"https:\/\/noticiasemdestaque.com\/cd\/?p=43574\"]}]},{\"@type\":\"ImageObject\",\"inLanguage\":\"pt-BR\",\"@id\":\"https:\/\/noticiasemdestaque.com\/cd\/?p=43574#primaryimage\",\"url\":\"https:\/\/noticiasemdestaque.com\/cd\/wp-content\/uploads\/2022\/10\/INCENDIO-2.jpg\",\"contentUrl\":\"https:\/\/noticiasemdestaque.com\/cd\/wp-content\/uploads\/2022\/10\/INCENDIO-2.jpg\",\"width\":1280,\"height\":720},{\"@type\":\"BreadcrumbList\",\"@id\":\"https:\/\/noticiasemdestaque.com\/cd\/?p=43574#breadcrumb\",\"itemListElement\":[{\"@type\":\"ListItem\",\"position\":1,\"name\":\"In\u00edcio\",\"item\":\"https:\/\/noticiasemdestaque.com\/cd\/\"},{\"@type\":\"ListItem\",\"position\":2,\"name\":\"INMET emite alerta de baixa humidade com risco de inc\u00eandios florestais para cidades do Cariri\"}]},{\"@type\":\"WebSite\",\"@id\":\"https:\/\/noticiasemdestaque.com\/cd\/#website\",\"url\":\"https:\/\/noticiasemdestaque.com\/cd\/\",\"name\":\"Not&iacute;cias em Destaque\",\"description\":\"\",\"publisher\":{\"@id\":\"https:\/\/noticiasemdestaque.com\/cd\/#organization\"},\"potentialAction\":[{\"@type\":\"SearchAction\",\"target\":{\"@type\":\"EntryPoint\",\"urlTemplate\":\"https:\/\/noticiasemdestaque.com\/cd\/?s={search_term_string}\"},\"query-input\":{\"@type\":\"PropertyValueSpecification\",\"valueRequired\":true,\"valueName\":\"search_term_string\"}}],\"inLanguage\":\"pt-BR\"},{\"@type\":\"Organization\",\"@id\":\"https:\/\/noticiasemdestaque.com\/cd\/#organization\",\"name\":\"Not\u00edcias em Destaque\",\"url\":\"https:\/\/noticiasemdestaque.com\/cd\/\",\"logo\":{\"@type\":\"ImageObject\",\"inLanguage\":\"pt-BR\",\"@id\":\"https:\/\/noticiasemdestaque.com\/cd\/#\/schema\/logo\/image\/\",\"url\":\"https:\/\/noticiasemdestaque.com\/cd\/wp-content\/uploads\/2022\/05\/imagem-base-noticiasemdestaque.png\",\"contentUrl\":\"https:\/\/noticiasemdestaque.com\/cd\/wp-content\/uploads\/2022\/05\/imagem-base-noticiasemdestaque.png\",\"width\":1200,\"height\":630,\"caption\":\"Not\u00edcias em Destaque\"},\"image\":{\"@id\":\"https:\/\/noticiasemdestaque.com\/cd\/#\/schema\/logo\/image\/\"}},{\"@type\":\"Person\",\"@id\":\"https:\/\/noticiasemdestaque.com\/cd\/#\/schema\/person\/4a81fb71f77579d059c3045891fa1786\",\"name\":\"Not\u00edcias em Destaque\",\"url\":\"https:\/\/noticiasemdestaque.com\/cd\/?author=2\"}]}<\/script>\n<!-- \/ Yoast SEO plugin. -->","yoast_head_json":{"title":"INMET emite alerta de baixa humidade com risco de inc\u00eandios florestais para cidades do Cariri - Not&iacute;cias em Destaque","robots":{"index":"index","follow":"follow","max-snippet":"max-snippet:-1","max-image-preview":"max-image-preview:large","max-video-preview":"max-video-preview:-1"},"canonical":"https:\/\/noticiasemdestaque.com\/cd\/?p=43574","og_locale":"pt_BR","og_type":"article","og_title":"INMET emite alerta de baixa humidade com risco de inc\u00eandios florestais para cidades do Cariri - Not&iacute;cias em Destaque","og_description":"O Instituto Nacional de Meteorologia (Inmet) emitiu um alerta amarelo de perigo potencial devido a baixa umidade em 118 munic\u00edpios da paraibanos. O aviso \u00e9 v\u00e1lido at\u00e9 a noite\u00a0\u00a0deste domingo (23). Al\u00e9m dos 118 munic\u00edpios paraibanos, o alerta \u00e9 extensivo a outros 441 munic\u00edpios de Piau\u00ed, Cear\u00e1, Rio Grande do Norte, Pernambuco, Alagoas, Sergipe e Bahia. De acordo com o alerta, a umidade relativa do ar deve variar de\u00a030% a 20%. Esse tempo seco provoca\u00a0 \u201cbaixo risco de inc\u00eandios florestais \u00e0 sa\u00fade\u201d. \u00c9 recomendado que as pessoas dessas cidades bebam bastante \u00e1gua, evitem desgastes f\u00edsicos nas horas mais secas e evitem exposi\u00e7\u00e3o ao sol nas horas mais quentes do dia. Para tirar d\u00favidas, pode-se recorrer \u00e0 Defesa Civil pelo telefone 199 e ao Corpo de Bombeiros pelo telefone 193. \u00a0Confira as cidades paraibanas afetadas pelo alerta: \u00c1gua Branca Aguiar Amparo Aparecida Areia de Bara\u00fanas Assun\u00e7\u00e3o Barra de S\u00e3o Miguel Bel\u00e9m do Brejo do Cruz Bernardino Batista Boa Ventura Bom Jesus \u00a0Bom Sucesso Bonito de Santa F\u00e9 \u00a0Brejo do Cruz \u00a0Brejo dos Santos Cabaceiras \u00a0Cachoeira dos \u00cdndios \u00a0Cacimba de Areia \u00a0Cacimbas \u00a0Cajazeiras Cajazeirinhas Camala\u00fa Cara\u00fabas \u00a0Carrapateira \u00a0Catingueira \u00a0Catol\u00e9 do Rocha \u00a0Concei\u00e7\u00e3o \u00a0Condado Congo \u00a0Coremas \u00a0Coxixola \u00a0Curral Velho \u00a0Desterro Diamante \u00a0Emas Gurj\u00e3o \u00a0Ibiara \u00a0Igaracy \u00a0Imaculada Itaporanga \u00a0Jeric\u00f3 \u00a0Joca Claudino Juazeirinho \u00a0Junco do Serid\u00f3 \u00a0Juru \u00a0Lagoa \u00a0Lastro \u00a0Livramento M\u00e3e d\u2019\u00c1gua Malta \u00a0Mana\u00edra \u00a0Mariz\u00f3polis \u00a0Mato Grosso \u00a0Matur\u00e9ia Monte Horebe Monteiro Nazarezinho \u00a0Nova Olinda Olho d\u2019\u00c1gua \u00a0Ouro Velho Parari Passagem Patos Paulista Pedra Branca Pedra Lavrada \u00a0Pianc\u00f3 Po\u00e7o Dantas Po\u00e7o de Jos\u00e9 de Moura Pombal Prata \u00a0Princesa Isabel Quixaba Riacho dos Cavalos \u00a0Salgadinho \u00a0Santa Cruz \u00a0Santa Helena Santa In\u00eas Santa Luzia Santana de Mangueira Santana dos Garrotes Santa Teresinha Santo Andr\u00e9 S\u00e3o Bentinho S\u00e3o Bento S\u00e3o Domingos \u00a0S\u00e3o Domingos do Cariri S\u00e3o Francisco \u00a0S\u00e3o Jo\u00e3o do Cariri S\u00e3o Jo\u00e3o do Rio do Peixe \u00a0S\u00e3o Jo\u00e3o do Tigre S\u00e3o Jos\u00e9 da Lagoa Tapada S\u00e3o Jos\u00e9 de Caiana S\u00e3o Jos\u00e9 de Espinharas S\u00e3o Jos\u00e9 de Piranhas S\u00e3o Jos\u00e9 de Princesa \u00a0S\u00e3o Jos\u00e9 do Bonfim \u00a0S\u00e3o Jos\u00e9 do Brejo do Cruz \u00a0S\u00e3o Jos\u00e9 do Sabugi S\u00e3o Jos\u00e9 dos Cordeiros S\u00e3o Mamede S\u00e3o Sebasti\u00e3o do Umbuzeiro S\u00e3o Vicente do Serid\u00f3 Serra Branca Serra Grande Soledade Sousa Sum\u00e9 \u00a0Tapero\u00e1 Tavares Teixeira Ten\u00f3rio Triunfo Uira\u00fana \u00a0V\u00e1rzea \u00a0Vieir\u00f3polis Vista Serrana Zabel\u00ea Noticias em Destaque Fonte: De Olho no Cariri\/Click PB","og_url":"https:\/\/noticiasemdestaque.com\/cd\/?p=43574","og_site_name":"Not&iacute;cias em Destaque","article_published_time":"2022-10-24T11:58:42+00:00","og_image":[{"width":1280,"height":720,"url":"https:\/\/noticiasemdestaque.com\/cd\/wp-content\/uploads\/2022\/10\/INCENDIO-2.jpg","type":"image\/jpeg"}],"author":"Not\u00edcias em Destaque","twitter_card":"summary_large_image","twitter_misc":{"Escrito por":"Not\u00edcias em Destaque","Est. tempo de leitura":"3 minutos"},"schema":{"@context":"https:\/\/schema.org","@graph":[{"@type":"Article","@id":"https:\/\/noticiasemdestaque.com\/cd\/?p=43574#article","isPartOf":{"@id":"https:\/\/noticiasemdestaque.com\/cd\/?p=43574"},"author":{"name":"Not\u00edcias em Destaque","@id":"https:\/\/noticiasemdestaque.com\/cd\/#\/schema\/person\/4a81fb71f77579d059c3045891fa1786"},"headline":"INMET emite alerta de baixa humidade com risco de inc\u00eandios florestais para cidades do Cariri","datePublished":"2022-10-24T11:58:42+00:00","mainEntityOfPage":{"@id":"https:\/\/noticiasemdestaque.com\/cd\/?p=43574"},"wordCount":438,"publisher":{"@id":"https:\/\/noticiasemdestaque.com\/cd\/#organization"},"image":{"@id":"https:\/\/noticiasemdestaque.com\/cd\/?p=43574#primaryimage"},"thumbnailUrl":"https:\/\/noticiasemdestaque.com\/cd\/wp-content\/uploads\/2022\/10\/INCENDIO-2.jpg","articleSection":["Cidades"],"inLanguage":"pt-BR"},{"@type":"WebPage","@id":"https:\/\/noticiasemdestaque.com\/cd\/?p=43574","url":"https:\/\/noticiasemdestaque.com\/cd\/?p=43574","name":"INMET emite alerta de baixa humidade com risco de inc\u00eandios florestais para cidades do Cariri - Not&iacute;cias em Destaque","isPartOf":{"@id":"https:\/\/noticiasemdestaque.com\/cd\/#website"},"primaryImageOfPage":{"@id":"https:\/\/noticiasemdestaque.com\/cd\/?p=43574#primaryimage"},"image":{"@id":"https:\/\/noticiasemdestaque.com\/cd\/?p=43574#primaryimage"},"thumbnailUrl":"https:\/\/noticiasemdestaque.com\/cd\/wp-content\/uploads\/2022\/10\/INCENDIO-2.jpg","datePublished":"2022-10-24T11:58:42+00:00","breadcrumb":{"@id":"https:\/\/noticiasemdestaque.com\/cd\/?p=43574#breadcrumb"},"inLanguage":"pt-BR","potentialAction":[{"@type":"ReadAction","target":["https:\/\/noticiasemdestaque.com\/cd\/?p=43574"]}]},{"@type":"ImageObject","inLanguage":"pt-BR","@id":"https:\/\/noticiasemdestaque.com\/cd\/?p=43574#primaryimage","url":"https:\/\/noticiasemdestaque.com\/cd\/wp-content\/uploads\/2022\/10\/INCENDIO-2.jpg","contentUrl":"https:\/\/noticiasemdestaque.com\/cd\/wp-content\/uploads\/2022\/10\/INCENDIO-2.jpg","width":1280,"height":720},{"@type":"BreadcrumbList","@id":"https:\/\/noticiasemdestaque.com\/cd\/?p=43574#breadcrumb","itemListElement":[{"@type":"ListItem","position":1,"name":"In\u00edcio","item":"https:\/\/noticiasemdestaque.com\/cd\/"},{"@type":"ListItem","position":2,"name":"INMET emite alerta de baixa humidade com risco de inc\u00eandios florestais para cidades do Cariri"}]},{"@type":"WebSite","@id":"https:\/\/noticiasemdestaque.com\/cd\/#website","url":"https:\/\/noticiasemdestaque.com\/cd\/","name":"Not&iacute;cias em Destaque","description":"","publisher":{"@id":"https:\/\/noticiasemdestaque.com\/cd\/#organization"},"potentialAction":[{"@type":"SearchAction","target":{"@type":"EntryPoint","urlTemplate":"https:\/\/noticiasemdestaque.com\/cd\/?s={search_term_string}"},"query-input":{"@type":"PropertyValueSpecification","valueRequired":true,"valueName":"search_term_string"}}],"inLanguage":"pt-BR"},{"@type":"Organization","@id":"https:\/\/noticiasemdestaque.com\/cd\/#organization","name":"Not\u00edcias em Destaque","url":"https:\/\/noticiasemdestaque.com\/cd\/","logo":{"@type":"ImageObject","inLanguage":"pt-BR","@id":"https:\/\/noticiasemdestaque.com\/cd\/#\/schema\/logo\/image\/","url":"https:\/\/noticiasemdestaque.com\/cd\/wp-content\/uploads\/2022\/05\/imagem-base-noticiasemdestaque.png","contentUrl":"https:\/\/noticiasemdestaque.com\/cd\/wp-content\/uploads\/2022\/05\/imagem-base-noticiasemdestaque.png","width":1200,"height":630,"caption":"Not\u00edcias em Destaque"},"image":{"@id":"https:\/\/noticiasemdestaque.com\/cd\/#\/schema\/logo\/image\/"}},{"@type":"Person","@id":"https:\/\/noticiasemdestaque.com\/cd\/#\/schema\/person\/4a81fb71f77579d059c3045891fa1786","name":"Not\u00edcias em Destaque","url":"https:\/\/noticiasemdestaque.com\/cd\/?author=2"}]}},"jetpack_featured_media_url":"https:\/\/noticiasemdestaque.com\/cd\/wp-content\/uploads\/2022\/10\/INCENDIO-2.jpg","jetpack_sharing_enabled":true,"_links":{"self":[{"href":"https:\/\/noticiasemdestaque.com\/cd\/index.php?rest_route=\/wp\/v2\/posts\/43574","targetHints":{"allow":["GET"]}}],"collection":[{"href":"https:\/\/noticiasemdestaque.com\/cd\/index.php?rest_route=\/wp\/v2\/posts"}],"about":[{"href":"https:\/\/noticiasemdestaque.com\/cd\/index.php?rest_route=\/wp\/v2\/types\/post"}],"author":[{"embeddable":true,"href":"https:\/\/noticiasemdestaque.com\/cd\/index.php?rest_route=\/wp\/v2\/users\/2"}],"replies":[{"embeddable":true,"href":"https:\/\/noticiasemdestaque.com\/cd\/index.php?rest_route=%2Fwp%2Fv2%2Fcomments&post=43574"}],"version-history":[{"count":1,"href":"https:\/\/noticiasemdestaque.com\/cd\/index.php?rest_route=\/wp\/v2\/posts\/43574\/revisions"}],"predecessor-version":[{"id":43576,"href":"https:\/\/noticiasemdestaque.com\/cd\/index.php?rest_route=\/wp\/v2\/posts\/43574\/revisions\/43576"}],"wp:featuredmedia":[{"embeddable":true,"href":"https:\/\/noticiasemdestaque.com\/cd\/index.php?rest_route=\/wp\/v2\/media\/43575"}],"wp:attachment":[{"href":"https:\/\/noticiasemdestaque.com\/cd\/index.php?rest_route=%2Fwp%2Fv2%2Fmedia&parent=43574"}],"wp:term":[{"taxonomy":"category","embeddable":true,"href":"https:\/\/noticiasemdestaque.com\/cd\/index.php?rest_route=%2Fwp%2Fv2%2Fcategories&post=43574"},{"taxonomy":"post_tag","embeddable":true,"href":"https:\/\/noticiasemdestaque.com\/cd\/index.php?rest_route=%2Fwp%2Fv2%2Ftags&post=43574"}],"curies":[{"name":"wp","href":"https:\/\/api.w.org\/{rel}","templated":true}]}}