{"id":43571,"date":"2022-10-24T08:44:20","date_gmt":"2022-10-24T11:44:20","guid":{"rendered":"https:\/\/noticiasemdestaque.com\/cd\/?p=43571"},"modified":"2022-10-24T08:44:20","modified_gmt":"2022-10-24T11:44:20","slug":"roberto-jefferson-chega-a-cadeia-no-rio-14-horas-depois-de-reagir-a-prisao-e-de-atacar-a-policia-federal-a-tiros","status":"publish","type":"post","link":"https:\/\/noticiasemdestaque.com\/cd\/?p=43571","title":{"rendered":"Roberto Jefferson chega a cadeia no Rio 14 horas depois de reagir \u00e0 pris\u00e3o e de atacar a Pol\u00edcia Federal a tiros"},"content":{"rendered":"<p><a href=\"https:\/\/noticiasemdestaque.com\/cd\/wp-content\/uploads\/2022\/10\/24jeff1.jpg\"><img fetchpriority=\"high\" decoding=\"async\" class=\"alignnone  wp-image-43572\" src=\"https:\/\/noticiasemdestaque.com\/cd\/wp-content\/uploads\/2022\/10\/24jeff1-300x200.jpg\" alt=\"\" width=\"876\" height=\"584\" srcset=\"https:\/\/noticiasemdestaque.com\/cd\/wp-content\/uploads\/2022\/10\/24jeff1-300x200.jpg 300w, https:\/\/noticiasemdestaque.com\/cd\/wp-content\/uploads\/2022\/10\/24jeff1-768x513.jpg 768w, https:\/\/noticiasemdestaque.com\/cd\/wp-content\/uploads\/2022\/10\/24jeff1-18x12.jpg 18w, https:\/\/noticiasemdestaque.com\/cd\/wp-content\/uploads\/2022\/10\/24jeff1.jpg 876w\" sizes=\"(max-width: 876px) 100vw, 876px\" \/><\/a><\/p>\n<p>O ex-deputado Roberto Jefferson (PTB) chegou no in\u00edcio da madrugada desta segunda-feira (24) ao Pres\u00eddio de Benfica, na Zona Norte do Rio, cerca de 14 horas depois de receber voz de pris\u00e3o da Pol\u00edcia Federal (PF) e de reagir a tiros e granadas, na manh\u00e3 de domingo (23).<\/p>\n<p>Havia a previs\u00e3o de transfer\u00eancia, ainda nesta segunda, para Bangu 8, no Complexo Penitenci\u00e1rio de Gericin\u00f3.<\/p>\n<p>Do ataque aos agentes, por volta das 11h de domingo, \u00e0 chegada a Benfica, \u00e0 1h15 desta segunda, foram 14 horas de tens\u00e3o.<\/p>\n<p>O aliado do presidente Jair Bolsonaro (PL) atacou policiais federais que foram a Comendador Levy Gasparian, no interior do RJ, para cumprir um mandado de pris\u00e3o expedido pelo ministro Alexandre de Moraes, do Supremo Tribunal Federal (STF).<\/p>\n<p>Na chegada dos agentes da PF, por volta das 11h, Jefferson jogou tr\u00eas granadas e deu tiros de fuzil. Foram oito horas desrespeitando a ordem do STF at\u00e9 a rendi\u00e7\u00e3o, \u00e0s 19h.<\/p>\n<p>Inicialmente, Moraes tinha expedido um mandado de pris\u00e3o contra Jefferson por ele ter violado medidas de pris\u00e3o domiciliar. Depois, o ministro mandou prend\u00ea-lo em flagrante sob a acusa\u00e7\u00e3o de tentativa de homic\u00eddio.<\/p>\n<ul>\n<li>Veja os principais pontos sobre o ataque:<\/li>\n<li>Jefferson cumpria pris\u00e3o domiciliar, determinada no inqu\u00e9rito sobre uma organiza\u00e7\u00e3o criminosa que atenta contra o Estado Democr\u00e1tico de Direito.<\/li>\n<li>Ele descumpriu v\u00e1rias medidas da pris\u00e3o domiciliar, como passar orienta\u00e7\u00f5es a dirigentes do PTB, usar as redes sociais, receber visitas, conceder entrevista e compartilhar fake news que atingem a honra e a seguran\u00e7a do STF e seus ministros, como ao ofender a ministra C\u00e1rmem L\u00facia.<\/li>\n<li>Por causa de todos estes descumprimentos, Alexandre de Moraes revogou a pris\u00e3o domiciliar e determinou sua volta ao regime fechado.<\/li>\n<li>Neste domingo (23), a Pol\u00edcia Federal foi cumprir a ordem de pris\u00e3o e foi atacada por Roberto Jefferson com granadas e fuzil \u2014 mesmo que ele n\u00e3o tenha direito de portar arma de fogo. Dois agentes foram feridos. A PF revidou o ataque, mas n\u00e3o invadiu a casa do ex-deputado.<\/li>\n<li>Jair Bolsonaro repudiou as ofensas a C\u00e1rmen L\u00facia e a a\u00e7\u00e3o armada, mas criticou o inqu\u00e9rito do STF e determinou a ida do ministro da Justi\u00e7a, Anderson Torres, ao local. A presen\u00e7a do ministro foi um pedido do pr\u00f3prio Roberto Jefferson, informa o colunista Valdo Cruz.<\/li>\n<li>Apoiadores de Jair Bolsonaro foram para a porta da casa de Roberto Jefferson e hostilizaram a imprensa que est\u00e1 no local. Um rep\u00f3rter cinematogr\u00e1fico foi agredido por bolsonaristas.<\/li>\n<li>Ele se entregou ap\u00f3s 8 horas descumprindo a decis\u00e3o do STF.<\/li>\n<\/ul>\n<p>Ap\u00f3s a pris\u00e3o, Moraes disse no Twitter: &#8220;Parab\u00e9ns pelo competente e profissional trabalho da Pol\u00edcia Federal, orgulho de todos n\u00f3s brasileiros e brasileiras. Inadmiss\u00edvel qualquer agress\u00e3o contra os policiais. Me solidarizo com a agente Karina Oliveira e com o delegado Marcelo Vilella que foram, covardemente, feridos.&#8221;<\/p>\n<p>O presidente Jair Bolsonaro (PL) disse: &#8220;Como determinei ao ministro da Justi\u00e7a, Anderson Torres, Roberto Jefferson acaba de ser preso. O tratamento dispensado a quem atira em policial \u00e9 o de bandido. Presto minha solidariedade aos policiais feridos no epis\u00f3dio.&#8221; A pris\u00e3o de Roberto Jefferson foi determinada por Alexandre de Moraes, e n\u00e3o por Bolsonaro.<\/p>\n<p>Bolsonaro tamb\u00e9m disse em uma live neste domingo que &#8220;n\u00e3o tem uma foto&#8221; com Roberto Jefferson, apesar de ter posado v\u00e1rias vezes com o aliado no Planalto.<\/p>\n<p>A Associa\u00e7\u00e3o Nacional dos Delegados de Pol\u00edcia Federal disse que &#8220;\u00e9 totalmente inaceit\u00e1vel qualquer tipo de viol\u00eancia contra policiais federais&#8221;.<\/p>\n<p>Roberto Jefferson resistiu \u00e0 pris\u00e3o e, de sua casa, fez os primeiros disparos \u2014 teriam sido arremessadas 3 granadas e dados 2 tiros de fuzil. Os agentes, ent\u00e3o, revidaram.<\/p>\n<p>Dois policiais foram feridos por estilha\u00e7os, sem gravidade. O delegado Marcelo Vilella, que teria sido atingido na cabe\u00e7a e na perna, e a policial Karina Lino Miranda de Oliveira, de 31 anos, ferida na cabe\u00e7a. Os dois foram atendidos em um hospital da regi\u00e3o e j\u00e1 tiveram alta.<\/p>\n<p>Jefferson confirmou os disparos, mas disse, antes de se entregar, que n\u00e3o foram direcionados aos agentes. &#8220;N\u00e3o atirei em ningu\u00e9m para pegar. Atirei no carro e perto deles.&#8221;<\/p>\n<figure><img decoding=\"async\" src=\"https:\/\/www.clickpb.com.br\/media\/filer_public\/c5\/23\/c5236b59-892c-4739-a5b8-0d2ad823785f\/microsoftteams-image-10-.webp\" data-image=\"201682\" \/><\/figure>\n<p><em>Carro da Pol\u00edcia Federal atingido por tiros de fuzil \u2014 Foto: Reprodu\u00e7\u00e3o<\/em><\/p>\n<p>Agentes do Batalh\u00e3o de Opera\u00e7\u00f5es Especiais (Bope) da Pol\u00edcia Militar foram ao local para negociar uma rendi\u00e7\u00e3o, que s\u00f3 aconteceu ap\u00f3s oito horas.<\/p>\n<p><strong>Bolsonaro e Lula se manifestam<\/strong><\/p>\n<p>Os dois candidatos \u00e0 Presid\u00eancia da Rep\u00fablica, Jair Bolsonaro (PL) e Lu\u00eds In\u00e1cio Lula da Silva (PT), se manifestaram sobre o caso em suas redes sociais.<\/p>\n<p>Bolsonaro repudiou as ofensas e o ataque contra a PF, mas criticou o STF na mesma frase.<\/p>\n<p>&#8220;Repudio as falas do Sr. Roberto Jefferson contra a Ministra Carmen L\u00facia e sua a\u00e7\u00e3o armada contra agentes da PF, bem como a exist\u00eancia de inqu\u00e9ritos sem nenhum respaldo na Constitui\u00e7\u00e3o e sem a atua\u00e7\u00e3o do MP&#8221;, escreveu Bolsonaro no Twitter.<\/p>\n<p>Lula criticou Roberto Jefferson e disse que Bolsonaro estabeleceu uma &#8220;parcela raivosa&#8221; na sociedade do pa\u00eds.<\/p>\n<p>&#8220;A gente nunca viu uma aberra\u00e7\u00e3o dessa, uma ofensa dessa, uma cretinice dessa que esse cidad\u00e3o, que \u00e9 o meu advers\u00e1rio, estabeleceu no pa\u00eds. Ele conseguiu criar nesse pa\u00eds uma parcela da sociedade brasileira raivosa, com \u00f3dio, mentirosa, e que espalha fake news o dia inteiro, sem se importar se o filho dele est\u00e1 ouvindo a mentira ou n\u00e3o. \u00c9 desrespeito pela sociedade&#8221;, disse Lula.<\/p>\n<figure><img decoding=\"async\" src=\"https:\/\/www.clickpb.com.br\/media\/filer_public\/ad\/83\/ad831f49-d805-489d-947c-cf892c77568a\/carro-da-pf-por-dentro.webp\" data-image=\"201681\" \/><\/figure>\n<p><em>Carro da PF por dentro \u2014 Foto: Reprodu\u00e7\u00e3o<\/em><\/p>\n<p><strong>Decis\u00e3o de Alexandre de Moraes<\/strong><\/p>\n<p>Na decis\u00e3o que revogou a pris\u00e3o domiciliar do ex-deputado federal Roberto Jefferson, ministro Alexandre de Moraes, do STF, afirmou que houve \u201cnot\u00f3rios e p\u00fablicos descumprimentos\u201d de decis\u00f5es judiciais.<\/p>\n<p>\u201cNo caso em an\u00e1lise, est\u00e1 largamente demonstrada, diante das repetidas viola\u00e7\u00f5es, a inadequa\u00e7\u00e3o das medidas cautelares em cessar o periculum libertatis do denunciado, o que indica a necessidade de restabelecimento da pris\u00e3o, n\u00e3o sendo vislumbradas, por ora, outras medidas aptas a cumprir sua fun\u00e7\u00e3o\u201d, afirma o ministro.<\/p>\n<p>Moraes tamb\u00e9m afirma que as condutas de Jefferson podem configurar novos crime, como \u201ccal\u00fania, difama\u00e7\u00e3o, inj\u00faria, aboli\u00e7\u00e3o violenta do Estado Democr\u00e1tico de Direito e incitar publicamente animosidade entre as For\u00e7as Armadas, ou delas contra os poderes constitucionais, as institui\u00e7\u00f5es civis ou a sociedade, al\u00e9m da quest\u00e3o discriminat\u00f3ria presente no v\u00eddeo de 21\/10\/2022\u201d. Leia mais.<\/p>\n<p><strong>Nota da Pol\u00edcia Federal<\/strong><\/p>\n<p>&#8220;A Pol\u00edcia Federal informa que concluiu na noite deste domingo (23\/10) o cumprimento de decis\u00e3o judicial expedida pelo Supremo Tribunal Federal, no munic\u00edpio de Levy Gasparian, no estado do Rio de Janeiro.<\/p>\n<p>A pris\u00e3o foi cumprida ap\u00f3s intensa negocia\u00e7\u00e3o entre a Pol\u00edcia Federal e o investigado, que ofereceu resist\u00eancia inicial ao cumprimento da decis\u00e3o judicial com o uso de arma de fogo e explosivos.<\/p>\n<p>Durante a dilig\u00eancia, dois policiais federais ficaram feridos por estilha\u00e7os de granada lan\u00e7ada pelo alvo. Eles foram prontamente atendidos, tiveram ferimentos leves e seguem sendo acompanhados pela PF.<\/p>\n<p>Al\u00e9m da pris\u00e3o judicial, o investigado tamb\u00e9m foi preso em flagrante sob a acusa\u00e7\u00e3o, inicial, de tentativa de homic\u00eddio, sem preju\u00edzo de eventuais outros crimes cometidos durante a a\u00e7\u00e3o.<\/p>\n<p>A per\u00edcia t\u00e9cnica criminal foi acionada e o local de crime j\u00e1 est\u00e1 sendo periciado, inclusive a resid\u00eancia do alvo. O preso foi conduzido \u00e0 Superintend\u00eancia da Pol\u00edcia Federal no Rio de Janeiro para lavratura do auto de pris\u00e3o em flagrante e demais formalidades decorrentes do cumprimento da ordem judicial.<\/p>\n<p>A Pol\u00edcia Federal reafirma que agiu com toda a t\u00e9cnica e protocolos exigidos para a resolu\u00e7\u00e3o de crises, culminando com a rendi\u00e7\u00e3o do preso.&#8221;<\/p>\n<p><strong>Nota da Associa\u00e7\u00e3o Nacional dos Delegados de Pol\u00edcia Federal<\/strong><\/p>\n<p>&#8220;A Associa\u00e7\u00e3o dos Delegados de Pol\u00edcia Federal (ADPF) repudia veementemente o ataque sofrido por policiais federais durante o cumprimento de mandado de pris\u00e3o, neste domingo (23\/10), na casa do ex-deputado Roberto Jefferson, no munic\u00edpio de Levy Gasparian, no Rio de Janeiro.<\/p>\n<p>\u00c9 totalmente inaceit\u00e1vel qualquer tipo de viol\u00eancia contra policiais federais, em especial no cumprimento do dever legal estabelecido pela Constitui\u00e7\u00e3o Federal.<\/p>\n<p>A ADPF estima pela pronta recupera\u00e7\u00e3o dos policiais federais v\u00edtimas desse absurdo atentado. Os Delegados Federais v\u00e3o acompanhar vigilantes o desdobramento dos fatos e exigir\u00e3o uma rigorosa puni\u00e7\u00e3o ao respons\u00e1vel pelas agress\u00f5es.&#8221;<\/p>\n<p><strong>Noticias em Destaque<\/strong><\/p>\n<p style=\"text-align: right;\"><em>Fonte: Click PB<\/em><\/p>\n","protected":false},"excerpt":{"rendered":"<p>O ex-deputado Roberto Jefferson (PTB) chegou no in\u00edcio da madrugada desta segunda-feira (24) ao Pres\u00eddio de Benfica, na Zona Norte do Rio, cerca de 14 horas depois de receber voz de pris\u00e3o da Pol\u00edcia Federal (PF) e de reagir a tiros e granadas, na manh\u00e3 de domingo (23). Havia a previs\u00e3o de transfer\u00eancia, ainda nesta segunda, para Bangu 8, no Complexo Penitenci\u00e1rio de Gericin\u00f3. Do ataque aos agentes, por volta das 11h de domingo, \u00e0 chegada a Benfica, \u00e0 1h15 desta segunda, foram 14 horas de tens\u00e3o. O aliado do presidente Jair Bolsonaro (PL) atacou policiais federais que foram a Comendador Levy Gasparian, no interior do RJ, para cumprir um mandado de pris\u00e3o expedido pelo ministro Alexandre de Moraes, do Supremo Tribunal Federal (STF). Na chegada dos agentes da PF, por volta das 11h, Jefferson jogou tr\u00eas granadas e deu tiros de fuzil. Foram oito horas desrespeitando a ordem do STF at\u00e9 a rendi\u00e7\u00e3o, \u00e0s 19h. Inicialmente, Moraes tinha expedido um mandado de pris\u00e3o contra Jefferson por ele ter violado medidas de pris\u00e3o domiciliar. Depois, o ministro mandou prend\u00ea-lo em flagrante sob a acusa\u00e7\u00e3o de tentativa de homic\u00eddio. Veja os principais pontos sobre o ataque: Jefferson cumpria pris\u00e3o domiciliar, determinada no inqu\u00e9rito sobre uma organiza\u00e7\u00e3o criminosa que atenta contra o Estado Democr\u00e1tico de Direito. Ele descumpriu v\u00e1rias medidas da pris\u00e3o domiciliar, como passar orienta\u00e7\u00f5es a dirigentes do PTB, usar as redes sociais, receber visitas, conceder entrevista e compartilhar fake news que atingem a honra e a seguran\u00e7a do STF e seus ministros, como ao ofender a ministra C\u00e1rmem L\u00facia. Por causa de todos estes descumprimentos, Alexandre de Moraes revogou a pris\u00e3o domiciliar e determinou sua volta ao regime fechado. Neste domingo (23), a Pol\u00edcia Federal foi cumprir a ordem de pris\u00e3o e foi atacada por Roberto Jefferson com granadas e fuzil \u2014 mesmo que ele n\u00e3o tenha direito de portar arma de fogo. Dois agentes foram feridos. A PF revidou o ataque, mas n\u00e3o invadiu a casa do ex-deputado. Jair Bolsonaro repudiou as ofensas a C\u00e1rmen L\u00facia e a a\u00e7\u00e3o armada, mas criticou o inqu\u00e9rito do STF e determinou a ida do ministro da Justi\u00e7a, Anderson Torres, ao local. A presen\u00e7a do ministro foi um pedido do pr\u00f3prio Roberto Jefferson, informa o colunista Valdo Cruz. Apoiadores de Jair Bolsonaro foram para a porta da casa de Roberto Jefferson e hostilizaram a imprensa que est\u00e1 no local. Um rep\u00f3rter cinematogr\u00e1fico foi agredido por bolsonaristas. Ele se entregou ap\u00f3s 8 horas descumprindo a decis\u00e3o do STF. Ap\u00f3s a pris\u00e3o, Moraes disse no Twitter: &#8220;Parab\u00e9ns pelo competente e profissional trabalho da Pol\u00edcia Federal, orgulho de todos n\u00f3s brasileiros e brasileiras. Inadmiss\u00edvel qualquer agress\u00e3o contra os policiais. Me solidarizo com a agente Karina Oliveira e com o delegado Marcelo Vilella que foram, covardemente, feridos.&#8221; O presidente Jair Bolsonaro (PL) disse: &#8220;Como determinei ao ministro da Justi\u00e7a, Anderson Torres, Roberto Jefferson acaba de ser preso. O tratamento dispensado a quem atira em policial \u00e9 o de bandido. Presto minha solidariedade aos policiais feridos no epis\u00f3dio.&#8221; A pris\u00e3o de Roberto Jefferson foi determinada por Alexandre de Moraes, e n\u00e3o por Bolsonaro. Bolsonaro tamb\u00e9m disse em uma live neste domingo que &#8220;n\u00e3o tem uma foto&#8221; com Roberto Jefferson, apesar de ter posado v\u00e1rias vezes com o aliado no Planalto. A Associa\u00e7\u00e3o Nacional dos Delegados de Pol\u00edcia Federal disse que &#8220;\u00e9 totalmente inaceit\u00e1vel qualquer tipo de viol\u00eancia contra policiais federais&#8221;. Roberto Jefferson resistiu \u00e0 pris\u00e3o e, de sua casa, fez os primeiros disparos \u2014 teriam sido arremessadas 3 granadas e dados 2 tiros de fuzil. Os agentes, ent\u00e3o, revidaram. Dois policiais foram feridos por estilha\u00e7os, sem gravidade. O delegado Marcelo Vilella, que teria sido atingido na cabe\u00e7a e na perna, e a policial Karina Lino Miranda de Oliveira, de 31 anos, ferida na cabe\u00e7a. Os dois foram atendidos em um hospital da regi\u00e3o e j\u00e1 tiveram alta. Jefferson confirmou os disparos, mas disse, antes de se entregar, que n\u00e3o foram direcionados aos agentes. &#8220;N\u00e3o atirei em ningu\u00e9m para pegar. Atirei no carro e perto deles.&#8221; Carro da Pol\u00edcia Federal atingido por tiros de fuzil \u2014 Foto: Reprodu\u00e7\u00e3o Agentes do Batalh\u00e3o de Opera\u00e7\u00f5es Especiais (Bope) da Pol\u00edcia Militar foram ao local para negociar uma rendi\u00e7\u00e3o, que s\u00f3 aconteceu ap\u00f3s oito horas. Bolsonaro e Lula se manifestam Os dois candidatos \u00e0 Presid\u00eancia da Rep\u00fablica, Jair Bolsonaro (PL) e Lu\u00eds In\u00e1cio Lula da Silva (PT), se manifestaram sobre o caso em suas redes sociais. Bolsonaro repudiou as ofensas e o ataque contra a PF, mas criticou o STF na mesma frase. &#8220;Repudio as falas do Sr. Roberto Jefferson contra a Ministra Carmen L\u00facia e sua a\u00e7\u00e3o armada contra agentes da PF, bem como a exist\u00eancia de inqu\u00e9ritos sem nenhum respaldo na Constitui\u00e7\u00e3o e sem a atua\u00e7\u00e3o do MP&#8221;, escreveu Bolsonaro no Twitter. Lula criticou Roberto Jefferson e disse que Bolsonaro estabeleceu uma &#8220;parcela raivosa&#8221; na sociedade do pa\u00eds. &#8220;A gente nunca viu uma aberra\u00e7\u00e3o dessa, uma ofensa dessa, uma cretinice dessa que esse cidad\u00e3o, que \u00e9 o meu advers\u00e1rio, estabeleceu no pa\u00eds. Ele conseguiu criar nesse pa\u00eds uma parcela da sociedade brasileira raivosa, com \u00f3dio, mentirosa, e que espalha fake news o dia inteiro, sem se importar se o filho dele est\u00e1 ouvindo a mentira ou n\u00e3o. \u00c9 desrespeito pela sociedade&#8221;, disse Lula. Carro da PF por dentro \u2014 Foto: Reprodu\u00e7\u00e3o Decis\u00e3o de Alexandre de Moraes Na decis\u00e3o que revogou a pris\u00e3o domiciliar do ex-deputado federal Roberto Jefferson, ministro Alexandre de Moraes, do STF, afirmou que houve \u201cnot\u00f3rios e p\u00fablicos descumprimentos\u201d de decis\u00f5es judiciais. \u201cNo caso em an\u00e1lise, est\u00e1 largamente demonstrada, diante das repetidas viola\u00e7\u00f5es, a inadequa\u00e7\u00e3o das medidas cautelares em cessar o periculum libertatis do denunciado, o que indica a necessidade de restabelecimento da pris\u00e3o, n\u00e3o sendo vislumbradas, por ora, outras medidas aptas a cumprir sua fun\u00e7\u00e3o\u201d, afirma o ministro. Moraes tamb\u00e9m afirma que as condutas de Jefferson podem configurar novos crime, como \u201ccal\u00fania, difama\u00e7\u00e3o, inj\u00faria, aboli\u00e7\u00e3o violenta do Estado Democr\u00e1tico de Direito e incitar publicamente animosidade entre as For\u00e7as Armadas, ou delas contra os poderes constitucionais, as institui\u00e7\u00f5es<\/p>\n","protected":false},"author":2,"featured_media":43572,"comment_status":"closed","ping_status":"open","sticky":false,"template":"","format":"standard","meta":{"_eb_attr":"","_jetpack_memberships_contains_paid_content":false,"footnotes":""},"categories":[20],"tags":[],"class_list":["post-43571","post","type-post","status-publish","format-standard","has-post-thumbnail","hentry","category-policia"],"yoast_head":"<!-- This site is optimized with the Yoast SEO plugin v26.5 - https:\/\/yoast.com\/wordpress\/plugins\/seo\/ -->\n<title>Roberto Jefferson chega a cadeia no Rio 14 horas depois de reagir \u00e0 pris\u00e3o e de atacar a Pol\u00edcia Federal a tiros - Not&iacute;cias em Destaque<\/title>\n<meta name=\"robots\" content=\"index, follow, max-snippet:-1, max-image-preview:large, max-video-preview:-1\" \/>\n<link rel=\"canonical\" href=\"https:\/\/noticiasemdestaque.com\/cd\/?p=43571\" \/>\n<meta property=\"og:locale\" content=\"pt_BR\" \/>\n<meta property=\"og:type\" content=\"article\" \/>\n<meta property=\"og:title\" content=\"Roberto Jefferson chega a cadeia no Rio 14 horas depois de reagir \u00e0 pris\u00e3o e de atacar a Pol\u00edcia Federal a tiros - Not&iacute;cias em Destaque\" \/>\n<meta property=\"og:description\" content=\"O ex-deputado Roberto Jefferson (PTB) chegou no in\u00edcio da madrugada desta segunda-feira (24) ao Pres\u00eddio de Benfica, na Zona Norte do Rio, cerca de 14 horas depois de receber voz de pris\u00e3o da Pol\u00edcia Federal (PF) e de reagir a tiros e granadas, na manh\u00e3 de domingo (23). Havia a previs\u00e3o de transfer\u00eancia, ainda nesta segunda, para Bangu 8, no Complexo Penitenci\u00e1rio de Gericin\u00f3. Do ataque aos agentes, por volta das 11h de domingo, \u00e0 chegada a Benfica, \u00e0 1h15 desta segunda, foram 14 horas de tens\u00e3o. O aliado do presidente Jair Bolsonaro (PL) atacou policiais federais que foram a Comendador Levy Gasparian, no interior do RJ, para cumprir um mandado de pris\u00e3o expedido pelo ministro Alexandre de Moraes, do Supremo Tribunal Federal (STF). Na chegada dos agentes da PF, por volta das 11h, Jefferson jogou tr\u00eas granadas e deu tiros de fuzil. Foram oito horas desrespeitando a ordem do STF at\u00e9 a rendi\u00e7\u00e3o, \u00e0s 19h. Inicialmente, Moraes tinha expedido um mandado de pris\u00e3o contra Jefferson por ele ter violado medidas de pris\u00e3o domiciliar. Depois, o ministro mandou prend\u00ea-lo em flagrante sob a acusa\u00e7\u00e3o de tentativa de homic\u00eddio. Veja os principais pontos sobre o ataque: Jefferson cumpria pris\u00e3o domiciliar, determinada no inqu\u00e9rito sobre uma organiza\u00e7\u00e3o criminosa que atenta contra o Estado Democr\u00e1tico de Direito. Ele descumpriu v\u00e1rias medidas da pris\u00e3o domiciliar, como passar orienta\u00e7\u00f5es a dirigentes do PTB, usar as redes sociais, receber visitas, conceder entrevista e compartilhar fake news que atingem a honra e a seguran\u00e7a do STF e seus ministros, como ao ofender a ministra C\u00e1rmem L\u00facia. Por causa de todos estes descumprimentos, Alexandre de Moraes revogou a pris\u00e3o domiciliar e determinou sua volta ao regime fechado. Neste domingo (23), a Pol\u00edcia Federal foi cumprir a ordem de pris\u00e3o e foi atacada por Roberto Jefferson com granadas e fuzil \u2014 mesmo que ele n\u00e3o tenha direito de portar arma de fogo. Dois agentes foram feridos. A PF revidou o ataque, mas n\u00e3o invadiu a casa do ex-deputado. Jair Bolsonaro repudiou as ofensas a C\u00e1rmen L\u00facia e a a\u00e7\u00e3o armada, mas criticou o inqu\u00e9rito do STF e determinou a ida do ministro da Justi\u00e7a, Anderson Torres, ao local. A presen\u00e7a do ministro foi um pedido do pr\u00f3prio Roberto Jefferson, informa o colunista Valdo Cruz. Apoiadores de Jair Bolsonaro foram para a porta da casa de Roberto Jefferson e hostilizaram a imprensa que est\u00e1 no local. Um rep\u00f3rter cinematogr\u00e1fico foi agredido por bolsonaristas. Ele se entregou ap\u00f3s 8 horas descumprindo a decis\u00e3o do STF. Ap\u00f3s a pris\u00e3o, Moraes disse no Twitter: &#8220;Parab\u00e9ns pelo competente e profissional trabalho da Pol\u00edcia Federal, orgulho de todos n\u00f3s brasileiros e brasileiras. Inadmiss\u00edvel qualquer agress\u00e3o contra os policiais. Me solidarizo com a agente Karina Oliveira e com o delegado Marcelo Vilella que foram, covardemente, feridos.&#8221; O presidente Jair Bolsonaro (PL) disse: &#8220;Como determinei ao ministro da Justi\u00e7a, Anderson Torres, Roberto Jefferson acaba de ser preso. O tratamento dispensado a quem atira em policial \u00e9 o de bandido. Presto minha solidariedade aos policiais feridos no epis\u00f3dio.&#8221; A pris\u00e3o de Roberto Jefferson foi determinada por Alexandre de Moraes, e n\u00e3o por Bolsonaro. Bolsonaro tamb\u00e9m disse em uma live neste domingo que &#8220;n\u00e3o tem uma foto&#8221; com Roberto Jefferson, apesar de ter posado v\u00e1rias vezes com o aliado no Planalto. A Associa\u00e7\u00e3o Nacional dos Delegados de Pol\u00edcia Federal disse que &#8220;\u00e9 totalmente inaceit\u00e1vel qualquer tipo de viol\u00eancia contra policiais federais&#8221;. Roberto Jefferson resistiu \u00e0 pris\u00e3o e, de sua casa, fez os primeiros disparos \u2014 teriam sido arremessadas 3 granadas e dados 2 tiros de fuzil. Os agentes, ent\u00e3o, revidaram. Dois policiais foram feridos por estilha\u00e7os, sem gravidade. O delegado Marcelo Vilella, que teria sido atingido na cabe\u00e7a e na perna, e a policial Karina Lino Miranda de Oliveira, de 31 anos, ferida na cabe\u00e7a. Os dois foram atendidos em um hospital da regi\u00e3o e j\u00e1 tiveram alta. Jefferson confirmou os disparos, mas disse, antes de se entregar, que n\u00e3o foram direcionados aos agentes. &#8220;N\u00e3o atirei em ningu\u00e9m para pegar. Atirei no carro e perto deles.&#8221; Carro da Pol\u00edcia Federal atingido por tiros de fuzil \u2014 Foto: Reprodu\u00e7\u00e3o Agentes do Batalh\u00e3o de Opera\u00e7\u00f5es Especiais (Bope) da Pol\u00edcia Militar foram ao local para negociar uma rendi\u00e7\u00e3o, que s\u00f3 aconteceu ap\u00f3s oito horas. Bolsonaro e Lula se manifestam Os dois candidatos \u00e0 Presid\u00eancia da Rep\u00fablica, Jair Bolsonaro (PL) e Lu\u00eds In\u00e1cio Lula da Silva (PT), se manifestaram sobre o caso em suas redes sociais. Bolsonaro repudiou as ofensas e o ataque contra a PF, mas criticou o STF na mesma frase. &#8220;Repudio as falas do Sr. Roberto Jefferson contra a Ministra Carmen L\u00facia e sua a\u00e7\u00e3o armada contra agentes da PF, bem como a exist\u00eancia de inqu\u00e9ritos sem nenhum respaldo na Constitui\u00e7\u00e3o e sem a atua\u00e7\u00e3o do MP&#8221;, escreveu Bolsonaro no Twitter. Lula criticou Roberto Jefferson e disse que Bolsonaro estabeleceu uma &#8220;parcela raivosa&#8221; na sociedade do pa\u00eds. &#8220;A gente nunca viu uma aberra\u00e7\u00e3o dessa, uma ofensa dessa, uma cretinice dessa que esse cidad\u00e3o, que \u00e9 o meu advers\u00e1rio, estabeleceu no pa\u00eds. Ele conseguiu criar nesse pa\u00eds uma parcela da sociedade brasileira raivosa, com \u00f3dio, mentirosa, e que espalha fake news o dia inteiro, sem se importar se o filho dele est\u00e1 ouvindo a mentira ou n\u00e3o. \u00c9 desrespeito pela sociedade&#8221;, disse Lula. Carro da PF por dentro \u2014 Foto: Reprodu\u00e7\u00e3o Decis\u00e3o de Alexandre de Moraes Na decis\u00e3o que revogou a pris\u00e3o domiciliar do ex-deputado federal Roberto Jefferson, ministro Alexandre de Moraes, do STF, afirmou que houve \u201cnot\u00f3rios e p\u00fablicos descumprimentos\u201d de decis\u00f5es judiciais. \u201cNo caso em an\u00e1lise, est\u00e1 largamente demonstrada, diante das repetidas viola\u00e7\u00f5es, a inadequa\u00e7\u00e3o das medidas cautelares em cessar o periculum libertatis do denunciado, o que indica a necessidade de restabelecimento da pris\u00e3o, n\u00e3o sendo vislumbradas, por ora, outras medidas aptas a cumprir sua fun\u00e7\u00e3o\u201d, afirma o ministro. Moraes tamb\u00e9m afirma que as condutas de Jefferson podem configurar novos crime, como \u201ccal\u00fania, difama\u00e7\u00e3o, inj\u00faria, aboli\u00e7\u00e3o violenta do Estado Democr\u00e1tico de Direito e incitar publicamente animosidade entre as For\u00e7as Armadas, ou delas contra os poderes constitucionais, as institui\u00e7\u00f5es\" \/>\n<meta property=\"og:url\" content=\"https:\/\/noticiasemdestaque.com\/cd\/?p=43571\" \/>\n<meta property=\"og:site_name\" content=\"Not&iacute;cias em Destaque\" \/>\n<meta property=\"article:published_time\" content=\"2022-10-24T11:44:20+00:00\" \/>\n<meta property=\"og:image\" content=\"https:\/\/noticiasemdestaque.com\/cd\/wp-content\/uploads\/2022\/10\/24jeff1.jpg\" \/>\n\t<meta property=\"og:image:width\" content=\"876\" \/>\n\t<meta property=\"og:image:height\" content=\"585\" \/>\n\t<meta property=\"og:image:type\" content=\"image\/jpeg\" \/>\n<meta name=\"author\" content=\"Not\u00edcias em Destaque\" \/>\n<meta name=\"twitter:card\" content=\"summary_large_image\" \/>\n<meta name=\"twitter:label1\" content=\"Escrito por\" \/>\n\t<meta name=\"twitter:data1\" content=\"Not\u00edcias em Destaque\" \/>\n\t<meta name=\"twitter:label2\" content=\"Est. tempo de leitura\" \/>\n\t<meta name=\"twitter:data2\" content=\"8 minutos\" \/>\n<script type=\"application\/ld+json\" class=\"yoast-schema-graph\">{\"@context\":\"https:\/\/schema.org\",\"@graph\":[{\"@type\":\"Article\",\"@id\":\"https:\/\/noticiasemdestaque.com\/cd\/?p=43571#article\",\"isPartOf\":{\"@id\":\"https:\/\/noticiasemdestaque.com\/cd\/?p=43571\"},\"author\":{\"name\":\"Not\u00edcias em Destaque\",\"@id\":\"https:\/\/noticiasemdestaque.com\/cd\/#\/schema\/person\/47f7d4f55eec17c6b2ca036c5500f6ce\"},\"headline\":\"Roberto Jefferson chega a cadeia no Rio 14 horas depois de reagir \u00e0 pris\u00e3o e de atacar a Pol\u00edcia Federal a tiros\",\"datePublished\":\"2022-10-24T11:44:20+00:00\",\"mainEntityOfPage\":{\"@id\":\"https:\/\/noticiasemdestaque.com\/cd\/?p=43571\"},\"wordCount\":1481,\"publisher\":{\"@id\":\"https:\/\/noticiasemdestaque.com\/cd\/#organization\"},\"image\":{\"@id\":\"https:\/\/noticiasemdestaque.com\/cd\/?p=43571#primaryimage\"},\"thumbnailUrl\":\"https:\/\/noticiasemdestaque.com\/cd\/wp-content\/uploads\/2022\/10\/24jeff1.jpg\",\"articleSection\":[\"Pol\u00edcia\"],\"inLanguage\":\"pt-BR\"},{\"@type\":\"WebPage\",\"@id\":\"https:\/\/noticiasemdestaque.com\/cd\/?p=43571\",\"url\":\"https:\/\/noticiasemdestaque.com\/cd\/?p=43571\",\"name\":\"Roberto Jefferson chega a cadeia no Rio 14 horas depois de reagir \u00e0 pris\u00e3o e de atacar a Pol\u00edcia Federal a tiros - Not&iacute;cias em Destaque\",\"isPartOf\":{\"@id\":\"https:\/\/noticiasemdestaque.com\/cd\/#website\"},\"primaryImageOfPage\":{\"@id\":\"https:\/\/noticiasemdestaque.com\/cd\/?p=43571#primaryimage\"},\"image\":{\"@id\":\"https:\/\/noticiasemdestaque.com\/cd\/?p=43571#primaryimage\"},\"thumbnailUrl\":\"https:\/\/noticiasemdestaque.com\/cd\/wp-content\/uploads\/2022\/10\/24jeff1.jpg\",\"datePublished\":\"2022-10-24T11:44:20+00:00\",\"breadcrumb\":{\"@id\":\"https:\/\/noticiasemdestaque.com\/cd\/?p=43571#breadcrumb\"},\"inLanguage\":\"pt-BR\",\"potentialAction\":[{\"@type\":\"ReadAction\",\"target\":[\"https:\/\/noticiasemdestaque.com\/cd\/?p=43571\"]}]},{\"@type\":\"ImageObject\",\"inLanguage\":\"pt-BR\",\"@id\":\"https:\/\/noticiasemdestaque.com\/cd\/?p=43571#primaryimage\",\"url\":\"https:\/\/noticiasemdestaque.com\/cd\/wp-content\/uploads\/2022\/10\/24jeff1.jpg\",\"contentUrl\":\"https:\/\/noticiasemdestaque.com\/cd\/wp-content\/uploads\/2022\/10\/24jeff1.jpg\",\"width\":876,\"height\":585},{\"@type\":\"BreadcrumbList\",\"@id\":\"https:\/\/noticiasemdestaque.com\/cd\/?p=43571#breadcrumb\",\"itemListElement\":[{\"@type\":\"ListItem\",\"position\":1,\"name\":\"In\u00edcio\",\"item\":\"https:\/\/noticiasemdestaque.com\/cd\/\"},{\"@type\":\"ListItem\",\"position\":2,\"name\":\"Roberto Jefferson chega a cadeia no Rio 14 horas depois de reagir \u00e0 pris\u00e3o e de atacar a Pol\u00edcia Federal a tiros\"}]},{\"@type\":\"WebSite\",\"@id\":\"https:\/\/noticiasemdestaque.com\/cd\/#website\",\"url\":\"https:\/\/noticiasemdestaque.com\/cd\/\",\"name\":\"Not&iacute;cias em Destaque\",\"description\":\"\",\"publisher\":{\"@id\":\"https:\/\/noticiasemdestaque.com\/cd\/#organization\"},\"potentialAction\":[{\"@type\":\"SearchAction\",\"target\":{\"@type\":\"EntryPoint\",\"urlTemplate\":\"https:\/\/noticiasemdestaque.com\/cd\/?s={search_term_string}\"},\"query-input\":{\"@type\":\"PropertyValueSpecification\",\"valueRequired\":true,\"valueName\":\"search_term_string\"}}],\"inLanguage\":\"pt-BR\"},{\"@type\":\"Organization\",\"@id\":\"https:\/\/noticiasemdestaque.com\/cd\/#organization\",\"name\":\"Not\u00edcias em Destaque\",\"url\":\"https:\/\/noticiasemdestaque.com\/cd\/\",\"logo\":{\"@type\":\"ImageObject\",\"inLanguage\":\"pt-BR\",\"@id\":\"https:\/\/noticiasemdestaque.com\/cd\/#\/schema\/logo\/image\/\",\"url\":\"https:\/\/noticiasemdestaque.com\/cd\/wp-content\/uploads\/2022\/05\/imagem-base-noticiasemdestaque.png\",\"contentUrl\":\"https:\/\/noticiasemdestaque.com\/cd\/wp-content\/uploads\/2022\/05\/imagem-base-noticiasemdestaque.png\",\"width\":1200,\"height\":630,\"caption\":\"Not\u00edcias em Destaque\"},\"image\":{\"@id\":\"https:\/\/noticiasemdestaque.com\/cd\/#\/schema\/logo\/image\/\"}},{\"@type\":\"Person\",\"@id\":\"https:\/\/noticiasemdestaque.com\/cd\/#\/schema\/person\/47f7d4f55eec17c6b2ca036c5500f6ce\",\"name\":\"Not\u00edcias em Destaque\",\"url\":\"https:\/\/noticiasemdestaque.com\/cd\/?author=2\"}]}<\/script>\n<!-- \/ Yoast SEO plugin. -->","yoast_head_json":{"title":"Roberto Jefferson chega a cadeia no Rio 14 horas depois de reagir \u00e0 pris\u00e3o e de atacar a Pol\u00edcia Federal a tiros - Not&iacute;cias em Destaque","robots":{"index":"index","follow":"follow","max-snippet":"max-snippet:-1","max-image-preview":"max-image-preview:large","max-video-preview":"max-video-preview:-1"},"canonical":"https:\/\/noticiasemdestaque.com\/cd\/?p=43571","og_locale":"pt_BR","og_type":"article","og_title":"Roberto Jefferson chega a cadeia no Rio 14 horas depois de reagir \u00e0 pris\u00e3o e de atacar a Pol\u00edcia Federal a tiros - Not&iacute;cias em Destaque","og_description":"O ex-deputado Roberto Jefferson (PTB) chegou no in\u00edcio da madrugada desta segunda-feira (24) ao Pres\u00eddio de Benfica, na Zona Norte do Rio, cerca de 14 horas depois de receber voz de pris\u00e3o da Pol\u00edcia Federal (PF) e de reagir a tiros e granadas, na manh\u00e3 de domingo (23). Havia a previs\u00e3o de transfer\u00eancia, ainda nesta segunda, para Bangu 8, no Complexo Penitenci\u00e1rio de Gericin\u00f3. Do ataque aos agentes, por volta das 11h de domingo, \u00e0 chegada a Benfica, \u00e0 1h15 desta segunda, foram 14 horas de tens\u00e3o. O aliado do presidente Jair Bolsonaro (PL) atacou policiais federais que foram a Comendador Levy Gasparian, no interior do RJ, para cumprir um mandado de pris\u00e3o expedido pelo ministro Alexandre de Moraes, do Supremo Tribunal Federal (STF). Na chegada dos agentes da PF, por volta das 11h, Jefferson jogou tr\u00eas granadas e deu tiros de fuzil. Foram oito horas desrespeitando a ordem do STF at\u00e9 a rendi\u00e7\u00e3o, \u00e0s 19h. Inicialmente, Moraes tinha expedido um mandado de pris\u00e3o contra Jefferson por ele ter violado medidas de pris\u00e3o domiciliar. Depois, o ministro mandou prend\u00ea-lo em flagrante sob a acusa\u00e7\u00e3o de tentativa de homic\u00eddio. Veja os principais pontos sobre o ataque: Jefferson cumpria pris\u00e3o domiciliar, determinada no inqu\u00e9rito sobre uma organiza\u00e7\u00e3o criminosa que atenta contra o Estado Democr\u00e1tico de Direito. Ele descumpriu v\u00e1rias medidas da pris\u00e3o domiciliar, como passar orienta\u00e7\u00f5es a dirigentes do PTB, usar as redes sociais, receber visitas, conceder entrevista e compartilhar fake news que atingem a honra e a seguran\u00e7a do STF e seus ministros, como ao ofender a ministra C\u00e1rmem L\u00facia. Por causa de todos estes descumprimentos, Alexandre de Moraes revogou a pris\u00e3o domiciliar e determinou sua volta ao regime fechado. Neste domingo (23), a Pol\u00edcia Federal foi cumprir a ordem de pris\u00e3o e foi atacada por Roberto Jefferson com granadas e fuzil \u2014 mesmo que ele n\u00e3o tenha direito de portar arma de fogo. Dois agentes foram feridos. A PF revidou o ataque, mas n\u00e3o invadiu a casa do ex-deputado. Jair Bolsonaro repudiou as ofensas a C\u00e1rmen L\u00facia e a a\u00e7\u00e3o armada, mas criticou o inqu\u00e9rito do STF e determinou a ida do ministro da Justi\u00e7a, Anderson Torres, ao local. A presen\u00e7a do ministro foi um pedido do pr\u00f3prio Roberto Jefferson, informa o colunista Valdo Cruz. Apoiadores de Jair Bolsonaro foram para a porta da casa de Roberto Jefferson e hostilizaram a imprensa que est\u00e1 no local. Um rep\u00f3rter cinematogr\u00e1fico foi agredido por bolsonaristas. Ele se entregou ap\u00f3s 8 horas descumprindo a decis\u00e3o do STF. Ap\u00f3s a pris\u00e3o, Moraes disse no Twitter: &#8220;Parab\u00e9ns pelo competente e profissional trabalho da Pol\u00edcia Federal, orgulho de todos n\u00f3s brasileiros e brasileiras. Inadmiss\u00edvel qualquer agress\u00e3o contra os policiais. Me solidarizo com a agente Karina Oliveira e com o delegado Marcelo Vilella que foram, covardemente, feridos.&#8221; O presidente Jair Bolsonaro (PL) disse: &#8220;Como determinei ao ministro da Justi\u00e7a, Anderson Torres, Roberto Jefferson acaba de ser preso. O tratamento dispensado a quem atira em policial \u00e9 o de bandido. Presto minha solidariedade aos policiais feridos no epis\u00f3dio.&#8221; A pris\u00e3o de Roberto Jefferson foi determinada por Alexandre de Moraes, e n\u00e3o por Bolsonaro. Bolsonaro tamb\u00e9m disse em uma live neste domingo que &#8220;n\u00e3o tem uma foto&#8221; com Roberto Jefferson, apesar de ter posado v\u00e1rias vezes com o aliado no Planalto. A Associa\u00e7\u00e3o Nacional dos Delegados de Pol\u00edcia Federal disse que &#8220;\u00e9 totalmente inaceit\u00e1vel qualquer tipo de viol\u00eancia contra policiais federais&#8221;. Roberto Jefferson resistiu \u00e0 pris\u00e3o e, de sua casa, fez os primeiros disparos \u2014 teriam sido arremessadas 3 granadas e dados 2 tiros de fuzil. Os agentes, ent\u00e3o, revidaram. Dois policiais foram feridos por estilha\u00e7os, sem gravidade. O delegado Marcelo Vilella, que teria sido atingido na cabe\u00e7a e na perna, e a policial Karina Lino Miranda de Oliveira, de 31 anos, ferida na cabe\u00e7a. Os dois foram atendidos em um hospital da regi\u00e3o e j\u00e1 tiveram alta. Jefferson confirmou os disparos, mas disse, antes de se entregar, que n\u00e3o foram direcionados aos agentes. &#8220;N\u00e3o atirei em ningu\u00e9m para pegar. Atirei no carro e perto deles.&#8221; Carro da Pol\u00edcia Federal atingido por tiros de fuzil \u2014 Foto: Reprodu\u00e7\u00e3o Agentes do Batalh\u00e3o de Opera\u00e7\u00f5es Especiais (Bope) da Pol\u00edcia Militar foram ao local para negociar uma rendi\u00e7\u00e3o, que s\u00f3 aconteceu ap\u00f3s oito horas. Bolsonaro e Lula se manifestam Os dois candidatos \u00e0 Presid\u00eancia da Rep\u00fablica, Jair Bolsonaro (PL) e Lu\u00eds In\u00e1cio Lula da Silva (PT), se manifestaram sobre o caso em suas redes sociais. Bolsonaro repudiou as ofensas e o ataque contra a PF, mas criticou o STF na mesma frase. &#8220;Repudio as falas do Sr. Roberto Jefferson contra a Ministra Carmen L\u00facia e sua a\u00e7\u00e3o armada contra agentes da PF, bem como a exist\u00eancia de inqu\u00e9ritos sem nenhum respaldo na Constitui\u00e7\u00e3o e sem a atua\u00e7\u00e3o do MP&#8221;, escreveu Bolsonaro no Twitter. Lula criticou Roberto Jefferson e disse que Bolsonaro estabeleceu uma &#8220;parcela raivosa&#8221; na sociedade do pa\u00eds. &#8220;A gente nunca viu uma aberra\u00e7\u00e3o dessa, uma ofensa dessa, uma cretinice dessa que esse cidad\u00e3o, que \u00e9 o meu advers\u00e1rio, estabeleceu no pa\u00eds. Ele conseguiu criar nesse pa\u00eds uma parcela da sociedade brasileira raivosa, com \u00f3dio, mentirosa, e que espalha fake news o dia inteiro, sem se importar se o filho dele est\u00e1 ouvindo a mentira ou n\u00e3o. \u00c9 desrespeito pela sociedade&#8221;, disse Lula. Carro da PF por dentro \u2014 Foto: Reprodu\u00e7\u00e3o Decis\u00e3o de Alexandre de Moraes Na decis\u00e3o que revogou a pris\u00e3o domiciliar do ex-deputado federal Roberto Jefferson, ministro Alexandre de Moraes, do STF, afirmou que houve \u201cnot\u00f3rios e p\u00fablicos descumprimentos\u201d de decis\u00f5es judiciais. \u201cNo caso em an\u00e1lise, est\u00e1 largamente demonstrada, diante das repetidas viola\u00e7\u00f5es, a inadequa\u00e7\u00e3o das medidas cautelares em cessar o periculum libertatis do denunciado, o que indica a necessidade de restabelecimento da pris\u00e3o, n\u00e3o sendo vislumbradas, por ora, outras medidas aptas a cumprir sua fun\u00e7\u00e3o\u201d, afirma o ministro. Moraes tamb\u00e9m afirma que as condutas de Jefferson podem configurar novos crime, como \u201ccal\u00fania, difama\u00e7\u00e3o, inj\u00faria, aboli\u00e7\u00e3o violenta do Estado Democr\u00e1tico de Direito e incitar publicamente animosidade entre as For\u00e7as Armadas, ou delas contra os poderes constitucionais, as institui\u00e7\u00f5es","og_url":"https:\/\/noticiasemdestaque.com\/cd\/?p=43571","og_site_name":"Not&iacute;cias em Destaque","article_published_time":"2022-10-24T11:44:20+00:00","og_image":[{"width":876,"height":585,"url":"https:\/\/noticiasemdestaque.com\/cd\/wp-content\/uploads\/2022\/10\/24jeff1.jpg","type":"image\/jpeg"}],"author":"Not\u00edcias em Destaque","twitter_card":"summary_large_image","twitter_misc":{"Escrito por":"Not\u00edcias em Destaque","Est. tempo de leitura":"8 minutos"},"schema":{"@context":"https:\/\/schema.org","@graph":[{"@type":"Article","@id":"https:\/\/noticiasemdestaque.com\/cd\/?p=43571#article","isPartOf":{"@id":"https:\/\/noticiasemdestaque.com\/cd\/?p=43571"},"author":{"name":"Not\u00edcias em Destaque","@id":"https:\/\/noticiasemdestaque.com\/cd\/#\/schema\/person\/47f7d4f55eec17c6b2ca036c5500f6ce"},"headline":"Roberto Jefferson chega a cadeia no Rio 14 horas depois de reagir \u00e0 pris\u00e3o e de atacar a Pol\u00edcia Federal a tiros","datePublished":"2022-10-24T11:44:20+00:00","mainEntityOfPage":{"@id":"https:\/\/noticiasemdestaque.com\/cd\/?p=43571"},"wordCount":1481,"publisher":{"@id":"https:\/\/noticiasemdestaque.com\/cd\/#organization"},"image":{"@id":"https:\/\/noticiasemdestaque.com\/cd\/?p=43571#primaryimage"},"thumbnailUrl":"https:\/\/noticiasemdestaque.com\/cd\/wp-content\/uploads\/2022\/10\/24jeff1.jpg","articleSection":["Pol\u00edcia"],"inLanguage":"pt-BR"},{"@type":"WebPage","@id":"https:\/\/noticiasemdestaque.com\/cd\/?p=43571","url":"https:\/\/noticiasemdestaque.com\/cd\/?p=43571","name":"Roberto Jefferson chega a cadeia no Rio 14 horas depois de reagir \u00e0 pris\u00e3o e de atacar a Pol\u00edcia Federal a tiros - Not&iacute;cias em Destaque","isPartOf":{"@id":"https:\/\/noticiasemdestaque.com\/cd\/#website"},"primaryImageOfPage":{"@id":"https:\/\/noticiasemdestaque.com\/cd\/?p=43571#primaryimage"},"image":{"@id":"https:\/\/noticiasemdestaque.com\/cd\/?p=43571#primaryimage"},"thumbnailUrl":"https:\/\/noticiasemdestaque.com\/cd\/wp-content\/uploads\/2022\/10\/24jeff1.jpg","datePublished":"2022-10-24T11:44:20+00:00","breadcrumb":{"@id":"https:\/\/noticiasemdestaque.com\/cd\/?p=43571#breadcrumb"},"inLanguage":"pt-BR","potentialAction":[{"@type":"ReadAction","target":["https:\/\/noticiasemdestaque.com\/cd\/?p=43571"]}]},{"@type":"ImageObject","inLanguage":"pt-BR","@id":"https:\/\/noticiasemdestaque.com\/cd\/?p=43571#primaryimage","url":"https:\/\/noticiasemdestaque.com\/cd\/wp-content\/uploads\/2022\/10\/24jeff1.jpg","contentUrl":"https:\/\/noticiasemdestaque.com\/cd\/wp-content\/uploads\/2022\/10\/24jeff1.jpg","width":876,"height":585},{"@type":"BreadcrumbList","@id":"https:\/\/noticiasemdestaque.com\/cd\/?p=43571#breadcrumb","itemListElement":[{"@type":"ListItem","position":1,"name":"In\u00edcio","item":"https:\/\/noticiasemdestaque.com\/cd\/"},{"@type":"ListItem","position":2,"name":"Roberto Jefferson chega a cadeia no Rio 14 horas depois de reagir \u00e0 pris\u00e3o e de atacar a Pol\u00edcia Federal a tiros"}]},{"@type":"WebSite","@id":"https:\/\/noticiasemdestaque.com\/cd\/#website","url":"https:\/\/noticiasemdestaque.com\/cd\/","name":"Not&iacute;cias em Destaque","description":"","publisher":{"@id":"https:\/\/noticiasemdestaque.com\/cd\/#organization"},"potentialAction":[{"@type":"SearchAction","target":{"@type":"EntryPoint","urlTemplate":"https:\/\/noticiasemdestaque.com\/cd\/?s={search_term_string}"},"query-input":{"@type":"PropertyValueSpecification","valueRequired":true,"valueName":"search_term_string"}}],"inLanguage":"pt-BR"},{"@type":"Organization","@id":"https:\/\/noticiasemdestaque.com\/cd\/#organization","name":"Not\u00edcias em Destaque","url":"https:\/\/noticiasemdestaque.com\/cd\/","logo":{"@type":"ImageObject","inLanguage":"pt-BR","@id":"https:\/\/noticiasemdestaque.com\/cd\/#\/schema\/logo\/image\/","url":"https:\/\/noticiasemdestaque.com\/cd\/wp-content\/uploads\/2022\/05\/imagem-base-noticiasemdestaque.png","contentUrl":"https:\/\/noticiasemdestaque.com\/cd\/wp-content\/uploads\/2022\/05\/imagem-base-noticiasemdestaque.png","width":1200,"height":630,"caption":"Not\u00edcias em Destaque"},"image":{"@id":"https:\/\/noticiasemdestaque.com\/cd\/#\/schema\/logo\/image\/"}},{"@type":"Person","@id":"https:\/\/noticiasemdestaque.com\/cd\/#\/schema\/person\/47f7d4f55eec17c6b2ca036c5500f6ce","name":"Not\u00edcias em Destaque","url":"https:\/\/noticiasemdestaque.com\/cd\/?author=2"}]}},"jetpack_featured_media_url":"https:\/\/noticiasemdestaque.com\/cd\/wp-content\/uploads\/2022\/10\/24jeff1.jpg","jetpack_sharing_enabled":true,"_links":{"self":[{"href":"https:\/\/noticiasemdestaque.com\/cd\/index.php?rest_route=\/wp\/v2\/posts\/43571","targetHints":{"allow":["GET"]}}],"collection":[{"href":"https:\/\/noticiasemdestaque.com\/cd\/index.php?rest_route=\/wp\/v2\/posts"}],"about":[{"href":"https:\/\/noticiasemdestaque.com\/cd\/index.php?rest_route=\/wp\/v2\/types\/post"}],"author":[{"embeddable":true,"href":"https:\/\/noticiasemdestaque.com\/cd\/index.php?rest_route=\/wp\/v2\/users\/2"}],"replies":[{"embeddable":true,"href":"https:\/\/noticiasemdestaque.com\/cd\/index.php?rest_route=%2Fwp%2Fv2%2Fcomments&post=43571"}],"version-history":[{"count":1,"href":"https:\/\/noticiasemdestaque.com\/cd\/index.php?rest_route=\/wp\/v2\/posts\/43571\/revisions"}],"predecessor-version":[{"id":43573,"href":"https:\/\/noticiasemdestaque.com\/cd\/index.php?rest_route=\/wp\/v2\/posts\/43571\/revisions\/43573"}],"wp:featuredmedia":[{"embeddable":true,"href":"https:\/\/noticiasemdestaque.com\/cd\/index.php?rest_route=\/wp\/v2\/media\/43572"}],"wp:attachment":[{"href":"https:\/\/noticiasemdestaque.com\/cd\/index.php?rest_route=%2Fwp%2Fv2%2Fmedia&parent=43571"}],"wp:term":[{"taxonomy":"category","embeddable":true,"href":"https:\/\/noticiasemdestaque.com\/cd\/index.php?rest_route=%2Fwp%2Fv2%2Fcategories&post=43571"},{"taxonomy":"post_tag","embeddable":true,"href":"https:\/\/noticiasemdestaque.com\/cd\/index.php?rest_route=%2Fwp%2Fv2%2Ftags&post=43571"}],"curies":[{"name":"wp","href":"https:\/\/api.w.org\/{rel}","templated":true}]}}