{"id":43565,"date":"2022-10-23T20:16:45","date_gmt":"2022-10-23T23:16:45","guid":{"rendered":"https:\/\/noticiasemdestaque.com\/cd\/?p=43565"},"modified":"2022-10-23T20:16:45","modified_gmt":"2022-10-23T23:16:45","slug":"pele-chega-aos-82-anos-recebendo-homenagens","status":"publish","type":"post","link":"https:\/\/noticiasemdestaque.com\/cd\/?p=43565","title":{"rendered":"Pel\u00e9 chega aos 82 anos recebendo homenagens"},"content":{"rendered":"<p><a href=\"https:\/\/noticiasemdestaque.com\/cd\/wp-content\/uploads\/2022\/10\/34812254320_598bab7ff3_o.jpg\"><img fetchpriority=\"high\" decoding=\"async\" class=\"alignnone  wp-image-43566\" src=\"https:\/\/noticiasemdestaque.com\/cd\/wp-content\/uploads\/2022\/10\/34812254320_598bab7ff3_o-300x179.jpg\" alt=\"\" width=\"850\" height=\"507\" srcset=\"https:\/\/noticiasemdestaque.com\/cd\/wp-content\/uploads\/2022\/10\/34812254320_598bab7ff3_o-300x179.jpg 300w, https:\/\/noticiasemdestaque.com\/cd\/wp-content\/uploads\/2022\/10\/34812254320_598bab7ff3_o-768x459.jpg 768w, https:\/\/noticiasemdestaque.com\/cd\/wp-content\/uploads\/2022\/10\/34812254320_598bab7ff3_o-18x12.jpg 18w\" sizes=\"(max-width: 850px) 100vw, 850px\" \/><\/a><\/p>\n<p>Este domingo (23) foi dia de comemorar os 82 anos de vida daquele que \u00e9 conhecido como o Rei do Futebol, Edson Arantes do Nascimento. O pr\u00f3prio Pel\u00e9 foi \u00e0s redes sociais para expressar sua alegria por alcan\u00e7ar uma idade t\u00e3o significativa.<img decoding=\"async\" src=\"https:\/\/agenciabrasil.ebc.com.br\/ebc.png?id=1489732&amp;o=node\" \/><img decoding=\"async\" src=\"https:\/\/agenciabrasil.ebc.com.br\/ebc.gif?id=1489732&amp;o=node\" \/><\/p>\n<p>\u201cMeus amigos do Brasil e do mundo, fico feliz por estar aqui com voc\u00eas, e pelo fato de Deus ter me dado sa\u00fade para agradecer voc\u00eas por tudo o que tenho recebido. O mundo inteiro fala em Pel\u00e9. O mundo inteiro sabe que estou agradecendo pela idade e por tudo o que tenho recebido nesse mundo. 82 anos \u00e9 um presente de Deus. Espero que continue por muito tempo. Se Deus quiser, meus queridos amigos, mais uns 82 anos est\u00e1 bom. T\u00e1 ok!? Mais uma vez quero que fique bem claro, agrade\u00e7o de cora\u00e7\u00e3o tudo o que tenho recebido dos meus f\u00e3s e das pessoas que me adoram. Muito obrigado\u201d, declarou o ex-jogador, que nasceu em 23 de outubro de 1940 na cidade mineira de Tr\u00eas Cora\u00e7\u00f5es.<\/p>\n<p><iframe id=\"instagram-embed-0\" class=\"instagram-media instagram-media-rendered\" src=\"https:\/\/www.instagram.com\/reel\/CkDvVseDVcE\/embed\/captioned\/?cr=1&amp;v=14&amp;wp=540&amp;rd=https%3A%2F%2Fagenciabrasil.ebc.com.br&amp;rp=%2Fesportes%2Fnoticia%2F2022-10%2Fpele-chega-aos-82-anos-recebendo-homenagens#%7B%22ci%22%3A0%2C%22os%22%3A3980.9000000000233%2C%22ls%22%3A269.0999999999767%2C%22le%22%3A2189.2999999999884%7D\" height=\"1058\" frameborder=\"0\" scrolling=\"no\" allowfullscreen=\"allowfullscreen\" data-instgrm-payload-id=\"instagram-media-payload-0\" data-mce-fragment=\"1\"><\/iframe><\/p>\n<p>Quem tamb\u00e9m destacou a data foi a Confedera\u00e7\u00e3o Brasileira de Futebol (CBF), que postou: \u201cNeste domingo, Pel\u00e9, tricampe\u00e3o mundial pela Sele\u00e7\u00e3o, completa 82 anos. Nascido em Tr\u00eas Cora\u00e7\u00f5es, o Rei do Futebol \u00e9 o maior artilheiro da Canarinho, com 95 gols marcados. A CBF parabeniza a lenda mundial e agradece por todos os seus feitos. Vida longa, Rei Pel\u00e9\u201d.<\/p>\n<div class=\"twitter-tweet twitter-tweet-rendered\"><iframe id=\"twitter-widget-0\" class=\"\" title=\"Twitter Tweet\" src=\"https:\/\/platform.twitter.com\/embed\/Tweet.html?creatorScreenName=agenciabrasil&amp;dnt=false&amp;embedId=twitter-widget-0&amp;features=eyJ0ZndfdGltZWxpbmVfbGlzdCI6eyJidWNrZXQiOlsibGlua3RyLmVlIiwidHIuZWUiLCJ0ZXJyYS5jb20uYnIiLCJ3d3cubGlua3RyLmVlIiwid3d3LnRyLmVlIiwid3d3LnRlcnJhLmNvbS5iciJdLCJ2ZXJzaW9uIjpudWxsfSwidGZ3X2hvcml6b25fdGltZWxpbmVfMTIwMzQiOnsiYnVja2V0IjoidHJlYXRtZW50IiwidmVyc2lvbiI6bnVsbH0sInRmd190d2VldF9lZGl0X2JhY2tlbmQiOnsiYnVja2V0Ijoib24iLCJ2ZXJzaW9uIjpudWxsfSwidGZ3X3JlZnNyY19zZXNzaW9uIjp7ImJ1Y2tldCI6Im9uIiwidmVyc2lvbiI6bnVsbH0sInRmd19jaGluX3BpbGxzXzE0NzQxIjp7ImJ1Y2tldCI6ImNvbG9yX2ljb25zIiwidmVyc2lvbiI6bnVsbH0sInRmd190d2VldF9yZXN1bHRfbWlncmF0aW9uXzEzOTc5Ijp7ImJ1Y2tldCI6InR3ZWV0X3Jlc3VsdCIsInZlcnNpb24iOm51bGx9LCJ0Zndfc2Vuc2l0aXZlX21lZGlhX2ludGVyc3RpdGlhbF8xMzk2MyI6eyJidWNrZXQiOiJpbnRlcnN0aXRpYWwiLCJ2ZXJzaW9uIjpudWxsfSwidGZ3X2V4cGVyaW1lbnRzX2Nvb2tpZV9leHBpcmF0aW9uIjp7ImJ1Y2tldCI6MTIwOTYwMCwidmVyc2lvbiI6bnVsbH0sInRmd19kdXBsaWNhdGVfc2NyaWJlc190b19zZXR0aW5ncyI6eyJidWNrZXQiOiJvbiIsInZlcnNpb24iOm51bGx9LCJ0ZndfdmlkZW9faGxzX2R5bmFtaWNfbWFuaWZlc3RzXzE1MDgyIjp7ImJ1Y2tldCI6InRydWVfYml0cmF0ZSIsInZlcnNpb24iOm51bGx9LCJ0ZndfdHdlZXRfZWRpdF9mcm9udGVuZCI6eyJidWNrZXQiOiJvbiIsInZlcnNpb24iOm51bGx9fQ%3D%3D&amp;frame=false&amp;hideCard=false&amp;hideThread=false&amp;id=1584145619555299329&amp;lang=pt&amp;origin=https%3A%2F%2Fagenciabrasil.ebc.com.br%2Fesportes%2Fnoticia%2F2022-10%2Fpele-chega-aos-82-anos-recebendo-homenagens&amp;sessionId=164a9af0bdf0e1ed69c210514e4085956f7c06fe&amp;siteScreenName=agenciabrasil&amp;theme=light&amp;widgetsVersion=1c23387b1f70c%3A1664388199485&amp;width=550px\" frameborder=\"0\" scrolling=\"no\" allowfullscreen=\"allowfullscreen\" data-tweet-id=\"1584145619555299329\" data-mce-fragment=\"1\"><\/iframe><\/div>\n<p>J\u00e1 o Santos, equipe na qual o Rei do Futebol come\u00e7ou a desfilar a sua realeza, destacou os t\u00edtulos conquistados pelo ex-jogador em Mundiais de sele\u00e7\u00e3o: \u201cO Rei \u00e9 o maior campe\u00e3o de Copas do Mundo na hist\u00f3ria do futebol. Pel\u00e9 conquistou tr\u00eas t\u00edtulos [Su\u00e9cia 1958, Chile 1962 e M\u00e9xico 1970], sendo o primeiro deles com apenas 17 anos de idade\u201d.<\/p>\n<div class=\"twitter-tweet twitter-tweet-rendered\"><iframe id=\"twitter-widget-1\" class=\"\" title=\"Twitter Tweet\" src=\"https:\/\/platform.twitter.com\/embed\/Tweet.html?creatorScreenName=agenciabrasil&amp;dnt=false&amp;embedId=twitter-widget-1&amp;features=eyJ0ZndfdGltZWxpbmVfbGlzdCI6eyJidWNrZXQiOlsibGlua3RyLmVlIiwidHIuZWUiLCJ0ZXJyYS5jb20uYnIiLCJ3d3cubGlua3RyLmVlIiwid3d3LnRyLmVlIiwid3d3LnRlcnJhLmNvbS5iciJdLCJ2ZXJzaW9uIjpudWxsfSwidGZ3X2hvcml6b25fdGltZWxpbmVfMTIwMzQiOnsiYnVja2V0IjoidHJlYXRtZW50IiwidmVyc2lvbiI6bnVsbH0sInRmd190d2VldF9lZGl0X2JhY2tlbmQiOnsiYnVja2V0Ijoib24iLCJ2ZXJzaW9uIjpudWxsfSwidGZ3X3JlZnNyY19zZXNzaW9uIjp7ImJ1Y2tldCI6Im9uIiwidmVyc2lvbiI6bnVsbH0sInRmd19jaGluX3BpbGxzXzE0NzQxIjp7ImJ1Y2tldCI6ImNvbG9yX2ljb25zIiwidmVyc2lvbiI6bnVsbH0sInRmd190d2VldF9yZXN1bHRfbWlncmF0aW9uXzEzOTc5Ijp7ImJ1Y2tldCI6InR3ZWV0X3Jlc3VsdCIsInZlcnNpb24iOm51bGx9LCJ0Zndfc2Vuc2l0aXZlX21lZGlhX2ludGVyc3RpdGlhbF8xMzk2MyI6eyJidWNrZXQiOiJpbnRlcnN0aXRpYWwiLCJ2ZXJzaW9uIjpudWxsfSwidGZ3X2V4cGVyaW1lbnRzX2Nvb2tpZV9leHBpcmF0aW9uIjp7ImJ1Y2tldCI6MTIwOTYwMCwidmVyc2lvbiI6bnVsbH0sInRmd19kdXBsaWNhdGVfc2NyaWJlc190b19zZXR0aW5ncyI6eyJidWNrZXQiOiJvbiIsInZlcnNpb24iOm51bGx9LCJ0ZndfdmlkZW9faGxzX2R5bmFtaWNfbWFuaWZlc3RzXzE1MDgyIjp7ImJ1Y2tldCI6InRydWVfYml0cmF0ZSIsInZlcnNpb24iOm51bGx9LCJ0ZndfdHdlZXRfZWRpdF9mcm9udGVuZCI6eyJidWNrZXQiOiJvbiIsInZlcnNpb24iOm51bGx9fQ%3D%3D&amp;frame=false&amp;hideCard=false&amp;hideThread=false&amp;id=1584295841531310080&amp;lang=pt&amp;origin=https%3A%2F%2Fagenciabrasil.ebc.com.br%2Fesportes%2Fnoticia%2F2022-10%2Fpele-chega-aos-82-anos-recebendo-homenagens&amp;sessionId=164a9af0bdf0e1ed69c210514e4085956f7c06fe&amp;siteScreenName=agenciabrasil&amp;theme=light&amp;widgetsVersion=1c23387b1f70c%3A1664388199485&amp;width=550px\" frameborder=\"0\" scrolling=\"no\" allowfullscreen=\"allowfullscreen\" data-tweet-id=\"1584295841531310080\" data-mce-fragment=\"1\"><\/iframe><\/div>\n<div><strong>Noticias em Destaque<\/strong><\/div>\n<div style=\"text-align: right;\"><em>Fonte: Agencia Brasil<\/em><\/div>\n","protected":false},"excerpt":{"rendered":"<p>Este domingo (23) foi dia de comemorar os 82 anos de vida daquele que \u00e9 conhecido como o Rei do Futebol, Edson Arantes do Nascimento. O pr\u00f3prio Pel\u00e9 foi \u00e0s redes sociais para expressar sua alegria por alcan\u00e7ar uma idade t\u00e3o significativa. \u201cMeus amigos do Brasil e do mundo, fico feliz por estar aqui com voc\u00eas, e pelo fato de Deus ter me dado sa\u00fade para agradecer voc\u00eas por tudo o que tenho recebido. O mundo inteiro fala em Pel\u00e9. O mundo inteiro sabe que estou agradecendo pela idade e por tudo o que tenho recebido nesse mundo. 82 anos \u00e9 um presente de Deus. Espero que continue por muito tempo. Se Deus quiser, meus queridos amigos, mais uns 82 anos est\u00e1 bom. T\u00e1 ok!? Mais uma vez quero que fique bem claro, agrade\u00e7o de cora\u00e7\u00e3o tudo o que tenho recebido dos meus f\u00e3s e das pessoas que me adoram. Muito obrigado\u201d, declarou o ex-jogador, que nasceu em 23 de outubro de 1940 na cidade mineira de Tr\u00eas Cora\u00e7\u00f5es. Quem tamb\u00e9m destacou a data foi a Confedera\u00e7\u00e3o Brasileira de Futebol (CBF), que postou: \u201cNeste domingo, Pel\u00e9, tricampe\u00e3o mundial pela Sele\u00e7\u00e3o, completa 82 anos. Nascido em Tr\u00eas Cora\u00e7\u00f5es, o Rei do Futebol \u00e9 o maior artilheiro da Canarinho, com 95 gols marcados. A CBF parabeniza a lenda mundial e agradece por todos os seus feitos. Vida longa, Rei Pel\u00e9\u201d. J\u00e1 o Santos, equipe na qual o Rei do Futebol come\u00e7ou a desfilar a sua realeza, destacou os t\u00edtulos conquistados pelo ex-jogador em Mundiais de sele\u00e7\u00e3o: \u201cO Rei \u00e9 o maior campe\u00e3o de Copas do Mundo na hist\u00f3ria do futebol. Pel\u00e9 conquistou tr\u00eas t\u00edtulos [Su\u00e9cia 1958, Chile 1962 e M\u00e9xico 1970], sendo o primeiro deles com apenas 17 anos de idade\u201d. Noticias em Destaque Fonte: Agencia Brasil<\/p>\n","protected":false},"author":2,"featured_media":43566,"comment_status":"closed","ping_status":"open","sticky":false,"template":"","format":"standard","meta":{"_eb_attr":"","_jetpack_memberships_contains_paid_content":false,"footnotes":""},"categories":[12],"tags":[],"class_list":["post-43565","post","type-post","status-publish","format-standard","has-post-thumbnail","hentry","category-geral"],"yoast_head":"<!-- This site is optimized with the Yoast SEO plugin v26.5 - https:\/\/yoast.com\/wordpress\/plugins\/seo\/ -->\n<title>Pel\u00e9 chega aos 82 anos recebendo homenagens - Not&iacute;cias em Destaque<\/title>\n<meta name=\"robots\" content=\"index, follow, max-snippet:-1, max-image-preview:large, max-video-preview:-1\" \/>\n<link rel=\"canonical\" href=\"https:\/\/noticiasemdestaque.com\/cd\/?p=43565\" \/>\n<meta property=\"og:locale\" content=\"pt_BR\" \/>\n<meta property=\"og:type\" content=\"article\" \/>\n<meta property=\"og:title\" content=\"Pel\u00e9 chega aos 82 anos recebendo homenagens - Not&iacute;cias em Destaque\" \/>\n<meta property=\"og:description\" content=\"Este domingo (23) foi dia de comemorar os 82 anos de vida daquele que \u00e9 conhecido como o Rei do Futebol, Edson Arantes do Nascimento. O pr\u00f3prio Pel\u00e9 foi \u00e0s redes sociais para expressar sua alegria por alcan\u00e7ar uma idade t\u00e3o significativa. \u201cMeus amigos do Brasil e do mundo, fico feliz por estar aqui com voc\u00eas, e pelo fato de Deus ter me dado sa\u00fade para agradecer voc\u00eas por tudo o que tenho recebido. O mundo inteiro fala em Pel\u00e9. O mundo inteiro sabe que estou agradecendo pela idade e por tudo o que tenho recebido nesse mundo. 82 anos \u00e9 um presente de Deus. Espero que continue por muito tempo. Se Deus quiser, meus queridos amigos, mais uns 82 anos est\u00e1 bom. T\u00e1 ok!? Mais uma vez quero que fique bem claro, agrade\u00e7o de cora\u00e7\u00e3o tudo o que tenho recebido dos meus f\u00e3s e das pessoas que me adoram. Muito obrigado\u201d, declarou o ex-jogador, que nasceu em 23 de outubro de 1940 na cidade mineira de Tr\u00eas Cora\u00e7\u00f5es. Quem tamb\u00e9m destacou a data foi a Confedera\u00e7\u00e3o Brasileira de Futebol (CBF), que postou: \u201cNeste domingo, Pel\u00e9, tricampe\u00e3o mundial pela Sele\u00e7\u00e3o, completa 82 anos. Nascido em Tr\u00eas Cora\u00e7\u00f5es, o Rei do Futebol \u00e9 o maior artilheiro da Canarinho, com 95 gols marcados. A CBF parabeniza a lenda mundial e agradece por todos os seus feitos. Vida longa, Rei Pel\u00e9\u201d. J\u00e1 o Santos, equipe na qual o Rei do Futebol come\u00e7ou a desfilar a sua realeza, destacou os t\u00edtulos conquistados pelo ex-jogador em Mundiais de sele\u00e7\u00e3o: \u201cO Rei \u00e9 o maior campe\u00e3o de Copas do Mundo na hist\u00f3ria do futebol. Pel\u00e9 conquistou tr\u00eas t\u00edtulos [Su\u00e9cia 1958, Chile 1962 e M\u00e9xico 1970], sendo o primeiro deles com apenas 17 anos de idade\u201d. Noticias em Destaque Fonte: Agencia Brasil\" \/>\n<meta property=\"og:url\" content=\"https:\/\/noticiasemdestaque.com\/cd\/?p=43565\" \/>\n<meta property=\"og:site_name\" content=\"Not&iacute;cias em Destaque\" \/>\n<meta property=\"article:published_time\" content=\"2022-10-23T23:16:45+00:00\" \/>\n<meta property=\"og:image\" content=\"https:\/\/noticiasemdestaque.com\/cd\/wp-content\/uploads\/2022\/10\/34812254320_598bab7ff3_o.jpg\" \/>\n\t<meta property=\"og:image:width\" content=\"1170\" \/>\n\t<meta property=\"og:image:height\" content=\"700\" \/>\n\t<meta property=\"og:image:type\" content=\"image\/jpeg\" \/>\n<meta name=\"author\" content=\"Not\u00edcias em Destaque\" \/>\n<meta name=\"twitter:card\" content=\"summary_large_image\" \/>\n<meta name=\"twitter:label1\" content=\"Escrito por\" \/>\n\t<meta name=\"twitter:data1\" content=\"Not\u00edcias em Destaque\" \/>\n\t<meta name=\"twitter:label2\" content=\"Est. tempo de leitura\" \/>\n\t<meta name=\"twitter:data2\" content=\"3 minutos\" \/>\n<script type=\"application\/ld+json\" class=\"yoast-schema-graph\">{\"@context\":\"https:\/\/schema.org\",\"@graph\":[{\"@type\":\"Article\",\"@id\":\"https:\/\/noticiasemdestaque.com\/cd\/?p=43565#article\",\"isPartOf\":{\"@id\":\"https:\/\/noticiasemdestaque.com\/cd\/?p=43565\"},\"author\":{\"name\":\"Not\u00edcias em Destaque\",\"@id\":\"https:\/\/noticiasemdestaque.com\/cd\/#\/schema\/person\/47f7d4f55eec17c6b2ca036c5500f6ce\"},\"headline\":\"Pel\u00e9 chega aos 82 anos recebendo homenagens\",\"datePublished\":\"2022-10-23T23:16:45+00:00\",\"mainEntityOfPage\":{\"@id\":\"https:\/\/noticiasemdestaque.com\/cd\/?p=43565\"},\"wordCount\":311,\"publisher\":{\"@id\":\"https:\/\/noticiasemdestaque.com\/cd\/#organization\"},\"image\":{\"@id\":\"https:\/\/noticiasemdestaque.com\/cd\/?p=43565#primaryimage\"},\"thumbnailUrl\":\"https:\/\/noticiasemdestaque.com\/cd\/wp-content\/uploads\/2022\/10\/34812254320_598bab7ff3_o.jpg\",\"articleSection\":[\"Geral\"],\"inLanguage\":\"pt-BR\"},{\"@type\":\"WebPage\",\"@id\":\"https:\/\/noticiasemdestaque.com\/cd\/?p=43565\",\"url\":\"https:\/\/noticiasemdestaque.com\/cd\/?p=43565\",\"name\":\"Pel\u00e9 chega aos 82 anos recebendo homenagens - Not&iacute;cias em Destaque\",\"isPartOf\":{\"@id\":\"https:\/\/noticiasemdestaque.com\/cd\/#website\"},\"primaryImageOfPage\":{\"@id\":\"https:\/\/noticiasemdestaque.com\/cd\/?p=43565#primaryimage\"},\"image\":{\"@id\":\"https:\/\/noticiasemdestaque.com\/cd\/?p=43565#primaryimage\"},\"thumbnailUrl\":\"https:\/\/noticiasemdestaque.com\/cd\/wp-content\/uploads\/2022\/10\/34812254320_598bab7ff3_o.jpg\",\"datePublished\":\"2022-10-23T23:16:45+00:00\",\"breadcrumb\":{\"@id\":\"https:\/\/noticiasemdestaque.com\/cd\/?p=43565#breadcrumb\"},\"inLanguage\":\"pt-BR\",\"potentialAction\":[{\"@type\":\"ReadAction\",\"target\":[\"https:\/\/noticiasemdestaque.com\/cd\/?p=43565\"]}]},{\"@type\":\"ImageObject\",\"inLanguage\":\"pt-BR\",\"@id\":\"https:\/\/noticiasemdestaque.com\/cd\/?p=43565#primaryimage\",\"url\":\"https:\/\/noticiasemdestaque.com\/cd\/wp-content\/uploads\/2022\/10\/34812254320_598bab7ff3_o.jpg\",\"contentUrl\":\"https:\/\/noticiasemdestaque.com\/cd\/wp-content\/uploads\/2022\/10\/34812254320_598bab7ff3_o.jpg\",\"width\":1170,\"height\":700},{\"@type\":\"BreadcrumbList\",\"@id\":\"https:\/\/noticiasemdestaque.com\/cd\/?p=43565#breadcrumb\",\"itemListElement\":[{\"@type\":\"ListItem\",\"position\":1,\"name\":\"In\u00edcio\",\"item\":\"https:\/\/noticiasemdestaque.com\/cd\/\"},{\"@type\":\"ListItem\",\"position\":2,\"name\":\"Pel\u00e9 chega aos 82 anos recebendo homenagens\"}]},{\"@type\":\"WebSite\",\"@id\":\"https:\/\/noticiasemdestaque.com\/cd\/#website\",\"url\":\"https:\/\/noticiasemdestaque.com\/cd\/\",\"name\":\"Not&iacute;cias em Destaque\",\"description\":\"\",\"publisher\":{\"@id\":\"https:\/\/noticiasemdestaque.com\/cd\/#organization\"},\"potentialAction\":[{\"@type\":\"SearchAction\",\"target\":{\"@type\":\"EntryPoint\",\"urlTemplate\":\"https:\/\/noticiasemdestaque.com\/cd\/?s={search_term_string}\"},\"query-input\":{\"@type\":\"PropertyValueSpecification\",\"valueRequired\":true,\"valueName\":\"search_term_string\"}}],\"inLanguage\":\"pt-BR\"},{\"@type\":\"Organization\",\"@id\":\"https:\/\/noticiasemdestaque.com\/cd\/#organization\",\"name\":\"Not\u00edcias em Destaque\",\"url\":\"https:\/\/noticiasemdestaque.com\/cd\/\",\"logo\":{\"@type\":\"ImageObject\",\"inLanguage\":\"pt-BR\",\"@id\":\"https:\/\/noticiasemdestaque.com\/cd\/#\/schema\/logo\/image\/\",\"url\":\"https:\/\/noticiasemdestaque.com\/cd\/wp-content\/uploads\/2022\/05\/imagem-base-noticiasemdestaque.png\",\"contentUrl\":\"https:\/\/noticiasemdestaque.com\/cd\/wp-content\/uploads\/2022\/05\/imagem-base-noticiasemdestaque.png\",\"width\":1200,\"height\":630,\"caption\":\"Not\u00edcias em Destaque\"},\"image\":{\"@id\":\"https:\/\/noticiasemdestaque.com\/cd\/#\/schema\/logo\/image\/\"}},{\"@type\":\"Person\",\"@id\":\"https:\/\/noticiasemdestaque.com\/cd\/#\/schema\/person\/47f7d4f55eec17c6b2ca036c5500f6ce\",\"name\":\"Not\u00edcias em Destaque\",\"url\":\"https:\/\/noticiasemdestaque.com\/cd\/?author=2\"}]}<\/script>\n<!-- \/ Yoast SEO plugin. -->","yoast_head_json":{"title":"Pel\u00e9 chega aos 82 anos recebendo homenagens - Not&iacute;cias em Destaque","robots":{"index":"index","follow":"follow","max-snippet":"max-snippet:-1","max-image-preview":"max-image-preview:large","max-video-preview":"max-video-preview:-1"},"canonical":"https:\/\/noticiasemdestaque.com\/cd\/?p=43565","og_locale":"pt_BR","og_type":"article","og_title":"Pel\u00e9 chega aos 82 anos recebendo homenagens - Not&iacute;cias em Destaque","og_description":"Este domingo (23) foi dia de comemorar os 82 anos de vida daquele que \u00e9 conhecido como o Rei do Futebol, Edson Arantes do Nascimento. O pr\u00f3prio Pel\u00e9 foi \u00e0s redes sociais para expressar sua alegria por alcan\u00e7ar uma idade t\u00e3o significativa. \u201cMeus amigos do Brasil e do mundo, fico feliz por estar aqui com voc\u00eas, e pelo fato de Deus ter me dado sa\u00fade para agradecer voc\u00eas por tudo o que tenho recebido. O mundo inteiro fala em Pel\u00e9. O mundo inteiro sabe que estou agradecendo pela idade e por tudo o que tenho recebido nesse mundo. 82 anos \u00e9 um presente de Deus. Espero que continue por muito tempo. Se Deus quiser, meus queridos amigos, mais uns 82 anos est\u00e1 bom. T\u00e1 ok!? Mais uma vez quero que fique bem claro, agrade\u00e7o de cora\u00e7\u00e3o tudo o que tenho recebido dos meus f\u00e3s e das pessoas que me adoram. Muito obrigado\u201d, declarou o ex-jogador, que nasceu em 23 de outubro de 1940 na cidade mineira de Tr\u00eas Cora\u00e7\u00f5es. Quem tamb\u00e9m destacou a data foi a Confedera\u00e7\u00e3o Brasileira de Futebol (CBF), que postou: \u201cNeste domingo, Pel\u00e9, tricampe\u00e3o mundial pela Sele\u00e7\u00e3o, completa 82 anos. Nascido em Tr\u00eas Cora\u00e7\u00f5es, o Rei do Futebol \u00e9 o maior artilheiro da Canarinho, com 95 gols marcados. A CBF parabeniza a lenda mundial e agradece por todos os seus feitos. Vida longa, Rei Pel\u00e9\u201d. J\u00e1 o Santos, equipe na qual o Rei do Futebol come\u00e7ou a desfilar a sua realeza, destacou os t\u00edtulos conquistados pelo ex-jogador em Mundiais de sele\u00e7\u00e3o: \u201cO Rei \u00e9 o maior campe\u00e3o de Copas do Mundo na hist\u00f3ria do futebol. Pel\u00e9 conquistou tr\u00eas t\u00edtulos [Su\u00e9cia 1958, Chile 1962 e M\u00e9xico 1970], sendo o primeiro deles com apenas 17 anos de idade\u201d. Noticias em Destaque Fonte: Agencia Brasil","og_url":"https:\/\/noticiasemdestaque.com\/cd\/?p=43565","og_site_name":"Not&iacute;cias em Destaque","article_published_time":"2022-10-23T23:16:45+00:00","og_image":[{"width":1170,"height":700,"url":"https:\/\/noticiasemdestaque.com\/cd\/wp-content\/uploads\/2022\/10\/34812254320_598bab7ff3_o.jpg","type":"image\/jpeg"}],"author":"Not\u00edcias em Destaque","twitter_card":"summary_large_image","twitter_misc":{"Escrito por":"Not\u00edcias em Destaque","Est. tempo de leitura":"3 minutos"},"schema":{"@context":"https:\/\/schema.org","@graph":[{"@type":"Article","@id":"https:\/\/noticiasemdestaque.com\/cd\/?p=43565#article","isPartOf":{"@id":"https:\/\/noticiasemdestaque.com\/cd\/?p=43565"},"author":{"name":"Not\u00edcias em Destaque","@id":"https:\/\/noticiasemdestaque.com\/cd\/#\/schema\/person\/47f7d4f55eec17c6b2ca036c5500f6ce"},"headline":"Pel\u00e9 chega aos 82 anos recebendo homenagens","datePublished":"2022-10-23T23:16:45+00:00","mainEntityOfPage":{"@id":"https:\/\/noticiasemdestaque.com\/cd\/?p=43565"},"wordCount":311,"publisher":{"@id":"https:\/\/noticiasemdestaque.com\/cd\/#organization"},"image":{"@id":"https:\/\/noticiasemdestaque.com\/cd\/?p=43565#primaryimage"},"thumbnailUrl":"https:\/\/noticiasemdestaque.com\/cd\/wp-content\/uploads\/2022\/10\/34812254320_598bab7ff3_o.jpg","articleSection":["Geral"],"inLanguage":"pt-BR"},{"@type":"WebPage","@id":"https:\/\/noticiasemdestaque.com\/cd\/?p=43565","url":"https:\/\/noticiasemdestaque.com\/cd\/?p=43565","name":"Pel\u00e9 chega aos 82 anos recebendo homenagens - Not&iacute;cias em Destaque","isPartOf":{"@id":"https:\/\/noticiasemdestaque.com\/cd\/#website"},"primaryImageOfPage":{"@id":"https:\/\/noticiasemdestaque.com\/cd\/?p=43565#primaryimage"},"image":{"@id":"https:\/\/noticiasemdestaque.com\/cd\/?p=43565#primaryimage"},"thumbnailUrl":"https:\/\/noticiasemdestaque.com\/cd\/wp-content\/uploads\/2022\/10\/34812254320_598bab7ff3_o.jpg","datePublished":"2022-10-23T23:16:45+00:00","breadcrumb":{"@id":"https:\/\/noticiasemdestaque.com\/cd\/?p=43565#breadcrumb"},"inLanguage":"pt-BR","potentialAction":[{"@type":"ReadAction","target":["https:\/\/noticiasemdestaque.com\/cd\/?p=43565"]}]},{"@type":"ImageObject","inLanguage":"pt-BR","@id":"https:\/\/noticiasemdestaque.com\/cd\/?p=43565#primaryimage","url":"https:\/\/noticiasemdestaque.com\/cd\/wp-content\/uploads\/2022\/10\/34812254320_598bab7ff3_o.jpg","contentUrl":"https:\/\/noticiasemdestaque.com\/cd\/wp-content\/uploads\/2022\/10\/34812254320_598bab7ff3_o.jpg","width":1170,"height":700},{"@type":"BreadcrumbList","@id":"https:\/\/noticiasemdestaque.com\/cd\/?p=43565#breadcrumb","itemListElement":[{"@type":"ListItem","position":1,"name":"In\u00edcio","item":"https:\/\/noticiasemdestaque.com\/cd\/"},{"@type":"ListItem","position":2,"name":"Pel\u00e9 chega aos 82 anos recebendo homenagens"}]},{"@type":"WebSite","@id":"https:\/\/noticiasemdestaque.com\/cd\/#website","url":"https:\/\/noticiasemdestaque.com\/cd\/","name":"Not&iacute;cias em Destaque","description":"","publisher":{"@id":"https:\/\/noticiasemdestaque.com\/cd\/#organization"},"potentialAction":[{"@type":"SearchAction","target":{"@type":"EntryPoint","urlTemplate":"https:\/\/noticiasemdestaque.com\/cd\/?s={search_term_string}"},"query-input":{"@type":"PropertyValueSpecification","valueRequired":true,"valueName":"search_term_string"}}],"inLanguage":"pt-BR"},{"@type":"Organization","@id":"https:\/\/noticiasemdestaque.com\/cd\/#organization","name":"Not\u00edcias em Destaque","url":"https:\/\/noticiasemdestaque.com\/cd\/","logo":{"@type":"ImageObject","inLanguage":"pt-BR","@id":"https:\/\/noticiasemdestaque.com\/cd\/#\/schema\/logo\/image\/","url":"https:\/\/noticiasemdestaque.com\/cd\/wp-content\/uploads\/2022\/05\/imagem-base-noticiasemdestaque.png","contentUrl":"https:\/\/noticiasemdestaque.com\/cd\/wp-content\/uploads\/2022\/05\/imagem-base-noticiasemdestaque.png","width":1200,"height":630,"caption":"Not\u00edcias em Destaque"},"image":{"@id":"https:\/\/noticiasemdestaque.com\/cd\/#\/schema\/logo\/image\/"}},{"@type":"Person","@id":"https:\/\/noticiasemdestaque.com\/cd\/#\/schema\/person\/47f7d4f55eec17c6b2ca036c5500f6ce","name":"Not\u00edcias em Destaque","url":"https:\/\/noticiasemdestaque.com\/cd\/?author=2"}]}},"jetpack_featured_media_url":"https:\/\/noticiasemdestaque.com\/cd\/wp-content\/uploads\/2022\/10\/34812254320_598bab7ff3_o.jpg","jetpack_sharing_enabled":true,"_links":{"self":[{"href":"https:\/\/noticiasemdestaque.com\/cd\/index.php?rest_route=\/wp\/v2\/posts\/43565","targetHints":{"allow":["GET"]}}],"collection":[{"href":"https:\/\/noticiasemdestaque.com\/cd\/index.php?rest_route=\/wp\/v2\/posts"}],"about":[{"href":"https:\/\/noticiasemdestaque.com\/cd\/index.php?rest_route=\/wp\/v2\/types\/post"}],"author":[{"embeddable":true,"href":"https:\/\/noticiasemdestaque.com\/cd\/index.php?rest_route=\/wp\/v2\/users\/2"}],"replies":[{"embeddable":true,"href":"https:\/\/noticiasemdestaque.com\/cd\/index.php?rest_route=%2Fwp%2Fv2%2Fcomments&post=43565"}],"version-history":[{"count":1,"href":"https:\/\/noticiasemdestaque.com\/cd\/index.php?rest_route=\/wp\/v2\/posts\/43565\/revisions"}],"predecessor-version":[{"id":43567,"href":"https:\/\/noticiasemdestaque.com\/cd\/index.php?rest_route=\/wp\/v2\/posts\/43565\/revisions\/43567"}],"wp:featuredmedia":[{"embeddable":true,"href":"https:\/\/noticiasemdestaque.com\/cd\/index.php?rest_route=\/wp\/v2\/media\/43566"}],"wp:attachment":[{"href":"https:\/\/noticiasemdestaque.com\/cd\/index.php?rest_route=%2Fwp%2Fv2%2Fmedia&parent=43565"}],"wp:term":[{"taxonomy":"category","embeddable":true,"href":"https:\/\/noticiasemdestaque.com\/cd\/index.php?rest_route=%2Fwp%2Fv2%2Fcategories&post=43565"},{"taxonomy":"post_tag","embeddable":true,"href":"https:\/\/noticiasemdestaque.com\/cd\/index.php?rest_route=%2Fwp%2Fv2%2Ftags&post=43565"}],"curies":[{"name":"wp","href":"https:\/\/api.w.org\/{rel}","templated":true}]}}