{"id":43555,"date":"2022-10-22T11:25:36","date_gmt":"2022-10-22T14:25:36","guid":{"rendered":"https:\/\/noticiasemdestaque.com\/cd\/?p=43555"},"modified":"2022-10-22T11:25:36","modified_gmt":"2022-10-22T14:25:36","slug":"confira-a-agenda-dos-candidatos-ao-governo-da-paraiba-neste-sabado-2","status":"publish","type":"post","link":"https:\/\/noticiasemdestaque.com\/cd\/?p=43555","title":{"rendered":"Confira a agenda dos candidatos ao governo da Para\u00edba neste s\u00e1bado"},"content":{"rendered":"<p><a href=\"https:\/\/noticiasemdestaque.com\/cd\/wp-content\/uploads\/2022\/10\/gov2turno_joao_azevedo_pedro_cunha_lima.jpg\"><img fetchpriority=\"high\" decoding=\"async\" class=\"alignnone  wp-image-43556\" src=\"https:\/\/noticiasemdestaque.com\/cd\/wp-content\/uploads\/2022\/10\/gov2turno_joao_azevedo_pedro_cunha_lima-300x200.jpg\" alt=\"\" width=\"864\" height=\"576\" srcset=\"https:\/\/noticiasemdestaque.com\/cd\/wp-content\/uploads\/2022\/10\/gov2turno_joao_azevedo_pedro_cunha_lima-300x200.jpg 300w, https:\/\/noticiasemdestaque.com\/cd\/wp-content\/uploads\/2022\/10\/gov2turno_joao_azevedo_pedro_cunha_lima-768x513.jpg 768w, https:\/\/noticiasemdestaque.com\/cd\/wp-content\/uploads\/2022\/10\/gov2turno_joao_azevedo_pedro_cunha_lima-18x12.jpg 18w, https:\/\/noticiasemdestaque.com\/cd\/wp-content\/uploads\/2022\/10\/gov2turno_joao_azevedo_pedro_cunha_lima.jpg 876w\" sizes=\"(max-width: 864px) 100vw, 864px\" \/><\/a><\/p>\n<p>Na reta final do segundo turno, confira a agenda dos candidatos ao governo da Para\u00edba neste s\u00e1bado (22).\u00a0\u00a0Est\u00e3o concorrendo ao pleito os candidatos Jo\u00e3o Azev\u00eado (PSB) e Pedro Cunha Lima (PSDB). Conforme apurou o ClickPB, neste s\u00e1bado os candidatos realizam caminhadas, com\u00edcios e carreatas em cidades do litoral ao sert\u00e3o.<\/p>\n<p>O ClickPB diariamente publica a agenda dos candidatos que disputam a vaga de chefe do Executivo do Estado da Para\u00edba. O ClickPB disponibiliza o endere\u00e7o de e-mail redacao@clickpb.com.br para receber a agenda di\u00e1ria dos candidatos a governador da Para\u00edba. Confira:<\/p>\n<p><strong>Jo\u00e3o Azev\u00eado (PSB):\u00a0<\/strong><\/p>\n<p>Manh\u00e3<\/p>\n<p>&#8211; 8h40- Caminhada e com\u00edcio em Mamanguape<\/p>\n<p>Concentra\u00e7\u00e3o: Rua Cel Batista Carneiro &#8211; em frente ao Rotary Clube<\/p>\n<p>Tarde<\/p>\n<p>&#8211; 15h40 &#8211; Caminhada no bairro de Cruz das Armas<\/p>\n<p>Concentra\u00e7\u00e3o: Na rua do Campo da Gra\u00e7a<\/p>\n<p>Noite<\/p>\n<p>&#8211; 18h &#8211; Encontro com apoiadores de Luciano e Luc\u00e9lio Cartaxo<\/p>\n<p>Local: Avenida Monsenhor Walfredo Leal, 589, Tambi\u00e1<\/p>\n<p>&#8211; 19h &#8211; Caminhada em Cabedelo<\/p>\n<p>Concentra\u00e7\u00e3o: Rua Primo Jos\u00e9 Viana &#8211; Km 0 da BR 230.<\/p>\n<p><strong>Pedro Cunha Lima (PSDB):\u00a0<\/strong><\/p>\n<p>Manh\u00e3<br \/>\n\u2022 Caminhada em Mangabeira<\/p>\n<p>Tarde<br \/>\n\u2022 Carreata em Patos<\/p>\n<p>Noite<br \/>\n\u2022 Com\u00edcio em Pombal<br \/>\n\u2022 Caminhada e Com\u00edcio em Sousa<\/p>\n<p><strong>Noticias em Destaque<\/strong><\/p>\n<p style=\"text-align: right;\"><em>Fonte: Click PB<\/em><\/p>\n","protected":false},"excerpt":{"rendered":"<p>Na reta final do segundo turno, confira a agenda dos candidatos ao governo da Para\u00edba neste s\u00e1bado (22).\u00a0\u00a0Est\u00e3o concorrendo ao pleito os candidatos Jo\u00e3o Azev\u00eado (PSB) e Pedro Cunha Lima (PSDB). Conforme apurou o ClickPB, neste s\u00e1bado os candidatos realizam caminhadas, com\u00edcios e carreatas em cidades do litoral ao sert\u00e3o. O ClickPB diariamente publica a agenda dos candidatos que disputam a vaga de chefe do Executivo do Estado da Para\u00edba. O ClickPB disponibiliza o endere\u00e7o de e-mail redacao@clickpb.com.br para receber a agenda di\u00e1ria dos candidatos a governador da Para\u00edba. Confira: Jo\u00e3o Azev\u00eado (PSB):\u00a0 Manh\u00e3 &#8211; 8h40- Caminhada e com\u00edcio em Mamanguape Concentra\u00e7\u00e3o: Rua Cel Batista Carneiro &#8211; em frente ao Rotary Clube Tarde &#8211; 15h40 &#8211; Caminhada no bairro de Cruz das Armas Concentra\u00e7\u00e3o: Na rua do Campo da Gra\u00e7a Noite &#8211; 18h &#8211; Encontro com apoiadores de Luciano e Luc\u00e9lio Cartaxo Local: Avenida Monsenhor Walfredo Leal, 589, Tambi\u00e1 &#8211; 19h &#8211; Caminhada em Cabedelo Concentra\u00e7\u00e3o: Rua Primo Jos\u00e9 Viana &#8211; Km 0 da BR 230. Pedro Cunha Lima (PSDB):\u00a0 Manh\u00e3 \u2022 Caminhada em Mangabeira Tarde \u2022 Carreata em Patos Noite \u2022 Com\u00edcio em Pombal \u2022 Caminhada e Com\u00edcio em Sousa Noticias em Destaque Fonte: Click PB<\/p>\n","protected":false},"author":2,"featured_media":43556,"comment_status":"closed","ping_status":"open","sticky":false,"template":"","format":"standard","meta":{"_eb_attr":"","_jetpack_memberships_contains_paid_content":false,"footnotes":""},"categories":[4],"tags":[],"class_list":["post-43555","post","type-post","status-publish","format-standard","has-post-thumbnail","hentry","category-politica"],"yoast_head":"<!-- This site is optimized with the Yoast SEO plugin v26.5 - https:\/\/yoast.com\/wordpress\/plugins\/seo\/ -->\n<title>Confira a agenda dos candidatos ao governo da Para\u00edba neste s\u00e1bado - Not&iacute;cias em Destaque<\/title>\n<meta name=\"robots\" content=\"index, follow, max-snippet:-1, max-image-preview:large, max-video-preview:-1\" \/>\n<link rel=\"canonical\" href=\"https:\/\/noticiasemdestaque.com\/cd\/?p=43555\" \/>\n<meta property=\"og:locale\" content=\"pt_BR\" \/>\n<meta property=\"og:type\" content=\"article\" \/>\n<meta property=\"og:title\" content=\"Confira a agenda dos candidatos ao governo da Para\u00edba neste s\u00e1bado - Not&iacute;cias em Destaque\" \/>\n<meta property=\"og:description\" content=\"Na reta final do segundo turno, confira a agenda dos candidatos ao governo da Para\u00edba neste s\u00e1bado (22).\u00a0\u00a0Est\u00e3o concorrendo ao pleito os candidatos Jo\u00e3o Azev\u00eado (PSB) e Pedro Cunha Lima (PSDB). Conforme apurou o ClickPB, neste s\u00e1bado os candidatos realizam caminhadas, com\u00edcios e carreatas em cidades do litoral ao sert\u00e3o. O ClickPB diariamente publica a agenda dos candidatos que disputam a vaga de chefe do Executivo do Estado da Para\u00edba. O ClickPB disponibiliza o endere\u00e7o de e-mail redacao@clickpb.com.br para receber a agenda di\u00e1ria dos candidatos a governador da Para\u00edba. Confira: Jo\u00e3o Azev\u00eado (PSB):\u00a0 Manh\u00e3 &#8211; 8h40- Caminhada e com\u00edcio em Mamanguape Concentra\u00e7\u00e3o: Rua Cel Batista Carneiro &#8211; em frente ao Rotary Clube Tarde &#8211; 15h40 &#8211; Caminhada no bairro de Cruz das Armas Concentra\u00e7\u00e3o: Na rua do Campo da Gra\u00e7a Noite &#8211; 18h &#8211; Encontro com apoiadores de Luciano e Luc\u00e9lio Cartaxo Local: Avenida Monsenhor Walfredo Leal, 589, Tambi\u00e1 &#8211; 19h &#8211; Caminhada em Cabedelo Concentra\u00e7\u00e3o: Rua Primo Jos\u00e9 Viana &#8211; Km 0 da BR 230. Pedro Cunha Lima (PSDB):\u00a0 Manh\u00e3 \u2022 Caminhada em Mangabeira Tarde \u2022 Carreata em Patos Noite \u2022 Com\u00edcio em Pombal \u2022 Caminhada e Com\u00edcio em Sousa Noticias em Destaque Fonte: Click PB\" \/>\n<meta property=\"og:url\" content=\"https:\/\/noticiasemdestaque.com\/cd\/?p=43555\" \/>\n<meta property=\"og:site_name\" content=\"Not&iacute;cias em Destaque\" \/>\n<meta property=\"article:published_time\" content=\"2022-10-22T14:25:36+00:00\" \/>\n<meta property=\"og:image\" content=\"https:\/\/noticiasemdestaque.com\/cd\/wp-content\/uploads\/2022\/10\/gov2turno_joao_azevedo_pedro_cunha_lima.jpg\" \/>\n\t<meta property=\"og:image:width\" content=\"876\" \/>\n\t<meta property=\"og:image:height\" content=\"585\" \/>\n\t<meta property=\"og:image:type\" content=\"image\/jpeg\" \/>\n<meta name=\"author\" content=\"Not\u00edcias em Destaque\" \/>\n<meta name=\"twitter:card\" content=\"summary_large_image\" \/>\n<meta name=\"twitter:label1\" content=\"Escrito por\" \/>\n\t<meta name=\"twitter:data1\" content=\"Not\u00edcias em Destaque\" \/>\n\t<meta name=\"twitter:label2\" content=\"Est. tempo de leitura\" \/>\n\t<meta name=\"twitter:data2\" content=\"2 minutos\" \/>\n<script type=\"application\/ld+json\" class=\"yoast-schema-graph\">{\"@context\":\"https:\/\/schema.org\",\"@graph\":[{\"@type\":\"Article\",\"@id\":\"https:\/\/noticiasemdestaque.com\/cd\/?p=43555#article\",\"isPartOf\":{\"@id\":\"https:\/\/noticiasemdestaque.com\/cd\/?p=43555\"},\"author\":{\"name\":\"Not\u00edcias em Destaque\",\"@id\":\"https:\/\/noticiasemdestaque.com\/cd\/#\/schema\/person\/47f7d4f55eec17c6b2ca036c5500f6ce\"},\"headline\":\"Confira a agenda dos candidatos ao governo da Para\u00edba neste s\u00e1bado\",\"datePublished\":\"2022-10-22T14:25:36+00:00\",\"mainEntityOfPage\":{\"@id\":\"https:\/\/noticiasemdestaque.com\/cd\/?p=43555\"},\"wordCount\":229,\"publisher\":{\"@id\":\"https:\/\/noticiasemdestaque.com\/cd\/#organization\"},\"image\":{\"@id\":\"https:\/\/noticiasemdestaque.com\/cd\/?p=43555#primaryimage\"},\"thumbnailUrl\":\"https:\/\/noticiasemdestaque.com\/cd\/wp-content\/uploads\/2022\/10\/gov2turno_joao_azevedo_pedro_cunha_lima.jpg\",\"articleSection\":[\"Pol\u00edtica\"],\"inLanguage\":\"pt-BR\"},{\"@type\":\"WebPage\",\"@id\":\"https:\/\/noticiasemdestaque.com\/cd\/?p=43555\",\"url\":\"https:\/\/noticiasemdestaque.com\/cd\/?p=43555\",\"name\":\"Confira a agenda dos candidatos ao governo da Para\u00edba neste s\u00e1bado - Not&iacute;cias em Destaque\",\"isPartOf\":{\"@id\":\"https:\/\/noticiasemdestaque.com\/cd\/#website\"},\"primaryImageOfPage\":{\"@id\":\"https:\/\/noticiasemdestaque.com\/cd\/?p=43555#primaryimage\"},\"image\":{\"@id\":\"https:\/\/noticiasemdestaque.com\/cd\/?p=43555#primaryimage\"},\"thumbnailUrl\":\"https:\/\/noticiasemdestaque.com\/cd\/wp-content\/uploads\/2022\/10\/gov2turno_joao_azevedo_pedro_cunha_lima.jpg\",\"datePublished\":\"2022-10-22T14:25:36+00:00\",\"breadcrumb\":{\"@id\":\"https:\/\/noticiasemdestaque.com\/cd\/?p=43555#breadcrumb\"},\"inLanguage\":\"pt-BR\",\"potentialAction\":[{\"@type\":\"ReadAction\",\"target\":[\"https:\/\/noticiasemdestaque.com\/cd\/?p=43555\"]}]},{\"@type\":\"ImageObject\",\"inLanguage\":\"pt-BR\",\"@id\":\"https:\/\/noticiasemdestaque.com\/cd\/?p=43555#primaryimage\",\"url\":\"https:\/\/noticiasemdestaque.com\/cd\/wp-content\/uploads\/2022\/10\/gov2turno_joao_azevedo_pedro_cunha_lima.jpg\",\"contentUrl\":\"https:\/\/noticiasemdestaque.com\/cd\/wp-content\/uploads\/2022\/10\/gov2turno_joao_azevedo_pedro_cunha_lima.jpg\",\"width\":876,\"height\":585},{\"@type\":\"BreadcrumbList\",\"@id\":\"https:\/\/noticiasemdestaque.com\/cd\/?p=43555#breadcrumb\",\"itemListElement\":[{\"@type\":\"ListItem\",\"position\":1,\"name\":\"In\u00edcio\",\"item\":\"https:\/\/noticiasemdestaque.com\/cd\/\"},{\"@type\":\"ListItem\",\"position\":2,\"name\":\"Confira a agenda dos candidatos ao governo da Para\u00edba neste s\u00e1bado\"}]},{\"@type\":\"WebSite\",\"@id\":\"https:\/\/noticiasemdestaque.com\/cd\/#website\",\"url\":\"https:\/\/noticiasemdestaque.com\/cd\/\",\"name\":\"Not&iacute;cias em Destaque\",\"description\":\"\",\"publisher\":{\"@id\":\"https:\/\/noticiasemdestaque.com\/cd\/#organization\"},\"potentialAction\":[{\"@type\":\"SearchAction\",\"target\":{\"@type\":\"EntryPoint\",\"urlTemplate\":\"https:\/\/noticiasemdestaque.com\/cd\/?s={search_term_string}\"},\"query-input\":{\"@type\":\"PropertyValueSpecification\",\"valueRequired\":true,\"valueName\":\"search_term_string\"}}],\"inLanguage\":\"pt-BR\"},{\"@type\":\"Organization\",\"@id\":\"https:\/\/noticiasemdestaque.com\/cd\/#organization\",\"name\":\"Not\u00edcias em Destaque\",\"url\":\"https:\/\/noticiasemdestaque.com\/cd\/\",\"logo\":{\"@type\":\"ImageObject\",\"inLanguage\":\"pt-BR\",\"@id\":\"https:\/\/noticiasemdestaque.com\/cd\/#\/schema\/logo\/image\/\",\"url\":\"https:\/\/noticiasemdestaque.com\/cd\/wp-content\/uploads\/2022\/05\/imagem-base-noticiasemdestaque.png\",\"contentUrl\":\"https:\/\/noticiasemdestaque.com\/cd\/wp-content\/uploads\/2022\/05\/imagem-base-noticiasemdestaque.png\",\"width\":1200,\"height\":630,\"caption\":\"Not\u00edcias em Destaque\"},\"image\":{\"@id\":\"https:\/\/noticiasemdestaque.com\/cd\/#\/schema\/logo\/image\/\"}},{\"@type\":\"Person\",\"@id\":\"https:\/\/noticiasemdestaque.com\/cd\/#\/schema\/person\/47f7d4f55eec17c6b2ca036c5500f6ce\",\"name\":\"Not\u00edcias em Destaque\",\"url\":\"https:\/\/noticiasemdestaque.com\/cd\/?author=2\"}]}<\/script>\n<!-- \/ Yoast SEO plugin. -->","yoast_head_json":{"title":"Confira a agenda dos candidatos ao governo da Para\u00edba neste s\u00e1bado - Not&iacute;cias em Destaque","robots":{"index":"index","follow":"follow","max-snippet":"max-snippet:-1","max-image-preview":"max-image-preview:large","max-video-preview":"max-video-preview:-1"},"canonical":"https:\/\/noticiasemdestaque.com\/cd\/?p=43555","og_locale":"pt_BR","og_type":"article","og_title":"Confira a agenda dos candidatos ao governo da Para\u00edba neste s\u00e1bado - Not&iacute;cias em Destaque","og_description":"Na reta final do segundo turno, confira a agenda dos candidatos ao governo da Para\u00edba neste s\u00e1bado (22).\u00a0\u00a0Est\u00e3o concorrendo ao pleito os candidatos Jo\u00e3o Azev\u00eado (PSB) e Pedro Cunha Lima (PSDB). Conforme apurou o ClickPB, neste s\u00e1bado os candidatos realizam caminhadas, com\u00edcios e carreatas em cidades do litoral ao sert\u00e3o. O ClickPB diariamente publica a agenda dos candidatos que disputam a vaga de chefe do Executivo do Estado da Para\u00edba. O ClickPB disponibiliza o endere\u00e7o de e-mail redacao@clickpb.com.br para receber a agenda di\u00e1ria dos candidatos a governador da Para\u00edba. Confira: Jo\u00e3o Azev\u00eado (PSB):\u00a0 Manh\u00e3 &#8211; 8h40- Caminhada e com\u00edcio em Mamanguape Concentra\u00e7\u00e3o: Rua Cel Batista Carneiro &#8211; em frente ao Rotary Clube Tarde &#8211; 15h40 &#8211; Caminhada no bairro de Cruz das Armas Concentra\u00e7\u00e3o: Na rua do Campo da Gra\u00e7a Noite &#8211; 18h &#8211; Encontro com apoiadores de Luciano e Luc\u00e9lio Cartaxo Local: Avenida Monsenhor Walfredo Leal, 589, Tambi\u00e1 &#8211; 19h &#8211; Caminhada em Cabedelo Concentra\u00e7\u00e3o: Rua Primo Jos\u00e9 Viana &#8211; Km 0 da BR 230. Pedro Cunha Lima (PSDB):\u00a0 Manh\u00e3 \u2022 Caminhada em Mangabeira Tarde \u2022 Carreata em Patos Noite \u2022 Com\u00edcio em Pombal \u2022 Caminhada e Com\u00edcio em Sousa Noticias em Destaque Fonte: Click PB","og_url":"https:\/\/noticiasemdestaque.com\/cd\/?p=43555","og_site_name":"Not&iacute;cias em Destaque","article_published_time":"2022-10-22T14:25:36+00:00","og_image":[{"width":876,"height":585,"url":"https:\/\/noticiasemdestaque.com\/cd\/wp-content\/uploads\/2022\/10\/gov2turno_joao_azevedo_pedro_cunha_lima.jpg","type":"image\/jpeg"}],"author":"Not\u00edcias em Destaque","twitter_card":"summary_large_image","twitter_misc":{"Escrito por":"Not\u00edcias em Destaque","Est. tempo de leitura":"2 minutos"},"schema":{"@context":"https:\/\/schema.org","@graph":[{"@type":"Article","@id":"https:\/\/noticiasemdestaque.com\/cd\/?p=43555#article","isPartOf":{"@id":"https:\/\/noticiasemdestaque.com\/cd\/?p=43555"},"author":{"name":"Not\u00edcias em Destaque","@id":"https:\/\/noticiasemdestaque.com\/cd\/#\/schema\/person\/47f7d4f55eec17c6b2ca036c5500f6ce"},"headline":"Confira a agenda dos candidatos ao governo da Para\u00edba neste s\u00e1bado","datePublished":"2022-10-22T14:25:36+00:00","mainEntityOfPage":{"@id":"https:\/\/noticiasemdestaque.com\/cd\/?p=43555"},"wordCount":229,"publisher":{"@id":"https:\/\/noticiasemdestaque.com\/cd\/#organization"},"image":{"@id":"https:\/\/noticiasemdestaque.com\/cd\/?p=43555#primaryimage"},"thumbnailUrl":"https:\/\/noticiasemdestaque.com\/cd\/wp-content\/uploads\/2022\/10\/gov2turno_joao_azevedo_pedro_cunha_lima.jpg","articleSection":["Pol\u00edtica"],"inLanguage":"pt-BR"},{"@type":"WebPage","@id":"https:\/\/noticiasemdestaque.com\/cd\/?p=43555","url":"https:\/\/noticiasemdestaque.com\/cd\/?p=43555","name":"Confira a agenda dos candidatos ao governo da Para\u00edba neste s\u00e1bado - Not&iacute;cias em Destaque","isPartOf":{"@id":"https:\/\/noticiasemdestaque.com\/cd\/#website"},"primaryImageOfPage":{"@id":"https:\/\/noticiasemdestaque.com\/cd\/?p=43555#primaryimage"},"image":{"@id":"https:\/\/noticiasemdestaque.com\/cd\/?p=43555#primaryimage"},"thumbnailUrl":"https:\/\/noticiasemdestaque.com\/cd\/wp-content\/uploads\/2022\/10\/gov2turno_joao_azevedo_pedro_cunha_lima.jpg","datePublished":"2022-10-22T14:25:36+00:00","breadcrumb":{"@id":"https:\/\/noticiasemdestaque.com\/cd\/?p=43555#breadcrumb"},"inLanguage":"pt-BR","potentialAction":[{"@type":"ReadAction","target":["https:\/\/noticiasemdestaque.com\/cd\/?p=43555"]}]},{"@type":"ImageObject","inLanguage":"pt-BR","@id":"https:\/\/noticiasemdestaque.com\/cd\/?p=43555#primaryimage","url":"https:\/\/noticiasemdestaque.com\/cd\/wp-content\/uploads\/2022\/10\/gov2turno_joao_azevedo_pedro_cunha_lima.jpg","contentUrl":"https:\/\/noticiasemdestaque.com\/cd\/wp-content\/uploads\/2022\/10\/gov2turno_joao_azevedo_pedro_cunha_lima.jpg","width":876,"height":585},{"@type":"BreadcrumbList","@id":"https:\/\/noticiasemdestaque.com\/cd\/?p=43555#breadcrumb","itemListElement":[{"@type":"ListItem","position":1,"name":"In\u00edcio","item":"https:\/\/noticiasemdestaque.com\/cd\/"},{"@type":"ListItem","position":2,"name":"Confira a agenda dos candidatos ao governo da Para\u00edba neste s\u00e1bado"}]},{"@type":"WebSite","@id":"https:\/\/noticiasemdestaque.com\/cd\/#website","url":"https:\/\/noticiasemdestaque.com\/cd\/","name":"Not&iacute;cias em Destaque","description":"","publisher":{"@id":"https:\/\/noticiasemdestaque.com\/cd\/#organization"},"potentialAction":[{"@type":"SearchAction","target":{"@type":"EntryPoint","urlTemplate":"https:\/\/noticiasemdestaque.com\/cd\/?s={search_term_string}"},"query-input":{"@type":"PropertyValueSpecification","valueRequired":true,"valueName":"search_term_string"}}],"inLanguage":"pt-BR"},{"@type":"Organization","@id":"https:\/\/noticiasemdestaque.com\/cd\/#organization","name":"Not\u00edcias em Destaque","url":"https:\/\/noticiasemdestaque.com\/cd\/","logo":{"@type":"ImageObject","inLanguage":"pt-BR","@id":"https:\/\/noticiasemdestaque.com\/cd\/#\/schema\/logo\/image\/","url":"https:\/\/noticiasemdestaque.com\/cd\/wp-content\/uploads\/2022\/05\/imagem-base-noticiasemdestaque.png","contentUrl":"https:\/\/noticiasemdestaque.com\/cd\/wp-content\/uploads\/2022\/05\/imagem-base-noticiasemdestaque.png","width":1200,"height":630,"caption":"Not\u00edcias em Destaque"},"image":{"@id":"https:\/\/noticiasemdestaque.com\/cd\/#\/schema\/logo\/image\/"}},{"@type":"Person","@id":"https:\/\/noticiasemdestaque.com\/cd\/#\/schema\/person\/47f7d4f55eec17c6b2ca036c5500f6ce","name":"Not\u00edcias em Destaque","url":"https:\/\/noticiasemdestaque.com\/cd\/?author=2"}]}},"jetpack_featured_media_url":"https:\/\/noticiasemdestaque.com\/cd\/wp-content\/uploads\/2022\/10\/gov2turno_joao_azevedo_pedro_cunha_lima.jpg","jetpack_sharing_enabled":true,"_links":{"self":[{"href":"https:\/\/noticiasemdestaque.com\/cd\/index.php?rest_route=\/wp\/v2\/posts\/43555","targetHints":{"allow":["GET"]}}],"collection":[{"href":"https:\/\/noticiasemdestaque.com\/cd\/index.php?rest_route=\/wp\/v2\/posts"}],"about":[{"href":"https:\/\/noticiasemdestaque.com\/cd\/index.php?rest_route=\/wp\/v2\/types\/post"}],"author":[{"embeddable":true,"href":"https:\/\/noticiasemdestaque.com\/cd\/index.php?rest_route=\/wp\/v2\/users\/2"}],"replies":[{"embeddable":true,"href":"https:\/\/noticiasemdestaque.com\/cd\/index.php?rest_route=%2Fwp%2Fv2%2Fcomments&post=43555"}],"version-history":[{"count":1,"href":"https:\/\/noticiasemdestaque.com\/cd\/index.php?rest_route=\/wp\/v2\/posts\/43555\/revisions"}],"predecessor-version":[{"id":43557,"href":"https:\/\/noticiasemdestaque.com\/cd\/index.php?rest_route=\/wp\/v2\/posts\/43555\/revisions\/43557"}],"wp:featuredmedia":[{"embeddable":true,"href":"https:\/\/noticiasemdestaque.com\/cd\/index.php?rest_route=\/wp\/v2\/media\/43556"}],"wp:attachment":[{"href":"https:\/\/noticiasemdestaque.com\/cd\/index.php?rest_route=%2Fwp%2Fv2%2Fmedia&parent=43555"}],"wp:term":[{"taxonomy":"category","embeddable":true,"href":"https:\/\/noticiasemdestaque.com\/cd\/index.php?rest_route=%2Fwp%2Fv2%2Fcategories&post=43555"},{"taxonomy":"post_tag","embeddable":true,"href":"https:\/\/noticiasemdestaque.com\/cd\/index.php?rest_route=%2Fwp%2Fv2%2Ftags&post=43555"}],"curies":[{"name":"wp","href":"https:\/\/api.w.org\/{rel}","templated":true}]}}